{"id":387745,"date":"2019-06-17T08:00:18","date_gmt":"2019-06-17T11:00:18","guid":{"rendered":"https:\/\/www.estrategiaconcursos.com.br\/blog\/?p=387745"},"modified":"2019-06-15T08:41:20","modified_gmt":"2019-06-15T11:41:20","slug":"concursos-abertos-17-06-19","status":"publish","type":"post","link":"https:\/\/www.estrategiaconcursos.com.br\/blog\/concursos-abertos-17-06-19\/","title":{"rendered":"Concursos Abertos: confira os editais que foram publicados na \u00faltima semana"},"content":{"rendered":"\n<p>Nove editais foram publicados nos \u00faltimos dias e para que voc\u00ea possa ter um quadro geral de todas as oportunidades com inscri\u00e7\u00f5es iniciadas e editais publicados, fizemos um resumo com os\u00a0<strong>Concursos Abertos<\/strong>:<\/p>\n\n\n\n<div class=\"wp-block-image\"><figure class=\"aligncenter is-resized\"><img loading=\"lazy\" decoding=\"async\" src=\"https:\/\/dhg1h5j42swfq.cloudfront.net\/2018\/03\/06160425\/Coruja.png\" alt=\"concurso p\u00fablico\" class=\"wp-image-109544\" width=\"168\" height=\"119\" srcset=\"https:\/\/dhg1h5j42swfq.cloudfront.net\/2018\/03\/06160425\/Coruja.png 3508w, https:\/\/dhg1h5j42swfq.cloudfront.net\/2018\/03\/06160425\/Coruja.png 300w, https:\/\/dhg1h5j42swfq.cloudfront.net\/2018\/03\/06160425\/Coruja.png 768w, https:\/\/dhg1h5j42swfq.cloudfront.net\/2018\/03\/06160425\/Coruja.png 1024w, https:\/\/dhg1h5j42swfq.cloudfront.net\/2018\/03\/06160425\/Coruja.png 610w\" sizes=\"auto, (max-width: 168px) 100vw, 168px\" \/><\/figure><\/div>\n\n\n\n<h2 class=\"wp-block-heading\">C\u00e2mara de Mau\u00e1 (SP)<\/h2>\n\n\n\n<p>O concurso p\u00fablico da C\u00e2mara Municipal de Mau\u00e1 oferta <em><strong>46 vagas<\/strong><\/em> para cargos de n\u00edvel fundamental, m\u00e9dio e superior. A organiza\u00e7\u00e3o do certame ficou por conta da Funda\u00e7\u00e3o Vunesp.<\/p>\n\n\n\n<p style=\"text-align:center\" class=\"has-background has-very-light-gray-background-color\"><strong>MAIS INFORMA\u00c7\u00d5ES<\/strong>:&nbsp;<strong><span style=\"text-decoration: underline;\"><a href=\"https:\/\/www.estrategiaconcursos.com.br\/blog\/concurso-camara-municipal-de-maua\/\" target=\"_blank\" rel=\"noreferrer noopener\" aria-label=\"Concurso C\u00e2mara de Mau\u00e1 (abre numa nova aba)\">Concurso C\u00e2mara de Mau\u00e1<\/a><\/span><\/strong><\/p>\n\n\n\n<h2 class=\"wp-block-heading\">Guarda Municipal de Itanha\u00e9m (SP)<\/h2>\n\n\n\n<p>O concurso da Guarda Municipal de Itanha\u00e9m, no litoral paulista, oferta <strong><em>50 vagas<\/em><\/strong>, sendo 05 para candidatas do sexo feminino e 45 para candidatos do sexo masculino. A organiza\u00e7\u00e3o tamb\u00e9m \u00e9 pela Funda\u00e7\u00e3o Vunesp.<\/p>\n\n\n\n<p style=\"text-align:center\" class=\"has-background has-very-light-gray-background-color\"><strong>MAIS INFORMA\u00c7\u00d5ES<\/strong>:&nbsp;<strong><span style=\"text-decoration: underline;\"><a href=\"https:\/\/www.estrategiaconcursos.com.br\/blog\/concurso-guarda-municipal-de-itanhaem\/\" target=\"_blank\" rel=\"noreferrer noopener\" aria-label=\"Concurso Guarda Municipal Itanha\u00e9m (abre numa nova aba)\">Concurso Guarda Municipal Itanha\u00e9m<\/a><\/span><\/strong><\/p>\n\n\n\n<h2 class=\"wp-block-heading\">Prefeitura de Bragan\u00e7a Paulista<\/h2>\n\n\n\n<p>O edital para o novo concurso da Prefeitura do Munic\u00edpio de Bragan\u00e7a Paulista oferta <strong><em>84 vagas <\/em><\/strong>em diversos cargos de n\u00edvel fundamental e superior, com remunera\u00e7\u00f5es iniciais de R$ 1.314,96 at\u00e9 R$ 5.173,99.<\/p>\n\n\n\n<p style=\"text-align:center\" class=\"has-background has-very-light-gray-background-color\"><strong>MAIS INFORMA\u00c7\u00d5ES<\/strong>:&nbsp;<strong><span style=\"text-decoration: underline;\"><a href=\"https:\/\/www.estrategiaconcursos.com.br\/blog\/concurso-prefeitura-de-braganca-paulista\/\" target=\"_blank\" rel=\"noreferrer noopener\" aria-label=\"Concurso Prefeitura de Bragan\u00e7a Paulista (abre numa nova aba)\">Concurso Prefeitura de Bragan\u00e7a Paulista<\/a><\/span><\/strong><\/p>\n\n\n\n<h2 class=\"wp-block-heading\">Cons\u00f3rcio Intermunicipal de Sa\u00fade &#8220;8 de abril&#8221; (SP)<\/h2>\n\n\n\n<p>O Cons\u00f3rcio Intermunicipal de Sa\u00fade \u201c8 de abril\u201d publicou edital com oferta de 69 vagas para diversos cargos como&nbsp;T\u00e9cnico de Enfermagem, Biom\u00e9dico, Contador, Psic\u00f3logo, M\u00e9dico Pediatra&nbsp;entre outros. As vagas s\u00e3o destinadas para atuar na regi\u00e3o de Mogi Gua\u00e7u, Mogi Mirim, Itapira, Estiva Gerbi ou Conchal. <\/p>\n\n\n\n<p style=\"text-align:center\" class=\"has-background has-very-light-gray-background-color\"><strong>MAIS INFORMA\u00c7\u00d5ES<\/strong>:&nbsp;<strong><span style=\"text-decoration: underline;\"><a href=\"https:\/\/www.estrategiaconcursos.com.br\/blog\/concurso-cisa-08-de-abril\/\" target=\"_blank\" rel=\"noreferrer noopener\" aria-label=\"Concurso CISA 8 de Abril (abre numa nova aba)\">Concurso CISA 8 de Abril<\/a><\/span><\/strong><\/p>\n\n\n\n<h2 class=\"wp-block-heading\">SESAU Campo Grande (MS)<\/h2>\n\n\n\n<p>A Secretaria Municipal de Sa\u00fade de Campo Grande (MS) publicou o edital de seu concurso p\u00fablico com&nbsp;<em><strong>633 vagas<\/strong><\/em>&nbsp;distribu\u00eddas entre cargos de N\u00edvel Fundamental, M\u00e9dio e Superior. O certame ser\u00e1 conduzido pelo Instituto Nacional de Sele\u00e7\u00f5es e Concursos (Selecon).<\/p>\n\n\n\n<p style=\"text-align:center\" class=\"has-background has-very-light-gray-background-color\"><strong>MAIS INFORMA\u00c7\u00d5ES<\/strong>:&nbsp;<strong><span style=\"text-decoration: underline;\"><a href=\"https:\/\/www.estrategiaconcursos.com.br\/blog\/concurso-sesau-campo-grande\/\" target=\"_blank\" rel=\"noreferrer noopener\" aria-label=\"Concurso SESAU Campo Grande (abre numa nova aba)\">Concurso SESAU Campo Grande<\/a><\/span><\/strong><\/p>\n\n\n\n<h2 class=\"wp-block-heading\">CRF RO<\/h2>\n\n\n\n<p>O concurso do Conselho Regional de Farm\u00e1cias de Rond\u00f4nia \u00e9 organizado pelo IADES e oferta<strong><em> uma vaga imediata mais 10 para cadastro de reserva<\/em><\/strong> para o cargo de Contador. O sal\u00e1rio base do cargo \u00e9 de R$ 4.202,80 conforme o edital. <\/p>\n\n\n\n<p style=\"text-align:center\" class=\"has-background has-very-light-gray-background-color\"><strong>MAIS INFORMA\u00c7\u00d5ES<\/strong>:&nbsp;<strong><span style=\"text-decoration: underline;\"><a href=\"https:\/\/www.estrategiaconcursos.com.br\/blog\/concurso-crf-ro\/\" target=\"_blank\" rel=\"noreferrer noopener\" aria-label=\"Concurso CRF RO (abre numa nova aba)\">Concurso CRF RO<\/a><\/span><\/strong><\/p>\n\n\n\n<h2 class=\"wp-block-heading\">Prefeitura de Araguari (MG)<\/h2>\n\n\n\n<p>Foi publicado o edital do&nbsp;concurso da Prefeitura de Araguari, que oferta&nbsp;<strong><em>90 vagas<\/em><\/strong>&nbsp;para diversos cargos com forma\u00e7\u00e3o em n\u00edvel&nbsp;m\u00e9dio e superior. A banca organizadora que realizar\u00e1 o concurso \u00e9 o Instituto Assistencial de Desenvolvimento Humano, Educacional e Desportivo,&nbsp;IADHED.<\/p>\n\n\n\n<p style=\"text-align:center\" class=\"has-background has-very-light-gray-background-color\"><strong>MAIS INFORMA\u00c7\u00d5ES<\/strong>:&nbsp;<strong><span style=\"text-decoration: underline;\"><a href=\"https:\/\/www.estrategiaconcursos.com.br\/blog\/concurso-prefeitura-de-araguari\/\" target=\"_blank\" rel=\"noreferrer noopener\" aria-label=\"Concurso Prefeitura de Araguari (abre numa nova aba)\">Concurso Prefeitura de Araguari<\/a><\/span><\/strong><\/p>\n\n\n\n<h2 class=\"wp-block-heading\">CRMV PI<\/h2>\n\n\n\n<p>Publicado na \u00faltima sexta-feira, o concurso do Conselho Regional de Medicina Veterin\u00e1ria do Estado do Piau\u00ed oferta <em><strong>04 vagas<\/strong><\/em> para\u00a0os cargos de T\u00e9cnico Administrativo, T\u00e9cnico em Fiscaliza\u00e7\u00e3o e T\u00e9cnico Cont\u00e1bil. <\/p>\n\n\n\n<p style=\"text-align:center\" class=\"has-background has-very-light-gray-background-color\"><strong>MAIS INFORMA\u00c7\u00d5ES<\/strong>:\u00a0<strong><a rel=\"noreferrer noopener\" aria-label=\"Concurso CRMV PI (abre numa nova aba)\" href=\"https:\/\/www.estrategiaconcursos.com.br\/blog\/concurso-crmv-saiu-edital\/\" target=\"_blank\"><span style=\"text-decoration: underline;\">Concurso CRMV PI<\/span><\/a><\/strong><\/p>\n\n\n\n<h2 class=\"wp-block-heading\">Bombeiros PB<\/h2>\n\n\n\n<p>O corpo de Bombeiros da Para\u00edba publicou edital com <strong><em>10 vagas<\/em><\/strong>\u00a0para ingresso no Quadro de Oficiais Bombeiros Militar, sendo as vagas destinadas \u00e0 livre concorr\u00eancia. A sele\u00e7\u00e3o para o concurso ser\u00e1 feita atrav\u00e9s do ENEM 2019.<\/p>\n\n\n\n<p style=\"text-align:center\" class=\"has-background has-very-light-gray-background-color\"><strong>MAIS INFORMA\u00c7\u00d5ES: <span style=\"text-decoration: underline;\"><a href=\"https:\/\/www.estrategiaconcursos.com.br\/blog\/concurso-bombeiro-pb\/\" target=\"_blank\" rel=\"noreferrer noopener\" aria-label=\"Bombeiros PB (abre numa nova aba)\">Bombeiros PB<\/a><\/span><\/strong><\/p>\n\n\n\n<p><br \/><em>Para conferir todos os concursos abertos com mais detalhes e os principais editais previstos para 2019, acesse os links abaixo e estude com Estrat\u00e9gia.<\/em><\/p>\n\n\n\n<p style=\"font-size:25px;text-align:center\" class=\"has-background has-very-light-gray-background-color\"><strong><em><a href=\"https:\/\/www.estrategiaconcursos.com.br\/blog\/concursos-abertos\/\" target=\"_blank\" rel=\"noreferrer noopener\">Concursos Abertos<\/a><\/em><\/strong><br \/><br \/><strong><em><a href=\"https:\/\/www.estrategiaconcursos.com.br\/blog\/concursos-2019\/\" target=\"_blank\" rel=\"noreferrer noopener\">Concursos 2019<\/a><\/em><\/strong><\/p>\n\n\n\n<p style=\"text-align:center\"><br \/><em><strong>Assinatura Anual Ilimitada*<\/strong><\/em><\/p>\n\n\n\n<p style=\"text-align:center\"><em>Prepare-se com o melhor material e com quem mais aprova em Concursos P\u00fablicos em todo o pa\u00eds. Assine agora a nossa Assinatura Anual e tenha acesso ilimitado* a todos os nossos cursos.<\/em><\/p>\n\n\n\n<p style=\"text-align:center\" class=\"has-background has-light-green-cyan-background-color\"><strong>ASSINE AGORA<\/strong>&nbsp;\u2013&nbsp;<a href=\"https:\/\/www.estrategiaconcursos.com.br\/assinaturas\" target=\"_blank\" rel=\"noreferrer noopener\"><strong>Assinatura Ilimitada<\/strong><\/a><\/p>\n\n\n\n<p><br \/><em>Ascom Estrat\u00e9gia<br \/><\/em>ascomestrategia@gmail.com<\/p>\n","protected":false},"excerpt":{"rendered":"<p>Nove editais foram publicados nos \u00faltimos dias e para que voc\u00ea possa ter um quadro geral de todas as oportunidades com inscri\u00e7\u00f5es iniciadas e editais publicados, fizemos um resumo com os\u00a0Concursos Abertos: C\u00e2mara de Mau\u00e1 (SP) O concurso p\u00fablico da C\u00e2mara Municipal de Mau\u00e1 oferta 46 vagas para cargos de n\u00edvel fundamental, m\u00e9dio e superior. [&hellip;]<\/p>\n","protected":false},"author":188,"featured_media":364742,"comment_status":"open","ping_status":"closed","sticky":false,"template":"","format":"standard","meta":{"post_tipo":"article","footnotes":""},"categories":[1],"tags":[],"tax_estado":[],"class_list":["post-387745","post","type-post","status-publish","format-standard","has-post-thumbnail","hentry","category-cursos-e-concursos"],"acf":[],"yoast_head":"<!-- This site is optimized with the Yoast SEO Premium plugin v27.2 (Yoast SEO v27.2) - https:\/\/yoast.com\/product\/yoast-seo-premium-wordpress\/ -->\n<title>Concursos Abertos: confira os editais que foram publicados na \u00faltima semana<\/title>\n<meta name=\"robots\" content=\"index, follow, max-snippet:-1, max-image-preview:large, max-video-preview:-1\" \/>\n<link rel=\"canonical\" href=\"https:\/\/www.estrategiaconcursos.com.br\/blog\/concursos-abertos-17-06-19\/\" \/>\n<meta property=\"og:locale\" content=\"pt_BR\" \/>\n<meta property=\"og:type\" content=\"article\" \/>\n<meta property=\"og:title\" content=\"Concursos Abertos: confira os editais que foram publicados na \u00faltima semana\" \/>\n<meta property=\"og:description\" content=\"Nove editais foram publicados nos \u00faltimos dias e para que voc\u00ea possa ter um quadro geral de todas as oportunidades com inscri\u00e7\u00f5es iniciadas e editais publicados, fizemos um resumo com os\u00a0Concursos Abertos: C\u00e2mara de Mau\u00e1 (SP) O concurso p\u00fablico da C\u00e2mara Municipal de Mau\u00e1 oferta 46 vagas para cargos de n\u00edvel fundamental, m\u00e9dio e superior. [&hellip;]\" \/>\n<meta property=\"og:url\" content=\"https:\/\/www.estrategiaconcursos.com.br\/blog\/concursos-abertos-17-06-19\/\" \/>\n<meta property=\"og:site_name\" content=\"Estrat\u00e9gia Concursos\" \/>\n<meta property=\"article:published_time\" content=\"2019-06-17T11:00:18+00:00\" \/>\n<meta property=\"og:image\" content=\"https:\/\/dhg1h5j42swfq.cloudfront.net\/2019\/04\/20085844\/Concursos-abertos2-e1555761535855.jpg\" \/>\n\t<meta property=\"og:image:width\" content=\"400\" \/>\n\t<meta property=\"og:image:height\" content=\"209\" \/>\n\t<meta property=\"og:image:type\" content=\"image\/jpeg\" \/>\n<meta name=\"author\" content=\"Tha\u00eds Mendes (Jornalista)\" \/>\n<meta name=\"twitter:card\" content=\"summary_large_image\" \/>\n<meta name=\"twitter:creator\" content=\"@EstratConcursos\" \/>\n<meta name=\"twitter:site\" content=\"@EstratConcursos\" \/>\n<meta name=\"twitter:label1\" content=\"Escrito por\" \/>\n\t<meta name=\"twitter:data1\" content=\"Tha\u00eds Mendes (Jornalista)\" \/>\n\t<meta name=\"twitter:label2\" content=\"Est. tempo de leitura\" \/>\n\t<meta name=\"twitter:data2\" content=\"3 minutos\" \/>\n<script type=\"application\/ld+json\" class=\"yoast-schema-graph\">{\"@context\":\"https:\/\/schema.org\",\"@graph\":[{\"@type\":\"NewsArticle\",\"@id\":\"https:\/\/www.estrategiaconcursos.com.br\/blog\/concursos-abertos-17-06-19\/#article\",\"isPartOf\":{\"@id\":\"https:\/\/www.estrategiaconcursos.com.br\/blog\/concursos-abertos-17-06-19\/\"},\"author\":{\"name\":\"Tha\u00eds Mendes (Jornalista)\",\"@id\":\"https:\/\/www.estrategiaconcursos.com.br\/blog\/#\/schema\/person\/b69f846fcb6f09c1b651569e30b6e865\"},\"headline\":\"Concursos Abertos: confira os editais que foram publicados na \u00faltima semana\",\"datePublished\":\"2019-06-17T11:00:18+00:00\",\"mainEntityOfPage\":{\"@id\":\"https:\/\/www.estrategiaconcursos.com.br\/blog\/concursos-abertos-17-06-19\/\"},\"wordCount\":597,\"commentCount\":0,\"publisher\":{\"@id\":\"https:\/\/www.estrategiaconcursos.com.br\/blog\/#organization\"},\"image\":{\"@id\":\"https:\/\/www.estrategiaconcursos.com.br\/blog\/concursos-abertos-17-06-19\/#primaryimage\"},\"thumbnailUrl\":\"https:\/\/dhg1h5j42swfq.cloudfront.net\/2019\/04\/20085844\/Concursos-abertos2-e1555761535855.jpg\",\"articleSection\":[\"Concursos P\u00fablicos\"],\"inLanguage\":\"pt-BR\",\"potentialAction\":[{\"@type\":\"CommentAction\",\"name\":\"Comment\",\"target\":[\"https:\/\/www.estrategiaconcursos.com.br\/blog\/concursos-abertos-17-06-19\/#respond\"]}],\"copyrightYear\":\"2019\",\"copyrightHolder\":{\"@id\":\"https:\/\/www.estrategiaconcursos.com.br\/blog\/#organization\"}},{\"@type\":\"WebPage\",\"@id\":\"https:\/\/www.estrategiaconcursos.com.br\/blog\/concursos-abertos-17-06-19\/\",\"url\":\"https:\/\/www.estrategiaconcursos.com.br\/blog\/concursos-abertos-17-06-19\/\",\"name\":\"Concursos Abertos: confira os editais que foram publicados na \u00faltima semana\",\"isPartOf\":{\"@id\":\"https:\/\/www.estrategiaconcursos.com.br\/blog\/#website\"},\"primaryImageOfPage\":{\"@id\":\"https:\/\/www.estrategiaconcursos.com.br\/blog\/concursos-abertos-17-06-19\/#primaryimage\"},\"image\":{\"@id\":\"https:\/\/www.estrategiaconcursos.com.br\/blog\/concursos-abertos-17-06-19\/#primaryimage\"},\"thumbnailUrl\":\"https:\/\/dhg1h5j42swfq.cloudfront.net\/2019\/04\/20085844\/Concursos-abertos2-e1555761535855.jpg\",\"datePublished\":\"2019-06-17T11:00:18+00:00\",\"breadcrumb\":{\"@id\":\"https:\/\/www.estrategiaconcursos.com.br\/blog\/concursos-abertos-17-06-19\/#breadcrumb\"},\"inLanguage\":\"pt-BR\",\"potentialAction\":[{\"@type\":\"ReadAction\",\"target\":[\"https:\/\/www.estrategiaconcursos.com.br\/blog\/concursos-abertos-17-06-19\/\"]}]},{\"@type\":\"ImageObject\",\"inLanguage\":\"pt-BR\",\"@id\":\"https:\/\/www.estrategiaconcursos.com.br\/blog\/concursos-abertos-17-06-19\/#primaryimage\",\"url\":\"https:\/\/dhg1h5j42swfq.cloudfront.net\/2019\/04\/20085844\/Concursos-abertos2-e1555761535855.jpg\",\"contentUrl\":\"https:\/\/dhg1h5j42swfq.cloudfront.net\/2019\/04\/20085844\/Concursos-abertos2-e1555761535855.jpg\",\"width\":400,\"height\":209,\"caption\":\"Concursos abertos\"},{\"@type\":\"BreadcrumbList\",\"@id\":\"https:\/\/www.estrategiaconcursos.com.br\/blog\/concursos-abertos-17-06-19\/#breadcrumb\",\"itemListElement\":[{\"@type\":\"ListItem\",\"position\":1,\"name\":\"In\u00edcio\",\"item\":\"https:\/\/www.estrategiaconcursos.com.br\/blog\/\"},{\"@type\":\"ListItem\",\"position\":2,\"name\":\"Concursos Abertos: confira os editais que foram publicados na \u00faltima semana\"}]},{\"@type\":\"WebSite\",\"@id\":\"https:\/\/www.estrategiaconcursos.com.br\/blog\/#website\",\"url\":\"https:\/\/www.estrategiaconcursos.com.br\/blog\/\",\"name\":\"Estrat\u00e9gia Concursos\",\"description\":\"O blog da Estrat\u00e9gia Concursos traz not\u00edcias sobre concursos e artigos de professores oferecendo cursos para concursos (pdf + videaulas) no site.\",\"publisher\":{\"@id\":\"https:\/\/www.estrategiaconcursos.com.br\/blog\/#organization\"},\"potentialAction\":[{\"@type\":\"SearchAction\",\"target\":{\"@type\":\"EntryPoint\",\"urlTemplate\":\"https:\/\/www.estrategiaconcursos.com.br\/blog\/?s={search_term_string}\"},\"query-input\":{\"@type\":\"PropertyValueSpecification\",\"valueRequired\":true,\"valueName\":\"search_term_string\"}}],\"inLanguage\":\"pt-BR\"},{\"@type\":\"Organization\",\"@id\":\"https:\/\/www.estrategiaconcursos.com.br\/blog\/#organization\",\"name\":\"Estrat\u00e9gia Concursos\",\"url\":\"https:\/\/www.estrategiaconcursos.com.br\/blog\/\",\"logo\":{\"@type\":\"ImageObject\",\"inLanguage\":\"pt-BR\",\"@id\":\"https:\/\/www.estrategiaconcursos.com.br\/blog\/#\/schema\/logo\/image\/\",\"url\":\"https:\/\/dhg1h5j42swfq.cloudfront.net\/2025\/06\/03203428\/logo_concursos-1.jpg\",\"contentUrl\":\"https:\/\/dhg1h5j42swfq.cloudfront.net\/2025\/06\/03203428\/logo_concursos-1.jpg\",\"width\":230,\"height\":60,\"caption\":\"Estrat\u00e9gia Concursos\"},\"image\":{\"@id\":\"https:\/\/www.estrategiaconcursos.com.br\/blog\/#\/schema\/logo\/image\/\"},\"sameAs\":[\"https:\/\/x.com\/EstratConcursos\"]},{\"@type\":\"Person\",\"@id\":\"https:\/\/www.estrategiaconcursos.com.br\/blog\/#\/schema\/person\/b69f846fcb6f09c1b651569e30b6e865\",\"name\":\"Tha\u00eds Mendes (Jornalista)\",\"image\":{\"@type\":\"ImageObject\",\"inLanguage\":\"pt-BR\",\"@id\":\"https:\/\/secure.gravatar.com\/avatar\/3c9c4f2eb3e762ee925852cf3188d5507fcec36cfe4fdee47acd4135266a8614?s=96&d=mm&r=g\",\"url\":\"https:\/\/secure.gravatar.com\/avatar\/3c9c4f2eb3e762ee925852cf3188d5507fcec36cfe4fdee47acd4135266a8614?s=96&d=mm&r=g\",\"contentUrl\":\"https:\/\/secure.gravatar.com\/avatar\/3c9c4f2eb3e762ee925852cf3188d5507fcec36cfe4fdee47acd4135266a8614?s=96&d=mm&r=g\",\"caption\":\"Tha\u00eds Mendes (Jornalista)\"},\"url\":\"https:\/\/www.estrategiaconcursos.com.br\/blog\/author\/comunicacaoestrategiaconcursos-com-br\/\"}]}<\/script>\n<!-- \/ Yoast SEO Premium plugin. -->","yoast_head_json":{"title":"Concursos Abertos: confira os editais que foram publicados na \u00faltima semana","robots":{"index":"index","follow":"follow","max-snippet":"max-snippet:-1","max-image-preview":"max-image-preview:large","max-video-preview":"max-video-preview:-1"},"canonical":"https:\/\/www.estrategiaconcursos.com.br\/blog\/concursos-abertos-17-06-19\/","og_locale":"pt_BR","og_type":"article","og_title":"Concursos Abertos: confira os editais que foram publicados na \u00faltima semana","og_description":"Nove editais foram publicados nos \u00faltimos dias e para que voc\u00ea possa ter um quadro geral de todas as oportunidades com inscri\u00e7\u00f5es iniciadas e editais publicados, fizemos um resumo com os\u00a0Concursos Abertos: C\u00e2mara de Mau\u00e1 (SP) O concurso p\u00fablico da C\u00e2mara Municipal de Mau\u00e1 oferta 46 vagas para cargos de n\u00edvel fundamental, m\u00e9dio e superior. [&hellip;]","og_url":"https:\/\/www.estrategiaconcursos.com.br\/blog\/concursos-abertos-17-06-19\/","og_site_name":"Estrat\u00e9gia Concursos","article_published_time":"2019-06-17T11:00:18+00:00","og_image":[{"width":400,"height":209,"url":"https:\/\/dhg1h5j42swfq.cloudfront.net\/2019\/04\/20085844\/Concursos-abertos2-e1555761535855.jpg","type":"image\/jpeg"}],"author":"Tha\u00eds Mendes (Jornalista)","twitter_card":"summary_large_image","twitter_creator":"@EstratConcursos","twitter_site":"@EstratConcursos","twitter_misc":{"Escrito por":"Tha\u00eds Mendes (Jornalista)","Est. tempo de leitura":"3 minutos"},"schema":{"@context":"https:\/\/schema.org","@graph":[{"@type":"NewsArticle","@id":"https:\/\/www.estrategiaconcursos.com.br\/blog\/concursos-abertos-17-06-19\/#article","isPartOf":{"@id":"https:\/\/www.estrategiaconcursos.com.br\/blog\/concursos-abertos-17-06-19\/"},"author":{"name":"Tha\u00eds Mendes (Jornalista)","@id":"https:\/\/www.estrategiaconcursos.com.br\/blog\/#\/schema\/person\/b69f846fcb6f09c1b651569e30b6e865"},"headline":"Concursos Abertos: confira os editais que foram publicados na \u00faltima semana","datePublished":"2019-06-17T11:00:18+00:00","mainEntityOfPage":{"@id":"https:\/\/www.estrategiaconcursos.com.br\/blog\/concursos-abertos-17-06-19\/"},"wordCount":597,"commentCount":0,"publisher":{"@id":"https:\/\/www.estrategiaconcursos.com.br\/blog\/#organization"},"image":{"@id":"https:\/\/www.estrategiaconcursos.com.br\/blog\/concursos-abertos-17-06-19\/#primaryimage"},"thumbnailUrl":"https:\/\/dhg1h5j42swfq.cloudfront.net\/2019\/04\/20085844\/Concursos-abertos2-e1555761535855.jpg","articleSection":["Concursos P\u00fablicos"],"inLanguage":"pt-BR","potentialAction":[{"@type":"CommentAction","name":"Comment","target":["https:\/\/www.estrategiaconcursos.com.br\/blog\/concursos-abertos-17-06-19\/#respond"]}],"copyrightYear":"2019","copyrightHolder":{"@id":"https:\/\/www.estrategiaconcursos.com.br\/blog\/#organization"}},{"@type":"WebPage","@id":"https:\/\/www.estrategiaconcursos.com.br\/blog\/concursos-abertos-17-06-19\/","url":"https:\/\/www.estrategiaconcursos.com.br\/blog\/concursos-abertos-17-06-19\/","name":"Concursos Abertos: confira os editais que foram publicados na \u00faltima semana","isPartOf":{"@id":"https:\/\/www.estrategiaconcursos.com.br\/blog\/#website"},"primaryImageOfPage":{"@id":"https:\/\/www.estrategiaconcursos.com.br\/blog\/concursos-abertos-17-06-19\/#primaryimage"},"image":{"@id":"https:\/\/www.estrategiaconcursos.com.br\/blog\/concursos-abertos-17-06-19\/#primaryimage"},"thumbnailUrl":"https:\/\/dhg1h5j42swfq.cloudfront.net\/2019\/04\/20085844\/Concursos-abertos2-e1555761535855.jpg","datePublished":"2019-06-17T11:00:18+00:00","breadcrumb":{"@id":"https:\/\/www.estrategiaconcursos.com.br\/blog\/concursos-abertos-17-06-19\/#breadcrumb"},"inLanguage":"pt-BR","potentialAction":[{"@type":"ReadAction","target":["https:\/\/www.estrategiaconcursos.com.br\/blog\/concursos-abertos-17-06-19\/"]}]},{"@type":"ImageObject","inLanguage":"pt-BR","@id":"https:\/\/www.estrategiaconcursos.com.br\/blog\/concursos-abertos-17-06-19\/#primaryimage","url":"https:\/\/dhg1h5j42swfq.cloudfront.net\/2019\/04\/20085844\/Concursos-abertos2-e1555761535855.jpg","contentUrl":"https:\/\/dhg1h5j42swfq.cloudfront.net\/2019\/04\/20085844\/Concursos-abertos2-e1555761535855.jpg","width":400,"height":209,"caption":"Concursos abertos"},{"@type":"BreadcrumbList","@id":"https:\/\/www.estrategiaconcursos.com.br\/blog\/concursos-abertos-17-06-19\/#breadcrumb","itemListElement":[{"@type":"ListItem","position":1,"name":"In\u00edcio","item":"https:\/\/www.estrategiaconcursos.com.br\/blog\/"},{"@type":"ListItem","position":2,"name":"Concursos Abertos: confira os editais que foram publicados na \u00faltima semana"}]},{"@type":"WebSite","@id":"https:\/\/www.estrategiaconcursos.com.br\/blog\/#website","url":"https:\/\/www.estrategiaconcursos.com.br\/blog\/","name":"Estrat\u00e9gia Concursos","description":"O blog da Estrat\u00e9gia Concursos traz not\u00edcias sobre concursos e artigos de professores oferecendo cursos para concursos (pdf + videaulas) no site.","publisher":{"@id":"https:\/\/www.estrategiaconcursos.com.br\/blog\/#organization"},"potentialAction":[{"@type":"SearchAction","target":{"@type":"EntryPoint","urlTemplate":"https:\/\/www.estrategiaconcursos.com.br\/blog\/?s={search_term_string}"},"query-input":{"@type":"PropertyValueSpecification","valueRequired":true,"valueName":"search_term_string"}}],"inLanguage":"pt-BR"},{"@type":"Organization","@id":"https:\/\/www.estrategiaconcursos.com.br\/blog\/#organization","name":"Estrat\u00e9gia Concursos","url":"https:\/\/www.estrategiaconcursos.com.br\/blog\/","logo":{"@type":"ImageObject","inLanguage":"pt-BR","@id":"https:\/\/www.estrategiaconcursos.com.br\/blog\/#\/schema\/logo\/image\/","url":"https:\/\/dhg1h5j42swfq.cloudfront.net\/2025\/06\/03203428\/logo_concursos-1.jpg","contentUrl":"https:\/\/dhg1h5j42swfq.cloudfront.net\/2025\/06\/03203428\/logo_concursos-1.jpg","width":230,"height":60,"caption":"Estrat\u00e9gia Concursos"},"image":{"@id":"https:\/\/www.estrategiaconcursos.com.br\/blog\/#\/schema\/logo\/image\/"},"sameAs":["https:\/\/x.com\/EstratConcursos"]},{"@type":"Person","@id":"https:\/\/www.estrategiaconcursos.com.br\/blog\/#\/schema\/person\/b69f846fcb6f09c1b651569e30b6e865","name":"Tha\u00eds Mendes (Jornalista)","image":{"@type":"ImageObject","inLanguage":"pt-BR","@id":"https:\/\/secure.gravatar.com\/avatar\/3c9c4f2eb3e762ee925852cf3188d5507fcec36cfe4fdee47acd4135266a8614?s=96&d=mm&r=g","url":"https:\/\/secure.gravatar.com\/avatar\/3c9c4f2eb3e762ee925852cf3188d5507fcec36cfe4fdee47acd4135266a8614?s=96&d=mm&r=g","contentUrl":"https:\/\/secure.gravatar.com\/avatar\/3c9c4f2eb3e762ee925852cf3188d5507fcec36cfe4fdee47acd4135266a8614?s=96&d=mm&r=g","caption":"Tha\u00eds Mendes (Jornalista)"},"url":"https:\/\/www.estrategiaconcursos.com.br\/blog\/author\/comunicacaoestrategiaconcursos-com-br\/"}]}},"_links":{"self":[{"href":"https:\/\/www.estrategiaconcursos.com.br\/blog\/wp-json\/wp\/v2\/posts\/387745","targetHints":{"allow":["GET"]}}],"collection":[{"href":"https:\/\/www.estrategiaconcursos.com.br\/blog\/wp-json\/wp\/v2\/posts"}],"about":[{"href":"https:\/\/www.estrategiaconcursos.com.br\/blog\/wp-json\/wp\/v2\/types\/post"}],"author":[{"embeddable":true,"href":"https:\/\/www.estrategiaconcursos.com.br\/blog\/wp-json\/wp\/v2\/users\/188"}],"replies":[{"embeddable":true,"href":"https:\/\/www.estrategiaconcursos.com.br\/blog\/wp-json\/wp\/v2\/comments?post=387745"}],"version-history":[{"count":4,"href":"https:\/\/www.estrategiaconcursos.com.br\/blog\/wp-json\/wp\/v2\/posts\/387745\/revisions"}],"predecessor-version":[{"id":388073,"href":"https:\/\/www.estrategiaconcursos.com.br\/blog\/wp-json\/wp\/v2\/posts\/387745\/revisions\/388073"}],"wp:featuredmedia":[{"embeddable":true,"href":"https:\/\/www.estrategiaconcursos.com.br\/blog\/wp-json\/wp\/v2\/media\/364742"}],"wp:attachment":[{"href":"https:\/\/www.estrategiaconcursos.com.br\/blog\/wp-json\/wp\/v2\/media?parent=387745"}],"wp:term":[{"taxonomy":"category","embeddable":true,"href":"https:\/\/www.estrategiaconcursos.com.br\/blog\/wp-json\/wp\/v2\/categories?post=387745"},{"taxonomy":"post_tag","embeddable":true,"href":"https:\/\/www.estrategiaconcursos.com.br\/blog\/wp-json\/wp\/v2\/tags?post=387745"},{"taxonomy":"tax_estado","embeddable":true,"href":"https:\/\/www.estrategiaconcursos.com.br\/blog\/wp-json\/wp\/v2\/tax_estado?post=387745"}],"curies":[{"name":"wp","href":"https:\/\/api.w.org\/{rel}","templated":true}]}}