{"id":387709,"date":"2019-06-14T11:45:48","date_gmt":"2019-06-14T14:45:48","guid":{"rendered":"https:\/\/www.estrategiaconcursos.com.br\/blog\/?p=387709"},"modified":"2019-06-14T15:15:07","modified_gmt":"2019-06-14T18:15:07","slug":"concurso-ibge-ultimo-dia-de-inscricoes","status":"publish","type":"post","link":"https:\/\/www.estrategiaconcursos.com.br\/blog\/concurso-ibge-ultimo-dia-de-inscricoes\/","title":{"rendered":"Concurso IBGE: \u00faltimo dia de inscri\u00e7\u00f5es para Agente e Recenseador"},"content":{"rendered":"\n<h2 class=\"wp-block-heading\"><em>Provas previstas para 04 de agosto<\/em><\/h2>\n\n\n\n<p>As<em> inscri\u00e7\u00f5es<\/em> para o concurso IBGE que oferta <em>209 vagas<\/em> para os cargos de  <br \/><strong><em>Agente Censit\u00e1rio Municipal, Agente Censit\u00e1rio Supervisor e Recenseador <\/em><\/strong>se <em>encerram nesta sexta-feira (14)<\/em>. <\/p>\n\n\n\n<p>Os candidatos interessados devem realizar o pagamento da taxa fixada que pode variar conforme o cargo desejado. No caso do cargo de <strong><em>Agente Censit\u00e1rio Municipal, Agente Censit\u00e1rio Supervisor<\/em><\/strong> o valor \u00e9 de  <br \/><strong>R$ 42,50<\/strong> e <strong>R$ 25<\/strong> para o cargo de <strong><em>Recenseador<\/em><\/strong>.  <\/p>\n\n\n\n<p>Vale lembrar que o certame exige que os candidatos possuam n\u00edveis de forma\u00e7\u00e3o m\u00e9dio e fundamental. <\/p>\n\n\n\n<p>As provas est\u00e3o previstas para ocorrer no dia 04 de agosto, as vagas ser\u00e3o direcionadas para a cidade de <strong>Po\u00e7os de Caldas (MG)<\/strong>.<\/p>\n\n\n\n<h2 class=\"wp-block-heading\">Etapas do concurso IBGE<\/h2>\n\n\n\n<p>Os candidatos do concurso IBGE devem passar por uma prova objetiva al\u00e9m de um treinamento espec\u00edfico para o caro de Recenseador. <\/p>\n\n\n\n<p style=\"font-size:18px\" class=\"has-background has-very-light-gray-background-color\"><em><strong>Agente Censit\u00e1rio Municipal e Agente Censit\u00e1rio Supervisor<\/strong><\/em><\/p>\n\n\n\n<p><strong>Formato<\/strong>: 60 quest\u00f5es de m\u00faltipla escolha com 5 alternativas<br \/><strong>Dura\u00e7\u00e3o<\/strong>: 4h<br \/><strong>Aplica\u00e7\u00e3o<\/strong>: Po\u00e7os de Caldas (MG)<\/p>\n\n\n\n<p><br \/><strong>Distribui\u00e7\u00e3o de quest\u00f5es por disciplina:<\/strong> <\/p>\n\n\n\n<ul class=\"wp-block-list\"><li>L\u00edngua Portuguesa &#8211; 15 quest\u00f5es<\/li><li>Racioc\u00ednio L\u00f3gico &#8211; 10 quest\u00f5es<\/li><li>No\u00e7\u00f5es de Administra\u00e7\u00e3o\/ Situa\u00e7\u00f5es Gerenciais &#8211; 15 quest\u00f5es<\/li><li>Conhecimentos T\u00e9cnicos &#8211; 20 quest\u00f5es<\/li><\/ul>\n\n\n\n<p style=\"font-size:18px\" class=\"has-background has-very-light-gray-background-color\"><em><strong>Recenseador<\/strong><\/em><\/p>\n\n\n\n<p><strong>Formato<\/strong>: 50 quest\u00f5es de m\u00faltipla escolha com 5 alternativas<br \/><strong>Dura\u00e7\u00e3o<\/strong>: 4h<br \/><strong>Aplica\u00e7\u00e3o<\/strong>: Po\u00e7os de Caldas (MG)<\/p>\n\n\n\n<p><strong>Distribui\u00e7\u00e3o de quest\u00f5es por disciplina:<\/strong><\/p>\n\n\n\n<ul class=\"wp-block-list\"><li>L\u00edngua Portuguesa &#8211; 15 quest\u00f5es<\/li><li>Matem\u00e1tica &#8211; 10 quest\u00f5es<\/li><li>Conhecimentos T\u00e9cnicos &#8211; 25 quest\u00f5es<\/li><\/ul>\n\n\n\n<h2 class=\"wp-block-heading\">Concurso IBGE 2020<\/h2>\n\n\n\n<p>O <strong>Instituto Brasileiro de Geografia e Estat\u00edstica<\/strong>&nbsp;havia oficializado a escolha do&nbsp;Instituto <strong>AOCP&nbsp;<\/strong>como organizadora da <strong>nova sele\u00e7\u00e3o<\/strong> que ocorrer\u00e1 em 2020, com <strong>400 vagas <\/strong>para Analista Censit\u00e1rio&nbsp;com forma\u00e7\u00e3o em N\u00edvel Superior. <\/p>\n\n\n\n<p>De acordo com o projeto b\u00e1sico do certame as vagas s\u00e3o para todas as capitais. Al\u00e9m disso, o contrato \u00e9 de 12 meses, prorrog\u00e1veis por at\u00e9 36 meses e a remunera\u00e7\u00e3o dos cargos de Analistas \u00e9 de R$ 4.200,00.<\/p>\n\n\n\n<p><em>Confira abaixo a distribui\u00e7\u00e3o de cargos do concurso IBGE e suas respectivas vagas:<\/em><\/p>\n\n\n\n<ul class=\"wp-block-list\"><li> Analista de Planejamento e Gest\u00e3o <strong>(01 vaga); <\/strong><\/li><li>Antropologia ou Sociologia ou Ci\u00eancias Sociais <strong>(12 vagas); <\/strong><\/li><li>Analista de Geoprocessamento <strong>(24 vagas); <\/strong><\/li><li>An\u00e1lise de Sistemas \u2013 desenvolvimento e aplica\u00e7\u00f5es web\/mobile <strong>(18 vagas);<\/strong><\/li><li>An\u00e1lise de Sistemas \u2013 suporte a comunica\u00e7\u00f5es e rede <strong>(06 vagas); <\/strong><\/li><li>An\u00e1lise de Sistemas \u2013 suporte operacional e de tecnologia <strong>(04 vagas);\u00a0<\/strong><\/li><li>An\u00e1lise Socioecon\u00f4mica <strong>(07 vagas); <\/strong><\/li><li>Biblioteconomia e Documenta\u00e7\u00e3o<strong> (04 vagas); <\/strong><\/li><li>Ci\u00eancias Cont\u00e1beis <strong>(30 vagas); <\/strong><\/li><li>Desenho Instrucional <strong>(01 vaga); <\/strong><\/li><li>Economia <strong>(28 vagas); <\/strong><\/li><li>Estat\u00edstica <strong>(02 vagas); <\/strong><\/li><li>Gest\u00e3o e Infraestrutura <strong>(142 vagas); <\/strong><\/li><li>Jornalismo <strong>(35 vagas); <\/strong><\/li><li>Letras <strong>(01 vaga); <\/strong><\/li><li>Log\u00edstica <strong>(05 vagas); <\/strong><\/li><li>M\u00e9todos Quantitativos <strong>(55 vagas); <\/strong><\/li><li>Produ\u00e7\u00e3o Gr\u00e1fica\/Editorial <strong>(02 vagas); <\/strong><\/li><li>Programa\u00e7\u00e3o Visual\/Webdesign<strong> (11 vagas); <\/strong><\/li><li>Recursos Humanos<strong> (07 vagas); <\/strong><\/li><li>An\u00e1lise de Sistemas \u2013 suporte \u00e0 produ\u00e7\u00e3o <strong>(04 vagas). <\/strong><\/li><\/ul>\n\n\n\n<p style=\"font-size:22px;text-align:center\" class=\"has-background has-luminous-vivid-amber-background-color\"><strong><em>Mais informa\u00e7\u00f5es: <\/em><\/strong><span style=\"text-decoration: underline;\"><a rel=\"noreferrer noopener\" aria-label=\"Concurso IBGE (abre numa nova aba)\" href=\"https:\/\/www.estrategiaconcursos.com.br\/blog\/concurso-ibge-2\/\" target=\"_blank\"><strong><em>Concurso IBGE<\/em><\/strong><\/a><\/span><\/p>\n\n\n\n<p style=\"font-size:19px;text-align:center\">   <strong><em>Quer estudar para Concurso IBGE?<\/em><\/strong><\/p>\n\n\n\n<p style=\"text-align:center\"><em><strong>Gostou desta oportunidade e deseja come\u00e7ar se preparar agora mesmo? Ent\u00e3o, confira os nossos cursos e comece a estudar para IBGE:<\/strong><\/em><br \/><\/p>\n\n\n\n<p style=\"font-size:23px;text-align:center\" class=\"has-background has-luminous-vivid-amber-background-color\"><a rel=\"noreferrer noopener\" href=\"https:\/\/www.estrategiaconcursos.com.br\/cursosPorConcurso\/ibge-204\/\" target=\"_blank\"><strong><em>CURSO IBGE<\/em><\/strong><\/a><\/p>\n\n\n\n<p style=\"text-align:center\"><em><strong>Assinatura Anual Ilimitada*<\/strong><\/em><\/p>\n\n\n\n<p style=\"text-align:center\"><em>Prepare-se com o melhor material e com quem mais aprova em Concursos P\u00fablicos em todo o pa\u00eds. Assine agora a nossa Assinatura Anual e tenha acesso ilimitado a todos os nossos cursos.<\/em><\/p>\n\n\n\n<p style=\"font-size:25px;text-align:center\" class=\"has-background has-light-green-cyan-background-color\"><strong>ASSINE AGORA<\/strong>&nbsp;\u2013&nbsp;<a href=\"https:\/\/www.estrategiaconcursos.com.br\/assinaturas\" target=\"_blank\" rel=\"noreferrer noopener\">Assinatura Ilimitada<\/a><\/p>\n\n\n\n<p><em><br \/>Ascom Estrat\u00e9gia<\/em><br \/>ascomestrategia@gmail.com<\/p>\n\n\n\n<p style=\"text-align:center\"><em><strong>Receba not\u00edcias de Concursos no seu WhatsApp e\/ou Telegram!<\/strong><\/em><\/p>\n\n\n\n<p style=\"text-align:center\"><em><strong>Cadastre-se clicando no \u00edcone abaixo<\/strong><\/em><\/p>\n\n\n\n<p style=\"text-align:center\"><a rel=\"noreferrer noopener\" href=\"https:\/\/www.estrategiaconcursos.com.br\/blog\/noticias-de-concursos-whatsapp-estrategia-concursos\/\" target=\"_blank\">Not\u00edcias de concursos no seu WhatsApp e\/ou Telegram<\/a><\/p>\n","protected":false},"excerpt":{"rendered":"<p>Provas previstas para 04 de agosto As inscri\u00e7\u00f5es para o concurso IBGE que oferta 209 vagas para os cargos de Agente Censit\u00e1rio Municipal, Agente Censit\u00e1rio Supervisor e Recenseador se encerram nesta sexta-feira (14). Os candidatos interessados devem realizar o pagamento da taxa fixada que pode variar conforme o cargo desejado. No caso do cargo de [&hellip;]<\/p>\n","protected":false},"author":13,"featured_media":153588,"comment_status":"open","ping_status":"closed","sticky":false,"template":"","format":"standard","meta":{"post_tipo":"article","footnotes":""},"categories":[1],"tags":[],"tax_estado":[],"class_list":["post-387709","post","type-post","status-publish","format-standard","has-post-thumbnail","hentry","category-cursos-e-concursos"],"acf":[],"yoast_head":"<!-- This site is optimized with the Yoast SEO Premium plugin v27.2 (Yoast SEO v27.2) - https:\/\/yoast.com\/product\/yoast-seo-premium-wordpress\/ -->\n<title>Concurso IBGE: \u00faltimo dia de inscri\u00e7\u00f5es para Agente e Recenseador<\/title>\n<meta name=\"description\" content=\"Concurso IBGE: \u00faltimo dia de inscri\u00e7\u00f5es para o certame que oferta 209 vagas para de Agente Censit\u00e1rio Municipal, Agente Censit\u00e1rio Supervisor e Recenseador.\" \/>\n<meta name=\"robots\" content=\"index, follow, max-snippet:-1, max-image-preview:large, max-video-preview:-1\" \/>\n<link rel=\"canonical\" href=\"https:\/\/www.estrategiaconcursos.com.br\/blog\/concurso-ibge-ultimo-dia-de-inscricoes\/\" \/>\n<meta property=\"og:locale\" content=\"pt_BR\" \/>\n<meta property=\"og:type\" content=\"article\" \/>\n<meta property=\"og:title\" content=\"Concurso IBGE: \u00faltimo dia de inscri\u00e7\u00f5es para Agente e Recenseador\" \/>\n<meta property=\"og:description\" content=\"Concurso IBGE: \u00faltimo dia de inscri\u00e7\u00f5es para o certame que oferta 209 vagas para de Agente Censit\u00e1rio Municipal, Agente Censit\u00e1rio Supervisor e Recenseador.\" \/>\n<meta property=\"og:url\" content=\"https:\/\/www.estrategiaconcursos.com.br\/blog\/concurso-ibge-ultimo-dia-de-inscricoes\/\" \/>\n<meta property=\"og:site_name\" content=\"Estrat\u00e9gia Concursos\" \/>\n<meta property=\"article:author\" content=\"https:\/\/www.facebook.com\/heber.economia\" \/>\n<meta property=\"article:published_time\" content=\"2019-06-14T14:45:48+00:00\" \/>\n<meta property=\"article:modified_time\" content=\"2019-06-14T18:15:07+00:00\" \/>\n<meta property=\"og:image\" content=\"https:\/\/dhg1h5j42swfq.cloudfront.net\/2018\/11\/30090644\/ibge-e1543579613686.jpg\" \/>\n\t<meta property=\"og:image:width\" content=\"400\" \/>\n\t<meta property=\"og:image:height\" content=\"210\" \/>\n\t<meta property=\"og:image:type\" content=\"image\/jpeg\" \/>\n<meta name=\"author\" content=\"Heber Carvalho\" \/>\n<meta name=\"twitter:card\" content=\"summary_large_image\" \/>\n<meta name=\"twitter:creator\" content=\"@https:\/\/twitter.com\/EstratConcursos\" \/>\n<meta name=\"twitter:site\" content=\"@EstratConcursos\" \/>\n<meta name=\"twitter:label1\" content=\"Escrito por\" \/>\n\t<meta name=\"twitter:data1\" content=\"Heber Carvalho\" \/>\n\t<meta name=\"twitter:label2\" content=\"Est. tempo de leitura\" \/>\n\t<meta name=\"twitter:data2\" content=\"3 minutos\" \/>\n<script type=\"application\/ld+json\" class=\"yoast-schema-graph\">{\"@context\":\"https:\/\/schema.org\",\"@graph\":[{\"@type\":\"NewsArticle\",\"@id\":\"https:\/\/www.estrategiaconcursos.com.br\/blog\/concurso-ibge-ultimo-dia-de-inscricoes\/#article\",\"isPartOf\":{\"@id\":\"https:\/\/www.estrategiaconcursos.com.br\/blog\/concurso-ibge-ultimo-dia-de-inscricoes\/\"},\"author\":{\"name\":\"Heber Carvalho\",\"@id\":\"https:\/\/www.estrategiaconcursos.com.br\/blog\/#\/schema\/person\/555176e5fb81029706226eaf88b58f77\"},\"headline\":\"Concurso IBGE: \u00faltimo dia de inscri\u00e7\u00f5es para Agente e Recenseador\",\"datePublished\":\"2019-06-14T14:45:48+00:00\",\"dateModified\":\"2019-06-14T18:15:07+00:00\",\"mainEntityOfPage\":{\"@id\":\"https:\/\/www.estrategiaconcursos.com.br\/blog\/concurso-ibge-ultimo-dia-de-inscricoes\/\"},\"wordCount\":583,\"commentCount\":0,\"publisher\":{\"@id\":\"https:\/\/www.estrategiaconcursos.com.br\/blog\/#organization\"},\"image\":{\"@id\":\"https:\/\/www.estrategiaconcursos.com.br\/blog\/concurso-ibge-ultimo-dia-de-inscricoes\/#primaryimage\"},\"thumbnailUrl\":\"https:\/\/dhg1h5j42swfq.cloudfront.net\/2018\/11\/30090644\/ibge-e1543579613686.jpg\",\"articleSection\":[\"Concursos P\u00fablicos\"],\"inLanguage\":\"pt-BR\",\"potentialAction\":[{\"@type\":\"CommentAction\",\"name\":\"Comment\",\"target\":[\"https:\/\/www.estrategiaconcursos.com.br\/blog\/concurso-ibge-ultimo-dia-de-inscricoes\/#respond\"]}],\"copyrightYear\":\"2019\",\"copyrightHolder\":{\"@id\":\"https:\/\/www.estrategiaconcursos.com.br\/blog\/#organization\"}},{\"@type\":\"WebPage\",\"@id\":\"https:\/\/www.estrategiaconcursos.com.br\/blog\/concurso-ibge-ultimo-dia-de-inscricoes\/\",\"url\":\"https:\/\/www.estrategiaconcursos.com.br\/blog\/concurso-ibge-ultimo-dia-de-inscricoes\/\",\"name\":\"Concurso IBGE: \u00faltimo dia de inscri\u00e7\u00f5es para Agente e Recenseador\",\"isPartOf\":{\"@id\":\"https:\/\/www.estrategiaconcursos.com.br\/blog\/#website\"},\"primaryImageOfPage\":{\"@id\":\"https:\/\/www.estrategiaconcursos.com.br\/blog\/concurso-ibge-ultimo-dia-de-inscricoes\/#primaryimage\"},\"image\":{\"@id\":\"https:\/\/www.estrategiaconcursos.com.br\/blog\/concurso-ibge-ultimo-dia-de-inscricoes\/#primaryimage\"},\"thumbnailUrl\":\"https:\/\/dhg1h5j42swfq.cloudfront.net\/2018\/11\/30090644\/ibge-e1543579613686.jpg\",\"datePublished\":\"2019-06-14T14:45:48+00:00\",\"dateModified\":\"2019-06-14T18:15:07+00:00\",\"description\":\"Concurso IBGE: \u00faltimo dia de inscri\u00e7\u00f5es para o certame que oferta 209 vagas para de Agente Censit\u00e1rio Municipal, Agente Censit\u00e1rio Supervisor e Recenseador.\",\"breadcrumb\":{\"@id\":\"https:\/\/www.estrategiaconcursos.com.br\/blog\/concurso-ibge-ultimo-dia-de-inscricoes\/#breadcrumb\"},\"inLanguage\":\"pt-BR\",\"potentialAction\":[{\"@type\":\"ReadAction\",\"target\":[\"https:\/\/www.estrategiaconcursos.com.br\/blog\/concurso-ibge-ultimo-dia-de-inscricoes\/\"]}]},{\"@type\":\"ImageObject\",\"inLanguage\":\"pt-BR\",\"@id\":\"https:\/\/www.estrategiaconcursos.com.br\/blog\/concurso-ibge-ultimo-dia-de-inscricoes\/#primaryimage\",\"url\":\"https:\/\/dhg1h5j42swfq.cloudfront.net\/2018\/11\/30090644\/ibge-e1543579613686.jpg\",\"contentUrl\":\"https:\/\/dhg1h5j42swfq.cloudfront.net\/2018\/11\/30090644\/ibge-e1543579613686.jpg\",\"width\":400,\"height\":210,\"caption\":\"IBGE\"},{\"@type\":\"BreadcrumbList\",\"@id\":\"https:\/\/www.estrategiaconcursos.com.br\/blog\/concurso-ibge-ultimo-dia-de-inscricoes\/#breadcrumb\",\"itemListElement\":[{\"@type\":\"ListItem\",\"position\":1,\"name\":\"In\u00edcio\",\"item\":\"https:\/\/www.estrategiaconcursos.com.br\/blog\/\"},{\"@type\":\"ListItem\",\"position\":2,\"name\":\"Concurso IBGE: \u00faltimo dia de inscri\u00e7\u00f5es para Agente e Recenseador\"}]},{\"@type\":\"WebSite\",\"@id\":\"https:\/\/www.estrategiaconcursos.com.br\/blog\/#website\",\"url\":\"https:\/\/www.estrategiaconcursos.com.br\/blog\/\",\"name\":\"Estrat\u00e9gia Concursos\",\"description\":\"O blog da Estrat\u00e9gia Concursos traz not\u00edcias sobre concursos e artigos de professores oferecendo cursos para concursos (pdf + videaulas) no site.\",\"publisher\":{\"@id\":\"https:\/\/www.estrategiaconcursos.com.br\/blog\/#organization\"},\"potentialAction\":[{\"@type\":\"SearchAction\",\"target\":{\"@type\":\"EntryPoint\",\"urlTemplate\":\"https:\/\/www.estrategiaconcursos.com.br\/blog\/?s={search_term_string}\"},\"query-input\":{\"@type\":\"PropertyValueSpecification\",\"valueRequired\":true,\"valueName\":\"search_term_string\"}}],\"inLanguage\":\"pt-BR\"},{\"@type\":\"Organization\",\"@id\":\"https:\/\/www.estrategiaconcursos.com.br\/blog\/#organization\",\"name\":\"Estrat\u00e9gia Concursos\",\"url\":\"https:\/\/www.estrategiaconcursos.com.br\/blog\/\",\"logo\":{\"@type\":\"ImageObject\",\"inLanguage\":\"pt-BR\",\"@id\":\"https:\/\/www.estrategiaconcursos.com.br\/blog\/#\/schema\/logo\/image\/\",\"url\":\"https:\/\/dhg1h5j42swfq.cloudfront.net\/2025\/06\/03203428\/logo_concursos-1.jpg\",\"contentUrl\":\"https:\/\/dhg1h5j42swfq.cloudfront.net\/2025\/06\/03203428\/logo_concursos-1.jpg\",\"width\":230,\"height\":60,\"caption\":\"Estrat\u00e9gia Concursos\"},\"image\":{\"@id\":\"https:\/\/www.estrategiaconcursos.com.br\/blog\/#\/schema\/logo\/image\/\"},\"sameAs\":[\"https:\/\/x.com\/EstratConcursos\"]},{\"@type\":\"Person\",\"@id\":\"https:\/\/www.estrategiaconcursos.com.br\/blog\/#\/schema\/person\/555176e5fb81029706226eaf88b58f77\",\"name\":\"Heber Carvalho\",\"image\":{\"@type\":\"ImageObject\",\"inLanguage\":\"pt-BR\",\"@id\":\"https:\/\/secure.gravatar.com\/avatar\/7fb00f951b5b5ef6352d915a4dd32e75828f1e329e22967291a52e461270e40a?s=96&d=mm&r=g\",\"url\":\"https:\/\/secure.gravatar.com\/avatar\/7fb00f951b5b5ef6352d915a4dd32e75828f1e329e22967291a52e461270e40a?s=96&d=mm&r=g\",\"contentUrl\":\"https:\/\/secure.gravatar.com\/avatar\/7fb00f951b5b5ef6352d915a4dd32e75828f1e329e22967291a52e461270e40a?s=96&d=mm&r=g\",\"caption\":\"Heber Carvalho\"},\"sameAs\":[\"https:\/\/www.facebook.com\/heber.economia\",\"https:\/\/x.com\/https:\/\/twitter.com\/EstratConcursos\"],\"url\":\"https:\/\/www.estrategiaconcursos.com.br\/blog\/author\/hebercarvalhoestrategiaconcursos-com-br\/\"}]}<\/script>\n<!-- \/ Yoast SEO Premium plugin. -->","yoast_head_json":{"title":"Concurso IBGE: \u00faltimo dia de inscri\u00e7\u00f5es para Agente e Recenseador","description":"Concurso IBGE: \u00faltimo dia de inscri\u00e7\u00f5es para o certame que oferta 209 vagas para de Agente Censit\u00e1rio Municipal, Agente Censit\u00e1rio Supervisor e Recenseador.","robots":{"index":"index","follow":"follow","max-snippet":"max-snippet:-1","max-image-preview":"max-image-preview:large","max-video-preview":"max-video-preview:-1"},"canonical":"https:\/\/www.estrategiaconcursos.com.br\/blog\/concurso-ibge-ultimo-dia-de-inscricoes\/","og_locale":"pt_BR","og_type":"article","og_title":"Concurso IBGE: \u00faltimo dia de inscri\u00e7\u00f5es para Agente e Recenseador","og_description":"Concurso IBGE: \u00faltimo dia de inscri\u00e7\u00f5es para o certame que oferta 209 vagas para de Agente Censit\u00e1rio Municipal, Agente Censit\u00e1rio Supervisor e Recenseador.","og_url":"https:\/\/www.estrategiaconcursos.com.br\/blog\/concurso-ibge-ultimo-dia-de-inscricoes\/","og_site_name":"Estrat\u00e9gia Concursos","article_author":"https:\/\/www.facebook.com\/heber.economia","article_published_time":"2019-06-14T14:45:48+00:00","article_modified_time":"2019-06-14T18:15:07+00:00","og_image":[{"width":400,"height":210,"url":"https:\/\/dhg1h5j42swfq.cloudfront.net\/2018\/11\/30090644\/ibge-e1543579613686.jpg","type":"image\/jpeg"}],"author":"Heber Carvalho","twitter_card":"summary_large_image","twitter_creator":"@https:\/\/twitter.com\/EstratConcursos","twitter_site":"@EstratConcursos","twitter_misc":{"Escrito por":"Heber Carvalho","Est. tempo de leitura":"3 minutos"},"schema":{"@context":"https:\/\/schema.org","@graph":[{"@type":"NewsArticle","@id":"https:\/\/www.estrategiaconcursos.com.br\/blog\/concurso-ibge-ultimo-dia-de-inscricoes\/#article","isPartOf":{"@id":"https:\/\/www.estrategiaconcursos.com.br\/blog\/concurso-ibge-ultimo-dia-de-inscricoes\/"},"author":{"name":"Heber Carvalho","@id":"https:\/\/www.estrategiaconcursos.com.br\/blog\/#\/schema\/person\/555176e5fb81029706226eaf88b58f77"},"headline":"Concurso IBGE: \u00faltimo dia de inscri\u00e7\u00f5es para Agente e Recenseador","datePublished":"2019-06-14T14:45:48+00:00","dateModified":"2019-06-14T18:15:07+00:00","mainEntityOfPage":{"@id":"https:\/\/www.estrategiaconcursos.com.br\/blog\/concurso-ibge-ultimo-dia-de-inscricoes\/"},"wordCount":583,"commentCount":0,"publisher":{"@id":"https:\/\/www.estrategiaconcursos.com.br\/blog\/#organization"},"image":{"@id":"https:\/\/www.estrategiaconcursos.com.br\/blog\/concurso-ibge-ultimo-dia-de-inscricoes\/#primaryimage"},"thumbnailUrl":"https:\/\/dhg1h5j42swfq.cloudfront.net\/2018\/11\/30090644\/ibge-e1543579613686.jpg","articleSection":["Concursos P\u00fablicos"],"inLanguage":"pt-BR","potentialAction":[{"@type":"CommentAction","name":"Comment","target":["https:\/\/www.estrategiaconcursos.com.br\/blog\/concurso-ibge-ultimo-dia-de-inscricoes\/#respond"]}],"copyrightYear":"2019","copyrightHolder":{"@id":"https:\/\/www.estrategiaconcursos.com.br\/blog\/#organization"}},{"@type":"WebPage","@id":"https:\/\/www.estrategiaconcursos.com.br\/blog\/concurso-ibge-ultimo-dia-de-inscricoes\/","url":"https:\/\/www.estrategiaconcursos.com.br\/blog\/concurso-ibge-ultimo-dia-de-inscricoes\/","name":"Concurso IBGE: \u00faltimo dia de inscri\u00e7\u00f5es para Agente e Recenseador","isPartOf":{"@id":"https:\/\/www.estrategiaconcursos.com.br\/blog\/#website"},"primaryImageOfPage":{"@id":"https:\/\/www.estrategiaconcursos.com.br\/blog\/concurso-ibge-ultimo-dia-de-inscricoes\/#primaryimage"},"image":{"@id":"https:\/\/www.estrategiaconcursos.com.br\/blog\/concurso-ibge-ultimo-dia-de-inscricoes\/#primaryimage"},"thumbnailUrl":"https:\/\/dhg1h5j42swfq.cloudfront.net\/2018\/11\/30090644\/ibge-e1543579613686.jpg","datePublished":"2019-06-14T14:45:48+00:00","dateModified":"2019-06-14T18:15:07+00:00","description":"Concurso IBGE: \u00faltimo dia de inscri\u00e7\u00f5es para o certame que oferta 209 vagas para de Agente Censit\u00e1rio Municipal, Agente Censit\u00e1rio Supervisor e Recenseador.","breadcrumb":{"@id":"https:\/\/www.estrategiaconcursos.com.br\/blog\/concurso-ibge-ultimo-dia-de-inscricoes\/#breadcrumb"},"inLanguage":"pt-BR","potentialAction":[{"@type":"ReadAction","target":["https:\/\/www.estrategiaconcursos.com.br\/blog\/concurso-ibge-ultimo-dia-de-inscricoes\/"]}]},{"@type":"ImageObject","inLanguage":"pt-BR","@id":"https:\/\/www.estrategiaconcursos.com.br\/blog\/concurso-ibge-ultimo-dia-de-inscricoes\/#primaryimage","url":"https:\/\/dhg1h5j42swfq.cloudfront.net\/2018\/11\/30090644\/ibge-e1543579613686.jpg","contentUrl":"https:\/\/dhg1h5j42swfq.cloudfront.net\/2018\/11\/30090644\/ibge-e1543579613686.jpg","width":400,"height":210,"caption":"IBGE"},{"@type":"BreadcrumbList","@id":"https:\/\/www.estrategiaconcursos.com.br\/blog\/concurso-ibge-ultimo-dia-de-inscricoes\/#breadcrumb","itemListElement":[{"@type":"ListItem","position":1,"name":"In\u00edcio","item":"https:\/\/www.estrategiaconcursos.com.br\/blog\/"},{"@type":"ListItem","position":2,"name":"Concurso IBGE: \u00faltimo dia de inscri\u00e7\u00f5es para Agente e Recenseador"}]},{"@type":"WebSite","@id":"https:\/\/www.estrategiaconcursos.com.br\/blog\/#website","url":"https:\/\/www.estrategiaconcursos.com.br\/blog\/","name":"Estrat\u00e9gia Concursos","description":"O blog da Estrat\u00e9gia Concursos traz not\u00edcias sobre concursos e artigos de professores oferecendo cursos para concursos (pdf + videaulas) no site.","publisher":{"@id":"https:\/\/www.estrategiaconcursos.com.br\/blog\/#organization"},"potentialAction":[{"@type":"SearchAction","target":{"@type":"EntryPoint","urlTemplate":"https:\/\/www.estrategiaconcursos.com.br\/blog\/?s={search_term_string}"},"query-input":{"@type":"PropertyValueSpecification","valueRequired":true,"valueName":"search_term_string"}}],"inLanguage":"pt-BR"},{"@type":"Organization","@id":"https:\/\/www.estrategiaconcursos.com.br\/blog\/#organization","name":"Estrat\u00e9gia Concursos","url":"https:\/\/www.estrategiaconcursos.com.br\/blog\/","logo":{"@type":"ImageObject","inLanguage":"pt-BR","@id":"https:\/\/www.estrategiaconcursos.com.br\/blog\/#\/schema\/logo\/image\/","url":"https:\/\/dhg1h5j42swfq.cloudfront.net\/2025\/06\/03203428\/logo_concursos-1.jpg","contentUrl":"https:\/\/dhg1h5j42swfq.cloudfront.net\/2025\/06\/03203428\/logo_concursos-1.jpg","width":230,"height":60,"caption":"Estrat\u00e9gia Concursos"},"image":{"@id":"https:\/\/www.estrategiaconcursos.com.br\/blog\/#\/schema\/logo\/image\/"},"sameAs":["https:\/\/x.com\/EstratConcursos"]},{"@type":"Person","@id":"https:\/\/www.estrategiaconcursos.com.br\/blog\/#\/schema\/person\/555176e5fb81029706226eaf88b58f77","name":"Heber Carvalho","image":{"@type":"ImageObject","inLanguage":"pt-BR","@id":"https:\/\/secure.gravatar.com\/avatar\/7fb00f951b5b5ef6352d915a4dd32e75828f1e329e22967291a52e461270e40a?s=96&d=mm&r=g","url":"https:\/\/secure.gravatar.com\/avatar\/7fb00f951b5b5ef6352d915a4dd32e75828f1e329e22967291a52e461270e40a?s=96&d=mm&r=g","contentUrl":"https:\/\/secure.gravatar.com\/avatar\/7fb00f951b5b5ef6352d915a4dd32e75828f1e329e22967291a52e461270e40a?s=96&d=mm&r=g","caption":"Heber Carvalho"},"sameAs":["https:\/\/www.facebook.com\/heber.economia","https:\/\/x.com\/https:\/\/twitter.com\/EstratConcursos"],"url":"https:\/\/www.estrategiaconcursos.com.br\/blog\/author\/hebercarvalhoestrategiaconcursos-com-br\/"}]}},"_links":{"self":[{"href":"https:\/\/www.estrategiaconcursos.com.br\/blog\/wp-json\/wp\/v2\/posts\/387709","targetHints":{"allow":["GET"]}}],"collection":[{"href":"https:\/\/www.estrategiaconcursos.com.br\/blog\/wp-json\/wp\/v2\/posts"}],"about":[{"href":"https:\/\/www.estrategiaconcursos.com.br\/blog\/wp-json\/wp\/v2\/types\/post"}],"author":[{"embeddable":true,"href":"https:\/\/www.estrategiaconcursos.com.br\/blog\/wp-json\/wp\/v2\/users\/13"}],"replies":[{"embeddable":true,"href":"https:\/\/www.estrategiaconcursos.com.br\/blog\/wp-json\/wp\/v2\/comments?post=387709"}],"version-history":[{"count":4,"href":"https:\/\/www.estrategiaconcursos.com.br\/blog\/wp-json\/wp\/v2\/posts\/387709\/revisions"}],"predecessor-version":[{"id":387889,"href":"https:\/\/www.estrategiaconcursos.com.br\/blog\/wp-json\/wp\/v2\/posts\/387709\/revisions\/387889"}],"wp:featuredmedia":[{"embeddable":true,"href":"https:\/\/www.estrategiaconcursos.com.br\/blog\/wp-json\/wp\/v2\/media\/153588"}],"wp:attachment":[{"href":"https:\/\/www.estrategiaconcursos.com.br\/blog\/wp-json\/wp\/v2\/media?parent=387709"}],"wp:term":[{"taxonomy":"category","embeddable":true,"href":"https:\/\/www.estrategiaconcursos.com.br\/blog\/wp-json\/wp\/v2\/categories?post=387709"},{"taxonomy":"post_tag","embeddable":true,"href":"https:\/\/www.estrategiaconcursos.com.br\/blog\/wp-json\/wp\/v2\/tags?post=387709"},{"taxonomy":"tax_estado","embeddable":true,"href":"https:\/\/www.estrategiaconcursos.com.br\/blog\/wp-json\/wp\/v2\/tax_estado?post=387709"}],"curies":[{"name":"wp","href":"https:\/\/api.w.org\/{rel}","templated":true}]}}