{"id":387641,"date":"2019-06-14T10:13:19","date_gmt":"2019-06-14T13:13:19","guid":{"rendered":"https:\/\/www.estrategiaconcursos.com.br\/blog\/?p=387641"},"modified":"2019-06-14T16:10:43","modified_gmt":"2019-06-14T19:10:43","slug":"concurso-policia-cientifica-para-retificacao-cronograma","status":"publish","type":"post","link":"https:\/\/www.estrategiaconcursos.com.br\/blog\/concurso-policia-cientifica-para-retificacao-cronograma\/","title":{"rendered":"Concurso Pol\u00edcia Cient\u00edfica Par\u00e1: retifica\u00e7\u00e3o altera  cronograma do certame"},"content":{"rendered":"\n<p>Foi publicado nesta sexta-feira, 14 de junho, no Di\u00e1rio Oficial do Estado, uma retifica\u00e7\u00e3o no edital do concurso Pol\u00edcia Cient\u00edfica do Par\u00e1. A altera\u00e7\u00e3o foi feita no cronograma do certame<\/p>\n\n\n\n<p>Dentre as mudan\u00e7as realizadas est\u00e3o a data da etapa de exames m\u00e9dicos, o resultado preliminar e a etapa de testes de aptid\u00e3o f\u00edsica. <\/p>\n\n\n\n<p>Al\u00e9m disso, locais e hor\u00e1rios da segunda fase de exames m\u00e9dicos foram publicados. O concurso p\u00fablico visa ofertar <strong>95 vagas<\/strong>\u00a0para cargos de N\u00edvel M\u00e9dio e Superior. A organiza\u00e7\u00e3o do certame ficou por conta da Funda\u00e7\u00e3o de Amparo e Desenvolvimento da Pesquisa, a <strong>Fadesp<\/strong>. <\/p>\n\n\n\n<p><em><strong>Abaixo voc\u00ea confere as novas datas do concurso Pol\u00edcia Cient\u00edfica Par\u00e1:<\/strong><\/em><\/p>\n\n\n\n<div class=\"wp-block-image\"><figure class=\"aligncenter is-resized\"><img loading=\"lazy\" decoding=\"async\" src=\"https:\/\/dhg1h5j42swfq.cloudfront.net\/2019\/06\/14093406\/concurso-pol%C3%ADcia-cient%C3%ADfica-par%C3%A1.png.png\" alt=\"Concurso Pol\u00edcia Cient\u00edfica Par\u00e1\" class=\"wp-image-387660\" width=\"632\" height=\"184\" srcset=\"https:\/\/dhg1h5j42swfq.cloudfront.net\/2019\/06\/14093406\/concurso-pol%C3%ADcia-cient%C3%ADfica-par%C3%A1.png.png 715w, https:\/\/dhg1h5j42swfq.cloudfront.net\/2019\/06\/14093406\/concurso-pol%C3%ADcia-cient%C3%ADfica-par%C3%A1.png.png 300w, https:\/\/dhg1h5j42swfq.cloudfront.net\/2019\/06\/14093406\/concurso-pol%C3%ADcia-cient%C3%ADfica-par%C3%A1.png.png 610w\" sizes=\"auto, (max-width: 632px) 100vw, 632px\" \/><\/figure><\/div>\n\n\n\n<p><em>Clique no link abaixo e confira as informa\u00e7\u00f5es da 2\u00b0 etapa de exames m\u00e9dicos do concurso Pol\u00edcia Cient\u00edfica Par\u00e1:<\/em><\/p>\n\n\n\n<p style=\"text-align:center\" class=\"has-background has-medium-font-size has-very-light-gray-background-color\"><span style=\"text-decoration: underline;\"><strong><em><a rel=\"noreferrer noopener\" aria-label=\" 2\u00b0 etapa de exames m\u00e9dicos (abre numa nova aba)\" href=\"https:\/\/dhg1h5j42swfq.cloudfront.net\/2019\/06\/14094633\/Pol%C3%ADcia-Cient%C3%ADfica-Par%C3%A1-Exames-m%C3%A9dicos.pdf\" target=\"_blank\"> 2\u00b0 etapa de exames m\u00e9dicos<\/a><\/em><\/strong><\/span><\/p>\n\n\n\n<p style=\"font-size:22px;text-align:center\" class=\"has-background has-luminous-vivid-amber-background-color\"><strong><em>Mais informa\u00e7\u00f5es:<\/em><\/strong><span style=\"text-decoration: underline;\"><strong><em> <a href=\"https:\/\/www.estrategiaconcursos.com.br\/blog\/concurso-policia-cientifica-para\/\" target=\"_blank\" rel=\"noreferrer noopener\" aria-label=\"Concurso Pol\u00edcia Cient\u00edfica Par\u00e1 (abre numa nova aba)\">Concurso Pol\u00edcia Cient\u00edfica Par\u00e1<\/a><\/em><\/strong><\/span><\/p>\n\n\n\n<p style=\"font-size:19px;text-align:center\"><strong><em>Quer estudar para Concurso Pol\u00edcia Cient\u00edfica Par\u00e1?<\/em><\/strong><\/p>\n\n\n\n<p style=\"text-align:center\"><em><strong>Gostou desta oportunidade e deseja come\u00e7ar se preparar agora mesmo? Ent\u00e3o, confira os nossos cursos e comece a estudar para&nbsp;<\/strong><\/em><br \/><strong><em>Pol\u00edcia Cient\u00edfica Par\u00e1<\/em><\/strong><em><strong>:<\/strong><\/em><\/p>\n\n\n\n<p style=\"font-size:23px;text-align:center\" class=\"has-background has-luminous-vivid-amber-background-color\"><em><a rel=\"noreferrer noopener\" href=\"https:\/\/www.estrategiaconcursos.com.br\/cursos\/concurso\/\" target=\"_blank\"><strong>CURSO POL\u00cdCIA CIENT\u00cdFICA PAR\u00c1<\/strong><\/a><\/em><\/p>\n\n\n\n<p style=\"text-align:center\"><em><strong>Assinatura Anual Ilimitada*<\/strong><\/em><\/p>\n\n\n\n<p style=\"text-align:center\"><em>Prepare-se com o melhor material e com quem mais aprova em Concursos P\u00fablicos em todo o pa\u00eds. Assine agora a nossa Assinatura Anual e tenha acesso ilimitado* a todos os nossos cursos.<\/em><\/p>\n\n\n\n<p style=\"font-size:25px;text-align:center\" class=\"has-background has-light-green-cyan-background-color\"><strong>ASSINE AGORA<\/strong>\u00a0\u2013\u00a0<a rel=\"noreferrer noopener\" href=\"https:\/\/www.estrategiaconcursos.com.br\/assinaturas\" target=\"_blank\"><strong>Assinatura Ilimitada<\/strong><\/a><\/p>\n\n\n\n<p><em>Ascom Estrat\u00e9gia<\/em><br \/>ascomestrategia@gmail.com<\/p>\n\n\n\n<p style=\"text-align:center\"><em><strong>Receba not\u00edcias de Concursos no seu WhatsApp e\/ou Telegram!<\/strong><\/em><\/p>\n\n\n\n<p style=\"text-align:center\"><em><strong>Cadastre-se clicando no \u00edcone abaixo<\/strong><\/em><\/p>\n\n\n\n<p style=\"text-align:center\"><a rel=\"noreferrer noopener\" href=\"https:\/\/www.estrategiaconcursos.com.br\/blog\/noticias-de-concursos-whatsapp-estrategia-concursos\/\" target=\"_blank\">Not\u00edcias de concursos no seu WhatsApp e\/ou Telegram<\/a><\/p>\n","protected":false},"excerpt":{"rendered":"<p>Foi publicado nesta sexta-feira, 14 de junho, no Di\u00e1rio Oficial do Estado, uma retifica\u00e7\u00e3o no edital do concurso Pol\u00edcia Cient\u00edfica do Par\u00e1. A altera\u00e7\u00e3o foi feita no cronograma do certame Dentre as mudan\u00e7as realizadas est\u00e3o a data da etapa de exames m\u00e9dicos, o resultado preliminar e a etapa de testes de aptid\u00e3o f\u00edsica. Al\u00e9m disso, [&hellip;]<\/p>\n","protected":false},"author":552,"featured_media":116073,"comment_status":"open","ping_status":"closed","sticky":false,"template":"","format":"standard","meta":{"post_tipo":"article","footnotes":""},"categories":[1,1988],"tags":[],"tax_estado":[],"class_list":["post-387641","post","type-post","status-publish","format-standard","has-post-thumbnail","hentry","category-cursos-e-concursos","category-policia"],"acf":[],"yoast_head":"<!-- This site is optimized with the Yoast SEO Premium plugin v27.2 (Yoast SEO v27.2) - https:\/\/yoast.com\/product\/yoast-seo-premium-wordpress\/ -->\n<title>Concurso Pol\u00edcia Cient\u00edfica Par\u00e1: retifica\u00e7\u00e3o altera cronograma do certame<\/title>\n<meta name=\"description\" content=\"Concurso Pol\u00edcia Cient\u00edfica Par\u00e1: foram divulgados os locais, hor\u00e1rios e datas da 2\u00b0 fase de exames m\u00e9dicos; Saiba mais!!\" \/>\n<meta name=\"robots\" content=\"index, follow, max-snippet:-1, max-image-preview:large, max-video-preview:-1\" \/>\n<link rel=\"canonical\" href=\"https:\/\/www.estrategiaconcursos.com.br\/blog\/concurso-policia-cientifica-para-retificacao-cronograma\/\" \/>\n<meta property=\"og:locale\" content=\"pt_BR\" \/>\n<meta property=\"og:type\" content=\"article\" \/>\n<meta property=\"og:title\" content=\"Concurso Pol\u00edcia Cient\u00edfica Par\u00e1: retifica\u00e7\u00e3o altera cronograma do certame\" \/>\n<meta property=\"og:description\" content=\"Concurso Pol\u00edcia Cient\u00edfica Par\u00e1: foram divulgados os locais, hor\u00e1rios e datas da 2\u00b0 fase de exames m\u00e9dicos; Saiba mais!!\" \/>\n<meta property=\"og:url\" content=\"https:\/\/www.estrategiaconcursos.com.br\/blog\/concurso-policia-cientifica-para-retificacao-cronograma\/\" \/>\n<meta property=\"og:site_name\" content=\"Estrat\u00e9gia Concursos\" \/>\n<meta property=\"article:published_time\" content=\"2019-06-14T13:13:19+00:00\" \/>\n<meta property=\"article:modified_time\" content=\"2019-06-14T19:10:43+00:00\" \/>\n<meta property=\"og:image\" content=\"https:\/\/dhg1h5j42swfq.cloudfront.net\/2017\/08\/12151301\/pc-pa.jpg\" \/>\n\t<meta property=\"og:image:width\" content=\"1200\" \/>\n\t<meta property=\"og:image:height\" content=\"628\" \/>\n\t<meta property=\"og:image:type\" content=\"image\/jpeg\" \/>\n<meta name=\"author\" content=\"Paulo Bilynskyj\" \/>\n<meta name=\"twitter:card\" content=\"summary_large_image\" \/>\n<meta name=\"twitter:creator\" content=\"@EstratConcursos\" \/>\n<meta name=\"twitter:site\" content=\"@EstratConcursos\" \/>\n<meta name=\"twitter:label1\" content=\"Escrito por\" \/>\n\t<meta name=\"twitter:data1\" content=\"Paulo Bilynskyj\" \/>\n\t<meta name=\"twitter:label2\" content=\"Est. tempo de leitura\" \/>\n\t<meta name=\"twitter:data2\" content=\"1 minuto\" \/>\n<script type=\"application\/ld+json\" class=\"yoast-schema-graph\">{\"@context\":\"https:\/\/schema.org\",\"@graph\":[{\"@type\":\"NewsArticle\",\"@id\":\"https:\/\/www.estrategiaconcursos.com.br\/blog\/concurso-policia-cientifica-para-retificacao-cronograma\/#article\",\"isPartOf\":{\"@id\":\"https:\/\/www.estrategiaconcursos.com.br\/blog\/concurso-policia-cientifica-para-retificacao-cronograma\/\"},\"author\":{\"name\":\"Paulo Bilynskyj\",\"@id\":\"https:\/\/www.estrategiaconcursos.com.br\/blog\/#\/schema\/person\/a630b15e36f45b4c21fed01219843cb5\"},\"headline\":\"Concurso Pol\u00edcia Cient\u00edfica Par\u00e1: retifica\u00e7\u00e3o altera cronograma do certame\",\"datePublished\":\"2019-06-14T13:13:19+00:00\",\"dateModified\":\"2019-06-14T19:10:43+00:00\",\"mainEntityOfPage\":{\"@id\":\"https:\/\/www.estrategiaconcursos.com.br\/blog\/concurso-policia-cientifica-para-retificacao-cronograma\/\"},\"wordCount\":290,\"commentCount\":0,\"publisher\":{\"@id\":\"https:\/\/www.estrategiaconcursos.com.br\/blog\/#organization\"},\"image\":{\"@id\":\"https:\/\/www.estrategiaconcursos.com.br\/blog\/concurso-policia-cientifica-para-retificacao-cronograma\/#primaryimage\"},\"thumbnailUrl\":\"https:\/\/dhg1h5j42swfq.cloudfront.net\/2017\/08\/12151301\/pc-pa.jpg\",\"articleSection\":[\"Concursos P\u00fablicos\",\"Policial (Agente, Escriv\u00e3o e Investigador)\"],\"inLanguage\":\"pt-BR\",\"potentialAction\":[{\"@type\":\"CommentAction\",\"name\":\"Comment\",\"target\":[\"https:\/\/www.estrategiaconcursos.com.br\/blog\/concurso-policia-cientifica-para-retificacao-cronograma\/#respond\"]}],\"copyrightYear\":\"2019\",\"copyrightHolder\":{\"@id\":\"https:\/\/www.estrategiaconcursos.com.br\/blog\/#organization\"}},{\"@type\":\"WebPage\",\"@id\":\"https:\/\/www.estrategiaconcursos.com.br\/blog\/concurso-policia-cientifica-para-retificacao-cronograma\/\",\"url\":\"https:\/\/www.estrategiaconcursos.com.br\/blog\/concurso-policia-cientifica-para-retificacao-cronograma\/\",\"name\":\"Concurso Pol\u00edcia Cient\u00edfica Par\u00e1: retifica\u00e7\u00e3o altera cronograma do certame\",\"isPartOf\":{\"@id\":\"https:\/\/www.estrategiaconcursos.com.br\/blog\/#website\"},\"primaryImageOfPage\":{\"@id\":\"https:\/\/www.estrategiaconcursos.com.br\/blog\/concurso-policia-cientifica-para-retificacao-cronograma\/#primaryimage\"},\"image\":{\"@id\":\"https:\/\/www.estrategiaconcursos.com.br\/blog\/concurso-policia-cientifica-para-retificacao-cronograma\/#primaryimage\"},\"thumbnailUrl\":\"https:\/\/dhg1h5j42swfq.cloudfront.net\/2017\/08\/12151301\/pc-pa.jpg\",\"datePublished\":\"2019-06-14T13:13:19+00:00\",\"dateModified\":\"2019-06-14T19:10:43+00:00\",\"description\":\"Concurso Pol\u00edcia Cient\u00edfica Par\u00e1: foram divulgados os locais, hor\u00e1rios e datas da 2\u00b0 fase de exames m\u00e9dicos; Saiba mais!!\",\"breadcrumb\":{\"@id\":\"https:\/\/www.estrategiaconcursos.com.br\/blog\/concurso-policia-cientifica-para-retificacao-cronograma\/#breadcrumb\"},\"inLanguage\":\"pt-BR\",\"potentialAction\":[{\"@type\":\"ReadAction\",\"target\":[\"https:\/\/www.estrategiaconcursos.com.br\/blog\/concurso-policia-cientifica-para-retificacao-cronograma\/\"]}]},{\"@type\":\"ImageObject\",\"inLanguage\":\"pt-BR\",\"@id\":\"https:\/\/www.estrategiaconcursos.com.br\/blog\/concurso-policia-cientifica-para-retificacao-cronograma\/#primaryimage\",\"url\":\"https:\/\/dhg1h5j42swfq.cloudfront.net\/2017\/08\/12151301\/pc-pa.jpg\",\"contentUrl\":\"https:\/\/dhg1h5j42swfq.cloudfront.net\/2017\/08\/12151301\/pc-pa.jpg\",\"width\":1200,\"height\":628,\"caption\":\"concurso pc pa\"},{\"@type\":\"BreadcrumbList\",\"@id\":\"https:\/\/www.estrategiaconcursos.com.br\/blog\/concurso-policia-cientifica-para-retificacao-cronograma\/#breadcrumb\",\"itemListElement\":[{\"@type\":\"ListItem\",\"position\":1,\"name\":\"In\u00edcio\",\"item\":\"https:\/\/www.estrategiaconcursos.com.br\/blog\/\"},{\"@type\":\"ListItem\",\"position\":2,\"name\":\"Concurso Pol\u00edcia Cient\u00edfica Par\u00e1: retifica\u00e7\u00e3o altera cronograma do certame\"}]},{\"@type\":\"WebSite\",\"@id\":\"https:\/\/www.estrategiaconcursos.com.br\/blog\/#website\",\"url\":\"https:\/\/www.estrategiaconcursos.com.br\/blog\/\",\"name\":\"Estrat\u00e9gia Concursos\",\"description\":\"O blog da Estrat\u00e9gia Concursos traz not\u00edcias sobre concursos e artigos de professores oferecendo cursos para concursos (pdf + videaulas) no site.\",\"publisher\":{\"@id\":\"https:\/\/www.estrategiaconcursos.com.br\/blog\/#organization\"},\"potentialAction\":[{\"@type\":\"SearchAction\",\"target\":{\"@type\":\"EntryPoint\",\"urlTemplate\":\"https:\/\/www.estrategiaconcursos.com.br\/blog\/?s={search_term_string}\"},\"query-input\":{\"@type\":\"PropertyValueSpecification\",\"valueRequired\":true,\"valueName\":\"search_term_string\"}}],\"inLanguage\":\"pt-BR\"},{\"@type\":\"Organization\",\"@id\":\"https:\/\/www.estrategiaconcursos.com.br\/blog\/#organization\",\"name\":\"Estrat\u00e9gia Concursos\",\"url\":\"https:\/\/www.estrategiaconcursos.com.br\/blog\/\",\"logo\":{\"@type\":\"ImageObject\",\"inLanguage\":\"pt-BR\",\"@id\":\"https:\/\/www.estrategiaconcursos.com.br\/blog\/#\/schema\/logo\/image\/\",\"url\":\"https:\/\/dhg1h5j42swfq.cloudfront.net\/2025\/06\/03203428\/logo_concursos-1.jpg\",\"contentUrl\":\"https:\/\/dhg1h5j42swfq.cloudfront.net\/2025\/06\/03203428\/logo_concursos-1.jpg\",\"width\":230,\"height\":60,\"caption\":\"Estrat\u00e9gia Concursos\"},\"image\":{\"@id\":\"https:\/\/www.estrategiaconcursos.com.br\/blog\/#\/schema\/logo\/image\/\"},\"sameAs\":[\"https:\/\/x.com\/EstratConcursos\"]},{\"@type\":\"Person\",\"@id\":\"https:\/\/www.estrategiaconcursos.com.br\/blog\/#\/schema\/person\/a630b15e36f45b4c21fed01219843cb5\",\"name\":\"Paulo Bilynskyj\",\"image\":{\"@type\":\"ImageObject\",\"inLanguage\":\"pt-BR\",\"@id\":\"https:\/\/secure.gravatar.com\/avatar\/37e21f70c9042e7456beffdc6d31fe051f3f6dcbf252f69343a791b144852057?s=96&d=mm&r=g\",\"url\":\"https:\/\/secure.gravatar.com\/avatar\/37e21f70c9042e7456beffdc6d31fe051f3f6dcbf252f69343a791b144852057?s=96&d=mm&r=g\",\"contentUrl\":\"https:\/\/secure.gravatar.com\/avatar\/37e21f70c9042e7456beffdc6d31fe051f3f6dcbf252f69343a791b144852057?s=96&d=mm&r=g\",\"caption\":\"Paulo Bilynskyj\"},\"url\":\"https:\/\/www.estrategiaconcursos.com.br\/blog\/author\/pbilynskyjgmail-com\/\"}]}<\/script>\n<!-- \/ Yoast SEO Premium plugin. -->","yoast_head_json":{"title":"Concurso Pol\u00edcia Cient\u00edfica Par\u00e1: retifica\u00e7\u00e3o altera cronograma do certame","description":"Concurso Pol\u00edcia Cient\u00edfica Par\u00e1: foram divulgados os locais, hor\u00e1rios e datas da 2\u00b0 fase de exames m\u00e9dicos; Saiba mais!!","robots":{"index":"index","follow":"follow","max-snippet":"max-snippet:-1","max-image-preview":"max-image-preview:large","max-video-preview":"max-video-preview:-1"},"canonical":"https:\/\/www.estrategiaconcursos.com.br\/blog\/concurso-policia-cientifica-para-retificacao-cronograma\/","og_locale":"pt_BR","og_type":"article","og_title":"Concurso Pol\u00edcia Cient\u00edfica Par\u00e1: retifica\u00e7\u00e3o altera cronograma do certame","og_description":"Concurso Pol\u00edcia Cient\u00edfica Par\u00e1: foram divulgados os locais, hor\u00e1rios e datas da 2\u00b0 fase de exames m\u00e9dicos; Saiba mais!!","og_url":"https:\/\/www.estrategiaconcursos.com.br\/blog\/concurso-policia-cientifica-para-retificacao-cronograma\/","og_site_name":"Estrat\u00e9gia Concursos","article_published_time":"2019-06-14T13:13:19+00:00","article_modified_time":"2019-06-14T19:10:43+00:00","og_image":[{"width":1200,"height":628,"url":"https:\/\/dhg1h5j42swfq.cloudfront.net\/2017\/08\/12151301\/pc-pa.jpg","type":"image\/jpeg"}],"author":"Paulo Bilynskyj","twitter_card":"summary_large_image","twitter_creator":"@EstratConcursos","twitter_site":"@EstratConcursos","twitter_misc":{"Escrito por":"Paulo Bilynskyj","Est. tempo de leitura":"1 minuto"},"schema":{"@context":"https:\/\/schema.org","@graph":[{"@type":"NewsArticle","@id":"https:\/\/www.estrategiaconcursos.com.br\/blog\/concurso-policia-cientifica-para-retificacao-cronograma\/#article","isPartOf":{"@id":"https:\/\/www.estrategiaconcursos.com.br\/blog\/concurso-policia-cientifica-para-retificacao-cronograma\/"},"author":{"name":"Paulo Bilynskyj","@id":"https:\/\/www.estrategiaconcursos.com.br\/blog\/#\/schema\/person\/a630b15e36f45b4c21fed01219843cb5"},"headline":"Concurso Pol\u00edcia Cient\u00edfica Par\u00e1: retifica\u00e7\u00e3o altera cronograma do certame","datePublished":"2019-06-14T13:13:19+00:00","dateModified":"2019-06-14T19:10:43+00:00","mainEntityOfPage":{"@id":"https:\/\/www.estrategiaconcursos.com.br\/blog\/concurso-policia-cientifica-para-retificacao-cronograma\/"},"wordCount":290,"commentCount":0,"publisher":{"@id":"https:\/\/www.estrategiaconcursos.com.br\/blog\/#organization"},"image":{"@id":"https:\/\/www.estrategiaconcursos.com.br\/blog\/concurso-policia-cientifica-para-retificacao-cronograma\/#primaryimage"},"thumbnailUrl":"https:\/\/dhg1h5j42swfq.cloudfront.net\/2017\/08\/12151301\/pc-pa.jpg","articleSection":["Concursos P\u00fablicos","Policial (Agente, Escriv\u00e3o e Investigador)"],"inLanguage":"pt-BR","potentialAction":[{"@type":"CommentAction","name":"Comment","target":["https:\/\/www.estrategiaconcursos.com.br\/blog\/concurso-policia-cientifica-para-retificacao-cronograma\/#respond"]}],"copyrightYear":"2019","copyrightHolder":{"@id":"https:\/\/www.estrategiaconcursos.com.br\/blog\/#organization"}},{"@type":"WebPage","@id":"https:\/\/www.estrategiaconcursos.com.br\/blog\/concurso-policia-cientifica-para-retificacao-cronograma\/","url":"https:\/\/www.estrategiaconcursos.com.br\/blog\/concurso-policia-cientifica-para-retificacao-cronograma\/","name":"Concurso Pol\u00edcia Cient\u00edfica Par\u00e1: retifica\u00e7\u00e3o altera cronograma do certame","isPartOf":{"@id":"https:\/\/www.estrategiaconcursos.com.br\/blog\/#website"},"primaryImageOfPage":{"@id":"https:\/\/www.estrategiaconcursos.com.br\/blog\/concurso-policia-cientifica-para-retificacao-cronograma\/#primaryimage"},"image":{"@id":"https:\/\/www.estrategiaconcursos.com.br\/blog\/concurso-policia-cientifica-para-retificacao-cronograma\/#primaryimage"},"thumbnailUrl":"https:\/\/dhg1h5j42swfq.cloudfront.net\/2017\/08\/12151301\/pc-pa.jpg","datePublished":"2019-06-14T13:13:19+00:00","dateModified":"2019-06-14T19:10:43+00:00","description":"Concurso Pol\u00edcia Cient\u00edfica Par\u00e1: foram divulgados os locais, hor\u00e1rios e datas da 2\u00b0 fase de exames m\u00e9dicos; Saiba mais!!","breadcrumb":{"@id":"https:\/\/www.estrategiaconcursos.com.br\/blog\/concurso-policia-cientifica-para-retificacao-cronograma\/#breadcrumb"},"inLanguage":"pt-BR","potentialAction":[{"@type":"ReadAction","target":["https:\/\/www.estrategiaconcursos.com.br\/blog\/concurso-policia-cientifica-para-retificacao-cronograma\/"]}]},{"@type":"ImageObject","inLanguage":"pt-BR","@id":"https:\/\/www.estrategiaconcursos.com.br\/blog\/concurso-policia-cientifica-para-retificacao-cronograma\/#primaryimage","url":"https:\/\/dhg1h5j42swfq.cloudfront.net\/2017\/08\/12151301\/pc-pa.jpg","contentUrl":"https:\/\/dhg1h5j42swfq.cloudfront.net\/2017\/08\/12151301\/pc-pa.jpg","width":1200,"height":628,"caption":"concurso pc pa"},{"@type":"BreadcrumbList","@id":"https:\/\/www.estrategiaconcursos.com.br\/blog\/concurso-policia-cientifica-para-retificacao-cronograma\/#breadcrumb","itemListElement":[{"@type":"ListItem","position":1,"name":"In\u00edcio","item":"https:\/\/www.estrategiaconcursos.com.br\/blog\/"},{"@type":"ListItem","position":2,"name":"Concurso Pol\u00edcia Cient\u00edfica Par\u00e1: retifica\u00e7\u00e3o altera cronograma do certame"}]},{"@type":"WebSite","@id":"https:\/\/www.estrategiaconcursos.com.br\/blog\/#website","url":"https:\/\/www.estrategiaconcursos.com.br\/blog\/","name":"Estrat\u00e9gia Concursos","description":"O blog da Estrat\u00e9gia Concursos traz not\u00edcias sobre concursos e artigos de professores oferecendo cursos para concursos (pdf + videaulas) no site.","publisher":{"@id":"https:\/\/www.estrategiaconcursos.com.br\/blog\/#organization"},"potentialAction":[{"@type":"SearchAction","target":{"@type":"EntryPoint","urlTemplate":"https:\/\/www.estrategiaconcursos.com.br\/blog\/?s={search_term_string}"},"query-input":{"@type":"PropertyValueSpecification","valueRequired":true,"valueName":"search_term_string"}}],"inLanguage":"pt-BR"},{"@type":"Organization","@id":"https:\/\/www.estrategiaconcursos.com.br\/blog\/#organization","name":"Estrat\u00e9gia Concursos","url":"https:\/\/www.estrategiaconcursos.com.br\/blog\/","logo":{"@type":"ImageObject","inLanguage":"pt-BR","@id":"https:\/\/www.estrategiaconcursos.com.br\/blog\/#\/schema\/logo\/image\/","url":"https:\/\/dhg1h5j42swfq.cloudfront.net\/2025\/06\/03203428\/logo_concursos-1.jpg","contentUrl":"https:\/\/dhg1h5j42swfq.cloudfront.net\/2025\/06\/03203428\/logo_concursos-1.jpg","width":230,"height":60,"caption":"Estrat\u00e9gia Concursos"},"image":{"@id":"https:\/\/www.estrategiaconcursos.com.br\/blog\/#\/schema\/logo\/image\/"},"sameAs":["https:\/\/x.com\/EstratConcursos"]},{"@type":"Person","@id":"https:\/\/www.estrategiaconcursos.com.br\/blog\/#\/schema\/person\/a630b15e36f45b4c21fed01219843cb5","name":"Paulo Bilynskyj","image":{"@type":"ImageObject","inLanguage":"pt-BR","@id":"https:\/\/secure.gravatar.com\/avatar\/37e21f70c9042e7456beffdc6d31fe051f3f6dcbf252f69343a791b144852057?s=96&d=mm&r=g","url":"https:\/\/secure.gravatar.com\/avatar\/37e21f70c9042e7456beffdc6d31fe051f3f6dcbf252f69343a791b144852057?s=96&d=mm&r=g","contentUrl":"https:\/\/secure.gravatar.com\/avatar\/37e21f70c9042e7456beffdc6d31fe051f3f6dcbf252f69343a791b144852057?s=96&d=mm&r=g","caption":"Paulo Bilynskyj"},"url":"https:\/\/www.estrategiaconcursos.com.br\/blog\/author\/pbilynskyjgmail-com\/"}]}},"_links":{"self":[{"href":"https:\/\/www.estrategiaconcursos.com.br\/blog\/wp-json\/wp\/v2\/posts\/387641","targetHints":{"allow":["GET"]}}],"collection":[{"href":"https:\/\/www.estrategiaconcursos.com.br\/blog\/wp-json\/wp\/v2\/posts"}],"about":[{"href":"https:\/\/www.estrategiaconcursos.com.br\/blog\/wp-json\/wp\/v2\/types\/post"}],"author":[{"embeddable":true,"href":"https:\/\/www.estrategiaconcursos.com.br\/blog\/wp-json\/wp\/v2\/users\/552"}],"replies":[{"embeddable":true,"href":"https:\/\/www.estrategiaconcursos.com.br\/blog\/wp-json\/wp\/v2\/comments?post=387641"}],"version-history":[{"count":1,"href":"https:\/\/www.estrategiaconcursos.com.br\/blog\/wp-json\/wp\/v2\/posts\/387641\/revisions"}],"predecessor-version":[{"id":387702,"href":"https:\/\/www.estrategiaconcursos.com.br\/blog\/wp-json\/wp\/v2\/posts\/387641\/revisions\/387702"}],"wp:featuredmedia":[{"embeddable":true,"href":"https:\/\/www.estrategiaconcursos.com.br\/blog\/wp-json\/wp\/v2\/media\/116073"}],"wp:attachment":[{"href":"https:\/\/www.estrategiaconcursos.com.br\/blog\/wp-json\/wp\/v2\/media?parent=387641"}],"wp:term":[{"taxonomy":"category","embeddable":true,"href":"https:\/\/www.estrategiaconcursos.com.br\/blog\/wp-json\/wp\/v2\/categories?post=387641"},{"taxonomy":"post_tag","embeddable":true,"href":"https:\/\/www.estrategiaconcursos.com.br\/blog\/wp-json\/wp\/v2\/tags?post=387641"},{"taxonomy":"tax_estado","embeddable":true,"href":"https:\/\/www.estrategiaconcursos.com.br\/blog\/wp-json\/wp\/v2\/tax_estado?post=387641"}],"curies":[{"name":"wp","href":"https:\/\/api.w.org\/{rel}","templated":true}]}}