{"id":387633,"date":"2019-06-14T09:46:27","date_gmt":"2019-06-14T12:46:27","guid":{"rendered":"https:\/\/www.estrategiaconcursos.com.br\/blog\/?p=387633"},"modified":"2019-06-17T11:11:55","modified_gmt":"2019-06-17T14:11:55","slug":"concurso-ifbaiano-sofre-retificacoes-e-altera-vagas-e-cargos","status":"publish","type":"post","link":"https:\/\/www.estrategiaconcursos.com.br\/blog\/concurso-ifbaiano-sofre-retificacoes-e-altera-vagas-e-cargos\/","title":{"rendered":"Concurso IFBaiano sofre retifica\u00e7\u00f5es e altera vagas e cargos"},"content":{"rendered":"\n<p>O Concurso IFBaiano sofreu importantes mudan\u00e7as em seu edital, recentemente publicado.<\/p>\n\n\n\n<p>Anteriormente, o edital do Instituto Federal de Educa\u00e7\u00e3o, Ci\u00eancia e Tecnologia Baiano oferecia 59 vagas para 29 cargos e agora, com a retifica\u00e7\u00e3o, ser\u00e3o 53 vagas para 24 cargos.<\/p>\n\n\n\n<p>Al\u00e9m disso, um dos cargos ofertados foi renomeado. O cargo de Agroind\u00fastria foi transformado em <strong>Ci\u00eancia e Tecnologia dos Alimentos<\/strong>.<\/p>\n\n\n\n<p>Confira os cargos que foram <strong><em>exclu\u00eddos<\/em><\/strong> do edital:<\/p>\n\n\n\n<ul class=\"wp-block-list\"><li>T\u00e9cnico em Enfermagem<\/li><li>Jornalista<\/li><li>Arte<\/li><li>Filosofia<\/li><li>Zootecnia<\/li><\/ul>\n\n\n\n<h2 class=\"wp-block-heading\">O Concurso IFBaiano<\/h2>\n\n\n\n<p>S\u00e3o ofertados no total,&nbsp;<strong>53 vagas<\/strong>, sendo&nbsp;<strong>23 para N\u00edvel T\u00e9cnic<\/strong>o e&nbsp;<strong>30 para N\u00edvel Superior.<\/strong>&nbsp;A remunera\u00e7\u00e3o inicial do cargo pode variar entre 4.463,93 podendo chegar a 9.600,92 com gratifica\u00e7\u00f5es.<\/p>\n\n\n\n<p>Os candidatos poder\u00e3o se inscrever a partir do dia 08\/07\/2019 a 07\/08\/2019   no site da pr\u00f3pria Universidade.<\/p>\n\n\n\n<h3 class=\"wp-block-heading\">As vagas e cargos<\/h3>\n\n\n\n<h4 class=\"wp-block-heading\">N\u00edvel T\u00e9cnico<\/h4>\n\n\n\n<ul class=\"wp-block-list\"><li><em>T\u00e9cnico em Assuntos Educacionais -2 vagas<\/em><\/li><li><em>Assistente em Administra\u00e7\u00e3o 12 vagas<\/em><\/li><li><em>T\u00e9cnico de Laborat\u00f3rio\/Biologia \u2013 1 vaga<\/em><\/li><li><em>T\u00e9cnico de Laborat\u00f3rio\/Inform\u00e1tica \u2013 4 vaga<\/em>s<\/li><li><em>T\u00e9cnico em Audiovisual \u2013 2 vagas<\/em><\/li><li><em>T\u00e9cnico em Artes Gr\u00e1ficas \u2013 1 vaga<\/em><\/li><li><em><s>T\u00e9cnico em Enfermagem \u2013 1 vaga<\/s><\/em> (exclu\u00eddo)<\/li><li><em>T\u00e9cnico em Tecnologia da Informa\u00e7\u00e3o \u2013 3 vagas<\/em><\/li><li><em>T\u00e9cnico de Seguran\u00e7a do Trabalho \u2013 1 vaga<\/em><\/li><\/ul>\n\n\n\n<h4 class=\"wp-block-heading\">N\u00edvel Superior<\/h4>\n\n\n\n<ul class=\"wp-block-list\"><li><em>Administrador \u2013 2 vaga<\/em>s<\/li><li><em><strong>Ci\u00eancia e Tecnologia de Alimentos <\/strong>\u2013 2 vagas<\/em><\/li><li><em><s>Arte \u2013 2 vagas<\/s><\/em> (exclu\u00eddo)<\/li><li><em><s>Filosofia \u2013 1 vaga<\/s><\/em> (exclu\u00eddo)<\/li><li><em>Inform\u00e1tica \u2013 4 vagas<\/em><\/li><li><em>Licenciatura nem Letras \/ Libras \u2013 2 vagas<\/em><\/li><li><em>Licenciatura em Educa\u00e7\u00e3o F\u00edsica \u2013 1 vaga<\/em><\/li><li><em>Licenciatura em Geografia \u2013 1 vaga<\/em><\/li><li><em>Licenciatura em F\u00edsica \u2013 1 vaga<\/em><\/li><li><em>Licenciatura em Matem\u00e1tica \u2013 2 vagas<\/em><\/li><li><em>Licenciatura em Pedagogia \u2013 2 vagas<\/em><\/li><li><em>Licenciatura em qu\u00edmica \u2013 2 vagas<\/em><\/li><li><em>Nutri\u00e7\u00e3o \u2013 1 vaga<\/em><\/li><li><em>Sociologia \u2013 1 vaga<\/em><\/li><li><em><s>Zootecnia \u2013 1 vaga<\/s><\/em> (exclu\u00eddo)<\/li><li><em>Contador -1 vaga<\/em><\/li><li><em><s>Jornalista \u2013 1 vaga<\/s><\/em> (exclu\u00eddo) <\/li><li><em>Odont\u00f3logo -1 vaga<\/em><\/li><li><em>Pedagogo \u2013 1 vaga<\/em><\/li><li><em>Agrimensura -3 vagas<\/em><\/li><\/ul>\n\n\n\n<p>Acesse a retifica\u00e7\u00e3o completa:<\/p>\n\n\n\n<div class=\"wp-block-file\"><a href=\"https:\/\/www.estrategiaconcursos.com.br\/blog\/wp-content\/uploads\/2019\/06\/Retifica\u00e7\u00e3o_-_Edital_IFBaiano_2019.pdf\" target=\"_blank\" rel=\"noreferrer noopener\">Retifica\u00e7\u00e3o_-_Edital_IFBaiano_2019<\/a><a href=\"https:\/\/www.estrategiaconcursos.com.br\/blog\/wp-content\/uploads\/2019\/06\/Retifica\u00e7\u00e3o_-_Edital_IFBaiano_2019.pdf\" class=\"wp-block-file__button\" download>Baixar<\/a><\/div>\n\n\n\n<p style=\"text-align:center\"><strong>Quer saber mais sobre este certame? Confira a mat\u00e9ria completa e saia na frente:<\/strong><\/p>\n\n\n\n<p style=\"text-align:center\" class=\"has-background has-medium-font-size has-luminous-vivid-amber-background-color\"><a href=\"https:\/\/www.estrategiaconcursos.com.br\/blog\/concurso-ifbaiano\/\"><strong>Concurso IFBaiano<\/strong><\/a><\/p>\n\n\n\n<p><em><strong>Assinatura Anual Ilimitada*<\/strong><\/em><\/p>\n\n\n\n<p><em>Prepare-se com o melhor material e com quem mais aprova em Concursos P\u00fablicos em todo o pa\u00eds. Assine agora a nossa Assinatura Anual e tenha acesso ilimitado* a todos os nossos cursos.<\/em><\/p>\n\n\n\n<p style=\"text-align:center\" class=\"has-background has-light-green-cyan-background-color\"><strong>ASSINE AGORA<\/strong>&nbsp;\u2013&nbsp;<a rel=\"noreferrer noopener\" href=\"https:\/\/www.estrategiaconcursos.com.br\/assinaturas\" target=\"_blank\"><strong>Assinatura Ilimitada<\/strong><\/a><\/p>\n\n\n\n<p>N<em>at\u00e1lia Scarano<br \/>ascom<br \/>ascomestrategia@gmail.com<\/em><\/p>\n","protected":false},"excerpt":{"rendered":"<p>O Concurso IFBaiano sofreu importantes mudan\u00e7as em seu edital, recentemente publicado. Anteriormente, o edital do Instituto Federal de Educa\u00e7\u00e3o, Ci\u00eancia e Tecnologia Baiano oferecia 59 vagas para 29 cargos e agora, com a retifica\u00e7\u00e3o, ser\u00e3o 53 vagas para 24 cargos. Al\u00e9m disso, um dos cargos ofertados foi renomeado. O cargo de Agroind\u00fastria foi transformado em [&hellip;]<\/p>\n","protected":false},"author":657,"featured_media":387668,"comment_status":"open","ping_status":"closed","sticky":false,"template":"","format":"standard","meta":{"post_tipo":"article","footnotes":""},"categories":[1],"tags":[],"tax_estado":[],"class_list":["post-387633","post","type-post","status-publish","format-standard","has-post-thumbnail","hentry","category-cursos-e-concursos"],"acf":[],"yoast_head":"<!-- This site is optimized with the Yoast SEO Premium plugin v27.2 (Yoast SEO v27.2) - https:\/\/yoast.com\/product\/yoast-seo-premium-wordpress\/ -->\n<title>Concurso IFBaiano sofre retifica\u00e7\u00f5es e altera vagas e cargos<\/title>\n<meta name=\"description\" content=\"Concurso IFBaiano passa por retifica\u00e7\u00f5es importantes e altera cargos e vagas em seu edital. Confira todas as informa\u00e7\u00f5es e saia na frente!\" \/>\n<meta name=\"robots\" content=\"index, follow, max-snippet:-1, max-image-preview:large, max-video-preview:-1\" \/>\n<link rel=\"canonical\" href=\"https:\/\/www.estrategiaconcursos.com.br\/blog\/concurso-ifbaiano-sofre-retificacoes-e-altera-vagas-e-cargos\/\" \/>\n<meta property=\"og:locale\" content=\"pt_BR\" \/>\n<meta property=\"og:type\" content=\"article\" \/>\n<meta property=\"og:title\" content=\"Concurso IFBaiano sofre retifica\u00e7\u00f5es e altera vagas e cargos\" \/>\n<meta property=\"og:description\" content=\"Concurso IFBaiano passa por retifica\u00e7\u00f5es importantes e altera cargos e vagas em seu edital. Confira todas as informa\u00e7\u00f5es e saia na frente!\" \/>\n<meta property=\"og:url\" content=\"https:\/\/www.estrategiaconcursos.com.br\/blog\/concurso-ifbaiano-sofre-retificacoes-e-altera-vagas-e-cargos\/\" \/>\n<meta property=\"og:site_name\" content=\"Estrat\u00e9gia Concursos\" \/>\n<meta property=\"article:published_time\" content=\"2019-06-14T12:46:27+00:00\" \/>\n<meta property=\"article:modified_time\" content=\"2019-06-17T14:11:55+00:00\" \/>\n<meta property=\"og:image\" content=\"https:\/\/dhg1h5j42swfq.cloudfront.net\/2019\/06\/14094513\/thumb-noticia.png\" \/>\n\t<meta property=\"og:image:width\" content=\"400\" \/>\n\t<meta property=\"og:image:height\" content=\"246\" \/>\n\t<meta property=\"og:image:type\" content=\"image\/png\" \/>\n<meta name=\"author\" content=\"Nat\u00e1lia Scarano\" \/>\n<meta name=\"twitter:card\" content=\"summary_large_image\" \/>\n<meta name=\"twitter:creator\" content=\"@EstratConcursos\" \/>\n<meta name=\"twitter:site\" content=\"@EstratConcursos\" \/>\n<meta name=\"twitter:label1\" content=\"Escrito por\" \/>\n\t<meta name=\"twitter:data1\" content=\"Nat\u00e1lia Scarano\" \/>\n\t<meta name=\"twitter:label2\" content=\"Est. tempo de leitura\" \/>\n\t<meta name=\"twitter:data2\" content=\"2 minutos\" \/>\n<script type=\"application\/ld+json\" class=\"yoast-schema-graph\">{\"@context\":\"https:\/\/schema.org\",\"@graph\":[{\"@type\":\"NewsArticle\",\"@id\":\"https:\/\/www.estrategiaconcursos.com.br\/blog\/concurso-ifbaiano-sofre-retificacoes-e-altera-vagas-e-cargos\/#article\",\"isPartOf\":{\"@id\":\"https:\/\/www.estrategiaconcursos.com.br\/blog\/concurso-ifbaiano-sofre-retificacoes-e-altera-vagas-e-cargos\/\"},\"author\":{\"name\":\"Nat\u00e1lia Scarano\",\"@id\":\"https:\/\/www.estrategiaconcursos.com.br\/blog\/#\/schema\/person\/751aedf909a9d10cb23ce6ac527ce0f2\"},\"headline\":\"Concurso IFBaiano sofre retifica\u00e7\u00f5es e altera vagas e cargos\",\"datePublished\":\"2019-06-14T12:46:27+00:00\",\"dateModified\":\"2019-06-17T14:11:55+00:00\",\"mainEntityOfPage\":{\"@id\":\"https:\/\/www.estrategiaconcursos.com.br\/blog\/concurso-ifbaiano-sofre-retificacoes-e-altera-vagas-e-cargos\/\"},\"wordCount\":376,\"commentCount\":1,\"publisher\":{\"@id\":\"https:\/\/www.estrategiaconcursos.com.br\/blog\/#organization\"},\"image\":{\"@id\":\"https:\/\/www.estrategiaconcursos.com.br\/blog\/concurso-ifbaiano-sofre-retificacoes-e-altera-vagas-e-cargos\/#primaryimage\"},\"thumbnailUrl\":\"https:\/\/dhg1h5j42swfq.cloudfront.net\/2019\/06\/14094513\/thumb-noticia.png\",\"articleSection\":[\"Concursos P\u00fablicos\"],\"inLanguage\":\"pt-BR\",\"potentialAction\":[{\"@type\":\"CommentAction\",\"name\":\"Comment\",\"target\":[\"https:\/\/www.estrategiaconcursos.com.br\/blog\/concurso-ifbaiano-sofre-retificacoes-e-altera-vagas-e-cargos\/#respond\"]}],\"copyrightYear\":\"2019\",\"copyrightHolder\":{\"@id\":\"https:\/\/www.estrategiaconcursos.com.br\/blog\/#organization\"}},{\"@type\":\"WebPage\",\"@id\":\"https:\/\/www.estrategiaconcursos.com.br\/blog\/concurso-ifbaiano-sofre-retificacoes-e-altera-vagas-e-cargos\/\",\"url\":\"https:\/\/www.estrategiaconcursos.com.br\/blog\/concurso-ifbaiano-sofre-retificacoes-e-altera-vagas-e-cargos\/\",\"name\":\"Concurso IFBaiano sofre retifica\u00e7\u00f5es e altera vagas e cargos\",\"isPartOf\":{\"@id\":\"https:\/\/www.estrategiaconcursos.com.br\/blog\/#website\"},\"primaryImageOfPage\":{\"@id\":\"https:\/\/www.estrategiaconcursos.com.br\/blog\/concurso-ifbaiano-sofre-retificacoes-e-altera-vagas-e-cargos\/#primaryimage\"},\"image\":{\"@id\":\"https:\/\/www.estrategiaconcursos.com.br\/blog\/concurso-ifbaiano-sofre-retificacoes-e-altera-vagas-e-cargos\/#primaryimage\"},\"thumbnailUrl\":\"https:\/\/dhg1h5j42swfq.cloudfront.net\/2019\/06\/14094513\/thumb-noticia.png\",\"datePublished\":\"2019-06-14T12:46:27+00:00\",\"dateModified\":\"2019-06-17T14:11:55+00:00\",\"description\":\"Concurso IFBaiano passa por retifica\u00e7\u00f5es importantes e altera cargos e vagas em seu edital. Confira todas as informa\u00e7\u00f5es e saia na frente!\",\"breadcrumb\":{\"@id\":\"https:\/\/www.estrategiaconcursos.com.br\/blog\/concurso-ifbaiano-sofre-retificacoes-e-altera-vagas-e-cargos\/#breadcrumb\"},\"inLanguage\":\"pt-BR\",\"potentialAction\":[{\"@type\":\"ReadAction\",\"target\":[\"https:\/\/www.estrategiaconcursos.com.br\/blog\/concurso-ifbaiano-sofre-retificacoes-e-altera-vagas-e-cargos\/\"]}]},{\"@type\":\"ImageObject\",\"inLanguage\":\"pt-BR\",\"@id\":\"https:\/\/www.estrategiaconcursos.com.br\/blog\/concurso-ifbaiano-sofre-retificacoes-e-altera-vagas-e-cargos\/#primaryimage\",\"url\":\"https:\/\/dhg1h5j42swfq.cloudfront.net\/2019\/06\/14094513\/thumb-noticia.png\",\"contentUrl\":\"https:\/\/dhg1h5j42swfq.cloudfront.net\/2019\/06\/14094513\/thumb-noticia.png\",\"width\":400,\"height\":246},{\"@type\":\"BreadcrumbList\",\"@id\":\"https:\/\/www.estrategiaconcursos.com.br\/blog\/concurso-ifbaiano-sofre-retificacoes-e-altera-vagas-e-cargos\/#breadcrumb\",\"itemListElement\":[{\"@type\":\"ListItem\",\"position\":1,\"name\":\"In\u00edcio\",\"item\":\"https:\/\/www.estrategiaconcursos.com.br\/blog\/\"},{\"@type\":\"ListItem\",\"position\":2,\"name\":\"Concurso IFBaiano sofre retifica\u00e7\u00f5es e altera vagas e cargos\"}]},{\"@type\":\"WebSite\",\"@id\":\"https:\/\/www.estrategiaconcursos.com.br\/blog\/#website\",\"url\":\"https:\/\/www.estrategiaconcursos.com.br\/blog\/\",\"name\":\"Estrat\u00e9gia Concursos\",\"description\":\"O blog da Estrat\u00e9gia Concursos traz not\u00edcias sobre concursos e artigos de professores oferecendo cursos para concursos (pdf + videaulas) no site.\",\"publisher\":{\"@id\":\"https:\/\/www.estrategiaconcursos.com.br\/blog\/#organization\"},\"potentialAction\":[{\"@type\":\"SearchAction\",\"target\":{\"@type\":\"EntryPoint\",\"urlTemplate\":\"https:\/\/www.estrategiaconcursos.com.br\/blog\/?s={search_term_string}\"},\"query-input\":{\"@type\":\"PropertyValueSpecification\",\"valueRequired\":true,\"valueName\":\"search_term_string\"}}],\"inLanguage\":\"pt-BR\"},{\"@type\":\"Organization\",\"@id\":\"https:\/\/www.estrategiaconcursos.com.br\/blog\/#organization\",\"name\":\"Estrat\u00e9gia Concursos\",\"url\":\"https:\/\/www.estrategiaconcursos.com.br\/blog\/\",\"logo\":{\"@type\":\"ImageObject\",\"inLanguage\":\"pt-BR\",\"@id\":\"https:\/\/www.estrategiaconcursos.com.br\/blog\/#\/schema\/logo\/image\/\",\"url\":\"https:\/\/dhg1h5j42swfq.cloudfront.net\/2025\/06\/03203428\/logo_concursos-1.jpg\",\"contentUrl\":\"https:\/\/dhg1h5j42swfq.cloudfront.net\/2025\/06\/03203428\/logo_concursos-1.jpg\",\"width\":230,\"height\":60,\"caption\":\"Estrat\u00e9gia Concursos\"},\"image\":{\"@id\":\"https:\/\/www.estrategiaconcursos.com.br\/blog\/#\/schema\/logo\/image\/\"},\"sameAs\":[\"https:\/\/x.com\/EstratConcursos\"]},{\"@type\":\"Person\",\"@id\":\"https:\/\/www.estrategiaconcursos.com.br\/blog\/#\/schema\/person\/751aedf909a9d10cb23ce6ac527ce0f2\",\"name\":\"Nat\u00e1lia Scarano\",\"image\":{\"@type\":\"ImageObject\",\"inLanguage\":\"pt-BR\",\"@id\":\"https:\/\/secure.gravatar.com\/avatar\/8a889b8db3dbd227a1a78627357ec8fe64f5e99189d1889a270127828ab372ac?s=96&d=mm&r=g\",\"url\":\"https:\/\/secure.gravatar.com\/avatar\/8a889b8db3dbd227a1a78627357ec8fe64f5e99189d1889a270127828ab372ac?s=96&d=mm&r=g\",\"contentUrl\":\"https:\/\/secure.gravatar.com\/avatar\/8a889b8db3dbd227a1a78627357ec8fe64f5e99189d1889a270127828ab372ac?s=96&d=mm&r=g\",\"caption\":\"Nat\u00e1lia Scarano\"},\"description\":\"Jornalista, formada e p\u00f3s graduada pelo IESB, faz parte do time de jornalistas do Estrat\u00e9gia desde 2017. Possui familiaridade com as \u00e1reas de Tribunais, Defensorias, Procuradorias, Minist\u00e9rios P\u00fablicos, Conselhos, Educa\u00e7\u00e3o, \u00c1rea de Seguran\u00e7a, concursos de Carreiras Jur\u00eddicas e OAB. Experi\u00eancia em marketing digital, assessoria de comunica\u00e7\u00e3o e institucional na \u00e1rea privada e p\u00fablica, com atua\u00e7\u00e3o em \u00f3rg\u00e3os como CGU, Cofen e CNM.\",\"url\":\"https:\/\/www.estrategiaconcursos.com.br\/blog\/author\/natalia-scaranoestrategiaconcursos-com-br\/\"}]}<\/script>\n<!-- \/ Yoast SEO Premium plugin. -->","yoast_head_json":{"title":"Concurso IFBaiano sofre retifica\u00e7\u00f5es e altera vagas e cargos","description":"Concurso IFBaiano passa por retifica\u00e7\u00f5es importantes e altera cargos e vagas em seu edital. Confira todas as informa\u00e7\u00f5es e saia na frente!","robots":{"index":"index","follow":"follow","max-snippet":"max-snippet:-1","max-image-preview":"max-image-preview:large","max-video-preview":"max-video-preview:-1"},"canonical":"https:\/\/www.estrategiaconcursos.com.br\/blog\/concurso-ifbaiano-sofre-retificacoes-e-altera-vagas-e-cargos\/","og_locale":"pt_BR","og_type":"article","og_title":"Concurso IFBaiano sofre retifica\u00e7\u00f5es e altera vagas e cargos","og_description":"Concurso IFBaiano passa por retifica\u00e7\u00f5es importantes e altera cargos e vagas em seu edital. Confira todas as informa\u00e7\u00f5es e saia na frente!","og_url":"https:\/\/www.estrategiaconcursos.com.br\/blog\/concurso-ifbaiano-sofre-retificacoes-e-altera-vagas-e-cargos\/","og_site_name":"Estrat\u00e9gia Concursos","article_published_time":"2019-06-14T12:46:27+00:00","article_modified_time":"2019-06-17T14:11:55+00:00","og_image":[{"width":400,"height":246,"url":"https:\/\/dhg1h5j42swfq.cloudfront.net\/2019\/06\/14094513\/thumb-noticia.png","type":"image\/png"}],"author":"Nat\u00e1lia Scarano","twitter_card":"summary_large_image","twitter_creator":"@EstratConcursos","twitter_site":"@EstratConcursos","twitter_misc":{"Escrito por":"Nat\u00e1lia Scarano","Est. tempo de leitura":"2 minutos"},"schema":{"@context":"https:\/\/schema.org","@graph":[{"@type":"NewsArticle","@id":"https:\/\/www.estrategiaconcursos.com.br\/blog\/concurso-ifbaiano-sofre-retificacoes-e-altera-vagas-e-cargos\/#article","isPartOf":{"@id":"https:\/\/www.estrategiaconcursos.com.br\/blog\/concurso-ifbaiano-sofre-retificacoes-e-altera-vagas-e-cargos\/"},"author":{"name":"Nat\u00e1lia Scarano","@id":"https:\/\/www.estrategiaconcursos.com.br\/blog\/#\/schema\/person\/751aedf909a9d10cb23ce6ac527ce0f2"},"headline":"Concurso IFBaiano sofre retifica\u00e7\u00f5es e altera vagas e cargos","datePublished":"2019-06-14T12:46:27+00:00","dateModified":"2019-06-17T14:11:55+00:00","mainEntityOfPage":{"@id":"https:\/\/www.estrategiaconcursos.com.br\/blog\/concurso-ifbaiano-sofre-retificacoes-e-altera-vagas-e-cargos\/"},"wordCount":376,"commentCount":1,"publisher":{"@id":"https:\/\/www.estrategiaconcursos.com.br\/blog\/#organization"},"image":{"@id":"https:\/\/www.estrategiaconcursos.com.br\/blog\/concurso-ifbaiano-sofre-retificacoes-e-altera-vagas-e-cargos\/#primaryimage"},"thumbnailUrl":"https:\/\/dhg1h5j42swfq.cloudfront.net\/2019\/06\/14094513\/thumb-noticia.png","articleSection":["Concursos P\u00fablicos"],"inLanguage":"pt-BR","potentialAction":[{"@type":"CommentAction","name":"Comment","target":["https:\/\/www.estrategiaconcursos.com.br\/blog\/concurso-ifbaiano-sofre-retificacoes-e-altera-vagas-e-cargos\/#respond"]}],"copyrightYear":"2019","copyrightHolder":{"@id":"https:\/\/www.estrategiaconcursos.com.br\/blog\/#organization"}},{"@type":"WebPage","@id":"https:\/\/www.estrategiaconcursos.com.br\/blog\/concurso-ifbaiano-sofre-retificacoes-e-altera-vagas-e-cargos\/","url":"https:\/\/www.estrategiaconcursos.com.br\/blog\/concurso-ifbaiano-sofre-retificacoes-e-altera-vagas-e-cargos\/","name":"Concurso IFBaiano sofre retifica\u00e7\u00f5es e altera vagas e cargos","isPartOf":{"@id":"https:\/\/www.estrategiaconcursos.com.br\/blog\/#website"},"primaryImageOfPage":{"@id":"https:\/\/www.estrategiaconcursos.com.br\/blog\/concurso-ifbaiano-sofre-retificacoes-e-altera-vagas-e-cargos\/#primaryimage"},"image":{"@id":"https:\/\/www.estrategiaconcursos.com.br\/blog\/concurso-ifbaiano-sofre-retificacoes-e-altera-vagas-e-cargos\/#primaryimage"},"thumbnailUrl":"https:\/\/dhg1h5j42swfq.cloudfront.net\/2019\/06\/14094513\/thumb-noticia.png","datePublished":"2019-06-14T12:46:27+00:00","dateModified":"2019-06-17T14:11:55+00:00","description":"Concurso IFBaiano passa por retifica\u00e7\u00f5es importantes e altera cargos e vagas em seu edital. Confira todas as informa\u00e7\u00f5es e saia na frente!","breadcrumb":{"@id":"https:\/\/www.estrategiaconcursos.com.br\/blog\/concurso-ifbaiano-sofre-retificacoes-e-altera-vagas-e-cargos\/#breadcrumb"},"inLanguage":"pt-BR","potentialAction":[{"@type":"ReadAction","target":["https:\/\/www.estrategiaconcursos.com.br\/blog\/concurso-ifbaiano-sofre-retificacoes-e-altera-vagas-e-cargos\/"]}]},{"@type":"ImageObject","inLanguage":"pt-BR","@id":"https:\/\/www.estrategiaconcursos.com.br\/blog\/concurso-ifbaiano-sofre-retificacoes-e-altera-vagas-e-cargos\/#primaryimage","url":"https:\/\/dhg1h5j42swfq.cloudfront.net\/2019\/06\/14094513\/thumb-noticia.png","contentUrl":"https:\/\/dhg1h5j42swfq.cloudfront.net\/2019\/06\/14094513\/thumb-noticia.png","width":400,"height":246},{"@type":"BreadcrumbList","@id":"https:\/\/www.estrategiaconcursos.com.br\/blog\/concurso-ifbaiano-sofre-retificacoes-e-altera-vagas-e-cargos\/#breadcrumb","itemListElement":[{"@type":"ListItem","position":1,"name":"In\u00edcio","item":"https:\/\/www.estrategiaconcursos.com.br\/blog\/"},{"@type":"ListItem","position":2,"name":"Concurso IFBaiano sofre retifica\u00e7\u00f5es e altera vagas e cargos"}]},{"@type":"WebSite","@id":"https:\/\/www.estrategiaconcursos.com.br\/blog\/#website","url":"https:\/\/www.estrategiaconcursos.com.br\/blog\/","name":"Estrat\u00e9gia Concursos","description":"O blog da Estrat\u00e9gia Concursos traz not\u00edcias sobre concursos e artigos de professores oferecendo cursos para concursos (pdf + videaulas) no site.","publisher":{"@id":"https:\/\/www.estrategiaconcursos.com.br\/blog\/#organization"},"potentialAction":[{"@type":"SearchAction","target":{"@type":"EntryPoint","urlTemplate":"https:\/\/www.estrategiaconcursos.com.br\/blog\/?s={search_term_string}"},"query-input":{"@type":"PropertyValueSpecification","valueRequired":true,"valueName":"search_term_string"}}],"inLanguage":"pt-BR"},{"@type":"Organization","@id":"https:\/\/www.estrategiaconcursos.com.br\/blog\/#organization","name":"Estrat\u00e9gia Concursos","url":"https:\/\/www.estrategiaconcursos.com.br\/blog\/","logo":{"@type":"ImageObject","inLanguage":"pt-BR","@id":"https:\/\/www.estrategiaconcursos.com.br\/blog\/#\/schema\/logo\/image\/","url":"https:\/\/dhg1h5j42swfq.cloudfront.net\/2025\/06\/03203428\/logo_concursos-1.jpg","contentUrl":"https:\/\/dhg1h5j42swfq.cloudfront.net\/2025\/06\/03203428\/logo_concursos-1.jpg","width":230,"height":60,"caption":"Estrat\u00e9gia Concursos"},"image":{"@id":"https:\/\/www.estrategiaconcursos.com.br\/blog\/#\/schema\/logo\/image\/"},"sameAs":["https:\/\/x.com\/EstratConcursos"]},{"@type":"Person","@id":"https:\/\/www.estrategiaconcursos.com.br\/blog\/#\/schema\/person\/751aedf909a9d10cb23ce6ac527ce0f2","name":"Nat\u00e1lia Scarano","image":{"@type":"ImageObject","inLanguage":"pt-BR","@id":"https:\/\/secure.gravatar.com\/avatar\/8a889b8db3dbd227a1a78627357ec8fe64f5e99189d1889a270127828ab372ac?s=96&d=mm&r=g","url":"https:\/\/secure.gravatar.com\/avatar\/8a889b8db3dbd227a1a78627357ec8fe64f5e99189d1889a270127828ab372ac?s=96&d=mm&r=g","contentUrl":"https:\/\/secure.gravatar.com\/avatar\/8a889b8db3dbd227a1a78627357ec8fe64f5e99189d1889a270127828ab372ac?s=96&d=mm&r=g","caption":"Nat\u00e1lia Scarano"},"description":"Jornalista, formada e p\u00f3s graduada pelo IESB, faz parte do time de jornalistas do Estrat\u00e9gia desde 2017. Possui familiaridade com as \u00e1reas de Tribunais, Defensorias, Procuradorias, Minist\u00e9rios P\u00fablicos, Conselhos, Educa\u00e7\u00e3o, \u00c1rea de Seguran\u00e7a, concursos de Carreiras Jur\u00eddicas e OAB. Experi\u00eancia em marketing digital, assessoria de comunica\u00e7\u00e3o e institucional na \u00e1rea privada e p\u00fablica, com atua\u00e7\u00e3o em \u00f3rg\u00e3os como CGU, Cofen e CNM.","url":"https:\/\/www.estrategiaconcursos.com.br\/blog\/author\/natalia-scaranoestrategiaconcursos-com-br\/"}]}},"_links":{"self":[{"href":"https:\/\/www.estrategiaconcursos.com.br\/blog\/wp-json\/wp\/v2\/posts\/387633","targetHints":{"allow":["GET"]}}],"collection":[{"href":"https:\/\/www.estrategiaconcursos.com.br\/blog\/wp-json\/wp\/v2\/posts"}],"about":[{"href":"https:\/\/www.estrategiaconcursos.com.br\/blog\/wp-json\/wp\/v2\/types\/post"}],"author":[{"embeddable":true,"href":"https:\/\/www.estrategiaconcursos.com.br\/blog\/wp-json\/wp\/v2\/users\/657"}],"replies":[{"embeddable":true,"href":"https:\/\/www.estrategiaconcursos.com.br\/blog\/wp-json\/wp\/v2\/comments?post=387633"}],"version-history":[{"count":4,"href":"https:\/\/www.estrategiaconcursos.com.br\/blog\/wp-json\/wp\/v2\/posts\/387633\/revisions"}],"predecessor-version":[{"id":980170,"href":"https:\/\/www.estrategiaconcursos.com.br\/blog\/wp-json\/wp\/v2\/posts\/387633\/revisions\/980170"}],"wp:featuredmedia":[{"embeddable":true,"href":"https:\/\/www.estrategiaconcursos.com.br\/blog\/wp-json\/wp\/v2\/media\/387668"}],"wp:attachment":[{"href":"https:\/\/www.estrategiaconcursos.com.br\/blog\/wp-json\/wp\/v2\/media?parent=387633"}],"wp:term":[{"taxonomy":"category","embeddable":true,"href":"https:\/\/www.estrategiaconcursos.com.br\/blog\/wp-json\/wp\/v2\/categories?post=387633"},{"taxonomy":"post_tag","embeddable":true,"href":"https:\/\/www.estrategiaconcursos.com.br\/blog\/wp-json\/wp\/v2\/tags?post=387633"},{"taxonomy":"tax_estado","embeddable":true,"href":"https:\/\/www.estrategiaconcursos.com.br\/blog\/wp-json\/wp\/v2\/tax_estado?post=387633"}],"curies":[{"name":"wp","href":"https:\/\/api.w.org\/{rel}","templated":true}]}}