{"id":387585,"date":"2019-06-14T08:00:08","date_gmt":"2019-06-14T11:00:08","guid":{"rendered":"https:\/\/www.estrategiaconcursos.com.br\/blog\/?p=387585"},"modified":"2019-06-14T08:51:01","modified_gmt":"2019-06-14T11:51:01","slug":"concurso-detran-sp-convoca-candidatos-para-prova-objetiva","status":"publish","type":"post","link":"https:\/\/www.estrategiaconcursos.com.br\/blog\/concurso-detran-sp-convoca-candidatos-para-prova-objetiva\/","title":{"rendered":"Concurso Detran SP convoca candidatos para Prova Objetiva no dia 07\/07"},"content":{"rendered":"\n<p>O Departamento de Tr\u00e2nsito de S\u00e3o Paulo publicou a convoca\u00e7\u00e3o para que os candidatos interessados no Concurso Detran SP realizarem a prova objetiva, que ocorre no dia 07 de julho em diversas cidades.<\/p>\n\n\n\n<p>Sob organiza\u00e7\u00e3o da Funda\u00e7\u00e3o Carlos Chagas, o certame oferece 400 vagas para os cargos de Agente Estadual de Tr\u00e2nsito e para Oficial Estadual de Tr\u00e2nsito. Ambos os cargos realizar\u00e3o, no dia 07, Provas Objetivas e Discursivas.<\/p>\n\n\n\n<p>S\u00e3o 200 postos para Oficial Estadual de Tr\u00e2nsito e 200 para Agente Estadual de Tr\u00e2nsito,\u00a0com exig\u00eancia\u00a0de ensino m\u00e9dio e superior, respectivamente.\u00a0 <\/p>\n\n\n\n<p>As remunera\u00e7\u00f5es s\u00e3o de R$ 1.863 para oficial e R$ 4.657,50 para agente, com jornada de trabalho de 40 horas semanais.\u00a0 <\/p>\n\n\n\n<h3 class=\"wp-block-heading\">As Provas<\/h3>\n\n\n\n<p>Confira abaixo as informa\u00e7\u00f5es para realiza\u00e7\u00e3o das provas:<\/p>\n\n\n\n<p><strong><em>Manh\u00e3 &#8211; Oficial Estadual<\/em><\/strong><\/p>\n\n\n\n<p>Hor\u00e1rio de Apresenta\u00e7\u00e3o: 07h30 <br \/>Hor\u00e1rio de Fechamento dos Port\u00f5es: 8h00min <br \/>Dura\u00e7\u00e3o das provas: 4h30<\/p>\n\n\n\n<p><strong><em>Tarde &#8211; Agente Estadual<\/em><\/strong><\/p>\n\n\n\n<p>Hor\u00e1rio de Apresenta\u00e7\u00e3o: 14h00min <br \/>Hor\u00e1rio de Fechamento dos Port\u00f5es: 14h30<br \/>Dura\u00e7\u00e3o das provas: 4h30<\/p>\n\n\n\n<h3 class=\"wp-block-heading\">Cidades de Realiza\u00e7\u00e3o das provas do Concurso Detran SP<\/h3>\n\n\n\n<p>As Provas ser\u00e3o realizadas nas cidades do Estado de S\u00e3o Paulo: <\/p>\n\n\n\n<ul class=\"wp-block-list\"><li>Ara\u00e7atuba, <\/li><li>Araraquara, <\/li><li>Barretos, <\/li><li>Bauru, <\/li><li>Botucatu, <\/li><li>Campinas, <\/li><li>Fernand\u00f3polis, <\/li><li>Franca, <\/li><li>Itapeva, <\/li><li>Mar\u00edlia, <\/li><li>Mogi Gua\u00e7u, <\/li><li>Presidente Prudente, <\/li><li>Registro, Ribeir\u00e3o Preto, <\/li><li>Santos, <\/li><li>S\u00e3o Jos\u00e9 do Rio Preto, <\/li><li>S\u00e3o Jos\u00e9 dos Campos, <\/li><li>Sorocaba  <\/li><li>S\u00e3o Paulo <\/li><\/ul>\n\n\n\n<div class=\"wp-block-file\"><a href=\"https:\/\/dhg1h5j42swfq.cloudfront.net\/2019\/06\/14084831\/Detran_SP_-_Convoca%C3%A7%C3%A3o_para_a_prova_objetiva.pdf\" target=\"_blank\" rel=\"noreferrer noopener\">Detran_SP_-_Convoca\u00e7\u00e3o_para_a_prova_objetiva<\/a><a href=\"https:\/\/dhg1h5j42swfq.cloudfront.net\/2019\/06\/14084831\/Detran_SP_-_Convoca%C3%A7%C3%A3o_para_a_prova_objetiva.pdf\" class=\"wp-block-file__button\" download>Baixar<\/a><\/div>\n\n\n\n<p><strong>Quer saber sobre as provas, benef\u00edcios e muito mais? Acesse a mat\u00e9ria completa e fique pode dentro:<\/strong><\/p>\n\n\n\n<p style=\"text-align:center\" class=\"has-medium-font-size\"><a href=\"https:\/\/www.estrategiaconcursos.com.br\/blog\/concurso-detran-sp\/\"><strong>Concurso Detran SP<\/strong><\/a><\/p>\n\n\n\n<p><em><strong>Assinatura Anual Ilimitada*<\/strong><\/em><\/p>\n\n\n\n<p><em>Prepare-se com o melhor material e com quem mais aprova em Concursos P\u00fablicos em todo o pa\u00eds. Assine agora a nossa Assinatura Anual e tenha acesso ilimitado* a todos os nossos cursos.<\/em><\/p>\n\n\n\n<p style=\"text-align:center\" class=\"has-background has-light-green-cyan-background-color\"><strong>ASSINE AGORA<\/strong>&nbsp;\u2013&nbsp;<a rel=\"noreferrer noopener\" href=\"https:\/\/www.estrategiaconcursos.com.br\/assinaturas\" target=\"_blank\"><strong>Assinatura Ilimitada<\/strong><\/a><\/p>\n\n\n\n<p style=\"text-align:left\">N<em>at\u00e1lia Scarano<br \/>ascom<br \/>ascomestrategia@gmail.com<\/em><\/p>\n","protected":false},"excerpt":{"rendered":"<p>O Departamento de Tr\u00e2nsito de S\u00e3o Paulo publicou a convoca\u00e7\u00e3o para que os candidatos interessados no Concurso Detran SP realizarem a prova objetiva, que ocorre no dia 07 de julho em diversas cidades. Sob organiza\u00e7\u00e3o da Funda\u00e7\u00e3o Carlos Chagas, o certame oferece 400 vagas para os cargos de Agente Estadual de Tr\u00e2nsito e para Oficial [&hellip;]<\/p>\n","protected":false},"author":248,"featured_media":122922,"comment_status":"open","ping_status":"closed","sticky":false,"template":"","format":"standard","meta":{"post_tipo":"article","footnotes":""},"categories":[1],"tags":[],"tax_estado":[],"class_list":["post-387585","post","type-post","status-publish","format-standard","has-post-thumbnail","hentry","category-cursos-e-concursos"],"acf":[],"yoast_head":"<!-- This site is optimized with the Yoast SEO Premium plugin v27.2 (Yoast SEO v27.2) - https:\/\/yoast.com\/product\/yoast-seo-premium-wordpress\/ -->\n<title>Concurso Detran SP convoca candidatos para Prova Objetiva no dia 07\/07<\/title>\n<meta name=\"description\" content=\"Concurso Detran SP publica convoca\u00e7\u00e3o de candidatos para as provas que acontecer\u00e3o no dia 07 de julho. Confira as principais informa\u00e7\u00f5es!\" \/>\n<meta name=\"robots\" content=\"index, follow, max-snippet:-1, max-image-preview:large, max-video-preview:-1\" \/>\n<link rel=\"canonical\" href=\"https:\/\/www.estrategiaconcursos.com.br\/blog\/concurso-detran-sp-convoca-candidatos-para-prova-objetiva\/\" \/>\n<meta property=\"og:locale\" content=\"pt_BR\" \/>\n<meta property=\"og:type\" content=\"article\" \/>\n<meta property=\"og:title\" content=\"Concurso Detran SP convoca candidatos para Prova Objetiva no dia 07\/07\" \/>\n<meta property=\"og:description\" content=\"Concurso Detran SP publica convoca\u00e7\u00e3o de candidatos para as provas que acontecer\u00e3o no dia 07 de julho. Confira as principais informa\u00e7\u00f5es!\" \/>\n<meta property=\"og:url\" content=\"https:\/\/www.estrategiaconcursos.com.br\/blog\/concurso-detran-sp-convoca-candidatos-para-prova-objetiva\/\" \/>\n<meta property=\"og:site_name\" content=\"Estrat\u00e9gia Concursos\" \/>\n<meta property=\"article:published_time\" content=\"2019-06-14T11:00:08+00:00\" \/>\n<meta property=\"article:modified_time\" content=\"2019-06-14T11:51:01+00:00\" \/>\n<meta property=\"og:image\" content=\"https:\/\/dhg1h5j42swfq.cloudfront.net\/2018\/05\/25144532\/jornalismo-DETRAN-SP-AUTORIZADO.jpg\" \/>\n\t<meta property=\"og:image:width\" content=\"1200\" \/>\n\t<meta property=\"og:image:height\" content=\"628\" \/>\n\t<meta property=\"og:image:type\" content=\"image\/jpeg\" \/>\n<meta name=\"author\" content=\"Marcos Gir\u00e3o\" \/>\n<meta name=\"twitter:card\" content=\"summary_large_image\" \/>\n<meta name=\"twitter:creator\" content=\"@EstratConcursos\" \/>\n<meta name=\"twitter:site\" content=\"@EstratConcursos\" \/>\n<meta name=\"twitter:label1\" content=\"Escrito por\" \/>\n\t<meta name=\"twitter:data1\" content=\"Marcos Gir\u00e3o\" \/>\n\t<meta name=\"twitter:label2\" content=\"Est. tempo de leitura\" \/>\n\t<meta name=\"twitter:data2\" content=\"2 minutos\" \/>\n<script type=\"application\/ld+json\" class=\"yoast-schema-graph\">{\"@context\":\"https:\/\/schema.org\",\"@graph\":[{\"@type\":\"NewsArticle\",\"@id\":\"https:\/\/www.estrategiaconcursos.com.br\/blog\/concurso-detran-sp-convoca-candidatos-para-prova-objetiva\/#article\",\"isPartOf\":{\"@id\":\"https:\/\/www.estrategiaconcursos.com.br\/blog\/concurso-detran-sp-convoca-candidatos-para-prova-objetiva\/\"},\"author\":{\"name\":\"Marcos Gir\u00e3o\",\"@id\":\"https:\/\/www.estrategiaconcursos.com.br\/blog\/#\/schema\/person\/6be195b7a02a8ca214472b848686bb37\"},\"headline\":\"Concurso Detran SP convoca candidatos para Prova Objetiva no dia 07\/07\",\"datePublished\":\"2019-06-14T11:00:08+00:00\",\"dateModified\":\"2019-06-14T11:51:01+00:00\",\"mainEntityOfPage\":{\"@id\":\"https:\/\/www.estrategiaconcursos.com.br\/blog\/concurso-detran-sp-convoca-candidatos-para-prova-objetiva\/\"},\"wordCount\":331,\"commentCount\":0,\"publisher\":{\"@id\":\"https:\/\/www.estrategiaconcursos.com.br\/blog\/#organization\"},\"image\":{\"@id\":\"https:\/\/www.estrategiaconcursos.com.br\/blog\/concurso-detran-sp-convoca-candidatos-para-prova-objetiva\/#primaryimage\"},\"thumbnailUrl\":\"https:\/\/dhg1h5j42swfq.cloudfront.net\/2018\/05\/25144532\/jornalismo-DETRAN-SP-AUTORIZADO.jpg\",\"articleSection\":[\"Concursos P\u00fablicos\"],\"inLanguage\":\"pt-BR\",\"potentialAction\":[{\"@type\":\"CommentAction\",\"name\":\"Comment\",\"target\":[\"https:\/\/www.estrategiaconcursos.com.br\/blog\/concurso-detran-sp-convoca-candidatos-para-prova-objetiva\/#respond\"]}],\"copyrightYear\":\"2019\",\"copyrightHolder\":{\"@id\":\"https:\/\/www.estrategiaconcursos.com.br\/blog\/#organization\"}},{\"@type\":\"WebPage\",\"@id\":\"https:\/\/www.estrategiaconcursos.com.br\/blog\/concurso-detran-sp-convoca-candidatos-para-prova-objetiva\/\",\"url\":\"https:\/\/www.estrategiaconcursos.com.br\/blog\/concurso-detran-sp-convoca-candidatos-para-prova-objetiva\/\",\"name\":\"Concurso Detran SP convoca candidatos para Prova Objetiva no dia 07\/07\",\"isPartOf\":{\"@id\":\"https:\/\/www.estrategiaconcursos.com.br\/blog\/#website\"},\"primaryImageOfPage\":{\"@id\":\"https:\/\/www.estrategiaconcursos.com.br\/blog\/concurso-detran-sp-convoca-candidatos-para-prova-objetiva\/#primaryimage\"},\"image\":{\"@id\":\"https:\/\/www.estrategiaconcursos.com.br\/blog\/concurso-detran-sp-convoca-candidatos-para-prova-objetiva\/#primaryimage\"},\"thumbnailUrl\":\"https:\/\/dhg1h5j42swfq.cloudfront.net\/2018\/05\/25144532\/jornalismo-DETRAN-SP-AUTORIZADO.jpg\",\"datePublished\":\"2019-06-14T11:00:08+00:00\",\"dateModified\":\"2019-06-14T11:51:01+00:00\",\"description\":\"Concurso Detran SP publica convoca\u00e7\u00e3o de candidatos para as provas que acontecer\u00e3o no dia 07 de julho. Confira as principais informa\u00e7\u00f5es!\",\"breadcrumb\":{\"@id\":\"https:\/\/www.estrategiaconcursos.com.br\/blog\/concurso-detran-sp-convoca-candidatos-para-prova-objetiva\/#breadcrumb\"},\"inLanguage\":\"pt-BR\",\"potentialAction\":[{\"@type\":\"ReadAction\",\"target\":[\"https:\/\/www.estrategiaconcursos.com.br\/blog\/concurso-detran-sp-convoca-candidatos-para-prova-objetiva\/\"]}]},{\"@type\":\"ImageObject\",\"inLanguage\":\"pt-BR\",\"@id\":\"https:\/\/www.estrategiaconcursos.com.br\/blog\/concurso-detran-sp-convoca-candidatos-para-prova-objetiva\/#primaryimage\",\"url\":\"https:\/\/dhg1h5j42swfq.cloudfront.net\/2018\/05\/25144532\/jornalismo-DETRAN-SP-AUTORIZADO.jpg\",\"contentUrl\":\"https:\/\/dhg1h5j42swfq.cloudfront.net\/2018\/05\/25144532\/jornalismo-DETRAN-SP-AUTORIZADO.jpg\",\"width\":1200,\"height\":628,\"caption\":\"Concurso Detran SP\"},{\"@type\":\"BreadcrumbList\",\"@id\":\"https:\/\/www.estrategiaconcursos.com.br\/blog\/concurso-detran-sp-convoca-candidatos-para-prova-objetiva\/#breadcrumb\",\"itemListElement\":[{\"@type\":\"ListItem\",\"position\":1,\"name\":\"In\u00edcio\",\"item\":\"https:\/\/www.estrategiaconcursos.com.br\/blog\/\"},{\"@type\":\"ListItem\",\"position\":2,\"name\":\"Concurso Detran SP convoca candidatos para Prova Objetiva no dia 07\/07\"}]},{\"@type\":\"WebSite\",\"@id\":\"https:\/\/www.estrategiaconcursos.com.br\/blog\/#website\",\"url\":\"https:\/\/www.estrategiaconcursos.com.br\/blog\/\",\"name\":\"Estrat\u00e9gia Concursos\",\"description\":\"O blog da Estrat\u00e9gia Concursos traz not\u00edcias sobre concursos e artigos de professores oferecendo cursos para concursos (pdf + videaulas) no site.\",\"publisher\":{\"@id\":\"https:\/\/www.estrategiaconcursos.com.br\/blog\/#organization\"},\"potentialAction\":[{\"@type\":\"SearchAction\",\"target\":{\"@type\":\"EntryPoint\",\"urlTemplate\":\"https:\/\/www.estrategiaconcursos.com.br\/blog\/?s={search_term_string}\"},\"query-input\":{\"@type\":\"PropertyValueSpecification\",\"valueRequired\":true,\"valueName\":\"search_term_string\"}}],\"inLanguage\":\"pt-BR\"},{\"@type\":\"Organization\",\"@id\":\"https:\/\/www.estrategiaconcursos.com.br\/blog\/#organization\",\"name\":\"Estrat\u00e9gia Concursos\",\"url\":\"https:\/\/www.estrategiaconcursos.com.br\/blog\/\",\"logo\":{\"@type\":\"ImageObject\",\"inLanguage\":\"pt-BR\",\"@id\":\"https:\/\/www.estrategiaconcursos.com.br\/blog\/#\/schema\/logo\/image\/\",\"url\":\"https:\/\/dhg1h5j42swfq.cloudfront.net\/2025\/06\/03203428\/logo_concursos-1.jpg\",\"contentUrl\":\"https:\/\/dhg1h5j42swfq.cloudfront.net\/2025\/06\/03203428\/logo_concursos-1.jpg\",\"width\":230,\"height\":60,\"caption\":\"Estrat\u00e9gia Concursos\"},\"image\":{\"@id\":\"https:\/\/www.estrategiaconcursos.com.br\/blog\/#\/schema\/logo\/image\/\"},\"sameAs\":[\"https:\/\/x.com\/EstratConcursos\"]},{\"@type\":\"Person\",\"@id\":\"https:\/\/www.estrategiaconcursos.com.br\/blog\/#\/schema\/person\/6be195b7a02a8ca214472b848686bb37\",\"name\":\"Marcos Gir\u00e3o\",\"image\":{\"@type\":\"ImageObject\",\"inLanguage\":\"pt-BR\",\"@id\":\"https:\/\/secure.gravatar.com\/avatar\/ac5b9a36e2c99a8280e07b5763e3b764471d5b861c47521bfd2edffdfbb06fbd?s=96&d=mm&r=g\",\"url\":\"https:\/\/secure.gravatar.com\/avatar\/ac5b9a36e2c99a8280e07b5763e3b764471d5b861c47521bfd2edffdfbb06fbd?s=96&d=mm&r=g\",\"contentUrl\":\"https:\/\/secure.gravatar.com\/avatar\/ac5b9a36e2c99a8280e07b5763e3b764471d5b861c47521bfd2edffdfbb06fbd?s=96&d=mm&r=g\",\"caption\":\"Marcos Gir\u00e3o\"},\"url\":\"https:\/\/www.estrategiaconcursos.com.br\/blog\/author\/marcosgiraoestrategiaconcursos-com-br\/\"}]}<\/script>\n<!-- \/ Yoast SEO Premium plugin. -->","yoast_head_json":{"title":"Concurso Detran SP convoca candidatos para Prova Objetiva no dia 07\/07","description":"Concurso Detran SP publica convoca\u00e7\u00e3o de candidatos para as provas que acontecer\u00e3o no dia 07 de julho. Confira as principais informa\u00e7\u00f5es!","robots":{"index":"index","follow":"follow","max-snippet":"max-snippet:-1","max-image-preview":"max-image-preview:large","max-video-preview":"max-video-preview:-1"},"canonical":"https:\/\/www.estrategiaconcursos.com.br\/blog\/concurso-detran-sp-convoca-candidatos-para-prova-objetiva\/","og_locale":"pt_BR","og_type":"article","og_title":"Concurso Detran SP convoca candidatos para Prova Objetiva no dia 07\/07","og_description":"Concurso Detran SP publica convoca\u00e7\u00e3o de candidatos para as provas que acontecer\u00e3o no dia 07 de julho. Confira as principais informa\u00e7\u00f5es!","og_url":"https:\/\/www.estrategiaconcursos.com.br\/blog\/concurso-detran-sp-convoca-candidatos-para-prova-objetiva\/","og_site_name":"Estrat\u00e9gia Concursos","article_published_time":"2019-06-14T11:00:08+00:00","article_modified_time":"2019-06-14T11:51:01+00:00","og_image":[{"width":1200,"height":628,"url":"https:\/\/dhg1h5j42swfq.cloudfront.net\/2018\/05\/25144532\/jornalismo-DETRAN-SP-AUTORIZADO.jpg","type":"image\/jpeg"}],"author":"Marcos Gir\u00e3o","twitter_card":"summary_large_image","twitter_creator":"@EstratConcursos","twitter_site":"@EstratConcursos","twitter_misc":{"Escrito por":"Marcos Gir\u00e3o","Est. tempo de leitura":"2 minutos"},"schema":{"@context":"https:\/\/schema.org","@graph":[{"@type":"NewsArticle","@id":"https:\/\/www.estrategiaconcursos.com.br\/blog\/concurso-detran-sp-convoca-candidatos-para-prova-objetiva\/#article","isPartOf":{"@id":"https:\/\/www.estrategiaconcursos.com.br\/blog\/concurso-detran-sp-convoca-candidatos-para-prova-objetiva\/"},"author":{"name":"Marcos Gir\u00e3o","@id":"https:\/\/www.estrategiaconcursos.com.br\/blog\/#\/schema\/person\/6be195b7a02a8ca214472b848686bb37"},"headline":"Concurso Detran SP convoca candidatos para Prova Objetiva no dia 07\/07","datePublished":"2019-06-14T11:00:08+00:00","dateModified":"2019-06-14T11:51:01+00:00","mainEntityOfPage":{"@id":"https:\/\/www.estrategiaconcursos.com.br\/blog\/concurso-detran-sp-convoca-candidatos-para-prova-objetiva\/"},"wordCount":331,"commentCount":0,"publisher":{"@id":"https:\/\/www.estrategiaconcursos.com.br\/blog\/#organization"},"image":{"@id":"https:\/\/www.estrategiaconcursos.com.br\/blog\/concurso-detran-sp-convoca-candidatos-para-prova-objetiva\/#primaryimage"},"thumbnailUrl":"https:\/\/dhg1h5j42swfq.cloudfront.net\/2018\/05\/25144532\/jornalismo-DETRAN-SP-AUTORIZADO.jpg","articleSection":["Concursos P\u00fablicos"],"inLanguage":"pt-BR","potentialAction":[{"@type":"CommentAction","name":"Comment","target":["https:\/\/www.estrategiaconcursos.com.br\/blog\/concurso-detran-sp-convoca-candidatos-para-prova-objetiva\/#respond"]}],"copyrightYear":"2019","copyrightHolder":{"@id":"https:\/\/www.estrategiaconcursos.com.br\/blog\/#organization"}},{"@type":"WebPage","@id":"https:\/\/www.estrategiaconcursos.com.br\/blog\/concurso-detran-sp-convoca-candidatos-para-prova-objetiva\/","url":"https:\/\/www.estrategiaconcursos.com.br\/blog\/concurso-detran-sp-convoca-candidatos-para-prova-objetiva\/","name":"Concurso Detran SP convoca candidatos para Prova Objetiva no dia 07\/07","isPartOf":{"@id":"https:\/\/www.estrategiaconcursos.com.br\/blog\/#website"},"primaryImageOfPage":{"@id":"https:\/\/www.estrategiaconcursos.com.br\/blog\/concurso-detran-sp-convoca-candidatos-para-prova-objetiva\/#primaryimage"},"image":{"@id":"https:\/\/www.estrategiaconcursos.com.br\/blog\/concurso-detran-sp-convoca-candidatos-para-prova-objetiva\/#primaryimage"},"thumbnailUrl":"https:\/\/dhg1h5j42swfq.cloudfront.net\/2018\/05\/25144532\/jornalismo-DETRAN-SP-AUTORIZADO.jpg","datePublished":"2019-06-14T11:00:08+00:00","dateModified":"2019-06-14T11:51:01+00:00","description":"Concurso Detran SP publica convoca\u00e7\u00e3o de candidatos para as provas que acontecer\u00e3o no dia 07 de julho. Confira as principais informa\u00e7\u00f5es!","breadcrumb":{"@id":"https:\/\/www.estrategiaconcursos.com.br\/blog\/concurso-detran-sp-convoca-candidatos-para-prova-objetiva\/#breadcrumb"},"inLanguage":"pt-BR","potentialAction":[{"@type":"ReadAction","target":["https:\/\/www.estrategiaconcursos.com.br\/blog\/concurso-detran-sp-convoca-candidatos-para-prova-objetiva\/"]}]},{"@type":"ImageObject","inLanguage":"pt-BR","@id":"https:\/\/www.estrategiaconcursos.com.br\/blog\/concurso-detran-sp-convoca-candidatos-para-prova-objetiva\/#primaryimage","url":"https:\/\/dhg1h5j42swfq.cloudfront.net\/2018\/05\/25144532\/jornalismo-DETRAN-SP-AUTORIZADO.jpg","contentUrl":"https:\/\/dhg1h5j42swfq.cloudfront.net\/2018\/05\/25144532\/jornalismo-DETRAN-SP-AUTORIZADO.jpg","width":1200,"height":628,"caption":"Concurso Detran SP"},{"@type":"BreadcrumbList","@id":"https:\/\/www.estrategiaconcursos.com.br\/blog\/concurso-detran-sp-convoca-candidatos-para-prova-objetiva\/#breadcrumb","itemListElement":[{"@type":"ListItem","position":1,"name":"In\u00edcio","item":"https:\/\/www.estrategiaconcursos.com.br\/blog\/"},{"@type":"ListItem","position":2,"name":"Concurso Detran SP convoca candidatos para Prova Objetiva no dia 07\/07"}]},{"@type":"WebSite","@id":"https:\/\/www.estrategiaconcursos.com.br\/blog\/#website","url":"https:\/\/www.estrategiaconcursos.com.br\/blog\/","name":"Estrat\u00e9gia Concursos","description":"O blog da Estrat\u00e9gia Concursos traz not\u00edcias sobre concursos e artigos de professores oferecendo cursos para concursos (pdf + videaulas) no site.","publisher":{"@id":"https:\/\/www.estrategiaconcursos.com.br\/blog\/#organization"},"potentialAction":[{"@type":"SearchAction","target":{"@type":"EntryPoint","urlTemplate":"https:\/\/www.estrategiaconcursos.com.br\/blog\/?s={search_term_string}"},"query-input":{"@type":"PropertyValueSpecification","valueRequired":true,"valueName":"search_term_string"}}],"inLanguage":"pt-BR"},{"@type":"Organization","@id":"https:\/\/www.estrategiaconcursos.com.br\/blog\/#organization","name":"Estrat\u00e9gia Concursos","url":"https:\/\/www.estrategiaconcursos.com.br\/blog\/","logo":{"@type":"ImageObject","inLanguage":"pt-BR","@id":"https:\/\/www.estrategiaconcursos.com.br\/blog\/#\/schema\/logo\/image\/","url":"https:\/\/dhg1h5j42swfq.cloudfront.net\/2025\/06\/03203428\/logo_concursos-1.jpg","contentUrl":"https:\/\/dhg1h5j42swfq.cloudfront.net\/2025\/06\/03203428\/logo_concursos-1.jpg","width":230,"height":60,"caption":"Estrat\u00e9gia Concursos"},"image":{"@id":"https:\/\/www.estrategiaconcursos.com.br\/blog\/#\/schema\/logo\/image\/"},"sameAs":["https:\/\/x.com\/EstratConcursos"]},{"@type":"Person","@id":"https:\/\/www.estrategiaconcursos.com.br\/blog\/#\/schema\/person\/6be195b7a02a8ca214472b848686bb37","name":"Marcos Gir\u00e3o","image":{"@type":"ImageObject","inLanguage":"pt-BR","@id":"https:\/\/secure.gravatar.com\/avatar\/ac5b9a36e2c99a8280e07b5763e3b764471d5b861c47521bfd2edffdfbb06fbd?s=96&d=mm&r=g","url":"https:\/\/secure.gravatar.com\/avatar\/ac5b9a36e2c99a8280e07b5763e3b764471d5b861c47521bfd2edffdfbb06fbd?s=96&d=mm&r=g","contentUrl":"https:\/\/secure.gravatar.com\/avatar\/ac5b9a36e2c99a8280e07b5763e3b764471d5b861c47521bfd2edffdfbb06fbd?s=96&d=mm&r=g","caption":"Marcos Gir\u00e3o"},"url":"https:\/\/www.estrategiaconcursos.com.br\/blog\/author\/marcosgiraoestrategiaconcursos-com-br\/"}]}},"_links":{"self":[{"href":"https:\/\/www.estrategiaconcursos.com.br\/blog\/wp-json\/wp\/v2\/posts\/387585","targetHints":{"allow":["GET"]}}],"collection":[{"href":"https:\/\/www.estrategiaconcursos.com.br\/blog\/wp-json\/wp\/v2\/posts"}],"about":[{"href":"https:\/\/www.estrategiaconcursos.com.br\/blog\/wp-json\/wp\/v2\/types\/post"}],"author":[{"embeddable":true,"href":"https:\/\/www.estrategiaconcursos.com.br\/blog\/wp-json\/wp\/v2\/users\/248"}],"replies":[{"embeddable":true,"href":"https:\/\/www.estrategiaconcursos.com.br\/blog\/wp-json\/wp\/v2\/comments?post=387585"}],"version-history":[{"count":1,"href":"https:\/\/www.estrategiaconcursos.com.br\/blog\/wp-json\/wp\/v2\/posts\/387585\/revisions"}],"predecessor-version":[{"id":387616,"href":"https:\/\/www.estrategiaconcursos.com.br\/blog\/wp-json\/wp\/v2\/posts\/387585\/revisions\/387616"}],"wp:featuredmedia":[{"embeddable":true,"href":"https:\/\/www.estrategiaconcursos.com.br\/blog\/wp-json\/wp\/v2\/media\/122922"}],"wp:attachment":[{"href":"https:\/\/www.estrategiaconcursos.com.br\/blog\/wp-json\/wp\/v2\/media?parent=387585"}],"wp:term":[{"taxonomy":"category","embeddable":true,"href":"https:\/\/www.estrategiaconcursos.com.br\/blog\/wp-json\/wp\/v2\/categories?post=387585"},{"taxonomy":"post_tag","embeddable":true,"href":"https:\/\/www.estrategiaconcursos.com.br\/blog\/wp-json\/wp\/v2\/tags?post=387585"},{"taxonomy":"tax_estado","embeddable":true,"href":"https:\/\/www.estrategiaconcursos.com.br\/blog\/wp-json\/wp\/v2\/tax_estado?post=387585"}],"curies":[{"name":"wp","href":"https:\/\/api.w.org\/{rel}","templated":true}]}}