{"id":387575,"date":"2019-06-14T08:39:32","date_gmt":"2019-06-14T11:39:32","guid":{"rendered":"https:\/\/www.estrategiaconcursos.com.br\/blog\/?p=387575"},"modified":"2019-06-14T08:41:31","modified_gmt":"2019-06-14T11:41:31","slug":"concurso-mp-pa-comissao-se-reune","status":"publish","type":"post","link":"https:\/\/www.estrategiaconcursos.com.br\/blog\/concurso-mp-pa-comissao-se-reune\/","title":{"rendered":"Concurso MP PA: comiss\u00e3o se re\u00fane novamente para discutir sobre o edital"},"content":{"rendered":"\n<p>A comiss\u00e3o organizadora do concurso Minist\u00e9rio P\u00fablico do Estado do Par\u00e1 se reuniu novamente esta semana para tratar de quest\u00f5es administrativas referentes a elabora\u00e7\u00e3o do edital.<\/p>\n\n\n\n<p> Dentre os pontos abordados em reuni\u00e3o alguns bastante importantes foram; inscri\u00e7\u00e3o do concurso, valor de taxa, prazo de validade, entre outros.<\/p>\n\n\n\n<p>O encontro ocorreu na sala de reuni\u00f5es do Centro de Apoio Operacional. A pr\u00f3xima reuni\u00e3o de trabalho contar\u00e1 com a participa\u00e7\u00e3o da empresa <strong>Cetap <\/strong>que inclusive j\u00e1 assinou contrato para organizador o concurso MP PA. <\/p>\n\n\n\n<p>Ser\u00e3o ofertadas 15 vagas mais cadastro de reserva para o cargo de Auxiliar de Administra\u00e7\u00e3o com exig\u00eancia em n\u00edvel m\u00e9dio. Os aprovados ser\u00e3o distribu\u00eddos entre as regi\u00f5es administrativas do Minist\u00e9rio P\u00fablico.<\/p>\n\n\n\n<div class=\"wp-block-image\"><figure class=\"aligncenter is-resized\"><img loading=\"lazy\" decoding=\"async\" src=\"https:\/\/dhg1h5j42swfq.cloudfront.net\/2019\/06\/14083414\/COMISS%C3%83O.png.png\" alt=\"\" class=\"wp-image-387592\" width=\"494\" height=\"303\" srcset=\"https:\/\/dhg1h5j42swfq.cloudfront.net\/2019\/06\/14083414\/COMISS%C3%83O.png.png 802w, https:\/\/dhg1h5j42swfq.cloudfront.net\/2019\/06\/14083414\/COMISS%C3%83O.png.png 300w, https:\/\/dhg1h5j42swfq.cloudfront.net\/2019\/06\/14083414\/COMISS%C3%83O.png.png 768w, https:\/\/dhg1h5j42swfq.cloudfront.net\/2019\/06\/14083414\/COMISS%C3%83O.png.png 610w\" sizes=\"auto, (max-width: 494px) 100vw, 494px\" \/><\/figure><\/div>\n\n\n\n<h2 class=\"wp-block-heading\">\u00daltimo concurso MP PA<\/h2>\n\n\n\n<p>Organizado pela <strong>FADESP<\/strong>, o \u00faltimo certame ocorreu em 2012 e ofereceu 283 vagas. Dessas, 64 foram para Auxiliar de Administrativo, 47 vagas para T\u00e9cnico em Inform\u00e1tica, todos cargos de n\u00edvel m\u00e9dio. As demais vagas foram para n\u00edvel superior em \u00e1reas espec\u00edficas.<\/p>\n\n\n\n<p>Das 64 vagas para Auxiliar, foram convocados 177 aprovados, ou seja, mais que o dobro de vagas!<\/p>\n\n\n\n<p style=\"text-align:center\"><strong><em>Quer saber mais sobre o concurso MP PA? Acesse o link abaixo e confira maiores detalhes!!<\/em><\/strong><\/p>\n\n\n\n<p style=\"font-size:25px;text-align:center\" class=\"has-background has-very-light-gray-background-color\"><strong>Informa\u00e7\u00f5es: <a rel=\"noreferrer noopener\" aria-label=\"concurso MP PA (abre numa nova aba)\" href=\"https:\/\/www.estrategiaconcursos.com.br\/blog\/concurso-mp-pa\/\" target=\"_blank\">concurso MP PA<\/a><\/strong><\/p>\n\n\n\n<p style=\"text-align:center\"><strong><em>Quer estudar para Concurso MP PA?<\/em><\/strong><\/p>\n\n\n\n<p style=\"text-align:center\"><em><strong>Gostou desta oportunidade e deseja come\u00e7ar se preparar agora mesmo? Ent\u00e3o, confira os nossos cursos e comece a estudar para MP PA<\/strong><\/em>:<\/p>\n\n\n\n<p style=\"font-size:22px;text-align:center\" class=\"has-background has-luminous-vivid-amber-background-color\"><em><a rel=\"noreferrer noopener\" href=\"https:\/\/www.estrategiaconcursos.com.br\/cursosPorConcurso\/ministerio-publico-do-para-mp-pa\/\" target=\"_blank\"><strong>CURSO PM PA<\/strong><\/a><\/em><\/p>\n\n\n\n<p style=\"text-align:center\"><em><strong>Assinatura Anual Ilimitada*<\/strong><\/em><\/p>\n\n\n\n<p style=\"text-align:center\"><em>Prepare-se com o melhor material e com quem mais aprova em Concursos P\u00fablicos em todo o pa\u00eds. Assine agora a nossa Assinatura Anual e tenha acesso ilimitado* a todos os nossos cursos.<\/em><\/p>\n\n\n\n<p style=\"font-size:22px;text-align:center\" class=\"has-background has-light-green-cyan-background-color\"><strong>ASSINE AGORA<\/strong>&nbsp;\u2013&nbsp;<a rel=\"noreferrer noopener\" href=\"https:\/\/www.estrategiaconcursos.com.br\/assinaturas\" target=\"_blank\"><strong>Assinatura Ilimitada<\/strong><\/a><\/p>\n","protected":false},"excerpt":{"rendered":"<p>A comiss\u00e3o organizadora do concurso Minist\u00e9rio P\u00fablico do Estado do Par\u00e1 se reuniu novamente esta semana para tratar de quest\u00f5es administrativas referentes a elabora\u00e7\u00e3o do edital. Dentre os pontos abordados em reuni\u00e3o alguns bastante importantes foram; inscri\u00e7\u00e3o do concurso, valor de taxa, prazo de validade, entre outros. O encontro ocorreu na sala de reuni\u00f5es do [&hellip;]<\/p>\n","protected":false},"author":129,"featured_media":0,"comment_status":"open","ping_status":"closed","sticky":false,"template":"","format":"standard","meta":{"post_tipo":"article","footnotes":""},"categories":[1],"tags":[],"tax_estado":[],"class_list":["post-387575","post","type-post","status-publish","format-standard","hentry","category-cursos-e-concursos"],"acf":[],"yoast_head":"<!-- This site is optimized with the Yoast SEO Premium plugin v27.2 (Yoast SEO v27.2) - https:\/\/yoast.com\/product\/yoast-seo-premium-wordpress\/ -->\n<title>Concurso MP PA: comiss\u00e3o se re\u00fane novamente para discutir sobre o edital<\/title>\n<meta name=\"robots\" content=\"index, follow, max-snippet:-1, max-image-preview:large, max-video-preview:-1\" \/>\n<link rel=\"canonical\" href=\"https:\/\/www.estrategiaconcursos.com.br\/blog\/concurso-mp-pa-comissao-se-reune\/\" \/>\n<meta property=\"og:locale\" content=\"pt_BR\" \/>\n<meta property=\"og:type\" content=\"article\" \/>\n<meta property=\"og:title\" content=\"Concurso MP PA: comiss\u00e3o se re\u00fane novamente para discutir sobre o edital\" \/>\n<meta property=\"og:description\" content=\"A comiss\u00e3o organizadora do concurso Minist\u00e9rio P\u00fablico do Estado do Par\u00e1 se reuniu novamente esta semana para tratar de quest\u00f5es administrativas referentes a elabora\u00e7\u00e3o do edital. Dentre os pontos abordados em reuni\u00e3o alguns bastante importantes foram; inscri\u00e7\u00e3o do concurso, valor de taxa, prazo de validade, entre outros. O encontro ocorreu na sala de reuni\u00f5es do [&hellip;]\" \/>\n<meta property=\"og:url\" content=\"https:\/\/www.estrategiaconcursos.com.br\/blog\/concurso-mp-pa-comissao-se-reune\/\" \/>\n<meta property=\"og:site_name\" content=\"Estrat\u00e9gia Concursos\" \/>\n<meta property=\"article:published_time\" content=\"2019-06-14T11:39:32+00:00\" \/>\n<meta property=\"article:modified_time\" content=\"2019-06-14T11:41:31+00:00\" \/>\n<meta name=\"author\" content=\"Herbert Almeida\" \/>\n<meta name=\"twitter:card\" content=\"summary_large_image\" \/>\n<meta name=\"twitter:creator\" content=\"@EstratConcursos\" \/>\n<meta name=\"twitter:site\" content=\"@EstratConcursos\" \/>\n<meta name=\"twitter:label1\" content=\"Escrito por\" \/>\n\t<meta name=\"twitter:data1\" content=\"Herbert Almeida\" \/>\n\t<meta name=\"twitter:label2\" content=\"Est. tempo de leitura\" \/>\n\t<meta name=\"twitter:data2\" content=\"1 minuto\" \/>\n<script type=\"application\/ld+json\" class=\"yoast-schema-graph\">{\"@context\":\"https:\/\/schema.org\",\"@graph\":[{\"@type\":\"NewsArticle\",\"@id\":\"https:\/\/www.estrategiaconcursos.com.br\/blog\/concurso-mp-pa-comissao-se-reune\/#article\",\"isPartOf\":{\"@id\":\"https:\/\/www.estrategiaconcursos.com.br\/blog\/concurso-mp-pa-comissao-se-reune\/\"},\"author\":{\"name\":\"Herbert Almeida\",\"@id\":\"https:\/\/www.estrategiaconcursos.com.br\/blog\/#\/schema\/person\/59717c75350fa01aa0fd68a52a8d02e0\"},\"headline\":\"Concurso MP PA: comiss\u00e3o se re\u00fane novamente para discutir sobre o edital\",\"datePublished\":\"2019-06-14T11:39:32+00:00\",\"dateModified\":\"2019-06-14T11:41:31+00:00\",\"mainEntityOfPage\":{\"@id\":\"https:\/\/www.estrategiaconcursos.com.br\/blog\/concurso-mp-pa-comissao-se-reune\/\"},\"wordCount\":306,\"commentCount\":0,\"publisher\":{\"@id\":\"https:\/\/www.estrategiaconcursos.com.br\/blog\/#organization\"},\"articleSection\":[\"Concursos P\u00fablicos\"],\"inLanguage\":\"pt-BR\",\"potentialAction\":[{\"@type\":\"CommentAction\",\"name\":\"Comment\",\"target\":[\"https:\/\/www.estrategiaconcursos.com.br\/blog\/concurso-mp-pa-comissao-se-reune\/#respond\"]}],\"copyrightYear\":\"2019\",\"copyrightHolder\":{\"@id\":\"https:\/\/www.estrategiaconcursos.com.br\/blog\/#organization\"}},{\"@type\":\"WebPage\",\"@id\":\"https:\/\/www.estrategiaconcursos.com.br\/blog\/concurso-mp-pa-comissao-se-reune\/\",\"url\":\"https:\/\/www.estrategiaconcursos.com.br\/blog\/concurso-mp-pa-comissao-se-reune\/\",\"name\":\"Concurso MP PA: comiss\u00e3o se re\u00fane novamente para discutir sobre o edital\",\"isPartOf\":{\"@id\":\"https:\/\/www.estrategiaconcursos.com.br\/blog\/#website\"},\"datePublished\":\"2019-06-14T11:39:32+00:00\",\"dateModified\":\"2019-06-14T11:41:31+00:00\",\"breadcrumb\":{\"@id\":\"https:\/\/www.estrategiaconcursos.com.br\/blog\/concurso-mp-pa-comissao-se-reune\/#breadcrumb\"},\"inLanguage\":\"pt-BR\",\"potentialAction\":[{\"@type\":\"ReadAction\",\"target\":[\"https:\/\/www.estrategiaconcursos.com.br\/blog\/concurso-mp-pa-comissao-se-reune\/\"]}]},{\"@type\":\"BreadcrumbList\",\"@id\":\"https:\/\/www.estrategiaconcursos.com.br\/blog\/concurso-mp-pa-comissao-se-reune\/#breadcrumb\",\"itemListElement\":[{\"@type\":\"ListItem\",\"position\":1,\"name\":\"In\u00edcio\",\"item\":\"https:\/\/www.estrategiaconcursos.com.br\/blog\/\"},{\"@type\":\"ListItem\",\"position\":2,\"name\":\"Concurso MP PA: comiss\u00e3o se re\u00fane novamente para discutir sobre o edital\"}]},{\"@type\":\"WebSite\",\"@id\":\"https:\/\/www.estrategiaconcursos.com.br\/blog\/#website\",\"url\":\"https:\/\/www.estrategiaconcursos.com.br\/blog\/\",\"name\":\"Estrat\u00e9gia Concursos\",\"description\":\"O blog da Estrat\u00e9gia Concursos traz not\u00edcias sobre concursos e artigos de professores oferecendo cursos para concursos (pdf + videaulas) no site.\",\"publisher\":{\"@id\":\"https:\/\/www.estrategiaconcursos.com.br\/blog\/#organization\"},\"potentialAction\":[{\"@type\":\"SearchAction\",\"target\":{\"@type\":\"EntryPoint\",\"urlTemplate\":\"https:\/\/www.estrategiaconcursos.com.br\/blog\/?s={search_term_string}\"},\"query-input\":{\"@type\":\"PropertyValueSpecification\",\"valueRequired\":true,\"valueName\":\"search_term_string\"}}],\"inLanguage\":\"pt-BR\"},{\"@type\":\"Organization\",\"@id\":\"https:\/\/www.estrategiaconcursos.com.br\/blog\/#organization\",\"name\":\"Estrat\u00e9gia Concursos\",\"url\":\"https:\/\/www.estrategiaconcursos.com.br\/blog\/\",\"logo\":{\"@type\":\"ImageObject\",\"inLanguage\":\"pt-BR\",\"@id\":\"https:\/\/www.estrategiaconcursos.com.br\/blog\/#\/schema\/logo\/image\/\",\"url\":\"https:\/\/dhg1h5j42swfq.cloudfront.net\/2025\/06\/03203428\/logo_concursos-1.jpg\",\"contentUrl\":\"https:\/\/dhg1h5j42swfq.cloudfront.net\/2025\/06\/03203428\/logo_concursos-1.jpg\",\"width\":230,\"height\":60,\"caption\":\"Estrat\u00e9gia Concursos\"},\"image\":{\"@id\":\"https:\/\/www.estrategiaconcursos.com.br\/blog\/#\/schema\/logo\/image\/\"},\"sameAs\":[\"https:\/\/x.com\/EstratConcursos\"]},{\"@type\":\"Person\",\"@id\":\"https:\/\/www.estrategiaconcursos.com.br\/blog\/#\/schema\/person\/59717c75350fa01aa0fd68a52a8d02e0\",\"name\":\"Herbert Almeida\",\"image\":{\"@type\":\"ImageObject\",\"inLanguage\":\"pt-BR\",\"@id\":\"https:\/\/secure.gravatar.com\/avatar\/b6461a43893c24d5fc91efc433971ffec025c84c0341129f4578034d77f9a536?s=96&d=mm&r=g\",\"url\":\"https:\/\/secure.gravatar.com\/avatar\/b6461a43893c24d5fc91efc433971ffec025c84c0341129f4578034d77f9a536?s=96&d=mm&r=g\",\"contentUrl\":\"https:\/\/secure.gravatar.com\/avatar\/b6461a43893c24d5fc91efc433971ffec025c84c0341129f4578034d77f9a536?s=96&d=mm&r=g\",\"caption\":\"Herbert Almeida\"},\"url\":\"https:\/\/www.estrategiaconcursos.com.br\/blog\/author\/herbertestrategiaconcursos-com-br\/\"}]}<\/script>\n<!-- \/ Yoast SEO Premium plugin. -->","yoast_head_json":{"title":"Concurso MP PA: comiss\u00e3o se re\u00fane novamente para discutir sobre o edital","robots":{"index":"index","follow":"follow","max-snippet":"max-snippet:-1","max-image-preview":"max-image-preview:large","max-video-preview":"max-video-preview:-1"},"canonical":"https:\/\/www.estrategiaconcursos.com.br\/blog\/concurso-mp-pa-comissao-se-reune\/","og_locale":"pt_BR","og_type":"article","og_title":"Concurso MP PA: comiss\u00e3o se re\u00fane novamente para discutir sobre o edital","og_description":"A comiss\u00e3o organizadora do concurso Minist\u00e9rio P\u00fablico do Estado do Par\u00e1 se reuniu novamente esta semana para tratar de quest\u00f5es administrativas referentes a elabora\u00e7\u00e3o do edital. Dentre os pontos abordados em reuni\u00e3o alguns bastante importantes foram; inscri\u00e7\u00e3o do concurso, valor de taxa, prazo de validade, entre outros. O encontro ocorreu na sala de reuni\u00f5es do [&hellip;]","og_url":"https:\/\/www.estrategiaconcursos.com.br\/blog\/concurso-mp-pa-comissao-se-reune\/","og_site_name":"Estrat\u00e9gia Concursos","article_published_time":"2019-06-14T11:39:32+00:00","article_modified_time":"2019-06-14T11:41:31+00:00","author":"Herbert Almeida","twitter_card":"summary_large_image","twitter_creator":"@EstratConcursos","twitter_site":"@EstratConcursos","twitter_misc":{"Escrito por":"Herbert Almeida","Est. tempo de leitura":"1 minuto"},"schema":{"@context":"https:\/\/schema.org","@graph":[{"@type":"NewsArticle","@id":"https:\/\/www.estrategiaconcursos.com.br\/blog\/concurso-mp-pa-comissao-se-reune\/#article","isPartOf":{"@id":"https:\/\/www.estrategiaconcursos.com.br\/blog\/concurso-mp-pa-comissao-se-reune\/"},"author":{"name":"Herbert Almeida","@id":"https:\/\/www.estrategiaconcursos.com.br\/blog\/#\/schema\/person\/59717c75350fa01aa0fd68a52a8d02e0"},"headline":"Concurso MP PA: comiss\u00e3o se re\u00fane novamente para discutir sobre o edital","datePublished":"2019-06-14T11:39:32+00:00","dateModified":"2019-06-14T11:41:31+00:00","mainEntityOfPage":{"@id":"https:\/\/www.estrategiaconcursos.com.br\/blog\/concurso-mp-pa-comissao-se-reune\/"},"wordCount":306,"commentCount":0,"publisher":{"@id":"https:\/\/www.estrategiaconcursos.com.br\/blog\/#organization"},"articleSection":["Concursos P\u00fablicos"],"inLanguage":"pt-BR","potentialAction":[{"@type":"CommentAction","name":"Comment","target":["https:\/\/www.estrategiaconcursos.com.br\/blog\/concurso-mp-pa-comissao-se-reune\/#respond"]}],"copyrightYear":"2019","copyrightHolder":{"@id":"https:\/\/www.estrategiaconcursos.com.br\/blog\/#organization"}},{"@type":"WebPage","@id":"https:\/\/www.estrategiaconcursos.com.br\/blog\/concurso-mp-pa-comissao-se-reune\/","url":"https:\/\/www.estrategiaconcursos.com.br\/blog\/concurso-mp-pa-comissao-se-reune\/","name":"Concurso MP PA: comiss\u00e3o se re\u00fane novamente para discutir sobre o edital","isPartOf":{"@id":"https:\/\/www.estrategiaconcursos.com.br\/blog\/#website"},"datePublished":"2019-06-14T11:39:32+00:00","dateModified":"2019-06-14T11:41:31+00:00","breadcrumb":{"@id":"https:\/\/www.estrategiaconcursos.com.br\/blog\/concurso-mp-pa-comissao-se-reune\/#breadcrumb"},"inLanguage":"pt-BR","potentialAction":[{"@type":"ReadAction","target":["https:\/\/www.estrategiaconcursos.com.br\/blog\/concurso-mp-pa-comissao-se-reune\/"]}]},{"@type":"BreadcrumbList","@id":"https:\/\/www.estrategiaconcursos.com.br\/blog\/concurso-mp-pa-comissao-se-reune\/#breadcrumb","itemListElement":[{"@type":"ListItem","position":1,"name":"In\u00edcio","item":"https:\/\/www.estrategiaconcursos.com.br\/blog\/"},{"@type":"ListItem","position":2,"name":"Concurso MP PA: comiss\u00e3o se re\u00fane novamente para discutir sobre o edital"}]},{"@type":"WebSite","@id":"https:\/\/www.estrategiaconcursos.com.br\/blog\/#website","url":"https:\/\/www.estrategiaconcursos.com.br\/blog\/","name":"Estrat\u00e9gia Concursos","description":"O blog da Estrat\u00e9gia Concursos traz not\u00edcias sobre concursos e artigos de professores oferecendo cursos para concursos (pdf + videaulas) no site.","publisher":{"@id":"https:\/\/www.estrategiaconcursos.com.br\/blog\/#organization"},"potentialAction":[{"@type":"SearchAction","target":{"@type":"EntryPoint","urlTemplate":"https:\/\/www.estrategiaconcursos.com.br\/blog\/?s={search_term_string}"},"query-input":{"@type":"PropertyValueSpecification","valueRequired":true,"valueName":"search_term_string"}}],"inLanguage":"pt-BR"},{"@type":"Organization","@id":"https:\/\/www.estrategiaconcursos.com.br\/blog\/#organization","name":"Estrat\u00e9gia Concursos","url":"https:\/\/www.estrategiaconcursos.com.br\/blog\/","logo":{"@type":"ImageObject","inLanguage":"pt-BR","@id":"https:\/\/www.estrategiaconcursos.com.br\/blog\/#\/schema\/logo\/image\/","url":"https:\/\/dhg1h5j42swfq.cloudfront.net\/2025\/06\/03203428\/logo_concursos-1.jpg","contentUrl":"https:\/\/dhg1h5j42swfq.cloudfront.net\/2025\/06\/03203428\/logo_concursos-1.jpg","width":230,"height":60,"caption":"Estrat\u00e9gia Concursos"},"image":{"@id":"https:\/\/www.estrategiaconcursos.com.br\/blog\/#\/schema\/logo\/image\/"},"sameAs":["https:\/\/x.com\/EstratConcursos"]},{"@type":"Person","@id":"https:\/\/www.estrategiaconcursos.com.br\/blog\/#\/schema\/person\/59717c75350fa01aa0fd68a52a8d02e0","name":"Herbert Almeida","image":{"@type":"ImageObject","inLanguage":"pt-BR","@id":"https:\/\/secure.gravatar.com\/avatar\/b6461a43893c24d5fc91efc433971ffec025c84c0341129f4578034d77f9a536?s=96&d=mm&r=g","url":"https:\/\/secure.gravatar.com\/avatar\/b6461a43893c24d5fc91efc433971ffec025c84c0341129f4578034d77f9a536?s=96&d=mm&r=g","contentUrl":"https:\/\/secure.gravatar.com\/avatar\/b6461a43893c24d5fc91efc433971ffec025c84c0341129f4578034d77f9a536?s=96&d=mm&r=g","caption":"Herbert Almeida"},"url":"https:\/\/www.estrategiaconcursos.com.br\/blog\/author\/herbertestrategiaconcursos-com-br\/"}]}},"_links":{"self":[{"href":"https:\/\/www.estrategiaconcursos.com.br\/blog\/wp-json\/wp\/v2\/posts\/387575","targetHints":{"allow":["GET"]}}],"collection":[{"href":"https:\/\/www.estrategiaconcursos.com.br\/blog\/wp-json\/wp\/v2\/posts"}],"about":[{"href":"https:\/\/www.estrategiaconcursos.com.br\/blog\/wp-json\/wp\/v2\/types\/post"}],"author":[{"embeddable":true,"href":"https:\/\/www.estrategiaconcursos.com.br\/blog\/wp-json\/wp\/v2\/users\/129"}],"replies":[{"embeddable":true,"href":"https:\/\/www.estrategiaconcursos.com.br\/blog\/wp-json\/wp\/v2\/comments?post=387575"}],"version-history":[{"count":2,"href":"https:\/\/www.estrategiaconcursos.com.br\/blog\/wp-json\/wp\/v2\/posts\/387575\/revisions"}],"predecessor-version":[{"id":387600,"href":"https:\/\/www.estrategiaconcursos.com.br\/blog\/wp-json\/wp\/v2\/posts\/387575\/revisions\/387600"}],"wp:attachment":[{"href":"https:\/\/www.estrategiaconcursos.com.br\/blog\/wp-json\/wp\/v2\/media?parent=387575"}],"wp:term":[{"taxonomy":"category","embeddable":true,"href":"https:\/\/www.estrategiaconcursos.com.br\/blog\/wp-json\/wp\/v2\/categories?post=387575"},{"taxonomy":"post_tag","embeddable":true,"href":"https:\/\/www.estrategiaconcursos.com.br\/blog\/wp-json\/wp\/v2\/tags?post=387575"},{"taxonomy":"tax_estado","embeddable":true,"href":"https:\/\/www.estrategiaconcursos.com.br\/blog\/wp-json\/wp\/v2\/tax_estado?post=387575"}],"curies":[{"name":"wp","href":"https:\/\/api.w.org\/{rel}","templated":true}]}}