{"id":386538,"date":"2019-06-11T16:50:19","date_gmt":"2019-06-11T19:50:19","guid":{"rendered":"https:\/\/www.estrategiaconcursos.com.br\/blog\/?p=386538"},"modified":"2019-06-11T16:50:23","modified_gmt":"2019-06-11T19:50:23","slug":"concurso-pc-pr-processo-registra-movimentacao","status":"publish","type":"post","link":"https:\/\/www.estrategiaconcursos.com.br\/blog\/concurso-pc-pr-processo-registra-movimentacao\/","title":{"rendered":"Concurso PC PR: autoriza\u00e7\u00e3o do certame registra nova movimenta\u00e7\u00e3o"},"content":{"rendered":"\n<p style=\"font-size:22px\"><em>Concurso PC PR pode ofertar 766 vagas para Investigador<\/em><\/p>\n\n\n\n<p>O pedido de autoriza\u00e7\u00e3o de concurso p\u00fablico da Pol\u00edcia Civil do Paran\u00e1 registrou um<strong> novo andamento<\/strong> nesta semana. Segundo o protocolo a \u00faltima tramita\u00e7\u00e3o aconteceu dia 10 de junho e encontra-se atualmente no Grupo de Recursos Humanos Setorial da Secretaria de Estado de Seguran\u00e7a P\u00fablica do Paran\u00e1.<\/p>\n\n\n\n<p>Vale lembrar que o estado do Paran\u00e1 tem a inten\u00e7\u00e3o de refor\u00e7ar a \u00e1rea de seguran\u00e7a p\u00fablica h\u00e1 um tempo, uma vez que o novo concurso para Investigador est\u00e1 autorizado desde o ano de 2017.<\/p>\n\n\n\n<p>O concurso PC PR visa ofertar<strong> 766 vagas<\/strong> para o cargo de<strong> Investigador de Pol\u00edcia Civil<\/strong>, e o candidato deve possuir forma\u00e7\u00e3o em qualquer curso de gradua\u00e7\u00e3o de n\u00edvel superior e obter CNH categoria B ou superior. <\/p>\n\n\n\n<p>O Investigador rec\u00e9m contratado pela corpora\u00e7\u00e3o inicia a carreira na <strong>5\u00aa classe<\/strong>, que possui a remunera\u00e7\u00e3o inicial de <strong>R$ 5.478,49<\/strong>. Com os anos de servi\u00e7o, o servidor pode subir de classe e com isso alcan\u00e7ar um sal\u00e1rio maior, que pode chegar a at\u00e9 <strong><em>R$ 11 mil<\/em><\/strong>.<\/p>\n\n\n\n<p style=\"font-size:19px\"><em>Confira abaixo a movimenta\u00e7\u00e3o no processo do concurso PC PR:<\/em><\/p>\n\n\n\n<div class=\"wp-block-image\"><figure class=\"aligncenter is-resized\"><img loading=\"lazy\" decoding=\"async\" src=\"https:\/\/dhg1h5j42swfq.cloudfront.net\/2019\/06\/11161933\/concurso-pc-pr.png.png\" alt=\"concurso pc pr\" class=\"wp-image-386547\" width=\"636\" height=\"216\" srcset=\"https:\/\/dhg1h5j42swfq.cloudfront.net\/2019\/06\/11161933\/concurso-pc-pr.png.png 1351w, https:\/\/dhg1h5j42swfq.cloudfront.net\/2019\/06\/11161933\/concurso-pc-pr.png.png 300w, https:\/\/dhg1h5j42swfq.cloudfront.net\/2019\/06\/11161933\/concurso-pc-pr.png.png 768w, https:\/\/dhg1h5j42swfq.cloudfront.net\/2019\/06\/11161933\/concurso-pc-pr.png.png 1024w, https:\/\/dhg1h5j42swfq.cloudfront.net\/2019\/06\/11161933\/concurso-pc-pr.png.png 610w\" sizes=\"auto, (max-width: 636px) 100vw, 636px\" \/><\/figure><\/div>\n\n\n\n<h2 class=\"wp-block-heading\"><strong>\u00daltimo concurso Investigador<\/strong><\/h2>\n\n\n\n<p>O \u00faltimo concurso PC PR para o cargo de Investigador de Pol\u00edcia aconteceu em 2009, quando foram ofertadas <strong>381<\/strong> vagas para o cargo, al\u00e9m de 90 para Escriv\u00e3o e 29 para Papiloscopista. A organiza\u00e7\u00e3o do certame ficou a cargo da banca COPS\/UEL.<\/p>\n\n\n\n<p style=\"font-size:23px;text-align:center\" class=\"has-background has-luminous-vivid-amber-background-color\"><em><strong>Mais informa\u00e7\u00f5es:<\/strong><\/em><a rel=\"noreferrer noopener\" aria-label=\" Concurso PC PR (abre numa nova aba)\" href=\"https:\/\/www.estrategiaconcursos.com.br\/blog\/concurso-policia-civil-pr\/\" target=\"_blank\"><em><strong> <\/strong><\/em><\/a><span style=\"text-decoration: underline;\"><a rel=\"noreferrer noopener\" aria-label=\" Concurso PC PR (abre numa nova aba)\" href=\"https:\/\/www.estrategiaconcursos.com.br\/blog\/concurso-policia-civil-pr\/\" target=\"_blank\"><em><strong>Concurso PC PR<\/strong><\/em><\/a><\/span><\/p>\n\n\n\n<p style=\"font-size:19px;text-align:center\"><strong><em>Quer estudar para o PC PR?<\/em><\/strong><\/p>\n\n\n\n<p style=\"text-align:center\"><em><strong>Gostou desta oportunidade e deseja come\u00e7ar se preparar agora mesmo? Ent\u00e3o, confira os nossos cursos e comece a estudar para PC PR:<\/strong><\/em><\/p>\n\n\n\n<p style=\"font-size:22px;text-align:center\" class=\"has-background has-luminous-vivid-amber-background-color\"><a rel=\"noreferrer noopener\" href=\"https:\/\/www.estrategiaconcursos.com.br\/cursosPorConcurso\/policia-civil-do-parana-pc-pr\/\" target=\"_blank\"><strong><em>CURSO PC PR<\/em><\/strong><\/a><\/p>\n\n\n\n<p style=\"font-size:18px;text-align:center\"><em><strong>Assinatura Anual Ilimitada*<\/strong><\/em><\/p>\n\n\n\n<p style=\"text-align:center\"><em>Prepare-se com o melhor material e com quem mais aprova em Concursos P\u00fablicos em todo o pa\u00eds. Assine agora a nossa Assinatura Anual e tenha acesso ilimitado* a todos os nossos cursos.<\/em><\/p>\n\n\n\n<p style=\"font-size:25px;text-align:center\" class=\"has-background has-light-green-cyan-background-color\"><strong>ASSINE AGORA<\/strong>&nbsp;\u2013&nbsp;<a rel=\"noreferrer noopener\" href=\"https:\/\/www.estrategiaconcursos.com.br\/assinaturas\" target=\"_blank\"><strong>Assinatura Ilimitada<\/strong><\/a><\/p>\n\n\n\n<p><em>Ascom Estrat\u00e9gia<\/em><br \/>ascomestrategia@gmail.com<\/p>\n\n\n\n<p style=\"text-align:center\"><em><strong>Receba not\u00edcias de Concursos no seu WhatsApp e\/ou Telegram!<\/strong><\/em><\/p>\n\n\n\n<p style=\"text-align:center\"><em><strong>Cadastre-se clicando no \u00edcone abaixo<\/strong><\/em><\/p>\n\n\n\n<div class=\"wp-block-image\"><figure class=\"aligncenter\"><a href=\"https:\/\/www.estrategiaconcursos.com.br\/blog\/noticias-de-concursos-whatsapp-estrategia-concursos\/\" target=\"_blank\" rel=\"noreferrer noopener\"><img loading=\"lazy\" decoding=\"async\" width=\"320\" height=\"180\" src=\"https:\/\/dhg1h5j42swfq.cloudfront.net\/2018\/03\/22113932\/whatsapptelegram-e1548177162795.png\" alt=\"\" class=\"wp-image-112824\"\/><\/a><\/figure><\/div>\n\n\n\n<p style=\"text-align:center\"><a rel=\"noreferrer noopener\" href=\"https:\/\/www.estrategiaconcursos.com.br\/blog\/noticias-de-concursos-whatsapp-estrategia-concursos\/\" target=\"_blank\">Not\u00edcias de concursos no seu WhatsApp e\/ou Telegram<\/a><\/p>\n","protected":false},"excerpt":{"rendered":"<p>Concurso PC PR pode ofertar 766 vagas para Investigador O pedido de autoriza\u00e7\u00e3o de concurso p\u00fablico da Pol\u00edcia Civil do Paran\u00e1 registrou um novo andamento nesta semana. Segundo o protocolo a \u00faltima tramita\u00e7\u00e3o aconteceu dia 10 de junho e encontra-se atualmente no Grupo de Recursos Humanos Setorial da Secretaria de Estado de Seguran\u00e7a P\u00fablica do [&hellip;]<\/p>\n","protected":false},"author":552,"featured_media":60613,"comment_status":"open","ping_status":"closed","sticky":false,"template":"","format":"standard","meta":{"post_tipo":"article","footnotes":""},"categories":[1],"tags":[],"tax_estado":[],"class_list":["post-386538","post","type-post","status-publish","format-standard","has-post-thumbnail","hentry","category-cursos-e-concursos"],"acf":[],"yoast_head":"<!-- This site is optimized with the Yoast SEO Premium plugin v27.2 (Yoast SEO v27.2) - https:\/\/yoast.com\/product\/yoast-seo-premium-wordpress\/ -->\n<title>Concurso PC PR: autoriza\u00e7\u00e3o do certame registra nova movimenta\u00e7\u00e3o<\/title>\n<meta name=\"description\" content=\"Concurso PC PR: processo de autoriza\u00e7\u00e3o de concurso p\u00fablico da Pol\u00edcia Civil do Paran\u00e1 registra novo andamento. Saiba mais!!\" \/>\n<meta name=\"robots\" content=\"index, follow, max-snippet:-1, max-image-preview:large, max-video-preview:-1\" \/>\n<link rel=\"canonical\" href=\"https:\/\/www.estrategiaconcursos.com.br\/blog\/concurso-pc-pr-processo-registra-movimentacao\/\" \/>\n<meta property=\"og:locale\" content=\"pt_BR\" \/>\n<meta property=\"og:type\" content=\"article\" \/>\n<meta property=\"og:title\" content=\"Concurso PC PR: autoriza\u00e7\u00e3o do certame registra nova movimenta\u00e7\u00e3o\" \/>\n<meta property=\"og:description\" content=\"Concurso PC PR: processo de autoriza\u00e7\u00e3o de concurso p\u00fablico da Pol\u00edcia Civil do Paran\u00e1 registra novo andamento. Saiba mais!!\" \/>\n<meta property=\"og:url\" content=\"https:\/\/www.estrategiaconcursos.com.br\/blog\/concurso-pc-pr-processo-registra-movimentacao\/\" \/>\n<meta property=\"og:site_name\" content=\"Estrat\u00e9gia Concursos\" \/>\n<meta property=\"article:published_time\" content=\"2019-06-11T19:50:19+00:00\" \/>\n<meta property=\"article:modified_time\" content=\"2019-06-11T19:50:23+00:00\" \/>\n<meta property=\"og:image\" content=\"https:\/\/dhg1h5j42swfq.cloudfront.net\/2017\/01\/09094344\/Adinoel-Carreiras-Policiais-2017-foto-sul-parana-policia-civil.jpg\" \/>\n\t<meta property=\"og:image:width\" content=\"350\" \/>\n\t<meta property=\"og:image:height\" content=\"480\" \/>\n\t<meta property=\"og:image:type\" content=\"image\/jpeg\" \/>\n<meta name=\"author\" content=\"Paulo Bilynskyj\" \/>\n<meta name=\"twitter:card\" content=\"summary_large_image\" \/>\n<meta name=\"twitter:creator\" content=\"@EstratConcursos\" \/>\n<meta name=\"twitter:site\" content=\"@EstratConcursos\" \/>\n<meta name=\"twitter:label1\" content=\"Escrito por\" \/>\n\t<meta name=\"twitter:data1\" content=\"Paulo Bilynskyj\" \/>\n\t<meta name=\"twitter:label2\" content=\"Est. tempo de leitura\" \/>\n\t<meta name=\"twitter:data2\" content=\"2 minutos\" \/>\n<script type=\"application\/ld+json\" class=\"yoast-schema-graph\">{\"@context\":\"https:\/\/schema.org\",\"@graph\":[{\"@type\":\"NewsArticle\",\"@id\":\"https:\/\/www.estrategiaconcursos.com.br\/blog\/concurso-pc-pr-processo-registra-movimentacao\/#article\",\"isPartOf\":{\"@id\":\"https:\/\/www.estrategiaconcursos.com.br\/blog\/concurso-pc-pr-processo-registra-movimentacao\/\"},\"author\":{\"name\":\"Paulo Bilynskyj\",\"@id\":\"https:\/\/www.estrategiaconcursos.com.br\/blog\/#\/schema\/person\/a630b15e36f45b4c21fed01219843cb5\"},\"headline\":\"Concurso PC PR: autoriza\u00e7\u00e3o do certame registra nova movimenta\u00e7\u00e3o\",\"datePublished\":\"2019-06-11T19:50:19+00:00\",\"dateModified\":\"2019-06-11T19:50:23+00:00\",\"mainEntityOfPage\":{\"@id\":\"https:\/\/www.estrategiaconcursos.com.br\/blog\/concurso-pc-pr-processo-registra-movimentacao\/\"},\"wordCount\":369,\"commentCount\":4,\"publisher\":{\"@id\":\"https:\/\/www.estrategiaconcursos.com.br\/blog\/#organization\"},\"image\":{\"@id\":\"https:\/\/www.estrategiaconcursos.com.br\/blog\/concurso-pc-pr-processo-registra-movimentacao\/#primaryimage\"},\"thumbnailUrl\":\"https:\/\/dhg1h5j42swfq.cloudfront.net\/2017\/01\/09094344\/Adinoel-Carreiras-Policiais-2017-foto-sul-parana-policia-civil.jpg\",\"articleSection\":[\"Concursos P\u00fablicos\"],\"inLanguage\":\"pt-BR\",\"potentialAction\":[{\"@type\":\"CommentAction\",\"name\":\"Comment\",\"target\":[\"https:\/\/www.estrategiaconcursos.com.br\/blog\/concurso-pc-pr-processo-registra-movimentacao\/#respond\"]}],\"copyrightYear\":\"2019\",\"copyrightHolder\":{\"@id\":\"https:\/\/www.estrategiaconcursos.com.br\/blog\/#organization\"}},{\"@type\":\"WebPage\",\"@id\":\"https:\/\/www.estrategiaconcursos.com.br\/blog\/concurso-pc-pr-processo-registra-movimentacao\/\",\"url\":\"https:\/\/www.estrategiaconcursos.com.br\/blog\/concurso-pc-pr-processo-registra-movimentacao\/\",\"name\":\"Concurso PC PR: autoriza\u00e7\u00e3o do certame registra nova movimenta\u00e7\u00e3o\",\"isPartOf\":{\"@id\":\"https:\/\/www.estrategiaconcursos.com.br\/blog\/#website\"},\"primaryImageOfPage\":{\"@id\":\"https:\/\/www.estrategiaconcursos.com.br\/blog\/concurso-pc-pr-processo-registra-movimentacao\/#primaryimage\"},\"image\":{\"@id\":\"https:\/\/www.estrategiaconcursos.com.br\/blog\/concurso-pc-pr-processo-registra-movimentacao\/#primaryimage\"},\"thumbnailUrl\":\"https:\/\/dhg1h5j42swfq.cloudfront.net\/2017\/01\/09094344\/Adinoel-Carreiras-Policiais-2017-foto-sul-parana-policia-civil.jpg\",\"datePublished\":\"2019-06-11T19:50:19+00:00\",\"dateModified\":\"2019-06-11T19:50:23+00:00\",\"description\":\"Concurso PC PR: processo de autoriza\u00e7\u00e3o de concurso p\u00fablico da Pol\u00edcia Civil do Paran\u00e1 registra novo andamento. Saiba mais!!\",\"breadcrumb\":{\"@id\":\"https:\/\/www.estrategiaconcursos.com.br\/blog\/concurso-pc-pr-processo-registra-movimentacao\/#breadcrumb\"},\"inLanguage\":\"pt-BR\",\"potentialAction\":[{\"@type\":\"ReadAction\",\"target\":[\"https:\/\/www.estrategiaconcursos.com.br\/blog\/concurso-pc-pr-processo-registra-movimentacao\/\"]}]},{\"@type\":\"ImageObject\",\"inLanguage\":\"pt-BR\",\"@id\":\"https:\/\/www.estrategiaconcursos.com.br\/blog\/concurso-pc-pr-processo-registra-movimentacao\/#primaryimage\",\"url\":\"https:\/\/dhg1h5j42swfq.cloudfront.net\/2017\/01\/09094344\/Adinoel-Carreiras-Policiais-2017-foto-sul-parana-policia-civil.jpg\",\"contentUrl\":\"https:\/\/dhg1h5j42swfq.cloudfront.net\/2017\/01\/09094344\/Adinoel-Carreiras-Policiais-2017-foto-sul-parana-policia-civil.jpg\",\"width\":350,\"height\":480,\"caption\":\"concurso pc pr\"},{\"@type\":\"BreadcrumbList\",\"@id\":\"https:\/\/www.estrategiaconcursos.com.br\/blog\/concurso-pc-pr-processo-registra-movimentacao\/#breadcrumb\",\"itemListElement\":[{\"@type\":\"ListItem\",\"position\":1,\"name\":\"In\u00edcio\",\"item\":\"https:\/\/www.estrategiaconcursos.com.br\/blog\/\"},{\"@type\":\"ListItem\",\"position\":2,\"name\":\"Concurso PC PR: autoriza\u00e7\u00e3o do certame registra nova movimenta\u00e7\u00e3o\"}]},{\"@type\":\"WebSite\",\"@id\":\"https:\/\/www.estrategiaconcursos.com.br\/blog\/#website\",\"url\":\"https:\/\/www.estrategiaconcursos.com.br\/blog\/\",\"name\":\"Estrat\u00e9gia Concursos\",\"description\":\"O blog da Estrat\u00e9gia Concursos traz not\u00edcias sobre concursos e artigos de professores oferecendo cursos para concursos (pdf + videaulas) no site.\",\"publisher\":{\"@id\":\"https:\/\/www.estrategiaconcursos.com.br\/blog\/#organization\"},\"potentialAction\":[{\"@type\":\"SearchAction\",\"target\":{\"@type\":\"EntryPoint\",\"urlTemplate\":\"https:\/\/www.estrategiaconcursos.com.br\/blog\/?s={search_term_string}\"},\"query-input\":{\"@type\":\"PropertyValueSpecification\",\"valueRequired\":true,\"valueName\":\"search_term_string\"}}],\"inLanguage\":\"pt-BR\"},{\"@type\":\"Organization\",\"@id\":\"https:\/\/www.estrategiaconcursos.com.br\/blog\/#organization\",\"name\":\"Estrat\u00e9gia Concursos\",\"url\":\"https:\/\/www.estrategiaconcursos.com.br\/blog\/\",\"logo\":{\"@type\":\"ImageObject\",\"inLanguage\":\"pt-BR\",\"@id\":\"https:\/\/www.estrategiaconcursos.com.br\/blog\/#\/schema\/logo\/image\/\",\"url\":\"https:\/\/dhg1h5j42swfq.cloudfront.net\/2025\/06\/03203428\/logo_concursos-1.jpg\",\"contentUrl\":\"https:\/\/dhg1h5j42swfq.cloudfront.net\/2025\/06\/03203428\/logo_concursos-1.jpg\",\"width\":230,\"height\":60,\"caption\":\"Estrat\u00e9gia Concursos\"},\"image\":{\"@id\":\"https:\/\/www.estrategiaconcursos.com.br\/blog\/#\/schema\/logo\/image\/\"},\"sameAs\":[\"https:\/\/x.com\/EstratConcursos\"]},{\"@type\":\"Person\",\"@id\":\"https:\/\/www.estrategiaconcursos.com.br\/blog\/#\/schema\/person\/a630b15e36f45b4c21fed01219843cb5\",\"name\":\"Paulo Bilynskyj\",\"image\":{\"@type\":\"ImageObject\",\"inLanguage\":\"pt-BR\",\"@id\":\"https:\/\/secure.gravatar.com\/avatar\/37e21f70c9042e7456beffdc6d31fe051f3f6dcbf252f69343a791b144852057?s=96&d=mm&r=g\",\"url\":\"https:\/\/secure.gravatar.com\/avatar\/37e21f70c9042e7456beffdc6d31fe051f3f6dcbf252f69343a791b144852057?s=96&d=mm&r=g\",\"contentUrl\":\"https:\/\/secure.gravatar.com\/avatar\/37e21f70c9042e7456beffdc6d31fe051f3f6dcbf252f69343a791b144852057?s=96&d=mm&r=g\",\"caption\":\"Paulo Bilynskyj\"},\"url\":\"https:\/\/www.estrategiaconcursos.com.br\/blog\/author\/pbilynskyjgmail-com\/\"}]}<\/script>\n<!-- \/ Yoast SEO Premium plugin. -->","yoast_head_json":{"title":"Concurso PC PR: autoriza\u00e7\u00e3o do certame registra nova movimenta\u00e7\u00e3o","description":"Concurso PC PR: processo de autoriza\u00e7\u00e3o de concurso p\u00fablico da Pol\u00edcia Civil do Paran\u00e1 registra novo andamento. Saiba mais!!","robots":{"index":"index","follow":"follow","max-snippet":"max-snippet:-1","max-image-preview":"max-image-preview:large","max-video-preview":"max-video-preview:-1"},"canonical":"https:\/\/www.estrategiaconcursos.com.br\/blog\/concurso-pc-pr-processo-registra-movimentacao\/","og_locale":"pt_BR","og_type":"article","og_title":"Concurso PC PR: autoriza\u00e7\u00e3o do certame registra nova movimenta\u00e7\u00e3o","og_description":"Concurso PC PR: processo de autoriza\u00e7\u00e3o de concurso p\u00fablico da Pol\u00edcia Civil do Paran\u00e1 registra novo andamento. Saiba mais!!","og_url":"https:\/\/www.estrategiaconcursos.com.br\/blog\/concurso-pc-pr-processo-registra-movimentacao\/","og_site_name":"Estrat\u00e9gia Concursos","article_published_time":"2019-06-11T19:50:19+00:00","article_modified_time":"2019-06-11T19:50:23+00:00","og_image":[{"width":350,"height":480,"url":"https:\/\/dhg1h5j42swfq.cloudfront.net\/2017\/01\/09094344\/Adinoel-Carreiras-Policiais-2017-foto-sul-parana-policia-civil.jpg","type":"image\/jpeg"}],"author":"Paulo Bilynskyj","twitter_card":"summary_large_image","twitter_creator":"@EstratConcursos","twitter_site":"@EstratConcursos","twitter_misc":{"Escrito por":"Paulo Bilynskyj","Est. tempo de leitura":"2 minutos"},"schema":{"@context":"https:\/\/schema.org","@graph":[{"@type":"NewsArticle","@id":"https:\/\/www.estrategiaconcursos.com.br\/blog\/concurso-pc-pr-processo-registra-movimentacao\/#article","isPartOf":{"@id":"https:\/\/www.estrategiaconcursos.com.br\/blog\/concurso-pc-pr-processo-registra-movimentacao\/"},"author":{"name":"Paulo Bilynskyj","@id":"https:\/\/www.estrategiaconcursos.com.br\/blog\/#\/schema\/person\/a630b15e36f45b4c21fed01219843cb5"},"headline":"Concurso PC PR: autoriza\u00e7\u00e3o do certame registra nova movimenta\u00e7\u00e3o","datePublished":"2019-06-11T19:50:19+00:00","dateModified":"2019-06-11T19:50:23+00:00","mainEntityOfPage":{"@id":"https:\/\/www.estrategiaconcursos.com.br\/blog\/concurso-pc-pr-processo-registra-movimentacao\/"},"wordCount":369,"commentCount":4,"publisher":{"@id":"https:\/\/www.estrategiaconcursos.com.br\/blog\/#organization"},"image":{"@id":"https:\/\/www.estrategiaconcursos.com.br\/blog\/concurso-pc-pr-processo-registra-movimentacao\/#primaryimage"},"thumbnailUrl":"https:\/\/dhg1h5j42swfq.cloudfront.net\/2017\/01\/09094344\/Adinoel-Carreiras-Policiais-2017-foto-sul-parana-policia-civil.jpg","articleSection":["Concursos P\u00fablicos"],"inLanguage":"pt-BR","potentialAction":[{"@type":"CommentAction","name":"Comment","target":["https:\/\/www.estrategiaconcursos.com.br\/blog\/concurso-pc-pr-processo-registra-movimentacao\/#respond"]}],"copyrightYear":"2019","copyrightHolder":{"@id":"https:\/\/www.estrategiaconcursos.com.br\/blog\/#organization"}},{"@type":"WebPage","@id":"https:\/\/www.estrategiaconcursos.com.br\/blog\/concurso-pc-pr-processo-registra-movimentacao\/","url":"https:\/\/www.estrategiaconcursos.com.br\/blog\/concurso-pc-pr-processo-registra-movimentacao\/","name":"Concurso PC PR: autoriza\u00e7\u00e3o do certame registra nova movimenta\u00e7\u00e3o","isPartOf":{"@id":"https:\/\/www.estrategiaconcursos.com.br\/blog\/#website"},"primaryImageOfPage":{"@id":"https:\/\/www.estrategiaconcursos.com.br\/blog\/concurso-pc-pr-processo-registra-movimentacao\/#primaryimage"},"image":{"@id":"https:\/\/www.estrategiaconcursos.com.br\/blog\/concurso-pc-pr-processo-registra-movimentacao\/#primaryimage"},"thumbnailUrl":"https:\/\/dhg1h5j42swfq.cloudfront.net\/2017\/01\/09094344\/Adinoel-Carreiras-Policiais-2017-foto-sul-parana-policia-civil.jpg","datePublished":"2019-06-11T19:50:19+00:00","dateModified":"2019-06-11T19:50:23+00:00","description":"Concurso PC PR: processo de autoriza\u00e7\u00e3o de concurso p\u00fablico da Pol\u00edcia Civil do Paran\u00e1 registra novo andamento. Saiba mais!!","breadcrumb":{"@id":"https:\/\/www.estrategiaconcursos.com.br\/blog\/concurso-pc-pr-processo-registra-movimentacao\/#breadcrumb"},"inLanguage":"pt-BR","potentialAction":[{"@type":"ReadAction","target":["https:\/\/www.estrategiaconcursos.com.br\/blog\/concurso-pc-pr-processo-registra-movimentacao\/"]}]},{"@type":"ImageObject","inLanguage":"pt-BR","@id":"https:\/\/www.estrategiaconcursos.com.br\/blog\/concurso-pc-pr-processo-registra-movimentacao\/#primaryimage","url":"https:\/\/dhg1h5j42swfq.cloudfront.net\/2017\/01\/09094344\/Adinoel-Carreiras-Policiais-2017-foto-sul-parana-policia-civil.jpg","contentUrl":"https:\/\/dhg1h5j42swfq.cloudfront.net\/2017\/01\/09094344\/Adinoel-Carreiras-Policiais-2017-foto-sul-parana-policia-civil.jpg","width":350,"height":480,"caption":"concurso pc pr"},{"@type":"BreadcrumbList","@id":"https:\/\/www.estrategiaconcursos.com.br\/blog\/concurso-pc-pr-processo-registra-movimentacao\/#breadcrumb","itemListElement":[{"@type":"ListItem","position":1,"name":"In\u00edcio","item":"https:\/\/www.estrategiaconcursos.com.br\/blog\/"},{"@type":"ListItem","position":2,"name":"Concurso PC PR: autoriza\u00e7\u00e3o do certame registra nova movimenta\u00e7\u00e3o"}]},{"@type":"WebSite","@id":"https:\/\/www.estrategiaconcursos.com.br\/blog\/#website","url":"https:\/\/www.estrategiaconcursos.com.br\/blog\/","name":"Estrat\u00e9gia Concursos","description":"O blog da Estrat\u00e9gia Concursos traz not\u00edcias sobre concursos e artigos de professores oferecendo cursos para concursos (pdf + videaulas) no site.","publisher":{"@id":"https:\/\/www.estrategiaconcursos.com.br\/blog\/#organization"},"potentialAction":[{"@type":"SearchAction","target":{"@type":"EntryPoint","urlTemplate":"https:\/\/www.estrategiaconcursos.com.br\/blog\/?s={search_term_string}"},"query-input":{"@type":"PropertyValueSpecification","valueRequired":true,"valueName":"search_term_string"}}],"inLanguage":"pt-BR"},{"@type":"Organization","@id":"https:\/\/www.estrategiaconcursos.com.br\/blog\/#organization","name":"Estrat\u00e9gia Concursos","url":"https:\/\/www.estrategiaconcursos.com.br\/blog\/","logo":{"@type":"ImageObject","inLanguage":"pt-BR","@id":"https:\/\/www.estrategiaconcursos.com.br\/blog\/#\/schema\/logo\/image\/","url":"https:\/\/dhg1h5j42swfq.cloudfront.net\/2025\/06\/03203428\/logo_concursos-1.jpg","contentUrl":"https:\/\/dhg1h5j42swfq.cloudfront.net\/2025\/06\/03203428\/logo_concursos-1.jpg","width":230,"height":60,"caption":"Estrat\u00e9gia Concursos"},"image":{"@id":"https:\/\/www.estrategiaconcursos.com.br\/blog\/#\/schema\/logo\/image\/"},"sameAs":["https:\/\/x.com\/EstratConcursos"]},{"@type":"Person","@id":"https:\/\/www.estrategiaconcursos.com.br\/blog\/#\/schema\/person\/a630b15e36f45b4c21fed01219843cb5","name":"Paulo Bilynskyj","image":{"@type":"ImageObject","inLanguage":"pt-BR","@id":"https:\/\/secure.gravatar.com\/avatar\/37e21f70c9042e7456beffdc6d31fe051f3f6dcbf252f69343a791b144852057?s=96&d=mm&r=g","url":"https:\/\/secure.gravatar.com\/avatar\/37e21f70c9042e7456beffdc6d31fe051f3f6dcbf252f69343a791b144852057?s=96&d=mm&r=g","contentUrl":"https:\/\/secure.gravatar.com\/avatar\/37e21f70c9042e7456beffdc6d31fe051f3f6dcbf252f69343a791b144852057?s=96&d=mm&r=g","caption":"Paulo Bilynskyj"},"url":"https:\/\/www.estrategiaconcursos.com.br\/blog\/author\/pbilynskyjgmail-com\/"}]}},"_links":{"self":[{"href":"https:\/\/www.estrategiaconcursos.com.br\/blog\/wp-json\/wp\/v2\/posts\/386538","targetHints":{"allow":["GET"]}}],"collection":[{"href":"https:\/\/www.estrategiaconcursos.com.br\/blog\/wp-json\/wp\/v2\/posts"}],"about":[{"href":"https:\/\/www.estrategiaconcursos.com.br\/blog\/wp-json\/wp\/v2\/types\/post"}],"author":[{"embeddable":true,"href":"https:\/\/www.estrategiaconcursos.com.br\/blog\/wp-json\/wp\/v2\/users\/552"}],"replies":[{"embeddable":true,"href":"https:\/\/www.estrategiaconcursos.com.br\/blog\/wp-json\/wp\/v2\/comments?post=386538"}],"version-history":[{"count":8,"href":"https:\/\/www.estrategiaconcursos.com.br\/blog\/wp-json\/wp\/v2\/posts\/386538\/revisions"}],"predecessor-version":[{"id":386571,"href":"https:\/\/www.estrategiaconcursos.com.br\/blog\/wp-json\/wp\/v2\/posts\/386538\/revisions\/386571"}],"wp:featuredmedia":[{"embeddable":true,"href":"https:\/\/www.estrategiaconcursos.com.br\/blog\/wp-json\/wp\/v2\/media\/60613"}],"wp:attachment":[{"href":"https:\/\/www.estrategiaconcursos.com.br\/blog\/wp-json\/wp\/v2\/media?parent=386538"}],"wp:term":[{"taxonomy":"category","embeddable":true,"href":"https:\/\/www.estrategiaconcursos.com.br\/blog\/wp-json\/wp\/v2\/categories?post=386538"},{"taxonomy":"post_tag","embeddable":true,"href":"https:\/\/www.estrategiaconcursos.com.br\/blog\/wp-json\/wp\/v2\/tags?post=386538"},{"taxonomy":"tax_estado","embeddable":true,"href":"https:\/\/www.estrategiaconcursos.com.br\/blog\/wp-json\/wp\/v2\/tax_estado?post=386538"}],"curies":[{"name":"wp","href":"https:\/\/api.w.org\/{rel}","templated":true}]}}