{"id":386282,"date":"2019-06-17T02:00:12","date_gmt":"2019-06-17T05:00:12","guid":{"rendered":"https:\/\/www.estrategiaconcursos.com.br\/blog\/?p=386282"},"modified":"2019-06-17T15:09:07","modified_gmt":"2019-06-17T18:09:07","slug":"concurso-cisa-08-de-abril","status":"publish","type":"post","link":"https:\/\/www.estrategiaconcursos.com.br\/blog\/concurso-cisa-08-de-abril\/","title":{"rendered":"Concurso CISA &#8220;8 de Abril&#8221;: inscri\u00e7\u00f5es abertas com vagas para o interior de SP"},"content":{"rendered":"\n<p>O Consorcio Intermunicipal de Sa\u00fade &#8220;8 de abril&#8221;, est\u00e1 com as inscri\u00e7\u00f5es abertas nesta segunda-feira, 17 de junho, para provimento de vagas no interior do estado de S\u00e3o Paulo. <\/p>\n\n\n\n<p> Os candidatos interessados em participar devem entrar no site da banca organizadora, <strong>SigmaRH<\/strong>, at\u00e9 no m\u00e1ximo o dia 07 de julho de 2019. <\/p>\n\n\n\n<p>\n\nAl\u00e9m disso, \u00e9 necess\u00e1rio efetuar o pagamento da taxa at\u00e9 o dia 08 de julho de 2019. Este valor pode variar conforme a escolaridade do cargo em quest\u00e3o, para n\u00edvel m\u00e9dio completo por exemplo, o valor cobrado \u00e9 de<strong> R$ 40<\/strong>, j\u00e1 para os cargos de n\u00edvel superior \u00e9 de <strong>R$ 70.<\/strong><\/p>\n\n\n\n<p>S\u00e3o ofertadas ao todo 69 vagas para diversos cargos como; <strong>T\u00e9cnico de enfermagem, Biom\u00e9dico, Contador, Psic\u00f3logo, M\u00e9dico Pediatra<\/strong> entre outros. As vagas s\u00e3o destinadas para atuar na regi\u00e3o de Mogi Gua\u00e7u, Mogi Mirim, Itapira, Estiva Gerbi ou Conchal. <\/p>\n\n\n\n<p>Vale lembrar que os cargos ofertados exigem escolaridade que de n\u00edvel m\u00e9dio completo ao t\u00e9cnico e superior. <\/p>\n\n\n\n<h2 class=\"wp-block-heading\">Principais datas: <\/h2>\n\n\n\n<p class=\"has-background has-very-light-gray-background-color\"><strong>Inscri\u00e7\u00f5es:<\/strong> 17 de junho a 07 de julho de 2019<br \/><strong>Taxa de inscri\u00e7\u00e3o<\/strong>: at\u00e9 o dia 08 de julho<br \/><strong>Prova objetiva:<\/strong> 28 de julho<\/p>\n\n\n\n<h2 class=\"wp-block-heading\">Cargos\/remunera\u00e7\u00f5es<\/h2>\n\n\n\n<p>A remunera\u00e7\u00e3o assim como a taxa de inscri\u00e7\u00e3o varia conforme os n\u00edveis de escolaridade e cargo desejado. O valor vai de <strong>R$ 1.140,50 a R$ 12.089,10.<\/strong> Com 20 a 40 horas trabalhadas semanalmente. <\/p>\n\n\n\n<p>Confira abaixo a distribui\u00e7\u00e3o do cargos e remunera\u00e7\u00f5es ofertadas pelo concurso Intermunicipal de Sa\u00fade &#8220;08 de abril&#8221;. <\/p>\n\n\n\n<h3 class=\"wp-block-heading\"><strong>Cargos n\u00edvel m\u00e9dio completo<\/strong><\/h3>\n\n\n\n<div class=\"wp-block-image\"><figure class=\"aligncenter is-resized\"><img loading=\"lazy\" decoding=\"async\" src=\"https:\/\/dhg1h5j42swfq.cloudfront.net\/2019\/06\/11112032\/CARGOS-CISA.png.png\" alt=\"\" class=\"wp-image-386345\" width=\"678\" height=\"374\" srcset=\"https:\/\/dhg1h5j42swfq.cloudfront.net\/2019\/06\/11112032\/CARGOS-CISA.png.png 890w, https:\/\/dhg1h5j42swfq.cloudfront.net\/2019\/06\/11112032\/CARGOS-CISA.png.png 300w, https:\/\/dhg1h5j42swfq.cloudfront.net\/2019\/06\/11112032\/CARGOS-CISA.png.png 768w, https:\/\/dhg1h5j42swfq.cloudfront.net\/2019\/06\/11112032\/CARGOS-CISA.png.png 610w\" sizes=\"auto, (max-width: 678px) 100vw, 678px\" \/><\/figure><\/div>\n\n\n\n<div class=\"wp-block-image\"><figure class=\"aligncenter is-resized\"><img loading=\"lazy\" decoding=\"async\" src=\"https:\/\/dhg1h5j42swfq.cloudfront.net\/2019\/06\/11112052\/NIVEL-MEDIO-CISA.png.png\" alt=\"\" class=\"wp-image-386346\" width=\"710\" height=\"278\" srcset=\"https:\/\/dhg1h5j42swfq.cloudfront.net\/2019\/06\/11112052\/NIVEL-MEDIO-CISA.png.png 748w, https:\/\/dhg1h5j42swfq.cloudfront.net\/2019\/06\/11112052\/NIVEL-MEDIO-CISA.png.png 300w, https:\/\/dhg1h5j42swfq.cloudfront.net\/2019\/06\/11112052\/NIVEL-MEDIO-CISA.png.png 610w\" sizes=\"auto, (max-width: 710px) 100vw, 710px\" \/><\/figure><\/div>\n\n\n\n<h3 class=\"wp-block-heading\">Cargos n\u00edvel superior completo<\/h3>\n\n\n\n<div class=\"wp-block-image\"><figure class=\"aligncenter is-resized\"><img loading=\"lazy\" decoding=\"async\" src=\"https:\/\/dhg1h5j42swfq.cloudfront.net\/2019\/06\/11112102\/nivel-superior.png1.png\" alt=\"\" class=\"wp-image-386347\" width=\"666\" height=\"598\" srcset=\"https:\/\/dhg1h5j42swfq.cloudfront.net\/2019\/06\/11112102\/nivel-superior.png1.png 688w, https:\/\/dhg1h5j42swfq.cloudfront.net\/2019\/06\/11112102\/nivel-superior.png1.png 300w, https:\/\/dhg1h5j42swfq.cloudfront.net\/2019\/06\/11112102\/nivel-superior.png1.png 610w\" sizes=\"auto, (max-width: 666px) 100vw, 666px\" \/><\/figure><\/div>\n\n\n\n<h3 class=\"wp-block-heading\">Cargos n\u00edvel superior (M\u00e9dicos)<\/h3>\n\n\n\n<div class=\"wp-block-image\"><figure class=\"aligncenter is-resized\"><img loading=\"lazy\" decoding=\"async\" src=\"https:\/\/dhg1h5j42swfq.cloudfront.net\/2019\/06\/11112108\/m%C3%A9dico.png.png\" alt=\"\" class=\"wp-image-386348\" width=\"679\" height=\"554\" srcset=\"https:\/\/dhg1h5j42swfq.cloudfront.net\/2019\/06\/11112108\/m%C3%A9dico.png.png 858w, https:\/\/dhg1h5j42swfq.cloudfront.net\/2019\/06\/11112108\/m%C3%A9dico.png.png 300w, https:\/\/dhg1h5j42swfq.cloudfront.net\/2019\/06\/11112108\/m%C3%A9dico.png.png 768w, https:\/\/dhg1h5j42swfq.cloudfront.net\/2019\/06\/11112108\/m%C3%A9dico.png.png 610w\" sizes=\"auto, (max-width: 679px) 100vw, 679px\" \/><\/figure><\/div>\n\n\n\n<h2 class=\"wp-block-heading\">Etapas<\/h2>\n\n\n\n<p>O certame ser\u00e1 composto de apenas uma unica etapa, sendo ela de prova objetiva prevista para ser aplicada no dia 28 de julho de 2019. A mesma poder\u00e1 ser no per\u00edodo da manh\u00e3 ou da tarde. <\/p>\n\n\n\n<p>Lembrando que as demais informa\u00e7\u00f5es como local e hor\u00e1rio de provas ser\u00e3o publicados no dia 19 de julho no pr\u00f3prio site do CISA &#8220;8 de abril&#8221;e tamb\u00e9m no site da banca organizadora do certame, <strong>SigmaRH.<\/strong><\/p>\n\n\n\n<p>O exame ser\u00e1 realizado na cidade de Mogi Gua\u00e7u, estado de S\u00e3o Paulo. A objetiva ser\u00e1 de car\u00e1ter eliminat\u00f3rio e classificat\u00f3rio valendo 100 pontos e composta de 30 quest\u00f5es com at\u00e9 4 alternativas.<\/p>\n\n\n\n<p>L\u00edngua Portuguesa, Matem\u00e1tica, Conhecimentos Gerais, Legisla\u00e7\u00e3o de sa\u00fade e Clinica Geral s\u00e3o cobrados. <em>Confira a seguir no quadro abaixo a distribui\u00e7\u00e3o das disciplinas e com respectivos cargos: <\/em><\/p>\n\n\n\n<div class=\"wp-block-image\"><figure class=\"aligncenter is-resized\"><img loading=\"lazy\" decoding=\"async\" src=\"https:\/\/dhg1h5j42swfq.cloudfront.net\/2019\/06\/11110338\/CONCURSO-CISA.png.png\" alt=\"\" class=\"wp-image-386328\" width=\"640\" height=\"646\" srcset=\"https:\/\/dhg1h5j42swfq.cloudfront.net\/2019\/06\/11110338\/CONCURSO-CISA.png.png 634w, https:\/\/dhg1h5j42swfq.cloudfront.net\/2019\/06\/11110338\/CONCURSO-CISA.png.png 150w, https:\/\/dhg1h5j42swfq.cloudfront.net\/2019\/06\/11110338\/CONCURSO-CISA.png.png 297w, https:\/\/dhg1h5j42swfq.cloudfront.net\/2019\/06\/11110338\/CONCURSO-CISA.png.png 610w\" sizes=\"auto, (max-width: 640px) 100vw, 640px\" \/><\/figure><\/div>\n\n\n\n<p style=\"text-align:center\"><em><strong>Assinatura Anual Ilimitada*<\/strong><\/em><\/p>\n\n\n\n<p style=\"text-align:center\"><em>Prepare-se com o melhor material e com quem mais aprova em&nbsp;Concursos P\u00fablicos de todo o pa\u00eds. Assine agora a nossa Assinatura Anual e tenha acesso ilimitado* a todos os nossos cursos.<\/em><\/p>\n\n\n\n<p style=\"font-size:22px;text-align:center\" class=\"has-background has-light-green-cyan-background-color\"><strong>ASSINE AGORA<\/strong>&nbsp;\u2013&nbsp;<a rel=\"noreferrer noopener\" href=\"https:\/\/www.estrategiaconcursos.com.br\/assinaturas\/\" target=\"_blank\"><strong>Assinatura Ilimitada<\/strong><\/a><\/p>\n\n\n\n<figure class=\"wp-block-image\"><img loading=\"lazy\" decoding=\"async\" width=\"300\" height=\"102\" src=\"https:\/\/dhg1h5j42swfq.cloudfront.net\/2017\/03\/28152500\/coruja-ficha-tecnica-300x102.png\" alt=\"Ficha t\u00e9cnica concurso PC RJ\" class=\"wp-image-68542\"\/><\/figure>\n\n\n\n<p><strong>Informa\u00e7\u00f5es do Concurso CISA &#8220;8 de Abril&#8221;:<\/strong><\/p>\n\n\n\n<p>\u25ba<strong>Data prevista<\/strong>: 28 de julho<br \/>\u25ba<strong>Vagas<\/strong>: 69<br \/>\u25ba<strong>Cargos<\/strong>: diversos<br \/>\u25ba<strong>Lota\u00e7\u00f5es<\/strong>: Mogi Gua\u00e7u, Mogi Mirim, Itapira, Estiva Gerbi ou Conchal.  <br \/>\u25ba<strong>Banca<\/strong>: SigmaRH<br \/>\u25ba<strong>Escolaridade<\/strong>: N\u00edvel fundamental, m\u00e9dio e superior<br \/>\u25ba <strong><a rel=\"noreferrer noopener\" aria-label=\"concurso CISA &quot;8 de abril&quot; (abre numa nova aba)\" href=\"https:\/\/dhg1h5j42swfq.cloudfront.net\/2019\/06\/11112629\/EDITAL-CISA.pdf\" target=\"_blank\">Edital concurso CISA &#8220;8 de abril&#8221;<\/a><\/strong><\/p>\n","protected":false},"excerpt":{"rendered":"<p>O Consorcio Intermunicipal de Sa\u00fade &#8220;8 de abril&#8221;, est\u00e1 com as inscri\u00e7\u00f5es abertas nesta segunda-feira, 17 de junho, para provimento de vagas no interior do estado de S\u00e3o Paulo. Os candidatos interessados em participar devem entrar no site da banca organizadora, SigmaRH, at\u00e9 no m\u00e1ximo o dia 07 de julho de 2019. Al\u00e9m disso, \u00e9 [&hellip;]<\/p>\n","protected":false},"author":561,"featured_media":377429,"comment_status":"open","ping_status":"closed","sticky":false,"template":"","format":"standard","meta":{"post_tipo":"article","footnotes":""},"categories":[1],"tags":[],"tax_estado":[],"class_list":["post-386282","post","type-post","status-publish","format-standard","has-post-thumbnail","hentry","category-cursos-e-concursos"],"acf":[],"yoast_head":"<!-- This site is optimized with the Yoast SEO Premium plugin v27.2 (Yoast SEO v27.2) - https:\/\/yoast.com\/product\/yoast-seo-premium-wordpress\/ -->\n<title>Concurso CISA &quot;8 de Abril&quot;: inscri\u00e7\u00f5es abertas com vagas para o interior de SP<\/title>\n<meta name=\"description\" content=\"Concurso CISA &quot;8 de Abril&quot;: inscri\u00e7\u00f5es abertas nesta segunda-feira, 17 de junho, com vagas para o interior de S\u00e3o Paulo. Saiba mais neste artigo!\" \/>\n<meta name=\"robots\" content=\"index, follow, max-snippet:-1, max-image-preview:large, max-video-preview:-1\" \/>\n<link rel=\"canonical\" href=\"https:\/\/www.estrategiaconcursos.com.br\/blog\/concurso-cisa-08-de-abril\/\" \/>\n<meta property=\"og:locale\" content=\"pt_BR\" \/>\n<meta property=\"og:type\" content=\"article\" \/>\n<meta property=\"og:title\" content=\"Concurso CISA &quot;8 de Abril&quot;: inscri\u00e7\u00f5es abertas com vagas para o interior de SP\" \/>\n<meta property=\"og:description\" content=\"Concurso CISA &quot;8 de Abril&quot;: inscri\u00e7\u00f5es abertas nesta segunda-feira, 17 de junho, com vagas para o interior de S\u00e3o Paulo. Saiba mais neste artigo!\" \/>\n<meta property=\"og:url\" content=\"https:\/\/www.estrategiaconcursos.com.br\/blog\/concurso-cisa-08-de-abril\/\" \/>\n<meta property=\"og:site_name\" content=\"Estrat\u00e9gia Concursos\" \/>\n<meta property=\"article:published_time\" content=\"2019-06-17T05:00:12+00:00\" \/>\n<meta property=\"article:modified_time\" content=\"2019-06-17T18:09:07+00:00\" \/>\n<meta property=\"og:image\" content=\"https:\/\/dhg1h5j42swfq.cloudfront.net\/2019\/05\/24103215\/saiu-edital-1024x5361.jpg\" \/>\n\t<meta property=\"og:image:width\" content=\"1024\" \/>\n\t<meta property=\"og:image:height\" content=\"536\" \/>\n\t<meta property=\"og:image:type\" content=\"image\/jpeg\" \/>\n<meta name=\"author\" content=\"Ligia Carvalheiro Fernandes\" \/>\n<meta name=\"twitter:card\" content=\"summary_large_image\" \/>\n<meta name=\"twitter:creator\" content=\"@EstratConcursos\" \/>\n<meta name=\"twitter:site\" content=\"@EstratConcursos\" \/>\n<meta name=\"twitter:label1\" content=\"Escrito por\" \/>\n\t<meta name=\"twitter:data1\" content=\"Ligia Carvalheiro Fernandes\" \/>\n\t<meta name=\"twitter:label2\" content=\"Est. tempo de leitura\" \/>\n\t<meta name=\"twitter:data2\" content=\"2 minutos\" \/>\n<script type=\"application\/ld+json\" class=\"yoast-schema-graph\">{\"@context\":\"https:\/\/schema.org\",\"@graph\":[{\"@type\":\"NewsArticle\",\"@id\":\"https:\/\/www.estrategiaconcursos.com.br\/blog\/concurso-cisa-08-de-abril\/#article\",\"isPartOf\":{\"@id\":\"https:\/\/www.estrategiaconcursos.com.br\/blog\/concurso-cisa-08-de-abril\/\"},\"author\":{\"name\":\"Ligia Carvalheiro Fernandes\",\"@id\":\"https:\/\/www.estrategiaconcursos.com.br\/blog\/#\/schema\/person\/cc76e9dac392d5e35e7d00c493eee792\"},\"headline\":\"Concurso CISA &#8220;8 de Abril&#8221;: inscri\u00e7\u00f5es abertas com vagas para o interior de SP\",\"datePublished\":\"2019-06-17T05:00:12+00:00\",\"dateModified\":\"2019-06-17T18:09:07+00:00\",\"mainEntityOfPage\":{\"@id\":\"https:\/\/www.estrategiaconcursos.com.br\/blog\/concurso-cisa-08-de-abril\/\"},\"wordCount\":505,\"commentCount\":0,\"publisher\":{\"@id\":\"https:\/\/www.estrategiaconcursos.com.br\/blog\/#organization\"},\"image\":{\"@id\":\"https:\/\/www.estrategiaconcursos.com.br\/blog\/concurso-cisa-08-de-abril\/#primaryimage\"},\"thumbnailUrl\":\"https:\/\/dhg1h5j42swfq.cloudfront.net\/2019\/05\/24103215\/saiu-edital-1024x5361.jpg\",\"articleSection\":[\"Concursos P\u00fablicos\"],\"inLanguage\":\"pt-BR\",\"potentialAction\":[{\"@type\":\"CommentAction\",\"name\":\"Comment\",\"target\":[\"https:\/\/www.estrategiaconcursos.com.br\/blog\/concurso-cisa-08-de-abril\/#respond\"]}],\"copyrightYear\":\"2019\",\"copyrightHolder\":{\"@id\":\"https:\/\/www.estrategiaconcursos.com.br\/blog\/#organization\"}},{\"@type\":\"WebPage\",\"@id\":\"https:\/\/www.estrategiaconcursos.com.br\/blog\/concurso-cisa-08-de-abril\/\",\"url\":\"https:\/\/www.estrategiaconcursos.com.br\/blog\/concurso-cisa-08-de-abril\/\",\"name\":\"Concurso CISA \\\"8 de Abril\\\": inscri\u00e7\u00f5es abertas com vagas para o interior de SP\",\"isPartOf\":{\"@id\":\"https:\/\/www.estrategiaconcursos.com.br\/blog\/#website\"},\"primaryImageOfPage\":{\"@id\":\"https:\/\/www.estrategiaconcursos.com.br\/blog\/concurso-cisa-08-de-abril\/#primaryimage\"},\"image\":{\"@id\":\"https:\/\/www.estrategiaconcursos.com.br\/blog\/concurso-cisa-08-de-abril\/#primaryimage\"},\"thumbnailUrl\":\"https:\/\/dhg1h5j42swfq.cloudfront.net\/2019\/05\/24103215\/saiu-edital-1024x5361.jpg\",\"datePublished\":\"2019-06-17T05:00:12+00:00\",\"dateModified\":\"2019-06-17T18:09:07+00:00\",\"description\":\"Concurso CISA \\\"8 de Abril\\\": inscri\u00e7\u00f5es abertas nesta segunda-feira, 17 de junho, com vagas para o interior de S\u00e3o Paulo. Saiba mais neste artigo!\",\"breadcrumb\":{\"@id\":\"https:\/\/www.estrategiaconcursos.com.br\/blog\/concurso-cisa-08-de-abril\/#breadcrumb\"},\"inLanguage\":\"pt-BR\",\"potentialAction\":[{\"@type\":\"ReadAction\",\"target\":[\"https:\/\/www.estrategiaconcursos.com.br\/blog\/concurso-cisa-08-de-abril\/\"]}]},{\"@type\":\"ImageObject\",\"inLanguage\":\"pt-BR\",\"@id\":\"https:\/\/www.estrategiaconcursos.com.br\/blog\/concurso-cisa-08-de-abril\/#primaryimage\",\"url\":\"https:\/\/dhg1h5j42swfq.cloudfront.net\/2019\/05\/24103215\/saiu-edital-1024x5361.jpg\",\"contentUrl\":\"https:\/\/dhg1h5j42swfq.cloudfront.net\/2019\/05\/24103215\/saiu-edital-1024x5361.jpg\",\"width\":1024,\"height\":536,\"caption\":\"concurso pgm ces\u00e1rio lange\"},{\"@type\":\"BreadcrumbList\",\"@id\":\"https:\/\/www.estrategiaconcursos.com.br\/blog\/concurso-cisa-08-de-abril\/#breadcrumb\",\"itemListElement\":[{\"@type\":\"ListItem\",\"position\":1,\"name\":\"In\u00edcio\",\"item\":\"https:\/\/www.estrategiaconcursos.com.br\/blog\/\"},{\"@type\":\"ListItem\",\"position\":2,\"name\":\"Concurso CISA &#8220;8 de Abril&#8221;: inscri\u00e7\u00f5es abertas com vagas para o interior de SP\"}]},{\"@type\":\"WebSite\",\"@id\":\"https:\/\/www.estrategiaconcursos.com.br\/blog\/#website\",\"url\":\"https:\/\/www.estrategiaconcursos.com.br\/blog\/\",\"name\":\"Estrat\u00e9gia Concursos\",\"description\":\"O blog da Estrat\u00e9gia Concursos traz not\u00edcias sobre concursos e artigos de professores oferecendo cursos para concursos (pdf + videaulas) no site.\",\"publisher\":{\"@id\":\"https:\/\/www.estrategiaconcursos.com.br\/blog\/#organization\"},\"potentialAction\":[{\"@type\":\"SearchAction\",\"target\":{\"@type\":\"EntryPoint\",\"urlTemplate\":\"https:\/\/www.estrategiaconcursos.com.br\/blog\/?s={search_term_string}\"},\"query-input\":{\"@type\":\"PropertyValueSpecification\",\"valueRequired\":true,\"valueName\":\"search_term_string\"}}],\"inLanguage\":\"pt-BR\"},{\"@type\":\"Organization\",\"@id\":\"https:\/\/www.estrategiaconcursos.com.br\/blog\/#organization\",\"name\":\"Estrat\u00e9gia Concursos\",\"url\":\"https:\/\/www.estrategiaconcursos.com.br\/blog\/\",\"logo\":{\"@type\":\"ImageObject\",\"inLanguage\":\"pt-BR\",\"@id\":\"https:\/\/www.estrategiaconcursos.com.br\/blog\/#\/schema\/logo\/image\/\",\"url\":\"https:\/\/dhg1h5j42swfq.cloudfront.net\/2025\/06\/03203428\/logo_concursos-1.jpg\",\"contentUrl\":\"https:\/\/dhg1h5j42swfq.cloudfront.net\/2025\/06\/03203428\/logo_concursos-1.jpg\",\"width\":230,\"height\":60,\"caption\":\"Estrat\u00e9gia Concursos\"},\"image\":{\"@id\":\"https:\/\/www.estrategiaconcursos.com.br\/blog\/#\/schema\/logo\/image\/\"},\"sameAs\":[\"https:\/\/x.com\/EstratConcursos\"]},{\"@type\":\"Person\",\"@id\":\"https:\/\/www.estrategiaconcursos.com.br\/blog\/#\/schema\/person\/cc76e9dac392d5e35e7d00c493eee792\",\"name\":\"Ligia Carvalheiro Fernandes\",\"image\":{\"@type\":\"ImageObject\",\"inLanguage\":\"pt-BR\",\"@id\":\"https:\/\/secure.gravatar.com\/avatar\/26e4636c44dabc043eaf634f767ecd1d80505b210d3981d4ebd176a3f373e3ec?s=96&d=mm&r=g\",\"url\":\"https:\/\/secure.gravatar.com\/avatar\/26e4636c44dabc043eaf634f767ecd1d80505b210d3981d4ebd176a3f373e3ec?s=96&d=mm&r=g\",\"contentUrl\":\"https:\/\/secure.gravatar.com\/avatar\/26e4636c44dabc043eaf634f767ecd1d80505b210d3981d4ebd176a3f373e3ec?s=96&d=mm&r=g\",\"caption\":\"Ligia Carvalheiro Fernandes\"},\"url\":\"https:\/\/www.estrategiaconcursos.com.br\/blog\/author\/licarfegmail-com\/\"}]}<\/script>\n<!-- \/ Yoast SEO Premium plugin. -->","yoast_head_json":{"title":"Concurso CISA \"8 de Abril\": inscri\u00e7\u00f5es abertas com vagas para o interior de SP","description":"Concurso CISA \"8 de Abril\": inscri\u00e7\u00f5es abertas nesta segunda-feira, 17 de junho, com vagas para o interior de S\u00e3o Paulo. Saiba mais neste artigo!","robots":{"index":"index","follow":"follow","max-snippet":"max-snippet:-1","max-image-preview":"max-image-preview:large","max-video-preview":"max-video-preview:-1"},"canonical":"https:\/\/www.estrategiaconcursos.com.br\/blog\/concurso-cisa-08-de-abril\/","og_locale":"pt_BR","og_type":"article","og_title":"Concurso CISA \"8 de Abril\": inscri\u00e7\u00f5es abertas com vagas para o interior de SP","og_description":"Concurso CISA \"8 de Abril\": inscri\u00e7\u00f5es abertas nesta segunda-feira, 17 de junho, com vagas para o interior de S\u00e3o Paulo. Saiba mais neste artigo!","og_url":"https:\/\/www.estrategiaconcursos.com.br\/blog\/concurso-cisa-08-de-abril\/","og_site_name":"Estrat\u00e9gia Concursos","article_published_time":"2019-06-17T05:00:12+00:00","article_modified_time":"2019-06-17T18:09:07+00:00","og_image":[{"width":1024,"height":536,"url":"https:\/\/dhg1h5j42swfq.cloudfront.net\/2019\/05\/24103215\/saiu-edital-1024x5361.jpg","type":"image\/jpeg"}],"author":"Ligia Carvalheiro Fernandes","twitter_card":"summary_large_image","twitter_creator":"@EstratConcursos","twitter_site":"@EstratConcursos","twitter_misc":{"Escrito por":"Ligia Carvalheiro Fernandes","Est. tempo de leitura":"2 minutos"},"schema":{"@context":"https:\/\/schema.org","@graph":[{"@type":"NewsArticle","@id":"https:\/\/www.estrategiaconcursos.com.br\/blog\/concurso-cisa-08-de-abril\/#article","isPartOf":{"@id":"https:\/\/www.estrategiaconcursos.com.br\/blog\/concurso-cisa-08-de-abril\/"},"author":{"name":"Ligia Carvalheiro Fernandes","@id":"https:\/\/www.estrategiaconcursos.com.br\/blog\/#\/schema\/person\/cc76e9dac392d5e35e7d00c493eee792"},"headline":"Concurso CISA &#8220;8 de Abril&#8221;: inscri\u00e7\u00f5es abertas com vagas para o interior de SP","datePublished":"2019-06-17T05:00:12+00:00","dateModified":"2019-06-17T18:09:07+00:00","mainEntityOfPage":{"@id":"https:\/\/www.estrategiaconcursos.com.br\/blog\/concurso-cisa-08-de-abril\/"},"wordCount":505,"commentCount":0,"publisher":{"@id":"https:\/\/www.estrategiaconcursos.com.br\/blog\/#organization"},"image":{"@id":"https:\/\/www.estrategiaconcursos.com.br\/blog\/concurso-cisa-08-de-abril\/#primaryimage"},"thumbnailUrl":"https:\/\/dhg1h5j42swfq.cloudfront.net\/2019\/05\/24103215\/saiu-edital-1024x5361.jpg","articleSection":["Concursos P\u00fablicos"],"inLanguage":"pt-BR","potentialAction":[{"@type":"CommentAction","name":"Comment","target":["https:\/\/www.estrategiaconcursos.com.br\/blog\/concurso-cisa-08-de-abril\/#respond"]}],"copyrightYear":"2019","copyrightHolder":{"@id":"https:\/\/www.estrategiaconcursos.com.br\/blog\/#organization"}},{"@type":"WebPage","@id":"https:\/\/www.estrategiaconcursos.com.br\/blog\/concurso-cisa-08-de-abril\/","url":"https:\/\/www.estrategiaconcursos.com.br\/blog\/concurso-cisa-08-de-abril\/","name":"Concurso CISA \"8 de Abril\": inscri\u00e7\u00f5es abertas com vagas para o interior de SP","isPartOf":{"@id":"https:\/\/www.estrategiaconcursos.com.br\/blog\/#website"},"primaryImageOfPage":{"@id":"https:\/\/www.estrategiaconcursos.com.br\/blog\/concurso-cisa-08-de-abril\/#primaryimage"},"image":{"@id":"https:\/\/www.estrategiaconcursos.com.br\/blog\/concurso-cisa-08-de-abril\/#primaryimage"},"thumbnailUrl":"https:\/\/dhg1h5j42swfq.cloudfront.net\/2019\/05\/24103215\/saiu-edital-1024x5361.jpg","datePublished":"2019-06-17T05:00:12+00:00","dateModified":"2019-06-17T18:09:07+00:00","description":"Concurso CISA \"8 de Abril\": inscri\u00e7\u00f5es abertas nesta segunda-feira, 17 de junho, com vagas para o interior de S\u00e3o Paulo. Saiba mais neste artigo!","breadcrumb":{"@id":"https:\/\/www.estrategiaconcursos.com.br\/blog\/concurso-cisa-08-de-abril\/#breadcrumb"},"inLanguage":"pt-BR","potentialAction":[{"@type":"ReadAction","target":["https:\/\/www.estrategiaconcursos.com.br\/blog\/concurso-cisa-08-de-abril\/"]}]},{"@type":"ImageObject","inLanguage":"pt-BR","@id":"https:\/\/www.estrategiaconcursos.com.br\/blog\/concurso-cisa-08-de-abril\/#primaryimage","url":"https:\/\/dhg1h5j42swfq.cloudfront.net\/2019\/05\/24103215\/saiu-edital-1024x5361.jpg","contentUrl":"https:\/\/dhg1h5j42swfq.cloudfront.net\/2019\/05\/24103215\/saiu-edital-1024x5361.jpg","width":1024,"height":536,"caption":"concurso pgm ces\u00e1rio lange"},{"@type":"BreadcrumbList","@id":"https:\/\/www.estrategiaconcursos.com.br\/blog\/concurso-cisa-08-de-abril\/#breadcrumb","itemListElement":[{"@type":"ListItem","position":1,"name":"In\u00edcio","item":"https:\/\/www.estrategiaconcursos.com.br\/blog\/"},{"@type":"ListItem","position":2,"name":"Concurso CISA &#8220;8 de Abril&#8221;: inscri\u00e7\u00f5es abertas com vagas para o interior de SP"}]},{"@type":"WebSite","@id":"https:\/\/www.estrategiaconcursos.com.br\/blog\/#website","url":"https:\/\/www.estrategiaconcursos.com.br\/blog\/","name":"Estrat\u00e9gia Concursos","description":"O blog da Estrat\u00e9gia Concursos traz not\u00edcias sobre concursos e artigos de professores oferecendo cursos para concursos (pdf + videaulas) no site.","publisher":{"@id":"https:\/\/www.estrategiaconcursos.com.br\/blog\/#organization"},"potentialAction":[{"@type":"SearchAction","target":{"@type":"EntryPoint","urlTemplate":"https:\/\/www.estrategiaconcursos.com.br\/blog\/?s={search_term_string}"},"query-input":{"@type":"PropertyValueSpecification","valueRequired":true,"valueName":"search_term_string"}}],"inLanguage":"pt-BR"},{"@type":"Organization","@id":"https:\/\/www.estrategiaconcursos.com.br\/blog\/#organization","name":"Estrat\u00e9gia Concursos","url":"https:\/\/www.estrategiaconcursos.com.br\/blog\/","logo":{"@type":"ImageObject","inLanguage":"pt-BR","@id":"https:\/\/www.estrategiaconcursos.com.br\/blog\/#\/schema\/logo\/image\/","url":"https:\/\/dhg1h5j42swfq.cloudfront.net\/2025\/06\/03203428\/logo_concursos-1.jpg","contentUrl":"https:\/\/dhg1h5j42swfq.cloudfront.net\/2025\/06\/03203428\/logo_concursos-1.jpg","width":230,"height":60,"caption":"Estrat\u00e9gia Concursos"},"image":{"@id":"https:\/\/www.estrategiaconcursos.com.br\/blog\/#\/schema\/logo\/image\/"},"sameAs":["https:\/\/x.com\/EstratConcursos"]},{"@type":"Person","@id":"https:\/\/www.estrategiaconcursos.com.br\/blog\/#\/schema\/person\/cc76e9dac392d5e35e7d00c493eee792","name":"Ligia Carvalheiro Fernandes","image":{"@type":"ImageObject","inLanguage":"pt-BR","@id":"https:\/\/secure.gravatar.com\/avatar\/26e4636c44dabc043eaf634f767ecd1d80505b210d3981d4ebd176a3f373e3ec?s=96&d=mm&r=g","url":"https:\/\/secure.gravatar.com\/avatar\/26e4636c44dabc043eaf634f767ecd1d80505b210d3981d4ebd176a3f373e3ec?s=96&d=mm&r=g","contentUrl":"https:\/\/secure.gravatar.com\/avatar\/26e4636c44dabc043eaf634f767ecd1d80505b210d3981d4ebd176a3f373e3ec?s=96&d=mm&r=g","caption":"Ligia Carvalheiro Fernandes"},"url":"https:\/\/www.estrategiaconcursos.com.br\/blog\/author\/licarfegmail-com\/"}]}},"_links":{"self":[{"href":"https:\/\/www.estrategiaconcursos.com.br\/blog\/wp-json\/wp\/v2\/posts\/386282","targetHints":{"allow":["GET"]}}],"collection":[{"href":"https:\/\/www.estrategiaconcursos.com.br\/blog\/wp-json\/wp\/v2\/posts"}],"about":[{"href":"https:\/\/www.estrategiaconcursos.com.br\/blog\/wp-json\/wp\/v2\/types\/post"}],"author":[{"embeddable":true,"href":"https:\/\/www.estrategiaconcursos.com.br\/blog\/wp-json\/wp\/v2\/users\/561"}],"replies":[{"embeddable":true,"href":"https:\/\/www.estrategiaconcursos.com.br\/blog\/wp-json\/wp\/v2\/comments?post=386282"}],"version-history":[{"count":7,"href":"https:\/\/www.estrategiaconcursos.com.br\/blog\/wp-json\/wp\/v2\/posts\/386282\/revisions"}],"predecessor-version":[{"id":388696,"href":"https:\/\/www.estrategiaconcursos.com.br\/blog\/wp-json\/wp\/v2\/posts\/386282\/revisions\/388696"}],"wp:featuredmedia":[{"embeddable":true,"href":"https:\/\/www.estrategiaconcursos.com.br\/blog\/wp-json\/wp\/v2\/media\/377429"}],"wp:attachment":[{"href":"https:\/\/www.estrategiaconcursos.com.br\/blog\/wp-json\/wp\/v2\/media?parent=386282"}],"wp:term":[{"taxonomy":"category","embeddable":true,"href":"https:\/\/www.estrategiaconcursos.com.br\/blog\/wp-json\/wp\/v2\/categories?post=386282"},{"taxonomy":"post_tag","embeddable":true,"href":"https:\/\/www.estrategiaconcursos.com.br\/blog\/wp-json\/wp\/v2\/tags?post=386282"},{"taxonomy":"tax_estado","embeddable":true,"href":"https:\/\/www.estrategiaconcursos.com.br\/blog\/wp-json\/wp\/v2\/tax_estado?post=386282"}],"curies":[{"name":"wp","href":"https:\/\/api.w.org\/{rel}","templated":true}]}}