{"id":385886,"date":"2019-06-10T11:52:31","date_gmt":"2019-06-10T14:52:31","guid":{"rendered":"https:\/\/www.estrategiaconcursos.com.br\/blog\/?p=385886"},"modified":"2019-06-10T11:54:26","modified_gmt":"2019-06-10T14:54:26","slug":"ibge-prorroga-inscricoes","status":"publish","type":"post","link":"https:\/\/www.estrategiaconcursos.com.br\/blog\/ibge-prorroga-inscricoes\/","title":{"rendered":"IBGE prorroga inscri\u00e7\u00f5es at\u00e9 sexta-feira para 209 vagas de tempor\u00e1rios"},"content":{"rendered":"\n<p>Foi publicado no Di\u00e1rio Oficial da Uni\u00e3o desta segunda-feira, 10 de junho, a prorroga\u00e7\u00e3o das inscri\u00e7\u00f5es para o Censo Experimental do IBGE.<\/p>\n\n\n\n<p>O processo seletivo traz 209 vagas tempor\u00e1rias para os cargos de Agente Censit\u00e1rio Municipal, Agente Censit\u00e1rio Supervisor, ambos de n\u00edvel m\u00e9dio e Recenseador, para n\u00edvel fundamental.<\/p>\n\n\n\n<p>Os aprovados atuar\u00e3o no Censo Experimental do IBGE, que ocorrer\u00e1 entre setembro e novembro de 2019. Esta etapa ser\u00e1 realizada para ajudar a avaliar e aperfei\u00e7oar os trabalhos para o Censo Demogr\u00e1fico de 2020.<\/p>\n\n\n\n<h2 class=\"wp-block-heading\">Nova data<\/h2>\n\n\n\n<p>As inscri\u00e7\u00f5es poder\u00e3o ser realizadas <strong>at\u00e9 o dia 14 de junho<\/strong> e a taxa dever\u00e1 ser paga at\u00e9 o dia 17 de junho, no valor de R$42,50 para os cargos de Agentes e R$25,00 para Recenseador.<\/p>\n\n\n\n<p>O Instituto Brasileiro de Apoio ao Desenvolvimento Executivo &#8211; IBADE \u00e9 o respons\u00e1vel pela organiza\u00e7\u00e3o e realiza\u00e7\u00e3o do processo.<\/p>\n\n\n\n<p>As provas acontecem no dia 04 de agosto, em Po\u00e7os de Caldas &#8211; MG.<\/p>\n\n\n\n<h2 class=\"wp-block-heading\">Os cargos<\/h2>\n\n\n\n<p><strong><em>Agente Censit\u00e1rio Municipal<\/em><\/strong><\/p>\n\n\n\n<p>Vagas &#8211; 04 vagas<br \/>Remunera\u00e7\u00e3o &#8211; R$2.100,00<br \/>Carga Hor\u00e1ria &#8211; 40h semanais<\/p>\n\n\n\n<p><strong><em>Agente Censit\u00e1rio Supervisor<\/em><\/strong><\/p>\n\n\n\n<p>Vagas &#8211; 25 vagas<br \/>Remunera\u00e7\u00e3o &#8211; R$1.700,00<br \/>Carga Hor\u00e1ria &#8211; 40h semanais<\/p>\n\n\n\n<p><strong><em>Recenseador<\/em><\/strong><\/p>\n\n\n\n<p>Vagas &#8211; 180 vagas<br \/>Remunera\u00e7\u00e3o &#8211; por produ\u00e7\u00e3o<br \/>Carga Hor\u00e1ria &#8211; m\u00ednimo de 25h semanais<\/p>\n\n\n\n<p><strong>Quer saber mais sobre este e demais certames do IBGE, os cargos, remunera\u00e7\u00f5es? Acesse a mat\u00e9ria completa e saia na frente:<\/strong><\/p>\n\n\n\n<p style=\"text-align:center\" class=\"has-medium-font-size\"><a href=\"https:\/\/www.estrategiaconcursos.com.br\/blog\/concurso-ibge-2\/\"><strong>IBGE Tempor\u00e1rios<\/strong><\/a><\/p>\n\n\n\n<p><em><strong>Assinatura Anual Ilimitada*<\/strong><\/em><\/p>\n\n\n\n<p><em>Prepare-se com o melhor material e com quem mais aprova em&nbsp;Concursos P\u00fablicos de todo o pa\u00eds. Assine agora a nossa Assinatura Anual e tenha acesso ilimitado* a todos os nossos cursos.<\/em><\/p>\n\n\n\n<p style=\"text-align:center\" class=\"has-background has-light-green-cyan-background-color\"><strong>ASSINE AGORA<\/strong>&nbsp;\u2013&nbsp;<a rel=\"noreferrer noopener\" href=\"https:\/\/www.estrategiaconcursos.com.br\/assinaturas\/\" target=\"_blank\">Assinatura Ilimitada<\/a><\/p>\n\n\n\n<p>Nat\u00e1lia Scarano<br \/>Ascom<br \/>ascomestrategia@gmail.com<\/p>\n","protected":false},"excerpt":{"rendered":"<p>Foi publicado no Di\u00e1rio Oficial da Uni\u00e3o desta segunda-feira, 10 de junho, a prorroga\u00e7\u00e3o das inscri\u00e7\u00f5es para o Censo Experimental do IBGE. O processo seletivo traz 209 vagas tempor\u00e1rias para os cargos de Agente Censit\u00e1rio Municipal, Agente Censit\u00e1rio Supervisor, ambos de n\u00edvel m\u00e9dio e Recenseador, para n\u00edvel fundamental. Os aprovados atuar\u00e3o no Censo Experimental do [&hellip;]<\/p>\n","protected":false},"author":306,"featured_media":174463,"comment_status":"open","ping_status":"closed","sticky":false,"template":"","format":"standard","meta":{"post_tipo":"article","footnotes":""},"categories":[1],"tags":[],"tax_estado":[],"class_list":["post-385886","post","type-post","status-publish","format-standard","has-post-thumbnail","hentry","category-cursos-e-concursos"],"acf":[],"yoast_head":"<!-- This site is optimized with the Yoast SEO Premium plugin v27.2 (Yoast SEO v27.2) - https:\/\/yoast.com\/product\/yoast-seo-premium-wordpress\/ -->\n<title>IBGE prorroga inscri\u00e7\u00f5es at\u00e9 sexta-feira para 209 vagas de tempor\u00e1rios<\/title>\n<meta name=\"description\" content=\"IBGE prorroga inscri\u00e7\u00f5es at\u00e9 sexta-feira para 209 vagas de tempor\u00e1rios. Confira todas as informa\u00e7\u00f5es para participar deste processo!\" \/>\n<meta name=\"robots\" content=\"index, follow, max-snippet:-1, max-image-preview:large, max-video-preview:-1\" \/>\n<link rel=\"canonical\" href=\"https:\/\/www.estrategiaconcursos.com.br\/blog\/ibge-prorroga-inscricoes\/\" \/>\n<meta property=\"og:locale\" content=\"pt_BR\" \/>\n<meta property=\"og:type\" content=\"article\" \/>\n<meta property=\"og:title\" content=\"IBGE prorroga inscri\u00e7\u00f5es at\u00e9 sexta-feira para 209 vagas de tempor\u00e1rios\" \/>\n<meta property=\"og:description\" content=\"IBGE prorroga inscri\u00e7\u00f5es at\u00e9 sexta-feira para 209 vagas de tempor\u00e1rios. Confira todas as informa\u00e7\u00f5es para participar deste processo!\" \/>\n<meta property=\"og:url\" content=\"https:\/\/www.estrategiaconcursos.com.br\/blog\/ibge-prorroga-inscricoes\/\" \/>\n<meta property=\"og:site_name\" content=\"Estrat\u00e9gia Concursos\" \/>\n<meta property=\"article:author\" content=\"https:\/\/www.facebook.com\/leandrosignoriatualidades\/\" \/>\n<meta property=\"article:published_time\" content=\"2019-06-10T14:52:31+00:00\" \/>\n<meta property=\"article:modified_time\" content=\"2019-06-10T14:54:26+00:00\" \/>\n<meta property=\"og:image\" content=\"https:\/\/dhg1h5j42swfq.cloudfront.net\/2019\/03\/27081548\/IBGE-Tempora%CC%81rios-e1553685356567.jpg\" \/>\n\t<meta property=\"og:image:width\" content=\"400\" \/>\n\t<meta property=\"og:image:height\" content=\"209\" \/>\n\t<meta property=\"og:image:type\" content=\"image\/jpeg\" \/>\n<meta name=\"author\" content=\"Leandro Signori\" \/>\n<meta name=\"twitter:card\" content=\"summary_large_image\" \/>\n<meta name=\"twitter:creator\" content=\"@EstratConcursos\" \/>\n<meta name=\"twitter:site\" content=\"@EstratConcursos\" \/>\n<meta name=\"twitter:label1\" content=\"Escrito por\" \/>\n\t<meta name=\"twitter:data1\" content=\"Leandro Signori\" \/>\n\t<meta name=\"twitter:label2\" content=\"Est. tempo de leitura\" \/>\n\t<meta name=\"twitter:data2\" content=\"1 minuto\" \/>\n<script type=\"application\/ld+json\" class=\"yoast-schema-graph\">{\"@context\":\"https:\/\/schema.org\",\"@graph\":[{\"@type\":\"NewsArticle\",\"@id\":\"https:\/\/www.estrategiaconcursos.com.br\/blog\/ibge-prorroga-inscricoes\/#article\",\"isPartOf\":{\"@id\":\"https:\/\/www.estrategiaconcursos.com.br\/blog\/ibge-prorroga-inscricoes\/\"},\"author\":{\"name\":\"Leandro Signori\",\"@id\":\"https:\/\/www.estrategiaconcursos.com.br\/blog\/#\/schema\/person\/d2e7d78de4b9d6ba51cc24fd558a7f42\"},\"headline\":\"IBGE prorroga inscri\u00e7\u00f5es at\u00e9 sexta-feira para 209 vagas de tempor\u00e1rios\",\"datePublished\":\"2019-06-10T14:52:31+00:00\",\"dateModified\":\"2019-06-10T14:54:26+00:00\",\"mainEntityOfPage\":{\"@id\":\"https:\/\/www.estrategiaconcursos.com.br\/blog\/ibge-prorroga-inscricoes\/\"},\"wordCount\":301,\"commentCount\":0,\"publisher\":{\"@id\":\"https:\/\/www.estrategiaconcursos.com.br\/blog\/#organization\"},\"image\":{\"@id\":\"https:\/\/www.estrategiaconcursos.com.br\/blog\/ibge-prorroga-inscricoes\/#primaryimage\"},\"thumbnailUrl\":\"https:\/\/dhg1h5j42swfq.cloudfront.net\/2019\/03\/27081548\/IBGE-Tempora%CC%81rios-e1553685356567.jpg\",\"articleSection\":[\"Concursos P\u00fablicos\"],\"inLanguage\":\"pt-BR\",\"potentialAction\":[{\"@type\":\"CommentAction\",\"name\":\"Comment\",\"target\":[\"https:\/\/www.estrategiaconcursos.com.br\/blog\/ibge-prorroga-inscricoes\/#respond\"]}],\"copyrightYear\":\"2019\",\"copyrightHolder\":{\"@id\":\"https:\/\/www.estrategiaconcursos.com.br\/blog\/#organization\"}},{\"@type\":\"WebPage\",\"@id\":\"https:\/\/www.estrategiaconcursos.com.br\/blog\/ibge-prorroga-inscricoes\/\",\"url\":\"https:\/\/www.estrategiaconcursos.com.br\/blog\/ibge-prorroga-inscricoes\/\",\"name\":\"IBGE prorroga inscri\u00e7\u00f5es at\u00e9 sexta-feira para 209 vagas de tempor\u00e1rios\",\"isPartOf\":{\"@id\":\"https:\/\/www.estrategiaconcursos.com.br\/blog\/#website\"},\"primaryImageOfPage\":{\"@id\":\"https:\/\/www.estrategiaconcursos.com.br\/blog\/ibge-prorroga-inscricoes\/#primaryimage\"},\"image\":{\"@id\":\"https:\/\/www.estrategiaconcursos.com.br\/blog\/ibge-prorroga-inscricoes\/#primaryimage\"},\"thumbnailUrl\":\"https:\/\/dhg1h5j42swfq.cloudfront.net\/2019\/03\/27081548\/IBGE-Tempora%CC%81rios-e1553685356567.jpg\",\"datePublished\":\"2019-06-10T14:52:31+00:00\",\"dateModified\":\"2019-06-10T14:54:26+00:00\",\"description\":\"IBGE prorroga inscri\u00e7\u00f5es at\u00e9 sexta-feira para 209 vagas de tempor\u00e1rios. Confira todas as informa\u00e7\u00f5es para participar deste processo!\",\"breadcrumb\":{\"@id\":\"https:\/\/www.estrategiaconcursos.com.br\/blog\/ibge-prorroga-inscricoes\/#breadcrumb\"},\"inLanguage\":\"pt-BR\",\"potentialAction\":[{\"@type\":\"ReadAction\",\"target\":[\"https:\/\/www.estrategiaconcursos.com.br\/blog\/ibge-prorroga-inscricoes\/\"]}]},{\"@type\":\"ImageObject\",\"inLanguage\":\"pt-BR\",\"@id\":\"https:\/\/www.estrategiaconcursos.com.br\/blog\/ibge-prorroga-inscricoes\/#primaryimage\",\"url\":\"https:\/\/dhg1h5j42swfq.cloudfront.net\/2019\/03\/27081548\/IBGE-Tempora%CC%81rios-e1553685356567.jpg\",\"contentUrl\":\"https:\/\/dhg1h5j42swfq.cloudfront.net\/2019\/03\/27081548\/IBGE-Tempora%CC%81rios-e1553685356567.jpg\",\"width\":400,\"height\":209,\"caption\":\"Edital IBGE 312 vagas\"},{\"@type\":\"BreadcrumbList\",\"@id\":\"https:\/\/www.estrategiaconcursos.com.br\/blog\/ibge-prorroga-inscricoes\/#breadcrumb\",\"itemListElement\":[{\"@type\":\"ListItem\",\"position\":1,\"name\":\"In\u00edcio\",\"item\":\"https:\/\/www.estrategiaconcursos.com.br\/blog\/\"},{\"@type\":\"ListItem\",\"position\":2,\"name\":\"IBGE prorroga inscri\u00e7\u00f5es at\u00e9 sexta-feira para 209 vagas de tempor\u00e1rios\"}]},{\"@type\":\"WebSite\",\"@id\":\"https:\/\/www.estrategiaconcursos.com.br\/blog\/#website\",\"url\":\"https:\/\/www.estrategiaconcursos.com.br\/blog\/\",\"name\":\"Estrat\u00e9gia Concursos\",\"description\":\"O blog da Estrat\u00e9gia Concursos traz not\u00edcias sobre concursos e artigos de professores oferecendo cursos para concursos (pdf + videaulas) no site.\",\"publisher\":{\"@id\":\"https:\/\/www.estrategiaconcursos.com.br\/blog\/#organization\"},\"potentialAction\":[{\"@type\":\"SearchAction\",\"target\":{\"@type\":\"EntryPoint\",\"urlTemplate\":\"https:\/\/www.estrategiaconcursos.com.br\/blog\/?s={search_term_string}\"},\"query-input\":{\"@type\":\"PropertyValueSpecification\",\"valueRequired\":true,\"valueName\":\"search_term_string\"}}],\"inLanguage\":\"pt-BR\"},{\"@type\":\"Organization\",\"@id\":\"https:\/\/www.estrategiaconcursos.com.br\/blog\/#organization\",\"name\":\"Estrat\u00e9gia Concursos\",\"url\":\"https:\/\/www.estrategiaconcursos.com.br\/blog\/\",\"logo\":{\"@type\":\"ImageObject\",\"inLanguage\":\"pt-BR\",\"@id\":\"https:\/\/www.estrategiaconcursos.com.br\/blog\/#\/schema\/logo\/image\/\",\"url\":\"https:\/\/dhg1h5j42swfq.cloudfront.net\/2025\/06\/03203428\/logo_concursos-1.jpg\",\"contentUrl\":\"https:\/\/dhg1h5j42swfq.cloudfront.net\/2025\/06\/03203428\/logo_concursos-1.jpg\",\"width\":230,\"height\":60,\"caption\":\"Estrat\u00e9gia Concursos\"},\"image\":{\"@id\":\"https:\/\/www.estrategiaconcursos.com.br\/blog\/#\/schema\/logo\/image\/\"},\"sameAs\":[\"https:\/\/x.com\/EstratConcursos\"]},{\"@type\":\"Person\",\"@id\":\"https:\/\/www.estrategiaconcursos.com.br\/blog\/#\/schema\/person\/d2e7d78de4b9d6ba51cc24fd558a7f42\",\"name\":\"Leandro Signori\",\"image\":{\"@type\":\"ImageObject\",\"inLanguage\":\"pt-BR\",\"@id\":\"https:\/\/secure.gravatar.com\/avatar\/aa2ef98e93764dcf1758f52d2792d4b3e4089ee25bc520608dde62ad802ae541?s=96&d=mm&r=g\",\"url\":\"https:\/\/secure.gravatar.com\/avatar\/aa2ef98e93764dcf1758f52d2792d4b3e4089ee25bc520608dde62ad802ae541?s=96&d=mm&r=g\",\"contentUrl\":\"https:\/\/secure.gravatar.com\/avatar\/aa2ef98e93764dcf1758f52d2792d4b3e4089ee25bc520608dde62ad802ae541?s=96&d=mm&r=g\",\"caption\":\"Leandro Signori\"},\"description\":\"Licenciado em Geografia pela Universidade Federal do Rio Grande do Sul (UFRGS) e Bacharel em Geografia pela Uniceub (Bras\u00edlia). Como servidor p\u00fablico, foi funcion\u00e1rio da Prefeitura de S\u00e3o Leopoldo (RS), Prefeitura de Porto Alegre (RS), Companhia Riograndense de Saneamento (Corsan) e Minist\u00e9rio da Integra\u00e7\u00e3o Nacional. \u00c9 professor de Geografia para o ensino m\u00e9dio na rede particular de ensino. Leciona as disciplinas de Atualidades, Conhecimentos Gerais, Geografia, Realidade Brasileira e Hist\u00f3ria, em cursos on line e presenciais preparat\u00f3rios para concursos p\u00fablicos.\",\"sameAs\":[\"https:\/\/www.facebook.com\/leandrosignoriatualidades\/\"],\"url\":\"https:\/\/www.estrategiaconcursos.com.br\/blog\/author\/leandroestrategiaconcursos-com-br\/\"}]}<\/script>\n<!-- \/ Yoast SEO Premium plugin. -->","yoast_head_json":{"title":"IBGE prorroga inscri\u00e7\u00f5es at\u00e9 sexta-feira para 209 vagas de tempor\u00e1rios","description":"IBGE prorroga inscri\u00e7\u00f5es at\u00e9 sexta-feira para 209 vagas de tempor\u00e1rios. Confira todas as informa\u00e7\u00f5es para participar deste processo!","robots":{"index":"index","follow":"follow","max-snippet":"max-snippet:-1","max-image-preview":"max-image-preview:large","max-video-preview":"max-video-preview:-1"},"canonical":"https:\/\/www.estrategiaconcursos.com.br\/blog\/ibge-prorroga-inscricoes\/","og_locale":"pt_BR","og_type":"article","og_title":"IBGE prorroga inscri\u00e7\u00f5es at\u00e9 sexta-feira para 209 vagas de tempor\u00e1rios","og_description":"IBGE prorroga inscri\u00e7\u00f5es at\u00e9 sexta-feira para 209 vagas de tempor\u00e1rios. Confira todas as informa\u00e7\u00f5es para participar deste processo!","og_url":"https:\/\/www.estrategiaconcursos.com.br\/blog\/ibge-prorroga-inscricoes\/","og_site_name":"Estrat\u00e9gia Concursos","article_author":"https:\/\/www.facebook.com\/leandrosignoriatualidades\/","article_published_time":"2019-06-10T14:52:31+00:00","article_modified_time":"2019-06-10T14:54:26+00:00","og_image":[{"width":400,"height":209,"url":"https:\/\/dhg1h5j42swfq.cloudfront.net\/2019\/03\/27081548\/IBGE-Tempora%CC%81rios-e1553685356567.jpg","type":"image\/jpeg"}],"author":"Leandro Signori","twitter_card":"summary_large_image","twitter_creator":"@EstratConcursos","twitter_site":"@EstratConcursos","twitter_misc":{"Escrito por":"Leandro Signori","Est. tempo de leitura":"1 minuto"},"schema":{"@context":"https:\/\/schema.org","@graph":[{"@type":"NewsArticle","@id":"https:\/\/www.estrategiaconcursos.com.br\/blog\/ibge-prorroga-inscricoes\/#article","isPartOf":{"@id":"https:\/\/www.estrategiaconcursos.com.br\/blog\/ibge-prorroga-inscricoes\/"},"author":{"name":"Leandro Signori","@id":"https:\/\/www.estrategiaconcursos.com.br\/blog\/#\/schema\/person\/d2e7d78de4b9d6ba51cc24fd558a7f42"},"headline":"IBGE prorroga inscri\u00e7\u00f5es at\u00e9 sexta-feira para 209 vagas de tempor\u00e1rios","datePublished":"2019-06-10T14:52:31+00:00","dateModified":"2019-06-10T14:54:26+00:00","mainEntityOfPage":{"@id":"https:\/\/www.estrategiaconcursos.com.br\/blog\/ibge-prorroga-inscricoes\/"},"wordCount":301,"commentCount":0,"publisher":{"@id":"https:\/\/www.estrategiaconcursos.com.br\/blog\/#organization"},"image":{"@id":"https:\/\/www.estrategiaconcursos.com.br\/blog\/ibge-prorroga-inscricoes\/#primaryimage"},"thumbnailUrl":"https:\/\/dhg1h5j42swfq.cloudfront.net\/2019\/03\/27081548\/IBGE-Tempora%CC%81rios-e1553685356567.jpg","articleSection":["Concursos P\u00fablicos"],"inLanguage":"pt-BR","potentialAction":[{"@type":"CommentAction","name":"Comment","target":["https:\/\/www.estrategiaconcursos.com.br\/blog\/ibge-prorroga-inscricoes\/#respond"]}],"copyrightYear":"2019","copyrightHolder":{"@id":"https:\/\/www.estrategiaconcursos.com.br\/blog\/#organization"}},{"@type":"WebPage","@id":"https:\/\/www.estrategiaconcursos.com.br\/blog\/ibge-prorroga-inscricoes\/","url":"https:\/\/www.estrategiaconcursos.com.br\/blog\/ibge-prorroga-inscricoes\/","name":"IBGE prorroga inscri\u00e7\u00f5es at\u00e9 sexta-feira para 209 vagas de tempor\u00e1rios","isPartOf":{"@id":"https:\/\/www.estrategiaconcursos.com.br\/blog\/#website"},"primaryImageOfPage":{"@id":"https:\/\/www.estrategiaconcursos.com.br\/blog\/ibge-prorroga-inscricoes\/#primaryimage"},"image":{"@id":"https:\/\/www.estrategiaconcursos.com.br\/blog\/ibge-prorroga-inscricoes\/#primaryimage"},"thumbnailUrl":"https:\/\/dhg1h5j42swfq.cloudfront.net\/2019\/03\/27081548\/IBGE-Tempora%CC%81rios-e1553685356567.jpg","datePublished":"2019-06-10T14:52:31+00:00","dateModified":"2019-06-10T14:54:26+00:00","description":"IBGE prorroga inscri\u00e7\u00f5es at\u00e9 sexta-feira para 209 vagas de tempor\u00e1rios. Confira todas as informa\u00e7\u00f5es para participar deste processo!","breadcrumb":{"@id":"https:\/\/www.estrategiaconcursos.com.br\/blog\/ibge-prorroga-inscricoes\/#breadcrumb"},"inLanguage":"pt-BR","potentialAction":[{"@type":"ReadAction","target":["https:\/\/www.estrategiaconcursos.com.br\/blog\/ibge-prorroga-inscricoes\/"]}]},{"@type":"ImageObject","inLanguage":"pt-BR","@id":"https:\/\/www.estrategiaconcursos.com.br\/blog\/ibge-prorroga-inscricoes\/#primaryimage","url":"https:\/\/dhg1h5j42swfq.cloudfront.net\/2019\/03\/27081548\/IBGE-Tempora%CC%81rios-e1553685356567.jpg","contentUrl":"https:\/\/dhg1h5j42swfq.cloudfront.net\/2019\/03\/27081548\/IBGE-Tempora%CC%81rios-e1553685356567.jpg","width":400,"height":209,"caption":"Edital IBGE 312 vagas"},{"@type":"BreadcrumbList","@id":"https:\/\/www.estrategiaconcursos.com.br\/blog\/ibge-prorroga-inscricoes\/#breadcrumb","itemListElement":[{"@type":"ListItem","position":1,"name":"In\u00edcio","item":"https:\/\/www.estrategiaconcursos.com.br\/blog\/"},{"@type":"ListItem","position":2,"name":"IBGE prorroga inscri\u00e7\u00f5es at\u00e9 sexta-feira para 209 vagas de tempor\u00e1rios"}]},{"@type":"WebSite","@id":"https:\/\/www.estrategiaconcursos.com.br\/blog\/#website","url":"https:\/\/www.estrategiaconcursos.com.br\/blog\/","name":"Estrat\u00e9gia Concursos","description":"O blog da Estrat\u00e9gia Concursos traz not\u00edcias sobre concursos e artigos de professores oferecendo cursos para concursos (pdf + videaulas) no site.","publisher":{"@id":"https:\/\/www.estrategiaconcursos.com.br\/blog\/#organization"},"potentialAction":[{"@type":"SearchAction","target":{"@type":"EntryPoint","urlTemplate":"https:\/\/www.estrategiaconcursos.com.br\/blog\/?s={search_term_string}"},"query-input":{"@type":"PropertyValueSpecification","valueRequired":true,"valueName":"search_term_string"}}],"inLanguage":"pt-BR"},{"@type":"Organization","@id":"https:\/\/www.estrategiaconcursos.com.br\/blog\/#organization","name":"Estrat\u00e9gia Concursos","url":"https:\/\/www.estrategiaconcursos.com.br\/blog\/","logo":{"@type":"ImageObject","inLanguage":"pt-BR","@id":"https:\/\/www.estrategiaconcursos.com.br\/blog\/#\/schema\/logo\/image\/","url":"https:\/\/dhg1h5j42swfq.cloudfront.net\/2025\/06\/03203428\/logo_concursos-1.jpg","contentUrl":"https:\/\/dhg1h5j42swfq.cloudfront.net\/2025\/06\/03203428\/logo_concursos-1.jpg","width":230,"height":60,"caption":"Estrat\u00e9gia Concursos"},"image":{"@id":"https:\/\/www.estrategiaconcursos.com.br\/blog\/#\/schema\/logo\/image\/"},"sameAs":["https:\/\/x.com\/EstratConcursos"]},{"@type":"Person","@id":"https:\/\/www.estrategiaconcursos.com.br\/blog\/#\/schema\/person\/d2e7d78de4b9d6ba51cc24fd558a7f42","name":"Leandro Signori","image":{"@type":"ImageObject","inLanguage":"pt-BR","@id":"https:\/\/secure.gravatar.com\/avatar\/aa2ef98e93764dcf1758f52d2792d4b3e4089ee25bc520608dde62ad802ae541?s=96&d=mm&r=g","url":"https:\/\/secure.gravatar.com\/avatar\/aa2ef98e93764dcf1758f52d2792d4b3e4089ee25bc520608dde62ad802ae541?s=96&d=mm&r=g","contentUrl":"https:\/\/secure.gravatar.com\/avatar\/aa2ef98e93764dcf1758f52d2792d4b3e4089ee25bc520608dde62ad802ae541?s=96&d=mm&r=g","caption":"Leandro Signori"},"description":"Licenciado em Geografia pela Universidade Federal do Rio Grande do Sul (UFRGS) e Bacharel em Geografia pela Uniceub (Bras\u00edlia). Como servidor p\u00fablico, foi funcion\u00e1rio da Prefeitura de S\u00e3o Leopoldo (RS), Prefeitura de Porto Alegre (RS), Companhia Riograndense de Saneamento (Corsan) e Minist\u00e9rio da Integra\u00e7\u00e3o Nacional. \u00c9 professor de Geografia para o ensino m\u00e9dio na rede particular de ensino. Leciona as disciplinas de Atualidades, Conhecimentos Gerais, Geografia, Realidade Brasileira e Hist\u00f3ria, em cursos on line e presenciais preparat\u00f3rios para concursos p\u00fablicos.","sameAs":["https:\/\/www.facebook.com\/leandrosignoriatualidades\/"],"url":"https:\/\/www.estrategiaconcursos.com.br\/blog\/author\/leandroestrategiaconcursos-com-br\/"}]}},"_links":{"self":[{"href":"https:\/\/www.estrategiaconcursos.com.br\/blog\/wp-json\/wp\/v2\/posts\/385886","targetHints":{"allow":["GET"]}}],"collection":[{"href":"https:\/\/www.estrategiaconcursos.com.br\/blog\/wp-json\/wp\/v2\/posts"}],"about":[{"href":"https:\/\/www.estrategiaconcursos.com.br\/blog\/wp-json\/wp\/v2\/types\/post"}],"author":[{"embeddable":true,"href":"https:\/\/www.estrategiaconcursos.com.br\/blog\/wp-json\/wp\/v2\/users\/306"}],"replies":[{"embeddable":true,"href":"https:\/\/www.estrategiaconcursos.com.br\/blog\/wp-json\/wp\/v2\/comments?post=385886"}],"version-history":[{"count":1,"href":"https:\/\/www.estrategiaconcursos.com.br\/blog\/wp-json\/wp\/v2\/posts\/385886\/revisions"}],"predecessor-version":[{"id":385912,"href":"https:\/\/www.estrategiaconcursos.com.br\/blog\/wp-json\/wp\/v2\/posts\/385886\/revisions\/385912"}],"wp:featuredmedia":[{"embeddable":true,"href":"https:\/\/www.estrategiaconcursos.com.br\/blog\/wp-json\/wp\/v2\/media\/174463"}],"wp:attachment":[{"href":"https:\/\/www.estrategiaconcursos.com.br\/blog\/wp-json\/wp\/v2\/media?parent=385886"}],"wp:term":[{"taxonomy":"category","embeddable":true,"href":"https:\/\/www.estrategiaconcursos.com.br\/blog\/wp-json\/wp\/v2\/categories?post=385886"},{"taxonomy":"post_tag","embeddable":true,"href":"https:\/\/www.estrategiaconcursos.com.br\/blog\/wp-json\/wp\/v2\/tags?post=385886"},{"taxonomy":"tax_estado","embeddable":true,"href":"https:\/\/www.estrategiaconcursos.com.br\/blog\/wp-json\/wp\/v2\/tax_estado?post=385886"}],"curies":[{"name":"wp","href":"https:\/\/api.w.org\/{rel}","templated":true}]}}