{"id":385619,"date":"2019-06-10T12:00:26","date_gmt":"2019-06-10T15:00:26","guid":{"rendered":"https:\/\/www.estrategiaconcursos.com.br\/blog\/?p=385619"},"modified":"2020-05-06T01:05:54","modified_gmt":"2020-05-06T04:05:54","slug":"larguei-o-ensino-medio-fiz-supletivo-faculdade-a-distancia-e-fui-aprovado-em-primeiro-lugar-com-99-de-acertos","status":"publish","type":"post","link":"https:\/\/www.estrategiaconcursos.com.br\/blog\/larguei-o-ensino-medio-fiz-supletivo-faculdade-a-distancia-e-fui-aprovado-em-primeiro-lugar-com-99-de-acertos\/","title":{"rendered":"Larguei o ensino m\u00e9dio, fiz supletivo, faculdade a dist\u00e2ncia, e fui aprovado em primeiro lugar com 99% de acertos."},"content":{"rendered":"\n<p>Fala, pessoal! Tudo beleza? Meu nome \u00e9 <strong><em><a href=\"https:\/\/www.instagram.com\/henrique.antunez\/\">Henrique Antunez<\/a><\/em><\/strong>, sou aluno das carreiras policiais aqui do Estrat\u00e9gia e hoje vim aqui falar pra voc\u00eas de algo muito importante: &nbsp;N\u00e3o importa quem voc\u00ea \u00e9, qual \u00e9 o seu passado, quais s\u00e3o as suas circunst\u00e2ncias ou o que os outros pensam de voc\u00ea; <strong><em>voc\u00ea \u00e9 o que VOC\u00ca decide ser<\/em><\/strong>. Ningu\u00e9m est\u00e1 destinado a um resultado.<\/p>\n\n\n\n<p>\u00c9 muito comum algu\u00e9m que decide iniciar os estudos para\nconcurso pensar ou, at\u00e9 mesmo, ouvir de algu\u00e9m que \u201cn\u00e3o \u00e9 capacitado, n\u00e3o tem\nforma\u00e7\u00e3o na \u00e1rea, n\u00e3o \u00e9 inteligente o suficiente, n\u00e3o estuda h\u00e1 anos, tem uma\nbase muito fraca pois a escola era ruim ou n\u00e3o gostava de estudar, n\u00e3o tem\ndisciplina, que n\u00e3o tem chances, que os concorrentes estudam h\u00e1 anos e que \u00e9\nmuito dif\u00edcil de passar\u201d.<\/p>\n\n\n\n<p>Vou usar um pouco da minha hist\u00f3ria como exemplo para provar a voc\u00eas que, quem quer que voc\u00ea seja e qual a sua hist\u00f3ria, <strong><em>voc\u00ea pode chegar at\u00e9 a <a href=\"https:\/\/www.estrategiaconcursos.com.br\/blog\/depoimentos\/\">aprova\u00e7\u00e3o<\/a><\/em><\/strong>. Basta, dentro das suas dificuldades e defici\u00eancias, colocar a carga hor\u00e1ria e o trabalho necess\u00e1rios para atingir o seu objetivo de passar no t\u00e3o sonhado concurso.<\/p>\n\n\n\n<p>Tive uma inf\u00e2ncia normal, com uma fam\u00edlia normal, com pais que me amaram e me educaram; mas <strong><em>NUNCA gostei da escola<\/em><\/strong>. Sempre foi uma tortura ir ao col\u00e9gio &#8211; desde crian\u00e7a at\u00e9 o ensino m\u00e9dio. &nbsp;Aquele ambiente nunca foi natural pra mim. Sentia-me preso, institucionalizado, obrigado a seguir regras que n\u00e3o faziam sentido e a aprender coisas que n\u00e3o me interessavam \u2013 sem falar na puni\u00e7\u00e3o por n\u00e3o completar essas tarefas.<\/p>\n\n\n\n<p>Nunca consegui me adaptar. Era \u00f3bvio, portanto, que eu n\u00e3o\nprestava aten\u00e7\u00e3o \u00e0 aula, n\u00e3o fazia dever de casa, reprovava nas provas, era\nmandado para a diretoria, para a psic\u00f3loga, etc. Chamavam meus pais para\nreuni\u00f5es e era tratado como uma ovelha negra. <\/p>\n\n\n\n<p>Por muitos anos, os <strong><em>professores conseguiram me convencer de que eu era burro e pregui\u00e7oso<\/em><\/strong>. No ensino m\u00e9dio ficou ainda pior: a minha resist\u00eancia \u00e0quela situa\u00e7\u00e3o, j\u00e1 com uma certa independ\u00eancia emocional e capacidade de questionar, trazia um grande desconforto a alguns daqueles \u201ceducadores\u201d.<\/p>\n\n\n\n<p>Meus \u00fanicos \u201cpecados\u201d foram coisas como n\u00e3o ter caderno, n\u00e3o prestar aten\u00e7\u00e3o em aula, jogar bolinha de papel, n\u00e3o entregar trabalhos ou, durante a aula de matem\u00e1tica, ouvir m\u00fasica de fones nas orelhas. Nada assombroso. No entanto, a forma como os professores lidavam com esse \u201cproblem\u00e3o\u201d fazia com que eu me sentisse um pouco marginalizado, como um delinquente, uma pessoa errada. <\/p>\n\n\n\n<p>Por diversas vezes ouvi a seguinte frase, proferida por PROFESSORES: \u201c<strong><em>Henrique, voc\u00ea \u00e9 muito vagabundo, nunca vai chegar a lugar algum na vida e vai acabar atr\u00e1s de um balc\u00e3o<\/em><\/strong>\u201d. <\/p>\n\n\n\n<p>Reprovei no segundo ano do ensino m\u00e9dio e mesmo assim fui \u00e0 aula por alguns meses com os alunos mais novos enquanto meus amigos planejavam a festa de formatura. &nbsp;Fiquei bastante deprimido e ainda acabei desenvolvendo um dist\u00farbio alimentar que me atrapalhou por anos. Chegou um dia em que eu aguardei o intervalo, juntei minhas coisas e n\u00e3o voltei mais.<\/p>\n\n\n\n<h3 class=\"wp-block-heading\"><em>Pronto. \u201cHenrique largou o col\u00e9gio.\u201d Agora eu era o malandro master&#8230;<\/em><\/h3>\n\n\n\n<p>Depois de alguns dif\u00edceis meses em casa tentando entender quem eu era e o que havia de errado comigo, eu encontrei uma frase que mudou tudo. Naquele momento, eu percebi que talvez aquelas pessoas pudessem estar erradas. Quando li, instantaneamente perdoei-me por tudo e enxerguei que eu n\u00e3o era um desaplicado ou (algum ant\u00f4nimo para \u201cinteligente\u201d \u2013 pois n\u00e3o h\u00e1, no dicion\u00e1rio, nem um apropriado). &nbsp;<\/p>\n\n\n\n<p>Obrigado, Anna Freud, psicanalista pioneira na \u00e1rea da an\u00e1lise infantil e filha de Sigmund Freud, por essas palavras que ecoaram no tempo e chegaram at\u00e9 mim: \u201c<strong><em>As mentes criativas s\u00e3o conhecidas por resistirem a qualquer tipo de mau treinamento<\/em><\/strong>\u201d.  <\/p>\n\n\n\n<p><strong><em><a href=\"https:\/\/www.estrategiaconcursos.com.br\/blog\/voltei-estudar-e-agora\/\">Decidi voltar a estudar<\/a><\/em><\/strong> e, com o apoio sempre incondicional dos meus pais, matriculei-me em um supletivo de 6 meses para terminar o ensino m\u00e9dio. Mais um termo estigmatizado: \u201cSUPLETIVO\u201d. O que muita gente n\u00e3o sabe \u00e9 que foi uma das melhores experi\u00eancias que j\u00e1 tive. Tive alguns colegas at\u00e9 mais velhos que os meus pais e aprendi coisas sobre a vida que n\u00e3o estavam no curr\u00edculo do ensino m\u00e9dio. <\/p>\n\n\n\n<p>Assim que terminei o curso, fiz vestibular para o curso de Direito em uma universidade particular e rodei. Havia um m\u00ednimo de acerto por disciplinas e n\u00e3o sabia nada, realmente n\u00e3o aprendi coisa alguma no ensino m\u00e9dio.&nbsp; Algumas semanas depois, chegou o <strong><em><a href=\"https:\/\/www.estrategiaconcursos.com.br\/blog\/enem\/\">Enem<\/a><\/em><\/strong>. Fiz 920\/1000 na <strong><em><a href=\"https:\/\/www.estrategiaconcursos.com.br\/blog\/redacao-nota-1000\/\">reda\u00e7\u00e3o<\/a><\/em><\/strong>. O tema era corrup\u00e7\u00e3o. Minha proposta foi \u201cimpedir a elei\u00e7\u00e3o de candidatos condenados a cargos pol\u00edticos\u201d. Em maio do mesmo ano foi aprovada a Lei da Ficha Limpa, da qual aquele adolescente alienado nunca tinha ouvido falar. E o que aconteceu?<\/p>\n\n\n\n<p>Aprovado no cobi\u00e7ado curso de Direito da Universidade Federal de Pelotas. Muitos daqueles colegas que eram \u201ccertinhos\u201d e adorados pelos professores s\u00f3 conseguiram 1 ou 2 anos depois. Foi aquele momento \u201ctapa na cara\u201d de muita gente.<\/p>\n\n\n\n<p>Ent\u00e3o, comecei a faculdade e cursei 2 anos, mas n\u00e3o era bem o que eu queria. Larguei, fiquei um tempo sem estudar e comecei um tecn\u00f3logo de com\u00e9rcio exterior. Mais uma pra turma do fund\u00e3o: \u201cFACULDADE \u00c0 DIST\u00c2NCIA DE DOIS ANOS.&#8221; Ainda com algumas dificuldades, problemas comportamentais e lidando com a obesidade foram uns 5 anos pra terminar esse curso.<\/p>\n\n\n\n<p>H\u00e1 exatamente 3 anos, eu finalmente entendi quem eu era e decidi conquistar o sonho de ser policial. Nunca tinha estudado de verdade na vida. Provavelmente nunca tinha lido alguma coisa por mais de 20 minutos. E, claro, todos aqueles pensamentos dos quais falei no in\u00edcio vieram \u00e0 tona: \u201cIsso \u00e9 imposs\u00edvel, eu n\u00e3o tenho base, tem gente mais inteligente do que eu que estuda h\u00e1 anos, \u00e9 muito concorrido.\u201d<\/p>\n\n\n\n<p>\u201cComo eu vou aprender ora\u00e7\u00f5es subordinadas adverbiais a tempo se eu nem sei o que \u00e9 um adv\u00e9rbio?\u201d <\/p>\n\n\n\n<p>\u201cN\u00e3o sei nem fazer conta de dividir direito e tenho que aprender esse edital absurdo de Racioc\u00ednio L\u00f3gico. Ser\u00e3o anos! Esse caminho \u00e9 longo demais, eu nunca vou conseguir.\u201d No entanto, eu rejeitei todos esses pensamentos e decidi naquele momento que a d\u00favida e a fraqueza nunca mais fariam parte da minha vida.<\/p>\n\n\n\n<p>Comprei meu primeiro curso: a isolada de Direito Penal do Renan Ara\u00fajo. Aula 01, o in\u00edcio de tudo. Lendo pela primeira vez o que era fato t\u00edpico, il\u00edcito&#8230; (para quem j\u00e1 estuda, d\u00e1 at\u00e9 um aperto no peito, n\u00e9? A gente sabe que s\u00e3o os primeiros passos de uma LONGA jornada). Decidi come\u00e7ar por essa disciplina porque eu supunha que deveria ser importante para a \u00e1rea policial. <\/p>\n\n\n\n<p>N\u00e3o sabia por onde come\u00e7ar, n\u00e3o fazia ideia de nada. O \u00fanico m\u00e9todo de estudo que eu conhecia na \u00e9poca era sobre como escolher a melhor pizzaria. Foram uns 15 dias at\u00e9 terminar todo o curso. Na \u00e9poca eu morava na casa do meu pai e fiquei &#8211; acho que um m\u00eas &#8211; sem sair de casa, s\u00f3 estudando.<\/p>\n\n\n\n<p>Logo saiu o <strong><em>concurso da Pol\u00edcia Civil de Pernambuco<\/em><\/strong>. Fomos. Eu, Renan e meus 15 dias de estudo. Mandei bem em Penal, mas no resto todo eu praticamente zerei. &nbsp;Percebi a complexidade que seria de aprender, por exemplo, L\u00edngua Portuguesa do zero. Beleza, vamos l\u00e1. Portugu\u00eas b\u00e1sico para concursos do D\u00e9cio Terror. Longas manh\u00e3s com Felipe Luccas e Rafaela Freitas. Achei um caderno antigo no qual eu anotara o conceito de substantivo. Sim, esse era o meu n\u00edvel (que at\u00e9 hoje n\u00e3o est\u00e1 muito bom), mas n\u00e3o havia espa\u00e7o para desesperan\u00e7a. Fiz uma imers\u00e3o em Portugu\u00eas por meses, mas sempre revisando penal. <\/p>\n\n\n\n<p>Consegui. Era a hora de Constitucional. Prazer, N\u00e1dia Carolina e Ricardo Vale. Mais algumas semanas. Administrativo, Inform\u00e1tica, Processo Penal&#8230; e assim foi indo. Saiu, ent\u00e3o, edital da Pol\u00edcia Civil do Par\u00e1. Assisti a um webin\u00e1rio no canal do Estrat\u00e9gia e, com toda aquela energia positiva do professor Marcos Gir\u00e3o e as sempre prudentes e acertadas palavras do Professor Alexandre Herculano, decidi fazer o concurso.<\/p>\n\n\n\n<p>O pr\u00f3ximo v\u00eddeo recomendado pelo youtube era de um tal de Coach Luis Eduardo. Santo youtube, aqui o jogo come\u00e7ou a mudar pois eu comecei a aprender a estudar. Minhas chances j\u00e1 pareciam ser melhores. Fui fazer a prova. Vi aqueles candidatos -centenas &#8211; com camisetas de cursinhos, seus resumos, mapas mentais. Sa\u00ed da prova e vi um candidato no telefone dizendo que errara uma de constitucional e duas de administrativo. Novamente: \u201cQuem sou eu e o que estou fazendo aqui? Isso n\u00e3o \u00e9 pra mim\u201d.<\/p>\n\n\n\n<p>Alguns dias depois, o resultado saiu: De 10 mil candidatos inscritos, eu fiquei em 153\u00ba. Aprovado dentro das vagas na <strong><em>Pol\u00edcia Civil do Par\u00e1<\/em><\/strong> para o cargo de Escriv\u00e3o. <\/p>\n\n\n\n<p>Depois, <strong><em>Pol\u00edcia Militar de Minas Gerais<\/em><\/strong>: aprovado dentro das vagas. <\/p>\n\n\n\n<p><strong><em>Pol\u00edcia Civil do Rio Grande do sul<\/em><\/strong>: aprovado dentro das vagas.<\/p>\n\n\n\n<p><strong><em>Brigada Militar do Rio Grande do Sul<\/em><\/strong>: aprovado dentro das vagas.<\/p>\n\n\n\n<p><strong><em>Pol\u00edcia Civil do Esp\u00edrito Santo<\/em><\/strong>: 33.500 inscritos para o cargo e aprovado em primeiro lugar com 99\/100 pontos na prova.<\/p>\n\n\n\n<p><em><strong>Pol\u00edcia Militar de Santa Catarina<\/strong><\/em>: aprovado dentro das vagas em 15\u00ba lugar.<\/p>\n\n\n\n<p><em><strong>Pol\u00edcia M<\/strong><\/em><strong><em>ilitar de S\u00e3o Paulo<\/em><\/strong>: aprovado dentro das vagas.<\/p>\n\n\n\n<p>Aqueles professores que diziam que eu n\u00e3o tinha limites\nestavam, de alguma forma, corretos.<\/p>\n\n\n\n<p>Se voc\u00ea \u00e9 capaz de sonhar, \u00e9 capaz de realizar.<\/p>\n\n\n\n<p>N\u00e3o deixe que nada nem ningu\u00e9m lhe definam, nem mesmo o seu passado ou os seus pensamentos. O amanh\u00e3 \u00e9 para todos. Defina o seu caminho e escreva a sua hist\u00f3ria.<\/p>\n\n\n\n<p>S\u00f3 depende de voc\u00ea. <\/p>\n\n\n\n<p>Fiquem \u00e0 vontade para me seguir nas redes sociais e vamos\nbater um papo! Abra\u00e7o!!! <\/p>\n\n\n\n<p><strong><em>Instagram<\/em><\/strong>: <a href=\"https:\/\/www.instagram.com\/henrique.antunez\/\">https:\/\/www.instagram.com\/henrique.antunez\/<\/a><\/p>\n\n\n\n<p><em><strong>Youtube<\/strong><\/em>: <a href=\"https:\/\/www.youtube.com\/channel\/UCpppuDnkJV9WeFGHc--staw?sub_confirmation=1\">https:\/\/www.youtube.com\/channel\/UCpppuDnkJV9WeFGHc&#8211;staw?sub_confirmation=1<\/a><\/p>\n\n\n\n<p><\/p>\n\n\n\n<p><\/p>\n\n\n\n<p><\/p>\n\n\n\n<p><\/p>\n","protected":false},"excerpt":{"rendered":"<p>Fala, pessoal! Tudo beleza? Meu nome \u00e9 Henrique Antunez, sou aluno das carreiras policiais aqui do Estrat\u00e9gia e hoje vim aqui falar pra voc\u00eas de algo muito importante: &nbsp;N\u00e3o importa quem voc\u00ea \u00e9, qual \u00e9 o seu passado, quais s\u00e3o as suas circunst\u00e2ncias ou o que os outros pensam de voc\u00ea; voc\u00ea \u00e9 o que [&hellip;]<\/p>\n","protected":false},"author":1189,"featured_media":0,"comment_status":"open","ping_status":"closed","sticky":false,"template":"","format":"standard","meta":{"post_tipo":"article","footnotes":""},"categories":[1,1988],"tags":[3548,3715],"tax_estado":[],"class_list":["post-385619","post","type-post","status-publish","format-standard","hentry","category-cursos-e-concursos","category-policia","tag-aprovacao-em-concurso-publico","tag-motivacao-para-concursos"],"acf":[],"yoast_head":"<!-- This site is optimized with the Yoast SEO Premium plugin v27.2 (Yoast SEO v27.2) - https:\/\/yoast.com\/product\/yoast-seo-premium-wordpress\/ -->\n<title>Larguei o ensino m\u00e9dio, fiz supletivo, faculdade a dist\u00e2ncia, e fui aprovado em primeiro lugar com 99% de acertos.<\/title>\n<meta name=\"description\" content=\"Um pouco da minha hist\u00f3ria, desde ser um mau aluno na escola at\u00e9 ser aprovado em primeiro lugar com 99% de acertos em um Concurso P\u00fablico.\" \/>\n<meta name=\"robots\" content=\"index, follow, max-snippet:-1, max-image-preview:large, max-video-preview:-1\" \/>\n<link rel=\"canonical\" href=\"https:\/\/www.estrategiaconcursos.com.br\/blog\/larguei-o-ensino-medio-fiz-supletivo-faculdade-a-distancia-e-fui-aprovado-em-primeiro-lugar-com-99-de-acertos\/\" \/>\n<meta property=\"og:locale\" content=\"pt_BR\" \/>\n<meta property=\"og:type\" content=\"article\" \/>\n<meta property=\"og:title\" content=\"Larguei o ensino m\u00e9dio, fiz supletivo, faculdade a dist\u00e2ncia, e fui aprovado em primeiro lugar com 99% de acertos.\" \/>\n<meta property=\"og:description\" content=\"Um pouco da minha hist\u00f3ria, desde ser um mau aluno na escola at\u00e9 ser aprovado em primeiro lugar com 99% de acertos em um Concurso P\u00fablico.\" \/>\n<meta property=\"og:url\" content=\"https:\/\/www.estrategiaconcursos.com.br\/blog\/larguei-o-ensino-medio-fiz-supletivo-faculdade-a-distancia-e-fui-aprovado-em-primeiro-lugar-com-99-de-acertos\/\" \/>\n<meta property=\"og:site_name\" content=\"Estrat\u00e9gia Concursos\" \/>\n<meta property=\"article:published_time\" content=\"2019-06-10T15:00:26+00:00\" \/>\n<meta property=\"article:modified_time\" content=\"2020-05-06T04:05:54+00:00\" \/>\n<meta name=\"author\" content=\"Henrique Insaurriaga Antunez\" \/>\n<meta name=\"twitter:card\" content=\"summary_large_image\" \/>\n<meta name=\"twitter:creator\" content=\"@EstratConcursos\" \/>\n<meta name=\"twitter:site\" content=\"@EstratConcursos\" \/>\n<meta name=\"twitter:label1\" content=\"Escrito por\" \/>\n\t<meta name=\"twitter:data1\" content=\"Henrique Insaurriaga Antunez\" \/>\n\t<meta name=\"twitter:label2\" content=\"Est. tempo de leitura\" \/>\n\t<meta name=\"twitter:data2\" content=\"8 minutos\" \/>\n<script type=\"application\/ld+json\" class=\"yoast-schema-graph\">{\"@context\":\"https:\/\/schema.org\",\"@graph\":[{\"@type\":\"NewsArticle\",\"@id\":\"https:\/\/www.estrategiaconcursos.com.br\/blog\/larguei-o-ensino-medio-fiz-supletivo-faculdade-a-distancia-e-fui-aprovado-em-primeiro-lugar-com-99-de-acertos\/#article\",\"isPartOf\":{\"@id\":\"https:\/\/www.estrategiaconcursos.com.br\/blog\/larguei-o-ensino-medio-fiz-supletivo-faculdade-a-distancia-e-fui-aprovado-em-primeiro-lugar-com-99-de-acertos\/\"},\"author\":{\"name\":\"Henrique Insaurriaga Antunez\",\"@id\":\"https:\/\/www.estrategiaconcursos.com.br\/blog\/#\/schema\/person\/9bfe952df10607052371bf00fdfdc926\"},\"headline\":\"Larguei o ensino m\u00e9dio, fiz supletivo, faculdade a dist\u00e2ncia, e fui aprovado em primeiro lugar com 99% de acertos.\",\"datePublished\":\"2019-06-10T15:00:26+00:00\",\"dateModified\":\"2020-05-06T04:05:54+00:00\",\"mainEntityOfPage\":{\"@id\":\"https:\/\/www.estrategiaconcursos.com.br\/blog\/larguei-o-ensino-medio-fiz-supletivo-faculdade-a-distancia-e-fui-aprovado-em-primeiro-lugar-com-99-de-acertos\/\"},\"wordCount\":1712,\"commentCount\":15,\"publisher\":{\"@id\":\"https:\/\/www.estrategiaconcursos.com.br\/blog\/#organization\"},\"keywords\":[\"aprova\u00e7\u00e3o em concurso p\u00fablico\",\"Motiva\u00e7\u00e3o para Concursos\"],\"articleSection\":[\"Concursos P\u00fablicos\",\"Policial (Agente, Escriv\u00e3o e Investigador)\"],\"inLanguage\":\"pt-BR\",\"potentialAction\":[{\"@type\":\"CommentAction\",\"name\":\"Comment\",\"target\":[\"https:\/\/www.estrategiaconcursos.com.br\/blog\/larguei-o-ensino-medio-fiz-supletivo-faculdade-a-distancia-e-fui-aprovado-em-primeiro-lugar-com-99-de-acertos\/#respond\"]}],\"copyrightYear\":\"2019\",\"copyrightHolder\":{\"@id\":\"https:\/\/www.estrategiaconcursos.com.br\/blog\/#organization\"}},{\"@type\":\"WebPage\",\"@id\":\"https:\/\/www.estrategiaconcursos.com.br\/blog\/larguei-o-ensino-medio-fiz-supletivo-faculdade-a-distancia-e-fui-aprovado-em-primeiro-lugar-com-99-de-acertos\/\",\"url\":\"https:\/\/www.estrategiaconcursos.com.br\/blog\/larguei-o-ensino-medio-fiz-supletivo-faculdade-a-distancia-e-fui-aprovado-em-primeiro-lugar-com-99-de-acertos\/\",\"name\":\"Larguei o ensino m\u00e9dio, fiz supletivo, faculdade a dist\u00e2ncia, e fui aprovado em primeiro lugar com 99% de acertos.\",\"isPartOf\":{\"@id\":\"https:\/\/www.estrategiaconcursos.com.br\/blog\/#website\"},\"datePublished\":\"2019-06-10T15:00:26+00:00\",\"dateModified\":\"2020-05-06T04:05:54+00:00\",\"description\":\"Um pouco da minha hist\u00f3ria, desde ser um mau aluno na escola at\u00e9 ser aprovado em primeiro lugar com 99% de acertos em um Concurso P\u00fablico.\",\"breadcrumb\":{\"@id\":\"https:\/\/www.estrategiaconcursos.com.br\/blog\/larguei-o-ensino-medio-fiz-supletivo-faculdade-a-distancia-e-fui-aprovado-em-primeiro-lugar-com-99-de-acertos\/#breadcrumb\"},\"inLanguage\":\"pt-BR\",\"potentialAction\":[{\"@type\":\"ReadAction\",\"target\":[\"https:\/\/www.estrategiaconcursos.com.br\/blog\/larguei-o-ensino-medio-fiz-supletivo-faculdade-a-distancia-e-fui-aprovado-em-primeiro-lugar-com-99-de-acertos\/\"]}]},{\"@type\":\"BreadcrumbList\",\"@id\":\"https:\/\/www.estrategiaconcursos.com.br\/blog\/larguei-o-ensino-medio-fiz-supletivo-faculdade-a-distancia-e-fui-aprovado-em-primeiro-lugar-com-99-de-acertos\/#breadcrumb\",\"itemListElement\":[{\"@type\":\"ListItem\",\"position\":1,\"name\":\"In\u00edcio\",\"item\":\"https:\/\/www.estrategiaconcursos.com.br\/blog\/\"},{\"@type\":\"ListItem\",\"position\":2,\"name\":\"Larguei o ensino m\u00e9dio, fiz supletivo, faculdade a dist\u00e2ncia, e fui aprovado em primeiro lugar com 99% de acertos.\"}]},{\"@type\":\"WebSite\",\"@id\":\"https:\/\/www.estrategiaconcursos.com.br\/blog\/#website\",\"url\":\"https:\/\/www.estrategiaconcursos.com.br\/blog\/\",\"name\":\"Estrat\u00e9gia Concursos\",\"description\":\"O blog da Estrat\u00e9gia Concursos traz not\u00edcias sobre concursos e artigos de professores oferecendo cursos para concursos (pdf + videaulas) no site.\",\"publisher\":{\"@id\":\"https:\/\/www.estrategiaconcursos.com.br\/blog\/#organization\"},\"potentialAction\":[{\"@type\":\"SearchAction\",\"target\":{\"@type\":\"EntryPoint\",\"urlTemplate\":\"https:\/\/www.estrategiaconcursos.com.br\/blog\/?s={search_term_string}\"},\"query-input\":{\"@type\":\"PropertyValueSpecification\",\"valueRequired\":true,\"valueName\":\"search_term_string\"}}],\"inLanguage\":\"pt-BR\"},{\"@type\":\"Organization\",\"@id\":\"https:\/\/www.estrategiaconcursos.com.br\/blog\/#organization\",\"name\":\"Estrat\u00e9gia Concursos\",\"url\":\"https:\/\/www.estrategiaconcursos.com.br\/blog\/\",\"logo\":{\"@type\":\"ImageObject\",\"inLanguage\":\"pt-BR\",\"@id\":\"https:\/\/www.estrategiaconcursos.com.br\/blog\/#\/schema\/logo\/image\/\",\"url\":\"https:\/\/dhg1h5j42swfq.cloudfront.net\/2025\/06\/03203428\/logo_concursos-1.jpg\",\"contentUrl\":\"https:\/\/dhg1h5j42swfq.cloudfront.net\/2025\/06\/03203428\/logo_concursos-1.jpg\",\"width\":230,\"height\":60,\"caption\":\"Estrat\u00e9gia Concursos\"},\"image\":{\"@id\":\"https:\/\/www.estrategiaconcursos.com.br\/blog\/#\/schema\/logo\/image\/\"},\"sameAs\":[\"https:\/\/x.com\/EstratConcursos\"]},{\"@type\":\"Person\",\"@id\":\"https:\/\/www.estrategiaconcursos.com.br\/blog\/#\/schema\/person\/9bfe952df10607052371bf00fdfdc926\",\"name\":\"Henrique Insaurriaga Antunez\",\"image\":{\"@type\":\"ImageObject\",\"inLanguage\":\"pt-BR\",\"@id\":\"https:\/\/secure.gravatar.com\/avatar\/bfcbd9e9ac01f2b04e87640380da8698536693ef3ca166542feb2a237fb6e64d?s=96&d=mm&r=g\",\"url\":\"https:\/\/secure.gravatar.com\/avatar\/bfcbd9e9ac01f2b04e87640380da8698536693ef3ca166542feb2a237fb6e64d?s=96&d=mm&r=g\",\"contentUrl\":\"https:\/\/secure.gravatar.com\/avatar\/bfcbd9e9ac01f2b04e87640380da8698536693ef3ca166542feb2a237fb6e64d?s=96&d=mm&r=g\",\"caption\":\"Henrique Insaurriaga Antunez\"},\"url\":\"https:\/\/www.estrategiaconcursos.com.br\/blog\/author\/henriqueantunezyahoo-com-br\/\"}]}<\/script>\n<!-- \/ Yoast SEO Premium plugin. -->","yoast_head_json":{"title":"Larguei o ensino m\u00e9dio, fiz supletivo, faculdade a dist\u00e2ncia, e fui aprovado em primeiro lugar com 99% de acertos.","description":"Um pouco da minha hist\u00f3ria, desde ser um mau aluno na escola at\u00e9 ser aprovado em primeiro lugar com 99% de acertos em um Concurso P\u00fablico.","robots":{"index":"index","follow":"follow","max-snippet":"max-snippet:-1","max-image-preview":"max-image-preview:large","max-video-preview":"max-video-preview:-1"},"canonical":"https:\/\/www.estrategiaconcursos.com.br\/blog\/larguei-o-ensino-medio-fiz-supletivo-faculdade-a-distancia-e-fui-aprovado-em-primeiro-lugar-com-99-de-acertos\/","og_locale":"pt_BR","og_type":"article","og_title":"Larguei o ensino m\u00e9dio, fiz supletivo, faculdade a dist\u00e2ncia, e fui aprovado em primeiro lugar com 99% de acertos.","og_description":"Um pouco da minha hist\u00f3ria, desde ser um mau aluno na escola at\u00e9 ser aprovado em primeiro lugar com 99% de acertos em um Concurso P\u00fablico.","og_url":"https:\/\/www.estrategiaconcursos.com.br\/blog\/larguei-o-ensino-medio-fiz-supletivo-faculdade-a-distancia-e-fui-aprovado-em-primeiro-lugar-com-99-de-acertos\/","og_site_name":"Estrat\u00e9gia Concursos","article_published_time":"2019-06-10T15:00:26+00:00","article_modified_time":"2020-05-06T04:05:54+00:00","author":"Henrique Insaurriaga Antunez","twitter_card":"summary_large_image","twitter_creator":"@EstratConcursos","twitter_site":"@EstratConcursos","twitter_misc":{"Escrito por":"Henrique Insaurriaga Antunez","Est. tempo de leitura":"8 minutos"},"schema":{"@context":"https:\/\/schema.org","@graph":[{"@type":"NewsArticle","@id":"https:\/\/www.estrategiaconcursos.com.br\/blog\/larguei-o-ensino-medio-fiz-supletivo-faculdade-a-distancia-e-fui-aprovado-em-primeiro-lugar-com-99-de-acertos\/#article","isPartOf":{"@id":"https:\/\/www.estrategiaconcursos.com.br\/blog\/larguei-o-ensino-medio-fiz-supletivo-faculdade-a-distancia-e-fui-aprovado-em-primeiro-lugar-com-99-de-acertos\/"},"author":{"name":"Henrique Insaurriaga Antunez","@id":"https:\/\/www.estrategiaconcursos.com.br\/blog\/#\/schema\/person\/9bfe952df10607052371bf00fdfdc926"},"headline":"Larguei o ensino m\u00e9dio, fiz supletivo, faculdade a dist\u00e2ncia, e fui aprovado em primeiro lugar com 99% de acertos.","datePublished":"2019-06-10T15:00:26+00:00","dateModified":"2020-05-06T04:05:54+00:00","mainEntityOfPage":{"@id":"https:\/\/www.estrategiaconcursos.com.br\/blog\/larguei-o-ensino-medio-fiz-supletivo-faculdade-a-distancia-e-fui-aprovado-em-primeiro-lugar-com-99-de-acertos\/"},"wordCount":1712,"commentCount":15,"publisher":{"@id":"https:\/\/www.estrategiaconcursos.com.br\/blog\/#organization"},"keywords":["aprova\u00e7\u00e3o em concurso p\u00fablico","Motiva\u00e7\u00e3o para Concursos"],"articleSection":["Concursos P\u00fablicos","Policial (Agente, Escriv\u00e3o e Investigador)"],"inLanguage":"pt-BR","potentialAction":[{"@type":"CommentAction","name":"Comment","target":["https:\/\/www.estrategiaconcursos.com.br\/blog\/larguei-o-ensino-medio-fiz-supletivo-faculdade-a-distancia-e-fui-aprovado-em-primeiro-lugar-com-99-de-acertos\/#respond"]}],"copyrightYear":"2019","copyrightHolder":{"@id":"https:\/\/www.estrategiaconcursos.com.br\/blog\/#organization"}},{"@type":"WebPage","@id":"https:\/\/www.estrategiaconcursos.com.br\/blog\/larguei-o-ensino-medio-fiz-supletivo-faculdade-a-distancia-e-fui-aprovado-em-primeiro-lugar-com-99-de-acertos\/","url":"https:\/\/www.estrategiaconcursos.com.br\/blog\/larguei-o-ensino-medio-fiz-supletivo-faculdade-a-distancia-e-fui-aprovado-em-primeiro-lugar-com-99-de-acertos\/","name":"Larguei o ensino m\u00e9dio, fiz supletivo, faculdade a dist\u00e2ncia, e fui aprovado em primeiro lugar com 99% de acertos.","isPartOf":{"@id":"https:\/\/www.estrategiaconcursos.com.br\/blog\/#website"},"datePublished":"2019-06-10T15:00:26+00:00","dateModified":"2020-05-06T04:05:54+00:00","description":"Um pouco da minha hist\u00f3ria, desde ser um mau aluno na escola at\u00e9 ser aprovado em primeiro lugar com 99% de acertos em um Concurso P\u00fablico.","breadcrumb":{"@id":"https:\/\/www.estrategiaconcursos.com.br\/blog\/larguei-o-ensino-medio-fiz-supletivo-faculdade-a-distancia-e-fui-aprovado-em-primeiro-lugar-com-99-de-acertos\/#breadcrumb"},"inLanguage":"pt-BR","potentialAction":[{"@type":"ReadAction","target":["https:\/\/www.estrategiaconcursos.com.br\/blog\/larguei-o-ensino-medio-fiz-supletivo-faculdade-a-distancia-e-fui-aprovado-em-primeiro-lugar-com-99-de-acertos\/"]}]},{"@type":"BreadcrumbList","@id":"https:\/\/www.estrategiaconcursos.com.br\/blog\/larguei-o-ensino-medio-fiz-supletivo-faculdade-a-distancia-e-fui-aprovado-em-primeiro-lugar-com-99-de-acertos\/#breadcrumb","itemListElement":[{"@type":"ListItem","position":1,"name":"In\u00edcio","item":"https:\/\/www.estrategiaconcursos.com.br\/blog\/"},{"@type":"ListItem","position":2,"name":"Larguei o ensino m\u00e9dio, fiz supletivo, faculdade a dist\u00e2ncia, e fui aprovado em primeiro lugar com 99% de acertos."}]},{"@type":"WebSite","@id":"https:\/\/www.estrategiaconcursos.com.br\/blog\/#website","url":"https:\/\/www.estrategiaconcursos.com.br\/blog\/","name":"Estrat\u00e9gia Concursos","description":"O blog da Estrat\u00e9gia Concursos traz not\u00edcias sobre concursos e artigos de professores oferecendo cursos para concursos (pdf + videaulas) no site.","publisher":{"@id":"https:\/\/www.estrategiaconcursos.com.br\/blog\/#organization"},"potentialAction":[{"@type":"SearchAction","target":{"@type":"EntryPoint","urlTemplate":"https:\/\/www.estrategiaconcursos.com.br\/blog\/?s={search_term_string}"},"query-input":{"@type":"PropertyValueSpecification","valueRequired":true,"valueName":"search_term_string"}}],"inLanguage":"pt-BR"},{"@type":"Organization","@id":"https:\/\/www.estrategiaconcursos.com.br\/blog\/#organization","name":"Estrat\u00e9gia Concursos","url":"https:\/\/www.estrategiaconcursos.com.br\/blog\/","logo":{"@type":"ImageObject","inLanguage":"pt-BR","@id":"https:\/\/www.estrategiaconcursos.com.br\/blog\/#\/schema\/logo\/image\/","url":"https:\/\/dhg1h5j42swfq.cloudfront.net\/2025\/06\/03203428\/logo_concursos-1.jpg","contentUrl":"https:\/\/dhg1h5j42swfq.cloudfront.net\/2025\/06\/03203428\/logo_concursos-1.jpg","width":230,"height":60,"caption":"Estrat\u00e9gia Concursos"},"image":{"@id":"https:\/\/www.estrategiaconcursos.com.br\/blog\/#\/schema\/logo\/image\/"},"sameAs":["https:\/\/x.com\/EstratConcursos"]},{"@type":"Person","@id":"https:\/\/www.estrategiaconcursos.com.br\/blog\/#\/schema\/person\/9bfe952df10607052371bf00fdfdc926","name":"Henrique Insaurriaga Antunez","image":{"@type":"ImageObject","inLanguage":"pt-BR","@id":"https:\/\/secure.gravatar.com\/avatar\/bfcbd9e9ac01f2b04e87640380da8698536693ef3ca166542feb2a237fb6e64d?s=96&d=mm&r=g","url":"https:\/\/secure.gravatar.com\/avatar\/bfcbd9e9ac01f2b04e87640380da8698536693ef3ca166542feb2a237fb6e64d?s=96&d=mm&r=g","contentUrl":"https:\/\/secure.gravatar.com\/avatar\/bfcbd9e9ac01f2b04e87640380da8698536693ef3ca166542feb2a237fb6e64d?s=96&d=mm&r=g","caption":"Henrique Insaurriaga Antunez"},"url":"https:\/\/www.estrategiaconcursos.com.br\/blog\/author\/henriqueantunezyahoo-com-br\/"}]}},"_links":{"self":[{"href":"https:\/\/www.estrategiaconcursos.com.br\/blog\/wp-json\/wp\/v2\/posts\/385619","targetHints":{"allow":["GET"]}}],"collection":[{"href":"https:\/\/www.estrategiaconcursos.com.br\/blog\/wp-json\/wp\/v2\/posts"}],"about":[{"href":"https:\/\/www.estrategiaconcursos.com.br\/blog\/wp-json\/wp\/v2\/types\/post"}],"author":[{"embeddable":true,"href":"https:\/\/www.estrategiaconcursos.com.br\/blog\/wp-json\/wp\/v2\/users\/1189"}],"replies":[{"embeddable":true,"href":"https:\/\/www.estrategiaconcursos.com.br\/blog\/wp-json\/wp\/v2\/comments?post=385619"}],"version-history":[{"count":15,"href":"https:\/\/www.estrategiaconcursos.com.br\/blog\/wp-json\/wp\/v2\/posts\/385619\/revisions"}],"predecessor-version":[{"id":511069,"href":"https:\/\/www.estrategiaconcursos.com.br\/blog\/wp-json\/wp\/v2\/posts\/385619\/revisions\/511069"}],"wp:attachment":[{"href":"https:\/\/www.estrategiaconcursos.com.br\/blog\/wp-json\/wp\/v2\/media?parent=385619"}],"wp:term":[{"taxonomy":"category","embeddable":true,"href":"https:\/\/www.estrategiaconcursos.com.br\/blog\/wp-json\/wp\/v2\/categories?post=385619"},{"taxonomy":"post_tag","embeddable":true,"href":"https:\/\/www.estrategiaconcursos.com.br\/blog\/wp-json\/wp\/v2\/tags?post=385619"},{"taxonomy":"tax_estado","embeddable":true,"href":"https:\/\/www.estrategiaconcursos.com.br\/blog\/wp-json\/wp\/v2\/tax_estado?post=385619"}],"curies":[{"name":"wp","href":"https:\/\/api.w.org\/{rel}","templated":true}]}}