{"id":385537,"date":"2019-06-11T17:00:04","date_gmt":"2019-06-11T20:00:04","guid":{"rendered":"https:\/\/www.estrategiaconcursos.com.br\/blog\/?p=385537"},"modified":"2019-06-11T17:05:44","modified_gmt":"2019-06-11T20:05:44","slug":"sempre-havera-necessidade-de-concurso","status":"publish","type":"post","link":"https:\/\/www.estrategiaconcursos.com.br\/blog\/sempre-havera-necessidade-de-concurso\/","title":{"rendered":"&#8216;Sempre haver\u00e1 necessidade de concurso&#8217;, diz Secret\u00e1rio do Minist\u00e9rio da Economia"},"content":{"rendered":"\n<p style=\"font-size:25px\"><em>Secret\u00e1rio fala sobre decreto e avalia o quadro de servidores do Executivo Federal<\/em><\/p>\n\n\n\n<p><em>&#8220;Sempre haver\u00e1 necessidade de concurso&#8221;.<\/em> Essa foi a declara\u00e7\u00e3o do secret\u00e1rio de Gest\u00e3o e Desempenho de Pessoal do Minist\u00e9rio da Economia, Wagner Lenhart, concedida em entrevista exclusiva ao Correio Brasiliense. Na oportunidade, o secret\u00e1rio falou sobre o decreto que institui regras para a realiza\u00e7\u00e3o e autoriza\u00e7\u00e3o de Concursos P\u00fablicos no Executivo Federal e sobre o atual quadro de servidores.<\/p>\n\n\n\n<p>Segundo ele, a suspens\u00e3o dos concursos de que trata o ministro Paulo Guedes se deve a restri\u00e7\u00f5es or\u00e7ament\u00e1rias bem como a inviabilidade de reposi\u00e7\u00f5es por conta de pautas que ainda est\u00e3o em defini\u00e7\u00e3o, como a Reforma da Previd\u00eancia. Mas garantiu que os concursos n\u00e3o deixar\u00e3o de acontecer e que as sele\u00e7\u00f5es de novos servidores devem ser realizadas de forma estrat\u00e9gica pensando no retorno aos servi\u00e7os p\u00fablicos.<\/p>\n\n\n\n<p><em>&#8220;Sempre vai haver a necessidade. [&#8230;] concurso p\u00fablico, neste ano e no ano que vem, s\u00f3 em car\u00e1ter excepcional. Se realmente n\u00e3o houver outra alternativa e a necessidade de repor o quadro for premente, se n\u00e3o tiver como postergar&#8221;, garantiu o secret\u00e1rio durante a entrevista.<\/em><\/p>\n\n\n\n<p>Na semana passada, durante debate sobre a Reforma da Previd\u00eancia na C\u00e2mara Federal, <span style=\"text-decoration: underline;\"><em><a href=\"https:\/\/www.estrategiaconcursos.com.br\/blog\/concursos-2019-guedes-diz-que-suspendera-concursos\/\" target=\"_blank\" rel=\"noreferrer noopener\" aria-label=\"o ministro Paulo Guedes voltou dizer que o governo suspendeu a realiza\u00e7\u00e3o de concursos p\u00fablicos (abre numa nova aba)\">o ministro Paulo Guedes voltou dizer que o governo suspendeu a realiza\u00e7\u00e3o de concursos p\u00fablicos<\/a><\/em><\/span>. De acordo com o ministro, os governos anteriores contrataram servidores p\u00fablicos em excesso e concederam muitos reajustes salariais.<\/p>\n\n\n\n<p>Segundo o que disse em entrevista ao Correio Brasiliense, o secret\u00e1rio do Minist\u00e9rio da Economia falou que a proposta do governo \u00e9 contratar novos servidores de forma estrat\u00e9gica, em fun\u00e7\u00f5es que realmente s\u00e3o necess\u00e1rias.<\/p>\n\n\n\n<p><em>&#8220;A ideia \u00e9 repor vagas nas carreiras que necessitam ter uma vincula\u00e7\u00e3o permanente com o servi\u00e7o p\u00fablico, em fun\u00e7\u00e3o da sua import\u00e2ncia, do grau de responsabilidade que tem, da diferen\u00e7a que faz na presta\u00e7\u00e3o do servi\u00e7o para a popula\u00e7\u00e3o&#8221;<\/em>, disse o secret\u00e1rio.<\/p>\n\n\n\n<p>O Secret\u00e1rio n\u00e3o citou, mas um exemplo claro \u00e9 a realidade do Instituto Nacional de Seguridade Social, o INSS. Atualmente, o \u00f3rg\u00e3o possui uma car\u00eancia muito grande de servidores. S\u00e3o mais de 19 mil cargos vagos, mais de 3 mil servidores j\u00e1 aposentados em 2019 e uma previs\u00e3o de 10 mil aposentadorias at\u00e9 o final do ano.<\/p>\n\n\n\n<p>O prazo para que o Minist\u00e9rio da Economia apresente as provid\u00eancias que devem ser tomadas para a realiza\u00e7\u00e3o de um novo <span style=\"text-decoration: underline;\"><em><a rel=\"noreferrer noopener\" aria-label=\"concurso INSS (abre numa nova aba)\" href=\"https:\/\/www.estrategiaconcursos.com.br\/blog\/concurso-inss-2\" target=\"_blank\">concurso para o INSS<\/a><\/em><\/span> chega ao fim no pr\u00f3ximo dia 11 de junho, ter\u00e7a-feira. Na recomenda\u00e7\u00e3o enviada ainda no fim do m\u00eas de abril, o MPF deu um prazo de 30 dias \u00fateis para que a pasta autorizasse a realiza\u00e7\u00e3o do concurso INSS.<\/p>\n\n\n\n<p>Conforme o que disse Wagner Lenhar, a suspens\u00e3o dos concursos se deve muito ao fato de o governo querer assegurar recursos em carreiras que fazem a diferen\u00e7a na presta\u00e7\u00e3o de servi\u00e7o para a popula\u00e7\u00e3o e na manuten\u00e7\u00e3o do bom gerenciamento da m\u00e1quina p\u00fablica.<\/p>\n\n\n\n<p><em>&#8220;Sabemos que tem muitas carreiras que, no futuro, precisar\u00e3o fazer a reposi\u00e7\u00e3o. O que a gente tem que fazer agora \u00e9 dar as condi\u00e7\u00f5es para que, no futuro, a gente possa voltar a contratar. Mas repito, com crit\u00e9rio, muita cautela e naquelas posi\u00e7\u00f5es que realmente v\u00e3o fazer a diferen\u00e7a&#8221;<\/em>, disse.<\/p>\n\n\n\n<p>Ao falar do decreto que estabelece <span style=\"text-decoration: underline;\"><em><a href=\"https:\/\/www.estrategiaconcursos.com.br\/blog\/concursos-publicos-decreto\/\" target=\"_blank\" rel=\"noreferrer noopener\" aria-label=\"normas para realiza\u00e7\u00e3o e autoriza\u00e7\u00e3o de concursos p\u00fablicos (abre numa nova aba)\">normas para realiza\u00e7\u00e3o e autoriza\u00e7\u00e3o de concursos p\u00fablicos<\/a><\/em><\/span>, o secret\u00e1rio Wagner Lenhar, contou que o dispositivo estabelece uma s\u00e9rie de crit\u00e9rios e requisitos para os \u00f3rg\u00e3os apresentarem o requerimento de concurso p\u00fablico.<em> &#8220;S\u00e3o 14 itens que a gente relacionou dentro desse decreto, para que a gente possa tomar a decis\u00e3o de deferir, indeferir a reposi\u00e7\u00e3o do quadro desses \u00f3rg\u00e3os&#8221;<\/em>, disse.<\/p>\n\n\n\n<p style=\"font-size:25px;text-align:center\" class=\"has-background has-luminous-vivid-amber-background-color\">INFORMA\u00c7\u00d5ES &#8211; <span style=\"text-decoration: underline;\"><a rel=\"noreferrer noopener\" aria-label=\"Concursos 2019 (abre numa nova aba)\" href=\"https:\/\/www.estrategiaconcursos.com.br\/blog\/concursos-2019\/\" target=\"_blank\">Concursos 2019<\/a><\/span><\/p>\n\n\n\n<p style=\"font-size:25px;text-align:center\" class=\"has-background has-pale-cyan-blue-background-color\">INFORMA\u00c7\u00d5ES &#8211; <span style=\"text-decoration: underline;\"><a rel=\"noreferrer noopener\" aria-label=\"Concursos 2020 (abre numa nova aba)\" href=\"https:\/\/www.estrategiaconcursos.com.br\/blog\/concursos-2020\" target=\"_blank\">Concursos 2020<\/a><\/span><\/p>\n\n\n\n<p>Instragram: <span style=\"text-decoration: underline;\"><a href=\"https:\/\/www.instagram.com\/jornalistadeconcursos\/\" target=\"_blank\" rel=\"noreferrer noopener\" aria-label=\"@jornalistadeconcursos (abre numa nova aba)\">@jornalistadeconcursos<\/a><\/span><\/p>\n\n\n\n<p><em>*Com informa\u00e7\u00f5es do Correio Brasiliense.<\/em><\/p>\n","protected":false},"excerpt":{"rendered":"<p>Secret\u00e1rio fala sobre decreto e avalia o quadro de servidores do Executivo Federal &#8220;Sempre haver\u00e1 necessidade de concurso&#8221;. Essa foi a declara\u00e7\u00e3o do secret\u00e1rio de Gest\u00e3o e Desempenho de Pessoal do Minist\u00e9rio da Economia, Wagner Lenhart, concedida em entrevista exclusiva ao Correio Brasiliense. Na oportunidade, o secret\u00e1rio falou sobre o decreto que institui regras para [&hellip;]<\/p>\n","protected":false},"author":1,"featured_media":385552,"comment_status":"open","ping_status":"closed","sticky":false,"template":"","format":"standard","meta":{"post_tipo":"news","footnotes":""},"categories":[1],"tags":[],"tax_estado":[],"class_list":["post-385537","post","type-post","status-publish","format-standard","has-post-thumbnail","hentry","category-cursos-e-concursos"],"acf":[],"yoast_head":"<!-- This site is optimized with the Yoast SEO Premium plugin v27.2 (Yoast SEO v27.2) - https:\/\/yoast.com\/product\/yoast-seo-premium-wordpress\/ -->\n<title>&#039;Sempre haver\u00e1 necessidade de concurso&#039;, diz Secret\u00e1rio do Minist\u00e9rio da Economia<\/title>\n<meta name=\"robots\" content=\"index, follow, max-snippet:-1, max-image-preview:large, max-video-preview:-1\" \/>\n<link rel=\"canonical\" href=\"https:\/\/www.estrategiaconcursos.com.br\/blog\/sempre-havera-necessidade-de-concurso\/\" \/>\n<meta property=\"og:locale\" content=\"pt_BR\" \/>\n<meta property=\"og:type\" content=\"article\" \/>\n<meta property=\"og:title\" content=\"&#039;Sempre haver\u00e1 necessidade de concurso&#039;, diz Secret\u00e1rio do Minist\u00e9rio da Economia\" \/>\n<meta property=\"og:description\" content=\"Secret\u00e1rio fala sobre decreto e avalia o quadro de servidores do Executivo Federal &#8220;Sempre haver\u00e1 necessidade de concurso&#8221;. Essa foi a declara\u00e7\u00e3o do secret\u00e1rio de Gest\u00e3o e Desempenho de Pessoal do Minist\u00e9rio da Economia, Wagner Lenhart, concedida em entrevista exclusiva ao Correio Brasiliense. Na oportunidade, o secret\u00e1rio falou sobre o decreto que institui regras para [&hellip;]\" \/>\n<meta property=\"og:url\" content=\"https:\/\/www.estrategiaconcursos.com.br\/blog\/sempre-havera-necessidade-de-concurso\/\" \/>\n<meta property=\"og:site_name\" content=\"Estrat\u00e9gia Concursos\" \/>\n<meta property=\"article:author\" content=\"https:\/\/www.facebook.com\/EstrategiaConcursos\" \/>\n<meta property=\"article:published_time\" content=\"2019-06-11T20:00:04+00:00\" \/>\n<meta property=\"article:modified_time\" content=\"2019-06-11T20:05:44+00:00\" \/>\n<meta property=\"og:image\" content=\"https:\/\/dhg1h5j42swfq.cloudfront.net\/2019\/06\/08173350\/Wagner-Lenhart.jpg\" \/>\n\t<meta property=\"og:image:width\" content=\"1280\" \/>\n\t<meta property=\"og:image:height\" content=\"720\" \/>\n\t<meta property=\"og:image:type\" content=\"image\/jpeg\" \/>\n<meta name=\"author\" content=\"Coordena\u00e7\u00e3o\" \/>\n<meta name=\"twitter:card\" content=\"summary_large_image\" \/>\n<meta name=\"twitter:creator\" content=\"@EstratConcursos\" \/>\n<meta name=\"twitter:site\" content=\"@EstratConcursos\" \/>\n<meta name=\"twitter:label1\" content=\"Escrito por\" \/>\n\t<meta name=\"twitter:data1\" content=\"Coordena\u00e7\u00e3o\" \/>\n\t<meta name=\"twitter:label2\" content=\"Est. tempo de leitura\" \/>\n\t<meta name=\"twitter:data2\" content=\"3 minutos\" \/>\n<script type=\"application\/ld+json\" class=\"yoast-schema-graph\">{\"@context\":\"https:\/\/schema.org\",\"@graph\":[{\"@type\":\"NewsArticle\",\"@id\":\"https:\/\/www.estrategiaconcursos.com.br\/blog\/sempre-havera-necessidade-de-concurso\/#article\",\"isPartOf\":{\"@id\":\"https:\/\/www.estrategiaconcursos.com.br\/blog\/sempre-havera-necessidade-de-concurso\/\"},\"author\":{\"name\":\"Coordena\u00e7\u00e3o\",\"@id\":\"https:\/\/www.estrategiaconcursos.com.br\/blog\/#\/schema\/person\/b4a388c97673c5f483d72185668afa1f\"},\"headline\":\"&#8216;Sempre haver\u00e1 necessidade de concurso&#8217;, diz Secret\u00e1rio do Minist\u00e9rio da Economia\",\"datePublished\":\"2019-06-11T20:00:04+00:00\",\"dateModified\":\"2019-06-11T20:05:44+00:00\",\"mainEntityOfPage\":{\"@id\":\"https:\/\/www.estrategiaconcursos.com.br\/blog\/sempre-havera-necessidade-de-concurso\/\"},\"wordCount\":692,\"commentCount\":0,\"publisher\":{\"@id\":\"https:\/\/www.estrategiaconcursos.com.br\/blog\/#organization\"},\"image\":{\"@id\":\"https:\/\/www.estrategiaconcursos.com.br\/blog\/sempre-havera-necessidade-de-concurso\/#primaryimage\"},\"thumbnailUrl\":\"https:\/\/dhg1h5j42swfq.cloudfront.net\/2019\/06\/08173350\/Wagner-Lenhart.jpg\",\"articleSection\":[\"Concursos P\u00fablicos\"],\"inLanguage\":\"pt-BR\",\"potentialAction\":[{\"@type\":\"CommentAction\",\"name\":\"Comment\",\"target\":[\"https:\/\/www.estrategiaconcursos.com.br\/blog\/sempre-havera-necessidade-de-concurso\/#respond\"]}],\"copyrightYear\":\"2019\",\"copyrightHolder\":{\"@id\":\"https:\/\/www.estrategiaconcursos.com.br\/blog\/#organization\"}},{\"@type\":\"WebPage\",\"@id\":\"https:\/\/www.estrategiaconcursos.com.br\/blog\/sempre-havera-necessidade-de-concurso\/\",\"url\":\"https:\/\/www.estrategiaconcursos.com.br\/blog\/sempre-havera-necessidade-de-concurso\/\",\"name\":\"'Sempre haver\u00e1 necessidade de concurso', diz Secret\u00e1rio do Minist\u00e9rio da Economia\",\"isPartOf\":{\"@id\":\"https:\/\/www.estrategiaconcursos.com.br\/blog\/#website\"},\"primaryImageOfPage\":{\"@id\":\"https:\/\/www.estrategiaconcursos.com.br\/blog\/sempre-havera-necessidade-de-concurso\/#primaryimage\"},\"image\":{\"@id\":\"https:\/\/www.estrategiaconcursos.com.br\/blog\/sempre-havera-necessidade-de-concurso\/#primaryimage\"},\"thumbnailUrl\":\"https:\/\/dhg1h5j42swfq.cloudfront.net\/2019\/06\/08173350\/Wagner-Lenhart.jpg\",\"datePublished\":\"2019-06-11T20:00:04+00:00\",\"dateModified\":\"2019-06-11T20:05:44+00:00\",\"breadcrumb\":{\"@id\":\"https:\/\/www.estrategiaconcursos.com.br\/blog\/sempre-havera-necessidade-de-concurso\/#breadcrumb\"},\"inLanguage\":\"pt-BR\",\"potentialAction\":[{\"@type\":\"ReadAction\",\"target\":[\"https:\/\/www.estrategiaconcursos.com.br\/blog\/sempre-havera-necessidade-de-concurso\/\"]}]},{\"@type\":\"ImageObject\",\"inLanguage\":\"pt-BR\",\"@id\":\"https:\/\/www.estrategiaconcursos.com.br\/blog\/sempre-havera-necessidade-de-concurso\/#primaryimage\",\"url\":\"https:\/\/dhg1h5j42swfq.cloudfront.net\/2019\/06\/08173350\/Wagner-Lenhart.jpg\",\"contentUrl\":\"https:\/\/dhg1h5j42swfq.cloudfront.net\/2019\/06\/08173350\/Wagner-Lenhart.jpg\",\"width\":1280,\"height\":720},{\"@type\":\"BreadcrumbList\",\"@id\":\"https:\/\/www.estrategiaconcursos.com.br\/blog\/sempre-havera-necessidade-de-concurso\/#breadcrumb\",\"itemListElement\":[{\"@type\":\"ListItem\",\"position\":1,\"name\":\"In\u00edcio\",\"item\":\"https:\/\/www.estrategiaconcursos.com.br\/blog\/\"},{\"@type\":\"ListItem\",\"position\":2,\"name\":\"&#8216;Sempre haver\u00e1 necessidade de concurso&#8217;, diz Secret\u00e1rio do Minist\u00e9rio da Economia\"}]},{\"@type\":\"WebSite\",\"@id\":\"https:\/\/www.estrategiaconcursos.com.br\/blog\/#website\",\"url\":\"https:\/\/www.estrategiaconcursos.com.br\/blog\/\",\"name\":\"Estrat\u00e9gia Concursos\",\"description\":\"O blog da Estrat\u00e9gia Concursos traz not\u00edcias sobre concursos e artigos de professores oferecendo cursos para concursos (pdf + videaulas) no site.\",\"publisher\":{\"@id\":\"https:\/\/www.estrategiaconcursos.com.br\/blog\/#organization\"},\"potentialAction\":[{\"@type\":\"SearchAction\",\"target\":{\"@type\":\"EntryPoint\",\"urlTemplate\":\"https:\/\/www.estrategiaconcursos.com.br\/blog\/?s={search_term_string}\"},\"query-input\":{\"@type\":\"PropertyValueSpecification\",\"valueRequired\":true,\"valueName\":\"search_term_string\"}}],\"inLanguage\":\"pt-BR\"},{\"@type\":\"Organization\",\"@id\":\"https:\/\/www.estrategiaconcursos.com.br\/blog\/#organization\",\"name\":\"Estrat\u00e9gia Concursos\",\"url\":\"https:\/\/www.estrategiaconcursos.com.br\/blog\/\",\"logo\":{\"@type\":\"ImageObject\",\"inLanguage\":\"pt-BR\",\"@id\":\"https:\/\/www.estrategiaconcursos.com.br\/blog\/#\/schema\/logo\/image\/\",\"url\":\"https:\/\/dhg1h5j42swfq.cloudfront.net\/2025\/06\/03203428\/logo_concursos-1.jpg\",\"contentUrl\":\"https:\/\/dhg1h5j42swfq.cloudfront.net\/2025\/06\/03203428\/logo_concursos-1.jpg\",\"width\":230,\"height\":60,\"caption\":\"Estrat\u00e9gia Concursos\"},\"image\":{\"@id\":\"https:\/\/www.estrategiaconcursos.com.br\/blog\/#\/schema\/logo\/image\/\"},\"sameAs\":[\"https:\/\/x.com\/EstratConcursos\"]},{\"@type\":\"Person\",\"@id\":\"https:\/\/www.estrategiaconcursos.com.br\/blog\/#\/schema\/person\/b4a388c97673c5f483d72185668afa1f\",\"name\":\"Coordena\u00e7\u00e3o\",\"image\":{\"@type\":\"ImageObject\",\"inLanguage\":\"pt-BR\",\"@id\":\"https:\/\/secure.gravatar.com\/avatar\/b720319e4c9a967eb58678d110f4fe35452fc5d5f97b202bac7b8acceb18c6ad?s=96&d=mm&r=g\",\"url\":\"https:\/\/secure.gravatar.com\/avatar\/b720319e4c9a967eb58678d110f4fe35452fc5d5f97b202bac7b8acceb18c6ad?s=96&d=mm&r=g\",\"contentUrl\":\"https:\/\/secure.gravatar.com\/avatar\/b720319e4c9a967eb58678d110f4fe35452fc5d5f97b202bac7b8acceb18c6ad?s=96&d=mm&r=g\",\"caption\":\"Coordena\u00e7\u00e3o\"},\"sameAs\":[\"https:\/\/www.facebook.com\/EstrategiaConcursos\",\"https:\/\/x.com\/EstratConcursos\"],\"url\":\"https:\/\/www.estrategiaconcursos.com.br\/blog\/author\/estrategia2013\/\"}]}<\/script>\n<!-- \/ Yoast SEO Premium plugin. -->","yoast_head_json":{"title":"'Sempre haver\u00e1 necessidade de concurso', diz Secret\u00e1rio do Minist\u00e9rio da Economia","robots":{"index":"index","follow":"follow","max-snippet":"max-snippet:-1","max-image-preview":"max-image-preview:large","max-video-preview":"max-video-preview:-1"},"canonical":"https:\/\/www.estrategiaconcursos.com.br\/blog\/sempre-havera-necessidade-de-concurso\/","og_locale":"pt_BR","og_type":"article","og_title":"'Sempre haver\u00e1 necessidade de concurso', diz Secret\u00e1rio do Minist\u00e9rio da Economia","og_description":"Secret\u00e1rio fala sobre decreto e avalia o quadro de servidores do Executivo Federal &#8220;Sempre haver\u00e1 necessidade de concurso&#8221;. Essa foi a declara\u00e7\u00e3o do secret\u00e1rio de Gest\u00e3o e Desempenho de Pessoal do Minist\u00e9rio da Economia, Wagner Lenhart, concedida em entrevista exclusiva ao Correio Brasiliense. Na oportunidade, o secret\u00e1rio falou sobre o decreto que institui regras para [&hellip;]","og_url":"https:\/\/www.estrategiaconcursos.com.br\/blog\/sempre-havera-necessidade-de-concurso\/","og_site_name":"Estrat\u00e9gia Concursos","article_author":"https:\/\/www.facebook.com\/EstrategiaConcursos","article_published_time":"2019-06-11T20:00:04+00:00","article_modified_time":"2019-06-11T20:05:44+00:00","og_image":[{"width":1280,"height":720,"url":"https:\/\/dhg1h5j42swfq.cloudfront.net\/2019\/06\/08173350\/Wagner-Lenhart.jpg","type":"image\/jpeg"}],"author":"Coordena\u00e7\u00e3o","twitter_card":"summary_large_image","twitter_creator":"@EstratConcursos","twitter_site":"@EstratConcursos","twitter_misc":{"Escrito por":"Coordena\u00e7\u00e3o","Est. tempo de leitura":"3 minutos"},"schema":{"@context":"https:\/\/schema.org","@graph":[{"@type":"NewsArticle","@id":"https:\/\/www.estrategiaconcursos.com.br\/blog\/sempre-havera-necessidade-de-concurso\/#article","isPartOf":{"@id":"https:\/\/www.estrategiaconcursos.com.br\/blog\/sempre-havera-necessidade-de-concurso\/"},"author":{"name":"Coordena\u00e7\u00e3o","@id":"https:\/\/www.estrategiaconcursos.com.br\/blog\/#\/schema\/person\/b4a388c97673c5f483d72185668afa1f"},"headline":"&#8216;Sempre haver\u00e1 necessidade de concurso&#8217;, diz Secret\u00e1rio do Minist\u00e9rio da Economia","datePublished":"2019-06-11T20:00:04+00:00","dateModified":"2019-06-11T20:05:44+00:00","mainEntityOfPage":{"@id":"https:\/\/www.estrategiaconcursos.com.br\/blog\/sempre-havera-necessidade-de-concurso\/"},"wordCount":692,"commentCount":0,"publisher":{"@id":"https:\/\/www.estrategiaconcursos.com.br\/blog\/#organization"},"image":{"@id":"https:\/\/www.estrategiaconcursos.com.br\/blog\/sempre-havera-necessidade-de-concurso\/#primaryimage"},"thumbnailUrl":"https:\/\/dhg1h5j42swfq.cloudfront.net\/2019\/06\/08173350\/Wagner-Lenhart.jpg","articleSection":["Concursos P\u00fablicos"],"inLanguage":"pt-BR","potentialAction":[{"@type":"CommentAction","name":"Comment","target":["https:\/\/www.estrategiaconcursos.com.br\/blog\/sempre-havera-necessidade-de-concurso\/#respond"]}],"copyrightYear":"2019","copyrightHolder":{"@id":"https:\/\/www.estrategiaconcursos.com.br\/blog\/#organization"}},{"@type":"WebPage","@id":"https:\/\/www.estrategiaconcursos.com.br\/blog\/sempre-havera-necessidade-de-concurso\/","url":"https:\/\/www.estrategiaconcursos.com.br\/blog\/sempre-havera-necessidade-de-concurso\/","name":"'Sempre haver\u00e1 necessidade de concurso', diz Secret\u00e1rio do Minist\u00e9rio da Economia","isPartOf":{"@id":"https:\/\/www.estrategiaconcursos.com.br\/blog\/#website"},"primaryImageOfPage":{"@id":"https:\/\/www.estrategiaconcursos.com.br\/blog\/sempre-havera-necessidade-de-concurso\/#primaryimage"},"image":{"@id":"https:\/\/www.estrategiaconcursos.com.br\/blog\/sempre-havera-necessidade-de-concurso\/#primaryimage"},"thumbnailUrl":"https:\/\/dhg1h5j42swfq.cloudfront.net\/2019\/06\/08173350\/Wagner-Lenhart.jpg","datePublished":"2019-06-11T20:00:04+00:00","dateModified":"2019-06-11T20:05:44+00:00","breadcrumb":{"@id":"https:\/\/www.estrategiaconcursos.com.br\/blog\/sempre-havera-necessidade-de-concurso\/#breadcrumb"},"inLanguage":"pt-BR","potentialAction":[{"@type":"ReadAction","target":["https:\/\/www.estrategiaconcursos.com.br\/blog\/sempre-havera-necessidade-de-concurso\/"]}]},{"@type":"ImageObject","inLanguage":"pt-BR","@id":"https:\/\/www.estrategiaconcursos.com.br\/blog\/sempre-havera-necessidade-de-concurso\/#primaryimage","url":"https:\/\/dhg1h5j42swfq.cloudfront.net\/2019\/06\/08173350\/Wagner-Lenhart.jpg","contentUrl":"https:\/\/dhg1h5j42swfq.cloudfront.net\/2019\/06\/08173350\/Wagner-Lenhart.jpg","width":1280,"height":720},{"@type":"BreadcrumbList","@id":"https:\/\/www.estrategiaconcursos.com.br\/blog\/sempre-havera-necessidade-de-concurso\/#breadcrumb","itemListElement":[{"@type":"ListItem","position":1,"name":"In\u00edcio","item":"https:\/\/www.estrategiaconcursos.com.br\/blog\/"},{"@type":"ListItem","position":2,"name":"&#8216;Sempre haver\u00e1 necessidade de concurso&#8217;, diz Secret\u00e1rio do Minist\u00e9rio da Economia"}]},{"@type":"WebSite","@id":"https:\/\/www.estrategiaconcursos.com.br\/blog\/#website","url":"https:\/\/www.estrategiaconcursos.com.br\/blog\/","name":"Estrat\u00e9gia Concursos","description":"O blog da Estrat\u00e9gia Concursos traz not\u00edcias sobre concursos e artigos de professores oferecendo cursos para concursos (pdf + videaulas) no site.","publisher":{"@id":"https:\/\/www.estrategiaconcursos.com.br\/blog\/#organization"},"potentialAction":[{"@type":"SearchAction","target":{"@type":"EntryPoint","urlTemplate":"https:\/\/www.estrategiaconcursos.com.br\/blog\/?s={search_term_string}"},"query-input":{"@type":"PropertyValueSpecification","valueRequired":true,"valueName":"search_term_string"}}],"inLanguage":"pt-BR"},{"@type":"Organization","@id":"https:\/\/www.estrategiaconcursos.com.br\/blog\/#organization","name":"Estrat\u00e9gia Concursos","url":"https:\/\/www.estrategiaconcursos.com.br\/blog\/","logo":{"@type":"ImageObject","inLanguage":"pt-BR","@id":"https:\/\/www.estrategiaconcursos.com.br\/blog\/#\/schema\/logo\/image\/","url":"https:\/\/dhg1h5j42swfq.cloudfront.net\/2025\/06\/03203428\/logo_concursos-1.jpg","contentUrl":"https:\/\/dhg1h5j42swfq.cloudfront.net\/2025\/06\/03203428\/logo_concursos-1.jpg","width":230,"height":60,"caption":"Estrat\u00e9gia Concursos"},"image":{"@id":"https:\/\/www.estrategiaconcursos.com.br\/blog\/#\/schema\/logo\/image\/"},"sameAs":["https:\/\/x.com\/EstratConcursos"]},{"@type":"Person","@id":"https:\/\/www.estrategiaconcursos.com.br\/blog\/#\/schema\/person\/b4a388c97673c5f483d72185668afa1f","name":"Coordena\u00e7\u00e3o","image":{"@type":"ImageObject","inLanguage":"pt-BR","@id":"https:\/\/secure.gravatar.com\/avatar\/b720319e4c9a967eb58678d110f4fe35452fc5d5f97b202bac7b8acceb18c6ad?s=96&d=mm&r=g","url":"https:\/\/secure.gravatar.com\/avatar\/b720319e4c9a967eb58678d110f4fe35452fc5d5f97b202bac7b8acceb18c6ad?s=96&d=mm&r=g","contentUrl":"https:\/\/secure.gravatar.com\/avatar\/b720319e4c9a967eb58678d110f4fe35452fc5d5f97b202bac7b8acceb18c6ad?s=96&d=mm&r=g","caption":"Coordena\u00e7\u00e3o"},"sameAs":["https:\/\/www.facebook.com\/EstrategiaConcursos","https:\/\/x.com\/EstratConcursos"],"url":"https:\/\/www.estrategiaconcursos.com.br\/blog\/author\/estrategia2013\/"}]}},"_links":{"self":[{"href":"https:\/\/www.estrategiaconcursos.com.br\/blog\/wp-json\/wp\/v2\/posts\/385537","targetHints":{"allow":["GET"]}}],"collection":[{"href":"https:\/\/www.estrategiaconcursos.com.br\/blog\/wp-json\/wp\/v2\/posts"}],"about":[{"href":"https:\/\/www.estrategiaconcursos.com.br\/blog\/wp-json\/wp\/v2\/types\/post"}],"author":[{"embeddable":true,"href":"https:\/\/www.estrategiaconcursos.com.br\/blog\/wp-json\/wp\/v2\/users\/1"}],"replies":[{"embeddable":true,"href":"https:\/\/www.estrategiaconcursos.com.br\/blog\/wp-json\/wp\/v2\/comments?post=385537"}],"version-history":[{"count":18,"href":"https:\/\/www.estrategiaconcursos.com.br\/blog\/wp-json\/wp\/v2\/posts\/385537\/revisions"}],"predecessor-version":[{"id":386005,"href":"https:\/\/www.estrategiaconcursos.com.br\/blog\/wp-json\/wp\/v2\/posts\/385537\/revisions\/386005"}],"wp:featuredmedia":[{"embeddable":true,"href":"https:\/\/www.estrategiaconcursos.com.br\/blog\/wp-json\/wp\/v2\/media\/385552"}],"wp:attachment":[{"href":"https:\/\/www.estrategiaconcursos.com.br\/blog\/wp-json\/wp\/v2\/media?parent=385537"}],"wp:term":[{"taxonomy":"category","embeddable":true,"href":"https:\/\/www.estrategiaconcursos.com.br\/blog\/wp-json\/wp\/v2\/categories?post=385537"},{"taxonomy":"post_tag","embeddable":true,"href":"https:\/\/www.estrategiaconcursos.com.br\/blog\/wp-json\/wp\/v2\/tags?post=385537"},{"taxonomy":"tax_estado","embeddable":true,"href":"https:\/\/www.estrategiaconcursos.com.br\/blog\/wp-json\/wp\/v2\/tax_estado?post=385537"}],"curies":[{"name":"wp","href":"https:\/\/api.w.org\/{rel}","templated":true}]}}