{"id":385491,"date":"2019-06-10T07:27:54","date_gmt":"2019-06-10T10:27:54","guid":{"rendered":"https:\/\/www.estrategiaconcursos.com.br\/blog\/?p=385491"},"modified":"2019-10-09T10:38:41","modified_gmt":"2019-10-09T13:38:41","slug":"moeda-unica-brasil-argentina-bom-ou-ruim","status":"publish","type":"post","link":"https:\/\/www.estrategiaconcursos.com.br\/blog\/moeda-unica-brasil-argentina-bom-ou-ruim\/","title":{"rendered":"Moeda \u00fanica Brasil-Argentina: bom ou ruim?"},"content":{"rendered":"\n<p style=\"text-align:center\"><strong>Aviso: As opini\u00f5es contidas neste artigo s\u00e3o estritamente pessoais e n\u00e3o guardam nenhuma rela\u00e7\u00e3o com a Comiss\u00e3o de Valores Mobili\u00e1rios, institui\u00e7\u00e3o em que trabalho.<\/strong><\/p>\n\n\n\n<p>Economistas (s\u00e9rios, pois os picaretas n\u00e3o s\u00e3o considerados nesse texto) quase sempre discordam. H\u00e1 at\u00e9 uma piada (sem gra\u00e7a) que diz que a economia \u00e9 o \u00fanico campo onde duas pessoas podem ganhar um Pr\u00eamio Nobel dizendo exatamente coisas opostas.<\/p>\n\n\n\n<p>Mas, h\u00e1 um\nassunto em que os economistas quase sempre concordam: <strong>integra\u00e7\u00e3o econ\u00f4mica e\ncom\u00e9rcio entre pa\u00edses s\u00e3o boas ideias!<\/strong><\/p>\n\n\n\n<p>O Brasil \u00e9 bom na produ\u00e7\u00e3o de gr\u00e3os (soja, por exemplo). A Argentina \u00e9 boa na produ\u00e7\u00e3o de doce de leite (e como!!). Se os pa\u00edses n\u00e3o se integram economicamente e, com isso, n\u00e3o realizam com\u00e9rcio entre si, os brasileiros ficam sem doce de leite, enquanto os argentinos acabam sem soja. <\/p>\n\n\n\n<p>Ademais, por\nconta da falta de integra\u00e7\u00e3o, o mercado de cada pa\u00eds individualmente \u00e9 menor\nque a soma dos dois mercados. Assim, caso os pa\u00edses n\u00e3o exportem, o pre\u00e7o da\nsoja \u00e9 menor no Brasil e o pre\u00e7o do doce de leite \u00e9 menor na Argentina quando\ncomparados aos pre\u00e7os na presen\u00e7a de exporta\u00e7\u00e3o, o que \u00e9 ruim para a economia\ndos dois pa\u00edses.<\/p>\n\n\n\n<p>Em resumo,\nbrasileiros e argentinos viveriam melhor se os pa\u00edses tivessem maior grau de\nintegra\u00e7\u00e3o econ\u00f4mica e exportassem seus produtos. <\/p>\n\n\n\n<p>David Ricardo<a href=\"#_ftn1\">[1]<\/a> foi quem melhor percebeu essa ideia. Segundo Ricardo, os pa\u00edses devem se especializar na produ\u00e7\u00e3o dos bens em que s\u00e3o melhores e exporta-los, enquanto importam os demais bens. Todos ganham com isso! \u00c9 a ideia da vantagem comparativa.<\/p>\n\n\n\n<p>A ideia de Ricardo \u00e9 poderosa! Basta vermos os pa\u00edses mais desenvolvidos nos dias de hoje: TODOS possuem elevado grau de abertura econ\u00f4mica, ou seja, fazem muitas transa\u00e7\u00f5es econ\u00f4micas com outros pa\u00edses.<\/p>\n\n\n\n<p>E uma\nestrat\u00e9gia eficaz para aumentar o com\u00e9rcio internacional de um pa\u00eds \u00e9 a <strong>integra\u00e7\u00e3o\necon\u00f4mica. <\/strong>N\u00e3o h\u00e1 nada de complicado aqui: pa\u00edses se aliam entre si,\nformando blocos ou acordos bilaterais, para aumentar o grau de integra\u00e7\u00e3o\necon\u00f4mica e, com isso, elevar a quantidade de transa\u00e7\u00f5es econ\u00f4micas realizadas\nentre eles.<\/p>\n\n\n\n<p>A depender do\ngrau de integra\u00e7\u00e3o desejado, um arranjo \u00e9 estabelecido.<\/p>\n\n\n\n<p>Digamos, por\nexemplo, que os pa\u00edses desejam formar um bloco para favorecer as exporta\u00e7\u00f5es do\nque fazem de melhor entre si. Uma ideia poss\u00edvel \u00e9 retirar as tarifas de\nimporta\u00e7\u00e3o entre eles em rela\u00e7\u00e3o a esses produtos e tarifar as importa\u00e7\u00f5es para\nestes bens vindas de pa\u00edses de fora do bloco.<\/p>\n\n\n\n<p>Essa \u00e9 a ideia\nda <strong>tarifa externa comum<\/strong> <strong>(TEC)<\/strong>, praticada por uma uni\u00e3o aduaneira.\nResumindo, os pa\u00edses que adotam a TEC pretendem incentivar o com\u00e9rcio\ninternacional entre si, se valendo de suas vantagens comparativas, e proteger\nesse arranjo de pa\u00edses de fora do bloco. Senhoras e senhores, \u00e9 assim que o\nMercosul funciona (ou deveria funcionar).<\/p>\n\n\n\n<p>Outros\narranjos podem ser preferidos, como o <strong>mercado comum<\/strong> e a <strong>uni\u00e3o\necon\u00f4mica e monet\u00e1ria.<\/strong><\/p>\n\n\n\n<p>No mercado\ncomum, vigora a uni\u00e3o aduaneira (com aplica\u00e7\u00e3o da TEC) mais livre circula\u00e7\u00e3o de\nfatores de produ\u00e7\u00e3o (trabalhadores, capitais, servi\u00e7os etc.). <\/p>\n\n\n\n<p>J\u00e1 na uni\u00e3o\necon\u00f4mica e monet\u00e1ria temos o mercado comum mais a integra\u00e7\u00e3o da pol\u00edtica\nmonet\u00e1ria e cambial, ou seja, a exist\u00eancia de moeda \u00fanica e pol\u00edtica monet\u00e1ria\ncentralizada.&nbsp; \u00c9 o caso dos pa\u00edses que\nadotam o Euro na Uni\u00e3o Europeia. &nbsp;<\/p>\n\n\n\n<p>Bem, j\u00e1\nsabemos que o com\u00e9rcio entre pa\u00edses \u00e9 bom e que a integra\u00e7\u00e3o econ\u00f4mica \u00e9 uma\nestrat\u00e9gia para se atingir esse fim. Agora, vamos aos fatos.<\/p>\n\n\n\n<p>Na \u00faltima\nquinta-feira (06\/06\/19), o Presidente Bolsonaro anunciou que Brasil e Argentina\n\u201cpretendem avan\u00e7ar com proposta de criar uma moeda comum que se chamaria\n\u2018peso-real\u2019\u201d<a href=\"#_ftn2\">[2]<\/a>.<\/p>\n\n\n\n<p>A not\u00edcia\nrepercutiu imediatamente na m\u00eddia e alguns j\u00e1 comentaram o assunto sob\ndistintos aspectos. <\/p>\n\n\n\n<p>Identifico-me\ncom o aspecto \u201cpol\u00edtico\u201d, ou seja, que a proposta nada mais \u00e9 que um artif\u00edcio\npara auxiliar o Presidente Macri em sua campanha para a reelei\u00e7\u00e3o. A Argentina\npassou (mais uma vez) por forte desvaloriza\u00e7\u00e3o cambial recentemente, o que\nprovocou aumento significativo da infla\u00e7\u00e3o e perda de popularidade de Macri. As\npesquisas de opini\u00e3o colocam sua concorrente, Cristina Kirchner, \u00e0 frente na\ncorrida presidencial e as elei\u00e7\u00f5es ocorrem em outubro\/novembro de 2019. <\/p>\n\n\n\n<p>Como veremos\nnos pr\u00f3ximos t\u00f3picos, a proposta n\u00e3o \u00e9 economicamente fact\u00edvel nesse momento.\nNem que se desejasse implanta-la, n\u00e3o seria poss\u00edvel fazer nos governos de\nBolsonaro e Macri (caso reeleito). O caso do Euro \u00e9 citado como exemplo.<\/p>\n\n\n\n<p><strong>Condi\u00e7\u00f5es\nEcon\u00f4micas para ado\u00e7\u00e3o da moeda comum e o caso do Euro.<\/strong><\/p>\n\n\n\n<p>A ado\u00e7\u00e3o de\nmoeda comum pode ser \u00f3tima, ou p\u00e9ssima. Tudo depende das condi\u00e7\u00f5es econ\u00f4micas\nexistentes.<\/p>\n\n\n\n<p>Vamos utilizar\num exemplo brasileiro para compreender esses pr\u00f3s e contras. Nosso pa\u00eds est\u00e1\ndividido em 26 Estados mais o DF, de modo que podemos pensar nessas unidades da\nfedera\u00e7\u00e3o como bem, sendo \u201cpa\u00edses\u201d. Assim, ter\u00edamos 27 \u201cpa\u00edses\u201d dentro do\nBrasil que adotam uma moeda \u00fanica, o Real. E esse ajuste funciona, n\u00e3o \u00e9\nmesmo?! Ou seja, j\u00e1 temos um bom exemplo de moeda comum vigorando entre os\n\u201cpa\u00edses\u201d que constituem o Brasil.<\/p>\n\n\n\n<p>A pergunta\naqui \u00e9: <strong>qual o motivo desse arranjo funcionar?<\/strong><\/p>\n\n\n\n<p>Respondendo: depende\ndos <strong>mecanismos<\/strong> que possu\u00edmos para absorver choques econ\u00f4micos externos.<\/p>\n\n\n\n<p>Imagine que o\nmundo passa por uma crise econ\u00f4mica que reduz suas importa\u00e7\u00f5es por commodities\nbrasileiras. As commodities brasileiras, por hip\u00f3tese, s\u00e3o produzidas apenas\nnos \u201cpa\u00edses\u201d do centro-oeste brasileiro. Bem, estes \u201cpa\u00edses\u201d ir\u00e3o sofrer mais\neconomicamente do que os outros. Provavelmente ir\u00e3o apresentar mais desemprego,\nmais d\u00e9ficit em transa\u00e7\u00f5es correntes e, provavelmente, maiores d\u00e9ficits\nfiscais.&nbsp; <\/p>\n\n\n\n<p>No entanto, os\nhabitantes dos diferentes \u201cpa\u00edses\u201d do Brasil falam a mesma l\u00edngua, possuem\nculturas e h\u00e1bitos similares, est\u00e3o razoavelmente conectados entre si via\nrodovias e aeroportos. Dessa forma, uma crise nos \u201cpa\u00edses\u201d do centro-oeste ir\u00e1\ndeslocar fatores de produ\u00e7\u00e3o desses locais para os outros pa\u00edses que n\u00e3o se\nencontram em crise. Um ajuste nos sal\u00e1rios dever\u00e1 ocorrer nos \u201cpa\u00edses\u201d que\nimportam esses trabalhadores, mas nada que ocasione grandes conflitos. <\/p>\n\n\n\n<p>Resumindo, a\nmobilidade dos fatores de produ\u00e7\u00e3o torna poss\u00edvel a redu\u00e7\u00e3o no desemprego nos\n\u201cpa\u00edses\u201d em crise, bem como auxilia na resolu\u00e7\u00e3o do problema fiscal (afinal, os\ngovernos dessas localidades ir\u00e3o gastar menos com assist\u00eancia e prote\u00e7\u00e3o\nsocial) e da quest\u00e3o externa. Os efeitos negativos se dissipam no m\u00e9dio prazo e\nlogo a economia volta ao seu n\u00edvel \u201cnormal\u201d novamente.<\/p>\n\n\n\n<p>&nbsp;Bem, <strong>a mobilidade dos fatores \u00e9 o primeiro\ne fundamental mecanismo<\/strong> que deve existir para um regime de moeda comum\nfuncionar. <\/p>\n\n\n\n<p>H\u00e1 outras\nvari\u00e1veis fundamentais e exigidas, mas vamos nos concentrar na vari\u00e1vel \u201c<strong>pol\u00edtica\necon\u00f4mica<\/strong>\u201d. <\/p>\n\n\n\n<p>Pe\u00e7o que se acomode, se poss\u00edvel sentado (risos!). A conversa \u00e9 longa e cheia de encadeamentos. Vamos l\u00e1!<\/p>\n\n\n\n<p>A ado\u00e7\u00e3o de\nmoeda comum faz com que o pa\u00eds perca a autonomia na condu\u00e7\u00e3o da pol\u00edtica\nmonet\u00e1ria e, consequentemente, cambial.<\/p>\n\n\n\n<p>Vamos\ncontinuar com o exemplo da crise vivida pelos \u201cpa\u00edses\u201d do centro-oeste brasileiro.<\/p>\n\n\n\n<p>Uma das formas\nde ajustar a economia pode ser via pol\u00edtica monet\u00e1ria expansiva. O \u201cpa\u00eds\u201d\nemitiria mais moeda, geraria um pouco de infla\u00e7\u00e3o, o que provocaria, no curto\nprazo, redu\u00e7\u00e3o dos sal\u00e1rios reais e desvaloriza\u00e7\u00e3o da taxa de c\u00e2mbio. Esses\ndois efeitos podem permitir redu\u00e7\u00e3o do desemprego e do d\u00e9ficit em transa\u00e7\u00f5es\ncorrentes, de modo que o \u201cpa\u00eds\u201d conseguiria, no curto prazo, se defender do\nchoque externo sofrido.<\/p>\n\n\n\n<p>No entanto, o \u201cpa\u00eds\u201d n\u00e3o pode realizar pol\u00edtica monet\u00e1ria e cambial no regime de \u201cmoeda \u00fanica\u201d. Afinal, o controle da quantidade de moeda e do c\u00e2mbio est\u00e1 na m\u00e3o do Brasil, sendo que os \u201cpa\u00edses\u201d dentro do Brasil n\u00e3o possuem um Banco Central para chamar de seu.<\/p>\n\n\n\n<p>Aqui, temos outra quest\u00e3o: a ado\u00e7\u00e3o de moeda comum faz com que um pa\u00eds perca autonomia das pol\u00edticas monet\u00e1ria e cambial. Ou seja, ele n\u00e3o consegue exercer estas pol\u00edticas e se defender de choques externos adversos. <\/p>\n\n\n\n<p>Mas, ainda\nassim sobra a pol\u00edtica fiscal. Ou seja, os \u201cpa\u00edses\u201d ainda podem gastar mais\npara tentar reativar a economia. Ocorre que essa medida funciona por pouco\ntempo, quando funciona.<\/p>\n\n\n\n<p>No exemplo\nutilizado, a pol\u00edtica escolhida seria fiscal e expansionista. Assim, o \u201cpa\u00eds\u201d\ndo centro-oeste escolheria gastar mais em seu or\u00e7amento p\u00fablico e o resultado,\nno curto prazo, seria um leve aumento de infla\u00e7\u00e3o e do n\u00edvel de atividade\necon\u00f4mica. <\/p>\n\n\n\n<p>Ter\u00edamos,\nnesse caso hipot\u00e9tico, recupera\u00e7\u00e3o do mercado de trabalho (via redu\u00e7\u00e3o dos\nsal\u00e1rios reais), aumento da atividade econ\u00f4mica (o aumento dos gastos eleva a\ndemanda do setor p\u00fablico, o que acarreta em maior produ\u00e7\u00e3o no curto prazo) e\naumento de d\u00e9ficit em transa\u00e7\u00f5es correntes (como a taxa de c\u00e2mbio n\u00e3o \u00e9\nalterada, o aumento da atividade econ\u00f4mica eleva a quantidade de bens\nimportados e reduz a quantidade de bens exportados, gerando ent\u00e3o mais d\u00e9ficit\nem transa\u00e7\u00f5es correntes).<\/p>\n\n\n\n<p>Essa situa\u00e7\u00e3o\ntem efeitos positivos por pouco tempo, justamente por conta do agravamento do\nsaldo em transa\u00e7\u00f5es correntes e do resultado fiscal. <\/p>\n\n\n\n<p>Vejamos.<\/p>\n\n\n\n<p>A expans\u00e3o gos\ngastos p\u00fablico eleva o d\u00e9ficit p\u00fablico, o que acarreta em aumento da d\u00edvida\np\u00fablica desse \u201cpa\u00eds\u201d. Se a poupan\u00e7a interna desse \u201cpa\u00eds\u201d for insuficiente ou\npossui custo elevado (juros internos maiores que externos), a d\u00edvida externa\nir\u00e1 aumentar.&nbsp; Paralelamente a isso,\nocorre aumento do n\u00edvel de pre\u00e7os quando nos deslocamos ao m\u00e9dio e longo\nprazos. Mais pre\u00e7os significam bens mais caros interna e externamente, ou seja,\nagravamento do d\u00e9ficit em transa\u00e7\u00f5es correntes.<\/p>\n\n\n\n<p>E aqui reside\no grande problema. <\/p>\n\n\n\n<p>O aumento da\nd\u00edvida externa eleva as obriga\u00e7\u00f5es em moeda externa, afinal o \u201cpa\u00eds\u201d n\u00e3o emite\nmoeda externa e precisar\u00e1 dela para pagar seus vencimentos. Como o saldo em\ntransa\u00e7\u00f5es correntes \u00e9 negativo, n\u00e3o h\u00e1 moeda externa aqui para utilizar no\npagamento dessas d\u00edvidas, ou seja, as transa\u00e7\u00f5es correntes agravam o problema\nda d\u00edvida externa. Mais d\u00edvida precisa ser emitida.<\/p>\n\n\n\n<p>No front\ninterno, a situa\u00e7\u00e3o n\u00e3o \u00e9 positiva. Lembrando, o \u201cpa\u00eds\u201d apresenta infla\u00e7\u00e3o\ncrescente, sua produ\u00e7\u00e3o \u00e9 feita a custos mais elevados e, no m\u00e9dio e longo\nprazos, isso pode aumentar o desemprego, reduzir a produ\u00e7\u00e3o das empresas e\nagravar o n\u00edvel de renda do \u201cpa\u00eds\u201d. <\/p>\n\n\n\n<p>Os credores\nexternos percebem isso e&#8230;passam a cobrar mais caro para financiar o d\u00e9ficit\np\u00fablico, at\u00e9 que a situa\u00e7\u00e3o fique invi\u00e1vel. <\/p>\n\n\n\n<p>\u00c9 claro que descrevi uma situa\u00e7\u00e3o hipot\u00e9tica, mas esse fato j\u00e1 aconteceu com pa\u00edses da Uni\u00e3o Europeia que adotam o Euro, sobretudo com a Gr\u00e9cia.<\/p>\n\n\n\n<p>Resumidamente, o caso grego transcorreu da forma explicitada anteriormente. Quando adotou o Euro, a Gr\u00e9cia perdeu as pol\u00edticas monet\u00e1ria e cambial, j\u00e1 que o Banco Central Europeu \u00e9 respons\u00e1vel por elas. <\/p>\n\n\n\n<p>Mas, os gregos n\u00e3o s\u00e3o toa ing\u00eanuos assim. Eles ingressaram no Euro, pois o custo de financiamento externo se reduziu, melhorando o acesso a cr\u00e9dito dos gregos. Mais dinheiro e maior abertura econ\u00f4mica tiveram efeitos positivos na Gr\u00e9cia, pois o pa\u00eds apresentou aumento de produtividade, crescimento econ\u00f4mico e ganhos de bem-estar para os gregos com a abertura de fronteiras propiciadas pela Uni\u00e3o Europeia. <\/p>\n\n\n\n<p>Como \u00e9 poss\u00edvel verificar no gr\u00e1fico abaixo, a Gr\u00e9cia (em vermelho) apresentou taxa de crescimento elevada e, muitas vezes, superior aos pa\u00edses do Euro (em azul) e da OECD (em preto) de 1996 at\u00e9 2007:<\/p>\n\n\n\n<figure class=\"wp-block-image\"><img decoding=\"async\" src=\"https:\/\/dhg1h5j42swfq.cloudfront.net\/2019\/06\/08123853\/Captura-de-Tela-2019-06-08-a%CC%80s-12.37.37.png\" alt=\"\" class=\"wp-image-385497\" \/><\/figure>\n\n\n\n<p>Ocorre que os\ngregos permaneceram fiscalmente indisciplinados. O gr\u00e1fico abaixo apresenta o\nd\u00e9ficit fiscal do governo grego em rela\u00e7\u00e3o de 1995 at\u00e9 2018. <\/p>\n\n\n\n<div class=\"wp-block-image\"><figure class=\"aligncenter\"><img loading=\"lazy\" decoding=\"async\" width=\"883\" height=\"408\" src=\"https:\/\/dhg1h5j42swfq.cloudfront.net\/2019\/06\/08122855\/Imagem1.png\" alt=\"\" class=\"wp-image-385492\" srcset=\"https:\/\/dhg1h5j42swfq.cloudfront.net\/2019\/06\/08122855\/Imagem1.png 883w, https:\/\/dhg1h5j42swfq.cloudfront.net\/2019\/06\/08122855\/Imagem1.png 300w, https:\/\/dhg1h5j42swfq.cloudfront.net\/2019\/06\/08122855\/Imagem1.png 768w, https:\/\/dhg1h5j42swfq.cloudfront.net\/2019\/06\/08122855\/Imagem1.png 610w\" sizes=\"auto, (max-width: 883px) 100vw, 883px\" \/><\/figure><\/div>\n\n\n\n<p>Como \u00e9\nposs\u00edvel notar, a Gr\u00e9cia apresentou d\u00e9ficits fiscais elevad\u00edssimos desde ent\u00e3o,\nchegando a 15% do PIB em 2009, no auge da crise econ\u00f4mica da \u00e9poca.<\/p>\n\n\n\n<p>Como\nresultado, a infla\u00e7\u00e3o na Gr\u00e9cia foi superior aos demais pa\u00edses do bloco, o que\npenalizou as exporta\u00e7\u00f5es dos gregos em rela\u00e7\u00e3o aos demais pa\u00edses do bloco.\nAssim, a Gr\u00e9cia apresentou recorrentes d\u00e9ficits em transa\u00e7\u00f5es correntes, ac\u00famulo\nde d\u00edvida externa at\u00e9 que a \u201cm\u00fasica parou\u201d. Quando isso ocorreu n\u00e3o teve jeito:\na Gr\u00e9cia ficou sem recursos para financiar o seu elevado e crescente d\u00e9ficit\np\u00fablico e a crise se instalou. <\/p>\n\n\n\n<p>Segundo dados\nda OCDE<a href=\"#_ftn3\">[3]<\/a>,\na Gr\u00e9cia apresenta taxa de desemprego de 19,3% da sua for\u00e7a de trabalho, d\u00edvida\np\u00fablica em 183% do PIB, e taxa de crescimento do PIB muito abaixo da taxa de\noutros pa\u00edses desenvolvidos. Nos gr\u00e1ficos abaixo:<\/p>\n\n\n\n<div class=\"wp-block-image\"><figure class=\"aligncenter\"><img loading=\"lazy\" decoding=\"async\" width=\"883\" height=\"558\" src=\"https:\/\/dhg1h5j42swfq.cloudfront.net\/2019\/06\/08122936\/Imagem2.png\" alt=\"\" class=\"wp-image-385493\" srcset=\"https:\/\/dhg1h5j42swfq.cloudfront.net\/2019\/06\/08122936\/Imagem2.png 883w, https:\/\/dhg1h5j42swfq.cloudfront.net\/2019\/06\/08122936\/Imagem2.png 300w, https:\/\/dhg1h5j42swfq.cloudfront.net\/2019\/06\/08122936\/Imagem2.png 768w, https:\/\/dhg1h5j42swfq.cloudfront.net\/2019\/06\/08122936\/Imagem2.png 610w\" sizes=\"auto, (max-width: 883px) 100vw, 883px\" \/><figcaption>Taxa de desemprego na Gr\u00e9cia continua muito elevada<\/figcaption><\/figure><\/div>\n\n\n\n<div class=\"wp-block-image\"><figure class=\"aligncenter\"><img loading=\"lazy\" decoding=\"async\" width=\"883\" height=\"558\" src=\"https:\/\/dhg1h5j42swfq.cloudfront.net\/2019\/06\/08122945\/Imagem3.png\" alt=\"\" class=\"wp-image-385494\" srcset=\"https:\/\/dhg1h5j42swfq.cloudfront.net\/2019\/06\/08122945\/Imagem3.png 883w, https:\/\/dhg1h5j42swfq.cloudfront.net\/2019\/06\/08122945\/Imagem3.png 300w, https:\/\/dhg1h5j42swfq.cloudfront.net\/2019\/06\/08122945\/Imagem3.png 768w, https:\/\/dhg1h5j42swfq.cloudfront.net\/2019\/06\/08122945\/Imagem3.png 610w\" sizes=\"auto, (max-width: 883px) 100vw, 883px\" \/><figcaption>D\u00edvida do governo grego continua nas alturas<\/figcaption><\/figure><\/div>\n\n\n\n<div class=\"wp-block-image\"><figure class=\"aligncenter\"><img loading=\"lazy\" decoding=\"async\" width=\"883\" height=\"554\" src=\"https:\/\/dhg1h5j42swfq.cloudfront.net\/2019\/06\/08122954\/Imagem4.png\" alt=\"\" class=\"wp-image-385495\" srcset=\"https:\/\/dhg1h5j42swfq.cloudfront.net\/2019\/06\/08122954\/Imagem4.png 883w, https:\/\/dhg1h5j42swfq.cloudfront.net\/2019\/06\/08122954\/Imagem4.png 300w, https:\/\/dhg1h5j42swfq.cloudfront.net\/2019\/06\/08122954\/Imagem4.png 768w, https:\/\/dhg1h5j42swfq.cloudfront.net\/2019\/06\/08122954\/Imagem4.png 610w\" sizes=\"auto, (max-width: 883px) 100vw, 883px\" \/><figcaption>Crescimento do PIB grego foi uma cat\u00e1strofe desde a crise<\/figcaption><\/figure><\/div>\n\n\n\n<p>Resumindo, a\nado\u00e7\u00e3o de moeda comum, sob a perspectiva do caso grego, pode ser uma trag\u00e9dia\nse n\u00e3o cumpridos os pr\u00e9-requisitos para tanto,<\/p>\n\n\n\n<p><strong>Conclus\u00f5es\npara o caso Brasil-Argentina<\/strong><\/p>\n\n\n\n<p>Pois bem,\nparece ter ficado claro que a exist\u00eancia de mobilidade de fatores de produ\u00e7\u00e3o e\nestabilidade e converg\u00eancia macroecon\u00f4mica s\u00e3o requisitos fundamentais para a\nado\u00e7\u00e3o de uma moeda comum entre pa\u00edses.<\/p>\n\n\n\n<p>Sob estes\npressupostos, Brasil e Argentina talvez sejam os piores pa\u00edses do mundo\ndemocr\u00e1tico. Chega a ser at\u00e9 engra\u00e7ado considerar que estes pa\u00edses adotem uma\nmoeda \u00fanica. <\/p>\n\n\n\n<p>Ambos possuem\nhist\u00f3rico recente de d\u00e9ficit fiscais persistentes, d\u00edvida p\u00fablica crescente,\nelevada infla\u00e7\u00e3o, baixo crescimento potencial, calotes na d\u00edvida, alto\ndesemprego e por a\u00ed vai.<\/p>\n\n\n\n<p>&nbsp;Gosto muito desse gr\u00e1fico publicado pela The\nEconomist<a href=\"#_ftn4\">[4]<\/a>,\nque relaciona o crescimento do PIB argentino a fatos pol\u00edticas e econ\u00f4micos\nimportantes:<\/p>\n\n\n\n<figure class=\"wp-block-image\"><img loading=\"lazy\" decoding=\"async\" width=\"883\" height=\"577\" src=\"https:\/\/dhg1h5j42swfq.cloudfront.net\/2019\/06\/08123124\/Imagem5.png\" alt=\"\" class=\"wp-image-385496\" srcset=\"https:\/\/dhg1h5j42swfq.cloudfront.net\/2019\/06\/08123124\/Imagem5.png 883w, https:\/\/dhg1h5j42swfq.cloudfront.net\/2019\/06\/08123124\/Imagem5.png 300w, https:\/\/dhg1h5j42swfq.cloudfront.net\/2019\/06\/08123124\/Imagem5.png 768w, https:\/\/dhg1h5j42swfq.cloudfront.net\/2019\/06\/08123124\/Imagem5.png 610w\" sizes=\"auto, (max-width: 883px) 100vw, 883px\" \/><figcaption>Crescimento do PIB argentino relacionado com eventos importantes. <em>Nuestros hermanos<\/em> s\u00e3o t\u00e3o inst\u00e1veis quanto <em>nosotros<\/em>.<\/figcaption><\/figure>\n\n\n\n<p>Em resumo, \u00e9\numa hist\u00f3ria de sucessivas trag\u00e9dias e indisciplinas macroecon\u00f4micas. O\nhist\u00f3rico brasileiro n\u00e3o \u00e9 muito diferente nesse quesito.<\/p>\n\n\n\n<p>Como afirmei\nno in\u00edcio do artigo, a ideia \u00e9 t\u00e3o impratic\u00e1vel que s\u00f3 pode ter sido cogitada\ncom fins pol\u00edticos. N\u00e3o \u00e9 poss\u00edvel que algu\u00e9m acredite na viabilidade econ\u00f4mica\ndessa medida.<\/p>\n\n\n\n<p>\u00c9 isso,\npessoal! Pe\u00e7o desculpas pelo texto longo, mas n\u00e3o teve jeito.<\/p>\n\n\n\n<p>Abra\u00e7os! <br \/><\/p>\n\n\n\n<hr class=\"wp-block-separator\" \/>\n\n\n\n<p><a href=\"#_ftnref1\">[1]<\/a> O\ntexto de Paul Krugman sobre a ideia de Ricardo \u00e9 genial e obrigat\u00f3rio: <a href=\"https:\/\/web.mit.edu\/krugman\/www\/ricardo.htm\">https:\/\/web.mit.edu\/krugman\/www\/ricardo.htm<\/a>\n<\/p>\n\n\n\n<p><a href=\"#_ftnref2\">[2]<\/a> https:\/\/oglobo.globo.com\/economia\/bolsonaro-diz-que-brasil-argentina-podem-ter-uma-moeda-em-comum-1-passo-para-um-sonho-23723269<\/p>\n\n\n\n<p><a href=\"#_ftnref3\">[3]<\/a> Em\n<a href=\"https:\/\/data.oecd.org\/greece.htm\">https:\/\/data.oecd.org\/greece.htm<\/a>\n<\/p>\n\n\n\n<p><a href=\"#_ftnref4\">[4]<\/a> <a href=\"https:\/\/www.economist.com\/briefing\/2014\/02\/17\/a-century-of-decline\">https:\/\/www.economist.com\/briefing\/2014\/02\/17\/a-century-of-decline<\/a>\n<\/p>\n","protected":false},"excerpt":{"rendered":"<p>Aviso: As opini\u00f5es contidas neste artigo s\u00e3o estritamente pessoais e n\u00e3o guardam nenhuma rela\u00e7\u00e3o com a Comiss\u00e3o de Valores Mobili\u00e1rios, institui\u00e7\u00e3o em que trabalho. Economistas (s\u00e9rios, pois os picaretas n\u00e3o s\u00e3o considerados nesse texto) quase sempre discordam. H\u00e1 at\u00e9 uma piada (sem gra\u00e7a) que diz que a economia \u00e9 o \u00fanico campo onde duas pessoas [&hellip;]<\/p>\n","protected":false},"author":127,"featured_media":0,"comment_status":"open","ping_status":"closed","sticky":false,"template":"","format":"standard","meta":{"post_tipo":"article","footnotes":""},"categories":[1],"tags":[],"tax_estado":[],"class_list":["post-385491","post","type-post","status-publish","format-standard","hentry","category-cursos-e-concursos"],"acf":[],"yoast_head":"<!-- This site is optimized with the Yoast SEO Premium plugin v27.2 (Yoast SEO v27.2) - https:\/\/yoast.com\/product\/yoast-seo-premium-wordpress\/ -->\n<title>Moeda \u00fanica Brasil-Argentina: bom ou ruim?<\/title>\n<meta name=\"robots\" content=\"index, follow, max-snippet:-1, max-image-preview:large, max-video-preview:-1\" \/>\n<link rel=\"canonical\" href=\"https:\/\/www.estrategiaconcursos.com.br\/blog\/moeda-unica-brasil-argentina-bom-ou-ruim\/\" \/>\n<meta property=\"og:locale\" content=\"pt_BR\" \/>\n<meta property=\"og:type\" content=\"article\" \/>\n<meta property=\"og:title\" content=\"Moeda \u00fanica Brasil-Argentina: bom ou ruim?\" \/>\n<meta property=\"og:description\" content=\"Aviso: As opini\u00f5es contidas neste artigo s\u00e3o estritamente pessoais e n\u00e3o guardam nenhuma rela\u00e7\u00e3o com a Comiss\u00e3o de Valores Mobili\u00e1rios, institui\u00e7\u00e3o em que trabalho. Economistas (s\u00e9rios, pois os picaretas n\u00e3o s\u00e3o considerados nesse texto) quase sempre discordam. H\u00e1 at\u00e9 uma piada (sem gra\u00e7a) que diz que a economia \u00e9 o \u00fanico campo onde duas pessoas [&hellip;]\" \/>\n<meta property=\"og:url\" content=\"https:\/\/www.estrategiaconcursos.com.br\/blog\/moeda-unica-brasil-argentina-bom-ou-ruim\/\" \/>\n<meta property=\"og:site_name\" content=\"Estrat\u00e9gia Concursos\" \/>\n<meta property=\"article:published_time\" content=\"2019-06-10T10:27:54+00:00\" \/>\n<meta property=\"article:modified_time\" content=\"2019-10-09T13:38:41+00:00\" \/>\n<meta property=\"og:image\" content=\"https:\/\/www.estrategiaconcursos.com.br\/blog\/wp-content\/uploads\/2019\/06\/Imagem1.png\" \/>\n<meta name=\"author\" content=\"Vicente Camillo\" \/>\n<meta name=\"twitter:card\" content=\"summary_large_image\" \/>\n<meta name=\"twitter:creator\" content=\"@EstratConcursos\" \/>\n<meta name=\"twitter:site\" content=\"@EstratConcursos\" \/>\n<meta name=\"twitter:label1\" content=\"Escrito por\" \/>\n\t<meta name=\"twitter:data1\" content=\"Vicente Camillo\" \/>\n\t<meta name=\"twitter:label2\" content=\"Est. tempo de leitura\" \/>\n\t<meta name=\"twitter:data2\" content=\"13 minutos\" \/>\n<script type=\"application\/ld+json\" class=\"yoast-schema-graph\">{\"@context\":\"https:\/\/schema.org\",\"@graph\":[{\"@type\":\"NewsArticle\",\"@id\":\"https:\/\/www.estrategiaconcursos.com.br\/blog\/moeda-unica-brasil-argentina-bom-ou-ruim\/#article\",\"isPartOf\":{\"@id\":\"https:\/\/www.estrategiaconcursos.com.br\/blog\/moeda-unica-brasil-argentina-bom-ou-ruim\/\"},\"author\":{\"name\":\"Vicente Camillo\",\"@id\":\"https:\/\/www.estrategiaconcursos.com.br\/blog\/#\/schema\/person\/b8a108568861dcf9ea0bc08399a7923b\"},\"headline\":\"Moeda \u00fanica Brasil-Argentina: bom ou ruim?\",\"datePublished\":\"2019-06-10T10:27:54+00:00\",\"dateModified\":\"2019-10-09T13:38:41+00:00\",\"mainEntityOfPage\":{\"@id\":\"https:\/\/www.estrategiaconcursos.com.br\/blog\/moeda-unica-brasil-argentina-bom-ou-ruim\/\"},\"wordCount\":2557,\"commentCount\":6,\"publisher\":{\"@id\":\"https:\/\/www.estrategiaconcursos.com.br\/blog\/#organization\"},\"image\":{\"@id\":\"https:\/\/www.estrategiaconcursos.com.br\/blog\/moeda-unica-brasil-argentina-bom-ou-ruim\/#primaryimage\"},\"thumbnailUrl\":\"https:\/\/www.estrategiaconcursos.com.br\/blog\/wp-content\/uploads\/2019\/06\/Imagem1.png\",\"articleSection\":[\"Concursos P\u00fablicos\"],\"inLanguage\":\"pt-BR\",\"potentialAction\":[{\"@type\":\"CommentAction\",\"name\":\"Comment\",\"target\":[\"https:\/\/www.estrategiaconcursos.com.br\/blog\/moeda-unica-brasil-argentina-bom-ou-ruim\/#respond\"]}],\"copyrightYear\":\"2019\",\"copyrightHolder\":{\"@id\":\"https:\/\/www.estrategiaconcursos.com.br\/blog\/#organization\"}},{\"@type\":\"WebPage\",\"@id\":\"https:\/\/www.estrategiaconcursos.com.br\/blog\/moeda-unica-brasil-argentina-bom-ou-ruim\/\",\"url\":\"https:\/\/www.estrategiaconcursos.com.br\/blog\/moeda-unica-brasil-argentina-bom-ou-ruim\/\",\"name\":\"Moeda \u00fanica Brasil-Argentina: bom ou ruim?\",\"isPartOf\":{\"@id\":\"https:\/\/www.estrategiaconcursos.com.br\/blog\/#website\"},\"primaryImageOfPage\":{\"@id\":\"https:\/\/www.estrategiaconcursos.com.br\/blog\/moeda-unica-brasil-argentina-bom-ou-ruim\/#primaryimage\"},\"image\":{\"@id\":\"https:\/\/www.estrategiaconcursos.com.br\/blog\/moeda-unica-brasil-argentina-bom-ou-ruim\/#primaryimage\"},\"thumbnailUrl\":\"https:\/\/www.estrategiaconcursos.com.br\/blog\/wp-content\/uploads\/2019\/06\/Imagem1.png\",\"datePublished\":\"2019-06-10T10:27:54+00:00\",\"dateModified\":\"2019-10-09T13:38:41+00:00\",\"breadcrumb\":{\"@id\":\"https:\/\/www.estrategiaconcursos.com.br\/blog\/moeda-unica-brasil-argentina-bom-ou-ruim\/#breadcrumb\"},\"inLanguage\":\"pt-BR\",\"potentialAction\":[{\"@type\":\"ReadAction\",\"target\":[\"https:\/\/www.estrategiaconcursos.com.br\/blog\/moeda-unica-brasil-argentina-bom-ou-ruim\/\"]}]},{\"@type\":\"ImageObject\",\"inLanguage\":\"pt-BR\",\"@id\":\"https:\/\/www.estrategiaconcursos.com.br\/blog\/moeda-unica-brasil-argentina-bom-ou-ruim\/#primaryimage\",\"url\":\"https:\/\/dhg1h5j42swfq.cloudfront.net\/2019\/06\/08122855\/Imagem1.png\",\"contentUrl\":\"https:\/\/dhg1h5j42swfq.cloudfront.net\/2019\/06\/08122855\/Imagem1.png\",\"width\":883,\"height\":408},{\"@type\":\"BreadcrumbList\",\"@id\":\"https:\/\/www.estrategiaconcursos.com.br\/blog\/moeda-unica-brasil-argentina-bom-ou-ruim\/#breadcrumb\",\"itemListElement\":[{\"@type\":\"ListItem\",\"position\":1,\"name\":\"In\u00edcio\",\"item\":\"https:\/\/www.estrategiaconcursos.com.br\/blog\/\"},{\"@type\":\"ListItem\",\"position\":2,\"name\":\"Moeda \u00fanica Brasil-Argentina: bom ou ruim?\"}]},{\"@type\":\"WebSite\",\"@id\":\"https:\/\/www.estrategiaconcursos.com.br\/blog\/#website\",\"url\":\"https:\/\/www.estrategiaconcursos.com.br\/blog\/\",\"name\":\"Estrat\u00e9gia Concursos\",\"description\":\"O blog da Estrat\u00e9gia Concursos traz not\u00edcias sobre concursos e artigos de professores oferecendo cursos para concursos (pdf + videaulas) no site.\",\"publisher\":{\"@id\":\"https:\/\/www.estrategiaconcursos.com.br\/blog\/#organization\"},\"potentialAction\":[{\"@type\":\"SearchAction\",\"target\":{\"@type\":\"EntryPoint\",\"urlTemplate\":\"https:\/\/www.estrategiaconcursos.com.br\/blog\/?s={search_term_string}\"},\"query-input\":{\"@type\":\"PropertyValueSpecification\",\"valueRequired\":true,\"valueName\":\"search_term_string\"}}],\"inLanguage\":\"pt-BR\"},{\"@type\":\"Organization\",\"@id\":\"https:\/\/www.estrategiaconcursos.com.br\/blog\/#organization\",\"name\":\"Estrat\u00e9gia Concursos\",\"url\":\"https:\/\/www.estrategiaconcursos.com.br\/blog\/\",\"logo\":{\"@type\":\"ImageObject\",\"inLanguage\":\"pt-BR\",\"@id\":\"https:\/\/www.estrategiaconcursos.com.br\/blog\/#\/schema\/logo\/image\/\",\"url\":\"https:\/\/dhg1h5j42swfq.cloudfront.net\/2025\/06\/03203428\/logo_concursos-1.jpg\",\"contentUrl\":\"https:\/\/dhg1h5j42swfq.cloudfront.net\/2025\/06\/03203428\/logo_concursos-1.jpg\",\"width\":230,\"height\":60,\"caption\":\"Estrat\u00e9gia Concursos\"},\"image\":{\"@id\":\"https:\/\/www.estrategiaconcursos.com.br\/blog\/#\/schema\/logo\/image\/\"},\"sameAs\":[\"https:\/\/x.com\/EstratConcursos\"]},{\"@type\":\"Person\",\"@id\":\"https:\/\/www.estrategiaconcursos.com.br\/blog\/#\/schema\/person\/b8a108568861dcf9ea0bc08399a7923b\",\"name\":\"Vicente Camillo\",\"image\":{\"@type\":\"ImageObject\",\"inLanguage\":\"pt-BR\",\"@id\":\"https:\/\/secure.gravatar.com\/avatar\/468a0239829de687ea87ca16fca161044431e49a078c185df9f7ebdca3918c68?s=96&d=mm&r=g\",\"url\":\"https:\/\/secure.gravatar.com\/avatar\/468a0239829de687ea87ca16fca161044431e49a078c185df9f7ebdca3918c68?s=96&d=mm&r=g\",\"contentUrl\":\"https:\/\/secure.gravatar.com\/avatar\/468a0239829de687ea87ca16fca161044431e49a078c185df9f7ebdca3918c68?s=96&d=mm&r=g\",\"caption\":\"Vicente Camillo\"},\"url\":\"https:\/\/www.estrategiaconcursos.com.br\/blog\/author\/vicentecamilloestrategiaconcursos-com-br\/\"}]}<\/script>\n<!-- \/ Yoast SEO Premium plugin. -->","yoast_head_json":{"title":"Moeda \u00fanica Brasil-Argentina: bom ou ruim?","robots":{"index":"index","follow":"follow","max-snippet":"max-snippet:-1","max-image-preview":"max-image-preview:large","max-video-preview":"max-video-preview:-1"},"canonical":"https:\/\/www.estrategiaconcursos.com.br\/blog\/moeda-unica-brasil-argentina-bom-ou-ruim\/","og_locale":"pt_BR","og_type":"article","og_title":"Moeda \u00fanica Brasil-Argentina: bom ou ruim?","og_description":"Aviso: As opini\u00f5es contidas neste artigo s\u00e3o estritamente pessoais e n\u00e3o guardam nenhuma rela\u00e7\u00e3o com a Comiss\u00e3o de Valores Mobili\u00e1rios, institui\u00e7\u00e3o em que trabalho. Economistas (s\u00e9rios, pois os picaretas n\u00e3o s\u00e3o considerados nesse texto) quase sempre discordam. H\u00e1 at\u00e9 uma piada (sem gra\u00e7a) que diz que a economia \u00e9 o \u00fanico campo onde duas pessoas [&hellip;]","og_url":"https:\/\/www.estrategiaconcursos.com.br\/blog\/moeda-unica-brasil-argentina-bom-ou-ruim\/","og_site_name":"Estrat\u00e9gia Concursos","article_published_time":"2019-06-10T10:27:54+00:00","article_modified_time":"2019-10-09T13:38:41+00:00","og_image":[{"url":"https:\/\/www.estrategiaconcursos.com.br\/blog\/wp-content\/uploads\/2019\/06\/Imagem1.png","type":"","width":"","height":""}],"author":"Vicente Camillo","twitter_card":"summary_large_image","twitter_creator":"@EstratConcursos","twitter_site":"@EstratConcursos","twitter_misc":{"Escrito por":"Vicente Camillo","Est. tempo de leitura":"13 minutos"},"schema":{"@context":"https:\/\/schema.org","@graph":[{"@type":"NewsArticle","@id":"https:\/\/www.estrategiaconcursos.com.br\/blog\/moeda-unica-brasil-argentina-bom-ou-ruim\/#article","isPartOf":{"@id":"https:\/\/www.estrategiaconcursos.com.br\/blog\/moeda-unica-brasil-argentina-bom-ou-ruim\/"},"author":{"name":"Vicente Camillo","@id":"https:\/\/www.estrategiaconcursos.com.br\/blog\/#\/schema\/person\/b8a108568861dcf9ea0bc08399a7923b"},"headline":"Moeda \u00fanica Brasil-Argentina: bom ou ruim?","datePublished":"2019-06-10T10:27:54+00:00","dateModified":"2019-10-09T13:38:41+00:00","mainEntityOfPage":{"@id":"https:\/\/www.estrategiaconcursos.com.br\/blog\/moeda-unica-brasil-argentina-bom-ou-ruim\/"},"wordCount":2557,"commentCount":6,"publisher":{"@id":"https:\/\/www.estrategiaconcursos.com.br\/blog\/#organization"},"image":{"@id":"https:\/\/www.estrategiaconcursos.com.br\/blog\/moeda-unica-brasil-argentina-bom-ou-ruim\/#primaryimage"},"thumbnailUrl":"https:\/\/www.estrategiaconcursos.com.br\/blog\/wp-content\/uploads\/2019\/06\/Imagem1.png","articleSection":["Concursos P\u00fablicos"],"inLanguage":"pt-BR","potentialAction":[{"@type":"CommentAction","name":"Comment","target":["https:\/\/www.estrategiaconcursos.com.br\/blog\/moeda-unica-brasil-argentina-bom-ou-ruim\/#respond"]}],"copyrightYear":"2019","copyrightHolder":{"@id":"https:\/\/www.estrategiaconcursos.com.br\/blog\/#organization"}},{"@type":"WebPage","@id":"https:\/\/www.estrategiaconcursos.com.br\/blog\/moeda-unica-brasil-argentina-bom-ou-ruim\/","url":"https:\/\/www.estrategiaconcursos.com.br\/blog\/moeda-unica-brasil-argentina-bom-ou-ruim\/","name":"Moeda \u00fanica Brasil-Argentina: bom ou ruim?","isPartOf":{"@id":"https:\/\/www.estrategiaconcursos.com.br\/blog\/#website"},"primaryImageOfPage":{"@id":"https:\/\/www.estrategiaconcursos.com.br\/blog\/moeda-unica-brasil-argentina-bom-ou-ruim\/#primaryimage"},"image":{"@id":"https:\/\/www.estrategiaconcursos.com.br\/blog\/moeda-unica-brasil-argentina-bom-ou-ruim\/#primaryimage"},"thumbnailUrl":"https:\/\/www.estrategiaconcursos.com.br\/blog\/wp-content\/uploads\/2019\/06\/Imagem1.png","datePublished":"2019-06-10T10:27:54+00:00","dateModified":"2019-10-09T13:38:41+00:00","breadcrumb":{"@id":"https:\/\/www.estrategiaconcursos.com.br\/blog\/moeda-unica-brasil-argentina-bom-ou-ruim\/#breadcrumb"},"inLanguage":"pt-BR","potentialAction":[{"@type":"ReadAction","target":["https:\/\/www.estrategiaconcursos.com.br\/blog\/moeda-unica-brasil-argentina-bom-ou-ruim\/"]}]},{"@type":"ImageObject","inLanguage":"pt-BR","@id":"https:\/\/www.estrategiaconcursos.com.br\/blog\/moeda-unica-brasil-argentina-bom-ou-ruim\/#primaryimage","url":"https:\/\/dhg1h5j42swfq.cloudfront.net\/2019\/06\/08122855\/Imagem1.png","contentUrl":"https:\/\/dhg1h5j42swfq.cloudfront.net\/2019\/06\/08122855\/Imagem1.png","width":883,"height":408},{"@type":"BreadcrumbList","@id":"https:\/\/www.estrategiaconcursos.com.br\/blog\/moeda-unica-brasil-argentina-bom-ou-ruim\/#breadcrumb","itemListElement":[{"@type":"ListItem","position":1,"name":"In\u00edcio","item":"https:\/\/www.estrategiaconcursos.com.br\/blog\/"},{"@type":"ListItem","position":2,"name":"Moeda \u00fanica Brasil-Argentina: bom ou ruim?"}]},{"@type":"WebSite","@id":"https:\/\/www.estrategiaconcursos.com.br\/blog\/#website","url":"https:\/\/www.estrategiaconcursos.com.br\/blog\/","name":"Estrat\u00e9gia Concursos","description":"O blog da Estrat\u00e9gia Concursos traz not\u00edcias sobre concursos e artigos de professores oferecendo cursos para concursos (pdf + videaulas) no site.","publisher":{"@id":"https:\/\/www.estrategiaconcursos.com.br\/blog\/#organization"},"potentialAction":[{"@type":"SearchAction","target":{"@type":"EntryPoint","urlTemplate":"https:\/\/www.estrategiaconcursos.com.br\/blog\/?s={search_term_string}"},"query-input":{"@type":"PropertyValueSpecification","valueRequired":true,"valueName":"search_term_string"}}],"inLanguage":"pt-BR"},{"@type":"Organization","@id":"https:\/\/www.estrategiaconcursos.com.br\/blog\/#organization","name":"Estrat\u00e9gia Concursos","url":"https:\/\/www.estrategiaconcursos.com.br\/blog\/","logo":{"@type":"ImageObject","inLanguage":"pt-BR","@id":"https:\/\/www.estrategiaconcursos.com.br\/blog\/#\/schema\/logo\/image\/","url":"https:\/\/dhg1h5j42swfq.cloudfront.net\/2025\/06\/03203428\/logo_concursos-1.jpg","contentUrl":"https:\/\/dhg1h5j42swfq.cloudfront.net\/2025\/06\/03203428\/logo_concursos-1.jpg","width":230,"height":60,"caption":"Estrat\u00e9gia Concursos"},"image":{"@id":"https:\/\/www.estrategiaconcursos.com.br\/blog\/#\/schema\/logo\/image\/"},"sameAs":["https:\/\/x.com\/EstratConcursos"]},{"@type":"Person","@id":"https:\/\/www.estrategiaconcursos.com.br\/blog\/#\/schema\/person\/b8a108568861dcf9ea0bc08399a7923b","name":"Vicente Camillo","image":{"@type":"ImageObject","inLanguage":"pt-BR","@id":"https:\/\/secure.gravatar.com\/avatar\/468a0239829de687ea87ca16fca161044431e49a078c185df9f7ebdca3918c68?s=96&d=mm&r=g","url":"https:\/\/secure.gravatar.com\/avatar\/468a0239829de687ea87ca16fca161044431e49a078c185df9f7ebdca3918c68?s=96&d=mm&r=g","contentUrl":"https:\/\/secure.gravatar.com\/avatar\/468a0239829de687ea87ca16fca161044431e49a078c185df9f7ebdca3918c68?s=96&d=mm&r=g","caption":"Vicente Camillo"},"url":"https:\/\/www.estrategiaconcursos.com.br\/blog\/author\/vicentecamilloestrategiaconcursos-com-br\/"}]}},"_links":{"self":[{"href":"https:\/\/www.estrategiaconcursos.com.br\/blog\/wp-json\/wp\/v2\/posts\/385491","targetHints":{"allow":["GET"]}}],"collection":[{"href":"https:\/\/www.estrategiaconcursos.com.br\/blog\/wp-json\/wp\/v2\/posts"}],"about":[{"href":"https:\/\/www.estrategiaconcursos.com.br\/blog\/wp-json\/wp\/v2\/types\/post"}],"author":[{"embeddable":true,"href":"https:\/\/www.estrategiaconcursos.com.br\/blog\/wp-json\/wp\/v2\/users\/127"}],"replies":[{"embeddable":true,"href":"https:\/\/www.estrategiaconcursos.com.br\/blog\/wp-json\/wp\/v2\/comments?post=385491"}],"version-history":[{"count":6,"href":"https:\/\/www.estrategiaconcursos.com.br\/blog\/wp-json\/wp\/v2\/posts\/385491\/revisions"}],"predecessor-version":[{"id":432076,"href":"https:\/\/www.estrategiaconcursos.com.br\/blog\/wp-json\/wp\/v2\/posts\/385491\/revisions\/432076"}],"wp:attachment":[{"href":"https:\/\/www.estrategiaconcursos.com.br\/blog\/wp-json\/wp\/v2\/media?parent=385491"}],"wp:term":[{"taxonomy":"category","embeddable":true,"href":"https:\/\/www.estrategiaconcursos.com.br\/blog\/wp-json\/wp\/v2\/categories?post=385491"},{"taxonomy":"post_tag","embeddable":true,"href":"https:\/\/www.estrategiaconcursos.com.br\/blog\/wp-json\/wp\/v2\/tags?post=385491"},{"taxonomy":"tax_estado","embeddable":true,"href":"https:\/\/www.estrategiaconcursos.com.br\/blog\/wp-json\/wp\/v2\/tax_estado?post=385491"}],"curies":[{"name":"wp","href":"https:\/\/api.w.org\/{rel}","templated":true}]}}