{"id":385418,"date":"2019-06-08T10:08:41","date_gmt":"2019-06-08T13:08:41","guid":{"rendered":"https:\/\/www.estrategiaconcursos.com.br\/blog\/?p=385418"},"modified":"2019-06-08T10:08:52","modified_gmt":"2019-06-08T13:08:52","slug":"concurso-policia-civil-rj-governador-divulga-vagas","status":"publish","type":"post","link":"https:\/\/www.estrategiaconcursos.com.br\/blog\/concurso-policia-civil-rj-governador-divulga-vagas\/","title":{"rendered":"Concurso Pol\u00edcia Civil RJ: governador divulga distribui\u00e7\u00e3o das 1.000 vagas"},"content":{"rendered":"\n<p>O governador do estado do Rio de Janeiro, Wilson Witzel, anunciou nesta sexta-feira, 06 de junho, os cargos e a distribui\u00e7\u00e3o do n\u00famero de vagas que devem ser ofertadas no concurso da Pol\u00edcia Civil. De acordo com o comunicado feito pelo gestor, o pr\u00f3ximo concurso deve ofertar 1000 vagas para diferentes cargos da Pol\u00edcia.<\/p>\n\n\n\n<p>Os cargos e respectivos n\u00fameros de vagas que ser\u00e3o ofertados no edital \u00e9:<\/p>\n\n\n\n<ul class=\"wp-block-list\"><li><em>Delegado &#8211; 100 vagas<\/em><\/li><li><em>Perito &#8211; 100 vagas<\/em><\/li><li><em>Inspetor &#8211; 500 vagas<\/em><\/li><li><em>Investigador &#8211; 100 vagas<\/em><\/li><li><em>Perito Criminal &#8211; 60 vagas<\/em><\/li><li><em>T\u00e9cnico em Necropsia &#8211; 80 vagas<\/em><\/li><li><em>Auxiliar de Necropsia &#8211; 60 vagas<\/em><\/li><\/ul>\n\n\n\n<p>Ainda de acordo com o comunicado feito pelo governador, outros concursos para refor\u00e7ar a seguran\u00e7a do estado est\u00e3o programados para acontecer nos pr\u00f3ximos anos. Ainda no in\u00edcio deste ano, o governador Wilson Witzel j\u00e1 havia anunciado a realiza\u00e7\u00e3o de novos concursos para o estado. Al\u00e9m da Pol\u00edcia Civil, h\u00e1 a previs\u00e3o ainda de que sejam realizados concursos para a Pol\u00edcia Militar.<\/p>\n\n\n\n<p>Veja os principais requisitos para ingressar nos cargos:<\/p>\n\n\n\n<ul class=\"wp-block-list\"><li><strong>Inspetor:<\/strong>\u00a0n\u00edvel\u00a0superior\u00a0em\u00a0qualquer\u00a0\u00e1rea;<\/li><li><strong>Perito Legista:\u00a0<\/strong>n\u00edvel\u00a0superior\u00a0em Medicina, Odontologia, Farm\u00e1cia ou Bioqu\u00edmica;<\/li><li><strong>Delegado:<\/strong>\u00a0n\u00edvel\u00a0superior\u00a0em\u00a0Direito;<\/li><li><strong>T\u00e9cnico de Necropsia:<\/strong>\u00a0n\u00edvel\u00a0m\u00e9dio;<\/li><li><strong>Auxiliar de Necropsia:<\/strong>\u00a0n\u00edvel fundamental.<\/li><\/ul>\n\n\n\n<p style=\"font-size:25px;text-align:center\" class=\"has-background has-luminous-vivid-amber-background-color\">INFORMA\u00c7\u00d5ES &#8211; <span style=\"text-decoration: underline;\"><a rel=\"noreferrer noopener\" aria-label=\"Concurso Pol\u00edcia Civil RJ (abre numa nova aba)\" href=\"https:\/\/www.estrategiaconcursos.com.br\/blog\/concurso-policia-civil-rj\/\" target=\"_blank\">Concurso Pol\u00edcia Civil RJ<\/a><\/span><\/p>\n","protected":false},"excerpt":{"rendered":"<p>O governador do estado do Rio de Janeiro, Wilson Witzel, anunciou nesta sexta-feira, 06 de junho, os cargos e a distribui\u00e7\u00e3o do n\u00famero de vagas que devem ser ofertadas no concurso da Pol\u00edcia Civil. De acordo com o comunicado feito pelo gestor, o pr\u00f3ximo concurso deve ofertar 1000 vagas para diferentes cargos da Pol\u00edcia. Os [&hellip;]<\/p>\n","protected":false},"author":552,"featured_media":385422,"comment_status":"open","ping_status":"closed","sticky":false,"template":"","format":"standard","meta":{"post_tipo":"article","footnotes":""},"categories":[1],"tags":[],"tax_estado":[],"class_list":["post-385418","post","type-post","status-publish","format-standard","has-post-thumbnail","hentry","category-cursos-e-concursos"],"acf":[],"yoast_head":"<!-- This site is optimized with the Yoast SEO Premium plugin v27.2 (Yoast SEO v27.2) - https:\/\/yoast.com\/product\/yoast-seo-premium-wordpress\/ -->\n<title>Concurso Pol\u00edcia Civil RJ: governador divulga distribui\u00e7\u00e3o das 1.000 vagas<\/title>\n<meta name=\"robots\" content=\"index, follow, max-snippet:-1, max-image-preview:large, max-video-preview:-1\" \/>\n<link rel=\"canonical\" href=\"https:\/\/www.estrategiaconcursos.com.br\/blog\/concurso-policia-civil-rj-governador-divulga-vagas\/\" \/>\n<meta property=\"og:locale\" content=\"pt_BR\" \/>\n<meta property=\"og:type\" content=\"article\" \/>\n<meta property=\"og:title\" content=\"Concurso Pol\u00edcia Civil RJ: governador divulga distribui\u00e7\u00e3o das 1.000 vagas\" \/>\n<meta property=\"og:description\" content=\"O governador do estado do Rio de Janeiro, Wilson Witzel, anunciou nesta sexta-feira, 06 de junho, os cargos e a distribui\u00e7\u00e3o do n\u00famero de vagas que devem ser ofertadas no concurso da Pol\u00edcia Civil. De acordo com o comunicado feito pelo gestor, o pr\u00f3ximo concurso deve ofertar 1000 vagas para diferentes cargos da Pol\u00edcia. Os [&hellip;]\" \/>\n<meta property=\"og:url\" content=\"https:\/\/www.estrategiaconcursos.com.br\/blog\/concurso-policia-civil-rj-governador-divulga-vagas\/\" \/>\n<meta property=\"og:site_name\" content=\"Estrat\u00e9gia Concursos\" \/>\n<meta property=\"article:published_time\" content=\"2019-06-08T13:08:41+00:00\" \/>\n<meta property=\"article:modified_time\" content=\"2019-06-08T13:08:52+00:00\" \/>\n<meta property=\"og:image\" content=\"https:\/\/dhg1h5j42swfq.cloudfront.net\/2019\/06\/08100833\/governador-wilson-witzel.jpg\" \/>\n\t<meta property=\"og:image:width\" content=\"1140\" \/>\n\t<meta property=\"og:image:height\" content=\"760\" \/>\n\t<meta property=\"og:image:type\" content=\"image\/jpeg\" \/>\n<meta name=\"author\" content=\"Paulo Bilynskyj\" \/>\n<meta name=\"twitter:card\" content=\"summary_large_image\" \/>\n<meta name=\"twitter:creator\" content=\"@EstratConcursos\" \/>\n<meta name=\"twitter:site\" content=\"@EstratConcursos\" \/>\n<meta name=\"twitter:label1\" content=\"Escrito por\" \/>\n\t<meta name=\"twitter:data1\" content=\"Paulo Bilynskyj\" \/>\n\t<meta name=\"twitter:label2\" content=\"Est. tempo de leitura\" \/>\n\t<meta name=\"twitter:data2\" content=\"1 minuto\" \/>\n<script type=\"application\/ld+json\" class=\"yoast-schema-graph\">{\"@context\":\"https:\/\/schema.org\",\"@graph\":[{\"@type\":\"NewsArticle\",\"@id\":\"https:\/\/www.estrategiaconcursos.com.br\/blog\/concurso-policia-civil-rj-governador-divulga-vagas\/#article\",\"isPartOf\":{\"@id\":\"https:\/\/www.estrategiaconcursos.com.br\/blog\/concurso-policia-civil-rj-governador-divulga-vagas\/\"},\"author\":{\"name\":\"Paulo Bilynskyj\",\"@id\":\"https:\/\/www.estrategiaconcursos.com.br\/blog\/#\/schema\/person\/a630b15e36f45b4c21fed01219843cb5\"},\"headline\":\"Concurso Pol\u00edcia Civil RJ: governador divulga distribui\u00e7\u00e3o das 1.000 vagas\",\"datePublished\":\"2019-06-08T13:08:41+00:00\",\"dateModified\":\"2019-06-08T13:08:52+00:00\",\"mainEntityOfPage\":{\"@id\":\"https:\/\/www.estrategiaconcursos.com.br\/blog\/concurso-policia-civil-rj-governador-divulga-vagas\/\"},\"wordCount\":236,\"commentCount\":4,\"publisher\":{\"@id\":\"https:\/\/www.estrategiaconcursos.com.br\/blog\/#organization\"},\"image\":{\"@id\":\"https:\/\/www.estrategiaconcursos.com.br\/blog\/concurso-policia-civil-rj-governador-divulga-vagas\/#primaryimage\"},\"thumbnailUrl\":\"https:\/\/dhg1h5j42swfq.cloudfront.net\/2019\/06\/08100833\/governador-wilson-witzel.jpg\",\"articleSection\":[\"Concursos P\u00fablicos\"],\"inLanguage\":\"pt-BR\",\"potentialAction\":[{\"@type\":\"CommentAction\",\"name\":\"Comment\",\"target\":[\"https:\/\/www.estrategiaconcursos.com.br\/blog\/concurso-policia-civil-rj-governador-divulga-vagas\/#respond\"]}],\"copyrightYear\":\"2019\",\"copyrightHolder\":{\"@id\":\"https:\/\/www.estrategiaconcursos.com.br\/blog\/#organization\"}},{\"@type\":\"WebPage\",\"@id\":\"https:\/\/www.estrategiaconcursos.com.br\/blog\/concurso-policia-civil-rj-governador-divulga-vagas\/\",\"url\":\"https:\/\/www.estrategiaconcursos.com.br\/blog\/concurso-policia-civil-rj-governador-divulga-vagas\/\",\"name\":\"Concurso Pol\u00edcia Civil RJ: governador divulga distribui\u00e7\u00e3o das 1.000 vagas\",\"isPartOf\":{\"@id\":\"https:\/\/www.estrategiaconcursos.com.br\/blog\/#website\"},\"primaryImageOfPage\":{\"@id\":\"https:\/\/www.estrategiaconcursos.com.br\/blog\/concurso-policia-civil-rj-governador-divulga-vagas\/#primaryimage\"},\"image\":{\"@id\":\"https:\/\/www.estrategiaconcursos.com.br\/blog\/concurso-policia-civil-rj-governador-divulga-vagas\/#primaryimage\"},\"thumbnailUrl\":\"https:\/\/dhg1h5j42swfq.cloudfront.net\/2019\/06\/08100833\/governador-wilson-witzel.jpg\",\"datePublished\":\"2019-06-08T13:08:41+00:00\",\"dateModified\":\"2019-06-08T13:08:52+00:00\",\"breadcrumb\":{\"@id\":\"https:\/\/www.estrategiaconcursos.com.br\/blog\/concurso-policia-civil-rj-governador-divulga-vagas\/#breadcrumb\"},\"inLanguage\":\"pt-BR\",\"potentialAction\":[{\"@type\":\"ReadAction\",\"target\":[\"https:\/\/www.estrategiaconcursos.com.br\/blog\/concurso-policia-civil-rj-governador-divulga-vagas\/\"]}]},{\"@type\":\"ImageObject\",\"inLanguage\":\"pt-BR\",\"@id\":\"https:\/\/www.estrategiaconcursos.com.br\/blog\/concurso-policia-civil-rj-governador-divulga-vagas\/#primaryimage\",\"url\":\"https:\/\/dhg1h5j42swfq.cloudfront.net\/2019\/06\/08100833\/governador-wilson-witzel.jpg\",\"contentUrl\":\"https:\/\/dhg1h5j42swfq.cloudfront.net\/2019\/06\/08100833\/governador-wilson-witzel.jpg\",\"width\":1140,\"height\":760,\"caption\":\"O governador eleito do Estado do Rio de Janeiro, Wilson Witzel (PSC), anuncia secret\u00e1rios em entrevista coletiva sobre a transi\u00e7\u00e3o do governo, na Fecom\u00e9rcio.\"},{\"@type\":\"BreadcrumbList\",\"@id\":\"https:\/\/www.estrategiaconcursos.com.br\/blog\/concurso-policia-civil-rj-governador-divulga-vagas\/#breadcrumb\",\"itemListElement\":[{\"@type\":\"ListItem\",\"position\":1,\"name\":\"In\u00edcio\",\"item\":\"https:\/\/www.estrategiaconcursos.com.br\/blog\/\"},{\"@type\":\"ListItem\",\"position\":2,\"name\":\"Concurso Pol\u00edcia Civil RJ: governador divulga distribui\u00e7\u00e3o das 1.000 vagas\"}]},{\"@type\":\"WebSite\",\"@id\":\"https:\/\/www.estrategiaconcursos.com.br\/blog\/#website\",\"url\":\"https:\/\/www.estrategiaconcursos.com.br\/blog\/\",\"name\":\"Estrat\u00e9gia Concursos\",\"description\":\"O blog da Estrat\u00e9gia Concursos traz not\u00edcias sobre concursos e artigos de professores oferecendo cursos para concursos (pdf + videaulas) no site.\",\"publisher\":{\"@id\":\"https:\/\/www.estrategiaconcursos.com.br\/blog\/#organization\"},\"potentialAction\":[{\"@type\":\"SearchAction\",\"target\":{\"@type\":\"EntryPoint\",\"urlTemplate\":\"https:\/\/www.estrategiaconcursos.com.br\/blog\/?s={search_term_string}\"},\"query-input\":{\"@type\":\"PropertyValueSpecification\",\"valueRequired\":true,\"valueName\":\"search_term_string\"}}],\"inLanguage\":\"pt-BR\"},{\"@type\":\"Organization\",\"@id\":\"https:\/\/www.estrategiaconcursos.com.br\/blog\/#organization\",\"name\":\"Estrat\u00e9gia Concursos\",\"url\":\"https:\/\/www.estrategiaconcursos.com.br\/blog\/\",\"logo\":{\"@type\":\"ImageObject\",\"inLanguage\":\"pt-BR\",\"@id\":\"https:\/\/www.estrategiaconcursos.com.br\/blog\/#\/schema\/logo\/image\/\",\"url\":\"https:\/\/dhg1h5j42swfq.cloudfront.net\/2025\/06\/03203428\/logo_concursos-1.jpg\",\"contentUrl\":\"https:\/\/dhg1h5j42swfq.cloudfront.net\/2025\/06\/03203428\/logo_concursos-1.jpg\",\"width\":230,\"height\":60,\"caption\":\"Estrat\u00e9gia Concursos\"},\"image\":{\"@id\":\"https:\/\/www.estrategiaconcursos.com.br\/blog\/#\/schema\/logo\/image\/\"},\"sameAs\":[\"https:\/\/x.com\/EstratConcursos\"]},{\"@type\":\"Person\",\"@id\":\"https:\/\/www.estrategiaconcursos.com.br\/blog\/#\/schema\/person\/a630b15e36f45b4c21fed01219843cb5\",\"name\":\"Paulo Bilynskyj\",\"image\":{\"@type\":\"ImageObject\",\"inLanguage\":\"pt-BR\",\"@id\":\"https:\/\/secure.gravatar.com\/avatar\/37e21f70c9042e7456beffdc6d31fe051f3f6dcbf252f69343a791b144852057?s=96&d=mm&r=g\",\"url\":\"https:\/\/secure.gravatar.com\/avatar\/37e21f70c9042e7456beffdc6d31fe051f3f6dcbf252f69343a791b144852057?s=96&d=mm&r=g\",\"contentUrl\":\"https:\/\/secure.gravatar.com\/avatar\/37e21f70c9042e7456beffdc6d31fe051f3f6dcbf252f69343a791b144852057?s=96&d=mm&r=g\",\"caption\":\"Paulo Bilynskyj\"},\"url\":\"https:\/\/www.estrategiaconcursos.com.br\/blog\/author\/pbilynskyjgmail-com\/\"}]}<\/script>\n<!-- \/ Yoast SEO Premium plugin. -->","yoast_head_json":{"title":"Concurso Pol\u00edcia Civil RJ: governador divulga distribui\u00e7\u00e3o das 1.000 vagas","robots":{"index":"index","follow":"follow","max-snippet":"max-snippet:-1","max-image-preview":"max-image-preview:large","max-video-preview":"max-video-preview:-1"},"canonical":"https:\/\/www.estrategiaconcursos.com.br\/blog\/concurso-policia-civil-rj-governador-divulga-vagas\/","og_locale":"pt_BR","og_type":"article","og_title":"Concurso Pol\u00edcia Civil RJ: governador divulga distribui\u00e7\u00e3o das 1.000 vagas","og_description":"O governador do estado do Rio de Janeiro, Wilson Witzel, anunciou nesta sexta-feira, 06 de junho, os cargos e a distribui\u00e7\u00e3o do n\u00famero de vagas que devem ser ofertadas no concurso da Pol\u00edcia Civil. De acordo com o comunicado feito pelo gestor, o pr\u00f3ximo concurso deve ofertar 1000 vagas para diferentes cargos da Pol\u00edcia. Os [&hellip;]","og_url":"https:\/\/www.estrategiaconcursos.com.br\/blog\/concurso-policia-civil-rj-governador-divulga-vagas\/","og_site_name":"Estrat\u00e9gia Concursos","article_published_time":"2019-06-08T13:08:41+00:00","article_modified_time":"2019-06-08T13:08:52+00:00","og_image":[{"width":1140,"height":760,"url":"https:\/\/dhg1h5j42swfq.cloudfront.net\/2019\/06\/08100833\/governador-wilson-witzel.jpg","type":"image\/jpeg"}],"author":"Paulo Bilynskyj","twitter_card":"summary_large_image","twitter_creator":"@EstratConcursos","twitter_site":"@EstratConcursos","twitter_misc":{"Escrito por":"Paulo Bilynskyj","Est. tempo de leitura":"1 minuto"},"schema":{"@context":"https:\/\/schema.org","@graph":[{"@type":"NewsArticle","@id":"https:\/\/www.estrategiaconcursos.com.br\/blog\/concurso-policia-civil-rj-governador-divulga-vagas\/#article","isPartOf":{"@id":"https:\/\/www.estrategiaconcursos.com.br\/blog\/concurso-policia-civil-rj-governador-divulga-vagas\/"},"author":{"name":"Paulo Bilynskyj","@id":"https:\/\/www.estrategiaconcursos.com.br\/blog\/#\/schema\/person\/a630b15e36f45b4c21fed01219843cb5"},"headline":"Concurso Pol\u00edcia Civil RJ: governador divulga distribui\u00e7\u00e3o das 1.000 vagas","datePublished":"2019-06-08T13:08:41+00:00","dateModified":"2019-06-08T13:08:52+00:00","mainEntityOfPage":{"@id":"https:\/\/www.estrategiaconcursos.com.br\/blog\/concurso-policia-civil-rj-governador-divulga-vagas\/"},"wordCount":236,"commentCount":4,"publisher":{"@id":"https:\/\/www.estrategiaconcursos.com.br\/blog\/#organization"},"image":{"@id":"https:\/\/www.estrategiaconcursos.com.br\/blog\/concurso-policia-civil-rj-governador-divulga-vagas\/#primaryimage"},"thumbnailUrl":"https:\/\/dhg1h5j42swfq.cloudfront.net\/2019\/06\/08100833\/governador-wilson-witzel.jpg","articleSection":["Concursos P\u00fablicos"],"inLanguage":"pt-BR","potentialAction":[{"@type":"CommentAction","name":"Comment","target":["https:\/\/www.estrategiaconcursos.com.br\/blog\/concurso-policia-civil-rj-governador-divulga-vagas\/#respond"]}],"copyrightYear":"2019","copyrightHolder":{"@id":"https:\/\/www.estrategiaconcursos.com.br\/blog\/#organization"}},{"@type":"WebPage","@id":"https:\/\/www.estrategiaconcursos.com.br\/blog\/concurso-policia-civil-rj-governador-divulga-vagas\/","url":"https:\/\/www.estrategiaconcursos.com.br\/blog\/concurso-policia-civil-rj-governador-divulga-vagas\/","name":"Concurso Pol\u00edcia Civil RJ: governador divulga distribui\u00e7\u00e3o das 1.000 vagas","isPartOf":{"@id":"https:\/\/www.estrategiaconcursos.com.br\/blog\/#website"},"primaryImageOfPage":{"@id":"https:\/\/www.estrategiaconcursos.com.br\/blog\/concurso-policia-civil-rj-governador-divulga-vagas\/#primaryimage"},"image":{"@id":"https:\/\/www.estrategiaconcursos.com.br\/blog\/concurso-policia-civil-rj-governador-divulga-vagas\/#primaryimage"},"thumbnailUrl":"https:\/\/dhg1h5j42swfq.cloudfront.net\/2019\/06\/08100833\/governador-wilson-witzel.jpg","datePublished":"2019-06-08T13:08:41+00:00","dateModified":"2019-06-08T13:08:52+00:00","breadcrumb":{"@id":"https:\/\/www.estrategiaconcursos.com.br\/blog\/concurso-policia-civil-rj-governador-divulga-vagas\/#breadcrumb"},"inLanguage":"pt-BR","potentialAction":[{"@type":"ReadAction","target":["https:\/\/www.estrategiaconcursos.com.br\/blog\/concurso-policia-civil-rj-governador-divulga-vagas\/"]}]},{"@type":"ImageObject","inLanguage":"pt-BR","@id":"https:\/\/www.estrategiaconcursos.com.br\/blog\/concurso-policia-civil-rj-governador-divulga-vagas\/#primaryimage","url":"https:\/\/dhg1h5j42swfq.cloudfront.net\/2019\/06\/08100833\/governador-wilson-witzel.jpg","contentUrl":"https:\/\/dhg1h5j42swfq.cloudfront.net\/2019\/06\/08100833\/governador-wilson-witzel.jpg","width":1140,"height":760,"caption":"O governador eleito do Estado do Rio de Janeiro, Wilson Witzel (PSC), anuncia secret\u00e1rios em entrevista coletiva sobre a transi\u00e7\u00e3o do governo, na Fecom\u00e9rcio."},{"@type":"BreadcrumbList","@id":"https:\/\/www.estrategiaconcursos.com.br\/blog\/concurso-policia-civil-rj-governador-divulga-vagas\/#breadcrumb","itemListElement":[{"@type":"ListItem","position":1,"name":"In\u00edcio","item":"https:\/\/www.estrategiaconcursos.com.br\/blog\/"},{"@type":"ListItem","position":2,"name":"Concurso Pol\u00edcia Civil RJ: governador divulga distribui\u00e7\u00e3o das 1.000 vagas"}]},{"@type":"WebSite","@id":"https:\/\/www.estrategiaconcursos.com.br\/blog\/#website","url":"https:\/\/www.estrategiaconcursos.com.br\/blog\/","name":"Estrat\u00e9gia Concursos","description":"O blog da Estrat\u00e9gia Concursos traz not\u00edcias sobre concursos e artigos de professores oferecendo cursos para concursos (pdf + videaulas) no site.","publisher":{"@id":"https:\/\/www.estrategiaconcursos.com.br\/blog\/#organization"},"potentialAction":[{"@type":"SearchAction","target":{"@type":"EntryPoint","urlTemplate":"https:\/\/www.estrategiaconcursos.com.br\/blog\/?s={search_term_string}"},"query-input":{"@type":"PropertyValueSpecification","valueRequired":true,"valueName":"search_term_string"}}],"inLanguage":"pt-BR"},{"@type":"Organization","@id":"https:\/\/www.estrategiaconcursos.com.br\/blog\/#organization","name":"Estrat\u00e9gia Concursos","url":"https:\/\/www.estrategiaconcursos.com.br\/blog\/","logo":{"@type":"ImageObject","inLanguage":"pt-BR","@id":"https:\/\/www.estrategiaconcursos.com.br\/blog\/#\/schema\/logo\/image\/","url":"https:\/\/dhg1h5j42swfq.cloudfront.net\/2025\/06\/03203428\/logo_concursos-1.jpg","contentUrl":"https:\/\/dhg1h5j42swfq.cloudfront.net\/2025\/06\/03203428\/logo_concursos-1.jpg","width":230,"height":60,"caption":"Estrat\u00e9gia Concursos"},"image":{"@id":"https:\/\/www.estrategiaconcursos.com.br\/blog\/#\/schema\/logo\/image\/"},"sameAs":["https:\/\/x.com\/EstratConcursos"]},{"@type":"Person","@id":"https:\/\/www.estrategiaconcursos.com.br\/blog\/#\/schema\/person\/a630b15e36f45b4c21fed01219843cb5","name":"Paulo Bilynskyj","image":{"@type":"ImageObject","inLanguage":"pt-BR","@id":"https:\/\/secure.gravatar.com\/avatar\/37e21f70c9042e7456beffdc6d31fe051f3f6dcbf252f69343a791b144852057?s=96&d=mm&r=g","url":"https:\/\/secure.gravatar.com\/avatar\/37e21f70c9042e7456beffdc6d31fe051f3f6dcbf252f69343a791b144852057?s=96&d=mm&r=g","contentUrl":"https:\/\/secure.gravatar.com\/avatar\/37e21f70c9042e7456beffdc6d31fe051f3f6dcbf252f69343a791b144852057?s=96&d=mm&r=g","caption":"Paulo Bilynskyj"},"url":"https:\/\/www.estrategiaconcursos.com.br\/blog\/author\/pbilynskyjgmail-com\/"}]}},"_links":{"self":[{"href":"https:\/\/www.estrategiaconcursos.com.br\/blog\/wp-json\/wp\/v2\/posts\/385418","targetHints":{"allow":["GET"]}}],"collection":[{"href":"https:\/\/www.estrategiaconcursos.com.br\/blog\/wp-json\/wp\/v2\/posts"}],"about":[{"href":"https:\/\/www.estrategiaconcursos.com.br\/blog\/wp-json\/wp\/v2\/types\/post"}],"author":[{"embeddable":true,"href":"https:\/\/www.estrategiaconcursos.com.br\/blog\/wp-json\/wp\/v2\/users\/552"}],"replies":[{"embeddable":true,"href":"https:\/\/www.estrategiaconcursos.com.br\/blog\/wp-json\/wp\/v2\/comments?post=385418"}],"version-history":[{"count":2,"href":"https:\/\/www.estrategiaconcursos.com.br\/blog\/wp-json\/wp\/v2\/posts\/385418\/revisions"}],"predecessor-version":[{"id":385426,"href":"https:\/\/www.estrategiaconcursos.com.br\/blog\/wp-json\/wp\/v2\/posts\/385418\/revisions\/385426"}],"wp:featuredmedia":[{"embeddable":true,"href":"https:\/\/www.estrategiaconcursos.com.br\/blog\/wp-json\/wp\/v2\/media\/385422"}],"wp:attachment":[{"href":"https:\/\/www.estrategiaconcursos.com.br\/blog\/wp-json\/wp\/v2\/media?parent=385418"}],"wp:term":[{"taxonomy":"category","embeddable":true,"href":"https:\/\/www.estrategiaconcursos.com.br\/blog\/wp-json\/wp\/v2\/categories?post=385418"},{"taxonomy":"post_tag","embeddable":true,"href":"https:\/\/www.estrategiaconcursos.com.br\/blog\/wp-json\/wp\/v2\/tags?post=385418"},{"taxonomy":"tax_estado","embeddable":true,"href":"https:\/\/www.estrategiaconcursos.com.br\/blog\/wp-json\/wp\/v2\/tax_estado?post=385418"}],"curies":[{"name":"wp","href":"https:\/\/api.w.org\/{rel}","templated":true}]}}