{"id":385347,"date":"2020-06-16T06:22:00","date_gmt":"2020-06-16T09:22:00","guid":{"rendered":"https:\/\/www.estrategiaconcursos.com.br\/blog\/?p=385347"},"modified":"2020-06-15T21:25:10","modified_gmt":"2020-06-16T00:25:10","slug":"lei-10-520-02-saiba-tudo-sobre-a-lei-do-pregao","status":"publish","type":"post","link":"https:\/\/www.estrategiaconcursos.com.br\/blog\/lei-10-520-02-saiba-tudo-sobre-a-lei-do-pregao\/","title":{"rendered":"Lei 10520\/2002 Comentada: Saiba tudo sobre a Lei do Preg\u00e3o!"},"content":{"rendered":"\n<p class=\"has-medium-font-size\"><em>Neste artigo, estudaremos todos os principais aspectos sobre a Lei 10520, que instituiu a modalidade de licita\u00e7\u00e3o denominada preg\u00e3o. <\/em><\/p>\n\n\n\n<p class=\"has-text-color has-vivid-cyan-blue-color\"><a href=\"https:\/\/drive.google.com\/open?id=1sjzU8oLBuUpHdAuYis7rtsIMKI5yBtH0\" target=\"_blank\" rel=\"noreferrer noopener\" aria-label=\"BAIXAR - LEI 10.520\/02 (abre numa nova aba)\">BAIXAR &#8211; LEI 10.520\/02<\/a><\/p>\n\n\n\n<p class=\"has-text-color has-text-align-left has-very-dark-gray-color\">Ol\u00e1, amigos! Tudo bem?<\/p>\n\n\n\n<p>Meu nome \u00e9 <strong>Antonio Daud<\/strong>, sou professor de Direito Administrativo e Direito do Trabalho no Estrat\u00e9gia Concursos.<\/p>\n\n\n\n<p>Hoje estou passando aqui para comentar os aspectos mais relevantes da <strong>Lei do Preg\u00e3o<\/strong> &#8211; Lei 10520\/2002. <\/p>\n\n\n\n<p>Vamos l\u00e1?<\/p>\n\n\n\n<h2 class=\"wp-block-heading\">No\u00e7\u00f5es Gerais sobre a Lei 10520\/2002<\/h2>\n\n\n\n<p>O preg\u00e3o \u00e9 a modalidade de licita\u00e7\u00e3o mais utilizada na atualidade, destinada \u00e0 aquisi\u00e7\u00e3o de <strong>bens e servi\u00e7os considerados comuns<\/strong>, independentemente do valor da licita\u00e7\u00e3o. Sua cria\u00e7\u00e3o foi motivada, essencialmente, pela necessidade de maior <strong>celeridade<\/strong> das compras p\u00fablicas, alinhando-se assim ao princ\u00edpio constitucional da <strong>efici\u00eancia<\/strong>. <\/p>\n\n\n\n<p>A primeira conclus\u00e3o importante \u00e9 que a ado\u00e7\u00e3o do preg\u00e3o <strong>n\u00e3o est\u00e1 relacionada ao valor<\/strong> do contrato a ser celebrado, mas sim \u00e0 <strong>natureza<\/strong> do objeto ser ou n\u00e3o <strong>comum<\/strong>. Em outras palavras, o que a Lei 10520 prev\u00ea \u00e9 que o preg\u00e3o poder\u00e1 ser utilizado quando a Administra\u00e7\u00e3o busca adquirir <strong>bens ou servi\u00e7os comuns<\/strong>. <\/p>\n\n\n\n<p class=\"has-text-color has-vivid-cyan-blue-color\"><strong>Mas como saber se o bem ou servi\u00e7o \u00e9, de fato, comum?<\/strong><\/p>\n\n\n\n<p>A legisla\u00e7\u00e3o define\nque s\u00e3o comuns aqueles objetos cujos <strong>padr\u00f5es\nde desempenho<\/strong> e <strong>qualidade<\/strong> possam\nser <strong>objetivamente definidos pelo edital<\/strong>,\npor meio de especifica\u00e7\u00f5es usuais no mercado (Lei 10.520, art. 1\u00ba, par\u00e1grafo\n\u00fanico).<\/p>\n\n\n\n<p>Tomem como exemplo uma licita\u00e7\u00e3o para aquisi\u00e7\u00e3o de computadores. <\/p>\n\n\n\n<blockquote class=\"wp-block-quote is-layout-flow wp-block-quote-is-layout-flow\"><p>Ao realizar tal certame, a Administra\u00e7\u00e3o consegue descrever o objeto desejado em termos de especifica\u00e7\u00f5es usuais de mercado, mencionando o tamanho e o tipo da mem\u00f3ria do equipamento (8GB de mem\u00f3ria RAM), os requisitos do processador (frequ\u00eancia, quantidade de n\u00facleos etc), o tipo de placa de v\u00eddeo, a quantidade de portas USB etc.<br \/>Apesar de ser um bem extremamente complexo, \u00e9 poss\u00edvel descrever um computador objetivamente e tal descri\u00e7\u00e3o ser compreendida pelo mercado, o que caracteriza sua <strong>natureza comum<\/strong>. <\/p><\/blockquote>\n\n\n\n<p>Conhecida sua natureza comum, \u00e9 importante ressalva da legisla\u00e7\u00e3o de que o preg\u00e3o <strong>n\u00e3o se aplica<\/strong> \u00e0s contrata\u00e7\u00f5es de <strong>obras<\/strong>, \u00e0s <strong>loca\u00e7\u00f5es imobili\u00e1rias<\/strong>, \u00e0s <strong>aliena\u00e7\u00f5es em geral<\/strong> e nem aos <strong>bens e servi\u00e7os especiais <\/strong>(Decreto 3.555\/2000, art. 5\u00ba; Decreto 10.024, art. 4\u00ba).<\/p>\n\n\n\n<p>Quanto \u00e0 contrata\u00e7\u00e3o de <strong>servi\u00e7os de engenharia<\/strong>, o Decreto 10.024\/2019 passou a distinguir <strong>servi\u00e7os de engenharia<\/strong> em comuns e especiais, seguindo a jurisprud\u00eancia do TCU (SUM-257).  Nesse sentido, os servi\u00e7os <strong>especiais<\/strong> de engenharia n\u00e3o admitem a utiliza\u00e7\u00e3o do preg\u00e3o eletr\u00f4nico, ao passo que a contrata\u00e7\u00e3o dos servi\u00e7os de engenharia <strong>comuns<\/strong> admite tal modalidade. Estes <strong>servi\u00e7os comuns de engenharia<\/strong> s\u00e3o aqueles que, apesar de exigirem a participa\u00e7\u00e3o ou acompanhamento por engenheiro habilitado, possuem padr\u00f5es de desempenho e qualidade possam ser <strong>objetivamente definidos <\/strong>pela administra\u00e7\u00e3o p\u00fablica, mediante especifica\u00e7\u00f5es usuais de mercado (art. 3\u00ba, III).<\/p>\n\n\n\n<p> Seguindo adiante, lembro que a Lei 10520 instituiu a modalidade preg\u00e3o para todos os entes federativos. No entanto, no <strong>\u00e2mbito federal<\/strong>, o Decreto 10.024 tornou <strong>obrigat\u00f3ria<\/strong> sua ado\u00e7\u00e3o para bens e servi\u00e7os comuns (de forma semelhante ao Decreto 5.450\/2005).<\/p>\n\n\n\n<p>Para os <strong>demais entes federados<\/strong> (Estados,\nDistrito Federal e Munic\u00edpios), todavia, fica a crit\u00e9rio de cada ente estipular\nou n\u00e3o a obrigatoriedade do preg\u00e3o. <\/p>\n\n\n\n<p>A <strong>celeridade<\/strong> do preg\u00e3o \u00e9 resultante de\numa s\u00e9rie de vantagens e simplifica\u00e7\u00f5es em seus procedimentos, como a\nrealiza\u00e7\u00e3o da habilita\u00e7\u00e3o apenas do licitante classificado em primeiro lugar\n(isto \u00e9, ap\u00f3s a etapa de classifica\u00e7\u00e3o) e a realiza\u00e7\u00e3o da homologa\u00e7\u00e3o ap\u00f3s a\nadjudica\u00e7\u00e3o (invers\u00f5es de fases).<\/p>\n\n\n\n<p>Al\u00e9m disso, a possibilidade\nde <strong>oferta de lances <\/strong>(verbais ou\neletr\u00f4nicos) por parte de determinados licitantes tem contribu\u00eddo para a\nredu\u00e7\u00e3o dos valores pagos pela Administra\u00e7\u00e3o, em benef\u00edcio do er\u00e1rio p\u00fablico. <\/p>\n\n\n\n<p>Outra caracter\u00edstica importante do preg\u00e3o \u00e9 que o crit\u00e9rio de julgamento (ou seja, o \u201c<em>tipo de licita\u00e7\u00e3o<\/em>\u201d) em regra ser\u00e1 o <strong>menor pre\u00e7o<\/strong> !<\/p>\n\n\n\n<p>Dito isto, passemos\naos coment\u00e1rios sobre o procedimento licitat\u00f3rio institu\u00eddo pela Lei\n10.520\/2002.<\/p>\n\n\n\n<p>Avante!<\/p>\n\n\n\n<h2 class=\"wp-block-heading\">Procedimento do Preg\u00e3o na Lei 10520\/2002<\/h2>\n\n\n\n<p>Os procedimentos realizados na modalidade preg\u00e3o s\u00e3o divididos em <strong>fase preparat\u00f3ria<\/strong> e <strong>fase externa<\/strong> e podem ser assim sintetizados:<\/p>\n\n\n\n<div class=\"wp-block-image\"><figure class=\"aligncenter size-large is-resized\"><img loading=\"lazy\" decoding=\"async\" src=\"https:\/\/dhg1h5j42swfq.cloudfront.net\/2020\/06\/15211225\/preg%C3%A3o1.png\" alt=\"\" class=\"wp-image-526990\" width=\"566\" height=\"444\" srcset=\"https:\/\/dhg1h5j42swfq.cloudfront.net\/2020\/06\/15211225\/preg%C3%A3o1.png 493w, https:\/\/dhg1h5j42swfq.cloudfront.net\/2020\/06\/15211225\/preg%C3%A3o1-300x235.png 300w\" sizes=\"auto, (max-width: 566px) 100vw, 566px\" \/><figcaption>Lei 10520\/02 &#8211; Procedimento do preg\u00e3o<\/figcaption><\/figure><\/div>\n\n\n\n<p>Se compararmos a sequ\u00eancia de procedimentos do preg\u00e3o com a das modalidades da Lei 8.666, j\u00e1 podemos notar duas diferen\u00e7as b\u00e1sicas:<\/p>\n\n\n\n<ol class=\"wp-block-list\"><li>exist\u00eancia de uma fase adicional: <strong>fase de lances<\/strong><a href=\"#_ftn2\">[2]<\/a><\/li><li><strong>invers\u00e3o de fases <\/strong>em dois momentos:<ul><li>entre<strong> habilita\u00e7\u00e3o <\/strong>e<strong> classifica\u00e7\u00e3o<\/strong><a href=\"#_ftn3\">[3]<\/a><\/li><li>entre<strong> homologa\u00e7\u00e3o <\/strong>e<strong> adjudica\u00e7\u00e3o<\/strong><\/li><\/ul><\/li><\/ol>\n\n\n\n<p>Adiante veremos as principais caracter\u00edsticas do procedimento inerente ao preg\u00e3o na Lei 10520, onde destacaremos outras diferen\u00e7as com o rito previsto na Lei 8.666.<\/p>\n\n\n\n<h3 class=\"wp-block-heading\">1) Elabora\u00e7\u00e3o do edital <\/h3>\n\n\n\n<p>Ap\u00f3s autuado o\nprocesso administrativo no qual ser\u00e1 registrado o procedimento licitat\u00f3rio,\nter\u00e1 in\u00edcio a elabora\u00e7\u00e3o do edital do preg\u00e3o. A este respeito o legislador\npontuou o seguinte: <\/p>\n\n\n\n<blockquote class=\"wp-block-quote is-layout-flow wp-block-quote-is-layout-flow\"><p><em>Lei 10520, art. 3\u00ba&nbsp; A <\/em><strong><em>fase preparat\u00f3ria<\/em><\/strong><em> do preg\u00e3o observar\u00e1 o seguinte:<\/em><\/p><p><em>I &#8211; a <\/em><strong><em>autoridade competente<\/em><\/strong><em> justificar\u00e1 a <\/em><strong><em>necessidade de contrata\u00e7\u00e3o<\/em><\/strong><em> e definir\u00e1 o <\/em><strong><em>objeto<\/em><\/strong><em> do certame, as <\/em><strong><em>exig\u00eancias de habilita\u00e7\u00e3o<\/em><\/strong><em>, os <\/em><strong><em>crit\u00e9rios de aceita\u00e7\u00e3o das propostas<\/em><\/strong><em>, as <\/em><strong><em>san\u00e7\u00f5es<\/em><\/strong><em> por inadimplemento e as <\/em><strong><em>cl\u00e1usulas do contrato<\/em><\/strong><em>, inclusive com fixa\u00e7\u00e3o dos <\/em><strong><em>prazos<\/em><\/strong><em> para fornecimento;<\/em><\/p><p><em>II &#8211; a <\/em><strong><em>defini\u00e7\u00e3o do objeto<\/em><\/strong><em> dever\u00e1 ser <\/em><strong><em>precisa<\/em><\/strong><em>, <\/em><strong><em>suficiente<\/em><\/strong><em> e <\/em><strong><em>clara<\/em><\/strong><em>, vedadas especifica\u00e7\u00f5es que, por excessivas, irrelevantes ou desnecess\u00e1rias, limitem a competi\u00e7\u00e3o;<\/em><\/p><p><em>III &#8211; dos autos do procedimento constar\u00e3o a <\/em><strong><em>justificativa das defini\u00e7\u00f5es <\/em><\/strong><em>referidas no inciso I deste artigo e os <\/em><strong><em>indispens\u00e1veis elementos t\u00e9cnicos<\/em><\/strong><em> sobre os quais estiverem apoiados, bem como o <\/em><strong><em>or\u00e7amento<\/em><\/strong><em>, elaborado pelo \u00f3rg\u00e3o ou entidade promotora da licita\u00e7\u00e3o, dos bens ou servi\u00e7os a serem licitados;<\/em><\/p><\/blockquote>\n\n\n\n<p>\u00c9 importante destacar que, tratando-se de preg\u00e3o, \u00e9 <strong>vedada<\/strong> (art. 5\u00ba, Lei 10520\/02):<\/p>\n\n\n\n<ol class=\"wp-block-list\"><li>a exig\u00eancia de <strong>garantia <\/strong>de proposta<\/li><li>impor a <strong>aquisi\u00e7\u00e3o do edital<\/strong> como condi\u00e7\u00e3o para participa\u00e7\u00e3o no certame<\/li><li><strong>pagamento de taxas e emolumentos<\/strong>, salvo os referentes a fornecimento do edital (que n\u00e3o ser\u00e3o superiores ao custo de sua reprodu\u00e7\u00e3o gr\u00e1fica ou aos custos de utiliza\u00e7\u00e3o de recursos computacionais).<\/li><\/ol>\n\n\n\n<div class=\"wp-block-image\"><figure class=\"aligncenter size-large\"><img loading=\"lazy\" decoding=\"async\" width=\"180\" height=\"98\" src=\"https:\/\/dhg1h5j42swfq.cloudfront.net\/2020\/06\/15211313\/corujiha1.png\" alt=\"\" class=\"wp-image-526991\" \/><\/figure><\/div>\n\n\n\n<p>Al\u00e9m disso, \u00e9 importante destacar que, em substitui\u00e7\u00e3o ao \u201cprojeto b\u00e1sico\u201d (utilizado nas licita\u00e7\u00f5es regidas pela Lei 8.666), a caracteriza\u00e7\u00e3o do objeto licitado mediante preg\u00e3o \u00e9 realizada por meio do documento chamado \u201c<strong>termo de refer\u00eancia<\/strong>\u201d, que \u00e9 anexado ao edital do preg\u00e3o. <\/p>\n\n\n\n<p>Em outras palavras, quando falamos em licita\u00e7\u00e3o na modalidade <strong>preg\u00e3o <\/strong>(Lei 10520\/2002) nos referimos ao <strong>\u201ctermo de refer\u00eancia\u201d<\/strong>, por for\u00e7a da defini\u00e7\u00e3o contida definido no art. 8\u00ba, inciso II, do Decreto 3.555\/2000 (decreto regulamentador do preg\u00e3o). J\u00e1 quando falamos nas <strong>modalidades licitat\u00f3rias criadas pela Lei 8.666\/1993<\/strong>, nos referimos ao <strong>\u201cprojeto b\u00e1sico\u201d<\/strong>.<\/p>\n\n\n\n<h3 class=\"wp-block-heading\">2) Pregoeiro<\/h3>\n\n\n\n<p>Outra importante\ndiferen\u00e7a do preg\u00e3o \u00e9 que os procedimentos s\u00e3o conduzidos, n\u00e3o por uma \u201c<strong>comiss\u00e3o de licita\u00e7\u00e3o<\/strong>\u201d, mas por um\n\u00fanico servidor, denominado \u201c<strong>pregoeiro<\/strong>\u201d. Este pregoeiro, no entanto, \u00e9\nauxiliado por uma <strong>equipe de apoio<\/strong>.<\/p>\n\n\n\n<p>O pregoeiro e a respectiva equipe de apoio s\u00e3o respons\u00e1veis por (i) receber as propostas e lances, (ii) analisar sua aceitabilidade, (iii) realizar a classifica\u00e7\u00e3o das propostas\/lances, (iv) conduzir a etapa de habilita\u00e7\u00e3o e ainda (v) promover a adjudica\u00e7\u00e3o do objeto do certame ao licitante vencedor, quando n\u00e3o houver a interposi\u00e7\u00e3o de recurso &#8211; Lei 10520, art. 3\u00ba, IV.<\/p>\n\n\n\n<p class=\"has-text-color has-very-dark-gray-color\">Diferentemente do regramento da Lei 8.666, a Lei 10520 n\u00e3o exige v\u00ednculo funcional espec\u00edfico entre a Administra\u00e7\u00e3o e aquele que conduz a licita\u00e7\u00e3o, de sorte que o pregoeiro poder\u00e1 ter <strong>v\u00ednculo efetivo <\/strong>ou<strong> em comiss\u00e3o<\/strong>. A \u00fanica exig\u00eancia legal \u00e9 que o pregoeiro <strong>perten\u00e7a ao \u00f3rg\u00e3o<\/strong> ou <strong>entidade<\/strong> promotor da licita\u00e7\u00e3o (art. 3\u00ba, IV) \u2013 mas n\u00e3o necessariamente ao \u201cquadro permanente\u201d.<\/p>\n\n\n\n<p>Al\u00e9m disso, n\u00e3o h\u00e1\nqualquer limita\u00e7\u00e3o temporal quanto \u00e0 sua investidura como pregoeiro<a href=\"#_ftn4\">[4]<\/a>, de sorte que o pregoeiro poderia ser <strong>indefinidamente reconduzido<\/strong> a esta\nfun\u00e7\u00e3o.<\/p>\n\n\n\n<p>Por outro lado, a <strong>equipe de apoio<\/strong> dever\u00e1 sim ser\nintegrada, em sua maioria, por servidores ocupantes de cargo efetivo ou emprego\nda administra\u00e7\u00e3o, preferencialmente pertencentes ao quadro permanente do \u00f3rg\u00e3o\nou entidade promotora do evento (art. 3\u00ba, \u00a71\u00ba)<\/p>\n\n\n\n<p>Detalhe interessante \u00e9 que os pregoeiros e membros da equipe de apoio do <strong>Minist\u00e9rio da Defesa <\/strong>poder\u00e3o ser militares (art. 3\u00ba, \u00a72\u00ba).<\/p>\n\n\n\n<div class=\"wp-block-image\"><figure class=\"aligncenter size-large\"><img loading=\"lazy\" decoding=\"async\" width=\"232\" height=\"86\" src=\"https:\/\/dhg1h5j42swfq.cloudfront.net\/2020\/06\/15211427\/coruja2.png\" alt=\"\" class=\"wp-image-526993\" \/><\/figure><\/div>\n\n\n\n<div class=\"wp-block-image\"><figure class=\"aligncenter size-large\"><img decoding=\"async\" src=\"https:\/\/dhg1h5j42swfq.cloudfront.net\/2020\/06\/15211433\/ppreg%C3%A3o2.png\" alt=\"\" class=\"wp-image-526994\" \/><figcaption>Lei 10520\/02 &#8211; Pregoeiro<\/figcaption><\/figure><\/div>\n\n\n\n<h3 class=\"wp-block-heading\">3) Publicidade do instrumento convocat\u00f3rio<\/h3>\n\n\n\n<p>Uma vez autuado o processo administrativo, elaborado e aprovado o edital e designado o pregoeiro, o <strong>edital do preg\u00e3o ser\u00e1 publicado<\/strong>, marcando o in\u00edcio da fase externa do certame. Na dic\u00e7\u00e3o do legislador, com a publica\u00e7\u00e3o do edital ocorrer\u00e1 a <strong>convoca\u00e7\u00e3o dos interessados<\/strong> em participar da licita\u00e7\u00e3o (Lei 10520, art. 4\u00ba, <em>caput<\/em>).<\/p>\n\n\n\n<p>Esta convoca\u00e7\u00e3o dos\ninteressados ser\u00e1 efetuada, <strong>obrigatoriamente<\/strong>,\npor meio de publica\u00e7\u00e3o do <strong>aviso do preg\u00e3o<\/strong> em\n<strong>di\u00e1rio oficial<\/strong> ou, caso o respectivo\nente federado n\u00e3o possua di\u00e1rio oficial, em <strong>jornal de circula\u00e7\u00e3o local<\/strong> (art. 4\u00ba, I). <\/p>\n\n\n\n<p>A anteced\u00eancia\nm\u00ednima de tal publica\u00e7\u00e3o \u00e9 de <strong>8 dias \u00fateis<\/strong> (art.\n4\u00ba, V). Reparem que, assim como ocorre na modalidade convite, o prazo de\nanteced\u00eancia do preg\u00e3o \u00e9 contado em <strong>dias \u00fateis<\/strong>.<\/p>\n\n\n\n<p class=\"has-text-color has-vivid-cyan-blue-color\"><strong>O que deve conter no aviso de licita\u00e7\u00e3o publicado?<\/strong><\/p>\n\n\n\n<p class=\"has-text-color has-very-dark-gray-color\">Do aviso de preg\u00e3o publicado devem constar: (i) a defini\u00e7\u00e3o do objeto da licita\u00e7\u00e3o e (ii) a indica\u00e7\u00e3o do local, dias e hor\u00e1rios em que poder\u00e1 ser lida ou obtida a \u00edntegra do edital (art. 4\u00ba, II). Em s\u00edntese:<\/p>\n\n\n\n<div class=\"wp-block-image\"><figure class=\"aligncenter size-large\"><img decoding=\"async\" src=\"https:\/\/dhg1h5j42swfq.cloudfront.net\/2020\/06\/15211504\/preg%C3%A3o3.png\" alt=\"\" class=\"wp-image-526995\" \/><figcaption>Lei 10520\/02 &#8211; Publicidade do instrumento convocat\u00f3rio<\/figcaption><\/figure><\/div>\n\n\n\n<p>Al\u00e9m disso, <strong>em car\u00e1ter facultativo<\/strong>, o edital ser\u00e1 divulgado por <strong>meios eletr\u00f4nicos<\/strong> e conforme o vulto da licita\u00e7\u00e3o, em jornal de grande circula\u00e7\u00e3o. Em s\u00edntese:<\/p>\n\n\n\n<div class=\"wp-block-image\"><figure class=\"aligncenter size-large\"><img decoding=\"async\" src=\"https:\/\/dhg1h5j42swfq.cloudfront.net\/2020\/06\/15211532\/preg%C3%A3o4.png\" alt=\"\" class=\"wp-image-526996\" \/><figcaption>Lei 10520\/02 &#8211; Publicidade do instrumento convocat\u00f3rio<\/figcaption><\/figure><\/div>\n\n\n\n<h3 class=\"wp-block-heading\">4) Classifica\u00e7\u00e3o e Julgamento das propostas e lances<\/h3>\n\n\n\n<p>No dia, hora e local designados, ser\u00e1 realizada <strong>sess\u00e3o p\u00fablica<\/strong> para recebimento das propostas (art. 4\u00ba, VI, Lei 10520\/02).<\/p>\n\n\n\n<p>Neste dia, ap\u00f3s os\nprocedimentos iniciais de identifica\u00e7\u00e3o, cada licitante entregar\u00e1 ao pregoeiro\nseu envelope fechado, contendo sua <strong>proposta\nde pre\u00e7o<\/strong>.<\/p>\n\n\n\n<p>Estes envelopes s\u00e3o abertos na sess\u00e3o p\u00fablica e, de imediato, inicia-se a verifica\u00e7\u00e3o da conformidade das propostas com os requisitos estabelecidos no instrumento convocat\u00f3rio (art. 4\u00ba, VII, Lei 10520\/02).<\/p>\n\n\n\n<p>Al\u00e9m de ter levado consigo uma proposta por escrito, no curso da sess\u00e3o alguns licitantes poder\u00e3o fazer <strong>novos lances verbais e sucessivos<\/strong>, at\u00e9 a proclama\u00e7\u00e3o do vencedor (art. 4\u00ba, VIII). \u00c9 daqui que surgiu o nome desta modalidade de licita\u00e7\u00e3o e se conclui que o preg\u00e3o atende ao <strong>princ\u00edpio da oralidade<\/strong>.<\/p>\n\n\n\n<p>No entanto, para estimular que as empresas j\u00e1 ofere\u00e7am pre\u00e7os reduzidos desde a proposta inicial, a legisla\u00e7\u00e3o estabelece que, como <strong>regra geral<\/strong>, somente estar\u00e3o autorizados a oferecer lances verbais aqueles licitantes cujas propostas de pre\u00e7os estiverem na <strong>faixa de at\u00e9 10% <\/strong>da proposta mais barata. <\/p>\n\n\n\n<blockquote class=\"wp-block-quote is-layout-flow wp-block-quote-is-layout-flow\"><p><strong>Exemplo:<\/strong> Suponha que h\u00e1 10 empresas participando do preg\u00e3o e a menor proposta oferecida \u00e9 de R$&nbsp;1 milh\u00e3o. <\/p><p>Neste caso, as empresas que apresentaram propostas escritas de at\u00e9 R$&nbsp;1,1 milh\u00e3o (isto \u00e9, at\u00e9 10% superior da melhor proposta) poder\u00e3o oferecer lances. <\/p><p>No entanto, aquelas que ofereceram propostas escritas superiores a R$&nbsp;1,1 milh\u00e3o, como regra geral, estar\u00e3o impossibilitadas de participar da fase de lances.<\/p><\/blockquote>\n\n\n\n<p>H\u00e1, entretanto, uma <strong>exce\u00e7\u00e3o<\/strong>: se n\u00e3o houver pelo menos 3 ofertas nessa faixa de 10%. <\/p>\n\n\n\n<p>Neste caso, os autores das melhores propostas, at\u00e9 o <strong>m\u00e1ximo de 3<\/strong>, estar\u00e3o autorizados a oferecer <strong>novos lances verbais e sucessivos<\/strong>, quaisquer que sejam os pre\u00e7os oferecidos (art. 4\u00ba, IX). Esta \u00e9 uma medida para garantir que seja realizada a fase de lances e, assim, aumentar a competi\u00e7\u00e3o no preg\u00e3o.<\/p>\n\n\n\n<blockquote class=\"wp-block-quote is-layout-flow wp-block-quote-is-layout-flow\"><p>Ainda no nosso exemplo. Suponha que a menor proposta oferecida \u00e9 de R$&nbsp;1 milh\u00e3o, mas todas as outras 9 propostas s\u00e3o superiores a R$&nbsp;1,1 milh\u00e3o. <\/p><p>Neste caso, as 3 empresas com melhores valores ser\u00e3o chamadas a oferecerem lances verbais, sendo que as outras 7 estar\u00e3o impedidas de participar da fase de lances<a href=\"#_ftn5\">[5]<\/a>.<\/p><\/blockquote>\n\n\n\n<p>Bem, ap\u00f3s obtida a\nlista contendo a <strong>ordem dos menores\npre\u00e7os ofertados<\/strong>, o pregoeiro ir\u00e1 examinar a proposta do licitante\nclassificado em 1\u00ba lugar, verificando, entre outros aspectos, se a proposta\natende aos par\u00e2metros m\u00ednimos exigidos, se o valor n\u00e3o extrapola o m\u00e1ximo\naceit\u00e1vel pela Administra\u00e7\u00e3o ou se os valores s\u00e3o exequ\u00edveis (art. 4\u00ba, XI). <\/p>\n\n\n\n<p>Em qualquer destes\ncasos, caber\u00e1 ao pregoeiro decidir motivadamente a respeito da aceitabilidade\nda proposta.<\/p>\n\n\n\n<p>Friso que o julgamento das propostas em um preg\u00e3o sempre tomar\u00e1 por base o crit\u00e9rio do<strong> menor pre\u00e7o<\/strong>, observadas as especifica\u00e7\u00f5es m\u00ednimas definidas no edital (art. 4\u00ba, X). A observa\u00e7\u00e3o que se faz \u00e9 que, em preg\u00f5es federais (sujeitos ao Decreto 10.024\/2019), a obten\u00e7\u00e3o do menor pre\u00e7o poder\u00e1 resultar da aplica\u00e7\u00e3o de um desconto sobre um valor de refer\u00eancia. Ent\u00e3o, aceita-se tamb\u00e9m o tipo <strong>maior desconto<\/strong>.<\/p>\n\n\n\n<h3 class=\"wp-block-heading\">5) A fase de Habilita\u00e7\u00e3o na Lei 10520\/02<\/h3>\n\n\n\n<p>Encerrada a etapa\ncompetitiva \u2013 com a ordena\u00e7\u00e3o e o exame da proposta do melhor classificado \u2013, o\npregoeiro proceder\u00e1 \u00e0 <strong>abertura do envelope que cont\u00e9m os documentos de\nhabilita\u00e7\u00e3o<\/strong> do licitante que\napresentou a <strong>melhor proposta<\/strong>. <\/p>\n\n\n\n<p>Daqui j\u00e1 podemos\nextrair outras duas diferen\u00e7as importantes com o rito aplic\u00e1vel \u00e0s modalidades\nlicitat\u00f3rias da Lei 8.666:<\/p>\n\n\n\n<ol class=\"wp-block-list\"><li>a <strong>habilita\u00e7\u00e3o sucede <\/strong>a etapa de<strong> classifica\u00e7\u00e3o<\/strong><\/li><li>a habilita\u00e7\u00e3o <strong>somente<\/strong> \u00e9 realizada sobre o <strong>licitante classificado em 1\u00ba lugar<\/strong><\/li><\/ol>\n\n\n\n<p>Reparem que a\nrealiza\u00e7\u00e3o da habilita\u00e7\u00e3o sobre um \u00fanico licitante \u00e9 tamb\u00e9m outra\ncaracter\u00edstica que confere grande <strong>celeridade<\/strong>\nao Preg\u00e3o. <\/p>\n\n\n\n<p>Quanto \u00e0 etapa de habilita\u00e7\u00e3o, a Lei 10520 prev\u00ea que: <\/p>\n\n\n\n<blockquote class=\"wp-block-quote is-layout-flow wp-block-quote-is-layout-flow\"><p><em>Art. 4\u00ba, XIII &#8211; a habilita\u00e7\u00e3o far-se-\u00e1 com a verifica\u00e7\u00e3o de que o licitante est\u00e1 em <\/em><strong><em>situa\u00e7\u00e3o regular<\/em><\/strong><em> perante a Fazenda Nacional, a Seguridade Social e o Fundo de Garantia do Tempo de Servi\u00e7o &#8211; FGTS, e as Fazendas Estaduais e Municipais, quando for o caso, com a comprova\u00e7\u00e3o de que atende \u00e0s exig\u00eancias do edital quanto \u00e0 habilita\u00e7\u00e3o jur\u00eddica e qualifica\u00e7\u00f5es t\u00e9cnica e econ\u00f4mico-financeira;<\/em><\/p><\/blockquote>\n\n\n\n<p>Outra forma de\nacelerar a habilita\u00e7\u00e3o consiste na <strong>dispensa de apresenta\u00e7\u00e3o dos documentos<\/strong> que j\u00e1 constem do Cadastro de Fornecedores da\nAdministra\u00e7\u00e3o \u2013 o SICAF:<\/p>\n\n\n\n<blockquote class=\"wp-block-quote is-layout-flow wp-block-quote-is-layout-flow\"><p><em>Art. 4\u00ba, XIV &#8211; os licitantes poder\u00e3o <\/em><strong><em>deixar de apresentar os documentos de habilita\u00e7\u00e3o<\/em><\/strong><em> que j\u00e1 constem do Sistema de Cadastramento Unificado de Fornecedores \u2013 Sicaf e sistemas semelhantes mantidos por Estados, Distrito Federal ou Munic\u00edpios, assegurado aos demais licitantes o direito de acesso aos dados nele constantes;<\/em><\/p><\/blockquote>\n\n\n\n<p>Caso o pregoeiro e equipe de apoio fiquem convencidos de que o licitante classificado em primeiro lugar atende \u00e0s exig\u00eancias fixadas no edital, estar\u00e1 superada a etapa de habilita\u00e7\u00e3o e o <strong>licitante ser\u00e1 declarado vencedor<\/strong> (art. 4\u00ba, XV, Lei 10520\/02).<\/p>\n\n\n\n<p>Por outro lado, se o pregoeiro considerar que a empresa n\u00e3o atende \u00e0s exig\u00eancias do edital, ela ser\u00e1 <strong>inabilitada<\/strong> do certame. Neste caso, o pregoeiro examinar\u00e1 a documenta\u00e7\u00e3o habilitat\u00f3ria do pr\u00f3ximo licitante, <strong>na ordem de classifica\u00e7\u00e3o<\/strong>, e assim sucessivamente, at\u00e9 a apura\u00e7\u00e3o de uma proposta que atenda ao edital, sendo que o respectivo licitante ser\u00e1 declarado vencedor (art. 4\u00ba, XVI, Lei 10520).<\/p>\n\n\n\n<blockquote class=\"wp-block-quote is-layout-flow wp-block-quote-is-layout-flow\"><p><strong>Exemplo:<\/strong> participaram 4 empresas do preg\u00e3o. Ap\u00f3s colhidas as propostas e realizada a etapa de lances, obteve-se a seguinte ordem de classifica\u00e7\u00e3o:<\/p><p>&nbsp;&nbsp;&nbsp;&nbsp; 1\u00ba lugar &#8211; empresa A \u2013 valor R$&nbsp;300.000,00<\/p><p>&nbsp;&nbsp;&nbsp;&nbsp; 2\u00ba lugar &#8211; empresa B \u2013 valor R$&nbsp;310.000,00<\/p><p>&nbsp;&nbsp;&nbsp;&nbsp; 3\u00ba lugar &#8211; empresa C\u2013 valor R$&nbsp;320.000,00<\/p><p>&nbsp;&nbsp;&nbsp;&nbsp; 4\u00ba lugar &#8211; empresa D \u2013 valor R$&nbsp;325.000,00<\/p><p>No entanto, ao se examinar a documenta\u00e7\u00e3o de habilita\u00e7\u00e3o da \u201cempresa A\u201d, observou-se que ela n\u00e3o atendia aos requisitos exigidos, tendo sido inabilitada.<\/p><p>Seguindo a ordem de classifica\u00e7\u00e3o, o pregoeiro convocou a empresa B para apresentar sua documenta\u00e7\u00e3o, a qual tamb\u00e9m deixou de atender aos requisitos do edital.<\/p><p>Na sequ\u00eancia, foi convocada a empresa C, a qual cumpre todos os requisitos no edital e, portanto, foi declarada vencedora da licita\u00e7\u00e3o e poder\u00e1 ser contratada pela Administra\u00e7\u00e3o para ofertar produtos ao valor de R$ 320.000,00.<\/p><\/blockquote>\n\n\n\n<p>Reparem que,\nhavendo a convoca\u00e7\u00e3o de outras empresas para a etapa habilitat\u00f3ria, ser\u00e1\nutilizado o valor oferecido pela pr\u00f3pria empresa convocada, de sorte que ela\nn\u00e3o se obriga a honrar o valor da licitante que havia apresentado o menor pre\u00e7o\n(mas foi inabilitada).<\/p>\n\n\n\n<p>No entanto, nesta situa\u00e7\u00e3o, o pregoeiro poder\u00e1 <strong>negociar diretamente<\/strong> com esta empresa para que seja obtido pre\u00e7o melhor (art. 4\u00ba, XVII, Lei 10520\/2002).<\/p>\n\n\n\n<p>Ap\u00f3s declarado o\nvencedor do preg\u00e3o, <strong>qualquer licitante<\/strong>\npoder\u00e1 <strong>manifestar\na inten\u00e7\u00e3o de recorrer<\/strong>.<\/p>\n\n\n\n<p>A Lei do Preg\u00e3o\nexige que tal manifesta\u00e7\u00e3o ocorra de maneira (i) <strong>imediata<\/strong>\ne (ii) <strong>motivada<\/strong>.<\/p>\n\n\n\n<p>Manifesta\u00e7\u00e3o imediata significa que deve ocorrer ap\u00f3s a proclama\u00e7\u00e3o do resultado, mas at\u00e9 o final da sess\u00e3o p\u00fablica do preg\u00e3o. Aqueles licitantes que n\u00e3o se manifestaram <strong>imediata <\/strong>e<strong> motivadamente<\/strong>, quanto ao seu interesse de recorrer, ter\u00e3o <strong>deca\u00eddo seu direito de interpor recurso<\/strong> e a adjudica\u00e7\u00e3o do objeto da licita\u00e7\u00e3o pelo pregoeiro ao vencedor. (art. 4\u00ba, XX, Lei 10520\/02).<\/p>\n\n\n\n<p>\u00c9 como um \u201c<em>recorra agora ou cale-se para sempre<\/em>\u201d =) <\/p>\n\n\n\n<p>Isto <strong>n\u00e3o<\/strong> significa que o licitante deve apresentar, naquele momento, seu recurso com toda a fundamenta\u00e7\u00e3o jur\u00eddica necess\u00e1ria! O que ele dever\u00e1 fazer, de imediato, \u00e9 manifestar sua <strong>inten\u00e7\u00e3o <\/strong>em recorrer.<\/p>\n\n\n\n<p>Uma vez manifestada a inten\u00e7\u00e3o, o licitante ter\u00e1 o <strong>prazo de 3 dias<\/strong> para apresenta\u00e7\u00e3o das <strong>raz\u00f5es do recurso<\/strong> (ou seja, as raz\u00f5es de fato e de direito que fundamentam seu recurso). Em igual prazo, os demais licitantes poder\u00e3o apresentar <strong>contrarraz\u00f5es<\/strong>, prazo este que come\u00e7ar\u00e1 a correr do t\u00e9rmino do prazo do recorrente, sendo assegurada aos demais licitantes vista imediata dos autos (art. 4\u00ba, XVIII, Lei 10520\/02).<\/p>\n\n\n\n<p>Comparando-se tal regra com os prazos recursais previstos na Lei 8.666, podemos notar mais uma vez a celeridade do Preg\u00e3o:<\/p>\n\n\n\n<div class=\"wp-block-image\"><figure class=\"aligncenter size-large\"><img decoding=\"async\" src=\"https:\/\/dhg1h5j42swfq.cloudfront.net\/2020\/06\/15211632\/preg%C3%A3o5.png\" alt=\"\" class=\"wp-image-526998\" \/><figcaption>Lei 10520\/02 &#8211; Habilita\u00e7\u00e3o<\/figcaption><\/figure><\/div>\n\n\n\n<p>Ufa! Tomem um f\u00f4lego e vamos l\u00e1! Para fixar todo este encadeamento de acontecimentos nas etapas de classifica\u00e7\u00e3o e habilita\u00e7\u00e3o, vamos ao seguinte diagrama: <\/p>\n\n\n\n<div class=\"wp-block-image\"><figure class=\"aligncenter size-large is-resized\"><img loading=\"lazy\" decoding=\"async\" src=\"https:\/\/dhg1h5j42swfq.cloudfront.net\/2020\/06\/15211553\/Preg%C3%A3o-Classifica%C3%A7%C3%A3o-e-Habilita%C3%A7%C3%A3o-1024x828.png\" alt=\"\" class=\"wp-image-526997\" width=\"650\" height=\"525\" srcset=\"https:\/\/dhg1h5j42swfq.cloudfront.net\/2020\/06\/15211553\/Preg%C3%A3o-Classifica%C3%A7%C3%A3o-e-Habilita%C3%A7%C3%A3o-1024x828.png 1024w, https:\/\/dhg1h5j42swfq.cloudfront.net\/2020\/06\/15211553\/Preg%C3%A3o-Classifica%C3%A7%C3%A3o-e-Habilita%C3%A7%C3%A3o-300x243.png 300w, https:\/\/dhg1h5j42swfq.cloudfront.net\/2020\/06\/15211553\/Preg%C3%A3o-Classifica%C3%A7%C3%A3o-e-Habilita%C3%A7%C3%A3o-768x621.png 768w, https:\/\/dhg1h5j42swfq.cloudfront.net\/2020\/06\/15211553\/Preg%C3%A3o-Classifica%C3%A7%C3%A3o-e-Habilita%C3%A7%C3%A3o-610x493.png 610w, https:\/\/dhg1h5j42swfq.cloudfront.net\/2020\/06\/15211553\/Preg%C3%A3o-Classifica%C3%A7%C3%A3o-e-Habilita%C3%A7%C3%A3o.png 1088w\" sizes=\"auto, (max-width: 650px) 100vw, 650px\" \/><figcaption>Lei 10520\/02 &#8211; Classifica\u00e7\u00e3o e Habilita\u00e7\u00e3o<\/figcaption><\/figure><\/div>\n\n\n\n<p>Quanto ao recurso interposto, caso seja acolhido, ser\u00e3o invalidados os atos eivados de v\u00edcios que n\u00e3o puderem ser aproveitados (art. 4\u00ba, XIX, Lei 10520\/2002) \u2013 e n\u00e3o necessariamente todo o certame.<\/p>\n\n\n\n<p>Por outro lado,\ncaso o recurso n\u00e3o seja acolhido, passa-se \u00e0 etapa de adjudica\u00e7\u00e3o do objeto da\nlicita\u00e7\u00e3o ao vencedor.<\/p>\n\n\n\n<h3 class=\"wp-block-heading\">6) Adjudica\u00e7\u00e3o e Homologa\u00e7\u00e3o &#8211; Lei 10520\/02<\/h3>\n\n\n\n<p>Uma vez conclu\u00edda a\netapa de habilita\u00e7\u00e3o \u2013 com o julgamento de eventuais recursos interpostos \u2013,\npassa-se \u00e0 etapa de <strong>adjudica\u00e7\u00e3o<\/strong> do\nobjeto licitado ao licitante vencedor.<\/p>\n\n\n\n<p>Caso n\u00e3o tenha havido a interposi\u00e7\u00e3o de recursos, o pr\u00f3prio <strong>pregoeiro<\/strong> pratica o ato de adjudica\u00e7\u00e3o (art. 4\u00ba, XX, parte final). Por outro lado, tendo havido a interposi\u00e7\u00e3o de recursos, a adjudica\u00e7\u00e3o (caso ocorra) ser\u00e1 realizada pela <strong>autoridade competente<\/strong> (art. 4\u00ba, XXI). Em s\u00edntese:<\/p>\n\n\n\n<div class=\"wp-block-image\"><figure class=\"aligncenter size-large\"><img decoding=\"async\" src=\"https:\/\/dhg1h5j42swfq.cloudfront.net\/2020\/06\/15211701\/preg%C3%A3o6.png\" alt=\"\" class=\"wp-image-526999\" \/><figcaption>Lei 10520\/02 &#8211; Adjudica\u00e7\u00e3o e Homologa\u00e7\u00e3o<\/figcaption><\/figure><\/div>\n\n\n\n<p>Daqui j\u00e1 podemos\nextrair outras duas <strong>diferen\u00e7as<\/strong>\nimportantes com o rito aplic\u00e1vel \u00e0s modalidades licitat\u00f3rias da Lei 8.666:<\/p>\n\n\n\n<ol class=\"wp-block-list\"><li>a <strong>homologa\u00e7\u00e3o sucede <\/strong>a etapa de<strong> adjudica\u00e7\u00e3o<\/strong><\/li><li>n\u00e3o havendo recursos,a<strong> adjudica\u00e7\u00e3o<\/strong> n\u00e3o \u00e9 realizada pela autoridade competente \u2013 mas <strong>pelo pr\u00f3prio<\/strong> <strong>pregoeiro<\/strong><\/li><\/ol>\n\n\n\n<p>&#8211; &#8211; &#8211; &#8211; <\/p>\n\n\n\n<p>Cumpridas todas estas etapas, o momento derradeiro do preg\u00e3o \u00e9 a sua <strong>homologa\u00e7\u00e3o<\/strong>, que \u00e9 realizada pela <strong>autoridade competente<\/strong> (art. 4\u00ba, XXII, Lei 10520\/02), independentemente da interposi\u00e7\u00e3o de recursos. <\/p>\n\n\n\n<p>&#8212;&#8212;&#8212;&#8211;<\/p>\n\n\n\n<div class=\"wp-block-image\"><figure class=\"aligncenter size-large\"><img loading=\"lazy\" decoding=\"async\" width=\"180\" height=\"98\" src=\"https:\/\/dhg1h5j42swfq.cloudfront.net\/2020\/06\/15211725\/corujiha1-1.png\" alt=\"\" class=\"wp-image-527000\" \/><\/figure><\/div>\n\n\n\n<p>Bem, caro leitor, estes s\u00e3o os principais aspectos da Lei 10.520 para fins de prova. Antes de concluir, vamos comparar as principais diferen\u00e7as entre o Preg\u00e3o e as modalidades licitat\u00f3rias constantes da Lei 8.666:<\/p>\n\n\n\n<div class=\"wp-block-image\"><figure class=\"aligncenter size-large is-resized\"><img loading=\"lazy\" decoding=\"async\" src=\"https:\/\/dhg1h5j42swfq.cloudfront.net\/2020\/06\/15211938\/preg%C3%A3o6-1-1024x590.png\" alt=\"\" class=\"wp-image-527001\" width=\"703\" height=\"405\" srcset=\"https:\/\/dhg1h5j42swfq.cloudfront.net\/2020\/06\/15211938\/preg%C3%A3o6-1-1024x590.png 1024w, https:\/\/dhg1h5j42swfq.cloudfront.net\/2020\/06\/15211938\/preg%C3%A3o6-1-300x173.png 300w, https:\/\/dhg1h5j42swfq.cloudfront.net\/2020\/06\/15211938\/preg%C3%A3o6-1-768x443.png 768w, https:\/\/dhg1h5j42swfq.cloudfront.net\/2020\/06\/15211938\/preg%C3%A3o6-1-610x352.png 610w, https:\/\/dhg1h5j42swfq.cloudfront.net\/2020\/06\/15211938\/preg%C3%A3o6-1.png 1070w\" sizes=\"auto, (max-width: 703px) 100vw, 703px\" \/><figcaption>Lei 10520\/2002 &#8211; Quadro-resumo<\/figcaption><\/figure><\/div>\n\n\n\n<p>\u00c9 isso a\u00ed. Espero que seja \u00fatil!!! Se ficou alguma d\u00favida, n\u00e3o deixem de entrar em contato comigo pelas redes sociais.<\/p>\n\n\n\n<p>Um forte abra\u00e7o e\nat\u00e9 a pr\u00f3xima!<\/p>\n\n\n\n<p>Prof. Antonio Daud<\/p>\n\n\n\n<p><a href=\"instragram.com\/professordaud\">@professordaud<\/a><\/p>\n\n\n\n<p class=\"has-text-align-center has-medium-font-size\"><a href=\"https:\/\/www.estrategiaconcursos.com.br\/blog\/como-estudar-direito-administrativo-para-concursos\/\"><em>Como estudar Direito Administrativo para Concursos<\/em><\/a><\/p>\n\n\n\n<p class=\"has-text-align-center has-medium-font-size\"><a href=\"https:\/\/www.estrategiaconcursos.com.br\/blog\/leis-esquematizadas-para-concursos\/\"><em>Leis Esquematizadas<\/em><\/a><\/p>\n\n\n\n<p class=\"has-text-align-center has-medium-font-size\"><a href=\"https:\/\/www.estrategiaconcursos.com.br\/blog\/concursos-2019\/\"><em>Concursos 2019<\/em><\/a><\/p>\n\n\n\n<p class=\"has-text-align-center has-medium-font-size\"><a href=\"https:\/\/www.estrategiaconcursos.com.br\/blog\/concursos-abertos\/\"><em>Concursos Abertos<br \/><\/em><\/a><\/p>\n\n\n\n<hr class=\"wp-block-separator\" \/>\n\n\n\n<p><a href=\"#_ftnref1\">[1]<\/a>\nDecreto 3.555\/2000, art. 5\u00ba&nbsp; A licita\u00e7\u00e3o\nna modalidade de preg\u00e3o <strong>n\u00e3o<\/strong> se aplica \u00e0s contrata\u00e7\u00f5es de obras e <strong>servi\u00e7os\nde engenharia<\/strong>, bem como \u00e0s loca\u00e7\u00f5es imobili\u00e1rias e aliena\u00e7\u00f5es em geral, que\nser\u00e3o regidas pela legisla\u00e7\u00e3o geral da Administra\u00e7\u00e3o.<\/p>\n\n\n\n<p><a href=\"#_ftnref2\">[2]<\/a>\nTamb\u00e9m presente nas licita\u00e7\u00f5es regidas pela Lei 11.079\/2004, destinadas \u00e0\ncelebra\u00e7\u00e3o de parcerias p\u00fablico-privadas (PPP)<\/p>\n\n\n\n<p><a href=\"#_ftnref3\">[3]<\/a>\nTamb\u00e9m presente, em car\u00e1ter facultativo, nas licita\u00e7\u00f5es regidas pela Lei\n8.987\/1995 (servi\u00e7os p\u00fablicos) e pela Lei 11.079\/2004 (PPPs), destinadas \u00e0\ncelebra\u00e7\u00e3o de contratos de concess\u00e3o e permiss\u00e3o de servi\u00e7os p\u00fablicos<\/p>\n\n\n\n<p><a href=\"#_ftnref4\">[4]<\/a>\nFILHO, Jos\u00e9 dos Santos Carvalho. Manual de Direito Administrativo. 27\u00aa ed.\nAtlas. P. 318<\/p>\n\n\n\n<p><a href=\"#_ftnref5\">[5]<\/a>\nNesse sentido leciona, por exemplo, Matheus Carvalho (4\u00aa ed., p. 485). H\u00e1, no\nentanto, posicionamentos doutrin\u00e1rios diversos \u2013 como Jos\u00e9 dos Santos Carvalho\nFilho (27\u00aa ed., p. 322) &#8211; no sentido de que deveriam ser chamadas 3 empresas,\nal\u00e9m da que ofertou a melhor proposta. Adotando-se este \u00faltimo posicionamento\nao nosso exemplo, 6 empresas ficariam de fora da etapa de lances.<\/p>\n","protected":false},"excerpt":{"rendered":"<p>Saiba tudo o que voc\u00ea precisa sobre a Lei 10.520\/2002<\/p>\n","protected":false},"author":135,"featured_media":385351,"comment_status":"open","ping_status":"closed","sticky":false,"template":"","format":"standard","meta":{"post_tipo":"article","footnotes":""},"categories":[1],"tags":[85176,85177,85178],"tax_estado":[],"class_list":["post-385347","post","type-post","status-publish","format-standard","has-post-thumbnail","hentry","category-cursos-e-concursos","tag-lei-10520","tag-lei-do-pregao","tag-pregao"],"acf":[],"yoast_head":"<!-- This site is optimized with the Yoast SEO Premium plugin v27.2 (Yoast SEO v27.2) - https:\/\/yoast.com\/product\/yoast-seo-premium-wordpress\/ -->\n<title>Lei 10520\/2002 Comentada: Saiba tudo sobre a Lei do Preg\u00e3o!<\/title>\n<meta name=\"description\" content=\"Lei 10520\/02: Neste artigo, comentamos as principais caracter\u00edsticas do Preg\u00e3o, inclusive o rito pr\u00f3prio desta modalidade licitat\u00f3ria.\" \/>\n<meta name=\"robots\" content=\"index, follow, max-snippet:-1, max-image-preview:large, max-video-preview:-1\" \/>\n<link rel=\"canonical\" href=\"https:\/\/www.estrategiaconcursos.com.br\/blog\/lei-10-520-02-saiba-tudo-sobre-a-lei-do-pregao\/\" \/>\n<meta property=\"og:locale\" content=\"pt_BR\" \/>\n<meta property=\"og:type\" content=\"article\" \/>\n<meta property=\"og:title\" content=\"Lei 10520\/2002 Comentada: Saiba tudo sobre a Lei do Preg\u00e3o!\" \/>\n<meta property=\"og:description\" content=\"Lei 10520\/02: Neste artigo, comentamos as principais caracter\u00edsticas do Preg\u00e3o, inclusive o rito pr\u00f3prio desta modalidade licitat\u00f3ria.\" \/>\n<meta property=\"og:url\" content=\"https:\/\/www.estrategiaconcursos.com.br\/blog\/lei-10-520-02-saiba-tudo-sobre-a-lei-do-pregao\/\" \/>\n<meta property=\"og:site_name\" content=\"Estrat\u00e9gia Concursos\" \/>\n<meta property=\"article:published_time\" content=\"2020-06-16T09:22:00+00:00\" \/>\n<meta property=\"og:image\" content=\"https:\/\/dhg1h5j42swfq.cloudfront.net\/2019\/06\/08054751\/image88.png\" \/>\n\t<meta property=\"og:image:width\" content=\"422\" \/>\n\t<meta property=\"og:image:height\" content=\"365\" \/>\n\t<meta property=\"og:image:type\" content=\"image\/png\" \/>\n<meta name=\"author\" content=\"Antonio Daud\" \/>\n<meta name=\"twitter:card\" content=\"summary_large_image\" \/>\n<meta name=\"twitter:creator\" content=\"@EstratConcursos\" \/>\n<meta name=\"twitter:site\" content=\"@EstratConcursos\" \/>\n<meta name=\"twitter:label1\" content=\"Escrito por\" \/>\n\t<meta name=\"twitter:data1\" content=\"Antonio Daud\" \/>\n\t<meta name=\"twitter:label2\" content=\"Est. tempo de leitura\" \/>\n\t<meta name=\"twitter:data2\" content=\"18 minutos\" \/>\n<script type=\"application\/ld+json\" class=\"yoast-schema-graph\">{\"@context\":\"https:\/\/schema.org\",\"@graph\":[{\"@type\":\"NewsArticle\",\"@id\":\"https:\/\/www.estrategiaconcursos.com.br\/blog\/lei-10-520-02-saiba-tudo-sobre-a-lei-do-pregao\/#article\",\"isPartOf\":{\"@id\":\"https:\/\/www.estrategiaconcursos.com.br\/blog\/lei-10-520-02-saiba-tudo-sobre-a-lei-do-pregao\/\"},\"author\":{\"name\":\"Antonio Daud\",\"@id\":\"https:\/\/www.estrategiaconcursos.com.br\/blog\/#\/schema\/person\/90692507130b147bb9128fc093141dad\"},\"headline\":\"Lei 10520\/2002 Comentada: Saiba tudo sobre a Lei do Preg\u00e3o!\",\"datePublished\":\"2020-06-16T09:22:00+00:00\",\"mainEntityOfPage\":{\"@id\":\"https:\/\/www.estrategiaconcursos.com.br\/blog\/lei-10-520-02-saiba-tudo-sobre-a-lei-do-pregao\/\"},\"wordCount\":3544,\"commentCount\":23,\"publisher\":{\"@id\":\"https:\/\/www.estrategiaconcursos.com.br\/blog\/#organization\"},\"image\":{\"@id\":\"https:\/\/www.estrategiaconcursos.com.br\/blog\/lei-10-520-02-saiba-tudo-sobre-a-lei-do-pregao\/#primaryimage\"},\"thumbnailUrl\":\"https:\/\/dhg1h5j42swfq.cloudfront.net\/2019\/06\/08054751\/image88.png\",\"keywords\":[\"lei 10520\",\"lei do preg\u00e3o\",\"pregao\"],\"articleSection\":[\"Concursos P\u00fablicos\"],\"inLanguage\":\"pt-BR\",\"potentialAction\":[{\"@type\":\"CommentAction\",\"name\":\"Comment\",\"target\":[\"https:\/\/www.estrategiaconcursos.com.br\/blog\/lei-10-520-02-saiba-tudo-sobre-a-lei-do-pregao\/#respond\"]}],\"copyrightYear\":\"2020\",\"copyrightHolder\":{\"@id\":\"https:\/\/www.estrategiaconcursos.com.br\/blog\/#organization\"}},{\"@type\":\"WebPage\",\"@id\":\"https:\/\/www.estrategiaconcursos.com.br\/blog\/lei-10-520-02-saiba-tudo-sobre-a-lei-do-pregao\/\",\"url\":\"https:\/\/www.estrategiaconcursos.com.br\/blog\/lei-10-520-02-saiba-tudo-sobre-a-lei-do-pregao\/\",\"name\":\"Lei 10520\/2002 Comentada: Saiba tudo sobre a Lei do Preg\u00e3o!\",\"isPartOf\":{\"@id\":\"https:\/\/www.estrategiaconcursos.com.br\/blog\/#website\"},\"primaryImageOfPage\":{\"@id\":\"https:\/\/www.estrategiaconcursos.com.br\/blog\/lei-10-520-02-saiba-tudo-sobre-a-lei-do-pregao\/#primaryimage\"},\"image\":{\"@id\":\"https:\/\/www.estrategiaconcursos.com.br\/blog\/lei-10-520-02-saiba-tudo-sobre-a-lei-do-pregao\/#primaryimage\"},\"thumbnailUrl\":\"https:\/\/dhg1h5j42swfq.cloudfront.net\/2019\/06\/08054751\/image88.png\",\"datePublished\":\"2020-06-16T09:22:00+00:00\",\"description\":\"Lei 10520\/02: Neste artigo, comentamos as principais caracter\u00edsticas do Preg\u00e3o, inclusive o rito pr\u00f3prio desta modalidade licitat\u00f3ria.\",\"breadcrumb\":{\"@id\":\"https:\/\/www.estrategiaconcursos.com.br\/blog\/lei-10-520-02-saiba-tudo-sobre-a-lei-do-pregao\/#breadcrumb\"},\"inLanguage\":\"pt-BR\",\"potentialAction\":[{\"@type\":\"ReadAction\",\"target\":[\"https:\/\/www.estrategiaconcursos.com.br\/blog\/lei-10-520-02-saiba-tudo-sobre-a-lei-do-pregao\/\"]}]},{\"@type\":\"ImageObject\",\"inLanguage\":\"pt-BR\",\"@id\":\"https:\/\/www.estrategiaconcursos.com.br\/blog\/lei-10-520-02-saiba-tudo-sobre-a-lei-do-pregao\/#primaryimage\",\"url\":\"https:\/\/dhg1h5j42swfq.cloudfront.net\/2019\/06\/08054751\/image88.png\",\"contentUrl\":\"https:\/\/dhg1h5j42swfq.cloudfront.net\/2019\/06\/08054751\/image88.png\",\"width\":422,\"height\":365},{\"@type\":\"BreadcrumbList\",\"@id\":\"https:\/\/www.estrategiaconcursos.com.br\/blog\/lei-10-520-02-saiba-tudo-sobre-a-lei-do-pregao\/#breadcrumb\",\"itemListElement\":[{\"@type\":\"ListItem\",\"position\":1,\"name\":\"In\u00edcio\",\"item\":\"https:\/\/www.estrategiaconcursos.com.br\/blog\/\"},{\"@type\":\"ListItem\",\"position\":2,\"name\":\"Lei 10520\/2002 Comentada: Saiba tudo sobre a Lei do Preg\u00e3o!\"}]},{\"@type\":\"WebSite\",\"@id\":\"https:\/\/www.estrategiaconcursos.com.br\/blog\/#website\",\"url\":\"https:\/\/www.estrategiaconcursos.com.br\/blog\/\",\"name\":\"Estrat\u00e9gia Concursos\",\"description\":\"O blog da Estrat\u00e9gia Concursos traz not\u00edcias sobre concursos e artigos de professores oferecendo cursos para concursos (pdf + videaulas) no site.\",\"publisher\":{\"@id\":\"https:\/\/www.estrategiaconcursos.com.br\/blog\/#organization\"},\"potentialAction\":[{\"@type\":\"SearchAction\",\"target\":{\"@type\":\"EntryPoint\",\"urlTemplate\":\"https:\/\/www.estrategiaconcursos.com.br\/blog\/?s={search_term_string}\"},\"query-input\":{\"@type\":\"PropertyValueSpecification\",\"valueRequired\":true,\"valueName\":\"search_term_string\"}}],\"inLanguage\":\"pt-BR\"},{\"@type\":\"Organization\",\"@id\":\"https:\/\/www.estrategiaconcursos.com.br\/blog\/#organization\",\"name\":\"Estrat\u00e9gia Concursos\",\"url\":\"https:\/\/www.estrategiaconcursos.com.br\/blog\/\",\"logo\":{\"@type\":\"ImageObject\",\"inLanguage\":\"pt-BR\",\"@id\":\"https:\/\/www.estrategiaconcursos.com.br\/blog\/#\/schema\/logo\/image\/\",\"url\":\"https:\/\/dhg1h5j42swfq.cloudfront.net\/2025\/06\/03203428\/logo_concursos-1.jpg\",\"contentUrl\":\"https:\/\/dhg1h5j42swfq.cloudfront.net\/2025\/06\/03203428\/logo_concursos-1.jpg\",\"width\":230,\"height\":60,\"caption\":\"Estrat\u00e9gia Concursos\"},\"image\":{\"@id\":\"https:\/\/www.estrategiaconcursos.com.br\/blog\/#\/schema\/logo\/image\/\"},\"sameAs\":[\"https:\/\/x.com\/EstratConcursos\"]},{\"@type\":\"Person\",\"@id\":\"https:\/\/www.estrategiaconcursos.com.br\/blog\/#\/schema\/person\/90692507130b147bb9128fc093141dad\",\"name\":\"Antonio Daud\",\"image\":{\"@type\":\"ImageObject\",\"inLanguage\":\"pt-BR\",\"@id\":\"https:\/\/secure.gravatar.com\/avatar\/9a6539d0d807c3d7c2aaa709166f9aa9824103126593f30916973bcaedf16896?s=96&d=mm&r=g\",\"url\":\"https:\/\/secure.gravatar.com\/avatar\/9a6539d0d807c3d7c2aaa709166f9aa9824103126593f30916973bcaedf16896?s=96&d=mm&r=g\",\"contentUrl\":\"https:\/\/secure.gravatar.com\/avatar\/9a6539d0d807c3d7c2aaa709166f9aa9824103126593f30916973bcaedf16896?s=96&d=mm&r=g\",\"caption\":\"Antonio Daud\"},\"description\":\"Antonio Daud J\u00fanior \u00e9 bacharel em Engenharia El\u00e9trica e em Direito. Foi Analista de Finan\u00e7as e Controle da Controladoria-Geral da Uni\u00e3o\/Presid\u00eancia da Rep\u00fablica (CGU\/PR), aprovado no concurso de 2008. Atualmente \u00e9 Auditor Federal de Controle Externo (AUFC) do Tribunal de Contas da Uni\u00e3o (TCU), aprovado tamb\u00e9m em 2008.\",\"sameAs\":[\"https:\/\/www.instagram.com\/professordaud\/?hl=en\"],\"url\":\"https:\/\/www.estrategiaconcursos.com.br\/blog\/author\/antoniodaudestrategiaconcursos-com-br\/\"}]}<\/script>\n<!-- \/ Yoast SEO Premium plugin. -->","yoast_head_json":{"title":"Lei 10520\/2002 Comentada: Saiba tudo sobre a Lei do Preg\u00e3o!","description":"Lei 10520\/02: Neste artigo, comentamos as principais caracter\u00edsticas do Preg\u00e3o, inclusive o rito pr\u00f3prio desta modalidade licitat\u00f3ria.","robots":{"index":"index","follow":"follow","max-snippet":"max-snippet:-1","max-image-preview":"max-image-preview:large","max-video-preview":"max-video-preview:-1"},"canonical":"https:\/\/www.estrategiaconcursos.com.br\/blog\/lei-10-520-02-saiba-tudo-sobre-a-lei-do-pregao\/","og_locale":"pt_BR","og_type":"article","og_title":"Lei 10520\/2002 Comentada: Saiba tudo sobre a Lei do Preg\u00e3o!","og_description":"Lei 10520\/02: Neste artigo, comentamos as principais caracter\u00edsticas do Preg\u00e3o, inclusive o rito pr\u00f3prio desta modalidade licitat\u00f3ria.","og_url":"https:\/\/www.estrategiaconcursos.com.br\/blog\/lei-10-520-02-saiba-tudo-sobre-a-lei-do-pregao\/","og_site_name":"Estrat\u00e9gia Concursos","article_published_time":"2020-06-16T09:22:00+00:00","og_image":[{"width":422,"height":365,"url":"https:\/\/dhg1h5j42swfq.cloudfront.net\/2019\/06\/08054751\/image88.png","type":"image\/png"}],"author":"Antonio Daud","twitter_card":"summary_large_image","twitter_creator":"@EstratConcursos","twitter_site":"@EstratConcursos","twitter_misc":{"Escrito por":"Antonio Daud","Est. tempo de leitura":"18 minutos"},"schema":{"@context":"https:\/\/schema.org","@graph":[{"@type":"NewsArticle","@id":"https:\/\/www.estrategiaconcursos.com.br\/blog\/lei-10-520-02-saiba-tudo-sobre-a-lei-do-pregao\/#article","isPartOf":{"@id":"https:\/\/www.estrategiaconcursos.com.br\/blog\/lei-10-520-02-saiba-tudo-sobre-a-lei-do-pregao\/"},"author":{"name":"Antonio Daud","@id":"https:\/\/www.estrategiaconcursos.com.br\/blog\/#\/schema\/person\/90692507130b147bb9128fc093141dad"},"headline":"Lei 10520\/2002 Comentada: Saiba tudo sobre a Lei do Preg\u00e3o!","datePublished":"2020-06-16T09:22:00+00:00","mainEntityOfPage":{"@id":"https:\/\/www.estrategiaconcursos.com.br\/blog\/lei-10-520-02-saiba-tudo-sobre-a-lei-do-pregao\/"},"wordCount":3544,"commentCount":23,"publisher":{"@id":"https:\/\/www.estrategiaconcursos.com.br\/blog\/#organization"},"image":{"@id":"https:\/\/www.estrategiaconcursos.com.br\/blog\/lei-10-520-02-saiba-tudo-sobre-a-lei-do-pregao\/#primaryimage"},"thumbnailUrl":"https:\/\/dhg1h5j42swfq.cloudfront.net\/2019\/06\/08054751\/image88.png","keywords":["lei 10520","lei do preg\u00e3o","pregao"],"articleSection":["Concursos P\u00fablicos"],"inLanguage":"pt-BR","potentialAction":[{"@type":"CommentAction","name":"Comment","target":["https:\/\/www.estrategiaconcursos.com.br\/blog\/lei-10-520-02-saiba-tudo-sobre-a-lei-do-pregao\/#respond"]}],"copyrightYear":"2020","copyrightHolder":{"@id":"https:\/\/www.estrategiaconcursos.com.br\/blog\/#organization"}},{"@type":"WebPage","@id":"https:\/\/www.estrategiaconcursos.com.br\/blog\/lei-10-520-02-saiba-tudo-sobre-a-lei-do-pregao\/","url":"https:\/\/www.estrategiaconcursos.com.br\/blog\/lei-10-520-02-saiba-tudo-sobre-a-lei-do-pregao\/","name":"Lei 10520\/2002 Comentada: Saiba tudo sobre a Lei do Preg\u00e3o!","isPartOf":{"@id":"https:\/\/www.estrategiaconcursos.com.br\/blog\/#website"},"primaryImageOfPage":{"@id":"https:\/\/www.estrategiaconcursos.com.br\/blog\/lei-10-520-02-saiba-tudo-sobre-a-lei-do-pregao\/#primaryimage"},"image":{"@id":"https:\/\/www.estrategiaconcursos.com.br\/blog\/lei-10-520-02-saiba-tudo-sobre-a-lei-do-pregao\/#primaryimage"},"thumbnailUrl":"https:\/\/dhg1h5j42swfq.cloudfront.net\/2019\/06\/08054751\/image88.png","datePublished":"2020-06-16T09:22:00+00:00","description":"Lei 10520\/02: Neste artigo, comentamos as principais caracter\u00edsticas do Preg\u00e3o, inclusive o rito pr\u00f3prio desta modalidade licitat\u00f3ria.","breadcrumb":{"@id":"https:\/\/www.estrategiaconcursos.com.br\/blog\/lei-10-520-02-saiba-tudo-sobre-a-lei-do-pregao\/#breadcrumb"},"inLanguage":"pt-BR","potentialAction":[{"@type":"ReadAction","target":["https:\/\/www.estrategiaconcursos.com.br\/blog\/lei-10-520-02-saiba-tudo-sobre-a-lei-do-pregao\/"]}]},{"@type":"ImageObject","inLanguage":"pt-BR","@id":"https:\/\/www.estrategiaconcursos.com.br\/blog\/lei-10-520-02-saiba-tudo-sobre-a-lei-do-pregao\/#primaryimage","url":"https:\/\/dhg1h5j42swfq.cloudfront.net\/2019\/06\/08054751\/image88.png","contentUrl":"https:\/\/dhg1h5j42swfq.cloudfront.net\/2019\/06\/08054751\/image88.png","width":422,"height":365},{"@type":"BreadcrumbList","@id":"https:\/\/www.estrategiaconcursos.com.br\/blog\/lei-10-520-02-saiba-tudo-sobre-a-lei-do-pregao\/#breadcrumb","itemListElement":[{"@type":"ListItem","position":1,"name":"In\u00edcio","item":"https:\/\/www.estrategiaconcursos.com.br\/blog\/"},{"@type":"ListItem","position":2,"name":"Lei 10520\/2002 Comentada: Saiba tudo sobre a Lei do Preg\u00e3o!"}]},{"@type":"WebSite","@id":"https:\/\/www.estrategiaconcursos.com.br\/blog\/#website","url":"https:\/\/www.estrategiaconcursos.com.br\/blog\/","name":"Estrat\u00e9gia Concursos","description":"O blog da Estrat\u00e9gia Concursos traz not\u00edcias sobre concursos e artigos de professores oferecendo cursos para concursos (pdf + videaulas) no site.","publisher":{"@id":"https:\/\/www.estrategiaconcursos.com.br\/blog\/#organization"},"potentialAction":[{"@type":"SearchAction","target":{"@type":"EntryPoint","urlTemplate":"https:\/\/www.estrategiaconcursos.com.br\/blog\/?s={search_term_string}"},"query-input":{"@type":"PropertyValueSpecification","valueRequired":true,"valueName":"search_term_string"}}],"inLanguage":"pt-BR"},{"@type":"Organization","@id":"https:\/\/www.estrategiaconcursos.com.br\/blog\/#organization","name":"Estrat\u00e9gia Concursos","url":"https:\/\/www.estrategiaconcursos.com.br\/blog\/","logo":{"@type":"ImageObject","inLanguage":"pt-BR","@id":"https:\/\/www.estrategiaconcursos.com.br\/blog\/#\/schema\/logo\/image\/","url":"https:\/\/dhg1h5j42swfq.cloudfront.net\/2025\/06\/03203428\/logo_concursos-1.jpg","contentUrl":"https:\/\/dhg1h5j42swfq.cloudfront.net\/2025\/06\/03203428\/logo_concursos-1.jpg","width":230,"height":60,"caption":"Estrat\u00e9gia Concursos"},"image":{"@id":"https:\/\/www.estrategiaconcursos.com.br\/blog\/#\/schema\/logo\/image\/"},"sameAs":["https:\/\/x.com\/EstratConcursos"]},{"@type":"Person","@id":"https:\/\/www.estrategiaconcursos.com.br\/blog\/#\/schema\/person\/90692507130b147bb9128fc093141dad","name":"Antonio Daud","image":{"@type":"ImageObject","inLanguage":"pt-BR","@id":"https:\/\/secure.gravatar.com\/avatar\/9a6539d0d807c3d7c2aaa709166f9aa9824103126593f30916973bcaedf16896?s=96&d=mm&r=g","url":"https:\/\/secure.gravatar.com\/avatar\/9a6539d0d807c3d7c2aaa709166f9aa9824103126593f30916973bcaedf16896?s=96&d=mm&r=g","contentUrl":"https:\/\/secure.gravatar.com\/avatar\/9a6539d0d807c3d7c2aaa709166f9aa9824103126593f30916973bcaedf16896?s=96&d=mm&r=g","caption":"Antonio Daud"},"description":"Antonio Daud J\u00fanior \u00e9 bacharel em Engenharia El\u00e9trica e em Direito. Foi Analista de Finan\u00e7as e Controle da Controladoria-Geral da Uni\u00e3o\/Presid\u00eancia da Rep\u00fablica (CGU\/PR), aprovado no concurso de 2008. Atualmente \u00e9 Auditor Federal de Controle Externo (AUFC) do Tribunal de Contas da Uni\u00e3o (TCU), aprovado tamb\u00e9m em 2008.","sameAs":["https:\/\/www.instagram.com\/professordaud\/?hl=en"],"url":"https:\/\/www.estrategiaconcursos.com.br\/blog\/author\/antoniodaudestrategiaconcursos-com-br\/"}]}},"_links":{"self":[{"href":"https:\/\/www.estrategiaconcursos.com.br\/blog\/wp-json\/wp\/v2\/posts\/385347","targetHints":{"allow":["GET"]}}],"collection":[{"href":"https:\/\/www.estrategiaconcursos.com.br\/blog\/wp-json\/wp\/v2\/posts"}],"about":[{"href":"https:\/\/www.estrategiaconcursos.com.br\/blog\/wp-json\/wp\/v2\/types\/post"}],"author":[{"embeddable":true,"href":"https:\/\/www.estrategiaconcursos.com.br\/blog\/wp-json\/wp\/v2\/users\/135"}],"replies":[{"embeddable":true,"href":"https:\/\/www.estrategiaconcursos.com.br\/blog\/wp-json\/wp\/v2\/comments?post=385347"}],"version-history":[{"count":30,"href":"https:\/\/www.estrategiaconcursos.com.br\/blog\/wp-json\/wp\/v2\/posts\/385347\/revisions"}],"predecessor-version":[{"id":527004,"href":"https:\/\/www.estrategiaconcursos.com.br\/blog\/wp-json\/wp\/v2\/posts\/385347\/revisions\/527004"}],"wp:featuredmedia":[{"embeddable":true,"href":"https:\/\/www.estrategiaconcursos.com.br\/blog\/wp-json\/wp\/v2\/media\/385351"}],"wp:attachment":[{"href":"https:\/\/www.estrategiaconcursos.com.br\/blog\/wp-json\/wp\/v2\/media?parent=385347"}],"wp:term":[{"taxonomy":"category","embeddable":true,"href":"https:\/\/www.estrategiaconcursos.com.br\/blog\/wp-json\/wp\/v2\/categories?post=385347"},{"taxonomy":"post_tag","embeddable":true,"href":"https:\/\/www.estrategiaconcursos.com.br\/blog\/wp-json\/wp\/v2\/tags?post=385347"},{"taxonomy":"tax_estado","embeddable":true,"href":"https:\/\/www.estrategiaconcursos.com.br\/blog\/wp-json\/wp\/v2\/tax_estado?post=385347"}],"curies":[{"name":"wp","href":"https:\/\/api.w.org\/{rel}","templated":true}]}}