{"id":385220,"date":"2026-03-27T05:39:00","date_gmt":"2026-03-27T08:39:00","guid":{"rendered":"https:\/\/www.estrategiaconcursos.com.br\/blog\/?p=385220"},"modified":"2026-03-27T16:59:49","modified_gmt":"2026-03-27T19:59:49","slug":"concurso-cnpq","status":"publish","type":"post","link":"https:\/\/www.estrategiaconcursos.com.br\/blog\/concurso-cnpq\/","title":{"rendered":"Concurso CNPq: validade prorrogada"},"content":{"rendered":"\n<p>A validade do \u00faltimo <strong>concurso CNPq <\/strong>(<a href=\"https:\/\/www.estrategiaconcursos.com.br\/cursosPorConcurso\/conselho-nacional-de-desenvolvimento-cientifico-e-tecnologico-cnpq\/\" target=\"_blank\" rel=\"noreferrer noopener\">Conselho Nacional de Desenvolvimento Cient\u00edfico e Tecnol\u00f3gico<\/a>) foi <strong>prorrogada por mais 24 meses.<\/strong><\/p>\n\n\n\n<ul class=\"wp-block-list\">\n<li><strong><a href=\"https:\/\/dhg1h5j42swfq.cloudfront.net\/2024\/07\/04170146\/image-173.png\" target=\"_blank\" rel=\"noreferrer noopener nofollow\">Confira os detalhes aqui<\/a><\/strong><\/li>\n<\/ul>\n\n\n\n<p>Importante destacar que a <a href=\"https:\/\/dhg1h5j42swfq.cloudfront.net\/2024\/05\/02134505\/ed_11_cnpq_2023_res_final_ttulos_e_res_final_concurso.pdf\" target=\"_blank\" rel=\"noreferrer noopener nofollow\">homologa\u00e7\u00e3o<\/a> do certame foi anunciada em <strong>maio<\/strong> <strong>de 2025<\/strong>. <\/p>\n\n\n\n<p>Vale lembrar que <strong>2.481 candidatos<\/strong> <a href=\"https:\/\/dhg1h5j42swfq.cloudfront.net\/2024\/01\/09094043\/cnpq_23___demanda_candidatos_por_vaga.pdf\" target=\"_blank\" rel=\"noreferrer noopener nofollow\">participaram<\/a> da sele\u00e7\u00e3o. O cargo com maior procura foi o de Gest\u00e3o e Acompanhamento de Projetos (Cargo 4), com 1.575 inscritos. Ademais, foram ofertadas <strong>50 vagas<\/strong> com sal\u00e1rios iniciais de at\u00e9 <strong>R$ 12,6 mil<\/strong>!<\/p>\n\n\n\n<ul class=\"wp-block-list has-very-light-gray-to-cyan-bluish-gray-gradient-background has-background\">\n<li><strong>Conselho Nacional de Desenvolvimento Cient\u00edfico e Tecnol\u00f3gico <\/strong><\/li>\n\n\n\n<li><strong>Status<\/strong>: homologado\/validade prorrogada<\/li>\n\n\n\n<li><strong>Banca:<\/strong> <a href=\"https:\/\/www.cebraspe.org.br\/concursos\/CNPQ_23\" target=\"_blank\" rel=\"noreferrer noopener\">Cebraspe<\/a><\/li>\n\n\n\n<li><strong>Vagas:<\/strong>&nbsp;50<\/li>\n\n\n\n<li><strong>Sal\u00e1rio:<\/strong>&nbsp;R$ 7.887,57 a R$ 12.634,13<\/li>\n\n\n\n<li><strong>Edital<\/strong>:&nbsp;<a href=\"https:\/\/dhg1h5j42swfq.cloudfront.net\/2023\/10\/02105451\/ed_1_2023_cnpq_abertura.pdf\" target=\"_blank\" rel=\"noreferrer noopener\">CNPq 2023<\/a> <\/li>\n<\/ul>\n\n\n\n<p>A fim de te deixar sempre bem informado, elaboramos este artigo com as principais informa\u00e7\u00f5es e novidades sobre o concurso. Acompanhe os t\u00f3picos abaixo e n\u00e3o perca nenhum detalhe:<\/p>\n\n\n\n<ul id=\"indice\" class=\"wp-block-list\">\n<li><strong><a href=\"#vagas\">Distribui\u00e7\u00e3o das vagas<\/a><\/strong><\/li>\n\n\n\n<li><a href=\"#carreira\"><strong>Carreira<\/strong><\/a>\n\n\n\n\n\n\n\n\n\n\n\n\n\n\n\n\n\n\n\n\n\n\n\n\n\n\n\n\n\n\n\n\n\n\n\n\n\n\n\n\n\n\n\n\n\n\n\n\n\n\n\n\n\n\n\n\n\n\n\n\n\n\n\n\n\n\n\n\n<ul class=\"wp-block-list\">\n<li><a href=\"#requisitos\">Requisitos<\/a><\/li>\n\n\n\n<li><a href=\"#remuneracao\">Remunera\u00e7\u00e3o<\/a><\/li>\n<\/ul>\n\n\n\n<ul class=\"wp-block-list\">\n<li><a href=\"#h-cargos-vagos\">Cargos vagos<\/a><\/li>\n<\/ul>\n<\/li>\n\n\n\n<li><a href=\"#etapas\"><strong>Etapas<\/strong><\/a>\n<ul class=\"wp-block-list\">\n<li><a href=\"#objetiva\">Prova objetiva<\/a><\/li>\n\n\n\n<li><a href=\"#discursiva\">Prova discursiva<\/a><\/li>\n\n\n\n<li><a href=\"#titulos\">Prova de t\u00edtulos<\/a><\/li>\n<\/ul>\n<\/li>\n\n\n\n<li><a href=\"#sobre\"><strong>Sobre CNPq<\/strong><\/a><\/li>\n\n\n\n<li><a href=\"#cursos-assinatura\"><strong>Assinatura e cursos<\/strong><\/a><\/li>\n\n\n\n<li><a href=\"#ficha-tecnica\"><strong>Ficha t\u00e9cnica<\/strong><\/a><\/li>\n<\/ul>\n\n\n\n<div class=\"container\" id=\"boxes\">\n  <div class=\"row\">\n\n    <div class=\"col-sm\">\n      <div class=\"banner-estrategia\" id=\"box-assinatura\">\n        <h3 class=\"titulo-assinatura\">Cursos para CNPq<\/h3>\n        <p class=\"subtitulo-assinatura\">Estude conosco<\/p>\n        <div class=\"box-botao\">\n          <a class=\"btn-assinatura\" target=\"_blank\" href=\"https:\/\/www.estrategiaconcursos.com.br\/cursosPorConcurso\/conselho-nacional-de-desenvolvimento-cientifico-e-tecnologico-cnpq\/\" role=\"button\" rel=\"noopener noreferrer\">Conhe\u00e7a os cursos<\/a>\n        <\/div>\n      <\/div>\n     \n    <\/div>\n\n  <\/div>\n<\/div>\n\n\n\n<h2 class=\"wp-block-heading\" id=\"etapas\">Distribui\u00e7\u00e3o das vagas<\/h2>\n\n\n\n<p><strong>Analista em Ci\u00eancia e Tecnologia Pleno I:<\/strong><\/p>\n\n\n\n<figure class=\"wp-block-table is-style-stripes\"><table><thead><tr><th class=\"has-text-align-center\" data-align=\"center\">Especialidade<\/th><th class=\"has-text-align-center\" data-align=\"center\">N\u00ba de vagas<\/th><th class=\"has-text-align-center\" data-align=\"center\">Inscritos<\/th><\/tr><\/thead><tbody><tr><td class=\"has-text-align-center\" data-align=\"center\">Cargo 1: Administra\u00e7\u00e3o e Recursos Log\u00edsticos<\/td><td class=\"has-text-align-center\" data-align=\"center\">08<\/td><td class=\"has-text-align-center\" data-align=\"center\">418<\/td><\/tr><tr><td class=\"has-text-align-center\" data-align=\"center\">Cargo 2: Desenvolvimento e Arquitetura de Software<\/td><td class=\"has-text-align-center\" data-align=\"center\">02<\/td><td class=\"has-text-align-center\" data-align=\"center\">125<\/td><\/tr><tr><td class=\"has-text-align-center\" data-align=\"center\">Cargo 3: Gest\u00e3o de Dados Corporativos<\/td><td class=\"has-text-align-center\" data-align=\"center\">01<\/td><td class=\"has-text-align-center\" data-align=\"center\">45<\/td><\/tr><tr><td class=\"has-text-align-center\" data-align=\"center\">Cargo 4: Gest\u00e3o e Acompanhamento de Projetos e Programas em CT&amp;I<\/td><td class=\"has-text-align-center\" data-align=\"center\">19<\/td><td class=\"has-text-align-center\" data-align=\"center\">1.575<\/td><\/tr><tr><td class=\"has-text-align-center\" data-align=\"center\">Cargo 5: Gest\u00e3o e Governan\u00e7a de Tecnologia da Informa\u00e7\u00e3o<\/td><td class=\"has-text-align-center\" data-align=\"center\">02<\/td><td class=\"has-text-align-center\" data-align=\"center\">117<\/td><\/tr><tr><td class=\"has-text-align-center\" data-align=\"center\">Cargo 6: Gest\u00e3o Or\u00e7ament\u00e1ria, Financeira e Cont\u00e1bil<\/td><td class=\"has-text-align-center\" data-align=\"center\">08<\/td><td class=\"has-text-align-center\" data-align=\"center\">277<\/td><\/tr><tr><td class=\"has-text-align-center\" data-align=\"center\">Cargo 7: Infraestrutura de Tecnologia da Informa\u00e7\u00e3o<\/td><td class=\"has-text-align-center\" data-align=\"center\">02<\/td><td class=\"has-text-align-center\" data-align=\"center\">102<\/td><\/tr><tr><td class=\"has-text-align-center\" data-align=\"center\">Cargo 8: Administra\u00e7\u00e3o de Pessoal<\/td><td class=\"has-text-align-center\" data-align=\"center\">08<\/td><td class=\"has-text-align-center\" data-align=\"center\">822<\/td><\/tr><\/tbody><\/table><figcaption class=\"wp-element-caption\">Quadro de vagas por especialidade<\/figcaption><\/figure>\n\n\n\n<h2 class=\"wp-block-heading\" id=\"etapas\">Concurso CNPq: etapas<\/h2>\n\n\n\n<p>Os candidatos s\u00e3o avaliados pelas seguintes etapas:<\/p>\n\n\n\n<ul class=\"wp-block-list\">\n<li><strong>Prova objetiva<\/strong>, de car\u00e1ter eliminat\u00f3rio;<\/li>\n\n\n\n<li><strong>Prova discursiva<\/strong>, de car\u00e1ter eliminat\u00f3rio e classificat\u00f3rio;<\/li>\n\n\n\n<li><strong>Avalia\u00e7\u00e3o de t\u00edtulos<\/strong>, de car\u00e1ter classificat\u00f3rio.<\/li>\n<\/ul>\n\n\n\n<h3 class=\"wp-block-heading\" id=\"objetiva\">Provas objetivas <\/h3>\n\n\n\n<p>A prova objetiva valeu at\u00e9 120,00 pontos e foi composta por <strong>120 quest\u00f5es<\/strong> do tipo CERTO ou ERRADO. A estrutura da etapa foi a seguinte:<\/p>\n\n\n\n<ul class=\"wp-block-list\">\n<li><strong>Conhecimentos gerais<\/strong> \u2013 50 quest\u00f5es:\n<ul class=\"wp-block-list\">\n<li>L\u00edngua Portuguesa;<\/li>\n\n\n\n<li>Legisla\u00e7\u00e3o e \u00c9tica na Administra\u00e7\u00e3o P\u00fablica;<\/li>\n\n\n\n<li>Racioc\u00ednio L\u00f3gico e Quantitativo;<\/li>\n\n\n\n<li>No\u00e7\u00f5es de Direito Administrativo;<\/li>\n\n\n\n<li>No\u00e7\u00f5es de Direito Constitucional;<\/li>\n\n\n\n<li>No\u00e7\u00f5es de Administra\u00e7\u00e3o P\u00fablica;<\/li>\n\n\n\n<li>No\u00e7\u00f5es de Inform\u00e1tica;<\/li>\n\n\n\n<li>L\u00edngua Inglesa.<\/li>\n<\/ul>\n<\/li>\n\n\n\n<li><strong>Conhecimentos espec\u00edficos <\/strong>\u2013 70 quest\u00f5es.<\/li>\n<\/ul>\n\n\n\n<h3 class=\"wp-block-heading\" id=\"h-prova-discursiva\">Prova Discursiva<\/h3>\n\n\n\n<p>A prova discursiva valeu 30,00 pontos e consistiu da reda\u00e7\u00e3o de texto dissertativo, de at\u00e9 30 linhas, a respeito de temas relacionados a conhecimentos espec\u00edficos do cargo\/especialidade.<\/p>\n\n\n\n<p>A etapa avaliou o conte\u00fado (conhecimento do tema), a capacidade de express\u00e3o na modalidade escrita e o uso das normas do registro formal culto da L\u00edngua Portuguesa. <\/p>\n\n\n\n<p>O candidato teve que produzir, conforme o comando formulado pela banca examinadora, texto dissertativo, primando pela coer\u00eancia e pela coes\u00e3o.<\/p>\n\n\n\n<h3 class=\"wp-block-heading\" id=\"titulos\">Prova de t\u00edtulos<\/h3>\n\n\n\n<p>A avalia\u00e7\u00e3o de t\u00edtulos valeu 20,00 pontos, ainda que a soma dos valores dos t\u00edtulos enviados fosse superior a esse valor. Confira abaixo a tabela de pontua\u00e7\u00e3o:<\/p>\n\n\n\n<figure class=\"wp-block-image aligncenter\"><img loading=\"lazy\" decoding=\"async\" width=\"1024\" height=\"430\" src=\"https:\/\/dhg1h5j42swfq.cloudfront.net\/2023\/09\/21080926\/image-233-1024x430.png\" alt=\"Tabela de atribui\u00e7\u00e3o de pontos na Avalia\u00e7\u00e3o de T\u00edtulos\" class=\"wp-image-1280789\" srcset=\"https:\/\/dhg1h5j42swfq.cloudfront.net\/2023\/09\/21080926\/image-233-1024x430.png 1024w, https:\/\/dhg1h5j42swfq.cloudfront.net\/2023\/09\/21080926\/image-233-300x126.png 300w, https:\/\/dhg1h5j42swfq.cloudfront.net\/2023\/09\/21080926\/image-233-768x323.png 768w, https:\/\/dhg1h5j42swfq.cloudfront.net\/2023\/09\/21080926\/image-233-1536x646.png 1536w, https:\/\/dhg1h5j42swfq.cloudfront.net\/2023\/09\/21080926\/image-233-610x256.png 610w, https:\/\/dhg1h5j42swfq.cloudfront.net\/2023\/09\/21080926\/image-233-150x63.png 150w, https:\/\/dhg1h5j42swfq.cloudfront.net\/2023\/09\/21080926\/image-233.png 1606w\" sizes=\"auto, (max-width: 1024px) 100vw, 1024px\" \/><\/figure>\n\n\n\n<h2 class=\"wp-block-heading\" id=\"carreira\">Como \u00e9 a carreira no CNPq?<\/h2>\n\n\n\n<p>Al\u00e9m das gradua\u00e7\u00f5es abaixo descritas, o candidato tamb\u00e9m precisa ter grau de Mestre ou ter realizado, durante, pelo menos, 3 anos, atividade de gest\u00e3o, planejamento ou infraestrutura em C&amp;T, que lhe atribua habilita\u00e7\u00e3o correspondente; e ter participado de trabalhos interdisciplinares ou da elabora\u00e7\u00e3o de sistemas de suporte, de relat\u00f3rios t\u00e9cnicos e de projetos correlacionados com a \u00e1rea de Ci\u00eancia e Tecnologia.<\/p>\n\n\n\n<h3 class=\"wp-block-heading\" id=\"requisitos\">Requisitos dos cargos<\/h3>\n\n\n\n<p><strong>Cargo 1: Administra\u00e7\u00e3o e Recursos Log\u00edsticos:<\/strong> gradua\u00e7\u00e3o em Administra\u00e7\u00e3o, Arquitetura e Urbanismo, Arquivologia, Direito, Engenharia Civil, Log\u00edstica e(ou) \u00e1reas correlatas.<\/p>\n\n\n\n<p><strong>Cargo 2: Desenvolvimento e Arquitetura de Software:<\/strong> gradua\u00e7\u00e3o em Ci\u00eancias da Computa\u00e7\u00e3o, Tecnologia da Informa\u00e7\u00e3o, ou outro com P\u00f3s-Gradua\u00e7\u00e3o na \u00e1rea de Tecnologia da Informa\u00e7\u00e3o.<\/p>\n\n\n\n<p><strong>Cargo 3: Gest\u00e3o de Dados Corporativos:<\/strong> gradua\u00e7\u00e3o em Ci\u00eancias da Computa\u00e7\u00e3o, Tecnologia da Informa\u00e7\u00e3o, ou outro com P\u00f3s-Gradua\u00e7\u00e3o na \u00e1rea de Tecnologia da Informa\u00e7\u00e3o.<\/p>\n\n\n\n<p><strong>Cargo 4: Gest\u00e3o e Acompanhamento de Projetos e Programas em CT&amp;I:<\/strong> gradua\u00e7\u00e3o em n\u00edvel superior em qualquer \u00e1rea de forma\u00e7\u00e3o.<\/p>\n\n\n\n<p><strong>Cargo 5: Gest\u00e3o e Governan\u00e7a de Tecnologia da Informa\u00e7\u00e3o:<\/strong> gradua\u00e7\u00e3o em Ci\u00eancias da Computa\u00e7\u00e3o, Tecnologia da Informa\u00e7\u00e3o, ou outro com P\u00f3s-Gradua\u00e7\u00e3o na \u00e1rea de Tecnologia da Informa\u00e7\u00e3o.<\/p>\n\n\n\n<p><strong>Cargo 6: Gest\u00e3o Or\u00e7ament\u00e1ria, Financeira e Cont\u00e1bil:<\/strong> gradua\u00e7\u00e3o em Administra\u00e7\u00e3o, Ci\u00eancias Econ\u00f4micas, Ci\u00eancias Cont\u00e1beis, Gest\u00e3o Financeira e(ou) \u00e1reas correlatas.<\/p>\n\n\n\n<p><strong>Cargo 7: Infraestrutura de Tecnologia da Informa\u00e7\u00e3o:<\/strong> gradua\u00e7\u00e3o em Ci\u00eancias da Computa\u00e7\u00e3o, Tecnologia da Informa\u00e7\u00e3o, ou outro com P\u00f3s-Gradua\u00e7\u00e3o na \u00e1rea de Tecnologia da Informa\u00e7\u00e3o.<\/p>\n\n\n\n<p><strong>Cargo 8: Administra\u00e7\u00e3o de Pessoal:<\/strong> gradua\u00e7\u00e3o em qualquer \u00e1rea de forma\u00e7\u00e3o.<\/p>\n\n\n\n<h3 class=\"wp-block-heading\" id=\"remuneracao\">Remunera\u00e7\u00e3o <\/h3>\n\n\n\n<p>A remunera\u00e7\u00e3o do cargo de Analista em Ci\u00eancia e Tecnologia \u00e9 composta pelo&nbsp;<strong>Vencimento B\u00e1sico<\/strong>&nbsp;\u2013 VB, mais&nbsp;<strong>Retribui\u00e7\u00e3o por Titula\u00e7\u00e3o<\/strong>&nbsp;\u2013 RT (Especializa\u00e7\u00e3o, Metrado ou Doutorado) e&nbsp;<strong>Gratifica\u00e7\u00e3o de Desempenho<\/strong>&nbsp;\u2013 GDACT .<\/p>\n\n\n\n<figure class=\"wp-block-image aligncenter size-full\"><img loading=\"lazy\" decoding=\"async\" width=\"571\" height=\"117\" src=\"https:\/\/dhg1h5j42swfq.cloudfront.net\/2023\/09\/21082044\/image-234.png\" alt=\"Tabela remunerat\u00f3ria de acordo com a Titula\u00e7\u00e3o \" class=\"wp-image-1280799\" srcset=\"https:\/\/dhg1h5j42swfq.cloudfront.net\/2023\/09\/21082044\/image-234.png 571w, https:\/\/dhg1h5j42swfq.cloudfront.net\/2023\/09\/21082044\/image-234-300x61.png 300w, https:\/\/dhg1h5j42swfq.cloudfront.net\/2023\/09\/21082044\/image-234-150x31.png 150w\" sizes=\"auto, (max-width: 571px) 100vw, 571px\" \/><figcaption class=\"wp-element-caption\">Remunera\u00e7\u00e3o do edital<\/figcaption><\/figure>\n\n\n\n<h3 class=\"wp-block-heading\" id=\"h-cargos-vagos\">Cargos vagos<\/h3>\n\n\n\n<p>Segundo dados recentes, com refer\u00eancia em maio de 2024, existem atualmente <strong>685 cargos vagos <\/strong>no \u00f3rg\u00e3o, sendo:<\/p>\n\n\n\n<ul class=\"wp-block-list\">\n<li>Assistente em Ci\u00eancias e Tecnologia &#8211; <strong>358<\/strong>;<\/li>\n\n\n\n<li>Analista em Ci\u00eancias e Tecnologia &#8211; <strong>327<\/strong>.<\/li>\n<\/ul>\n\n\n\n<h2 class=\"wp-block-heading\" id=\"sobre\">Sobre a CNPq<\/h2>\n\n\n\n<p>O Conselho Nacional de Desenvolvimento Cient\u00edfico e Tecnol\u00f3gico, funda\u00e7\u00e3o p\u00fablica vinculada ao Minist\u00e9rio da Ci\u00eancia, Tecnologia, Inova\u00e7\u00f5es e Comunica\u00e7\u00f5es, tem como principais atribui\u00e7\u00f5es fomentar a pesquisa cient\u00edfica, tecnol\u00f3gica e de inova\u00e7\u00e3o e promover a forma\u00e7\u00e3o de recursos humanos qualificados para a pesquisa, em todas as \u00e1reas do conhecimento.<\/p>\n\n\n\n<hr class=\"wp-block-separator has-css-opacity\"\/>\n\n\n\n<h2 class=\"wp-block-heading has-text-align-center\" id=\"cursos-assinatura\"><em>Quer estudar para o concurso CNPq?<\/em><\/h2>\n\n\n\n<div class=\"container\" id=\"boxes\">\r\n  <div class=\"row\">\r\n\r\n    <div class=\"col-sm\">\r\n      <div class=\"banner-estrategia\" id=\"box-assinatura\">\r\n        <h3 class=\"titulo-assinatura\">Cursos para CNPq<\/h3>\r\n        <p class=\"subtitulo-assinatura\">Estude conosco<\/p>\r\n        <div class=\"box-botao\">\r\n          <a class=\"btn-assinatura\" target=\"_blank\" href=\"https:\/\/www.estrategiaconcursos.com.br\/cursosPorConcurso\/conselho-nacional-de-desenvolvimento-cientifico-e-tecnologico-cnpq\/\" role=\"button\" rel=\"noopener noreferrer\">Conhe\u00e7a os cursos<\/a>\r\n        <\/div>\r\n      <\/div>\r\n     \r\n    <\/div>\r\n\r\n  <\/div>\r\n<\/div>\n\n\n\n<div class=\"container\" id=\"boxes\">\r\n  <div class=\"row\">\r\n\r\n    <div class=\"col-sm\">\r\n      <div class=\"estrategia\" id=\"box-assinatura\">\r\n        <h3 class=\"titulo-assinatura\">Assinatura Concursos<\/h3>\r\n        <p class=\"subtitulo-assinatura\">Assinatura de 1 ano ou 2 anos<\/p>\r\n        <div class=\"box-botao\">\r\n          <a class=\"btn-assinatura\" target=\"_blank\" href=\"https:\/\/www.estrategiaconcursos.com.br\/assinaturas\/\" role=\"button\" rel=\"noopener noreferrer\">ASSINE AGORA<\/a>\r\n        <\/div>\r\n      <\/div><\/div><\/div><\/div>\n\n\n\n<h2 class=\"wp-block-heading has-text-align-center\" id=\"h-quer-saber-tudo-sobre-concursos-previstos-confira-nossos-artigos\">Quer saber tudo sobre concursos previstos?<br \/>Confira nossos artigos!<\/h2>\n\n\n\n<ul class=\"wp-block-list\">\n<li><a href=\"https:\/\/www.estrategiaconcursos.com.br\/blog\/concursos-abertos\/\" target=\"_blank\" rel=\"noreferrer noopener\">Concursos abertos<\/a><\/li>\n\n\n\n<li><a href=\"https:\/\/www.estrategiaconcursos.com.br\/blog\/concursos-federais-2023\/\" target=\"_blank\" rel=\"noreferrer noopener\">Concursos federais<\/a><\/li>\n\n\n\n<li><a href=\"https:\/\/www.estrategiaconcursos.com.br\/blog\/concursos-2026\/\" target=\"_blank\" rel=\"noreferrer noopener\">Concursos 2026<\/a><\/li>\n<\/ul>\n\n\n\n<figure class=\"wp-block-image size-large is-resized\"><img loading=\"lazy\" decoding=\"async\" width=\"1024\" height=\"632\" src=\"https:\/\/dhg1h5j42swfq.cloudfront.net\/2021\/05\/06102837\/ficha-tecnica-1-1024x632-1-3.png\" alt=\"Ficha t\u00e9cnico do concurso CNPq\" class=\"wp-image-732751\" style=\"width:266px;height:164px\" srcset=\"https:\/\/dhg1h5j42swfq.cloudfront.net\/2021\/05\/06102837\/ficha-tecnica-1-1024x632-1-3.png 1024w, https:\/\/dhg1h5j42swfq.cloudfront.net\/2021\/05\/06102837\/ficha-tecnica-1-1024x632-1-3-300x185.png 300w, https:\/\/dhg1h5j42swfq.cloudfront.net\/2021\/05\/06102837\/ficha-tecnica-1-1024x632-1-3-768x474.png 768w, https:\/\/dhg1h5j42swfq.cloudfront.net\/2021\/05\/06102837\/ficha-tecnica-1-1024x632-1-3-610x376.png 610w\" sizes=\"auto, (max-width: 1024px) 100vw, 1024px\" \/><\/figure>\n\n\n\n<h3 class=\"wp-block-heading\" id=\"ficha-tecnica\">Informa\u00e7\u00f5es do concurso CNPq<\/h3>\n\n\n\n<ul class=\"wp-block-list\">\n<li><strong>Ano<\/strong>: 2023<\/li>\n\n\n\n<li><strong>Vagas<\/strong>: 50<\/li>\n\n\n\n<li><strong>Cargos<\/strong>: Analista em Ci\u00eancias e Tecnologia<\/li>\n\n\n\n<li><strong>Banca<\/strong>: Cebraspe<\/li>\n\n\n\n<li><strong>Escolaridade<\/strong>: N\u00edvel superior<\/li>\n\n\n\n<li><strong>Edital:<\/strong> <a href=\"https:\/\/dhg1h5j42swfq.cloudfront.net\/2023\/10\/02105451\/ed_1_2023_cnpq_abertura.pdf\" target=\"_blank\" rel=\"noreferrer noopener\">CNPq 2023<\/a> | <a href=\"https:\/\/dhg1h5j42swfq.cloudfront.net\/2023\/10\/04114951\/ed_2_2023_cnpq_ret.pdf\" target=\"_blank\" rel=\"noreferrer noopener nofollow\">Retifica\u00e7\u00e3o<\/a><\/li>\n<\/ul>\n","protected":false},"excerpt":{"rendered":"<p>A validade do \u00faltimo concurso CNPq (Conselho Nacional de Desenvolvimento Cient\u00edfico e Tecnol\u00f3gico) foi prorrogada por mais 24 meses. Importante destacar que a homologa\u00e7\u00e3o do certame foi anunciada em maio de 2025. Vale lembrar que 2.481 candidatos participaram da sele\u00e7\u00e3o. O cargo com maior procura foi o de Gest\u00e3o e Acompanhamento de Projetos (Cargo 4), [&hellip;]<\/p>\n","protected":false},"author":1,"featured_media":741279,"comment_status":"open","ping_status":"closed","sticky":false,"template":"","format":"standard","meta":{"post_tipo":"news_page","footnotes":""},"categories":[214992],"tags":[],"tax_estado":[219963],"class_list":["post-385220","post","type-post","status-publish","format-standard","has-post-thumbnail","hentry","category-concursos-administrativos","tax_estado-concursos-federais"],"acf":[],"yoast_head":"<!-- This site is optimized with the Yoast SEO Premium plugin v27.2 (Yoast SEO v27.2) - https:\/\/yoast.com\/product\/yoast-seo-premium-wordpress\/ -->\n<title>Concurso CNPq: validade prorrogada<\/title>\n<meta name=\"description\" content=\"Saiba mais sobre a validade do concurso CNPq, prorrogada por 24 meses. Confira detalhes e novidades sobre a sele\u00e7\u00e3o!\" \/>\n<meta name=\"robots\" content=\"index, follow, max-snippet:-1, max-image-preview:large, max-video-preview:-1\" \/>\n<link rel=\"canonical\" href=\"https:\/\/www.estrategiaconcursos.com.br\/blog\/concurso-cnpq\/\" \/>\n<meta property=\"og:locale\" content=\"pt_BR\" \/>\n<meta property=\"og:type\" content=\"article\" \/>\n<meta property=\"og:title\" content=\"Concurso CNPq: validade prorrogada\" \/>\n<meta property=\"og:description\" content=\"Saiba mais sobre a validade do concurso CNPq, prorrogada por 24 meses. Confira detalhes e novidades sobre a sele\u00e7\u00e3o!\" \/>\n<meta property=\"og:url\" content=\"https:\/\/www.estrategiaconcursos.com.br\/blog\/concurso-cnpq\/\" \/>\n<meta property=\"og:site_name\" content=\"Estrat\u00e9gia Concursos\" \/>\n<meta property=\"article:author\" content=\"https:\/\/www.facebook.com\/EstrategiaConcursos\" \/>\n<meta property=\"article:published_time\" content=\"2026-03-27T08:39:00+00:00\" \/>\n<meta property=\"article:modified_time\" content=\"2026-03-27T19:59:49+00:00\" \/>\n<meta property=\"og:image\" content=\"https:\/\/dhg1h5j42swfq.cloudfront.net\/2021\/05\/14154828\/cnpq-2.jpg\" \/>\n\t<meta property=\"og:image:width\" content=\"768\" \/>\n\t<meta property=\"og:image:height\" content=\"432\" \/>\n\t<meta property=\"og:image:type\" content=\"image\/jpeg\" \/>\n<meta name=\"author\" content=\"Coordena\u00e7\u00e3o\" \/>\n<meta name=\"twitter:card\" content=\"summary_large_image\" \/>\n<meta name=\"twitter:creator\" content=\"@EstratConcursos\" \/>\n<meta name=\"twitter:site\" content=\"@EstratConcursos\" \/>\n<meta name=\"twitter:label1\" content=\"Escrito por\" \/>\n\t<meta name=\"twitter:data1\" content=\"Coordena\u00e7\u00e3o\" \/>\n\t<meta name=\"twitter:label2\" content=\"Est. tempo de leitura\" \/>\n\t<meta name=\"twitter:data2\" content=\"5 minutos\" \/>\n<script type=\"application\/ld+json\" class=\"yoast-schema-graph\">{\"@context\":\"https:\/\/schema.org\",\"@graph\":[{\"@type\":\"NewsArticle\",\"@id\":\"https:\/\/www.estrategiaconcursos.com.br\/blog\/concurso-cnpq\/#article\",\"isPartOf\":{\"@id\":\"https:\/\/www.estrategiaconcursos.com.br\/blog\/concurso-cnpq\/\"},\"author\":{\"name\":\"Coordena\u00e7\u00e3o\",\"@id\":\"https:\/\/www.estrategiaconcursos.com.br\/blog\/#\/schema\/person\/b4a388c97673c5f483d72185668afa1f\"},\"headline\":\"Concurso CNPq: validade prorrogada\",\"datePublished\":\"2026-03-27T08:39:00+00:00\",\"dateModified\":\"2026-03-27T19:59:49+00:00\",\"mainEntityOfPage\":{\"@id\":\"https:\/\/www.estrategiaconcursos.com.br\/blog\/concurso-cnpq\/\"},\"wordCount\":1000,\"commentCount\":0,\"publisher\":{\"@id\":\"https:\/\/www.estrategiaconcursos.com.br\/blog\/#organization\"},\"image\":{\"@id\":\"https:\/\/www.estrategiaconcursos.com.br\/blog\/concurso-cnpq\/#primaryimage\"},\"thumbnailUrl\":\"https:\/\/dhg1h5j42swfq.cloudfront.net\/2021\/05\/14154828\/cnpq-2.jpg\",\"articleSection\":[\"Executivo (Administrativa)\"],\"inLanguage\":\"pt-BR\",\"potentialAction\":[{\"@type\":\"CommentAction\",\"name\":\"Comment\",\"target\":[\"https:\/\/www.estrategiaconcursos.com.br\/blog\/concurso-cnpq\/#respond\"]}],\"copyrightYear\":\"2026\",\"copyrightHolder\":{\"@id\":\"https:\/\/www.estrategiaconcursos.com.br\/blog\/#organization\"}},{\"@type\":\"WebPage\",\"@id\":\"https:\/\/www.estrategiaconcursos.com.br\/blog\/concurso-cnpq\/\",\"url\":\"https:\/\/www.estrategiaconcursos.com.br\/blog\/concurso-cnpq\/\",\"name\":\"Concurso CNPq: validade prorrogada\",\"isPartOf\":{\"@id\":\"https:\/\/www.estrategiaconcursos.com.br\/blog\/#website\"},\"primaryImageOfPage\":{\"@id\":\"https:\/\/www.estrategiaconcursos.com.br\/blog\/concurso-cnpq\/#primaryimage\"},\"image\":{\"@id\":\"https:\/\/www.estrategiaconcursos.com.br\/blog\/concurso-cnpq\/#primaryimage\"},\"thumbnailUrl\":\"https:\/\/dhg1h5j42swfq.cloudfront.net\/2021\/05\/14154828\/cnpq-2.jpg\",\"datePublished\":\"2026-03-27T08:39:00+00:00\",\"dateModified\":\"2026-03-27T19:59:49+00:00\",\"description\":\"Saiba mais sobre a validade do concurso CNPq, prorrogada por 24 meses. Confira detalhes e novidades sobre a sele\u00e7\u00e3o!\",\"breadcrumb\":{\"@id\":\"https:\/\/www.estrategiaconcursos.com.br\/blog\/concurso-cnpq\/#breadcrumb\"},\"inLanguage\":\"pt-BR\",\"potentialAction\":[{\"@type\":\"ReadAction\",\"target\":[\"https:\/\/www.estrategiaconcursos.com.br\/blog\/concurso-cnpq\/\"]}]},{\"@type\":\"ImageObject\",\"inLanguage\":\"pt-BR\",\"@id\":\"https:\/\/www.estrategiaconcursos.com.br\/blog\/concurso-cnpq\/#primaryimage\",\"url\":\"https:\/\/dhg1h5j42swfq.cloudfront.net\/2021\/05\/14154828\/cnpq-2.jpg\",\"contentUrl\":\"https:\/\/dhg1h5j42swfq.cloudfront.net\/2021\/05\/14154828\/cnpq-2.jpg\",\"width\":768,\"height\":432,\"caption\":\"concurso CNPq\"},{\"@type\":\"BreadcrumbList\",\"@id\":\"https:\/\/www.estrategiaconcursos.com.br\/blog\/concurso-cnpq\/#breadcrumb\",\"itemListElement\":[{\"@type\":\"ListItem\",\"position\":1,\"name\":\"In\u00edcio\",\"item\":\"https:\/\/www.estrategiaconcursos.com.br\/blog\/\"},{\"@type\":\"ListItem\",\"position\":2,\"name\":\"Concurso CNPq: validade prorrogada\"}]},{\"@type\":\"WebSite\",\"@id\":\"https:\/\/www.estrategiaconcursos.com.br\/blog\/#website\",\"url\":\"https:\/\/www.estrategiaconcursos.com.br\/blog\/\",\"name\":\"Estrat\u00e9gia Concursos\",\"description\":\"O blog da Estrat\u00e9gia Concursos traz not\u00edcias sobre concursos e artigos de professores oferecendo cursos para concursos (pdf + videaulas) no site.\",\"publisher\":{\"@id\":\"https:\/\/www.estrategiaconcursos.com.br\/blog\/#organization\"},\"potentialAction\":[{\"@type\":\"SearchAction\",\"target\":{\"@type\":\"EntryPoint\",\"urlTemplate\":\"https:\/\/www.estrategiaconcursos.com.br\/blog\/?s={search_term_string}\"},\"query-input\":{\"@type\":\"PropertyValueSpecification\",\"valueRequired\":true,\"valueName\":\"search_term_string\"}}],\"inLanguage\":\"pt-BR\"},{\"@type\":\"Organization\",\"@id\":\"https:\/\/www.estrategiaconcursos.com.br\/blog\/#organization\",\"name\":\"Estrat\u00e9gia Concursos\",\"url\":\"https:\/\/www.estrategiaconcursos.com.br\/blog\/\",\"logo\":{\"@type\":\"ImageObject\",\"inLanguage\":\"pt-BR\",\"@id\":\"https:\/\/www.estrategiaconcursos.com.br\/blog\/#\/schema\/logo\/image\/\",\"url\":\"https:\/\/dhg1h5j42swfq.cloudfront.net\/2025\/06\/03203428\/logo_concursos-1.jpg\",\"contentUrl\":\"https:\/\/dhg1h5j42swfq.cloudfront.net\/2025\/06\/03203428\/logo_concursos-1.jpg\",\"width\":230,\"height\":60,\"caption\":\"Estrat\u00e9gia Concursos\"},\"image\":{\"@id\":\"https:\/\/www.estrategiaconcursos.com.br\/blog\/#\/schema\/logo\/image\/\"},\"sameAs\":[\"https:\/\/x.com\/EstratConcursos\"]},{\"@type\":\"Person\",\"@id\":\"https:\/\/www.estrategiaconcursos.com.br\/blog\/#\/schema\/person\/b4a388c97673c5f483d72185668afa1f\",\"name\":\"Coordena\u00e7\u00e3o\",\"image\":{\"@type\":\"ImageObject\",\"inLanguage\":\"pt-BR\",\"@id\":\"https:\/\/secure.gravatar.com\/avatar\/b720319e4c9a967eb58678d110f4fe35452fc5d5f97b202bac7b8acceb18c6ad?s=96&d=mm&r=g\",\"url\":\"https:\/\/secure.gravatar.com\/avatar\/b720319e4c9a967eb58678d110f4fe35452fc5d5f97b202bac7b8acceb18c6ad?s=96&d=mm&r=g\",\"contentUrl\":\"https:\/\/secure.gravatar.com\/avatar\/b720319e4c9a967eb58678d110f4fe35452fc5d5f97b202bac7b8acceb18c6ad?s=96&d=mm&r=g\",\"caption\":\"Coordena\u00e7\u00e3o\"},\"sameAs\":[\"https:\/\/www.facebook.com\/EstrategiaConcursos\",\"https:\/\/x.com\/EstratConcursos\"],\"url\":\"https:\/\/www.estrategiaconcursos.com.br\/blog\/author\/estrategia2013\/\"}]}<\/script>\n<!-- \/ Yoast SEO Premium plugin. -->","yoast_head_json":{"title":"Concurso CNPq: validade prorrogada","description":"Saiba mais sobre a validade do concurso CNPq, prorrogada por 24 meses. Confira detalhes e novidades sobre a sele\u00e7\u00e3o!","robots":{"index":"index","follow":"follow","max-snippet":"max-snippet:-1","max-image-preview":"max-image-preview:large","max-video-preview":"max-video-preview:-1"},"canonical":"https:\/\/www.estrategiaconcursos.com.br\/blog\/concurso-cnpq\/","og_locale":"pt_BR","og_type":"article","og_title":"Concurso CNPq: validade prorrogada","og_description":"Saiba mais sobre a validade do concurso CNPq, prorrogada por 24 meses. Confira detalhes e novidades sobre a sele\u00e7\u00e3o!","og_url":"https:\/\/www.estrategiaconcursos.com.br\/blog\/concurso-cnpq\/","og_site_name":"Estrat\u00e9gia Concursos","article_author":"https:\/\/www.facebook.com\/EstrategiaConcursos","article_published_time":"2026-03-27T08:39:00+00:00","article_modified_time":"2026-03-27T19:59:49+00:00","og_image":[{"width":768,"height":432,"url":"https:\/\/dhg1h5j42swfq.cloudfront.net\/2021\/05\/14154828\/cnpq-2.jpg","type":"image\/jpeg"}],"author":"Coordena\u00e7\u00e3o","twitter_card":"summary_large_image","twitter_creator":"@EstratConcursos","twitter_site":"@EstratConcursos","twitter_misc":{"Escrito por":"Coordena\u00e7\u00e3o","Est. tempo de leitura":"5 minutos"},"schema":{"@context":"https:\/\/schema.org","@graph":[{"@type":"NewsArticle","@id":"https:\/\/www.estrategiaconcursos.com.br\/blog\/concurso-cnpq\/#article","isPartOf":{"@id":"https:\/\/www.estrategiaconcursos.com.br\/blog\/concurso-cnpq\/"},"author":{"name":"Coordena\u00e7\u00e3o","@id":"https:\/\/www.estrategiaconcursos.com.br\/blog\/#\/schema\/person\/b4a388c97673c5f483d72185668afa1f"},"headline":"Concurso CNPq: validade prorrogada","datePublished":"2026-03-27T08:39:00+00:00","dateModified":"2026-03-27T19:59:49+00:00","mainEntityOfPage":{"@id":"https:\/\/www.estrategiaconcursos.com.br\/blog\/concurso-cnpq\/"},"wordCount":1000,"commentCount":0,"publisher":{"@id":"https:\/\/www.estrategiaconcursos.com.br\/blog\/#organization"},"image":{"@id":"https:\/\/www.estrategiaconcursos.com.br\/blog\/concurso-cnpq\/#primaryimage"},"thumbnailUrl":"https:\/\/dhg1h5j42swfq.cloudfront.net\/2021\/05\/14154828\/cnpq-2.jpg","articleSection":["Executivo (Administrativa)"],"inLanguage":"pt-BR","potentialAction":[{"@type":"CommentAction","name":"Comment","target":["https:\/\/www.estrategiaconcursos.com.br\/blog\/concurso-cnpq\/#respond"]}],"copyrightYear":"2026","copyrightHolder":{"@id":"https:\/\/www.estrategiaconcursos.com.br\/blog\/#organization"}},{"@type":"WebPage","@id":"https:\/\/www.estrategiaconcursos.com.br\/blog\/concurso-cnpq\/","url":"https:\/\/www.estrategiaconcursos.com.br\/blog\/concurso-cnpq\/","name":"Concurso CNPq: validade prorrogada","isPartOf":{"@id":"https:\/\/www.estrategiaconcursos.com.br\/blog\/#website"},"primaryImageOfPage":{"@id":"https:\/\/www.estrategiaconcursos.com.br\/blog\/concurso-cnpq\/#primaryimage"},"image":{"@id":"https:\/\/www.estrategiaconcursos.com.br\/blog\/concurso-cnpq\/#primaryimage"},"thumbnailUrl":"https:\/\/dhg1h5j42swfq.cloudfront.net\/2021\/05\/14154828\/cnpq-2.jpg","datePublished":"2026-03-27T08:39:00+00:00","dateModified":"2026-03-27T19:59:49+00:00","description":"Saiba mais sobre a validade do concurso CNPq, prorrogada por 24 meses. Confira detalhes e novidades sobre a sele\u00e7\u00e3o!","breadcrumb":{"@id":"https:\/\/www.estrategiaconcursos.com.br\/blog\/concurso-cnpq\/#breadcrumb"},"inLanguage":"pt-BR","potentialAction":[{"@type":"ReadAction","target":["https:\/\/www.estrategiaconcursos.com.br\/blog\/concurso-cnpq\/"]}]},{"@type":"ImageObject","inLanguage":"pt-BR","@id":"https:\/\/www.estrategiaconcursos.com.br\/blog\/concurso-cnpq\/#primaryimage","url":"https:\/\/dhg1h5j42swfq.cloudfront.net\/2021\/05\/14154828\/cnpq-2.jpg","contentUrl":"https:\/\/dhg1h5j42swfq.cloudfront.net\/2021\/05\/14154828\/cnpq-2.jpg","width":768,"height":432,"caption":"concurso CNPq"},{"@type":"BreadcrumbList","@id":"https:\/\/www.estrategiaconcursos.com.br\/blog\/concurso-cnpq\/#breadcrumb","itemListElement":[{"@type":"ListItem","position":1,"name":"In\u00edcio","item":"https:\/\/www.estrategiaconcursos.com.br\/blog\/"},{"@type":"ListItem","position":2,"name":"Concurso CNPq: validade prorrogada"}]},{"@type":"WebSite","@id":"https:\/\/www.estrategiaconcursos.com.br\/blog\/#website","url":"https:\/\/www.estrategiaconcursos.com.br\/blog\/","name":"Estrat\u00e9gia Concursos","description":"O blog da Estrat\u00e9gia Concursos traz not\u00edcias sobre concursos e artigos de professores oferecendo cursos para concursos (pdf + videaulas) no site.","publisher":{"@id":"https:\/\/www.estrategiaconcursos.com.br\/blog\/#organization"},"potentialAction":[{"@type":"SearchAction","target":{"@type":"EntryPoint","urlTemplate":"https:\/\/www.estrategiaconcursos.com.br\/blog\/?s={search_term_string}"},"query-input":{"@type":"PropertyValueSpecification","valueRequired":true,"valueName":"search_term_string"}}],"inLanguage":"pt-BR"},{"@type":"Organization","@id":"https:\/\/www.estrategiaconcursos.com.br\/blog\/#organization","name":"Estrat\u00e9gia Concursos","url":"https:\/\/www.estrategiaconcursos.com.br\/blog\/","logo":{"@type":"ImageObject","inLanguage":"pt-BR","@id":"https:\/\/www.estrategiaconcursos.com.br\/blog\/#\/schema\/logo\/image\/","url":"https:\/\/dhg1h5j42swfq.cloudfront.net\/2025\/06\/03203428\/logo_concursos-1.jpg","contentUrl":"https:\/\/dhg1h5j42swfq.cloudfront.net\/2025\/06\/03203428\/logo_concursos-1.jpg","width":230,"height":60,"caption":"Estrat\u00e9gia Concursos"},"image":{"@id":"https:\/\/www.estrategiaconcursos.com.br\/blog\/#\/schema\/logo\/image\/"},"sameAs":["https:\/\/x.com\/EstratConcursos"]},{"@type":"Person","@id":"https:\/\/www.estrategiaconcursos.com.br\/blog\/#\/schema\/person\/b4a388c97673c5f483d72185668afa1f","name":"Coordena\u00e7\u00e3o","image":{"@type":"ImageObject","inLanguage":"pt-BR","@id":"https:\/\/secure.gravatar.com\/avatar\/b720319e4c9a967eb58678d110f4fe35452fc5d5f97b202bac7b8acceb18c6ad?s=96&d=mm&r=g","url":"https:\/\/secure.gravatar.com\/avatar\/b720319e4c9a967eb58678d110f4fe35452fc5d5f97b202bac7b8acceb18c6ad?s=96&d=mm&r=g","contentUrl":"https:\/\/secure.gravatar.com\/avatar\/b720319e4c9a967eb58678d110f4fe35452fc5d5f97b202bac7b8acceb18c6ad?s=96&d=mm&r=g","caption":"Coordena\u00e7\u00e3o"},"sameAs":["https:\/\/www.facebook.com\/EstrategiaConcursos","https:\/\/x.com\/EstratConcursos"],"url":"https:\/\/www.estrategiaconcursos.com.br\/blog\/author\/estrategia2013\/"}]}},"_links":{"self":[{"href":"https:\/\/www.estrategiaconcursos.com.br\/blog\/wp-json\/wp\/v2\/posts\/385220","targetHints":{"allow":["GET"]}}],"collection":[{"href":"https:\/\/www.estrategiaconcursos.com.br\/blog\/wp-json\/wp\/v2\/posts"}],"about":[{"href":"https:\/\/www.estrategiaconcursos.com.br\/blog\/wp-json\/wp\/v2\/types\/post"}],"author":[{"embeddable":true,"href":"https:\/\/www.estrategiaconcursos.com.br\/blog\/wp-json\/wp\/v2\/users\/1"}],"replies":[{"embeddable":true,"href":"https:\/\/www.estrategiaconcursos.com.br\/blog\/wp-json\/wp\/v2\/comments?post=385220"}],"version-history":[{"count":118,"href":"https:\/\/www.estrategiaconcursos.com.br\/blog\/wp-json\/wp\/v2\/posts\/385220\/revisions"}],"predecessor-version":[{"id":1744280,"href":"https:\/\/www.estrategiaconcursos.com.br\/blog\/wp-json\/wp\/v2\/posts\/385220\/revisions\/1744280"}],"wp:featuredmedia":[{"embeddable":true,"href":"https:\/\/www.estrategiaconcursos.com.br\/blog\/wp-json\/wp\/v2\/media\/741279"}],"wp:attachment":[{"href":"https:\/\/www.estrategiaconcursos.com.br\/blog\/wp-json\/wp\/v2\/media?parent=385220"}],"wp:term":[{"taxonomy":"category","embeddable":true,"href":"https:\/\/www.estrategiaconcursos.com.br\/blog\/wp-json\/wp\/v2\/categories?post=385220"},{"taxonomy":"post_tag","embeddable":true,"href":"https:\/\/www.estrategiaconcursos.com.br\/blog\/wp-json\/wp\/v2\/tags?post=385220"},{"taxonomy":"tax_estado","embeddable":true,"href":"https:\/\/www.estrategiaconcursos.com.br\/blog\/wp-json\/wp\/v2\/tax_estado?post=385220"}],"curies":[{"name":"wp","href":"https:\/\/api.w.org\/{rel}","templated":true}]}}