{"id":385084,"date":"2025-07-08T15:58:00","date_gmt":"2025-07-08T18:58:00","guid":{"rendered":"https:\/\/www.estrategiaconcursos.com.br\/blog\/?p=385084"},"modified":"2025-10-30T12:03:15","modified_gmt":"2025-10-30T15:03:15","slug":"concurso-alesc","status":"publish","type":"post","link":"https:\/\/www.estrategiaconcursos.com.br\/blog\/concurso-alesc\/","title":{"rendered":"Concurso ALESC: v\u00e1lido at\u00e9 dezembro de 2026. Confira!"},"content":{"rendered":"\n<p>Est\u00e1 homologado o resultado do <strong>concurso ALESC<\/strong> (<a href=\"https:\/\/www.estrategiaconcursos.com.br\/cursosPorConcurso\/assembleia-legislativa-de-santa-catarina-alesc\/\" target=\"_blank\" rel=\"noreferrer noopener\">Assembleia Legislativa de Santa Catarina<\/a>)! Agora, a sele\u00e7\u00e3o seguir\u00e1 vigente por dois anos, <span style=\"text-decoration: underline;\">at\u00e9 dezembro de 2026<\/span>, podendo o prazo ser prorrogado pelo mesmo per\u00edodo.<\/p>\n\n\n\n<ul class=\"wp-block-list\">\n<li><a href=\"https:\/\/dhg1h5j42swfq.cloudfront.net\/2024\/08\/17115932\/8714diaicp.pdf\" target=\"_blank\" rel=\"noreferrer noopener nofollow\">Veja aqui a homologa\u00e7\u00e3o do resultado final<\/a><\/li>\n<\/ul>\n\n\n\n<p>Ao todo, foram ofertadas 28 vagas imediatas para o cargo de Analista Legislativo III. As oportunidades exigiram n\u00edvel superior e remunera\u00e7\u00e3o inicial de<strong> R$ 12.497,71<\/strong>, al\u00e9m de aux\u00edlio alimenta\u00e7\u00e3o de R$ 2.159,53 e outros benef\u00edcios.<\/p>\n\n\n\n<p>Segundo demanda divulgada pela banca organizadora, a <a href=\"https:\/\/conhecimento.fgv.br\/concursos\/alesc24\" target=\"_blank\" rel=\"noreferrer noopener\">FGV<\/a>, foram registrados 9.029 candidatos inscritos. Al\u00e9m disso, vale lembrar que o edital chegou a passar por uma importante retifica\u00e7\u00e3o, com a exclus\u00e3o da especialidade de Engenharia Civil.<\/p>\n\n\n\n<ul class=\"wp-block-list has-very-light-gray-to-cyan-bluish-gray-gradient-background has-background\">\n<li><strong>Concurso ALESC <\/strong><\/li>\n\n\n\n<li><strong>Status<\/strong>: homologado e v\u00e1lido at\u00e9 12\/2026<\/li>\n\n\n\n<li><strong>Banca<\/strong>: <a href=\"https:\/\/conhecimento.fgv.br\/concursos\/alesc24\" target=\"_blank\" rel=\"noreferrer noopener\">FGV<\/a><\/li>\n\n\n\n<li><strong>Vagas<\/strong>: 28<\/li>\n\n\n\n<li><strong>Sal\u00e1rio<\/strong>: R$ 12.497,71 + benef\u00edcios<\/li>\n\n\n\n<li><strong>Edital<\/strong>: <a href=\"https:\/\/dhg1h5j42swfq.cloudfront.net\/2024\/02\/02163017\/alesc_02-02-24.pdf\" target=\"_blank\" rel=\"noreferrer noopener nofollow\">ALESC 2024<\/a><\/li>\n<\/ul>\n\n\n\n<p>Acompanhe neste artigo mais informa\u00e7\u00f5es sobre o <strong>concurso ALESC <\/strong>para se tornar um servidor da Assembleia Legislativa. Tamb\u00e9m trazemos informa\u00e7\u00f5es do \u00faltimo certame.<\/p>\n\n\n\n<ul id=\"indice\" class=\"wp-block-list\">\n<li><span style=\"text-decoration: underline;\"><a href=\"#situacao\">Situa\u00e7\u00e3o atual do concurso<\/a><\/span>\n<ul class=\"wp-block-list\">\n<li><a href=\"#retificacoes\">Retifica\u00e7\u00f5es<\/a><\/li>\n\n\n\n<li><a href=\"#cargos\">Cargos e vagas<\/a><\/li>\n\n\n\n<li><a href=\"#etapas\">Etapas e provas<\/a><\/li>\n<\/ul>\n<\/li>\n\n\n\n<li><a href=\"#cargos\">Sobre os cargos<\/a>\n<ul class=\"wp-block-list\">\n<li><span style=\"text-decoration: underline;\"><a href=\"#requisitos\">Requisitos<\/a><\/span><\/li>\n\n\n\n<li><a href=\"#remuneracao\">Remunera\u00e7\u00e3o<\/a><\/li>\n<\/ul>\n<\/li>\n\n\n\n<li><a href=\"#ultimo\"><span style=\"text-decoration: underline;\">\u00daltimo concurso<\/span><\/a>\n<ul class=\"wp-block-list\">\n<li><a href=\"#vagas-ultimo\">Vagas ofertadas<\/a><\/li>\n\n\n\n<li><a href=\"#etapas-ultimo\">Etapas e provas<\/a><\/li>\n\n\n\n<li><a href=\"#notas-de-corte\">Notas de corte<\/a><\/li>\n\n\n\n<li><a href=\"#provas-ultimo\">Caderno de provas<\/a><\/li>\n<\/ul>\n<\/li>\n\n\n\n<li><a href=\"#assinatura\">Assinaturas e cursos<\/a><\/li>\n\n\n\n<li><a href=\"#ficha\"><span style=\"text-decoration: underline;\">Ficha t\u00e9cnica<\/span><\/a><\/li>\n<\/ul>\n\n\n\n<div class=\"container\" id=\"boxes\">\n  <div class=\"row\">\n\n    <div class=\"col-sm\">\n      <div class=\"banner-ale\" id=\"box-assinatura\">\n        <h2 class=\"titulo-assinatura\">Concurso ALESC<\/h2>\n        <p class=\"subtitulo-assinatura\">Prepara\u00e7\u00e3o completa para a carreira na ALESC<\/p>\n        <div class=\"box-botao\">\n          <a class=\"btn-assinatura\" target=\"_blank\" href=\"https:\/\/www.estrategiaconcursos.com.br\/cursosPorConcurso\/assembleia-legislativa-de-santa-catarina-alesc\/\" role=\"button\" rel=\"noopener noreferrer\">INICIAR PREPARA\u00c7\u00c3O<\/a>\n        <\/div>\n      <\/div>\n     \n\n  <\/div>\n<\/div><\/div>\n\n\n\n<h2 class=\"wp-block-heading\" id=\"situacao\">Concurso ALESC: informa\u00e7\u00f5es do edital 2024<\/h2>\n\n\n\n<h3 class=\"wp-block-heading\" id=\"retificacoes\">Retifica\u00e7\u00f5es divulgadas<\/h3>\n\n\n\n<ul class=\"wp-block-list\">\n<li><a href=\"https:\/\/dhg1h5j42swfq.cloudfront.net\/2024\/02\/26212600\/alesc-1a-retificacao-26-02-2024.pdf\" target=\"_blank\" rel=\"noreferrer noopener nofollow\">1\u00aa Retifica\u00e7\u00e3o<\/a> [exclus\u00e3o do cargo de Analista Legislativo III &#8211; Engenheiro Civil].<\/li>\n<\/ul>\n\n\n\n<h3 class=\"wp-block-heading\" id=\"cargos\">Cargos e vagas do concurso ALESC<\/h3>\n\n\n\n<figure class=\"wp-block-table is-style-stripes\"><table class=\"has-very-light-gray-to-cyan-bluish-gray-gradient-background has-background has-fixed-layout\"><tbody><tr><td class=\"has-text-align-center\" data-align=\"center\"><strong>Cargos<\/strong><\/td><td class=\"has-text-align-center\" data-align=\"center\"><strong>Vagas<\/strong><\/td><td class=\"has-text-align-center\" data-align=\"center\"><strong>Remunera\u00e7\u00e3o<\/strong>*<\/td><\/tr><tr><td class=\"has-text-align-center\" data-align=\"center\">Analista Legislativo III<\/td><td class=\"has-text-align-center\" data-align=\"center\">05<\/td><td class=\"has-text-align-center\" data-align=\"center\">R$ 12.497,71<\/td><\/tr><tr><td class=\"has-text-align-center\" data-align=\"center\">Analista Legislativo III &#8211; Analista de Sistema<\/td><td class=\"has-text-align-center\" data-align=\"center\">08<\/td><td class=\"has-text-align-center\" data-align=\"center\">R$ 12.497,71<\/td><\/tr><tr><td class=\"has-text-align-center\" data-align=\"center\">Analista Legislativo III &#8211; M\u00e9dico<\/td><td class=\"has-text-align-center\" data-align=\"center\">01<\/td><td class=\"has-text-align-center\" data-align=\"center\">R$ 12.497,71<\/td><\/tr><tr><td class=\"has-text-align-center\" data-align=\"center\">Analista Legislativo III<br \/>Administrador<\/td><td class=\"has-text-align-center\" data-align=\"center\">04<\/td><td class=\"has-text-align-center\" data-align=\"center\">R$ 12.497,71<\/td><\/tr><tr><td class=\"has-text-align-center\" data-align=\"center\">Analista Legislativo III<br \/>Direito<\/td><td class=\"has-text-align-center\" data-align=\"center\">05<\/td><td class=\"has-text-align-center\" data-align=\"center\">R$ 12.497,71<\/td><\/tr><tr><td class=\"has-text-align-center\" data-align=\"center\">Analista Legislativo III<br \/>\u2013 Contador<\/td><td class=\"has-text-align-center\" data-align=\"center\">03<\/td><td class=\"has-text-align-center\" data-align=\"center\">R$ 12.497,71<\/td><\/tr><tr><td class=\"has-text-align-center\" data-align=\"center\">Analista Legislativo III<br \/>Economista<\/td><td class=\"has-text-align-center\" data-align=\"center\">02<\/td><td class=\"has-text-align-center\" data-align=\"center\">R$ 12.497,71<\/td><\/tr><\/tbody><\/table><figcaption class=\"wp-element-caption\">Quadro de cargos, vagas e remunera\u00e7\u00e3o do Concurso ALESC<\/figcaption><\/figure>\n\n\n\n<p><em>*O candidato aprovado no concurso ALESC contar\u00e1, ainda, com o benef\u00edcio de aux\u00edlio alimenta\u00e7\u00e3o no valor de R$ 2.159,53, bem como o adicional de Aux\u00edlio-sa\u00fade, concedido na forma de aux\u00edlio financeiro mensal, para fins de ressarcimento das despesas mensais com plano \u00fanico de sa\u00fade, de livre escolha e responsabilidade do benefici\u00e1rio.<\/em><\/p>\n\n\n\n<h3 class=\"wp-block-heading\" id=\"etapas\">Etapas e provas do concurso ALESC<\/h3>\n\n\n\n<p>Os candidatos do concurso ALESC foram avaliados mediante aplica\u00e7\u00e3o de <strong>tr\u00eas etapas<\/strong>, sendo:<\/p>\n\n\n\n<ul class=\"wp-block-list\">\n<li><strong>Prova Objetiva<\/strong>, de car\u00e1ter eliminat\u00f3rio e classificat\u00f3rio; <\/li>\n\n\n\n<li><strong>Prova Discursiva<\/strong>, de car\u00e1ter eliminat\u00f3rio e classificat\u00f3rio;<\/li>\n\n\n\n<li><strong>Prova de T\u00edtulos<\/strong>, de car\u00e1ter classificat\u00f3rio.<\/li>\n<\/ul>\n\n\n\n<p>As provas Objetiva e Discursiva, ambas de car\u00e1ter eliminat\u00f3rio e classificat\u00f3rio, foram realizadas na cidade de Florian\u00f3polis\/SC, no dia 12 de maio de 2024, com dura\u00e7\u00e3o de 5h30min, das 13h \u00e0s 18h30min, segundo o hor\u00e1rio oficial de Bras\u00edlia\/DF.<\/p>\n\n\n\n<h4 class=\"wp-block-heading\" id=\"objetiva\">Prova Objetiva<\/h4>\n\n\n\n<p>A <strong>prova objetiva constou com 80 quest\u00f5es de m\u00faltipla escolha<\/strong>, de Conhecimentos B\u00e1sicos e Espec\u00edficos, com cinco (5) alternativas cada e apenas uma (1) resposta correta.<\/p>\n\n\n\n<p><strong>Analista Legislativo III (qualquer \u00e1rea, M\u00e9dico, Administrador, Direito, Contador e Economista):<\/strong><\/p>\n\n\n\n<ul class=\"wp-block-list\">\n<li>L\u00edngua Portuguesa &#8211; 20<\/li>\n\n\n\n<li>Racioc\u00ednio L\u00f3gico Matem\u00e1tico &#8211; 10<\/li>\n\n\n\n<li>No\u00e7\u00f5es de Inform\u00e1tica &#8211; 5<\/li>\n\n\n\n<li>Regimento Interno da ALESC &#8211; 5<\/li>\n\n\n\n<li>Conhecimentos Espec\u00edficos &#8211; 40<\/li>\n<\/ul>\n\n\n\n<p><strong>Analista Legislativo III &#8211; Analista de Sistemas:<\/strong><\/p>\n\n\n\n<ul class=\"wp-block-list\">\n<li>L\u00edngua Portuguesa &#8211; 20<\/li>\n\n\n\n<li>Racioc\u00ednio L\u00f3gico Matem\u00e1tico &#8211; 15<\/li>\n\n\n\n<li>Regimento Interno da ALESC &#8211; 5<\/li>\n\n\n\n<li>Conhecimentos Espec\u00edficos &#8211; 40<\/li>\n<\/ul>\n\n\n\n<p>Foi considerado aprovado na Prova Objetiva do concurso Assembleia Legislativa SC o candidato que, cumulativamente:<\/p>\n\n\n\n<ul class=\"wp-block-list\">\n<li>acertou, no m\u00ednimo, 20 quest\u00f5es de Conhecimentos B\u00e1sicos; e<\/li>\n\n\n\n<li>acertou, no m\u00ednimo, 20 quest\u00f5es de Conhecimentos Espec\u00edficos.<\/li>\n<\/ul>\n\n\n\n<h4 class=\"wp-block-heading\" id=\"discursiva\">Prova Discursiva<\/h4>\n\n\n\n<p>Somente foram corrigidas as provas discursivas dos candidatos habilitados nas Provas Objetivas do concurso ALESC, de car\u00e1ter eliminat\u00f3rio e classificat\u00f3rio.<\/p>\n\n\n\n<p>A etapa consistiu em 1 quest\u00e3o discursiva de Conhecimentos Espec\u00edficos a ser respondida em at\u00e9 30 linhas, totalizando 20 pontos. Foi reprovado e eliminado do Concurso o candidato que obteve nota inferior a 10 pontos.<\/p>\n\n\n\n<h4 class=\"wp-block-heading\" id=\"titulos\">Avalia\u00e7\u00e3o de T\u00edtulos<\/h4>\n\n\n\n<p>A referida etapa valeu, no m\u00e1ximo, 4 pontos, ainda que a soma dos valores dos t\u00edtulos apresentados fosse superior a esse valor, conforme tabela abaixo:<\/p>\n\n\n\n<figure class=\"wp-block-image aligncenter size-full\"><img loading=\"lazy\" decoding=\"async\" width=\"713\" height=\"288\" src=\"https:\/\/dhg1h5j42swfq.cloudfront.net\/2024\/02\/02164432\/image-58.png\" alt=\"Atribui\u00e7\u00e3o da avalia\u00e7\u00e3o de t\u00edtulos do concurso ALESC\" class=\"wp-image-1346210\" srcset=\"https:\/\/dhg1h5j42swfq.cloudfront.net\/2024\/02\/02164432\/image-58.png 713w, https:\/\/dhg1h5j42swfq.cloudfront.net\/2024\/02\/02164432\/image-58-300x121.png 300w, https:\/\/dhg1h5j42swfq.cloudfront.net\/2024\/02\/02164432\/image-58-610x246.png 610w, https:\/\/dhg1h5j42swfq.cloudfront.net\/2024\/02\/02164432\/image-58-150x61.png 150w\" sizes=\"auto, (max-width: 713px) 100vw, 713px\" \/><figcaption class=\"wp-element-caption\">Atribui\u00e7\u00e3o da avalia\u00e7\u00e3o de t\u00edtulos do concurso ALESC<\/figcaption><\/figure>\n\n\n\n<h2 class=\"wp-block-heading\" id=\"cargos\">Concurso ALESC: sobre os cargos <\/h2>\n\n\n\n<h3 class=\"wp-block-heading\" id=\"requisitos\">Requisitos<\/h3>\n\n\n\n<ul class=\"wp-block-list\">\n<li><strong>Analista Legislativo III &#8211; <\/strong>gradua\u00e7\u00e3o em qualquer \u00e1rea de forma\u00e7\u00e3o;<\/li>\n\n\n\n<li><strong>Analista Legislativo III &#8211; Analista de Sistemas: <\/strong>gradua\u00e7\u00e3o em ci\u00eancias da computa\u00e7\u00e3o;<\/li>\n\n\n\n<li><strong>Analista Legislativo III &#8211; M\u00e9dico do Trabalho: <\/strong>gradua\u00e7\u00e3o em em Medicina com Resid\u00eancia em Medicina do Trabalho (credenciada pela Comiss\u00e3o Nacional de Resid\u00eancia M\u00e9dica) ou especializa\u00e7\u00e3o em Medicina do Trabalho, al\u00e9m de registro profissional no \u00f3rg\u00e3o de classe;<\/li>\n\n\n\n<li><strong>Consultor Legislativo &#8211; Administra\u00e7\u00e3o: <\/strong>gradua\u00e7\u00e3o em Administra\u00e7\u00e3o;<\/li>\n\n\n\n<li><strong>Consultor Legislativo Direito &#8211;<\/strong> gradua\u00e7\u00e3o em direito;<\/li>\n\n\n\n<li><strong>Consultor Legislativo Contabilidade &#8211;<\/strong> gradua\u00e7\u00e3o em contabilidade; e<\/li>\n\n\n\n<li><strong>Consultor Legislativo Economia &#8211;<\/strong> gradua\u00e7\u00e3o em economia.<\/li>\n<\/ul>\n\n\n\n<h3 class=\"wp-block-heading\" id=\"remuneracao\">Remunera\u00e7\u00e3o do concurso ALESC<\/h3>\n\n\n\n<p>Confira os \u00edndices de vencimentos com base na <a href=\"http:\/\/leis.alesc.sc.gov.br\/html\/2018\/719_2018_lei_complementar.html\" target=\"_blank\" rel=\"noreferrer noopener\">LC 719\/2018<\/a>:<\/p>\n\n\n\n<figure class=\"wp-block-image aligncenter size-large is-resized\"><img loading=\"lazy\" decoding=\"async\" width=\"1024\" height=\"966\" src=\"https:\/\/dhg1h5j42swfq.cloudfront.net\/2022\/07\/06120657\/image-64-1024x966.png\" alt=\"Tabela remunerat\u00f3ria dos cargos de Analista Legislativo I, II, III, Consultor Legislativo e Procurador.\" class=\"wp-image-1056236\" style=\"width:637px;height:596px\" srcset=\"https:\/\/dhg1h5j42swfq.cloudfront.net\/2022\/07\/06120657\/image-64-1024x966.png 1024w, https:\/\/dhg1h5j42swfq.cloudfront.net\/2022\/07\/06120657\/image-64-300x283.png 300w, https:\/\/dhg1h5j42swfq.cloudfront.net\/2022\/07\/06120657\/image-64-768x725.png 768w, https:\/\/dhg1h5j42swfq.cloudfront.net\/2022\/07\/06120657\/image-64-610x576.png 610w, https:\/\/dhg1h5j42swfq.cloudfront.net\/2022\/07\/06120657\/image-64-150x142.png 150w, https:\/\/dhg1h5j42swfq.cloudfront.net\/2022\/07\/06120657\/image-64.png 1044w\" sizes=\"auto, (max-width: 1024px) 100vw, 1024px\" \/><figcaption class=\"wp-element-caption\">\u00cdndices de sal\u00e1rio do concurso ALESC<\/figcaption><\/figure>\n\n\n\n<p>Nas imagens abaixo, retiradas do Portal da Transpar\u00eancia da ALESC, \u00e9 poss\u00edvel conferir a <strong>remunera\u00e7\u00e3o atual<\/strong> dos servidores. <\/p>\n\n\n\n<figure class=\"wp-block-image aligncenter size-full is-resized\"><img loading=\"lazy\" decoding=\"async\" width=\"1020\" height=\"708\" src=\"https:\/\/dhg1h5j42swfq.cloudfront.net\/2022\/10\/27111504\/image-370.png\" alt=\"Tabela com o sal\u00e1rio real dos servidores da Assembleia Legislativa de Santa Catarina.\" class=\"wp-image-1116515\" style=\"width:548px;height:380px\" srcset=\"https:\/\/dhg1h5j42swfq.cloudfront.net\/2022\/10\/27111504\/image-370.png 1020w, https:\/\/dhg1h5j42swfq.cloudfront.net\/2022\/10\/27111504\/image-370-300x208.png 300w, https:\/\/dhg1h5j42swfq.cloudfront.net\/2022\/10\/27111504\/image-370-768x533.png 768w, https:\/\/dhg1h5j42swfq.cloudfront.net\/2022\/10\/27111504\/image-370-610x423.png 610w, https:\/\/dhg1h5j42swfq.cloudfront.net\/2022\/10\/27111504\/image-370-150x104.png 150w\" sizes=\"auto, (max-width: 1020px) 100vw, 1020px\" \/><figcaption class=\"wp-element-caption\"> Sal\u00e1rio real do servidor da ALESC <\/figcaption><\/figure>\n\n\n\n<figure class=\"wp-block-image aligncenter size-full is-resized\"><img loading=\"lazy\" decoding=\"async\" width=\"919\" height=\"725\" src=\"https:\/\/dhg1h5j42swfq.cloudfront.net\/2022\/10\/27111512\/image-371.png\" alt=\"Quadro com a remunera\u00e7\u00e3o real dos servidores da ALESC.\" class=\"wp-image-1116516\" style=\"width:565px;height:445px\" srcset=\"https:\/\/dhg1h5j42swfq.cloudfront.net\/2022\/10\/27111512\/image-371.png 919w, https:\/\/dhg1h5j42swfq.cloudfront.net\/2022\/10\/27111512\/image-371-300x237.png 300w, https:\/\/dhg1h5j42swfq.cloudfront.net\/2022\/10\/27111512\/image-371-768x606.png 768w, https:\/\/dhg1h5j42swfq.cloudfront.net\/2022\/10\/27111512\/image-371-610x481.png 610w, https:\/\/dhg1h5j42swfq.cloudfront.net\/2022\/10\/27111512\/image-371-150x118.png 150w\" sizes=\"auto, (max-width: 919px) 100vw, 919px\" \/><figcaption class=\"wp-element-caption\"> Sal\u00e1rio real do servidor da ALESC <\/figcaption><\/figure>\n\n\n\n<h2 class=\"wp-block-heading\" id=\"ultimo\">Concurso ALESC: \u00faltima edi\u00e7\u00e3o&nbsp;(2009)<\/h2>\n\n\n\n<p>O <strong>\u00faltimo concurso ALESC foi realizado em 2009<\/strong> sob organiza\u00e7\u00e3o da <a href=\"https:\/\/alesc.fepese.org.br\/?go=home&amp;mn=106a6c241b8797f52e1e77317b96a201\" target=\"_blank\" rel=\"noreferrer noopener\">FEPESE<\/a>. Foram ofertadas <strong>56 vagas<\/strong> para os cargos de Analista Legislativo e T\u00e9cnico Legislativo, sendo registradas 7.492 inscri\u00e7\u00f5es.<\/p>\n\n\n\n<h3 class=\"wp-block-heading\" id=\"vagas-ultimo\">Distribui\u00e7\u00e3o das vagas<\/h3>\n\n\n\n<ul class=\"wp-block-list\">\n<li><strong>Analista Legislativo &#8211; N\u00edvel m\u00e9dio\/t\u00e9cnico<\/strong>\n<ul class=\"wp-block-list\">\n<li>08 vagas &#8211; Tecnologia da Informa\u00e7\u00e3o (Analista de Sistemas)<\/li>\n\n\n\n<li>07 vagas &#8211; Comunica\u00e7\u00e3o Social (Jornalista)<\/li>\n<\/ul>\n<\/li>\n<\/ul>\n\n\n\n<ul class=\"wp-block-list\">\n<li><strong>T\u00e9cnico Legislativo &#8211; N\u00edvel m\u00e9dio<\/strong>\n<ul class=\"wp-block-list\">\n<li>08 vagas &#8211; Tecnologia da Informa\u00e7\u00e3o (Programador)<\/li>\n\n\n\n<li>05 vagas &#8211; Tecnologia da Informa\u00e7\u00e3o (T\u00e9cnico em Hardware)<\/li>\n\n\n\n<li>02 vagas &#8211; Comunica\u00e7\u00e3o Social (Operador de Som)<\/li>\n\n\n\n<li>08 vagas &#8211; Comunica\u00e7\u00e3o Social (Operador de TV)<\/li>\n\n\n\n<li>08 vagas &#8211; Comunica\u00e7\u00e3o Social (Operador de Est\u00fadio e R\u00e1dio)<\/li>\n\n\n\n<li>10 vagas &#8211; Eventos Legislativos (T\u00e9cnico Legislativo)<\/li>\n<\/ul>\n<\/li>\n<\/ul>\n\n\n\n<h3 class=\"wp-block-heading\" id=\"etapas-ultimo\">Etapas do \u00faltimo concurso ALESC<\/h3>\n\n\n\n<p><strong>Para o cargo de Analista Legislativo: <\/strong><\/p>\n\n\n\n<ul class=\"wp-block-list\">\n<li><strong>1\u00aa etapa:<\/strong> Prova escrita, de car\u00e1ter eliminat\u00f3rio e classificat\u00f3rio. <\/li>\n\n\n\n<li><strong>2\u00aa etapa: <\/strong>Prova de t\u00edtulos, de car\u00e1ter classificat\u00f3rio.<\/li>\n<\/ul>\n\n\n\n<p><strong>Para o cargo de T\u00e9cnico Legislativo:<\/strong><\/p>\n\n\n\n<ul class=\"wp-block-list\">\n<li><strong>Etapa \u00fanica:<\/strong> Prova escrita de car\u00e1ter eliminat\u00f3rio e classificat\u00f3rio.<\/li>\n<\/ul>\n\n\n\n<h4 class=\"wp-block-heading\" id=\"prova-objetiva\">Prova objetiva<\/h4>\n\n\n\n<p>A prova escrita compreendeu o exame de habilidades e de conhecimentos, constando de 50 quest\u00f5es objetivas, com 5 alternativas cada. A prova foi realizada em uma \u00fanica etapa com a dura\u00e7\u00e3o de 4 horas.<\/p>\n\n\n\n<ul class=\"wp-block-list\">\n<li><strong>Analista Legislativo &#8211; Analista de Sistema: <\/strong>\n<ul class=\"wp-block-list\">\n<li><strong>Conhecimentos Gerais:<\/strong>\n<ul class=\"wp-block-list\">\n<li>L\u00edngua Portuguesa &#8211; 10 quest\u00f5es e<\/li>\n\n\n\n<li>Aspectos hist\u00f3ricos, geogr\u00e1ficos, econ\u00f4micos, sociais &#8211; 10 quest\u00f5es<\/li>\n<\/ul>\n<\/li>\n\n\n\n<li><strong>Conhecimentos Espec\u00edficos<\/strong> &#8211; 30 quest\u00f5es<\/li>\n<\/ul>\n<\/li>\n<\/ul>\n\n\n\n<ul class=\"wp-block-list\">\n<li><strong>Analista Legislativo &#8211; Jornalista: <\/strong>\n<ul class=\"wp-block-list\">\n<li><strong>Conhecimentos Gerais: <\/strong>\n<ul class=\"wp-block-list\">\n<li>L\u00edngua Portuguesa &#8211; 10 quest\u00f5es<\/li>\n\n\n\n<li>No\u00e7\u00f5es de Direito &#8211; 10 quest\u00f5es<\/li>\n<\/ul>\n<\/li>\n\n\n\n<li><strong>Conhecimentos Espec\u00edficos<\/strong> &#8211; 30 quest\u00f5es<\/li>\n<\/ul>\n<\/li>\n<\/ul>\n\n\n\n<ul class=\"wp-block-list\">\n<li><strong>T\u00e9cnico Legislativo: <\/strong>\n<ul class=\"wp-block-list\">\n<li><strong>Conhecimentos Gerais:<\/strong>\n<ul class=\"wp-block-list\">\n<li>L\u00edngua Portuguesa &#8211; 10 quest\u00f5es<\/li>\n\n\n\n<li>Estudos sociais &#8211; 10 quest\u00f5es<\/li>\n<\/ul>\n<\/li>\n\n\n\n<li><strong>Conhecimentos Espec\u00edficos<\/strong> &#8211; 30 quest\u00f5es<\/li>\n<\/ul>\n<\/li>\n<\/ul>\n\n\n\n<h4 class=\"wp-block-heading\" id=\"avaliacao-de-titulos\">Avalia\u00e7\u00e3o de t\u00edtulos<\/h4>\n\n\n\n<p>Somente foram considerados os diplomas de Mestrado e\/ou Doutorado na respectiva \u00e1rea de atua\u00e7\u00e3o, ou Certificado\/Diploma de Curso de Especializa\u00e7\u00e3o <em>lato sensu<\/em>, na respectiva \u00e1rea de atua\u00e7\u00e3o, acompanhado de Hist\u00f3rico Escolar.<\/p>\n\n\n\n<p>Foram computados, n\u00e3o cumulativamente, os seguintes pontos:<\/p>\n\n\n\n<figure class=\"wp-block-table is-style-stripes\"><table class=\"has-very-light-gray-to-cyan-bluish-gray-gradient-background has-background has-fixed-layout\"><tbody><tr><td class=\"has-text-align-center\" data-align=\"center\"><strong>T\u00edtulo<\/strong><\/td><td class=\"has-text-align-center\" data-align=\"center\"><strong>Pontua\u00e7\u00e3o<\/strong><\/td><\/tr><tr><td class=\"has-text-align-center\" data-align=\"center\">Certificado\/Diploma de especializa\u00e7\u00e3o &#8211; lato sensu<\/td><td class=\"has-text-align-center\" data-align=\"center\">0,5<\/td><\/tr><tr><td class=\"has-text-align-center\" data-align=\"center\">Diploma de Mestrado<\/td><td class=\"has-text-align-center\" data-align=\"center\">0,7<\/td><\/tr><tr><td class=\"has-text-align-center\" data-align=\"center\">Diploma de Doutorado<\/td><td class=\"has-text-align-center\" data-align=\"center\">1,0<\/td><\/tr><\/tbody><\/table><figcaption class=\"wp-element-caption\">Pontua\u00e7\u00e3o m\u00e1xima na Avalia\u00e7\u00e3o de T\u00edtulos.<\/figcaption><\/figure>\n\n\n\n<h3 class=\"wp-block-heading\" id=\"notas-de-corte\">Notas de corte<\/h3>\n\n\n\n<p><strong>Analista Legislativo<\/strong><\/p>\n\n\n\n<figure class=\"wp-block-table is-style-stripes\"><table class=\"has-very-light-gray-to-cyan-bluish-gray-gradient-background has-background has-fixed-layout\"><thead><tr><th class=\"has-text-align-center\" data-align=\"center\">\u00c1rea<\/th><th class=\"has-text-align-center\" data-align=\"center\">Habilita\u00e7\u00e3o<\/th><th class=\"has-text-align-center\" data-align=\"center\">Vagas<\/th><th class=\"has-text-align-center\" data-align=\"center\">Nota de corte final<\/th><\/tr><\/thead><tbody><tr><td class=\"has-text-align-center\" data-align=\"center\">Tecnologia da Informa\u00e7\u00e3o<\/td><td class=\"has-text-align-center\" data-align=\"center\">Analista de Sistemas<\/td><td class=\"has-text-align-center\" data-align=\"center\">08<\/td><td class=\"has-text-align-center\" data-align=\"center\">6,00<\/td><\/tr><tr><td class=\"has-text-align-center\" data-align=\"center\">Comunica\u00e7\u00e3o Social<\/td><td class=\"has-text-align-center\" data-align=\"center\">Jornalista<\/td><td class=\"has-text-align-center\" data-align=\"center\">07<\/td><td class=\"has-text-align-center\" data-align=\"center\">9,10<\/td><\/tr><\/tbody><\/table><figcaption class=\"wp-element-caption\">ALESC: Nota de corte para Analista Legislativo<\/figcaption><\/figure>\n\n\n\n<p><strong>T\u00e9cnico Legislativo<\/strong><\/p>\n\n\n\n<figure class=\"wp-block-table is-style-stripes\"><table class=\"has-very-light-gray-to-cyan-bluish-gray-gradient-background has-background has-fixed-layout\"><thead><tr><th class=\"has-text-align-center\" data-align=\"center\">\u00c1rea<\/th><th class=\"has-text-align-center\" data-align=\"center\">Habilita\u00e7\u00e3o<\/th><th class=\"has-text-align-center\" data-align=\"center\">Vagas<\/th><th class=\"has-text-align-center\" data-align=\"center\">Nota de corte final<\/th><\/tr><\/thead><tbody><tr><td class=\"has-text-align-center\" data-align=\"center\">Tecnologia da Informa\u00e7\u00e3o<\/td><td class=\"has-text-align-center\" data-align=\"center\">Programador<\/td><td class=\"has-text-align-center\" data-align=\"center\">08<\/td><td class=\"has-text-align-center\" data-align=\"center\">6,20 (\u00faltimo aprovado \u201c4\u00ba\u201d)<\/td><\/tr><tr><td class=\"has-text-align-center\" data-align=\"center\">Tecnologia da Informa\u00e7\u00e3o<\/td><td class=\"has-text-align-center\" data-align=\"center\">T\u00e9cnico em Hardware<\/td><td class=\"has-text-align-center\" data-align=\"center\">05<\/td><td class=\"has-text-align-center\" data-align=\"center\">6,40<\/td><\/tr><tr><td class=\"has-text-align-center\" data-align=\"center\">Comunica\u00e7\u00e3o Social<\/td><td class=\"has-text-align-center\" data-align=\"center\">Operador de Som<\/td><td class=\"has-text-align-center\" data-align=\"center\">02<\/td><td class=\"has-text-align-center\" data-align=\"center\">8,40<\/td><\/tr><tr><td class=\"has-text-align-center\" data-align=\"center\">Comunica\u00e7\u00e3o Social<\/td><td class=\"has-text-align-center\" data-align=\"center\">Operador de TV<\/td><td class=\"has-text-align-center\" data-align=\"center\">08<\/td><td class=\"has-text-align-center\" data-align=\"center\">8,20<\/td><\/tr><tr><td class=\"has-text-align-center\" data-align=\"center\">Comunica\u00e7\u00e3o Social<\/td><td class=\"has-text-align-center\" data-align=\"center\">Operador de Est\u00fadio e R\u00e1dio<\/td><td class=\"has-text-align-center\" data-align=\"center\">08<\/td><td class=\"has-text-align-center\" data-align=\"center\">8,20<\/td><\/tr><tr><td class=\"has-text-align-center\" data-align=\"center\">Eventos Legislativos<\/td><td class=\"has-text-align-center\" data-align=\"center\">T\u00e9cnico Legislativo<\/td><td class=\"has-text-align-center\" data-align=\"center\">10<\/td><td class=\"has-text-align-center\" data-align=\"center\">7,60<\/td><\/tr><\/tbody><\/table><figcaption class=\"wp-element-caption\">ALESC: Nota de corte para T\u00e9cnico Legislativo<\/figcaption><\/figure>\n\n\n\n<h3 class=\"wp-block-heading\" id=\"provas-ultimo\">Concurso ALESC: provas e gabaritos<\/h3>\n\n\n\n<ul class=\"wp-block-list\">\n<li><strong>Analista de Sistemas:&nbsp;<a href=\"https:\/\/dhg1h5j42swfq.cloudfront.net\/2020\/05\/13144442\/fepese-2010-al-sc-analista-de-sistemas-prova.pdf\" target=\"_blank\" rel=\"noreferrer noopener nofollow\">Prova<\/a>&nbsp;\u2013&nbsp;<a href=\"https:\/\/dhg1h5j42swfq.cloudfront.net\/2020\/05\/13144507\/fepese-2010-al-sc-analista-de-sistemas-gabarito.pdf\" target=\"_blank\" rel=\"noreferrer noopener nofollow\">Gabarito<\/a><\/strong><\/li>\n\n\n\n<li><strong>Jornalista:&nbsp;<a href=\"https:\/\/dhg1h5j42swfq.cloudfront.net\/2020\/05\/13144636\/fepese-2010-al-sc-jornalista-prova.pdf\" target=\"_blank\" rel=\"noreferrer noopener nofollow\">Prova<\/a>&nbsp;\u2013&nbsp;<a href=\"https:\/\/dhg1h5j42swfq.cloudfront.net\/2020\/05\/13144659\/fepese-2010-al-sc-jornalista-gabarito.pdf\" target=\"_blank\" rel=\"noreferrer noopener nofollow\">Gabarito<\/a><\/strong><\/li>\n\n\n\n<li><strong>T\u00e9cnico Legislativo:&nbsp;<a href=\"https:\/\/dhg1h5j42swfq.cloudfront.net\/2020\/05\/13144845\/fepese-2010-al-sc-tecnico-legislativo-prova.pdf\" target=\"_blank\" rel=\"noreferrer noopener nofollow\">Prova<\/a><\/strong>&nbsp;<strong>\u2013&nbsp;<a href=\"https:\/\/dhg1h5j42swfq.cloudfront.net\/2020\/05\/13144907\/fepese-2010-al-sc-tecnico-legislativo-gabarito.pdf\" target=\"_blank\" rel=\"noreferrer noopener nofollow\">Gabarito<\/a><\/strong><\/li>\n<\/ul>\n\n\n\n<hr class=\"wp-block-separator has-css-opacity\"\/>\n\n\n\n<h2 class=\"wp-block-heading has-text-align-center\" id=\"h-quer-saber-tudo-sobre-concursos-previstos-confira-nossos-artigos\">Quer saber tudo sobre concursos previstos?<br \/>Confira nossos artigos!<\/h2>\n\n\n\n<ul class=\"wp-block-list\">\n<li><a href=\"https:\/\/www.estrategiaconcursos.com.br\/blog\/concursos-abertos\/\" target=\"_blank\" rel=\"noreferrer noopener\">Concursos abertos<\/a><\/li>\n\n\n\n<li><a href=\"https:\/\/www.estrategiaconcursos.com.br\/blog\/concursos-2025\/\" target=\"_blank\" rel=\"noreferrer noopener\">Concursos 2025<\/a><\/li>\n\n\n\n<li><a href=\"https:\/\/www.estrategiaconcursos.com.br\/blog\/concursos-2026\/\" target=\"_blank\" rel=\"noreferrer noopener\">Concursos 2026<\/a><\/li>\n\n\n\n<li><a href=\"https:\/\/www.estrategiaconcursos.com.br\/blog\/concursos-area-legislativa\/\" target=\"_blank\" rel=\"noreferrer noopener\">Concursos Legislativos<\/a><\/li>\n<\/ul>\n\n\n\n<h2 class=\"wp-block-heading has-text-align-center\" id=\"assinatura\">Quer estudar para o concurso ALESC?<\/h2>\n\n\n\n<div class=\"container\" id=\"boxes\">\n  <div class=\"row\">\n\n    <div class=\"col-sm\">\n      <div class=\"banner-ale\" id=\"box-assinatura\">\n        <h3 class=\"titulo-assinatura\">Concurso ALESC<\/h3>\n        <p class=\"subtitulo-assinatura\">Prepara\u00e7\u00e3o completa para a carreira na ALESC<\/p>\n        <div class=\"box-botao\">\n          <a class=\"btn-assinatura\" target=\"_blank\" href=\"https:\/\/www.estrategiaconcursos.com.br\/cursosPorConcurso\/assembleia-legislativa-de-santa-catarina-alesc\/\" role=\"button\" rel=\"noopener noreferrer\">VER CURSOS<\/a>\n        <\/div>\n      <\/div>\n     \n\n  <\/div>\n<\/div><\/div>\n\n\n\n<div class=\"container\" id=\"boxes\">\n  <div class=\"row\">\n\n    <div class=\"col-sm\">\n      <div class=\"estrategia\" id=\"box-assinatura\">\n        <h3 class=\"titulo-assinatura\">Assinatura de Concursos<\/h3>\n        <p class=\"subtitulo-assinatura\">Assinatura de 1 ano ou 2 anos<\/p>\n        <div class=\"box-botao\">\n          <a class=\"btn-assinatura\" target=\"_blank\" href=\"https:\/\/www.estrategiaconcursos.com.br\/assinaturas\/\" role=\"button\" rel=\"noopener noreferrer\">ASSINE AGORA<\/a>\n        <\/div>\n      <\/div>\n     \n    <\/div><\/div><\/div>\n\n\n\n<figure class=\"wp-block-image size-full is-resized\"><img loading=\"lazy\" decoding=\"async\" width=\"1024\" height=\"632\" src=\"https:\/\/dhg1h5j42swfq.cloudfront.net\/2021\/05\/20215428\/ficha-tecnica-1-1024x632-1-15.png\" alt=\"Ficha t\u00e9cnica\" class=\"wp-image-746613\" style=\"width:263px;height:162px\" srcset=\"https:\/\/dhg1h5j42swfq.cloudfront.net\/2021\/05\/20215428\/ficha-tecnica-1-1024x632-1-15.png 1024w, https:\/\/dhg1h5j42swfq.cloudfront.net\/2021\/05\/20215428\/ficha-tecnica-1-1024x632-1-15-300x185.png 300w, https:\/\/dhg1h5j42swfq.cloudfront.net\/2021\/05\/20215428\/ficha-tecnica-1-1024x632-1-15-768x474.png 768w, https:\/\/dhg1h5j42swfq.cloudfront.net\/2021\/05\/20215428\/ficha-tecnica-1-1024x632-1-15-610x376.png 610w\" sizes=\"auto, (max-width: 1024px) 100vw, 1024px\" \/><\/figure>\n\n\n\n<h3 class=\"wp-block-heading\" id=\"ficha\">Informa\u00e7\u00f5es do concurso Assembleia Legislativa SC<\/h3>\n\n\n\n<ul class=\"wp-block-list\">\n<li><strong>Provas<\/strong>: 12\/05\/2024<\/li>\n\n\n\n<li><strong>Vagas<\/strong>: 28<\/li>\n\n\n\n<li><strong>Cargos<\/strong>: Analista Legislativo III <\/li>\n\n\n\n<li><strong>Banca<\/strong>: FGV<\/li>\n\n\n\n<li><strong>Escolaridade<\/strong>: superior<\/li>\n\n\n\n<li><strong>Edital<\/strong>: <a href=\"https:\/\/dhg1h5j42swfq.cloudfront.net\/2024\/02\/02163017\/alesc_02-02-24.pdf\" target=\"_blank\" rel=\"noreferrer noopener nofollow\">ALESC 2024<\/a><\/li>\n<\/ul>\n","protected":false},"excerpt":{"rendered":"<p>Est\u00e1 homologado o resultado do concurso ALESC (Assembleia Legislativa de Santa Catarina)! Agora, a sele\u00e7\u00e3o seguir\u00e1 vigente por dois anos, at\u00e9 dezembro de 2026, podendo o prazo ser prorrogado pelo mesmo per\u00edodo. Ao todo, foram ofertadas 28 vagas imediatas para o cargo de Analista Legislativo III. As oportunidades exigiram n\u00edvel superior e remunera\u00e7\u00e3o inicial de [&hellip;]<\/p>\n","protected":false},"author":1483,"featured_media":914330,"comment_status":"open","ping_status":"closed","sticky":false,"template":"","format":"standard","meta":{"post_tipo":"news_page","footnotes":""},"categories":[2017],"tags":[],"tax_estado":[219987],"class_list":["post-385084","post","type-post","status-publish","format-standard","has-post-thumbnail","hentry","category-concursos-legislativos","tax_estado-sc"],"acf":[],"yoast_head":"<!-- This site is optimized with the Yoast SEO Premium plugin v27.2 (Yoast SEO v27.2) - https:\/\/yoast.com\/product\/yoast-seo-premium-wordpress\/ -->\n<title>Concurso ALESC: v\u00e1lido at\u00e9 dezembro de 2026. Confira!<\/title>\n<meta name=\"description\" content=\"Concurso ALESC \u00e9 homologado e segue v\u00e1lido at\u00e9 final de 2026. Edital ofereceu vagas de n\u00edvel superior e inicial de R$ 12,6 mil. Veja!\" \/>\n<meta name=\"robots\" content=\"index, follow, max-snippet:-1, max-image-preview:large, max-video-preview:-1\" \/>\n<link rel=\"canonical\" href=\"https:\/\/www.estrategiaconcursos.com.br\/blog\/concurso-alesc\/\" \/>\n<meta property=\"og:locale\" content=\"pt_BR\" \/>\n<meta property=\"og:type\" content=\"article\" \/>\n<meta property=\"og:title\" content=\"Concurso ALESC: v\u00e1lido at\u00e9 dezembro de 2026. Confira!\" \/>\n<meta property=\"og:description\" content=\"Concurso ALESC \u00e9 homologado e segue v\u00e1lido at\u00e9 final de 2026. Edital ofereceu vagas de n\u00edvel superior e inicial de R$ 12,6 mil. Veja!\" \/>\n<meta property=\"og:url\" content=\"https:\/\/www.estrategiaconcursos.com.br\/blog\/concurso-alesc\/\" \/>\n<meta property=\"og:site_name\" content=\"Estrat\u00e9gia Concursos\" \/>\n<meta property=\"article:published_time\" content=\"2025-07-08T18:58:00+00:00\" \/>\n<meta property=\"article:modified_time\" content=\"2025-10-30T15:03:15+00:00\" \/>\n<meta property=\"og:image\" content=\"https:\/\/dhg1h5j42swfq.cloudfront.net\/2021\/07\/23112858\/concurso-alesc.jpg\" \/>\n\t<meta property=\"og:image:width\" content=\"768\" \/>\n\t<meta property=\"og:image:height\" content=\"432\" \/>\n\t<meta property=\"og:image:type\" content=\"image\/jpeg\" \/>\n<meta name=\"author\" content=\"Diogo Mendes\" \/>\n<meta name=\"twitter:card\" content=\"summary_large_image\" \/>\n<meta name=\"twitter:creator\" content=\"@EstratConcursos\" \/>\n<meta name=\"twitter:site\" content=\"@EstratConcursos\" \/>\n<meta name=\"twitter:label1\" content=\"Escrito por\" \/>\n\t<meta name=\"twitter:data1\" content=\"Diogo Mendes\" \/>\n\t<meta name=\"twitter:label2\" content=\"Est. tempo de leitura\" \/>\n\t<meta name=\"twitter:data2\" content=\"7 minutos\" \/>\n<script type=\"application\/ld+json\" class=\"yoast-schema-graph\">{\"@context\":\"https:\/\/schema.org\",\"@graph\":[{\"@type\":\"NewsArticle\",\"@id\":\"https:\/\/www.estrategiaconcursos.com.br\/blog\/concurso-alesc\/#article\",\"isPartOf\":{\"@id\":\"https:\/\/www.estrategiaconcursos.com.br\/blog\/concurso-alesc\/\"},\"author\":{\"name\":\"Diogo Mendes\",\"@id\":\"https:\/\/www.estrategiaconcursos.com.br\/blog\/#\/schema\/person\/cc9e76173880338ce9f656c88664a1f6\"},\"headline\":\"Concurso ALESC: v\u00e1lido at\u00e9 dezembro de 2026. Confira!\",\"datePublished\":\"2025-07-08T18:58:00+00:00\",\"dateModified\":\"2025-10-30T15:03:15+00:00\",\"mainEntityOfPage\":{\"@id\":\"https:\/\/www.estrategiaconcursos.com.br\/blog\/concurso-alesc\/\"},\"wordCount\":1399,\"commentCount\":1,\"publisher\":{\"@id\":\"https:\/\/www.estrategiaconcursos.com.br\/blog\/#organization\"},\"image\":{\"@id\":\"https:\/\/www.estrategiaconcursos.com.br\/blog\/concurso-alesc\/#primaryimage\"},\"thumbnailUrl\":\"https:\/\/dhg1h5j42swfq.cloudfront.net\/2021\/07\/23112858\/concurso-alesc.jpg\",\"articleSection\":[\"Legislativo\"],\"inLanguage\":\"pt-BR\",\"potentialAction\":[{\"@type\":\"CommentAction\",\"name\":\"Comment\",\"target\":[\"https:\/\/www.estrategiaconcursos.com.br\/blog\/concurso-alesc\/#respond\"]}],\"copyrightYear\":\"2025\",\"copyrightHolder\":{\"@id\":\"https:\/\/www.estrategiaconcursos.com.br\/blog\/#organization\"}},{\"@type\":\"WebPage\",\"@id\":\"https:\/\/www.estrategiaconcursos.com.br\/blog\/concurso-alesc\/\",\"url\":\"https:\/\/www.estrategiaconcursos.com.br\/blog\/concurso-alesc\/\",\"name\":\"Concurso ALESC: v\u00e1lido at\u00e9 dezembro de 2026. Confira!\",\"isPartOf\":{\"@id\":\"https:\/\/www.estrategiaconcursos.com.br\/blog\/#website\"},\"primaryImageOfPage\":{\"@id\":\"https:\/\/www.estrategiaconcursos.com.br\/blog\/concurso-alesc\/#primaryimage\"},\"image\":{\"@id\":\"https:\/\/www.estrategiaconcursos.com.br\/blog\/concurso-alesc\/#primaryimage\"},\"thumbnailUrl\":\"https:\/\/dhg1h5j42swfq.cloudfront.net\/2021\/07\/23112858\/concurso-alesc.jpg\",\"datePublished\":\"2025-07-08T18:58:00+00:00\",\"dateModified\":\"2025-10-30T15:03:15+00:00\",\"description\":\"Concurso ALESC \u00e9 homologado e segue v\u00e1lido at\u00e9 final de 2026. Edital ofereceu vagas de n\u00edvel superior e inicial de R$ 12,6 mil. Veja!\",\"breadcrumb\":{\"@id\":\"https:\/\/www.estrategiaconcursos.com.br\/blog\/concurso-alesc\/#breadcrumb\"},\"inLanguage\":\"pt-BR\",\"potentialAction\":[{\"@type\":\"ReadAction\",\"target\":[\"https:\/\/www.estrategiaconcursos.com.br\/blog\/concurso-alesc\/\"]}]},{\"@type\":\"ImageObject\",\"inLanguage\":\"pt-BR\",\"@id\":\"https:\/\/www.estrategiaconcursos.com.br\/blog\/concurso-alesc\/#primaryimage\",\"url\":\"https:\/\/dhg1h5j42swfq.cloudfront.net\/2021\/07\/23112858\/concurso-alesc.jpg\",\"contentUrl\":\"https:\/\/dhg1h5j42swfq.cloudfront.net\/2021\/07\/23112858\/concurso-alesc.jpg\",\"width\":768,\"height\":432,\"caption\":\"concurso alesc\"},{\"@type\":\"BreadcrumbList\",\"@id\":\"https:\/\/www.estrategiaconcursos.com.br\/blog\/concurso-alesc\/#breadcrumb\",\"itemListElement\":[{\"@type\":\"ListItem\",\"position\":1,\"name\":\"In\u00edcio\",\"item\":\"https:\/\/www.estrategiaconcursos.com.br\/blog\/\"},{\"@type\":\"ListItem\",\"position\":2,\"name\":\"Concurso ALESC: v\u00e1lido at\u00e9 dezembro de 2026. Confira!\"}]},{\"@type\":\"WebSite\",\"@id\":\"https:\/\/www.estrategiaconcursos.com.br\/blog\/#website\",\"url\":\"https:\/\/www.estrategiaconcursos.com.br\/blog\/\",\"name\":\"Estrat\u00e9gia Concursos\",\"description\":\"O blog da Estrat\u00e9gia Concursos traz not\u00edcias sobre concursos e artigos de professores oferecendo cursos para concursos (pdf + videaulas) no site.\",\"publisher\":{\"@id\":\"https:\/\/www.estrategiaconcursos.com.br\/blog\/#organization\"},\"potentialAction\":[{\"@type\":\"SearchAction\",\"target\":{\"@type\":\"EntryPoint\",\"urlTemplate\":\"https:\/\/www.estrategiaconcursos.com.br\/blog\/?s={search_term_string}\"},\"query-input\":{\"@type\":\"PropertyValueSpecification\",\"valueRequired\":true,\"valueName\":\"search_term_string\"}}],\"inLanguage\":\"pt-BR\"},{\"@type\":\"Organization\",\"@id\":\"https:\/\/www.estrategiaconcursos.com.br\/blog\/#organization\",\"name\":\"Estrat\u00e9gia Concursos\",\"url\":\"https:\/\/www.estrategiaconcursos.com.br\/blog\/\",\"logo\":{\"@type\":\"ImageObject\",\"inLanguage\":\"pt-BR\",\"@id\":\"https:\/\/www.estrategiaconcursos.com.br\/blog\/#\/schema\/logo\/image\/\",\"url\":\"https:\/\/dhg1h5j42swfq.cloudfront.net\/2025\/06\/03203428\/logo_concursos-1.jpg\",\"contentUrl\":\"https:\/\/dhg1h5j42swfq.cloudfront.net\/2025\/06\/03203428\/logo_concursos-1.jpg\",\"width\":230,\"height\":60,\"caption\":\"Estrat\u00e9gia Concursos\"},\"image\":{\"@id\":\"https:\/\/www.estrategiaconcursos.com.br\/blog\/#\/schema\/logo\/image\/\"},\"sameAs\":[\"https:\/\/x.com\/EstratConcursos\"]},{\"@type\":\"Person\",\"@id\":\"https:\/\/www.estrategiaconcursos.com.br\/blog\/#\/schema\/person\/cc9e76173880338ce9f656c88664a1f6\",\"name\":\"Diogo Mendes\",\"image\":{\"@type\":\"ImageObject\",\"inLanguage\":\"pt-BR\",\"@id\":\"https:\/\/secure.gravatar.com\/avatar\/9754d6777d460a45ef4067b586b94c32005cc2345a0404b8d96adc620cf63806?s=96&d=mm&r=g\",\"url\":\"https:\/\/secure.gravatar.com\/avatar\/9754d6777d460a45ef4067b586b94c32005cc2345a0404b8d96adc620cf63806?s=96&d=mm&r=g\",\"contentUrl\":\"https:\/\/secure.gravatar.com\/avatar\/9754d6777d460a45ef4067b586b94c32005cc2345a0404b8d96adc620cf63806?s=96&d=mm&r=g\",\"caption\":\"Diogo Mendes\"},\"description\":\"Diogo Mendes \u00e9 jornalista formado pela Universidade Paulista, com experi\u00eancia em reda\u00e7\u00f5es de diversos ve\u00edculos e na produ\u00e7\u00e3o de conte\u00fados especializados em concursos p\u00fablicos. Desde 2019, atua no Estrat\u00e9gia Concursos como Jornalista e Analista de Conte\u00fado, com foco na apura\u00e7\u00e3o de informa\u00e7\u00f5es junto a \u00f3rg\u00e3os e fontes oficiais. Dedica-se especialmente \u00e0 produ\u00e7\u00e3o de not\u00edcias e reportagens sobre Concursos Legislativos, al\u00e9m de acompanhar diariamente os concursos policiais, banc\u00e1rios e da \u00e1rea da sa\u00fade.\",\"url\":\"https:\/\/www.estrategiaconcursos.com.br\/blog\/author\/diogo-mendesestrategiaconcursos-com-br\/\"}]}<\/script>\n<!-- \/ Yoast SEO Premium plugin. -->","yoast_head_json":{"title":"Concurso ALESC: v\u00e1lido at\u00e9 dezembro de 2026. Confira!","description":"Concurso ALESC \u00e9 homologado e segue v\u00e1lido at\u00e9 final de 2026. Edital ofereceu vagas de n\u00edvel superior e inicial de R$ 12,6 mil. Veja!","robots":{"index":"index","follow":"follow","max-snippet":"max-snippet:-1","max-image-preview":"max-image-preview:large","max-video-preview":"max-video-preview:-1"},"canonical":"https:\/\/www.estrategiaconcursos.com.br\/blog\/concurso-alesc\/","og_locale":"pt_BR","og_type":"article","og_title":"Concurso ALESC: v\u00e1lido at\u00e9 dezembro de 2026. Confira!","og_description":"Concurso ALESC \u00e9 homologado e segue v\u00e1lido at\u00e9 final de 2026. Edital ofereceu vagas de n\u00edvel superior e inicial de R$ 12,6 mil. Veja!","og_url":"https:\/\/www.estrategiaconcursos.com.br\/blog\/concurso-alesc\/","og_site_name":"Estrat\u00e9gia Concursos","article_published_time":"2025-07-08T18:58:00+00:00","article_modified_time":"2025-10-30T15:03:15+00:00","og_image":[{"width":768,"height":432,"url":"https:\/\/dhg1h5j42swfq.cloudfront.net\/2021\/07\/23112858\/concurso-alesc.jpg","type":"image\/jpeg"}],"author":"Diogo Mendes","twitter_card":"summary_large_image","twitter_creator":"@EstratConcursos","twitter_site":"@EstratConcursos","twitter_misc":{"Escrito por":"Diogo Mendes","Est. tempo de leitura":"7 minutos"},"schema":{"@context":"https:\/\/schema.org","@graph":[{"@type":"NewsArticle","@id":"https:\/\/www.estrategiaconcursos.com.br\/blog\/concurso-alesc\/#article","isPartOf":{"@id":"https:\/\/www.estrategiaconcursos.com.br\/blog\/concurso-alesc\/"},"author":{"name":"Diogo Mendes","@id":"https:\/\/www.estrategiaconcursos.com.br\/blog\/#\/schema\/person\/cc9e76173880338ce9f656c88664a1f6"},"headline":"Concurso ALESC: v\u00e1lido at\u00e9 dezembro de 2026. Confira!","datePublished":"2025-07-08T18:58:00+00:00","dateModified":"2025-10-30T15:03:15+00:00","mainEntityOfPage":{"@id":"https:\/\/www.estrategiaconcursos.com.br\/blog\/concurso-alesc\/"},"wordCount":1399,"commentCount":1,"publisher":{"@id":"https:\/\/www.estrategiaconcursos.com.br\/blog\/#organization"},"image":{"@id":"https:\/\/www.estrategiaconcursos.com.br\/blog\/concurso-alesc\/#primaryimage"},"thumbnailUrl":"https:\/\/dhg1h5j42swfq.cloudfront.net\/2021\/07\/23112858\/concurso-alesc.jpg","articleSection":["Legislativo"],"inLanguage":"pt-BR","potentialAction":[{"@type":"CommentAction","name":"Comment","target":["https:\/\/www.estrategiaconcursos.com.br\/blog\/concurso-alesc\/#respond"]}],"copyrightYear":"2025","copyrightHolder":{"@id":"https:\/\/www.estrategiaconcursos.com.br\/blog\/#organization"}},{"@type":"WebPage","@id":"https:\/\/www.estrategiaconcursos.com.br\/blog\/concurso-alesc\/","url":"https:\/\/www.estrategiaconcursos.com.br\/blog\/concurso-alesc\/","name":"Concurso ALESC: v\u00e1lido at\u00e9 dezembro de 2026. Confira!","isPartOf":{"@id":"https:\/\/www.estrategiaconcursos.com.br\/blog\/#website"},"primaryImageOfPage":{"@id":"https:\/\/www.estrategiaconcursos.com.br\/blog\/concurso-alesc\/#primaryimage"},"image":{"@id":"https:\/\/www.estrategiaconcursos.com.br\/blog\/concurso-alesc\/#primaryimage"},"thumbnailUrl":"https:\/\/dhg1h5j42swfq.cloudfront.net\/2021\/07\/23112858\/concurso-alesc.jpg","datePublished":"2025-07-08T18:58:00+00:00","dateModified":"2025-10-30T15:03:15+00:00","description":"Concurso ALESC \u00e9 homologado e segue v\u00e1lido at\u00e9 final de 2026. Edital ofereceu vagas de n\u00edvel superior e inicial de R$ 12,6 mil. Veja!","breadcrumb":{"@id":"https:\/\/www.estrategiaconcursos.com.br\/blog\/concurso-alesc\/#breadcrumb"},"inLanguage":"pt-BR","potentialAction":[{"@type":"ReadAction","target":["https:\/\/www.estrategiaconcursos.com.br\/blog\/concurso-alesc\/"]}]},{"@type":"ImageObject","inLanguage":"pt-BR","@id":"https:\/\/www.estrategiaconcursos.com.br\/blog\/concurso-alesc\/#primaryimage","url":"https:\/\/dhg1h5j42swfq.cloudfront.net\/2021\/07\/23112858\/concurso-alesc.jpg","contentUrl":"https:\/\/dhg1h5j42swfq.cloudfront.net\/2021\/07\/23112858\/concurso-alesc.jpg","width":768,"height":432,"caption":"concurso alesc"},{"@type":"BreadcrumbList","@id":"https:\/\/www.estrategiaconcursos.com.br\/blog\/concurso-alesc\/#breadcrumb","itemListElement":[{"@type":"ListItem","position":1,"name":"In\u00edcio","item":"https:\/\/www.estrategiaconcursos.com.br\/blog\/"},{"@type":"ListItem","position":2,"name":"Concurso ALESC: v\u00e1lido at\u00e9 dezembro de 2026. Confira!"}]},{"@type":"WebSite","@id":"https:\/\/www.estrategiaconcursos.com.br\/blog\/#website","url":"https:\/\/www.estrategiaconcursos.com.br\/blog\/","name":"Estrat\u00e9gia Concursos","description":"O blog da Estrat\u00e9gia Concursos traz not\u00edcias sobre concursos e artigos de professores oferecendo cursos para concursos (pdf + videaulas) no site.","publisher":{"@id":"https:\/\/www.estrategiaconcursos.com.br\/blog\/#organization"},"potentialAction":[{"@type":"SearchAction","target":{"@type":"EntryPoint","urlTemplate":"https:\/\/www.estrategiaconcursos.com.br\/blog\/?s={search_term_string}"},"query-input":{"@type":"PropertyValueSpecification","valueRequired":true,"valueName":"search_term_string"}}],"inLanguage":"pt-BR"},{"@type":"Organization","@id":"https:\/\/www.estrategiaconcursos.com.br\/blog\/#organization","name":"Estrat\u00e9gia Concursos","url":"https:\/\/www.estrategiaconcursos.com.br\/blog\/","logo":{"@type":"ImageObject","inLanguage":"pt-BR","@id":"https:\/\/www.estrategiaconcursos.com.br\/blog\/#\/schema\/logo\/image\/","url":"https:\/\/dhg1h5j42swfq.cloudfront.net\/2025\/06\/03203428\/logo_concursos-1.jpg","contentUrl":"https:\/\/dhg1h5j42swfq.cloudfront.net\/2025\/06\/03203428\/logo_concursos-1.jpg","width":230,"height":60,"caption":"Estrat\u00e9gia Concursos"},"image":{"@id":"https:\/\/www.estrategiaconcursos.com.br\/blog\/#\/schema\/logo\/image\/"},"sameAs":["https:\/\/x.com\/EstratConcursos"]},{"@type":"Person","@id":"https:\/\/www.estrategiaconcursos.com.br\/blog\/#\/schema\/person\/cc9e76173880338ce9f656c88664a1f6","name":"Diogo Mendes","image":{"@type":"ImageObject","inLanguage":"pt-BR","@id":"https:\/\/secure.gravatar.com\/avatar\/9754d6777d460a45ef4067b586b94c32005cc2345a0404b8d96adc620cf63806?s=96&d=mm&r=g","url":"https:\/\/secure.gravatar.com\/avatar\/9754d6777d460a45ef4067b586b94c32005cc2345a0404b8d96adc620cf63806?s=96&d=mm&r=g","contentUrl":"https:\/\/secure.gravatar.com\/avatar\/9754d6777d460a45ef4067b586b94c32005cc2345a0404b8d96adc620cf63806?s=96&d=mm&r=g","caption":"Diogo Mendes"},"description":"Diogo Mendes \u00e9 jornalista formado pela Universidade Paulista, com experi\u00eancia em reda\u00e7\u00f5es de diversos ve\u00edculos e na produ\u00e7\u00e3o de conte\u00fados especializados em concursos p\u00fablicos. Desde 2019, atua no Estrat\u00e9gia Concursos como Jornalista e Analista de Conte\u00fado, com foco na apura\u00e7\u00e3o de informa\u00e7\u00f5es junto a \u00f3rg\u00e3os e fontes oficiais. Dedica-se especialmente \u00e0 produ\u00e7\u00e3o de not\u00edcias e reportagens sobre Concursos Legislativos, al\u00e9m de acompanhar diariamente os concursos policiais, banc\u00e1rios e da \u00e1rea da sa\u00fade.","url":"https:\/\/www.estrategiaconcursos.com.br\/blog\/author\/diogo-mendesestrategiaconcursos-com-br\/"}]}},"_links":{"self":[{"href":"https:\/\/www.estrategiaconcursos.com.br\/blog\/wp-json\/wp\/v2\/posts\/385084","targetHints":{"allow":["GET"]}}],"collection":[{"href":"https:\/\/www.estrategiaconcursos.com.br\/blog\/wp-json\/wp\/v2\/posts"}],"about":[{"href":"https:\/\/www.estrategiaconcursos.com.br\/blog\/wp-json\/wp\/v2\/types\/post"}],"author":[{"embeddable":true,"href":"https:\/\/www.estrategiaconcursos.com.br\/blog\/wp-json\/wp\/v2\/users\/1483"}],"replies":[{"embeddable":true,"href":"https:\/\/www.estrategiaconcursos.com.br\/blog\/wp-json\/wp\/v2\/comments?post=385084"}],"version-history":[{"count":130,"href":"https:\/\/www.estrategiaconcursos.com.br\/blog\/wp-json\/wp\/v2\/posts\/385084\/revisions"}],"predecessor-version":[{"id":1604310,"href":"https:\/\/www.estrategiaconcursos.com.br\/blog\/wp-json\/wp\/v2\/posts\/385084\/revisions\/1604310"}],"wp:featuredmedia":[{"embeddable":true,"href":"https:\/\/www.estrategiaconcursos.com.br\/blog\/wp-json\/wp\/v2\/media\/914330"}],"wp:attachment":[{"href":"https:\/\/www.estrategiaconcursos.com.br\/blog\/wp-json\/wp\/v2\/media?parent=385084"}],"wp:term":[{"taxonomy":"category","embeddable":true,"href":"https:\/\/www.estrategiaconcursos.com.br\/blog\/wp-json\/wp\/v2\/categories?post=385084"},{"taxonomy":"post_tag","embeddable":true,"href":"https:\/\/www.estrategiaconcursos.com.br\/blog\/wp-json\/wp\/v2\/tags?post=385084"},{"taxonomy":"tax_estado","embeddable":true,"href":"https:\/\/www.estrategiaconcursos.com.br\/blog\/wp-json\/wp\/v2\/tax_estado?post=385084"}],"curies":[{"name":"wp","href":"https:\/\/api.w.org\/{rel}","templated":true}]}}