{"id":38488,"date":"2016-05-05T18:50:26","date_gmt":"2016-05-05T21:50:26","guid":{"rendered":"http:\/\/www.estrategiaconcursos.com.br\/blog\/?p=38488"},"modified":"2016-05-05T20:12:06","modified_gmt":"2016-05-05T23:12:06","slug":"tecnico-mprj-prova-de-portugues","status":"publish","type":"post","link":"https:\/\/www.estrategiaconcursos.com.br\/blog\/tecnico-mprj-prova-de-portugues\/","title":{"rendered":"T\u00e9cnico MP\/RJ &#8211; Prova de Portugu\u00eas"},"content":{"rendered":"<p style=\"text-align: justify\">Ol\u00e1, meus caros! Tudo bem?<\/p>\n<p style=\"text-align: justify\">Vim trazer minha contribui\u00e7\u00e3o para voc\u00ea que fez a prova para T\u00e9cnico do MP\/RJ, no \u00faltimo domingo, dia 01. Para quem n\u00e3o fez a prova e quer conhecer um pouco do estilo da FGV, eis uma boa oportunidade!<\/p>\n<p style=\"text-align: justify\">Quero analisar de maneira geral a prova. Foram 30 quest\u00f5es relativamente simples testando os candidatos quanto ao conhecimento de tipologia textual, vozes do verbo, uso das conjun\u00e7\u00f5es, reg\u00eancia, interpreta\u00e7\u00e3o textual (bastante) entre outros temas, de uma forma bastante particular. Vou comentar algumas aqui para voc\u00eas.<\/p>\n<p style=\"text-align: justify\">Usei como base a prova para <span style=\"color: #ff0000\"><strong>T\u00e9cnico, \u00c1rea Administrativa, Tipo 1<\/strong><\/span>.<\/p>\n<p style=\"text-align: justify\">O uso do &#8220;se&#8221; foi cobrado em duas quest\u00f5es: 03 e 05, vejamos:<\/p>\n<p style=\"text-align: justify\">03. \u201cAs v\u00edtimas se contam \u00e0s dezenas e incluem m\u00fasicos, jornalistas, carteiros etc\u201d. Nesse segmento do texto 1, o voc\u00e1bulo SE apresenta a fun\u00e7\u00e3o de part\u00edcula apassivadora; a frase abaixo em que as duas ocorr\u00eancias desse voc\u00e1bulo exercem essa mesma fun\u00e7\u00e3o \u00e9:<\/p>\n<p style=\"text-align: justify\">(A) \u201cPara o homem s\u00f3 h\u00e1 tr\u00eas acontecimentos: nascer, viver e morrer. Ele n\u00e3o se sente nascer, sofre morrendo e se esquece de viver\u201d (La Bruy\u00e8re);<\/p>\n<p style=\"text-align: justify\">(B) \u201cO a\u00e7\u00facar seria caro demais se n\u00e3o se fizesse cultivar a planta que o produz por escravos\u201d (Montesquieu);<\/p>\n<p style=\"text-align: justify\">(C) \u201cE se Ad\u00e3o n\u00e3o tivesse resistido \u00e0quela opera\u00e7\u00e3o nas costelas a que t\u00e3o prematuramente se submeteu?\u201d (Eno T. Wanke);<\/p>\n<p style=\"text-align: justify\">(D) \u201cO amor \u00e9 uma arte que nunca se aprende e sempre se sabe\u201d (Gald\u00f3s);<\/p>\n<p style=\"text-align: justify\">(E) \u201cN\u00e3o ensines a teu aluno toda a tua ci\u00eancia. Quem sabe se ele amanh\u00e3 n\u00e3o se tornar\u00e1 o teu inimigo\u201d? (Saadi).<\/p>\n<p style=\"text-align: justify\"><span style=\"color: #0000ff\"><em>Coment\u00e1rio: o &#8220;se&#8221; como part\u00edcula apassivador cumpre a fun\u00e7\u00e3o de apassivar a a\u00e7\u00e3o verbal com rela\u00e7\u00e3o ao sujeito. Isso ocorreu no enunciado \u201cAs v\u00edtimas se contam \u00e0s dezenas..&#8221;, ou seja, as v\u00edtimas S\u00c3O CONTADAS \u00e0s dezenas. A banca quer a alternativas na qual o &#8220;se&#8221; apare\u00e7a com a mesma fun\u00e7\u00e3o nas duas ocorr\u00eancias. Isso ocorre apenas na alternativa D. Nas demais alternativas temos para o &#8220;se&#8221; as fun\u00e7\u00f5es de pronome reflexivo (A e E segundo uso), pronome integrante do verbo (A), conjun\u00e7\u00e3o condicional (B primeiro uso e C) e conjun\u00e7\u00e3o integrante (E primeiro uso). Lembre-se de que a voz passiva sint\u00e9tica \u00e9 formada apenas com verbos transitivos diretos! <\/em><\/span><\/p>\n<p style=\"text-align: justify\"><span style=\"color: #0000ff\"><em>GABARITO: D<\/em><\/span><\/p>\n<p style=\"text-align: justify\">05. \u201cA crer no m\u00e9dico e \u201cgeek\u201d Eric Topol\u201d; essa ora\u00e7\u00e3o reduzida equivale semanticamente a:<\/p>\n<p style=\"text-align: justify\">(A) embora creiamos;<\/p>\n<p style=\"text-align: justify\">(B) quando cremos;<\/p>\n<p style=\"text-align: justify\">(C) se crermos;<\/p>\n<p style=\"text-align: justify\">(D) \u00e0 medida que cremos;<\/p>\n<p style=\"text-align: justify\">(E) para que cr\u00eassemos.<\/p>\n<p style=\"text-align: justify\"><span style=\"color: #0000ff\"><em>Coment\u00e1rio: a ora\u00e7\u00e3o reduzida \u201cA crer no m\u00e9dico e \u201cgeek\u201d Eric Topol\u201d pode ser desenvolvida da seguinte maneira: se crermos no m\u00e9dico e \u201cgeek\u201d Eric Topol, mantendo a ideia hipot\u00e9tica do texto original. Observem que, ao desenvolvermos a quest\u00e3o, usamos o &#8220;se&#8221; como conjun\u00e7\u00e3o condicional. <\/em><\/span><\/p>\n<p style=\"text-align: justify\"><span style=\"color: #0000ff\"><em>GABARITO: C<\/em><\/span><\/p>\n<p>A FGV abordou tipologia textual na quest\u00e3o 15, por exemplo, e exigiu mais do que &#8220;decoreba&#8221;! Quest\u00e3o simples, mas que necessita de uma pequena an\u00e1lise:<\/p>\n<p style=\"text-align: justify\">15. \u201cPara Topol, o futuro est\u00e1 nos smartphones. O autor nos coloca a par de incr\u00edveis tecnologias, j\u00e1 dispon\u00edveis ou muito pr\u00f3ximas disso, que ter\u00e3o grande impacto sobre a medicina\u201d.<br \/>\nSegundo esse segmento do texto 1, pode-se inferir que o texto de Topol pertence ao seguinte modo de organiza\u00e7\u00e3o:<\/p>\n<p style=\"text-align: justify\">(A) informativo;<\/p>\n<p style=\"text-align: justify\">(B) hist\u00f3rico;<\/p>\n<p style=\"text-align: justify\">(C) argumentativo;<\/p>\n<p style=\"text-align: justify\">(D) instrucional;<\/p>\n<p style=\"text-align: justify\">(E) injuntivo.<\/p>\n<p style=\"text-align: justify\"><em><span style=\"color: #0000ff\">Coment\u00e1rio: o texto em quest\u00e3o \u00e9 argumentativo, ou seja, marca a opini\u00e3o do autor. Muitos alunos confundem textos desse tipo com os informativos. Embora o autor informe sobre o assunto tratado, \u00e9 preciso observar as pequenas marcas de opini\u00e3o que o colocam no time dos argumentativos. Vou marcar tais marcas para voc\u00eas no enunciado da quest\u00e3o:<\/span><\/em><\/p>\n<p style=\"text-align: justify\"><em><span style=\"color: #0000ff\"> \u201cPara Topol, o futuro est\u00e1 nos smartphones. O autor nos coloca a par de <span style=\"color: #ff0000\"><strong>incr\u00edveis<\/strong> <\/span>tecnologias, j\u00e1 dispon\u00edveis ou muito pr\u00f3ximas disso, que ter\u00e3o <span style=\"color: #ff0000\"><strong>grande impacto<\/strong><\/span> sobre a medicina\u201d.<\/span><\/em><\/p>\n<p style=\"text-align: justify\"><span style=\"color: #0000ff\"><em>Os termos &#8220;incr\u00edveis&#8221; e &#8220;grande impacto&#8221; nos mostram o envolvimento do autor com o que est\u00e1 sendo falado.<\/em> <\/span><\/p>\n<p style=\"text-align: justify\"><em><span style=\"color: #0000ff\">GABARITO: C<\/span><\/em><\/p>\n<p style=\"text-align: justify\">A quest\u00e3o 22 \u00e9 referente ao segundo texto da prova e tamb\u00e9m falou sobre Tipologia Textual. Vejam:<\/p>\n<p style=\"text-align: justify\">22. O t\u00edtulo do texto 2 j\u00e1 define o seu conte\u00fado como:<\/p>\n<p style=\"text-align: justify\">(A) preditivo;<\/p>\n<p style=\"text-align: justify\">(B) informativo;<\/p>\n<p style=\"text-align: justify\">(C) publicit\u00e1rio;<\/p>\n<p style=\"text-align: justify\">(D) normativo;<\/p>\n<p style=\"text-align: justify\">(E) instrucional.<\/p>\n<p style=\"text-align: justify\"><span style=\"color: #0000ff\"><em>Coment\u00e1rio: o t\u00edtulo do texto \u00e9 &#8220;Manual de princ\u00edpios \u00e9ticos para sites de medicina e sa\u00fade na internet&#8221;. Logo o aluno pensa: manual? Texto instrucional!! E marca feliz a alternativa E. Errado, galera!!! O gabarito aponta para a assertiva D, normativo, e h\u00e1 uma raz\u00e3o para isso! Os textos instrucionais d\u00e3o instru\u00e7\u00f5es para que algu\u00e9m desenvolva sozinho alguma atividade, como montar uma cama, mexer no celular, etc. J\u00e1 os textos t\u00e3o somente normativos trazem regras\/normas de comportamento, de conviv\u00eancia e de respeito, como \u00e9 o caso do texto em quest\u00e3o.<\/em><\/span><\/p>\n<p style=\"text-align: justify\"><span style=\"color: #0000ff\"><em>Mas, professora, eu nunca tinha estudado essa diferen\u00e7a!!<\/em><\/span><\/p>\n<p style=\"text-align: justify\"><span style=\"color: #0000ff\"><em>N\u00e3o precisava ter estudado, meus queridos, bastava abandonar a &#8220;decoreba&#8221; e focar na an\u00e1lise, na compreens\u00e3o! Foi pegadinha da banca!! Espero que voc\u00eas n\u00e3o tenham ca\u00eddo nela!<\/em><\/span><\/p>\n<p style=\"text-align: justify\"><span style=\"color: #0000ff\"><em>GABARITO: D<\/em><\/span><\/p>\n<p>Meus queridos, d\u00favida em alguma quest\u00e3o espec\u00edfica? Posso ajudar? Deixem nos coment\u00e1rios ou mandem para o meu e-mail! Ser\u00e1 um prazer poder ajudar!<\/p>\n<p>Forte abra\u00e7o! Sucesso!<\/p>\n<p>Rafaela Freitas.<\/p>\n<p>Contato: <a href=\"mailto:professorarafaelafreitas@gmail.com\">professorarafaelafreitas@gmail.com<\/a><\/p>\n<p><a href=\"https:\/\/www.facebook.com\/prof.rafaelafreitas\">https:\/\/www.facebook.com\/prof.rafaelafreitas<\/a><\/p>\n<p>Periscope: @Rafaela190619<\/p>\n<p>&nbsp;<\/p>\n<div class=\"text_layer\"><\/div>\n","protected":false},"excerpt":{"rendered":"<p>Ol\u00e1, meus caros! Tudo bem? Vim trazer minha contribui\u00e7\u00e3o para voc\u00ea que fez a prova para T\u00e9cnico do MP\/RJ, no \u00faltimo domingo, dia 01. Para quem n\u00e3o fez a prova e quer conhecer um pouco do estilo da FGV, eis uma boa oportunidade! Quero analisar de maneira geral a prova. Foram 30 quest\u00f5es relativamente simples [&hellip;]<\/p>\n","protected":false},"author":190,"featured_media":0,"comment_status":"open","ping_status":"open","sticky":false,"template":"","format":"standard","meta":{"post_tipo":"article","footnotes":""},"categories":[1],"tags":[624],"tax_estado":[],"class_list":["post-38488","post","type-post","status-publish","format-standard","hentry","category-cursos-e-concursos","tag-mprj"],"acf":[],"yoast_head":"<!-- This site is optimized with the Yoast SEO Premium plugin v27.2 (Yoast SEO v27.2) - https:\/\/yoast.com\/product\/yoast-seo-premium-wordpress\/ -->\n<title>T\u00e9cnico MP\/RJ - Prova de Portugu\u00eas<\/title>\n<meta name=\"robots\" content=\"index, follow, max-snippet:-1, max-image-preview:large, max-video-preview:-1\" \/>\n<link rel=\"canonical\" href=\"https:\/\/www.estrategiaconcursos.com.br\/blog\/tecnico-mprj-prova-de-portugues\/\" \/>\n<meta property=\"og:locale\" content=\"pt_BR\" \/>\n<meta property=\"og:type\" content=\"article\" \/>\n<meta property=\"og:title\" content=\"T\u00e9cnico MP\/RJ - Prova de Portugu\u00eas\" \/>\n<meta property=\"og:description\" content=\"Ol\u00e1, meus caros! Tudo bem? Vim trazer minha contribui\u00e7\u00e3o para voc\u00ea que fez a prova para T\u00e9cnico do MP\/RJ, no \u00faltimo domingo, dia 01. Para quem n\u00e3o fez a prova e quer conhecer um pouco do estilo da FGV, eis uma boa oportunidade! Quero analisar de maneira geral a prova. Foram 30 quest\u00f5es relativamente simples [&hellip;]\" \/>\n<meta property=\"og:url\" content=\"https:\/\/www.estrategiaconcursos.com.br\/blog\/tecnico-mprj-prova-de-portugues\/\" \/>\n<meta property=\"og:site_name\" content=\"Estrat\u00e9gia Concursos\" \/>\n<meta property=\"article:published_time\" content=\"2016-05-05T21:50:26+00:00\" \/>\n<meta property=\"article:modified_time\" content=\"2016-05-05T23:12:06+00:00\" \/>\n<meta name=\"author\" content=\"Rafaela Freitas\" \/>\n<meta name=\"twitter:card\" content=\"summary_large_image\" \/>\n<meta name=\"twitter:creator\" content=\"@EstratConcursos\" \/>\n<meta name=\"twitter:site\" content=\"@EstratConcursos\" \/>\n<meta name=\"twitter:label1\" content=\"Escrito por\" \/>\n\t<meta name=\"twitter:data1\" content=\"Rafaela Freitas\" \/>\n\t<meta name=\"twitter:label2\" content=\"Est. tempo de leitura\" \/>\n\t<meta name=\"twitter:data2\" content=\"5 minutos\" \/>\n<script type=\"application\/ld+json\" class=\"yoast-schema-graph\">{\"@context\":\"https:\/\/schema.org\",\"@graph\":[{\"@type\":\"NewsArticle\",\"@id\":\"https:\/\/www.estrategiaconcursos.com.br\/blog\/tecnico-mprj-prova-de-portugues\/#article\",\"isPartOf\":{\"@id\":\"https:\/\/www.estrategiaconcursos.com.br\/blog\/tecnico-mprj-prova-de-portugues\/\"},\"author\":{\"name\":\"Rafaela Freitas\",\"@id\":\"https:\/\/www.estrategiaconcursos.com.br\/blog\/#\/schema\/person\/b91f2c79fa09f992bd34e4182afb626c\"},\"headline\":\"T\u00e9cnico MP\/RJ &#8211; Prova de Portugu\u00eas\",\"datePublished\":\"2016-05-05T21:50:26+00:00\",\"dateModified\":\"2016-05-05T23:12:06+00:00\",\"mainEntityOfPage\":{\"@id\":\"https:\/\/www.estrategiaconcursos.com.br\/blog\/tecnico-mprj-prova-de-portugues\/\"},\"wordCount\":934,\"commentCount\":15,\"publisher\":{\"@id\":\"https:\/\/www.estrategiaconcursos.com.br\/blog\/#organization\"},\"keywords\":[\"MPRJ\"],\"articleSection\":[\"Concursos P\u00fablicos\"],\"inLanguage\":\"pt-BR\",\"potentialAction\":[{\"@type\":\"CommentAction\",\"name\":\"Comment\",\"target\":[\"https:\/\/www.estrategiaconcursos.com.br\/blog\/tecnico-mprj-prova-de-portugues\/#respond\"]}],\"copyrightYear\":\"2016\",\"copyrightHolder\":{\"@id\":\"https:\/\/www.estrategiaconcursos.com.br\/blog\/#organization\"}},{\"@type\":\"WebPage\",\"@id\":\"https:\/\/www.estrategiaconcursos.com.br\/blog\/tecnico-mprj-prova-de-portugues\/\",\"url\":\"https:\/\/www.estrategiaconcursos.com.br\/blog\/tecnico-mprj-prova-de-portugues\/\",\"name\":\"T\u00e9cnico MP\/RJ - Prova de Portugu\u00eas\",\"isPartOf\":{\"@id\":\"https:\/\/www.estrategiaconcursos.com.br\/blog\/#website\"},\"datePublished\":\"2016-05-05T21:50:26+00:00\",\"dateModified\":\"2016-05-05T23:12:06+00:00\",\"breadcrumb\":{\"@id\":\"https:\/\/www.estrategiaconcursos.com.br\/blog\/tecnico-mprj-prova-de-portugues\/#breadcrumb\"},\"inLanguage\":\"pt-BR\",\"potentialAction\":[{\"@type\":\"ReadAction\",\"target\":[\"https:\/\/www.estrategiaconcursos.com.br\/blog\/tecnico-mprj-prova-de-portugues\/\"]}]},{\"@type\":\"BreadcrumbList\",\"@id\":\"https:\/\/www.estrategiaconcursos.com.br\/blog\/tecnico-mprj-prova-de-portugues\/#breadcrumb\",\"itemListElement\":[{\"@type\":\"ListItem\",\"position\":1,\"name\":\"In\u00edcio\",\"item\":\"https:\/\/www.estrategiaconcursos.com.br\/blog\/\"},{\"@type\":\"ListItem\",\"position\":2,\"name\":\"T\u00e9cnico MP\/RJ &#8211; Prova de Portugu\u00eas\"}]},{\"@type\":\"WebSite\",\"@id\":\"https:\/\/www.estrategiaconcursos.com.br\/blog\/#website\",\"url\":\"https:\/\/www.estrategiaconcursos.com.br\/blog\/\",\"name\":\"Estrat\u00e9gia Concursos\",\"description\":\"O blog da Estrat\u00e9gia Concursos traz not\u00edcias sobre concursos e artigos de professores oferecendo cursos para concursos (pdf + videaulas) no site.\",\"publisher\":{\"@id\":\"https:\/\/www.estrategiaconcursos.com.br\/blog\/#organization\"},\"potentialAction\":[{\"@type\":\"SearchAction\",\"target\":{\"@type\":\"EntryPoint\",\"urlTemplate\":\"https:\/\/www.estrategiaconcursos.com.br\/blog\/?s={search_term_string}\"},\"query-input\":{\"@type\":\"PropertyValueSpecification\",\"valueRequired\":true,\"valueName\":\"search_term_string\"}}],\"inLanguage\":\"pt-BR\"},{\"@type\":\"Organization\",\"@id\":\"https:\/\/www.estrategiaconcursos.com.br\/blog\/#organization\",\"name\":\"Estrat\u00e9gia Concursos\",\"url\":\"https:\/\/www.estrategiaconcursos.com.br\/blog\/\",\"logo\":{\"@type\":\"ImageObject\",\"inLanguage\":\"pt-BR\",\"@id\":\"https:\/\/www.estrategiaconcursos.com.br\/blog\/#\/schema\/logo\/image\/\",\"url\":\"https:\/\/dhg1h5j42swfq.cloudfront.net\/2025\/06\/03203428\/logo_concursos-1.jpg\",\"contentUrl\":\"https:\/\/dhg1h5j42swfq.cloudfront.net\/2025\/06\/03203428\/logo_concursos-1.jpg\",\"width\":230,\"height\":60,\"caption\":\"Estrat\u00e9gia Concursos\"},\"image\":{\"@id\":\"https:\/\/www.estrategiaconcursos.com.br\/blog\/#\/schema\/logo\/image\/\"},\"sameAs\":[\"https:\/\/x.com\/EstratConcursos\"]},{\"@type\":\"Person\",\"@id\":\"https:\/\/www.estrategiaconcursos.com.br\/blog\/#\/schema\/person\/b91f2c79fa09f992bd34e4182afb626c\",\"name\":\"Rafaela Freitas\",\"image\":{\"@type\":\"ImageObject\",\"inLanguage\":\"pt-BR\",\"@id\":\"https:\/\/secure.gravatar.com\/avatar\/97ece78bdb320995d343d6c012a26475a2b8b6a591c52fbbd62c62640f68911e?s=96&d=mm&r=g\",\"url\":\"https:\/\/secure.gravatar.com\/avatar\/97ece78bdb320995d343d6c012a26475a2b8b6a591c52fbbd62c62640f68911e?s=96&d=mm&r=g\",\"contentUrl\":\"https:\/\/secure.gravatar.com\/avatar\/97ece78bdb320995d343d6c012a26475a2b8b6a591c52fbbd62c62640f68911e?s=96&d=mm&r=g\",\"caption\":\"Rafaela Freitas\"},\"url\":\"https:\/\/www.estrategiaconcursos.com.br\/blog\/author\/rafaelafreitasestrategiaconcursos-com-br\/\"}]}<\/script>\n<!-- \/ Yoast SEO Premium plugin. -->","yoast_head_json":{"title":"T\u00e9cnico MP\/RJ - Prova de Portugu\u00eas","robots":{"index":"index","follow":"follow","max-snippet":"max-snippet:-1","max-image-preview":"max-image-preview:large","max-video-preview":"max-video-preview:-1"},"canonical":"https:\/\/www.estrategiaconcursos.com.br\/blog\/tecnico-mprj-prova-de-portugues\/","og_locale":"pt_BR","og_type":"article","og_title":"T\u00e9cnico MP\/RJ - Prova de Portugu\u00eas","og_description":"Ol\u00e1, meus caros! Tudo bem? Vim trazer minha contribui\u00e7\u00e3o para voc\u00ea que fez a prova para T\u00e9cnico do MP\/RJ, no \u00faltimo domingo, dia 01. Para quem n\u00e3o fez a prova e quer conhecer um pouco do estilo da FGV, eis uma boa oportunidade! Quero analisar de maneira geral a prova. Foram 30 quest\u00f5es relativamente simples [&hellip;]","og_url":"https:\/\/www.estrategiaconcursos.com.br\/blog\/tecnico-mprj-prova-de-portugues\/","og_site_name":"Estrat\u00e9gia Concursos","article_published_time":"2016-05-05T21:50:26+00:00","article_modified_time":"2016-05-05T23:12:06+00:00","author":"Rafaela Freitas","twitter_card":"summary_large_image","twitter_creator":"@EstratConcursos","twitter_site":"@EstratConcursos","twitter_misc":{"Escrito por":"Rafaela Freitas","Est. tempo de leitura":"5 minutos"},"schema":{"@context":"https:\/\/schema.org","@graph":[{"@type":"NewsArticle","@id":"https:\/\/www.estrategiaconcursos.com.br\/blog\/tecnico-mprj-prova-de-portugues\/#article","isPartOf":{"@id":"https:\/\/www.estrategiaconcursos.com.br\/blog\/tecnico-mprj-prova-de-portugues\/"},"author":{"name":"Rafaela Freitas","@id":"https:\/\/www.estrategiaconcursos.com.br\/blog\/#\/schema\/person\/b91f2c79fa09f992bd34e4182afb626c"},"headline":"T\u00e9cnico MP\/RJ &#8211; Prova de Portugu\u00eas","datePublished":"2016-05-05T21:50:26+00:00","dateModified":"2016-05-05T23:12:06+00:00","mainEntityOfPage":{"@id":"https:\/\/www.estrategiaconcursos.com.br\/blog\/tecnico-mprj-prova-de-portugues\/"},"wordCount":934,"commentCount":15,"publisher":{"@id":"https:\/\/www.estrategiaconcursos.com.br\/blog\/#organization"},"keywords":["MPRJ"],"articleSection":["Concursos P\u00fablicos"],"inLanguage":"pt-BR","potentialAction":[{"@type":"CommentAction","name":"Comment","target":["https:\/\/www.estrategiaconcursos.com.br\/blog\/tecnico-mprj-prova-de-portugues\/#respond"]}],"copyrightYear":"2016","copyrightHolder":{"@id":"https:\/\/www.estrategiaconcursos.com.br\/blog\/#organization"}},{"@type":"WebPage","@id":"https:\/\/www.estrategiaconcursos.com.br\/blog\/tecnico-mprj-prova-de-portugues\/","url":"https:\/\/www.estrategiaconcursos.com.br\/blog\/tecnico-mprj-prova-de-portugues\/","name":"T\u00e9cnico MP\/RJ - Prova de Portugu\u00eas","isPartOf":{"@id":"https:\/\/www.estrategiaconcursos.com.br\/blog\/#website"},"datePublished":"2016-05-05T21:50:26+00:00","dateModified":"2016-05-05T23:12:06+00:00","breadcrumb":{"@id":"https:\/\/www.estrategiaconcursos.com.br\/blog\/tecnico-mprj-prova-de-portugues\/#breadcrumb"},"inLanguage":"pt-BR","potentialAction":[{"@type":"ReadAction","target":["https:\/\/www.estrategiaconcursos.com.br\/blog\/tecnico-mprj-prova-de-portugues\/"]}]},{"@type":"BreadcrumbList","@id":"https:\/\/www.estrategiaconcursos.com.br\/blog\/tecnico-mprj-prova-de-portugues\/#breadcrumb","itemListElement":[{"@type":"ListItem","position":1,"name":"In\u00edcio","item":"https:\/\/www.estrategiaconcursos.com.br\/blog\/"},{"@type":"ListItem","position":2,"name":"T\u00e9cnico MP\/RJ &#8211; Prova de Portugu\u00eas"}]},{"@type":"WebSite","@id":"https:\/\/www.estrategiaconcursos.com.br\/blog\/#website","url":"https:\/\/www.estrategiaconcursos.com.br\/blog\/","name":"Estrat\u00e9gia Concursos","description":"O blog da Estrat\u00e9gia Concursos traz not\u00edcias sobre concursos e artigos de professores oferecendo cursos para concursos (pdf + videaulas) no site.","publisher":{"@id":"https:\/\/www.estrategiaconcursos.com.br\/blog\/#organization"},"potentialAction":[{"@type":"SearchAction","target":{"@type":"EntryPoint","urlTemplate":"https:\/\/www.estrategiaconcursos.com.br\/blog\/?s={search_term_string}"},"query-input":{"@type":"PropertyValueSpecification","valueRequired":true,"valueName":"search_term_string"}}],"inLanguage":"pt-BR"},{"@type":"Organization","@id":"https:\/\/www.estrategiaconcursos.com.br\/blog\/#organization","name":"Estrat\u00e9gia Concursos","url":"https:\/\/www.estrategiaconcursos.com.br\/blog\/","logo":{"@type":"ImageObject","inLanguage":"pt-BR","@id":"https:\/\/www.estrategiaconcursos.com.br\/blog\/#\/schema\/logo\/image\/","url":"https:\/\/dhg1h5j42swfq.cloudfront.net\/2025\/06\/03203428\/logo_concursos-1.jpg","contentUrl":"https:\/\/dhg1h5j42swfq.cloudfront.net\/2025\/06\/03203428\/logo_concursos-1.jpg","width":230,"height":60,"caption":"Estrat\u00e9gia Concursos"},"image":{"@id":"https:\/\/www.estrategiaconcursos.com.br\/blog\/#\/schema\/logo\/image\/"},"sameAs":["https:\/\/x.com\/EstratConcursos"]},{"@type":"Person","@id":"https:\/\/www.estrategiaconcursos.com.br\/blog\/#\/schema\/person\/b91f2c79fa09f992bd34e4182afb626c","name":"Rafaela Freitas","image":{"@type":"ImageObject","inLanguage":"pt-BR","@id":"https:\/\/secure.gravatar.com\/avatar\/97ece78bdb320995d343d6c012a26475a2b8b6a591c52fbbd62c62640f68911e?s=96&d=mm&r=g","url":"https:\/\/secure.gravatar.com\/avatar\/97ece78bdb320995d343d6c012a26475a2b8b6a591c52fbbd62c62640f68911e?s=96&d=mm&r=g","contentUrl":"https:\/\/secure.gravatar.com\/avatar\/97ece78bdb320995d343d6c012a26475a2b8b6a591c52fbbd62c62640f68911e?s=96&d=mm&r=g","caption":"Rafaela Freitas"},"url":"https:\/\/www.estrategiaconcursos.com.br\/blog\/author\/rafaelafreitasestrategiaconcursos-com-br\/"}]}},"_links":{"self":[{"href":"https:\/\/www.estrategiaconcursos.com.br\/blog\/wp-json\/wp\/v2\/posts\/38488","targetHints":{"allow":["GET"]}}],"collection":[{"href":"https:\/\/www.estrategiaconcursos.com.br\/blog\/wp-json\/wp\/v2\/posts"}],"about":[{"href":"https:\/\/www.estrategiaconcursos.com.br\/blog\/wp-json\/wp\/v2\/types\/post"}],"author":[{"embeddable":true,"href":"https:\/\/www.estrategiaconcursos.com.br\/blog\/wp-json\/wp\/v2\/users\/190"}],"replies":[{"embeddable":true,"href":"https:\/\/www.estrategiaconcursos.com.br\/blog\/wp-json\/wp\/v2\/comments?post=38488"}],"version-history":[{"count":4,"href":"https:\/\/www.estrategiaconcursos.com.br\/blog\/wp-json\/wp\/v2\/posts\/38488\/revisions"}],"predecessor-version":[{"id":38509,"href":"https:\/\/www.estrategiaconcursos.com.br\/blog\/wp-json\/wp\/v2\/posts\/38488\/revisions\/38509"}],"wp:attachment":[{"href":"https:\/\/www.estrategiaconcursos.com.br\/blog\/wp-json\/wp\/v2\/media?parent=38488"}],"wp:term":[{"taxonomy":"category","embeddable":true,"href":"https:\/\/www.estrategiaconcursos.com.br\/blog\/wp-json\/wp\/v2\/categories?post=38488"},{"taxonomy":"post_tag","embeddable":true,"href":"https:\/\/www.estrategiaconcursos.com.br\/blog\/wp-json\/wp\/v2\/tags?post=38488"},{"taxonomy":"tax_estado","embeddable":true,"href":"https:\/\/www.estrategiaconcursos.com.br\/blog\/wp-json\/wp\/v2\/tax_estado?post=38488"}],"curies":[{"name":"wp","href":"https:\/\/api.w.org\/{rel}","templated":true}]}}