{"id":38432,"date":"2016-05-04T18:42:23","date_gmt":"2016-05-04T21:42:23","guid":{"rendered":"http:\/\/www.estrategiaconcursos.com.br\/blog\/?p=38432"},"modified":"2016-05-04T18:42:23","modified_gmt":"2016-05-04T21:42:23","slug":"gabarito-preliminar-mprj-de-direito-da-infancia-e-da-juventude","status":"publish","type":"post","link":"https:\/\/www.estrategiaconcursos.com.br\/blog\/gabarito-preliminar-mprj-de-direito-da-infancia-e-da-juventude\/","title":{"rendered":"Gabarito preliminar MPRJ de Direito da Inf\u00e2ncia e da Juventude"},"content":{"rendered":"<p style=\"text-align: justify\">Ol\u00e1 pessoal!<\/p>\n<p style=\"text-align: justify\">Seguem os coment\u00e1rios das tr\u00eas quest\u00f5es de <strong>Direito da Inf\u00e2ncia e da Juventude<\/strong>, cobradas na prova de ANALISTA PROCESSUAL (prova Tipo 1) . <strong>Nossos alunos tevem ter pulado de alegria, pois o nosso material explorou muito bem cada um dos temas cobrados<\/strong>!<\/p>\n<p style=\"text-align: justify\">Vamos l\u00e1!<\/p>\n<p style=\"text-align: justify\"><em><strong>58. Jo\u00e3o, de forma livre e consciente, disponibilizou, por meio de publica\u00e7\u00e3o em seu site na internet, v\u00eddeo contendo cena de sexo expl\u00edcito envolvendo adolescente. De acordo com o ordenamento jur\u00eddico, Jo\u00e3o cometeu crime previsto: <\/strong><\/em><\/p>\n<p style=\"text-align: justify\"><em>(A) no Estatuto da Crian\u00e7a e do Adolescente, cuja pena \u00e9 de reclus\u00e3o de 3 (tr\u00eas) a 6 (seis) anos, e multa;<\/em><\/p>\n<p style=\"text-align: justify\"><em>(B) no Estatuto da Crian\u00e7a e do Adolescente, cuja pena \u00e9 de deten\u00e7\u00e3o de 4 (quatro) a 10 (dez) anos, e suspens\u00e3o do site;<\/em><\/p>\n<p style=\"text-align: justify\"><em>(C) no C\u00f3digo Penal por estupro, cuja pena \u00e9 de reclus\u00e3o de 6 (seis) a 12 (doze) anos, e suspens\u00e3o do site;<\/em><\/p>\n<p style=\"text-align: justify\"><em>(D) na Lei do Marco Civil da Internet, cuja pena \u00e9 de reclus\u00e3o de 4 (quatro) a 10 (dez) anos, e suspens\u00e3o do site;<\/em><\/p>\n<p style=\"text-align: justify\"><em>(E) na Lei do Marco Civil da Internet cuja pena \u00e9 de deten\u00e7\u00e3o de 3 (tr\u00eas) a 6 (seis) anos, e multa.<\/em><\/p>\n<p style=\"text-align: justify\"><u>Coment\u00e1rio<\/u>:<\/p>\n<p style=\"text-align: justify\">A banca cobrou a literalidade da norma e a maldade aqui foi ter exigido de voc\u00ea o conhecimento do tipo de pena restritiva de liberdade e respectivo <em>quantum<\/em>. As palavras-chave aqui para o reconhecimento do tipo penal foram &#8220;<span style=\"text-decoration: underline\">disponibilizou<\/span>&#8221; e &#8220;<span style=\"text-decoration: underline\">internet<\/span>&#8220;, pois elas no remetem ao tipo penal do art. 241-A do Estatuto da Crian\u00e7a e do Adolescente, conhecido como crime de divulga\u00e7\u00e3o de pornografia infantil, abaixo transcrito:<\/p>\n<p style=\"text-align: justify\"><em>Art. 241-A.\u00a0 Oferecer, trocar, <strong>disponibilizar<\/strong>, transmitir, distribuir, publicar ou divulgar por qualquer meio, inclusive por meio de <strong>sistema de inform\u00e1tica ou telem\u00e1tico<\/strong>, fotografia, <strong>v\u00eddeo<\/strong> ou outro registro que contenha cena de sexo expl\u00edcito ou pornogr\u00e1fica envolvendo crian\u00e7a ou adolescente:<\/em><\/p>\n<p style=\"text-align: justify\"><em>Pena \u2013 <strong>reclus\u00e3o, de 3 (tr\u00eas) a 6 (seis) anos, e multa.\u00a0\u00a0\u00a0<\/strong><\/em><\/p>\n<p style=\"text-align: justify\">Gabarito: <strong>Letra &#8220;A&#8221;\u00a0 <\/strong><\/p>\n<p style=\"text-align: justify\"><em><strong>59.Conselho Tutelar \u00e9 o \u00f3rg\u00e3o permanente e aut\u00f4nomo encarregado pela sociedade de zelar pelo cumprimento dos direitos da crian\u00e7a e do adolescente. Nesse contexto, de acordo com a Lei n\u00ba 8.069\/90, o Conselho Tutelar: <\/strong><\/em><\/p>\n<p style=\"text-align: justify\"><em>(A) \u00e9 composto por servidores p\u00fablicos municipais previamente aprovados em concurso p\u00fablico de provas ou de provas e t\u00edtulos, de acordo com a natureza e a complexidade do cargo;<\/em><\/p>\n<p style=\"text-align: justify\"><em>(B) \u00e9 \u00f3rg\u00e3o do Poder Judici\u00e1rio que tem por finalidade atender as crian\u00e7as e adolescentes em estado de vulnerabilidade social, aplicando medidas de prote\u00e7\u00e3o e medidas socioeducativas;<\/em><\/p>\n<p style=\"text-align: justify\"><em>(C) deve representar ao Minist\u00e9rio P\u00fablico para efeito das a\u00e7\u00f5es de perda ou suspens\u00e3o do poder familiar, ap\u00f3s esgotadas as possibilidades de manuten\u00e7\u00e3o da crian\u00e7a ou do adolescente junto \u00e0 fam\u00edlia natural;<\/em><\/p>\n<p style=\"text-align: justify\"><em>(D) deve, com a pr\u00e9via autoriza\u00e7\u00e3o do Minist\u00e9rio P\u00fablico, dispor sobre a participa\u00e7\u00e3o de crian\u00e7a e adolescente em espet\u00e1culos p\u00fablicos e seus ensaios, bem como em certames de beleza, em sua \u00e1rea territorial;<\/em><\/p>\n<p style=\"text-align: justify\"><em>(E) deve disciplinar, atrav\u00e9s de portaria, ou autorizar, mediante alvar\u00e1, a entrada e perman\u00eancia de crian\u00e7a ou adolescente, desacompanhado dos pais ou respons\u00e1vel, em boate, est\u00e1dio, gin\u00e1sio e estabelecimentos cong\u00eaneres.<\/em><\/p>\n<p style=\"text-align: justify\"><u>Coment\u00e1rio<\/u>:<\/p>\n<p style=\"text-align: justify\">Aqui a banca cobrou tamb\u00e9m a literalidade do ECA. Vamos aos itens:<\/p>\n<p style=\"text-align: justify\">Item A &#8211; Errado, segundo o que estabelece o art. 132 do ECA, em cada Munic\u00edpio e em cada Regi\u00e3o Administrativa do Distrito Federal haver\u00e1, no m\u00ednimo, 1 (um) Conselho Tutelar como \u00f3rg\u00e3o integrante da administra\u00e7\u00e3o p\u00fablica local, composto de 5 (cinco) membros, <strong>escolhidos pela popula\u00e7\u00e3o local<\/strong> para mandato de 4 (quatro) anos, permitida 1 (uma) recondu\u00e7\u00e3o, mediante novo processo de escolha.<\/p>\n<p style=\"text-align: justify\">De acordo com o art. 133 do ECA, para a candidatura a membro do Conselho Tutelar, ser\u00e3o exigidos os seguintes requisitos: \u00a0reconhecida idoneidade moral; \u00a0idade superior a vinte e um anos; residir no munic\u00edpio. Os Conselhso Tutelares <strong>N\u00c3O S\u00c3O<\/strong>, portanto, compostos por servidores p\u00fablicos.<\/p>\n<p style=\"text-align: justify\">Item B &#8211; Errado. O Conselho Tutelar n\u00e3o \u00e9 \u00f3rg\u00e3o do Poder Judici\u00e1rio. Segundo o art. 131 do ECA, o Conselho Tutelar \u00e9 \u00f3rg\u00e3o permanente e aut\u00f4nomo, <strong>n\u00e3o jurisdicional<\/strong>, encarregado pela sociedade de zelar pelo cumprimento dos direitos da crian\u00e7a e do adolescente, definidos nesta Lei.<\/p>\n<p style=\"text-align: justify\">Item C &#8211; Cert\u00edssimo! O Conselho Tutelar, segundo o que disp\u00f5e o art. 136, inciso XI, deve representar ao Minist\u00e9rio P\u00fablico para efeito das a\u00e7\u00f5es de perda ou suspens\u00e3o do poder familiar, ap\u00f3s esgotadas as possibilidades de manuten\u00e7\u00e3o da crian\u00e7a ou do adolescente junto \u00e0 fam\u00edlia natural;<\/p>\n<p style=\"text-align: justify\">Itens D e E &#8211; Essas s\u00e3o compet\u00eancias da <strong>autoridade judici\u00e1ria competente<\/strong>, e n\u00e3o do Conselho Tutelar (art. 149, caput e incisos I e II).<\/p>\n<p style=\"text-align: justify\">Gabarito: <strong>Letra &#8220;C&#8221;\u00a0 <\/strong><\/p>\n<p style=\"text-align: justify\"><em><strong>60.Pablo, adolescente de 15 (quinze) anos, subtraiu para si uma bolsa contendo documentos pessoais, aparelho de telefone celular e dinheiro em esp\u00e9cie da idosa Joana, em via p\u00fablica, no Centro do Rio de Janeiro, mediante grave amea\u00e7a pelo emprego de arma de fogo e viol\u00eancia consistente em uma coronhada na cabe\u00e7a da v\u00edtima. Policiais Militares foram alertados e, ap\u00f3s dilig\u00eancia que durou uma hora, encontraram o menor com os objetos da v\u00edtima e com a arma de fogo. O menor foi levado \u00e0 delegacia, onde foram adotadas as medidas de praxe, inclusive sendo juntado documento informando que o adolescente j\u00e1 cometera outros tr\u00eas atos il\u00edcitos nas mesmas circunst\u00e2ncias. Ao receber o procedimento e cumpridas as formalidades legais, o Promotor de Justi\u00e7a da Inf\u00e2ncia e Juventude dever\u00e1: <\/strong><\/em><\/p>\n<p style=\"text-align: justify\"><em>(A) oferecer den\u00fancia em face de Pablo e requerer sua pris\u00e3o preventiva;<\/em><\/p>\n<p style=\"text-align: justify\"><em>(B) oferecer den\u00fancia em face de Pablo e requerer o relaxamento de sua pris\u00e3o em flagrante;<\/em><\/p>\n<p style=\"text-align: justify\"><em>(C) oferecer representa\u00e7\u00e3o pela pr\u00e1tica de ato infracional em face de Pablo e requerer sua pris\u00e3o preventiva;<\/em><\/p>\n<p style=\"text-align: justify\"><em>(D) oferecer representa\u00e7\u00e3o pela pr\u00e1tica de ato infracional em face de Pablo e requerer sua interna\u00e7\u00e3o provis\u00f3ria;<\/em><\/p>\n<p style=\"text-align: justify\"><em>(E) conceder remiss\u00e3o a Pablo e determinar seu encaminhamento para cumprimento de medida protetiva.<\/em><\/p>\n<p style=\"text-align: justify\"><u>Coment\u00e1rio<\/u>:<\/p>\n<p style=\"text-align: justify\">De acordo com a situa\u00e7\u00e3o hipot\u00e9tica narrada pela quest\u00e3o, conclui-se que o adolescente praticou ato infracional similar ao crime de roubo, tipificado no art. 157 do C\u00f3digo Penal. O adolescente, reincidente em atos infracionais, foi preso em flagrante e encaminhado \u00e0 autoridade policial.<\/p>\n<p style=\"text-align: justify\">Pois bem, em obedi\u00eancia \u00e0s regras emanadas pelos art.s 173 a 179 do ECA, que disp\u00f5em sobre o procedimento de apura\u00e7\u00e3o de ato infracional praticado por adolescente, Pablo dever\u00e1 ser encaminhado ao representante do Minist\u00e9rio P\u00fablico competente, ou seja, ao Promotor de Justi\u00e7a da Inf\u00e2ncia e da Juventude.<\/p>\n<p style=\"text-align: justify\">Em respeito aos ditames do art. 180 do Estatuto, o referido Promotor de Justi\u00e7a P\u00fablico poder\u00e1: promover o arquivamento dos autos; conceder a remiss\u00e3o; ou <span style=\"text-decoration: underline\">representar \u00e0 autoridade judici\u00e1ria para aplica\u00e7\u00e3o de medida socioeducativa<\/span>.<\/p>\n<p style=\"text-align: justify\">Assim, conclui-se que, das op\u00e7\u00f5es de resposta, apenas a letra &#8220;D&#8221; \u00e9 a que traz o correto procedimento. A interna\u00e7\u00e3o provis\u00f3ria \u00e9 prevista no art. 108, pode ser decretada antes da senten\u00e7a, tem prazo m\u00e1ximo de 45 dias e a decis\u00e3o pela sua aplica\u00e7\u00e3o dever\u00e1 ser fundamentada e basear-se em ind\u00edcios suficientes de autoria e materialidade, demonstrada a necessidade imperiosa da medida. Como o ato infracional foi praticado contra pessoa idosa, mediante grave amea\u00e7a pelo emprego de arma de fogo e viol\u00eancia consistente em uma coronhada na cabe\u00e7a da v\u00edtima, essa esp\u00e9cie de interna\u00e7\u00e3o \u00e9 medida perfeitamente aplic\u00e1vel para o caso.<\/p>\n<p style=\"text-align: justify\">Os itens A, B e C trazem, de forma equivocada, a \u00a0possibilidade de o Promotor requerer pris\u00e3o em flagrante e pris\u00e3o preventiva para Pablo, pois n\u00e3o h\u00e1 previs\u00e3o legal para pris\u00e3o de adolescentes que cometem atos infracionais. O item E fala em medida protetiva, n\u00e3o cab\u00edvel, segundo o ECA, para adolescentes apanhados em flagrante de pr\u00e1tica de ato infracional.<\/p>\n<p style=\"text-align: justify\">Gabarito:<strong> Letra &#8220;D&#8221;<\/strong><\/p>\n<p style=\"text-align: justify\"><strong>CONCLUS\u00c3O: N\u00e3o\u00a0 contemplo possibilidade de recursos para nenhuma delas!<\/strong><\/p>\n<p style=\"text-align: justify\">Bom, \u00e9 isso! Estou na torcida por voc\u00eas!<\/p>\n<p><span style=\"color: #000000\">E se quiser falar comigo, <strong>tirar d\u00favidas<\/strong> e ter <strong>acesso a dicas e conte\u00fados gratuitos<\/strong>, acesse nossas redes sociais:<\/span><\/p>\n<p><a href=\"https:\/\/www.facebook.com\/ProfMarcosGirao\" target=\"_blank\">Fanpage do Prof. Marcos Gir\u00e3o<\/a><\/p>\n<p><a href=\"https:\/\/www.youtube.com\/channel\/UCsjAzxopmLjgmxkeR1Lo6wQ\" target=\"_blank\">Canal do Youtube &#8211; Prof. Marcos Gir\u00e3o<\/a><\/p>\n<p><a href=\"http:\/\/www.periscope.tv\/prof_marcos_girao\" target=\"_blank\">Periscope &#8211; Prof. Marcos Gir\u00e3o<\/a><\/p>\n<p>Grande abra\u00e7o e bons estudos!<\/p>\n","protected":false},"excerpt":{"rendered":"<p>Ol\u00e1 pessoal! Seguem os coment\u00e1rios das tr\u00eas quest\u00f5es de Direito da Inf\u00e2ncia e da Juventude, cobradas na prova de ANALISTA PROCESSUAL (prova Tipo 1) . Nossos alunos tevem ter pulado de alegria, pois o nosso material explorou muito bem cada um dos temas cobrados! Vamos l\u00e1! 58. Jo\u00e3o, de forma livre e consciente, disponibilizou, por [&hellip;]<\/p>\n","protected":false},"author":248,"featured_media":0,"comment_status":"open","ping_status":"open","sticky":false,"template":"","format":"standard","meta":{"post_tipo":"article","footnotes":""},"categories":[1],"tags":[1711,1119,1710,624],"tax_estado":[],"class_list":["post-38432","post","type-post","status-publish","format-standard","hentry","category-cursos-e-concursos","tag-direito-da-infancia-e-da-juventude","tag-eca","tag-gabarito-preliminar","tag-mprj"],"acf":[],"yoast_head":"<!-- This site is optimized with the Yoast SEO Premium plugin v27.2 (Yoast SEO v27.2) - https:\/\/yoast.com\/product\/yoast-seo-premium-wordpress\/ -->\n<title>Gabarito preliminar MPRJ de Direito da Inf\u00e2ncia e da Juventude<\/title>\n<meta name=\"robots\" content=\"index, follow, max-snippet:-1, max-image-preview:large, max-video-preview:-1\" \/>\n<link rel=\"canonical\" href=\"https:\/\/www.estrategiaconcursos.com.br\/blog\/gabarito-preliminar-mprj-de-direito-da-infancia-e-da-juventude\/\" \/>\n<meta property=\"og:locale\" content=\"pt_BR\" \/>\n<meta property=\"og:type\" content=\"article\" \/>\n<meta property=\"og:title\" content=\"Gabarito preliminar MPRJ de Direito da Inf\u00e2ncia e da Juventude\" \/>\n<meta property=\"og:description\" content=\"Ol\u00e1 pessoal! Seguem os coment\u00e1rios das tr\u00eas quest\u00f5es de Direito da Inf\u00e2ncia e da Juventude, cobradas na prova de ANALISTA PROCESSUAL (prova Tipo 1) . Nossos alunos tevem ter pulado de alegria, pois o nosso material explorou muito bem cada um dos temas cobrados! Vamos l\u00e1! 58. Jo\u00e3o, de forma livre e consciente, disponibilizou, por [&hellip;]\" \/>\n<meta property=\"og:url\" content=\"https:\/\/www.estrategiaconcursos.com.br\/blog\/gabarito-preliminar-mprj-de-direito-da-infancia-e-da-juventude\/\" \/>\n<meta property=\"og:site_name\" content=\"Estrat\u00e9gia Concursos\" \/>\n<meta property=\"article:published_time\" content=\"2016-05-04T21:42:23+00:00\" \/>\n<meta name=\"author\" content=\"Marcos Gir\u00e3o\" \/>\n<meta name=\"twitter:card\" content=\"summary_large_image\" \/>\n<meta name=\"twitter:creator\" content=\"@EstratConcursos\" \/>\n<meta name=\"twitter:site\" content=\"@EstratConcursos\" \/>\n<meta name=\"twitter:label1\" content=\"Escrito por\" \/>\n\t<meta name=\"twitter:data1\" content=\"Marcos Gir\u00e3o\" \/>\n\t<meta name=\"twitter:label2\" content=\"Est. tempo de leitura\" \/>\n\t<meta name=\"twitter:data2\" content=\"7 minutos\" \/>\n<script type=\"application\/ld+json\" class=\"yoast-schema-graph\">{\"@context\":\"https:\/\/schema.org\",\"@graph\":[{\"@type\":\"NewsArticle\",\"@id\":\"https:\/\/www.estrategiaconcursos.com.br\/blog\/gabarito-preliminar-mprj-de-direito-da-infancia-e-da-juventude\/#article\",\"isPartOf\":{\"@id\":\"https:\/\/www.estrategiaconcursos.com.br\/blog\/gabarito-preliminar-mprj-de-direito-da-infancia-e-da-juventude\/\"},\"author\":{\"name\":\"Marcos Gir\u00e3o\",\"@id\":\"https:\/\/www.estrategiaconcursos.com.br\/blog\/#\/schema\/person\/6be195b7a02a8ca214472b848686bb37\"},\"headline\":\"Gabarito preliminar MPRJ de Direito da Inf\u00e2ncia e da Juventude\",\"datePublished\":\"2016-05-04T21:42:23+00:00\",\"mainEntityOfPage\":{\"@id\":\"https:\/\/www.estrategiaconcursos.com.br\/blog\/gabarito-preliminar-mprj-de-direito-da-infancia-e-da-juventude\/\"},\"wordCount\":1430,\"commentCount\":0,\"publisher\":{\"@id\":\"https:\/\/www.estrategiaconcursos.com.br\/blog\/#organization\"},\"keywords\":[\"direito da inf\u00e2ncia e da juventude\",\"ECA\",\"gabarito preliminar\",\"MPRJ\"],\"articleSection\":[\"Concursos P\u00fablicos\"],\"inLanguage\":\"pt-BR\",\"potentialAction\":[{\"@type\":\"CommentAction\",\"name\":\"Comment\",\"target\":[\"https:\/\/www.estrategiaconcursos.com.br\/blog\/gabarito-preliminar-mprj-de-direito-da-infancia-e-da-juventude\/#respond\"]}],\"copyrightYear\":\"2016\",\"copyrightHolder\":{\"@id\":\"https:\/\/www.estrategiaconcursos.com.br\/blog\/#organization\"}},{\"@type\":\"WebPage\",\"@id\":\"https:\/\/www.estrategiaconcursos.com.br\/blog\/gabarito-preliminar-mprj-de-direito-da-infancia-e-da-juventude\/\",\"url\":\"https:\/\/www.estrategiaconcursos.com.br\/blog\/gabarito-preliminar-mprj-de-direito-da-infancia-e-da-juventude\/\",\"name\":\"Gabarito preliminar MPRJ de Direito da Inf\u00e2ncia e da Juventude\",\"isPartOf\":{\"@id\":\"https:\/\/www.estrategiaconcursos.com.br\/blog\/#website\"},\"datePublished\":\"2016-05-04T21:42:23+00:00\",\"breadcrumb\":{\"@id\":\"https:\/\/www.estrategiaconcursos.com.br\/blog\/gabarito-preliminar-mprj-de-direito-da-infancia-e-da-juventude\/#breadcrumb\"},\"inLanguage\":\"pt-BR\",\"potentialAction\":[{\"@type\":\"ReadAction\",\"target\":[\"https:\/\/www.estrategiaconcursos.com.br\/blog\/gabarito-preliminar-mprj-de-direito-da-infancia-e-da-juventude\/\"]}]},{\"@type\":\"BreadcrumbList\",\"@id\":\"https:\/\/www.estrategiaconcursos.com.br\/blog\/gabarito-preliminar-mprj-de-direito-da-infancia-e-da-juventude\/#breadcrumb\",\"itemListElement\":[{\"@type\":\"ListItem\",\"position\":1,\"name\":\"In\u00edcio\",\"item\":\"https:\/\/www.estrategiaconcursos.com.br\/blog\/\"},{\"@type\":\"ListItem\",\"position\":2,\"name\":\"Gabarito preliminar MPRJ de Direito da Inf\u00e2ncia e da Juventude\"}]},{\"@type\":\"WebSite\",\"@id\":\"https:\/\/www.estrategiaconcursos.com.br\/blog\/#website\",\"url\":\"https:\/\/www.estrategiaconcursos.com.br\/blog\/\",\"name\":\"Estrat\u00e9gia Concursos\",\"description\":\"O blog da Estrat\u00e9gia Concursos traz not\u00edcias sobre concursos e artigos de professores oferecendo cursos para concursos (pdf + videaulas) no site.\",\"publisher\":{\"@id\":\"https:\/\/www.estrategiaconcursos.com.br\/blog\/#organization\"},\"potentialAction\":[{\"@type\":\"SearchAction\",\"target\":{\"@type\":\"EntryPoint\",\"urlTemplate\":\"https:\/\/www.estrategiaconcursos.com.br\/blog\/?s={search_term_string}\"},\"query-input\":{\"@type\":\"PropertyValueSpecification\",\"valueRequired\":true,\"valueName\":\"search_term_string\"}}],\"inLanguage\":\"pt-BR\"},{\"@type\":\"Organization\",\"@id\":\"https:\/\/www.estrategiaconcursos.com.br\/blog\/#organization\",\"name\":\"Estrat\u00e9gia Concursos\",\"url\":\"https:\/\/www.estrategiaconcursos.com.br\/blog\/\",\"logo\":{\"@type\":\"ImageObject\",\"inLanguage\":\"pt-BR\",\"@id\":\"https:\/\/www.estrategiaconcursos.com.br\/blog\/#\/schema\/logo\/image\/\",\"url\":\"https:\/\/dhg1h5j42swfq.cloudfront.net\/2025\/06\/03203428\/logo_concursos-1.jpg\",\"contentUrl\":\"https:\/\/dhg1h5j42swfq.cloudfront.net\/2025\/06\/03203428\/logo_concursos-1.jpg\",\"width\":230,\"height\":60,\"caption\":\"Estrat\u00e9gia Concursos\"},\"image\":{\"@id\":\"https:\/\/www.estrategiaconcursos.com.br\/blog\/#\/schema\/logo\/image\/\"},\"sameAs\":[\"https:\/\/x.com\/EstratConcursos\"]},{\"@type\":\"Person\",\"@id\":\"https:\/\/www.estrategiaconcursos.com.br\/blog\/#\/schema\/person\/6be195b7a02a8ca214472b848686bb37\",\"name\":\"Marcos Gir\u00e3o\",\"image\":{\"@type\":\"ImageObject\",\"inLanguage\":\"pt-BR\",\"@id\":\"https:\/\/secure.gravatar.com\/avatar\/ac5b9a36e2c99a8280e07b5763e3b764471d5b861c47521bfd2edffdfbb06fbd?s=96&d=mm&r=g\",\"url\":\"https:\/\/secure.gravatar.com\/avatar\/ac5b9a36e2c99a8280e07b5763e3b764471d5b861c47521bfd2edffdfbb06fbd?s=96&d=mm&r=g\",\"contentUrl\":\"https:\/\/secure.gravatar.com\/avatar\/ac5b9a36e2c99a8280e07b5763e3b764471d5b861c47521bfd2edffdfbb06fbd?s=96&d=mm&r=g\",\"caption\":\"Marcos Gir\u00e3o\"},\"url\":\"https:\/\/www.estrategiaconcursos.com.br\/blog\/author\/marcosgiraoestrategiaconcursos-com-br\/\"}]}<\/script>\n<!-- \/ Yoast SEO Premium plugin. -->","yoast_head_json":{"title":"Gabarito preliminar MPRJ de Direito da Inf\u00e2ncia e da Juventude","robots":{"index":"index","follow":"follow","max-snippet":"max-snippet:-1","max-image-preview":"max-image-preview:large","max-video-preview":"max-video-preview:-1"},"canonical":"https:\/\/www.estrategiaconcursos.com.br\/blog\/gabarito-preliminar-mprj-de-direito-da-infancia-e-da-juventude\/","og_locale":"pt_BR","og_type":"article","og_title":"Gabarito preliminar MPRJ de Direito da Inf\u00e2ncia e da Juventude","og_description":"Ol\u00e1 pessoal! Seguem os coment\u00e1rios das tr\u00eas quest\u00f5es de Direito da Inf\u00e2ncia e da Juventude, cobradas na prova de ANALISTA PROCESSUAL (prova Tipo 1) . Nossos alunos tevem ter pulado de alegria, pois o nosso material explorou muito bem cada um dos temas cobrados! Vamos l\u00e1! 58. Jo\u00e3o, de forma livre e consciente, disponibilizou, por [&hellip;]","og_url":"https:\/\/www.estrategiaconcursos.com.br\/blog\/gabarito-preliminar-mprj-de-direito-da-infancia-e-da-juventude\/","og_site_name":"Estrat\u00e9gia Concursos","article_published_time":"2016-05-04T21:42:23+00:00","author":"Marcos Gir\u00e3o","twitter_card":"summary_large_image","twitter_creator":"@EstratConcursos","twitter_site":"@EstratConcursos","twitter_misc":{"Escrito por":"Marcos Gir\u00e3o","Est. tempo de leitura":"7 minutos"},"schema":{"@context":"https:\/\/schema.org","@graph":[{"@type":"NewsArticle","@id":"https:\/\/www.estrategiaconcursos.com.br\/blog\/gabarito-preliminar-mprj-de-direito-da-infancia-e-da-juventude\/#article","isPartOf":{"@id":"https:\/\/www.estrategiaconcursos.com.br\/blog\/gabarito-preliminar-mprj-de-direito-da-infancia-e-da-juventude\/"},"author":{"name":"Marcos Gir\u00e3o","@id":"https:\/\/www.estrategiaconcursos.com.br\/blog\/#\/schema\/person\/6be195b7a02a8ca214472b848686bb37"},"headline":"Gabarito preliminar MPRJ de Direito da Inf\u00e2ncia e da Juventude","datePublished":"2016-05-04T21:42:23+00:00","mainEntityOfPage":{"@id":"https:\/\/www.estrategiaconcursos.com.br\/blog\/gabarito-preliminar-mprj-de-direito-da-infancia-e-da-juventude\/"},"wordCount":1430,"commentCount":0,"publisher":{"@id":"https:\/\/www.estrategiaconcursos.com.br\/blog\/#organization"},"keywords":["direito da inf\u00e2ncia e da juventude","ECA","gabarito preliminar","MPRJ"],"articleSection":["Concursos P\u00fablicos"],"inLanguage":"pt-BR","potentialAction":[{"@type":"CommentAction","name":"Comment","target":["https:\/\/www.estrategiaconcursos.com.br\/blog\/gabarito-preliminar-mprj-de-direito-da-infancia-e-da-juventude\/#respond"]}],"copyrightYear":"2016","copyrightHolder":{"@id":"https:\/\/www.estrategiaconcursos.com.br\/blog\/#organization"}},{"@type":"WebPage","@id":"https:\/\/www.estrategiaconcursos.com.br\/blog\/gabarito-preliminar-mprj-de-direito-da-infancia-e-da-juventude\/","url":"https:\/\/www.estrategiaconcursos.com.br\/blog\/gabarito-preliminar-mprj-de-direito-da-infancia-e-da-juventude\/","name":"Gabarito preliminar MPRJ de Direito da Inf\u00e2ncia e da Juventude","isPartOf":{"@id":"https:\/\/www.estrategiaconcursos.com.br\/blog\/#website"},"datePublished":"2016-05-04T21:42:23+00:00","breadcrumb":{"@id":"https:\/\/www.estrategiaconcursos.com.br\/blog\/gabarito-preliminar-mprj-de-direito-da-infancia-e-da-juventude\/#breadcrumb"},"inLanguage":"pt-BR","potentialAction":[{"@type":"ReadAction","target":["https:\/\/www.estrategiaconcursos.com.br\/blog\/gabarito-preliminar-mprj-de-direito-da-infancia-e-da-juventude\/"]}]},{"@type":"BreadcrumbList","@id":"https:\/\/www.estrategiaconcursos.com.br\/blog\/gabarito-preliminar-mprj-de-direito-da-infancia-e-da-juventude\/#breadcrumb","itemListElement":[{"@type":"ListItem","position":1,"name":"In\u00edcio","item":"https:\/\/www.estrategiaconcursos.com.br\/blog\/"},{"@type":"ListItem","position":2,"name":"Gabarito preliminar MPRJ de Direito da Inf\u00e2ncia e da Juventude"}]},{"@type":"WebSite","@id":"https:\/\/www.estrategiaconcursos.com.br\/blog\/#website","url":"https:\/\/www.estrategiaconcursos.com.br\/blog\/","name":"Estrat\u00e9gia Concursos","description":"O blog da Estrat\u00e9gia Concursos traz not\u00edcias sobre concursos e artigos de professores oferecendo cursos para concursos (pdf + videaulas) no site.","publisher":{"@id":"https:\/\/www.estrategiaconcursos.com.br\/blog\/#organization"},"potentialAction":[{"@type":"SearchAction","target":{"@type":"EntryPoint","urlTemplate":"https:\/\/www.estrategiaconcursos.com.br\/blog\/?s={search_term_string}"},"query-input":{"@type":"PropertyValueSpecification","valueRequired":true,"valueName":"search_term_string"}}],"inLanguage":"pt-BR"},{"@type":"Organization","@id":"https:\/\/www.estrategiaconcursos.com.br\/blog\/#organization","name":"Estrat\u00e9gia Concursos","url":"https:\/\/www.estrategiaconcursos.com.br\/blog\/","logo":{"@type":"ImageObject","inLanguage":"pt-BR","@id":"https:\/\/www.estrategiaconcursos.com.br\/blog\/#\/schema\/logo\/image\/","url":"https:\/\/dhg1h5j42swfq.cloudfront.net\/2025\/06\/03203428\/logo_concursos-1.jpg","contentUrl":"https:\/\/dhg1h5j42swfq.cloudfront.net\/2025\/06\/03203428\/logo_concursos-1.jpg","width":230,"height":60,"caption":"Estrat\u00e9gia Concursos"},"image":{"@id":"https:\/\/www.estrategiaconcursos.com.br\/blog\/#\/schema\/logo\/image\/"},"sameAs":["https:\/\/x.com\/EstratConcursos"]},{"@type":"Person","@id":"https:\/\/www.estrategiaconcursos.com.br\/blog\/#\/schema\/person\/6be195b7a02a8ca214472b848686bb37","name":"Marcos Gir\u00e3o","image":{"@type":"ImageObject","inLanguage":"pt-BR","@id":"https:\/\/secure.gravatar.com\/avatar\/ac5b9a36e2c99a8280e07b5763e3b764471d5b861c47521bfd2edffdfbb06fbd?s=96&d=mm&r=g","url":"https:\/\/secure.gravatar.com\/avatar\/ac5b9a36e2c99a8280e07b5763e3b764471d5b861c47521bfd2edffdfbb06fbd?s=96&d=mm&r=g","contentUrl":"https:\/\/secure.gravatar.com\/avatar\/ac5b9a36e2c99a8280e07b5763e3b764471d5b861c47521bfd2edffdfbb06fbd?s=96&d=mm&r=g","caption":"Marcos Gir\u00e3o"},"url":"https:\/\/www.estrategiaconcursos.com.br\/blog\/author\/marcosgiraoestrategiaconcursos-com-br\/"}]}},"_links":{"self":[{"href":"https:\/\/www.estrategiaconcursos.com.br\/blog\/wp-json\/wp\/v2\/posts\/38432","targetHints":{"allow":["GET"]}}],"collection":[{"href":"https:\/\/www.estrategiaconcursos.com.br\/blog\/wp-json\/wp\/v2\/posts"}],"about":[{"href":"https:\/\/www.estrategiaconcursos.com.br\/blog\/wp-json\/wp\/v2\/types\/post"}],"author":[{"embeddable":true,"href":"https:\/\/www.estrategiaconcursos.com.br\/blog\/wp-json\/wp\/v2\/users\/248"}],"replies":[{"embeddable":true,"href":"https:\/\/www.estrategiaconcursos.com.br\/blog\/wp-json\/wp\/v2\/comments?post=38432"}],"version-history":[{"count":5,"href":"https:\/\/www.estrategiaconcursos.com.br\/blog\/wp-json\/wp\/v2\/posts\/38432\/revisions"}],"predecessor-version":[{"id":38444,"href":"https:\/\/www.estrategiaconcursos.com.br\/blog\/wp-json\/wp\/v2\/posts\/38432\/revisions\/38444"}],"wp:attachment":[{"href":"https:\/\/www.estrategiaconcursos.com.br\/blog\/wp-json\/wp\/v2\/media?parent=38432"}],"wp:term":[{"taxonomy":"category","embeddable":true,"href":"https:\/\/www.estrategiaconcursos.com.br\/blog\/wp-json\/wp\/v2\/categories?post=38432"},{"taxonomy":"post_tag","embeddable":true,"href":"https:\/\/www.estrategiaconcursos.com.br\/blog\/wp-json\/wp\/v2\/tags?post=38432"},{"taxonomy":"tax_estado","embeddable":true,"href":"https:\/\/www.estrategiaconcursos.com.br\/blog\/wp-json\/wp\/v2\/tax_estado?post=38432"}],"curies":[{"name":"wp","href":"https:\/\/api.w.org\/{rel}","templated":true}]}}