{"id":383870,"date":"2019-06-06T05:00:18","date_gmt":"2019-06-06T08:00:18","guid":{"rendered":"https:\/\/www.estrategiaconcursos.com.br\/blog\/?p=383870"},"modified":"2023-05-23T10:43:02","modified_gmt":"2023-05-23T13:43:02","slug":"concurso-sedest-resultado-prova-objetiva","status":"publish","type":"post","link":"https:\/\/www.estrategiaconcursos.com.br\/blog\/concurso-sedest-resultado-prova-objetiva\/","title":{"rendered":"Concurso SEDEST DF: divulgado resultado preliminar da prova objetiva"},"content":{"rendered":"\n<p>A Secretaria de Estado do Desenvolvimento Social do Distrito Federal disponibilizou nesta semana os resultados preliminares das provas objetivas para os cargos <strong>Especialista em Assist\u00eancia Social \u2013 Educador Social<\/strong> e <strong>T\u00e9cnico em Assist\u00eancia Social<\/strong>.<\/p>\n\n\n\n<p><em><strong>Prova objetiva:<\/strong><\/em><\/p>\n\n\n\n<p>Conhecimentos B\u00e1sicos (20 quest\u00f5es \u2013 peso 2):<\/p>\n\n\n\n<ul class=\"wp-block-list\">\n<li>L\u00edngua Portuguesa;<\/li>\n\n\n\n<li>Atualidades;<\/li>\n\n\n\n<li>Direito Constitucional; e<\/li>\n\n\n\n<li>Direito Administrativo e Assist\u00eancia social.<\/li>\n<\/ul>\n\n\n\n<p>Conhecimentos Espec\u00edficos (30 quest\u00f5es \u2013 peso 2).<\/p>\n\n\n\n<h3 class=\"wp-block-heading\" id=\"h-etapas-do-concurso-sedest\">Etapas do Concurso Sedest <\/h3>\n\n\n\n<p>Ap\u00f3s esta primeira etapa do certame composta de prova objetiva, os candidatos ser\u00e3o submetidos as pr\u00f3ximas etapas do concurso p\u00fablico. <em><strong>Confira a seguir:<\/strong><\/em><\/p>\n\n\n\n<p><strong>2.\u00aa Etapa:&nbsp;<\/strong>Avalia\u00e7\u00e3o Psicol\u00f3gica (eliminat\u00f3rio);<br \/><strong>3.\u00aa Etapa:&nbsp;<\/strong>Sindic\u00e2ncia de Vida Pregressa e Investiga\u00e7\u00e3o Social (eliminat\u00f3rio).<\/p>\n\n\n\n<h2 class=\"wp-block-heading\" id=\"h-cargos\">Cargos <\/h2>\n\n\n\n<p>Os cargos ofertados aos candidatos s\u00e3o para T\u00e9cnico em Assist\u00eancia Social nas especialidades Agente Social e Cuidador Social. <\/p>\n\n\n\n<p>O&nbsp;<strong>Concurso Sedest<\/strong> oferta 1.884 vagas para diversos cargos de n\u00edvel m\u00e9dio e superior, sendo<strong>&nbsp;314 vagas<\/strong>&nbsp;<strong>imediatas&nbsp;<\/strong>mais&nbsp;<strong>1.570<\/strong>&nbsp;<strong>para cadastro de reserva<\/strong>:<\/p>\n\n\n\n<h3 class=\"wp-block-heading\" id=\"h-nivel-medio\">  N\u00edvel m\u00e9dio <\/h3>\n\n\n\n<ul class=\"wp-block-list\">\n<li><strong>T\u00e9cnico em Assist\u00eancia Social:&nbsp;<\/strong>17 vagas + 85 CR<\/li>\n\n\n\n<li><strong>T\u00e9cnico em Assist\u00eancia Social \u2013 Agente Social:&nbsp;<\/strong>100 vagas + 500 CR<\/li>\n\n\n\n<li><strong>T\u00e9cnico em Assist\u00eancia Social \u2013 Cuidador Social:&nbsp;<\/strong>10 vagas + 50 CR<\/li>\n<\/ul>\n\n\n\n<h3 class=\"wp-block-heading\" id=\"h-nivel-superior\">&nbsp;N\u00edvel superior<\/h3>\n\n\n\n<ul class=\"wp-block-list\">\n<li><strong>Especialista em Assist\u00eancia Social \u2013 Educador Social:<\/strong>&nbsp;18 vagas + 90 CR<\/li>\n\n\n\n<li><strong>Especialista em Assist\u00eancia Social \u2013 Direito e Legisla\u00e7\u00e3o:<\/strong>&nbsp;10 vagas + 50 CR<\/li>\n\n\n\n<li><strong>Especialista em Assist\u00eancia Social \u2013 Pedagogia:<\/strong>&nbsp;8 vagas + 40 CR<\/li>\n\n\n\n<li><strong>Especialista em Assist\u00eancia Social \u2013 Psicologia:<\/strong>&nbsp;49 vagas + 245 CR<\/li>\n\n\n\n<li><strong>Especialista em Assist\u00eancia Social \u2013 Servi\u00e7o Social:<\/strong>&nbsp;83 vagas + 415 CR<\/li>\n\n\n\n<li><strong>Especialista em Assist\u00eancia Social \u2013 Administra\u00e7\u00e3o:<\/strong>&nbsp;3 vagas + 15 CR<\/li>\n\n\n\n<li><strong>Especialista em Assist\u00eancia Social \u2013 Ci\u00eancias Cont\u00e1beis:<\/strong>&nbsp;3 vagas + 15 CR<\/li>\n\n\n\n<li><strong>Especialista em Assist\u00eancia Social \u2013 Comunica\u00e7\u00e3o Social:<\/strong>&nbsp;2 vagas + 10 CR<\/li>\n\n\n\n<li><strong>Especialista em Assist\u00eancia Social \u2013 Economia:<\/strong>&nbsp;3 vagas + 15 CR<\/li>\n\n\n\n<li><strong>Especialista em Assist\u00eancia Social \u2013 Estat\u00edstica:<\/strong>&nbsp;3 vagas + 15 CR<\/li>\n\n\n\n<li><strong>Especialista em Assist\u00eancia Social \u2013 Nutri\u00e7\u00e3o:<\/strong>&nbsp;5 vagas + 25 CR<\/li>\n<\/ul>\n\n\n\n<p style=\"font-size:clamp(14px, 0.875rem + ((1vw - 3.2px) * 0.392), 18px);px\"><em>Confira abaixo o resultado da preliminar da prova objetiva: <\/em><\/p>\n\n\n\n<p class=\"has-text-align-center has-very-light-gray-background-color has-background\" style=\"font-size:clamp(15.197px, 0.95rem + ((1vw - 3.2px) * 0.765), 23px);px\"><strong>Baixe o resultado preliminar<\/strong><\/p>\n\n\n\n<ul class=\"wp-block-list\">\n<li><strong><a rel=\"noreferrer noopener\" aria-label=\"T\u00e9cnico Administrativo: clique aqui! (abre numa nova aba)\" href=\"https:\/\/dhg1h5j42swfq.cloudfront.net\/2019\/06\/07073553\/SEDEST-T%C3%89CNICO-ADMINISTRATIVO.pdf\" target=\"_blank\">T\u00e9cnico em Assist\u00eancia Social:<\/a><\/strong><a rel=\"noreferrer noopener\" aria-label=\"T\u00e9cnico Administrativo: clique aqui! (abre numa nova aba)\" href=\"https:\/\/dhg1h5j42swfq.cloudfront.net\/2019\/06\/07073553\/SEDEST-T%C3%89CNICO-ADMINISTRATIVO.pdf\" target=\"_blank\"> <\/a><strong><a rel=\"noreferrer noopener\" aria-label=\"T\u00e9cnico Administrativo: clique aqui! (abre numa nova aba)\" href=\"https:\/\/dhg1h5j42swfq.cloudfront.net\/2019\/06\/07073553\/SEDEST-T%C3%89CNICO-ADMINISTRATIVO.pdf\" target=\"_blank\">clique aqui!<\/a><\/strong><\/li>\n<\/ul>\n\n\n\n<p class=\"has-text-align-center has-luminous-vivid-amber-background-color has-background\" style=\"font-size:clamp(16.293px, 1.018rem + ((1vw - 3.2px) * 0.854), 25px);px\"><em><a rel=\"noreferrer noopener\" href=\"https:\/\/www.estrategiaconcursos.com.br\/cursosPorConcurso\/sedest\/\" target=\"_blank\"><strong>CURSO SEDEST<\/strong><\/a><\/em><\/p>\n\n\n\n<p class=\"has-text-align-center\" style=\"font-size:clamp(14px, 0.875rem + ((1vw - 3.2px) * 0.49), 19px);px\"><em><strong>Assinatura Anual Ilimitada*<\/strong><\/em><\/p>\n\n\n\n<p class=\"has-text-align-center\"><em>Prepare-se com o melhor material e com quem mais aprova em Concursos P\u00fablicos em todo o pa\u00eds. Assine agora a nossa Assinatura Anual e tenha acesso ilimitado* a todos os nossos cursos.<\/em><\/p>\n\n\n\n<p class=\"has-text-align-center has-light-green-cyan-background-color has-background\" style=\"font-size:clamp(16.293px, 1.018rem + ((1vw - 3.2px) * 0.854), 25px);px\"><strong>ASSINE AGORA<\/strong>&nbsp;\u2013&nbsp;<a rel=\"noreferrer noopener\" href=\"https:\/\/www.estrategiaconcursos.com.br\/assinaturas\" target=\"_blank\"><strong>Assinatura Ilimitada<\/strong><\/a><\/p>\n","protected":false},"excerpt":{"rendered":"<p>A Secretaria de Estado do Desenvolvimento Social do Distrito Federal disponibilizou nesta semana os resultados preliminares das provas objetivas para os cargos Especialista em Assist\u00eancia Social \u2013 Educador Social e T\u00e9cnico em Assist\u00eancia Social. Prova objetiva: Conhecimentos B\u00e1sicos (20 quest\u00f5es \u2013 peso 2): Conhecimentos Espec\u00edficos (30 quest\u00f5es \u2013 peso 2). Etapas do Concurso Sedest Ap\u00f3s [&hellip;]<\/p>\n","protected":false},"author":263,"featured_media":173685,"comment_status":"open","ping_status":"closed","sticky":false,"template":"","format":"standard","meta":{"post_tipo":"article","footnotes":""},"categories":[1],"tags":[],"tax_estado":[],"class_list":["post-383870","post","type-post","status-publish","format-standard","has-post-thumbnail","hentry","category-cursos-e-concursos"],"acf":[],"yoast_head":"<!-- This site is optimized with the Yoast SEO Premium plugin v27.2 (Yoast SEO v27.2) - https:\/\/yoast.com\/product\/yoast-seo-premium-wordpress\/ -->\n<title>Concurso SEDEST DF: divulgado resultado preliminar da prova objetiva<\/title>\n<meta name=\"description\" content=\"Concurso SEDEST: Banca organizadora do certame, divulga o resultado preliminar da prova objetiva do certame. Saiba mais!!\" \/>\n<meta name=\"robots\" content=\"index, follow, max-snippet:-1, max-image-preview:large, max-video-preview:-1\" \/>\n<link rel=\"canonical\" href=\"https:\/\/www.estrategiaconcursos.com.br\/blog\/concurso-sedest-resultado-prova-objetiva\/\" \/>\n<meta property=\"og:locale\" content=\"pt_BR\" \/>\n<meta property=\"og:type\" content=\"article\" \/>\n<meta property=\"og:title\" content=\"Concurso SEDEST DF: divulgado resultado preliminar da prova objetiva\" \/>\n<meta property=\"og:description\" content=\"Concurso SEDEST: Banca organizadora do certame, divulga o resultado preliminar da prova objetiva do certame. Saiba mais!!\" \/>\n<meta property=\"og:url\" content=\"https:\/\/www.estrategiaconcursos.com.br\/blog\/concurso-sedest-resultado-prova-objetiva\/\" \/>\n<meta property=\"og:site_name\" content=\"Estrat\u00e9gia Concursos\" \/>\n<meta property=\"article:published_time\" content=\"2019-06-06T08:00:18+00:00\" \/>\n<meta property=\"article:modified_time\" content=\"2023-05-23T13:43:02+00:00\" \/>\n<meta property=\"og:image\" content=\"https:\/\/dhg1h5j42swfq.cloudfront.net\/2019\/03\/24181747\/concurso-sedest-df.png\" \/>\n\t<meta property=\"og:image:width\" content=\"400\" \/>\n\t<meta property=\"og:image:height\" content=\"209\" \/>\n\t<meta property=\"og:image:type\" content=\"image\/png\" \/>\n<meta name=\"author\" content=\"Daniel dos Reis Lopes\" \/>\n<meta name=\"twitter:card\" content=\"summary_large_image\" \/>\n<meta name=\"twitter:creator\" content=\"@EstratConcursos\" \/>\n<meta name=\"twitter:site\" content=\"@EstratConcursos\" \/>\n<meta name=\"twitter:label1\" content=\"Escrito por\" \/>\n\t<meta name=\"twitter:data1\" content=\"Daniel dos Reis Lopes\" \/>\n\t<meta name=\"twitter:label2\" content=\"Est. tempo de leitura\" \/>\n\t<meta name=\"twitter:data2\" content=\"2 minutos\" \/>\n<script type=\"application\/ld+json\" class=\"yoast-schema-graph\">{\"@context\":\"https:\/\/schema.org\",\"@graph\":[{\"@type\":\"NewsArticle\",\"@id\":\"https:\/\/www.estrategiaconcursos.com.br\/blog\/concurso-sedest-resultado-prova-objetiva\/#article\",\"isPartOf\":{\"@id\":\"https:\/\/www.estrategiaconcursos.com.br\/blog\/concurso-sedest-resultado-prova-objetiva\/\"},\"author\":{\"name\":\"Daniel dos Reis Lopes\",\"@id\":\"https:\/\/www.estrategiaconcursos.com.br\/blog\/#\/schema\/person\/86e4af37234d422e94ca7e825b416814\"},\"headline\":\"Concurso SEDEST DF: divulgado resultado preliminar da prova objetiva\",\"datePublished\":\"2019-06-06T08:00:18+00:00\",\"dateModified\":\"2023-05-23T13:43:02+00:00\",\"mainEntityOfPage\":{\"@id\":\"https:\/\/www.estrategiaconcursos.com.br\/blog\/concurso-sedest-resultado-prova-objetiva\/\"},\"wordCount\":393,\"commentCount\":0,\"publisher\":{\"@id\":\"https:\/\/www.estrategiaconcursos.com.br\/blog\/#organization\"},\"image\":{\"@id\":\"https:\/\/www.estrategiaconcursos.com.br\/blog\/concurso-sedest-resultado-prova-objetiva\/#primaryimage\"},\"thumbnailUrl\":\"https:\/\/dhg1h5j42swfq.cloudfront.net\/2019\/03\/24181747\/concurso-sedest-df.png\",\"articleSection\":[\"Concursos P\u00fablicos\"],\"inLanguage\":\"pt-BR\",\"potentialAction\":[{\"@type\":\"CommentAction\",\"name\":\"Comment\",\"target\":[\"https:\/\/www.estrategiaconcursos.com.br\/blog\/concurso-sedest-resultado-prova-objetiva\/#respond\"]}],\"copyrightYear\":\"2019\",\"copyrightHolder\":{\"@id\":\"https:\/\/www.estrategiaconcursos.com.br\/blog\/#organization\"}},{\"@type\":\"WebPage\",\"@id\":\"https:\/\/www.estrategiaconcursos.com.br\/blog\/concurso-sedest-resultado-prova-objetiva\/\",\"url\":\"https:\/\/www.estrategiaconcursos.com.br\/blog\/concurso-sedest-resultado-prova-objetiva\/\",\"name\":\"Concurso SEDEST DF: divulgado resultado preliminar da prova objetiva\",\"isPartOf\":{\"@id\":\"https:\/\/www.estrategiaconcursos.com.br\/blog\/#website\"},\"primaryImageOfPage\":{\"@id\":\"https:\/\/www.estrategiaconcursos.com.br\/blog\/concurso-sedest-resultado-prova-objetiva\/#primaryimage\"},\"image\":{\"@id\":\"https:\/\/www.estrategiaconcursos.com.br\/blog\/concurso-sedest-resultado-prova-objetiva\/#primaryimage\"},\"thumbnailUrl\":\"https:\/\/dhg1h5j42swfq.cloudfront.net\/2019\/03\/24181747\/concurso-sedest-df.png\",\"datePublished\":\"2019-06-06T08:00:18+00:00\",\"dateModified\":\"2023-05-23T13:43:02+00:00\",\"description\":\"Concurso SEDEST: Banca organizadora do certame, divulga o resultado preliminar da prova objetiva do certame. Saiba mais!!\",\"breadcrumb\":{\"@id\":\"https:\/\/www.estrategiaconcursos.com.br\/blog\/concurso-sedest-resultado-prova-objetiva\/#breadcrumb\"},\"inLanguage\":\"pt-BR\",\"potentialAction\":[{\"@type\":\"ReadAction\",\"target\":[\"https:\/\/www.estrategiaconcursos.com.br\/blog\/concurso-sedest-resultado-prova-objetiva\/\"]}]},{\"@type\":\"ImageObject\",\"inLanguage\":\"pt-BR\",\"@id\":\"https:\/\/www.estrategiaconcursos.com.br\/blog\/concurso-sedest-resultado-prova-objetiva\/#primaryimage\",\"url\":\"https:\/\/dhg1h5j42swfq.cloudfront.net\/2019\/03\/24181747\/concurso-sedest-df.png\",\"contentUrl\":\"https:\/\/dhg1h5j42swfq.cloudfront.net\/2019\/03\/24181747\/concurso-sedest-df.png\",\"width\":400,\"height\":209,\"caption\":\"Prova sedest df\"},{\"@type\":\"BreadcrumbList\",\"@id\":\"https:\/\/www.estrategiaconcursos.com.br\/blog\/concurso-sedest-resultado-prova-objetiva\/#breadcrumb\",\"itemListElement\":[{\"@type\":\"ListItem\",\"position\":1,\"name\":\"In\u00edcio\",\"item\":\"https:\/\/www.estrategiaconcursos.com.br\/blog\/\"},{\"@type\":\"ListItem\",\"position\":2,\"name\":\"Concurso SEDEST DF: divulgado resultado preliminar da prova objetiva\"}]},{\"@type\":\"WebSite\",\"@id\":\"https:\/\/www.estrategiaconcursos.com.br\/blog\/#website\",\"url\":\"https:\/\/www.estrategiaconcursos.com.br\/blog\/\",\"name\":\"Estrat\u00e9gia Concursos\",\"description\":\"O blog da Estrat\u00e9gia Concursos traz not\u00edcias sobre concursos e artigos de professores oferecendo cursos para concursos (pdf + videaulas) no site.\",\"publisher\":{\"@id\":\"https:\/\/www.estrategiaconcursos.com.br\/blog\/#organization\"},\"potentialAction\":[{\"@type\":\"SearchAction\",\"target\":{\"@type\":\"EntryPoint\",\"urlTemplate\":\"https:\/\/www.estrategiaconcursos.com.br\/blog\/?s={search_term_string}\"},\"query-input\":{\"@type\":\"PropertyValueSpecification\",\"valueRequired\":true,\"valueName\":\"search_term_string\"}}],\"inLanguage\":\"pt-BR\"},{\"@type\":\"Organization\",\"@id\":\"https:\/\/www.estrategiaconcursos.com.br\/blog\/#organization\",\"name\":\"Estrat\u00e9gia Concursos\",\"url\":\"https:\/\/www.estrategiaconcursos.com.br\/blog\/\",\"logo\":{\"@type\":\"ImageObject\",\"inLanguage\":\"pt-BR\",\"@id\":\"https:\/\/www.estrategiaconcursos.com.br\/blog\/#\/schema\/logo\/image\/\",\"url\":\"https:\/\/dhg1h5j42swfq.cloudfront.net\/2025\/06\/03203428\/logo_concursos-1.jpg\",\"contentUrl\":\"https:\/\/dhg1h5j42swfq.cloudfront.net\/2025\/06\/03203428\/logo_concursos-1.jpg\",\"width\":230,\"height\":60,\"caption\":\"Estrat\u00e9gia Concursos\"},\"image\":{\"@id\":\"https:\/\/www.estrategiaconcursos.com.br\/blog\/#\/schema\/logo\/image\/\"},\"sameAs\":[\"https:\/\/x.com\/EstratConcursos\"]},{\"@type\":\"Person\",\"@id\":\"https:\/\/www.estrategiaconcursos.com.br\/blog\/#\/schema\/person\/86e4af37234d422e94ca7e825b416814\",\"name\":\"Daniel dos Reis Lopes\",\"image\":{\"@type\":\"ImageObject\",\"inLanguage\":\"pt-BR\",\"@id\":\"https:\/\/secure.gravatar.com\/avatar\/ea24ef981da4044d0a66f44402441129fdde22c4c8d87f39a45cae8d4f82075a?s=96&d=mm&r=g\",\"url\":\"https:\/\/secure.gravatar.com\/avatar\/ea24ef981da4044d0a66f44402441129fdde22c4c8d87f39a45cae8d4f82075a?s=96&d=mm&r=g\",\"contentUrl\":\"https:\/\/secure.gravatar.com\/avatar\/ea24ef981da4044d0a66f44402441129fdde22c4c8d87f39a45cae8d4f82075a?s=96&d=mm&r=g\",\"caption\":\"Daniel dos Reis Lopes\"},\"url\":\"https:\/\/www.estrategiaconcursos.com.br\/blog\/author\/d-reislopesgmail-com\/\"}]}<\/script>\n<!-- \/ Yoast SEO Premium plugin. -->","yoast_head_json":{"title":"Concurso SEDEST DF: divulgado resultado preliminar da prova objetiva","description":"Concurso SEDEST: Banca organizadora do certame, divulga o resultado preliminar da prova objetiva do certame. Saiba mais!!","robots":{"index":"index","follow":"follow","max-snippet":"max-snippet:-1","max-image-preview":"max-image-preview:large","max-video-preview":"max-video-preview:-1"},"canonical":"https:\/\/www.estrategiaconcursos.com.br\/blog\/concurso-sedest-resultado-prova-objetiva\/","og_locale":"pt_BR","og_type":"article","og_title":"Concurso SEDEST DF: divulgado resultado preliminar da prova objetiva","og_description":"Concurso SEDEST: Banca organizadora do certame, divulga o resultado preliminar da prova objetiva do certame. Saiba mais!!","og_url":"https:\/\/www.estrategiaconcursos.com.br\/blog\/concurso-sedest-resultado-prova-objetiva\/","og_site_name":"Estrat\u00e9gia Concursos","article_published_time":"2019-06-06T08:00:18+00:00","article_modified_time":"2023-05-23T13:43:02+00:00","og_image":[{"width":400,"height":209,"url":"https:\/\/dhg1h5j42swfq.cloudfront.net\/2019\/03\/24181747\/concurso-sedest-df.png","type":"image\/png"}],"author":"Daniel dos Reis Lopes","twitter_card":"summary_large_image","twitter_creator":"@EstratConcursos","twitter_site":"@EstratConcursos","twitter_misc":{"Escrito por":"Daniel dos Reis Lopes","Est. tempo de leitura":"2 minutos"},"schema":{"@context":"https:\/\/schema.org","@graph":[{"@type":"NewsArticle","@id":"https:\/\/www.estrategiaconcursos.com.br\/blog\/concurso-sedest-resultado-prova-objetiva\/#article","isPartOf":{"@id":"https:\/\/www.estrategiaconcursos.com.br\/blog\/concurso-sedest-resultado-prova-objetiva\/"},"author":{"name":"Daniel dos Reis Lopes","@id":"https:\/\/www.estrategiaconcursos.com.br\/blog\/#\/schema\/person\/86e4af37234d422e94ca7e825b416814"},"headline":"Concurso SEDEST DF: divulgado resultado preliminar da prova objetiva","datePublished":"2019-06-06T08:00:18+00:00","dateModified":"2023-05-23T13:43:02+00:00","mainEntityOfPage":{"@id":"https:\/\/www.estrategiaconcursos.com.br\/blog\/concurso-sedest-resultado-prova-objetiva\/"},"wordCount":393,"commentCount":0,"publisher":{"@id":"https:\/\/www.estrategiaconcursos.com.br\/blog\/#organization"},"image":{"@id":"https:\/\/www.estrategiaconcursos.com.br\/blog\/concurso-sedest-resultado-prova-objetiva\/#primaryimage"},"thumbnailUrl":"https:\/\/dhg1h5j42swfq.cloudfront.net\/2019\/03\/24181747\/concurso-sedest-df.png","articleSection":["Concursos P\u00fablicos"],"inLanguage":"pt-BR","potentialAction":[{"@type":"CommentAction","name":"Comment","target":["https:\/\/www.estrategiaconcursos.com.br\/blog\/concurso-sedest-resultado-prova-objetiva\/#respond"]}],"copyrightYear":"2019","copyrightHolder":{"@id":"https:\/\/www.estrategiaconcursos.com.br\/blog\/#organization"}},{"@type":"WebPage","@id":"https:\/\/www.estrategiaconcursos.com.br\/blog\/concurso-sedest-resultado-prova-objetiva\/","url":"https:\/\/www.estrategiaconcursos.com.br\/blog\/concurso-sedest-resultado-prova-objetiva\/","name":"Concurso SEDEST DF: divulgado resultado preliminar da prova objetiva","isPartOf":{"@id":"https:\/\/www.estrategiaconcursos.com.br\/blog\/#website"},"primaryImageOfPage":{"@id":"https:\/\/www.estrategiaconcursos.com.br\/blog\/concurso-sedest-resultado-prova-objetiva\/#primaryimage"},"image":{"@id":"https:\/\/www.estrategiaconcursos.com.br\/blog\/concurso-sedest-resultado-prova-objetiva\/#primaryimage"},"thumbnailUrl":"https:\/\/dhg1h5j42swfq.cloudfront.net\/2019\/03\/24181747\/concurso-sedest-df.png","datePublished":"2019-06-06T08:00:18+00:00","dateModified":"2023-05-23T13:43:02+00:00","description":"Concurso SEDEST: Banca organizadora do certame, divulga o resultado preliminar da prova objetiva do certame. Saiba mais!!","breadcrumb":{"@id":"https:\/\/www.estrategiaconcursos.com.br\/blog\/concurso-sedest-resultado-prova-objetiva\/#breadcrumb"},"inLanguage":"pt-BR","potentialAction":[{"@type":"ReadAction","target":["https:\/\/www.estrategiaconcursos.com.br\/blog\/concurso-sedest-resultado-prova-objetiva\/"]}]},{"@type":"ImageObject","inLanguage":"pt-BR","@id":"https:\/\/www.estrategiaconcursos.com.br\/blog\/concurso-sedest-resultado-prova-objetiva\/#primaryimage","url":"https:\/\/dhg1h5j42swfq.cloudfront.net\/2019\/03\/24181747\/concurso-sedest-df.png","contentUrl":"https:\/\/dhg1h5j42swfq.cloudfront.net\/2019\/03\/24181747\/concurso-sedest-df.png","width":400,"height":209,"caption":"Prova sedest df"},{"@type":"BreadcrumbList","@id":"https:\/\/www.estrategiaconcursos.com.br\/blog\/concurso-sedest-resultado-prova-objetiva\/#breadcrumb","itemListElement":[{"@type":"ListItem","position":1,"name":"In\u00edcio","item":"https:\/\/www.estrategiaconcursos.com.br\/blog\/"},{"@type":"ListItem","position":2,"name":"Concurso SEDEST DF: divulgado resultado preliminar da prova objetiva"}]},{"@type":"WebSite","@id":"https:\/\/www.estrategiaconcursos.com.br\/blog\/#website","url":"https:\/\/www.estrategiaconcursos.com.br\/blog\/","name":"Estrat\u00e9gia Concursos","description":"O blog da Estrat\u00e9gia Concursos traz not\u00edcias sobre concursos e artigos de professores oferecendo cursos para concursos (pdf + videaulas) no site.","publisher":{"@id":"https:\/\/www.estrategiaconcursos.com.br\/blog\/#organization"},"potentialAction":[{"@type":"SearchAction","target":{"@type":"EntryPoint","urlTemplate":"https:\/\/www.estrategiaconcursos.com.br\/blog\/?s={search_term_string}"},"query-input":{"@type":"PropertyValueSpecification","valueRequired":true,"valueName":"search_term_string"}}],"inLanguage":"pt-BR"},{"@type":"Organization","@id":"https:\/\/www.estrategiaconcursos.com.br\/blog\/#organization","name":"Estrat\u00e9gia Concursos","url":"https:\/\/www.estrategiaconcursos.com.br\/blog\/","logo":{"@type":"ImageObject","inLanguage":"pt-BR","@id":"https:\/\/www.estrategiaconcursos.com.br\/blog\/#\/schema\/logo\/image\/","url":"https:\/\/dhg1h5j42swfq.cloudfront.net\/2025\/06\/03203428\/logo_concursos-1.jpg","contentUrl":"https:\/\/dhg1h5j42swfq.cloudfront.net\/2025\/06\/03203428\/logo_concursos-1.jpg","width":230,"height":60,"caption":"Estrat\u00e9gia Concursos"},"image":{"@id":"https:\/\/www.estrategiaconcursos.com.br\/blog\/#\/schema\/logo\/image\/"},"sameAs":["https:\/\/x.com\/EstratConcursos"]},{"@type":"Person","@id":"https:\/\/www.estrategiaconcursos.com.br\/blog\/#\/schema\/person\/86e4af37234d422e94ca7e825b416814","name":"Daniel dos Reis Lopes","image":{"@type":"ImageObject","inLanguage":"pt-BR","@id":"https:\/\/secure.gravatar.com\/avatar\/ea24ef981da4044d0a66f44402441129fdde22c4c8d87f39a45cae8d4f82075a?s=96&d=mm&r=g","url":"https:\/\/secure.gravatar.com\/avatar\/ea24ef981da4044d0a66f44402441129fdde22c4c8d87f39a45cae8d4f82075a?s=96&d=mm&r=g","contentUrl":"https:\/\/secure.gravatar.com\/avatar\/ea24ef981da4044d0a66f44402441129fdde22c4c8d87f39a45cae8d4f82075a?s=96&d=mm&r=g","caption":"Daniel dos Reis Lopes"},"url":"https:\/\/www.estrategiaconcursos.com.br\/blog\/author\/d-reislopesgmail-com\/"}]}},"_links":{"self":[{"href":"https:\/\/www.estrategiaconcursos.com.br\/blog\/wp-json\/wp\/v2\/posts\/383870","targetHints":{"allow":["GET"]}}],"collection":[{"href":"https:\/\/www.estrategiaconcursos.com.br\/blog\/wp-json\/wp\/v2\/posts"}],"about":[{"href":"https:\/\/www.estrategiaconcursos.com.br\/blog\/wp-json\/wp\/v2\/types\/post"}],"author":[{"embeddable":true,"href":"https:\/\/www.estrategiaconcursos.com.br\/blog\/wp-json\/wp\/v2\/users\/263"}],"replies":[{"embeddable":true,"href":"https:\/\/www.estrategiaconcursos.com.br\/blog\/wp-json\/wp\/v2\/comments?post=383870"}],"version-history":[{"count":13,"href":"https:\/\/www.estrategiaconcursos.com.br\/blog\/wp-json\/wp\/v2\/posts\/383870\/revisions"}],"predecessor-version":[{"id":1220537,"href":"https:\/\/www.estrategiaconcursos.com.br\/blog\/wp-json\/wp\/v2\/posts\/383870\/revisions\/1220537"}],"wp:featuredmedia":[{"embeddable":true,"href":"https:\/\/www.estrategiaconcursos.com.br\/blog\/wp-json\/wp\/v2\/media\/173685"}],"wp:attachment":[{"href":"https:\/\/www.estrategiaconcursos.com.br\/blog\/wp-json\/wp\/v2\/media?parent=383870"}],"wp:term":[{"taxonomy":"category","embeddable":true,"href":"https:\/\/www.estrategiaconcursos.com.br\/blog\/wp-json\/wp\/v2\/categories?post=383870"},{"taxonomy":"post_tag","embeddable":true,"href":"https:\/\/www.estrategiaconcursos.com.br\/blog\/wp-json\/wp\/v2\/tags?post=383870"},{"taxonomy":"tax_estado","embeddable":true,"href":"https:\/\/www.estrategiaconcursos.com.br\/blog\/wp-json\/wp\/v2\/tax_estado?post=383870"}],"curies":[{"name":"wp","href":"https:\/\/api.w.org\/{rel}","templated":true}]}}