{"id":383396,"date":"2019-06-04T20:25:30","date_gmt":"2019-06-04T23:25:30","guid":{"rendered":"https:\/\/www.estrategiaconcursos.com.br\/blog\/?p=383396"},"modified":"2019-06-07T09:43:55","modified_gmt":"2019-06-07T12:43:55","slug":"concursos-2019-guedes-diz-que-suspendera-concursos","status":"publish","type":"post","link":"https:\/\/www.estrategiaconcursos.com.br\/blog\/concursos-2019-guedes-diz-que-suspendera-concursos\/","title":{"rendered":"Concursos 2019: Guedes diz que suspender\u00e1 concursos; &#8220;h\u00e1 muitos servidores&#8221;"},"content":{"rendered":"\n<p>O Ministro da Economia, Paulo Guedes, soltou uma declara\u00e7\u00e3o pol\u00eamica nesta ter\u00e7a-feira, 4 de junho. Durante audi\u00eancia na C\u00e2mara dos Deputados, em raz\u00e3o das discuss\u00f5es sobre a Reforma da Previd\u00eancia, o gestor disse que suspender\u00e1 a realiza\u00e7\u00e3o de concursos p\u00fablicos por conta do excesso de servidores. De acordo com ele, os governos que antecederam o Governo Bolsonaro, autorizaram concursos e concederam reajustes salariais &#8220;ferozmente&#8221;.<\/p>\n\n\n\n<blockquote class=\"wp-block-quote is-layout-flow wp-block-quote-is-layout-flow\"><p><em><span style=\"text-decoration: underline;\"><strong>Devo me preocupar com a suspens\u00e3o dos concursos?<\/strong><\/span><strong><span style=\"text-decoration: underline;\"> O que devo fazer agora?<\/span><\/strong><\/em> <em>Fique nesse artigo e veja uma reflex\u00e3o realista, objetiva e concreta sobre a declara\u00e7\u00e3o do ministro Paulo Guedes.<\/em><\/p><\/blockquote>\n\n\n\n<p>Durante o seu discurso no Congresso Nacional, ele disse que, por conta do incha\u00e7o na m\u00e1quina p\u00fablica, o governo optar\u00e1 por n\u00e3o realizar concursos p\u00fablicos nos pr\u00f3ximos anos. Mas, esta n\u00e3o \u00e9 a primeira vez que o ministro d\u00e1 uma declara\u00e7\u00e3o como essa. Ainda no in\u00edcio do ano, Guedes chegou a falar que n\u00e3o iria autorizar concurso no ano de 2019. <\/p>\n\n\n\n<p><em>&#8220;Nas nossas contas, 40% dos funcion\u00e1rios p\u00fablicos devem se aposentar nos pr\u00f3ximos cinco anos. N\u00e3o precisa demitir. Basta desacelerar as entradas&#8221;<\/em>, disse.<\/p>\n\n\n\n<p>Guedes afirmou que o governo investir\u00e1 na digitaliza\u00e7\u00e3o de processos e na redu\u00e7\u00e3o da burocracia para tornar os servi\u00e7os p\u00fablicos mais eficientes. Ainda no in\u00edcio do ano, o secret\u00e1rio de Desburocratiza\u00e7\u00e3o, Gest\u00e3o e Governo Digital do Minist\u00e9rio da Economia, Paulo Uebel, respons\u00e1vel pela autoriza\u00e7\u00e3o de certames do Executivo Federal, tamb\u00e9m afirmou que&nbsp;\u201cn\u00e3o haveria novos concursos p\u00fablicos em 2019\u201d.<\/p>\n\n\n\n<p>Uma das prioridades do governo, de acordo com as declara\u00e7\u00f5es dadas pelos gestores, \u00e9 continuar reduzindo os custos na Esplanada dos Minist\u00e9rios e nos \u00f3rg\u00e3os p\u00fablicos do Executivo Federal. Ainda no in\u00edcio do ano, o Minist\u00e9rio da Economia j\u00e1 havia informado a inten\u00e7\u00e3o de reduzir cerca de 21 mil cargos, comiss\u00f5es e fun\u00e7\u00f5es gratificadas em todos os minist\u00e9rios. E o fez, publicando um decreto extinguindo cargos nesta numera\u00e7\u00e3o.<\/p>\n\n\n\n<p style=\"text-align:center\" class=\"has-medium-font-size\"><em>Antes da minha reflex\u00e3o sobre essa declara\u00e7\u00e3o, se voc\u00ea ainda acredita que n\u00e3o vai ter concurso em 2019, confira no link a seguir as oportunidades previstas para 2019. H\u00e1 26 editais previstos para serem publicados s\u00f3 no m\u00eas de junho.<\/em><\/p>\n\n\n\n<p style=\"font-size:25px;text-align:center\" class=\"has-background has-luminous-vivid-amber-background-color\">MAIS INFORMA\u00c7\u00d5ES &#8211; <span style=\"text-decoration: underline;\"><a href=\"https:\/\/www.estrategiaconcursos.com.br\/blog\/concursos-2019\" target=\"_blank\" rel=\"noreferrer noopener\" aria-label=\"Concursos 2019 (abre numa nova aba)\">Concursos 2019<\/a><\/span><\/p>\n\n\n\n<p class=\"has-medium-font-size\"><strong><em>Devo me preocupar com a declara\u00e7\u00e3o do ministro Paulo Guedes?<\/em><\/strong><\/p>\n\n\n\n<p>Todo mundo sabe que uma prepara\u00e7\u00e3o a longo prazo \u00e9 o ideal para quem deseja entrar para a vida p\u00fablica. Passar em concurso p\u00fablico n\u00e3o \u00e9 f\u00e1cil e t\u00e3o simples. \u00c9 como fazer faculdade! Para ser aprovado, voc\u00ea precisa de esfor\u00e7o, dedica\u00e7\u00e3o, tempo, empenho e disciplina. \u00c9 claro que h\u00e1 casos em que o candidato passou em um concurso com pouco tempo de dedica\u00e7\u00e3o. Mas, garanto, essa n\u00e3o \u00e9 uma regra.<\/p>\n\n\n\n<p>A primeira coisa que voc\u00ea precisa ter em mente \u00e9 que estudar para concurso p\u00fablico exige tempo, muito tempo. Dependendo da \u00e1rea que voc\u00ea vai prestar, s\u00e3o muitas disciplinas e a maior parte delas requer uma carga de estudo muito elevada. Os conte\u00fados costumam ser muito densos. Por esse motivo, a primeira coisa que voc\u00ea deveria fazer \u00e9 aproveitar a oportunidade porque isso pode significar muito mais tempo de preparo.<\/p>\n\n\n\n<p>Os concursos podem at\u00e9 levar um acontecer, mas n\u00e3o que eles deixar\u00e3o de existir. Embora alguns servi\u00e7os p\u00fablicos o governo consiga digitalizar, a m\u00e3o de obra humana \u00e9 extremamente necess\u00e1ria. Veja o caso do INSS: o governo j\u00e1 falou em digitalizar os servi\u00e7os, alguns processos j\u00e1 foram at\u00e9 implementados, mas o que vemos no notici\u00e1rio s\u00e3o atrasos em processos que est\u00e3o h\u00e1 meses e anos aguardando an\u00e1lise.<\/p>\n\n\n\n<p>Outra coisa \u00e9 que esta n\u00e3o \u00e9 uma declara\u00e7\u00e3o exclusiva do governo Bolsonaro. Vamos ser isentos, sem entrar na discuss\u00e3o sobre pol\u00edtica partid\u00e1ria, at\u00e9 porque o assunto aqui \u00e9 outro. Nos governos Dilma e Lula, foram registradas declara\u00e7\u00f5es semelhantes. Na \u00e9poca, o ent\u00e3o Minist\u00e9rio do Planejamento havia anunciado a suspens\u00e3o de concursos p\u00fablicos. E o que a gente viu foram v\u00e1rios editais sendo publicados naqueles anos.<\/p>\n\n\n\n<p>\u00c9 claro que o an\u00fancio da suspens\u00e3o de concursos acaba sendo um choque e assusta quem est\u00e1 se preparando h\u00e1 muito tempo e aguarda a publica\u00e7\u00e3o de um edital abrindo oportunidades. Em 2015, por exemplo, no in\u00edcio do segundo mandato da Dilma, o Planejamento havia anunciado a suspens\u00e3o de v\u00e1rios concursos, o que afetaria mais de 40 mil vagas. Veja abaixo um print da not\u00edcia que foi repercutida na \u00e9poca.<\/p>\n\n\n\n<p>A realidade foi bem diferente&#8230; em 2017 foram mais de 140 concursos&#8230; em 2018 foram mais de 100 editais.. e s\u00f3 no primeiro semestre de 2019 j\u00e1 s\u00e3o mais de 100 concursos&#8230;<\/p>\n\n\n\n<figure class=\"wp-block-image\"><img loading=\"lazy\" decoding=\"async\" width=\"716\" height=\"332\" src=\"https:\/\/dhg1h5j42swfq.cloudfront.net\/2019\/02\/19122120\/image80.png\" alt=\"\" class=\"wp-image-166889\" srcset=\"https:\/\/dhg1h5j42swfq.cloudfront.net\/2019\/02\/19122120\/image80.png 716w, https:\/\/dhg1h5j42swfq.cloudfront.net\/2019\/02\/19122120\/image80.png 300w\" sizes=\"auto, (max-width: 716px) 100vw, 716px\" \/><\/figure>\n\n\n\n<p>Mas, mesmo que a pol\u00eamica declara\u00e7\u00e3o do ministro Paulo Guedes se concretize, e que os concursos sejam suspensos de forma tempor\u00e1ria, em algum momento eles devem ser retomados. At\u00e9 porque, como eu falei anteriormente, os \u00f3rg\u00e3os necessitam de servidores p\u00fablicos. Esse tempo sem concurso s\u00f3 deve aumentar o n\u00famero de vac\u00e2ncias nos \u00f3rg\u00e3os. E, todo mundo sabe que, para novas contrata\u00e7\u00f5es e nomea\u00e7\u00f5es, os \u00f3rg\u00e3os precisar\u00e3o realizar novos concursos para recompor seus quadros.<\/p>\n\n\n\n<p>Ainda assim, a declara\u00e7\u00e3o do ministro se limita apenas ao Executivo Federal. Voc\u00ea que sonha com a carreira p\u00fablica, saiba que h\u00e1 muitos outros concursos previstos para todo o pa\u00eds, nas mais diversas \u00e1reas. Voc\u00ea pode aproveitar que h\u00e1 v\u00e1rios concursos de \u00f3rg\u00e3os dos Poderes Legislativo e Judici\u00e1rio, al\u00e9m de \u00f3rg\u00e3os das esperas estaduais, municipais e distritais que est\u00e3o acontecendo em todo o pa\u00eds, para pode treinar a sua prepara\u00e7\u00e3o para concursos p\u00fablicos.<\/p>\n\n\n\n<p>Veja s\u00f3&#8230; Falaram que 2019 seria um ano sem concursos p\u00fablicos, mas s\u00f3 nesse primeiro semestre h\u00e1 mais de 82 editais publicados na pra\u00e7a. Ao todo, s\u00e3o quase 15 mil oportunidades previstas para cargos de N\u00edvel M\u00e9dio e Superior. At\u00e9 o final do ano, 26 \u00f3rg\u00e3os que est\u00e3o com banca definida, 43 com comiss\u00e3o formada e 58 autorizados podem publicar edital. Se entristece com uma declara\u00e7\u00e3o dessas quem j\u00e1 est\u00e1 pensando no fracasso.<\/p>\n\n\n\n<p>Encare esta declara\u00e7\u00e3o como uma oportunidade para refor\u00e7ar a sua prepara\u00e7\u00e3o, se tornar um concurseiro de alto n\u00edvel e estar preparado para qualquer prova, qualquer banca e qualquer concurso p\u00fablico seja qual for a institui\u00e7\u00e3o p\u00fablica, sem ter medo da FCC, Cespe, FGV, nem de Direito Constitucional, Administrativo, Racioc\u00ednio L\u00f3gico e da t\u00e3o temida lei do capeta, a Lei 8.666&#8230;<\/p>\n\n\n\n<p style=\"font-size:25px\"><strong><em>O que devo fazer agora?<\/em><\/strong><\/p>\n\n\n\n<p>V\u00e1 estudar!! E me siga no Instagram&#8230; rsrsr <span style=\"text-decoration: underline;\"><a href=\"https:\/\/www.instagram.com\/jornalistadeconcursos\/\" target=\"_blank\" rel=\"noreferrer noopener\" aria-label=\"@jornalistadeconcursos (abre numa nova aba)\">@jornalistadeconcursos<\/a><\/span><\/p>\n\n\n\n<p style=\"font-size:25px;text-align:center\" class=\"has-background has-light-green-cyan-background-color\">MAIS INFORMA\u00c7\u00d5ES &#8211; <a href=\"https:\/\/www.estrategiaconcursos.com.br\/blog\/concursos-abertos\/\" target=\"_blank\" rel=\"noreferrer noopener\" aria-label=\"Concursos Abertos (abre numa nova aba)\">Concursos Abertos<\/a><\/p>\n","protected":false},"excerpt":{"rendered":"<p>O Ministro da Economia, Paulo Guedes, soltou uma declara\u00e7\u00e3o pol\u00eamica nesta ter\u00e7a-feira, 4 de junho. Durante audi\u00eancia na C\u00e2mara dos Deputados, em raz\u00e3o das discuss\u00f5es sobre a Reforma da Previd\u00eancia, o gestor disse que suspender\u00e1 a realiza\u00e7\u00e3o de concursos p\u00fablicos por conta do excesso de servidores. De acordo com ele, os governos que antecederam o [&hellip;]<\/p>\n","protected":false},"author":1,"featured_media":171889,"comment_status":"open","ping_status":"closed","sticky":false,"template":"","format":"standard","meta":{"post_tipo":"news","footnotes":""},"categories":[1],"tags":[],"tax_estado":[],"class_list":["post-383396","post","type-post","status-publish","format-standard","has-post-thumbnail","hentry","category-cursos-e-concursos"],"acf":[],"yoast_head":"<!-- This site is optimized with the Yoast SEO Premium plugin v27.2 (Yoast SEO v27.2) - https:\/\/yoast.com\/product\/yoast-seo-premium-wordpress\/ -->\n<title>Concursos 2019: Guedes diz que suspender\u00e1 concursos; &quot;h\u00e1 muitos servidores&quot;<\/title>\n<meta name=\"robots\" content=\"index, follow, max-snippet:-1, max-image-preview:large, max-video-preview:-1\" \/>\n<link rel=\"canonical\" href=\"https:\/\/www.estrategiaconcursos.com.br\/blog\/concursos-2019-guedes-diz-que-suspendera-concursos\/\" \/>\n<meta property=\"og:locale\" content=\"pt_BR\" \/>\n<meta property=\"og:type\" content=\"article\" \/>\n<meta property=\"og:title\" content=\"Concursos 2019: Guedes diz que suspender\u00e1 concursos; &quot;h\u00e1 muitos servidores&quot;\" \/>\n<meta property=\"og:description\" content=\"O Ministro da Economia, Paulo Guedes, soltou uma declara\u00e7\u00e3o pol\u00eamica nesta ter\u00e7a-feira, 4 de junho. Durante audi\u00eancia na C\u00e2mara dos Deputados, em raz\u00e3o das discuss\u00f5es sobre a Reforma da Previd\u00eancia, o gestor disse que suspender\u00e1 a realiza\u00e7\u00e3o de concursos p\u00fablicos por conta do excesso de servidores. De acordo com ele, os governos que antecederam o [&hellip;]\" \/>\n<meta property=\"og:url\" content=\"https:\/\/www.estrategiaconcursos.com.br\/blog\/concursos-2019-guedes-diz-que-suspendera-concursos\/\" \/>\n<meta property=\"og:site_name\" content=\"Estrat\u00e9gia Concursos\" \/>\n<meta property=\"article:author\" content=\"https:\/\/www.facebook.com\/EstrategiaConcursos\" \/>\n<meta property=\"article:published_time\" content=\"2019-06-04T23:25:30+00:00\" \/>\n<meta property=\"article:modified_time\" content=\"2019-06-07T12:43:55+00:00\" \/>\n<meta property=\"og:image\" content=\"https:\/\/dhg1h5j42swfq.cloudfront.net\/2019\/03\/17131121\/paulo-guedes.jpg\" \/>\n\t<meta property=\"og:image:width\" content=\"700\" \/>\n\t<meta property=\"og:image:height\" content=\"394\" \/>\n\t<meta property=\"og:image:type\" content=\"image\/jpeg\" \/>\n<meta name=\"author\" content=\"Coordena\u00e7\u00e3o\" \/>\n<meta name=\"twitter:card\" content=\"summary_large_image\" \/>\n<meta name=\"twitter:creator\" content=\"@EstratConcursos\" \/>\n<meta name=\"twitter:site\" content=\"@EstratConcursos\" \/>\n<meta name=\"twitter:label1\" content=\"Escrito por\" \/>\n\t<meta name=\"twitter:data1\" content=\"Coordena\u00e7\u00e3o\" \/>\n\t<meta name=\"twitter:label2\" content=\"Est. tempo de leitura\" \/>\n\t<meta name=\"twitter:data2\" content=\"6 minutos\" \/>\n<script type=\"application\/ld+json\" class=\"yoast-schema-graph\">{\"@context\":\"https:\/\/schema.org\",\"@graph\":[{\"@type\":\"NewsArticle\",\"@id\":\"https:\/\/www.estrategiaconcursos.com.br\/blog\/concursos-2019-guedes-diz-que-suspendera-concursos\/#article\",\"isPartOf\":{\"@id\":\"https:\/\/www.estrategiaconcursos.com.br\/blog\/concursos-2019-guedes-diz-que-suspendera-concursos\/\"},\"author\":{\"name\":\"Coordena\u00e7\u00e3o\",\"@id\":\"https:\/\/www.estrategiaconcursos.com.br\/blog\/#\/schema\/person\/b4a388c97673c5f483d72185668afa1f\"},\"headline\":\"Concursos 2019: Guedes diz que suspender\u00e1 concursos; &#8220;h\u00e1 muitos servidores&#8221;\",\"datePublished\":\"2019-06-04T23:25:30+00:00\",\"dateModified\":\"2019-06-07T12:43:55+00:00\",\"mainEntityOfPage\":{\"@id\":\"https:\/\/www.estrategiaconcursos.com.br\/blog\/concursos-2019-guedes-diz-que-suspendera-concursos\/\"},\"wordCount\":1151,\"commentCount\":97,\"publisher\":{\"@id\":\"https:\/\/www.estrategiaconcursos.com.br\/blog\/#organization\"},\"image\":{\"@id\":\"https:\/\/www.estrategiaconcursos.com.br\/blog\/concursos-2019-guedes-diz-que-suspendera-concursos\/#primaryimage\"},\"thumbnailUrl\":\"https:\/\/dhg1h5j42swfq.cloudfront.net\/2019\/03\/17131121\/paulo-guedes.jpg\",\"articleSection\":[\"Concursos P\u00fablicos\"],\"inLanguage\":\"pt-BR\",\"potentialAction\":[{\"@type\":\"CommentAction\",\"name\":\"Comment\",\"target\":[\"https:\/\/www.estrategiaconcursos.com.br\/blog\/concursos-2019-guedes-diz-que-suspendera-concursos\/#respond\"]}],\"copyrightYear\":\"2019\",\"copyrightHolder\":{\"@id\":\"https:\/\/www.estrategiaconcursos.com.br\/blog\/#organization\"}},{\"@type\":\"WebPage\",\"@id\":\"https:\/\/www.estrategiaconcursos.com.br\/blog\/concursos-2019-guedes-diz-que-suspendera-concursos\/\",\"url\":\"https:\/\/www.estrategiaconcursos.com.br\/blog\/concursos-2019-guedes-diz-que-suspendera-concursos\/\",\"name\":\"Concursos 2019: Guedes diz que suspender\u00e1 concursos; \\\"h\u00e1 muitos servidores\\\"\",\"isPartOf\":{\"@id\":\"https:\/\/www.estrategiaconcursos.com.br\/blog\/#website\"},\"primaryImageOfPage\":{\"@id\":\"https:\/\/www.estrategiaconcursos.com.br\/blog\/concursos-2019-guedes-diz-que-suspendera-concursos\/#primaryimage\"},\"image\":{\"@id\":\"https:\/\/www.estrategiaconcursos.com.br\/blog\/concursos-2019-guedes-diz-que-suspendera-concursos\/#primaryimage\"},\"thumbnailUrl\":\"https:\/\/dhg1h5j42swfq.cloudfront.net\/2019\/03\/17131121\/paulo-guedes.jpg\",\"datePublished\":\"2019-06-04T23:25:30+00:00\",\"dateModified\":\"2019-06-07T12:43:55+00:00\",\"breadcrumb\":{\"@id\":\"https:\/\/www.estrategiaconcursos.com.br\/blog\/concursos-2019-guedes-diz-que-suspendera-concursos\/#breadcrumb\"},\"inLanguage\":\"pt-BR\",\"potentialAction\":[{\"@type\":\"ReadAction\",\"target\":[\"https:\/\/www.estrategiaconcursos.com.br\/blog\/concursos-2019-guedes-diz-que-suspendera-concursos\/\"]}]},{\"@type\":\"ImageObject\",\"inLanguage\":\"pt-BR\",\"@id\":\"https:\/\/www.estrategiaconcursos.com.br\/blog\/concursos-2019-guedes-diz-que-suspendera-concursos\/#primaryimage\",\"url\":\"https:\/\/dhg1h5j42swfq.cloudfront.net\/2019\/03\/17131121\/paulo-guedes.jpg\",\"contentUrl\":\"https:\/\/dhg1h5j42swfq.cloudfront.net\/2019\/03\/17131121\/paulo-guedes.jpg\",\"width\":700,\"height\":394},{\"@type\":\"BreadcrumbList\",\"@id\":\"https:\/\/www.estrategiaconcursos.com.br\/blog\/concursos-2019-guedes-diz-que-suspendera-concursos\/#breadcrumb\",\"itemListElement\":[{\"@type\":\"ListItem\",\"position\":1,\"name\":\"In\u00edcio\",\"item\":\"https:\/\/www.estrategiaconcursos.com.br\/blog\/\"},{\"@type\":\"ListItem\",\"position\":2,\"name\":\"Concursos 2019: Guedes diz que suspender\u00e1 concursos; &#8220;h\u00e1 muitos servidores&#8221;\"}]},{\"@type\":\"WebSite\",\"@id\":\"https:\/\/www.estrategiaconcursos.com.br\/blog\/#website\",\"url\":\"https:\/\/www.estrategiaconcursos.com.br\/blog\/\",\"name\":\"Estrat\u00e9gia Concursos\",\"description\":\"O blog da Estrat\u00e9gia Concursos traz not\u00edcias sobre concursos e artigos de professores oferecendo cursos para concursos (pdf + videaulas) no site.\",\"publisher\":{\"@id\":\"https:\/\/www.estrategiaconcursos.com.br\/blog\/#organization\"},\"potentialAction\":[{\"@type\":\"SearchAction\",\"target\":{\"@type\":\"EntryPoint\",\"urlTemplate\":\"https:\/\/www.estrategiaconcursos.com.br\/blog\/?s={search_term_string}\"},\"query-input\":{\"@type\":\"PropertyValueSpecification\",\"valueRequired\":true,\"valueName\":\"search_term_string\"}}],\"inLanguage\":\"pt-BR\"},{\"@type\":\"Organization\",\"@id\":\"https:\/\/www.estrategiaconcursos.com.br\/blog\/#organization\",\"name\":\"Estrat\u00e9gia Concursos\",\"url\":\"https:\/\/www.estrategiaconcursos.com.br\/blog\/\",\"logo\":{\"@type\":\"ImageObject\",\"inLanguage\":\"pt-BR\",\"@id\":\"https:\/\/www.estrategiaconcursos.com.br\/blog\/#\/schema\/logo\/image\/\",\"url\":\"https:\/\/dhg1h5j42swfq.cloudfront.net\/2025\/06\/03203428\/logo_concursos-1.jpg\",\"contentUrl\":\"https:\/\/dhg1h5j42swfq.cloudfront.net\/2025\/06\/03203428\/logo_concursos-1.jpg\",\"width\":230,\"height\":60,\"caption\":\"Estrat\u00e9gia Concursos\"},\"image\":{\"@id\":\"https:\/\/www.estrategiaconcursos.com.br\/blog\/#\/schema\/logo\/image\/\"},\"sameAs\":[\"https:\/\/x.com\/EstratConcursos\"]},{\"@type\":\"Person\",\"@id\":\"https:\/\/www.estrategiaconcursos.com.br\/blog\/#\/schema\/person\/b4a388c97673c5f483d72185668afa1f\",\"name\":\"Coordena\u00e7\u00e3o\",\"image\":{\"@type\":\"ImageObject\",\"inLanguage\":\"pt-BR\",\"@id\":\"https:\/\/secure.gravatar.com\/avatar\/b720319e4c9a967eb58678d110f4fe35452fc5d5f97b202bac7b8acceb18c6ad?s=96&d=mm&r=g\",\"url\":\"https:\/\/secure.gravatar.com\/avatar\/b720319e4c9a967eb58678d110f4fe35452fc5d5f97b202bac7b8acceb18c6ad?s=96&d=mm&r=g\",\"contentUrl\":\"https:\/\/secure.gravatar.com\/avatar\/b720319e4c9a967eb58678d110f4fe35452fc5d5f97b202bac7b8acceb18c6ad?s=96&d=mm&r=g\",\"caption\":\"Coordena\u00e7\u00e3o\"},\"sameAs\":[\"https:\/\/www.facebook.com\/EstrategiaConcursos\",\"https:\/\/x.com\/EstratConcursos\"],\"url\":\"https:\/\/www.estrategiaconcursos.com.br\/blog\/author\/estrategia2013\/\"}]}<\/script>\n<!-- \/ Yoast SEO Premium plugin. -->","yoast_head_json":{"title":"Concursos 2019: Guedes diz que suspender\u00e1 concursos; \"h\u00e1 muitos servidores\"","robots":{"index":"index","follow":"follow","max-snippet":"max-snippet:-1","max-image-preview":"max-image-preview:large","max-video-preview":"max-video-preview:-1"},"canonical":"https:\/\/www.estrategiaconcursos.com.br\/blog\/concursos-2019-guedes-diz-que-suspendera-concursos\/","og_locale":"pt_BR","og_type":"article","og_title":"Concursos 2019: Guedes diz que suspender\u00e1 concursos; \"h\u00e1 muitos servidores\"","og_description":"O Ministro da Economia, Paulo Guedes, soltou uma declara\u00e7\u00e3o pol\u00eamica nesta ter\u00e7a-feira, 4 de junho. Durante audi\u00eancia na C\u00e2mara dos Deputados, em raz\u00e3o das discuss\u00f5es sobre a Reforma da Previd\u00eancia, o gestor disse que suspender\u00e1 a realiza\u00e7\u00e3o de concursos p\u00fablicos por conta do excesso de servidores. De acordo com ele, os governos que antecederam o [&hellip;]","og_url":"https:\/\/www.estrategiaconcursos.com.br\/blog\/concursos-2019-guedes-diz-que-suspendera-concursos\/","og_site_name":"Estrat\u00e9gia Concursos","article_author":"https:\/\/www.facebook.com\/EstrategiaConcursos","article_published_time":"2019-06-04T23:25:30+00:00","article_modified_time":"2019-06-07T12:43:55+00:00","og_image":[{"width":700,"height":394,"url":"https:\/\/dhg1h5j42swfq.cloudfront.net\/2019\/03\/17131121\/paulo-guedes.jpg","type":"image\/jpeg"}],"author":"Coordena\u00e7\u00e3o","twitter_card":"summary_large_image","twitter_creator":"@EstratConcursos","twitter_site":"@EstratConcursos","twitter_misc":{"Escrito por":"Coordena\u00e7\u00e3o","Est. tempo de leitura":"6 minutos"},"schema":{"@context":"https:\/\/schema.org","@graph":[{"@type":"NewsArticle","@id":"https:\/\/www.estrategiaconcursos.com.br\/blog\/concursos-2019-guedes-diz-que-suspendera-concursos\/#article","isPartOf":{"@id":"https:\/\/www.estrategiaconcursos.com.br\/blog\/concursos-2019-guedes-diz-que-suspendera-concursos\/"},"author":{"name":"Coordena\u00e7\u00e3o","@id":"https:\/\/www.estrategiaconcursos.com.br\/blog\/#\/schema\/person\/b4a388c97673c5f483d72185668afa1f"},"headline":"Concursos 2019: Guedes diz que suspender\u00e1 concursos; &#8220;h\u00e1 muitos servidores&#8221;","datePublished":"2019-06-04T23:25:30+00:00","dateModified":"2019-06-07T12:43:55+00:00","mainEntityOfPage":{"@id":"https:\/\/www.estrategiaconcursos.com.br\/blog\/concursos-2019-guedes-diz-que-suspendera-concursos\/"},"wordCount":1151,"commentCount":97,"publisher":{"@id":"https:\/\/www.estrategiaconcursos.com.br\/blog\/#organization"},"image":{"@id":"https:\/\/www.estrategiaconcursos.com.br\/blog\/concursos-2019-guedes-diz-que-suspendera-concursos\/#primaryimage"},"thumbnailUrl":"https:\/\/dhg1h5j42swfq.cloudfront.net\/2019\/03\/17131121\/paulo-guedes.jpg","articleSection":["Concursos P\u00fablicos"],"inLanguage":"pt-BR","potentialAction":[{"@type":"CommentAction","name":"Comment","target":["https:\/\/www.estrategiaconcursos.com.br\/blog\/concursos-2019-guedes-diz-que-suspendera-concursos\/#respond"]}],"copyrightYear":"2019","copyrightHolder":{"@id":"https:\/\/www.estrategiaconcursos.com.br\/blog\/#organization"}},{"@type":"WebPage","@id":"https:\/\/www.estrategiaconcursos.com.br\/blog\/concursos-2019-guedes-diz-que-suspendera-concursos\/","url":"https:\/\/www.estrategiaconcursos.com.br\/blog\/concursos-2019-guedes-diz-que-suspendera-concursos\/","name":"Concursos 2019: Guedes diz que suspender\u00e1 concursos; \"h\u00e1 muitos servidores\"","isPartOf":{"@id":"https:\/\/www.estrategiaconcursos.com.br\/blog\/#website"},"primaryImageOfPage":{"@id":"https:\/\/www.estrategiaconcursos.com.br\/blog\/concursos-2019-guedes-diz-que-suspendera-concursos\/#primaryimage"},"image":{"@id":"https:\/\/www.estrategiaconcursos.com.br\/blog\/concursos-2019-guedes-diz-que-suspendera-concursos\/#primaryimage"},"thumbnailUrl":"https:\/\/dhg1h5j42swfq.cloudfront.net\/2019\/03\/17131121\/paulo-guedes.jpg","datePublished":"2019-06-04T23:25:30+00:00","dateModified":"2019-06-07T12:43:55+00:00","breadcrumb":{"@id":"https:\/\/www.estrategiaconcursos.com.br\/blog\/concursos-2019-guedes-diz-que-suspendera-concursos\/#breadcrumb"},"inLanguage":"pt-BR","potentialAction":[{"@type":"ReadAction","target":["https:\/\/www.estrategiaconcursos.com.br\/blog\/concursos-2019-guedes-diz-que-suspendera-concursos\/"]}]},{"@type":"ImageObject","inLanguage":"pt-BR","@id":"https:\/\/www.estrategiaconcursos.com.br\/blog\/concursos-2019-guedes-diz-que-suspendera-concursos\/#primaryimage","url":"https:\/\/dhg1h5j42swfq.cloudfront.net\/2019\/03\/17131121\/paulo-guedes.jpg","contentUrl":"https:\/\/dhg1h5j42swfq.cloudfront.net\/2019\/03\/17131121\/paulo-guedes.jpg","width":700,"height":394},{"@type":"BreadcrumbList","@id":"https:\/\/www.estrategiaconcursos.com.br\/blog\/concursos-2019-guedes-diz-que-suspendera-concursos\/#breadcrumb","itemListElement":[{"@type":"ListItem","position":1,"name":"In\u00edcio","item":"https:\/\/www.estrategiaconcursos.com.br\/blog\/"},{"@type":"ListItem","position":2,"name":"Concursos 2019: Guedes diz que suspender\u00e1 concursos; &#8220;h\u00e1 muitos servidores&#8221;"}]},{"@type":"WebSite","@id":"https:\/\/www.estrategiaconcursos.com.br\/blog\/#website","url":"https:\/\/www.estrategiaconcursos.com.br\/blog\/","name":"Estrat\u00e9gia Concursos","description":"O blog da Estrat\u00e9gia Concursos traz not\u00edcias sobre concursos e artigos de professores oferecendo cursos para concursos (pdf + videaulas) no site.","publisher":{"@id":"https:\/\/www.estrategiaconcursos.com.br\/blog\/#organization"},"potentialAction":[{"@type":"SearchAction","target":{"@type":"EntryPoint","urlTemplate":"https:\/\/www.estrategiaconcursos.com.br\/blog\/?s={search_term_string}"},"query-input":{"@type":"PropertyValueSpecification","valueRequired":true,"valueName":"search_term_string"}}],"inLanguage":"pt-BR"},{"@type":"Organization","@id":"https:\/\/www.estrategiaconcursos.com.br\/blog\/#organization","name":"Estrat\u00e9gia Concursos","url":"https:\/\/www.estrategiaconcursos.com.br\/blog\/","logo":{"@type":"ImageObject","inLanguage":"pt-BR","@id":"https:\/\/www.estrategiaconcursos.com.br\/blog\/#\/schema\/logo\/image\/","url":"https:\/\/dhg1h5j42swfq.cloudfront.net\/2025\/06\/03203428\/logo_concursos-1.jpg","contentUrl":"https:\/\/dhg1h5j42swfq.cloudfront.net\/2025\/06\/03203428\/logo_concursos-1.jpg","width":230,"height":60,"caption":"Estrat\u00e9gia Concursos"},"image":{"@id":"https:\/\/www.estrategiaconcursos.com.br\/blog\/#\/schema\/logo\/image\/"},"sameAs":["https:\/\/x.com\/EstratConcursos"]},{"@type":"Person","@id":"https:\/\/www.estrategiaconcursos.com.br\/blog\/#\/schema\/person\/b4a388c97673c5f483d72185668afa1f","name":"Coordena\u00e7\u00e3o","image":{"@type":"ImageObject","inLanguage":"pt-BR","@id":"https:\/\/secure.gravatar.com\/avatar\/b720319e4c9a967eb58678d110f4fe35452fc5d5f97b202bac7b8acceb18c6ad?s=96&d=mm&r=g","url":"https:\/\/secure.gravatar.com\/avatar\/b720319e4c9a967eb58678d110f4fe35452fc5d5f97b202bac7b8acceb18c6ad?s=96&d=mm&r=g","contentUrl":"https:\/\/secure.gravatar.com\/avatar\/b720319e4c9a967eb58678d110f4fe35452fc5d5f97b202bac7b8acceb18c6ad?s=96&d=mm&r=g","caption":"Coordena\u00e7\u00e3o"},"sameAs":["https:\/\/www.facebook.com\/EstrategiaConcursos","https:\/\/x.com\/EstratConcursos"],"url":"https:\/\/www.estrategiaconcursos.com.br\/blog\/author\/estrategia2013\/"}]}},"_links":{"self":[{"href":"https:\/\/www.estrategiaconcursos.com.br\/blog\/wp-json\/wp\/v2\/posts\/383396","targetHints":{"allow":["GET"]}}],"collection":[{"href":"https:\/\/www.estrategiaconcursos.com.br\/blog\/wp-json\/wp\/v2\/posts"}],"about":[{"href":"https:\/\/www.estrategiaconcursos.com.br\/blog\/wp-json\/wp\/v2\/types\/post"}],"author":[{"embeddable":true,"href":"https:\/\/www.estrategiaconcursos.com.br\/blog\/wp-json\/wp\/v2\/users\/1"}],"replies":[{"embeddable":true,"href":"https:\/\/www.estrategiaconcursos.com.br\/blog\/wp-json\/wp\/v2\/comments?post=383396"}],"version-history":[{"count":44,"href":"https:\/\/www.estrategiaconcursos.com.br\/blog\/wp-json\/wp\/v2\/posts\/383396\/revisions"}],"predecessor-version":[{"id":383482,"href":"https:\/\/www.estrategiaconcursos.com.br\/blog\/wp-json\/wp\/v2\/posts\/383396\/revisions\/383482"}],"wp:featuredmedia":[{"embeddable":true,"href":"https:\/\/www.estrategiaconcursos.com.br\/blog\/wp-json\/wp\/v2\/media\/171889"}],"wp:attachment":[{"href":"https:\/\/www.estrategiaconcursos.com.br\/blog\/wp-json\/wp\/v2\/media?parent=383396"}],"wp:term":[{"taxonomy":"category","embeddable":true,"href":"https:\/\/www.estrategiaconcursos.com.br\/blog\/wp-json\/wp\/v2\/categories?post=383396"},{"taxonomy":"post_tag","embeddable":true,"href":"https:\/\/www.estrategiaconcursos.com.br\/blog\/wp-json\/wp\/v2\/tags?post=383396"},{"taxonomy":"tax_estado","embeddable":true,"href":"https:\/\/www.estrategiaconcursos.com.br\/blog\/wp-json\/wp\/v2\/tax_estado?post=383396"}],"curies":[{"name":"wp","href":"https:\/\/api.w.org\/{rel}","templated":true}]}}