{"id":383283,"date":"2026-04-28T11:18:00","date_gmt":"2026-04-28T14:18:00","guid":{"rendered":"https:\/\/www.estrategiaconcursos.com.br\/blog\/?p=383283"},"modified":"2026-04-28T11:24:29","modified_gmt":"2026-04-28T14:24:29","slug":"concurso-seed-ap","status":"publish","type":"post","link":"https:\/\/www.estrategiaconcursos.com.br\/blog\/concurso-seed-ap\/","title":{"rendered":"Concurso SEED AP: consulte o gabarito preliminar!"},"content":{"rendered":"\n<p style=\"font-size:clamp(16.293px, 1.018rem + ((1vw - 3.2px) * 0.854), 25px);\"><strong><em>FGV e IDCAP s\u00e3o as bancas dos novos certames!<\/em><\/strong><\/p>\n\n\n<a id=\"cta-icon\" href=\"https:\/\/www.redirectmais.com\/wpp\/seed-ap-grupo\" target=\"blank\" style=\"background:rgb(41,166,26)\">\n            <img decoding=\"async\" src=\"https:\/\/dhg1h5j42swfq.cloudfront.net\/2024\/01\/03154041\/whatsapp_13851.png\" alt=\"\" alt=\"whatsapp_13851\"><span > Acesse agora o Grupo de Estudos para o Concurso SEED AP<\/span><\/a>\n\n\n\n<p>As provas do <strong>Concurso <a href=\"https:\/\/www.estrategiaconcursos.com.br\/cursosPorConcurso\/secretaria-de-educacao-do-amapa-seed-ap\/\" target=\"_blank\" rel=\"noreferrer noopener\">Secretaria de Educa\u00e7\u00e3o do Amap\u00e1<\/a><\/strong>\u00a0<strong>(SEED AP)<\/strong> foram aplicadas no dia 26 de abril. Sendo assim, os interessados j\u00e1 podem conferir os gabaritos!<\/p>\n\n\n\n<p>Lembrando que ser\u00e1 poss\u00edvel interpor recursos contra os gabaritos preliminares. O prazo \u00e9 at\u00e9 o dia 29 de abril, no site do IDCAP.<\/p>\n\n\n\n<ul class=\"wp-block-list\">\n<li><a href=\"https:\/\/idcap.selecao.net.br\/login?redir=%2Fpainel%2Fprovas%2Fobjetiva%2Fhtml%2F916%2F1%2F\" target=\"_blank\" rel=\"noreferrer noopener\"><strong>Gabarito preliminar!<\/strong><\/a><\/li>\n<\/ul>\n\n\n\n<p>O edital oferece <strong>412 vagas<\/strong>, sendo 209 s\u00e3o para provimento imediato e 203 para o cadastro reserva.<\/p>\n\n\n\n<p>As vagas s\u00e3o destinadas aos n\u00edveis m\u00e9dio e superior de forma\u00e7\u00e3o. As remunera\u00e7\u00f5es iniciais v\u00e3o de R$ 3.498,42 a R$ 6.600,98.<\/p>\n\n\n\n<p>S\u00e3o oportunidades para professor ind\u00edgena, especialista em educa\u00e7\u00e3o ind\u00edgena, pedagogo ind\u00edgena e auxiliar educacional ind\u00edgena.<\/p>\n\n\n\n<p>Al\u00e9m disso, um novo concurso est\u00e1 em estudos para o pr\u00f3ximo ano, visto que as vagas ofertadas no concurso de 2022 para Professor n\u00e3o foram totalmente preenchidas.<\/p>\n\n\n\n<ul style=\"background-color:#f8f8f8\" class=\"wp-block-list has-background\">\n<li><strong>Concurso SEED AP<\/strong> &#8211; <strong>Ind\u00edgena<\/strong><\/li>\n\n\n\n<li><strong>Status:<\/strong>\u00a0gabaritos publicados<\/li>\n\n\n\n<li><strong style=\"color: initial;\">Banca:&nbsp;<\/strong><span style=\"color: initial;\">IDCAP<\/span><\/li>\n\n\n\n<li><strong>Vagas:<\/strong> 209 + 203 CR<\/li>\n\n\n\n<li><strong>Sal\u00e1rio inicial:<\/strong> R$ 3.498,42 a R$ 6.600,98<\/li>\n\n\n\n<li><strong>Edital<\/strong>: <a href=\"https:\/\/dhg1h5j42swfq.cloudfront.net\/2026\/02\/27220233\/seed-ap-indigenas-edital.pdf\" target=\"_blank\" rel=\"noreferrer noopener nofollow\">SEED AP Ind\u00edgenas &#8211; 2026<\/a><\/li>\n<\/ul>\n\n\n\n<p>Vale lembrar que, al\u00e9m deste certame, a SEED AP tamb\u00e9m est\u00e1 com <strong>banca definida<\/strong>, a <strong>FGV<\/strong>, para os cargos de <strong>analista, especialista e auxiliar educacional, desde 2023.<\/strong> <\/p>\n\n\n\n<p>A sele\u00e7\u00e3o ofertar\u00e1 <strong>319 vagas para os cargos de analista, especialista e auxiliar educacional.<\/strong><\/p>\n\n\n\n<p>Confira detalhes ao longo do artigo!<\/p>\n\n\n\n<ul style=\"background-color:#abb7c28f\" class=\"wp-block-list has-background\">\n<li><strong>Concurso SEED AP<\/strong> <strong>&#8211;<\/strong> <strong>Analista<\/strong> <strong>e Auxiliar<\/strong><\/li>\n\n\n\n<li><strong>Status:<\/strong>&nbsp;banca definida<\/li>\n\n\n\n<li><strong style=\"color: initial;\">Banca:&nbsp;<\/strong><span style=\"color: initial;\">FGV<\/span><\/li>\n\n\n\n<li><strong>Vagas:&nbsp;<\/strong>319<\/li>\n\n\n\n<li><strong>Sal\u00e1rio inicial:<\/strong>&nbsp;R$ 2.606,10 a R$ 4.917,28 [\u00faltimo edital]<\/li>\n\n\n\n<li><strong>\u00daltimo<\/strong> <strong>Edital<\/strong>: <a href=\"https:\/\/dhg1h5j42swfq.cloudfront.net\/2022\/08\/05162814\/sead_f579a9ecb4638a8d208fe5d2fc44aa01.pdf\" target=\"_blank\" rel=\"noreferrer noopener nofollow\">SEED AP 2022<\/a><\/li>\n<\/ul>\n\n\n\n<p>Para te manter 100% informado, elaboramos este artigo com as principais informa\u00e7\u00f5es sobre o <strong>concurso SEED AP<\/strong>. Acompanhe os t\u00f3picos abaixo e n\u00e3o perca nenhum detalhe.<\/p>\n\n\n\n<div class=\"col-sm\">\n      <div class=\"banner-estrategia\" id=\"box-assinatura\">\n        <h3 class=\"titulo-assinatura\">Cursos para SEED AP<\/h3>\n        <p class=\"subtitulo-assinatura\">Conhe\u00e7a os cursos<\/p>\n        <div class=\"box-botao\">\n          <a class=\"btn-assinatura\" target=\"_blank\" href=\"https:\/\/www.estrategiaconcursos.com.br\/cursosPorConcurso\/secretaria-de-educacao-do-amapa-seed-ap\/\" role=\"button\" rel=\"noopener noreferrer\">Conhe\u00e7a mais<\/a>\n        <\/div>\n      <\/div>\n      <p class=\"texto-auxiliar\">Prepare-se com o melhor material e com quem mais aprova em Concursos P\u00fablicos em todo o pa\u00eds.<\/p>\n    <\/div>\n\n\n\n<p>Neste artigo voc\u00ea fica por dentro de todas as informa\u00e7\u00f5es sobre o concurso SEED AP.<\/p>\n\n\n\n<ul class=\"wp-block-list\">\n<li><strong><a href=\"#atual\">Situa\u00e7\u00e3o atual do concurso SEED AP<\/a><\/strong>\n<ul class=\"wp-block-list\">\n<li><a href=\"#datas\"><strong>Principais datas<\/strong><\/a><\/li>\n\n\n\n<li><a href=\"#cargos\"><strong>Cargos e vagas<\/strong><\/a><\/li>\n\n\n\n<li><a href=\"#etapas\"><strong>Etapas e provas<\/strong><\/a><\/li>\n<\/ul>\n<\/li>\n\n\n\n<li><a href=\"#h-estrutura-remuneratoria\"><strong>Estrutura remunerat\u00f3ria<\/strong><\/a><\/li>\n\n\n\n<li><strong><a href=\"#ultimo\">\u00daltimo concurso SEED AP Professor<\/a> <\/strong>\n<ul class=\"wp-block-list\">\n<li><a href=\"#RESULTADOS-2022\"><strong>Resultado final<\/strong><\/a><\/li>\n<\/ul>\n<\/li>\n\n\n\n<li><strong><a href=\"#cargos-vagas\">Cargos e Vagas<\/a><\/strong><\/li>\n\n\n\n<li><strong><a href=\"#h-requisitos-e-atribuicoes\">Requisitos e atribui\u00e7\u00f5es<\/a><\/strong><\/li>\n\n\n\n<li><strong><a href=\"#etapas\">Etapas e Provas<\/a><\/strong>\n<ul class=\"wp-block-list\">\n<li><strong><a href=\"#objetiva\">Prova Objetiva<\/a><\/strong><\/li>\n\n\n\n<li><strong><a href=\"#discursiva\">Prova Discursiva<\/a><\/strong><\/li>\n\n\n\n<li><strong><a href=\"#pratica\">Prova Pr\u00e1tica<\/a><\/strong><\/li>\n\n\n\n<li><strong><a href=\"#oferecida\">Remunera\u00e7\u00e3o oferecida<\/a><\/strong><\/li>\n\n\n\n<li><strong><a href=\"#disciplinas\">Disciplinas cobradas<\/a><\/strong><\/li>\n\n\n\n<li><strong><a href=\"#cursos-assinatura\">Cursos e assinaturas<\/a><\/strong><\/li>\n\n\n\n<li><strong><a href=\"#ficha\">Ficha T\u00e9cnica<\/a> <\/strong><\/li>\n<\/ul>\n<\/li>\n<\/ul>\n\n\n\n<h2 class=\"wp-block-heading\" id=\"atual\">Status atual do Concurso SEED AP<\/h2>\n\n\n\n<ul class=\"wp-block-list\">\n<li><strong>13 de abril de 2026:<\/strong> <a href=\"https:\/\/www.estrategiaconcursos.com.br\/blog\/concurso-seed-ap-nova-selecao-em-2027\/\" target=\"_blank\" rel=\"noreferrer noopener\">novo edital para efetivos confirmado<\/a><\/li>\n<\/ul>\n\n\n\n<h3 class=\"wp-block-heading\" id=\"datas\">Principais datas concurso Ind\u00edgenas 2026<\/h3>\n\n\n\n<ul class=\"wp-block-list has-base-background-color has-background\">\n<li><s><strong>Inscri\u00e7\u00f5es<\/strong>: 05 a 29\/03 <\/s><\/li>\n\n\n\n<li><s><strong>Isen\u00e7\u00e3o da taxa<\/strong>: 27 e 28\/02<\/s><\/li>\n\n\n\n<li><strong>\u00daltimo dia para pagamento<\/strong>: <s>30\/03 <\/s><\/li>\n\n\n\n<li><strong>Prova<\/strong>: <s>26\/04<\/s><\/li>\n<\/ul>\n\n\n\n<h2 class=\"wp-block-heading\" id=\"cargos\">Cargos e vagas do Concurso SEED AP<\/h2>\n\n\n\n<figure class=\"wp-block-table is-style-stripes\"><table class=\"has-fixed-layout\"><thead><tr><th class=\"has-text-align-center\" data-align=\"center\">CARGOS<\/th><th class=\"has-text-align-center\" data-align=\"center\">VAGAS<\/th><th class=\"has-text-align-center\" data-align=\"center\">SAL\u00c1RIO<\/th><th class=\"has-text-align-center\" data-align=\"center\">N\u00edvel escolaridade<\/th><\/tr><\/thead><tbody><tr><td class=\"has-text-align-center\" data-align=\"center\">Professor Classe C, N\u00edvel I<\/td><td class=\"has-text-align-center\" data-align=\"center\">110 + 104CR<\/td><td class=\"has-text-align-center\" data-align=\"center\">R$ 5.263,91<\/td><td class=\"has-text-align-center\" data-align=\"center\">Superior<\/td><\/tr><tr><td class=\"has-text-align-center\" data-align=\"center\">Professor Classe A,<br \/>N\u00edvel I<\/td><td class=\"has-text-align-center\" data-align=\"center\">60+65CR<\/td><td class=\"has-text-align-center\" data-align=\"center\">R$ 5.263,91<\/td><td class=\"has-text-align-center\" data-align=\"center\">Superior<\/td><\/tr><tr><td class=\"has-text-align-center\" data-align=\"center\">Especialista em Educa\u00e7\u00e3o Ind\u00edgena<\/td><td class=\"has-text-align-center\" data-align=\"center\">4 + 3 CR<\/td><td class=\"has-text-align-center\" data-align=\"center\">R$ 6.600,98<\/td><td class=\"has-text-align-center\" data-align=\"center\">Superior<\/td><\/tr><tr><td class=\"has-text-align-center\" data-align=\"center\">Pedagogo Ind\u00edgena<\/td><td class=\"has-text-align-center\" data-align=\"center\">15+14CR<\/td><td class=\"has-text-align-center\" data-align=\"center\">R$ 6.600,98<\/td><td class=\"has-text-align-center\" data-align=\"center\">Superior<\/td><\/tr><tr><td class=\"has-text-align-center\" data-align=\"center\">Auxiliar Educacional Ind\u00edgena <\/td><td class=\"has-text-align-center\" data-align=\"center\">21 + 13 CR<\/td><td class=\"has-text-align-center\" data-align=\"center\">RR$ 3.498,42<\/td><td class=\"has-text-align-center\" data-align=\"center\">M\u00e9dio<\/td><\/tr><\/tbody><\/table><\/figure>\n\n\n\n<h2 class=\"wp-block-heading\" id=\"etapas\">Etapas e provas do edital SEED AP<\/h2>\n\n\n\n<p>Sob organiza\u00e7\u00e3o da banca IDCAP, os candidatos inscritos no edital do concurso SEED AP ter\u00e3o que enfrentar: <\/p>\n\n\n\n<ul class=\"wp-block-list\">\n<li><strong>Prova Objetiva<\/strong> \u2013 eliminat\u00f3rio e classificat\u00f3rio; e<\/li>\n\n\n\n<li><strong>Exame Documental e Exames M\u00e9dicos <\/strong>\u2013 eliminat\u00f3rio.<\/li>\n<\/ul>\n\n\n\n<h3 class=\"wp-block-heading\" id=\"objetiva\">Provas Objetivas<\/h3>\n\n\n\n<p>A prova objetiva, de car\u00e1ter eliminat\u00f3rio e classificat\u00f3rio, foi realizada no per\u00edodo das 13h \u00e0s 17h, com dura\u00e7\u00e3o total de 4h.<\/p>\n\n\n\n<p>A etapa foi composta de 60 quest\u00f5es de m\u00faltipla escolha, com 4 alternativas, conforme listado abaixo:<\/p>\n\n\n\n<figure class=\"wp-block-image aligncenter size-full\"><img loading=\"lazy\" decoding=\"async\" width=\"537\" height=\"362\" src=\"https:\/\/dhg1h5j42swfq.cloudfront.net\/2026\/02\/27223817\/prova-objetiva-seed-ap-indigenas.jpg\" alt=\"prova objetiva do concurso SEED AP\" class=\"wp-image-1723134\" srcset=\"https:\/\/dhg1h5j42swfq.cloudfront.net\/2026\/02\/27223817\/prova-objetiva-seed-ap-indigenas.jpg 537w, https:\/\/dhg1h5j42swfq.cloudfront.net\/2026\/02\/27223817\/prova-objetiva-seed-ap-indigenas-300x202.jpg 300w, https:\/\/dhg1h5j42swfq.cloudfront.net\/2026\/02\/27223817\/prova-objetiva-seed-ap-indigenas-150x101.jpg 150w\" sizes=\"auto, (max-width: 537px) 100vw, 537px\" \/><figcaption class=\"wp-element-caption\">Prova objetiva do concurso SEED AP<\/figcaption><\/figure>\n\n\n\n<p>O candidato que n\u00e3o atingiu o m\u00ednimo de 50 pontos na prova objetiva, poder\u00e1 ser desclassificado da etapa e eliminado do certame.<\/p>\n\n\n\n<h3 class=\"wp-block-heading\" id=\"h-exame-documental\">Exame Documental<\/h3>\n\n\n\n<p>Os candidatos ser\u00e3o convocados para apresentar a seguinte documenta\u00e7\u00e3o:<\/p>\n\n\n\n<figure class=\"wp-block-image aligncenter size-full\"><img loading=\"lazy\" decoding=\"async\" width=\"563\" height=\"209\" src=\"https:\/\/dhg1h5j42swfq.cloudfront.net\/2026\/02\/27223812\/seed-ap-exame-documental.jpg\" alt=\"Exame Documental do concurso SEED AP\" class=\"wp-image-1723133\" srcset=\"https:\/\/dhg1h5j42swfq.cloudfront.net\/2026\/02\/27223812\/seed-ap-exame-documental.jpg 563w, https:\/\/dhg1h5j42swfq.cloudfront.net\/2026\/02\/27223812\/seed-ap-exame-documental-300x111.jpg 300w, https:\/\/dhg1h5j42swfq.cloudfront.net\/2026\/02\/27223812\/seed-ap-exame-documental-150x56.jpg 150w\" sizes=\"auto, (max-width: 563px) 100vw, 563px\" \/><figcaption class=\"wp-element-caption\">Exame Documental do concurso SEED AP<\/figcaption><\/figure>\n\n\n\n<h3 class=\"wp-block-heading\" id=\"h-estrutura-remuneratoria\">Estrutura remunerat\u00f3ria <\/h3>\n\n\n\n<p>Em 2024, o governo do Amap\u00e1 concedeu reajuste de 8,62% para professores , e elevou o sal\u00e1rio base do profissional, n\u00edvel A1, para R$ 4.684,89, acima do Piso Nacional, de R$ 4.580,57.<\/p>\n\n\n\n<p>Com isso, os novos professores passam a ingressar na carreira de doc\u00eancia, com um vencimento inicial R$ 5.874,89, na classe C1.<\/p>\n\n\n\n<p>Veja a <a href=\"https:\/\/editor.amapa.gov.br\/arquivos_portais\/publicacoes\/SEAD_d7fd4787948578229a9b7d18e84f8c30.pdf\" target=\"_blank\" rel=\"noreferrer noopener\">estrutura remunerat\u00f3ria<\/a> na \u00edntegra!<\/p>\n\n\n\n<h2 class=\"wp-block-heading\" id=\"seed-ap-2022\">\u00daltimo concurso SEED AP Professor<\/h2>\n\n\n\n<p>Sob organiza\u00e7\u00e3o da FGV, o edital foi publicado em 2022 para o provimento de 1.182 vagas imediatas e 3.820 vagas para forma\u00e7\u00e3o de cadastro reserva (CR).<\/p>\n\n\n\n<h3 class=\"wp-block-heading\" id=\"RESULTADOS-2022\">Resultado final <\/h3>\n\n\n\n<p>Os resultado Final da 1a fase do Concurso P\u00fablico para os cargos de Professor da Educa\u00e7\u00e3o B\u00e1sica e Profissional, de Pedagogo e de Cuidador; e Resultado Final da 1a e 2a fase do Concurso P\u00fablico para o cargo de Tradutor Int\u00e9rprete de Libras-L\u00edngua Portuguesa podem ser conferidos no link abaixo:<\/p>\n\n\n\n<ul class=\"wp-block-list\">\n<li><a href=\"https:\/\/conhecimento.fgv.br\/sites\/default\/files\/concursos\/edital-no-019-2023-resultado-final-do-concurso-seed-2022.pdf\" target=\"_blank\" rel=\"noreferrer noopener\">Resultados do edital de 2022<\/a>.<\/li>\n<\/ul>\n\n\n\n<h3 class=\"wp-block-heading\" id=\"cargos-vagas\">Cargos e vagas<\/h3>\n\n\n\n<h4 class=\"wp-block-heading\" id=\"nivel-medio\">N\u00edvel m\u00e9dio<\/h4>\n\n\n\n<figure class=\"wp-block-table is-style-stripes\"><table class=\"has-very-light-gray-to-cyan-bluish-gray-gradient-background has-background has-fixed-layout\"><thead><tr><th class=\"has-text-align-center\" data-align=\"center\">CARGOS<\/th><th class=\"has-text-align-center\" data-align=\"center\">VAGAS<\/th><th class=\"has-text-align-center\" data-align=\"center\">SAL\u00c1RIO<\/th><\/tr><\/thead><tbody><tr><td class=\"has-text-align-center\" data-align=\"center\">Cuidador<\/td><td class=\"has-text-align-center\" data-align=\"center\">70 + 220 CR<\/td><td class=\"has-text-align-center\" data-align=\"center\">R$ 2.606,10<\/td><\/tr><\/tbody><\/table><figcaption class=\"wp-element-caption\">Vagas de n\u00edvel m\u00e9dio SEED AP<\/figcaption><\/figure>\n\n\n\n<h4 class=\"wp-block-heading\" id=\"tecnico\">N\u00edvel superior<\/h4>\n\n\n\n<figure class=\"wp-block-table is-style-stripes\"><table class=\"has-very-light-gray-to-cyan-bluish-gray-gradient-background has-background has-fixed-layout\"><thead><tr><th class=\"has-text-align-center\" data-align=\"center\">CARGOS<\/th><th class=\"has-text-align-center\" data-align=\"center\">VAGAS<\/th><th class=\"has-text-align-center\" data-align=\"center\">SAL\u00c1RIO<\/th><\/tr><\/thead><tbody><tr><td class=\"has-text-align-center\" data-align=\"center\">Professor da Educa\u00e7\u00e3o B\u00e1sica e Profissional<\/td><td class=\"has-text-align-center\" data-align=\"center\">1000 + 3220 CR<\/td><td class=\"has-text-align-center\" data-align=\"center\">R$ 4.917,28<\/td><\/tr><tr><td class=\"has-text-align-center\" data-align=\"center\">Pedagogo<\/td><td class=\"has-text-align-center\" data-align=\"center\">100 + 300 CR<\/td><td class=\"has-text-align-center\" data-align=\"center\">R$ 4.917,28<\/td><\/tr><tr><td class=\"has-text-align-center\" data-align=\"center\">Tradutor Int\u00e9rprete de LIBRAS-L\u00edngua Portuguesa<\/td><td class=\"has-text-align-center\" data-align=\"center\">12 +  80 CR<\/td><td class=\"has-text-align-center\" data-align=\"center\">R$ 3.864,62<\/td><\/tr><\/tbody><\/table><figcaption class=\"wp-element-caption\">Vagas de n\u00edvel superior SEED AP<\/figcaption><\/figure>\n\n\n\n<h3 class=\"wp-block-heading\" id=\"h-requisitos-e-atribuicoes\">Requisitos e atribui\u00e7\u00f5es<\/h3>\n\n\n\n<h4 class=\"wp-block-heading\" id=\"professor-da-educacao-basica-e-profissional\">Professor da Educa\u00e7\u00e3o B\u00e1sica e Profissional<\/h4>\n\n\n\n<p><strong>Requisitos:<\/strong> habilita\u00e7\u00e3o espec\u00edfica de n\u00edvel superior, representada por licenciatura plena para o desempenho de fun\u00e7\u00f5es na educa\u00e7\u00e3o b\u00e1sica.<\/p>\n\n\n\n<p><strong>Atribui\u00e7\u00f5es<\/strong>: I &#8211; participar da formula\u00e7\u00e3o de pol\u00edticas educacionais nos diversos \u00e2mbitos do Sistema P\u00fablico de Educa\u00e7\u00e3o B\u00e1sica; II &#8211; elaborar planos, programas e projetos educacionais no \u00e2mbito de sua atua\u00e7\u00e3o; III &#8211; participar da elabora\u00e7\u00e3o do Plano Pol\u00edtico-Pedag\u00f3gico; IV &#8211; desenvolver a reg\u00eancia efetiva; V &#8211; coordenar e sistematizar o processo de rendimento escolar; VI &#8211; planejar, executar e acompanhar as a\u00e7\u00f5es de recupera\u00e7\u00e3o do educando; VII &#8211; participar de reuni\u00f5es de trabalho; VIII &#8211; desenvolver pesquisa educacional; IX &#8211; participar de a\u00e7\u00f5es administrativas e das intera\u00e7\u00f5es educativas com a comunidade; X &#8211; zelar pela aprendizagem dos alunos; XI &#8211; ministrar os dias letivos e horas aulas estabelecidas, al\u00e9m de participar integralmente dos per\u00edodos dedicados ao planejamento, avalia\u00e7\u00e3o e desenvolvimento profissional; XII &#8211; desenvolver atividades em ambientes de aprendizagem, atrav\u00e9s das Tecnologias de Informa\u00e7\u00e3o e Comunica\u00e7\u00e3o, e Programas de Educa\u00e7\u00e3o, presencial ou \u00e0 dist\u00e2ncia, com vistas \u00e0 dinamiza\u00e7\u00e3o e moderniza\u00e7\u00e3o das pr\u00e1ticas pedag\u00f3gicas e \u00e0 forma\u00e7\u00e3o continuada dos profissionais da educa\u00e7\u00e3o.<\/p>\n\n\n\n<h4 class=\"wp-block-heading\" id=\"pedagogo\">Pedagogo<\/h4>\n\n\n\n<p><strong>Requisitos<\/strong>: diploma de n\u00edvel superior de gradua\u00e7\u00e3o com licenciatura plena em Pedagogia, com habilita\u00e7\u00e3o em supervis\u00e3o, orienta\u00e7\u00e3o, inspe\u00e7\u00e3o e administra\u00e7\u00e3o escolar.<\/p>\n\n\n\n<p><strong>Atribui\u00e7\u00f5es<\/strong>: I &#8211; planejar, coordenar, assessorar e avaliar as a\u00e7\u00f5es educativas, concomitantemente aos demais servi\u00e7os e segmentos envolvidos no processo educacional; II &#8211; elaborar e viabilizar o desenvolvimento do curr\u00edculo pleno da escola; III &#8211; promover a qualidade e a produtividade do processo ensino-aprendizagem; IV &#8211; contribuir com a formula\u00e7\u00e3o das pol\u00edticas p\u00fablicas educacionais do Estado; V &#8211; desenvolver atividades docentes nos ambientes de aprendizagem, presencial ou \u00e0 dist\u00e2ncia, para os profissionais da educa\u00e7\u00e3o no Estado.<\/p>\n\n\n\n<h4 class=\"wp-block-heading\" id=\"tradutor-interprete-de-libras-lingua-portuguesa\">Tradutor Int\u00e9rprete de LIBRAS-L\u00edngua Portuguesa<\/h4>\n\n\n\n<p><strong>Requisitos<\/strong>: <\/p>\n\n\n\n<ul class=\"wp-block-list\">\n<li>Bacharelado em Letras\/Libras, com habilita\u00e7\u00e3o em tradu\u00e7\u00e3o e interpreta\u00e7\u00e3o de Libras &#8211; L\u00edngua Portuguesa; <\/li>\n\n\n\n<li>Qualquer gradua\u00e7\u00e3o em n\u00edvel superior, acrescida de certificado de profici\u00eancia em tradu\u00e7\u00e3o e interpreta\u00e7\u00e3o de Libras &#8211; L\u00edngua Portuguesa.<\/li>\n\n\n\n<li>Qualquer gradua\u00e7\u00e3o em n\u00edvel superior, acrescida de curso de forma\u00e7\u00e3o em tradu\u00e7\u00e3o e interpreta\u00e7\u00e3o de Libras &#8211; L\u00edngua Portuguesa.<\/li>\n\n\n\n<li>Qualquer gradua\u00e7\u00e3o em n\u00edvel superior, acrescida de curso de educa\u00e7\u00e3o profissional com habilita\u00e7\u00e3o em tradu\u00e7\u00e3o e interpreta\u00e7\u00e3o de Libras &#8211; L\u00edngua Portuguesa.<\/li>\n<\/ul>\n\n\n\n<p><strong>Atribui\u00e7\u00f5es<\/strong>: I &#8211; acompanhar os docentes e discentes surdos e com defici\u00eancia auditiva nas escolas da rede estadual, desde que o aluno com necessidades especiais tenha dom\u00ednio de Libras; II &#8211; dar apoio \u00e0 acessibilidade, aos servi\u00e7os e \u00e0 atividade fim do Sistema Estadual de Educa\u00e7\u00e3o; III &#8211; assegurar aos alunos surdos ou com defici\u00eancia auditiva o acesso \u00e0 comunica\u00e7\u00e3o, \u00e0 informa\u00e7\u00e3o e \u00e0 educa\u00e7\u00e3o.<\/p>\n\n\n\n<h4 class=\"wp-block-heading\" id=\"cuidador\">Cuidador<\/h4>\n\n\n\n<p><strong>Requisitos<\/strong>: Ensino m\u00e9dio completo e capacita\u00e7\u00e3o na \u00e1rea de educa\u00e7\u00e3o especial e sa\u00fade.<\/p>\n\n\n\n<p><strong>Atribui\u00e7\u00f5es:<\/strong> I &#8211; auxiliar os professores no atendimento dos alunos com defici\u00eancia e\/ou transtorno globais do desenvolvimento, mantendo comunica\u00e7\u00e3o com os respons\u00e1veis, professores e gest\u00e3o escolar e responsabilizar-se pelo atendimento alimentar dos alunos sob orienta\u00e7\u00e3o da gest\u00e3o escolar; II &#8211; auxiliar os alunos com defici\u00eancias, na locomo\u00e7\u00e3o, higiene ou alimenta\u00e7\u00e3o nas depend\u00eancias da Unidade Escolar ou fora dessa em atividades escolares previamente planejadas pelo(s) professor(es) da classe e autorizadas pela gest\u00e3o escolar; III &#8211; realizar procedimento de higiene e cuidados em alunos com necessidades educacionais espec\u00edficas; IV &#8211; ministrar via oral e com autoriza\u00e7\u00e3o dos respons\u00e1veis pelo aluno com defici\u00eancia e transtornos globais do desenvolvimento, quando necess\u00e1rio, medicamentos salvo nas hip\u00f3teses em que tal atividade seja privativa de enfermeiro, cumprindo rigorosamente a  prescri\u00e7\u00e3o m\u00e9dica, mediante conhecimento pr\u00e9vio dos hor\u00e1rios, com anu\u00eancia do professor e do diretor para sua entrada em sala; V &#8211; comunicar aos respons\u00e1veis da Unidade Escolar, sempre que necess\u00e1rio, as ocorr\u00eancias relacionadas ao aluno.<\/p>\n\n\n\n<h3 class=\"wp-block-heading\" id=\"etapas\">Etapas e provas do Concurso SEED AP<\/h3>\n\n\n\n<p>Os candidatos ao concurso SEED AP foram avaliados por meio das seguintes etapas:<\/p>\n\n\n\n<ul class=\"wp-block-list\">\n<li>Para o cargo de <strong>Professor da Educa\u00e7\u00e3o B\u00e1sica e Profissional<\/strong>: Prova Objetiva de m\u00faltipla escolha e Prova Discursiva, na modalidade Estudo de Caso;<\/li>\n\n\n\n<li>Para o cargo de <strong>Pedagogo<\/strong>: Prova Objetiva de m\u00faltipla escolha e Prova Discursiva, na modalidade Reda\u00e7\u00e3o;<\/li>\n\n\n\n<li>Para o cargo de <strong>Cuidador<\/strong>: Prova Objetiva de m\u00faltipla escolha e Prova Discursiva, na modalidade Reda\u00e7\u00e3o;<\/li>\n\n\n\n<li>Para o cargo de <strong>Tradutor Int\u00e9rprete de Libras-L\u00edngua Portuguesa<\/strong>: Prova Objetiva de m\u00faltipla escolha e Prova Pr\u00e1tico Profissional.<\/li>\n<\/ul>\n\n\n\n<h3 class=\"wp-block-heading\" id=\"objetiva\">Provas Objetivas<\/h3>\n\n\n\n<p>Para o cargo de N\u00edvel M\u00e9dio e para os cargos de N\u00edvel Superior, a Prova Escrita, parte Objetiva foi composta por 60 (sessenta) quest\u00f5es de m\u00faltipla escolha, numeradas sequencialmente, com 05 (cinco) alternativas e apenas uma resposta correta, valendo 1 (um) ponto cada.<\/p>\n\n\n\n<p>Confira abaixo a estrutura!<\/p>\n\n\n\n<figure class=\"wp-block-image aligncenter size-full\"><img loading=\"lazy\" decoding=\"async\" width=\"496\" height=\"240\" src=\"https:\/\/dhg1h5j42swfq.cloudfront.net\/2022\/08\/05164453\/image-99.png\" alt=\"\" class=\"wp-image-1072944\" srcset=\"https:\/\/dhg1h5j42swfq.cloudfront.net\/2022\/08\/05164453\/image-99.png 496w, https:\/\/dhg1h5j42swfq.cloudfront.net\/2022\/08\/05164453\/image-99-300x145.png 300w, https:\/\/dhg1h5j42swfq.cloudfront.net\/2022\/08\/05164453\/image-99-150x73.png 150w\" sizes=\"auto, (max-width: 496px) 100vw, 496px\" \/><figcaption class=\"wp-element-caption\">Prova objetiva concurso SEED AP<\/figcaption><\/figure>\n\n\n\n<p>A etapa foi realizada na prov\u00e1vel data de 16 de outubro de 2022, em Macap\u00e1 -AP.<\/p>\n\n\n\n<h3 class=\"wp-block-heading\" id=\"discursiva\">Prova Discursiva<\/h3>\n\n\n\n<p>A Prova Escrita Discursiva para o cargo Professor da Educa\u00e7\u00e3o B\u00e1sica e Profissional constou de um Estudo de Caso.<\/p>\n\n\n\n<p>J\u00e1 a Prova Escrita Discursiva para os cargos de Pedagogo e Cuidador constou de 1 (uma) Reda\u00e7\u00e3o Avalia\u00e7\u00e3o de T\u00edtulos.<\/p>\n\n\n\n<h3 class=\"wp-block-heading\" id=\"pratica\">Prova Pr\u00e1tica<\/h3>\n\n\n\n<p>Somente se submeteram \u00e0 Prova Pr\u00e1tica os candidatos ao cargo de Tradutor Int\u00e9rprete de LIBRAS \u2013L\u00edngua Portuguesa que forem aprovados na Prova Escrita Objetiva em at\u00e9 3 (tr\u00eas) vezes o quantitativo de vagas imediatas e do cadastro reserva, respeitados os empatados na \u00faltima posi\u00e7\u00e3o.<\/p>\n\n\n\n<p class=\"has-text-align-center has-x-large-font-size\" id=\"cursos-assinatura\">Quer estudar para o Concurso SEED AP?<\/p>\n\n\n\n<p class=\"has-text-align-center\"><em>Gostou desta oportunidade e deseja se preparar? Ent\u00e3o, confira abaixo nosso curso exclusivo e inicie seus estudos para o concurso SEED AP:<\/em><\/p>\n\n\n\n<div class=\"col-sm\">\n      <div class=\"banner-estrategia\" id=\"box-assinatura\">\n        <h3 class=\"titulo-assinatura\">Cursos para SEED AP<\/h3>\n        <p class=\"subtitulo-assinatura\">Conhe\u00e7a os cursos<\/p>\n        <div class=\"box-botao\">\n          <a class=\"btn-assinatura\" target=\"_blank\" href=\"https:\/\/www.estrategiaconcursos.com.br\/cursosPorConcurso\/secretaria-de-educacao-do-amapa-seed-ap\/\" role=\"button\" rel=\"noopener noreferrer\">Conhe\u00e7a mais<\/a>\n        <\/div>\n      <\/div>\n      <p class=\"texto-auxiliar\">Prepare-se com o melhor material e com quem mais aprova em Concursos P\u00fablicos em todo o pa\u00eds.<\/p>\n    <\/div>\n\n\n\n<div class=\"container\" id=\"boxes\">\n  <div class=\"row\">\n\n    <div class=\"col-sm\">\n      <div class=\"estrategia\" id=\"box-assinatura\">\n        <h3 class=\"titulo-assinatura\">Assinatura Concursos<\/h3>\n        <p class=\"subtitulo-assinatura\">Assinatura de 1 ano ou 2 anos<\/p>\n        <div class=\"box-botao\">\n          <a class=\"btn-assinatura\" target=\"_blank\" href=\"https:\/\/www.estrategiaconcursos.com.br\/assinaturas\/\" role=\"button\" rel=\"noopener noreferrer\">ASSINE AGORA<\/a>\n        <\/div>\n      <\/div>\n     \n    <\/div><\/div><\/div>\n\n\n\n<p class=\"has-text-align-center has-x-large-font-size\" id=\"h-quer-saber-tudo-sobre-concursos-previstos-confira-nossos-artigos\">Quer saber tudo sobre concursos previstos?<br \/>Confira nossos artigos!<\/p>\n\n\n\n<ul class=\"wp-block-list\">\n<li><a href=\"https:\/\/www.estrategiaconcursos.com.br\/blog\/concursos-abertos\/\" target=\"_blank\" rel=\"noreferrer noopener\">Concursos abertos<\/a><\/li>\n\n\n\n<li><a href=\"https:\/\/www.estrategiaconcursos.com.br\/blog\/concursos-educacao\/\">Concursos educa\u00e7\u00e3o<\/a><\/li>\n\n\n\n<li><a href=\"https:\/\/www.estrategiaconcursos.com.br\/blog\/concursos-2026\/\">Concursos 2026<\/a><\/li>\n<\/ul>\n\n\n\n<figure class=\"wp-block-image size-large is-resized\"><img loading=\"lazy\" decoding=\"async\" width=\"1024\" height=\"632\" src=\"https:\/\/dhg1h5j42swfq.cloudfront.net\/2021\/04\/05171352\/ficha-tecnica-33-1024x632.png\" alt=\"\" class=\"wp-image-707823\" style=\"width:245px;height:auto\" srcset=\"https:\/\/dhg1h5j42swfq.cloudfront.net\/2021\/04\/05171352\/ficha-tecnica-33-1024x632.png 1024w, https:\/\/dhg1h5j42swfq.cloudfront.net\/2021\/04\/05171352\/ficha-tecnica-33-300x185.png 300w, https:\/\/dhg1h5j42swfq.cloudfront.net\/2021\/04\/05171352\/ficha-tecnica-33-768x474.png 768w, https:\/\/dhg1h5j42swfq.cloudfront.net\/2021\/04\/05171352\/ficha-tecnica-33-1536x948.png 1536w, https:\/\/dhg1h5j42swfq.cloudfront.net\/2021\/04\/05171352\/ficha-tecnica-33-610x377.png 610w, https:\/\/dhg1h5j42swfq.cloudfront.net\/2021\/04\/05171352\/ficha-tecnica-33.png 1571w\" sizes=\"auto, (max-width: 1024px) 100vw, 1024px\" \/><\/figure>\n\n\n\n<h3 class=\"wp-block-heading\" id=\"ficha\"><strong>Informa\u00e7\u00f5es Concurso SEED AP &#8211; Ind\u00edgena<\/strong><\/h3>\n\n\n\n<p>\u25ba<strong>Data da prova:<\/strong> <s>26\/04\/2026<\/s><br \/>\u25ba<strong>Vagas<\/strong>: 412<br \/>\u25ba<strong>Cargos<\/strong>: diversos<br \/>\u25ba<strong>Banca<\/strong>: IDCAP<br \/>\u25ba<strong>Escolaridade<\/strong>: m\u00e9dio e superior<br \/>\u25ba<strong>Edital<\/strong>: <a href=\"https:\/\/dhg1h5j42swfq.cloudfront.net\/2026\/02\/27220233\/seed-ap-indigenas-edital.pdf\" target=\"_blank\" rel=\"noreferrer noopener nofollow\">SEED AP 2026 &#8211; Ind\u00edgenas<\/a><\/p>\n\n\n\n<h4 class=\"wp-block-heading\" id=\"ficha\">Informa\u00e7\u00f5es concurso SEED AP &#8211; Demais cargos<\/h4>\n\n\n\n<p>\u25ba<strong>Vagas<\/strong>: 319<br \/>\u25ba<strong>Cargos<\/strong>: analista, especialista e auxiliar educacional<br \/>\u25ba<strong>Banca<\/strong>: FGV<br \/>\u25ba<strong>Escolaridade<\/strong>: N\u00edvel M\u00e9dio e Superior&nbsp;<br \/><\/p>\n","protected":false},"excerpt":{"rendered":"<p>FGV e IDCAP s\u00e3o as bancas dos novos certames! As provas do Concurso Secretaria de Educa\u00e7\u00e3o do Amap\u00e1\u00a0(SEED AP) foram aplicadas no dia 26 de abril. Sendo assim, os interessados j\u00e1 podem conferir os gabaritos! Lembrando que ser\u00e1 poss\u00edvel interpor recursos contra os gabaritos preliminares. O prazo \u00e9 at\u00e9 o dia 29 de abril, no [&hellip;]<\/p>\n","protected":false},"author":1,"featured_media":1103450,"comment_status":"open","ping_status":"closed","sticky":false,"template":"","format":"standard","meta":{"post_tipo":"news_page","footnotes":""},"categories":[3766,220219],"tags":[],"tax_estado":[219967],"class_list":["post-383283","post","type-post","status-publish","format-standard","has-post-thumbnail","hentry","category-educacional","category-noticias","tax_estado-ap"],"acf":[],"yoast_head":"<!-- This site is optimized with the Yoast SEO Premium plugin v27.2 (Yoast SEO v27.2) - https:\/\/yoast.com\/product\/yoast-seo-premium-wordpress\/ -->\n<title>Concurso SEED AP: consulte o gabarito preliminar!<\/title>\n<meta name=\"description\" content=\"Concurso SEED AP: provas aplicadas e gabaritos preliminares dispon\u00edveis! Para saber todos os detalhes, acesse esse artigo!\" \/>\n<meta name=\"robots\" content=\"index, follow, max-snippet:-1, max-image-preview:large, max-video-preview:-1\" \/>\n<link rel=\"canonical\" href=\"https:\/\/www.estrategiaconcursos.com.br\/blog\/concurso-seed-ap\/\" \/>\n<meta property=\"og:locale\" content=\"pt_BR\" \/>\n<meta property=\"og:type\" content=\"article\" \/>\n<meta property=\"og:title\" content=\"Concurso SEED AP: consulte o gabarito preliminar!\" \/>\n<meta property=\"og:description\" content=\"Concurso SEED AP: provas aplicadas e gabaritos preliminares dispon\u00edveis! Para saber todos os detalhes, acesse esse artigo!\" \/>\n<meta property=\"og:url\" content=\"https:\/\/www.estrategiaconcursos.com.br\/blog\/concurso-seed-ap\/\" \/>\n<meta property=\"og:site_name\" content=\"Estrat\u00e9gia Concursos\" \/>\n<meta property=\"article:author\" content=\"https:\/\/www.facebook.com\/EstrategiaConcursos\" \/>\n<meta property=\"article:published_time\" content=\"2026-04-28T14:18:00+00:00\" \/>\n<meta property=\"article:modified_time\" content=\"2026-04-28T14:24:29+00:00\" \/>\n<meta property=\"og:image\" content=\"https:\/\/dhg1h5j42swfq.cloudfront.net\/2022\/09\/30171902\/seed_ap.jpg\" \/>\n\t<meta property=\"og:image:width\" content=\"768\" \/>\n\t<meta property=\"og:image:height\" content=\"432\" \/>\n\t<meta property=\"og:image:type\" content=\"image\/jpeg\" \/>\n<meta name=\"author\" content=\"Coordena\u00e7\u00e3o\" \/>\n<meta name=\"twitter:card\" content=\"summary_large_image\" \/>\n<meta name=\"twitter:creator\" content=\"@EstratConcursos\" \/>\n<meta name=\"twitter:site\" content=\"@EstratConcursos\" \/>\n<meta name=\"twitter:label1\" content=\"Escrito por\" \/>\n\t<meta name=\"twitter:data1\" content=\"Coordena\u00e7\u00e3o\" \/>\n\t<meta name=\"twitter:label2\" content=\"Est. tempo de leitura\" \/>\n\t<meta name=\"twitter:data2\" content=\"10 minutos\" \/>\n<script type=\"application\/ld+json\" class=\"yoast-schema-graph\">{\"@context\":\"https:\/\/schema.org\",\"@graph\":[{\"@type\":\"NewsArticle\",\"@id\":\"https:\/\/www.estrategiaconcursos.com.br\/blog\/concurso-seed-ap\/#article\",\"isPartOf\":{\"@id\":\"https:\/\/www.estrategiaconcursos.com.br\/blog\/concurso-seed-ap\/\"},\"author\":{\"name\":\"Coordena\u00e7\u00e3o\",\"@id\":\"https:\/\/www.estrategiaconcursos.com.br\/blog\/#\/schema\/person\/b4a388c97673c5f483d72185668afa1f\"},\"headline\":\"Concurso SEED AP: consulte o gabarito preliminar!\",\"datePublished\":\"2026-04-28T14:18:00+00:00\",\"dateModified\":\"2026-04-28T14:24:29+00:00\",\"mainEntityOfPage\":{\"@id\":\"https:\/\/www.estrategiaconcursos.com.br\/blog\/concurso-seed-ap\/\"},\"wordCount\":1945,\"commentCount\":0,\"publisher\":{\"@id\":\"https:\/\/www.estrategiaconcursos.com.br\/blog\/#organization\"},\"image\":{\"@id\":\"https:\/\/www.estrategiaconcursos.com.br\/blog\/concurso-seed-ap\/#primaryimage\"},\"thumbnailUrl\":\"https:\/\/dhg1h5j42swfq.cloudfront.net\/2022\/09\/30171902\/seed_ap.jpg\",\"articleSection\":[\"Educa\u00e7\u00e3o\",\"\u00daltimas not\u00edcias\"],\"inLanguage\":\"pt-BR\",\"potentialAction\":[{\"@type\":\"CommentAction\",\"name\":\"Comment\",\"target\":[\"https:\/\/www.estrategiaconcursos.com.br\/blog\/concurso-seed-ap\/#respond\"]}],\"copyrightYear\":\"2026\",\"copyrightHolder\":{\"@id\":\"https:\/\/www.estrategiaconcursos.com.br\/blog\/#organization\"}},{\"@type\":\"WebPage\",\"@id\":\"https:\/\/www.estrategiaconcursos.com.br\/blog\/concurso-seed-ap\/\",\"url\":\"https:\/\/www.estrategiaconcursos.com.br\/blog\/concurso-seed-ap\/\",\"name\":\"Concurso SEED AP: consulte o gabarito preliminar!\",\"isPartOf\":{\"@id\":\"https:\/\/www.estrategiaconcursos.com.br\/blog\/#website\"},\"primaryImageOfPage\":{\"@id\":\"https:\/\/www.estrategiaconcursos.com.br\/blog\/concurso-seed-ap\/#primaryimage\"},\"image\":{\"@id\":\"https:\/\/www.estrategiaconcursos.com.br\/blog\/concurso-seed-ap\/#primaryimage\"},\"thumbnailUrl\":\"https:\/\/dhg1h5j42swfq.cloudfront.net\/2022\/09\/30171902\/seed_ap.jpg\",\"datePublished\":\"2026-04-28T14:18:00+00:00\",\"dateModified\":\"2026-04-28T14:24:29+00:00\",\"description\":\"Concurso SEED AP: provas aplicadas e gabaritos preliminares dispon\u00edveis! Para saber todos os detalhes, acesse esse artigo!\",\"breadcrumb\":{\"@id\":\"https:\/\/www.estrategiaconcursos.com.br\/blog\/concurso-seed-ap\/#breadcrumb\"},\"inLanguage\":\"pt-BR\",\"potentialAction\":[{\"@type\":\"ReadAction\",\"target\":[\"https:\/\/www.estrategiaconcursos.com.br\/blog\/concurso-seed-ap\/\"]}]},{\"@type\":\"ImageObject\",\"inLanguage\":\"pt-BR\",\"@id\":\"https:\/\/www.estrategiaconcursos.com.br\/blog\/concurso-seed-ap\/#primaryimage\",\"url\":\"https:\/\/dhg1h5j42swfq.cloudfront.net\/2022\/09\/30171902\/seed_ap.jpg\",\"contentUrl\":\"https:\/\/dhg1h5j42swfq.cloudfront.net\/2022\/09\/30171902\/seed_ap.jpg\",\"width\":768,\"height\":432,\"caption\":\"Concurso SEED AP Ind\u00edgena inscritos\"},{\"@type\":\"BreadcrumbList\",\"@id\":\"https:\/\/www.estrategiaconcursos.com.br\/blog\/concurso-seed-ap\/#breadcrumb\",\"itemListElement\":[{\"@type\":\"ListItem\",\"position\":1,\"name\":\"In\u00edcio\",\"item\":\"https:\/\/www.estrategiaconcursos.com.br\/blog\/\"},{\"@type\":\"ListItem\",\"position\":2,\"name\":\"Concurso SEED AP: consulte o gabarito preliminar!\"}]},{\"@type\":\"WebSite\",\"@id\":\"https:\/\/www.estrategiaconcursos.com.br\/blog\/#website\",\"url\":\"https:\/\/www.estrategiaconcursos.com.br\/blog\/\",\"name\":\"Estrat\u00e9gia Concursos\",\"description\":\"O blog da Estrat\u00e9gia Concursos traz not\u00edcias sobre concursos e artigos de professores oferecendo cursos para concursos (pdf + videaulas) no site.\",\"publisher\":{\"@id\":\"https:\/\/www.estrategiaconcursos.com.br\/blog\/#organization\"},\"potentialAction\":[{\"@type\":\"SearchAction\",\"target\":{\"@type\":\"EntryPoint\",\"urlTemplate\":\"https:\/\/www.estrategiaconcursos.com.br\/blog\/?s={search_term_string}\"},\"query-input\":{\"@type\":\"PropertyValueSpecification\",\"valueRequired\":true,\"valueName\":\"search_term_string\"}}],\"inLanguage\":\"pt-BR\"},{\"@type\":\"Organization\",\"@id\":\"https:\/\/www.estrategiaconcursos.com.br\/blog\/#organization\",\"name\":\"Estrat\u00e9gia Concursos\",\"url\":\"https:\/\/www.estrategiaconcursos.com.br\/blog\/\",\"logo\":{\"@type\":\"ImageObject\",\"inLanguage\":\"pt-BR\",\"@id\":\"https:\/\/www.estrategiaconcursos.com.br\/blog\/#\/schema\/logo\/image\/\",\"url\":\"https:\/\/dhg1h5j42swfq.cloudfront.net\/2025\/06\/03203428\/logo_concursos-1.jpg\",\"contentUrl\":\"https:\/\/dhg1h5j42swfq.cloudfront.net\/2025\/06\/03203428\/logo_concursos-1.jpg\",\"width\":230,\"height\":60,\"caption\":\"Estrat\u00e9gia Concursos\"},\"image\":{\"@id\":\"https:\/\/www.estrategiaconcursos.com.br\/blog\/#\/schema\/logo\/image\/\"},\"sameAs\":[\"https:\/\/x.com\/EstratConcursos\"]},{\"@type\":\"Person\",\"@id\":\"https:\/\/www.estrategiaconcursos.com.br\/blog\/#\/schema\/person\/b4a388c97673c5f483d72185668afa1f\",\"name\":\"Coordena\u00e7\u00e3o\",\"image\":{\"@type\":\"ImageObject\",\"inLanguage\":\"pt-BR\",\"@id\":\"https:\/\/secure.gravatar.com\/avatar\/b720319e4c9a967eb58678d110f4fe35452fc5d5f97b202bac7b8acceb18c6ad?s=96&d=mm&r=g\",\"url\":\"https:\/\/secure.gravatar.com\/avatar\/b720319e4c9a967eb58678d110f4fe35452fc5d5f97b202bac7b8acceb18c6ad?s=96&d=mm&r=g\",\"contentUrl\":\"https:\/\/secure.gravatar.com\/avatar\/b720319e4c9a967eb58678d110f4fe35452fc5d5f97b202bac7b8acceb18c6ad?s=96&d=mm&r=g\",\"caption\":\"Coordena\u00e7\u00e3o\"},\"sameAs\":[\"https:\/\/www.facebook.com\/EstrategiaConcursos\",\"https:\/\/x.com\/EstratConcursos\"],\"url\":\"https:\/\/www.estrategiaconcursos.com.br\/blog\/author\/estrategia2013\/\"}]}<\/script>\n<!-- \/ Yoast SEO Premium plugin. -->","yoast_head_json":{"title":"Concurso SEED AP: consulte o gabarito preliminar!","description":"Concurso SEED AP: provas aplicadas e gabaritos preliminares dispon\u00edveis! Para saber todos os detalhes, acesse esse artigo!","robots":{"index":"index","follow":"follow","max-snippet":"max-snippet:-1","max-image-preview":"max-image-preview:large","max-video-preview":"max-video-preview:-1"},"canonical":"https:\/\/www.estrategiaconcursos.com.br\/blog\/concurso-seed-ap\/","og_locale":"pt_BR","og_type":"article","og_title":"Concurso SEED AP: consulte o gabarito preliminar!","og_description":"Concurso SEED AP: provas aplicadas e gabaritos preliminares dispon\u00edveis! Para saber todos os detalhes, acesse esse artigo!","og_url":"https:\/\/www.estrategiaconcursos.com.br\/blog\/concurso-seed-ap\/","og_site_name":"Estrat\u00e9gia Concursos","article_author":"https:\/\/www.facebook.com\/EstrategiaConcursos","article_published_time":"2026-04-28T14:18:00+00:00","article_modified_time":"2026-04-28T14:24:29+00:00","og_image":[{"width":768,"height":432,"url":"https:\/\/dhg1h5j42swfq.cloudfront.net\/2022\/09\/30171902\/seed_ap.jpg","type":"image\/jpeg"}],"author":"Coordena\u00e7\u00e3o","twitter_card":"summary_large_image","twitter_creator":"@EstratConcursos","twitter_site":"@EstratConcursos","twitter_misc":{"Escrito por":"Coordena\u00e7\u00e3o","Est. tempo de leitura":"10 minutos"},"schema":{"@context":"https:\/\/schema.org","@graph":[{"@type":"NewsArticle","@id":"https:\/\/www.estrategiaconcursos.com.br\/blog\/concurso-seed-ap\/#article","isPartOf":{"@id":"https:\/\/www.estrategiaconcursos.com.br\/blog\/concurso-seed-ap\/"},"author":{"name":"Coordena\u00e7\u00e3o","@id":"https:\/\/www.estrategiaconcursos.com.br\/blog\/#\/schema\/person\/b4a388c97673c5f483d72185668afa1f"},"headline":"Concurso SEED AP: consulte o gabarito preliminar!","datePublished":"2026-04-28T14:18:00+00:00","dateModified":"2026-04-28T14:24:29+00:00","mainEntityOfPage":{"@id":"https:\/\/www.estrategiaconcursos.com.br\/blog\/concurso-seed-ap\/"},"wordCount":1945,"commentCount":0,"publisher":{"@id":"https:\/\/www.estrategiaconcursos.com.br\/blog\/#organization"},"image":{"@id":"https:\/\/www.estrategiaconcursos.com.br\/blog\/concurso-seed-ap\/#primaryimage"},"thumbnailUrl":"https:\/\/dhg1h5j42swfq.cloudfront.net\/2022\/09\/30171902\/seed_ap.jpg","articleSection":["Educa\u00e7\u00e3o","\u00daltimas not\u00edcias"],"inLanguage":"pt-BR","potentialAction":[{"@type":"CommentAction","name":"Comment","target":["https:\/\/www.estrategiaconcursos.com.br\/blog\/concurso-seed-ap\/#respond"]}],"copyrightYear":"2026","copyrightHolder":{"@id":"https:\/\/www.estrategiaconcursos.com.br\/blog\/#organization"}},{"@type":"WebPage","@id":"https:\/\/www.estrategiaconcursos.com.br\/blog\/concurso-seed-ap\/","url":"https:\/\/www.estrategiaconcursos.com.br\/blog\/concurso-seed-ap\/","name":"Concurso SEED AP: consulte o gabarito preliminar!","isPartOf":{"@id":"https:\/\/www.estrategiaconcursos.com.br\/blog\/#website"},"primaryImageOfPage":{"@id":"https:\/\/www.estrategiaconcursos.com.br\/blog\/concurso-seed-ap\/#primaryimage"},"image":{"@id":"https:\/\/www.estrategiaconcursos.com.br\/blog\/concurso-seed-ap\/#primaryimage"},"thumbnailUrl":"https:\/\/dhg1h5j42swfq.cloudfront.net\/2022\/09\/30171902\/seed_ap.jpg","datePublished":"2026-04-28T14:18:00+00:00","dateModified":"2026-04-28T14:24:29+00:00","description":"Concurso SEED AP: provas aplicadas e gabaritos preliminares dispon\u00edveis! Para saber todos os detalhes, acesse esse artigo!","breadcrumb":{"@id":"https:\/\/www.estrategiaconcursos.com.br\/blog\/concurso-seed-ap\/#breadcrumb"},"inLanguage":"pt-BR","potentialAction":[{"@type":"ReadAction","target":["https:\/\/www.estrategiaconcursos.com.br\/blog\/concurso-seed-ap\/"]}]},{"@type":"ImageObject","inLanguage":"pt-BR","@id":"https:\/\/www.estrategiaconcursos.com.br\/blog\/concurso-seed-ap\/#primaryimage","url":"https:\/\/dhg1h5j42swfq.cloudfront.net\/2022\/09\/30171902\/seed_ap.jpg","contentUrl":"https:\/\/dhg1h5j42swfq.cloudfront.net\/2022\/09\/30171902\/seed_ap.jpg","width":768,"height":432,"caption":"Concurso SEED AP Ind\u00edgena inscritos"},{"@type":"BreadcrumbList","@id":"https:\/\/www.estrategiaconcursos.com.br\/blog\/concurso-seed-ap\/#breadcrumb","itemListElement":[{"@type":"ListItem","position":1,"name":"In\u00edcio","item":"https:\/\/www.estrategiaconcursos.com.br\/blog\/"},{"@type":"ListItem","position":2,"name":"Concurso SEED AP: consulte o gabarito preliminar!"}]},{"@type":"WebSite","@id":"https:\/\/www.estrategiaconcursos.com.br\/blog\/#website","url":"https:\/\/www.estrategiaconcursos.com.br\/blog\/","name":"Estrat\u00e9gia Concursos","description":"O blog da Estrat\u00e9gia Concursos traz not\u00edcias sobre concursos e artigos de professores oferecendo cursos para concursos (pdf + videaulas) no site.","publisher":{"@id":"https:\/\/www.estrategiaconcursos.com.br\/blog\/#organization"},"potentialAction":[{"@type":"SearchAction","target":{"@type":"EntryPoint","urlTemplate":"https:\/\/www.estrategiaconcursos.com.br\/blog\/?s={search_term_string}"},"query-input":{"@type":"PropertyValueSpecification","valueRequired":true,"valueName":"search_term_string"}}],"inLanguage":"pt-BR"},{"@type":"Organization","@id":"https:\/\/www.estrategiaconcursos.com.br\/blog\/#organization","name":"Estrat\u00e9gia Concursos","url":"https:\/\/www.estrategiaconcursos.com.br\/blog\/","logo":{"@type":"ImageObject","inLanguage":"pt-BR","@id":"https:\/\/www.estrategiaconcursos.com.br\/blog\/#\/schema\/logo\/image\/","url":"https:\/\/dhg1h5j42swfq.cloudfront.net\/2025\/06\/03203428\/logo_concursos-1.jpg","contentUrl":"https:\/\/dhg1h5j42swfq.cloudfront.net\/2025\/06\/03203428\/logo_concursos-1.jpg","width":230,"height":60,"caption":"Estrat\u00e9gia Concursos"},"image":{"@id":"https:\/\/www.estrategiaconcursos.com.br\/blog\/#\/schema\/logo\/image\/"},"sameAs":["https:\/\/x.com\/EstratConcursos"]},{"@type":"Person","@id":"https:\/\/www.estrategiaconcursos.com.br\/blog\/#\/schema\/person\/b4a388c97673c5f483d72185668afa1f","name":"Coordena\u00e7\u00e3o","image":{"@type":"ImageObject","inLanguage":"pt-BR","@id":"https:\/\/secure.gravatar.com\/avatar\/b720319e4c9a967eb58678d110f4fe35452fc5d5f97b202bac7b8acceb18c6ad?s=96&d=mm&r=g","url":"https:\/\/secure.gravatar.com\/avatar\/b720319e4c9a967eb58678d110f4fe35452fc5d5f97b202bac7b8acceb18c6ad?s=96&d=mm&r=g","contentUrl":"https:\/\/secure.gravatar.com\/avatar\/b720319e4c9a967eb58678d110f4fe35452fc5d5f97b202bac7b8acceb18c6ad?s=96&d=mm&r=g","caption":"Coordena\u00e7\u00e3o"},"sameAs":["https:\/\/www.facebook.com\/EstrategiaConcursos","https:\/\/x.com\/EstratConcursos"],"url":"https:\/\/www.estrategiaconcursos.com.br\/blog\/author\/estrategia2013\/"}]}},"_links":{"self":[{"href":"https:\/\/www.estrategiaconcursos.com.br\/blog\/wp-json\/wp\/v2\/posts\/383283","targetHints":{"allow":["GET"]}}],"collection":[{"href":"https:\/\/www.estrategiaconcursos.com.br\/blog\/wp-json\/wp\/v2\/posts"}],"about":[{"href":"https:\/\/www.estrategiaconcursos.com.br\/blog\/wp-json\/wp\/v2\/types\/post"}],"author":[{"embeddable":true,"href":"https:\/\/www.estrategiaconcursos.com.br\/blog\/wp-json\/wp\/v2\/users\/1"}],"replies":[{"embeddable":true,"href":"https:\/\/www.estrategiaconcursos.com.br\/blog\/wp-json\/wp\/v2\/comments?post=383283"}],"version-history":[{"count":150,"href":"https:\/\/www.estrategiaconcursos.com.br\/blog\/wp-json\/wp\/v2\/posts\/383283\/revisions"}],"predecessor-version":[{"id":1758251,"href":"https:\/\/www.estrategiaconcursos.com.br\/blog\/wp-json\/wp\/v2\/posts\/383283\/revisions\/1758251"}],"wp:featuredmedia":[{"embeddable":true,"href":"https:\/\/www.estrategiaconcursos.com.br\/blog\/wp-json\/wp\/v2\/media\/1103450"}],"wp:attachment":[{"href":"https:\/\/www.estrategiaconcursos.com.br\/blog\/wp-json\/wp\/v2\/media?parent=383283"}],"wp:term":[{"taxonomy":"category","embeddable":true,"href":"https:\/\/www.estrategiaconcursos.com.br\/blog\/wp-json\/wp\/v2\/categories?post=383283"},{"taxonomy":"post_tag","embeddable":true,"href":"https:\/\/www.estrategiaconcursos.com.br\/blog\/wp-json\/wp\/v2\/tags?post=383283"},{"taxonomy":"tax_estado","embeddable":true,"href":"https:\/\/www.estrategiaconcursos.com.br\/blog\/wp-json\/wp\/v2\/tax_estado?post=383283"}],"curies":[{"name":"wp","href":"https:\/\/api.w.org\/{rel}","templated":true}]}}