{"id":383148,"date":"2023-05-20T08:00:00","date_gmt":"2023-05-20T11:00:00","guid":{"rendered":"https:\/\/www.estrategiaconcursos.com.br\/blog\/?p=383148"},"modified":"2026-03-20T17:04:13","modified_gmt":"2026-03-20T20:04:13","slug":"concurso-detran-ap","status":"publish","type":"post","link":"https:\/\/www.estrategiaconcursos.com.br\/blog\/concurso-detran-ap\/","title":{"rendered":"Concurso Detran AP: resultado final homologado; confira!"},"content":{"rendered":"\n<p>Foram divulgadas a classifica\u00e7\u00e3o final do <strong>concurso Detran AP<\/strong> e a convoca\u00e7\u00e3o para envio de documentos dos primeiros aprovados a serem nomeados. Com isso, o certame fica oficialmente homologado.<\/p>\n\n\n\n<ul class=\"wp-block-list\">\n<li><a href=\"https:\/\/dhg1h5j42swfq.cloudfront.net\/2023\/05\/20084308\/detap122_edital_n06__divulgacao_resultados_definitivo_prova_pratica_de_tradutor_interprete_em_libras__resultado_final_e_homologacao_do_concurso.pdf\" target=\"_blank\" rel=\"noreferrer noopener nofollow\">Resultado final e homologa\u00e7\u00e3o<\/a>;<\/li>\n\n\n\n<li><a href=\"https:\/\/dhg1h5j42swfq.cloudfront.net\/2023\/05\/20084238\/diariooficial-2023-05-20t051918-353-2.pdf\" target=\"_blank\" rel=\"noreferrer noopener nofollow\">Convoca\u00e7\u00e3o &#8211; entrega de documentos<\/a>.<\/li>\n<\/ul>\n\n\n\n<p>Ao todo, a sele\u00e7\u00e3o ofertou 66 vagas imediatas e 470 para forma\u00e7\u00e3o de cadastro de reserva. As oportunidades foram para diversos cargos de n\u00edveis m\u00e9dio e superior de forma\u00e7\u00e3o, com sal\u00e1rios iniciais que variaram de R$ 3.048,23 a 6.830,76.<\/p>\n\n\n\n<ul class=\"has-very-light-gray-to-cyan-bluish-gray-gradient-background has-background wp-block-list\">\n<li><strong>Detran AP<\/strong><\/li>\n\n\n\n<li><strong>Banca<\/strong>: <a href=\"https:\/\/www.concursosfcc.com.br\/concursos\/detap122\/index.html\" target=\"_blank\" rel=\"noreferrer noopener\">FCC<\/a><\/li>\n\n\n\n<li><strong>Vagas<\/strong>: 66 + 470 CR<\/li>\n\n\n\n<li><strong style=\"background-color: initial; color: initial;\">Cargo<\/strong><span style=\"background-color: initial; color: initial;\">: diversos<\/span><\/li>\n\n\n\n<li><strong>Sal\u00e1rio inicial<\/strong>: R$ 3.048,23 a 6.830,76<\/li>\n\n\n\n<li><strong>Edital: <\/strong><a href=\"https:\/\/dhg1h5j42swfq.cloudfront.net\/2022\/09\/06183224\/detap122_edital_de_abertura_de_inscricoes_fcc_publicar.pdf\" target=\"_blank\" rel=\"noreferrer noopener nofollow\">Detran AP &#8211; 2022<\/a><\/li>\n<\/ul>\n\n\n\n<p>Ao longo deste artigo voc\u00ea confere mais informa\u00e7\u00f5es sobre o novo e o \u00faltimo certame do Departamento de Tr\u00e2nsito do Amap\u00e1. Acompanhe pelos t\u00f3picos a seguir:<\/p>\n\n\n\n<ul class=\"wp-block-list\" id=\"indice\">\n<li><a href=\"#edital-publicado\">Informa\u00e7\u00e3o do edital publicado<\/a>\n<ul class=\"wp-block-list\">\n<li><a href=\"#cargos-vagas\">Cargos e vagas<\/a><\/li>\n\n\n\n<li><a href=\"#etapas\">Etapas e provas<\/a><\/li>\n<\/ul>\n<\/li>\n\n\n\n<li><a href=\"#conheca\">Conhe\u00e7a o Detran AP<\/a><\/li>\n\n\n\n<li><a href=\"#cargos\">Sobre a carreira<\/a>\n<ul class=\"wp-block-list\">\n<li><a href=\"#conheca-os-cargos\">Cargos<\/a><\/li>\n\n\n\n<li><span style=\"text-decoration: underline;\"><a href=\"#remuneracao\">Remunera\u00e7\u00e3o<\/a><\/span><\/li>\n\n\n\n<li><a href=\"#requisitos\">Requisitos<\/a><\/li>\n<\/ul>\n<\/li>\n\n\n\n<li><a href=\"#ultimo\">\u00daltimo concurso<\/a>\n<ul class=\"wp-block-list\">\n<li><a href=\"#etapas-e-provas-ultimo\">Etapas e provas<\/a><\/li>\n<\/ul>\n<\/li>\n\n\n\n<li><a href=\"https:\/\/www.estrategiaconcursos.com.br\/blog\/wp-admin\/post.php?post=383148&amp;action=edit#cursos-assinatura\">Cursos e assinatura<\/a><\/li>\n\n\n\n<li><span style=\"text-decoration: underline;\"><a href=\"#ficha-tecnica\">Ficha t\u00e9cnica<\/a><\/span><\/li>\n<\/ul>\n\n\n\n<div class=\"container\" id=\"boxes\">\n  <div class=\"row\"> \n\n    <div class=\"col-sm\">\n      <div class=\"banner-adm\" id=\"box-assinatura\">\n        <h3 class=\"titulo-assinatura\">Concurso Detran AP<\/h3>\n        <p class=\"subtitulo-assinatura\">Conhe\u00e7a os cursos<\/p>\n        <div class=\"box-botao\">\n          <a class=\"btn-assinatura\" target=\"_blank\" href=\"https:\/\/www.estrategiaconcursos.com.br\/cursosPorConcurso\/detran-ap\/\" role=\"button\" rel=\"noopener noreferrer\">Conhe\u00e7a mais<\/a>\n        <\/div>\n      <\/div>\n     \n\n  <\/div>\n<\/div><\/div>\n\n\n\n<h2 class=\"wp-block-heading\" id=\"concurso-detran-df-informacoes-do-edital-publicado\">Concurso Detran AP: informa\u00e7\u00f5es do edital publicado<\/h2>\n\n\n\n<h3 class=\"wp-block-heading\" id=\"cargos-vagas\">Cargos e vagas do concurso Detran AP<\/h3>\n\n\n\n<p><strong>N\u00edvel m\u00e9dio<\/strong><\/p>\n\n\n\n<figure class=\"wp-block-table is-style-stripes\"><table class=\"has-very-light-gray-to-cyan-bluish-gray-gradient-background has-background has-fixed-layout\"><thead><tr><th class=\"has-text-align-center\" data-align=\"center\">Cargo<\/th><th class=\"has-text-align-center\" data-align=\"center\">Vagas <\/th><th class=\"has-text-align-center\" data-align=\"center\">Sal\u00e1rio<\/th><\/tr><\/thead><tbody><tr><td class=\"has-text-align-center\" data-align=\"center\">Assistente Administrativo de Tr\u00e2nsito<\/td><td class=\"has-text-align-center\" data-align=\"center\">40 + 300 CR<\/td><td class=\"has-text-align-center\" data-align=\"center\">R$ 3.048,23<\/td><\/tr><\/tbody><\/table><\/figure>\n\n\n\n<p><strong>N\u00edvel superior<\/strong><\/p>\n\n\n\n<figure class=\"wp-block-table is-style-stripes\"><table class=\"has-very-light-gray-to-cyan-bluish-gray-gradient-background has-background has-fixed-layout\"><thead><tr><th class=\"has-text-align-center\" data-align=\"center\">Cargo<\/th><th class=\"has-text-align-center\" data-align=\"center\">Vagas <\/th><th class=\"has-text-align-center\" data-align=\"center\">Sal\u00e1rio<\/th><\/tr><\/thead><tbody><tr><td class=\"has-text-align-center\" data-align=\"center\">Analista de Contabilidade e Controle<\/td><td class=\"has-text-align-center\" data-align=\"center\">03 + 20 CR<\/td><td class=\"has-text-align-center\" data-align=\"center\">R$ 6.830,76<\/td><\/tr><tr><td class=\"has-text-align-center\" data-align=\"center\">Analista Jur\u00eddico em Tr\u00e2nsito<\/td><td class=\"has-text-align-center\" data-align=\"center\">04 + 20 CR<\/td><td class=\"has-text-align-center\" data-align=\"center\">R$ 6.830,76<\/td><\/tr><tr><td class=\"has-text-align-center\" data-align=\"center\">Analista de Gest\u00e3o em Tr\u00e2nsito<\/td><td class=\"has-text-align-center\" data-align=\"center\">10 + 50 CR<\/td><td class=\"has-text-align-center\" data-align=\"center\">R$ 6.830,76<\/td><\/tr><tr><td class=\"has-text-align-center\" data-align=\"center\">Analista de Tecnologia da Informa\u00e7\u00e3o<\/td><td class=\"has-text-align-center\" data-align=\"center\">03 + 20 CR<\/td><td class=\"has-text-align-center\" data-align=\"center\">R$ 6.830,76<\/td><\/tr><tr><td class=\"has-text-align-center\" data-align=\"center\">Educador de Tr\u00e2nsito<\/td><td class=\"has-text-align-center\" data-align=\"center\">04 + 20 CR<\/td><td class=\"has-text-align-center\" data-align=\"center\">R$ 3.513,29<\/td><\/tr><tr><td class=\"has-text-align-center\" data-align=\"center\">Tradutor Int\u00e9rprete em Libras<\/td><td class=\"has-text-align-center\" data-align=\"center\">02 + 20 CR<\/td><td class=\"has-text-align-center\" data-align=\"center\">R$ 3.513,29<\/td><\/tr><tr><td class=\"has-text-align-center\" data-align=\"center\">M\u00e9dico Perito de Tr\u00e2nsito<\/td><td class=\"has-text-align-center\" data-align=\"center\">10 CR<\/td><td class=\"has-text-align-center\" data-align=\"center\">R$ 6.830,76<\/td><\/tr><tr><td class=\"has-text-align-center\" data-align=\"center\">Psic\u00f3logo Perito em Tr\u00e2nsito<\/td><td class=\"has-text-align-center\" data-align=\"center\">10 CR<\/td><td class=\"has-text-align-center\" data-align=\"center\">R$ 6.830,76<\/td><\/tr><\/tbody><\/table><\/figure>\n\n\n\n<ul class=\"wp-block-list\">\n<li><a href=\"#requisitos\">Confira os requisitos<\/a><\/li>\n<\/ul>\n\n\n\n<h3 class=\"wp-block-heading\">Demanda de inscritos &#8211; 39.327 total<\/h3>\n\n\n\n<ul class=\"wp-block-list\">\n<li>Analista de Contabilidade e Controle &#8211; 337<\/li>\n\n\n\n<li>Analista Jur\u00eddico em Tr\u00e2nsito &#8211; 1.215<\/li>\n\n\n\n<li>Analista de Gest\u00e3o em Tr\u00e2nsito &#8211; 5.254<\/li>\n\n\n\n<li>Analista de Tecnologia da Informa\u00e7\u00e3o &#8211; 382<\/li>\n\n\n\n<li>Educador de Tr\u00e2nsito &#8211; 1.572<\/li>\n\n\n\n<li>Tradutor Int\u00e9rprete em Libras &#8211; 47<\/li>\n\n\n\n<li>M\u00e9dico Perito de Tr\u00e2nsito &#8211; 14<\/li>\n\n\n\n<li>Psic\u00f3logo Perito em Tr\u00e2nsito &#8211; 189<\/li>\n\n\n\n<li>Assistente Administrativo de Tr\u00e2nsito &#8211; 30.317<\/li>\n<\/ul>\n\n\n\n<h3 class=\"wp-block-heading\" id=\"etapas\">Etapas e provas do concurso Detran AP<\/h3>\n\n\n\n<p>A avalia\u00e7\u00e3o dos candidatos do concurso Detran AP ser\u00e1 realizada mediante aplica\u00e7\u00e3o das seguintes etapas:<\/p>\n\n\n\n<ul class=\"wp-block-list\">\n<li>Prova Objetiva &#8211; eliminat\u00f3rio e classificat\u00f3rio;<\/li>\n\n\n\n<li>Prova Discursiva &#8211; eliminat\u00f3rio e classificat\u00f3rio;<\/li>\n\n\n\n<li>Prova Pr\u00e1tica &#8211; somente para Tradutor Int\u00e9rprete em Libras.<\/li>\n<\/ul>\n\n\n\n<p>Ap\u00f3s essas etapas, os aprovados ser\u00e3o convocados para realizar as etapas abaixo:<\/p>\n\n\n\n<ul class=\"wp-block-list\">\n<li>Exame Documental &#8211; eliminat\u00f3rio;<\/li>\n\n\n\n<li>Exame de Sa\u00fade  &#8211; eliminat\u00f3rio;<\/li>\n\n\n\n<li>Curso de Capacita\u00e7\u00e3o  &#8211; eliminat\u00f3rio.<\/li>\n<\/ul>\n\n\n\n<h3 class=\"wp-block-heading\" id=\"objetiva\">Provas Objetivas<\/h3>\n\n\n\n<p>Para os todos os cargos, as Provas Objetivas, de Conhecimentos Gerais e Conhecimentos Espec\u00edficos, constaram de quest\u00f5es objetivas de m\u00faltipla escolha, com cinco alternativas cada uma.<\/p>\n\n\n\n<p>Para os cargos de n\u00edvel superior, a etapa contou com 4h30 de dura\u00e7\u00e3o, no per\u00edodo da tarde. J\u00e1 para os de n\u00edvel m\u00e9dio, foi de 3h sua aplica\u00e7\u00e3o, no per\u00edodo da manh\u00e3.<\/p>\n\n\n\n<figure class=\"wp-block-table is-style-stripes\"><table class=\"has-very-light-gray-to-cyan-bluish-gray-gradient-background has-background has-fixed-layout\"><thead><tr><th class=\"has-text-align-center\" data-align=\"center\">Prova Objetiva<\/th><th class=\"has-text-align-center\" data-align=\"center\">N\u00b0 de quest\u00f5es<\/th><th class=\"has-text-align-center\" data-align=\"center\">Peso<\/th><\/tr><\/thead><tbody><tr><td class=\"has-text-align-center\" data-align=\"center\">Conhecimentos Gerais<\/td><td class=\"has-text-align-center\" data-align=\"center\">20<\/td><td class=\"has-text-align-center\" data-align=\"center\">1<\/td><\/tr><tr><td class=\"has-text-align-center\" data-align=\"center\">Conhecimentos Espec\u00edficos<\/td><td class=\"has-text-align-center\" data-align=\"center\">30<\/td><td class=\"has-text-align-center\" data-align=\"center\">2<\/td><\/tr><\/tbody><\/table><\/figure>\n\n\n\n<p>Para os cargos de n\u00edvel superior, as Provas Objetivas de Conhecimentos Gerais e de Conhecimentos Espec\u00edficos foram de car\u00e1ter classificat\u00f3rio e eliminat\u00f3rio, considerando-se habilitado o candidato que:<\/p>\n\n\n\n<ul class=\"wp-block-list\">\n<li>tenha obtido o total de pontos, no somat\u00f3rio das notas padronizadas das provas de Conhecimentos Gerais e de  Conhecimentos Espec\u00edficos, igual ou superior a 150.<\/li>\n<\/ul>\n\n\n\n<p>Para o cargo de n\u00edvel m\u00e9dio, foi considerado habilitado o candidato que, simultaneamente:<\/p>\n\n\n\n<ul class=\"wp-block-list\">\n<li>a) obteve pontua\u00e7\u00e3o igual ou superior a 150, de acordo com os crit\u00e9rios estabelecidos;<\/li>\n\n\n\n<li>b) esteve classificado at\u00e9 a 600\u00aa posi\u00e7\u00e3o, incluindo os candidatos empatados na 600\u00aa posi\u00e7\u00e3o.<\/li>\n<\/ul>\n\n\n\n<h3 class=\"wp-block-heading\" id=\"discursiva\">Prova Discursiva<\/h3>\n\n\n\n<p>A Prova Discursiva-Estudo de Caso do concurso Detran AP foi aplicada para todos os Cargos de N\u00edvel Superior no mesmo dia e hor\u00e1rio das Provas Objetivas.<\/p>\n\n\n\n<p>A Prova Discursiva-Estudo de Caso constou de quatro quest\u00f5es. O tema versou sobre conte\u00fado pertinente a Conhecimentos Espec\u00edficos. Na avalia\u00e7\u00e3o deveriam ser rigorosamente observados os limites m\u00ednimos de 10 linhas e m\u00e1ximo de 20 linhas.<\/p>\n\n\n\n<p>Somente foram corrigidas as Provas Discursivas-Estudos de Caso dos candidatos habilitados e mais bem classificados nas Provas Objetivas, conforme quadro abaixo:<\/p>\n\n\n\n<figure class=\"wp-block-image aligncenter size-full\"><img loading=\"lazy\" decoding=\"async\" width=\"635\" height=\"246\" src=\"https:\/\/dhg1h5j42swfq.cloudfront.net\/2022\/09\/06190909\/image-89.png\" alt=\"Quadro de classifica\u00e7\u00e3o para Prova Discursiva do concurso Detran AP \" class=\"wp-image-1090652\" srcset=\"https:\/\/dhg1h5j42swfq.cloudfront.net\/2022\/09\/06190909\/image-89.png 635w, https:\/\/dhg1h5j42swfq.cloudfront.net\/2022\/09\/06190909\/image-89-300x116.png 300w, https:\/\/dhg1h5j42swfq.cloudfront.net\/2022\/09\/06190909\/image-89-610x236.png 610w, https:\/\/dhg1h5j42swfq.cloudfront.net\/2022\/09\/06190909\/image-89-150x58.png 150w\" sizes=\"auto, (max-width: 635px) 100vw, 635px\" \/><figcaption class=\"wp-element-caption\">Quadro de classifica\u00e7\u00e3o para Prova Discursiva do concurso Detran AP <\/figcaption><\/figure>\n\n\n\n<p>Cada uma das quest\u00f5es foi avaliada na escala de 0 a 25 pontos, considerando-se habilitado o candidato que tivesse obtido, na soma das notas das quatro quest\u00f5es, pontua\u00e7\u00e3o igual ou superior a 50.<\/p>\n\n\n\n<h3 class=\"wp-block-heading\">Prova Pr\u00e1tica<\/h3>\n\n\n\n<p>A Prova Pr\u00e1tica para o cargo de Tradutor Int\u00e9rprete em Libras foi realizada na cidade de Macap\u00e1\/AP. A etapa do concurso Detran AP foi composta de tr\u00eas tarefas consecutivas:<\/p>\n\n\n\n<ul class=\"wp-block-list\">\n<li>I. Resposta, em L\u00edngua Portuguesa, a partir de v\u00eddeo em Libras \u2013 com base na exibi\u00e7\u00e3o, em monitor de computador ou tela de proje\u00e7\u00e3o, de v\u00eddeo em Libras, o candidato responde a perguntas por escrito em L\u00edngua Portuguesa. Esta tarefa valeu 15 pontos;<\/li>\n\n\n\n<li>II. Interpreta\u00e7\u00e3o em Libras a partir de texto escrito em L\u00edngua Portuguesa \u2013 o candidato respondeu em Libras ao questionamento proposto por escrito em L\u00edngua Portuguesa. Esta tarefa valeu 15 pontos; e<\/li>\n\n\n\n<li>III. Interpreta\u00e7\u00e3o Simult\u00e2nea em Libras \u2013 o candidato interpretou simultaneamente em Libras um v\u00eddeo com som e legendas. Esta tarefa valeu 20 pontos.<\/li>\n<\/ul>\n\n\n\n<h3 class=\"wp-block-heading\">Curso de Capacita\u00e7\u00e3o<\/h3>\n\n\n\n<p>Os candidatos matriculados e frequentando o curso de capacita\u00e7\u00e3o recebem, a t\u00edtulo de aux\u00edlio financeiro, o correspondente a 50% do vencimento inicial do cargo.<\/p>\n\n\n\n<p>Ser\u00e1 eliminado do concurso Detran AP o candidato que obtiver frequ\u00eancia acad\u00eamica inferior a 80% da carga horaria ou m\u00e9dia final inferior a 70% por disciplina.<\/p>\n\n\n\n<h2 class=\"wp-block-heading\" id=\"conheca\">Conhe\u00e7a o Detran AP<\/h2>\n\n\n\n<p>O Departamento Estadual de Tr\u00e2nsito do Amap\u00e1, entidade aut\u00e1rquica, criada pela <a href=\"http:\/\/www.al.ap.gov.br\/ver_texto_consolidado.php?iddocumento=27328\" target=\"_blank\" rel=\"noreferrer noopener\">Lei n\u00ba 1.453\/2010<\/a>, <strong>vinculada \u00e0 Secretaria de Estado da Infraestrutura<\/strong>, dotada de personalidade de direito p\u00fablico, patrim\u00f4nio pr\u00f3prio, autonomia administrativa e financeira, sede e foro na cidade de Macap\u00e1, Amap\u00e1.<\/p>\n\n\n\n<p>O Detran AP, como \u00d3rg\u00e3o Executivo do Sistema Estadual de Tr\u00e2nsito, tem por finalidade implementar as medidas da Pol\u00edtica Nacional de Tr\u00e2nsito e do Programa Nacional de Tr\u00e2nsito no Estado do Amap\u00e1, em especial:<\/p>\n\n\n\n<ul class=\"wp-block-list\">\n<li>I \u2013 zelar pelo cumprimento da legisla\u00e7\u00e3o de tr\u00e2nsito;<\/li>\n\n\n\n<li>II \u2013 programar, coordenar, orientar, fiscalizar e controlar a execu\u00e7\u00e3o<\/li>\n\n\n\n<li>das atividades de administra\u00e7\u00e3o, educa\u00e7\u00e3o, seguran\u00e7a e engenharia do tr\u00e1fego e<\/li>\n\n\n\n<li>do tr\u00e2nsito;<\/li>\n\n\n\n<li>III \u2013 aplicar penalidades por infra\u00e7\u00e3o de tr\u00e2nsito;<\/li>\n\n\n\n<li>IV \u2013 expedir certificados de propriedade de ve\u00edculos;<\/li>\n\n\n\n<li>V \u2013 habilitar condutores de ve\u00edculos automotores;<\/li>\n\n\n\n<li>VI \u2013 realizar per\u00edcias;<\/li>\n\n\n\n<li>VII \u2013 elaborar projetos de sinaliza\u00e7\u00e3o no \u00e2mbito de sua circunscri\u00e7\u00e3o; e<\/li>\n\n\n\n<li>VIII \u2013 exercer outras atribui\u00e7\u00f5es correlatas, na forma da Lei.<\/li>\n<\/ul>\n\n\n\n<h2 class=\"wp-block-heading\" id=\"cargos\">Sobre os cargos do concurso Detran AP<\/h2>\n\n\n\n<h3 class=\"wp-block-heading\" id=\"conheca-os-cargos\">Conhe\u00e7a os cargos<\/h3>\n\n\n\n<p>As carreiras do Detran AP fazem parte do <a href=\"https:\/\/dhg1h5j42swfq.cloudfront.net\/2022\/09\/06194917\/pccs.pdf\" target=\"_blank\" rel=\"noreferrer noopener\">Plano de Cargos, Carreiras e Sal\u00e1rios<\/a> do Setor de Infraestrutura do Quadro de Pessoal Civil do Poder Executivo Governo do Estado do Amap\u00e1, composto pelos cargos efetivos de:<\/p>\n\n\n\n<p>Comp\u00f5em o <a href=\"https:\/\/dhg1h5j42swfq.cloudfront.net\/2022\/09\/06194917\/pccs.pdf\" target=\"_blank\" rel=\"noreferrer noopener\">Quadro de Pessoal Permanente do Departamento Estadual de Tr\u00e2nsito do Estado do Amap\u00e1<\/a>,  o Grupo Gest\u00e3o de Tr\u00e2nsito, com lota\u00e7\u00e3o em suas unidades administrativas e operacionais, os cargos efetivos de:<\/p>\n\n\n\n<ul class=\"wp-block-list\">\n<li>I &#8211; Analista de Gest\u00e3o em Tr\u00e2nsito;<\/li>\n\n\n\n<li>II &#8211; Analista de Contabilidade e Controle;<\/li>\n\n\n\n<li>III &#8211; Analista Jur\u00eddico em Tr\u00e2nsito;<\/li>\n\n\n\n<li>IV &#8211; Analista de Tecnologia da Informa\u00e7\u00e3o;<\/li>\n\n\n\n<li>V &#8211; Educador de Tr\u00e2nsito;<\/li>\n\n\n\n<li>VI &#8211; Tradutor Int\u00e9rprete em Libras;<\/li>\n\n\n\n<li>VII &#8211; M\u00e9dico Perito de Tr\u00e2nsito;<\/li>\n\n\n\n<li>VIII &#8211; Psic\u00f3logo Perito em Tr\u00e2nsito;<\/li>\n\n\n\n<li>IX &#8211; Assistente Administrativo de Tr\u00e2nsito.<\/li>\n<\/ul>\n\n\n\n<h3 class=\"wp-block-heading\" id=\"remuneracao\">Remunera\u00e7\u00e3o<\/h3>\n\n\n\n<p>Conforme Lei n\u00ba 2.670, de 02 de abril de 2022, confira o vencimento b\u00e1sico inicial dos cargos do Detran AP: <\/p>\n\n\n\n<figure class=\"wp-block-image aligncenter size-full\"><img loading=\"lazy\" decoding=\"async\" width=\"363\" height=\"643\" src=\"https:\/\/dhg1h5j42swfq.cloudfront.net\/2022\/09\/06194651\/image-90.png\" alt=\"Analista Detran AP\" class=\"wp-image-1090675\" srcset=\"https:\/\/dhg1h5j42swfq.cloudfront.net\/2022\/09\/06194651\/image-90.png 363w, https:\/\/dhg1h5j42swfq.cloudfront.net\/2022\/09\/06194651\/image-90-169x300.png 169w, https:\/\/dhg1h5j42swfq.cloudfront.net\/2022\/09\/06194651\/image-90-150x266.png 150w\" sizes=\"auto, (max-width: 363px) 100vw, 363px\" \/><figcaption class=\"wp-element-caption\">Analista Detran AP<\/figcaption><\/figure>\n\n\n\n<figure class=\"wp-block-image aligncenter size-full\"><img loading=\"lazy\" decoding=\"async\" width=\"363\" height=\"601\" src=\"https:\/\/dhg1h5j42swfq.cloudfront.net\/2022\/09\/06194824\/image-91.png\" alt=\"Educador de tr\u00e2nsito e Tradutor - Detran AP\" class=\"wp-image-1090676\" srcset=\"https:\/\/dhg1h5j42swfq.cloudfront.net\/2022\/09\/06194824\/image-91.png 363w, https:\/\/dhg1h5j42swfq.cloudfront.net\/2022\/09\/06194824\/image-91-181x300.png 181w, https:\/\/dhg1h5j42swfq.cloudfront.net\/2022\/09\/06194824\/image-91-150x248.png 150w\" sizes=\"auto, (max-width: 363px) 100vw, 363px\" \/><figcaption class=\"wp-element-caption\">Educador de tr\u00e2nsito e Tradutor &#8211; Detran AP<\/figcaption><\/figure>\n\n\n\n<figure class=\"wp-block-image aligncenter size-full\"><img loading=\"lazy\" decoding=\"async\" width=\"368\" height=\"543\" src=\"https:\/\/dhg1h5j42swfq.cloudfront.net\/2022\/09\/06194839\/image-92.png\" alt=\"Assistente Administrativo Detran AP\" class=\"wp-image-1090677\" srcset=\"https:\/\/dhg1h5j42swfq.cloudfront.net\/2022\/09\/06194839\/image-92.png 368w, https:\/\/dhg1h5j42swfq.cloudfront.net\/2022\/09\/06194839\/image-92-203x300.png 203w, https:\/\/dhg1h5j42swfq.cloudfront.net\/2022\/09\/06194839\/image-92-150x221.png 150w\" sizes=\"auto, (max-width: 368px) 100vw, 368px\" \/><figcaption class=\"wp-element-caption\">Assistente Administrativo Detran AP<\/figcaption><\/figure>\n\n\n\n<h3 class=\"wp-block-heading\" id=\"requisitos\">Requisitos<\/h3>\n\n\n\n<ul class=\"wp-block-list\">\n<li><strong>Assistente Administrativo de Tr\u00e2nsito<\/strong>: N\u00edvel M\u00e9dio Completo com certificado expedido por institui\u00e7\u00e3o de ensino reconhecida pelo Minist\u00e9rio da Educa\u00e7\u00e3o (MEC);<\/li>\n\n\n\n<li><strong>Analista de Contabilidade e Controle<\/strong>: Diploma de Gradua\u00e7\u00e3o em Ci\u00eancias Cont\u00e1beis ou Ci\u00eancias  Atuariais emitida por institui\u00e7\u00e3o de ensino reconhecida pelo Minist\u00e9rio de Educa\u00e7\u00e3o (MEC) e registro no correspondente Conselho de Classe;<\/li>\n\n\n\n<li><strong>Analista Jur\u00eddico em Tr\u00e2nsito:<\/strong> Diploma de bacharelado em Direito emitido por institui\u00e7\u00e3o de ensino reconhecida pelo Minist\u00e9rio da Educa\u00e7\u00e3o (MEC);<\/li>\n\n\n\n<li><strong>Analista de Gest\u00e3o em Tr\u00e2nsito<\/strong>: Diploma de n\u00edvel superior em qualquer \u00e1rea de forma\u00e7\u00e3o emitido por institui\u00e7\u00e3o de ensino reconhecida pelo Minist\u00e9rio da Educa\u00e7\u00e3o (MEC); <\/li>\n\n\n\n<li><strong>Analista de Tecnologia da Informa\u00e7\u00e3o<\/strong>: Diploma de Gradua\u00e7\u00e3o na \u00e1rea de<\/li>\n\n\n\n<li>Tecnologia da Informa\u00e7\u00e3o e Comunica\u00e7\u00e3o (TIC), emitido por institui\u00e7\u00e3o de ensino reconhecida pelo Minist\u00e9rio de Educa\u00e7\u00e3o (MEC); <\/li>\n\n\n\n<li><strong>Educador de Tr\u00e2nsito<\/strong>: Diploma de Gradua\u00e7\u00e3o em Pedagogia ou Licenciatura emitido por institui\u00e7\u00e3o de ensino reconhecida pelo Minist\u00e9rio de Educa\u00e7\u00e3o (MEC);<\/li>\n\n\n\n<li><strong>Tradutor Int\u00e9rprete em Libras<\/strong>: Diploma de Gradua\u00e7\u00e3o em qualquer \u00e1rea de forma\u00e7\u00e3o emitido por institui\u00e7\u00e3o de ensino reconhecida pelo Minist\u00e9rio de Educa\u00e7\u00e3o (MEC) e Certificado de Curso de Int\u00e9rprete em Libras, fornecido por institui\u00e7\u00e3o de ensino superior reconhecida pelo Minist\u00e9rio da Educa\u00e7\u00e3o (MEC);<\/li>\n\n\n\n<li><strong>M\u00e9dico Perito de Tr\u00e2nsito<\/strong>: Diploma de Gradua\u00e7\u00e3o em Medicina emitido por institui\u00e7\u00e3o de ensino reconhecida pelo Minist\u00e9rio de Educa\u00e7\u00e3o (MEC) e T\u00edtulo de Especialista em Medicina de Tr\u00e1fego, expedido de acordo com as normas da Associa\u00e7\u00e3o M\u00e9dica Brasileira \u2013 AMB e do Conselho Federal de Medicina \u2013 CFM;<\/li>\n\n\n\n<li><strong>Psic\u00f3logo Perito em Tr\u00e2nsito<\/strong>: Diploma de Gradua\u00e7\u00e3o em Psicologia emitido por institui\u00e7\u00e3o de ensino reconhecida pelo Minist\u00e9rio de Educa\u00e7\u00e3o (MEC) e T\u00edtulo de Especialista em Psicologia do Tr\u00e2nsito reconhecido pelo Conselho Federal de Psicologia-CFP.<\/li>\n<\/ul>\n\n\n\n<h2 class=\"wp-block-heading has-text-align-left\" id=\"ultimo\">\u00daltimo concurso Detran AP<\/h2>\n\n\n\n<ul class=\"wp-block-list\">\n<li><strong>Data<\/strong>: 2009<\/li>\n\n\n\n<li><strong>Vagas<\/strong>: 55<\/li>\n\n\n\n<li><strong>Cargos<\/strong>: T\u00e9cnico Administrativo <\/li>\n\n\n\n<li><strong>Edital<\/strong>: <a href=\"https:\/\/dhg1h5j42swfq.cloudfront.net\/2020\/06\/11142634\/arq3530.pdf\" target=\"_blank\" rel=\"noreferrer noopener nofollow\">Detran AP &#8211; 2009<\/a><\/li>\n<\/ul>\n\n\n\n<p>O \u00faltimo concurso Detran AP foi realizado em 2009 e ofertou o total de 66 vagas para Gestor, Analista e T\u00e9cnico em Infraestrutura. <\/p>\n\n\n\n<p>As oportunidades se distribu\u00edram entre v\u00e1rias especialidades, nos seguintes setores: Secretaria de Estado da Infraestrutura \u2013 SEINF, <strong>Departamento Estadual de Transito \u2013 DETRAN<\/strong> e Secretaria de Estado do Transporte \u2013 SETRAP.<\/p>\n\n\n\n<h3 class=\"wp-block-heading\" id=\"etapas-e-provas-ultimo\">Etapas e provas<\/h3>\n\n\n\n<p>A sele\u00e7\u00e3o do concurso Detran AP foi realizada da seguinte forma:<\/p>\n\n\n\n<ul class=\"wp-block-list\">\n<li>Para o Cargo de Gestor de Infraestrutura em 01 etapa, executada em 02 fases:\n<ul class=\"wp-block-list\">\n<li>Prova Objetiva de car\u00e1ter eliminat\u00f3rio e classificat\u00f3rio;<\/li>\n\n\n\n<li>Prova de T\u00edtulos de car\u00e1ter classificat\u00f3rio.<\/li>\n<\/ul>\n<\/li>\n<\/ul>\n\n\n\n<ul class=\"wp-block-list\">\n<li>Para os cargos de Analista em Infraestrutura e T\u00e9cnico em Infraestrutura realizada em 1 Etapa:\n<ul class=\"wp-block-list\">\n<li>Prova Objetiva, de car\u00e1ter eliminat\u00f3rio e classificat\u00f3rio.<\/li>\n<\/ul>\n<\/li>\n<\/ul>\n\n\n\n<p>Os candidatos aprovados ainda foram submetidos \u00e0 avalia\u00e7\u00e3o m\u00e9dica e exame documental de car\u00e1ter pr\u00e9-admissional, presencial e obrigat\u00f3rio.<\/p>\n\n\n\n<p>O Exame de Conhecimentos constou de uma prova de m\u00faltipla escolha, composta de 80 quest\u00f5es de m\u00faltipla escolha, com uma \u00fanica resposta correta dentre as 5 alternativas, distribu\u00eddas conforme abaixo:<\/p>\n\n\n\n<figure class=\"wp-block-image aligncenter size-full\"><img loading=\"lazy\" decoding=\"async\" width=\"536\" height=\"244\" src=\"https:\/\/dhg1h5j42swfq.cloudfront.net\/2022\/03\/04122524\/image-45.png\" alt=\"Quadro de provas do \u00faltimo concurso \" class=\"wp-image-980686\" srcset=\"https:\/\/dhg1h5j42swfq.cloudfront.net\/2022\/03\/04122524\/image-45.png 536w, https:\/\/dhg1h5j42swfq.cloudfront.net\/2022\/03\/04122524\/image-45-300x137.png 300w\" sizes=\"auto, (max-width: 536px) 100vw, 536px\" \/><figcaption class=\"wp-element-caption\">Quadro de provas do \u00faltimo concurso Detran AP<\/figcaption><\/figure>\n\n\n\n<hr class=\"wp-block-separator has-css-opacity\"\/>\n\n\n\n<h2 class=\"wp-block-heading has-text-align-center\" id=\"h-quer-saber-tudo-sobre-concursos-previstos-confira-nossos-artigos\">Quer saber tudo sobre concursos previstos?<br \/>Confira nossos artigos!<\/h2>\n\n\n\n<ul class=\"wp-block-list\">\n<li><a href=\"https:\/\/www.estrategiaconcursos.com.br\/blog\/concursos-abertos\/\" target=\"_blank\" rel=\"noreferrer noopener\">Concursos abertos<\/a><\/li>\n\n\n\n<li><a href=\"https:\/\/www.estrategiaconcursos.com.br\/blog\/concursos-2023\/\" target=\"_blank\" rel=\"noreferrer noopener\">Concursos 2023<\/a><\/li>\n\n\n\n<li><a href=\"https:\/\/www.estrategiaconcursos.com.br\/blog\/concursos-2024\/\" target=\"_blank\" rel=\"noreferrer noopener\">Concursos 2024<\/a><\/li>\n<\/ul>\n\n\n\n<h2 class=\"wp-block-heading has-text-align-center\" id=\"cursos-assinatura\">Quer estudar para o Concurso Detran Amap\u00e1?<\/h2>\n\n\n\n<div class=\"container\" id=\"boxes\">\n  <div class=\"row\"> \n\n    <div class=\"col-sm\">\n      <div class=\"banner-adm\" id=\"box-assinatura\">\n        <h3 class=\"titulo-assinatura\">Concurso Detran AP<\/h3>\n        <p class=\"subtitulo-assinatura\">Conhe\u00e7a os cursos<\/p>\n        <div class=\"box-botao\">\n          <a class=\"btn-assinatura\" target=\"_blank\" href=\"https:\/\/www.estrategiaconcursos.com.br\/cursosPorConcurso\/detran-ap\/\" role=\"button\" rel=\"noopener noreferrer\">Conhe\u00e7a mais<\/a>\n        <\/div>\n      <\/div>\n     \n\n  <\/div>\n<\/div><\/div>\n\n\n\n<div class=\"container\" id=\"boxes\">\n  <div class=\"row\">\n\n    <div class=\"col-sm\">\n      <div class=\"estrategia\" id=\"box-assinatura\">\n        <h3 class=\"titulo-assinatura\">Assinatura de Concursos<\/h3>\n        <p class=\"subtitulo-assinatura\">Assinatura de 1 ano ou 2 anos<\/p>\n        <div class=\"box-botao\">\n          <a class=\"btn-assinatura\" target=\"_blank\" href=\"https:\/\/www.estrategiaconcursos.com.br\/assinaturas\/\" role=\"button\" rel=\"noopener noreferrer\">ASSINE AGORA<\/a>\n        <\/div>\n      <\/div>\n     \n    <\/div><\/div><\/div>\n\n\n\n<figure class=\"wp-block-image size-large is-resized\"><img loading=\"lazy\" decoding=\"async\" src=\"https:\/\/dhg1h5j42swfq.cloudfront.net\/2021\/08\/02092425\/ficha-tecnica-1024x632.png\" alt=\"Ficha t\u00e9cnica\" class=\"wp-image-826813\" width=\"227\" height=\"140\" srcset=\"https:\/\/dhg1h5j42swfq.cloudfront.net\/2021\/08\/02092425\/ficha-tecnica-1024x632.png 1024w, https:\/\/dhg1h5j42swfq.cloudfront.net\/2021\/08\/02092425\/ficha-tecnica-300x185.png 300w, https:\/\/dhg1h5j42swfq.cloudfront.net\/2021\/08\/02092425\/ficha-tecnica-768x474.png 768w, https:\/\/dhg1h5j42swfq.cloudfront.net\/2021\/08\/02092425\/ficha-tecnica-1536x948.png 1536w, https:\/\/dhg1h5j42swfq.cloudfront.net\/2021\/08\/02092425\/ficha-tecnica-610x377.png 610w, https:\/\/dhg1h5j42swfq.cloudfront.net\/2021\/08\/02092425\/ficha-tecnica.png 1571w\" sizes=\"auto, (max-width: 227px) 100vw, 227px\" \/><\/figure>\n\n\n\n<h3 class=\"wp-block-heading\" id=\"ficha-tecnica\">Informa\u00e7\u00f5es do concurso Detran AP<\/h3>\n\n\n\n<ul class=\"wp-block-list\">\n<li><strong>Provas<\/strong>: 11\/12\/2022<\/li>\n\n\n\n<li><strong>Vagas<\/strong>: 66 + 470 CR<\/li>\n\n\n\n<li><strong>Cargos<\/strong>: V\u00e1rios<\/li>\n\n\n\n<li><strong>Requisitos<\/strong>: n\u00edvel m\u00e9dio e superior<\/li>\n\n\n\n<li><strong>Banca<\/strong>: FCC<\/li>\n\n\n\n<li><strong>Edital: <\/strong><a href=\"https:\/\/dhg1h5j42swfq.cloudfront.net\/2022\/09\/06183224\/detap122_edital_de_abertura_de_inscricoes_fcc_publicar.pdf\" target=\"_blank\" rel=\"noreferrer noopener nofollow\">Edital Detran AP-2022<\/a><\/li>\n<\/ul>\n","protected":false},"excerpt":{"rendered":"<p>Foram divulgadas a classifica\u00e7\u00e3o final do concurso Detran AP e a convoca\u00e7\u00e3o para envio de documentos dos primeiros aprovados a serem nomeados. Com isso, o certame fica oficialmente homologado. Ao todo, a sele\u00e7\u00e3o ofertou 66 vagas imediatas e 470 para forma\u00e7\u00e3o de cadastro de reserva. As oportunidades foram para diversos cargos de n\u00edveis m\u00e9dio e [&hellip;]<\/p>\n","protected":false},"author":1,"featured_media":996913,"comment_status":"open","ping_status":"closed","sticky":false,"template":"","format":"standard","meta":{"post_tipo":"news_page","footnotes":""},"categories":[214992],"tags":[],"tax_estado":[219967],"class_list":["post-383148","post","type-post","status-publish","format-standard","has-post-thumbnail","hentry","category-concursos-administrativos","tax_estado-ap"],"acf":[],"yoast_head":"<!-- This site is optimized with the Yoast SEO Premium plugin v27.2 (Yoast SEO v27.2) - https:\/\/yoast.com\/product\/yoast-seo-premium-wordpress\/ -->\n<title>Concurso Detran AP: resultado final homologado; confira!<\/title>\n<meta name=\"description\" content=\"Concurso Detran AP: edital publicado com 66 vagas imediatas + 470 CR para m\u00e9dio e superior. Resultado final \u00e9 homologado. Confira!\" \/>\n<meta name=\"robots\" content=\"index, follow, max-snippet:-1, max-image-preview:large, max-video-preview:-1\" \/>\n<link rel=\"canonical\" href=\"https:\/\/www.estrategiaconcursos.com.br\/blog\/concurso-detran-ap\/\" \/>\n<meta property=\"og:locale\" content=\"pt_BR\" \/>\n<meta property=\"og:type\" content=\"article\" \/>\n<meta property=\"og:title\" content=\"Concurso Detran AP: resultado final homologado; confira!\" \/>\n<meta property=\"og:description\" content=\"Concurso Detran AP: edital publicado com 66 vagas imediatas + 470 CR para m\u00e9dio e superior. Resultado final \u00e9 homologado. Confira!\" \/>\n<meta property=\"og:url\" content=\"https:\/\/www.estrategiaconcursos.com.br\/blog\/concurso-detran-ap\/\" \/>\n<meta property=\"og:site_name\" content=\"Estrat\u00e9gia Concursos\" \/>\n<meta property=\"article:author\" content=\"https:\/\/www.facebook.com\/EstrategiaConcursos\" \/>\n<meta property=\"article:published_time\" content=\"2023-05-20T11:00:00+00:00\" \/>\n<meta property=\"article:modified_time\" content=\"2026-03-20T20:04:13+00:00\" \/>\n<meta property=\"og:image\" content=\"https:\/\/dhg1h5j42swfq.cloudfront.net\/2022\/03\/29145738\/detran_ap.jpg\" \/>\n\t<meta property=\"og:image:width\" content=\"768\" \/>\n\t<meta property=\"og:image:height\" content=\"432\" \/>\n\t<meta property=\"og:image:type\" content=\"image\/jpeg\" \/>\n<meta name=\"author\" content=\"Coordena\u00e7\u00e3o\" \/>\n<meta name=\"twitter:card\" content=\"summary_large_image\" \/>\n<meta name=\"twitter:creator\" content=\"@EstratConcursos\" \/>\n<meta name=\"twitter:site\" content=\"@EstratConcursos\" \/>\n<meta name=\"twitter:label1\" content=\"Escrito por\" \/>\n\t<meta name=\"twitter:data1\" content=\"Coordena\u00e7\u00e3o\" \/>\n\t<meta name=\"twitter:label2\" content=\"Est. tempo de leitura\" \/>\n\t<meta name=\"twitter:data2\" content=\"8 minutos\" \/>\n<script type=\"application\/ld+json\" class=\"yoast-schema-graph\">{\"@context\":\"https:\/\/schema.org\",\"@graph\":[{\"@type\":\"NewsArticle\",\"@id\":\"https:\/\/www.estrategiaconcursos.com.br\/blog\/concurso-detran-ap\/#article\",\"isPartOf\":{\"@id\":\"https:\/\/www.estrategiaconcursos.com.br\/blog\/concurso-detran-ap\/\"},\"author\":{\"name\":\"Coordena\u00e7\u00e3o\",\"@id\":\"https:\/\/www.estrategiaconcursos.com.br\/blog\/#\/schema\/person\/b4a388c97673c5f483d72185668afa1f\"},\"headline\":\"Concurso Detran AP: resultado final homologado; confira!\",\"datePublished\":\"2023-05-20T11:00:00+00:00\",\"dateModified\":\"2026-03-20T20:04:13+00:00\",\"mainEntityOfPage\":{\"@id\":\"https:\/\/www.estrategiaconcursos.com.br\/blog\/concurso-detran-ap\/\"},\"wordCount\":1909,\"commentCount\":2,\"publisher\":{\"@id\":\"https:\/\/www.estrategiaconcursos.com.br\/blog\/#organization\"},\"image\":{\"@id\":\"https:\/\/www.estrategiaconcursos.com.br\/blog\/concurso-detran-ap\/#primaryimage\"},\"thumbnailUrl\":\"https:\/\/dhg1h5j42swfq.cloudfront.net\/2022\/03\/29145738\/detran_ap.jpg\",\"articleSection\":[\"Executivo (Administrativa)\"],\"inLanguage\":\"pt-BR\",\"potentialAction\":[{\"@type\":\"CommentAction\",\"name\":\"Comment\",\"target\":[\"https:\/\/www.estrategiaconcursos.com.br\/blog\/concurso-detran-ap\/#respond\"]}],\"copyrightYear\":\"2023\",\"copyrightHolder\":{\"@id\":\"https:\/\/www.estrategiaconcursos.com.br\/blog\/#organization\"}},{\"@type\":\"WebPage\",\"@id\":\"https:\/\/www.estrategiaconcursos.com.br\/blog\/concurso-detran-ap\/\",\"url\":\"https:\/\/www.estrategiaconcursos.com.br\/blog\/concurso-detran-ap\/\",\"name\":\"Concurso Detran AP: resultado final homologado; confira!\",\"isPartOf\":{\"@id\":\"https:\/\/www.estrategiaconcursos.com.br\/blog\/#website\"},\"primaryImageOfPage\":{\"@id\":\"https:\/\/www.estrategiaconcursos.com.br\/blog\/concurso-detran-ap\/#primaryimage\"},\"image\":{\"@id\":\"https:\/\/www.estrategiaconcursos.com.br\/blog\/concurso-detran-ap\/#primaryimage\"},\"thumbnailUrl\":\"https:\/\/dhg1h5j42swfq.cloudfront.net\/2022\/03\/29145738\/detran_ap.jpg\",\"datePublished\":\"2023-05-20T11:00:00+00:00\",\"dateModified\":\"2026-03-20T20:04:13+00:00\",\"description\":\"Concurso Detran AP: edital publicado com 66 vagas imediatas + 470 CR para m\u00e9dio e superior. Resultado final \u00e9 homologado. Confira!\",\"breadcrumb\":{\"@id\":\"https:\/\/www.estrategiaconcursos.com.br\/blog\/concurso-detran-ap\/#breadcrumb\"},\"inLanguage\":\"pt-BR\",\"potentialAction\":[{\"@type\":\"ReadAction\",\"target\":[\"https:\/\/www.estrategiaconcursos.com.br\/blog\/concurso-detran-ap\/\"]}]},{\"@type\":\"ImageObject\",\"inLanguage\":\"pt-BR\",\"@id\":\"https:\/\/www.estrategiaconcursos.com.br\/blog\/concurso-detran-ap\/#primaryimage\",\"url\":\"https:\/\/dhg1h5j42swfq.cloudfront.net\/2022\/03\/29145738\/detran_ap.jpg\",\"contentUrl\":\"https:\/\/dhg1h5j42swfq.cloudfront.net\/2022\/03\/29145738\/detran_ap.jpg\",\"width\":768,\"height\":432,\"caption\":\"Detran AP\"},{\"@type\":\"BreadcrumbList\",\"@id\":\"https:\/\/www.estrategiaconcursos.com.br\/blog\/concurso-detran-ap\/#breadcrumb\",\"itemListElement\":[{\"@type\":\"ListItem\",\"position\":1,\"name\":\"In\u00edcio\",\"item\":\"https:\/\/www.estrategiaconcursos.com.br\/blog\/\"},{\"@type\":\"ListItem\",\"position\":2,\"name\":\"Concurso Detran AP: resultado final homologado; confira!\"}]},{\"@type\":\"WebSite\",\"@id\":\"https:\/\/www.estrategiaconcursos.com.br\/blog\/#website\",\"url\":\"https:\/\/www.estrategiaconcursos.com.br\/blog\/\",\"name\":\"Estrat\u00e9gia Concursos\",\"description\":\"O blog da Estrat\u00e9gia Concursos traz not\u00edcias sobre concursos e artigos de professores oferecendo cursos para concursos (pdf + videaulas) no site.\",\"publisher\":{\"@id\":\"https:\/\/www.estrategiaconcursos.com.br\/blog\/#organization\"},\"potentialAction\":[{\"@type\":\"SearchAction\",\"target\":{\"@type\":\"EntryPoint\",\"urlTemplate\":\"https:\/\/www.estrategiaconcursos.com.br\/blog\/?s={search_term_string}\"},\"query-input\":{\"@type\":\"PropertyValueSpecification\",\"valueRequired\":true,\"valueName\":\"search_term_string\"}}],\"inLanguage\":\"pt-BR\"},{\"@type\":\"Organization\",\"@id\":\"https:\/\/www.estrategiaconcursos.com.br\/blog\/#organization\",\"name\":\"Estrat\u00e9gia Concursos\",\"url\":\"https:\/\/www.estrategiaconcursos.com.br\/blog\/\",\"logo\":{\"@type\":\"ImageObject\",\"inLanguage\":\"pt-BR\",\"@id\":\"https:\/\/www.estrategiaconcursos.com.br\/blog\/#\/schema\/logo\/image\/\",\"url\":\"https:\/\/dhg1h5j42swfq.cloudfront.net\/2025\/06\/03203428\/logo_concursos-1.jpg\",\"contentUrl\":\"https:\/\/dhg1h5j42swfq.cloudfront.net\/2025\/06\/03203428\/logo_concursos-1.jpg\",\"width\":230,\"height\":60,\"caption\":\"Estrat\u00e9gia Concursos\"},\"image\":{\"@id\":\"https:\/\/www.estrategiaconcursos.com.br\/blog\/#\/schema\/logo\/image\/\"},\"sameAs\":[\"https:\/\/x.com\/EstratConcursos\"]},{\"@type\":\"Person\",\"@id\":\"https:\/\/www.estrategiaconcursos.com.br\/blog\/#\/schema\/person\/b4a388c97673c5f483d72185668afa1f\",\"name\":\"Coordena\u00e7\u00e3o\",\"image\":{\"@type\":\"ImageObject\",\"inLanguage\":\"pt-BR\",\"@id\":\"https:\/\/secure.gravatar.com\/avatar\/b720319e4c9a967eb58678d110f4fe35452fc5d5f97b202bac7b8acceb18c6ad?s=96&d=mm&r=g\",\"url\":\"https:\/\/secure.gravatar.com\/avatar\/b720319e4c9a967eb58678d110f4fe35452fc5d5f97b202bac7b8acceb18c6ad?s=96&d=mm&r=g\",\"contentUrl\":\"https:\/\/secure.gravatar.com\/avatar\/b720319e4c9a967eb58678d110f4fe35452fc5d5f97b202bac7b8acceb18c6ad?s=96&d=mm&r=g\",\"caption\":\"Coordena\u00e7\u00e3o\"},\"sameAs\":[\"https:\/\/www.facebook.com\/EstrategiaConcursos\",\"https:\/\/x.com\/EstratConcursos\"],\"url\":\"https:\/\/www.estrategiaconcursos.com.br\/blog\/author\/estrategia2013\/\"}]}<\/script>\n<!-- \/ Yoast SEO Premium plugin. -->","yoast_head_json":{"title":"Concurso Detran AP: resultado final homologado; confira!","description":"Concurso Detran AP: edital publicado com 66 vagas imediatas + 470 CR para m\u00e9dio e superior. Resultado final \u00e9 homologado. Confira!","robots":{"index":"index","follow":"follow","max-snippet":"max-snippet:-1","max-image-preview":"max-image-preview:large","max-video-preview":"max-video-preview:-1"},"canonical":"https:\/\/www.estrategiaconcursos.com.br\/blog\/concurso-detran-ap\/","og_locale":"pt_BR","og_type":"article","og_title":"Concurso Detran AP: resultado final homologado; confira!","og_description":"Concurso Detran AP: edital publicado com 66 vagas imediatas + 470 CR para m\u00e9dio e superior. Resultado final \u00e9 homologado. Confira!","og_url":"https:\/\/www.estrategiaconcursos.com.br\/blog\/concurso-detran-ap\/","og_site_name":"Estrat\u00e9gia Concursos","article_author":"https:\/\/www.facebook.com\/EstrategiaConcursos","article_published_time":"2023-05-20T11:00:00+00:00","article_modified_time":"2026-03-20T20:04:13+00:00","og_image":[{"width":768,"height":432,"url":"https:\/\/dhg1h5j42swfq.cloudfront.net\/2022\/03\/29145738\/detran_ap.jpg","type":"image\/jpeg"}],"author":"Coordena\u00e7\u00e3o","twitter_card":"summary_large_image","twitter_creator":"@EstratConcursos","twitter_site":"@EstratConcursos","twitter_misc":{"Escrito por":"Coordena\u00e7\u00e3o","Est. tempo de leitura":"8 minutos"},"schema":{"@context":"https:\/\/schema.org","@graph":[{"@type":"NewsArticle","@id":"https:\/\/www.estrategiaconcursos.com.br\/blog\/concurso-detran-ap\/#article","isPartOf":{"@id":"https:\/\/www.estrategiaconcursos.com.br\/blog\/concurso-detran-ap\/"},"author":{"name":"Coordena\u00e7\u00e3o","@id":"https:\/\/www.estrategiaconcursos.com.br\/blog\/#\/schema\/person\/b4a388c97673c5f483d72185668afa1f"},"headline":"Concurso Detran AP: resultado final homologado; confira!","datePublished":"2023-05-20T11:00:00+00:00","dateModified":"2026-03-20T20:04:13+00:00","mainEntityOfPage":{"@id":"https:\/\/www.estrategiaconcursos.com.br\/blog\/concurso-detran-ap\/"},"wordCount":1909,"commentCount":2,"publisher":{"@id":"https:\/\/www.estrategiaconcursos.com.br\/blog\/#organization"},"image":{"@id":"https:\/\/www.estrategiaconcursos.com.br\/blog\/concurso-detran-ap\/#primaryimage"},"thumbnailUrl":"https:\/\/dhg1h5j42swfq.cloudfront.net\/2022\/03\/29145738\/detran_ap.jpg","articleSection":["Executivo (Administrativa)"],"inLanguage":"pt-BR","potentialAction":[{"@type":"CommentAction","name":"Comment","target":["https:\/\/www.estrategiaconcursos.com.br\/blog\/concurso-detran-ap\/#respond"]}],"copyrightYear":"2023","copyrightHolder":{"@id":"https:\/\/www.estrategiaconcursos.com.br\/blog\/#organization"}},{"@type":"WebPage","@id":"https:\/\/www.estrategiaconcursos.com.br\/blog\/concurso-detran-ap\/","url":"https:\/\/www.estrategiaconcursos.com.br\/blog\/concurso-detran-ap\/","name":"Concurso Detran AP: resultado final homologado; confira!","isPartOf":{"@id":"https:\/\/www.estrategiaconcursos.com.br\/blog\/#website"},"primaryImageOfPage":{"@id":"https:\/\/www.estrategiaconcursos.com.br\/blog\/concurso-detran-ap\/#primaryimage"},"image":{"@id":"https:\/\/www.estrategiaconcursos.com.br\/blog\/concurso-detran-ap\/#primaryimage"},"thumbnailUrl":"https:\/\/dhg1h5j42swfq.cloudfront.net\/2022\/03\/29145738\/detran_ap.jpg","datePublished":"2023-05-20T11:00:00+00:00","dateModified":"2026-03-20T20:04:13+00:00","description":"Concurso Detran AP: edital publicado com 66 vagas imediatas + 470 CR para m\u00e9dio e superior. Resultado final \u00e9 homologado. Confira!","breadcrumb":{"@id":"https:\/\/www.estrategiaconcursos.com.br\/blog\/concurso-detran-ap\/#breadcrumb"},"inLanguage":"pt-BR","potentialAction":[{"@type":"ReadAction","target":["https:\/\/www.estrategiaconcursos.com.br\/blog\/concurso-detran-ap\/"]}]},{"@type":"ImageObject","inLanguage":"pt-BR","@id":"https:\/\/www.estrategiaconcursos.com.br\/blog\/concurso-detran-ap\/#primaryimage","url":"https:\/\/dhg1h5j42swfq.cloudfront.net\/2022\/03\/29145738\/detran_ap.jpg","contentUrl":"https:\/\/dhg1h5j42swfq.cloudfront.net\/2022\/03\/29145738\/detran_ap.jpg","width":768,"height":432,"caption":"Detran AP"},{"@type":"BreadcrumbList","@id":"https:\/\/www.estrategiaconcursos.com.br\/blog\/concurso-detran-ap\/#breadcrumb","itemListElement":[{"@type":"ListItem","position":1,"name":"In\u00edcio","item":"https:\/\/www.estrategiaconcursos.com.br\/blog\/"},{"@type":"ListItem","position":2,"name":"Concurso Detran AP: resultado final homologado; confira!"}]},{"@type":"WebSite","@id":"https:\/\/www.estrategiaconcursos.com.br\/blog\/#website","url":"https:\/\/www.estrategiaconcursos.com.br\/blog\/","name":"Estrat\u00e9gia Concursos","description":"O blog da Estrat\u00e9gia Concursos traz not\u00edcias sobre concursos e artigos de professores oferecendo cursos para concursos (pdf + videaulas) no site.","publisher":{"@id":"https:\/\/www.estrategiaconcursos.com.br\/blog\/#organization"},"potentialAction":[{"@type":"SearchAction","target":{"@type":"EntryPoint","urlTemplate":"https:\/\/www.estrategiaconcursos.com.br\/blog\/?s={search_term_string}"},"query-input":{"@type":"PropertyValueSpecification","valueRequired":true,"valueName":"search_term_string"}}],"inLanguage":"pt-BR"},{"@type":"Organization","@id":"https:\/\/www.estrategiaconcursos.com.br\/blog\/#organization","name":"Estrat\u00e9gia Concursos","url":"https:\/\/www.estrategiaconcursos.com.br\/blog\/","logo":{"@type":"ImageObject","inLanguage":"pt-BR","@id":"https:\/\/www.estrategiaconcursos.com.br\/blog\/#\/schema\/logo\/image\/","url":"https:\/\/dhg1h5j42swfq.cloudfront.net\/2025\/06\/03203428\/logo_concursos-1.jpg","contentUrl":"https:\/\/dhg1h5j42swfq.cloudfront.net\/2025\/06\/03203428\/logo_concursos-1.jpg","width":230,"height":60,"caption":"Estrat\u00e9gia Concursos"},"image":{"@id":"https:\/\/www.estrategiaconcursos.com.br\/blog\/#\/schema\/logo\/image\/"},"sameAs":["https:\/\/x.com\/EstratConcursos"]},{"@type":"Person","@id":"https:\/\/www.estrategiaconcursos.com.br\/blog\/#\/schema\/person\/b4a388c97673c5f483d72185668afa1f","name":"Coordena\u00e7\u00e3o","image":{"@type":"ImageObject","inLanguage":"pt-BR","@id":"https:\/\/secure.gravatar.com\/avatar\/b720319e4c9a967eb58678d110f4fe35452fc5d5f97b202bac7b8acceb18c6ad?s=96&d=mm&r=g","url":"https:\/\/secure.gravatar.com\/avatar\/b720319e4c9a967eb58678d110f4fe35452fc5d5f97b202bac7b8acceb18c6ad?s=96&d=mm&r=g","contentUrl":"https:\/\/secure.gravatar.com\/avatar\/b720319e4c9a967eb58678d110f4fe35452fc5d5f97b202bac7b8acceb18c6ad?s=96&d=mm&r=g","caption":"Coordena\u00e7\u00e3o"},"sameAs":["https:\/\/www.facebook.com\/EstrategiaConcursos","https:\/\/x.com\/EstratConcursos"],"url":"https:\/\/www.estrategiaconcursos.com.br\/blog\/author\/estrategia2013\/"}]}},"_links":{"self":[{"href":"https:\/\/www.estrategiaconcursos.com.br\/blog\/wp-json\/wp\/v2\/posts\/383148","targetHints":{"allow":["GET"]}}],"collection":[{"href":"https:\/\/www.estrategiaconcursos.com.br\/blog\/wp-json\/wp\/v2\/posts"}],"about":[{"href":"https:\/\/www.estrategiaconcursos.com.br\/blog\/wp-json\/wp\/v2\/types\/post"}],"author":[{"embeddable":true,"href":"https:\/\/www.estrategiaconcursos.com.br\/blog\/wp-json\/wp\/v2\/users\/1"}],"replies":[{"embeddable":true,"href":"https:\/\/www.estrategiaconcursos.com.br\/blog\/wp-json\/wp\/v2\/comments?post=383148"}],"version-history":[{"count":58,"href":"https:\/\/www.estrategiaconcursos.com.br\/blog\/wp-json\/wp\/v2\/posts\/383148\/revisions"}],"predecessor-version":[{"id":1219495,"href":"https:\/\/www.estrategiaconcursos.com.br\/blog\/wp-json\/wp\/v2\/posts\/383148\/revisions\/1219495"}],"wp:featuredmedia":[{"embeddable":true,"href":"https:\/\/www.estrategiaconcursos.com.br\/blog\/wp-json\/wp\/v2\/media\/996913"}],"wp:attachment":[{"href":"https:\/\/www.estrategiaconcursos.com.br\/blog\/wp-json\/wp\/v2\/media?parent=383148"}],"wp:term":[{"taxonomy":"category","embeddable":true,"href":"https:\/\/www.estrategiaconcursos.com.br\/blog\/wp-json\/wp\/v2\/categories?post=383148"},{"taxonomy":"post_tag","embeddable":true,"href":"https:\/\/www.estrategiaconcursos.com.br\/blog\/wp-json\/wp\/v2\/tags?post=383148"},{"taxonomy":"tax_estado","embeddable":true,"href":"https:\/\/www.estrategiaconcursos.com.br\/blog\/wp-json\/wp\/v2\/tax_estado?post=383148"}],"curies":[{"name":"wp","href":"https:\/\/api.w.org\/{rel}","templated":true}]}}