{"id":382287,"date":"2026-01-16T20:17:33","date_gmt":"2026-01-16T23:17:33","guid":{"rendered":"https:\/\/www.estrategiaconcursos.com.br\/blog\/?p=382287"},"modified":"2026-01-19T16:37:48","modified_gmt":"2026-01-19T19:37:48","slug":"concurso-ibram-df","status":"publish","type":"post","link":"https:\/\/www.estrategiaconcursos.com.br\/blog\/concurso-ibram-df\/","title":{"rendered":"Concurso IBRAM DF: autoriza\u00e7\u00e3o segue aguardada!"},"content":{"rendered":"<a id=\"cta-icon\" href=\"https:\/\/www.redirectmais.com\/wpp\/ibram-df-grupo\" target=\"blank\" style=\"background:rgb(41,166,26)\">\n            <img decoding=\"async\" src=\"https:\/\/dhg1h5j42swfq.cloudfront.net\/2024\/01\/03154041\/whatsapp_13851.png\" alt=\"\" alt=\"whatsapp_13851\"><span > Acesse agora o Grupo de Estudos para o Concurso IBRAM DF<\/span><\/a>\n\n\n\n<p>A realiza\u00e7\u00e3o do novo concurso p\u00fablico do <strong>IBRAM DF <\/strong>(<a href=\"https:\/\/www.estrategiaconcursos.com.br\/cursosPorConcurso\/instituto-do-meio-ambiente-e-dos-recursos-hidricos-do-df-ibram-df\/\" target=\"_blank\" rel=\"noreferrer noopener\">Instituto do Meio Ambiente e dos Recursos H\u00eddricos do Distrito Federal<\/a>) ainda depende de autoriza\u00e7\u00e3o.<\/p>\n\n\n\n<p>O pedido foi enviado para a Secretaria de Economia e a expectativa era de que a autoriza\u00e7\u00e3o fosse concedida ainda em 2025, o que n\u00e3o ocorreu.<\/p>\n\n\n\n<p>Inclusive, circulam informa\u00e7\u00f5es acerca de uma suposta autoriza\u00e7\u00e3o para 219 vagas, <a href=\"https:\/\/www.estrategiaconcursos.com.br\/blog\/concurso-ibram-df-vagas-autorizacao\/\" target=\"_blank\" rel=\"noreferrer noopener\">informa\u00e7\u00e3o que foi desmentida pelo pr\u00f3prio Instituto. Veja os detalhes!<\/a><\/p>\n\n\n\n<p>Enquanto isso, o Ibram opera apenas com 30 analistas e um \u00fanico servidor dedicado ao Cadastro Ambiental Rural, com mais de 76% das licen\u00e7as ambientais da bacia do Rio Melchior vencidas, o que refor\u00e7a a necessidade de um novo concurso. <a href=\"https:\/\/www.estrategiaconcursos.com.br\/blog\/concursos-df-carencia-critica\/\" target=\"_blank\" rel=\"noreferrer noopener\"><em>Veja mais detalhes  aqui!<\/em><\/a><\/p>\n\n\n\n<p>Agora, a equipe de jornalismo do Estrat\u00e9gia segue em contato com o \u00f3rg\u00e3o para obter detalhes sobre a sele\u00e7\u00e3o. A expectativa \u00e9 de que a autoriza\u00e7\u00e3o possa ser concedida ainda no primeiro semestre de 2026.<\/p>\n\n\n\n<ul id=\"block-ee678516-e9d1-48bd-b327-7b9acd55f0fd\" class=\"wp-block-list has-very-light-gray-to-cyan-bluish-gray-gradient-background has-background\">\n<li><strong>Instituto do Meio Ambiente e dos Recursos H\u00eddricos do DF<\/strong><\/li>\n\n\n\n<li><strong>Status:<\/strong>&nbsp;solicitado<\/li>\n\n\n\n<li><strong style=\"color: initial;\">Banca:&nbsp;<\/strong><span style=\"color: initial;\">a definir<\/span><\/li>\n\n\n\n<li><strong>Vagas:&nbsp;<\/strong><span style=\"color: initial;\">a definir<\/span><\/li>\n\n\n\n<li><strong>Sal\u00e1rio inicial:<\/strong>&nbsp;R$ 8.933,05 e R$ 11.433,75<\/li>\n\n\n\n<li><strong>\u00daltimo edital: <\/strong><a href=\"https:\/\/dhg1h5j42swfq.cloudfront.net\/2022\/05\/03084945\/ed_1_2009_seplag_ibram_abertura-pdf.pdf\" target=\"_blank\" rel=\"noreferrer noopener nofollow\">IBRAM DF 2009<\/a><\/li>\n<\/ul>\n\n\n\n<p>Vale lembrar que, anteriormente, eram esperadas <strong>50 vagas mais 169 em CR<\/strong>, sendo:<\/p>\n\n\n\n<ul class=\"wp-block-list\">\n<li><strong>35 vagas + 54 CR<\/strong>&nbsp;para Analista de Atividades do Meio Ambiente (superior); e<\/li>\n\n\n\n<li><strong>15 vagas + 115 CR<\/strong>&nbsp;para T\u00e9cnico de Atividades do Meio Ambiente (m\u00e9dio).<\/li>\n<\/ul>\n\n\n\n<p>Inclusive, a carreira j\u00e1 havia passado por algumas altera\u00e7\u00f5es que definiram requisitos e atribui\u00e7\u00f5es das respectivas especialidades, assim como a transforma\u00e7\u00f5es de algumas \u00e1reas. Confira os detalhes no t\u00f3pico &#8220;<strong><em><a href=\"#alteracoes\">Altera\u00e7\u00f5es na carreira<\/a><\/em><\/strong>&#8220;.<\/p>\n\n\n\n<p>Confira as novidades sobre o concurso IBRAM DF e os principais pontos do \u00faltimo edital. Acompanhe pelos t\u00f3picos abaixo:<\/p>\n\n\n\n<ul id=\"indice\" class=\"wp-block-list\">\n<li><strong><a href=\"#situ\">Linha do tempo<\/a><\/strong><\/li>\n\n\n\n<li><a href=\"#carreira\"><strong>Carreira<\/strong><\/a>\n<ul class=\"wp-block-list\">\n<li><a href=\"#alteracoes\">Altera\u00e7\u00f5es na carreira<\/a><\/li>\n\n\n\n<li><a href=\"#salarios\">Sal\u00e1rios<\/a><\/li>\n\n\n\n<li><a href=\"#requisitos\">Requisitos<\/a><\/li>\n\n\n\n<li><a href=\"#vagos\">Cargos vagos<\/a><\/li>\n<\/ul>\n<\/li>\n\n\n\n<li><strong><a href=\"#ultimo\">\u00daltimo concurso IBRAM DF<\/a><\/strong>\n<ul class=\"wp-block-list\">\n<li><a href=\"#distribuicao\">Distribui\u00e7\u00e3o das vagas<\/a><\/li>\n\n\n\n<li><a href=\"#etapas\">Etapas do \u00faltimo concurso<\/a><\/li>\n\n\n\n<li><a href=\"#prova-objetiva\">Prova objetiva<\/a> <\/li>\n<\/ul>\n<\/li>\n\n\n\n<li><strong><a href=\"#cursos\">Cursos e assinatura<\/a><\/strong><\/li>\n\n\n\n<li><strong><a href=\"#ficha-tecnica\">Ficha t\u00e9cnica<\/a><\/strong><\/li>\n<\/ul>\n\n\n\n<div class=\"container\" id=\"boxes\">\n  <div class=\"row\">\n\n    <div class=\"col-sm\">\n      <div class=\"banner-estrat-corj\" id=\"box-assinatura\">\n        <h2 class=\"titulo-assinatura\" style=\"text-align: left;\">Cursos para IBRAM DF<\/h2>\n        <p class=\"subtitulo-assinatura\" style=\"text-align: left;\">Conhe\u00e7a os cursos<\/p>\n        <div class=\"box-botao\" style=\"text-align: left;\">\n          <a class=\"btn-assinatura\" target=\"_blank\" href=\"https:\/\/www.estrategiaconcursos.com.br\/cursosPorConcurso\/instituto-do-meio-ambiente-e-dos-recursos-hidricos-do-df-ibram-df\/\" role=\"button\" rel=\"noopener noreferrer\">CLIQUE AQUI<\/a>\n        <\/div>\n      <\/div><\/div><\/div><\/div>\n\n\n\n<h2 class=\"wp-block-heading\" id=\"linha\">Linha do tempo do concurso IBRAM DF<\/h2>\n\n\n\n<ul class=\"wp-block-list\">\n<li><strong>03\/05\/2022: <\/strong><a href=\"https:\/\/www.estrategiaconcursos.com.br\/blog\/concurso-ibram-df-autorizacao\/\" target=\"_blank\" rel=\"noreferrer noopener\">concurso autorizado com 219 vagas<\/a>;<\/li>\n\n\n\n<li><strong>18\/05\/2022:<\/strong> <a href=\"https:\/\/www.estrategiaconcursos.com.br\/blog\/concurso-ibram-df-grupo-e-formado\/\" target=\"_blank\" rel=\"noreferrer noopener\">formado grupo de trabalho<\/a>;<\/li>\n\n\n\n<li><strong>03\/01\/2023:<\/strong> <a href=\"https:\/\/www.estrategiaconcursos.com.br\/blog\/concurso-ibram-df-edital-iminente\/\" target=\"_blank\" rel=\"noreferrer noopener\">escolha da banca em andamento e edital previsto para o 1\u00ba semestre<\/a>;<\/li>\n\n\n\n<li><strong>30\/05\/2023:<\/strong> PLDO 2024 prev\u00ea 50 vagas para Auditor<\/li>\n\n\n\n<li><strong>26\/12\/2024:<\/strong> carreiras est\u00e3o passando por reformula\u00e7\u00f5es e, por isso, o edital precisou ser novamente solicitado;<\/li>\n\n\n\n<li><strong>05\/08\/2025: <\/strong><a href=\"https:\/\/www.estrategiaconcursos.com.br\/blog\/concurso-ibram-df-vagas-autorizacao\/\" target=\"_blank\" rel=\"noreferrer noopener\">IBRAM desmente rumores sobre autoriza\u00e7\u00e3o para 219 vagas<\/a>.<\/li>\n<\/ul>\n\n\n\n<h2 class=\"wp-block-heading\" id=\"carreira\">Concurso IBRAM DF: carreira<\/h2>\n\n\n\n<h3 class=\"wp-block-heading\" id=\"alteracoes\">Altera\u00e7\u00f5es na carreira<\/h3>\n\n\n\n<p>A Portaria conjunta <strong><a href=\"https:\/\/dhg1h5j42swfq.cloudfront.net\/2022\/08\/09083646\/diariooficial-2022-08-09t065215-135_3.pdf\" target=\"_blank\" rel=\"noreferrer noopener nofollow\">N\u00ba 41\/2022<\/a><\/strong> estabeleceu as especialidades e atribui\u00e7\u00f5es dos cargos da carreira de Atividades do Meio Ambiente do Instituto do Meio Ambiente e dos Recursos H\u00eddricos do DF, assim como transformou e\/ou unificou algumas \u00e1reas:<\/p>\n\n\n\n<ul class=\"wp-block-list\">\n<li>Torna desnecess\u00e1rias as seguintes especialidades do cargo Analista de Atividades do Meio Ambiente: \u2018<strong>Rela\u00e7\u00f5es P\u00fablicas<\/strong>\u2019; \u2018<strong>Jornalismo<\/strong>\u2019; \u2018<strong>Arquivista<\/strong>\u2019 e \u2018<strong>Bibliotec\u00e1rio<\/strong>\u2019;<\/li>\n\n\n\n<li>Os atuais ocupantes das especialidades \u2018Rela\u00e7\u00f5es P\u00fablicas\u2019 e \u2018Jornalismo\u2019 passam a integrar a especialidade \u2018<strong>Analista de Comunica\u00e7\u00e3o<\/strong>\u2019;<\/li>\n\n\n\n<li>Os atuais ocupantes das especialidades \u2018Arquivista\u2019 e \u2018Bibliotec\u00e1rio\u2019 passam a integrar a especialidade \u2018<strong>Arquivista\/Bibliotec\u00e1rio<\/strong>\u2019;<\/li>\n\n\n\n<li>A jornada de trabalho do cargo T\u00e9cnico de Atividades do Meio Ambiente da especialidade \u2018<strong>Monitor de Unidade de Conserva\u00e7\u00e3o<\/strong>\u2019 incluir\u00e1 s\u00e1bados, domingos e feriados, conforme necessidade da Administra\u00e7\u00e3o e regulamento interno do Bras\u00edlia Ambiental.<\/li>\n<\/ul>\n\n\n\n<h3 class=\"wp-block-heading\" id=\"salarios\">Sal\u00e1rios<\/h3>\n\n\n\n<p>Conforme a estrutura remunerat\u00f3ria dos cargos, o vencimento inicial dos principais cargos varia entre R$ 7,1 mil e R$ 11,4 mil.<\/p>\n\n\n\n<div class=\"wp-block-columns is-layout-flex wp-container-core-columns-is-layout-28f84493 wp-block-columns-is-layout-flex\">\n<div class=\"wp-block-column is-layout-flow wp-block-column-is-layout-flow\">\n<ul class=\"wp-block-list\">\n<li><strong>Analista de Atividades do Meio Ambiente<\/strong><\/li>\n\n\n\n<li><em>Inicial: <\/em>R$ 11.433,75<\/li>\n\n\n\n<li><em>Final: <\/em>R$ 14.340,69<\/li>\n<\/ul>\n<\/div>\n\n\n\n<div class=\"wp-block-column is-layout-flow wp-block-column-is-layout-flow\">\n<ul class=\"wp-block-list\">\n<li><strong>T\u00e9cnico de Atividades do Meio Ambiente<\/strong><\/li>\n\n\n\n<li><em>Inicial: <\/em>R$ 8.933,05<\/li>\n\n\n\n<li><em>Final: <\/em>R$ 7.122,26<\/li>\n<\/ul>\n<\/div>\n<\/div>\n\n\n\n<figure class=\"wp-block-image aligncenter size-full\"><img loading=\"lazy\" decoding=\"async\" width=\"600\" height=\"826\" src=\"https:\/\/dhg1h5j42swfq.cloudfront.net\/2024\/12\/05160421\/df.jpg\" alt=\"estrutura REMUENRAT\u00d3RIA DO CONCURSO IBRAM DF\" class=\"wp-image-1618614\" srcset=\"https:\/\/dhg1h5j42swfq.cloudfront.net\/2024\/12\/05160421\/df.jpg 600w, https:\/\/dhg1h5j42swfq.cloudfront.net\/2024\/12\/05160421\/df-218x300.jpg 218w, https:\/\/dhg1h5j42swfq.cloudfront.net\/2024\/12\/05160421\/df-150x207.jpg 150w\" sizes=\"auto, (max-width: 600px) 100vw, 600px\" \/><figcaption class=\"wp-element-caption\">\u00daltimo reajuste: Julho\/2025<\/figcaption><\/figure>\n\n\n\n<p><strong>GHMA &#8211; Gratifica\u00e7\u00e3o por Habilita\u00e7\u00e3o em Atividades do Meio Ambiente<\/strong>, a ser concedida aos integrantes da carreira Atividades do Meio Ambiente, quando portadores de t\u00edtulos, diplomas ou certificados obtidos mediante conclus\u00e3o de cursos de gradua\u00e7\u00e3o, especializa\u00e7\u00e3o com carga hor\u00e1ria m\u00ednima de 360 horas, mestrado e doutorado, reconhecidos pelo Minist\u00e9rio da Educa\u00e7\u00e3o, a qual \u00e9 calculada sobre o vencimento b\u00e1sico correspondente ao padr\u00e3o em que o servidor est\u00e1 posicionado. <\/p>\n\n\n\n<p>A Gratifica\u00e7\u00e3o referida \u00e9 concedida da seguinte forma:<\/p>\n\n\n\n<ul class=\"wp-block-list\">\n<li><strong>I &#8211;<\/strong> para o cargo de Analista de Atividades do Meio Ambiente: diploma de segunda gradua\u00e7\u00e3o e certificados de especializa\u00e7\u00e3o, mestrado e doutorado; <\/li>\n\n\n\n<li><strong>II &#8211;<\/strong> para o cargo de T\u00e9cnico de Atividades do Meio Ambiente: diploma de gradua\u00e7\u00e3o e certificados de especializa\u00e7\u00e3o e mestrado.<\/li>\n<\/ul>\n\n\n\n<figure class=\"wp-block-image aligncenter size-full\"><img loading=\"lazy\" decoding=\"async\" width=\"718\" height=\"160\" src=\"https:\/\/dhg1h5j42swfq.cloudfront.net\/2024\/12\/26094359\/image-366.png\" alt=\"\" class=\"wp-image-1510604\" srcset=\"https:\/\/dhg1h5j42swfq.cloudfront.net\/2024\/12\/26094359\/image-366.png 718w, https:\/\/dhg1h5j42swfq.cloudfront.net\/2024\/12\/26094359\/image-366-300x67.png 300w, https:\/\/dhg1h5j42swfq.cloudfront.net\/2024\/12\/26094359\/image-366-150x33.png 150w\" sizes=\"auto, (max-width: 718px) 100vw, 718px\" \/><\/figure>\n\n\n\n<h3 class=\"wp-block-heading\" id=\"requisitos\">Requisitos<\/h3>\n\n\n\n<p><strong>Analista de Atividades do Meio Ambiente<\/strong>: Diploma de conclus\u00e3o de curso de gradua\u00e7\u00e3o, e registro no conselho de classe.  <\/p>\n\n\n\n<figure class=\"wp-block-image aligncenter size-full\"><a href=\"https:\/\/dhg1h5j42swfq.cloudfront.net\/2022\/11\/11150508\/diariooficial_6.pdf\" target=\"_blank\" rel=\"noreferrer noopener\"><img loading=\"lazy\" decoding=\"async\" width=\"608\" height=\"130\" src=\"https:\/\/dhg1h5j42swfq.cloudfront.net\/2022\/11\/11151551\/image-97.png\" alt=\"\" class=\"wp-image-1123946\" srcset=\"https:\/\/dhg1h5j42swfq.cloudfront.net\/2022\/11\/11151551\/image-97.png 608w, https:\/\/dhg1h5j42swfq.cloudfront.net\/2022\/11\/11151551\/image-97-300x64.png 300w, https:\/\/dhg1h5j42swfq.cloudfront.net\/2022\/11\/11151551\/image-97-150x32.png 150w\" sizes=\"auto, (max-width: 608px) 100vw, 608px\" \/><\/a><figcaption class=\"wp-element-caption\"><a href=\"https:\/\/dhg1h5j42swfq.cloudfront.net\/2022\/11\/11150508\/diariooficial_6.pdf\" target=\"_blank\" rel=\"noreferrer noopener nofollow\">Portaria N\u00ba 03\/2022 incluiu algumas especialidades<\/a><\/figcaption><\/figure>\n\n\n\n<p><strong>T\u00e9cnico de Atividades do Meio Ambiente<\/strong>: Certificado de curso de T\u00e9cnico ou de curso de n\u00edvel m\u00e9dio acrescido de curso de T\u00e9cnico, e registro no conselho de classe. <\/p>\n\n\n\n<figure class=\"wp-block-image aligncenter size-full\"><img loading=\"lazy\" decoding=\"async\" width=\"604\" height=\"88\" src=\"https:\/\/dhg1h5j42swfq.cloudfront.net\/2022\/08\/09083940\/image-114.png\" alt=\"Especialidades do cargo de T\u00e9cnico do concurso IBRAM DF\" class=\"wp-image-1074374\" srcset=\"https:\/\/dhg1h5j42swfq.cloudfront.net\/2022\/08\/09083940\/image-114.png 604w, https:\/\/dhg1h5j42swfq.cloudfront.net\/2022\/08\/09083940\/image-114-300x44.png 300w, https:\/\/dhg1h5j42swfq.cloudfront.net\/2022\/08\/09083940\/image-114-150x22.png 150w\" sizes=\"auto, (max-width: 604px) 100vw, 604px\" \/><figcaption class=\"wp-element-caption\">Especialidades T\u00e9cnico<\/figcaption><\/figure>\n\n\n\n<h3 class=\"wp-block-heading\" id=\"vagos\">Cargos vagos<\/h3>\n\n\n\n<p>O Instituto possui atualmente <strong>140 cargos vagos<\/strong>. Segundo dados do Portal da Transpar\u00eancia do DF, s\u00e3o <strong>8 <\/strong>de T\u00e9cnico de Atividades do Meio Ambiente e <strong>132 <\/strong>de Analista de Atividades do Meio Ambiente.<\/p>\n\n\n\n<figure class=\"wp-block-image aligncenter size-large\"><img loading=\"lazy\" decoding=\"async\" width=\"1024\" height=\"103\" src=\"https:\/\/dhg1h5j42swfq.cloudfront.net\/2026\/01\/19163651\/image-217-1024x103.png\" alt=\"\" class=\"wp-image-1701708\" srcset=\"https:\/\/dhg1h5j42swfq.cloudfront.net\/2026\/01\/19163651\/image-217-1024x103.png 1024w, https:\/\/dhg1h5j42swfq.cloudfront.net\/2026\/01\/19163651\/image-217-300x30.png 300w, https:\/\/dhg1h5j42swfq.cloudfront.net\/2026\/01\/19163651\/image-217-768x77.png 768w, https:\/\/dhg1h5j42swfq.cloudfront.net\/2026\/01\/19163651\/image-217-150x15.png 150w, https:\/\/dhg1h5j42swfq.cloudfront.net\/2026\/01\/19163651\/image-217.png 1471w\" sizes=\"auto, (max-width: 1024px) 100vw, 1024px\" \/><\/figure>\n\n\n\n<h2 class=\"wp-block-heading\" id=\"ultimo\">Concurso IBRAM DF: \u00faltima sele\u00e7\u00e3o<\/h2>\n\n\n\n<p>O \u00faltimo concurso <a href=\"https:\/\/www.ibram.df.gov.br\/apresentacao-2\/\" target=\"_blank\" rel=\"noreferrer noopener\">IBRAM<\/a> DF foi realizado em 2009, sob organiza\u00e7\u00e3o do CESPE\/UnB, atual Cebraspe. Na ocasi\u00e3o, foram ofertadas 100 vagas para cargos de n\u00edvel m\u00e9dio\/t\u00e9cnico e superior. Foram registrados 11.745 inscritos.<\/p>\n\n\n\n<p>Antes do t\u00e9rmino de sua validade, o certame foi prorrogado por mais dois anos, at\u00e9 agosto e setembro de 2013, conforme o cargo:<\/p>\n\n\n\n<ul class=\"wp-block-list\">\n<li><strong>T\u00e9cnico: <\/strong>prorrogado at\u00e9 21 de agosto de 2013;<\/li>\n\n\n\n<li><strong>Analista:<\/strong> prorrogado at\u00e9 16 de setembro de 2013.<\/li>\n<\/ul>\n\n\n\n<h3 class=\"wp-block-heading\" id=\"distribuicao\">Distribui\u00e7\u00e3o das vagas<\/h3>\n\n\n\n<ul class=\"wp-block-list\">\n<li><strong><em>T\u00e9cnico de Atividades do Meio Ambiente &#8211; N\u00edvel m\u00e9dio<\/em><\/strong>\n<ul class=\"wp-block-list\">\n<li>Agente Administrativo &#8211; 5 vagas<\/li>\n\n\n\n<li>Agente de Unidade de Conserva\u00e7\u00e3o de Parques &#8211; 18 vagas<\/li>\n\n\n\n<li>T\u00e9cnico em Contabilidade &#8211; 2 vagas<\/li>\n\n\n\n<li>T\u00e9cnico em Edifica\u00e7\u00f5es; Seguran\u00e7a do Trabalho &#8211; 1 vaga cada<\/li>\n\n\n\n<li>Top\u00f3grafo &#8211; 3 vagas<\/li>\n<\/ul>\n<\/li>\n<\/ul>\n\n\n\n<ul class=\"wp-block-list\">\n<li><strong><em>Analista de Atividades do Meio Ambiente &#8211; N\u00edvel superior<\/em><\/strong>\n<ul class=\"wp-block-list\">\n<li>Administrador &#8211; 2 vagas<\/li>\n\n\n\n<li>Advogado &#8211; 4 vagas<\/li>\n\n\n\n<li>Analista Administrativo &#8211; 5 vagas<\/li>\n\n\n\n<li>Arquiteto e Urbanista &#8211; 3 vagas<\/li>\n\n\n\n<li>Arquivista &#8211; 2 vagas<\/li>\n\n\n\n<li>Bibliotec\u00e1rio &#8211; 2 vagas<\/li>\n\n\n\n<li>Bi\u00f3logo &#8211; 5 vagas<\/li>\n\n\n\n<li>Contador &#8211; 2 vagas<\/li>\n\n\n\n<li>Educador Ambiental &#8211; 5 vagas <\/li>\n\n\n\n<li>Ge\u00f3grafo &#8211; 4 vagas<\/li>\n\n\n\n<li>Ge\u00f3logo &#8211; 4 vagas<\/li>\n\n\n\n<li>M\u00e9dico Veterin\u00e1rio &#8211; 2 vagas <\/li>\n\n\n\n<li>Engenheiro Agr\u00f4nomo; Ambiental; Civil; Florestal &#8211; 6 vagas cada<\/li>\n\n\n\n<li>Meteorologista; Jornalista; Qu\u00edmico; Rela\u00e7\u00f5es P\u00fablicas; Economista &#8211; 1 vaga cada<\/li>\n<\/ul>\n<\/li>\n<\/ul>\n\n\n\n<h3 class=\"wp-block-heading\" id=\"etapas\">Etapas do concurso<\/h3>\n\n\n\n<ul class=\"wp-block-list\">\n<li><strong><em>(P1) <\/em>Prova Objetiva <\/strong>&#8211; Conhecimentos B\u00e1sicos (30 quest\u00f5es), para todos os cargos;<\/li>\n\n\n\n<li><strong><em>(P2) <\/em>Prova Objetiva<\/strong> &#8211; Conhecimentos Complementares (30 quest\u00f5es), para todos os cargos;<\/li>\n\n\n\n<li><strong><em>(P3) <\/em>Prova Objetiva <\/strong>&#8211; Conhecimentos Espec\u00edficos (60 quest\u00f5es), para todos os cargos;<\/li>\n\n\n\n<li><strong><em>(P4) <\/em>Prova Discursiva<\/strong>, somente para os cargos de n\u00edvel superior.<\/li>\n<\/ul>\n\n\n\n<h3 class=\"wp-block-heading\" id=\"prova-objetiva\">Prova objetiva<\/h3>\n\n\n\n<p>Os candidatos aos cargos de n\u00edvel superior tiveram 4 horas e 30 minutos para realizar a prova, enquanto os candidatos de n\u00edvel m\u00e9dio tiveram 3 horas e 30 minutos. <\/p>\n\n\n\n<p>A prova objetiva contou com 120 quest\u00f5es de m\u00faltipla escolha do tipo Certo ou Errado cobrando as seguintes disciplinas:<\/p>\n\n\n\n<ul class=\"wp-block-list\">\n<li><strong><em>Conhecimentos B\u00e1sicos <\/em><\/strong>\n<ul class=\"wp-block-list\">\n<li>L\u00edngua Portuguesa<\/li>\n\n\n\n<li>Conhecimentos de Inform\u00e1tica<\/li>\n\n\n\n<li>L\u00edngua Inglesa (somente para n\u00edvel superior) <\/li>\n\n\n\n<li>Racioc\u00ednio L\u00f3gico (somente para n\u00edvel m\u00e9dio)<\/li>\n<\/ul>\n<\/li>\n<\/ul>\n\n\n\n<ul class=\"wp-block-list\">\n<li><strong><em>Conhecimentos Complementares <\/em><\/strong>\n<ul class=\"wp-block-list\">\n<li>Lei Org\u00e2nica do DF<\/li>\n\n\n\n<li>Regime Jur\u00eddico dos Servidores do GDF <\/li>\n\n\n\n<li>Legisla\u00e7\u00e3o<\/li>\n<\/ul>\n<\/li>\n<\/ul>\n\n\n\n<hr class=\"wp-block-separator has-css-opacity\"\/>\n\n\n\n<h2 class=\"wp-block-heading has-text-align-center\" id=\"cursos\"><em>Cursos para o concurso IBRAM DF<\/em><\/h2>\n\n\n\n<div class=\"container\" id=\"boxes\">\n  <div class=\"row\">\n\n    <div class=\"col-sm\">\n      <div class=\"banner-estrat-corj\" id=\"box-assinatura\">\n        <h2 class=\"titulo-assinatura\" style=\"text-align: left;\">Cursos para IBRAM DF<\/h2>\n        <p class=\"subtitulo-assinatura\" style=\"text-align: left;\">Conhe\u00e7a os cursos<\/p>\n        <div class=\"box-botao\" style=\"text-align: left;\">\n          <a class=\"btn-assinatura\" target=\"_blank\" href=\"https:\/\/www.estrategiaconcursos.com.br\/cursosPorConcurso\/instituto-do-meio-ambiente-e-dos-recursos-hidricos-do-df-ibram-df\/\" role=\"button\" rel=\"noopener noreferrer\">CLIQUE AQUI<\/a>\n        <\/div>\n      <\/div><\/div><\/div><\/div>\n\n\n\n<div class=\"container\" id=\"boxes\">\n  <div class=\"row\">\n\n    <div class=\"col-sm\">\n      <div class=\"estrategia\" id=\"box-assinatura\">\n        <h3 class=\"titulo-assinatura\">Assinatura Concursos<\/h3>\n        <p class=\"subtitulo-assinatura\">Assinatura de 1 ano ou 2 anos<\/p>\n        <div class=\"box-botao\">\n          <a class=\"btn-assinatura\" target=\"_blank\" href=\"https:\/\/www.estrategiaconcursos.com.br\/assinaturas\/\" role=\"button\" rel=\"noopener noreferrer\">ASSINE AGORA<\/a>\n        <\/div>\n      <\/div><\/div><\/div><\/div>\n\n\n\n<h2 class=\"wp-block-heading has-text-align-center\" id=\"quer-saber-tudo-sobre-concursos-previstos-confira-nossos-artigos\">Quer saber tudo sobre concursos previstos?<br \/>Confira nossos artigos!<\/h2>\n\n\n\n<ul class=\"wp-block-list\">\n<li><a href=\"https:\/\/www.estrategiaconcursos.com.br\/blog\/concursos-abertos\/\" target=\"_blank\" rel=\"noreferrer noopener\">Concursos Abertos<\/a><\/li>\n\n\n\n<li><a href=\"https:\/\/www.estrategiaconcursos.com.br\/blog\/concursos-ambientais\/\" target=\"_blank\" rel=\"noreferrer noopener\">Concursos Ambientais<\/a><\/li>\n\n\n\n<li><a href=\"https:\/\/www.estrategiaconcursos.com.br\/blog\/concursos-2026\/\" target=\"_blank\" rel=\"noreferrer noopener\">Concursos 2026<\/a><\/li>\n\n\n\n<li><a href=\"https:\/\/www.estrategiaconcursos.com.br\/blog\/concursos-df\/\" target=\"_blank\" rel=\"noreferrer noopener\">Concursos DF<\/a><\/li>\n<\/ul>\n\n\n\n<figure class=\"wp-block-image size-large is-resized\"><img loading=\"lazy\" decoding=\"async\" width=\"1024\" height=\"632\" src=\"https:\/\/dhg1h5j42swfq.cloudfront.net\/2021\/04\/23150253\/ficha-tecnica-1-1024x632-1-9.png\" alt=\"Ficha t\u00e9cnica do Concurso TCE RJ\" class=\"wp-image-721876\" style=\"width:237px;height:146px\" srcset=\"https:\/\/dhg1h5j42swfq.cloudfront.net\/2021\/04\/23150253\/ficha-tecnica-1-1024x632-1-9.png 1024w, https:\/\/dhg1h5j42swfq.cloudfront.net\/2021\/04\/23150253\/ficha-tecnica-1-1024x632-1-9-300x185.png 300w, https:\/\/dhg1h5j42swfq.cloudfront.net\/2021\/04\/23150253\/ficha-tecnica-1-1024x632-1-9-768x474.png 768w, https:\/\/dhg1h5j42swfq.cloudfront.net\/2021\/04\/23150253\/ficha-tecnica-1-1024x632-1-9-610x376.png 610w\" sizes=\"auto, (max-width: 1024px) 100vw, 1024px\" \/><\/figure>\n\n\n\n<h3 class=\"wp-block-heading\" id=\"ficha-tecnica\">Informa\u00e7\u00f5es do concurso IBRAM DF <\/h3>\n\n\n\n<ul class=\"wp-block-list\">\n<li><strong>Data prevista: <\/strong>2026<\/li>\n\n\n\n<li><strong style=\"color: initial;\">Vagas<\/strong><span style=\"color: initial;\">: a definir<\/span><\/li>\n\n\n\n<li><strong>Cargos<\/strong>: Analista e T\u00e9cnico de Atividades do Meio Ambiente <\/li>\n\n\n\n<li><strong>Banca<\/strong>: a definir<\/li>\n\n\n\n<li><strong>Escolaridade<\/strong>: N\u00edveis m\u00e9dio\/t\u00e9cnico e superior<\/li>\n\n\n\n<li><strong>\u00daltimo edital:<\/strong> <a href=\"https:\/\/dhg1h5j42swfq.cloudfront.net\/2019\/06\/03112015\/ED_1_2009_SEPLAG_IBRAM_ABERTURA.pdf.pdf\" target=\"_blank\" rel=\"noreferrer noopener nofollow\">IBRAM DF 2009<\/a><\/li>\n<\/ul>\n","protected":false},"excerpt":{"rendered":"<p>A realiza\u00e7\u00e3o do novo concurso p\u00fablico do IBRAM DF (Instituto do Meio Ambiente e dos Recursos H\u00eddricos do Distrito Federal) ainda depende de autoriza\u00e7\u00e3o. O pedido foi enviado para a Secretaria de Economia e a expectativa era de que a autoriza\u00e7\u00e3o fosse concedida ainda em 2025, o que n\u00e3o ocorreu. Inclusive, circulam informa\u00e7\u00f5es acerca de [&hellip;]<\/p>\n","protected":false},"author":1,"featured_media":1030175,"comment_status":"open","ping_status":"closed","sticky":false,"template":"","format":"standard","meta":{"post_tipo":"news_page","footnotes":""},"categories":[214992],"tags":[],"tax_estado":[219970],"class_list":["post-382287","post","type-post","status-publish","format-standard","has-post-thumbnail","hentry","category-concursos-administrativos","tax_estado-df"],"acf":[],"yoast_head":"<!-- This site is optimized with the Yoast SEO Premium plugin v27.2 (Yoast SEO v27.2) - https:\/\/yoast.com\/product\/yoast-seo-premium-wordpress\/ -->\n<title>Concurso IBRAM DF: autoriza\u00e7\u00e3o segue aguardada!<\/title>\n<meta name=\"description\" content=\"Saiba mais sobre o concurso IBRAM DF: altera\u00e7\u00f5es na carreira de atividade do meio ambiente e previs\u00e3o de autoriza\u00e7\u00e3o.\" \/>\n<meta name=\"robots\" content=\"index, follow, max-snippet:-1, max-image-preview:large, max-video-preview:-1\" \/>\n<link rel=\"canonical\" href=\"https:\/\/www.estrategiaconcursos.com.br\/blog\/concurso-ibram-df\/\" \/>\n<meta property=\"og:locale\" content=\"pt_BR\" \/>\n<meta property=\"og:type\" content=\"article\" \/>\n<meta property=\"og:title\" content=\"Concurso IBRAM DF: autoriza\u00e7\u00e3o segue aguardada!\" \/>\n<meta property=\"og:description\" content=\"Saiba mais sobre o concurso IBRAM DF: altera\u00e7\u00f5es na carreira de atividade do meio ambiente e previs\u00e3o de autoriza\u00e7\u00e3o.\" \/>\n<meta property=\"og:url\" content=\"https:\/\/www.estrategiaconcursos.com.br\/blog\/concurso-ibram-df\/\" \/>\n<meta property=\"og:site_name\" content=\"Estrat\u00e9gia Concursos\" \/>\n<meta property=\"article:author\" content=\"https:\/\/www.facebook.com\/EstrategiaConcursos\" \/>\n<meta property=\"article:published_time\" content=\"2026-01-16T23:17:33+00:00\" \/>\n<meta property=\"article:modified_time\" content=\"2026-01-19T19:37:48+00:00\" \/>\n<meta property=\"og:image\" content=\"https:\/\/dhg1h5j42swfq.cloudfront.net\/2022\/05\/18121149\/ibram_df.jpg\" \/>\n\t<meta property=\"og:image:width\" content=\"768\" \/>\n\t<meta property=\"og:image:height\" content=\"432\" \/>\n\t<meta property=\"og:image:type\" content=\"image\/jpeg\" \/>\n<meta name=\"author\" content=\"Coordena\u00e7\u00e3o\" \/>\n<meta name=\"twitter:card\" content=\"summary_large_image\" \/>\n<meta name=\"twitter:creator\" content=\"@EstratConcursos\" \/>\n<meta name=\"twitter:site\" content=\"@EstratConcursos\" \/>\n<meta name=\"twitter:label1\" content=\"Escrito por\" \/>\n\t<meta name=\"twitter:data1\" content=\"Coordena\u00e7\u00e3o\" \/>\n\t<meta name=\"twitter:label2\" content=\"Est. tempo de leitura\" \/>\n\t<meta name=\"twitter:data2\" content=\"7 minutos\" \/>\n<script type=\"application\/ld+json\" class=\"yoast-schema-graph\">{\"@context\":\"https:\/\/schema.org\",\"@graph\":[{\"@type\":\"NewsArticle\",\"@id\":\"https:\/\/www.estrategiaconcursos.com.br\/blog\/concurso-ibram-df\/#article\",\"isPartOf\":{\"@id\":\"https:\/\/www.estrategiaconcursos.com.br\/blog\/concurso-ibram-df\/\"},\"author\":{\"name\":\"Coordena\u00e7\u00e3o\",\"@id\":\"https:\/\/www.estrategiaconcursos.com.br\/blog\/#\/schema\/person\/b4a388c97673c5f483d72185668afa1f\"},\"headline\":\"Concurso IBRAM DF: autoriza\u00e7\u00e3o segue aguardada!\",\"datePublished\":\"2026-01-16T23:17:33+00:00\",\"dateModified\":\"2026-01-19T19:37:48+00:00\",\"mainEntityOfPage\":{\"@id\":\"https:\/\/www.estrategiaconcursos.com.br\/blog\/concurso-ibram-df\/\"},\"wordCount\":1251,\"commentCount\":1,\"publisher\":{\"@id\":\"https:\/\/www.estrategiaconcursos.com.br\/blog\/#organization\"},\"image\":{\"@id\":\"https:\/\/www.estrategiaconcursos.com.br\/blog\/concurso-ibram-df\/#primaryimage\"},\"thumbnailUrl\":\"https:\/\/dhg1h5j42swfq.cloudfront.net\/2022\/05\/18121149\/ibram_df.jpg\",\"articleSection\":[\"Executivo (Administrativa)\"],\"inLanguage\":\"pt-BR\",\"potentialAction\":[{\"@type\":\"CommentAction\",\"name\":\"Comment\",\"target\":[\"https:\/\/www.estrategiaconcursos.com.br\/blog\/concurso-ibram-df\/#respond\"]}],\"copyrightYear\":\"2026\",\"copyrightHolder\":{\"@id\":\"https:\/\/www.estrategiaconcursos.com.br\/blog\/#organization\"}},{\"@type\":\"WebPage\",\"@id\":\"https:\/\/www.estrategiaconcursos.com.br\/blog\/concurso-ibram-df\/\",\"url\":\"https:\/\/www.estrategiaconcursos.com.br\/blog\/concurso-ibram-df\/\",\"name\":\"Concurso IBRAM DF: autoriza\u00e7\u00e3o segue aguardada!\",\"isPartOf\":{\"@id\":\"https:\/\/www.estrategiaconcursos.com.br\/blog\/#website\"},\"primaryImageOfPage\":{\"@id\":\"https:\/\/www.estrategiaconcursos.com.br\/blog\/concurso-ibram-df\/#primaryimage\"},\"image\":{\"@id\":\"https:\/\/www.estrategiaconcursos.com.br\/blog\/concurso-ibram-df\/#primaryimage\"},\"thumbnailUrl\":\"https:\/\/dhg1h5j42swfq.cloudfront.net\/2022\/05\/18121149\/ibram_df.jpg\",\"datePublished\":\"2026-01-16T23:17:33+00:00\",\"dateModified\":\"2026-01-19T19:37:48+00:00\",\"description\":\"Saiba mais sobre o concurso IBRAM DF: altera\u00e7\u00f5es na carreira de atividade do meio ambiente e previs\u00e3o de autoriza\u00e7\u00e3o.\",\"breadcrumb\":{\"@id\":\"https:\/\/www.estrategiaconcursos.com.br\/blog\/concurso-ibram-df\/#breadcrumb\"},\"inLanguage\":\"pt-BR\",\"potentialAction\":[{\"@type\":\"ReadAction\",\"target\":[\"https:\/\/www.estrategiaconcursos.com.br\/blog\/concurso-ibram-df\/\"]}]},{\"@type\":\"ImageObject\",\"inLanguage\":\"pt-BR\",\"@id\":\"https:\/\/www.estrategiaconcursos.com.br\/blog\/concurso-ibram-df\/#primaryimage\",\"url\":\"https:\/\/dhg1h5j42swfq.cloudfront.net\/2022\/05\/18121149\/ibram_df.jpg\",\"contentUrl\":\"https:\/\/dhg1h5j42swfq.cloudfront.net\/2022\/05\/18121149\/ibram_df.jpg\",\"width\":768,\"height\":432,\"caption\":\"Concurso IBRAM DF vagas\"},{\"@type\":\"BreadcrumbList\",\"@id\":\"https:\/\/www.estrategiaconcursos.com.br\/blog\/concurso-ibram-df\/#breadcrumb\",\"itemListElement\":[{\"@type\":\"ListItem\",\"position\":1,\"name\":\"In\u00edcio\",\"item\":\"https:\/\/www.estrategiaconcursos.com.br\/blog\/\"},{\"@type\":\"ListItem\",\"position\":2,\"name\":\"Concurso IBRAM DF: autoriza\u00e7\u00e3o segue aguardada!\"}]},{\"@type\":\"WebSite\",\"@id\":\"https:\/\/www.estrategiaconcursos.com.br\/blog\/#website\",\"url\":\"https:\/\/www.estrategiaconcursos.com.br\/blog\/\",\"name\":\"Estrat\u00e9gia Concursos\",\"description\":\"O blog da Estrat\u00e9gia Concursos traz not\u00edcias sobre concursos e artigos de professores oferecendo cursos para concursos (pdf + videaulas) no site.\",\"publisher\":{\"@id\":\"https:\/\/www.estrategiaconcursos.com.br\/blog\/#organization\"},\"potentialAction\":[{\"@type\":\"SearchAction\",\"target\":{\"@type\":\"EntryPoint\",\"urlTemplate\":\"https:\/\/www.estrategiaconcursos.com.br\/blog\/?s={search_term_string}\"},\"query-input\":{\"@type\":\"PropertyValueSpecification\",\"valueRequired\":true,\"valueName\":\"search_term_string\"}}],\"inLanguage\":\"pt-BR\"},{\"@type\":\"Organization\",\"@id\":\"https:\/\/www.estrategiaconcursos.com.br\/blog\/#organization\",\"name\":\"Estrat\u00e9gia Concursos\",\"url\":\"https:\/\/www.estrategiaconcursos.com.br\/blog\/\",\"logo\":{\"@type\":\"ImageObject\",\"inLanguage\":\"pt-BR\",\"@id\":\"https:\/\/www.estrategiaconcursos.com.br\/blog\/#\/schema\/logo\/image\/\",\"url\":\"https:\/\/dhg1h5j42swfq.cloudfront.net\/2025\/06\/03203428\/logo_concursos-1.jpg\",\"contentUrl\":\"https:\/\/dhg1h5j42swfq.cloudfront.net\/2025\/06\/03203428\/logo_concursos-1.jpg\",\"width\":230,\"height\":60,\"caption\":\"Estrat\u00e9gia Concursos\"},\"image\":{\"@id\":\"https:\/\/www.estrategiaconcursos.com.br\/blog\/#\/schema\/logo\/image\/\"},\"sameAs\":[\"https:\/\/x.com\/EstratConcursos\"]},{\"@type\":\"Person\",\"@id\":\"https:\/\/www.estrategiaconcursos.com.br\/blog\/#\/schema\/person\/b4a388c97673c5f483d72185668afa1f\",\"name\":\"Coordena\u00e7\u00e3o\",\"image\":{\"@type\":\"ImageObject\",\"inLanguage\":\"pt-BR\",\"@id\":\"https:\/\/secure.gravatar.com\/avatar\/b720319e4c9a967eb58678d110f4fe35452fc5d5f97b202bac7b8acceb18c6ad?s=96&d=mm&r=g\",\"url\":\"https:\/\/secure.gravatar.com\/avatar\/b720319e4c9a967eb58678d110f4fe35452fc5d5f97b202bac7b8acceb18c6ad?s=96&d=mm&r=g\",\"contentUrl\":\"https:\/\/secure.gravatar.com\/avatar\/b720319e4c9a967eb58678d110f4fe35452fc5d5f97b202bac7b8acceb18c6ad?s=96&d=mm&r=g\",\"caption\":\"Coordena\u00e7\u00e3o\"},\"sameAs\":[\"https:\/\/www.facebook.com\/EstrategiaConcursos\",\"https:\/\/x.com\/EstratConcursos\"],\"url\":\"https:\/\/www.estrategiaconcursos.com.br\/blog\/author\/estrategia2013\/\"}]}<\/script>\n<!-- \/ Yoast SEO Premium plugin. -->","yoast_head_json":{"title":"Concurso IBRAM DF: autoriza\u00e7\u00e3o segue aguardada!","description":"Saiba mais sobre o concurso IBRAM DF: altera\u00e7\u00f5es na carreira de atividade do meio ambiente e previs\u00e3o de autoriza\u00e7\u00e3o.","robots":{"index":"index","follow":"follow","max-snippet":"max-snippet:-1","max-image-preview":"max-image-preview:large","max-video-preview":"max-video-preview:-1"},"canonical":"https:\/\/www.estrategiaconcursos.com.br\/blog\/concurso-ibram-df\/","og_locale":"pt_BR","og_type":"article","og_title":"Concurso IBRAM DF: autoriza\u00e7\u00e3o segue aguardada!","og_description":"Saiba mais sobre o concurso IBRAM DF: altera\u00e7\u00f5es na carreira de atividade do meio ambiente e previs\u00e3o de autoriza\u00e7\u00e3o.","og_url":"https:\/\/www.estrategiaconcursos.com.br\/blog\/concurso-ibram-df\/","og_site_name":"Estrat\u00e9gia Concursos","article_author":"https:\/\/www.facebook.com\/EstrategiaConcursos","article_published_time":"2026-01-16T23:17:33+00:00","article_modified_time":"2026-01-19T19:37:48+00:00","og_image":[{"width":768,"height":432,"url":"https:\/\/dhg1h5j42swfq.cloudfront.net\/2022\/05\/18121149\/ibram_df.jpg","type":"image\/jpeg"}],"author":"Coordena\u00e7\u00e3o","twitter_card":"summary_large_image","twitter_creator":"@EstratConcursos","twitter_site":"@EstratConcursos","twitter_misc":{"Escrito por":"Coordena\u00e7\u00e3o","Est. tempo de leitura":"7 minutos"},"schema":{"@context":"https:\/\/schema.org","@graph":[{"@type":"NewsArticle","@id":"https:\/\/www.estrategiaconcursos.com.br\/blog\/concurso-ibram-df\/#article","isPartOf":{"@id":"https:\/\/www.estrategiaconcursos.com.br\/blog\/concurso-ibram-df\/"},"author":{"name":"Coordena\u00e7\u00e3o","@id":"https:\/\/www.estrategiaconcursos.com.br\/blog\/#\/schema\/person\/b4a388c97673c5f483d72185668afa1f"},"headline":"Concurso IBRAM DF: autoriza\u00e7\u00e3o segue aguardada!","datePublished":"2026-01-16T23:17:33+00:00","dateModified":"2026-01-19T19:37:48+00:00","mainEntityOfPage":{"@id":"https:\/\/www.estrategiaconcursos.com.br\/blog\/concurso-ibram-df\/"},"wordCount":1251,"commentCount":1,"publisher":{"@id":"https:\/\/www.estrategiaconcursos.com.br\/blog\/#organization"},"image":{"@id":"https:\/\/www.estrategiaconcursos.com.br\/blog\/concurso-ibram-df\/#primaryimage"},"thumbnailUrl":"https:\/\/dhg1h5j42swfq.cloudfront.net\/2022\/05\/18121149\/ibram_df.jpg","articleSection":["Executivo (Administrativa)"],"inLanguage":"pt-BR","potentialAction":[{"@type":"CommentAction","name":"Comment","target":["https:\/\/www.estrategiaconcursos.com.br\/blog\/concurso-ibram-df\/#respond"]}],"copyrightYear":"2026","copyrightHolder":{"@id":"https:\/\/www.estrategiaconcursos.com.br\/blog\/#organization"}},{"@type":"WebPage","@id":"https:\/\/www.estrategiaconcursos.com.br\/blog\/concurso-ibram-df\/","url":"https:\/\/www.estrategiaconcursos.com.br\/blog\/concurso-ibram-df\/","name":"Concurso IBRAM DF: autoriza\u00e7\u00e3o segue aguardada!","isPartOf":{"@id":"https:\/\/www.estrategiaconcursos.com.br\/blog\/#website"},"primaryImageOfPage":{"@id":"https:\/\/www.estrategiaconcursos.com.br\/blog\/concurso-ibram-df\/#primaryimage"},"image":{"@id":"https:\/\/www.estrategiaconcursos.com.br\/blog\/concurso-ibram-df\/#primaryimage"},"thumbnailUrl":"https:\/\/dhg1h5j42swfq.cloudfront.net\/2022\/05\/18121149\/ibram_df.jpg","datePublished":"2026-01-16T23:17:33+00:00","dateModified":"2026-01-19T19:37:48+00:00","description":"Saiba mais sobre o concurso IBRAM DF: altera\u00e7\u00f5es na carreira de atividade do meio ambiente e previs\u00e3o de autoriza\u00e7\u00e3o.","breadcrumb":{"@id":"https:\/\/www.estrategiaconcursos.com.br\/blog\/concurso-ibram-df\/#breadcrumb"},"inLanguage":"pt-BR","potentialAction":[{"@type":"ReadAction","target":["https:\/\/www.estrategiaconcursos.com.br\/blog\/concurso-ibram-df\/"]}]},{"@type":"ImageObject","inLanguage":"pt-BR","@id":"https:\/\/www.estrategiaconcursos.com.br\/blog\/concurso-ibram-df\/#primaryimage","url":"https:\/\/dhg1h5j42swfq.cloudfront.net\/2022\/05\/18121149\/ibram_df.jpg","contentUrl":"https:\/\/dhg1h5j42swfq.cloudfront.net\/2022\/05\/18121149\/ibram_df.jpg","width":768,"height":432,"caption":"Concurso IBRAM DF vagas"},{"@type":"BreadcrumbList","@id":"https:\/\/www.estrategiaconcursos.com.br\/blog\/concurso-ibram-df\/#breadcrumb","itemListElement":[{"@type":"ListItem","position":1,"name":"In\u00edcio","item":"https:\/\/www.estrategiaconcursos.com.br\/blog\/"},{"@type":"ListItem","position":2,"name":"Concurso IBRAM DF: autoriza\u00e7\u00e3o segue aguardada!"}]},{"@type":"WebSite","@id":"https:\/\/www.estrategiaconcursos.com.br\/blog\/#website","url":"https:\/\/www.estrategiaconcursos.com.br\/blog\/","name":"Estrat\u00e9gia Concursos","description":"O blog da Estrat\u00e9gia Concursos traz not\u00edcias sobre concursos e artigos de professores oferecendo cursos para concursos (pdf + videaulas) no site.","publisher":{"@id":"https:\/\/www.estrategiaconcursos.com.br\/blog\/#organization"},"potentialAction":[{"@type":"SearchAction","target":{"@type":"EntryPoint","urlTemplate":"https:\/\/www.estrategiaconcursos.com.br\/blog\/?s={search_term_string}"},"query-input":{"@type":"PropertyValueSpecification","valueRequired":true,"valueName":"search_term_string"}}],"inLanguage":"pt-BR"},{"@type":"Organization","@id":"https:\/\/www.estrategiaconcursos.com.br\/blog\/#organization","name":"Estrat\u00e9gia Concursos","url":"https:\/\/www.estrategiaconcursos.com.br\/blog\/","logo":{"@type":"ImageObject","inLanguage":"pt-BR","@id":"https:\/\/www.estrategiaconcursos.com.br\/blog\/#\/schema\/logo\/image\/","url":"https:\/\/dhg1h5j42swfq.cloudfront.net\/2025\/06\/03203428\/logo_concursos-1.jpg","contentUrl":"https:\/\/dhg1h5j42swfq.cloudfront.net\/2025\/06\/03203428\/logo_concursos-1.jpg","width":230,"height":60,"caption":"Estrat\u00e9gia Concursos"},"image":{"@id":"https:\/\/www.estrategiaconcursos.com.br\/blog\/#\/schema\/logo\/image\/"},"sameAs":["https:\/\/x.com\/EstratConcursos"]},{"@type":"Person","@id":"https:\/\/www.estrategiaconcursos.com.br\/blog\/#\/schema\/person\/b4a388c97673c5f483d72185668afa1f","name":"Coordena\u00e7\u00e3o","image":{"@type":"ImageObject","inLanguage":"pt-BR","@id":"https:\/\/secure.gravatar.com\/avatar\/b720319e4c9a967eb58678d110f4fe35452fc5d5f97b202bac7b8acceb18c6ad?s=96&d=mm&r=g","url":"https:\/\/secure.gravatar.com\/avatar\/b720319e4c9a967eb58678d110f4fe35452fc5d5f97b202bac7b8acceb18c6ad?s=96&d=mm&r=g","contentUrl":"https:\/\/secure.gravatar.com\/avatar\/b720319e4c9a967eb58678d110f4fe35452fc5d5f97b202bac7b8acceb18c6ad?s=96&d=mm&r=g","caption":"Coordena\u00e7\u00e3o"},"sameAs":["https:\/\/www.facebook.com\/EstrategiaConcursos","https:\/\/x.com\/EstratConcursos"],"url":"https:\/\/www.estrategiaconcursos.com.br\/blog\/author\/estrategia2013\/"}]}},"_links":{"self":[{"href":"https:\/\/www.estrategiaconcursos.com.br\/blog\/wp-json\/wp\/v2\/posts\/382287","targetHints":{"allow":["GET"]}}],"collection":[{"href":"https:\/\/www.estrategiaconcursos.com.br\/blog\/wp-json\/wp\/v2\/posts"}],"about":[{"href":"https:\/\/www.estrategiaconcursos.com.br\/blog\/wp-json\/wp\/v2\/types\/post"}],"author":[{"embeddable":true,"href":"https:\/\/www.estrategiaconcursos.com.br\/blog\/wp-json\/wp\/v2\/users\/1"}],"replies":[{"embeddable":true,"href":"https:\/\/www.estrategiaconcursos.com.br\/blog\/wp-json\/wp\/v2\/comments?post=382287"}],"version-history":[{"count":73,"href":"https:\/\/www.estrategiaconcursos.com.br\/blog\/wp-json\/wp\/v2\/posts\/382287\/revisions"}],"predecessor-version":[{"id":1701709,"href":"https:\/\/www.estrategiaconcursos.com.br\/blog\/wp-json\/wp\/v2\/posts\/382287\/revisions\/1701709"}],"wp:featuredmedia":[{"embeddable":true,"href":"https:\/\/www.estrategiaconcursos.com.br\/blog\/wp-json\/wp\/v2\/media\/1030175"}],"wp:attachment":[{"href":"https:\/\/www.estrategiaconcursos.com.br\/blog\/wp-json\/wp\/v2\/media?parent=382287"}],"wp:term":[{"taxonomy":"category","embeddable":true,"href":"https:\/\/www.estrategiaconcursos.com.br\/blog\/wp-json\/wp\/v2\/categories?post=382287"},{"taxonomy":"post_tag","embeddable":true,"href":"https:\/\/www.estrategiaconcursos.com.br\/blog\/wp-json\/wp\/v2\/tags?post=382287"},{"taxonomy":"tax_estado","embeddable":true,"href":"https:\/\/www.estrategiaconcursos.com.br\/blog\/wp-json\/wp\/v2\/tax_estado?post=382287"}],"curies":[{"name":"wp","href":"https:\/\/api.w.org\/{rel}","templated":true}]}}