{"id":38222,"date":"2016-05-02T16:24:39","date_gmt":"2016-05-02T19:24:39","guid":{"rendered":"http:\/\/www.estrategiaconcursos.com.br\/blog\/?p=38222"},"modified":"2016-05-02T16:24:39","modified_gmt":"2016-05-02T19:24:39","slug":"38222-2","status":"publish","type":"post","link":"https:\/\/www.estrategiaconcursos.com.br\/blog\/38222-2\/","title":{"rendered":"GABARITO MPRJ &#8211; Prova de Organiza\u00e7\u00e3o do MP (analista processual) &#8211; EXTRAOFICIAL"},"content":{"rendered":"<p style=\"text-align: justify\">Ol\u00e1, pessoal<\/p>\n<p style=\"text-align: justify\">Para quem n\u00e3o me conhece ainda, meu nome \u00e9 <strong>Renan Araujo<\/strong> e sou professor aqui no Estrat\u00e9gia Concursos, lecionando as mat\u00e9rias de Direito Penal, Processual Penal e Legisla\u00e7\u00e3o aplicada ao MP e \u00e0 Defensoria P\u00fablica.<\/p>\n<p style=\"text-align: justify\">Neste artigo vou comentar as quest\u00f5es de Organiza\u00e7\u00e3o do MP que foram cobradas no concurso MPRJ, para o cargo de ANALISTA PROCESSUAL.<\/p>\n<p style=\"text-align: justify\">O concurso MPRJ foi organizado pela FGV e as provas objetivas foram aplicadas ontem, dia 01.05.2016.<\/p>\n<p style=\"text-align: justify\">Analisando as quest\u00f5es, entendo que a FGV abordou a mat\u00e9ria de forma digna, \u00e0 altura do cargo almejado, sem for\u00e7ar demais e sem ser superficial. Quem estudou pelo nosso material com certeza se saiu bem.<\/p>\n<p style=\"text-align: justify\">Seguem, abaixo, os coment\u00e1rios \u00e0s quest\u00f5es\u00a0do CONCURSO MPRJ\u00a0(Organiza\u00e7\u00e3o do MP para ANALISTA PROCESSUAL).<\/p>\n<p style=\"text-align: justify\"><span style=\"color: #ff0000\"><strong>OBS.: N\u00e3o coloquei os enunciados pois recebi apenas provas digitalizadas e com muitas anota\u00e7\u00f5es. A numera\u00e7\u00e3o das quest\u00f5es, contudo, se refere ao caderno de PROVA TIPO 1- BRANCA.<\/strong><\/span><\/p>\n<p style=\"text-align: justify\"><span style=\"color: #ff0000\"><strong>OBS.2.: As quest\u00f5es 46 e 50 n\u00e3o foram comentadas porque se referem\u00a0a uma parte da mat\u00e9ria que ficou a cargo do prof. Herbert Almeida.<\/strong><\/span><\/p>\n<p>&nbsp;<\/p>\n<p><strong>Q. 41 (FGV &#8211; 2016 &#8211; MPRJ &#8211; ANALISTA PROCESSUAL)<\/strong><\/p>\n<p><strong>COMENT\u00c1RIOS: <\/strong>O MP, neste caso, poder\u00e1 atuar em favor de Eus\u00e9bio, eis que se trata de defesa de idosa, ou seja, membro de um grupo considerado em situa\u00e7\u00e3o de vulnerabilidade social, o que desafia a atua\u00e7\u00e3o do MP. Isso, inclusive, est\u00e1 expressamente definido no art. 34, VI, \u201ca\u201d da LCE 106\/03.<\/p>\n<p><span style=\"color: #0000ff\"><strong>Portanto, a ALTERNATIVA CORRETA \u00c9 A LETRA B.<\/strong><\/span><\/p>\n<p>&nbsp;<\/p>\n<p><strong>Q. 42 (FGV &#8211; 2016 &#8211; MPRJ &#8211; ANALISTA PROCESSUAL)<\/strong><\/p>\n<p><strong>COMENT\u00c1RIOS: <\/strong>A determina\u00e7\u00e3o do PGJ, neste caso, N\u00c3O est\u00e1 de acordo com a ordem constitucional, eis que afronta, flagrantemente, o princ\u00edpio da independ\u00eancia funcional dos membros do MP.<\/p>\n<p><span style=\"color: #0000ff\"><strong>Portanto, a ALTERNATIVA CORRETA \u00c9 A LETRA A.<\/strong><\/span><\/p>\n<p><strong>\u00a0<\/strong><\/p>\n<p><strong>Q. 43 (FGV &#8211; 2016 &#8211; MPRJ &#8211; ANALISTA PROCESSUAL)<\/strong><\/p>\n<p><strong>COMENT\u00c1RIOS: <\/strong>A compet\u00eancia revisora do CNMP alcan\u00e7a apenas os processos instaurados contra membros do MP, n\u00e3o alcan\u00e7ado os processos instaurados contra servidores, conforme expressamente previsto na CF\/88, nos termos do art. 130-A, \u00a72\u00ba, IV.<\/p>\n<p><span style=\"color: #0000ff\"><strong>Portanto, a ALTERNATIVA CORRETA \u00c9 A LETRA C.<\/strong><\/span><\/p>\n<p><strong>\u00a0<\/strong><\/p>\n<p><strong>Q. 44 (FGV &#8211; 2016 &#8211; MPRJ &#8211; ANALISTA PROCESSUAL)<\/strong><\/p>\n<p><strong>COMENT\u00c1RIOS: <\/strong>Os elementos de prova colhidos no inqu\u00e9rito civil podem ser utilizados para embasar futura e eventual a\u00e7\u00e3o penal, n\u00e3o havendo qualquer obst\u00e1culo quanto a isso. Inclusive, h\u00e1 decis\u00e3o do STF nesse sentido (Inq 3776 TO (STF) Min. ROSA WEBER).<\/p>\n<p><span style=\"color: #0000ff\"><strong>Portanto, a ALTERNATIVA CORRETA \u00c9 A LETRA D.<\/strong><\/span><\/p>\n<p>&nbsp;<\/p>\n<p><strong>Q. 45 (FGV &#8211; 2016 &#8211; MPRJ &#8211; ANALISTA PROCESSUAL)<\/strong><strong>\u00a0<\/strong><\/p>\n<p><strong>COMENT\u00c1RIOS: <\/strong>Neste caso o ICP deve ficar suspenso at\u00e9 o cumprimento integral do TAC. Em havendo o cumprimento integral, o membro dever\u00e1 arquivar o ICP e, s\u00f3 ent\u00e3o, remeter os autos ao Conselho Superior, nos termos do art. 26, \u00a72\u00ba da Resolu\u00e7\u00e3o n\u00ba 1.769\/2012.<\/p>\n<p><span style=\"color: #0000ff\"><strong>Portanto, a ALTERNATIVA CORRETA \u00c9 A LETRA B.<\/strong><\/span><\/p>\n<p>&nbsp;<\/p>\n<p><strong>Q. 47 (FGV &#8211; 2016 &#8211; MPRJ &#8211; ANALISTA PROCESSUAL)<\/strong><strong>\u00a0<\/strong><\/p>\n<p><strong>COMENT\u00c1RIOS: <\/strong>Em sendo caso de ajuizamento da ACP, o membro do MP dever\u00e1 instru\u00ed-la com os elementos pertinentes, no caso, os elementos colhidos no ICP. Ser\u00e3o extra\u00eddas c\u00f3pias, mas estas ficar\u00e3o no respectivo \u00f3rg\u00e3o de execu\u00e7\u00e3o, nos termos do art. 28 e seus \u00a7\u00a7 da Resolu\u00e7\u00e3o 1.769\/2012.<\/p>\n<p><em>Art. 28 \u2013 A a\u00e7\u00e3o civil p\u00fablica ser\u00e1 instru\u00edda com os elementos pertinentes dos autos do inqu\u00e9rito civil ou do procedimento preparat\u00f3rio ou com as pe\u00e7as de informa\u00e7\u00e3o existentes.<\/em><\/p>\n<p><em>1\u00ba \u2013 Na hip\u00f3tese do caput, o Presidente providenciar\u00e1 a extra\u00e7\u00e3o de c\u00f3pias das principais pe\u00e7as do inqu\u00e9rito civil, procedimento preparat\u00f3rio ou das pe\u00e7as de informa\u00e7\u00e3o, que permanecer\u00e3o no respectivo \u00f3rg\u00e3o de execu\u00e7\u00e3o.<\/em><\/p>\n<p><span style=\"color: #0000ff\"><strong>Portanto, a ALTERNATIVA CORRETA \u00c9 A LETRA D.<\/strong><\/span><\/p>\n<p>&nbsp;<\/p>\n<p><strong>Q. 48 (FGV &#8211; 2016 &#8211; MPRJ &#8211; ANALISTA PROCESSUAL)<\/strong><\/p>\n<p><strong>COMENT\u00c1RIOS: <\/strong>O membro do MP n\u00e3o pode impugnar eventual decis\u00e3o proferida pelo Corregedor-Geral rejeitando, de plano, representa\u00e7\u00e3o oferecida contra o membro, por aus\u00eancia previs\u00e3o legal e de interesse recursal.<\/p>\n<p><span style=\"color: #0000ff\"><strong>Portanto, a ALTERNATIVA CORRETA \u00c9 A LETRA B.<\/strong><\/span><\/p>\n<p>&nbsp;<\/p>\n<p><strong>Q. 49 (FGV &#8211; 2016 &#8211; MPRJ &#8211; ANALISTA PROCESSUAL)<\/strong><\/p>\n<p><strong>COMENT\u00c1RIOS: <\/strong>Nos termos do art. 20, \u00a71\u00ba do LCE 106-03, no caso de IMPEDIMENTO o PGJ ser\u00e1 substitu\u00eddo pelo membro eleito do Conselho Superior do MP mais antigo na classe.<\/p>\n<p><span style=\"color: #0000ff\"><strong>Portanto, a ALTERNATIVA CORRETA \u00c9 A LETRA D.<\/strong><\/span><\/p>\n<p>&nbsp;<\/p>\n<p>Se voc\u00ea quer conhecer mais do meu trabalho aqui no\u00a0<strong>Estrat\u00e9gia Concursos<\/strong>,\u00a0<a href=\"https:\/\/www.estrategiaconcursos.com.br\/cursosPorProfessor\/renan-araujo-3209\/\" target=\"_blank\">clique aqui\u00a0<\/a>e baixe, gratuitamente, as aulas demonstrativas dos meus cursos.<\/p>\n<p><strong>Bons estudos!<\/strong><\/p>\n<p><strong>Prof. Renan Araujo<\/strong><\/p>\n<p><strong>profrenanaraujo@gmail.com<\/strong><\/p>\n<p><strong><img loading=\"lazy\" decoding=\"async\" class=\"wp-image-35489 alignleft\" src=\"https:\/\/dhg1h5j42swfq.cloudfront.net\/2016\/03\/21115355\/periscope.jpg\" alt=\"periscope\" width=\"77\" height=\"69\" \/><\/strong><\/p>\n<p>&nbsp;<\/p>\n<p><strong>PERISCOPE: @profrenanaraujo<\/strong><\/p>\n","protected":false},"excerpt":{"rendered":"<p>Ol\u00e1, pessoal Para quem n\u00e3o me conhece ainda, meu nome \u00e9 Renan Araujo e sou professor aqui no Estrat\u00e9gia Concursos, lecionando as mat\u00e9rias de Direito Penal, Processual Penal e Legisla\u00e7\u00e3o aplicada ao MP e \u00e0 Defensoria P\u00fablica. Neste artigo vou comentar as quest\u00f5es de Organiza\u00e7\u00e3o do MP que foram cobradas no concurso MPRJ, para o [&hellip;]<\/p>\n","protected":false},"author":39,"featured_media":0,"comment_status":"open","ping_status":"open","sticky":false,"template":"","format":"standard","meta":{"post_tipo":"article","footnotes":""},"categories":[1],"tags":[],"tax_estado":[],"class_list":["post-38222","post","type-post","status-publish","format-standard","hentry","category-cursos-e-concursos"],"acf":[],"yoast_head":"<!-- This site is optimized with the Yoast SEO Premium plugin v27.2 (Yoast SEO v27.2) - https:\/\/yoast.com\/product\/yoast-seo-premium-wordpress\/ -->\n<title>GABARITO MPRJ - Prova de Organiza\u00e7\u00e3o do MP (analista processual) - EXTRAOFICIAL<\/title>\n<meta name=\"description\" content=\"GABARITO EXTRAOFICIAL MPRJ - Coment\u00e1rios do Prof. Renan Araujo \u00e0s quest\u00f5es de Organiza\u00e7\u00e3o do MP (Analista processual)\" \/>\n<meta name=\"robots\" content=\"index, follow, max-snippet:-1, max-image-preview:large, max-video-preview:-1\" \/>\n<link rel=\"canonical\" href=\"https:\/\/www.estrategiaconcursos.com.br\/blog\/38222-2\/\" \/>\n<meta property=\"og:locale\" content=\"pt_BR\" \/>\n<meta property=\"og:type\" content=\"article\" \/>\n<meta property=\"og:title\" content=\"GABARITO MPRJ - Prova de Organiza\u00e7\u00e3o do MP (analista processual) - EXTRAOFICIAL\" \/>\n<meta property=\"og:description\" content=\"GABARITO EXTRAOFICIAL MPRJ - Coment\u00e1rios do Prof. Renan Araujo \u00e0s quest\u00f5es de Organiza\u00e7\u00e3o do MP (Analista processual)\" \/>\n<meta property=\"og:url\" content=\"https:\/\/www.estrategiaconcursos.com.br\/blog\/38222-2\/\" \/>\n<meta property=\"og:site_name\" content=\"Estrat\u00e9gia Concursos\" \/>\n<meta property=\"article:published_time\" content=\"2016-05-02T19:24:39+00:00\" \/>\n<meta property=\"og:image\" content=\"https:\/\/dhg1h5j42swfq.cloudfront.net\/2016\/03\/21115355\/periscope.jpg\" \/>\n<meta name=\"author\" content=\"Renan Araujo\" \/>\n<meta name=\"twitter:card\" content=\"summary_large_image\" \/>\n<meta name=\"twitter:creator\" content=\"@EstratConcursos\" \/>\n<meta name=\"twitter:site\" content=\"@EstratConcursos\" \/>\n<meta name=\"twitter:label1\" content=\"Escrito por\" \/>\n\t<meta name=\"twitter:data1\" content=\"Renan Araujo\" \/>\n\t<meta name=\"twitter:label2\" content=\"Est. tempo de leitura\" \/>\n\t<meta name=\"twitter:data2\" content=\"4 minutos\" \/>\n<script type=\"application\/ld+json\" class=\"yoast-schema-graph\">{\"@context\":\"https:\/\/schema.org\",\"@graph\":[{\"@type\":\"NewsArticle\",\"@id\":\"https:\/\/www.estrategiaconcursos.com.br\/blog\/38222-2\/#article\",\"isPartOf\":{\"@id\":\"https:\/\/www.estrategiaconcursos.com.br\/blog\/38222-2\/\"},\"author\":{\"name\":\"Renan Araujo\",\"@id\":\"https:\/\/www.estrategiaconcursos.com.br\/blog\/#\/schema\/person\/1a7a7af72da82939a6308b2ee292162b\"},\"headline\":\"GABARITO MPRJ &#8211; Prova de Organiza\u00e7\u00e3o do MP (analista processual) &#8211; EXTRAOFICIAL\",\"datePublished\":\"2016-05-02T19:24:39+00:00\",\"mainEntityOfPage\":{\"@id\":\"https:\/\/www.estrategiaconcursos.com.br\/blog\/38222-2\/\"},\"wordCount\":774,\"commentCount\":8,\"publisher\":{\"@id\":\"https:\/\/www.estrategiaconcursos.com.br\/blog\/#organization\"},\"image\":{\"@id\":\"https:\/\/www.estrategiaconcursos.com.br\/blog\/38222-2\/#primaryimage\"},\"thumbnailUrl\":\"https:\/\/dhg1h5j42swfq.cloudfront.net\/2016\/03\/21115355\/periscope.jpg\",\"articleSection\":[\"Concursos P\u00fablicos\"],\"inLanguage\":\"pt-BR\",\"potentialAction\":[{\"@type\":\"CommentAction\",\"name\":\"Comment\",\"target\":[\"https:\/\/www.estrategiaconcursos.com.br\/blog\/38222-2\/#respond\"]}],\"copyrightYear\":\"2016\",\"copyrightHolder\":{\"@id\":\"https:\/\/www.estrategiaconcursos.com.br\/blog\/#organization\"}},{\"@type\":\"WebPage\",\"@id\":\"https:\/\/www.estrategiaconcursos.com.br\/blog\/38222-2\/\",\"url\":\"https:\/\/www.estrategiaconcursos.com.br\/blog\/38222-2\/\",\"name\":\"GABARITO MPRJ - Prova de Organiza\u00e7\u00e3o do MP (analista processual) - EXTRAOFICIAL\",\"isPartOf\":{\"@id\":\"https:\/\/www.estrategiaconcursos.com.br\/blog\/#website\"},\"primaryImageOfPage\":{\"@id\":\"https:\/\/www.estrategiaconcursos.com.br\/blog\/38222-2\/#primaryimage\"},\"image\":{\"@id\":\"https:\/\/www.estrategiaconcursos.com.br\/blog\/38222-2\/#primaryimage\"},\"thumbnailUrl\":\"https:\/\/dhg1h5j42swfq.cloudfront.net\/2016\/03\/21115355\/periscope.jpg\",\"datePublished\":\"2016-05-02T19:24:39+00:00\",\"description\":\"GABARITO EXTRAOFICIAL MPRJ - Coment\u00e1rios do Prof. Renan Araujo \u00e0s quest\u00f5es de Organiza\u00e7\u00e3o do MP (Analista processual)\",\"breadcrumb\":{\"@id\":\"https:\/\/www.estrategiaconcursos.com.br\/blog\/38222-2\/#breadcrumb\"},\"inLanguage\":\"pt-BR\",\"potentialAction\":[{\"@type\":\"ReadAction\",\"target\":[\"https:\/\/www.estrategiaconcursos.com.br\/blog\/38222-2\/\"]}]},{\"@type\":\"ImageObject\",\"inLanguage\":\"pt-BR\",\"@id\":\"https:\/\/www.estrategiaconcursos.com.br\/blog\/38222-2\/#primaryimage\",\"url\":\"https:\/\/dhg1h5j42swfq.cloudfront.net\/2016\/03\/21115355\/periscope.jpg\",\"contentUrl\":\"https:\/\/dhg1h5j42swfq.cloudfront.net\/2016\/03\/21115355\/periscope.jpg\"},{\"@type\":\"BreadcrumbList\",\"@id\":\"https:\/\/www.estrategiaconcursos.com.br\/blog\/38222-2\/#breadcrumb\",\"itemListElement\":[{\"@type\":\"ListItem\",\"position\":1,\"name\":\"In\u00edcio\",\"item\":\"https:\/\/www.estrategiaconcursos.com.br\/blog\/\"},{\"@type\":\"ListItem\",\"position\":2,\"name\":\"GABARITO MPRJ &#8211; Prova de Organiza\u00e7\u00e3o do MP (analista processual) &#8211; EXTRAOFICIAL\"}]},{\"@type\":\"WebSite\",\"@id\":\"https:\/\/www.estrategiaconcursos.com.br\/blog\/#website\",\"url\":\"https:\/\/www.estrategiaconcursos.com.br\/blog\/\",\"name\":\"Estrat\u00e9gia Concursos\",\"description\":\"O blog da Estrat\u00e9gia Concursos traz not\u00edcias sobre concursos e artigos de professores oferecendo cursos para concursos (pdf + videaulas) no site.\",\"publisher\":{\"@id\":\"https:\/\/www.estrategiaconcursos.com.br\/blog\/#organization\"},\"potentialAction\":[{\"@type\":\"SearchAction\",\"target\":{\"@type\":\"EntryPoint\",\"urlTemplate\":\"https:\/\/www.estrategiaconcursos.com.br\/blog\/?s={search_term_string}\"},\"query-input\":{\"@type\":\"PropertyValueSpecification\",\"valueRequired\":true,\"valueName\":\"search_term_string\"}}],\"inLanguage\":\"pt-BR\"},{\"@type\":\"Organization\",\"@id\":\"https:\/\/www.estrategiaconcursos.com.br\/blog\/#organization\",\"name\":\"Estrat\u00e9gia Concursos\",\"url\":\"https:\/\/www.estrategiaconcursos.com.br\/blog\/\",\"logo\":{\"@type\":\"ImageObject\",\"inLanguage\":\"pt-BR\",\"@id\":\"https:\/\/www.estrategiaconcursos.com.br\/blog\/#\/schema\/logo\/image\/\",\"url\":\"https:\/\/dhg1h5j42swfq.cloudfront.net\/2025\/06\/03203428\/logo_concursos-1.jpg\",\"contentUrl\":\"https:\/\/dhg1h5j42swfq.cloudfront.net\/2025\/06\/03203428\/logo_concursos-1.jpg\",\"width\":230,\"height\":60,\"caption\":\"Estrat\u00e9gia Concursos\"},\"image\":{\"@id\":\"https:\/\/www.estrategiaconcursos.com.br\/blog\/#\/schema\/logo\/image\/\"},\"sameAs\":[\"https:\/\/x.com\/EstratConcursos\"]},{\"@type\":\"Person\",\"@id\":\"https:\/\/www.estrategiaconcursos.com.br\/blog\/#\/schema\/person\/1a7a7af72da82939a6308b2ee292162b\",\"name\":\"Renan Araujo\",\"image\":{\"@type\":\"ImageObject\",\"inLanguage\":\"pt-BR\",\"@id\":\"https:\/\/secure.gravatar.com\/avatar\/ca6cb9ba5a547fbe93c05c63d6103dff6c2566555a601f1efb8590a69fb9ed76?s=96&d=mm&r=g\",\"url\":\"https:\/\/secure.gravatar.com\/avatar\/ca6cb9ba5a547fbe93c05c63d6103dff6c2566555a601f1efb8590a69fb9ed76?s=96&d=mm&r=g\",\"contentUrl\":\"https:\/\/secure.gravatar.com\/avatar\/ca6cb9ba5a547fbe93c05c63d6103dff6c2566555a601f1efb8590a69fb9ed76?s=96&d=mm&r=g\",\"caption\":\"Renan Araujo\"},\"url\":\"https:\/\/www.estrategiaconcursos.com.br\/blog\/author\/renanaraujoestrategiaconcursos-com-br\/\"}]}<\/script>\n<!-- \/ Yoast SEO Premium plugin. -->","yoast_head_json":{"title":"GABARITO MPRJ - Prova de Organiza\u00e7\u00e3o do MP (analista processual) - EXTRAOFICIAL","description":"GABARITO EXTRAOFICIAL MPRJ - Coment\u00e1rios do Prof. Renan Araujo \u00e0s quest\u00f5es de Organiza\u00e7\u00e3o do MP (Analista processual)","robots":{"index":"index","follow":"follow","max-snippet":"max-snippet:-1","max-image-preview":"max-image-preview:large","max-video-preview":"max-video-preview:-1"},"canonical":"https:\/\/www.estrategiaconcursos.com.br\/blog\/38222-2\/","og_locale":"pt_BR","og_type":"article","og_title":"GABARITO MPRJ - Prova de Organiza\u00e7\u00e3o do MP (analista processual) - EXTRAOFICIAL","og_description":"GABARITO EXTRAOFICIAL MPRJ - Coment\u00e1rios do Prof. Renan Araujo \u00e0s quest\u00f5es de Organiza\u00e7\u00e3o do MP (Analista processual)","og_url":"https:\/\/www.estrategiaconcursos.com.br\/blog\/38222-2\/","og_site_name":"Estrat\u00e9gia Concursos","article_published_time":"2016-05-02T19:24:39+00:00","og_image":[{"url":"https:\/\/dhg1h5j42swfq.cloudfront.net\/2016\/03\/21115355\/periscope.jpg","type":"","width":"","height":""}],"author":"Renan Araujo","twitter_card":"summary_large_image","twitter_creator":"@EstratConcursos","twitter_site":"@EstratConcursos","twitter_misc":{"Escrito por":"Renan Araujo","Est. tempo de leitura":"4 minutos"},"schema":{"@context":"https:\/\/schema.org","@graph":[{"@type":"NewsArticle","@id":"https:\/\/www.estrategiaconcursos.com.br\/blog\/38222-2\/#article","isPartOf":{"@id":"https:\/\/www.estrategiaconcursos.com.br\/blog\/38222-2\/"},"author":{"name":"Renan Araujo","@id":"https:\/\/www.estrategiaconcursos.com.br\/blog\/#\/schema\/person\/1a7a7af72da82939a6308b2ee292162b"},"headline":"GABARITO MPRJ &#8211; Prova de Organiza\u00e7\u00e3o do MP (analista processual) &#8211; EXTRAOFICIAL","datePublished":"2016-05-02T19:24:39+00:00","mainEntityOfPage":{"@id":"https:\/\/www.estrategiaconcursos.com.br\/blog\/38222-2\/"},"wordCount":774,"commentCount":8,"publisher":{"@id":"https:\/\/www.estrategiaconcursos.com.br\/blog\/#organization"},"image":{"@id":"https:\/\/www.estrategiaconcursos.com.br\/blog\/38222-2\/#primaryimage"},"thumbnailUrl":"https:\/\/dhg1h5j42swfq.cloudfront.net\/2016\/03\/21115355\/periscope.jpg","articleSection":["Concursos P\u00fablicos"],"inLanguage":"pt-BR","potentialAction":[{"@type":"CommentAction","name":"Comment","target":["https:\/\/www.estrategiaconcursos.com.br\/blog\/38222-2\/#respond"]}],"copyrightYear":"2016","copyrightHolder":{"@id":"https:\/\/www.estrategiaconcursos.com.br\/blog\/#organization"}},{"@type":"WebPage","@id":"https:\/\/www.estrategiaconcursos.com.br\/blog\/38222-2\/","url":"https:\/\/www.estrategiaconcursos.com.br\/blog\/38222-2\/","name":"GABARITO MPRJ - Prova de Organiza\u00e7\u00e3o do MP (analista processual) - EXTRAOFICIAL","isPartOf":{"@id":"https:\/\/www.estrategiaconcursos.com.br\/blog\/#website"},"primaryImageOfPage":{"@id":"https:\/\/www.estrategiaconcursos.com.br\/blog\/38222-2\/#primaryimage"},"image":{"@id":"https:\/\/www.estrategiaconcursos.com.br\/blog\/38222-2\/#primaryimage"},"thumbnailUrl":"https:\/\/dhg1h5j42swfq.cloudfront.net\/2016\/03\/21115355\/periscope.jpg","datePublished":"2016-05-02T19:24:39+00:00","description":"GABARITO EXTRAOFICIAL MPRJ - Coment\u00e1rios do Prof. Renan Araujo \u00e0s quest\u00f5es de Organiza\u00e7\u00e3o do MP (Analista processual)","breadcrumb":{"@id":"https:\/\/www.estrategiaconcursos.com.br\/blog\/38222-2\/#breadcrumb"},"inLanguage":"pt-BR","potentialAction":[{"@type":"ReadAction","target":["https:\/\/www.estrategiaconcursos.com.br\/blog\/38222-2\/"]}]},{"@type":"ImageObject","inLanguage":"pt-BR","@id":"https:\/\/www.estrategiaconcursos.com.br\/blog\/38222-2\/#primaryimage","url":"https:\/\/dhg1h5j42swfq.cloudfront.net\/2016\/03\/21115355\/periscope.jpg","contentUrl":"https:\/\/dhg1h5j42swfq.cloudfront.net\/2016\/03\/21115355\/periscope.jpg"},{"@type":"BreadcrumbList","@id":"https:\/\/www.estrategiaconcursos.com.br\/blog\/38222-2\/#breadcrumb","itemListElement":[{"@type":"ListItem","position":1,"name":"In\u00edcio","item":"https:\/\/www.estrategiaconcursos.com.br\/blog\/"},{"@type":"ListItem","position":2,"name":"GABARITO MPRJ &#8211; Prova de Organiza\u00e7\u00e3o do MP (analista processual) &#8211; EXTRAOFICIAL"}]},{"@type":"WebSite","@id":"https:\/\/www.estrategiaconcursos.com.br\/blog\/#website","url":"https:\/\/www.estrategiaconcursos.com.br\/blog\/","name":"Estrat\u00e9gia Concursos","description":"O blog da Estrat\u00e9gia Concursos traz not\u00edcias sobre concursos e artigos de professores oferecendo cursos para concursos (pdf + videaulas) no site.","publisher":{"@id":"https:\/\/www.estrategiaconcursos.com.br\/blog\/#organization"},"potentialAction":[{"@type":"SearchAction","target":{"@type":"EntryPoint","urlTemplate":"https:\/\/www.estrategiaconcursos.com.br\/blog\/?s={search_term_string}"},"query-input":{"@type":"PropertyValueSpecification","valueRequired":true,"valueName":"search_term_string"}}],"inLanguage":"pt-BR"},{"@type":"Organization","@id":"https:\/\/www.estrategiaconcursos.com.br\/blog\/#organization","name":"Estrat\u00e9gia Concursos","url":"https:\/\/www.estrategiaconcursos.com.br\/blog\/","logo":{"@type":"ImageObject","inLanguage":"pt-BR","@id":"https:\/\/www.estrategiaconcursos.com.br\/blog\/#\/schema\/logo\/image\/","url":"https:\/\/dhg1h5j42swfq.cloudfront.net\/2025\/06\/03203428\/logo_concursos-1.jpg","contentUrl":"https:\/\/dhg1h5j42swfq.cloudfront.net\/2025\/06\/03203428\/logo_concursos-1.jpg","width":230,"height":60,"caption":"Estrat\u00e9gia Concursos"},"image":{"@id":"https:\/\/www.estrategiaconcursos.com.br\/blog\/#\/schema\/logo\/image\/"},"sameAs":["https:\/\/x.com\/EstratConcursos"]},{"@type":"Person","@id":"https:\/\/www.estrategiaconcursos.com.br\/blog\/#\/schema\/person\/1a7a7af72da82939a6308b2ee292162b","name":"Renan Araujo","image":{"@type":"ImageObject","inLanguage":"pt-BR","@id":"https:\/\/secure.gravatar.com\/avatar\/ca6cb9ba5a547fbe93c05c63d6103dff6c2566555a601f1efb8590a69fb9ed76?s=96&d=mm&r=g","url":"https:\/\/secure.gravatar.com\/avatar\/ca6cb9ba5a547fbe93c05c63d6103dff6c2566555a601f1efb8590a69fb9ed76?s=96&d=mm&r=g","contentUrl":"https:\/\/secure.gravatar.com\/avatar\/ca6cb9ba5a547fbe93c05c63d6103dff6c2566555a601f1efb8590a69fb9ed76?s=96&d=mm&r=g","caption":"Renan Araujo"},"url":"https:\/\/www.estrategiaconcursos.com.br\/blog\/author\/renanaraujoestrategiaconcursos-com-br\/"}]}},"_links":{"self":[{"href":"https:\/\/www.estrategiaconcursos.com.br\/blog\/wp-json\/wp\/v2\/posts\/38222","targetHints":{"allow":["GET"]}}],"collection":[{"href":"https:\/\/www.estrategiaconcursos.com.br\/blog\/wp-json\/wp\/v2\/posts"}],"about":[{"href":"https:\/\/www.estrategiaconcursos.com.br\/blog\/wp-json\/wp\/v2\/types\/post"}],"author":[{"embeddable":true,"href":"https:\/\/www.estrategiaconcursos.com.br\/blog\/wp-json\/wp\/v2\/users\/39"}],"replies":[{"embeddable":true,"href":"https:\/\/www.estrategiaconcursos.com.br\/blog\/wp-json\/wp\/v2\/comments?post=38222"}],"version-history":[{"count":1,"href":"https:\/\/www.estrategiaconcursos.com.br\/blog\/wp-json\/wp\/v2\/posts\/38222\/revisions"}],"predecessor-version":[{"id":38223,"href":"https:\/\/www.estrategiaconcursos.com.br\/blog\/wp-json\/wp\/v2\/posts\/38222\/revisions\/38223"}],"wp:attachment":[{"href":"https:\/\/www.estrategiaconcursos.com.br\/blog\/wp-json\/wp\/v2\/media?parent=38222"}],"wp:term":[{"taxonomy":"category","embeddable":true,"href":"https:\/\/www.estrategiaconcursos.com.br\/blog\/wp-json\/wp\/v2\/categories?post=38222"},{"taxonomy":"post_tag","embeddable":true,"href":"https:\/\/www.estrategiaconcursos.com.br\/blog\/wp-json\/wp\/v2\/tags?post=38222"},{"taxonomy":"tax_estado","embeddable":true,"href":"https:\/\/www.estrategiaconcursos.com.br\/blog\/wp-json\/wp\/v2\/tax_estado?post=38222"}],"curies":[{"name":"wp","href":"https:\/\/api.w.org\/{rel}","templated":true}]}}