{"id":38205,"date":"2016-05-02T13:45:42","date_gmt":"2016-05-02T16:45:42","guid":{"rendered":"http:\/\/www.estrategiaconcursos.com.br\/blog\/?p=38205"},"modified":"2016-05-02T13:57:59","modified_gmt":"2016-05-02T16:57:59","slug":"gabarito-mprj-prova-de-organizacao-do-mp-tecnico-extraoficial","status":"publish","type":"post","link":"https:\/\/www.estrategiaconcursos.com.br\/blog\/gabarito-mprj-prova-de-organizacao-do-mp-tecnico-extraoficial\/","title":{"rendered":"GABARITO MPRJ &#8211; Prova de Organiza\u00e7\u00e3o do MP (T\u00e9cnico) &#8211; EXTRAOFICIAL"},"content":{"rendered":"<p style=\"text-align: justify\">Ol\u00e1, pessoal<\/p>\n<p style=\"text-align: justify\">Para quem n\u00e3o me conhece ainda, meu nome \u00e9 <strong>Renan Araujo<\/strong> e sou professor aqui no Estrat\u00e9gia Concursos, lecionando as mat\u00e9rias de Direito Penal, Processual Penal e Legisla\u00e7\u00e3o aplicada ao MP e \u00e0 Defensoria P\u00fablica.<\/p>\n<p style=\"text-align: justify\">Neste artigo vou comentar as quest\u00f5es de Organiza\u00e7\u00e3o do MP que foram cobradas no concurso MPRJ.<\/p>\n<p style=\"text-align: justify\">O concurso MPRJ foi organizado pela FGV e as provas objetivas foram aplicadas ontem, dia 01.05.2016.<\/p>\n<p style=\"text-align: justify\">Analisando as quest\u00f5es, entendo que a FGV n\u00e3o pegou pesado, e quem estudou pelo nosso material com certeza se saiu bem.<\/p>\n<p style=\"text-align: justify\">Segue, abaixo, o arquivo com o meu GABARITO EXTRAOFICIAL do CONCURSO MPRJ (Organiza\u00e7\u00e3o do MP).<\/p>\n<p><iframe loading=\"lazy\" title=\"Fgv   mpe-rj (2016) - organizac\u0327a\u0303o do mp - comenta\u0301rios\" src=\"https:\/\/www.slideshare.net\/slideshow\/embed_code\/key\/vAk1sf8sLwUi7b\" width=\"479\" height=\"511\" frameborder=\"0\" marginwidth=\"0\" marginheight=\"0\" scrolling=\"no\" style=\"border:1px solid #CCC; border-width:1px; margin-bottom:5px; max-width: 100%;\" allowfullscreen> <\/iframe> <\/p>\n<div style=\"margin-bottom:5px\"> <strong> <a href=\"https:\/\/pt.slideshare.net\/slideshow\/fgv-mperj-2016-organizacao-do-mp-comentarios\/61586472\" title=\"Fgv mpe-rj (2016) - organizac\u0327a\u0303o do mp - comenta\u0301rios\" target=\"_blank\">Fgv mpe-rj (2016) &#8211; organizac\u0327a\u0303o do mp &#8211; comenta\u0301rios<\/a> <\/strong> from <strong><a href=\"https:\/\/www.slideshare.net\/profrenanaraujo\" target=\"_blank\">profrenanaraujo<\/a><\/strong> <\/div>\n<p style=\"text-align: justify\"><span style=\"color: #ff0000\"><strong>P.S.: A quest\u00e3o 49 n\u00e3o foi comentada porque se refere a uma parte da mat\u00e9ria que ficou a cargo do prof. Herbert Almeida.<\/strong><\/span><\/p>\n<p style=\"text-align: justify\">Se voc\u00ea quer conhecer mais do meu trabalho aqui no\u00a0<strong>Estrat\u00e9gia Concursos<\/strong>,\u00a0<a href=\"https:\/\/www.estrategiaconcursos.com.br\/cursosPorProfessor\/renan-araujo-3209\/\" target=\"_blank\">clique aqui\u00a0<\/a>e baixe, gratuitamente, as aulas demonstrativas dos meus cursos.<\/p>\n<p><strong>Bons estudos!<\/strong><\/p>\n<p><strong>Prof. Renan Araujo<\/strong><\/p>\n<p><strong>profrenanaraujo@gmail.com<\/strong><\/p>\n<p><strong><img loading=\"lazy\" decoding=\"async\" class=\"wp-image-35489 alignleft\" src=\"https:\/\/dhg1h5j42swfq.cloudfront.net\/2016\/03\/21115355\/periscope.jpg\" alt=\"periscope\" width=\"77\" height=\"69\" \/><\/strong><\/p>\n<p>&nbsp;<\/p>\n<p><strong>PERISCOPE: @profrenanaraujo<\/strong><\/p>\n<p>&nbsp;<\/p>\n","protected":false},"excerpt":{"rendered":"<p>Ol\u00e1, pessoal Para quem n\u00e3o me conhece ainda, meu nome \u00e9 Renan Araujo e sou professor aqui no Estrat\u00e9gia Concursos, lecionando as mat\u00e9rias de Direito Penal, Processual Penal e Legisla\u00e7\u00e3o aplicada ao MP e \u00e0 Defensoria P\u00fablica. Neste artigo vou comentar as quest\u00f5es de Organiza\u00e7\u00e3o do MP que foram cobradas no concurso MPRJ. O concurso [&hellip;]<\/p>\n","protected":false},"author":39,"featured_media":0,"comment_status":"open","ping_status":"open","sticky":false,"template":"","format":"standard","meta":{"post_tipo":"article","footnotes":""},"categories":[1],"tags":[],"tax_estado":[],"class_list":["post-38205","post","type-post","status-publish","format-standard","hentry","category-cursos-e-concursos"],"acf":[],"yoast_head":"<!-- This site is optimized with the Yoast SEO Premium plugin v27.2 (Yoast SEO v27.2) - https:\/\/yoast.com\/product\/yoast-seo-premium-wordpress\/ -->\n<title>GABARITO MPRJ - Prova de Organiza\u00e7\u00e3o do MP (T\u00e9cnico) - EXTRAOFICIAL<\/title>\n<meta name=\"description\" content=\"GABARITO EXTRAOFICIAL CONCURSO MPRJ - Coment\u00e1rios do Prof. Renan Araujo (quest\u00f5es de organiza\u00e7\u00e3o do MPRJ)\" \/>\n<meta name=\"robots\" content=\"index, follow, max-snippet:-1, max-image-preview:large, max-video-preview:-1\" \/>\n<link rel=\"canonical\" href=\"https:\/\/www.estrategiaconcursos.com.br\/blog\/gabarito-mprj-prova-de-organizacao-do-mp-tecnico-extraoficial\/\" \/>\n<meta property=\"og:locale\" content=\"pt_BR\" \/>\n<meta property=\"og:type\" content=\"article\" \/>\n<meta property=\"og:title\" content=\"GABARITO MPRJ - Prova de Organiza\u00e7\u00e3o do MP (T\u00e9cnico) - EXTRAOFICIAL\" \/>\n<meta property=\"og:description\" content=\"GABARITO EXTRAOFICIAL CONCURSO MPRJ - Coment\u00e1rios do Prof. Renan Araujo (quest\u00f5es de organiza\u00e7\u00e3o do MPRJ)\" \/>\n<meta property=\"og:url\" content=\"https:\/\/www.estrategiaconcursos.com.br\/blog\/gabarito-mprj-prova-de-organizacao-do-mp-tecnico-extraoficial\/\" \/>\n<meta property=\"og:site_name\" content=\"Estrat\u00e9gia Concursos\" \/>\n<meta property=\"article:published_time\" content=\"2016-05-02T16:45:42+00:00\" \/>\n<meta property=\"article:modified_time\" content=\"2016-05-02T16:57:59+00:00\" \/>\n<meta property=\"og:image\" content=\"https:\/\/dhg1h5j42swfq.cloudfront.net\/2016\/03\/21115355\/periscope.jpg\" \/>\n<meta name=\"author\" content=\"Renan Araujo\" \/>\n<meta name=\"twitter:card\" content=\"summary_large_image\" \/>\n<meta name=\"twitter:creator\" content=\"@EstratConcursos\" \/>\n<meta name=\"twitter:site\" content=\"@EstratConcursos\" \/>\n<meta name=\"twitter:label1\" content=\"Escrito por\" \/>\n\t<meta name=\"twitter:data1\" content=\"Renan Araujo\" \/>\n\t<meta name=\"twitter:label2\" content=\"Est. tempo de leitura\" \/>\n\t<meta name=\"twitter:data2\" content=\"1 minuto\" \/>\n<script type=\"application\/ld+json\" class=\"yoast-schema-graph\">{\"@context\":\"https:\/\/schema.org\",\"@graph\":[{\"@type\":\"NewsArticle\",\"@id\":\"https:\/\/www.estrategiaconcursos.com.br\/blog\/gabarito-mprj-prova-de-organizacao-do-mp-tecnico-extraoficial\/#article\",\"isPartOf\":{\"@id\":\"https:\/\/www.estrategiaconcursos.com.br\/blog\/gabarito-mprj-prova-de-organizacao-do-mp-tecnico-extraoficial\/\"},\"author\":{\"name\":\"Renan Araujo\",\"@id\":\"https:\/\/www.estrategiaconcursos.com.br\/blog\/#\/schema\/person\/1a7a7af72da82939a6308b2ee292162b\"},\"headline\":\"GABARITO MPRJ &#8211; Prova de Organiza\u00e7\u00e3o do MP (T\u00e9cnico) &#8211; EXTRAOFICIAL\",\"datePublished\":\"2016-05-02T16:45:42+00:00\",\"dateModified\":\"2016-05-02T16:57:59+00:00\",\"mainEntityOfPage\":{\"@id\":\"https:\/\/www.estrategiaconcursos.com.br\/blog\/gabarito-mprj-prova-de-organizacao-do-mp-tecnico-extraoficial\/\"},\"wordCount\":196,\"commentCount\":35,\"publisher\":{\"@id\":\"https:\/\/www.estrategiaconcursos.com.br\/blog\/#organization\"},\"image\":{\"@id\":\"https:\/\/www.estrategiaconcursos.com.br\/blog\/gabarito-mprj-prova-de-organizacao-do-mp-tecnico-extraoficial\/#primaryimage\"},\"thumbnailUrl\":\"https:\/\/dhg1h5j42swfq.cloudfront.net\/2016\/03\/21115355\/periscope.jpg\",\"articleSection\":[\"Concursos P\u00fablicos\"],\"inLanguage\":\"pt-BR\",\"potentialAction\":[{\"@type\":\"CommentAction\",\"name\":\"Comment\",\"target\":[\"https:\/\/www.estrategiaconcursos.com.br\/blog\/gabarito-mprj-prova-de-organizacao-do-mp-tecnico-extraoficial\/#respond\"]}],\"copyrightYear\":\"2016\",\"copyrightHolder\":{\"@id\":\"https:\/\/www.estrategiaconcursos.com.br\/blog\/#organization\"}},{\"@type\":\"WebPage\",\"@id\":\"https:\/\/www.estrategiaconcursos.com.br\/blog\/gabarito-mprj-prova-de-organizacao-do-mp-tecnico-extraoficial\/\",\"url\":\"https:\/\/www.estrategiaconcursos.com.br\/blog\/gabarito-mprj-prova-de-organizacao-do-mp-tecnico-extraoficial\/\",\"name\":\"GABARITO MPRJ - Prova de Organiza\u00e7\u00e3o do MP (T\u00e9cnico) - EXTRAOFICIAL\",\"isPartOf\":{\"@id\":\"https:\/\/www.estrategiaconcursos.com.br\/blog\/#website\"},\"primaryImageOfPage\":{\"@id\":\"https:\/\/www.estrategiaconcursos.com.br\/blog\/gabarito-mprj-prova-de-organizacao-do-mp-tecnico-extraoficial\/#primaryimage\"},\"image\":{\"@id\":\"https:\/\/www.estrategiaconcursos.com.br\/blog\/gabarito-mprj-prova-de-organizacao-do-mp-tecnico-extraoficial\/#primaryimage\"},\"thumbnailUrl\":\"https:\/\/dhg1h5j42swfq.cloudfront.net\/2016\/03\/21115355\/periscope.jpg\",\"datePublished\":\"2016-05-02T16:45:42+00:00\",\"dateModified\":\"2016-05-02T16:57:59+00:00\",\"description\":\"GABARITO EXTRAOFICIAL CONCURSO MPRJ - Coment\u00e1rios do Prof. Renan Araujo (quest\u00f5es de organiza\u00e7\u00e3o do MPRJ)\",\"breadcrumb\":{\"@id\":\"https:\/\/www.estrategiaconcursos.com.br\/blog\/gabarito-mprj-prova-de-organizacao-do-mp-tecnico-extraoficial\/#breadcrumb\"},\"inLanguage\":\"pt-BR\",\"potentialAction\":[{\"@type\":\"ReadAction\",\"target\":[\"https:\/\/www.estrategiaconcursos.com.br\/blog\/gabarito-mprj-prova-de-organizacao-do-mp-tecnico-extraoficial\/\"]}]},{\"@type\":\"ImageObject\",\"inLanguage\":\"pt-BR\",\"@id\":\"https:\/\/www.estrategiaconcursos.com.br\/blog\/gabarito-mprj-prova-de-organizacao-do-mp-tecnico-extraoficial\/#primaryimage\",\"url\":\"https:\/\/dhg1h5j42swfq.cloudfront.net\/2016\/03\/21115355\/periscope.jpg\",\"contentUrl\":\"https:\/\/dhg1h5j42swfq.cloudfront.net\/2016\/03\/21115355\/periscope.jpg\"},{\"@type\":\"BreadcrumbList\",\"@id\":\"https:\/\/www.estrategiaconcursos.com.br\/blog\/gabarito-mprj-prova-de-organizacao-do-mp-tecnico-extraoficial\/#breadcrumb\",\"itemListElement\":[{\"@type\":\"ListItem\",\"position\":1,\"name\":\"In\u00edcio\",\"item\":\"https:\/\/www.estrategiaconcursos.com.br\/blog\/\"},{\"@type\":\"ListItem\",\"position\":2,\"name\":\"GABARITO MPRJ &#8211; Prova de Organiza\u00e7\u00e3o do MP (T\u00e9cnico) &#8211; EXTRAOFICIAL\"}]},{\"@type\":\"WebSite\",\"@id\":\"https:\/\/www.estrategiaconcursos.com.br\/blog\/#website\",\"url\":\"https:\/\/www.estrategiaconcursos.com.br\/blog\/\",\"name\":\"Estrat\u00e9gia Concursos\",\"description\":\"O blog da Estrat\u00e9gia Concursos traz not\u00edcias sobre concursos e artigos de professores oferecendo cursos para concursos (pdf + videaulas) no site.\",\"publisher\":{\"@id\":\"https:\/\/www.estrategiaconcursos.com.br\/blog\/#organization\"},\"potentialAction\":[{\"@type\":\"SearchAction\",\"target\":{\"@type\":\"EntryPoint\",\"urlTemplate\":\"https:\/\/www.estrategiaconcursos.com.br\/blog\/?s={search_term_string}\"},\"query-input\":{\"@type\":\"PropertyValueSpecification\",\"valueRequired\":true,\"valueName\":\"search_term_string\"}}],\"inLanguage\":\"pt-BR\"},{\"@type\":\"Organization\",\"@id\":\"https:\/\/www.estrategiaconcursos.com.br\/blog\/#organization\",\"name\":\"Estrat\u00e9gia Concursos\",\"url\":\"https:\/\/www.estrategiaconcursos.com.br\/blog\/\",\"logo\":{\"@type\":\"ImageObject\",\"inLanguage\":\"pt-BR\",\"@id\":\"https:\/\/www.estrategiaconcursos.com.br\/blog\/#\/schema\/logo\/image\/\",\"url\":\"https:\/\/dhg1h5j42swfq.cloudfront.net\/2025\/06\/03203428\/logo_concursos-1.jpg\",\"contentUrl\":\"https:\/\/dhg1h5j42swfq.cloudfront.net\/2025\/06\/03203428\/logo_concursos-1.jpg\",\"width\":230,\"height\":60,\"caption\":\"Estrat\u00e9gia Concursos\"},\"image\":{\"@id\":\"https:\/\/www.estrategiaconcursos.com.br\/blog\/#\/schema\/logo\/image\/\"},\"sameAs\":[\"https:\/\/x.com\/EstratConcursos\"]},{\"@type\":\"Person\",\"@id\":\"https:\/\/www.estrategiaconcursos.com.br\/blog\/#\/schema\/person\/1a7a7af72da82939a6308b2ee292162b\",\"name\":\"Renan Araujo\",\"image\":{\"@type\":\"ImageObject\",\"inLanguage\":\"pt-BR\",\"@id\":\"https:\/\/secure.gravatar.com\/avatar\/ca6cb9ba5a547fbe93c05c63d6103dff6c2566555a601f1efb8590a69fb9ed76?s=96&d=mm&r=g\",\"url\":\"https:\/\/secure.gravatar.com\/avatar\/ca6cb9ba5a547fbe93c05c63d6103dff6c2566555a601f1efb8590a69fb9ed76?s=96&d=mm&r=g\",\"contentUrl\":\"https:\/\/secure.gravatar.com\/avatar\/ca6cb9ba5a547fbe93c05c63d6103dff6c2566555a601f1efb8590a69fb9ed76?s=96&d=mm&r=g\",\"caption\":\"Renan Araujo\"},\"url\":\"https:\/\/www.estrategiaconcursos.com.br\/blog\/author\/renanaraujoestrategiaconcursos-com-br\/\"}]}<\/script>\n<!-- \/ Yoast SEO Premium plugin. -->","yoast_head_json":{"title":"GABARITO MPRJ - Prova de Organiza\u00e7\u00e3o do MP (T\u00e9cnico) - EXTRAOFICIAL","description":"GABARITO EXTRAOFICIAL CONCURSO MPRJ - Coment\u00e1rios do Prof. Renan Araujo (quest\u00f5es de organiza\u00e7\u00e3o do MPRJ)","robots":{"index":"index","follow":"follow","max-snippet":"max-snippet:-1","max-image-preview":"max-image-preview:large","max-video-preview":"max-video-preview:-1"},"canonical":"https:\/\/www.estrategiaconcursos.com.br\/blog\/gabarito-mprj-prova-de-organizacao-do-mp-tecnico-extraoficial\/","og_locale":"pt_BR","og_type":"article","og_title":"GABARITO MPRJ - Prova de Organiza\u00e7\u00e3o do MP (T\u00e9cnico) - EXTRAOFICIAL","og_description":"GABARITO EXTRAOFICIAL CONCURSO MPRJ - Coment\u00e1rios do Prof. Renan Araujo (quest\u00f5es de organiza\u00e7\u00e3o do MPRJ)","og_url":"https:\/\/www.estrategiaconcursos.com.br\/blog\/gabarito-mprj-prova-de-organizacao-do-mp-tecnico-extraoficial\/","og_site_name":"Estrat\u00e9gia Concursos","article_published_time":"2016-05-02T16:45:42+00:00","article_modified_time":"2016-05-02T16:57:59+00:00","og_image":[{"url":"https:\/\/dhg1h5j42swfq.cloudfront.net\/2016\/03\/21115355\/periscope.jpg","type":"","width":"","height":""}],"author":"Renan Araujo","twitter_card":"summary_large_image","twitter_creator":"@EstratConcursos","twitter_site":"@EstratConcursos","twitter_misc":{"Escrito por":"Renan Araujo","Est. tempo de leitura":"1 minuto"},"schema":{"@context":"https:\/\/schema.org","@graph":[{"@type":"NewsArticle","@id":"https:\/\/www.estrategiaconcursos.com.br\/blog\/gabarito-mprj-prova-de-organizacao-do-mp-tecnico-extraoficial\/#article","isPartOf":{"@id":"https:\/\/www.estrategiaconcursos.com.br\/blog\/gabarito-mprj-prova-de-organizacao-do-mp-tecnico-extraoficial\/"},"author":{"name":"Renan Araujo","@id":"https:\/\/www.estrategiaconcursos.com.br\/blog\/#\/schema\/person\/1a7a7af72da82939a6308b2ee292162b"},"headline":"GABARITO MPRJ &#8211; Prova de Organiza\u00e7\u00e3o do MP (T\u00e9cnico) &#8211; EXTRAOFICIAL","datePublished":"2016-05-02T16:45:42+00:00","dateModified":"2016-05-02T16:57:59+00:00","mainEntityOfPage":{"@id":"https:\/\/www.estrategiaconcursos.com.br\/blog\/gabarito-mprj-prova-de-organizacao-do-mp-tecnico-extraoficial\/"},"wordCount":196,"commentCount":35,"publisher":{"@id":"https:\/\/www.estrategiaconcursos.com.br\/blog\/#organization"},"image":{"@id":"https:\/\/www.estrategiaconcursos.com.br\/blog\/gabarito-mprj-prova-de-organizacao-do-mp-tecnico-extraoficial\/#primaryimage"},"thumbnailUrl":"https:\/\/dhg1h5j42swfq.cloudfront.net\/2016\/03\/21115355\/periscope.jpg","articleSection":["Concursos P\u00fablicos"],"inLanguage":"pt-BR","potentialAction":[{"@type":"CommentAction","name":"Comment","target":["https:\/\/www.estrategiaconcursos.com.br\/blog\/gabarito-mprj-prova-de-organizacao-do-mp-tecnico-extraoficial\/#respond"]}],"copyrightYear":"2016","copyrightHolder":{"@id":"https:\/\/www.estrategiaconcursos.com.br\/blog\/#organization"}},{"@type":"WebPage","@id":"https:\/\/www.estrategiaconcursos.com.br\/blog\/gabarito-mprj-prova-de-organizacao-do-mp-tecnico-extraoficial\/","url":"https:\/\/www.estrategiaconcursos.com.br\/blog\/gabarito-mprj-prova-de-organizacao-do-mp-tecnico-extraoficial\/","name":"GABARITO MPRJ - Prova de Organiza\u00e7\u00e3o do MP (T\u00e9cnico) - EXTRAOFICIAL","isPartOf":{"@id":"https:\/\/www.estrategiaconcursos.com.br\/blog\/#website"},"primaryImageOfPage":{"@id":"https:\/\/www.estrategiaconcursos.com.br\/blog\/gabarito-mprj-prova-de-organizacao-do-mp-tecnico-extraoficial\/#primaryimage"},"image":{"@id":"https:\/\/www.estrategiaconcursos.com.br\/blog\/gabarito-mprj-prova-de-organizacao-do-mp-tecnico-extraoficial\/#primaryimage"},"thumbnailUrl":"https:\/\/dhg1h5j42swfq.cloudfront.net\/2016\/03\/21115355\/periscope.jpg","datePublished":"2016-05-02T16:45:42+00:00","dateModified":"2016-05-02T16:57:59+00:00","description":"GABARITO EXTRAOFICIAL CONCURSO MPRJ - Coment\u00e1rios do Prof. Renan Araujo (quest\u00f5es de organiza\u00e7\u00e3o do MPRJ)","breadcrumb":{"@id":"https:\/\/www.estrategiaconcursos.com.br\/blog\/gabarito-mprj-prova-de-organizacao-do-mp-tecnico-extraoficial\/#breadcrumb"},"inLanguage":"pt-BR","potentialAction":[{"@type":"ReadAction","target":["https:\/\/www.estrategiaconcursos.com.br\/blog\/gabarito-mprj-prova-de-organizacao-do-mp-tecnico-extraoficial\/"]}]},{"@type":"ImageObject","inLanguage":"pt-BR","@id":"https:\/\/www.estrategiaconcursos.com.br\/blog\/gabarito-mprj-prova-de-organizacao-do-mp-tecnico-extraoficial\/#primaryimage","url":"https:\/\/dhg1h5j42swfq.cloudfront.net\/2016\/03\/21115355\/periscope.jpg","contentUrl":"https:\/\/dhg1h5j42swfq.cloudfront.net\/2016\/03\/21115355\/periscope.jpg"},{"@type":"BreadcrumbList","@id":"https:\/\/www.estrategiaconcursos.com.br\/blog\/gabarito-mprj-prova-de-organizacao-do-mp-tecnico-extraoficial\/#breadcrumb","itemListElement":[{"@type":"ListItem","position":1,"name":"In\u00edcio","item":"https:\/\/www.estrategiaconcursos.com.br\/blog\/"},{"@type":"ListItem","position":2,"name":"GABARITO MPRJ &#8211; Prova de Organiza\u00e7\u00e3o do MP (T\u00e9cnico) &#8211; EXTRAOFICIAL"}]},{"@type":"WebSite","@id":"https:\/\/www.estrategiaconcursos.com.br\/blog\/#website","url":"https:\/\/www.estrategiaconcursos.com.br\/blog\/","name":"Estrat\u00e9gia Concursos","description":"O blog da Estrat\u00e9gia Concursos traz not\u00edcias sobre concursos e artigos de professores oferecendo cursos para concursos (pdf + videaulas) no site.","publisher":{"@id":"https:\/\/www.estrategiaconcursos.com.br\/blog\/#organization"},"potentialAction":[{"@type":"SearchAction","target":{"@type":"EntryPoint","urlTemplate":"https:\/\/www.estrategiaconcursos.com.br\/blog\/?s={search_term_string}"},"query-input":{"@type":"PropertyValueSpecification","valueRequired":true,"valueName":"search_term_string"}}],"inLanguage":"pt-BR"},{"@type":"Organization","@id":"https:\/\/www.estrategiaconcursos.com.br\/blog\/#organization","name":"Estrat\u00e9gia Concursos","url":"https:\/\/www.estrategiaconcursos.com.br\/blog\/","logo":{"@type":"ImageObject","inLanguage":"pt-BR","@id":"https:\/\/www.estrategiaconcursos.com.br\/blog\/#\/schema\/logo\/image\/","url":"https:\/\/dhg1h5j42swfq.cloudfront.net\/2025\/06\/03203428\/logo_concursos-1.jpg","contentUrl":"https:\/\/dhg1h5j42swfq.cloudfront.net\/2025\/06\/03203428\/logo_concursos-1.jpg","width":230,"height":60,"caption":"Estrat\u00e9gia Concursos"},"image":{"@id":"https:\/\/www.estrategiaconcursos.com.br\/blog\/#\/schema\/logo\/image\/"},"sameAs":["https:\/\/x.com\/EstratConcursos"]},{"@type":"Person","@id":"https:\/\/www.estrategiaconcursos.com.br\/blog\/#\/schema\/person\/1a7a7af72da82939a6308b2ee292162b","name":"Renan Araujo","image":{"@type":"ImageObject","inLanguage":"pt-BR","@id":"https:\/\/secure.gravatar.com\/avatar\/ca6cb9ba5a547fbe93c05c63d6103dff6c2566555a601f1efb8590a69fb9ed76?s=96&d=mm&r=g","url":"https:\/\/secure.gravatar.com\/avatar\/ca6cb9ba5a547fbe93c05c63d6103dff6c2566555a601f1efb8590a69fb9ed76?s=96&d=mm&r=g","contentUrl":"https:\/\/secure.gravatar.com\/avatar\/ca6cb9ba5a547fbe93c05c63d6103dff6c2566555a601f1efb8590a69fb9ed76?s=96&d=mm&r=g","caption":"Renan Araujo"},"url":"https:\/\/www.estrategiaconcursos.com.br\/blog\/author\/renanaraujoestrategiaconcursos-com-br\/"}]}},"_links":{"self":[{"href":"https:\/\/www.estrategiaconcursos.com.br\/blog\/wp-json\/wp\/v2\/posts\/38205","targetHints":{"allow":["GET"]}}],"collection":[{"href":"https:\/\/www.estrategiaconcursos.com.br\/blog\/wp-json\/wp\/v2\/posts"}],"about":[{"href":"https:\/\/www.estrategiaconcursos.com.br\/blog\/wp-json\/wp\/v2\/types\/post"}],"author":[{"embeddable":true,"href":"https:\/\/www.estrategiaconcursos.com.br\/blog\/wp-json\/wp\/v2\/users\/39"}],"replies":[{"embeddable":true,"href":"https:\/\/www.estrategiaconcursos.com.br\/blog\/wp-json\/wp\/v2\/comments?post=38205"}],"version-history":[{"count":3,"href":"https:\/\/www.estrategiaconcursos.com.br\/blog\/wp-json\/wp\/v2\/posts\/38205\/revisions"}],"predecessor-version":[{"id":38209,"href":"https:\/\/www.estrategiaconcursos.com.br\/blog\/wp-json\/wp\/v2\/posts\/38205\/revisions\/38209"}],"wp:attachment":[{"href":"https:\/\/www.estrategiaconcursos.com.br\/blog\/wp-json\/wp\/v2\/media?parent=38205"}],"wp:term":[{"taxonomy":"category","embeddable":true,"href":"https:\/\/www.estrategiaconcursos.com.br\/blog\/wp-json\/wp\/v2\/categories?post=38205"},{"taxonomy":"post_tag","embeddable":true,"href":"https:\/\/www.estrategiaconcursos.com.br\/blog\/wp-json\/wp\/v2\/tags?post=38205"},{"taxonomy":"tax_estado","embeddable":true,"href":"https:\/\/www.estrategiaconcursos.com.br\/blog\/wp-json\/wp\/v2\/tax_estado?post=38205"}],"curies":[{"name":"wp","href":"https:\/\/api.w.org\/{rel}","templated":true}]}}