{"id":381869,"date":"2022-02-14T07:40:00","date_gmt":"2022-02-14T10:40:00","guid":{"rendered":"https:\/\/www.estrategiaconcursos.com.br\/blog\/?p=381869"},"modified":"2022-02-15T01:38:58","modified_gmt":"2022-02-15T04:38:58","slug":"concurso-crn-9-mg","status":"publish","type":"post","link":"https:\/\/www.estrategiaconcursos.com.br\/blog\/concurso-crn-9-mg\/","title":{"rendered":"Concurso CRN9: prazo de validade prorrogado!"},"content":{"rendered":"\n<p>O <strong><em>Conselho Regional de Nutricionistas da 9\u00b0 Regi\u00e3o<\/em><\/strong> prorrogou por mais dois anos o prazo de validade do seu \u00faltimo certame. De acordo com o \u00f3rg\u00e3o, a sele\u00e7\u00e3o ficar\u00e1 v\u00e1lida at\u00e9 19\/02\/2024. <\/p>\n\n\n\n<ul id=\"block-ee678516-e9d1-48bd-b327-7b9acd55f0fd\" class=\"has-very-light-gray-to-cyan-bluish-gray-gradient-background has-background wp-block-list\"><li><strong>Concurso CRN9<\/strong><\/li><li><strong>Status:<\/strong>\u00a0prazo de validade prorrogado<\/li><li><strong>Banca:\u00a0<\/strong>Quadrix<\/li><li><strong>Vagas:\u00a0<\/strong>02 + 558 CR<\/li><li><strong>Sal\u00e1rio inicial:<\/strong>\u00a0R$ 1.383,00 a R$ 4.732,00 <\/li><li><strong>Edital:\u00a0<\/strong><a href=\"https:\/\/dhg1h5j42swfq.cloudfront.net\/2019\/08\/12092454\/1_CRN-9_concurso_p%C3%BAblico_2019_edital_12.pdf\" target=\"_blank\" rel=\"noreferrer noopener nofollow\">Edital CRN 9<\/a><\/li><\/ul>\n\n\n\n<p>O certame ofertou aos candidatos 560 vagas, sendo 2 imediatas e 558 para cadastro reserva para diversos cargos de n\u00edvel fundamental, m\u00e9dio, m\u00e9dio\/t\u00e9cnico e superior.<\/p>\n\n\n\n<p>Vale lembrar que o CRN9 j\u00e1 divulgou o resultado final e a homologa\u00e7\u00e3o do concurso CRN9. Confira abaixo o resultado final: <\/p>\n\n\n\n<p class=\"has-text-align-center has-very-light-gray-background-color has-background has-medium-font-size\"><a href=\"http:\/\/www.quadrix.org.br\/web\/visualizar.html?file=http:\/\/www.quadrix.org.br\/Archives\/General\/20947\/21512\/22846\/CE4BB1FA758A\/1_CRN-9_concurso_publico_2019_resultado_final.pdf\" target=\"_blank\" rel=\"noreferrer noopener\"><strong>Resultado final do concurso CRN9<\/strong><\/a><\/p>\n\n\n\n<div class=\"col-sm\">\n      <div class=\"banner-estrategia\" id=\"box-assinatura\">\n        <h3 class=\"titulo-assinatura\">Cursos para CRN9<\/h3>\n        <p class=\"subtitulo-assinatura\">Conhe\u00e7a os cursos<\/p>\n        <div class=\"box-botao\">\n          <a class=\"btn-assinatura\" target=\"_blank\" href=\"https:\/\/www.estrategiaconcursos.com.br\/pesquisa\/?q=CAU+SC\" role=\"button\" rel=\"noopener noreferrer\">Conhe\u00e7a mais<\/a>\n        <\/div>\n      <\/div>\n      <p class=\"texto-auxiliar\">Prepare-se com o melhor material e com quem mais aprova em Concursos P\u00fablicos em todo o pa\u00eds.<\/p>\n    <\/div>\n\n\n\n<p>Neste artigo voc\u00ea vai ver um panorama completo sobre o concurso CRN9. Entre as informa\u00e7\u00f5es que disponibilizamos nesta p\u00e1gina voc\u00ea vai ver cargos, requisitos, remunera\u00e7\u00e3o, curiosidades e muito mais. <\/p>\n\n\n\n<ul class=\"wp-block-list\" id=\"indice\"><li><strong><a href=\"#datas\">Principais datas do concurso<\/a><\/strong><\/li><li><strong><a href=\"#vagas\">Distribui\u00e7\u00e3o das vagas<\/a><\/strong><\/li><li><strong><a href=\"#beneficios\">Benef\u00edcios<\/a><\/strong><\/li><li><strong><a href=\"#etapas\">Etapas do concurso<\/a><\/strong><\/li><li><strong><a href=\"#requisitos\">Requisitos dos cargos<\/a><\/strong><\/li><li><strong><a href=\"#assinatura-e-cursos\">Atribui\u00e7\u00f5es dos cargos<\/a><\/strong><\/li><\/ul>\n\n\n\n<h2 class=\"wp-block-heading\" id=\"datas\">Principais datas do concurso CRN9<\/h2>\n\n\n\n<ul class=\"wp-block-list\"><li><strong><em>Inscri\u00e7\u00f5es:<\/em><\/strong> <s>12\/08 a 06\/10 <\/s><\/li><li><strong><em>Taxa de inscri\u00e7\u00e3o:<\/em><\/strong> <ul><li>R$ 40,00 &#8211; n\u00edvel fundamental; <\/li><li>R$ 50,00 &#8211; n\u00edvel m\u00e9dio e n\u00edvel m\u00e9dio\/t\u00e9cnico<\/li><li>R$ 60,00 &#8211; n\u00edvel superior. <\/li><\/ul><\/li><li><strong><em>Data prevista da prova:<\/em><\/strong> <s>27\/10 (tarde)<\/s><\/li><\/ul>\n\n\n\n<h2 class=\"wp-block-heading\" id=\"vagas\">Distribui\u00e7\u00e3o das vagas do concurso CRN9<\/h2>\n\n\n\n<h4 class=\"wp-block-heading\" id=\"nivel-fundamental\"><em>N\u00edvel fundamental <\/em><\/h4>\n\n\n\n<ul class=\"wp-block-list\"><li>25 CR: Auxiliar Operacional (R$ 1.383,00 + benef\u00edcios)<\/li><\/ul>\n\n\n\n<h4 class=\"wp-block-heading\" id=\"nivel-medio\"><em>N\u00edvel M\u00e9dio <\/em><\/h4>\n\n\n\n<ul class=\"wp-block-list\"><li>1 vaga + 154 CR: Assistente Administrativo (R$ 2.369,00 + benef\u00edcios)<\/li><li>50 CR: Auxiliar Administrativo (R$ 1.662,00 + benef\u00edcios)<\/li><\/ul>\n\n\n\n<h4 class=\"wp-block-heading\" id=\"nivel-medio-tecnico\"><em>N\u00edvel M\u00e9dio\/T\u00e9cnico <\/em><\/h4>\n\n\n\n<ul class=\"wp-block-list\"><li>25 CR: Auxiliar de Contabilidade (R$ 1.662,00 + benef\u00edcios)<\/li><li>50 CR: Assistente T\u00e9cnico em Nutri\u00e7\u00e3o e Diet\u00e9tica (R$ 2.369,00 + benef\u00edcios)<\/li><li>25 CR: Assistente de Inform\u00e1tica (R$ 2.931,00 + benef\u00edcios)<\/li><\/ul>\n\n\n\n<h4 class=\"wp-block-heading\" id=\"nivel-superior\"><em>N\u00edvel Superior <\/em><\/h4>\n\n\n\n<ul class=\"wp-block-list\"><li>25 CR: Nutricionista Assistente T\u00e9cnico (R$ 4.022,20 + benef\u00edcios)<\/li><li>1 vaga + 204 CR: Nutricionista Fiscal (R$ 4.732,00 + benef\u00edcios)<\/li><\/ul>\n\n\n\n<h2 class=\"wp-block-heading\" id=\"beneficios\">Benef\u00edcios do concurso CRN9<\/h2>\n\n\n\n<p>O CRN9 oferecer\u00e1 aos candidatos, desde que preenchidos os requisitos legais, os seguintes benef\u00edcios: <\/p>\n\n\n\n<ul class=\"wp-block-list\"><li><strong>a) Vale Refei\u00e7\u00e3o<\/strong>, no valor de R$ 675,62 por m\u00eas; <\/li><li><strong>b) Vale Alimenta\u00e7\u00e3o<\/strong>, no valor de R$ 149,33 por m\u00eas; <\/li><li><strong>c) Reembolso de Plano de Sa\u00fade<\/strong> (M\u00e9dico, Hospitalar e Odontol\u00f3gico) para os funcion\u00e1rios do CRN9 n\u00e3o sendo estendido aos dependentes e limitados aos seguintes valores conforme faixas et\u00e1rias: <ul><li>at\u00e9 43 anos de idade: valor m\u00e1ximo de reembolso mensal \u00e9 de R$ 463,00; <\/li><li>de 44 a 49 anos de idade: valor m\u00e1ximo de reembolso mensal \u00e9 de R$ 689,00; <\/li><li>a partir de 50 anos de idade: valor m\u00e1ximo de reembolso mensal \u00e9 de R$ 791,00. <\/li><\/ul><\/li><li><strong>d) Vale transporte<\/strong>, conforme legisla\u00e7\u00e3o.<\/li><\/ul>\n\n\n\n<h2 class=\"wp-block-heading\" id=\"etapas\">Etapas do concurso CRN9<\/h2>\n\n\n\n<ul class=\"wp-block-list\"><li><strong>Prova Objetiva<\/strong> para todos os cargos (Eliminat\u00f3rio e classificat\u00f3rio); <\/li><li><strong>Prova Discursiva<\/strong> exceto para os cargos de n\u00edvel fundamental (Eliminat\u00f3rio e classificat\u00f3rio);<\/li><li><strong>Avalia\u00e7\u00e3o de T\u00edtulos<\/strong> exceto para os cargos de n\u00edvel fundamental e m\u00e9dio (Classificat\u00f3rio).<\/li><\/ul>\n\n\n\n<h3 class=\"wp-block-heading\" id=\"prova-objetiva\">Prova Objetiva<\/h3>\n\n\n\n<p>A prova objetiva, ser\u00e1 composta de 120 quest\u00f5es do tipo Certo ou Errado, valendo 1 ponto cada.<\/p>\n\n\n\n<h4 class=\"wp-block-heading\" id=\"nivel-fundamental\"><em>N\u00edvel fundamental<\/em><\/h4>\n\n\n\n<ul class=\"wp-block-list\"><li>Conhecimentos Gerais &#8211; 100 quest\u00f5es<ul><li>L\u00edngua Portuguesa<\/li><li>Matem\u00e1tica<\/li><li>Atualidades<\/li><\/ul><\/li><\/ul>\n\n\n\n<h4 class=\"wp-block-heading\" id=\"nivel-medio-medio-tecnico-e-superior\"><em>N\u00edvel m\u00e9dio, m\u00e9dio\/t\u00e9cnico<\/em> e superior<\/h4>\n\n\n\n<ul class=\"wp-block-list\"><li>Conhecimentos B\u00e1sicos &#8211; 40 quest\u00f5es  <ul><li>L\u00edngua Portuguesa<\/li><li>No\u00e7\u00f5es de Inform\u00e1tica (exceto para Assistente de Inform\u00e1tica)<\/li><li>No\u00e7\u00f5es de L\u00edngua Inglesa (somente para Assistente de Inform\u00e1tica) <\/li><li>Racioc\u00ednio L\u00f3gico e Matem\u00e1tica<\/li><\/ul><\/li><li>Conhecimentos Complementares &#8211; 30 quest\u00f5es<ul><li>Legisla\u00e7\u00e3o \u00c9tica na Administra\u00e7\u00e3o P\u00fablica<\/li><li>No\u00e7\u00f5es de Direito Constitucional<\/li><\/ul><\/li><li>Conhecimentos Espec\u00edficos &#8211; 50 quest\u00f5es<\/li><\/ul>\n\n\n\n<p>Para os candidatos inscritos no cargo de <strong>n\u00edvel fundamental<\/strong>, ser\u00e1 aprovado na prova objetiva o candidato que obtiver nota <strong>igual ou superior a 37,00 pontos <\/strong>na \u00e1rea de Conhecimentos Gerais. <\/p>\n\n\n\n<p>Para os candidatos inscritos nos cargos de <strong>n\u00edvel m\u00e9dio, n\u00edvel m\u00e9dio\/t\u00e9cnico e n\u00edvel superior<\/strong>, ser\u00e1 aprovado na prova objetiva o candidato que, cumulativamente: <\/p>\n\n\n\n<ul class=\"wp-block-list\"><li>a) obtiver nota igual ou superior a 16,00 pontos na \u00e1rea de Conhecimentos B\u00e1sicos; <\/li><li>b) obtiver nota igual ou superior a 10,00 pontos na \u00e1rea de Conhecimentos Complementares; <\/li><li>c) obtiver nota igual ou superior a 17,00 pontos na \u00e1rea de Conhecimentos Espec\u00edficos.<\/li><\/ul>\n\n\n\n<h3 class=\"wp-block-heading\" id=\"prova-discursiva\">Prova Discursiva<\/h3>\n\n\n\n<p>A prova discursiva ser\u00e1 aplicada para os cargos de n\u00edvel m\u00e9dio, n\u00edvel m\u00e9dio\/t\u00e9cnico e n\u00edvel superior no mesmo dia e dentro dos prazos de dura\u00e7\u00e3o previstos para a realiza\u00e7\u00e3o da prova objetiva e valer\u00e1 10,00 pontos.<\/p>\n\n\n\n<h3 class=\"wp-block-heading\" id=\"avaliacao-de-titulos\">Avalia\u00e7\u00e3o de T\u00edtulos<\/h3>\n\n\n\n<figure class=\"wp-block-table is-style-stripes\"><table class=\"has-background has-fixed-layout\" style=\"background-color:#e7f5fe\"><tbody><tr><td><strong>Item de Avalia\u00e7\u00e3o<\/strong><\/td><td><strong>Descri\u00e7\u00e3o<\/strong><\/td><td><strong>Pontua\u00e7\u00e3o por item<\/strong><\/td><td><strong>Pontua\u00e7\u00e3o m\u00e1xima<\/strong><\/td><\/tr><tr><td>Doutorado <\/td><td>Diploma de conclus\u00e3o do curso de p\u00f3s-gradua\u00e7\u00e3o (n\u00edvel de Doutorado). <\/td><td>2,50<\/td><td>2,50<\/td><\/tr><tr><td>Mestrado <\/td><td>Diploma de conclus\u00e3o do curso de p\u00f3s-gradua\u00e7\u00e3o em n\u00edvel de Mestrado. <\/td><td>1,50<\/td><td>1,50<\/td><\/tr><tr><td>P\u00f3s-gradua\u00e7\u00e3o especializa\u00e7\u00e3o lato sensu <\/td><td>Certificado\/declara\u00e7\u00e3o de conclus\u00e3o de curso de p\u00f3s-gradua\u00e7\u00e3o em n\u00edvel de especializa\u00e7\u00e3o <em>lato sensu<\/em>, acompanhado de hist\u00f3rico escolar, com carga hor\u00e1ria m\u00ednima de 360 horas\/aula. <\/td><td>0,50<\/td><td>1,00<\/td><\/tr><tr><td><\/td><td><strong>TOTAL M\u00c1XIMO DE PONTOS <\/strong><\/td><td><\/td><td>5,00<\/td><\/tr><\/tbody><\/table><\/figure>\n\n\n\n<h2 class=\"wp-block-heading\" id=\"requisitos\">Requisitos dos cargos do concurso CRN9 <\/h2>\n\n\n\n<p><strong>Assistente Administrativo<br \/><\/strong>Certificado de conclus\u00e3o de curso de n\u00edvel m\u00e9dio. <\/p>\n\n\n\n<p><strong>Assistente de Inform\u00e1tica<br \/><\/strong>Certificado de conclus\u00e3o de conclus\u00e3o de curso de n\u00edvel m\u00e9dio profissionalizante em Tecnologia da Informa\u00e7\u00e3o ou de curso de n\u00edvel m\u00e9dio acrescido de curso na \u00e1rea de Tecnologia da Informa\u00e7\u00e3o ou curso de denomina\u00e7\u00e3o e conte\u00fado equivalentes. Ser\u00e3o aceitos tamb\u00e9m cursos de gradua\u00e7\u00e3o conclu\u00eddos na \u00e1rea de Tecnologia da Informa\u00e7\u00e3o.  <\/p>\n\n\n\n<p><strong>Assistente T\u00e9cnico em Nutri\u00e7\u00e3o e Diet\u00e9tica<\/strong><br \/>Certificado de conclus\u00e3o de curso de n\u00edvel m\u00e9dio. Certificado de conclus\u00e3o de Curso T\u00e9cnico em Nutri\u00e7\u00e3o e Diet\u00e9tica. Registro ativo e adimplente no Conselho Regional de Nutricionistas (CRN). <\/p>\n\n\n\n<p><strong>Auxiliar Administrativo<br \/><\/strong>Certificado de conclus\u00e3o de curso de n\u00edvel m\u00e9dio.<\/p>\n\n\n\n<p><strong>Auxiliar de Contabilidade<br \/><\/strong>Certificado de conclus\u00e3o de curso de n\u00edvel m\u00e9dio profissionalizante em Contabilidade ou de curso de n\u00edvel m\u00e9dio acrescido de curso T\u00e9cnico em Contabilidade. Ser\u00e1 aceito tamb\u00e9m curso de gradua\u00e7\u00e3o conclu\u00eddo em Ci\u00eancias Cont\u00e1beis. Registro ativo e adimplente no Conselho Regional de Contabilidade (CRC). <\/p>\n\n\n\n<p><strong>Auxiliar Operacional<br \/><\/strong>Certificado de conclus\u00e3o de curso de n\u00edvel fundamental. <\/p>\n\n\n\n<p><strong>Nutricionista Assistente T\u00e9cnico<br \/><\/strong>Diploma de conclus\u00e3o de curso de gradua\u00e7\u00e3o de n\u00edvel superior em Nutri\u00e7\u00e3o, fornecido por institui\u00e7\u00e3o de ensino superior. Registro ativo e adimplente no Conselho Regional de Nutricionistas (CRN). Disponibilidade para trabalhos externos e viagens. <\/p>\n\n\n\n<p><strong>Nutricionista Fiscal<br \/><\/strong>Diploma de conclus\u00e3o de curso de gradua\u00e7\u00e3o de n\u00edvel superior em Nutri\u00e7\u00e3o. Registro ativo e adimplente no Conselho Regional de Nutricionistas (CRN). Carteira Nacional de Habilita\u00e7\u00e3o tipo \u201cB\u201d. Disponibilidade para trabalhos externos e viagens. <\/p>\n\n\n\n<h2 class=\"wp-block-heading\" id=\"atribuicoes-dos-cargos-do-concurso-crn9\">Atribui\u00e7\u00f5es dos cargos do concurso CRN9 <\/h2>\n\n\n\n<h4 class=\"wp-block-heading\" id=\"assistente-administrativo\"><strong>Assistente Administrativo<\/strong><\/h4>\n\n\n\n<ul class=\"wp-block-list\"><li>Executa atividades administrativas, efetua registro e cadastro de pessoa jur\u00eddica e outros levantamentos necess\u00e1rios do setor de registro, <\/li><li>faz emiss\u00e3o de certid\u00f5es diversas, <\/li><li>efetua registro de pessoa f\u00edsica, <\/li><li>atendimento ao p\u00fablico, <\/li><li>atendimento telef\u00f4nico, <\/li><li>arquivo de processos, <\/li><li>auxilia em levantamentos de dados referente a assuntos administrativos, contas a pagar e receber do CRN9 (financeiro\/tesouraria), <\/li><li>processo de cobran\u00e7a de d\u00e9bitos de pessoa f\u00edsica e pessoa jur\u00eddica, controle de contratos administrativos, <\/li><li>apoio na organiza\u00e7\u00e3o de eventos. <\/li><\/ul>\n\n\n\n<h4 class=\"wp-block-heading\" id=\"assistente-de-informatica\"><strong>Assistente de Inform\u00e1tica<\/strong><\/h4>\n\n\n\n<ul class=\"wp-block-list\"><li>Suporte \u00e0 rede, atualiza\u00e7\u00e3o de programas, controle e manuten\u00e7\u00e3o site institucional, <\/li><li>executa backup de todos os sistemas existentes no CRN9, <\/li><li>emite relat\u00f3rio referente \u00e0s especifica\u00e7\u00f5es t\u00e9cnicas dos equipamentos, faz memorial descritivo dos equipamentos de inform\u00e1tica, <\/li><li>faz pesquisas diversas nos sistemas existentes, <\/li><li>d\u00e1 apoio aos diversos usu\u00e1rios do sistema, <\/li><li>auxilia os setores nos assuntos ligados a inform\u00e1tica, <\/li><li>auxilia para a manuten\u00e7\u00e3o dos equipamentos de inform\u00e1tica, <\/li><li>faz pesquisa sobre novas ferramentas de inform\u00e1tica existentes no mercado, <\/li><li>instala\u00e7\u00e3o de novas programas e equipamentos quando necess\u00e1rio, <\/li><li>cuida da infraestrutura f\u00edsica dos setores, <\/li><li>d\u00e1 treinamentos aos usu\u00e1rios do sistema. <\/li><\/ul>\n\n\n\n<h4 class=\"wp-block-heading\" id=\"assistente-tecnico-em-nutricao-e-dietetica\"><strong>Assistente T\u00e9cnico em Nutri\u00e7\u00e3o e Diet\u00e9tica<\/strong><\/h4>\n\n\n\n<ul class=\"wp-block-list\"><li>Desempenha fun\u00e7\u00f5es de relativa complexidade e responsabilidade para as quais se exigem firmes conhecimentos dos planos administrativos da empresa, das rotinas departamentais, dos regulamentos, al\u00e9m de conhecimentos t\u00e9cnicos de sua forma\u00e7\u00e3o; <\/li><li>elabora relat\u00f3rios e of\u00edcios; <\/li><li>realiza levantamento de informa\u00e7\u00f5es diversas; <\/li><li>auxilia na abertura e an\u00e1lise de processos de pessoas f\u00edsicas e jur\u00eddicas; <\/li><li>classifica, controla e arquiva formul\u00e1rios e documentos; <\/li><li>atendimentos \u00e0s Pessoas F\u00edsicas e Jur\u00eddicas. <\/li><\/ul>\n\n\n\n<h4 class=\"wp-block-heading\" id=\"auxiliar-administrativo\"><strong>Auxiliar Administrativo<\/strong><\/h4>\n\n\n\n<ul class=\"wp-block-list\"><li>Executa atividades de apoio administrativo, efetua registro e cadastro de pessoa f\u00edsica e outros levantamentos necess\u00e1rios do setor de atendimento, atendimento ao p\u00fablico,<\/li><li> atendimento telef\u00f4nico, emiss\u00e3o de carteiras profissionais, <\/li><li>arquivo de processos,<\/li><li> levantamento de or\u00e7amentos (processo de compras), controle de estoque de material de expediente (almoxarifado), aux\u00edlio administrativo ao setor de fiscaliza\u00e7\u00e3o, <\/li><li>acompanha os servi\u00e7os operacionais que s\u00e3o executados por terceiros (fornecedores) nas depend\u00eancias do CRN9, faz emiss\u00e3o de passagens a\u00e9reas, acompanha solicita\u00e7\u00f5es de \u201cmailing\u201d e outras atividades correlatas\/inerentes ao cargo. <\/li><\/ul>\n\n\n\n<h4 class=\"wp-block-heading\" id=\"auxiliar-de-contabilidade\"><strong>Auxiliar de Contabilidade<\/strong><\/h4>\n\n\n\n<ul class=\"wp-block-list\"><li>Contabiliza as receitas e despesas, <\/li><li>conciliar as contas cont\u00e1beis, <\/li><li>emite guias de recolhimento de tributos, monta os processos de pagamentos, <\/li><li>arquiva documentos, <\/li><li>auxilia na elabora\u00e7\u00e3o da folha de pagamento, <\/li><li>controle de pasta funcional, <\/li><li>controle de entrega e de devolu\u00e7\u00e3o de documentos de funcion\u00e1rios, <\/li><li>apurar ponto eletr\u00f4nico, <\/li><li>controlar almoxarifado e patrim\u00f4nio, contas a pagar (controle de fornecedores), <\/li><li>elaborar obriga\u00e7\u00f5es acess\u00f3rias e outras atividades correlatas\/inerentes ao cargo. <\/li><\/ul>\n\n\n\n<h4 class=\"wp-block-heading\" id=\"auxiliar-operacional\"><strong>Auxiliar Operacional<\/strong><\/h4>\n\n\n\n<ul class=\"wp-block-list\"><li>Desenvolve servi\u00e7os de rotina administrativa, envolvendo recep\u00e7\u00e3o e distribui\u00e7\u00e3o de correspond\u00eancias e documentos, arquivo de documentos diversos, confec\u00e7\u00e3o de c\u00f3pias, atendimento telef\u00f4nico, servi\u00e7os externos junto a bancos, correios, cart\u00f3rios e outros \u00f3rg\u00e3os e\/ou empresas, efetua pequenas compras quando previamente aprovado e outras tarefas de apoio administrativo. <\/li><\/ul>\n\n\n\n<h4 class=\"wp-block-heading\" id=\"nutricionista-assistente-tecnico\"><strong>Nutricionista Assistente T\u00e9cnico<\/strong><\/h4>\n\n\n\n<ul class=\"wp-block-list\"><li>Desempenha fun\u00e7\u00f5es de relativa complexidade e responsabilidade para as quais se exigem firmes conhecimentos dos planos administrativos e t\u00e9cnicos da empresa; <\/li><li>elabora parecer t\u00e9cnico, monitoramento dos processos de pessoa f\u00edsica, atendimento aos profissionais, apoio \u00e0s Comiss\u00f5es relacionadas ao CRN9, apoia e participa em eventos externos e internos; <\/li><li>ministra palestras orientadoras; <\/li><li>auxilia na elabora\u00e7\u00e3o de projetos; <\/li><li>representa a empresa quando necess\u00e1rio em reuni\u00f5es e eventos; assiste ao superior imediato. <\/li><\/ul>\n\n\n\n<h4 class=\"wp-block-heading\" id=\"nutricionista-fiscal\"><strong>Nutricionista Fiscal<\/strong><\/h4>\n\n\n\n<ul class=\"wp-block-list\"><li>Desempenha fun\u00e7\u00f5es de relativa complexidade e responsabilidade para as quais se exigem firmes conhecimentos dos planos administrativos e t\u00e9cnicos da empresa; <\/li><li>realiza visitas externas junto a pessoas jur\u00eddicas e f\u00edsicas para fiscaliza\u00e7\u00e3o e orienta\u00e7\u00e3o profissional; <\/li><li>elabora relat\u00f3rios de visitas e das demais atividades desenvolvidas; <\/li><li>analisa processos de pessoas f\u00edsicas e jur\u00eddicas; <\/li><li>atendimento \u00e0s Pessoas F\u00edsicas e Jur\u00eddicas; <\/li><li>ministra palestras orientadoras; <\/li><li>representa a empresa quando necess\u00e1rio em reuni\u00f5es e eventos; <\/li><li>assiste ao superior imediato. <\/li><\/ul>\n\n\n\n<h2 class=\"wp-block-heading\" id=\"assinatura-e-cursos\">Assinatura ilimitada e cursos para o concurso CRN9<\/h2>\n\n\n\n<p class=\"has-text-align-left\">Gostou desta oportunidade e deseja come\u00e7ar se preparar agora mesmo? Ent\u00e3o, confira os nossos cursos e comece a estudar para CRN 9 (MG):<\/p>\n\n\n\n<p class=\"has-text-align-center has-luminous-vivid-amber-background-color has-background\" style=\"font-size:clamp(16.293px, 1.018rem + ((1vw - 3.2px) * 0.854), 25px);px\"><a href=\"https:\/\/www.estrategiaconcursos.com.br\/cursosPorConcurso\/conselho-regional-de-nutricionistas-da-9-regiao-crn9-mg\/\" target=\"_blank\" rel=\"noreferrer noopener\" aria-label=\"Curso CRN 9 (MG) (abre numa nova aba)\">Curso CRN 9 (MG)<\/a><\/p>\n\n\n\n<h2 class=\"has-text-align-center wp-block-heading\" id=\"h-quer-saber-tudo-sobre-concursos-previstos-confira-nossos-artigos\">Quer saber tudo sobre concursos previstos?<br \/>Confira nossos artigos!<\/h2>\n\n\n\n<ul class=\"wp-block-list\"><li><a href=\"https:\/\/www.estrategiaconcursos.com.br\/blog\/concursos-abertos\/\" target=\"_blank\" rel=\"noreferrer noopener\">Concursos abertos<\/a><\/li><li><a href=\"https:\/\/www.estrategiaconcursos.com.br\/blog\/concursos-2022\/\" target=\"_blank\" rel=\"noreferrer noopener\">Concursos 2022<\/a><\/li><\/ul>\n\n\n\n<h2 class=\"has-text-align-center wp-block-heading\" id=\"curso\">Quer estudar para o concurso CRN9?<\/h2>\n\n\n\n<div class=\"col-sm\">\n      <div class=\"banner-estrategia\" id=\"box-assinatura\">\n        <h3 class=\"titulo-assinatura\">Cursos para CRN9<\/h3>\n        <p class=\"subtitulo-assinatura\">Conhe\u00e7a os cursos<\/p>\n        <div class=\"box-botao\">\n          <a class=\"btn-assinatura\" target=\"_blank\" href=\"https:\/\/www.estrategiaconcursos.com.br\/pesquisa\/?q=CAU+SC\" role=\"button\" rel=\"noopener noreferrer\">Conhe\u00e7a mais<\/a>\n        <\/div>\n      <\/div>\n      <p class=\"texto-auxiliar\">Prepare-se com o melhor material e com quem mais aprova em Concursos P\u00fablicos em todo o pa\u00eds.<\/p>\n    <\/div>\n\n\n\n<div class=\"container\" id=\"boxes\">\n  <div class=\"row\">\n\n    <div class=\"col-sm\">\n      <div class=\"estrategia\" id=\"box-assinatura\">\n        <h3 class=\"titulo-assinatura\">Assinatura Concursos<\/h3>\n        <p class=\"subtitulo-assinatura\">Assinatura de 1 ano ou 2 anos<\/p>\n        <div class=\"box-botao\">\n          <a class=\"btn-assinatura\" target=\"_blank\" href=\"https:\/\/www.estrategiaconcursos.com.br\/assinaturas\/\" role=\"button\" rel=\"noopener noreferrer\">ASSINE AGORA<\/a>\n        <\/div>\n      <\/div>\n     \n    <\/div><\/div><\/div>\n\n\n\n<figure class=\"wp-block-image size-large is-resized\"><img loading=\"lazy\" decoding=\"async\" src=\"https:\/\/dhg1h5j42swfq.cloudfront.net\/2021\/04\/05171352\/ficha-tecnica-33-1024x632.png\" alt=\"\" class=\"wp-image-707823\" width=\"200\" height=\"123\" srcset=\"https:\/\/dhg1h5j42swfq.cloudfront.net\/2021\/04\/05171352\/ficha-tecnica-33-1024x632.png 1024w, https:\/\/dhg1h5j42swfq.cloudfront.net\/2021\/04\/05171352\/ficha-tecnica-33-300x185.png 300w, https:\/\/dhg1h5j42swfq.cloudfront.net\/2021\/04\/05171352\/ficha-tecnica-33-768x474.png 768w, https:\/\/dhg1h5j42swfq.cloudfront.net\/2021\/04\/05171352\/ficha-tecnica-33-1536x948.png 1536w, https:\/\/dhg1h5j42swfq.cloudfront.net\/2021\/04\/05171352\/ficha-tecnica-33-610x377.png 610w, https:\/\/dhg1h5j42swfq.cloudfront.net\/2021\/04\/05171352\/ficha-tecnica-33.png 1571w\" sizes=\"auto, (max-width: 200px) 100vw, 200px\" \/><\/figure>\n\n\n\n<p><strong>\u2666Informa\u00e7\u00f5es do pr\u00f3ximo Concurso&nbsp;CRN9 (MG)<\/strong><\/p>\n\n\n\n<p>\u25ba<strong>Data prevista da prova: <\/strong><s>27\/10<\/s><br \/>\u25ba<strong>Cargos:&nbsp;<\/strong>V\u00e1rios<br \/>\u25ba<strong>Vagas:&nbsp;<\/strong>02 + 558 CR<br \/>\u25ba<strong>Banca:&nbsp;<\/strong>Instituto Quadrix<br \/>\u25ba<strong>Escolaridade:<\/strong>&nbsp;N\u00edvel Fundamental, M\u00e9dio, M\u00e9dio\/T\u00e9cnico e Superior<br \/>\u25ba<strong>Edital:&nbsp;<\/strong><a aria-label=\"Edital CRN 9 (abre numa nova aba)\" href=\"https:\/\/dhg1h5j42swfq.cloudfront.net\/2019\/08\/12092454\/1_CRN-9_concurso_p%C3%BAblico_2019_edital_12.pdf\" target=\"_blank\" rel=\"noreferrer noopener\">Edital CRN 9<\/a><\/p>\n\n\n\n<p><br \/><\/p>\n","protected":false},"excerpt":{"rendered":"<p>O Conselho Regional de Nutricionistas da 9\u00b0 Regi\u00e3o prorrogou por mais dois anos o prazo de validade do seu \u00faltimo certame. De acordo com o \u00f3rg\u00e3o, a sele\u00e7\u00e3o ficar\u00e1 v\u00e1lida at\u00e9 19\/02\/2024. Concurso CRN9 Status:\u00a0prazo de validade prorrogado Banca:\u00a0Quadrix Vagas:\u00a002 + 558 CR Sal\u00e1rio inicial:\u00a0R$ 1.383,00 a R$ 4.732,00 Edital:\u00a0Edital CRN 9 O certame ofertou [&hellip;]<\/p>\n","protected":false},"author":1,"featured_media":426019,"comment_status":"open","ping_status":"closed","sticky":false,"template":"","format":"standard","meta":{"post_tipo":"news_page","footnotes":""},"categories":[214992],"tags":[],"tax_estado":[219974],"class_list":["post-381869","post","type-post","status-publish","format-standard","has-post-thumbnail","hentry","category-concursos-administrativos","tax_estado-mg"],"acf":[],"yoast_head":"<!-- This site is optimized with the Yoast SEO Premium plugin v27.2 (Yoast SEO v27.2) - https:\/\/yoast.com\/product\/yoast-seo-premium-wordpress\/ -->\n<title>Concurso CRN9: prazo de validade prorrogado!<\/title>\n<meta name=\"description\" content=\"Concurso CRN9 (MG): prazo de validade do edital \u00e9 prorrogado por mais dois anos. Saiba mais informa\u00e7\u00f5es neste artigo.\" \/>\n<meta name=\"robots\" content=\"index, follow, max-snippet:-1, max-image-preview:large, max-video-preview:-1\" \/>\n<link rel=\"canonical\" href=\"https:\/\/www.estrategiaconcursos.com.br\/blog\/concurso-crn-9-mg\/\" \/>\n<meta property=\"og:locale\" content=\"pt_BR\" \/>\n<meta property=\"og:type\" content=\"article\" \/>\n<meta property=\"og:title\" content=\"Concurso CRN9: prazo de validade prorrogado!\" \/>\n<meta property=\"og:description\" content=\"Concurso CRN9 (MG): prazo de validade do edital \u00e9 prorrogado por mais dois anos. Saiba mais informa\u00e7\u00f5es neste artigo.\" \/>\n<meta property=\"og:url\" content=\"https:\/\/www.estrategiaconcursos.com.br\/blog\/concurso-crn-9-mg\/\" \/>\n<meta property=\"og:site_name\" content=\"Estrat\u00e9gia Concursos\" \/>\n<meta property=\"article:author\" content=\"https:\/\/www.facebook.com\/EstrategiaConcursos\" \/>\n<meta property=\"article:published_time\" content=\"2022-02-14T10:40:00+00:00\" \/>\n<meta property=\"article:modified_time\" content=\"2022-02-15T04:38:58+00:00\" \/>\n<meta property=\"og:image\" content=\"https:\/\/dhg1h5j42swfq.cloudfront.net\/2019\/09\/26155700\/CRN9-MG.jpg\" \/>\n\t<meta property=\"og:image:width\" content=\"1200\" \/>\n\t<meta property=\"og:image:height\" content=\"628\" \/>\n\t<meta property=\"og:image:type\" content=\"image\/jpeg\" \/>\n<meta name=\"author\" content=\"Coordena\u00e7\u00e3o\" \/>\n<meta name=\"twitter:card\" content=\"summary_large_image\" \/>\n<meta name=\"twitter:creator\" content=\"@EstratConcursos\" \/>\n<meta name=\"twitter:site\" content=\"@EstratConcursos\" \/>\n<meta name=\"twitter:label1\" content=\"Escrito por\" \/>\n\t<meta name=\"twitter:data1\" content=\"Coordena\u00e7\u00e3o\" \/>\n\t<meta name=\"twitter:label2\" content=\"Est. tempo de leitura\" \/>\n\t<meta name=\"twitter:data2\" content=\"10 minutos\" \/>\n<script type=\"application\/ld+json\" class=\"yoast-schema-graph\">{\"@context\":\"https:\/\/schema.org\",\"@graph\":[{\"@type\":\"NewsArticle\",\"@id\":\"https:\/\/www.estrategiaconcursos.com.br\/blog\/concurso-crn-9-mg\/#article\",\"isPartOf\":{\"@id\":\"https:\/\/www.estrategiaconcursos.com.br\/blog\/concurso-crn-9-mg\/\"},\"author\":{\"name\":\"Coordena\u00e7\u00e3o\",\"@id\":\"https:\/\/www.estrategiaconcursos.com.br\/blog\/#\/schema\/person\/b4a388c97673c5f483d72185668afa1f\"},\"headline\":\"Concurso CRN9: prazo de validade prorrogado!\",\"datePublished\":\"2022-02-14T10:40:00+00:00\",\"dateModified\":\"2022-02-15T04:38:58+00:00\",\"mainEntityOfPage\":{\"@id\":\"https:\/\/www.estrategiaconcursos.com.br\/blog\/concurso-crn-9-mg\/\"},\"wordCount\":1963,\"commentCount\":0,\"publisher\":{\"@id\":\"https:\/\/www.estrategiaconcursos.com.br\/blog\/#organization\"},\"image\":{\"@id\":\"https:\/\/www.estrategiaconcursos.com.br\/blog\/concurso-crn-9-mg\/#primaryimage\"},\"thumbnailUrl\":\"https:\/\/dhg1h5j42swfq.cloudfront.net\/2019\/09\/26155700\/CRN9-MG.jpg\",\"articleSection\":[\"Executivo (Administrativa)\"],\"inLanguage\":\"pt-BR\",\"potentialAction\":[{\"@type\":\"CommentAction\",\"name\":\"Comment\",\"target\":[\"https:\/\/www.estrategiaconcursos.com.br\/blog\/concurso-crn-9-mg\/#respond\"]}],\"copyrightYear\":\"2022\",\"copyrightHolder\":{\"@id\":\"https:\/\/www.estrategiaconcursos.com.br\/blog\/#organization\"}},{\"@type\":\"WebPage\",\"@id\":\"https:\/\/www.estrategiaconcursos.com.br\/blog\/concurso-crn-9-mg\/\",\"url\":\"https:\/\/www.estrategiaconcursos.com.br\/blog\/concurso-crn-9-mg\/\",\"name\":\"Concurso CRN9: prazo de validade prorrogado!\",\"isPartOf\":{\"@id\":\"https:\/\/www.estrategiaconcursos.com.br\/blog\/#website\"},\"primaryImageOfPage\":{\"@id\":\"https:\/\/www.estrategiaconcursos.com.br\/blog\/concurso-crn-9-mg\/#primaryimage\"},\"image\":{\"@id\":\"https:\/\/www.estrategiaconcursos.com.br\/blog\/concurso-crn-9-mg\/#primaryimage\"},\"thumbnailUrl\":\"https:\/\/dhg1h5j42swfq.cloudfront.net\/2019\/09\/26155700\/CRN9-MG.jpg\",\"datePublished\":\"2022-02-14T10:40:00+00:00\",\"dateModified\":\"2022-02-15T04:38:58+00:00\",\"description\":\"Concurso CRN9 (MG): prazo de validade do edital \u00e9 prorrogado por mais dois anos. Saiba mais informa\u00e7\u00f5es neste artigo.\",\"breadcrumb\":{\"@id\":\"https:\/\/www.estrategiaconcursos.com.br\/blog\/concurso-crn-9-mg\/#breadcrumb\"},\"inLanguage\":\"pt-BR\",\"potentialAction\":[{\"@type\":\"ReadAction\",\"target\":[\"https:\/\/www.estrategiaconcursos.com.br\/blog\/concurso-crn-9-mg\/\"]}]},{\"@type\":\"ImageObject\",\"inLanguage\":\"pt-BR\",\"@id\":\"https:\/\/www.estrategiaconcursos.com.br\/blog\/concurso-crn-9-mg\/#primaryimage\",\"url\":\"https:\/\/dhg1h5j42swfq.cloudfront.net\/2019\/09\/26155700\/CRN9-MG.jpg\",\"contentUrl\":\"https:\/\/dhg1h5j42swfq.cloudfront.net\/2019\/09\/26155700\/CRN9-MG.jpg\",\"width\":1200,\"height\":628,\"caption\":\"CONCURSO CRN9\"},{\"@type\":\"BreadcrumbList\",\"@id\":\"https:\/\/www.estrategiaconcursos.com.br\/blog\/concurso-crn-9-mg\/#breadcrumb\",\"itemListElement\":[{\"@type\":\"ListItem\",\"position\":1,\"name\":\"In\u00edcio\",\"item\":\"https:\/\/www.estrategiaconcursos.com.br\/blog\/\"},{\"@type\":\"ListItem\",\"position\":2,\"name\":\"Concurso CRN9: prazo de validade prorrogado!\"}]},{\"@type\":\"WebSite\",\"@id\":\"https:\/\/www.estrategiaconcursos.com.br\/blog\/#website\",\"url\":\"https:\/\/www.estrategiaconcursos.com.br\/blog\/\",\"name\":\"Estrat\u00e9gia Concursos\",\"description\":\"O blog da Estrat\u00e9gia Concursos traz not\u00edcias sobre concursos e artigos de professores oferecendo cursos para concursos (pdf + videaulas) no site.\",\"publisher\":{\"@id\":\"https:\/\/www.estrategiaconcursos.com.br\/blog\/#organization\"},\"potentialAction\":[{\"@type\":\"SearchAction\",\"target\":{\"@type\":\"EntryPoint\",\"urlTemplate\":\"https:\/\/www.estrategiaconcursos.com.br\/blog\/?s={search_term_string}\"},\"query-input\":{\"@type\":\"PropertyValueSpecification\",\"valueRequired\":true,\"valueName\":\"search_term_string\"}}],\"inLanguage\":\"pt-BR\"},{\"@type\":\"Organization\",\"@id\":\"https:\/\/www.estrategiaconcursos.com.br\/blog\/#organization\",\"name\":\"Estrat\u00e9gia Concursos\",\"url\":\"https:\/\/www.estrategiaconcursos.com.br\/blog\/\",\"logo\":{\"@type\":\"ImageObject\",\"inLanguage\":\"pt-BR\",\"@id\":\"https:\/\/www.estrategiaconcursos.com.br\/blog\/#\/schema\/logo\/image\/\",\"url\":\"https:\/\/dhg1h5j42swfq.cloudfront.net\/2025\/06\/03203428\/logo_concursos-1.jpg\",\"contentUrl\":\"https:\/\/dhg1h5j42swfq.cloudfront.net\/2025\/06\/03203428\/logo_concursos-1.jpg\",\"width\":230,\"height\":60,\"caption\":\"Estrat\u00e9gia Concursos\"},\"image\":{\"@id\":\"https:\/\/www.estrategiaconcursos.com.br\/blog\/#\/schema\/logo\/image\/\"},\"sameAs\":[\"https:\/\/x.com\/EstratConcursos\"]},{\"@type\":\"Person\",\"@id\":\"https:\/\/www.estrategiaconcursos.com.br\/blog\/#\/schema\/person\/b4a388c97673c5f483d72185668afa1f\",\"name\":\"Coordena\u00e7\u00e3o\",\"image\":{\"@type\":\"ImageObject\",\"inLanguage\":\"pt-BR\",\"@id\":\"https:\/\/secure.gravatar.com\/avatar\/b720319e4c9a967eb58678d110f4fe35452fc5d5f97b202bac7b8acceb18c6ad?s=96&d=mm&r=g\",\"url\":\"https:\/\/secure.gravatar.com\/avatar\/b720319e4c9a967eb58678d110f4fe35452fc5d5f97b202bac7b8acceb18c6ad?s=96&d=mm&r=g\",\"contentUrl\":\"https:\/\/secure.gravatar.com\/avatar\/b720319e4c9a967eb58678d110f4fe35452fc5d5f97b202bac7b8acceb18c6ad?s=96&d=mm&r=g\",\"caption\":\"Coordena\u00e7\u00e3o\"},\"sameAs\":[\"https:\/\/www.facebook.com\/EstrategiaConcursos\",\"https:\/\/x.com\/EstratConcursos\"],\"url\":\"https:\/\/www.estrategiaconcursos.com.br\/blog\/author\/estrategia2013\/\"}]}<\/script>\n<!-- \/ Yoast SEO Premium plugin. -->","yoast_head_json":{"title":"Concurso CRN9: prazo de validade prorrogado!","description":"Concurso CRN9 (MG): prazo de validade do edital \u00e9 prorrogado por mais dois anos. Saiba mais informa\u00e7\u00f5es neste artigo.","robots":{"index":"index","follow":"follow","max-snippet":"max-snippet:-1","max-image-preview":"max-image-preview:large","max-video-preview":"max-video-preview:-1"},"canonical":"https:\/\/www.estrategiaconcursos.com.br\/blog\/concurso-crn-9-mg\/","og_locale":"pt_BR","og_type":"article","og_title":"Concurso CRN9: prazo de validade prorrogado!","og_description":"Concurso CRN9 (MG): prazo de validade do edital \u00e9 prorrogado por mais dois anos. Saiba mais informa\u00e7\u00f5es neste artigo.","og_url":"https:\/\/www.estrategiaconcursos.com.br\/blog\/concurso-crn-9-mg\/","og_site_name":"Estrat\u00e9gia Concursos","article_author":"https:\/\/www.facebook.com\/EstrategiaConcursos","article_published_time":"2022-02-14T10:40:00+00:00","article_modified_time":"2022-02-15T04:38:58+00:00","og_image":[{"width":1200,"height":628,"url":"https:\/\/dhg1h5j42swfq.cloudfront.net\/2019\/09\/26155700\/CRN9-MG.jpg","type":"image\/jpeg"}],"author":"Coordena\u00e7\u00e3o","twitter_card":"summary_large_image","twitter_creator":"@EstratConcursos","twitter_site":"@EstratConcursos","twitter_misc":{"Escrito por":"Coordena\u00e7\u00e3o","Est. tempo de leitura":"10 minutos"},"schema":{"@context":"https:\/\/schema.org","@graph":[{"@type":"NewsArticle","@id":"https:\/\/www.estrategiaconcursos.com.br\/blog\/concurso-crn-9-mg\/#article","isPartOf":{"@id":"https:\/\/www.estrategiaconcursos.com.br\/blog\/concurso-crn-9-mg\/"},"author":{"name":"Coordena\u00e7\u00e3o","@id":"https:\/\/www.estrategiaconcursos.com.br\/blog\/#\/schema\/person\/b4a388c97673c5f483d72185668afa1f"},"headline":"Concurso CRN9: prazo de validade prorrogado!","datePublished":"2022-02-14T10:40:00+00:00","dateModified":"2022-02-15T04:38:58+00:00","mainEntityOfPage":{"@id":"https:\/\/www.estrategiaconcursos.com.br\/blog\/concurso-crn-9-mg\/"},"wordCount":1963,"commentCount":0,"publisher":{"@id":"https:\/\/www.estrategiaconcursos.com.br\/blog\/#organization"},"image":{"@id":"https:\/\/www.estrategiaconcursos.com.br\/blog\/concurso-crn-9-mg\/#primaryimage"},"thumbnailUrl":"https:\/\/dhg1h5j42swfq.cloudfront.net\/2019\/09\/26155700\/CRN9-MG.jpg","articleSection":["Executivo (Administrativa)"],"inLanguage":"pt-BR","potentialAction":[{"@type":"CommentAction","name":"Comment","target":["https:\/\/www.estrategiaconcursos.com.br\/blog\/concurso-crn-9-mg\/#respond"]}],"copyrightYear":"2022","copyrightHolder":{"@id":"https:\/\/www.estrategiaconcursos.com.br\/blog\/#organization"}},{"@type":"WebPage","@id":"https:\/\/www.estrategiaconcursos.com.br\/blog\/concurso-crn-9-mg\/","url":"https:\/\/www.estrategiaconcursos.com.br\/blog\/concurso-crn-9-mg\/","name":"Concurso CRN9: prazo de validade prorrogado!","isPartOf":{"@id":"https:\/\/www.estrategiaconcursos.com.br\/blog\/#website"},"primaryImageOfPage":{"@id":"https:\/\/www.estrategiaconcursos.com.br\/blog\/concurso-crn-9-mg\/#primaryimage"},"image":{"@id":"https:\/\/www.estrategiaconcursos.com.br\/blog\/concurso-crn-9-mg\/#primaryimage"},"thumbnailUrl":"https:\/\/dhg1h5j42swfq.cloudfront.net\/2019\/09\/26155700\/CRN9-MG.jpg","datePublished":"2022-02-14T10:40:00+00:00","dateModified":"2022-02-15T04:38:58+00:00","description":"Concurso CRN9 (MG): prazo de validade do edital \u00e9 prorrogado por mais dois anos. Saiba mais informa\u00e7\u00f5es neste artigo.","breadcrumb":{"@id":"https:\/\/www.estrategiaconcursos.com.br\/blog\/concurso-crn-9-mg\/#breadcrumb"},"inLanguage":"pt-BR","potentialAction":[{"@type":"ReadAction","target":["https:\/\/www.estrategiaconcursos.com.br\/blog\/concurso-crn-9-mg\/"]}]},{"@type":"ImageObject","inLanguage":"pt-BR","@id":"https:\/\/www.estrategiaconcursos.com.br\/blog\/concurso-crn-9-mg\/#primaryimage","url":"https:\/\/dhg1h5j42swfq.cloudfront.net\/2019\/09\/26155700\/CRN9-MG.jpg","contentUrl":"https:\/\/dhg1h5j42swfq.cloudfront.net\/2019\/09\/26155700\/CRN9-MG.jpg","width":1200,"height":628,"caption":"CONCURSO CRN9"},{"@type":"BreadcrumbList","@id":"https:\/\/www.estrategiaconcursos.com.br\/blog\/concurso-crn-9-mg\/#breadcrumb","itemListElement":[{"@type":"ListItem","position":1,"name":"In\u00edcio","item":"https:\/\/www.estrategiaconcursos.com.br\/blog\/"},{"@type":"ListItem","position":2,"name":"Concurso CRN9: prazo de validade prorrogado!"}]},{"@type":"WebSite","@id":"https:\/\/www.estrategiaconcursos.com.br\/blog\/#website","url":"https:\/\/www.estrategiaconcursos.com.br\/blog\/","name":"Estrat\u00e9gia Concursos","description":"O blog da Estrat\u00e9gia Concursos traz not\u00edcias sobre concursos e artigos de professores oferecendo cursos para concursos (pdf + videaulas) no site.","publisher":{"@id":"https:\/\/www.estrategiaconcursos.com.br\/blog\/#organization"},"potentialAction":[{"@type":"SearchAction","target":{"@type":"EntryPoint","urlTemplate":"https:\/\/www.estrategiaconcursos.com.br\/blog\/?s={search_term_string}"},"query-input":{"@type":"PropertyValueSpecification","valueRequired":true,"valueName":"search_term_string"}}],"inLanguage":"pt-BR"},{"@type":"Organization","@id":"https:\/\/www.estrategiaconcursos.com.br\/blog\/#organization","name":"Estrat\u00e9gia Concursos","url":"https:\/\/www.estrategiaconcursos.com.br\/blog\/","logo":{"@type":"ImageObject","inLanguage":"pt-BR","@id":"https:\/\/www.estrategiaconcursos.com.br\/blog\/#\/schema\/logo\/image\/","url":"https:\/\/dhg1h5j42swfq.cloudfront.net\/2025\/06\/03203428\/logo_concursos-1.jpg","contentUrl":"https:\/\/dhg1h5j42swfq.cloudfront.net\/2025\/06\/03203428\/logo_concursos-1.jpg","width":230,"height":60,"caption":"Estrat\u00e9gia Concursos"},"image":{"@id":"https:\/\/www.estrategiaconcursos.com.br\/blog\/#\/schema\/logo\/image\/"},"sameAs":["https:\/\/x.com\/EstratConcursos"]},{"@type":"Person","@id":"https:\/\/www.estrategiaconcursos.com.br\/blog\/#\/schema\/person\/b4a388c97673c5f483d72185668afa1f","name":"Coordena\u00e7\u00e3o","image":{"@type":"ImageObject","inLanguage":"pt-BR","@id":"https:\/\/secure.gravatar.com\/avatar\/b720319e4c9a967eb58678d110f4fe35452fc5d5f97b202bac7b8acceb18c6ad?s=96&d=mm&r=g","url":"https:\/\/secure.gravatar.com\/avatar\/b720319e4c9a967eb58678d110f4fe35452fc5d5f97b202bac7b8acceb18c6ad?s=96&d=mm&r=g","contentUrl":"https:\/\/secure.gravatar.com\/avatar\/b720319e4c9a967eb58678d110f4fe35452fc5d5f97b202bac7b8acceb18c6ad?s=96&d=mm&r=g","caption":"Coordena\u00e7\u00e3o"},"sameAs":["https:\/\/www.facebook.com\/EstrategiaConcursos","https:\/\/x.com\/EstratConcursos"],"url":"https:\/\/www.estrategiaconcursos.com.br\/blog\/author\/estrategia2013\/"}]}},"_links":{"self":[{"href":"https:\/\/www.estrategiaconcursos.com.br\/blog\/wp-json\/wp\/v2\/posts\/381869","targetHints":{"allow":["GET"]}}],"collection":[{"href":"https:\/\/www.estrategiaconcursos.com.br\/blog\/wp-json\/wp\/v2\/posts"}],"about":[{"href":"https:\/\/www.estrategiaconcursos.com.br\/blog\/wp-json\/wp\/v2\/types\/post"}],"author":[{"embeddable":true,"href":"https:\/\/www.estrategiaconcursos.com.br\/blog\/wp-json\/wp\/v2\/users\/1"}],"replies":[{"embeddable":true,"href":"https:\/\/www.estrategiaconcursos.com.br\/blog\/wp-json\/wp\/v2\/comments?post=381869"}],"version-history":[{"count":27,"href":"https:\/\/www.estrategiaconcursos.com.br\/blog\/wp-json\/wp\/v2\/posts\/381869\/revisions"}],"predecessor-version":[{"id":968991,"href":"https:\/\/www.estrategiaconcursos.com.br\/blog\/wp-json\/wp\/v2\/posts\/381869\/revisions\/968991"}],"wp:featuredmedia":[{"embeddable":true,"href":"https:\/\/www.estrategiaconcursos.com.br\/blog\/wp-json\/wp\/v2\/media\/426019"}],"wp:attachment":[{"href":"https:\/\/www.estrategiaconcursos.com.br\/blog\/wp-json\/wp\/v2\/media?parent=381869"}],"wp:term":[{"taxonomy":"category","embeddable":true,"href":"https:\/\/www.estrategiaconcursos.com.br\/blog\/wp-json\/wp\/v2\/categories?post=381869"},{"taxonomy":"post_tag","embeddable":true,"href":"https:\/\/www.estrategiaconcursos.com.br\/blog\/wp-json\/wp\/v2\/tags?post=381869"},{"taxonomy":"tax_estado","embeddable":true,"href":"https:\/\/www.estrategiaconcursos.com.br\/blog\/wp-json\/wp\/v2\/tax_estado?post=381869"}],"curies":[{"name":"wp","href":"https:\/\/api.w.org\/{rel}","templated":true}]}}