{"id":38177,"date":"2016-05-02T13:01:39","date_gmt":"2016-05-02T16:01:39","guid":{"rendered":"http:\/\/www.estrategiaconcursos.com.br\/blog\/?p=38177"},"modified":"2016-07-21T15:57:02","modified_gmt":"2016-07-21T18:57:02","slug":"credito-extraordinario-controle-pelo-stf","status":"publish","type":"post","link":"https:\/\/www.estrategiaconcursos.com.br\/blog\/credito-extraordinario-controle-pelo-stf\/","title":{"rendered":"Cr\u00e9dito Extraordin\u00e1rio &#8211; Controle pelo STF!!!!"},"content":{"rendered":"<p>Ol\u00e1 audazes, como est\u00e3o? Hoje o assunto \u00e9 sobre cr\u00e9ditos extraordin\u00e1rios!!!<\/p>\n<p>Voc\u00ea j\u00e1 deve saber que a LOA pode sofrer altera\u00e7\u00f5es durante a execu\u00e7\u00e3o or\u00e7ament\u00e1ria e financeira, n\u00e3o \u00e9 mesmo?<\/p>\n<p>Para isso, podem ser aprovados cr\u00e9ditos adicionais. Dentre as esp\u00e9cies de cr\u00e9ditos adicionais, temos os cr\u00e9ditos extraordin\u00e1rios.<\/p>\n<p>Para esquematizar, olha s\u00f3 esse resumo de cr\u00e9ditos extraordin\u00e1rios:<\/p>\n<p><a href=\"https:\/\/dhg1h5j42swfq.cloudfront.net\/2016\/05\/02122050\/cre1.png\" rel=\"attachment wp-att-38183\"><img loading=\"lazy\" decoding=\"async\" class=\"alignnone wp-image-38183 size-large\" src=\"https:\/\/dhg1h5j42swfq.cloudfront.net\/2016\/05\/02122050\/cre1-1024x723.png\" alt=\"cre\" width=\"584\" height=\"412\" srcset=\"https:\/\/dhg1h5j42swfq.cloudfront.net\/2016\/05\/02122050\/cre1.png 1024w, https:\/\/dhg1h5j42swfq.cloudfront.net\/2016\/05\/02122050\/cre1.png 300w, https:\/\/dhg1h5j42swfq.cloudfront.net\/2016\/05\/02122050\/cre1.png 768w, https:\/\/dhg1h5j42swfq.cloudfront.net\/2016\/05\/02122050\/cre1.png 425w, https:\/\/dhg1h5j42swfq.cloudfront.net\/2016\/05\/02122050\/cre1.png 1038w\" sizes=\"auto, (max-width: 584px) 100vw, 584px\" \/><\/a><\/p>\n<p style=\"text-align: justify\">Desse quadro, podemos ver que:<\/p>\n<ul style=\"text-align: justify\">\n<li>Cr\u00e9dito Extraordin\u00e1rio \u00e9 para despesas <strong>URGENTES E IMPREVIS\u00cdVEIS<\/strong>; e<\/li>\n<li>A abertura \u00e9 feita por <strong>MEDIDA PROVIS\u00d3RIA<\/strong> (no caso da Uni\u00e3o).<\/li>\n<\/ul>\n<p style=\"text-align: justify\">Pois bem, a Presidente da Rep\u00fablica editou a MP n\u00ba 772, publicada no dia 29\/04, abrindo um cr\u00e9dito extraordin\u00e1rio de 180 milh\u00f5es, sendo 100 milh\u00f5es para\u00a0comunica\u00e7\u00e3o institucional e publicidade de utilidade p\u00fablica e 80 milh\u00f5es para o Minist\u00e9rio dos Esportes.<\/p>\n<p style=\"text-align: justify\">Com a edi\u00e7\u00e3o dessa MP, um partido pol\u00edtico ajuizou uma ADIN (A\u00e7\u00e3o Direta de Inconstitucionalidade) no STF, questionando a natureza dos 100 milh\u00f5es, alegando que essa despesa n\u00e3o seria urgente e imprevis\u00edvel.<\/p>\n<p style=\"text-align: justify\">Segundo jurisprud\u00eancia da Suprema Corte, cabe somente ao STF analisar a imprevisibilidade e urg\u00eancia do cr\u00e9dito extraordin\u00e1rio. Para ilustrar, vou reproduzir um trecho da aula de cr\u00e9ditos adicionais do Prof. S\u00e9rgio Mendes:<\/p>\n<p style=\"text-align: justify;padding-left: 60px\"><em>Ainda, consoante a Corte Suprema, <strong>compete ao STF verificar a imprevisibilidade ou n\u00e3o de um cr\u00e9dito or\u00e7ament\u00e1rio para o fim de julgar a possibilidade ou n\u00e3o de ele constar como cr\u00e9dito extraordin\u00e1rio em medida provis\u00f3ria<\/strong>, dado que essa esp\u00e9cie normativa n\u00e3o pode veicular nenhum outro tipo de cr\u00e9dito or\u00e7ament\u00e1rio. <\/em><\/p>\n<p style=\"text-align: justify;padding-left: 60px\"><em>Al\u00e9m dos requisitos de relev\u00e2ncia e urg\u00eancia, <strong>a Constitui\u00e7\u00e3o exige que a abertura do cr\u00e9dito extraordin\u00e1rio seja feita apenas para atender a despesas imprevis\u00edveis e urgentes.<\/strong> Ao contr\u00e1rio do que ocorre em rela\u00e7\u00e3o aos requisitos de relev\u00e2ncia e de urg\u00eancia, que se submetem a uma ampla margem de discricionariedade por parte do Presidente da Rep\u00fablica, os requisitos de imprevisibilidade e de urg\u00eancia recebem densifica\u00e7\u00e3o normativa da Constitui\u00e7\u00e3o. <\/em><\/p>\n<p style=\"text-align: justify;padding-left: 60px\"><em>Os conte\u00fados sem\u00e2nticos das express\u00f5es \u201cguerra\u201d, \u201ccomo\u00e7\u00e3o interna\u201d e \u201ccalamidade p\u00fablica\u201d constituem vetores para a interpreta\u00e7\u00e3o\/aplica\u00e7\u00e3o do art. 167, \u00a7 3\u00ba, c\/c o art. 62, \u00a7 1\u00ba, I, \u201cd\u201d, da Constitui\u00e7\u00e3o. \u201cGuerra\u201d, \u201ccomo\u00e7\u00e3o interna\u201d e \u201ccalamidade p\u00fablica\u201d s\u00e3o conceitos que representam realidades ou situa\u00e7\u00f5es f\u00e1ticas de extrema gravidade e de consequ\u00eancias imprevis\u00edveis para a ordem p\u00fablica e a paz social, e que, dessa forma, requerem, com a devida urg\u00eancia, a ado\u00e7\u00e3o de medidas singulares e extraordin\u00e1rias. <\/em><\/p>\n<p style=\"text-align: justify;padding-left: 60px\"><em><strong>Despesas correntes que n\u00e3o estejam qualificadas pela imprevisibilidade ou pela urg\u00eancia, n\u00e3o justificam a abertura de cr\u00e9ditos, sob pena de um patente desvirtuamento dos par\u00e2metros constitucionais que permitem a edi\u00e7\u00e3o de medidas provis\u00f3rias para a abertura de cr\u00e9ditos extraordin\u00e1rios.<\/strong><\/em><\/p>\n<p>De acordo com o entendimento j\u00e1 consolidado pela Corte, o Ministro Gilmar Mendes concedeu a liminar suspendendo o referido cr\u00e9ditos.<\/p>\n<p>O Ministro afirmou, em sua decis\u00e3o, que<em>\u00a0\u201cNada est\u00e1 a indicar que essas sejam, de fato, despesas imprevis\u00edveis e urgentes. S\u00e3o despesas ordin\u00e1rias. Certamente, <strong>n\u00e3o se pode dizer que os gastos com publicidade<\/strong>, por mais importantes que possam parecer ao Governo no quadro atual, <strong>sejam equipar\u00e1veis \u00e0s despesas decorrentes de guerra, como\u00e7\u00e3o interna ou calamidade p\u00fablica<\/strong>, que comp\u00f5em o par\u00e2metro estabelecido no artigo 167, par\u00e1grafo 3\u00ba, da Constitui\u00e7\u00e3o\u201d.<\/em> (grifo meu)<\/p>\n<p>Viu amiguinho (a)? Nossa disciplina est\u00e1 sendo muito discutida\u00a0n\u00e3o \u00e9 mesmo?<\/p>\n<p>Que tal voc\u00ea conhecer mais sobre Administra\u00e7\u00e3o Financeira e Or\u00e7ament\u00e1ria?<\/p>\n<p>Ent\u00e3o convido voc\u00ea a conhecer os cursos de AFO e Or\u00e7amento P\u00fablico aqui do Estrat\u00e9gia. Basta clicar no link abaixo.<\/p>\n<p><a href=\"https:\/\/www.estrategiaconcursos.com.br\/cursosPorProfessor\/vinicius-nascimento-3372\/\">Cursos de AFO e Or\u00e7amento P\u00fablico (Prof. S\u00e9rgio Mendes e Vin\u00edcius Nascimento)<\/a><\/p>\n<p>Forte abra\u00e7o e bons estudos! =)<\/p>\n<p style=\"text-align: justify\"><a href=\"https:\/\/dhg1h5j42swfq.cloudfront.net\/2016\/03\/21115355\/periscope.jpg\" rel=\"attachment wp-att-35489\"><img loading=\"lazy\" decoding=\"async\" class=\"alignnone wp-image-35489\" src=\"https:\/\/dhg1h5j42swfq.cloudfront.net\/2016\/03\/21115355\/periscope.jpg\" alt=\"periscope\" width=\"77\" height=\"72\" \/><\/a>\u00a0 @ProfVinicius<\/p>\n<p style=\"text-align: justify\"><a href=\"https:\/\/dhg1h5j42swfq.cloudfront.net\/2016\/04\/13153610\/face.png\" rel=\"attachment wp-att-36936\"><img loading=\"lazy\" decoding=\"async\" class=\"alignnone wp-image-36936\" src=\"https:\/\/dhg1h5j42swfq.cloudfront.net\/2016\/04\/13153610\/face-300x168.png\" alt=\"face\" width=\"78\" height=\"45\" \/><\/a>\u00a0Prof Vinicius Nascimento<\/p>\n<p>&nbsp;<\/p>\n","protected":false},"excerpt":{"rendered":"<p>Ol\u00e1 audazes, como est\u00e3o? Hoje o assunto \u00e9 sobre cr\u00e9ditos extraordin\u00e1rios!!! Voc\u00ea j\u00e1 deve saber que a LOA pode sofrer altera\u00e7\u00f5es durante a execu\u00e7\u00e3o or\u00e7ament\u00e1ria e financeira, n\u00e3o \u00e9 mesmo? Para isso, podem ser aprovados cr\u00e9ditos adicionais. Dentre as esp\u00e9cies de cr\u00e9ditos adicionais, temos os cr\u00e9ditos extraordin\u00e1rios. Para esquematizar, olha s\u00f3 esse resumo de cr\u00e9ditos [&hellip;]<\/p>\n","protected":false},"author":212,"featured_media":0,"comment_status":"open","ping_status":"open","sticky":false,"template":"","format":"standard","meta":{"post_tipo":"article","footnotes":""},"categories":[1,1984],"tags":[894,1697,1699,1698,1562,1166,32],"tax_estado":[],"class_list":["post-38177","post","type-post","status-publish","format-standard","hentry","category-cursos-e-concursos","category-tribunais","tag-afo","tag-creditos-adicionais","tag-creditos-extraordinarios","tag-jurisprudencia-stf","tag-orcamento-publico","tag-prof-vinicius-nascimento","tag-stf"],"acf":[],"yoast_head":"<!-- This site is optimized with the Yoast SEO Premium plugin v27.2 (Yoast SEO v27.2) - https:\/\/yoast.com\/product\/yoast-seo-premium-wordpress\/ -->\n<title>Cr\u00e9dito Extraordin\u00e1rio - Controle pelo STF!!!!<\/title>\n<meta name=\"description\" content=\"STF suspende Medida Provis\u00f3ria que abria cr\u00e9dito extraordin\u00e1rio!\" \/>\n<meta name=\"robots\" content=\"index, follow, max-snippet:-1, max-image-preview:large, max-video-preview:-1\" \/>\n<link rel=\"canonical\" href=\"https:\/\/www.estrategiaconcursos.com.br\/blog\/credito-extraordinario-controle-pelo-stf\/\" \/>\n<meta property=\"og:locale\" content=\"pt_BR\" \/>\n<meta property=\"og:type\" content=\"article\" \/>\n<meta property=\"og:title\" content=\"Cr\u00e9dito Extraordin\u00e1rio - Controle pelo STF!!!!\" \/>\n<meta property=\"og:description\" content=\"STF suspende Medida Provis\u00f3ria que abria cr\u00e9dito extraordin\u00e1rio!\" \/>\n<meta property=\"og:url\" content=\"https:\/\/www.estrategiaconcursos.com.br\/blog\/credito-extraordinario-controle-pelo-stf\/\" \/>\n<meta property=\"og:site_name\" content=\"Estrat\u00e9gia Concursos\" \/>\n<meta property=\"article:published_time\" content=\"2016-05-02T16:01:39+00:00\" \/>\n<meta property=\"article:modified_time\" content=\"2016-07-21T18:57:02+00:00\" \/>\n<meta property=\"og:image\" content=\"https:\/\/dhg1h5j42swfq.cloudfront.net\/2016\/05\/02122050\/cre1-1024x723.png\" \/>\n<meta name=\"author\" content=\"Equipe AFO e Direito Financeiro Estrat\u00e9gia Concursos\" \/>\n<meta name=\"twitter:card\" content=\"summary_large_image\" \/>\n<meta name=\"twitter:creator\" content=\"@EstratConcursos\" \/>\n<meta name=\"twitter:site\" content=\"@EstratConcursos\" \/>\n<meta name=\"twitter:label1\" content=\"Escrito por\" \/>\n\t<meta name=\"twitter:data1\" content=\"Equipe AFO e Direito Financeiro Estrat\u00e9gia Concursos\" \/>\n\t<meta name=\"twitter:label2\" content=\"Est. tempo de leitura\" \/>\n\t<meta name=\"twitter:data2\" content=\"3 minutos\" \/>\n<script type=\"application\/ld+json\" class=\"yoast-schema-graph\">{\"@context\":\"https:\/\/schema.org\",\"@graph\":[{\"@type\":\"NewsArticle\",\"@id\":\"https:\/\/www.estrategiaconcursos.com.br\/blog\/credito-extraordinario-controle-pelo-stf\/#article\",\"isPartOf\":{\"@id\":\"https:\/\/www.estrategiaconcursos.com.br\/blog\/credito-extraordinario-controle-pelo-stf\/\"},\"author\":{\"name\":\"Equipe AFO e Direito Financeiro Estrat\u00e9gia Concursos\",\"@id\":\"https:\/\/www.estrategiaconcursos.com.br\/blog\/#\/schema\/person\/77a2892ad782f0107fe53568a4b21468\"},\"headline\":\"Cr\u00e9dito Extraordin\u00e1rio &#8211; Controle pelo STF!!!!\",\"datePublished\":\"2016-05-02T16:01:39+00:00\",\"dateModified\":\"2016-07-21T18:57:02+00:00\",\"mainEntityOfPage\":{\"@id\":\"https:\/\/www.estrategiaconcursos.com.br\/blog\/credito-extraordinario-controle-pelo-stf\/\"},\"wordCount\":685,\"commentCount\":16,\"publisher\":{\"@id\":\"https:\/\/www.estrategiaconcursos.com.br\/blog\/#organization\"},\"image\":{\"@id\":\"https:\/\/www.estrategiaconcursos.com.br\/blog\/credito-extraordinario-controle-pelo-stf\/#primaryimage\"},\"thumbnailUrl\":\"https:\/\/dhg1h5j42swfq.cloudfront.net\/2016\/05\/02122050\/cre1-1024x723.png\",\"keywords\":[\"AFO\",\"Cr\u00e9ditos Adicionais\",\"Cr\u00e9ditos extraordin\u00e1rios\",\"Jurisprud\u00eancia STF\",\"Or\u00e7amento P\u00fablico\",\"Prof. Vinicius Nascimento\",\"STF\"],\"articleSection\":[\"Concursos P\u00fablicos\",\"Tribunais\"],\"inLanguage\":\"pt-BR\",\"potentialAction\":[{\"@type\":\"CommentAction\",\"name\":\"Comment\",\"target\":[\"https:\/\/www.estrategiaconcursos.com.br\/blog\/credito-extraordinario-controle-pelo-stf\/#respond\"]}],\"copyrightYear\":\"2016\",\"copyrightHolder\":{\"@id\":\"https:\/\/www.estrategiaconcursos.com.br\/blog\/#organization\"}},{\"@type\":\"WebPage\",\"@id\":\"https:\/\/www.estrategiaconcursos.com.br\/blog\/credito-extraordinario-controle-pelo-stf\/\",\"url\":\"https:\/\/www.estrategiaconcursos.com.br\/blog\/credito-extraordinario-controle-pelo-stf\/\",\"name\":\"Cr\u00e9dito Extraordin\u00e1rio - Controle pelo STF!!!!\",\"isPartOf\":{\"@id\":\"https:\/\/www.estrategiaconcursos.com.br\/blog\/#website\"},\"primaryImageOfPage\":{\"@id\":\"https:\/\/www.estrategiaconcursos.com.br\/blog\/credito-extraordinario-controle-pelo-stf\/#primaryimage\"},\"image\":{\"@id\":\"https:\/\/www.estrategiaconcursos.com.br\/blog\/credito-extraordinario-controle-pelo-stf\/#primaryimage\"},\"thumbnailUrl\":\"https:\/\/dhg1h5j42swfq.cloudfront.net\/2016\/05\/02122050\/cre1-1024x723.png\",\"datePublished\":\"2016-05-02T16:01:39+00:00\",\"dateModified\":\"2016-07-21T18:57:02+00:00\",\"description\":\"STF suspende Medida Provis\u00f3ria que abria cr\u00e9dito extraordin\u00e1rio!\",\"breadcrumb\":{\"@id\":\"https:\/\/www.estrategiaconcursos.com.br\/blog\/credito-extraordinario-controle-pelo-stf\/#breadcrumb\"},\"inLanguage\":\"pt-BR\",\"potentialAction\":[{\"@type\":\"ReadAction\",\"target\":[\"https:\/\/www.estrategiaconcursos.com.br\/blog\/credito-extraordinario-controle-pelo-stf\/\"]}]},{\"@type\":\"ImageObject\",\"inLanguage\":\"pt-BR\",\"@id\":\"https:\/\/www.estrategiaconcursos.com.br\/blog\/credito-extraordinario-controle-pelo-stf\/#primaryimage\",\"url\":\"https:\/\/dhg1h5j42swfq.cloudfront.net\/2016\/05\/02122050\/cre1-1024x723.png\",\"contentUrl\":\"https:\/\/dhg1h5j42swfq.cloudfront.net\/2016\/05\/02122050\/cre1-1024x723.png\"},{\"@type\":\"BreadcrumbList\",\"@id\":\"https:\/\/www.estrategiaconcursos.com.br\/blog\/credito-extraordinario-controle-pelo-stf\/#breadcrumb\",\"itemListElement\":[{\"@type\":\"ListItem\",\"position\":1,\"name\":\"In\u00edcio\",\"item\":\"https:\/\/www.estrategiaconcursos.com.br\/blog\/\"},{\"@type\":\"ListItem\",\"position\":2,\"name\":\"Cr\u00e9dito Extraordin\u00e1rio &#8211; Controle pelo STF!!!!\"}]},{\"@type\":\"WebSite\",\"@id\":\"https:\/\/www.estrategiaconcursos.com.br\/blog\/#website\",\"url\":\"https:\/\/www.estrategiaconcursos.com.br\/blog\/\",\"name\":\"Estrat\u00e9gia Concursos\",\"description\":\"O blog da Estrat\u00e9gia Concursos traz not\u00edcias sobre concursos e artigos de professores oferecendo cursos para concursos (pdf + videaulas) no site.\",\"publisher\":{\"@id\":\"https:\/\/www.estrategiaconcursos.com.br\/blog\/#organization\"},\"potentialAction\":[{\"@type\":\"SearchAction\",\"target\":{\"@type\":\"EntryPoint\",\"urlTemplate\":\"https:\/\/www.estrategiaconcursos.com.br\/blog\/?s={search_term_string}\"},\"query-input\":{\"@type\":\"PropertyValueSpecification\",\"valueRequired\":true,\"valueName\":\"search_term_string\"}}],\"inLanguage\":\"pt-BR\"},{\"@type\":\"Organization\",\"@id\":\"https:\/\/www.estrategiaconcursos.com.br\/blog\/#organization\",\"name\":\"Estrat\u00e9gia Concursos\",\"url\":\"https:\/\/www.estrategiaconcursos.com.br\/blog\/\",\"logo\":{\"@type\":\"ImageObject\",\"inLanguage\":\"pt-BR\",\"@id\":\"https:\/\/www.estrategiaconcursos.com.br\/blog\/#\/schema\/logo\/image\/\",\"url\":\"https:\/\/dhg1h5j42swfq.cloudfront.net\/2025\/06\/03203428\/logo_concursos-1.jpg\",\"contentUrl\":\"https:\/\/dhg1h5j42swfq.cloudfront.net\/2025\/06\/03203428\/logo_concursos-1.jpg\",\"width\":230,\"height\":60,\"caption\":\"Estrat\u00e9gia Concursos\"},\"image\":{\"@id\":\"https:\/\/www.estrategiaconcursos.com.br\/blog\/#\/schema\/logo\/image\/\"},\"sameAs\":[\"https:\/\/x.com\/EstratConcursos\"]},{\"@type\":\"Person\",\"@id\":\"https:\/\/www.estrategiaconcursos.com.br\/blog\/#\/schema\/person\/77a2892ad782f0107fe53568a4b21468\",\"name\":\"Equipe AFO e Direito Financeiro Estrat\u00e9gia Concursos\",\"image\":{\"@type\":\"ImageObject\",\"inLanguage\":\"pt-BR\",\"@id\":\"https:\/\/secure.gravatar.com\/avatar\/d41138c46db8615c04f3f4bacb65c20fd12675ce069a35a91c19fb13ad0747b7?s=96&d=mm&r=g\",\"url\":\"https:\/\/secure.gravatar.com\/avatar\/d41138c46db8615c04f3f4bacb65c20fd12675ce069a35a91c19fb13ad0747b7?s=96&d=mm&r=g\",\"contentUrl\":\"https:\/\/secure.gravatar.com\/avatar\/d41138c46db8615c04f3f4bacb65c20fd12675ce069a35a91c19fb13ad0747b7?s=96&d=mm&r=g\",\"caption\":\"Equipe AFO e Direito Financeiro Estrat\u00e9gia Concursos\"},\"url\":\"https:\/\/www.estrategiaconcursos.com.br\/blog\/author\/vinicius_nascimento1987hotmail-com\/\"}]}<\/script>\n<!-- \/ Yoast SEO Premium plugin. -->","yoast_head_json":{"title":"Cr\u00e9dito Extraordin\u00e1rio - Controle pelo STF!!!!","description":"STF suspende Medida Provis\u00f3ria que abria cr\u00e9dito extraordin\u00e1rio!","robots":{"index":"index","follow":"follow","max-snippet":"max-snippet:-1","max-image-preview":"max-image-preview:large","max-video-preview":"max-video-preview:-1"},"canonical":"https:\/\/www.estrategiaconcursos.com.br\/blog\/credito-extraordinario-controle-pelo-stf\/","og_locale":"pt_BR","og_type":"article","og_title":"Cr\u00e9dito Extraordin\u00e1rio - Controle pelo STF!!!!","og_description":"STF suspende Medida Provis\u00f3ria que abria cr\u00e9dito extraordin\u00e1rio!","og_url":"https:\/\/www.estrategiaconcursos.com.br\/blog\/credito-extraordinario-controle-pelo-stf\/","og_site_name":"Estrat\u00e9gia Concursos","article_published_time":"2016-05-02T16:01:39+00:00","article_modified_time":"2016-07-21T18:57:02+00:00","og_image":[{"url":"https:\/\/dhg1h5j42swfq.cloudfront.net\/2016\/05\/02122050\/cre1-1024x723.png","type":"","width":"","height":""}],"author":"Equipe AFO e Direito Financeiro Estrat\u00e9gia Concursos","twitter_card":"summary_large_image","twitter_creator":"@EstratConcursos","twitter_site":"@EstratConcursos","twitter_misc":{"Escrito por":"Equipe AFO e Direito Financeiro Estrat\u00e9gia Concursos","Est. tempo de leitura":"3 minutos"},"schema":{"@context":"https:\/\/schema.org","@graph":[{"@type":"NewsArticle","@id":"https:\/\/www.estrategiaconcursos.com.br\/blog\/credito-extraordinario-controle-pelo-stf\/#article","isPartOf":{"@id":"https:\/\/www.estrategiaconcursos.com.br\/blog\/credito-extraordinario-controle-pelo-stf\/"},"author":{"name":"Equipe AFO e Direito Financeiro Estrat\u00e9gia Concursos","@id":"https:\/\/www.estrategiaconcursos.com.br\/blog\/#\/schema\/person\/77a2892ad782f0107fe53568a4b21468"},"headline":"Cr\u00e9dito Extraordin\u00e1rio &#8211; Controle pelo STF!!!!","datePublished":"2016-05-02T16:01:39+00:00","dateModified":"2016-07-21T18:57:02+00:00","mainEntityOfPage":{"@id":"https:\/\/www.estrategiaconcursos.com.br\/blog\/credito-extraordinario-controle-pelo-stf\/"},"wordCount":685,"commentCount":16,"publisher":{"@id":"https:\/\/www.estrategiaconcursos.com.br\/blog\/#organization"},"image":{"@id":"https:\/\/www.estrategiaconcursos.com.br\/blog\/credito-extraordinario-controle-pelo-stf\/#primaryimage"},"thumbnailUrl":"https:\/\/dhg1h5j42swfq.cloudfront.net\/2016\/05\/02122050\/cre1-1024x723.png","keywords":["AFO","Cr\u00e9ditos Adicionais","Cr\u00e9ditos extraordin\u00e1rios","Jurisprud\u00eancia STF","Or\u00e7amento P\u00fablico","Prof. Vinicius Nascimento","STF"],"articleSection":["Concursos P\u00fablicos","Tribunais"],"inLanguage":"pt-BR","potentialAction":[{"@type":"CommentAction","name":"Comment","target":["https:\/\/www.estrategiaconcursos.com.br\/blog\/credito-extraordinario-controle-pelo-stf\/#respond"]}],"copyrightYear":"2016","copyrightHolder":{"@id":"https:\/\/www.estrategiaconcursos.com.br\/blog\/#organization"}},{"@type":"WebPage","@id":"https:\/\/www.estrategiaconcursos.com.br\/blog\/credito-extraordinario-controle-pelo-stf\/","url":"https:\/\/www.estrategiaconcursos.com.br\/blog\/credito-extraordinario-controle-pelo-stf\/","name":"Cr\u00e9dito Extraordin\u00e1rio - Controle pelo STF!!!!","isPartOf":{"@id":"https:\/\/www.estrategiaconcursos.com.br\/blog\/#website"},"primaryImageOfPage":{"@id":"https:\/\/www.estrategiaconcursos.com.br\/blog\/credito-extraordinario-controle-pelo-stf\/#primaryimage"},"image":{"@id":"https:\/\/www.estrategiaconcursos.com.br\/blog\/credito-extraordinario-controle-pelo-stf\/#primaryimage"},"thumbnailUrl":"https:\/\/dhg1h5j42swfq.cloudfront.net\/2016\/05\/02122050\/cre1-1024x723.png","datePublished":"2016-05-02T16:01:39+00:00","dateModified":"2016-07-21T18:57:02+00:00","description":"STF suspende Medida Provis\u00f3ria que abria cr\u00e9dito extraordin\u00e1rio!","breadcrumb":{"@id":"https:\/\/www.estrategiaconcursos.com.br\/blog\/credito-extraordinario-controle-pelo-stf\/#breadcrumb"},"inLanguage":"pt-BR","potentialAction":[{"@type":"ReadAction","target":["https:\/\/www.estrategiaconcursos.com.br\/blog\/credito-extraordinario-controle-pelo-stf\/"]}]},{"@type":"ImageObject","inLanguage":"pt-BR","@id":"https:\/\/www.estrategiaconcursos.com.br\/blog\/credito-extraordinario-controle-pelo-stf\/#primaryimage","url":"https:\/\/dhg1h5j42swfq.cloudfront.net\/2016\/05\/02122050\/cre1-1024x723.png","contentUrl":"https:\/\/dhg1h5j42swfq.cloudfront.net\/2016\/05\/02122050\/cre1-1024x723.png"},{"@type":"BreadcrumbList","@id":"https:\/\/www.estrategiaconcursos.com.br\/blog\/credito-extraordinario-controle-pelo-stf\/#breadcrumb","itemListElement":[{"@type":"ListItem","position":1,"name":"In\u00edcio","item":"https:\/\/www.estrategiaconcursos.com.br\/blog\/"},{"@type":"ListItem","position":2,"name":"Cr\u00e9dito Extraordin\u00e1rio &#8211; Controle pelo STF!!!!"}]},{"@type":"WebSite","@id":"https:\/\/www.estrategiaconcursos.com.br\/blog\/#website","url":"https:\/\/www.estrategiaconcursos.com.br\/blog\/","name":"Estrat\u00e9gia Concursos","description":"O blog da Estrat\u00e9gia Concursos traz not\u00edcias sobre concursos e artigos de professores oferecendo cursos para concursos (pdf + videaulas) no site.","publisher":{"@id":"https:\/\/www.estrategiaconcursos.com.br\/blog\/#organization"},"potentialAction":[{"@type":"SearchAction","target":{"@type":"EntryPoint","urlTemplate":"https:\/\/www.estrategiaconcursos.com.br\/blog\/?s={search_term_string}"},"query-input":{"@type":"PropertyValueSpecification","valueRequired":true,"valueName":"search_term_string"}}],"inLanguage":"pt-BR"},{"@type":"Organization","@id":"https:\/\/www.estrategiaconcursos.com.br\/blog\/#organization","name":"Estrat\u00e9gia Concursos","url":"https:\/\/www.estrategiaconcursos.com.br\/blog\/","logo":{"@type":"ImageObject","inLanguage":"pt-BR","@id":"https:\/\/www.estrategiaconcursos.com.br\/blog\/#\/schema\/logo\/image\/","url":"https:\/\/dhg1h5j42swfq.cloudfront.net\/2025\/06\/03203428\/logo_concursos-1.jpg","contentUrl":"https:\/\/dhg1h5j42swfq.cloudfront.net\/2025\/06\/03203428\/logo_concursos-1.jpg","width":230,"height":60,"caption":"Estrat\u00e9gia Concursos"},"image":{"@id":"https:\/\/www.estrategiaconcursos.com.br\/blog\/#\/schema\/logo\/image\/"},"sameAs":["https:\/\/x.com\/EstratConcursos"]},{"@type":"Person","@id":"https:\/\/www.estrategiaconcursos.com.br\/blog\/#\/schema\/person\/77a2892ad782f0107fe53568a4b21468","name":"Equipe AFO e Direito Financeiro Estrat\u00e9gia Concursos","image":{"@type":"ImageObject","inLanguage":"pt-BR","@id":"https:\/\/secure.gravatar.com\/avatar\/d41138c46db8615c04f3f4bacb65c20fd12675ce069a35a91c19fb13ad0747b7?s=96&d=mm&r=g","url":"https:\/\/secure.gravatar.com\/avatar\/d41138c46db8615c04f3f4bacb65c20fd12675ce069a35a91c19fb13ad0747b7?s=96&d=mm&r=g","contentUrl":"https:\/\/secure.gravatar.com\/avatar\/d41138c46db8615c04f3f4bacb65c20fd12675ce069a35a91c19fb13ad0747b7?s=96&d=mm&r=g","caption":"Equipe AFO e Direito Financeiro Estrat\u00e9gia Concursos"},"url":"https:\/\/www.estrategiaconcursos.com.br\/blog\/author\/vinicius_nascimento1987hotmail-com\/"}]}},"_links":{"self":[{"href":"https:\/\/www.estrategiaconcursos.com.br\/blog\/wp-json\/wp\/v2\/posts\/38177","targetHints":{"allow":["GET"]}}],"collection":[{"href":"https:\/\/www.estrategiaconcursos.com.br\/blog\/wp-json\/wp\/v2\/posts"}],"about":[{"href":"https:\/\/www.estrategiaconcursos.com.br\/blog\/wp-json\/wp\/v2\/types\/post"}],"author":[{"embeddable":true,"href":"https:\/\/www.estrategiaconcursos.com.br\/blog\/wp-json\/wp\/v2\/users\/212"}],"replies":[{"embeddable":true,"href":"https:\/\/www.estrategiaconcursos.com.br\/blog\/wp-json\/wp\/v2\/comments?post=38177"}],"version-history":[{"count":14,"href":"https:\/\/www.estrategiaconcursos.com.br\/blog\/wp-json\/wp\/v2\/posts\/38177\/revisions"}],"predecessor-version":[{"id":38201,"href":"https:\/\/www.estrategiaconcursos.com.br\/blog\/wp-json\/wp\/v2\/posts\/38177\/revisions\/38201"}],"wp:attachment":[{"href":"https:\/\/www.estrategiaconcursos.com.br\/blog\/wp-json\/wp\/v2\/media?parent=38177"}],"wp:term":[{"taxonomy":"category","embeddable":true,"href":"https:\/\/www.estrategiaconcursos.com.br\/blog\/wp-json\/wp\/v2\/categories?post=38177"},{"taxonomy":"post_tag","embeddable":true,"href":"https:\/\/www.estrategiaconcursos.com.br\/blog\/wp-json\/wp\/v2\/tags?post=38177"},{"taxonomy":"tax_estado","embeddable":true,"href":"https:\/\/www.estrategiaconcursos.com.br\/blog\/wp-json\/wp\/v2\/tax_estado?post=38177"}],"curies":[{"name":"wp","href":"https:\/\/api.w.org\/{rel}","templated":true}]}}