{"id":381312,"date":"2024-07-16T10:20:00","date_gmt":"2024-07-16T13:20:00","guid":{"rendered":"https:\/\/www.estrategiaconcursos.com.br\/blog\/?p=381312"},"modified":"2024-07-16T10:43:15","modified_gmt":"2024-07-16T13:43:15","slug":"concurso-ifnmg","status":"publish","type":"post","link":"https:\/\/www.estrategiaconcursos.com.br\/blog\/concurso-ifnmg\/","title":{"rendered":"Concurso IFNMG: inscri\u00e7\u00f5es encerradas; provas em agosto!"},"content":{"rendered":"\n<p>Est\u00e3o encerredas as inscri\u00e7\u00f5es do novo edital de concurso p\u00fablico do <a href=\"https:\/\/www.estrategiaconcursos.com.br\/assinaturas\">Instituto Federal de Educa\u00e7\u00e3o, Ci\u00eancia e Tecnologia do Norte de Minas Gerais<\/a> (<strong>IFNMG<\/strong>) para Professor!<\/p>\n\n\n\n<p>Segundo o documento divulgado atrav\u00e9s do Di\u00e1rio Oficial da Uni\u00e3o, o edital oferta <strong>32 vagas imediatas<\/strong> de N\u00edvel Superior em diversas especialidades, com sal\u00e1rio inicial de R$ 4.875,18 (titula\u00e7\u00e3o m\u00ednima).<\/p>\n\n\n\n<p>Os interessados em participar da sele\u00e7\u00e3o puderam se inscrever atrav\u00e9s do site do Instituto Verbena, banca da sele\u00e7\u00e3o, <strong>at\u00e9 15 de julho de 2024<\/strong>, ao custo de R$ 200,00.<\/p>\n\n\n\n<p>De acordo com o edital, os candidatos ser\u00e3o avaliados por provas objetivas e dissertativas na data prov\u00e1vel do dia <strong>04 de agosto de 2024<\/strong>.<\/p>\n\n\n\n<ul class=\"has-electric-grass-gradient-background has-background wp-block-list\">\n<li><strong>Concurso IFNMG Professor<\/strong><\/li>\n\n\n\n<li><strong>Status:<\/strong> inscri\u00e7\u00f5es encerradas<\/li>\n\n\n\n<li><strong>Vagas:<\/strong> 32<\/li>\n\n\n\n<li><strong>Escolaridade:<\/strong> Superior<\/li>\n\n\n\n<li><strong>Sal\u00e1rio inicial<\/strong>: R$ 4.875,18<\/li>\n\n\n\n<li><strong>Edital<\/strong>: <a href=\"https:\/\/dhg1h5j42swfq.cloudfront.net\/2024\/05\/29112544\/edital_430-2024_-_concurso_docente_assinado_1_1-1.pdf\" target=\"_blank\" rel=\"noreferrer noopener nofollow\"><strong>IFNMG PROFESSOR 2024<\/strong> <\/a><\/li>\n<\/ul>\n\n\n\n<p>Vale lembrar que em mar\u00e7o deste ano &#8211; 2024, o presidente Lula anunciou a cria\u00e7\u00e3o de&nbsp;100 novos campi dos&nbsp;<strong>Institutos Federais de Educa\u00e7\u00e3o, Ci\u00eancia e Tecnologia<\/strong>&nbsp;(IFs).<\/p>\n\n\n\n<p>O Sudeste ter\u00e1 27 campi, desse total, 8 ser\u00e3o em o\u00e3o Monlevade, Itajub\u00e1, Sete Lagoas, Caratinga, S\u00e3o Jo\u00e3o Nepomuceno, Belo Horizonte, Minas Novas e Bom Despacho. <\/p>\n\n\n\n<p>A previs\u00e3o \u00e9 que os IFs sejam criados at\u00e9 2026. Com isso, surgir\u00e3o novas oportunidades para a contrata\u00e7\u00e3o de novos professores e t\u00e9cnico-administrativos.<\/p>\n\n\n\n<div class=\"col-sm\">\n      <div class=\"banner-estrategia\" id=\"box-assinatura\">\n        <h3 class=\"titulo-assinatura\">Cursos para IFNMG<\/h3>\n        <p class=\"subtitulo-assinatura\">Conhe\u00e7a os cursos<\/p>\n        <div class=\"box-botao\">\n          <a class=\"btn-assinatura\" target=\"_blank\" href=\"https:\/\/www.estrategiaconcursos.com.br\/cursos\/concurso\/\" role=\"button\" rel=\"noopener noreferrer\">Conhe\u00e7a mais<\/a>\n        <\/div>\n      <\/div>\n     \n    <\/div>\n\n\n\n<p class=\"has-text-align-left\"><em><strong>Nosso objetivo \u00e9 deix\u00e1-los 100% informados. Acesse o post abaixo e fique por dentro de todas as informa\u00e7\u00f5es sobre o concurso!<\/strong><\/em><\/p>\n\n\n\n<ul class=\"wp-block-list\" id=\"indice\">\n<li><a href=\"#situa\u00e7\u00e3o-atual\"><strong>Situa\u00e7\u00e3o atual<\/strong><\/a>\n<ul class=\"wp-block-list\">\n<li><strong><a href=\"#datas\">Principais datas<\/a><\/strong><\/li>\n<\/ul>\n<\/li>\n\n\n\n<li><strong><a href=\"#cargos-vagas-professor\">Cargos, vagas e sal\u00e1rios<\/a><\/strong><\/li>\n\n\n\n<li><strong><a href=\"#etapas-e-provas-professor-2024\">Etapas e provas<\/a><\/strong><\/li>\n\n\n\n<li><strong><a href=\"#h-ultimo-concurso-2022\">\u00daltimo concurso<\/a><\/strong>\n<ul class=\"wp-block-list\">\n<li><a href=\"#cargos-e-vagas\"><strong>Cargos e vagas<\/strong><\/a><\/li>\n\n\n\n<li><a href=\"#requisitos\"><strong>Atribui\u00e7\u00f5es e requisitos<\/strong><\/a>\n<ul class=\"wp-block-list\">\n<li><a href=\"#tecnico\"><strong>T\u00e9cnico<\/strong><\/a><\/li>\n\n\n\n<li><a href=\"#requisitos\"><strong>Professor<\/strong><\/a><\/li>\n<\/ul>\n<\/li>\n\n\n\n<li><strong><a href=\"#etapas\">Etapas do concurso IFNMG<\/a><\/strong>\n<ul class=\"wp-block-list\">\n<li><strong><a href=\"#tecnico-1\">T\u00e9cnico<\/a><\/strong><\/li>\n\n\n\n<li><strong><a href=\"#professor-1\">Professor<\/a><\/strong><\/li>\n<\/ul>\n<\/li>\n<\/ul>\n<\/li>\n\n\n\n<li><a href=\"#cursos-e-assinaturas-ifnmg\"><strong>Cursos e assinaturas<\/strong><\/a><\/li>\n\n\n\n<li><strong><a href=\"#ficha\">Ficha t\u00e9cnica<\/a><\/strong><\/li>\n<\/ul>\n\n\n\n<h2 class=\"wp-block-heading\" id=\"situa\u00e7\u00e3o-atual\">Concurso IFNMG: situa\u00e7\u00e3o atual<\/h2>\n\n\n\n<h3 class=\"wp-block-heading\" id=\"datas\">Principais datas<\/h3>\n\n\n\n<ul class=\"wp-block-list\">\n<li><s><strong>Inscri\u00e7\u00f5es<\/strong>: 11\/06 a 15\/07\/2024<\/s><\/li>\n\n\n\n<li><s><strong>Isen\u00e7\u00e3o da taxa<\/strong>: 11 a 13\/06<\/s><\/li>\n\n\n\n<li><s><strong>\u00daltimo dia para pagamento<\/strong>: at\u00e9 09\/07<\/s><\/li>\n\n\n\n<li><strong>Prova<\/strong>: 04\/08\/2024<\/li>\n<\/ul>\n\n\n\n<h2 class=\"wp-block-heading\" id=\"cargos-vagas-professor\">Cargos e vagas<\/h2>\n\n\n\n<h3 class=\"wp-block-heading\" id=\"superior\">N\u00edvel superior &#8211; Professor<\/h3>\n\n\n\n<figure class=\"wp-block-table is-style-stripes\"><table class=\"has-electric-grass-gradient-background has-background has-fixed-layout\"><thead><tr><th class=\"has-text-align-center\" data-align=\"center\">ESPECIALIDADES<\/th><th class=\"has-text-align-center\" data-align=\"center\">VAGAS<\/th><th class=\"has-text-align-center\" data-align=\"center\">SAL\u00c1RIO<\/th><\/tr><\/thead><tbody><tr><td class=\"has-text-align-center\" data-align=\"center\">Administra\u00e7\u00e3o<\/td><td class=\"has-text-align-center\" data-align=\"center\">4<\/td><td class=\"has-text-align-center\" data-align=\"center\">R$ 4.875,18<\/td><\/tr><tr><td class=\"has-text-align-center\" data-align=\"center\">Agrimensura<\/td><td class=\"has-text-align-center\" data-align=\"center\">1<\/td><td class=\"has-text-align-center\" data-align=\"center\">R$ 4.875,18<\/td><\/tr><tr><td class=\"has-text-align-center\" data-align=\"center\">Educa\u00e7\u00e3o F\u00edsica<\/td><td class=\"has-text-align-center\" data-align=\"center\">1<\/td><td class=\"has-text-align-center\" data-align=\"center\">R$ 4.875,18<\/td><\/tr><tr><td class=\"has-text-align-center\" data-align=\"center\">Engenharia de Minas<\/td><td class=\"has-text-align-center\" data-align=\"center\">1<\/td><td class=\"has-text-align-center\" data-align=\"center\">R$ 4.875,18<\/td><\/tr><tr><td class=\"has-text-align-center\" data-align=\"center\">Engenharia Civil<\/td><td class=\"has-text-align-center\" data-align=\"center\">2<\/td><td class=\"has-text-align-center\" data-align=\"center\">R$ 4.875,18<\/td><\/tr><tr><td class=\"has-text-align-center\" data-align=\"center\">Engenharia El\u00e9trica<\/td><td class=\"has-text-align-center\" data-align=\"center\">3<\/td><td class=\"has-text-align-center\" data-align=\"center\">R$ 4.875,18<\/td><\/tr><tr><td class=\"has-text-align-center\" data-align=\"center\">Filosofia<\/td><td class=\"has-text-align-center\" data-align=\"center\">1<\/td><td class=\"has-text-align-center\" data-align=\"center\">R$ 4.875,18<\/td><\/tr><tr><td class=\"has-text-align-center\" data-align=\"center\">Geografia<\/td><td class=\"has-text-align-center\" data-align=\"center\">2<\/td><td class=\"has-text-align-center\" data-align=\"center\">R$ 4.875,18<\/td><\/tr><tr><td class=\"has-text-align-center\" data-align=\"center\">Hist\u00f3ria<\/td><td class=\"has-text-align-center\" data-align=\"center\">2<\/td><td class=\"has-text-align-center\" data-align=\"center\">R$ 4.875,18<\/td><\/tr><tr><td class=\"has-text-align-center\" data-align=\"center\">L\u00edngua Portuguesa<\/td><td class=\"has-text-align-center\" data-align=\"center\">4<\/td><td class=\"has-text-align-center\" data-align=\"center\">R$ 4.875,18<\/td><\/tr><tr><td class=\"has-text-align-center\" data-align=\"center\">L\u00edngua Portuguesa\/L\u00edngua Inglesa<\/td><td class=\"has-text-align-center\" data-align=\"center\">2<\/td><td class=\"has-text-align-center\" data-align=\"center\">R$ 4.875,18<\/td><\/tr><tr><td class=\"has-text-align-center\" data-align=\"center\">Matem\u00e1tica<\/td><td class=\"has-text-align-center\" data-align=\"center\">3<\/td><td class=\"has-text-align-center\" data-align=\"center\">R$ 4.875,18<\/td><\/tr><tr><td class=\"has-text-align-center\" data-align=\"center\">Medicina Veterin\u00e1ria: Cl\u00ednica e Cirurgia de Grande Animais<\/td><td class=\"has-text-align-center\" data-align=\"center\">2<\/td><td class=\"has-text-align-center\" data-align=\"center\">R$ 4.875,18<\/td><\/tr><tr><td class=\"has-text-align-center\" data-align=\"center\">Qu\u00edmica<\/td><td class=\"has-text-align-center\" data-align=\"center\">3<\/td><td class=\"has-text-align-center\" data-align=\"center\">R$ 4.875,18<\/td><\/tr><tr><td class=\"has-text-align-center\" data-align=\"center\">Sociologia<\/td><td class=\"has-text-align-center\" data-align=\"center\">1<\/td><td class=\"has-text-align-center\" data-align=\"center\">R$ 4.875,18<\/td><\/tr><\/tbody><\/table><figcaption class=\"wp-element-caption\">Cargos, vagas e sal\u00e1rios n\u00edvel superior.<\/figcaption><\/figure>\n\n\n\n<h2 class=\"wp-block-heading\" id=\"etapas-e-provas-professor-2024\">Etapas e provas<\/h2>\n\n\n\n<p>Os candidatos ser\u00e3o avaliados pelas seguintes etapas e provas:<\/p>\n\n\n\n<ul class=\"wp-block-list\">\n<li>Prova objetiva, de car\u00e1ter eliminat\u00f3rio e classificat\u00f3rio, para todos os cargos;<\/li>\n\n\n\n<li>Prova dissertativa, de car\u00e1ter eliminat\u00f3rio e classificat\u00f3rio;<\/li>\n\n\n\n<li>Prova de desempenho did\u00e1tico, de car\u00e1ter eliminat\u00f3rio e classificat\u00f3rio;<\/li>\n\n\n\n<li>Prova de t\u00edtulos, de car\u00e1ter classificat\u00f3rio.<\/li>\n<\/ul>\n\n\n\n<p>As provas objetivas e dissertativas ser\u00e3o aplicadas na data prov\u00e1vel do dia <strong>04 de agosto de 2024<\/strong>, com dura\u00e7\u00e3o de 3 (tr\u00eas) horas, sendo:<\/p>\n\n\n\n<ul class=\"wp-block-list\">\n<li><strong>Prova Objetiva:<\/strong> no per\u00edodo matutino, nas cidades de Almenara\/MG, Ara\u00e7ua\u00ed\/MG, Arinos\/MG e Montes Claros\/MG.<\/li>\n\n\n\n<li><strong>Prova dissertativa:<\/strong> no per\u00edodo vespertino, nas cidades de Almenara\/MG, Ara\u00e7ua\u00ed\/MG, Arinos\/MG e Montes Claros\/MG.<\/li>\n<\/ul>\n\n\n\n<h3 class=\"wp-block-heading\" id=\"objetiva\">Provas Objetivas<\/h3>\n\n\n\n<p>A prova objetiva visa avaliar o grau de conhecimento te\u00f3rico do(a) candidato(a) necess\u00e1rio ao desempenho do cargo e valer\u00e1 100,0 (cem) pontos, sendo eliminado(a) do concurso o(a) candidato(a) que n\u00e3o obtiver, no m\u00ednimo, 60,0 (sessenta) pontos. <\/p>\n\n\n\n<p>As quest\u00f5es da prova ser\u00e3o do tipo m\u00faltipla escolha com 5 (cinco) alternativas (A, B, C, D e E), das quais apenas uma \u00e9 correta.<\/p>\n\n\n\n<p>A etapa versar\u00e1 sobre as seguintes disciplinas:<\/p>\n\n\n\n<ul class=\"wp-block-list\">\n<li>Did\u00e1tica;<\/li>\n\n\n\n<li>Legisla\u00e7\u00e3o B\u00e1sica;<\/li>\n\n\n\n<li>Conhecimentos Espec\u00edficos da \u00e1rea de atua\u00e7\u00e3o.<\/li>\n<\/ul>\n\n\n\n<h3 class=\"wp-block-heading\" id=\"h-prova-dissertativa\">Prova dissertativa<\/h3>\n\n\n\n<p>A prova dissertativa consistir\u00e1 em um exame escrito com uma quest\u00e3o dissertativa e ter\u00e1 como objetivo avaliar o desempenho do(a) candidato(a).<\/p>\n\n\n\n<p>Somente ter\u00e3o corrigidas as provas dissertativas os(as) candidatos(as) que obtiverem aproveitamento m\u00ednimo de 60% (sessenta por cento) do total de pontos da prova objetiva.<\/p>\n\n\n\n<p>A quest\u00e3o da prova dissertativa ser\u00e1 sobre 1 (um) tema entre aqueles contidos na rela\u00e7\u00e3o de temas do Conte\u00fado Program\u00e1tico, escolhidos a partir de sorteio p\u00fablico.<\/p>\n\n\n\n<h3 class=\"wp-block-heading\" id=\"h-prova-de-desempenho-didatico\">Prova de desempenho did\u00e1tico<\/h3>\n\n\n\n<p>A prova de desempenho did\u00e1tico, ser\u00e1 realizada presencialmente e exclusivamente na cidade de Montes Claros\/MG. <\/p>\n\n\n\n<p>A etapa tem como objetivo apurar a capacidade de organiza\u00e7\u00e3o do trabalho pedag\u00f3gico, de comunica\u00e7\u00e3o e de dom\u00ednio do conte\u00fado e valer\u00e1 100,00 (cem) pontos, sendo eliminado(a) do concurso o(a) candidato(a) que n\u00e3o obtiver, no m\u00ednimo, 60,00 (sessenta) pontos.<\/p>\n\n\n\n<p>A prova de desempenho did\u00e1tico constar\u00e1 de aula expositiva, de natureza te\u00f3rica e versar\u00e1 sobre o tema sorteado, entre uma lista de 10 (dez) temas que constam no conte\u00fado program\u00e1tico do edital.<\/p>\n\n\n\n<h3 class=\"wp-block-heading\" id=\"h-prova-de-titulos\">Prova de T\u00edtulos<\/h3>\n\n\n\n<p>A prova de t\u00edtulos, de car\u00e1ter classificat\u00f3rio, valer\u00e1 de 0,00 (zero) a 100,00 (cem) pontos. Confira <strong><a href=\"https:\/\/dhg1h5j42swfq.cloudfront.net\/2024\/05\/28075327\/ifnmg-edital-professor-ebtt-1-prova-de-titulos-1.pdf\" target=\"_blank\" rel=\"noreferrer noopener nofollow\">AQUI<\/a><\/strong> os t\u00edtulos que ser\u00e3o considerados.<\/p>\n\n\n\n<h2 class=\"wp-block-heading\" id=\"h-ultimo-concurso-2022\">\u00daltimo concurso (2022)<\/h2>\n\n\n\n<p>Os \u00faltimos editais do&nbsp;IFNMG foram publicados em 2022.&nbsp;O edital para T\u00e9cnico-Administrativo em Educa\u00e7\u00e3o ofereceu 8 vagas para cargos de n\u00edvel m\u00e9dio e superior. Os sal\u00e1rios iniciais variam <span style=\"font-size: revert; color: initial;\"><strong>de R$ 2.446,96 a R$ 4.180,66<\/strong><\/span>.  J\u00e1 o edital para Professor ofertou 9 vagas de n\u00edvel superior, com sal\u00e1rio inicial de <strong>R$ 4.472,64<\/strong>.<\/p>\n\n\n\n<h3 class=\"wp-block-heading\" id=\"vagas\">Cargos e vagas<\/h3>\n\n\n\n<h4 class=\"wp-block-heading\" id=\"tecnico-administrativo\">T\u00e9cnico administrativo <\/h4>\n\n\n\n<p>De acordo com o edital as vagas de <strong>t\u00e9cnico administrativo<\/strong> foram distribu\u00eddas da seguinte forma:<\/p>\n\n\n\n<figure class=\"wp-block-table is-style-stripes\"><table class=\"has-black-color has-very-light-gray-to-cyan-bluish-gray-gradient-background has-text-color has-background\"><thead><tr><th class=\"has-text-align-center\" data-align=\"center\">Cargos<\/th><th class=\"has-text-align-center\" data-align=\"center\">Sal\u00e1rios<\/th><th class=\"has-text-align-center\" data-align=\"center\">Vagas<\/th><\/tr><\/thead><tbody><tr><td class=\"has-text-align-center\" data-align=\"center\">T\u00e9cnico de Tecnologia da Informa\u00e7\u00e3o<\/td><td class=\"has-text-align-center\" data-align=\"center\">R$ 2.446,96<\/td><td class=\"has-text-align-center\" data-align=\"center\">2<\/td><\/tr><tr><td class=\"has-text-align-center\" data-align=\"center\">T\u00e9cnico em Contabilidade <\/td><td class=\"has-text-align-center\" data-align=\"center\">R$ 2.446,96<\/td><td class=\"has-text-align-center\" data-align=\"center\">1<\/td><\/tr><tr><td class=\"has-text-align-center\" data-align=\"center\">T\u00e9cnico de Laborat\u00f3rio \u00c1rea \u2013 Biologia <\/td><td class=\"has-text-align-center\" data-align=\"center\">R$ 2.446,96<\/td><td class=\"has-text-align-center\" data-align=\"center\">1<\/td><\/tr><tr><td class=\"has-text-align-center\" data-align=\"center\">T\u00e9cnico de Laborat\u00f3rio \u00c1rea \u2013 Inform\u00e1tica<\/td><td class=\"has-text-align-center\" data-align=\"center\">R$ 2.446,96<\/td><td class=\"has-text-align-center\" data-align=\"center\">1<\/td><\/tr><tr><td class=\"has-text-align-center\" data-align=\"center\">Contador<\/td><td class=\"has-text-align-center\" data-align=\"center\">R$ 4.180,66<\/td><td class=\"has-text-align-center\" data-align=\"center\">1<\/td><\/tr><tr><td class=\"has-text-align-center\" data-align=\"center\">Psic\u00f3logo<\/td><td class=\"has-text-align-center\" data-align=\"center\">R$ 4.180,66<\/td><td class=\"has-text-align-center\" data-align=\"center\">1<\/td><\/tr><tr><td class=\"has-text-align-center\" data-align=\"center\">Engenheiro \u00c1rea \u2013 Civil <\/td><td class=\"has-text-align-center\" data-align=\"center\">R$ 4.180,66<\/td><td class=\"has-text-align-center\" data-align=\"center\">1<\/td><\/tr><\/tbody><\/table><figcaption class=\"wp-element-caption\">Sal\u00e1rios e vagas do concurso IFNMG<\/figcaption><\/figure>\n\n\n\n<h4 class=\"wp-block-heading\" id=\"nivel-superior-professor\">Professor<\/h4>\n\n\n\n<figure class=\"wp-block-table is-style-stripes\"><table class=\"has-background\" style=\"background-color:#e7f5fe\"><thead><tr><th class=\"has-text-align-center\" data-align=\"center\">CARGO<\/th><th class=\"has-text-align-center\" data-align=\"center\">VAGAS<\/th><th class=\"has-text-align-center\" data-align=\"center\">SAL\u00c1RIO<\/th><\/tr><\/thead><tbody><tr><td class=\"has-text-align-center\" data-align=\"center\">Professor (diversas especialidades)<\/td><td class=\"has-text-align-center\" data-align=\"center\">9<\/td><td class=\"has-text-align-center\" data-align=\"center\">R$ 4.472,64<\/td><\/tr><\/tbody><\/table><\/figure>\n\n\n\n<p>Al\u00e9m do vencimento b\u00e1sico, os professores contam com direito aos seguintes acr\u00e9scimos:<\/p>\n\n\n\n<ul class=\"wp-block-list\">\n<li>Aperfei\u00e7oamento: R$ 447,26<\/li>\n\n\n\n<li>Especializa\u00e7\u00e3o: R$ 894,53<\/li>\n\n\n\n<li>Mestrado: R$ 2.236,32<\/li>\n\n\n\n<li>Doutorado: R$ 5.143,54<\/li>\n<\/ul>\n\n\n\n<p>Com base nos valores acima, o aprovado no concurso IFNMG pode ter um sal\u00e1rio inicial de at\u00e9 <strong>R$ 9.616,18<\/strong>. Al\u00e9m da remunera\u00e7\u00e3o e retribui\u00e7\u00e3o por titula\u00e7\u00e3o, os aprovados receber\u00e3o:<\/p>\n\n\n\n<ul class=\"wp-block-list\">\n<li>Aux\u00edlio alimenta\u00e7\u00e3o, no valor de R$ 458,00 mensais<\/li>\n\n\n\n<li>Aux\u00edlio pr\u00e9-escolar no valor de R$ 321,00 mensais<\/li>\n<\/ul>\n\n\n\n<h3 class=\"wp-block-heading\" id=\"requisitos\">Atribui\u00e7\u00f5es e requisitos <\/h3>\n\n\n\n<h3 class=\"wp-block-heading\" id=\"tecnico\">T\u00e9cnico <\/h3>\n\n\n\n<p>Para concorrer a uma das vagas de t\u00e9cnico administrativo em educa\u00e7\u00e3o \u00e9 necess\u00e1rio:<\/p>\n\n\n\n<ul class=\"wp-block-list\">\n<li><strong>N\u00edvel M\u00e9dio<\/strong>\n<ul class=\"wp-block-list\">\n<li><strong>T\u00e9cnico de Tecnologia da Informa\u00e7\u00e3o:&nbsp;<\/strong>Ensino M\u00e9dio Profissionalizante na \u00e1rea, conforme definido no Cat\u00e1logo Nacional de Cursos T\u00e9cnicos, ou M\u00e9dio Completo, acrescido de Curso T\u00e9cnico na \u00e1rea, conforme definido no Cat\u00e1logo Nacional de Cursos T\u00e9cnicos e ministrado de acordo com o art. 36-B da Lei n\u00ba 9.394, de 1996.<\/li>\n\n\n\n<li><strong>T\u00e9cnico em Contabilidade:<\/strong>&nbsp;Ensino M\u00e9dio Profissionalizante em Contabilidade, ou M\u00e9dio Completo, acrescido de Curso T\u00e9cnico em Contabilidade, ministrado de acordo com o art. 36-B da Lei n\u00ba 9.394, de 1996.<\/li>\n\n\n\n<li><strong>T\u00e9cnico de Laborat\u00f3rio \u00c1rea \u2013 Biologia:<\/strong>&nbsp;Ensino M\u00e9dio Profissionalizante na \u00e1rea, conforme definido no Cat\u00e1logo Nacional de Cursos T\u00e9cnicos, ou M\u00e9dio Completo acrescido de Curso T\u00e9cnico na \u00e1rea, conforme definido no Cat\u00e1logo Nacional de Cursos T\u00e9cnicos e ministradode acordo com o art. 36-B da Lei n\u00ba 9.394, de 1996.<\/li>\n\n\n\n<li><strong>T\u00e9cnico de Laborat\u00f3rio \u00c1rea \u2013 Inform\u00e1tica:&nbsp;<\/strong>Ensino M\u00e9dio Profissionalizante na \u00e1rea, conforme definido no Cat\u00e1logo Nacional de Cursos T\u00e9cnicos, ou M\u00e9dio Completo, acrescido de Curso T\u00e9cnico na \u00e1rea, conforme definido no Cat\u00e1logo Nacional de Cursos T\u00e9cnicos e ministrado de acordo com o art. 36-B da Lei n\u00ba 9.394, de 1996.<\/li>\n<\/ul>\n<\/li>\n<\/ul>\n\n\n\n<ul class=\"wp-block-list\">\n<li><strong>N\u00edvel Superior<\/strong>\n<ul class=\"wp-block-list\">\n<li><strong>Contador:&nbsp;<\/strong>Curso Superior em Ci\u00eancias Cont\u00e1beis e registro no conselho competente.<\/li>\n\n\n\n<li><strong>Psic\u00f3logo:&nbsp;<\/strong>Curso Superior em Psicologia e registro no conselho competente.<\/li>\n\n\n\n<li><strong>Engenheiro \u00c1rea \u2013 Civil:&nbsp;<\/strong>Curso Superior em Engenharia Civil e registro no conselho competente.<\/li>\n<\/ul>\n<\/li>\n<\/ul>\n\n\n\n<p>As principais atribui\u00e7\u00f5es dos aprovados ser\u00e3o:<\/p>\n\n\n\n<ul class=\"wp-block-list\">\n<li>T\u00e9cnico de Tecnologia da Informa\u00e7\u00e3o: Desenvolver sistemas e aplica\u00e7\u00f5es, determinando interface gr\u00e1fica, crit\u00e9rios ergon\u00f4micos de navega\u00e7\u00e3o, montagem da estrutura de banco de dados e codifica\u00e7\u00e3o de programas; dentre outras.<\/li>\n<\/ul>\n\n\n\n<ul class=\"wp-block-list\">\n<li>T\u00e9cnico em Contabilidade: Identificar documentos e informa\u00e7\u00f5es, atender \u00e0 fiscaliza\u00e7\u00e3o e proceder \u00e0 consultoria; executar a contabilidade geral, operacionalizar a contabilidade de custos e efetuar contabilidade gerencial; realizar controle patrimonial; assessorar nas atividades de ensino, pesquisa e extens\u00e3o.<\/li>\n<\/ul>\n\n\n\n<ul class=\"wp-block-list\">\n<li>T\u00e9cnico de Laborat\u00f3rio \u00c1rea \u2013 Biologia: Executar trabalhos t\u00e9cnicos de laborat\u00f3rio relacionados com a \u00e1rea de atua\u00e7\u00e3o, realizando ou orientando coleta, an\u00e1lise e registros de material e subst\u00e2ncias por meio de m\u00e9todos espec\u00edficos; assessorar nas atividades de ensino, pesquisa e extens\u00e3o.<\/li>\n<\/ul>\n\n\n\n<ul class=\"wp-block-list\">\n<li>T\u00e9cnico de Laborat\u00f3rio \u00c1rea \u2013 Inform\u00e1tica: Executar trabalhos t\u00e9cnicos de laborat\u00f3rio relacionados com a \u00e1rea de atua\u00e7\u00e3o, realizando ou orientando coleta, an\u00e1lise e registros de material e subst\u00e2ncias por meio de m\u00e9todos espec\u00edficos; assessorar nas atividades de ensino, pesquisa e extens\u00e3o.<\/li>\n<\/ul>\n\n\n\n<ul class=\"wp-block-list\">\n<li>Contador: Executar a escritura\u00e7\u00e3o por meio dos lan\u00e7amentos dos atos e fatos cont\u00e1beis; elaborar e manter atualizados relat\u00f3rios cont\u00e1beis; promover a presta\u00e7\u00e3o, acertos e concilia\u00e7\u00e3o de contas; participar da implanta\u00e7\u00e3o e execu\u00e7\u00e3o das normas e rotinas de controle interno; dentre outras.<\/li>\n<\/ul>\n\n\n\n<ul class=\"wp-block-list\">\n<li>Psic\u00f3logo: Estudar, pesquisar e avaliar o desenvolvimento emocional e os processos mentais e sociais de indiv\u00edduos, grupos e institui\u00e7\u00f5es, com a finalidade de an\u00e1lise, tratamento, orienta\u00e7\u00e3o e educa\u00e7\u00e3o; dentre outras.<\/li>\n<\/ul>\n\n\n\n<ul class=\"wp-block-list\">\n<li>Engenheiro \u00c1rea \u2013 Civil: Desenvolver projetos de engenharia; executar obras; planejar, coordenar a opera\u00e7\u00e3o e a manuten\u00e7\u00e3o, or\u00e7ar, e avaliar a contrata\u00e7\u00e3o de servi\u00e7os dos mesmos; controlar a qualidade dos suprimentos e servi\u00e7os comprados e executados; elaborar normas e documenta\u00e7\u00e3o t\u00e9cnica; assessorar nas atividades de ensino, pesquisa e extens\u00e3o.<\/li>\n<\/ul>\n\n\n\n<h3 class=\"wp-block-heading\" id=\"requisitos\">Professor<\/h3>\n\n\n\n<p>Para concorrer ao cargo de professor \u00e9 necess\u00e1rio ter n\u00edvel superior. As principais atribui\u00e7\u00f5es s\u00e3o: <\/p>\n\n\n\n<ul class=\"wp-block-list\">\n<li>Ministrar aulas nos cursos t\u00e9cnicos de n\u00edvel m\u00e9dio, cursos superiores, p\u00f3s-gradua\u00e7\u00e3o e de forma\u00e7\u00e3o inicial e continuada de trabalhadores, em conte\u00fados ou disciplinas ligadas \u00e0s \u00e1reas de forma\u00e7\u00e3o, quer no respectivo Campus ou fora dele;<\/li>\n\n\n\n<li>Prestar consultoria e assessoria na implanta\u00e7\u00e3o, coordena\u00e7\u00e3o, administra\u00e7\u00e3o de cursos, acompanhamento de projetos de interesse do Instituto e desempenhar outras atividades correlatas;<\/li>\n\n\n\n<li>Realizar atividades de orienta\u00e7\u00e3o de alunos em desenvolvimento de projetos, trabalhos de conclus\u00e3o de curso e similares, est\u00e1gios e monitorias. Atuar em atividades de pesquisa e extens\u00e3o, elaborando, desenvolvendo e executando projetos, desde o encaminhamento aos \u00f3rg\u00e3os de fomento at\u00e9 suas finaliza\u00e7\u00f5es;<\/li>\n\n\n\n<li>Manter produ\u00e7\u00e3o cient\u00edfica, quando participante de programas de p\u00f3s gradua\u00e7\u00e3o, tais como elaborar, encaminhar artigos para revistas e para congressos;<\/li>\n\n\n\n<li>Participar de \u00f3rg\u00e3os e\/ou comiss\u00f5es internas e\/ou externas, para tratar de assuntos administrativos e de interesse da Institui\u00e7\u00e3o. Realizar atividades de extens\u00e3o como consultorias, assessorias e presta\u00e7\u00f5es de servi\u00e7os;<\/li>\n\n\n\n<li>Participar de bancas examinadoras e outras atividades previstas em regulamento interno de atividades docentes do IFNMG.<\/li>\n<\/ul>\n\n\n\n<h3 class=\"wp-block-heading\" id=\"etapas\">Conhe\u00e7a as etapas <\/h3>\n\n\n\n<h3 class=\"wp-block-heading\" id=\"tecnico-1\">T\u00e9cnico<\/h3>\n\n\n\n<p>A sele\u00e7\u00e3o dos candidatos inscritos no edital INFMG se deu mediante aplica\u00e7\u00e3o de Prova preambular (objetiva) \u2013 eliminat\u00f3rio e classificat\u00f3rio. <\/p>\n\n\n\n<p>A Prova Objetiva foi aplicada no dia <strong>26 de junho de 2022<\/strong>. Essa etapa foi aplicada nas cidades de Ara\u00e7ua\u00ed, Arinos e Montes Claros.<\/p>\n\n\n\n<p>O candidato deveria obter, no m\u00ednimo, 60% de acertos, ou seja 60 pontos ou mais na Prova Objetiva, para n\u00e3o ser eliminado do concurso p\u00fablico, al\u00e9m de n\u00e3o ser eliminado por outros crit\u00e9rios estabelecidos no edital.<\/p>\n\n\n\n<p>A aplica\u00e7\u00e3o da Prova Objetiva teve a dura\u00e7\u00e3o de 04 horas e composta de 40 quest\u00f5es, distribu\u00eddas por \u00e1reas de conhecimento. Cada quest\u00e3o da Prova Objetiva teve 5 alternativas, e apenas&nbsp; uma alternativa correta.<\/p>\n\n\n\n<h4 class=\"wp-block-heading\" id=\"disciplinas-ensino-superior\">Disciplinas ensino superior <\/h4>\n\n\n\n<figure class=\"wp-block-image size-full\"><img loading=\"lazy\" decoding=\"async\" width=\"932\" height=\"462\" src=\"https:\/\/dhg1h5j42swfq.cloudfront.net\/2022\/04\/26070818\/provas-26-04.jpg\" alt=\"\" class=\"wp-image-1015215\" srcset=\"https:\/\/dhg1h5j42swfq.cloudfront.net\/2022\/04\/26070818\/provas-26-04.jpg 932w, https:\/\/dhg1h5j42swfq.cloudfront.net\/2022\/04\/26070818\/provas-26-04-300x149.jpg 300w, https:\/\/dhg1h5j42swfq.cloudfront.net\/2022\/04\/26070818\/provas-26-04-768x381.jpg 768w, https:\/\/dhg1h5j42swfq.cloudfront.net\/2022\/04\/26070818\/provas-26-04-610x302.jpg 610w\" sizes=\"auto, (max-width: 932px) 100vw, 932px\" \/><figcaption class=\"wp-element-caption\">Concurso IFNMG<\/figcaption><\/figure>\n\n\n\n<h3 class=\"wp-block-heading\" id=\"professor-1\">Professor <\/h3>\n\n\n\n<p>O concurso IFNMG foi composto pelas etapas de provas Objetiva, Dissertativa, Did\u00e1tica e de T\u00edtulos.<\/p>\n\n\n\n<h3 class=\"wp-block-heading\" id=\"prova-objetiva\">Prova Objetiva <\/h3>\n\n\n\n<p>A Prova Objetiva, de car\u00e1ter eliminat\u00f3rio e classificat\u00f3rio, foi aplicada nas cidades de Ara\u00e7ua\u00ed, Arinos e Montes Claros, no Estado de Minas Gerais, no per\u00edodo matutino. A aplica\u00e7\u00e3o da etapa teve dura\u00e7\u00e3o de 03 horas.<\/p>\n\n\n\n<p><strong>Disciplinas cobradas <\/strong><\/p>\n\n\n\n<ul class=\"wp-block-list\">\n<li>Did\u00e1tica<\/li>\n\n\n\n<li>Legisla\u00e7\u00e3o B\u00e1sica<\/li>\n\n\n\n<li>Conhecimentos Espec\u00edficos<\/li>\n<\/ul>\n\n\n\n<h3 class=\"wp-block-heading\" id=\"prova-discursiva\">Prova Dissertativa<\/h3>\n\n\n\n<p>A Prova Dissertativa foi realizada nas cidades de Ara\u00e7ua\u00ed, Arinos e Montes Claros, no Estado de Minas Gerais, no per\u00edodo vespertino, no mesmo dia de aplica\u00e7\u00e3o da prova objetiva.<\/p>\n\n\n\n<p>Na etapa, de car\u00e1ter classificat\u00f3rio e eliminat\u00f3rio, o candidato teve que discorrer sobre 1 tema \u00fanico, para todos os candidatos da mesma \u00e1rea de atua\u00e7\u00e3o, entre aqueles contidos na lista de conte\u00fados program\u00e1ticos\/temas da \u00e1rea, dispon\u00edveis no endere\u00e7o https:\/\/www.institutoaocp.org.br\/.<\/p>\n\n\n\n<p>A Prova Dissertativa teve dura\u00e7\u00e3o m\u00e1xima de 3 horas.<\/p>\n\n\n\n<h3 class=\"wp-block-heading\" id=\"prova-pratica\">Prova Did\u00e1tica<\/h3>\n\n\n\n<p>A Prova de Desempenho Did\u00e1tico, de car\u00e1ter eliminat\u00f3rio e classificat\u00f3rio, teve o valor m\u00e1ximo de 100 pontos. O candidato que obteve, no m\u00ednimo, 60% &nbsp;de acertos, ou seja, 60 pontos ou mais para n\u00e3o ser eliminado do concurso p\u00fablico.<\/p>\n\n\n\n<p>A Prova de Desempenho Did\u00e1tico tem como objetivo apurar a capacidade de planejamento de aula, de comunica\u00e7\u00e3o e de s\u00edntese do candidato, bem como seu conhecimento da mat\u00e9ria de aula a ser proferida. Durante a realiza\u00e7\u00e3o da Prova de Desempenho Did\u00e1tico, as estrat\u00e9gias de aula ser\u00e3o simuladas e algumas poder\u00e3o ser descritas para a banca examinadora. Durante a simula\u00e7\u00e3o das estrat\u00e9gias de aula, a banca examinadora n\u00e3o poder\u00e1 ser solicitada a interagir.<\/p>\n\n\n\n<h3 class=\"wp-block-heading\" id=\"prova-oral\">Prova de T\u00edtulos<\/h3>\n\n\n\n<p>A Prova de T\u00edtulos, de car\u00e1ter classificat\u00f3rio, foi realizada para todos os cargos.<\/p>\n\n\n\n<figure class=\"wp-block-image aligncenter size-full\"><img loading=\"lazy\" decoding=\"async\" width=\"684\" height=\"728\" src=\"https:\/\/dhg1h5j42swfq.cloudfront.net\/2022\/03\/23153141\/image-279.png\" alt=\"concurso IFNMG prova de t\u00edtulos\" class=\"wp-image-993351\" srcset=\"https:\/\/dhg1h5j42swfq.cloudfront.net\/2022\/03\/23153141\/image-279.png 684w, https:\/\/dhg1h5j42swfq.cloudfront.net\/2022\/03\/23153141\/image-279-282x300.png 282w, https:\/\/dhg1h5j42swfq.cloudfront.net\/2022\/03\/23153141\/image-279-610x649.png 610w\" sizes=\"auto, (max-width: 684px) 100vw, 684px\" \/><figcaption class=\"wp-element-caption\">Prova de T\u00edtulos &#8211; Concurso IFNMG<\/figcaption><\/figure>\n\n\n\n<figure class=\"wp-block-image aligncenter size-full\"><img loading=\"lazy\" decoding=\"async\" width=\"685\" height=\"711\" src=\"https:\/\/dhg1h5j42swfq.cloudfront.net\/2022\/03\/23153221\/image-280.png\" alt=\"t\u00edtulos concurso ifnmg\" class=\"wp-image-993353\" srcset=\"https:\/\/dhg1h5j42swfq.cloudfront.net\/2022\/03\/23153221\/image-280.png 685w, https:\/\/dhg1h5j42swfq.cloudfront.net\/2022\/03\/23153221\/image-280-289x300.png 289w, https:\/\/dhg1h5j42swfq.cloudfront.net\/2022\/03\/23153221\/image-280-610x633.png 610w\" sizes=\"auto, (max-width: 685px) 100vw, 685px\" \/><figcaption class=\"wp-element-caption\">Prova de T\u00edtulos &#8211; Concurso IFNMG<\/figcaption><\/figure>\n\n\n\n<figure class=\"wp-block-image aligncenter size-full\"><img loading=\"lazy\" decoding=\"async\" width=\"682\" height=\"607\" src=\"https:\/\/dhg1h5j42swfq.cloudfront.net\/2022\/03\/23153253\/image-281.png\" alt=\"\" class=\"wp-image-993354\" srcset=\"https:\/\/dhg1h5j42swfq.cloudfront.net\/2022\/03\/23153253\/image-281.png 682w, https:\/\/dhg1h5j42swfq.cloudfront.net\/2022\/03\/23153253\/image-281-300x267.png 300w, https:\/\/dhg1h5j42swfq.cloudfront.net\/2022\/03\/23153253\/image-281-610x543.png 610w\" sizes=\"auto, (max-width: 682px) 100vw, 682px\" \/><figcaption class=\"wp-element-caption\">Prova de T\u00edtulos &#8211; Concurso IFNMG<\/figcaption><\/figure>\n\n\n\n<h2 class=\"wp-block-heading\" id=\"ultimo-concurso-ifnmg\"><\/h2>\n\n\n\n<h2 class=\"wp-block-heading has-text-align-center\" id=\"cursos\">Quer saber tudo sobre concursos previstos?<br \/>Confira nossos artigos!<\/h2>\n\n\n\n<ul class=\"wp-block-list\">\n<li><a href=\"https:\/\/www.estrategiaconcursos.com.br\/blog\/concursos-abertos\/\" target=\"_blank\" rel=\"noreferrer noopener\">Concursos abertos<\/a><\/li>\n\n\n\n<li><a href=\"https:\/\/www.estrategiaconcursos.com.br\/blog\/concursos-educacao-2022\/\" target=\"_blank\" rel=\"noreferrer noopener\">Concursos educa\u00e7\u00e3o<\/a><\/li>\n\n\n\n<li><a href=\"https:\/\/www.estrategiaconcursos.com.br\/blog\/concursos-2024\/\" target=\"_blank\" rel=\"noreferrer noopener\">Concursos 2024<\/a><\/li>\n<\/ul>\n\n\n\n<h2 class=\"wp-block-heading has-text-align-center\" id=\"cursos-e-assinaturas-ifnmg\">Quer estudar para o concurso IFNMG?<\/h2>\n\n\n\n<div class=\"col-sm\">\n      <div class=\"banner-estrategia\" id=\"box-assinatura\">\n        <h3 class=\"titulo-assinatura\">Cursos para IFNMG<\/h3>\n        <p class=\"subtitulo-assinatura\">Conhe\u00e7a os cursos<\/p>\n        <div class=\"box-botao\">\n          <a class=\"btn-assinatura\" target=\"_blank\" href=\"https:\/\/www.estrategiaconcursos.com.br\/cursos\/concurso\/\" role=\"button\" rel=\"noopener noreferrer\">Conhe\u00e7a mais<\/a>\n        <\/div>\n      <\/div>\n     \n    <\/div>\n\n\n\n\n\n<figure class=\"wp-block-image size-large is-resized\"><img loading=\"lazy\" decoding=\"async\" width=\"1024\" height=\"632\" src=\"https:\/\/dhg1h5j42swfq.cloudfront.net\/2021\/07\/09123111\/ficha-tecnica-3-1024x632.png\" alt=\"Ficha do concurso IFNMG\" class=\"wp-image-791156\" style=\"width:183px;height:113px\" srcset=\"https:\/\/dhg1h5j42swfq.cloudfront.net\/2021\/07\/09123111\/ficha-tecnica-3-1024x632.png 1024w, https:\/\/dhg1h5j42swfq.cloudfront.net\/2021\/07\/09123111\/ficha-tecnica-3-300x185.png 300w, https:\/\/dhg1h5j42swfq.cloudfront.net\/2021\/07\/09123111\/ficha-tecnica-3-768x474.png 768w, https:\/\/dhg1h5j42swfq.cloudfront.net\/2021\/07\/09123111\/ficha-tecnica-3-1536x948.png 1536w, https:\/\/dhg1h5j42swfq.cloudfront.net\/2021\/07\/09123111\/ficha-tecnica-3-610x377.png 610w, https:\/\/dhg1h5j42swfq.cloudfront.net\/2021\/07\/09123111\/ficha-tecnica-3.png 1571w\" sizes=\"auto, (max-width: 1024px) 100vw, 1024px\" \/><\/figure>\n\n\n\n<h3 class=\"wp-block-heading\" id=\"informacoes-do-concurso-ifnmg-tecnico\">Informa\u00e7\u00f5es do concurso IFNMG Professor 2024<\/h3>\n\n\n\n<p>\u25ba<strong>Inscri\u00e7\u00f5es<\/strong>: 11\/06 a 09\/07\/2024<br \/>\u25ba<strong>Provas<\/strong>: 04\/08\/2024<br \/>\u25ba<strong>Vagas<\/strong>: a ser divulgado<br \/>\u25ba<strong>Cargos<\/strong>: Professor<br \/>\u25ba<strong>Banca<\/strong>: Instituto Verbena<br \/>\u25ba<strong>Escolaridade<\/strong>: Superior <br \/>\u25ba<strong>Edital<\/strong>:&nbsp;<strong><a href=\"https:\/\/dhg1h5j42swfq.cloudfront.net\/2024\/05\/29112544\/edital_430-2024_-_concurso_docente_assinado_1_1-1.pdf\" target=\"_blank\" rel=\"noreferrer noopener nofollow\"><strong>IFNMG PROFESSOR 2024<\/strong> <\/a><\/strong><\/p>\n\n\n\n<h3 class=\"wp-block-heading\" id=\"informacoes-do-concurso-ifnmg-tecnico\">Informa\u00e7\u00f5es do \u00faltimo concurso IFNMG T\u00e9cnico<\/h3>\n\n\n\n<p>\u25ba<strong>Inscri\u00e7\u00f5es<\/strong>: 26\/04\/2022 a 25\/05\/2022<br \/>\u25ba<strong>Provas<\/strong>: 26 de junho de 2022<br \/>\u25ba<strong>Vagas<\/strong>: 08 <br \/>\u25ba<strong>Cargos<\/strong>: diversos <br \/>\u25ba<strong>Banca<\/strong>: AOCP<br \/>\u25ba<strong>Escolaridade<\/strong>: m\u00e9dio e superior <br \/>\u25ba<strong>Edital<\/strong>:&nbsp;<a href=\"https:\/\/www.in.gov.br\/web\/dou\/-\/edital-n-140-de-25-de-abril-de-2022-395034794\" target=\"_blank\" rel=\"noreferrer noopener\">edital IFNMG<\/a><\/p>\n\n\n\n<h3 class=\"wp-block-heading\" id=\"ficha\">Informa\u00e7\u00f5es do \u00faltimo concurso IFNMG Professor<\/h3>\n\n\n\n<p id=\"informacoes-do-concurso-ifnmg-vagas-09-cargos-diversos-escolaridade-nivel-superior-banca-instituto-aocp-edital-ifnmg-2022\">\u25ba<strong>Vagas<\/strong>: 09 <br \/>\u25ba<strong>Cargos<\/strong>: diversos<br \/>\u25ba<strong>Escolaridade<\/strong>: n\u00edvel superior<br \/>\u25ba<strong>Banca<\/strong>: Instituto AOCP<br \/>\u25ba<strong>Edital:<\/strong> <a href=\"https:\/\/www.in.gov.br\/web\/dou\/-\/edital-n-88-de-22-de-marco-de-2022-387885761\" target=\"_blank\" rel=\"noreferrer noopener nofollow\">IFNMG 2022<\/a> <\/p>\n","protected":false},"excerpt":{"rendered":"<p>Est\u00e3o encerredas as inscri\u00e7\u00f5es do novo edital de concurso p\u00fablico do Instituto Federal de Educa\u00e7\u00e3o, Ci\u00eancia e Tecnologia do Norte de Minas Gerais (IFNMG) para Professor! Segundo o documento divulgado atrav\u00e9s do Di\u00e1rio Oficial da Uni\u00e3o, o edital oferta 32 vagas imediatas de N\u00edvel Superior em diversas especialidades, com sal\u00e1rio inicial de R$ 4.875,18 (titula\u00e7\u00e3o [&hellip;]<\/p>\n","protected":false},"author":1,"featured_media":992895,"comment_status":"open","ping_status":"closed","sticky":false,"template":"","format":"standard","meta":{"post_tipo":"news_page","footnotes":""},"categories":[3766],"tags":[],"tax_estado":[219974],"class_list":["post-381312","post","type-post","status-publish","format-standard","has-post-thumbnail","hentry","category-educacional","tax_estado-mg"],"acf":[],"yoast_head":"<!-- This site is optimized with the Yoast SEO Premium plugin v27.2 (Yoast SEO v27.2) - https:\/\/yoast.com\/product\/yoast-seo-premium-wordpress\/ -->\n<title>Concurso IFNMG: inscri\u00e7\u00f5es encerradas; provas em agosto!<\/title>\n<meta name=\"description\" content=\"Concurso IFNMG: confira os detalhes do edital do Instituto Federal de Educa\u00e7\u00e3o, Ci\u00eancia e Tecnologia do Norte de MG!\" \/>\n<meta name=\"robots\" content=\"index, follow, max-snippet:-1, max-image-preview:large, max-video-preview:-1\" \/>\n<link rel=\"canonical\" href=\"https:\/\/www.estrategiaconcursos.com.br\/blog\/concurso-ifnmg\/\" \/>\n<meta property=\"og:locale\" content=\"pt_BR\" \/>\n<meta property=\"og:type\" content=\"article\" \/>\n<meta property=\"og:title\" content=\"Concurso IFNMG: inscri\u00e7\u00f5es encerradas; provas em agosto!\" \/>\n<meta property=\"og:description\" content=\"Concurso IFNMG: confira os detalhes do edital do Instituto Federal de Educa\u00e7\u00e3o, Ci\u00eancia e Tecnologia do Norte de MG!\" \/>\n<meta property=\"og:url\" content=\"https:\/\/www.estrategiaconcursos.com.br\/blog\/concurso-ifnmg\/\" \/>\n<meta property=\"og:site_name\" content=\"Estrat\u00e9gia Concursos\" \/>\n<meta property=\"article:author\" content=\"https:\/\/www.facebook.com\/EstrategiaConcursos\" \/>\n<meta property=\"article:published_time\" content=\"2024-07-16T13:20:00+00:00\" \/>\n<meta property=\"article:modified_time\" content=\"2024-07-16T13:43:15+00:00\" \/>\n<meta property=\"og:image\" content=\"https:\/\/dhg1h5j42swfq.cloudfront.net\/2022\/03\/23072302\/concurso-ifnmg.png\" \/>\n\t<meta property=\"og:image:width\" content=\"246\" \/>\n\t<meta property=\"og:image:height\" content=\"205\" \/>\n\t<meta property=\"og:image:type\" content=\"image\/png\" \/>\n<meta name=\"author\" content=\"Coordena\u00e7\u00e3o\" \/>\n<meta name=\"twitter:card\" content=\"summary_large_image\" \/>\n<meta name=\"twitter:creator\" content=\"@EstratConcursos\" \/>\n<meta name=\"twitter:site\" content=\"@EstratConcursos\" \/>\n<meta name=\"twitter:label1\" content=\"Escrito por\" \/>\n\t<meta name=\"twitter:data1\" content=\"Coordena\u00e7\u00e3o\" \/>\n\t<meta name=\"twitter:label2\" content=\"Est. tempo de leitura\" \/>\n\t<meta name=\"twitter:data2\" content=\"11 minutos\" \/>\n<script type=\"application\/ld+json\" class=\"yoast-schema-graph\">{\"@context\":\"https:\/\/schema.org\",\"@graph\":[{\"@type\":\"NewsArticle\",\"@id\":\"https:\/\/www.estrategiaconcursos.com.br\/blog\/concurso-ifnmg\/#article\",\"isPartOf\":{\"@id\":\"https:\/\/www.estrategiaconcursos.com.br\/blog\/concurso-ifnmg\/\"},\"author\":{\"name\":\"Coordena\u00e7\u00e3o\",\"@id\":\"https:\/\/www.estrategiaconcursos.com.br\/blog\/#\/schema\/person\/b4a388c97673c5f483d72185668afa1f\"},\"headline\":\"Concurso IFNMG: inscri\u00e7\u00f5es encerradas; provas em agosto!\",\"datePublished\":\"2024-07-16T13:20:00+00:00\",\"dateModified\":\"2024-07-16T13:43:15+00:00\",\"mainEntityOfPage\":{\"@id\":\"https:\/\/www.estrategiaconcursos.com.br\/blog\/concurso-ifnmg\/\"},\"wordCount\":2437,\"commentCount\":1,\"publisher\":{\"@id\":\"https:\/\/www.estrategiaconcursos.com.br\/blog\/#organization\"},\"image\":{\"@id\":\"https:\/\/www.estrategiaconcursos.com.br\/blog\/concurso-ifnmg\/#primaryimage\"},\"thumbnailUrl\":\"https:\/\/dhg1h5j42swfq.cloudfront.net\/2022\/03\/23072302\/concurso-ifnmg.png\",\"articleSection\":[\"Educa\u00e7\u00e3o\"],\"inLanguage\":\"pt-BR\",\"potentialAction\":[{\"@type\":\"CommentAction\",\"name\":\"Comment\",\"target\":[\"https:\/\/www.estrategiaconcursos.com.br\/blog\/concurso-ifnmg\/#respond\"]}],\"copyrightYear\":\"2024\",\"copyrightHolder\":{\"@id\":\"https:\/\/www.estrategiaconcursos.com.br\/blog\/#organization\"}},{\"@type\":\"WebPage\",\"@id\":\"https:\/\/www.estrategiaconcursos.com.br\/blog\/concurso-ifnmg\/\",\"url\":\"https:\/\/www.estrategiaconcursos.com.br\/blog\/concurso-ifnmg\/\",\"name\":\"Concurso IFNMG: inscri\u00e7\u00f5es encerradas; provas em agosto!\",\"isPartOf\":{\"@id\":\"https:\/\/www.estrategiaconcursos.com.br\/blog\/#website\"},\"primaryImageOfPage\":{\"@id\":\"https:\/\/www.estrategiaconcursos.com.br\/blog\/concurso-ifnmg\/#primaryimage\"},\"image\":{\"@id\":\"https:\/\/www.estrategiaconcursos.com.br\/blog\/concurso-ifnmg\/#primaryimage\"},\"thumbnailUrl\":\"https:\/\/dhg1h5j42swfq.cloudfront.net\/2022\/03\/23072302\/concurso-ifnmg.png\",\"datePublished\":\"2024-07-16T13:20:00+00:00\",\"dateModified\":\"2024-07-16T13:43:15+00:00\",\"description\":\"Concurso IFNMG: confira os detalhes do edital do Instituto Federal de Educa\u00e7\u00e3o, Ci\u00eancia e Tecnologia do Norte de MG!\",\"breadcrumb\":{\"@id\":\"https:\/\/www.estrategiaconcursos.com.br\/blog\/concurso-ifnmg\/#breadcrumb\"},\"inLanguage\":\"pt-BR\",\"potentialAction\":[{\"@type\":\"ReadAction\",\"target\":[\"https:\/\/www.estrategiaconcursos.com.br\/blog\/concurso-ifnmg\/\"]}]},{\"@type\":\"ImageObject\",\"inLanguage\":\"pt-BR\",\"@id\":\"https:\/\/www.estrategiaconcursos.com.br\/blog\/concurso-ifnmg\/#primaryimage\",\"url\":\"https:\/\/dhg1h5j42swfq.cloudfront.net\/2022\/03\/23072302\/concurso-ifnmg.png\",\"contentUrl\":\"https:\/\/dhg1h5j42swfq.cloudfront.net\/2022\/03\/23072302\/concurso-ifnmg.png\",\"width\":246,\"height\":205},{\"@type\":\"BreadcrumbList\",\"@id\":\"https:\/\/www.estrategiaconcursos.com.br\/blog\/concurso-ifnmg\/#breadcrumb\",\"itemListElement\":[{\"@type\":\"ListItem\",\"position\":1,\"name\":\"In\u00edcio\",\"item\":\"https:\/\/www.estrategiaconcursos.com.br\/blog\/\"},{\"@type\":\"ListItem\",\"position\":2,\"name\":\"Concurso IFNMG: inscri\u00e7\u00f5es encerradas; provas em agosto!\"}]},{\"@type\":\"WebSite\",\"@id\":\"https:\/\/www.estrategiaconcursos.com.br\/blog\/#website\",\"url\":\"https:\/\/www.estrategiaconcursos.com.br\/blog\/\",\"name\":\"Estrat\u00e9gia Concursos\",\"description\":\"O blog da Estrat\u00e9gia Concursos traz not\u00edcias sobre concursos e artigos de professores oferecendo cursos para concursos (pdf + videaulas) no site.\",\"publisher\":{\"@id\":\"https:\/\/www.estrategiaconcursos.com.br\/blog\/#organization\"},\"potentialAction\":[{\"@type\":\"SearchAction\",\"target\":{\"@type\":\"EntryPoint\",\"urlTemplate\":\"https:\/\/www.estrategiaconcursos.com.br\/blog\/?s={search_term_string}\"},\"query-input\":{\"@type\":\"PropertyValueSpecification\",\"valueRequired\":true,\"valueName\":\"search_term_string\"}}],\"inLanguage\":\"pt-BR\"},{\"@type\":\"Organization\",\"@id\":\"https:\/\/www.estrategiaconcursos.com.br\/blog\/#organization\",\"name\":\"Estrat\u00e9gia Concursos\",\"url\":\"https:\/\/www.estrategiaconcursos.com.br\/blog\/\",\"logo\":{\"@type\":\"ImageObject\",\"inLanguage\":\"pt-BR\",\"@id\":\"https:\/\/www.estrategiaconcursos.com.br\/blog\/#\/schema\/logo\/image\/\",\"url\":\"https:\/\/dhg1h5j42swfq.cloudfront.net\/2025\/06\/03203428\/logo_concursos-1.jpg\",\"contentUrl\":\"https:\/\/dhg1h5j42swfq.cloudfront.net\/2025\/06\/03203428\/logo_concursos-1.jpg\",\"width\":230,\"height\":60,\"caption\":\"Estrat\u00e9gia Concursos\"},\"image\":{\"@id\":\"https:\/\/www.estrategiaconcursos.com.br\/blog\/#\/schema\/logo\/image\/\"},\"sameAs\":[\"https:\/\/x.com\/EstratConcursos\"]},{\"@type\":\"Person\",\"@id\":\"https:\/\/www.estrategiaconcursos.com.br\/blog\/#\/schema\/person\/b4a388c97673c5f483d72185668afa1f\",\"name\":\"Coordena\u00e7\u00e3o\",\"image\":{\"@type\":\"ImageObject\",\"inLanguage\":\"pt-BR\",\"@id\":\"https:\/\/secure.gravatar.com\/avatar\/b720319e4c9a967eb58678d110f4fe35452fc5d5f97b202bac7b8acceb18c6ad?s=96&d=mm&r=g\",\"url\":\"https:\/\/secure.gravatar.com\/avatar\/b720319e4c9a967eb58678d110f4fe35452fc5d5f97b202bac7b8acceb18c6ad?s=96&d=mm&r=g\",\"contentUrl\":\"https:\/\/secure.gravatar.com\/avatar\/b720319e4c9a967eb58678d110f4fe35452fc5d5f97b202bac7b8acceb18c6ad?s=96&d=mm&r=g\",\"caption\":\"Coordena\u00e7\u00e3o\"},\"sameAs\":[\"https:\/\/www.facebook.com\/EstrategiaConcursos\",\"https:\/\/x.com\/EstratConcursos\"],\"url\":\"https:\/\/www.estrategiaconcursos.com.br\/blog\/author\/estrategia2013\/\"}]}<\/script>\n<!-- \/ Yoast SEO Premium plugin. -->","yoast_head_json":{"title":"Concurso IFNMG: inscri\u00e7\u00f5es encerradas; provas em agosto!","description":"Concurso IFNMG: confira os detalhes do edital do Instituto Federal de Educa\u00e7\u00e3o, Ci\u00eancia e Tecnologia do Norte de MG!","robots":{"index":"index","follow":"follow","max-snippet":"max-snippet:-1","max-image-preview":"max-image-preview:large","max-video-preview":"max-video-preview:-1"},"canonical":"https:\/\/www.estrategiaconcursos.com.br\/blog\/concurso-ifnmg\/","og_locale":"pt_BR","og_type":"article","og_title":"Concurso IFNMG: inscri\u00e7\u00f5es encerradas; provas em agosto!","og_description":"Concurso IFNMG: confira os detalhes do edital do Instituto Federal de Educa\u00e7\u00e3o, Ci\u00eancia e Tecnologia do Norte de MG!","og_url":"https:\/\/www.estrategiaconcursos.com.br\/blog\/concurso-ifnmg\/","og_site_name":"Estrat\u00e9gia Concursos","article_author":"https:\/\/www.facebook.com\/EstrategiaConcursos","article_published_time":"2024-07-16T13:20:00+00:00","article_modified_time":"2024-07-16T13:43:15+00:00","og_image":[{"width":246,"height":205,"url":"https:\/\/dhg1h5j42swfq.cloudfront.net\/2022\/03\/23072302\/concurso-ifnmg.png","type":"image\/png"}],"author":"Coordena\u00e7\u00e3o","twitter_card":"summary_large_image","twitter_creator":"@EstratConcursos","twitter_site":"@EstratConcursos","twitter_misc":{"Escrito por":"Coordena\u00e7\u00e3o","Est. tempo de leitura":"11 minutos"},"schema":{"@context":"https:\/\/schema.org","@graph":[{"@type":"NewsArticle","@id":"https:\/\/www.estrategiaconcursos.com.br\/blog\/concurso-ifnmg\/#article","isPartOf":{"@id":"https:\/\/www.estrategiaconcursos.com.br\/blog\/concurso-ifnmg\/"},"author":{"name":"Coordena\u00e7\u00e3o","@id":"https:\/\/www.estrategiaconcursos.com.br\/blog\/#\/schema\/person\/b4a388c97673c5f483d72185668afa1f"},"headline":"Concurso IFNMG: inscri\u00e7\u00f5es encerradas; provas em agosto!","datePublished":"2024-07-16T13:20:00+00:00","dateModified":"2024-07-16T13:43:15+00:00","mainEntityOfPage":{"@id":"https:\/\/www.estrategiaconcursos.com.br\/blog\/concurso-ifnmg\/"},"wordCount":2437,"commentCount":1,"publisher":{"@id":"https:\/\/www.estrategiaconcursos.com.br\/blog\/#organization"},"image":{"@id":"https:\/\/www.estrategiaconcursos.com.br\/blog\/concurso-ifnmg\/#primaryimage"},"thumbnailUrl":"https:\/\/dhg1h5j42swfq.cloudfront.net\/2022\/03\/23072302\/concurso-ifnmg.png","articleSection":["Educa\u00e7\u00e3o"],"inLanguage":"pt-BR","potentialAction":[{"@type":"CommentAction","name":"Comment","target":["https:\/\/www.estrategiaconcursos.com.br\/blog\/concurso-ifnmg\/#respond"]}],"copyrightYear":"2024","copyrightHolder":{"@id":"https:\/\/www.estrategiaconcursos.com.br\/blog\/#organization"}},{"@type":"WebPage","@id":"https:\/\/www.estrategiaconcursos.com.br\/blog\/concurso-ifnmg\/","url":"https:\/\/www.estrategiaconcursos.com.br\/blog\/concurso-ifnmg\/","name":"Concurso IFNMG: inscri\u00e7\u00f5es encerradas; provas em agosto!","isPartOf":{"@id":"https:\/\/www.estrategiaconcursos.com.br\/blog\/#website"},"primaryImageOfPage":{"@id":"https:\/\/www.estrategiaconcursos.com.br\/blog\/concurso-ifnmg\/#primaryimage"},"image":{"@id":"https:\/\/www.estrategiaconcursos.com.br\/blog\/concurso-ifnmg\/#primaryimage"},"thumbnailUrl":"https:\/\/dhg1h5j42swfq.cloudfront.net\/2022\/03\/23072302\/concurso-ifnmg.png","datePublished":"2024-07-16T13:20:00+00:00","dateModified":"2024-07-16T13:43:15+00:00","description":"Concurso IFNMG: confira os detalhes do edital do Instituto Federal de Educa\u00e7\u00e3o, Ci\u00eancia e Tecnologia do Norte de MG!","breadcrumb":{"@id":"https:\/\/www.estrategiaconcursos.com.br\/blog\/concurso-ifnmg\/#breadcrumb"},"inLanguage":"pt-BR","potentialAction":[{"@type":"ReadAction","target":["https:\/\/www.estrategiaconcursos.com.br\/blog\/concurso-ifnmg\/"]}]},{"@type":"ImageObject","inLanguage":"pt-BR","@id":"https:\/\/www.estrategiaconcursos.com.br\/blog\/concurso-ifnmg\/#primaryimage","url":"https:\/\/dhg1h5j42swfq.cloudfront.net\/2022\/03\/23072302\/concurso-ifnmg.png","contentUrl":"https:\/\/dhg1h5j42swfq.cloudfront.net\/2022\/03\/23072302\/concurso-ifnmg.png","width":246,"height":205},{"@type":"BreadcrumbList","@id":"https:\/\/www.estrategiaconcursos.com.br\/blog\/concurso-ifnmg\/#breadcrumb","itemListElement":[{"@type":"ListItem","position":1,"name":"In\u00edcio","item":"https:\/\/www.estrategiaconcursos.com.br\/blog\/"},{"@type":"ListItem","position":2,"name":"Concurso IFNMG: inscri\u00e7\u00f5es encerradas; provas em agosto!"}]},{"@type":"WebSite","@id":"https:\/\/www.estrategiaconcursos.com.br\/blog\/#website","url":"https:\/\/www.estrategiaconcursos.com.br\/blog\/","name":"Estrat\u00e9gia Concursos","description":"O blog da Estrat\u00e9gia Concursos traz not\u00edcias sobre concursos e artigos de professores oferecendo cursos para concursos (pdf + videaulas) no site.","publisher":{"@id":"https:\/\/www.estrategiaconcursos.com.br\/blog\/#organization"},"potentialAction":[{"@type":"SearchAction","target":{"@type":"EntryPoint","urlTemplate":"https:\/\/www.estrategiaconcursos.com.br\/blog\/?s={search_term_string}"},"query-input":{"@type":"PropertyValueSpecification","valueRequired":true,"valueName":"search_term_string"}}],"inLanguage":"pt-BR"},{"@type":"Organization","@id":"https:\/\/www.estrategiaconcursos.com.br\/blog\/#organization","name":"Estrat\u00e9gia Concursos","url":"https:\/\/www.estrategiaconcursos.com.br\/blog\/","logo":{"@type":"ImageObject","inLanguage":"pt-BR","@id":"https:\/\/www.estrategiaconcursos.com.br\/blog\/#\/schema\/logo\/image\/","url":"https:\/\/dhg1h5j42swfq.cloudfront.net\/2025\/06\/03203428\/logo_concursos-1.jpg","contentUrl":"https:\/\/dhg1h5j42swfq.cloudfront.net\/2025\/06\/03203428\/logo_concursos-1.jpg","width":230,"height":60,"caption":"Estrat\u00e9gia Concursos"},"image":{"@id":"https:\/\/www.estrategiaconcursos.com.br\/blog\/#\/schema\/logo\/image\/"},"sameAs":["https:\/\/x.com\/EstratConcursos"]},{"@type":"Person","@id":"https:\/\/www.estrategiaconcursos.com.br\/blog\/#\/schema\/person\/b4a388c97673c5f483d72185668afa1f","name":"Coordena\u00e7\u00e3o","image":{"@type":"ImageObject","inLanguage":"pt-BR","@id":"https:\/\/secure.gravatar.com\/avatar\/b720319e4c9a967eb58678d110f4fe35452fc5d5f97b202bac7b8acceb18c6ad?s=96&d=mm&r=g","url":"https:\/\/secure.gravatar.com\/avatar\/b720319e4c9a967eb58678d110f4fe35452fc5d5f97b202bac7b8acceb18c6ad?s=96&d=mm&r=g","contentUrl":"https:\/\/secure.gravatar.com\/avatar\/b720319e4c9a967eb58678d110f4fe35452fc5d5f97b202bac7b8acceb18c6ad?s=96&d=mm&r=g","caption":"Coordena\u00e7\u00e3o"},"sameAs":["https:\/\/www.facebook.com\/EstrategiaConcursos","https:\/\/x.com\/EstratConcursos"],"url":"https:\/\/www.estrategiaconcursos.com.br\/blog\/author\/estrategia2013\/"}]}},"_links":{"self":[{"href":"https:\/\/www.estrategiaconcursos.com.br\/blog\/wp-json\/wp\/v2\/posts\/381312","targetHints":{"allow":["GET"]}}],"collection":[{"href":"https:\/\/www.estrategiaconcursos.com.br\/blog\/wp-json\/wp\/v2\/posts"}],"about":[{"href":"https:\/\/www.estrategiaconcursos.com.br\/blog\/wp-json\/wp\/v2\/types\/post"}],"author":[{"embeddable":true,"href":"https:\/\/www.estrategiaconcursos.com.br\/blog\/wp-json\/wp\/v2\/users\/1"}],"replies":[{"embeddable":true,"href":"https:\/\/www.estrategiaconcursos.com.br\/blog\/wp-json\/wp\/v2\/comments?post=381312"}],"version-history":[{"count":64,"href":"https:\/\/www.estrategiaconcursos.com.br\/blog\/wp-json\/wp\/v2\/posts\/381312\/revisions"}],"predecessor-version":[{"id":1430857,"href":"https:\/\/www.estrategiaconcursos.com.br\/blog\/wp-json\/wp\/v2\/posts\/381312\/revisions\/1430857"}],"wp:featuredmedia":[{"embeddable":true,"href":"https:\/\/www.estrategiaconcursos.com.br\/blog\/wp-json\/wp\/v2\/media\/992895"}],"wp:attachment":[{"href":"https:\/\/www.estrategiaconcursos.com.br\/blog\/wp-json\/wp\/v2\/media?parent=381312"}],"wp:term":[{"taxonomy":"category","embeddable":true,"href":"https:\/\/www.estrategiaconcursos.com.br\/blog\/wp-json\/wp\/v2\/categories?post=381312"},{"taxonomy":"post_tag","embeddable":true,"href":"https:\/\/www.estrategiaconcursos.com.br\/blog\/wp-json\/wp\/v2\/tags?post=381312"},{"taxonomy":"tax_estado","embeddable":true,"href":"https:\/\/www.estrategiaconcursos.com.br\/blog\/wp-json\/wp\/v2\/tax_estado?post=381312"}],"curies":[{"name":"wp","href":"https:\/\/api.w.org\/{rel}","templated":true}]}}