{"id":380516,"date":"2020-04-13T08:00:00","date_gmt":"2020-04-13T11:00:00","guid":{"rendered":"https:\/\/www.estrategiaconcursos.com.br\/blog\/?p=380516"},"modified":"2021-11-22T07:22:47","modified_gmt":"2021-11-22T10:22:47","slug":"concurso-ufrpe-suspenso","status":"publish","type":"post","link":"https:\/\/www.estrategiaconcursos.com.br\/blog\/concurso-ufrpe-suspenso\/","title":{"rendered":"Concurso UFRPE: atividades suspensas devido ao Covid-19"},"content":{"rendered":"\n<p>O concurso p\u00fablico da Universidade Federal Rural de Pernambuco teve suas atividades suspensas devido a pandemia de Coronav\u00edrus (COVID-19) que assola o Brasil.<\/p>\n\n\n\n<p>De acordo com a Reitora da Universidade, ficaram suspensas as atividades at\u00e9 que se normalize tudo e um novo cronograma ser\u00e1 divulgado.<\/p>\n\n\n\n<p>O certame visa ofertar<strong> 09 vagas<\/strong> de provimento imediato para cinco cargos diferentes para n\u00edvel m\u00e9dio e superior. As remunera\u00e7\u00f5es iniciais s\u00e3o de R$ 2.446,96  para cargos de n\u00edvel m\u00e9dio e R$ 4.180,66, para os cargos de n\u00edvel superior.  <\/p>\n\n\n\n<h3 class=\"wp-block-heading\">Principais datas e informa\u00e7\u00f5es<\/h3>\n\n\n\n<ul class=\"wp-block-list\"><li><strong>Inscri\u00e7\u00e3o<\/strong>: 01 de julho at\u00e9 19 de agosto<\/li><li><strong>Pagamento da taxa: <\/strong>at\u00e9 \u00e0s 16h do dia 20 de agosto<\/li><li><strong>Prova Objetiva e Discursiva<\/strong>: 29 setembro<\/li><\/ul>\n\n\n\n<h2 class=\"wp-block-heading\">Remunera\u00e7\u00e3o e Cargos<\/h2>\n\n\n\n<p>As remunera\u00e7\u00f5es variam entre R$ 2.446,96 e R$ 4.180,66, a depender do n\u00edvel escolar e do cargo, para jornadas de 40h semanais, exceto no cargo de m\u00e9dico\/\u00e1rea, cujo regime \u00e9 o de 20 horas.<\/p>\n\n\n\n<p><strong>Para os cargos de n\u00edvel m\u00e9dio, o inicial ser\u00e1 de R$ 2.446,96:<\/strong><\/p>\n\n\n\n<ul class=\"wp-block-list\"><li> Assistente em Administra\u00e7\u00e3o <\/li><li> T\u00e9cnico de Tecnologia da Informa\u00e7\u00e3o\/\u00c1rea Seguran\u00e7a da Informa\u00e7\u00e3o <\/li><\/ul>\n\n\n\n<p><strong>Para os cargos de n\u00edvel superior, o inicial ser\u00e1 de R$ 4.180,66:<\/strong><\/p>\n\n\n\n<ul class=\"wp-block-list\"><li>M\u00e9dico \/ Cl\u00ednica<\/li><li>Economista<\/li><\/ul>\n\n\n\n<h2 class=\"wp-block-heading\">Descri\u00e7\u00e3o dos cargos<\/h2>\n\n\n\n<p><strong>Assistente em Administra\u00e7\u00e3o <\/strong>&#8211;  Executar servi\u00e7os de apoio nas \u00e1reas de recursos humanos, administra\u00e7\u00e3o, finan\u00e7as e log\u00edstica; atender usu\u00e1rios, fornecendo e recebendo informa\u00e7\u00f5es; tratar de documentos variados, cumprindo todo o procedimento necess\u00e1rio referente aos mesmos; preparar relat\u00f3rios e planilhas; executar servi\u00e7os gerais de escrit\u00f3rios. Assessorar nas atividades de ensino, pesquisa e extens\u00e3o. <\/p>\n\n\n\n<p><strong>T\u00e9cnico de Tecnologia da Informa\u00e7\u00e3o<\/strong> &#8211; Desenvolver sistemas e aplica\u00e7\u00f5es, determinando interface gr\u00e1fica, crit\u00e9rios ergon\u00f4micos de navega\u00e7\u00e3o, montagem da estrutura de banco de dados e codifica\u00e7\u00e3o de programas; projetar, implantar e realizar manuten\u00e7\u00e3o de sistemas e aplica\u00e7\u00f5es; selecionar recursos de trabalho, tais como metodologias de desenvolvimento de sistemas, linguagem de programa\u00e7\u00e3o e ferramentas de desenvolvimento. Assessorar nas atividades de ensino, pesquisa e extens\u00e3o. <\/p>\n\n\n\n<p><strong>Economista &#8211;<\/strong> Analisar o ambiente econ\u00f4mico; elaborar e executar projetos de pesquisa econ\u00f4mica, de mercado e de viabilidade econ\u00f4mica, dentre outros. Participar do planejamento estrat\u00e9gico e de curto prazo e avaliar pol\u00edticas de impacto coletivo para o governo, ONG e outras organiza\u00e7\u00f5es. Gerir programa\u00e7\u00e3o econ\u00f4mico financeira; atuar nos mercados internos e externos; examinar finan\u00e7as empresariais. Exercer media\u00e7\u00e3o, per\u00edcia e arbitragem. Assessorar nas atividades de ensino, pesquisa e extens\u00e3o. <\/p>\n\n\n\n<p><strong>M\u00e9dico<\/strong> &#8211; Realizar consultas e atendimentos m\u00e9dicos; tratar pacientes; implementar a\u00e7\u00f5es para promo\u00e7\u00e3o da sa\u00fade; coordenar programas e servi\u00e7os em sa\u00fade, efetuar per\u00edcias, auditorias e sindic\u00e2ncias m\u00e9dicas; elaborar documentos e difundir conhecimentos da \u00e1rea m\u00e9dica. Assessorar nas atividades de ensino, pesquisa e extens\u00e3o. <\/p>\n\n\n\n<h2 class=\"wp-block-heading\">As etapas do Concurso UFC<\/h2>\n\n\n\n<p>Este certame contar\u00e1 com Prova Objetiva e Prova Discursiva para todos os cargos e ser\u00e3o aplicadas no dia 29 de setembro, com dura\u00e7\u00e3o de 04 horas.<\/p>\n\n\n\n<p> Para todos os cargos, a <strong>prova objetiva<\/strong> constar\u00e1 de 64 quest\u00f5es de m\u00faltipla escolha, com 05 alternativas. Cada quest\u00e3o valer\u00e1 1,5625 pontos, conforme composi\u00e7\u00e3o e distribui\u00e7\u00e3o descritas na tabela a seguir, totalizando 100 pontos: <\/p>\n\n\n\n<figure class=\"wp-block-image is-resized\"><img loading=\"lazy\" decoding=\"async\" src=\"https:\/\/dhg1h5j42swfq.cloudfront.net\/2019\/05\/30103020\/ufrpe-provas.jpg.jpg\" alt=\"\" class=\"wp-image-380547\" width=\"787\" height=\"148\" srcset=\"https:\/\/dhg1h5j42swfq.cloudfront.net\/2019\/05\/30103020\/ufrpe-provas.jpg.jpg 955w, https:\/\/dhg1h5j42swfq.cloudfront.net\/2019\/05\/30103020\/ufrpe-provas.jpg.jpg 300w, https:\/\/dhg1h5j42swfq.cloudfront.net\/2019\/05\/30103020\/ufrpe-provas.jpg.jpg 610w\" sizes=\"auto, (max-width: 787px) 100vw, 787px\" \/><\/figure>\n\n\n\n<p>A <strong>prova discursiva t<\/strong>er\u00e1 60 pontos distribu\u00eddos entre os aspectos tem\u00e1ticos e de textualidade e 40 pontos entre os aspectos lingu\u00edsticos, totalizando em 100 pontos.<\/p>\n\n\n\n<figure class=\"wp-block-image is-resized\"><img loading=\"lazy\" decoding=\"async\" src=\"https:\/\/dhg1h5j42swfq.cloudfront.net\/2019\/05\/30103226\/disc-ufrpe.jpg.jpg\" alt=\"\" class=\"wp-image-380554\" width=\"804\" height=\"108\" srcset=\"https:\/\/dhg1h5j42swfq.cloudfront.net\/2019\/05\/30103226\/disc-ufrpe.jpg.jpg 962w, https:\/\/dhg1h5j42swfq.cloudfront.net\/2019\/05\/30103226\/disc-ufrpe.jpg.jpg 300w, https:\/\/dhg1h5j42swfq.cloudfront.net\/2019\/05\/30103226\/disc-ufrpe.jpg.jpg 768w, https:\/\/dhg1h5j42swfq.cloudfront.net\/2019\/05\/30103226\/disc-ufrpe.jpg.jpg 610w\" sizes=\"auto, (max-width: 804px) 100vw, 804px\" \/><\/figure>\n\n\n\n<p class=\"has-text-align-center has-luminous-vivid-amber-background-color has-background has-medium-font-size\"><em><strong><a rel=\"noreferrer noopener\" aria-label=\"CURSO UFRPE (abre numa nova aba)\" href=\"https:\/\/www.estrategiaconcursos.com.br\/cursosPorConcurso\/universidade-federal-rural-de-pernambuco-ufrpe\/\" target=\"_blank\">CURSO UFRPE<\/a><\/strong><\/em><\/p>\n\n\n\n<p class=\"has-text-align-center has-pale-cyan-blue-background-color has-background\" style=\"font-size:clamp(14px, 0.875rem + ((1vw - 3.2px) * 0.49), 19px);px\"><strong><a href=\"https:\/\/www.estrategiaconcursos.com.br\/blog\/concursos-abertos\/\">CONCURSOS ABERTOS<\/a><\/strong><\/p>\n\n\n\n<p class=\"has-text-align-center has-pale-cyan-blue-background-color has-background\" style=\"font-size:clamp(14px, 0.875rem + ((1vw - 3.2px) * 0.49), 19px);px\"><a href=\"https:\/\/www.estrategiaconcursos.com.br\/blog\/concursos-2019\/\"><strong>CONCURSOS 2019<\/strong><\/a><\/p>\n\n\n\n<p class=\"has-text-align-center has-pale-cyan-blue-background-color has-background\" style=\"font-size:clamp(14px, 0.875rem + ((1vw - 3.2px) * 0.49), 19px);px\"><a href=\"https:\/\/www.estrategiaconcursos.com.br\/blog\/concursos-2020\/\"><strong>CONCURSOS<\/strong><\/a><strong><a href=\"https:\/\/www.estrategiaconcursos.com.br\/blog\/concursos-2020\/\">&nbsp;2020<\/a><\/strong><\/p>\n\n\n\n<figure class=\"wp-block-image\"><img loading=\"lazy\" decoding=\"async\" width=\"300\" height=\"102\" src=\"https:\/\/dhg1h5j42swfq.cloudfront.net\/2017\/03\/28152500\/coruja-ficha-tecnica-300x102.png\" alt=\"Ficha t\u00e9cnica\" class=\"wp-image-68542\"\/><\/figure>\n\n\n\n<p><strong>Informa\u00e7\u00f5es sobre o concurso UFRPE<\/strong><\/p>\n\n\n\n<p>\u25ba<strong>Data prevista da prova:<\/strong> 29 de setembro<strong><br \/>\u25baVagas: <\/strong>09<strong><br \/>\u25baCargos: <\/strong>Diversos cargos<strong><br \/>\u25baLota\u00e7\u00f5es: <\/strong>Unidades do Campus<strong><br \/>\u25baBanca: <\/strong>Sugep &#8211; UFRPE<strong><br \/>\u25baEscolaridade: <\/strong>N\u00edvel Superior e m\u00e9dio<\/p>\n\n\n\n<p>\u25ba<strong>Edital: <\/strong><a rel=\"noreferrer noopener\" aria-label=\"Edital UFRPE (abre numa nova aba)\" href=\"https:\/\/dhg1h5j42swfq.cloudfront.net\/2019\/05\/30103646\/Edital-UFRPE-2019.pdf\" target=\"_blank\">Edital UFRPE<\/a><strong><br \/>\u25baRetifica\u00e7\u00e3o:<\/strong> <a href=\"https:\/\/dhg1h5j42swfq.cloudfront.net\/2019\/08\/06091432\/UFRPE.pdf\" target=\"_blank\" rel=\"noreferrer noopener\" aria-label=\"Retifica\u00e7\u00e3o UFRPE (abre numa nova aba)\">Retifica\u00e7\u00e3o UFRPE<\/a><\/p>\n\n\n\n<p><em>Ascom Estrat\u00e9gia<\/em><br \/>ascomestrategia@gmail.com<\/p>\n\n\n\n<p> <br \/><\/p>\n","protected":false},"excerpt":{"rendered":"<p>O concurso p\u00fablico da Universidade Federal Rural de Pernambuco teve suas atividades suspensas devido a pandemia de Coronav\u00edrus (COVID-19) que assola o Brasil. De acordo com a Reitora da Universidade, ficaram suspensas as atividades at\u00e9 que se normalize tudo e um novo cronograma ser\u00e1 divulgado. O certame visa ofertar 09 vagas de provimento imediato para [&hellip;]<\/p>\n","protected":false},"author":1,"featured_media":376359,"comment_status":"open","ping_status":"closed","sticky":false,"template":"","format":"standard","meta":{"post_tipo":"news","footnotes":""},"categories":[1],"tags":[],"tax_estado":[],"class_list":["post-380516","post","type-post","status-publish","format-standard","has-post-thumbnail","hentry","category-cursos-e-concursos"],"acf":[],"yoast_head":"<!-- This site is optimized with the Yoast SEO Premium plugin v27.2 (Yoast SEO v27.2) - https:\/\/yoast.com\/product\/yoast-seo-premium-wordpress\/ -->\n<title>Concurso UFRPE: atividades suspensas devido ao Covid-19<\/title>\n<meta name=\"description\" content=\"Concurso UFRPE: atividades suspensas devido ao coronav\u00edrus. Confira todas as informa\u00e7\u00f5es sobre este certame e garanta sua vaga!\" \/>\n<meta name=\"robots\" content=\"index, follow, max-snippet:-1, max-image-preview:large, max-video-preview:-1\" \/>\n<link rel=\"canonical\" href=\"https:\/\/www.estrategiaconcursos.com.br\/blog\/concurso-ufrpe-suspenso\/\" \/>\n<meta property=\"og:locale\" content=\"pt_BR\" \/>\n<meta property=\"og:type\" content=\"article\" \/>\n<meta property=\"og:title\" content=\"Concurso UFRPE: atividades suspensas devido ao Covid-19\" \/>\n<meta property=\"og:description\" content=\"Concurso UFRPE: atividades suspensas devido ao coronav\u00edrus. Confira todas as informa\u00e7\u00f5es sobre este certame e garanta sua vaga!\" \/>\n<meta property=\"og:url\" content=\"https:\/\/www.estrategiaconcursos.com.br\/blog\/concurso-ufrpe-suspenso\/\" \/>\n<meta property=\"og:site_name\" content=\"Estrat\u00e9gia Concursos\" \/>\n<meta property=\"article:author\" content=\"https:\/\/www.facebook.com\/EstrategiaConcursos\" \/>\n<meta property=\"article:published_time\" content=\"2020-04-13T11:00:00+00:00\" \/>\n<meta property=\"article:modified_time\" content=\"2021-11-22T10:22:47+00:00\" \/>\n<meta property=\"og:image\" content=\"https:\/\/dhg1h5j42swfq.cloudfront.net\/2019\/05\/22091947\/saiu-edital-1024x536-e1559223622269.jpg\" \/>\n\t<meta property=\"og:image:width\" content=\"400\" \/>\n\t<meta property=\"og:image:height\" content=\"209\" \/>\n\t<meta property=\"og:image:type\" content=\"image\/jpeg\" \/>\n<meta name=\"author\" content=\"Coordena\u00e7\u00e3o\" \/>\n<meta name=\"twitter:card\" content=\"summary_large_image\" \/>\n<meta name=\"twitter:creator\" content=\"@EstratConcursos\" \/>\n<meta name=\"twitter:site\" content=\"@EstratConcursos\" \/>\n<meta name=\"twitter:label1\" content=\"Escrito por\" \/>\n\t<meta name=\"twitter:data1\" content=\"Coordena\u00e7\u00e3o\" \/>\n\t<meta name=\"twitter:label2\" content=\"Est. tempo de leitura\" \/>\n\t<meta name=\"twitter:data2\" content=\"4 minutos\" \/>\n<script type=\"application\/ld+json\" class=\"yoast-schema-graph\">{\"@context\":\"https:\/\/schema.org\",\"@graph\":[{\"@type\":\"NewsArticle\",\"@id\":\"https:\/\/www.estrategiaconcursos.com.br\/blog\/concurso-ufrpe-suspenso\/#article\",\"isPartOf\":{\"@id\":\"https:\/\/www.estrategiaconcursos.com.br\/blog\/concurso-ufrpe-suspenso\/\"},\"author\":{\"name\":\"Coordena\u00e7\u00e3o\",\"@id\":\"https:\/\/www.estrategiaconcursos.com.br\/blog\/#\/schema\/person\/b4a388c97673c5f483d72185668afa1f\"},\"headline\":\"Concurso UFRPE: atividades suspensas devido ao Covid-19\",\"datePublished\":\"2020-04-13T11:00:00+00:00\",\"dateModified\":\"2021-11-22T10:22:47+00:00\",\"mainEntityOfPage\":{\"@id\":\"https:\/\/www.estrategiaconcursos.com.br\/blog\/concurso-ufrpe-suspenso\/\"},\"wordCount\":631,\"commentCount\":1,\"publisher\":{\"@id\":\"https:\/\/www.estrategiaconcursos.com.br\/blog\/#organization\"},\"image\":{\"@id\":\"https:\/\/www.estrategiaconcursos.com.br\/blog\/concurso-ufrpe-suspenso\/#primaryimage\"},\"thumbnailUrl\":\"https:\/\/dhg1h5j42swfq.cloudfront.net\/2019\/05\/22091947\/saiu-edital-1024x536-e1559223622269.jpg\",\"articleSection\":[\"Concursos P\u00fablicos\"],\"inLanguage\":\"pt-BR\",\"potentialAction\":[{\"@type\":\"CommentAction\",\"name\":\"Comment\",\"target\":[\"https:\/\/www.estrategiaconcursos.com.br\/blog\/concurso-ufrpe-suspenso\/#respond\"]}],\"copyrightYear\":\"2020\",\"copyrightHolder\":{\"@id\":\"https:\/\/www.estrategiaconcursos.com.br\/blog\/#organization\"}},{\"@type\":\"WebPage\",\"@id\":\"https:\/\/www.estrategiaconcursos.com.br\/blog\/concurso-ufrpe-suspenso\/\",\"url\":\"https:\/\/www.estrategiaconcursos.com.br\/blog\/concurso-ufrpe-suspenso\/\",\"name\":\"Concurso UFRPE: atividades suspensas devido ao Covid-19\",\"isPartOf\":{\"@id\":\"https:\/\/www.estrategiaconcursos.com.br\/blog\/#website\"},\"primaryImageOfPage\":{\"@id\":\"https:\/\/www.estrategiaconcursos.com.br\/blog\/concurso-ufrpe-suspenso\/#primaryimage\"},\"image\":{\"@id\":\"https:\/\/www.estrategiaconcursos.com.br\/blog\/concurso-ufrpe-suspenso\/#primaryimage\"},\"thumbnailUrl\":\"https:\/\/dhg1h5j42swfq.cloudfront.net\/2019\/05\/22091947\/saiu-edital-1024x536-e1559223622269.jpg\",\"datePublished\":\"2020-04-13T11:00:00+00:00\",\"dateModified\":\"2021-11-22T10:22:47+00:00\",\"description\":\"Concurso UFRPE: atividades suspensas devido ao coronav\u00edrus. Confira todas as informa\u00e7\u00f5es sobre este certame e garanta sua vaga!\",\"breadcrumb\":{\"@id\":\"https:\/\/www.estrategiaconcursos.com.br\/blog\/concurso-ufrpe-suspenso\/#breadcrumb\"},\"inLanguage\":\"pt-BR\",\"potentialAction\":[{\"@type\":\"ReadAction\",\"target\":[\"https:\/\/www.estrategiaconcursos.com.br\/blog\/concurso-ufrpe-suspenso\/\"]}]},{\"@type\":\"ImageObject\",\"inLanguage\":\"pt-BR\",\"@id\":\"https:\/\/www.estrategiaconcursos.com.br\/blog\/concurso-ufrpe-suspenso\/#primaryimage\",\"url\":\"https:\/\/dhg1h5j42swfq.cloudfront.net\/2019\/05\/22091947\/saiu-edital-1024x536-e1559223622269.jpg\",\"contentUrl\":\"https:\/\/dhg1h5j42swfq.cloudfront.net\/2019\/05\/22091947\/saiu-edital-1024x536-e1559223622269.jpg\",\"width\":400,\"height\":209,\"caption\":\"Concurso Advogado GHC RS\"},{\"@type\":\"BreadcrumbList\",\"@id\":\"https:\/\/www.estrategiaconcursos.com.br\/blog\/concurso-ufrpe-suspenso\/#breadcrumb\",\"itemListElement\":[{\"@type\":\"ListItem\",\"position\":1,\"name\":\"In\u00edcio\",\"item\":\"https:\/\/www.estrategiaconcursos.com.br\/blog\/\"},{\"@type\":\"ListItem\",\"position\":2,\"name\":\"Concurso UFRPE: atividades suspensas devido ao Covid-19\"}]},{\"@type\":\"WebSite\",\"@id\":\"https:\/\/www.estrategiaconcursos.com.br\/blog\/#website\",\"url\":\"https:\/\/www.estrategiaconcursos.com.br\/blog\/\",\"name\":\"Estrat\u00e9gia Concursos\",\"description\":\"O blog da Estrat\u00e9gia Concursos traz not\u00edcias sobre concursos e artigos de professores oferecendo cursos para concursos (pdf + videaulas) no site.\",\"publisher\":{\"@id\":\"https:\/\/www.estrategiaconcursos.com.br\/blog\/#organization\"},\"potentialAction\":[{\"@type\":\"SearchAction\",\"target\":{\"@type\":\"EntryPoint\",\"urlTemplate\":\"https:\/\/www.estrategiaconcursos.com.br\/blog\/?s={search_term_string}\"},\"query-input\":{\"@type\":\"PropertyValueSpecification\",\"valueRequired\":true,\"valueName\":\"search_term_string\"}}],\"inLanguage\":\"pt-BR\"},{\"@type\":\"Organization\",\"@id\":\"https:\/\/www.estrategiaconcursos.com.br\/blog\/#organization\",\"name\":\"Estrat\u00e9gia Concursos\",\"url\":\"https:\/\/www.estrategiaconcursos.com.br\/blog\/\",\"logo\":{\"@type\":\"ImageObject\",\"inLanguage\":\"pt-BR\",\"@id\":\"https:\/\/www.estrategiaconcursos.com.br\/blog\/#\/schema\/logo\/image\/\",\"url\":\"https:\/\/dhg1h5j42swfq.cloudfront.net\/2025\/06\/03203428\/logo_concursos-1.jpg\",\"contentUrl\":\"https:\/\/dhg1h5j42swfq.cloudfront.net\/2025\/06\/03203428\/logo_concursos-1.jpg\",\"width\":230,\"height\":60,\"caption\":\"Estrat\u00e9gia Concursos\"},\"image\":{\"@id\":\"https:\/\/www.estrategiaconcursos.com.br\/blog\/#\/schema\/logo\/image\/\"},\"sameAs\":[\"https:\/\/x.com\/EstratConcursos\"]},{\"@type\":\"Person\",\"@id\":\"https:\/\/www.estrategiaconcursos.com.br\/blog\/#\/schema\/person\/b4a388c97673c5f483d72185668afa1f\",\"name\":\"Coordena\u00e7\u00e3o\",\"image\":{\"@type\":\"ImageObject\",\"inLanguage\":\"pt-BR\",\"@id\":\"https:\/\/secure.gravatar.com\/avatar\/b720319e4c9a967eb58678d110f4fe35452fc5d5f97b202bac7b8acceb18c6ad?s=96&d=mm&r=g\",\"url\":\"https:\/\/secure.gravatar.com\/avatar\/b720319e4c9a967eb58678d110f4fe35452fc5d5f97b202bac7b8acceb18c6ad?s=96&d=mm&r=g\",\"contentUrl\":\"https:\/\/secure.gravatar.com\/avatar\/b720319e4c9a967eb58678d110f4fe35452fc5d5f97b202bac7b8acceb18c6ad?s=96&d=mm&r=g\",\"caption\":\"Coordena\u00e7\u00e3o\"},\"sameAs\":[\"https:\/\/www.facebook.com\/EstrategiaConcursos\",\"https:\/\/x.com\/EstratConcursos\"],\"url\":\"https:\/\/www.estrategiaconcursos.com.br\/blog\/author\/estrategia2013\/\"}]}<\/script>\n<!-- \/ Yoast SEO Premium plugin. -->","yoast_head_json":{"title":"Concurso UFRPE: atividades suspensas devido ao Covid-19","description":"Concurso UFRPE: atividades suspensas devido ao coronav\u00edrus. Confira todas as informa\u00e7\u00f5es sobre este certame e garanta sua vaga!","robots":{"index":"index","follow":"follow","max-snippet":"max-snippet:-1","max-image-preview":"max-image-preview:large","max-video-preview":"max-video-preview:-1"},"canonical":"https:\/\/www.estrategiaconcursos.com.br\/blog\/concurso-ufrpe-suspenso\/","og_locale":"pt_BR","og_type":"article","og_title":"Concurso UFRPE: atividades suspensas devido ao Covid-19","og_description":"Concurso UFRPE: atividades suspensas devido ao coronav\u00edrus. Confira todas as informa\u00e7\u00f5es sobre este certame e garanta sua vaga!","og_url":"https:\/\/www.estrategiaconcursos.com.br\/blog\/concurso-ufrpe-suspenso\/","og_site_name":"Estrat\u00e9gia Concursos","article_author":"https:\/\/www.facebook.com\/EstrategiaConcursos","article_published_time":"2020-04-13T11:00:00+00:00","article_modified_time":"2021-11-22T10:22:47+00:00","og_image":[{"width":400,"height":209,"url":"https:\/\/dhg1h5j42swfq.cloudfront.net\/2019\/05\/22091947\/saiu-edital-1024x536-e1559223622269.jpg","type":"image\/jpeg"}],"author":"Coordena\u00e7\u00e3o","twitter_card":"summary_large_image","twitter_creator":"@EstratConcursos","twitter_site":"@EstratConcursos","twitter_misc":{"Escrito por":"Coordena\u00e7\u00e3o","Est. tempo de leitura":"4 minutos"},"schema":{"@context":"https:\/\/schema.org","@graph":[{"@type":"NewsArticle","@id":"https:\/\/www.estrategiaconcursos.com.br\/blog\/concurso-ufrpe-suspenso\/#article","isPartOf":{"@id":"https:\/\/www.estrategiaconcursos.com.br\/blog\/concurso-ufrpe-suspenso\/"},"author":{"name":"Coordena\u00e7\u00e3o","@id":"https:\/\/www.estrategiaconcursos.com.br\/blog\/#\/schema\/person\/b4a388c97673c5f483d72185668afa1f"},"headline":"Concurso UFRPE: atividades suspensas devido ao Covid-19","datePublished":"2020-04-13T11:00:00+00:00","dateModified":"2021-11-22T10:22:47+00:00","mainEntityOfPage":{"@id":"https:\/\/www.estrategiaconcursos.com.br\/blog\/concurso-ufrpe-suspenso\/"},"wordCount":631,"commentCount":1,"publisher":{"@id":"https:\/\/www.estrategiaconcursos.com.br\/blog\/#organization"},"image":{"@id":"https:\/\/www.estrategiaconcursos.com.br\/blog\/concurso-ufrpe-suspenso\/#primaryimage"},"thumbnailUrl":"https:\/\/dhg1h5j42swfq.cloudfront.net\/2019\/05\/22091947\/saiu-edital-1024x536-e1559223622269.jpg","articleSection":["Concursos P\u00fablicos"],"inLanguage":"pt-BR","potentialAction":[{"@type":"CommentAction","name":"Comment","target":["https:\/\/www.estrategiaconcursos.com.br\/blog\/concurso-ufrpe-suspenso\/#respond"]}],"copyrightYear":"2020","copyrightHolder":{"@id":"https:\/\/www.estrategiaconcursos.com.br\/blog\/#organization"}},{"@type":"WebPage","@id":"https:\/\/www.estrategiaconcursos.com.br\/blog\/concurso-ufrpe-suspenso\/","url":"https:\/\/www.estrategiaconcursos.com.br\/blog\/concurso-ufrpe-suspenso\/","name":"Concurso UFRPE: atividades suspensas devido ao Covid-19","isPartOf":{"@id":"https:\/\/www.estrategiaconcursos.com.br\/blog\/#website"},"primaryImageOfPage":{"@id":"https:\/\/www.estrategiaconcursos.com.br\/blog\/concurso-ufrpe-suspenso\/#primaryimage"},"image":{"@id":"https:\/\/www.estrategiaconcursos.com.br\/blog\/concurso-ufrpe-suspenso\/#primaryimage"},"thumbnailUrl":"https:\/\/dhg1h5j42swfq.cloudfront.net\/2019\/05\/22091947\/saiu-edital-1024x536-e1559223622269.jpg","datePublished":"2020-04-13T11:00:00+00:00","dateModified":"2021-11-22T10:22:47+00:00","description":"Concurso UFRPE: atividades suspensas devido ao coronav\u00edrus. Confira todas as informa\u00e7\u00f5es sobre este certame e garanta sua vaga!","breadcrumb":{"@id":"https:\/\/www.estrategiaconcursos.com.br\/blog\/concurso-ufrpe-suspenso\/#breadcrumb"},"inLanguage":"pt-BR","potentialAction":[{"@type":"ReadAction","target":["https:\/\/www.estrategiaconcursos.com.br\/blog\/concurso-ufrpe-suspenso\/"]}]},{"@type":"ImageObject","inLanguage":"pt-BR","@id":"https:\/\/www.estrategiaconcursos.com.br\/blog\/concurso-ufrpe-suspenso\/#primaryimage","url":"https:\/\/dhg1h5j42swfq.cloudfront.net\/2019\/05\/22091947\/saiu-edital-1024x536-e1559223622269.jpg","contentUrl":"https:\/\/dhg1h5j42swfq.cloudfront.net\/2019\/05\/22091947\/saiu-edital-1024x536-e1559223622269.jpg","width":400,"height":209,"caption":"Concurso Advogado GHC RS"},{"@type":"BreadcrumbList","@id":"https:\/\/www.estrategiaconcursos.com.br\/blog\/concurso-ufrpe-suspenso\/#breadcrumb","itemListElement":[{"@type":"ListItem","position":1,"name":"In\u00edcio","item":"https:\/\/www.estrategiaconcursos.com.br\/blog\/"},{"@type":"ListItem","position":2,"name":"Concurso UFRPE: atividades suspensas devido ao Covid-19"}]},{"@type":"WebSite","@id":"https:\/\/www.estrategiaconcursos.com.br\/blog\/#website","url":"https:\/\/www.estrategiaconcursos.com.br\/blog\/","name":"Estrat\u00e9gia Concursos","description":"O blog da Estrat\u00e9gia Concursos traz not\u00edcias sobre concursos e artigos de professores oferecendo cursos para concursos (pdf + videaulas) no site.","publisher":{"@id":"https:\/\/www.estrategiaconcursos.com.br\/blog\/#organization"},"potentialAction":[{"@type":"SearchAction","target":{"@type":"EntryPoint","urlTemplate":"https:\/\/www.estrategiaconcursos.com.br\/blog\/?s={search_term_string}"},"query-input":{"@type":"PropertyValueSpecification","valueRequired":true,"valueName":"search_term_string"}}],"inLanguage":"pt-BR"},{"@type":"Organization","@id":"https:\/\/www.estrategiaconcursos.com.br\/blog\/#organization","name":"Estrat\u00e9gia Concursos","url":"https:\/\/www.estrategiaconcursos.com.br\/blog\/","logo":{"@type":"ImageObject","inLanguage":"pt-BR","@id":"https:\/\/www.estrategiaconcursos.com.br\/blog\/#\/schema\/logo\/image\/","url":"https:\/\/dhg1h5j42swfq.cloudfront.net\/2025\/06\/03203428\/logo_concursos-1.jpg","contentUrl":"https:\/\/dhg1h5j42swfq.cloudfront.net\/2025\/06\/03203428\/logo_concursos-1.jpg","width":230,"height":60,"caption":"Estrat\u00e9gia Concursos"},"image":{"@id":"https:\/\/www.estrategiaconcursos.com.br\/blog\/#\/schema\/logo\/image\/"},"sameAs":["https:\/\/x.com\/EstratConcursos"]},{"@type":"Person","@id":"https:\/\/www.estrategiaconcursos.com.br\/blog\/#\/schema\/person\/b4a388c97673c5f483d72185668afa1f","name":"Coordena\u00e7\u00e3o","image":{"@type":"ImageObject","inLanguage":"pt-BR","@id":"https:\/\/secure.gravatar.com\/avatar\/b720319e4c9a967eb58678d110f4fe35452fc5d5f97b202bac7b8acceb18c6ad?s=96&d=mm&r=g","url":"https:\/\/secure.gravatar.com\/avatar\/b720319e4c9a967eb58678d110f4fe35452fc5d5f97b202bac7b8acceb18c6ad?s=96&d=mm&r=g","contentUrl":"https:\/\/secure.gravatar.com\/avatar\/b720319e4c9a967eb58678d110f4fe35452fc5d5f97b202bac7b8acceb18c6ad?s=96&d=mm&r=g","caption":"Coordena\u00e7\u00e3o"},"sameAs":["https:\/\/www.facebook.com\/EstrategiaConcursos","https:\/\/x.com\/EstratConcursos"],"url":"https:\/\/www.estrategiaconcursos.com.br\/blog\/author\/estrategia2013\/"}]}},"_links":{"self":[{"href":"https:\/\/www.estrategiaconcursos.com.br\/blog\/wp-json\/wp\/v2\/posts\/380516","targetHints":{"allow":["GET"]}}],"collection":[{"href":"https:\/\/www.estrategiaconcursos.com.br\/blog\/wp-json\/wp\/v2\/posts"}],"about":[{"href":"https:\/\/www.estrategiaconcursos.com.br\/blog\/wp-json\/wp\/v2\/types\/post"}],"author":[{"embeddable":true,"href":"https:\/\/www.estrategiaconcursos.com.br\/blog\/wp-json\/wp\/v2\/users\/1"}],"replies":[{"embeddable":true,"href":"https:\/\/www.estrategiaconcursos.com.br\/blog\/wp-json\/wp\/v2\/comments?post=380516"}],"version-history":[{"count":9,"href":"https:\/\/www.estrategiaconcursos.com.br\/blog\/wp-json\/wp\/v2\/posts\/380516\/revisions"}],"predecessor-version":[{"id":913063,"href":"https:\/\/www.estrategiaconcursos.com.br\/blog\/wp-json\/wp\/v2\/posts\/380516\/revisions\/913063"}],"wp:featuredmedia":[{"embeddable":true,"href":"https:\/\/www.estrategiaconcursos.com.br\/blog\/wp-json\/wp\/v2\/media\/376359"}],"wp:attachment":[{"href":"https:\/\/www.estrategiaconcursos.com.br\/blog\/wp-json\/wp\/v2\/media?parent=380516"}],"wp:term":[{"taxonomy":"category","embeddable":true,"href":"https:\/\/www.estrategiaconcursos.com.br\/blog\/wp-json\/wp\/v2\/categories?post=380516"},{"taxonomy":"post_tag","embeddable":true,"href":"https:\/\/www.estrategiaconcursos.com.br\/blog\/wp-json\/wp\/v2\/tags?post=380516"},{"taxonomy":"tax_estado","embeddable":true,"href":"https:\/\/www.estrategiaconcursos.com.br\/blog\/wp-json\/wp\/v2\/tax_estado?post=380516"}],"curies":[{"name":"wp","href":"https:\/\/api.w.org\/{rel}","templated":true}]}}