{"id":380448,"date":"2019-08-08T01:55:55","date_gmt":"2019-08-08T04:55:55","guid":{"rendered":"https:\/\/www.estrategiaconcursos.com.br\/blog\/?p=380448"},"modified":"2019-08-08T15:12:28","modified_gmt":"2019-08-08T18:12:28","slug":"concurso-ufrj-edital-e-publicado","status":"publish","type":"post","link":"https:\/\/www.estrategiaconcursos.com.br\/blog\/concurso-ufrj-edital-e-publicado\/","title":{"rendered":"Concurso UFRRJ: terminam hoje (8) as inscri\u00e7\u00f5es para T\u00e9cnico Administrativo"},"content":{"rendered":"\n<p>As inscri\u00e7\u00f5es para o concurso da<strong> Universidade Federal<\/strong> <strong>Rural do Rio de Janeiro<\/strong> terminam nesta quinta-feira, 8 de agosto de 2019. <\/p>\n\n\n\n<p>O processo deve ser efetuado via internet, no site da pr\u00f3pria Universidade e realizar o pagamento da taxa de inscri\u00e7\u00e3o que dever\u00e1 ser efetuado, obrigatoriamente, at\u00e9 o dia 08 de agosto de 2019. <\/p>\n\n\n\n<p>O valor da taxa de inscri\u00e7\u00e3o ser\u00e1 de <strong>R$ 150,00 <\/strong>para os cargos de <strong>N\u00edvel Superior e R$85,00<\/strong> para o cargo de <strong>n\u00edvel Intermedi\u00e1rio<\/strong>. <\/p>\n\n\n\n<p>O concurso p\u00fablico visa ofertar quatro vagas para o quadro de pessoal de T\u00e9cnico Administrativo.<\/p>\n\n\n\n<p>Ser\u00e1 uma vaga por cargos\/\u00e1rea distribu\u00eddos para: Administrador, Engenheiro, T\u00e9cnico em Assuntos Educacionais e T\u00e9cnico em Eletroeletr\u00f4nico. Para o cargo de T\u00e9cnico Eletroeletr\u00f4nico \u00e9 necess\u00e1rio Intermedi\u00e1rio ou curso m\u00e9dio profissionalizante, j\u00e1 os demais, todos s\u00e3o exigidos n\u00edvel Superior.<\/p>\n\n\n\n<p>Em rela\u00e7\u00e3o aos sal\u00e1rios do concurso UFRRJ, para os cargos com exig\u00eancia em n\u00edvel superior a remunera\u00e7\u00e3o \u00e9 de R$ 4.180,66 e para o Intermedi\u00e1rio o valor vai para R$ 2.446,96. <\/p>\n\n\n\n<h2 class=\"wp-block-heading\">Etapas<\/h2>\n\n\n\n<p>A Prova Objetiva e Prova de Reda\u00e7\u00e3o, ser\u00e3o realizadas na data prevista<br \/> de 25 de agosto de 2019 no hor\u00e1rio das 13h \u00e0s 17h.<\/p>\n\n\n\n<p>Vale lembrar que o local de realiza\u00e7\u00e3o das provas ser\u00e3o indicados no cart\u00e3o de confirma\u00e7\u00e3o, que estar\u00e1 dispon\u00edvel no portal da Universidade.<\/p>\n\n\n\n<p>A sele\u00e7\u00e3o para o cargo de N\u00edvel Intermedi\u00e1rio compreender\u00e1 a seguinte<br \/> fase: Aplica\u00e7\u00e3o de Prova Escrita Objetiva, que ter\u00e1 car\u00e1ter eliminat\u00f3rio e classificat\u00f3rio. A aplica\u00e7\u00e3o da prova objetiva, ir\u00e1 abranger as disciplinas que est\u00e3o no quadro abaixo: <\/p>\n\n\n\n<div class=\"wp-block-image\"><figure class=\"aligncenter is-resized\"><img loading=\"lazy\" decoding=\"async\" src=\"https:\/\/dhg1h5j42swfq.cloudfront.net\/2019\/05\/30085425\/Captura-de-Tela-2019-05-30-a%CC%80s-08.49.17.png\" alt=\"concurso UFRRJ prova objetiva para os cargos de n\u00edvel intermedi\u00e1rio.\" class=\"wp-image-380451\" width=\"579\" height=\"126\" srcset=\"https:\/\/dhg1h5j42swfq.cloudfront.net\/2019\/05\/30085425\/Captura-de-Tela-2019-05-30-a%CC%80s-08.49.17.png 473w, https:\/\/dhg1h5j42swfq.cloudfront.net\/2019\/05\/30085425\/Captura-de-Tela-2019-05-30-a%CC%80s-08.49.17.png 300w\" sizes=\"auto, (max-width: 579px) 100vw, 579px\" \/><\/figure><\/div>\n\n\n\n<p>J\u00e1 a sele\u00e7\u00e3o para os cargos de N\u00edvel Superior compreender\u00e1 tamb\u00e9m de uma \u00fanica etapa, sendo ela aplica\u00e7\u00e3o de Prova Escrita Objetiva e Prova Discursiva. Esta fase \u00e9 de car\u00e1ter eliminat\u00f3rio e classificat\u00f3rio.<br \/><\/p>\n\n\n\n<p>Para os cargos de N\u00edvel Superior ser\u00e3o aplicadas provas objetivas, de<br \/> acordo com o especificado no quadro:<\/p>\n\n\n\n<div class=\"wp-block-image\"><figure class=\"aligncenter is-resized\"><img loading=\"lazy\" decoding=\"async\" src=\"https:\/\/dhg1h5j42swfq.cloudfront.net\/2019\/05\/30085657\/Captura-de-Tela-2019-05-30-a%CC%80s-08.50.12.png\" alt=\"concurso UFRRJ prova objetiva para os cargos de n\u00edvel superior.\" class=\"wp-image-380454\" width=\"610\" height=\"131\" srcset=\"https:\/\/dhg1h5j42swfq.cloudfront.net\/2019\/05\/30085657\/Captura-de-Tela-2019-05-30-a%CC%80s-08.50.12.png 498w, https:\/\/dhg1h5j42swfq.cloudfront.net\/2019\/05\/30085657\/Captura-de-Tela-2019-05-30-a%CC%80s-08.50.12.png 300w\" sizes=\"auto, (max-width: 610px) 100vw, 610px\" \/><\/figure><\/div>\n\n\n\n<p>A Prova Escrita Discursiva ser\u00e1 constitu\u00edda de uma Reda\u00e7\u00e3o que abordar\u00e1 tema gen\u00e9rico. Al\u00e9m disso, a Prova Escrita Discursiva ser\u00e1 avaliada em escala de 0 a 20 pontos.<\/p>\n\n\n\n<figure class=\"wp-block-image\"><img loading=\"lazy\" decoding=\"async\" width=\"300\" height=\"102\" src=\"https:\/\/dhg1h5j42swfq.cloudfront.net\/2017\/03\/28152500\/coruja-ficha-tecnica-300x102.png\" alt=\"Ficha t\u00e9cnica concurso TJ AM\" class=\"wp-image-68542\"\/><\/figure>\n\n\n\n<p>\u25ba<strong>Data prevista<\/strong>: 2019<br \/>\u25ba<strong>Vagas<\/strong>: 4 vagas<br \/>\u25ba<strong>Cargos<\/strong>: T\u00e9cnico Administrativo<br \/>\u25ba<strong>Banca<\/strong>: Universidade do RJ<br \/>\u25ba<strong>Escolaridade<\/strong>: M\u00e9dio e Superior<br \/>\u25ba<strong>Edital:&nbsp;<\/strong>Concurso UFRRJ<\/p>\n\n\n\n<div class=\"wp-block-file\"><a href=\"https:\/\/dhg1h5j42swfq.cloudfront.net\/2019\/05\/31173832\/Edital-UFRJ-2019.pdf.pdf\" target=\"_blank\" rel=\"noreferrer noopener\">Edital UFRRJ 2019.pdf<\/a><a href=\"https:\/\/dhg1h5j42swfq.cloudfront.net\/2019\/05\/31173832\/Edital-UFRJ-2019.pdf.pdf\" class=\"wp-block-file__button\" download>Baixar<\/a><\/div>\n\n\n\n<p style=\"font-size:22px;text-align:center\"><em><strong>Assinatura Anual Ilimitada*<\/strong><\/em><\/p>\n\n\n\n<p style=\"text-align:center\"><em>Prepare-se com o melhor material e com quem mais aprova em Concursos P\u00fablicos em todo o pa\u00eds. Assine agora a nossa Assinatura Anual e tenha acesso ilimitado* a todos os nossos cursos.<\/em><\/p>\n\n\n\n<p style=\"font-size:22px;text-align:center\" class=\"has-background has-light-green-cyan-background-color\"><strong>ASSINE AGORA<\/strong>&nbsp;\u2013&nbsp;<a rel=\"noreferrer noopener\" href=\"https:\/\/www.estrategiaconcursos.com.br\/assinaturas\" target=\"_blank\"><strong>Assinatura Ilimitada<\/strong><\/a><\/p>\n","protected":false},"excerpt":{"rendered":"<p>As inscri\u00e7\u00f5es para o concurso da Universidade Federal Rural do Rio de Janeiro terminam nesta quinta-feira, 8 de agosto de 2019. O processo deve ser efetuado via internet, no site da pr\u00f3pria Universidade e realizar o pagamento da taxa de inscri\u00e7\u00e3o que dever\u00e1 ser efetuado, obrigatoriamente, at\u00e9 o dia 08 de agosto de 2019. O [&hellip;]<\/p>\n","protected":false},"author":263,"featured_media":0,"comment_status":"open","ping_status":"closed","sticky":false,"template":"","format":"standard","meta":{"post_tipo":"article","footnotes":""},"categories":[1],"tags":[],"tax_estado":[],"class_list":["post-380448","post","type-post","status-publish","format-standard","hentry","category-cursos-e-concursos"],"acf":[],"yoast_head":"<!-- This site is optimized with the Yoast SEO Premium plugin v27.2 (Yoast SEO v27.2) - https:\/\/yoast.com\/product\/yoast-seo-premium-wordpress\/ -->\n<title>Concurso UFRRJ: terminam hoje (8) as inscri\u00e7\u00f5es para T\u00e9cnico Administrativo<\/title>\n<meta name=\"description\" content=\"Concurso UFRJ: terminam hoje as inscri\u00e7\u00f5es do certame com vagas para n\u00edvel intermedi\u00e1rio e Superior com sal\u00e1rio de at\u00e9 R$ 4.180,66; Saiba mais neste artigo!\" \/>\n<meta name=\"robots\" content=\"index, follow, max-snippet:-1, max-image-preview:large, max-video-preview:-1\" \/>\n<link rel=\"canonical\" href=\"https:\/\/www.estrategiaconcursos.com.br\/blog\/concurso-ufrj-edital-e-publicado\/\" \/>\n<meta property=\"og:locale\" content=\"pt_BR\" \/>\n<meta property=\"og:type\" content=\"article\" \/>\n<meta property=\"og:title\" content=\"Concurso UFRRJ: terminam hoje (8) as inscri\u00e7\u00f5es para T\u00e9cnico Administrativo\" \/>\n<meta property=\"og:description\" content=\"Concurso UFRJ: terminam hoje as inscri\u00e7\u00f5es do certame com vagas para n\u00edvel intermedi\u00e1rio e Superior com sal\u00e1rio de at\u00e9 R$ 4.180,66; Saiba mais neste artigo!\" \/>\n<meta property=\"og:url\" content=\"https:\/\/www.estrategiaconcursos.com.br\/blog\/concurso-ufrj-edital-e-publicado\/\" \/>\n<meta property=\"og:site_name\" content=\"Estrat\u00e9gia Concursos\" \/>\n<meta property=\"article:published_time\" content=\"2019-08-08T04:55:55+00:00\" \/>\n<meta property=\"article:modified_time\" content=\"2019-08-08T18:12:28+00:00\" \/>\n<meta property=\"og:image\" content=\"https:\/\/www.estrategiaconcursos.com.br\/blog\/wp-content\/uploads\/2017\/03\/coruja-ficha-tecnica-300x102.png\" \/>\n<meta name=\"author\" content=\"Daniel dos Reis Lopes\" \/>\n<meta name=\"twitter:card\" content=\"summary_large_image\" \/>\n<meta name=\"twitter:creator\" content=\"@EstratConcursos\" \/>\n<meta name=\"twitter:site\" content=\"@EstratConcursos\" \/>\n<meta name=\"twitter:label1\" content=\"Escrito por\" \/>\n\t<meta name=\"twitter:data1\" content=\"Daniel dos Reis Lopes\" \/>\n\t<meta name=\"twitter:label2\" content=\"Est. tempo de leitura\" \/>\n\t<meta name=\"twitter:data2\" content=\"2 minutos\" \/>\n<script type=\"application\/ld+json\" class=\"yoast-schema-graph\">{\"@context\":\"https:\/\/schema.org\",\"@graph\":[{\"@type\":\"NewsArticle\",\"@id\":\"https:\/\/www.estrategiaconcursos.com.br\/blog\/concurso-ufrj-edital-e-publicado\/#article\",\"isPartOf\":{\"@id\":\"https:\/\/www.estrategiaconcursos.com.br\/blog\/concurso-ufrj-edital-e-publicado\/\"},\"author\":{\"name\":\"Daniel dos Reis Lopes\",\"@id\":\"https:\/\/www.estrategiaconcursos.com.br\/blog\/#\/schema\/person\/86e4af37234d422e94ca7e825b416814\"},\"headline\":\"Concurso UFRRJ: terminam hoje (8) as inscri\u00e7\u00f5es para T\u00e9cnico Administrativo\",\"datePublished\":\"2019-08-08T04:55:55+00:00\",\"dateModified\":\"2019-08-08T18:12:28+00:00\",\"mainEntityOfPage\":{\"@id\":\"https:\/\/www.estrategiaconcursos.com.br\/blog\/concurso-ufrj-edital-e-publicado\/\"},\"wordCount\":446,\"commentCount\":0,\"publisher\":{\"@id\":\"https:\/\/www.estrategiaconcursos.com.br\/blog\/#organization\"},\"image\":{\"@id\":\"https:\/\/www.estrategiaconcursos.com.br\/blog\/concurso-ufrj-edital-e-publicado\/#primaryimage\"},\"thumbnailUrl\":\"https:\/\/www.estrategiaconcursos.com.br\/blog\/wp-content\/uploads\/2017\/03\/coruja-ficha-tecnica-300x102.png\",\"articleSection\":[\"Concursos P\u00fablicos\"],\"inLanguage\":\"pt-BR\",\"potentialAction\":[{\"@type\":\"CommentAction\",\"name\":\"Comment\",\"target\":[\"https:\/\/www.estrategiaconcursos.com.br\/blog\/concurso-ufrj-edital-e-publicado\/#respond\"]}],\"copyrightYear\":\"2019\",\"copyrightHolder\":{\"@id\":\"https:\/\/www.estrategiaconcursos.com.br\/blog\/#organization\"}},{\"@type\":\"WebPage\",\"@id\":\"https:\/\/www.estrategiaconcursos.com.br\/blog\/concurso-ufrj-edital-e-publicado\/\",\"url\":\"https:\/\/www.estrategiaconcursos.com.br\/blog\/concurso-ufrj-edital-e-publicado\/\",\"name\":\"Concurso UFRRJ: terminam hoje (8) as inscri\u00e7\u00f5es para T\u00e9cnico Administrativo\",\"isPartOf\":{\"@id\":\"https:\/\/www.estrategiaconcursos.com.br\/blog\/#website\"},\"primaryImageOfPage\":{\"@id\":\"https:\/\/www.estrategiaconcursos.com.br\/blog\/concurso-ufrj-edital-e-publicado\/#primaryimage\"},\"image\":{\"@id\":\"https:\/\/www.estrategiaconcursos.com.br\/blog\/concurso-ufrj-edital-e-publicado\/#primaryimage\"},\"thumbnailUrl\":\"https:\/\/www.estrategiaconcursos.com.br\/blog\/wp-content\/uploads\/2017\/03\/coruja-ficha-tecnica-300x102.png\",\"datePublished\":\"2019-08-08T04:55:55+00:00\",\"dateModified\":\"2019-08-08T18:12:28+00:00\",\"description\":\"Concurso UFRJ: terminam hoje as inscri\u00e7\u00f5es do certame com vagas para n\u00edvel intermedi\u00e1rio e Superior com sal\u00e1rio de at\u00e9 R$ 4.180,66; Saiba mais neste artigo!\",\"breadcrumb\":{\"@id\":\"https:\/\/www.estrategiaconcursos.com.br\/blog\/concurso-ufrj-edital-e-publicado\/#breadcrumb\"},\"inLanguage\":\"pt-BR\",\"potentialAction\":[{\"@type\":\"ReadAction\",\"target\":[\"https:\/\/www.estrategiaconcursos.com.br\/blog\/concurso-ufrj-edital-e-publicado\/\"]}]},{\"@type\":\"ImageObject\",\"inLanguage\":\"pt-BR\",\"@id\":\"https:\/\/www.estrategiaconcursos.com.br\/blog\/concurso-ufrj-edital-e-publicado\/#primaryimage\",\"url\":\"https:\/\/www.estrategiaconcursos.com.br\/blog\/wp-content\/uploads\/2017\/03\/coruja-ficha-tecnica-300x102.png\",\"contentUrl\":\"https:\/\/www.estrategiaconcursos.com.br\/blog\/wp-content\/uploads\/2017\/03\/coruja-ficha-tecnica-300x102.png\"},{\"@type\":\"BreadcrumbList\",\"@id\":\"https:\/\/www.estrategiaconcursos.com.br\/blog\/concurso-ufrj-edital-e-publicado\/#breadcrumb\",\"itemListElement\":[{\"@type\":\"ListItem\",\"position\":1,\"name\":\"In\u00edcio\",\"item\":\"https:\/\/www.estrategiaconcursos.com.br\/blog\/\"},{\"@type\":\"ListItem\",\"position\":2,\"name\":\"Concurso UFRRJ: terminam hoje (8) as inscri\u00e7\u00f5es para T\u00e9cnico Administrativo\"}]},{\"@type\":\"WebSite\",\"@id\":\"https:\/\/www.estrategiaconcursos.com.br\/blog\/#website\",\"url\":\"https:\/\/www.estrategiaconcursos.com.br\/blog\/\",\"name\":\"Estrat\u00e9gia Concursos\",\"description\":\"O blog da Estrat\u00e9gia Concursos traz not\u00edcias sobre concursos e artigos de professores oferecendo cursos para concursos (pdf + videaulas) no site.\",\"publisher\":{\"@id\":\"https:\/\/www.estrategiaconcursos.com.br\/blog\/#organization\"},\"potentialAction\":[{\"@type\":\"SearchAction\",\"target\":{\"@type\":\"EntryPoint\",\"urlTemplate\":\"https:\/\/www.estrategiaconcursos.com.br\/blog\/?s={search_term_string}\"},\"query-input\":{\"@type\":\"PropertyValueSpecification\",\"valueRequired\":true,\"valueName\":\"search_term_string\"}}],\"inLanguage\":\"pt-BR\"},{\"@type\":\"Organization\",\"@id\":\"https:\/\/www.estrategiaconcursos.com.br\/blog\/#organization\",\"name\":\"Estrat\u00e9gia Concursos\",\"url\":\"https:\/\/www.estrategiaconcursos.com.br\/blog\/\",\"logo\":{\"@type\":\"ImageObject\",\"inLanguage\":\"pt-BR\",\"@id\":\"https:\/\/www.estrategiaconcursos.com.br\/blog\/#\/schema\/logo\/image\/\",\"url\":\"https:\/\/dhg1h5j42swfq.cloudfront.net\/2025\/06\/03203428\/logo_concursos-1.jpg\",\"contentUrl\":\"https:\/\/dhg1h5j42swfq.cloudfront.net\/2025\/06\/03203428\/logo_concursos-1.jpg\",\"width\":230,\"height\":60,\"caption\":\"Estrat\u00e9gia Concursos\"},\"image\":{\"@id\":\"https:\/\/www.estrategiaconcursos.com.br\/blog\/#\/schema\/logo\/image\/\"},\"sameAs\":[\"https:\/\/x.com\/EstratConcursos\"]},{\"@type\":\"Person\",\"@id\":\"https:\/\/www.estrategiaconcursos.com.br\/blog\/#\/schema\/person\/86e4af37234d422e94ca7e825b416814\",\"name\":\"Daniel dos Reis Lopes\",\"image\":{\"@type\":\"ImageObject\",\"inLanguage\":\"pt-BR\",\"@id\":\"https:\/\/secure.gravatar.com\/avatar\/ea24ef981da4044d0a66f44402441129fdde22c4c8d87f39a45cae8d4f82075a?s=96&d=mm&r=g\",\"url\":\"https:\/\/secure.gravatar.com\/avatar\/ea24ef981da4044d0a66f44402441129fdde22c4c8d87f39a45cae8d4f82075a?s=96&d=mm&r=g\",\"contentUrl\":\"https:\/\/secure.gravatar.com\/avatar\/ea24ef981da4044d0a66f44402441129fdde22c4c8d87f39a45cae8d4f82075a?s=96&d=mm&r=g\",\"caption\":\"Daniel dos Reis Lopes\"},\"url\":\"https:\/\/www.estrategiaconcursos.com.br\/blog\/author\/d-reislopesgmail-com\/\"}]}<\/script>\n<!-- \/ Yoast SEO Premium plugin. -->","yoast_head_json":{"title":"Concurso UFRRJ: terminam hoje (8) as inscri\u00e7\u00f5es para T\u00e9cnico Administrativo","description":"Concurso UFRJ: terminam hoje as inscri\u00e7\u00f5es do certame com vagas para n\u00edvel intermedi\u00e1rio e Superior com sal\u00e1rio de at\u00e9 R$ 4.180,66; Saiba mais neste artigo!","robots":{"index":"index","follow":"follow","max-snippet":"max-snippet:-1","max-image-preview":"max-image-preview:large","max-video-preview":"max-video-preview:-1"},"canonical":"https:\/\/www.estrategiaconcursos.com.br\/blog\/concurso-ufrj-edital-e-publicado\/","og_locale":"pt_BR","og_type":"article","og_title":"Concurso UFRRJ: terminam hoje (8) as inscri\u00e7\u00f5es para T\u00e9cnico Administrativo","og_description":"Concurso UFRJ: terminam hoje as inscri\u00e7\u00f5es do certame com vagas para n\u00edvel intermedi\u00e1rio e Superior com sal\u00e1rio de at\u00e9 R$ 4.180,66; Saiba mais neste artigo!","og_url":"https:\/\/www.estrategiaconcursos.com.br\/blog\/concurso-ufrj-edital-e-publicado\/","og_site_name":"Estrat\u00e9gia Concursos","article_published_time":"2019-08-08T04:55:55+00:00","article_modified_time":"2019-08-08T18:12:28+00:00","og_image":[{"url":"https:\/\/www.estrategiaconcursos.com.br\/blog\/wp-content\/uploads\/2017\/03\/coruja-ficha-tecnica-300x102.png","type":"","width":"","height":""}],"author":"Daniel dos Reis Lopes","twitter_card":"summary_large_image","twitter_creator":"@EstratConcursos","twitter_site":"@EstratConcursos","twitter_misc":{"Escrito por":"Daniel dos Reis Lopes","Est. tempo de leitura":"2 minutos"},"schema":{"@context":"https:\/\/schema.org","@graph":[{"@type":"NewsArticle","@id":"https:\/\/www.estrategiaconcursos.com.br\/blog\/concurso-ufrj-edital-e-publicado\/#article","isPartOf":{"@id":"https:\/\/www.estrategiaconcursos.com.br\/blog\/concurso-ufrj-edital-e-publicado\/"},"author":{"name":"Daniel dos Reis Lopes","@id":"https:\/\/www.estrategiaconcursos.com.br\/blog\/#\/schema\/person\/86e4af37234d422e94ca7e825b416814"},"headline":"Concurso UFRRJ: terminam hoje (8) as inscri\u00e7\u00f5es para T\u00e9cnico Administrativo","datePublished":"2019-08-08T04:55:55+00:00","dateModified":"2019-08-08T18:12:28+00:00","mainEntityOfPage":{"@id":"https:\/\/www.estrategiaconcursos.com.br\/blog\/concurso-ufrj-edital-e-publicado\/"},"wordCount":446,"commentCount":0,"publisher":{"@id":"https:\/\/www.estrategiaconcursos.com.br\/blog\/#organization"},"image":{"@id":"https:\/\/www.estrategiaconcursos.com.br\/blog\/concurso-ufrj-edital-e-publicado\/#primaryimage"},"thumbnailUrl":"https:\/\/www.estrategiaconcursos.com.br\/blog\/wp-content\/uploads\/2017\/03\/coruja-ficha-tecnica-300x102.png","articleSection":["Concursos P\u00fablicos"],"inLanguage":"pt-BR","potentialAction":[{"@type":"CommentAction","name":"Comment","target":["https:\/\/www.estrategiaconcursos.com.br\/blog\/concurso-ufrj-edital-e-publicado\/#respond"]}],"copyrightYear":"2019","copyrightHolder":{"@id":"https:\/\/www.estrategiaconcursos.com.br\/blog\/#organization"}},{"@type":"WebPage","@id":"https:\/\/www.estrategiaconcursos.com.br\/blog\/concurso-ufrj-edital-e-publicado\/","url":"https:\/\/www.estrategiaconcursos.com.br\/blog\/concurso-ufrj-edital-e-publicado\/","name":"Concurso UFRRJ: terminam hoje (8) as inscri\u00e7\u00f5es para T\u00e9cnico Administrativo","isPartOf":{"@id":"https:\/\/www.estrategiaconcursos.com.br\/blog\/#website"},"primaryImageOfPage":{"@id":"https:\/\/www.estrategiaconcursos.com.br\/blog\/concurso-ufrj-edital-e-publicado\/#primaryimage"},"image":{"@id":"https:\/\/www.estrategiaconcursos.com.br\/blog\/concurso-ufrj-edital-e-publicado\/#primaryimage"},"thumbnailUrl":"https:\/\/www.estrategiaconcursos.com.br\/blog\/wp-content\/uploads\/2017\/03\/coruja-ficha-tecnica-300x102.png","datePublished":"2019-08-08T04:55:55+00:00","dateModified":"2019-08-08T18:12:28+00:00","description":"Concurso UFRJ: terminam hoje as inscri\u00e7\u00f5es do certame com vagas para n\u00edvel intermedi\u00e1rio e Superior com sal\u00e1rio de at\u00e9 R$ 4.180,66; Saiba mais neste artigo!","breadcrumb":{"@id":"https:\/\/www.estrategiaconcursos.com.br\/blog\/concurso-ufrj-edital-e-publicado\/#breadcrumb"},"inLanguage":"pt-BR","potentialAction":[{"@type":"ReadAction","target":["https:\/\/www.estrategiaconcursos.com.br\/blog\/concurso-ufrj-edital-e-publicado\/"]}]},{"@type":"ImageObject","inLanguage":"pt-BR","@id":"https:\/\/www.estrategiaconcursos.com.br\/blog\/concurso-ufrj-edital-e-publicado\/#primaryimage","url":"https:\/\/www.estrategiaconcursos.com.br\/blog\/wp-content\/uploads\/2017\/03\/coruja-ficha-tecnica-300x102.png","contentUrl":"https:\/\/www.estrategiaconcursos.com.br\/blog\/wp-content\/uploads\/2017\/03\/coruja-ficha-tecnica-300x102.png"},{"@type":"BreadcrumbList","@id":"https:\/\/www.estrategiaconcursos.com.br\/blog\/concurso-ufrj-edital-e-publicado\/#breadcrumb","itemListElement":[{"@type":"ListItem","position":1,"name":"In\u00edcio","item":"https:\/\/www.estrategiaconcursos.com.br\/blog\/"},{"@type":"ListItem","position":2,"name":"Concurso UFRRJ: terminam hoje (8) as inscri\u00e7\u00f5es para T\u00e9cnico Administrativo"}]},{"@type":"WebSite","@id":"https:\/\/www.estrategiaconcursos.com.br\/blog\/#website","url":"https:\/\/www.estrategiaconcursos.com.br\/blog\/","name":"Estrat\u00e9gia Concursos","description":"O blog da Estrat\u00e9gia Concursos traz not\u00edcias sobre concursos e artigos de professores oferecendo cursos para concursos (pdf + videaulas) no site.","publisher":{"@id":"https:\/\/www.estrategiaconcursos.com.br\/blog\/#organization"},"potentialAction":[{"@type":"SearchAction","target":{"@type":"EntryPoint","urlTemplate":"https:\/\/www.estrategiaconcursos.com.br\/blog\/?s={search_term_string}"},"query-input":{"@type":"PropertyValueSpecification","valueRequired":true,"valueName":"search_term_string"}}],"inLanguage":"pt-BR"},{"@type":"Organization","@id":"https:\/\/www.estrategiaconcursos.com.br\/blog\/#organization","name":"Estrat\u00e9gia Concursos","url":"https:\/\/www.estrategiaconcursos.com.br\/blog\/","logo":{"@type":"ImageObject","inLanguage":"pt-BR","@id":"https:\/\/www.estrategiaconcursos.com.br\/blog\/#\/schema\/logo\/image\/","url":"https:\/\/dhg1h5j42swfq.cloudfront.net\/2025\/06\/03203428\/logo_concursos-1.jpg","contentUrl":"https:\/\/dhg1h5j42swfq.cloudfront.net\/2025\/06\/03203428\/logo_concursos-1.jpg","width":230,"height":60,"caption":"Estrat\u00e9gia Concursos"},"image":{"@id":"https:\/\/www.estrategiaconcursos.com.br\/blog\/#\/schema\/logo\/image\/"},"sameAs":["https:\/\/x.com\/EstratConcursos"]},{"@type":"Person","@id":"https:\/\/www.estrategiaconcursos.com.br\/blog\/#\/schema\/person\/86e4af37234d422e94ca7e825b416814","name":"Daniel dos Reis Lopes","image":{"@type":"ImageObject","inLanguage":"pt-BR","@id":"https:\/\/secure.gravatar.com\/avatar\/ea24ef981da4044d0a66f44402441129fdde22c4c8d87f39a45cae8d4f82075a?s=96&d=mm&r=g","url":"https:\/\/secure.gravatar.com\/avatar\/ea24ef981da4044d0a66f44402441129fdde22c4c8d87f39a45cae8d4f82075a?s=96&d=mm&r=g","contentUrl":"https:\/\/secure.gravatar.com\/avatar\/ea24ef981da4044d0a66f44402441129fdde22c4c8d87f39a45cae8d4f82075a?s=96&d=mm&r=g","caption":"Daniel dos Reis Lopes"},"url":"https:\/\/www.estrategiaconcursos.com.br\/blog\/author\/d-reislopesgmail-com\/"}]}},"_links":{"self":[{"href":"https:\/\/www.estrategiaconcursos.com.br\/blog\/wp-json\/wp\/v2\/posts\/380448","targetHints":{"allow":["GET"]}}],"collection":[{"href":"https:\/\/www.estrategiaconcursos.com.br\/blog\/wp-json\/wp\/v2\/posts"}],"about":[{"href":"https:\/\/www.estrategiaconcursos.com.br\/blog\/wp-json\/wp\/v2\/types\/post"}],"author":[{"embeddable":true,"href":"https:\/\/www.estrategiaconcursos.com.br\/blog\/wp-json\/wp\/v2\/users\/263"}],"replies":[{"embeddable":true,"href":"https:\/\/www.estrategiaconcursos.com.br\/blog\/wp-json\/wp\/v2\/comments?post=380448"}],"version-history":[{"count":6,"href":"https:\/\/www.estrategiaconcursos.com.br\/blog\/wp-json\/wp\/v2\/posts\/380448\/revisions"}],"predecessor-version":[{"id":407579,"href":"https:\/\/www.estrategiaconcursos.com.br\/blog\/wp-json\/wp\/v2\/posts\/380448\/revisions\/407579"}],"wp:attachment":[{"href":"https:\/\/www.estrategiaconcursos.com.br\/blog\/wp-json\/wp\/v2\/media?parent=380448"}],"wp:term":[{"taxonomy":"category","embeddable":true,"href":"https:\/\/www.estrategiaconcursos.com.br\/blog\/wp-json\/wp\/v2\/categories?post=380448"},{"taxonomy":"post_tag","embeddable":true,"href":"https:\/\/www.estrategiaconcursos.com.br\/blog\/wp-json\/wp\/v2\/tags?post=380448"},{"taxonomy":"tax_estado","embeddable":true,"href":"https:\/\/www.estrategiaconcursos.com.br\/blog\/wp-json\/wp\/v2\/tax_estado?post=380448"}],"curies":[{"name":"wp","href":"https:\/\/api.w.org\/{rel}","templated":true}]}}