{"id":380141,"date":"2025-06-25T07:00:00","date_gmt":"2025-06-25T10:00:00","guid":{"rendered":"https:\/\/www.estrategiaconcursos.com.br\/blog\/?p=380141"},"modified":"2025-06-25T14:05:33","modified_gmt":"2025-06-25T17:05:33","slug":"concurso-procon-df","status":"publish","type":"post","link":"https:\/\/www.estrategiaconcursos.com.br\/blog\/concurso-procon-df\/","title":{"rendered":"Concurso Procon DF: validade prorrogada at\u00e9 2027!"},"content":{"rendered":"\n<p>A validade do <strong>concurso <a href=\"https:\/\/www.estrategiaconcursos.com.br\/cursosPorConcurso\/instituto-de-defesa-do-consumidor-do-distrito-federal-procon-df\/\" target=\"_blank\" rel=\"noreferrer noopener\">Procon DF<\/a> (Instituto de Defesa do Consumidor do Distrito Federal)<\/strong> foi prorrogada at\u00e9 <strong>21 de julho de 2027<\/strong>!<\/p>\n\n\n\n<figure class=\"wp-block-image aligncenter size-full is-resized\"><img decoding=\"async\" src=\"https:\/\/dhg1h5j42swfq.cloudfront.net\/2024\/06\/10183448\/image-246.png\" alt=\"\" class=\"wp-image-1595823\" style=\"width:505px;height:auto\"\/><figcaption class=\"wp-element-caption\">Concurso Procon DF: validade prorrogada at\u00e9 2027!<\/figcaption><\/figure>\n\n\n\n<p>Sob organiza\u00e7\u00e3o do do Instituto Quadrix, o edital ofertou<strong> 174 vagas <\/strong>para os cargos de T\u00e9cnico e Analista de Atividades de Defesa do Consumidor. Os futuros servidores receber\u00e3o sal\u00e1rios iniciais de at\u00e9 R$ 6,6 mil.<\/p>\n\n\n\n<ul style=\"background-color:#e7e8ea\" class=\"wp-block-list has-background\">\n<li><strong>Instituto de Defesa do Consumidor do Distrito Federal<\/strong><\/li>\n\n\n\n<li><strong>Status:<\/strong>\u00a0validade prorrogada at\u00e9 2027<\/li>\n\n\n\n<li><strong>Banca:<\/strong> <a href=\"https:\/\/www.quadrix.org.br\/todos-os-concursos\/em-andamento\/procon_2023.aspx\" target=\"_blank\" rel=\"noreferrer noopener\">Instituto Quadrix<\/a><\/li>\n\n\n\n<li><strong>Vagas:&nbsp;<\/strong>69 + 105 CR<\/li>\n\n\n\n<li><strong>Sal\u00e1rio inicial reajustado:<\/strong>\u00a0R$ 5.504,41 e R$ 7.434,43<\/li>\n\n\n\n<li><strong>Edital: <\/strong><a href=\"https:\/\/dhg1h5j42swfq.cloudfront.net\/2023\/01\/17104725\/1_procon-df_concurso_publico_2023_edital_1_abertura.pdf\" target=\"_blank\" rel=\"noreferrer noopener nofollow\">Procon DF 2023<\/a><\/li>\n<\/ul>\n\n\n\n<p id=\"block-39ea2375-e5e6-41f6-b247-8bb038d9b5f2\">Se voc\u00ea tem interesse na sele\u00e7\u00e3o, chegou ao lugar certo! Ao longo deste artigo voc\u00ea confere as principais informa\u00e7\u00f5es sobre o <strong>concurso Procon DF<\/strong>:<\/p>\n\n\n\n<ul id=\"indice\" class=\"wp-block-list\">\n<li><strong><a href=\"#vagas\">Distribui\u00e7\u00e3o das vagas<\/a><\/strong>\n<ul class=\"wp-block-list\">\n<li><a href=\"#medio\">N\u00edvel m\u00e9dio<\/a><\/li>\n\n\n\n<li><a href=\"#superior\">N\u00edvel superior<\/a><\/li>\n\n\n\n<li><a href=\"#demanda\">Demanda de inscritos<\/a><\/li>\n<\/ul>\n<\/li>\n\n\n\n<li><strong><a href=\"#carreira\">Sobre a carreira<\/a><\/strong>\n<ul class=\"wp-block-list\">\n<li><a href=\"#remuneracao\">Remunera\u00e7\u00e3o<\/a><\/li>\n\n\n\n<li><a href=\"#requisitos\">Requisitos<\/a><\/li>\n\n\n\n<li><a href=\"#atribuicoes\">Atribui\u00e7\u00f5es<\/a><\/li>\n\n\n\n<li><a href=\"#cargos\">Cargos vagos<\/a><\/li>\n<\/ul>\n<\/li>\n\n\n\n<li><a href=\"#etapas\"><strong>Etapas<\/strong><\/a>\n<ul class=\"wp-block-list\">\n<li><a href=\"#objetiva\">Prova objetiva<\/a><\/li>\n\n\n\n<li><a href=\"#discursiva\">Prova discursiva<\/a><\/li>\n<\/ul>\n<\/li>\n\n\n\n<li><strong><a href=\"#cursos-assinatura\">Cursos e Assinatura<\/a><\/strong><\/li>\n\n\n\n<li><strong><a href=\"#ficha-tecnica\">Ficha t\u00e9cnica<\/a><\/strong><\/li>\n<\/ul>\n\n\n\n<div class=\"container\" id=\"boxes\">\n  <div class=\"row\">\n\n    <div class=\"col-sm\">\n      <div class=\"banner-adm\" id=\"box-assinatura\">\n        <h3 class=\"titulo-assinatura\">Concurso Procon DF<\/h3>\n        <p class=\"subtitulo-assinatura\">Estude conosco<\/p>\n        <div class=\"box-botao\">\n          <a class=\"btn-assinatura\" target=\"_blank\" href=\"https:\/\/www.estrategiaconcursos.com.br\/cursosPorConcurso\/instituto-de-defesa-do-consumidor-do-distrito-federal-procon-df\/\" role=\"button\" rel=\"noopener noreferrer\">Conhe\u00e7a os cursos<\/a>\n        <\/div>\n      <\/div>\n   \n    <\/div>\n\n  <\/div>\n<\/div>\n\n\n\n<h2 class=\"wp-block-heading\" id=\"vagas\">Concurso Procon DF: distribui\u00e7\u00e3o das vagas<\/h2>\n\n\n\n<h3 class=\"wp-block-heading\" id=\"medio\">N\u00edvel m\u00e9dio<\/h3>\n\n\n\n<figure class=\"wp-block-table is-style-stripes\"><table><thead><tr><th class=\"has-text-align-center\" data-align=\"center\">Cargo<\/th><th class=\"has-text-align-center\" data-align=\"center\">Vagas<\/th><th class=\"has-text-align-center\" data-align=\"center\">Sal\u00e1rio<\/th><\/tr><\/thead><tbody><tr><td class=\"has-text-align-center\" data-align=\"center\">T\u00e9cnico de Atividades de Defesa do Consumidor <br \/>&#8211; Agente Administrativo<\/td><td class=\"has-text-align-center\" data-align=\"center\">24 + 27 CR<\/td><td class=\"has-text-align-center\" data-align=\"center\">R$ 4.898,91<\/td><\/tr><\/tbody><\/table><figcaption class=\"wp-element-caption\">Quadro de vagas e remunera\u00e7\u00e3o para n\u00edvel m\u00e9dio<\/figcaption><\/figure>\n\n\n\n<h3 class=\"wp-block-heading\" id=\"superior\">N\u00edvel superior<\/h3>\n\n\n\n<figure class=\"wp-block-table is-style-stripes\"><table><thead><tr><th class=\"has-text-align-center\" data-align=\"center\">Cargo<\/th><th class=\"has-text-align-center\" data-align=\"center\">Vagas<\/th><th class=\"has-text-align-center\" data-align=\"center\">Sal\u00e1rio<\/th><\/tr><\/thead><tbody><tr><td class=\"has-text-align-center\" data-align=\"center\">Analista de Atividades de Defesa do Consumidor &#8211; Administra\u00e7\u00e3o<\/td><td class=\"has-text-align-center\" data-align=\"center\">06 + 12 CR<\/td><td class=\"has-text-align-center\" data-align=\"center\">R$ 6.616,62<\/td><\/tr><tr><td class=\"has-text-align-center\" data-align=\"center\">Analista de Atividades de Defesa do Consumidor &#8211; Arquivologia<\/td><td class=\"has-text-align-center\" data-align=\"center\">01 + 02 CR<\/td><td class=\"has-text-align-center\" data-align=\"center\">R$ 6.616,62<\/td><\/tr><tr><td class=\"has-text-align-center\" data-align=\"center\">Analista de Atividades de Defesa do Consumidor &#8211; Contabilidade<\/td><td class=\"has-text-align-center\" data-align=\"center\">03 + 03 CR<\/td><td class=\"has-text-align-center\" data-align=\"center\">R$ 6.616,62<\/td><\/tr><tr><td class=\"has-text-align-center\" data-align=\"center\">Analista de Atividades de Defesa do Consumidor &#8211; Direito e Legisla\u00e7\u00e3o<\/td><td class=\"has-text-align-center\" data-align=\"center\">19 + 19 CR<\/td><td class=\"has-text-align-center\" data-align=\"center\">R$ 6.616,62<\/td><\/tr><tr><td class=\"has-text-align-center\" data-align=\"center\">Analista de Atividades de Defesa do Consumidor &#8211; Economia<\/td><td class=\"has-text-align-center\" data-align=\"center\">01 + 02 CR<\/td><td class=\"has-text-align-center\" data-align=\"center\">R$ 6.616,62<\/td><\/tr><tr><td class=\"has-text-align-center\" data-align=\"center\">Analista de Atividades de Defesa do Consumidor &#8211; <br \/>Especialista em Recursos Humanos<\/td><td class=\"has-text-align-center\" data-align=\"center\">01 + 01 CR<\/td><td class=\"has-text-align-center\" data-align=\"center\">R$ 6.616,62<\/td><\/tr><tr><td class=\"has-text-align-center\" data-align=\"center\">Analista de Atividades de Defesa do Consumidor &#8211; Jornalismo<\/td><td class=\"has-text-align-center\" data-align=\"center\">02 + 02 CR<\/td><td class=\"has-text-align-center\" data-align=\"center\">R$ 6.616,62<\/td><\/tr><tr><td class=\"has-text-align-center\" data-align=\"center\">Analista de Atividades de Defesa do Consumidor &#8211; <br \/>Moderniza\u00e7\u00e3o da Gest\u00e3o P\u00fablica<\/td><td class=\"has-text-align-center\" data-align=\"center\">02 + 02 CR<\/td><td class=\"has-text-align-center\" data-align=\"center\">R$ 6.616,62<\/td><\/tr><tr><td class=\"has-text-align-center\" data-align=\"center\">Fiscal de Atividades de Defesa do Consumidor<\/td><td class=\"has-text-align-center\" data-align=\"center\">10 + 35 CR<\/td><td class=\"has-text-align-center\" data-align=\"center\">R$ 6.616,62<\/td><\/tr><\/tbody><\/table><figcaption class=\"wp-element-caption\">Quadro de vagas e sal\u00e1rio para n\u00edvel superior<\/figcaption><\/figure>\n\n\n\n<h3 class=\"wp-block-heading\" id=\"demanda\">Demanda de inscritos<\/h3>\n\n\n\n<p>De acordo com a rela\u00e7\u00e3o de inscri\u00e7\u00f5es deferidas, ao todo, <strong>18.330<\/strong> candidatos concorreram \u00e0s 174 vagas:<\/p>\n\n\n\n<ul class=\"wp-block-list\">\n<li><strong>10.300<\/strong> <strong>inscritos <\/strong>&#8211; T\u00e9cnico de Atividades de Defesa do Consumidor;<\/li>\n\n\n\n<li><strong>5.696 inscritos <\/strong>&#8211; Analista de Atividades de Defesa do Consumidor; e<\/li>\n\n\n\n<li><strong>2.334 inscritos <\/strong>&#8211; Fiscal&nbsp;de Defesa do Consumidor.<\/li>\n<\/ul>\n\n\n\n<p><strong>&gt;&gt;&gt; <a href=\"https:\/\/dhg1h5j42swfq.cloudfront.net\/2023\/04\/06161028\/2_procon-df_concurso_publico_2023_quantidade_inscricoes_homologadas.pdf\" target=\"_blank\" rel=\"noreferrer noopener nofollow\">Confira a demanda completa por cargo e tipo de vaga<\/a><\/strong><\/p>\n\n\n\n<h2 class=\"wp-block-heading\" id=\"carreira\">Concurso Procon DF: carreira<\/h2>\n\n\n\n<h3 class=\"wp-block-heading\" id=\"remuneracao\">Remunera\u00e7\u00e3o<\/h3>\n\n\n\n<p id=\"block-b3b6d804-32d9-4e9f-8195-91052e6068fb\">Veja abaixo o valor inicial e final da remunera\u00e7\u00e3o (composta por vencimento b\u00e1sico + Gratifica\u00e7\u00e3o de Defesa do Consumidor de 25%) conforme a estrutura remunerat\u00f3ria dos cargos de Defesa do Consumidor do DF:<\/p>\n\n\n\n<ul class=\"wp-block-list\">\n<li><strong>T\u00e9cnico:<\/strong>\n<ul class=\"wp-block-list\">\n<li><em>Inicial:\u00a0<\/em><strong>R$ 5.504,41<\/strong> (classe 3, padr\u00e3o I)<\/li>\n\n\n\n<li><em>Final:\u00a0<\/em><strong>R$ 6.831,79<\/strong> (classe especial, padr\u00e3o III)<\/li>\n<\/ul>\n<\/li>\n\n\n\n<li><strong>Analista e Fiscal:<\/strong>\n<ul class=\"wp-block-list\">\n<li><em>Inicial:\u00a0<\/em><strong>R$ 7.434,43<\/strong> (classe 3, padr\u00e3o I)<\/li>\n\n\n\n<li><em>Final:\u00a0<\/em><strong>R$ 11.540,63<\/strong> (classe especial, padr\u00e3o III)<\/li>\n<\/ul>\n<\/li>\n<\/ul>\n\n\n\n<figure class=\"wp-block-image aligncenter size-full is-resized\"><img loading=\"lazy\" decoding=\"async\" width=\"886\" height=\"756\" src=\"https:\/\/dhg1h5j42swfq.cloudfront.net\/2025\/06\/25140448\/image-251.png\" alt=\"\" class=\"wp-image-1596060\" style=\"width:729px;height:auto\" srcset=\"https:\/\/dhg1h5j42swfq.cloudfront.net\/2025\/06\/25140448\/image-251.png 886w, https:\/\/dhg1h5j42swfq.cloudfront.net\/2025\/06\/25140448\/image-251-300x256.png 300w, https:\/\/dhg1h5j42swfq.cloudfront.net\/2025\/06\/25140448\/image-251-768x655.png 768w, https:\/\/dhg1h5j42swfq.cloudfront.net\/2025\/06\/25140448\/image-251-150x128.png 150w\" sizes=\"auto, (max-width: 886px) 100vw, 886px\" \/><\/figure>\n\n\n\n<h3 class=\"wp-block-heading\" id=\"requisitos\">Requisitos<\/h3>\n\n\n\n<p id=\"block-29be6fc7-d67b-4fe3-958f-3be543910ad9\"><strong>Fiscal de Defesa do Consumidor<\/strong>: Diploma de conclus\u00e3o de curso de gradua\u00e7\u00e3o em qualquer \u00e1rea e registro no Conselho de Classe, quando for o caso.<\/p>\n\n\n\n<p id=\"block-51a7df07-1ec6-4a47-99a0-9a7676cd3c93\"><strong>T\u00e9cnico de Atividade de Defesa do Consumidor<\/strong>: Certificado de conclus\u00e3o de curso de ensino m\u00e9dio, curso T\u00e9cnico na \u00e1rea do cargo e registro e registro no Conselho de Classe, quando for o caso.<\/p>\n\n\n\n<p id=\"block-90116ec7-8677-4135-8890-afcae18cc98e\"><strong>Analista de Atividade de Defesa do Consumidor<\/strong>: Diploma de conclus\u00e3o de curso de gradua\u00e7\u00e3o de Bacharelado na respectiva \u00e1rea e registro no Conselho de Classe.<\/p>\n\n\n\n<h3 class=\"wp-block-heading\" id=\"atribuicoes\">Atribui\u00e7\u00f5es dos cargos<\/h3>\n\n\n\n<p id=\"block-7c4cd69d-5bef-4c9b-951f-415a96def608\"><strong>Fiscal de Defesa do Consumidor<\/strong><br \/>Planejar, coordenar, supervisionar, avaliar e executar atividades de fiscaliza\u00e7\u00e3o relativas \u00e0s normas de defesa do consumidor, participar de programas de desenvolvimento que envolvam conte\u00fados relativos \u00e0 \u00e1rea de atua\u00e7\u00e3o ou neles atuar, executar outras atividades de interesse da \u00e1rea.<\/p>\n\n\n\n<p id=\"block-de43a93d-30ff-4207-a2c6-3cdfd70af7b8\"><strong>T\u00e9cnico de Atividade de Defesa do Consumidor <\/strong>&#8211;<strong> Agente Administrativo<\/strong><br \/>Executar atividades relacionadas aos servi\u00e7os de apoio administrativo referentes a gest\u00e3o de pessoas, finan\u00e7as, or\u00e7amento, patrim\u00f4nio, cargos e sal\u00e1rios, material, transporte, documenta\u00e7\u00e3o, microfilmagem, arquivo, comunica\u00e7\u00e3o e moderniza\u00e7\u00e3o; participar de programas de desenvolvimento que envolvam conte\u00fados relativos \u00e0 \u00e1rea de atua\u00e7\u00e3o.<\/p>\n\n\n\n<p id=\"block-0edcde3c-b8cc-45eb-9238-c452f9ba759d\"><strong>Analista de Atividade de Defesa do Consumidor<\/strong> <strong>&#8211; Administra\u00e7\u00e3o<\/strong><br \/>Planejar, coordenar, supervisionar, avaliar e executar atividades administrativas referentes \u00e0 gest\u00e3o de pessoas, finan\u00e7as, or\u00e7amento, patrim\u00f4nio, material, transporte, cargos e sal\u00e1rios e organiza\u00e7\u00e3o e m\u00e9todos; participar de programas de desenvolvimento que envolvam conte\u00fados relativos \u00e0 \u00e1rea de atua\u00e7\u00e3o ou neles atuar.<\/p>\n\n\n\n<p><strong>Analista de Atividade de Defesa do Consumidor <\/strong>&#8211;<strong> Arquivologia<\/strong><br \/>Executar atividades arquiv\u00edsticas, estudos e pesquisas com enfoque hist\u00f3rico administrativo sobre gerenciamento de informa\u00e7\u00e3o e de gest\u00e3o documental e sua aplica\u00e7\u00e3o; participar de programas de desenvolvimento que envolvam conte\u00fados relativos \u00e0 \u00e1rea de atua\u00e7\u00e3o ou neles atuar.<\/p>\n\n\n\n<p id=\"block-548cd99f-f4b0-437e-877e-943244e69239\"><strong>Analista de Atividade de Defesa do Consumidor <\/strong>&#8211;<strong> Contabilidade<\/strong><br \/>Planejar, coordenar, supervisionar, avaliar e executar atividades relacionadas \u00e0 contabilidade em geral, com vistas \u00e0 elabora\u00e7\u00e3o or\u00e7ament\u00e1ria e ao controle da situa\u00e7\u00e3o financeira e patrimonial; participar de programas de desenvolvimento que envolvam conte\u00fados relativos \u00e0 \u00e1rea de atua\u00e7\u00e3o ou neles atuar.<\/p>\n\n\n\n<p id=\"block-548cd99f-f4b0-437e-877e-943244e69239\"><strong>Analista de Atividade de Defesa do Consumidor <\/strong>&#8211;<strong> Direito e Legisla\u00e7\u00e3o<\/strong><br \/>Executar atividades referentes ao estudo e \u00e0 orienta\u00e7\u00e3o de atos que envolvam conhecimento t\u00e9cnico das<br \/>legisla\u00e7\u00f5es consumeristas, bem como quaisquer outras que demandem saber jur\u00eddico de interesse do PROCON-DF.<\/p>\n\n\n\n<p id=\"block-87e50909-6db3-4720-8b66-27cfbffe9d15\"><strong>Analista de Atividade de Defesa do Consumidor<\/strong> <strong>&#8211; Economia<\/strong><br \/>Executar atividades referentes \u00e0 pesquisa, an\u00e1lise econ\u00f4mica e sua aplica\u00e7\u00e3o; participar de programas de<br \/>desenvolvimento que envolvam conte\u00fados relativos \u00e0 \u00e1rea de atua\u00e7\u00e3o ou neles atuar.<\/p>\n\n\n\n<p id=\"block-87e50909-6db3-4720-8b66-27cfbffe9d15\"><strong>Analista de Atividade de Defesa do Consumidor<\/strong> <strong>&#8211; Jornalismo<\/strong><br \/>Planejar, coordenar, supervisionar, avaliar e executar atividades relacionadas \u00e0 cobertura dos eventos e das reuni\u00f5es, quando o PROCON-DF for parte e manifestar-se sobre os t\u00f3picos referentes \u00e0 \u00e1rea de comunica\u00e7\u00e3o social; participar de programas de desenvolvimento que envolvam conte\u00fados relativos \u00e0 \u00e1rea de atua\u00e7\u00e3o. <\/p>\n\n\n\n<p id=\"block-87e50909-6db3-4720-8b66-27cfbffe9d15\"><strong>Analista de Atividade de Defesa do Consumidor<\/strong> <strong>&#8211; Moderniza\u00e7\u00e3o da Gest\u00e3o P\u00fablica<\/strong><br \/>Planejar, coordenar, supervisionar, avaliar e executar atividades relacionadas a planos, programas e projetos com \u00eanfase na melhoria da gest\u00e3o p\u00fablica; participar de programas de desenvolvimento que envolvam conte\u00fados relativos \u00e0 \u00e1rea de atua\u00e7\u00e3o.<\/p>\n\n\n\n<p id=\"block-a6e25090-2a31-4f9f-a759-4a5fdbe124db\"><strong>Analista de Atividade de Defesa do Consumidor &#8211; Recursos Humanos<br \/><\/strong>Planejar, coordenar, supervisionar, avaliar e executar atividades de administra\u00e7\u00e3o e psicologia aplicada ao trabalho, tais como recrutamento, sele\u00e7\u00e3o, treinamento, acompanhamento e avalia\u00e7\u00e3o de desempenho, an\u00e1lise de cargos e sal\u00e1rios; participar de programas de desenvolvimento que envolvam conte\u00fados relativos \u00e0 \u00e1rea de atua\u00e7\u00e3o ou neles atuar.<\/p>\n\n\n\n<h3 class=\"wp-block-heading\" id=\"vagos\">Cargos vagos no Procon DF<\/h3>\n\n\n\n<p id=\"block-e86a3616-6fc4-4b5e-8603-ef0a6fccfc86\">Segundo dados do Portal da Transpar\u00eancia do Distrito Federal de maio de 2025, existem <strong>117 cargos vagos<\/strong> na carreira:<\/p>\n\n\n\n<ul class=\"wp-block-list\">\n<li>Fiscal de Defesa do Consumidor &#8211; <strong>32<\/strong><\/li>\n\n\n\n<li>T\u00e9cnico de Atividade de Defesa do Consumidor &#8211; <strong>33<\/strong><\/li>\n\n\n\n<li>Analista de Atividade de Defesa do Consumidor &#8211; <strong>52<\/strong><\/li>\n<\/ul>\n\n\n\n<h2 class=\"wp-block-heading\" id=\"etapas\">Concurso Procon DF: etapas<\/h2>\n\n\n\n<p>Os candidatos inscritos foram avaliados por meio das seguintes etapas:<\/p>\n\n\n\n<ul class=\"wp-block-list\">\n<li><strong>prova objetiva<\/strong>, de car\u00e1ter eliminat\u00f3rio e classificat\u00f3rio; e<\/li>\n\n\n\n<li><strong>prova discursiva<\/strong>, de car\u00e1ter eliminat\u00f3rio e classificat\u00f3rio.<\/li>\n<\/ul>\n\n\n\n<h3 class=\"wp-block-heading\" id=\"objetiva\">Prova objetiva<\/h3>\n\n\n\n<p>A etapa, de car\u00e1ter eliminat\u00f3rio e classificat\u00f3rio, foi composta de <strong>120 quest\u00f5es<\/strong> do tipo CERTO (C) ou ERRADO (E), no valor total de 120,00 pontos, avaliando as habilidades e conhecimentos do candidato.<\/p>\n\n\n\n<p><strong>T\u00e9cnico e Analista de Atividades de Defesa do Consumidor<\/strong><\/p>\n\n\n\n<p>Conhecimentos b\u00e1sicos &#8211; 50 quest\u00f5es<\/p>\n\n\n\n<ul class=\"wp-block-list\">\n<li>L\u00edngua Portuguesa;<\/li>\n\n\n\n<li>Atualidades;<\/li>\n\n\n\n<li>No\u00e7\u00f5es de Inform\u00e1tica e do Sistema Eletr\u00f4nico de Informa\u00e7\u00f5es; e<\/li>\n\n\n\n<li>Legisla\u00e7\u00e3o.<\/li>\n<\/ul>\n\n\n\n<p><strong>Fiscal de Atividades de Defesa do Consumidor<\/strong><\/p>\n\n\n\n<p>Conhecimentos b\u00e1sicos &#8211; 50 quest\u00f5es<\/p>\n\n\n\n<ul class=\"wp-block-list\">\n<li>L\u00edngua Portuguesa;<\/li>\n\n\n\n<li>Atualidades;<\/li>\n\n\n\n<li>No\u00e7\u00f5es de Inform\u00e1tica e do Sistema Eletr\u00f4nico de Informa\u00e7\u00f5es;<\/li>\n\n\n\n<li>No\u00e7\u00f5es de Matem\u00e1tica Financeira e Racioc\u00ednio L\u00f3gico; e<\/li>\n\n\n\n<li>No\u00e7\u00f5es de Microeconomia.<\/li>\n<\/ul>\n\n\n\n<p>Conhecimentos espec\u00edficos (todos os cargos) &#8211; 70 quest\u00f5es<\/p>\n\n\n\n<h3 class=\"wp-block-heading\" id=\"discursiva\">Prova discursiva<\/h3>\n\n\n\n<p>A etapa, de car\u00e1ter eliminat\u00f3rio e classificat\u00f3rio, valeu 30,00 pontos e consistiu na elabora\u00e7\u00e3o de texto dissertativo, com extens\u00e3o m\u00ednima de 20 linhas e m\u00e1xima de 30 linhas, a respeito de tema relacionado aos conhecimentos b\u00e1sicos (Atualidades).<\/p>\n\n\n\n<hr class=\"wp-block-separator has-alpha-channel-opacity\" id=\"block-980d7511-7514-44db-8e46-79d47a1e09c1\"\/>\n\n\n\n<h2 class=\"wp-block-heading has-text-align-center\" id=\"cursos-assinatura\"><em>Cursos para o concurso Procon DF<\/em><\/h2>\n\n\n\n<div class=\"container\" id=\"boxes\">\n  <div class=\"row\">\n\n    <div class=\"col-sm\">\n      <div class=\"banner-adm\" id=\"box-assinatura\">\n        <h3 class=\"titulo-assinatura\">Concurso Procon DF<\/h3>\n        <p class=\"subtitulo-assinatura\">Estude conosco<\/p>\n        <div class=\"box-botao\">\n          <a class=\"btn-assinatura\" target=\"_blank\" href=\"https:\/\/www.estrategiaconcursos.com.br\/cursosPorConcurso\/instituto-de-defesa-do-consumidor-do-distrito-federal-procon-df\/\" role=\"button\" rel=\"noopener noreferrer\">Conhe\u00e7a os cursos<\/a>\n        <\/div>\n      <\/div>\n   \n    <\/div>\n\n  <\/div>\n<\/div>\n\n\n\n<div class=\"container\" id=\"boxes\">\n  <div class=\"row\">\n\n    <div class=\"col-sm\">\n      <div class=\"estrategia\" id=\"box-assinatura\">\n        <h3 class=\"titulo-assinatura\">Assinatura Concursos<\/h3>\n        <p class=\"subtitulo-assinatura\">Assinatura de 1 ano ou 2 anos<\/p>\n        <div class=\"box-botao\">\n          <a class=\"btn-assinatura\" target=\"_blank\" href=\"https:\/\/www.estrategiaconcursos.com.br\/assinaturas\/\" role=\"button\" rel=\"noopener noreferrer\">ASSINE AGORA<\/a>\n        <\/div>\n      <\/div><\/div><\/div><\/div>\n\n\n\n<h2 class=\"wp-block-heading has-text-align-center\" id=\"block-82ec9074-4b92-4710-a4b0-8962f78274fe\">Quer saber tudo sobre os concursos previstos?<br \/>Confira nossos artigos!<\/h2>\n\n\n\n<ul class=\"wp-block-list\">\n<li><a href=\"https:\/\/www.estrategiaconcursos.com.br\/blog\/concursos-abertos\/\" target=\"_blank\" rel=\"noreferrer noopener\">Concursos Abertos<\/a><\/li>\n\n\n\n<li><a href=\"https:\/\/www.estrategiaconcursos.com.br\/blog\/concursos-2025\/\" target=\"_blank\" rel=\"noreferrer noopener\">Concursos 2025<\/a><\/li>\n\n\n\n<li><a href=\"https:\/\/www.estrategiaconcursos.com.br\/blog\/concursos-2026\/\" target=\"_blank\" rel=\"noreferrer noopener\">Concursos 2026<\/a><\/li>\n\n\n\n<li><a href=\"https:\/\/www.estrategiaconcursos.com.br\/blog\/concursos-df\/\" target=\"_blank\" rel=\"noreferrer noopener\">Concursos DF<\/a><\/li>\n<\/ul>\n\n\n\n<figure class=\"wp-block-image is-resized\" id=\"block-64ce98c4-942a-40cf-8e4a-66e3f7a1855d\"><img decoding=\"async\" src=\"https:\/\/dhg1h5j42swfq.cloudfront.net\/2021\/03\/29085852\/ficha-tecnica-2-1024x632.png\" alt=\"Informa\u00e7\u00f5es do Concurso Procon DF\" style=\"width:250px;height:155px\"\/><\/figure>\n\n\n\n<h3 class=\"wp-block-heading\" id=\"block-c9a79617-3421-4df7-96c2-140433d04f53\">\u2666Informa\u00e7\u00f5es do \u00faltimo Concurso Procon DF<\/h3>\n\n\n\n<ul class=\"wp-block-list\">\n<li><strong>Ano:<\/strong>&nbsp;2023<\/li>\n\n\n\n<li><strong>Vagas:<\/strong>&nbsp;69 + 105 CR<\/li>\n\n\n\n<li><strong>Cargos:<\/strong>&nbsp;Fiscal, Analista e T\u00e9cnico<\/li>\n\n\n\n<li><strong>Banca:&nbsp;<\/strong>Instituto Quadrix<\/li>\n\n\n\n<li><strong>Escolaridade:&nbsp;<\/strong>n\u00edveis m\u00e9dio e superior<\/li>\n\n\n\n<li><strong>Edital: <\/strong><a href=\"https:\/\/dhg1h5j42swfq.cloudfront.net\/2023\/01\/17104725\/1_procon-df_concurso_publico_2023_edital_1_abertura.pdf\" target=\"_blank\" rel=\"noreferrer noopener nofollow\">Procon DF 2023<\/a> <\/li>\n<\/ul>\n","protected":false},"excerpt":{"rendered":"<p>A validade do concurso Procon DF (Instituto de Defesa do Consumidor do Distrito Federal) foi prorrogada at\u00e9 21 de julho de 2027! Sob organiza\u00e7\u00e3o do do Instituto Quadrix, o edital ofertou 174 vagas para os cargos de T\u00e9cnico e Analista de Atividades de Defesa do Consumidor. Os futuros servidores receber\u00e3o sal\u00e1rios iniciais de at\u00e9 R$ [&hellip;]<\/p>\n","protected":false},"author":1,"featured_media":782530,"comment_status":"open","ping_status":"closed","sticky":false,"template":"","format":"standard","meta":{"post_tipo":"news_page","footnotes":""},"categories":[214992],"tags":[],"tax_estado":[219970],"class_list":["post-380141","post","type-post","status-publish","format-standard","has-post-thumbnail","hentry","category-concursos-administrativos","tax_estado-df"],"acf":[],"yoast_head":"<!-- This site is optimized with the Yoast SEO Premium plugin v27.2 (Yoast SEO v27.2) - https:\/\/yoast.com\/product\/yoast-seo-premium-wordpress\/ -->\n<title>Concurso Procon DF: validade prorrogada at\u00e9 2027!<\/title>\n<meta name=\"description\" content=\"Saiba mais sobre a validade do concurso Procon DF, prorrogada at\u00e9 21 de julho de 2027 e com vagas dispon\u00edveis.\" \/>\n<meta name=\"robots\" content=\"index, follow, max-snippet:-1, max-image-preview:large, max-video-preview:-1\" \/>\n<link rel=\"canonical\" href=\"https:\/\/www.estrategiaconcursos.com.br\/blog\/concurso-procon-df\/\" \/>\n<meta property=\"og:locale\" content=\"pt_BR\" \/>\n<meta property=\"og:type\" content=\"article\" \/>\n<meta property=\"og:title\" content=\"Concurso Procon DF: validade prorrogada at\u00e9 2027!\" \/>\n<meta property=\"og:description\" content=\"Saiba mais sobre a validade do concurso Procon DF, prorrogada at\u00e9 21 de julho de 2027 e com vagas dispon\u00edveis.\" \/>\n<meta property=\"og:url\" content=\"https:\/\/www.estrategiaconcursos.com.br\/blog\/concurso-procon-df\/\" \/>\n<meta property=\"og:site_name\" content=\"Estrat\u00e9gia Concursos\" \/>\n<meta property=\"article:author\" content=\"https:\/\/www.facebook.com\/EstrategiaConcursos\" \/>\n<meta property=\"article:published_time\" content=\"2025-06-25T10:00:00+00:00\" \/>\n<meta property=\"article:modified_time\" content=\"2025-06-25T17:05:33+00:00\" \/>\n<meta property=\"og:image\" content=\"https:\/\/dhg1h5j42swfq.cloudfront.net\/2021\/06\/01095434\/6-2.jpg\" \/>\n\t<meta property=\"og:image:width\" content=\"1200\" \/>\n\t<meta property=\"og:image:height\" content=\"628\" \/>\n\t<meta property=\"og:image:type\" content=\"image\/jpeg\" \/>\n<meta name=\"author\" content=\"Coordena\u00e7\u00e3o\" \/>\n<meta name=\"twitter:card\" content=\"summary_large_image\" \/>\n<meta name=\"twitter:creator\" content=\"@EstratConcursos\" \/>\n<meta name=\"twitter:site\" content=\"@EstratConcursos\" \/>\n<meta name=\"twitter:label1\" content=\"Escrito por\" \/>\n\t<meta name=\"twitter:data1\" content=\"Coordena\u00e7\u00e3o\" \/>\n\t<meta name=\"twitter:label2\" content=\"Est. tempo de leitura\" \/>\n\t<meta name=\"twitter:data2\" content=\"10 minutos\" \/>\n<script type=\"application\/ld+json\" class=\"yoast-schema-graph\">{\"@context\":\"https:\/\/schema.org\",\"@graph\":[{\"@type\":\"NewsArticle\",\"@id\":\"https:\/\/www.estrategiaconcursos.com.br\/blog\/concurso-procon-df\/#article\",\"isPartOf\":{\"@id\":\"https:\/\/www.estrategiaconcursos.com.br\/blog\/concurso-procon-df\/\"},\"author\":{\"name\":\"Coordena\u00e7\u00e3o\",\"@id\":\"https:\/\/www.estrategiaconcursos.com.br\/blog\/#\/schema\/person\/b4a388c97673c5f483d72185668afa1f\"},\"headline\":\"Concurso Procon DF: validade prorrogada at\u00e9 2027!\",\"datePublished\":\"2025-06-25T10:00:00+00:00\",\"dateModified\":\"2025-06-25T17:05:33+00:00\",\"mainEntityOfPage\":{\"@id\":\"https:\/\/www.estrategiaconcursos.com.br\/blog\/concurso-procon-df\/\"},\"wordCount\":1404,\"commentCount\":0,\"publisher\":{\"@id\":\"https:\/\/www.estrategiaconcursos.com.br\/blog\/#organization\"},\"image\":{\"@id\":\"https:\/\/www.estrategiaconcursos.com.br\/blog\/concurso-procon-df\/#primaryimage\"},\"thumbnailUrl\":\"https:\/\/dhg1h5j42swfq.cloudfront.net\/2021\/06\/01095434\/6-2.jpg\",\"articleSection\":[\"Executivo (Administrativa)\"],\"inLanguage\":\"pt-BR\",\"potentialAction\":[{\"@type\":\"CommentAction\",\"name\":\"Comment\",\"target\":[\"https:\/\/www.estrategiaconcursos.com.br\/blog\/concurso-procon-df\/#respond\"]}],\"copyrightYear\":\"2025\",\"copyrightHolder\":{\"@id\":\"https:\/\/www.estrategiaconcursos.com.br\/blog\/#organization\"}},{\"@type\":\"WebPage\",\"@id\":\"https:\/\/www.estrategiaconcursos.com.br\/blog\/concurso-procon-df\/\",\"url\":\"https:\/\/www.estrategiaconcursos.com.br\/blog\/concurso-procon-df\/\",\"name\":\"Concurso Procon DF: validade prorrogada at\u00e9 2027!\",\"isPartOf\":{\"@id\":\"https:\/\/www.estrategiaconcursos.com.br\/blog\/#website\"},\"primaryImageOfPage\":{\"@id\":\"https:\/\/www.estrategiaconcursos.com.br\/blog\/concurso-procon-df\/#primaryimage\"},\"image\":{\"@id\":\"https:\/\/www.estrategiaconcursos.com.br\/blog\/concurso-procon-df\/#primaryimage\"},\"thumbnailUrl\":\"https:\/\/dhg1h5j42swfq.cloudfront.net\/2021\/06\/01095434\/6-2.jpg\",\"datePublished\":\"2025-06-25T10:00:00+00:00\",\"dateModified\":\"2025-06-25T17:05:33+00:00\",\"description\":\"Saiba mais sobre a validade do concurso Procon DF, prorrogada at\u00e9 21 de julho de 2027 e com vagas dispon\u00edveis.\",\"breadcrumb\":{\"@id\":\"https:\/\/www.estrategiaconcursos.com.br\/blog\/concurso-procon-df\/#breadcrumb\"},\"inLanguage\":\"pt-BR\",\"potentialAction\":[{\"@type\":\"ReadAction\",\"target\":[\"https:\/\/www.estrategiaconcursos.com.br\/blog\/concurso-procon-df\/\"]}]},{\"@type\":\"ImageObject\",\"inLanguage\":\"pt-BR\",\"@id\":\"https:\/\/www.estrategiaconcursos.com.br\/blog\/concurso-procon-df\/#primaryimage\",\"url\":\"https:\/\/dhg1h5j42swfq.cloudfront.net\/2021\/06\/01095434\/6-2.jpg\",\"contentUrl\":\"https:\/\/dhg1h5j42swfq.cloudfront.net\/2021\/06\/01095434\/6-2.jpg\",\"width\":1200,\"height\":628},{\"@type\":\"BreadcrumbList\",\"@id\":\"https:\/\/www.estrategiaconcursos.com.br\/blog\/concurso-procon-df\/#breadcrumb\",\"itemListElement\":[{\"@type\":\"ListItem\",\"position\":1,\"name\":\"In\u00edcio\",\"item\":\"https:\/\/www.estrategiaconcursos.com.br\/blog\/\"},{\"@type\":\"ListItem\",\"position\":2,\"name\":\"Concurso Procon DF: validade prorrogada at\u00e9 2027!\"}]},{\"@type\":\"WebSite\",\"@id\":\"https:\/\/www.estrategiaconcursos.com.br\/blog\/#website\",\"url\":\"https:\/\/www.estrategiaconcursos.com.br\/blog\/\",\"name\":\"Estrat\u00e9gia Concursos\",\"description\":\"O blog da Estrat\u00e9gia Concursos traz not\u00edcias sobre concursos e artigos de professores oferecendo cursos para concursos (pdf + videaulas) no site.\",\"publisher\":{\"@id\":\"https:\/\/www.estrategiaconcursos.com.br\/blog\/#organization\"},\"potentialAction\":[{\"@type\":\"SearchAction\",\"target\":{\"@type\":\"EntryPoint\",\"urlTemplate\":\"https:\/\/www.estrategiaconcursos.com.br\/blog\/?s={search_term_string}\"},\"query-input\":{\"@type\":\"PropertyValueSpecification\",\"valueRequired\":true,\"valueName\":\"search_term_string\"}}],\"inLanguage\":\"pt-BR\"},{\"@type\":\"Organization\",\"@id\":\"https:\/\/www.estrategiaconcursos.com.br\/blog\/#organization\",\"name\":\"Estrat\u00e9gia Concursos\",\"url\":\"https:\/\/www.estrategiaconcursos.com.br\/blog\/\",\"logo\":{\"@type\":\"ImageObject\",\"inLanguage\":\"pt-BR\",\"@id\":\"https:\/\/www.estrategiaconcursos.com.br\/blog\/#\/schema\/logo\/image\/\",\"url\":\"https:\/\/dhg1h5j42swfq.cloudfront.net\/2025\/06\/03203428\/logo_concursos-1.jpg\",\"contentUrl\":\"https:\/\/dhg1h5j42swfq.cloudfront.net\/2025\/06\/03203428\/logo_concursos-1.jpg\",\"width\":230,\"height\":60,\"caption\":\"Estrat\u00e9gia Concursos\"},\"image\":{\"@id\":\"https:\/\/www.estrategiaconcursos.com.br\/blog\/#\/schema\/logo\/image\/\"},\"sameAs\":[\"https:\/\/x.com\/EstratConcursos\"]},{\"@type\":\"Person\",\"@id\":\"https:\/\/www.estrategiaconcursos.com.br\/blog\/#\/schema\/person\/b4a388c97673c5f483d72185668afa1f\",\"name\":\"Coordena\u00e7\u00e3o\",\"image\":{\"@type\":\"ImageObject\",\"inLanguage\":\"pt-BR\",\"@id\":\"https:\/\/secure.gravatar.com\/avatar\/b720319e4c9a967eb58678d110f4fe35452fc5d5f97b202bac7b8acceb18c6ad?s=96&d=mm&r=g\",\"url\":\"https:\/\/secure.gravatar.com\/avatar\/b720319e4c9a967eb58678d110f4fe35452fc5d5f97b202bac7b8acceb18c6ad?s=96&d=mm&r=g\",\"contentUrl\":\"https:\/\/secure.gravatar.com\/avatar\/b720319e4c9a967eb58678d110f4fe35452fc5d5f97b202bac7b8acceb18c6ad?s=96&d=mm&r=g\",\"caption\":\"Coordena\u00e7\u00e3o\"},\"sameAs\":[\"https:\/\/www.facebook.com\/EstrategiaConcursos\",\"https:\/\/x.com\/EstratConcursos\"],\"url\":\"https:\/\/www.estrategiaconcursos.com.br\/blog\/author\/estrategia2013\/\"}]}<\/script>\n<!-- \/ Yoast SEO Premium plugin. -->","yoast_head_json":{"title":"Concurso Procon DF: validade prorrogada at\u00e9 2027!","description":"Saiba mais sobre a validade do concurso Procon DF, prorrogada at\u00e9 21 de julho de 2027 e com vagas dispon\u00edveis.","robots":{"index":"index","follow":"follow","max-snippet":"max-snippet:-1","max-image-preview":"max-image-preview:large","max-video-preview":"max-video-preview:-1"},"canonical":"https:\/\/www.estrategiaconcursos.com.br\/blog\/concurso-procon-df\/","og_locale":"pt_BR","og_type":"article","og_title":"Concurso Procon DF: validade prorrogada at\u00e9 2027!","og_description":"Saiba mais sobre a validade do concurso Procon DF, prorrogada at\u00e9 21 de julho de 2027 e com vagas dispon\u00edveis.","og_url":"https:\/\/www.estrategiaconcursos.com.br\/blog\/concurso-procon-df\/","og_site_name":"Estrat\u00e9gia Concursos","article_author":"https:\/\/www.facebook.com\/EstrategiaConcursos","article_published_time":"2025-06-25T10:00:00+00:00","article_modified_time":"2025-06-25T17:05:33+00:00","og_image":[{"width":1200,"height":628,"url":"https:\/\/dhg1h5j42swfq.cloudfront.net\/2021\/06\/01095434\/6-2.jpg","type":"image\/jpeg"}],"author":"Coordena\u00e7\u00e3o","twitter_card":"summary_large_image","twitter_creator":"@EstratConcursos","twitter_site":"@EstratConcursos","twitter_misc":{"Escrito por":"Coordena\u00e7\u00e3o","Est. tempo de leitura":"10 minutos"},"schema":{"@context":"https:\/\/schema.org","@graph":[{"@type":"NewsArticle","@id":"https:\/\/www.estrategiaconcursos.com.br\/blog\/concurso-procon-df\/#article","isPartOf":{"@id":"https:\/\/www.estrategiaconcursos.com.br\/blog\/concurso-procon-df\/"},"author":{"name":"Coordena\u00e7\u00e3o","@id":"https:\/\/www.estrategiaconcursos.com.br\/blog\/#\/schema\/person\/b4a388c97673c5f483d72185668afa1f"},"headline":"Concurso Procon DF: validade prorrogada at\u00e9 2027!","datePublished":"2025-06-25T10:00:00+00:00","dateModified":"2025-06-25T17:05:33+00:00","mainEntityOfPage":{"@id":"https:\/\/www.estrategiaconcursos.com.br\/blog\/concurso-procon-df\/"},"wordCount":1404,"commentCount":0,"publisher":{"@id":"https:\/\/www.estrategiaconcursos.com.br\/blog\/#organization"},"image":{"@id":"https:\/\/www.estrategiaconcursos.com.br\/blog\/concurso-procon-df\/#primaryimage"},"thumbnailUrl":"https:\/\/dhg1h5j42swfq.cloudfront.net\/2021\/06\/01095434\/6-2.jpg","articleSection":["Executivo (Administrativa)"],"inLanguage":"pt-BR","potentialAction":[{"@type":"CommentAction","name":"Comment","target":["https:\/\/www.estrategiaconcursos.com.br\/blog\/concurso-procon-df\/#respond"]}],"copyrightYear":"2025","copyrightHolder":{"@id":"https:\/\/www.estrategiaconcursos.com.br\/blog\/#organization"}},{"@type":"WebPage","@id":"https:\/\/www.estrategiaconcursos.com.br\/blog\/concurso-procon-df\/","url":"https:\/\/www.estrategiaconcursos.com.br\/blog\/concurso-procon-df\/","name":"Concurso Procon DF: validade prorrogada at\u00e9 2027!","isPartOf":{"@id":"https:\/\/www.estrategiaconcursos.com.br\/blog\/#website"},"primaryImageOfPage":{"@id":"https:\/\/www.estrategiaconcursos.com.br\/blog\/concurso-procon-df\/#primaryimage"},"image":{"@id":"https:\/\/www.estrategiaconcursos.com.br\/blog\/concurso-procon-df\/#primaryimage"},"thumbnailUrl":"https:\/\/dhg1h5j42swfq.cloudfront.net\/2021\/06\/01095434\/6-2.jpg","datePublished":"2025-06-25T10:00:00+00:00","dateModified":"2025-06-25T17:05:33+00:00","description":"Saiba mais sobre a validade do concurso Procon DF, prorrogada at\u00e9 21 de julho de 2027 e com vagas dispon\u00edveis.","breadcrumb":{"@id":"https:\/\/www.estrategiaconcursos.com.br\/blog\/concurso-procon-df\/#breadcrumb"},"inLanguage":"pt-BR","potentialAction":[{"@type":"ReadAction","target":["https:\/\/www.estrategiaconcursos.com.br\/blog\/concurso-procon-df\/"]}]},{"@type":"ImageObject","inLanguage":"pt-BR","@id":"https:\/\/www.estrategiaconcursos.com.br\/blog\/concurso-procon-df\/#primaryimage","url":"https:\/\/dhg1h5j42swfq.cloudfront.net\/2021\/06\/01095434\/6-2.jpg","contentUrl":"https:\/\/dhg1h5j42swfq.cloudfront.net\/2021\/06\/01095434\/6-2.jpg","width":1200,"height":628},{"@type":"BreadcrumbList","@id":"https:\/\/www.estrategiaconcursos.com.br\/blog\/concurso-procon-df\/#breadcrumb","itemListElement":[{"@type":"ListItem","position":1,"name":"In\u00edcio","item":"https:\/\/www.estrategiaconcursos.com.br\/blog\/"},{"@type":"ListItem","position":2,"name":"Concurso Procon DF: validade prorrogada at\u00e9 2027!"}]},{"@type":"WebSite","@id":"https:\/\/www.estrategiaconcursos.com.br\/blog\/#website","url":"https:\/\/www.estrategiaconcursos.com.br\/blog\/","name":"Estrat\u00e9gia Concursos","description":"O blog da Estrat\u00e9gia Concursos traz not\u00edcias sobre concursos e artigos de professores oferecendo cursos para concursos (pdf + videaulas) no site.","publisher":{"@id":"https:\/\/www.estrategiaconcursos.com.br\/blog\/#organization"},"potentialAction":[{"@type":"SearchAction","target":{"@type":"EntryPoint","urlTemplate":"https:\/\/www.estrategiaconcursos.com.br\/blog\/?s={search_term_string}"},"query-input":{"@type":"PropertyValueSpecification","valueRequired":true,"valueName":"search_term_string"}}],"inLanguage":"pt-BR"},{"@type":"Organization","@id":"https:\/\/www.estrategiaconcursos.com.br\/blog\/#organization","name":"Estrat\u00e9gia Concursos","url":"https:\/\/www.estrategiaconcursos.com.br\/blog\/","logo":{"@type":"ImageObject","inLanguage":"pt-BR","@id":"https:\/\/www.estrategiaconcursos.com.br\/blog\/#\/schema\/logo\/image\/","url":"https:\/\/dhg1h5j42swfq.cloudfront.net\/2025\/06\/03203428\/logo_concursos-1.jpg","contentUrl":"https:\/\/dhg1h5j42swfq.cloudfront.net\/2025\/06\/03203428\/logo_concursos-1.jpg","width":230,"height":60,"caption":"Estrat\u00e9gia Concursos"},"image":{"@id":"https:\/\/www.estrategiaconcursos.com.br\/blog\/#\/schema\/logo\/image\/"},"sameAs":["https:\/\/x.com\/EstratConcursos"]},{"@type":"Person","@id":"https:\/\/www.estrategiaconcursos.com.br\/blog\/#\/schema\/person\/b4a388c97673c5f483d72185668afa1f","name":"Coordena\u00e7\u00e3o","image":{"@type":"ImageObject","inLanguage":"pt-BR","@id":"https:\/\/secure.gravatar.com\/avatar\/b720319e4c9a967eb58678d110f4fe35452fc5d5f97b202bac7b8acceb18c6ad?s=96&d=mm&r=g","url":"https:\/\/secure.gravatar.com\/avatar\/b720319e4c9a967eb58678d110f4fe35452fc5d5f97b202bac7b8acceb18c6ad?s=96&d=mm&r=g","contentUrl":"https:\/\/secure.gravatar.com\/avatar\/b720319e4c9a967eb58678d110f4fe35452fc5d5f97b202bac7b8acceb18c6ad?s=96&d=mm&r=g","caption":"Coordena\u00e7\u00e3o"},"sameAs":["https:\/\/www.facebook.com\/EstrategiaConcursos","https:\/\/x.com\/EstratConcursos"],"url":"https:\/\/www.estrategiaconcursos.com.br\/blog\/author\/estrategia2013\/"}]}},"_links":{"self":[{"href":"https:\/\/www.estrategiaconcursos.com.br\/blog\/wp-json\/wp\/v2\/posts\/380141","targetHints":{"allow":["GET"]}}],"collection":[{"href":"https:\/\/www.estrategiaconcursos.com.br\/blog\/wp-json\/wp\/v2\/posts"}],"about":[{"href":"https:\/\/www.estrategiaconcursos.com.br\/blog\/wp-json\/wp\/v2\/types\/post"}],"author":[{"embeddable":true,"href":"https:\/\/www.estrategiaconcursos.com.br\/blog\/wp-json\/wp\/v2\/users\/1"}],"replies":[{"embeddable":true,"href":"https:\/\/www.estrategiaconcursos.com.br\/blog\/wp-json\/wp\/v2\/comments?post=380141"}],"version-history":[{"count":161,"href":"https:\/\/www.estrategiaconcursos.com.br\/blog\/wp-json\/wp\/v2\/posts\/380141\/revisions"}],"predecessor-version":[{"id":1596061,"href":"https:\/\/www.estrategiaconcursos.com.br\/blog\/wp-json\/wp\/v2\/posts\/380141\/revisions\/1596061"}],"wp:featuredmedia":[{"embeddable":true,"href":"https:\/\/www.estrategiaconcursos.com.br\/blog\/wp-json\/wp\/v2\/media\/782530"}],"wp:attachment":[{"href":"https:\/\/www.estrategiaconcursos.com.br\/blog\/wp-json\/wp\/v2\/media?parent=380141"}],"wp:term":[{"taxonomy":"category","embeddable":true,"href":"https:\/\/www.estrategiaconcursos.com.br\/blog\/wp-json\/wp\/v2\/categories?post=380141"},{"taxonomy":"post_tag","embeddable":true,"href":"https:\/\/www.estrategiaconcursos.com.br\/blog\/wp-json\/wp\/v2\/tags?post=380141"},{"taxonomy":"tax_estado","embeddable":true,"href":"https:\/\/www.estrategiaconcursos.com.br\/blog\/wp-json\/wp\/v2\/tax_estado?post=380141"}],"curies":[{"name":"wp","href":"https:\/\/api.w.org\/{rel}","templated":true}]}}