{"id":379747,"date":"2019-08-28T05:00:05","date_gmt":"2019-08-28T08:00:05","guid":{"rendered":"https:\/\/www.estrategiaconcursos.com.br\/blog\/?p=379747"},"modified":"2023-06-21T09:57:34","modified_gmt":"2023-06-21T12:57:34","slug":"concurso-ufam-saiu-edital","status":"publish","type":"post","link":"https:\/\/www.estrategiaconcursos.com.br\/blog\/concurso-ufam-saiu-edital\/","title":{"rendered":"Concurso UFAM: retifica\u00e7\u00e3o altera cronograma do certame"},"content":{"rendered":"\n<p>Foram publicadas nesta quarta-feira, 28 de agosto, retifica\u00e7\u00f5es que alteram algumas datas do cronograma do <strong><em>Concurso UFAM<\/em><\/strong> tanto para os cargos de n\u00edvel m\u00e9dio e t\u00e9cnico, quanto para os de n\u00edvel superior. Com inscri\u00e7\u00f5es j\u00e1 encerradas, a data de aplica\u00e7\u00e3o das provas objetivas permanece a mesma.<\/p>\n\n\n\n<p>O edital do concurso p\u00fablico da Universidade Federal do Amazonas oferta <strong>28 vagas<\/strong> para cargos de n\u00edvel m\u00e9dio, t\u00e9cnico e superior na \u00e1rea administrativa. Destas vagas abertas, 5% ser\u00e3o destinadas aos candidatos com defici\u00eancia e 20% para candidatos negros.<\/p>\n\n\n\n<p>Ao longo deste artigo voc\u00ea confere mais detalhes sobre o Concurso UFAM, como retifica\u00e7\u00f5es, etapas do certame e ao final, o link para os nossos cursos preparat\u00f3rios.<\/p>\n\n\n\n<ul class=\"wp-block-list\">\n<li><strong><em><a href=\"#datas\">Principais datas<\/a><\/em><\/strong><\/li>\n\n\n\n<li><strong><em><a href=\"#vagas\">Vagas e remunera\u00e7\u00e3o<\/a><\/em><\/strong><\/li>\n\n\n\n<li><strong><em><a href=\"#etapas\">Etapas do concurso<\/a><\/em><\/strong><\/li>\n\n\n\n<li><strong><em><a href=\"#assinatura-e-cursos\">Assinatura ilimitada e cursos<\/a><\/em><\/strong><\/li>\n<\/ul>\n\n\n\n<h2 class=\"wp-block-heading\" id=\"datas\">Principais datas do concurso UFAM<\/h2>\n\n\n\n<ul class=\"wp-block-list\">\n<li><strong>Per\u00edodo de inscri\u00e7\u00f5es:<\/strong> 24 de junho a 15 de julho <\/li>\n\n\n\n<li><strong>Taxa de inscri\u00e7\u00e3o:<\/strong>\n<ul class=\"wp-block-list\">\n<li> Cargos de n\u00edveis m\u00e9dio\/t\u00e9cnico: R$ 85,00 <\/li>\n\n\n\n<li>Cargos de n\u00edvel superior: R$ 110,00<\/li>\n<\/ul>\n<\/li>\n\n\n\n<li><strong>Provas: <\/strong>15 de setembro<\/li>\n<\/ul>\n\n\n\n<h3 class=\"wp-block-heading\">Cronograma retificado:<\/h3>\n\n\n\n<figure class=\"wp-block-table is-style-stripes\"><table class=\"has-subtle-pale-blue-background-color has-background has-fixed-layout\"><tbody><tr><td>Per\u00edodo para interposi\u00e7\u00e3o de recursos contra o resultado preliminar do recebimento da documenta\u00e7\u00e3o relacionada no subitem 2.2.8.1. Preenchimento do Requerimento dispon\u00edvel no site comvest.ufam.edu.br&nbsp;e envio para o e-mail:&nbsp;comvest_recursos@ufam.edu.br&nbsp;<\/td><td>      A partir das 10h do dia 15\/08\/2019 at\u00e9 \u00e0s 17h do dia 16\/08\/2019<\/td><\/tr><tr><td>Divulga\u00e7\u00e3o do Resultado Definitivo do recebimento da documenta\u00e7\u00e3o relacionada no subitem 2.2.8.1, no site&nbsp;comvest.ufam.edu.br&nbsp;<\/td><td>      20\/08\/2019<\/td><\/tr><tr><td>Divulga\u00e7\u00e3o das listas dos candidatos que optaram por concorrer as vagas reservadas \u00e0s pessoas com defici\u00eancia e \u00e0s vagas reservadas aos negros<\/td><td>      22\/08\/2019<\/td><\/tr><tr><td>Divulga\u00e7\u00e3o da lista definitiva dos candidatos que optaram por concorrer as vagas reservadas \u00e0s pessoas com defici\u00eancia observados os subitens 2.2 8.1 e 2.2.8.2 do Edital N\u00ba 45 e N\u00ba 44 de 27\/05\/2019 e retifica\u00e7\u00f5es.<\/td><td>      30\/08\/2019<\/td><\/tr><tr><td>Divulga\u00e7\u00e3o da lista definitiva dos candidatos que optaram por concorrer \u00e0s vagas reservadas aos negros.<\/td><td>      30\/08\/2019<\/td><\/tr><tr><td>O Boletim de Ocorr\u00eancia Policial, para fins deste Concurso P\u00fablico, s\u00f3 ter\u00e1 validade se emitido a partir de:<\/td><td>      15\/07\/2019<\/td><\/tr><tr><td>Divulga\u00e7\u00e3o do Cart\u00e3o de Confirma\u00e7\u00e3o de Inscri\u00e7\u00e3o &#8211; CCI, no site&nbsp;comvest.ufam.edu.br&nbsp;<\/td><td>      04\/09\/2019<\/td><\/tr><tr><td>Aplica\u00e7\u00e3o das Provas Objetivas.<\/td><td>      15\/09\/2019<\/td><\/tr><tr><td>Divulga\u00e7\u00e3o do Gabarito preliminar das Provas Objetivas.<\/td><td>      15\/09\/2019<\/td><\/tr><tr><td>Per\u00edodo de Interposi\u00e7\u00e3o de Recursos contra quest\u00f5es objetivas das Provas Objetivas.<\/td><td>      A partir das 10h do dia 16\/09\/2019 at\u00e9 as 17h do dia 17\/09\/2019<\/td><\/tr><tr><td>Divulga\u00e7\u00e3o do Gabarito Definitivo das Provas Objetivas.<\/td><td>      25\/09\/2019<\/td><\/tr><tr><td>Divulga\u00e7\u00e3o do Resultado Final a partir de:<\/td><td>      10\/10\/2019<\/td><\/tr><\/tbody><\/table><\/figure>\n\n\n\n<h2 class=\"wp-block-heading\" id=\"vagas\">Vagas\/remunera\u00e7\u00e3o do concurso UFAM<\/h2>\n\n\n\n<p>Listamos abaixo os cargos de <strong>n\u00edvel m\u00e9dio e t\u00e9cnico<\/strong> que s\u00e3o ofertados em um dos editais. Ressaltando que o sal\u00e1rio base para estes cargos \u00e9 de <strong>R$ 2.446,96<\/strong>.<\/p>\n\n\n\n<ul class=\"wp-block-list\">\n<li>Assistente&nbsp;em Administra\u00e7\u00e3o &#8211; 6 vagas<\/li>\n\n\n\n<li>T\u00e9cnico em Eletricidade &#8211; 1 vaga<\/li>\n\n\n\n<li>T\u00e9cnico de Laborat\u00f3rio\/Biologia <\/li>\n\n\n\n<li>T\u00e9cnico de Laborat\u00f3rio\/F\u00edsica &#8211; 1 vaga<\/li>\n\n\n\n<li>T\u00e9cnico de Laborat\u00f3rio\/Qu\u00edmica &#8211; 1 vaga<\/li>\n\n\n\n<li>T\u00e9cnico de Laborat\u00f3rio\/Inform\u00e1tica &#8211; 3 vagas<\/li>\n\n\n\n<li>T\u00e9cnico de Laborat\u00f3rio\/Industrial &#8211; 1 vaga<\/li>\n\n\n\n<li>T\u00e9cnico de Tecnologia da Informa\u00e7\u00e3o &#8211; 1 vaga<\/li>\n\n\n\n<li>T\u00e9cnico em Contabilidade &#8211; 3 vagas<\/li>\n\n\n\n<li>T\u00e9cnico em&nbsp;Nutri\u00e7\u00e3o&nbsp;e Diet\u00e9tica &#8211; 1 vaga<\/li>\n\n\n\n<li>Tradutor e Int\u00e9rprete de Linguagem de Sinais &#8211; 1 vaga<\/li>\n\n\n\n<li>T\u00e9cnico em Eletromec\u00e2nica &#8211; 1 vaga<\/li>\n<\/ul>\n\n\n\n<p>J\u00e1 para <strong>n\u00edvel superior <\/strong>a remunera\u00e7\u00e3o inicial segue um pouco mais alta, no valor de <strong>R$ 4.180,66<\/strong> voltada aos seguintes cargos: <\/p>\n\n\n\n<ul class=\"wp-block-list\">\n<li>Assistente Social &#8211; 1 vaga<\/li>\n\n\n\n<li>M\u00e9dico Veterin\u00e1rio &#8211; 1 vaga<\/li>\n\n\n\n<li>M\u00e9dico Veterin\u00e1rio &#8211; 1 vaga<\/li>\n\n\n\n<li>Enfermeiro &#8211; 1 vaga<\/li>\n\n\n\n<li>Engenheiro&nbsp;Civil &#8211; 1 vaga<\/li>\n\n\n\n<li>Bibliotec\u00e1rio\/Documentalista &#8211; 1 vaga<\/li>\n\n\n\n<li>Arque\u00f3logo &#8211; 1 vaga<\/li>\n<\/ul>\n\n\n\n<p>Importante ressaltar que a Universidade Federal do Amazonas tamb\u00e9m oferecer\u00e1, al\u00e9m do vencimento b\u00e1sico, benef\u00edcios de aux\u00edlio-alimenta\u00e7\u00e3o no valor de R$ 458,00, vale-transporte, aux\u00edlio-creche e pr\u00e9-escolar no valor de R$ 321,00 para dependentes com idade inferior a 06 anos e incentivo \u00e0 qualifica\u00e7\u00e3o.<\/p>\n\n\n\n<h2 class=\"wp-block-heading\" id=\"etapas\">Etapas do concurso UFAM<\/h2>\n\n\n\n<p>As provas est\u00e3o marcadas para o dia 15 de setembro de 2019 e devem ser realizadas nos munic\u00edpios de Coari, Humait\u00e1, Itacoatiara e Manaus para os cargos de n\u00edvel m\u00e9dio e t\u00e9cnico e nos munic\u00edpios de Itacoatiara e Manaus para n\u00edvel superior, em locais e hor\u00e1rios a serem divulgados na data prevista de 04 de setembro.<\/p>\n\n\n\n<p>O concurso ser\u00e1 composto de uma prova objetiva com <strong>45 quest\u00f5es <\/strong>no total, sendo 25 de Conhecimento Especifico ao cargo, 10 de L\u00edngua Portuguesa e 10 de Legisla\u00e7\u00e3o. Confira abaixo a distribui\u00e7\u00e3o dos t\u00f3picos, quantidade de quest\u00f5es, peso e pontos:<\/p>\n\n\n\n<ul class=\"wp-block-list\">\n<li>L\u00edngua Portuguesa &#8211; 10 quest\u00f5es (peso 1)<\/li>\n\n\n\n<li>Legisla\u00e7\u00e3o &#8211; 10 quest\u00f5es (peso 1)<\/li>\n\n\n\n<li>Conhecimentos espec\u00edficos &#8211; 25 quest\u00f5es (peso 3)<\/li>\n<\/ul>\n\n\n\n<h2 class=\"wp-block-heading\" id=\"assinatura-e-cursos\">Assinatura ilimitada e cursos para o concurso UFAM<\/h2>\n\n\n\n<h2 class=\"wp-block-heading has-text-align-center\"><em><a href=\"https:\/\/www.estrategiaconcursos.com.br\/cursosPorConcurso\/universidade-federal-do-amazonas-ufam\/\" target=\"_blank\" rel=\"noreferrer noopener\" aria-label=\"CURSO UFAM (abre numa nova aba)\">CURSO UFAM<\/a><\/em><\/h2>\n\n\n\n<p class=\"has-text-align-center\" style=\"font-size:clamp(14.642px, 0.915rem + ((1vw - 3.2px) * 0.721), 22px);px\"><em><strong>Assinatura Anual Ilimitada*<\/strong><\/em><\/p>\n\n\n\n<p class=\"has-text-align-center\"><em>Prepare-se com o melhor material e com quem mais aprova em Concursos P\u00fablicos em todo o pa\u00eds. Assine agora a nossa Assinatura Anual e tenha acesso ilimitado* a todos os nossos cursos.<\/em><\/p>\n\n\n\n<p class=\"has-text-align-center has-light-green-cyan-background-color has-background\" style=\"font-size:clamp(14.642px, 0.915rem + ((1vw - 3.2px) * 0.721), 22px);px\"><strong>ASSINE AGORA<\/strong>&nbsp;\u2013&nbsp;<a rel=\"noreferrer noopener\" href=\"https:\/\/www.estrategiaconcursos.com.br\/assinaturas\/\" target=\"_blank\"><strong>Assinatura Ilimitada<\/strong><\/a><\/p>\n\n\n\n<p class=\"has-text-align-center has-pale-cyan-blue-background-color has-background has-medium-font-size\"><strong><a href=\"https:\/\/www.estrategiaconcursos.com.br\/blog\/concursos-abertos\/\">CONCURSOS ABERTOS<\/a><\/strong><\/p>\n\n\n\n<figure class=\"wp-block-image\"><img loading=\"lazy\" decoding=\"async\" width=\"300\" height=\"102\" src=\"https:\/\/dhg1h5j42swfq.cloudfront.net\/2017\/03\/28152500\/coruja-ficha-tecnica-300x102.png\" alt=\"Ficha t\u00e9cnica Concurso UFAM\" class=\"wp-image-68542\"\/><\/figure>\n\n\n\n<p><strong>\u2666Informa\u00e7\u00f5es do concurso UFAM<\/strong> <\/p>\n\n\n\n<p><strong>\u25baData prevista da prova:&nbsp;<\/strong>15 de setembro<br \/><strong>\u25baVagas:&nbsp;<\/strong>28<br \/><strong>\u25baLota\u00e7\u00f5es:&nbsp;<\/strong>AM<br \/><strong>\u25baRequisito:&nbsp;<\/strong>N\u00edvel M\u00e9dio, T\u00e9cnico e Superior<br \/><strong>\u25baBanca:&nbsp;<\/strong>UFAM<strong><br \/>\u25baEditais: <\/strong><a rel=\"noreferrer noopener\" aria-label=\"m\u00e9dio e t\u00e9cnico (abre numa nova aba)\" href=\"https:\/\/dhg1h5j42swfq.cloudfront.net\/2019\/05\/29094310\/Edital_UFAM_2019_-_Ni%CC%81vel_Me%CC%81dio_e_Te%CC%81cnico-1.pdf\" target=\"_blank\">M\u00e9dio e T\u00e9cnico<\/a> e <a rel=\"noreferrer noopener\" aria-label=\"superior (abre numa nova aba)\" href=\"https:\/\/dhg1h5j42swfq.cloudfront.net\/2019\/05\/29094427\/Edital_UFAM_2019_-_Ni%CC%81vel_Superior-1.pdf\" target=\"_blank\">Superior<\/a><\/p>\n","protected":false},"excerpt":{"rendered":"<p>Foram publicadas nesta quarta-feira, 28 de agosto, retifica\u00e7\u00f5es que alteram algumas datas do cronograma do Concurso UFAM tanto para os cargos de n\u00edvel m\u00e9dio e t\u00e9cnico, quanto para os de n\u00edvel superior. Com inscri\u00e7\u00f5es j\u00e1 encerradas, a data de aplica\u00e7\u00e3o das provas objetivas permanece a mesma. O edital do concurso p\u00fablico da Universidade Federal do [&hellip;]<\/p>\n","protected":false},"author":1,"featured_media":146144,"comment_status":"open","ping_status":"closed","sticky":false,"template":"","format":"standard","meta":{"post_tipo":"news","footnotes":""},"categories":[1],"tags":[],"tax_estado":[],"class_list":["post-379747","post","type-post","status-publish","format-standard","has-post-thumbnail","hentry","category-cursos-e-concursos"],"acf":[],"yoast_head":"<!-- This site is optimized with the Yoast SEO Premium plugin v27.2 (Yoast SEO v27.2) - https:\/\/yoast.com\/product\/yoast-seo-premium-wordpress\/ -->\n<title>Concurso UFAM: retifica\u00e7\u00e3o altera cronograma do certame<\/title>\n<meta name=\"description\" content=\"Concurso UFAM: com incri\u00e7\u00f5es encerradas, provas do certame est\u00e3o previstas para setembro. Confira o que foi alterado no cronograma!\" \/>\n<meta name=\"robots\" content=\"index, follow, max-snippet:-1, max-image-preview:large, max-video-preview:-1\" \/>\n<link rel=\"canonical\" href=\"https:\/\/www.estrategiaconcursos.com.br\/blog\/concurso-ufam-saiu-edital\/\" \/>\n<meta property=\"og:locale\" content=\"pt_BR\" \/>\n<meta property=\"og:type\" content=\"article\" \/>\n<meta property=\"og:title\" content=\"Concurso UFAM: retifica\u00e7\u00e3o altera cronograma do certame\" \/>\n<meta property=\"og:description\" content=\"Concurso UFAM: com incri\u00e7\u00f5es encerradas, provas do certame est\u00e3o previstas para setembro. Confira o que foi alterado no cronograma!\" \/>\n<meta property=\"og:url\" content=\"https:\/\/www.estrategiaconcursos.com.br\/blog\/concurso-ufam-saiu-edital\/\" \/>\n<meta property=\"og:site_name\" content=\"Estrat\u00e9gia Concursos\" \/>\n<meta property=\"article:author\" content=\"https:\/\/www.facebook.com\/EstrategiaConcursos\" \/>\n<meta property=\"article:published_time\" content=\"2019-08-28T08:00:05+00:00\" \/>\n<meta property=\"article:modified_time\" content=\"2023-06-21T12:57:34+00:00\" \/>\n<meta property=\"og:image\" content=\"https:\/\/dhg1h5j42swfq.cloudfront.net\/2018\/10\/08173718\/saiu-edital.jpg\" \/>\n\t<meta property=\"og:image:width\" content=\"400\" \/>\n\t<meta property=\"og:image:height\" content=\"209\" \/>\n\t<meta property=\"og:image:type\" content=\"image\/jpeg\" \/>\n<meta name=\"author\" content=\"Coordena\u00e7\u00e3o\" \/>\n<meta name=\"twitter:card\" content=\"summary_large_image\" \/>\n<meta name=\"twitter:creator\" content=\"@EstratConcursos\" \/>\n<meta name=\"twitter:site\" content=\"@EstratConcursos\" \/>\n<meta name=\"twitter:label1\" content=\"Escrito por\" \/>\n\t<meta name=\"twitter:data1\" content=\"Coordena\u00e7\u00e3o\" \/>\n\t<meta name=\"twitter:label2\" content=\"Est. tempo de leitura\" \/>\n\t<meta name=\"twitter:data2\" content=\"4 minutos\" \/>\n<script type=\"application\/ld+json\" class=\"yoast-schema-graph\">{\"@context\":\"https:\/\/schema.org\",\"@graph\":[{\"@type\":\"NewsArticle\",\"@id\":\"https:\/\/www.estrategiaconcursos.com.br\/blog\/concurso-ufam-saiu-edital\/#article\",\"isPartOf\":{\"@id\":\"https:\/\/www.estrategiaconcursos.com.br\/blog\/concurso-ufam-saiu-edital\/\"},\"author\":{\"name\":\"Coordena\u00e7\u00e3o\",\"@id\":\"https:\/\/www.estrategiaconcursos.com.br\/blog\/#\/schema\/person\/b4a388c97673c5f483d72185668afa1f\"},\"headline\":\"Concurso UFAM: retifica\u00e7\u00e3o altera cronograma do certame\",\"datePublished\":\"2019-08-28T08:00:05+00:00\",\"dateModified\":\"2023-06-21T12:57:34+00:00\",\"mainEntityOfPage\":{\"@id\":\"https:\/\/www.estrategiaconcursos.com.br\/blog\/concurso-ufam-saiu-edital\/\"},\"wordCount\":884,\"commentCount\":4,\"publisher\":{\"@id\":\"https:\/\/www.estrategiaconcursos.com.br\/blog\/#organization\"},\"image\":{\"@id\":\"https:\/\/www.estrategiaconcursos.com.br\/blog\/concurso-ufam-saiu-edital\/#primaryimage\"},\"thumbnailUrl\":\"https:\/\/dhg1h5j42swfq.cloudfront.net\/2018\/10\/08173718\/saiu-edital.jpg\",\"articleSection\":[\"Concursos P\u00fablicos\"],\"inLanguage\":\"pt-BR\",\"potentialAction\":[{\"@type\":\"CommentAction\",\"name\":\"Comment\",\"target\":[\"https:\/\/www.estrategiaconcursos.com.br\/blog\/concurso-ufam-saiu-edital\/#respond\"]}],\"copyrightYear\":\"2019\",\"copyrightHolder\":{\"@id\":\"https:\/\/www.estrategiaconcursos.com.br\/blog\/#organization\"}},{\"@type\":\"WebPage\",\"@id\":\"https:\/\/www.estrategiaconcursos.com.br\/blog\/concurso-ufam-saiu-edital\/\",\"url\":\"https:\/\/www.estrategiaconcursos.com.br\/blog\/concurso-ufam-saiu-edital\/\",\"name\":\"Concurso UFAM: retifica\u00e7\u00e3o altera cronograma do certame\",\"isPartOf\":{\"@id\":\"https:\/\/www.estrategiaconcursos.com.br\/blog\/#website\"},\"primaryImageOfPage\":{\"@id\":\"https:\/\/www.estrategiaconcursos.com.br\/blog\/concurso-ufam-saiu-edital\/#primaryimage\"},\"image\":{\"@id\":\"https:\/\/www.estrategiaconcursos.com.br\/blog\/concurso-ufam-saiu-edital\/#primaryimage\"},\"thumbnailUrl\":\"https:\/\/dhg1h5j42swfq.cloudfront.net\/2018\/10\/08173718\/saiu-edital.jpg\",\"datePublished\":\"2019-08-28T08:00:05+00:00\",\"dateModified\":\"2023-06-21T12:57:34+00:00\",\"description\":\"Concurso UFAM: com incri\u00e7\u00f5es encerradas, provas do certame est\u00e3o previstas para setembro. Confira o que foi alterado no cronograma!\",\"breadcrumb\":{\"@id\":\"https:\/\/www.estrategiaconcursos.com.br\/blog\/concurso-ufam-saiu-edital\/#breadcrumb\"},\"inLanguage\":\"pt-BR\",\"potentialAction\":[{\"@type\":\"ReadAction\",\"target\":[\"https:\/\/www.estrategiaconcursos.com.br\/blog\/concurso-ufam-saiu-edital\/\"]}]},{\"@type\":\"ImageObject\",\"inLanguage\":\"pt-BR\",\"@id\":\"https:\/\/www.estrategiaconcursos.com.br\/blog\/concurso-ufam-saiu-edital\/#primaryimage\",\"url\":\"https:\/\/dhg1h5j42swfq.cloudfront.net\/2018\/10\/08173718\/saiu-edital.jpg\",\"contentUrl\":\"https:\/\/dhg1h5j42swfq.cloudfront.net\/2018\/10\/08173718\/saiu-edital.jpg\",\"width\":400,\"height\":209,\"caption\":\"CONCURSO CRESS DF\"},{\"@type\":\"BreadcrumbList\",\"@id\":\"https:\/\/www.estrategiaconcursos.com.br\/blog\/concurso-ufam-saiu-edital\/#breadcrumb\",\"itemListElement\":[{\"@type\":\"ListItem\",\"position\":1,\"name\":\"In\u00edcio\",\"item\":\"https:\/\/www.estrategiaconcursos.com.br\/blog\/\"},{\"@type\":\"ListItem\",\"position\":2,\"name\":\"Concurso UFAM: retifica\u00e7\u00e3o altera cronograma do certame\"}]},{\"@type\":\"WebSite\",\"@id\":\"https:\/\/www.estrategiaconcursos.com.br\/blog\/#website\",\"url\":\"https:\/\/www.estrategiaconcursos.com.br\/blog\/\",\"name\":\"Estrat\u00e9gia Concursos\",\"description\":\"O blog da Estrat\u00e9gia Concursos traz not\u00edcias sobre concursos e artigos de professores oferecendo cursos para concursos (pdf + videaulas) no site.\",\"publisher\":{\"@id\":\"https:\/\/www.estrategiaconcursos.com.br\/blog\/#organization\"},\"potentialAction\":[{\"@type\":\"SearchAction\",\"target\":{\"@type\":\"EntryPoint\",\"urlTemplate\":\"https:\/\/www.estrategiaconcursos.com.br\/blog\/?s={search_term_string}\"},\"query-input\":{\"@type\":\"PropertyValueSpecification\",\"valueRequired\":true,\"valueName\":\"search_term_string\"}}],\"inLanguage\":\"pt-BR\"},{\"@type\":\"Organization\",\"@id\":\"https:\/\/www.estrategiaconcursos.com.br\/blog\/#organization\",\"name\":\"Estrat\u00e9gia Concursos\",\"url\":\"https:\/\/www.estrategiaconcursos.com.br\/blog\/\",\"logo\":{\"@type\":\"ImageObject\",\"inLanguage\":\"pt-BR\",\"@id\":\"https:\/\/www.estrategiaconcursos.com.br\/blog\/#\/schema\/logo\/image\/\",\"url\":\"https:\/\/dhg1h5j42swfq.cloudfront.net\/2025\/06\/03203428\/logo_concursos-1.jpg\",\"contentUrl\":\"https:\/\/dhg1h5j42swfq.cloudfront.net\/2025\/06\/03203428\/logo_concursos-1.jpg\",\"width\":230,\"height\":60,\"caption\":\"Estrat\u00e9gia Concursos\"},\"image\":{\"@id\":\"https:\/\/www.estrategiaconcursos.com.br\/blog\/#\/schema\/logo\/image\/\"},\"sameAs\":[\"https:\/\/x.com\/EstratConcursos\"]},{\"@type\":\"Person\",\"@id\":\"https:\/\/www.estrategiaconcursos.com.br\/blog\/#\/schema\/person\/b4a388c97673c5f483d72185668afa1f\",\"name\":\"Coordena\u00e7\u00e3o\",\"image\":{\"@type\":\"ImageObject\",\"inLanguage\":\"pt-BR\",\"@id\":\"https:\/\/secure.gravatar.com\/avatar\/b720319e4c9a967eb58678d110f4fe35452fc5d5f97b202bac7b8acceb18c6ad?s=96&d=mm&r=g\",\"url\":\"https:\/\/secure.gravatar.com\/avatar\/b720319e4c9a967eb58678d110f4fe35452fc5d5f97b202bac7b8acceb18c6ad?s=96&d=mm&r=g\",\"contentUrl\":\"https:\/\/secure.gravatar.com\/avatar\/b720319e4c9a967eb58678d110f4fe35452fc5d5f97b202bac7b8acceb18c6ad?s=96&d=mm&r=g\",\"caption\":\"Coordena\u00e7\u00e3o\"},\"sameAs\":[\"https:\/\/www.facebook.com\/EstrategiaConcursos\",\"https:\/\/x.com\/EstratConcursos\"],\"url\":\"https:\/\/www.estrategiaconcursos.com.br\/blog\/author\/estrategia2013\/\"}]}<\/script>\n<!-- \/ Yoast SEO Premium plugin. -->","yoast_head_json":{"title":"Concurso UFAM: retifica\u00e7\u00e3o altera cronograma do certame","description":"Concurso UFAM: com incri\u00e7\u00f5es encerradas, provas do certame est\u00e3o previstas para setembro. Confira o que foi alterado no cronograma!","robots":{"index":"index","follow":"follow","max-snippet":"max-snippet:-1","max-image-preview":"max-image-preview:large","max-video-preview":"max-video-preview:-1"},"canonical":"https:\/\/www.estrategiaconcursos.com.br\/blog\/concurso-ufam-saiu-edital\/","og_locale":"pt_BR","og_type":"article","og_title":"Concurso UFAM: retifica\u00e7\u00e3o altera cronograma do certame","og_description":"Concurso UFAM: com incri\u00e7\u00f5es encerradas, provas do certame est\u00e3o previstas para setembro. Confira o que foi alterado no cronograma!","og_url":"https:\/\/www.estrategiaconcursos.com.br\/blog\/concurso-ufam-saiu-edital\/","og_site_name":"Estrat\u00e9gia Concursos","article_author":"https:\/\/www.facebook.com\/EstrategiaConcursos","article_published_time":"2019-08-28T08:00:05+00:00","article_modified_time":"2023-06-21T12:57:34+00:00","og_image":[{"width":400,"height":209,"url":"https:\/\/dhg1h5j42swfq.cloudfront.net\/2018\/10\/08173718\/saiu-edital.jpg","type":"image\/jpeg"}],"author":"Coordena\u00e7\u00e3o","twitter_card":"summary_large_image","twitter_creator":"@EstratConcursos","twitter_site":"@EstratConcursos","twitter_misc":{"Escrito por":"Coordena\u00e7\u00e3o","Est. tempo de leitura":"4 minutos"},"schema":{"@context":"https:\/\/schema.org","@graph":[{"@type":"NewsArticle","@id":"https:\/\/www.estrategiaconcursos.com.br\/blog\/concurso-ufam-saiu-edital\/#article","isPartOf":{"@id":"https:\/\/www.estrategiaconcursos.com.br\/blog\/concurso-ufam-saiu-edital\/"},"author":{"name":"Coordena\u00e7\u00e3o","@id":"https:\/\/www.estrategiaconcursos.com.br\/blog\/#\/schema\/person\/b4a388c97673c5f483d72185668afa1f"},"headline":"Concurso UFAM: retifica\u00e7\u00e3o altera cronograma do certame","datePublished":"2019-08-28T08:00:05+00:00","dateModified":"2023-06-21T12:57:34+00:00","mainEntityOfPage":{"@id":"https:\/\/www.estrategiaconcursos.com.br\/blog\/concurso-ufam-saiu-edital\/"},"wordCount":884,"commentCount":4,"publisher":{"@id":"https:\/\/www.estrategiaconcursos.com.br\/blog\/#organization"},"image":{"@id":"https:\/\/www.estrategiaconcursos.com.br\/blog\/concurso-ufam-saiu-edital\/#primaryimage"},"thumbnailUrl":"https:\/\/dhg1h5j42swfq.cloudfront.net\/2018\/10\/08173718\/saiu-edital.jpg","articleSection":["Concursos P\u00fablicos"],"inLanguage":"pt-BR","potentialAction":[{"@type":"CommentAction","name":"Comment","target":["https:\/\/www.estrategiaconcursos.com.br\/blog\/concurso-ufam-saiu-edital\/#respond"]}],"copyrightYear":"2019","copyrightHolder":{"@id":"https:\/\/www.estrategiaconcursos.com.br\/blog\/#organization"}},{"@type":"WebPage","@id":"https:\/\/www.estrategiaconcursos.com.br\/blog\/concurso-ufam-saiu-edital\/","url":"https:\/\/www.estrategiaconcursos.com.br\/blog\/concurso-ufam-saiu-edital\/","name":"Concurso UFAM: retifica\u00e7\u00e3o altera cronograma do certame","isPartOf":{"@id":"https:\/\/www.estrategiaconcursos.com.br\/blog\/#website"},"primaryImageOfPage":{"@id":"https:\/\/www.estrategiaconcursos.com.br\/blog\/concurso-ufam-saiu-edital\/#primaryimage"},"image":{"@id":"https:\/\/www.estrategiaconcursos.com.br\/blog\/concurso-ufam-saiu-edital\/#primaryimage"},"thumbnailUrl":"https:\/\/dhg1h5j42swfq.cloudfront.net\/2018\/10\/08173718\/saiu-edital.jpg","datePublished":"2019-08-28T08:00:05+00:00","dateModified":"2023-06-21T12:57:34+00:00","description":"Concurso UFAM: com incri\u00e7\u00f5es encerradas, provas do certame est\u00e3o previstas para setembro. Confira o que foi alterado no cronograma!","breadcrumb":{"@id":"https:\/\/www.estrategiaconcursos.com.br\/blog\/concurso-ufam-saiu-edital\/#breadcrumb"},"inLanguage":"pt-BR","potentialAction":[{"@type":"ReadAction","target":["https:\/\/www.estrategiaconcursos.com.br\/blog\/concurso-ufam-saiu-edital\/"]}]},{"@type":"ImageObject","inLanguage":"pt-BR","@id":"https:\/\/www.estrategiaconcursos.com.br\/blog\/concurso-ufam-saiu-edital\/#primaryimage","url":"https:\/\/dhg1h5j42swfq.cloudfront.net\/2018\/10\/08173718\/saiu-edital.jpg","contentUrl":"https:\/\/dhg1h5j42swfq.cloudfront.net\/2018\/10\/08173718\/saiu-edital.jpg","width":400,"height":209,"caption":"CONCURSO CRESS DF"},{"@type":"BreadcrumbList","@id":"https:\/\/www.estrategiaconcursos.com.br\/blog\/concurso-ufam-saiu-edital\/#breadcrumb","itemListElement":[{"@type":"ListItem","position":1,"name":"In\u00edcio","item":"https:\/\/www.estrategiaconcursos.com.br\/blog\/"},{"@type":"ListItem","position":2,"name":"Concurso UFAM: retifica\u00e7\u00e3o altera cronograma do certame"}]},{"@type":"WebSite","@id":"https:\/\/www.estrategiaconcursos.com.br\/blog\/#website","url":"https:\/\/www.estrategiaconcursos.com.br\/blog\/","name":"Estrat\u00e9gia Concursos","description":"O blog da Estrat\u00e9gia Concursos traz not\u00edcias sobre concursos e artigos de professores oferecendo cursos para concursos (pdf + videaulas) no site.","publisher":{"@id":"https:\/\/www.estrategiaconcursos.com.br\/blog\/#organization"},"potentialAction":[{"@type":"SearchAction","target":{"@type":"EntryPoint","urlTemplate":"https:\/\/www.estrategiaconcursos.com.br\/blog\/?s={search_term_string}"},"query-input":{"@type":"PropertyValueSpecification","valueRequired":true,"valueName":"search_term_string"}}],"inLanguage":"pt-BR"},{"@type":"Organization","@id":"https:\/\/www.estrategiaconcursos.com.br\/blog\/#organization","name":"Estrat\u00e9gia Concursos","url":"https:\/\/www.estrategiaconcursos.com.br\/blog\/","logo":{"@type":"ImageObject","inLanguage":"pt-BR","@id":"https:\/\/www.estrategiaconcursos.com.br\/blog\/#\/schema\/logo\/image\/","url":"https:\/\/dhg1h5j42swfq.cloudfront.net\/2025\/06\/03203428\/logo_concursos-1.jpg","contentUrl":"https:\/\/dhg1h5j42swfq.cloudfront.net\/2025\/06\/03203428\/logo_concursos-1.jpg","width":230,"height":60,"caption":"Estrat\u00e9gia Concursos"},"image":{"@id":"https:\/\/www.estrategiaconcursos.com.br\/blog\/#\/schema\/logo\/image\/"},"sameAs":["https:\/\/x.com\/EstratConcursos"]},{"@type":"Person","@id":"https:\/\/www.estrategiaconcursos.com.br\/blog\/#\/schema\/person\/b4a388c97673c5f483d72185668afa1f","name":"Coordena\u00e7\u00e3o","image":{"@type":"ImageObject","inLanguage":"pt-BR","@id":"https:\/\/secure.gravatar.com\/avatar\/b720319e4c9a967eb58678d110f4fe35452fc5d5f97b202bac7b8acceb18c6ad?s=96&d=mm&r=g","url":"https:\/\/secure.gravatar.com\/avatar\/b720319e4c9a967eb58678d110f4fe35452fc5d5f97b202bac7b8acceb18c6ad?s=96&d=mm&r=g","contentUrl":"https:\/\/secure.gravatar.com\/avatar\/b720319e4c9a967eb58678d110f4fe35452fc5d5f97b202bac7b8acceb18c6ad?s=96&d=mm&r=g","caption":"Coordena\u00e7\u00e3o"},"sameAs":["https:\/\/www.facebook.com\/EstrategiaConcursos","https:\/\/x.com\/EstratConcursos"],"url":"https:\/\/www.estrategiaconcursos.com.br\/blog\/author\/estrategia2013\/"}]}},"_links":{"self":[{"href":"https:\/\/www.estrategiaconcursos.com.br\/blog\/wp-json\/wp\/v2\/posts\/379747","targetHints":{"allow":["GET"]}}],"collection":[{"href":"https:\/\/www.estrategiaconcursos.com.br\/blog\/wp-json\/wp\/v2\/posts"}],"about":[{"href":"https:\/\/www.estrategiaconcursos.com.br\/blog\/wp-json\/wp\/v2\/types\/post"}],"author":[{"embeddable":true,"href":"https:\/\/www.estrategiaconcursos.com.br\/blog\/wp-json\/wp\/v2\/users\/1"}],"replies":[{"embeddable":true,"href":"https:\/\/www.estrategiaconcursos.com.br\/blog\/wp-json\/wp\/v2\/comments?post=379747"}],"version-history":[{"count":7,"href":"https:\/\/www.estrategiaconcursos.com.br\/blog\/wp-json\/wp\/v2\/posts\/379747\/revisions"}],"predecessor-version":[{"id":1236216,"href":"https:\/\/www.estrategiaconcursos.com.br\/blog\/wp-json\/wp\/v2\/posts\/379747\/revisions\/1236216"}],"wp:featuredmedia":[{"embeddable":true,"href":"https:\/\/www.estrategiaconcursos.com.br\/blog\/wp-json\/wp\/v2\/media\/146144"}],"wp:attachment":[{"href":"https:\/\/www.estrategiaconcursos.com.br\/blog\/wp-json\/wp\/v2\/media?parent=379747"}],"wp:term":[{"taxonomy":"category","embeddable":true,"href":"https:\/\/www.estrategiaconcursos.com.br\/blog\/wp-json\/wp\/v2\/categories?post=379747"},{"taxonomy":"post_tag","embeddable":true,"href":"https:\/\/www.estrategiaconcursos.com.br\/blog\/wp-json\/wp\/v2\/tags?post=379747"},{"taxonomy":"tax_estado","embeddable":true,"href":"https:\/\/www.estrategiaconcursos.com.br\/blog\/wp-json\/wp\/v2\/tax_estado?post=379747"}],"curies":[{"name":"wp","href":"https:\/\/api.w.org\/{rel}","templated":true}]}}