{"id":37971,"date":"2016-05-05T17:57:25","date_gmt":"2016-05-05T20:57:25","guid":{"rendered":"http:\/\/www.estrategiaconcursos.com.br\/blog\/?p=37971"},"modified":"2016-05-05T17:57:25","modified_gmt":"2016-05-05T20:57:25","slug":"analista-mprj-prova-de-portugues-comentada","status":"publish","type":"post","link":"https:\/\/www.estrategiaconcursos.com.br\/blog\/analista-mprj-prova-de-portugues-comentada\/","title":{"rendered":"Analista MP\/RJ &#8211; prova de Portugu\u00eas comentada."},"content":{"rendered":"<p style=\"text-align: justify\">Ol\u00e1, pessoal, tudo bem?<\/p>\n<p style=\"text-align: justify\">Vamos bater um papo sobre a prova para <strong><span style=\"color: #ff0000\">Analista do MPE\/RJ<\/span><\/strong>, que aconteceu no \u00faltimo domingo, dia 01.<br \/>\nA FGV trouxe uma prova bem caracter\u00edstica da banca, com quest\u00f5es de interpreta\u00e7\u00e3o (n\u00e3o muitas) e abordando temas como sinon\u00edmia, reg\u00eancia, crase, concord\u00e2ncia, uso das classes gramaticais, ora\u00e7\u00f5es e, \u00e9 claro, uma quest\u00e3o que exigia do aluno saber a diferen\u00e7a entre Adjunto Adnominal e Complemento Nominal!!<br \/>\nComo foram 30 quest\u00f5es, selecionei algumas para comentar aqui com voc\u00eas, aquelas que podem gerar mais d\u00favidas!!<\/p>\n<p>Tomando como base, a prova para a <span style=\"text-decoration: underline\"><em><strong><span style=\"color: #ff0000;text-decoration: underline\">\u00c1rea Administrativa, tipo 1, branca, <\/span><\/strong><\/em><\/span>temos o seguinte:<\/p>\n<p>Texto 1<br \/>\n<strong>Problemas Sociais Urbanos<\/strong><br \/>\nBrasil escola<\/p>\n<p style=\"text-align: justify\">Dentre os problemas sociais urbanos, merece destaque a quest\u00e3o da segrega\u00e7\u00e3o urbana, fruto da concentra\u00e7\u00e3o de renda no espa\u00e7o das cidades e da falta de planejamento p\u00fablico que vise \u00e0 promo\u00e7\u00e3o de pol\u00edticas de controle ao crescimento desordenado das cidades. A especula\u00e7\u00e3o imobili\u00e1ria favorece o encarecimento dos locais mais pr\u00f3ximos dos grandes centros, tornando-os inacess\u00edveis \u00e0 grande massa populacional. Al\u00e9m disso, \u00e0 medida que as cidades crescem, \u00e1reas que antes eram baratas e de f\u00e1cil acesso tornam-se mais caras, o que contribui para que a grande maioria da popula\u00e7\u00e3o pobre busque por moradias em regi\u00f5es ainda mais distantes<br \/>\nEssas pessoas sofrem com as grandes dist\u00e2ncias dos locais de resid\u00eancia com os centros comerciais e os locais onde trabalham, uma vez que a esmagadora maioria dos habitantes que sofrem com esse processo s\u00e3o trabalhadores com baixos sal\u00e1rios. Incluem-se a isso as prec\u00e1rias condi\u00e7\u00f5es de transporte p\u00fablico e a p\u00e9ssima infraestrutura dessas zonas segregadas, que \u00e0s vezes n\u00e3o contam com saneamento b\u00e1sico ou asfalto e apresentam elevados \u00edndices de viol\u00eancia.<br \/>\nA especula\u00e7\u00e3o imobili\u00e1ria tamb\u00e9m acentua um problema cada vez maior no espa\u00e7o das grandes, m\u00e9dias e at\u00e9 pequenas cidades: a quest\u00e3o dos lotes vagos. Esse problema acontece por dois principais motivos: 1) falta de poder aquisitivo da popula\u00e7\u00e3o que possui terrenos, mas que n\u00e3o possui condi\u00e7\u00f5es de construir neles e 2) a espera pela valoriza\u00e7\u00e3o dos lotes para que esses se tornem mais caros para uma venda posterior. Esses lotes vagos geralmente apresentam problemas como o ac\u00famulo de lixo, mato alto, e acabam tornando-se focos de doen\u00e7as, como a dengue.<\/p>\n<p style=\"text-align: right\">PENA, Rodolfo F. Alves. \u201cProblemas socioambientais urbanos\u201d; Brasil Escola. Dispon\u00edvel em http:\/\/brasilescola.uol.com.br\/brasil\/problemas-ambientais-sociais-decorrentes-urbaniza\u00e7\u00e3o.htm. Acesso em 14 de abril de 2016.<\/p>\n<p style=\"text-align: justify\">01. A estrutura\u00e7\u00e3o do texto 1 \u00e9 feita do seguinte modo:<br \/>\n(A) uma introdu\u00e7\u00e3o definidora dos problemas sociais urbanos e um desenvolvimento com destaque de alguns problemas;<br \/>\n(B) uma abordagem direta dos problemas com sele\u00e7\u00e3o e explica\u00e7\u00e3o de um deles, visto como o mais importante;<br \/>\n(C) uma apresenta\u00e7\u00e3o de car\u00e1ter hist\u00f3rico seguida da explicita\u00e7\u00e3o de alguns problemas ligados \u00e0s grandes cidades;<br \/>\n(D) uma refer\u00eancia imediata a um dos problemas sociais urbanos, sua explicita\u00e7\u00e3o, seguida da cita\u00e7\u00e3o de um segundo problema;<br \/>\n(E) um destaque de um dos problemas urbanos, seguido de sua explica\u00e7\u00e3o hist\u00f3rica, motivo de cr\u00edtica \u00e0s atuais autoridades.<\/p>\n<p style=\"text-align: justify\"><span style=\"color: #0000ff\"><em>Coment\u00e1rio: logo no in\u00edcio do texto, o autor \u00e9 direto em dizer que vai falar de UM DOS problemas sociais que, para ele, merece destaque, ou seja, \u00e9 o mais importante. Vejam: \u201cDentre os problemas sociais urbanos, merece destaque a quest\u00e3o da segrega\u00e7\u00e3o urbana\u201d (l. 1 e 2)<\/em><\/span><br \/>\n<span style=\"color: #0000ff\"><em> GABARITO: B<\/em><\/span><\/p>\n<p style=\"text-align: justify\">02. Pela leitura do primeiro per\u00edodo do texto 1, a segrega\u00e7\u00e3o urbana tem como principal causa:<br \/>\n(A) a concentra\u00e7\u00e3o de renda;<br \/>\n(B) a falta de planejamento p\u00fablico;<br \/>\n(C) a aus\u00eancia de pol\u00edticas urbanas;<br \/>\n(D) o crescimento desordenado das cidades;<br \/>\n(E) a falta de espa\u00e7o nas grandes cidades.<\/p>\n<p style=\"text-align: justify\"><span style=\"color: #0000ff\"><em>Coment\u00e1rio: vamos reler o primeiro per\u00edodo:<\/em><\/span><br \/>\n<span style=\"color: #0000ff\"><em> \u201cDentre os problemas sociais urbanos, merece destaque a quest\u00e3o da segrega\u00e7\u00e3o urbana, fruto da concentra\u00e7\u00e3o de renda no espa\u00e7o das cidades e da falta de planejamento p\u00fablico que vise \u00e0 promo\u00e7\u00e3o de pol\u00edticas de controle ao crescimento desordenado das cidades\u201d.<\/em><\/span><br \/>\n<span style=\"color: #0000ff\"><em> O autor coloca a concentra\u00e7\u00e3o de renda como primeiro causador da segrega\u00e7\u00e3o urbana, pois vem primeiro na ordem, a falta de planejamento vem depois. Pela leitura global, confirma-se que o motivo de afastamento das pessoas dos grandes centros \u00e9 pelo valor dos im\u00f3veis que ali est\u00e3o, ent\u00e3o, pela concentra\u00e7\u00e3o de renda.<\/em><\/span><br \/>\n<span style=\"color: #0000ff\"><em> GABARITO: A<\/em><\/span><\/p>\n<p style=\"text-align: justify\">03. \u201cDentre os problemas sociais urbanos, merece destaque a quest\u00e3o da segrega\u00e7\u00e3o urbana, fruto da concentra\u00e7\u00e3o de renda no espa\u00e7o das cidades e da falta de planejamento p\u00fablico que vise \u00e0 promo\u00e7\u00e3o de pol\u00edticas de controle ao crescimento desordenado das cidades\u201d.<br \/>\nPode ser inferido desse segmento do texto 1 que:<br \/>\n(A) n\u00e3o h\u00e1 concentra\u00e7\u00e3o de renda em todas as cidades;<br \/>\n(B) os problemas sociais urbanos resumem-se \u00e0 segrega\u00e7\u00e3o;<br \/>\n(C) o planejamento p\u00fablico se destina a impedir o crescimento das cidades;<br \/>\n(D) as pol\u00edticas de controle impediriam a concentra\u00e7\u00e3o de renda;<br \/>\n(E) os problemas sociais urbanos s\u00e3o v\u00e1rios e pass\u00edveis de controle.<\/p>\n<p style=\"text-align: justify\"><span style=\"color: #0000ff\"><em>Coment\u00e1rio: a partir das informa\u00e7\u00f5es dadas no trecho e no texto 1 como um todo, as raz\u00f5es para a segrega\u00e7\u00e3o urbana j\u00e1 foram identificadas. Sendo assim, pass\u00edveis de controle.<\/em><\/span><br \/>\n<span style=\"color: #0000ff\"><em> GABARITO: E<\/em><\/span><\/p>\n<p style=\"text-align: justify\">04. \u201cDentre os problemas sociais urbanos, merece destaque a quest\u00e3o da segrega\u00e7\u00e3o urbana, fruto da <span style=\"text-decoration: underline\">concentra\u00e7\u00e3o de renda no espa\u00e7o das cidades e da falta de planejamento p\u00fablico que vise \u00e0 promo\u00e7\u00e3o de pol\u00edticas de controle ao crescimento desordenado das cidades<\/span>\u201d.<br \/>\nOs dois elementos ligados pela conjun\u00e7\u00e3o E s\u00e3o fatores bastante diferentes; o pensamento abaixo em que os termos ligados por essa conjun\u00e7\u00e3o podem ser considerados sin\u00f4nimos \u00e9:<br \/>\n(A) \u201cA Academia Francesa \u00e9 como a Universidade: uma e outra eram necess\u00e1rias num <span style=\"text-decoration: underline\">tempo de ignor\u00e2ncia e de mau gosto<\/span>; hoje s\u00e3o rid\u00edculas\u201d (Voltaire);<br \/>\n(B) \u201cA agulha \u00e9 <span style=\"text-decoration: underline\">pequena e delgada<\/span>; no entanto sustenta uma fam\u00edlia toda\u201d (Steinberg);<br \/>\n(C) \u201cO amor e a amizade excluem-se mutuamente\u201d (La Bruy\u00e8re);<br \/>\n(D) \u201cA amizade de alguns homens \u00e9 mais <span style=\"text-decoration: underline\">funesta e danosa<\/span> do que o seu \u00f3dio ou avers\u00e3o\u201d (Marqu\u00eas de Maric\u00e1);<br \/>\n(E) \u201cTodo bajulador tem de ser for\u00e7osamente um <span style=\"text-decoration: underline\">mal\u00e9volo e um ingrato<\/span>\u201d (Nestor V\u00edtor).<\/p>\n<p style=\"text-align: justify\"><em><span style=\"color: #0000ff\">Coment\u00e1rio: nem sempre a conjun\u00e7\u00e3o \u201ce\u201d cumpre a fun\u00e7\u00e3o de ligar termos sin\u00f4nimos, mas na alternativa D isso acontece: funesta e danosa possuem o mesmo significado, aquela que causa dano.<\/span><\/em><br \/>\n<em><span style=\"color: #0000ff\"> GABARITO: D<\/span><\/em><\/p>\n<p style=\"text-align: justify\">05. \u201cDentre os problemas sociais urbanos, merece destaque a quest\u00e3o da segrega\u00e7\u00e3o urbana, fruto da concentra\u00e7\u00e3o de renda no espa\u00e7o das cidades e da falta de planejamento p\u00fablico que vise \u00e0 promo\u00e7\u00e3o de pol\u00edticas de controle ao crescimento desordenado das cidades\u201d.<br \/>\nNesse primeiro per\u00edodo do texto 1, o termo que se liga sintaticamente a um termo anterior, de forma diferente dos demais, \u00e9:<br \/>\n(A) concentra\u00e7\u00e3o <span style=\"text-decoration: underline\">de renda<\/span>;<br \/>\n(B) espa\u00e7o <span style=\"text-decoration: underline\">das cidades<\/span>;<br \/>\n(C) falta <span style=\"text-decoration: underline\">de planejamento<\/span>;<br \/>\n(D) promo\u00e7\u00e3o <span style=\"text-decoration: underline\">de pol\u00edticas<\/span>;<br \/>\n(E) crescimento <span style=\"text-decoration: underline\">das cidades<\/span>.<\/p>\n<p style=\"text-align: justify\"><em><span style=\"color: #0000ff\">Coment\u00e1rio: quest\u00e3o t\u00edpica da FGV! Quer saber se o candidato sabe diferenciar um adjunto adnominal de um complemento nominal. Sabendo que o complemento nominal est\u00e1 ligado sempre a um substantivo abstrato, nunca a um substantivo concreto, voc\u00ea \u201cmata\u201d a quest\u00e3o! Veja que apenas em \u201cespa\u00e7o das cidades\u201d (alt. B) temos substantivo concreto (espa\u00e7o), ent\u00e3o, \u201cdas cidades\u201d \u00e9 um adjunto adnominal, enquanto nos demais casos os substantivos s\u00e3o abstratos, sendo \u201cde renda\u201d, \u201cde planejamento\u201d, \u201cde pol\u00edticas\u201d e \u201cdas cidades\u201d (alt. E) complementos nominais.<\/span><\/em><br \/>\n<em><span style=\"color: #0000ff\"> Relembre:<\/span><\/em><\/p>\n<p style=\"text-align: justify\"><a href=\"https:\/\/dhg1h5j42swfq.cloudfront.net\/2016\/05\/05165634\/CN_AA.gif\" rel=\"attachment wp-att-38489\"><img loading=\"lazy\" decoding=\"async\" class=\"wp-image-38489 aligncenter\" src=\"https:\/\/dhg1h5j42swfq.cloudfront.net\/2016\/05\/05165634\/CN_AA.gif\" alt=\"CN_AA\" width=\"292\" height=\"291\" \/><\/a><\/p>\n<p><em><span style=\"color: #0000ff\">GABARITO: B<\/span><\/em><\/p>\n<p style=\"text-align: justify\">07. No texto 1, h\u00e1 quatro ocorr\u00eancias do acento grave indicativo da crase: \u201cvise \u00e0 promo\u00e7\u00e3o de pol\u00edticas de controle\u201d (1), \u201ctornando-os inacess\u00edveis \u00e0 grande massa populacional\u201d (2), \u201cAl\u00e9m disso, \u00e0 medida que as cidades crescem\u201d(3) e \u201cque \u00e0s vezes n\u00e3o contam com saneamento b\u00e1sico\u201d(4).<\/p>\n<p style=\"text-align: justify\">Os casos de crase que correspondem \u00e0 uni\u00e3o de preposi\u00e7\u00e3o + artigo definido s\u00e3o:<\/p>\n<p style=\"text-align: justify\">(A) 1 e 2;<\/p>\n<p style=\"text-align: justify\">(B) 1 e 4;<\/p>\n<p style=\"text-align: justify\">(C) 2 e 3;<\/p>\n<p style=\"text-align: justify\">(D) 3 e 4;<\/p>\n<p style=\"text-align: justify\">(E) todos eles.<\/p>\n<p style=\"text-align: justify\"><span style=\"color: #0000ff\"><em>Coment\u00e1rio: a banca quer que o candidato analise os casos de uso da crase a partir da regra geral (preposi\u00e7\u00e3o + artigo definido), o que ocorre em:<\/em><\/span><\/p>\n<p style=\"text-align: justify\"><span style=\"color: #0000ff\"><em>1 &#8211; \u201cvise \u00e0 promo\u00e7\u00e3o de pol\u00edticas de controle\u201d<\/em><\/span><\/p>\n<p style=\"text-align: justify\"><span style=\"color: #0000ff\"><em>Verbo \u201cvisar\u201d (no sentido de desejar) rege o uso da preposi\u00e7\u00e3o \u201ca\u201d que se use ao artigo feminino \u201ca\u201d de \u201ca promo\u00e7\u00e3o\u201d. <\/em><\/span><\/p>\n<p style=\"text-align: justify\"><span style=\"color: #0000ff\"><em>2 &#8211; \u201ctornando-os inacess\u00edveis \u00e0 grande massa populacional\u201d <\/em><\/span><\/p>\n<p style=\"text-align: justify\"><span style=\"color: #0000ff\"><em>O nome \u201cinacess\u00edveis\u201d exige o uso da preposi\u00e7\u00e3o \u201ca\u201d formando a crase aglutinando-se ao artigo feminino \u201ca\u201d, que acompanha \u201cgrande massa\u201d. <\/em><\/span><\/p>\n<p style=\"text-align: justify\"><span style=\"color: #0000ff\"><em>J\u00e1 nos dois outros casos, a crase est\u00e1 justificada por fazer parte de uma locu\u00e7\u00e3o feminina (\u201c\u00e0s vezes\u201d e \u201c\u00e0 medida que\u201d).<\/em><\/span><\/p>\n<p style=\"text-align: justify\"><span style=\"color: #0000ff\"><em>GABARITO: A<\/em><\/span><\/p>\n<p style=\"text-align: justify\">10. Os verbos de estado indicam: estado permanente, estado transit\u00f3rio, mudan\u00e7a de estado, apar\u00eancia de estado e continuidade de estado. A frase do texto 1 que mostra um verbo de estado com valor de mudan\u00e7a de estado \u00e9:<\/p>\n<p style=\"text-align: justify\">(A) \u201c\u00e1reas que antes eram baratas e de f\u00e1cil acesso\u201d;<\/p>\n<p style=\"text-align: justify\">(B) \u201ctornam-se mais caras\u201d;<\/p>\n<p style=\"text-align: justify\">(C) \u201chabitantes que sofrem com esse processo s\u00e3o trabalhadores com baixos sal\u00e1rios\u201d;<\/p>\n<p style=\"text-align: justify\">(D) \u201cAl\u00e9m disso, \u00e0 medida que as cidades crescem\u201d;<\/p>\n<p style=\"text-align: justify\">(E) \u201ca grande maioria da popula\u00e7\u00e3o pobre busque por moradias em regi\u00f5es ainda mais distantes\u201d.<\/p>\n<p style=\"text-align: justify\"><span style=\"color: #0000ff\"><em>Coment\u00e1rio: quest\u00e3o bem interessante que aborda os verbos de liga\u00e7\u00e3o. O enunciado trouxe um breve resumo sobre o assunto. O candidato precisa analisar cada caso para encontrar o verbo que marca <span style=\"text-decoration: underline\"><strong>mudan\u00e7a de estado<\/strong><\/span>. Vejamos:<\/em><\/span><\/p>\n<p style=\"text-align: justify\"><span style=\"color: #0000ff\"><em>(A) \u201c\u00e1reas que antes eram baratas e de f\u00e1cil acesso\u201d;<\/em><\/span><\/p>\n<p style=\"text-align: justify\"><span style=\"color: #0000ff\"><em>Verbo \u201cser\u201d indicando estado <span style=\"text-decoration: underline\"><strong>permanente no passado<\/strong>.<\/span> CUIDADO! N\u00e3o indica mudan\u00e7a de estado, ainda que as \u00e1reas citadas no texto tenham ficado mais caras com o passar dos anos. <\/em><\/span><\/p>\n<p style=\"text-align: justify\"><span style=\"color: #0000ff\"><em>(B) \u201ctornam-se mais caras\u201d;<\/em><\/span><\/p>\n<p style=\"text-align: justify\"><span style=\"color: #0000ff\"><em>Olha o pulo do gato! O verbo \u201ctornar-se\u201d \u00e9 do tipo que marca mudan\u00e7a de estado. Esse foi o processo pelo qual passaram as \u00e1reas citadas no texto: tornaram-se mais caras. Eis o nosso gabarito!<\/em><\/span><\/p>\n<p style=\"text-align: justify\"><span style=\"color: #0000ff\"><em>Nas alternativas C, D e E encontramos verbos que N\u00c3O s\u00e3o de liga\u00e7\u00e3o, portanto, n\u00e3o expressam estado. <\/em><\/span><\/p>\n<p style=\"text-align: justify\"><span style=\"color: #0000ff\"><em>GABARITO: B<\/em><\/span><\/p>\n<p style=\"text-align: justify\">12. \u201c<u>Essas pessoas<\/u> sofrem com as grandes dist\u00e2ncias dos locais de resid\u00eancia <u>com<\/u> os centros comerciais e os locais onde trabalham, <u>uma vez que<\/u> a esmagadora maioria dos habitantes que <u>sofrem<\/u> com esse processo s\u00e3o trabalhadores com <u>baixos sal\u00e1rios<\/u>\u201d.<\/p>\n<p style=\"text-align: justify\">A afirmativa inadequada sobre os componentes sublinhados nesse segmento do texto 1 \u00e9:<\/p>\n<p style=\"text-align: justify\">(A) o termo \u201cEssas pessoas\u201d se refere obrigatoriamente a um termo citado anteriormente;<\/p>\n<p style=\"text-align: justify\">(B) a preposi\u00e7\u00e3o com poderia ser adequadamente substitu\u00edda por em rela\u00e7\u00e3o a, com as adapta\u00e7\u00f5es necess\u00e1rias;<\/p>\n<p style=\"text-align: justify\">(C) a locu\u00e7\u00e3o uma vez que tem valor sem\u00e2ntico equivalente a visto que;<\/p>\n<p style=\"text-align: justify\">(D) a forma verbal sofrem deveria ser substitu\u00edda pela forma correta sofre;<\/p>\n<p style=\"text-align: justify\">(E) as formas baixos sal\u00e1rios ou sal\u00e1rios baixos mostram o mesmo sentido.<\/p>\n<p style=\"text-align: justify\">Coment\u00e1rio: a quest\u00e3o aborda remiss\u00e3o textual e concord\u00e2ncia. Vejamos:<\/p>\n<p style=\"text-align: justify\">(A) o termo \u201cEssas pessoas\u201d se refere obrigatoriamente a um termo citado anteriormente;<\/p>\n<p style=\"text-align: justify\">CORRETA. O pronome \u201cessa\u201d \u00e9 anaf\u00f3rico, ou seja, faz refer\u00eancia a um termo j\u00e1 citado.<\/p>\n<p style=\"text-align: justify\">(B) a preposi\u00e7\u00e3o com poderia ser adequadamente substitu\u00edda por em rela\u00e7\u00e3o a, com as adapta\u00e7\u00f5es necess\u00e1rias;<\/p>\n<p style=\"text-align: justify\"><em><span style=\"color: #0000ff\">CORRETA. Essas pessoas sofrem com as grandes dist\u00e2ncias dos locais de resid\u00eancia <span style=\"text-decoration: underline\"><strong>em rela\u00e7\u00e3o aos<\/strong><\/span> centros comerciais e <span style=\"text-decoration: underline\"><strong>aos<\/strong><\/span> locais onde trabalham.<\/span><\/em><\/p>\n<p style=\"text-align: justify\"><em><span style=\"color: #0000ff\">(C) a locu\u00e7\u00e3o uma vez que tem valor sem\u00e2ntico equivalente a visto que;<\/span><\/em><\/p>\n<p style=\"text-align: justify\"><em><span style=\"color: #0000ff\">CORRETA. Valor de sem\u00e2ntico de CAUSA.<\/span><\/em><\/p>\n<p style=\"text-align: justify\"><em><span style=\"color: #0000ff\">(D) a forma verbal sofrem deveria ser substitu\u00edda pela forma correta sofre;<\/span><\/em><\/p>\n<p style=\"text-align: justify\"><em><span style=\"color: #0000ff\">OPA!! Cuidado com a concord\u00e2ncia. O candidato pode ser tentado a julgar a substitui\u00e7\u00e3o proposta como correta, pensando em fazer a concord\u00e2ncia do verbo &#8220;sofrer&#8221; no singular com o termo \u201ca esmagadora maioria\u201d. A\u00ed est\u00e1 o erro. Essa concord\u00e2ncia n\u00e3o \u00e9 poss\u00edvel j\u00e1 que temos relativo \u201cque\u201d retomando \u201chabitantes\u201d. A \u00fanica possibilidade para o verbo \u201csofrer\u201d \u00e9 ficar no plural! Eis o gabarito!!<\/span><\/em><\/p>\n<p style=\"text-align: justify\"><em><span style=\"color: #0000ff\">(E) as formas baixos sal\u00e1rios ou sal\u00e1rios baixos mostram o mesmo sentido.<\/span><\/em><\/p>\n<p style=\"text-align: justify\"><em><span style=\"color: #0000ff\">CORRETA. N\u00e3o h\u00e1 altera\u00e7\u00e3o de sentido na troca de posi\u00e7\u00e3o entre substantivo e artigo neste enunciado.<\/span><\/em><\/p>\n<p style=\"text-align: justify\"><em><span style=\"color: #0000ff\">GABARITO: D<\/span><\/em><\/p>\n<p>14. O segmento abaixo em que N\u00c3O \u00e9 poss\u00edvel trocar de posi\u00e7\u00e3o os elementos textuais sublinhados \u00e9:<\/p>\n<p style=\"text-align: justify\">(A) \u201cIncluem-se a isso <u>as prec\u00e1rias condi\u00e7\u00f5es de transporte p\u00fablico<\/u> e <u>a p\u00e9ssima infraestrutura dessas zonas segregadas<\/u>, que \u00e0s vez es n\u00e3o contam com saneamento b\u00e1sico ou asfalto e apresentam elevados \u00edndices de viol\u00eancia\u201d;<\/p>\n<p style=\"text-align: justify\">(B) \u201c\u00e0s vezes n\u00e3o contam com <u>saneamento b\u00e1sico<\/u> ou <u>asfalto<\/u> e apresentam elevados \u00edndices de viol\u00eancia\u201d;<\/p>\n<p style=\"text-align: justify\">(C) \u201cEssas pessoas sofrem com as grandes dist\u00e2ncias dos locais de resid\u00eancia com <u>os centros comerciais<\/u> e <u>os locais onde trabalham<\/u>\u201d;<\/p>\n<p style=\"text-align: justify\">(D) \u201cAl\u00e9m disso, \u00e0 medida que as cidades crescem, \u00e1reas que antes eram <u>baratas<\/u> e <u>de f\u00e1cil acesso<\/u> tornam-se mais caras\u201d;<\/p>\n<p style=\"text-align: justify\">(E) \u201cmerece destaque a quest\u00e3o da segrega\u00e7\u00e3o urbana, fruto <u>da concentra\u00e7\u00e3o de renda no espa\u00e7o das cidades<\/u> e <u>da falta de planejamento p\u00fablico que vise \u00e0 promo\u00e7\u00e3o de pol\u00edticas de controle ao crescimento desordenado das cidades<\/u>\u201d.<\/p>\n<p style=\"text-align: justify\"><span style=\"color: #0000ff\"><em>Coment\u00e1rio: tenho certeza de que alguns candidatos ficaram um bom tempo pensando nesta quest\u00e3o, pois parece que a troca de posi\u00e7\u00e3o entre os termos \u00e9 poss\u00edvel em todos os casos, mas, na verdade, n\u00e3o \u00e9! Aten\u00e7\u00e3o para a alternativa A:<\/em><\/span><\/p>\n<p style=\"text-align: justify\"><span style=\"color: #0000ff\"><em>\u201cIncluem-se a isso as <u>prec\u00e1rias condi\u00e7\u00f5es de transporte p\u00fablico<\/u> e <u>a p\u00e9ssima infraestrutura dessas zonas segregadas<\/u>, que \u00e0s vezes n\u00e3o contam com saneamento b\u00e1sico ou asfalto e apresentam elevados \u00edndices de viol\u00eancia\u201d;<\/em><\/span><\/p>\n<p style=\"text-align: justify\"><span style=\"color: #0000ff\"><em>N\u00e3o \u00e9 poss\u00edvel a troca de posi\u00e7\u00e3o entre os termos j\u00e1 que o sintagma \u201czonas segregadas\u201d foi retomado pelo pronome relativo \u201cque\u201d e sobre esses locais foi acrescentado em seguida que \u201cn\u00e3o contam com saneamento b\u00e1sico ou asfalto e apresentam elevados \u00edndices de viol\u00eancia\u201d. Se a troca dos termos sublinhados acontecer, a remiss\u00e3o ficar\u00e1 perdida.<\/em><\/span><\/p>\n<p style=\"text-align: justify\"><span style=\"color: #0000ff\"><em>GABARITO: A<\/em><\/span><\/p>\n<p>Meus queridos, alguma quest\u00e3o sobre a qual ainda restam d\u00favidas e que eu n\u00e3o tenha comentado aqui? Se sim, deixem nos coment\u00e1rios ou mandem um e-mail para mim! Terei prazer em responder a todos!<\/p>\n<p>S\u00f3 tenho a desejar sucesso para todos!!<\/p>\n<p>Abra\u00e7o,<\/p>\n<p>Rafaela Freitas.<\/p>\n<p>E-mail para contato: <a href=\"mailto:professorarafaelafreitas@gmail.com\">professorarafaelafreitas@gmail.com<\/a><\/p>\n<p><a href=\"https:\/\/www.facebook.com\/prof.rafaelafreitas\">Facebook: https:\/\/www.facebook.com\/prof.rafaelafreitas<\/a><\/p>\n<p>Periscope: @Rafaela190619<\/p>\n","protected":false},"excerpt":{"rendered":"<p>Ol\u00e1, pessoal, tudo bem? Vamos bater um papo sobre a prova para Analista do MPE\/RJ, que aconteceu no \u00faltimo domingo, dia 01. A FGV trouxe uma prova bem caracter\u00edstica da banca, com quest\u00f5es de interpreta\u00e7\u00e3o (n\u00e3o muitas) e abordando temas como sinon\u00edmia, reg\u00eancia, crase, concord\u00e2ncia, uso das classes gramaticais, ora\u00e7\u00f5es e, \u00e9 claro, uma quest\u00e3o [&hellip;]<\/p>\n","protected":false},"author":190,"featured_media":38500,"comment_status":"open","ping_status":"open","sticky":false,"template":"","format":"standard","meta":{"post_tipo":"article","footnotes":""},"categories":[1],"tags":[1712,624,15],"tax_estado":[],"class_list":["post-37971","post","type-post","status-publish","format-standard","has-post-thumbnail","hentry","category-cursos-e-concursos","tag-mpe-rj","tag-mprj","tag-portugues"],"acf":[],"yoast_head":"<!-- This site is optimized with the Yoast SEO Premium plugin v27.2 (Yoast SEO v27.2) - https:\/\/yoast.com\/product\/yoast-seo-premium-wordpress\/ -->\n<title>Analista MP\/RJ - prova de Portugu\u00eas comentada.<\/title>\n<meta name=\"robots\" content=\"index, follow, max-snippet:-1, max-image-preview:large, max-video-preview:-1\" \/>\n<link rel=\"canonical\" href=\"https:\/\/www.estrategiaconcursos.com.br\/blog\/analista-mprj-prova-de-portugues-comentada\/\" \/>\n<meta property=\"og:locale\" content=\"pt_BR\" \/>\n<meta property=\"og:type\" content=\"article\" \/>\n<meta property=\"og:title\" content=\"Analista MP\/RJ - prova de Portugu\u00eas comentada.\" \/>\n<meta property=\"og:description\" content=\"Ol\u00e1, pessoal, tudo bem? Vamos bater um papo sobre a prova para Analista do MPE\/RJ, que aconteceu no \u00faltimo domingo, dia 01. A FGV trouxe uma prova bem caracter\u00edstica da banca, com quest\u00f5es de interpreta\u00e7\u00e3o (n\u00e3o muitas) e abordando temas como sinon\u00edmia, reg\u00eancia, crase, concord\u00e2ncia, uso das classes gramaticais, ora\u00e7\u00f5es e, \u00e9 claro, uma quest\u00e3o [&hellip;]\" \/>\n<meta property=\"og:url\" content=\"https:\/\/www.estrategiaconcursos.com.br\/blog\/analista-mprj-prova-de-portugues-comentada\/\" \/>\n<meta property=\"og:site_name\" content=\"Estrat\u00e9gia Concursos\" \/>\n<meta property=\"article:published_time\" content=\"2016-05-05T20:57:25+00:00\" \/>\n<meta property=\"og:image\" content=\"https:\/\/dhg1h5j42swfq.cloudfront.net\/2016\/05\/05174951\/images.png\" \/>\n\t<meta property=\"og:image:width\" content=\"259\" \/>\n\t<meta property=\"og:image:height\" content=\"195\" \/>\n\t<meta property=\"og:image:type\" content=\"image\/png\" \/>\n<meta name=\"author\" content=\"Rafaela Freitas\" \/>\n<meta name=\"twitter:card\" content=\"summary_large_image\" \/>\n<meta name=\"twitter:creator\" content=\"@EstratConcursos\" \/>\n<meta name=\"twitter:site\" content=\"@EstratConcursos\" \/>\n<meta name=\"twitter:label1\" content=\"Escrito por\" \/>\n\t<meta name=\"twitter:data1\" content=\"Rafaela Freitas\" \/>\n\t<meta name=\"twitter:label2\" content=\"Est. tempo de leitura\" \/>\n\t<meta name=\"twitter:data2\" content=\"12 minutos\" \/>\n<script type=\"application\/ld+json\" class=\"yoast-schema-graph\">{\"@context\":\"https:\/\/schema.org\",\"@graph\":[{\"@type\":\"NewsArticle\",\"@id\":\"https:\/\/www.estrategiaconcursos.com.br\/blog\/analista-mprj-prova-de-portugues-comentada\/#article\",\"isPartOf\":{\"@id\":\"https:\/\/www.estrategiaconcursos.com.br\/blog\/analista-mprj-prova-de-portugues-comentada\/\"},\"author\":{\"name\":\"Rafaela Freitas\",\"@id\":\"https:\/\/www.estrategiaconcursos.com.br\/blog\/#\/schema\/person\/b91f2c79fa09f992bd34e4182afb626c\"},\"headline\":\"Analista MP\/RJ &#8211; prova de Portugu\u00eas comentada.\",\"datePublished\":\"2016-05-05T20:57:25+00:00\",\"mainEntityOfPage\":{\"@id\":\"https:\/\/www.estrategiaconcursos.com.br\/blog\/analista-mprj-prova-de-portugues-comentada\/\"},\"wordCount\":2453,\"commentCount\":7,\"publisher\":{\"@id\":\"https:\/\/www.estrategiaconcursos.com.br\/blog\/#organization\"},\"image\":{\"@id\":\"https:\/\/www.estrategiaconcursos.com.br\/blog\/analista-mprj-prova-de-portugues-comentada\/#primaryimage\"},\"thumbnailUrl\":\"https:\/\/dhg1h5j42swfq.cloudfront.net\/2016\/05\/05174951\/images.png\",\"keywords\":[\"MPE-RJ\",\"MPRJ\",\"Portugu\u00eas\"],\"articleSection\":[\"Concursos P\u00fablicos\"],\"inLanguage\":\"pt-BR\",\"potentialAction\":[{\"@type\":\"CommentAction\",\"name\":\"Comment\",\"target\":[\"https:\/\/www.estrategiaconcursos.com.br\/blog\/analista-mprj-prova-de-portugues-comentada\/#respond\"]}],\"copyrightYear\":\"2016\",\"copyrightHolder\":{\"@id\":\"https:\/\/www.estrategiaconcursos.com.br\/blog\/#organization\"}},{\"@type\":\"WebPage\",\"@id\":\"https:\/\/www.estrategiaconcursos.com.br\/blog\/analista-mprj-prova-de-portugues-comentada\/\",\"url\":\"https:\/\/www.estrategiaconcursos.com.br\/blog\/analista-mprj-prova-de-portugues-comentada\/\",\"name\":\"Analista MP\/RJ - prova de Portugu\u00eas comentada.\",\"isPartOf\":{\"@id\":\"https:\/\/www.estrategiaconcursos.com.br\/blog\/#website\"},\"primaryImageOfPage\":{\"@id\":\"https:\/\/www.estrategiaconcursos.com.br\/blog\/analista-mprj-prova-de-portugues-comentada\/#primaryimage\"},\"image\":{\"@id\":\"https:\/\/www.estrategiaconcursos.com.br\/blog\/analista-mprj-prova-de-portugues-comentada\/#primaryimage\"},\"thumbnailUrl\":\"https:\/\/dhg1h5j42swfq.cloudfront.net\/2016\/05\/05174951\/images.png\",\"datePublished\":\"2016-05-05T20:57:25+00:00\",\"breadcrumb\":{\"@id\":\"https:\/\/www.estrategiaconcursos.com.br\/blog\/analista-mprj-prova-de-portugues-comentada\/#breadcrumb\"},\"inLanguage\":\"pt-BR\",\"potentialAction\":[{\"@type\":\"ReadAction\",\"target\":[\"https:\/\/www.estrategiaconcursos.com.br\/blog\/analista-mprj-prova-de-portugues-comentada\/\"]}]},{\"@type\":\"ImageObject\",\"inLanguage\":\"pt-BR\",\"@id\":\"https:\/\/www.estrategiaconcursos.com.br\/blog\/analista-mprj-prova-de-portugues-comentada\/#primaryimage\",\"url\":\"https:\/\/dhg1h5j42swfq.cloudfront.net\/2016\/05\/05174951\/images.png\",\"contentUrl\":\"https:\/\/dhg1h5j42swfq.cloudfront.net\/2016\/05\/05174951\/images.png\",\"width\":259,\"height\":195},{\"@type\":\"BreadcrumbList\",\"@id\":\"https:\/\/www.estrategiaconcursos.com.br\/blog\/analista-mprj-prova-de-portugues-comentada\/#breadcrumb\",\"itemListElement\":[{\"@type\":\"ListItem\",\"position\":1,\"name\":\"In\u00edcio\",\"item\":\"https:\/\/www.estrategiaconcursos.com.br\/blog\/\"},{\"@type\":\"ListItem\",\"position\":2,\"name\":\"Analista MP\/RJ &#8211; prova de Portugu\u00eas comentada.\"}]},{\"@type\":\"WebSite\",\"@id\":\"https:\/\/www.estrategiaconcursos.com.br\/blog\/#website\",\"url\":\"https:\/\/www.estrategiaconcursos.com.br\/blog\/\",\"name\":\"Estrat\u00e9gia Concursos\",\"description\":\"O blog da Estrat\u00e9gia Concursos traz not\u00edcias sobre concursos e artigos de professores oferecendo cursos para concursos (pdf + videaulas) no site.\",\"publisher\":{\"@id\":\"https:\/\/www.estrategiaconcursos.com.br\/blog\/#organization\"},\"potentialAction\":[{\"@type\":\"SearchAction\",\"target\":{\"@type\":\"EntryPoint\",\"urlTemplate\":\"https:\/\/www.estrategiaconcursos.com.br\/blog\/?s={search_term_string}\"},\"query-input\":{\"@type\":\"PropertyValueSpecification\",\"valueRequired\":true,\"valueName\":\"search_term_string\"}}],\"inLanguage\":\"pt-BR\"},{\"@type\":\"Organization\",\"@id\":\"https:\/\/www.estrategiaconcursos.com.br\/blog\/#organization\",\"name\":\"Estrat\u00e9gia Concursos\",\"url\":\"https:\/\/www.estrategiaconcursos.com.br\/blog\/\",\"logo\":{\"@type\":\"ImageObject\",\"inLanguage\":\"pt-BR\",\"@id\":\"https:\/\/www.estrategiaconcursos.com.br\/blog\/#\/schema\/logo\/image\/\",\"url\":\"https:\/\/dhg1h5j42swfq.cloudfront.net\/2025\/06\/03203428\/logo_concursos-1.jpg\",\"contentUrl\":\"https:\/\/dhg1h5j42swfq.cloudfront.net\/2025\/06\/03203428\/logo_concursos-1.jpg\",\"width\":230,\"height\":60,\"caption\":\"Estrat\u00e9gia Concursos\"},\"image\":{\"@id\":\"https:\/\/www.estrategiaconcursos.com.br\/blog\/#\/schema\/logo\/image\/\"},\"sameAs\":[\"https:\/\/x.com\/EstratConcursos\"]},{\"@type\":\"Person\",\"@id\":\"https:\/\/www.estrategiaconcursos.com.br\/blog\/#\/schema\/person\/b91f2c79fa09f992bd34e4182afb626c\",\"name\":\"Rafaela Freitas\",\"image\":{\"@type\":\"ImageObject\",\"inLanguage\":\"pt-BR\",\"@id\":\"https:\/\/secure.gravatar.com\/avatar\/97ece78bdb320995d343d6c012a26475a2b8b6a591c52fbbd62c62640f68911e?s=96&d=mm&r=g\",\"url\":\"https:\/\/secure.gravatar.com\/avatar\/97ece78bdb320995d343d6c012a26475a2b8b6a591c52fbbd62c62640f68911e?s=96&d=mm&r=g\",\"contentUrl\":\"https:\/\/secure.gravatar.com\/avatar\/97ece78bdb320995d343d6c012a26475a2b8b6a591c52fbbd62c62640f68911e?s=96&d=mm&r=g\",\"caption\":\"Rafaela Freitas\"},\"url\":\"https:\/\/www.estrategiaconcursos.com.br\/blog\/author\/rafaelafreitasestrategiaconcursos-com-br\/\"}]}<\/script>\n<!-- \/ Yoast SEO Premium plugin. -->","yoast_head_json":{"title":"Analista MP\/RJ - prova de Portugu\u00eas comentada.","robots":{"index":"index","follow":"follow","max-snippet":"max-snippet:-1","max-image-preview":"max-image-preview:large","max-video-preview":"max-video-preview:-1"},"canonical":"https:\/\/www.estrategiaconcursos.com.br\/blog\/analista-mprj-prova-de-portugues-comentada\/","og_locale":"pt_BR","og_type":"article","og_title":"Analista MP\/RJ - prova de Portugu\u00eas comentada.","og_description":"Ol\u00e1, pessoal, tudo bem? Vamos bater um papo sobre a prova para Analista do MPE\/RJ, que aconteceu no \u00faltimo domingo, dia 01. A FGV trouxe uma prova bem caracter\u00edstica da banca, com quest\u00f5es de interpreta\u00e7\u00e3o (n\u00e3o muitas) e abordando temas como sinon\u00edmia, reg\u00eancia, crase, concord\u00e2ncia, uso das classes gramaticais, ora\u00e7\u00f5es e, \u00e9 claro, uma quest\u00e3o [&hellip;]","og_url":"https:\/\/www.estrategiaconcursos.com.br\/blog\/analista-mprj-prova-de-portugues-comentada\/","og_site_name":"Estrat\u00e9gia Concursos","article_published_time":"2016-05-05T20:57:25+00:00","og_image":[{"width":259,"height":195,"url":"https:\/\/dhg1h5j42swfq.cloudfront.net\/2016\/05\/05174951\/images.png","type":"image\/png"}],"author":"Rafaela Freitas","twitter_card":"summary_large_image","twitter_creator":"@EstratConcursos","twitter_site":"@EstratConcursos","twitter_misc":{"Escrito por":"Rafaela Freitas","Est. tempo de leitura":"12 minutos"},"schema":{"@context":"https:\/\/schema.org","@graph":[{"@type":"NewsArticle","@id":"https:\/\/www.estrategiaconcursos.com.br\/blog\/analista-mprj-prova-de-portugues-comentada\/#article","isPartOf":{"@id":"https:\/\/www.estrategiaconcursos.com.br\/blog\/analista-mprj-prova-de-portugues-comentada\/"},"author":{"name":"Rafaela Freitas","@id":"https:\/\/www.estrategiaconcursos.com.br\/blog\/#\/schema\/person\/b91f2c79fa09f992bd34e4182afb626c"},"headline":"Analista MP\/RJ &#8211; prova de Portugu\u00eas comentada.","datePublished":"2016-05-05T20:57:25+00:00","mainEntityOfPage":{"@id":"https:\/\/www.estrategiaconcursos.com.br\/blog\/analista-mprj-prova-de-portugues-comentada\/"},"wordCount":2453,"commentCount":7,"publisher":{"@id":"https:\/\/www.estrategiaconcursos.com.br\/blog\/#organization"},"image":{"@id":"https:\/\/www.estrategiaconcursos.com.br\/blog\/analista-mprj-prova-de-portugues-comentada\/#primaryimage"},"thumbnailUrl":"https:\/\/dhg1h5j42swfq.cloudfront.net\/2016\/05\/05174951\/images.png","keywords":["MPE-RJ","MPRJ","Portugu\u00eas"],"articleSection":["Concursos P\u00fablicos"],"inLanguage":"pt-BR","potentialAction":[{"@type":"CommentAction","name":"Comment","target":["https:\/\/www.estrategiaconcursos.com.br\/blog\/analista-mprj-prova-de-portugues-comentada\/#respond"]}],"copyrightYear":"2016","copyrightHolder":{"@id":"https:\/\/www.estrategiaconcursos.com.br\/blog\/#organization"}},{"@type":"WebPage","@id":"https:\/\/www.estrategiaconcursos.com.br\/blog\/analista-mprj-prova-de-portugues-comentada\/","url":"https:\/\/www.estrategiaconcursos.com.br\/blog\/analista-mprj-prova-de-portugues-comentada\/","name":"Analista MP\/RJ - prova de Portugu\u00eas comentada.","isPartOf":{"@id":"https:\/\/www.estrategiaconcursos.com.br\/blog\/#website"},"primaryImageOfPage":{"@id":"https:\/\/www.estrategiaconcursos.com.br\/blog\/analista-mprj-prova-de-portugues-comentada\/#primaryimage"},"image":{"@id":"https:\/\/www.estrategiaconcursos.com.br\/blog\/analista-mprj-prova-de-portugues-comentada\/#primaryimage"},"thumbnailUrl":"https:\/\/dhg1h5j42swfq.cloudfront.net\/2016\/05\/05174951\/images.png","datePublished":"2016-05-05T20:57:25+00:00","breadcrumb":{"@id":"https:\/\/www.estrategiaconcursos.com.br\/blog\/analista-mprj-prova-de-portugues-comentada\/#breadcrumb"},"inLanguage":"pt-BR","potentialAction":[{"@type":"ReadAction","target":["https:\/\/www.estrategiaconcursos.com.br\/blog\/analista-mprj-prova-de-portugues-comentada\/"]}]},{"@type":"ImageObject","inLanguage":"pt-BR","@id":"https:\/\/www.estrategiaconcursos.com.br\/blog\/analista-mprj-prova-de-portugues-comentada\/#primaryimage","url":"https:\/\/dhg1h5j42swfq.cloudfront.net\/2016\/05\/05174951\/images.png","contentUrl":"https:\/\/dhg1h5j42swfq.cloudfront.net\/2016\/05\/05174951\/images.png","width":259,"height":195},{"@type":"BreadcrumbList","@id":"https:\/\/www.estrategiaconcursos.com.br\/blog\/analista-mprj-prova-de-portugues-comentada\/#breadcrumb","itemListElement":[{"@type":"ListItem","position":1,"name":"In\u00edcio","item":"https:\/\/www.estrategiaconcursos.com.br\/blog\/"},{"@type":"ListItem","position":2,"name":"Analista MP\/RJ &#8211; prova de Portugu\u00eas comentada."}]},{"@type":"WebSite","@id":"https:\/\/www.estrategiaconcursos.com.br\/blog\/#website","url":"https:\/\/www.estrategiaconcursos.com.br\/blog\/","name":"Estrat\u00e9gia Concursos","description":"O blog da Estrat\u00e9gia Concursos traz not\u00edcias sobre concursos e artigos de professores oferecendo cursos para concursos (pdf + videaulas) no site.","publisher":{"@id":"https:\/\/www.estrategiaconcursos.com.br\/blog\/#organization"},"potentialAction":[{"@type":"SearchAction","target":{"@type":"EntryPoint","urlTemplate":"https:\/\/www.estrategiaconcursos.com.br\/blog\/?s={search_term_string}"},"query-input":{"@type":"PropertyValueSpecification","valueRequired":true,"valueName":"search_term_string"}}],"inLanguage":"pt-BR"},{"@type":"Organization","@id":"https:\/\/www.estrategiaconcursos.com.br\/blog\/#organization","name":"Estrat\u00e9gia Concursos","url":"https:\/\/www.estrategiaconcursos.com.br\/blog\/","logo":{"@type":"ImageObject","inLanguage":"pt-BR","@id":"https:\/\/www.estrategiaconcursos.com.br\/blog\/#\/schema\/logo\/image\/","url":"https:\/\/dhg1h5j42swfq.cloudfront.net\/2025\/06\/03203428\/logo_concursos-1.jpg","contentUrl":"https:\/\/dhg1h5j42swfq.cloudfront.net\/2025\/06\/03203428\/logo_concursos-1.jpg","width":230,"height":60,"caption":"Estrat\u00e9gia Concursos"},"image":{"@id":"https:\/\/www.estrategiaconcursos.com.br\/blog\/#\/schema\/logo\/image\/"},"sameAs":["https:\/\/x.com\/EstratConcursos"]},{"@type":"Person","@id":"https:\/\/www.estrategiaconcursos.com.br\/blog\/#\/schema\/person\/b91f2c79fa09f992bd34e4182afb626c","name":"Rafaela Freitas","image":{"@type":"ImageObject","inLanguage":"pt-BR","@id":"https:\/\/secure.gravatar.com\/avatar\/97ece78bdb320995d343d6c012a26475a2b8b6a591c52fbbd62c62640f68911e?s=96&d=mm&r=g","url":"https:\/\/secure.gravatar.com\/avatar\/97ece78bdb320995d343d6c012a26475a2b8b6a591c52fbbd62c62640f68911e?s=96&d=mm&r=g","contentUrl":"https:\/\/secure.gravatar.com\/avatar\/97ece78bdb320995d343d6c012a26475a2b8b6a591c52fbbd62c62640f68911e?s=96&d=mm&r=g","caption":"Rafaela Freitas"},"url":"https:\/\/www.estrategiaconcursos.com.br\/blog\/author\/rafaelafreitasestrategiaconcursos-com-br\/"}]}},"_links":{"self":[{"href":"https:\/\/www.estrategiaconcursos.com.br\/blog\/wp-json\/wp\/v2\/posts\/37971","targetHints":{"allow":["GET"]}}],"collection":[{"href":"https:\/\/www.estrategiaconcursos.com.br\/blog\/wp-json\/wp\/v2\/posts"}],"about":[{"href":"https:\/\/www.estrategiaconcursos.com.br\/blog\/wp-json\/wp\/v2\/types\/post"}],"author":[{"embeddable":true,"href":"https:\/\/www.estrategiaconcursos.com.br\/blog\/wp-json\/wp\/v2\/users\/190"}],"replies":[{"embeddable":true,"href":"https:\/\/www.estrategiaconcursos.com.br\/blog\/wp-json\/wp\/v2\/comments?post=37971"}],"version-history":[{"count":8,"href":"https:\/\/www.estrategiaconcursos.com.br\/blog\/wp-json\/wp\/v2\/posts\/37971\/revisions"}],"predecessor-version":[{"id":38504,"href":"https:\/\/www.estrategiaconcursos.com.br\/blog\/wp-json\/wp\/v2\/posts\/37971\/revisions\/38504"}],"wp:featuredmedia":[{"embeddable":true,"href":"https:\/\/www.estrategiaconcursos.com.br\/blog\/wp-json\/wp\/v2\/media\/38500"}],"wp:attachment":[{"href":"https:\/\/www.estrategiaconcursos.com.br\/blog\/wp-json\/wp\/v2\/media?parent=37971"}],"wp:term":[{"taxonomy":"category","embeddable":true,"href":"https:\/\/www.estrategiaconcursos.com.br\/blog\/wp-json\/wp\/v2\/categories?post=37971"},{"taxonomy":"post_tag","embeddable":true,"href":"https:\/\/www.estrategiaconcursos.com.br\/blog\/wp-json\/wp\/v2\/tags?post=37971"},{"taxonomy":"tax_estado","embeddable":true,"href":"https:\/\/www.estrategiaconcursos.com.br\/blog\/wp-json\/wp\/v2\/tax_estado?post=37971"}],"curies":[{"name":"wp","href":"https:\/\/api.w.org\/{rel}","templated":true}]}}