{"id":37942,"date":"2016-06-08T00:31:56","date_gmt":"2016-06-08T03:31:56","guid":{"rendered":"http:\/\/www.estrategiaconcursos.com.br\/blog\/?p=37942"},"modified":"2023-06-23T10:35:04","modified_gmt":"2023-06-23T13:35:04","slug":"concurso-aft-carreira","status":"publish","type":"post","link":"https:\/\/www.estrategiaconcursos.com.br\/blog\/concurso-aft-carreira\/","title":{"rendered":"Concurso AFT: detalhes sobre a carreira e expectativa de novo certame"},"content":{"rendered":"<p style=\"text-align: justify;\"><strong><em>Concurso AFT<\/em>: detalhes sobre a carreira e expectativa de novo certame.<\/strong><\/p>\n<p style=\"text-align: justify;\">Ol\u00e1, pessoal!<\/p>\n<p style=\"text-align: justify;\"><img loading=\"lazy\" decoding=\"async\" class=\"alignleft wp-image-37947 size-medium\" src=\"https:\/\/dhg1h5j42swfq.cloudfront.net\/2016\/04\/28150748\/concurso-aft.jpg\" alt=\"concurso aft\" width=\"300\" height=\"197\" srcset=\"https:\/\/dhg1h5j42swfq.cloudfront.net\/2016\/04\/28150748\/concurso-aft.jpg 885w, https:\/\/dhg1h5j42swfq.cloudfront.net\/2016\/04\/28150748\/concurso-aft.jpg 300w, https:\/\/dhg1h5j42swfq.cloudfront.net\/2016\/04\/28150748\/concurso-aft.jpg 768w, https:\/\/dhg1h5j42swfq.cloudfront.net\/2016\/04\/28150748\/concurso-aft.jpg 458w\" sizes=\"auto, (max-width: 300px) 100vw, 300px\" \/><span style=\"color: #000000;\">Hoje estamos aqui para dar dicas, orienta\u00e7\u00f5es e contar um pouco da rotina de trabalho de um Auditor-Fiscal do Trabalho, tamb\u00e9m chamado apenas por sua sigla: AFT!<\/span><\/p>\n<p style=\"text-align: justify;\"><span style=\"color: #000000;\">O AFT \u00e9 uma das poucas carreiras que, al\u00e9m de ter suas atribui\u00e7\u00f5es exigidas pela Constitui\u00e7\u00e3o, tem atribui\u00e7\u00f5es exigidas <strong>internacionalmente<\/strong>! A Conven\u00e7\u00e3o n.\u00ba 81 da Organiza\u00e7\u00e3o Internacional do Trabalho (OIT) exige que o Brasil tenha uma inspe\u00e7\u00e3o do trabalho! Essa \u00e9 uma carreira essencial ao Estado brasileiro! Quer saber mais? D\u00ea uma olhada:<\/span><\/p>\n<p style=\"text-align: center;\"><strong><a href=\"http:\/\/www.oitbrasil.org.br\/node\/457\" target=\"_blank\" rel=\"noopener noreferrer\">Inspe\u00e7\u00e3o do Trabalho na Ind\u00fastria e no Com\u00e9rcio<\/a><\/strong><\/p>\n<p style=\"text-align: justify;\"><span style=\"color: #000000;\">Bom, tenho conhecimento de causa para falar sobre este concurso AFT, pois sou AFT desde 2010, e uma das coisas que mais chamam a aten\u00e7\u00e3o \u00e9 a interdisciplinaridade e in\u00fameros campos de atua\u00e7\u00e3o para um AFT.<\/span><\/p>\n<p style=\"text-align: justify;\"><span style=\"color: #000000;\">Temos v\u00e1rios colegas formados em Direito, Engenharia, Administra\u00e7\u00e3o, Economia (meu caso, hehe), \u00e1reas ligadas \u00e0 sa\u00fade, como Medicina, Fisioterapia, etc&#8230; E h\u00e1 espa\u00e7o para se fazer de tudo, desde atributos mais ligados \u00e0 legisla\u00e7\u00e3o, aspectos referentes a receitas, como fiscaliza\u00e7\u00e3o de d\u00e9bitos referentes ao FGTS e, claro, ligado \u00e0 sa\u00fade e seguran\u00e7a do trabalhador, desde ergonomia at\u00e9 verifica\u00e7\u00e3o t\u00e9cnica de obras mais complexas e perigosas.<\/span><\/p>\n<p style=\"text-align: justify;\"><span style=\"color: #000000;\">O AFT, portanto, colabora com a Uni\u00e3o tanto nas receitas e no cumprimento das leis trabalhistas quanto zela pelo bem-estar e seguran\u00e7a do trabalhador. \u00c9 um trabalho extremamente gratificante, e h\u00e1 a possibilidade de trabalhar tanto externamente quanto internamente.<\/span><\/p>\n<p style=\"text-align: justify;\"><span style=\"color: #000000;\">Vamos discutir um pouco sobre as poss\u00edveis \u00e1reas de atua\u00e7\u00e3o do AFT, dividindo em atividades internas e externas.<\/span><\/p>\n<p style=\"text-align: justify;\"><span style=\"color: #000080;\"><strong>Internas<\/strong><\/span><\/p>\n<p style=\"text-align: justify;\"><span style=\"color: #000000;\"><strong>-An\u00e1lise de Multas e Recursos<\/strong>: Nessa atividade voc\u00ea vai fazer a an\u00e1lise dos recursos relativos \u00e0s autua\u00e7\u00f5es feitas por outros AFTs. Muitas pessoas que gostam do Direito e querem atuar em uma \u00e1rea muito jur\u00eddica tendem a se identificar demais com essa atribui\u00e7\u00e3o.<\/span><\/p>\n<p style=\"text-align: justify;\"><span style=\"color: #000000;\"><strong>-Rela\u00e7\u00f5es do Trabalho<\/strong>: Trata-se de uma atividade de media\u00e7\u00e3o de conflitos, assim voc\u00ea vai fazer mesas redondas entre empregados, empregadores e sindicatos, com vistas a ajudar as partes a chegarem a um acordo (sempre dentro da lei, lembre-se de que AFT n\u00e3o \u00e9 juiz). N\u00e3o \u00e9 toda regional que tem essa atividade realizada por um AFT, mas ainda h\u00e1 muitos auditores com essa atribui\u00e7\u00e3o.<\/span><\/p>\n<p style=\"text-align: justify;\"><span style=\"color: #000000;\"><strong>-Chefias de fiscaliza\u00e7\u00e3o<\/strong>: O nome \u00e9 autoexplicativo, certo? Voc\u00ea que vai emitir as Ordens de Servi\u00e7o e determinar quais empresas ser\u00e3o fiscalizadas e que den\u00fancias ser\u00e3o atendidas, al\u00e9m de ser respons\u00e1vel pela organiza\u00e7\u00e3o da fiscaliza\u00e7\u00e3o do trabalho em sua regional.<\/span><\/p>\n<p style=\"text-align: justify;\"><span style=\"color: #000000;\"><strong>-Superintendentes e Gerentes Regionais<\/strong>: Ambos comandam as atividades administrativas de uma regional (estado ou regi\u00e3o), sem liga\u00e7\u00e3o direta com a fiscaliza\u00e7\u00e3o. O gerente\/superintendente comanda atividades administrativas como controlar o setor de emiss\u00e3o de carteiras de trabalho, aluguel predial, cuidar dos servi\u00e7os de manuten\u00e7\u00e3o e limpeza, etc.<\/span><\/p>\n<p style=\"text-align: justify;\"><span style=\"color: #000000;\"><strong>-Secretaria de Inspe\u00e7\u00e3o do Trabalho<\/strong>: \u00d3rg\u00e3o central, em Bras\u00edlia! A desvantagem \u00e9 que, para a maior parte dos candidatos, trabalhar em Bras\u00edlia \u00e9 ficar longe de casa. A vantagem \u00e9 que voc\u00ea ter\u00e1 um papel importante na defini\u00e7\u00e3o dos rumos da fiscaliza\u00e7\u00e3o nacional, com normatiza\u00e7\u00e3o, planejamento, etc.<\/span><\/p>\n<p style=\"text-align: justify;\"><span style=\"color: #000080;\"><strong>Externas<\/strong><\/span><\/p>\n<p style=\"text-align: justify;\"><span style=\"color: #000000;\">Basicamente, um AFT externo recebe uma Ordem de Servi\u00e7o, que indica o que e onde ele dever\u00e1 fiscalizar. A partir da\u00ed voc\u00ea ter\u00e1 total liberdade para fazer sua fiscaliza\u00e7\u00e3o, voc\u00ea ir\u00e1 determinar sua rotina de trabalho e a forma de realizar os procedimentos necess\u00e1rios. Ap\u00f3s finalizar a inspe\u00e7\u00e3o, voc\u00ea ir\u00e1 lan\u00e7ar um Relat\u00f3rio de Inspe\u00e7\u00e3o no sistema, indicando o que voc\u00ea encontrou e o que autuou.<\/span><\/p>\n<p style=\"text-align: justify;\"><span style=\"color: #000080;\"><strong>\u201cProfessor, como funciona a fiscaliza\u00e7\u00e3o?\u201d<\/strong><\/span><\/p>\n<p style=\"text-align: justify;\"><span style=\"color: #000000;\">Isso \u00e9 quase imposs\u00edvel de responder aqui! H\u00e1 diversas modalidades e tipos de fiscaliza\u00e7\u00e3o! Voc\u00ea pode ter de fazer uma fiscaliza\u00e7\u00e3o direta, que voc\u00ea tem de ir at\u00e9 a empresa, indireta, na qual voc\u00ea notifica a empresa por correio para que a mesma leve documentos na reparti\u00e7\u00e3o, mista, uma mistura das duas \u00faltimas, etc.<\/span><\/p>\n<p style=\"text-align: justify;\"><span style=\"color: #000000;\">A atividade de fiscaliza\u00e7\u00e3o \u00e9 dividida em Projetos, ou seja, \u00e1reas de atua\u00e7\u00e3o! Os projetos em que voc\u00ea estiver inserido ir\u00e3o determinar sua rotina de trabalho. Algumas<strong>\u00a0<\/strong>\u00e1reas de atua\u00e7\u00e3o s\u00e3o:<\/span><\/p>\n<ul style=\"text-align: justify;\">\n<li><span style=\"color: #000000;\">FGTS -Muito parecido com as atividades fiscais de Auditores da Receita Federal, com levantamento de d\u00e9bito;<\/span><\/li>\n<\/ul>\n<ul style=\"text-align: justify;\">\n<li><span style=\"color: #000000;\">Projetos de Seguran\u00e7a e Sa\u00fade no Trabalho -Atividades realizadas, quase sempre, dentro da empresa. Nessa atividade voc\u00ea analisar\u00e1, do ponto de vista do trabalho, grandes maquin\u00e1rios, barragens, dentre outras estruturas de engenharia muito interessantes. Essa atividade \u00e9 a preferida dos engenheiros. Quando voc\u00ea v\u00ea aqueles acidentes de trabalho tr\u00e1gicos na televis\u00e3o, pode ter certeza, tem um AFT l\u00e1!<\/span><\/li>\n<\/ul>\n<ul style=\"text-align: justify;\">\n<li><span style=\"color: #000000;\">Projetos sociais -Inclus\u00e3o de Pessoas com defici\u00eancia (PCD) e aprendizes no mercado de trabalho. Essa atribui\u00e7\u00e3o d\u00e1 uma grande satisfa\u00e7\u00e3o, pois voc\u00ea v\u00ea o resultado de sua atua\u00e7\u00e3o na melhoria de vida das pessoas. Nesse trabalho voc\u00ea ir\u00e1 exigir o cumprimento das cotas legais de aprendizes e PCD por parte das empresas, bem como sensibiliz\u00e1-las da import\u00e2ncia da mesma.<\/span><\/li>\n<\/ul>\n<ul style=\"text-align: justify;\">\n<li><span style=\"color: #000000;\">Dentre muitas outras!<\/span><\/li>\n<\/ul>\n<p style=\"text-align: justify;\">\n<p style=\"text-align: justify;\"><span style=\"color: #000080;\"><strong>\u201cNossa, quantas atribui\u00e7\u00f5es, tem para todos os gostos&#8230;. Mas e a remo\u00e7\u00e3o, Professor?\u201d<\/strong><\/span><\/p>\n<p style=\"text-align: justify;\">\n<p style=\"text-align: justify;\"><span style=\"color: #000000;\">Pronto! Chegamos em um ponto central na vida de 99% dos candidatos: <strong>\u201cQuando eu volto para casa?\u201d<\/strong><\/span><\/p>\n<p style=\"text-align: justify;\"><span style=\"color: #000000;\">Esse, na minha opini\u00e3o, \u00e9 um dos maiores atrativos da carreira! Voc\u00ea vai morar onde quiser no Brasil inteiro. H\u00e1 muitas regionais e diversas op\u00e7\u00f5es de regionais para voc\u00ea pedir remo\u00e7\u00e3o.<\/span><\/p>\n<p style=\"text-align: justify;\"><span style=\"color: #000000;\">N\u00e3o tem jeito, tal como na Receita, normalmente, o Auditor come\u00e7a no Norte (Amazonas, Rond\u00f4nia, etc.). <strong>MAS, H\u00c1 UMA FALTA MUITO GRANDE DE AFT AO LONGO DO PA\u00cdS, O QUE FACILITA A REMO\u00c7\u00c3O PARA LOCAIS CONSIDERADOS \u201cIMPOSS\u00cdVEIS\u201d EM OUTROS \u00d3RG\u00c3OS<\/strong>. As op\u00e7\u00f5es de remo\u00e7\u00e3o costumam ser excelentes! Eu comecei no Amazonas e fiquei l\u00e1 apenas 11 meses, voltando para o interior de S\u00e3o Paulo em seguida, praticamente do lado de casa!<\/span><\/p>\n<p style=\"text-align: justify;\"><span style=\"color: #000000;\">Al\u00e9m disso, diferentemente de outros \u00f3rg\u00e3os, voc\u00ea n\u00e3o precisa pedir autoriza\u00e7\u00e3o para chefe nenhum. Se voc\u00ea participou do processo de remo\u00e7\u00e3o e conseguiu, tchau!<\/span><\/p>\n<p style=\"text-align: justify;\">\n<p style=\"text-align: justify;\"><span style=\"color: #000080;\"><strong>\u201cMuito bom! E a remunera\u00e7\u00e3o?\u201d<\/strong><\/span><\/p>\n<p style=\"text-align: justify;\"><span style=\"color: #000000;\">Bom, queridos alunos, a remunera\u00e7\u00e3o atualmente \u00e9 equiparada ao sal\u00e1rio dos Auditores da Receita Federal, por exigir a mesma complexidade e responsabilidade de um Auditor da Receita. O nosso sal\u00e1rio inicial \u00e9 de aproximadamente R$ 16.400,00 (contando o auxilio alimenta\u00e7\u00e3o e o aux\u00edlio sa\u00fade), chegando a mais de R$ 23.000 no fim da carreira.<\/span><\/p>\n<p><span style=\"color: #000000;\"><strong>\u201cQue belo sal\u00e1rio!\u201d<\/strong><\/span><\/p>\n<p style=\"text-align: justify;\"><span style=\"color: #000000;\"><strong>Vai ficar ainda melhor! Os AFTs fecharam o mesmo acordo que os Auditores da Receita Federal com o Minist\u00e9rio do Planejamento, o que tornou a carreira incrivelmente atrativa. Quer saber mais? D\u00ea uma olhada no artigo do meu grande amigo, o Prof. Ali (Auditor da Receita):<\/strong><\/span><\/p>\n<p style=\"text-align: center;\"><strong>\u00a0<\/strong><strong><a href=\"https:\/\/www.estrategiaconcursos.com.br\/blog\/auditor-fiscal-do-trabalho-um-novo-e-interessantissimo-cargo-em-2017-2\/\" target=\"_blank\" rel=\"noopener noreferrer\">Auditor-Fiscal do Trabalho \u2013 um novo (e interessant\u00edssimo) cargo em 2017<\/a><\/strong><\/p>\n<p style=\"text-align: justify;\">\n<p style=\"text-align: justify;\"><strong>\u00a0<\/strong><span style=\"color: #000000;\"><strong>Concordo com o Ali&#8230;a concorr\u00eancia ser\u00e1 desumana!<\/strong><\/span><\/p>\n<p style=\"text-align: justify;\"><span style=\"color: #000000;\">Nos \u00faltimos concursos, a concorr\u00eancia para o cargo de AFT est\u00e1 cada vez mais cruel! Tem que se preparar muito antes do edital, pois s\u00e3o muitas as mat\u00e9rias e a cada concurso que passa a concorr\u00eancia est\u00e1 mais acirrada! Vejam alguns dados comparativos com um cargo semelhante, Auditor-Fiscal da Receita Federal do Brasil (AFRFB):<\/span><\/p>\n<table width=\"233\">\n<tbody>\n<tr>\n<td width=\"87\">Certame<\/td>\n<td width=\"63\">Inscritos<\/td>\n<td width=\"84\">Rela\u00e7\u00e3o<br \/>\nCand.\/Vaga<\/td>\n<\/tr>\n<tr>\n<td width=\"87\"><strong>AFT\/2013<\/strong><\/td>\n<td width=\"63\"><strong>48.035<\/strong><\/td>\n<td width=\"84\"><strong>480,35<\/strong><\/td>\n<\/tr>\n<tr>\n<td width=\"87\">AFRFB\/2012<\/td>\n<td width=\"63\">26.313<\/td>\n<td width=\"84\">131,56<\/td>\n<\/tr>\n<tr>\n<td width=\"87\"><strong>AFT\/2009<\/strong><\/td>\n<td width=\"63\"><strong>53.714<\/strong><\/td>\n<td width=\"84\"><strong>241,95<\/strong><\/td>\n<\/tr>\n<tr>\n<td width=\"87\">AFRFB\/2009<\/td>\n<td width=\"63\">77.894<\/td>\n<td width=\"84\">173,09<\/td>\n<\/tr>\n<\/tbody>\n<\/table>\n<p style=\"text-align: justify;\">\n<p style=\"text-align: justify;\"><span style=\"color: #000080;\"><strong>\u201cO que \u00e9 mais dif\u00edcil, professor, Auditor da Receita ou do Trabalho?\u201d<\/strong><\/span><\/p>\n<p style=\"text-align: justify;\"><span style=\"color: #000000;\">Pessoal, essa pergunta \u00e9 comum e n\u00e3o faz muito sentido! Depende das suas aptid\u00f5es, prefer\u00eancias por disciplinas, dentre outros motivos. O que eu quero dizer com essa tabela \u00e9: <strong>quer ser AFT? Voc\u00ea tem que se preparar muito, com mat\u00e9rias adequados e com anteced\u00eancia!<\/strong><\/span><\/p>\n<p style=\"text-align: justify;\">\n<p style=\"text-align: justify;\"><span style=\"color: #000000;\">Vamos avaliar o \u00faltimo edital do concurso AFT:<\/span><\/p>\n<p><iframe loading=\"lazy\" style=\"border: 1px solid #CCC; border-width: 1px; margin-bottom: 5px; max-width: 100%;\" src=\"\/\/www.slideshare.net\/slideshow\/embed_code\/key\/gA7GVnMZawRZpM\" width=\"668\" height=\"714\" frameborder=\"0\" marginwidth=\"0\" marginheight=\"0\" scrolling=\"no\" allowfullscreen=\"allowfullscreen\"> <\/iframe><\/p>\n<p>Primeira coisa, n\u00e3o acredite na quantidade de mat\u00e9rias que voc\u00ea est\u00e1 contando diretamente. Por exemplo, Administra\u00e7\u00e3o Geral e P\u00fablica s\u00e3o duas mat\u00e9rias e muito extensas por sinal! \u00c9 importante olhar o conte\u00fado program\u00e1tico e avaliar o que \u00e9 importante estudar. <strong>O bom \u00e9 que o Estrat\u00e9gia Concursos faz isso para voc\u00ea!\u00a0<\/strong><\/p>\n<p style=\"text-align: justify;\">\n<p style=\"text-align: justify;\"><span style=\"color: #000000;\"><strong>\u201cMas, eu tenho que estudar tudo que caiu no \u00faltimo certame? Estou sem tempo!\u201d<\/strong><\/span><\/p>\n<p style=\"text-align: justify;\"><span style=\"color: #000000;\">Se voc\u00ea quiser, n\u00e3o estude tudo ainda! Pense, o que \u00e9 mais comum de cair? Ora, as mat\u00e9rias que caem sempre. Vamos ver a correspond\u00eancia:<\/span><\/p>\n<table width=\"531\">\n<tbody>\n<tr>\n<td width=\"188\">2009 (ESAF)<\/td>\n<td width=\"188\">2013 (CESPE)<\/td>\n<td width=\"155\">Caiu em 2009 e em 2013?<\/td>\n<\/tr>\n<tr>\n<td width=\"188\"><strong>L\u00edngua Portuguesa<\/strong><\/td>\n<td width=\"188\"><strong>L\u00edngua Portuguesa<\/strong><\/td>\n<td width=\"155\"><strong>SIM<\/strong><\/td>\n<\/tr>\n<tr>\n<td width=\"188\"><strong>Racioc\u00ednio L\u00f3gico-Quantitativo<\/strong><\/td>\n<td width=\"188\"><strong>Racioc\u00ednio L\u00f3gico-Quantitativo<\/strong><\/td>\n<td width=\"155\"><strong>SIM<\/strong><\/td>\n<\/tr>\n<tr>\n<td width=\"188\"><\/td>\n<td width=\"188\">Direitos Humanos<\/td>\n<td width=\"155\">EM PARTE<\/td>\n<\/tr>\n<tr>\n<td width=\"188\">Administra\u00e7\u00e3o P\u00fablica<\/td>\n<td width=\"188\">Administra\u00e7\u00e3o Geral e P\u00fablica<\/td>\n<td width=\"155\">S\u00d3 P\u00daBLICA<\/td>\n<\/tr>\n<tr>\n<td width=\"188\"><\/td>\n<td width=\"188\">Inform\u00e1tica<\/td>\n<td width=\"155\">S\u00d3 2013<\/td>\n<\/tr>\n<tr>\n<td width=\"188\"><strong>Direito Constitucional<\/strong><\/td>\n<td width=\"188\"><strong>Direito Constitucional<\/strong><\/td>\n<td width=\"155\"><strong>SIM<\/strong><\/td>\n<\/tr>\n<tr>\n<td width=\"188\"><strong>Direito Administrativo e<\/strong><\/td>\n<td width=\"188\"><strong>Direito Administrativo<\/strong><\/td>\n<td width=\"155\"><strong>SIM<\/strong><\/td>\n<\/tr>\n<tr>\n<td width=\"188\"><\/td>\n<td width=\"188\">Auditoria<\/td>\n<td width=\"155\">S\u00d3 2013<\/td>\n<\/tr>\n<tr>\n<td width=\"188\"><strong>Economia do Trabalho<\/strong><\/td>\n<td width=\"188\"><strong>Economia do Trabalho<\/strong><\/td>\n<td width=\"155\"><strong>SIM<\/strong><\/td>\n<\/tr>\n<tr>\n<td width=\"188\"><strong>Direito do Trabalho<\/strong><\/td>\n<td width=\"188\"><strong>Direito do Trabalho<\/strong><\/td>\n<td width=\"155\"><strong>SIM<\/strong><\/td>\n<\/tr>\n<tr>\n<td width=\"188\"><\/td>\n<td width=\"188\">Seguridade Social<\/td>\n<td width=\"155\">EM PARTE<\/td>\n<\/tr>\n<tr>\n<td width=\"188\"><strong>Legisla\u00e7\u00e3o Previdenci\u00e1ria<\/strong><\/td>\n<td width=\"188\"><strong>Legisla\u00e7\u00e3o Previdenci\u00e1ria<\/strong><\/td>\n<td width=\"155\"><strong>SIM<\/strong><\/td>\n<\/tr>\n<tr>\n<td width=\"188\"><strong>Seguran\u00e7a e Sa\u00fade no Trabalho <\/strong><\/td>\n<td width=\"188\"><strong>Seguran\u00e7a e Sa\u00fade no Trabalho <\/strong><\/td>\n<td width=\"155\"><strong>SIM<\/strong><\/td>\n<\/tr>\n<tr>\n<td width=\"188\"><strong>\u00a0<\/strong><\/td>\n<td width=\"188\"><strong>Legisla\u00e7\u00e3o do Trabalho<\/strong><\/td>\n<td width=\"155\"><strong>SIM<\/strong><\/td>\n<\/tr>\n<tr>\n<td width=\"188\"><\/td>\n<td width=\"188\">Contabilidade Geral<\/td>\n<td width=\"155\">S\u00d3 2013<\/td>\n<\/tr>\n<tr>\n<td width=\"188\">\u00c9tica na Administra\u00e7\u00e3o P\u00fablica<\/td>\n<td width=\"188\"><\/td>\n<td width=\"155\">S\u00d3 2009<\/td>\n<\/tr>\n<tr>\n<td width=\"188\">Sociologia do Trabalho<\/td>\n<td width=\"188\"><\/td>\n<td width=\"155\">S\u00d3 2009<\/td>\n<\/tr>\n<tr>\n<td width=\"188\">Direito: Civil, Penal e Comercial<\/td>\n<td width=\"188\"><\/td>\n<td width=\"155\">S\u00d3 2009<\/td>\n<\/tr>\n<tr>\n<td width=\"188\">Espanhol ou Ingl\u00eas<\/td>\n<td width=\"188\"><\/td>\n<td width=\"155\">S\u00d3 2009<\/td>\n<\/tr>\n<\/tbody>\n<\/table>\n<p style=\"text-align: justify;\">\n<p style=\"text-align: justify;\"><span style=\"color: #000000;\"><strong>Ora, voc\u00ea vai estudar tudo, certo? Mas, comece pelo que voc\u00ea tem certeza de que ir\u00e1 cair! Lembre-se de que o concurseiro \u00e9, antes de tudo, um estrategista!<\/strong><\/span><\/p>\n<p style=\"text-align: justify;\"><span style=\"color: #000000;\">Inclusive, o concurso AFT tem sido um ponto recorrente de d\u00favidas de alguns alunos, pois o \u00faltimo certame foi finalizado em 2013 e, at\u00e9 agora, ainda n\u00e3o h\u00e1 autoriza\u00e7\u00e3o para a realiza\u00e7\u00e3o de novos concursos. Contudo, n\u00e3o \u00e9 hora de desanimar!<\/span><\/p>\n<p style=\"text-align: justify;\"><span style=\"color: #000000;\">Como todos sabem, vivemos em um momento delicado da economia brasileira e bons concursos t\u00eam sido postergados, e muitas vezes com menos vagas do que deveriam ter para manter a qualidade do servi\u00e7o p\u00fablico. Mas \u00e9 esperado que neste ano haja um grande n\u00famero de requerimento de aposentadorias de AFTs, e provavelmente exigir\u00e1 a abertura de concurso para suprir parte dessas baixas.<\/span><\/p>\n<p style=\"text-align: justify;\">\n<p style=\"text-align: justify;\"><span style=\"color: #000000;\"><strong>O governo est\u00e1 tendo muitos problemas de caixa, portanto as carreiras fiscais s\u00e3o um \u00f3timo investimento, para o pa\u00eds e para voc\u00ea! O combate \u00e0s fraudes no mercado de trabalho, redu\u00e7\u00e3o de gastos previdenci\u00e1rios com acidentes, arrecada\u00e7\u00e3o de FGTS e outras contribui\u00e7\u00f5es fazem da carreira de AFT um \u00f3timo investimento para o Governo! O concurso AFT tem de acontecer porque a inspe\u00e7\u00e3o do trabalho est\u00e1 sofrendo com falta de pessoal e excessivo n\u00famero de aposentadorias! \u00a0\u00c9 S\u00d3 AGUARDAR!<\/strong><\/span><\/p>\n<p style=\"text-align: justify;\"><span style=\"color: #000000;\">Um bom concurseiro tem que estar preparado para quando a oportunidade aparecer! Portanto, n\u00e3o desanimem! Este concurso tem uma concorr\u00eancia alt\u00edssima, e quando o edital sair, tenho certeza que com o meu apoio e demais professores do Estrat\u00e9gia, voc\u00eas estar\u00e3o prontos para enfrent\u00e1-lo e sa\u00edrem vitoriosos!<\/span><\/p>\n<p style=\"text-align: justify;\"><span style=\"color: #000000;\">Saiba que no concurso AFT\u00a0de 2013, de 101 aprovados 56 foram alunos do <strong>Estrat\u00e9gia Concursos<\/strong>. Conhe\u00e7a a hist\u00f3ria Adalto Ara\u00fajo, aprovado em 1\u00ba lugar no concurso AFT de 2013:<\/span><\/p>\n<p>http:\/\/www.estrategiaconcursos.com.br\/blog\/depoimento\/adalto-araujo-1o-lugar-no-concurso-de-auditor-fiscal-do-trabalho-aft\/<\/p>\n<p style=\"text-align: justify;\"><span style=\"color: #000000;\">Foco sempre!<\/span><\/p>\n<p style=\"text-align: justify;\"><span style=\"color: #000000;\">Jeronymo Marcondes<\/span><\/p>\n<p style=\"text-align: justify;\"><span style=\"color: #000000;\">Professor de Economia do Trabalho<\/span><\/p>\n<p style=\"text-align: justify;\"><span style=\"color: #000000;\">Auditor-Fiscal do Trabalho<\/span><\/p>\n<p style=\"text-align: justify;\"><span style=\"color: #000000;\">jeronymobj@hotmail.com<\/span><\/p>\n","protected":false},"excerpt":{"rendered":"<p>Concurso AFT: detalhes sobre a carreira e expectativa de novo certame. Ol\u00e1, pessoal! Hoje estamos aqui para dar dicas, orienta\u00e7\u00f5es e contar um pouco da rotina de trabalho de um Auditor-Fiscal do Trabalho, tamb\u00e9m chamado apenas por sua sigla: AFT! O AFT \u00e9 uma das poucas carreiras que, al\u00e9m de ter suas atribui\u00e7\u00f5es exigidas pela [&hellip;]<\/p>\n","protected":false},"author":102,"featured_media":0,"comment_status":"open","ping_status":"open","sticky":false,"template":"","format":"standard","meta":{"post_tipo":"article","footnotes":""},"categories":[1],"tags":[542,1986],"tax_estado":[],"class_list":["post-37942","post","type-post","status-publish","format-standard","hentry","category-cursos-e-concursos","tag-aft","tag-auditor-fiscal-do-trabalho"],"acf":[],"yoast_head":"<!-- This site is optimized with the Yoast SEO Premium plugin v27.2 (Yoast SEO v27.2) - https:\/\/yoast.com\/product\/yoast-seo-premium-wordpress\/ -->\n<title>Concurso AFT: detalhes sobre a carreira e expectativa de novo certame<\/title>\n<meta name=\"description\" content=\"Concurso AFT: conhe\u00e7a tudo sobra a carreira de Auditor-Fiscal do Trabalho, rotina, lota\u00e7\u00e3o, remo\u00e7\u00f5es, bem como as an\u00e1lises sobre o edital.\" \/>\n<meta name=\"robots\" content=\"index, follow, max-snippet:-1, max-image-preview:large, max-video-preview:-1\" \/>\n<link rel=\"canonical\" href=\"https:\/\/www.estrategiaconcursos.com.br\/blog\/concurso-aft-carreira\/\" \/>\n<meta property=\"og:locale\" content=\"pt_BR\" \/>\n<meta property=\"og:type\" content=\"article\" \/>\n<meta property=\"og:title\" content=\"Concurso AFT: detalhes sobre a carreira e expectativa de novo certame\" \/>\n<meta property=\"og:description\" content=\"Concurso AFT: conhe\u00e7a tudo sobra a carreira de Auditor-Fiscal do Trabalho, rotina, lota\u00e7\u00e3o, remo\u00e7\u00f5es, bem como as an\u00e1lises sobre o edital.\" \/>\n<meta property=\"og:url\" content=\"https:\/\/www.estrategiaconcursos.com.br\/blog\/concurso-aft-carreira\/\" \/>\n<meta property=\"og:site_name\" content=\"Estrat\u00e9gia Concursos\" \/>\n<meta property=\"article:published_time\" content=\"2016-06-08T03:31:56+00:00\" \/>\n<meta property=\"article:modified_time\" content=\"2023-06-23T13:35:04+00:00\" \/>\n<meta property=\"og:image\" content=\"https:\/\/www.estrategiaconcursos.com.br\/blog\/wp-content\/uploads\/2016\/04\/concurso-aft.jpg\" \/>\n<meta name=\"author\" content=\"Jeronymo Marcondes\" \/>\n<meta name=\"twitter:card\" content=\"summary_large_image\" \/>\n<meta name=\"twitter:creator\" content=\"@EstratConcursos\" \/>\n<meta name=\"twitter:site\" content=\"@EstratConcursos\" \/>\n<meta name=\"twitter:label1\" content=\"Escrito por\" \/>\n\t<meta name=\"twitter:data1\" content=\"Jeronymo Marcondes\" \/>\n\t<meta name=\"twitter:label2\" content=\"Est. tempo de leitura\" \/>\n\t<meta name=\"twitter:data2\" content=\"9 minutos\" \/>\n<script type=\"application\/ld+json\" class=\"yoast-schema-graph\">{\"@context\":\"https:\/\/schema.org\",\"@graph\":[{\"@type\":\"NewsArticle\",\"@id\":\"https:\/\/www.estrategiaconcursos.com.br\/blog\/concurso-aft-carreira\/#article\",\"isPartOf\":{\"@id\":\"https:\/\/www.estrategiaconcursos.com.br\/blog\/concurso-aft-carreira\/\"},\"author\":{\"name\":\"Jeronymo Marcondes\",\"@id\":\"https:\/\/www.estrategiaconcursos.com.br\/blog\/#\/schema\/person\/e3cdab5035db6e9686e2cadf080c2214\"},\"headline\":\"Concurso AFT: detalhes sobre a carreira e expectativa de novo certame\",\"datePublished\":\"2016-06-08T03:31:56+00:00\",\"dateModified\":\"2023-06-23T13:35:04+00:00\",\"mainEntityOfPage\":{\"@id\":\"https:\/\/www.estrategiaconcursos.com.br\/blog\/concurso-aft-carreira\/\"},\"wordCount\":1873,\"commentCount\":23,\"publisher\":{\"@id\":\"https:\/\/www.estrategiaconcursos.com.br\/blog\/#organization\"},\"image\":{\"@id\":\"https:\/\/www.estrategiaconcursos.com.br\/blog\/concurso-aft-carreira\/#primaryimage\"},\"thumbnailUrl\":\"https:\/\/www.estrategiaconcursos.com.br\/blog\/wp-content\/uploads\/2016\/04\/concurso-aft.jpg\",\"keywords\":[\"AFT\",\"Auditor Fiscal do Trabalho\"],\"articleSection\":[\"Concursos P\u00fablicos\"],\"inLanguage\":\"pt-BR\",\"potentialAction\":[{\"@type\":\"CommentAction\",\"name\":\"Comment\",\"target\":[\"https:\/\/www.estrategiaconcursos.com.br\/blog\/concurso-aft-carreira\/#respond\"]}],\"copyrightYear\":\"2016\",\"copyrightHolder\":{\"@id\":\"https:\/\/www.estrategiaconcursos.com.br\/blog\/#organization\"}},{\"@type\":\"WebPage\",\"@id\":\"https:\/\/www.estrategiaconcursos.com.br\/blog\/concurso-aft-carreira\/\",\"url\":\"https:\/\/www.estrategiaconcursos.com.br\/blog\/concurso-aft-carreira\/\",\"name\":\"Concurso AFT: detalhes sobre a carreira e expectativa de novo certame\",\"isPartOf\":{\"@id\":\"https:\/\/www.estrategiaconcursos.com.br\/blog\/#website\"},\"primaryImageOfPage\":{\"@id\":\"https:\/\/www.estrategiaconcursos.com.br\/blog\/concurso-aft-carreira\/#primaryimage\"},\"image\":{\"@id\":\"https:\/\/www.estrategiaconcursos.com.br\/blog\/concurso-aft-carreira\/#primaryimage\"},\"thumbnailUrl\":\"https:\/\/www.estrategiaconcursos.com.br\/blog\/wp-content\/uploads\/2016\/04\/concurso-aft.jpg\",\"datePublished\":\"2016-06-08T03:31:56+00:00\",\"dateModified\":\"2023-06-23T13:35:04+00:00\",\"description\":\"Concurso AFT: conhe\u00e7a tudo sobra a carreira de Auditor-Fiscal do Trabalho, rotina, lota\u00e7\u00e3o, remo\u00e7\u00f5es, bem como as an\u00e1lises sobre o edital.\",\"breadcrumb\":{\"@id\":\"https:\/\/www.estrategiaconcursos.com.br\/blog\/concurso-aft-carreira\/#breadcrumb\"},\"inLanguage\":\"pt-BR\",\"potentialAction\":[{\"@type\":\"ReadAction\",\"target\":[\"https:\/\/www.estrategiaconcursos.com.br\/blog\/concurso-aft-carreira\/\"]}]},{\"@type\":\"ImageObject\",\"inLanguage\":\"pt-BR\",\"@id\":\"https:\/\/www.estrategiaconcursos.com.br\/blog\/concurso-aft-carreira\/#primaryimage\",\"url\":\"https:\/\/dhg1h5j42swfq.cloudfront.net\/2016\/04\/28150748\/concurso-aft.jpg\",\"contentUrl\":\"https:\/\/dhg1h5j42swfq.cloudfront.net\/2016\/04\/28150748\/concurso-aft.jpg\",\"width\":885,\"height\":580},{\"@type\":\"BreadcrumbList\",\"@id\":\"https:\/\/www.estrategiaconcursos.com.br\/blog\/concurso-aft-carreira\/#breadcrumb\",\"itemListElement\":[{\"@type\":\"ListItem\",\"position\":1,\"name\":\"In\u00edcio\",\"item\":\"https:\/\/www.estrategiaconcursos.com.br\/blog\/\"},{\"@type\":\"ListItem\",\"position\":2,\"name\":\"Concurso AFT: detalhes sobre a carreira e expectativa de novo certame\"}]},{\"@type\":\"WebSite\",\"@id\":\"https:\/\/www.estrategiaconcursos.com.br\/blog\/#website\",\"url\":\"https:\/\/www.estrategiaconcursos.com.br\/blog\/\",\"name\":\"Estrat\u00e9gia Concursos\",\"description\":\"O blog da Estrat\u00e9gia Concursos traz not\u00edcias sobre concursos e artigos de professores oferecendo cursos para concursos (pdf + videaulas) no site.\",\"publisher\":{\"@id\":\"https:\/\/www.estrategiaconcursos.com.br\/blog\/#organization\"},\"potentialAction\":[{\"@type\":\"SearchAction\",\"target\":{\"@type\":\"EntryPoint\",\"urlTemplate\":\"https:\/\/www.estrategiaconcursos.com.br\/blog\/?s={search_term_string}\"},\"query-input\":{\"@type\":\"PropertyValueSpecification\",\"valueRequired\":true,\"valueName\":\"search_term_string\"}}],\"inLanguage\":\"pt-BR\"},{\"@type\":\"Organization\",\"@id\":\"https:\/\/www.estrategiaconcursos.com.br\/blog\/#organization\",\"name\":\"Estrat\u00e9gia Concursos\",\"url\":\"https:\/\/www.estrategiaconcursos.com.br\/blog\/\",\"logo\":{\"@type\":\"ImageObject\",\"inLanguage\":\"pt-BR\",\"@id\":\"https:\/\/www.estrategiaconcursos.com.br\/blog\/#\/schema\/logo\/image\/\",\"url\":\"https:\/\/dhg1h5j42swfq.cloudfront.net\/2025\/06\/03203428\/logo_concursos-1.jpg\",\"contentUrl\":\"https:\/\/dhg1h5j42swfq.cloudfront.net\/2025\/06\/03203428\/logo_concursos-1.jpg\",\"width\":230,\"height\":60,\"caption\":\"Estrat\u00e9gia Concursos\"},\"image\":{\"@id\":\"https:\/\/www.estrategiaconcursos.com.br\/blog\/#\/schema\/logo\/image\/\"},\"sameAs\":[\"https:\/\/x.com\/EstratConcursos\"]},{\"@type\":\"Person\",\"@id\":\"https:\/\/www.estrategiaconcursos.com.br\/blog\/#\/schema\/person\/e3cdab5035db6e9686e2cadf080c2214\",\"name\":\"Jeronymo Marcondes\",\"image\":{\"@type\":\"ImageObject\",\"inLanguage\":\"pt-BR\",\"@id\":\"https:\/\/secure.gravatar.com\/avatar\/e1a6fa67a42761d1381a42418fd45f39bc381f5b0e79eb42c5b7d7bafb63c2b5?s=96&d=mm&r=g\",\"url\":\"https:\/\/secure.gravatar.com\/avatar\/e1a6fa67a42761d1381a42418fd45f39bc381f5b0e79eb42c5b7d7bafb63c2b5?s=96&d=mm&r=g\",\"contentUrl\":\"https:\/\/secure.gravatar.com\/avatar\/e1a6fa67a42761d1381a42418fd45f39bc381f5b0e79eb42c5b7d7bafb63c2b5?s=96&d=mm&r=g\",\"caption\":\"Jeronymo Marcondes\"},\"url\":\"https:\/\/www.estrategiaconcursos.com.br\/blog\/author\/jeronymoestrategiaconcursos-com-br\/\"}]}<\/script>\n<!-- \/ Yoast SEO Premium plugin. -->","yoast_head_json":{"title":"Concurso AFT: detalhes sobre a carreira e expectativa de novo certame","description":"Concurso AFT: conhe\u00e7a tudo sobra a carreira de Auditor-Fiscal do Trabalho, rotina, lota\u00e7\u00e3o, remo\u00e7\u00f5es, bem como as an\u00e1lises sobre o edital.","robots":{"index":"index","follow":"follow","max-snippet":"max-snippet:-1","max-image-preview":"max-image-preview:large","max-video-preview":"max-video-preview:-1"},"canonical":"https:\/\/www.estrategiaconcursos.com.br\/blog\/concurso-aft-carreira\/","og_locale":"pt_BR","og_type":"article","og_title":"Concurso AFT: detalhes sobre a carreira e expectativa de novo certame","og_description":"Concurso AFT: conhe\u00e7a tudo sobra a carreira de Auditor-Fiscal do Trabalho, rotina, lota\u00e7\u00e3o, remo\u00e7\u00f5es, bem como as an\u00e1lises sobre o edital.","og_url":"https:\/\/www.estrategiaconcursos.com.br\/blog\/concurso-aft-carreira\/","og_site_name":"Estrat\u00e9gia Concursos","article_published_time":"2016-06-08T03:31:56+00:00","article_modified_time":"2023-06-23T13:35:04+00:00","og_image":[{"url":"https:\/\/www.estrategiaconcursos.com.br\/blog\/wp-content\/uploads\/2016\/04\/concurso-aft.jpg","type":"","width":"","height":""}],"author":"Jeronymo Marcondes","twitter_card":"summary_large_image","twitter_creator":"@EstratConcursos","twitter_site":"@EstratConcursos","twitter_misc":{"Escrito por":"Jeronymo Marcondes","Est. tempo de leitura":"9 minutos"},"schema":{"@context":"https:\/\/schema.org","@graph":[{"@type":"NewsArticle","@id":"https:\/\/www.estrategiaconcursos.com.br\/blog\/concurso-aft-carreira\/#article","isPartOf":{"@id":"https:\/\/www.estrategiaconcursos.com.br\/blog\/concurso-aft-carreira\/"},"author":{"name":"Jeronymo Marcondes","@id":"https:\/\/www.estrategiaconcursos.com.br\/blog\/#\/schema\/person\/e3cdab5035db6e9686e2cadf080c2214"},"headline":"Concurso AFT: detalhes sobre a carreira e expectativa de novo certame","datePublished":"2016-06-08T03:31:56+00:00","dateModified":"2023-06-23T13:35:04+00:00","mainEntityOfPage":{"@id":"https:\/\/www.estrategiaconcursos.com.br\/blog\/concurso-aft-carreira\/"},"wordCount":1873,"commentCount":23,"publisher":{"@id":"https:\/\/www.estrategiaconcursos.com.br\/blog\/#organization"},"image":{"@id":"https:\/\/www.estrategiaconcursos.com.br\/blog\/concurso-aft-carreira\/#primaryimage"},"thumbnailUrl":"https:\/\/www.estrategiaconcursos.com.br\/blog\/wp-content\/uploads\/2016\/04\/concurso-aft.jpg","keywords":["AFT","Auditor Fiscal do Trabalho"],"articleSection":["Concursos P\u00fablicos"],"inLanguage":"pt-BR","potentialAction":[{"@type":"CommentAction","name":"Comment","target":["https:\/\/www.estrategiaconcursos.com.br\/blog\/concurso-aft-carreira\/#respond"]}],"copyrightYear":"2016","copyrightHolder":{"@id":"https:\/\/www.estrategiaconcursos.com.br\/blog\/#organization"}},{"@type":"WebPage","@id":"https:\/\/www.estrategiaconcursos.com.br\/blog\/concurso-aft-carreira\/","url":"https:\/\/www.estrategiaconcursos.com.br\/blog\/concurso-aft-carreira\/","name":"Concurso AFT: detalhes sobre a carreira e expectativa de novo certame","isPartOf":{"@id":"https:\/\/www.estrategiaconcursos.com.br\/blog\/#website"},"primaryImageOfPage":{"@id":"https:\/\/www.estrategiaconcursos.com.br\/blog\/concurso-aft-carreira\/#primaryimage"},"image":{"@id":"https:\/\/www.estrategiaconcursos.com.br\/blog\/concurso-aft-carreira\/#primaryimage"},"thumbnailUrl":"https:\/\/www.estrategiaconcursos.com.br\/blog\/wp-content\/uploads\/2016\/04\/concurso-aft.jpg","datePublished":"2016-06-08T03:31:56+00:00","dateModified":"2023-06-23T13:35:04+00:00","description":"Concurso AFT: conhe\u00e7a tudo sobra a carreira de Auditor-Fiscal do Trabalho, rotina, lota\u00e7\u00e3o, remo\u00e7\u00f5es, bem como as an\u00e1lises sobre o edital.","breadcrumb":{"@id":"https:\/\/www.estrategiaconcursos.com.br\/blog\/concurso-aft-carreira\/#breadcrumb"},"inLanguage":"pt-BR","potentialAction":[{"@type":"ReadAction","target":["https:\/\/www.estrategiaconcursos.com.br\/blog\/concurso-aft-carreira\/"]}]},{"@type":"ImageObject","inLanguage":"pt-BR","@id":"https:\/\/www.estrategiaconcursos.com.br\/blog\/concurso-aft-carreira\/#primaryimage","url":"https:\/\/dhg1h5j42swfq.cloudfront.net\/2016\/04\/28150748\/concurso-aft.jpg","contentUrl":"https:\/\/dhg1h5j42swfq.cloudfront.net\/2016\/04\/28150748\/concurso-aft.jpg","width":885,"height":580},{"@type":"BreadcrumbList","@id":"https:\/\/www.estrategiaconcursos.com.br\/blog\/concurso-aft-carreira\/#breadcrumb","itemListElement":[{"@type":"ListItem","position":1,"name":"In\u00edcio","item":"https:\/\/www.estrategiaconcursos.com.br\/blog\/"},{"@type":"ListItem","position":2,"name":"Concurso AFT: detalhes sobre a carreira e expectativa de novo certame"}]},{"@type":"WebSite","@id":"https:\/\/www.estrategiaconcursos.com.br\/blog\/#website","url":"https:\/\/www.estrategiaconcursos.com.br\/blog\/","name":"Estrat\u00e9gia Concursos","description":"O blog da Estrat\u00e9gia Concursos traz not\u00edcias sobre concursos e artigos de professores oferecendo cursos para concursos (pdf + videaulas) no site.","publisher":{"@id":"https:\/\/www.estrategiaconcursos.com.br\/blog\/#organization"},"potentialAction":[{"@type":"SearchAction","target":{"@type":"EntryPoint","urlTemplate":"https:\/\/www.estrategiaconcursos.com.br\/blog\/?s={search_term_string}"},"query-input":{"@type":"PropertyValueSpecification","valueRequired":true,"valueName":"search_term_string"}}],"inLanguage":"pt-BR"},{"@type":"Organization","@id":"https:\/\/www.estrategiaconcursos.com.br\/blog\/#organization","name":"Estrat\u00e9gia Concursos","url":"https:\/\/www.estrategiaconcursos.com.br\/blog\/","logo":{"@type":"ImageObject","inLanguage":"pt-BR","@id":"https:\/\/www.estrategiaconcursos.com.br\/blog\/#\/schema\/logo\/image\/","url":"https:\/\/dhg1h5j42swfq.cloudfront.net\/2025\/06\/03203428\/logo_concursos-1.jpg","contentUrl":"https:\/\/dhg1h5j42swfq.cloudfront.net\/2025\/06\/03203428\/logo_concursos-1.jpg","width":230,"height":60,"caption":"Estrat\u00e9gia Concursos"},"image":{"@id":"https:\/\/www.estrategiaconcursos.com.br\/blog\/#\/schema\/logo\/image\/"},"sameAs":["https:\/\/x.com\/EstratConcursos"]},{"@type":"Person","@id":"https:\/\/www.estrategiaconcursos.com.br\/blog\/#\/schema\/person\/e3cdab5035db6e9686e2cadf080c2214","name":"Jeronymo Marcondes","image":{"@type":"ImageObject","inLanguage":"pt-BR","@id":"https:\/\/secure.gravatar.com\/avatar\/e1a6fa67a42761d1381a42418fd45f39bc381f5b0e79eb42c5b7d7bafb63c2b5?s=96&d=mm&r=g","url":"https:\/\/secure.gravatar.com\/avatar\/e1a6fa67a42761d1381a42418fd45f39bc381f5b0e79eb42c5b7d7bafb63c2b5?s=96&d=mm&r=g","contentUrl":"https:\/\/secure.gravatar.com\/avatar\/e1a6fa67a42761d1381a42418fd45f39bc381f5b0e79eb42c5b7d7bafb63c2b5?s=96&d=mm&r=g","caption":"Jeronymo Marcondes"},"url":"https:\/\/www.estrategiaconcursos.com.br\/blog\/author\/jeronymoestrategiaconcursos-com-br\/"}]}},"_links":{"self":[{"href":"https:\/\/www.estrategiaconcursos.com.br\/blog\/wp-json\/wp\/v2\/posts\/37942","targetHints":{"allow":["GET"]}}],"collection":[{"href":"https:\/\/www.estrategiaconcursos.com.br\/blog\/wp-json\/wp\/v2\/posts"}],"about":[{"href":"https:\/\/www.estrategiaconcursos.com.br\/blog\/wp-json\/wp\/v2\/types\/post"}],"author":[{"embeddable":true,"href":"https:\/\/www.estrategiaconcursos.com.br\/blog\/wp-json\/wp\/v2\/users\/102"}],"replies":[{"embeddable":true,"href":"https:\/\/www.estrategiaconcursos.com.br\/blog\/wp-json\/wp\/v2\/comments?post=37942"}],"version-history":[{"count":31,"href":"https:\/\/www.estrategiaconcursos.com.br\/blog\/wp-json\/wp\/v2\/posts\/37942\/revisions"}],"predecessor-version":[{"id":1237884,"href":"https:\/\/www.estrategiaconcursos.com.br\/blog\/wp-json\/wp\/v2\/posts\/37942\/revisions\/1237884"}],"wp:attachment":[{"href":"https:\/\/www.estrategiaconcursos.com.br\/blog\/wp-json\/wp\/v2\/media?parent=37942"}],"wp:term":[{"taxonomy":"category","embeddable":true,"href":"https:\/\/www.estrategiaconcursos.com.br\/blog\/wp-json\/wp\/v2\/categories?post=37942"},{"taxonomy":"post_tag","embeddable":true,"href":"https:\/\/www.estrategiaconcursos.com.br\/blog\/wp-json\/wp\/v2\/tags?post=37942"},{"taxonomy":"tax_estado","embeddable":true,"href":"https:\/\/www.estrategiaconcursos.com.br\/blog\/wp-json\/wp\/v2\/tax_estado?post=37942"}],"curies":[{"name":"wp","href":"https:\/\/api.w.org\/{rel}","templated":true}]}}