{"id":379119,"date":"2019-07-02T02:02:25","date_gmt":"2019-07-02T05:02:25","guid":{"rendered":"https:\/\/www.estrategiaconcursos.com.br\/blog\/?p=379119"},"modified":"2019-07-02T17:38:49","modified_gmt":"2019-07-02T20:38:49","slug":"concurso-camara-municipal-de-crixas-go-saiu-edital","status":"publish","type":"post","link":"https:\/\/www.estrategiaconcursos.com.br\/blog\/concurso-camara-municipal-de-crixas-go-saiu-edital\/","title":{"rendered":"Concurso C\u00e2mara Municipal de Crix\u00e1s GO: prova acontecer\u00e1 dia 04 de agosto"},"content":{"rendered":"\n<p>As inscri\u00e7\u00f5es para o concurso da C\u00e2mara Municipal de Crix\u00e1s, no estado de Goi\u00e1s se encerraram dia 30 de junho, as provas est\u00e3o previstas para acontecer dia 4 de agosto. O certame oferece vagas para n\u00edveis de forma\u00e7\u00e3o Fundamental e M\u00e9dio. <\/p>\n\n\n\n<p>O edital exige que os candidatos possuam n\u00edveis de forma\u00e7\u00e3o Fundamental e M\u00e9dio. Al\u00e9m disso, o cargo de motorista deve ter Carteira Nacional de Habilita\u00e7\u00e3o, a CNH, categoria \u201cD\u201d.<\/p>\n\n\n\n<p>Todos os candidatos do concurso C\u00e2mara Municipal de Crix\u00e1s GO, devem fazer a <strong>prova objetiva<\/strong> de m\u00faltipla escolha com as disciplinas:<\/p>\n\n\n\n<ul class=\"wp-block-list\"><li><strong>Portugu\u00eas<\/strong> &#8211; 10 quest\u00f5es<\/li><li><strong>Matem\u00e1tica<\/strong>  &#8211; 10 quest\u00f5es<\/li><li><strong>Conhecimentos Gerais\/ Atualidade<\/strong>s &#8211; 10 quest\u00f5es<\/li><li><strong>Conhecimentos Espec\u00edficos da Fun\u00e7\u00e3o<\/strong> &#8211; 10 quest\u00f5es<\/li><\/ul>\n\n\n\n<p>O certame oferta <strong>11 vagas<\/strong> para diversos cargos com forma\u00e7\u00e3o<strong> Fundamental e M\u00e9dio<\/strong>. O concurso visa preencher o quadro permanente de funcion\u00e1rios da institui\u00e7\u00e3o.  <\/p>\n\n\n\n<p>As remunera\u00e7\u00f5es variam de acordo com o cargo do candidato e ficam entre <strong>R$ 1.750,00 e R$  2.342,50<\/strong>. O edital divulgou tamb\u00e9m a banca organizadora do certame que fica a cargo da <strong>Proconsult <\/strong>Consultoria e Concursos. Al\u00e9m disso, voc\u00ea encontra mais informa\u00e7\u00f5es sobre o concurso neste artigo. <\/p>\n\n\n\n<p class=\"has-background has-very-light-gray-background-color\">Confira abaixo os valores da <strong>taxa de inscri\u00e7\u00e3o<\/strong>: <\/p>\n\n\n\n<p><strong>Fundamental<\/strong> &#8211; 80,00<br \/><strong>M\u00e9dio<\/strong> &#8211; 100,00<\/p>\n\n\n\n<p> Os candidatos que necessitarem da <strong>isen\u00e7\u00e3o da taxa<\/strong>, devem entrar no site da banca organizadora e solicitar o abono entre os dias, <strong>30 de maio a 15 de junho<\/strong>. <\/p>\n\n\n\n<p>A <strong>prova objetiva<\/strong> ser\u00e1 realizada no dia<strong> 04 de agosto<\/strong> no per\u00edodo da <strong>manh\u00e3<\/strong>.  <br \/>Os candidatos a vaga de Motorista devem realizar a<strong> prova pr\u00e1tica<\/strong> no dia  <strong>25 de agosto<\/strong>.    <\/p>\n\n\n\n<h2 class=\"wp-block-heading\">Principais Datas<\/h2>\n\n\n\n<p class=\"has-background has-very-light-gray-background-color\"><strong>Inscri\u00e7\u00e3o<\/strong>: 30 maio e 30 de junho<br \/><strong>Isen\u00e7\u00e3o da taxa<\/strong>: 30 de maio a 15 de junho<br \/><strong>Data da prova<\/strong>: 04 de agosto <\/p>\n\n\n\n<h2 class=\"wp-block-heading\">Cargos\/ Remunera\u00e7\u00e3o<\/h2>\n\n\n\n<p>O concurso C\u00e2mara Municipal de Crix\u00e1s GO, ofertou 11 vagas para diversos cargos com n\u00edveis de forma\u00e7\u00e3o Fundamental e M\u00e9dio. Abaixo voc\u00ea confere a lista de cargos vagos e suas respectivas remunera\u00e7\u00f5es iniciais.<\/p>\n\n\n\n<div class=\"wp-block-image\"><figure class=\"aligncenter\"><img decoding=\"async\" src=\"https:\/\/dhg1h5j42swfq.cloudfront.net\/2019\/05\/28101259\/concurso-c%C3%A2mara-municipal-de-crix%C3%A1s.png2.png\" alt=\"concurso c\u00e2mara municipal de crix\u00e1s go\" class=\"wp-image-379156\"\/><\/figure><\/div>\n\n\n\n<h2 class=\"wp-block-heading\">Requisitos<\/h2>\n\n\n\n<p>A <strong>prova pr\u00e1tica<\/strong> ser\u00e1 destinada aos candidatos que optarem pela vaga de motorista. O candidato deve fazer um exame pr\u00e1tico, o teste de volante. <\/p>\n\n\n\n<p style=\"font-size:25px;text-align:center\" class=\"has-background has-luminous-vivid-amber-background-color\"><a rel=\"noreferrer noopener\" aria-label=\"Curso C\u00e2mara Municipal de Crix\u00e1s GO (abre numa nova aba)\" href=\"https:\/\/www.estrategiaconcursos.com.br\/cursos\/concurso\/\" target=\"_blank\">Curso para concurso<\/a><\/p>\n\n\n\n<p style=\"font-size:18px;text-align:center\"><em><strong>Assinatura Anual Ilimitada*<\/strong><\/em><\/p>\n\n\n\n<p style=\"text-align:center\"><em>Prepare-se com o melhor material e com quem mais aprova em Concursos P\u00fablicos em todo o pa\u00eds. Assine agora a nossa Assinatura Anual e tenha acesso ilimitado a todos os nossos cursos.<\/em><\/p>\n\n\n\n<p style=\"text-align:center\" class=\"has-background has-medium-font-size has-light-green-cyan-background-color\"><strong>ASSINE AGORA<\/strong>&nbsp;\u2013&nbsp;<a href=\"https:\/\/www.estrategiaconcursos.com.br\/assinaturas\" target=\"_blank\" rel=\"noreferrer noopener\">Assinatura Ilimitada<\/a><\/p>\n\n\n\n<figure class=\"wp-block-image\"><img loading=\"lazy\" decoding=\"async\" width=\"300\" height=\"102\" src=\"https:\/\/dhg1h5j42swfq.cloudfront.net\/2017\/03\/28152500\/coruja-ficha-tecnica-300x102.png\" alt=\"Ficha t\u00e9cnica concurso sefaz df\" class=\"wp-image-68542\"\/><\/figure>\n\n\n\n<p><strong>\u2666Informa\u00e7\u00f5es do concurso<\/strong> C\u00e2mara Municipal de Crix\u00e1s GO<\/p>\n\n\n\n<p><strong>\u25baData prevista:&nbsp;<\/strong>04\/08\/2019<br \/><strong>\u25baVagas:&nbsp;<\/strong>11<br \/><strong>\u25baLota\u00e7\u00f5es:&nbsp;<\/strong>Crix\u00e1s &#8211; Goi\u00e1s<br \/><strong>\u25baRequisito:&nbsp;<\/strong>N\u00edvel Fundamental e  M\u00e9dio<br \/><strong>\u25baBanca:&nbsp;<\/strong>Proconsult<strong><br \/>\u25baEdital:&nbsp;<\/strong><a href=\"https:\/\/dhg1h5j42swfq.cloudfront.net\/2019\/05\/28103726\/C%C3%A2mara-municipal-de-crix%C3%A1s-go.pdf\" target=\"_blank\" rel=\"noreferrer noopener\" aria-label=\"C\u00e2mara Municipal de Crix\u00e1s GO (abre numa nova aba)\">C\u00e2mara Municipal de Crix\u00e1s GO<\/a><br \/><\/p>\n\n\n\n<p style=\"text-align:center\"><em><strong>Receba not\u00edcias de Concursos no seu WhatsApp e\/ou Telegram!<\/strong><\/em><\/p>\n\n\n\n<p style=\"text-align:center\"><em><strong>Cadastre-se clicando no \u00edcone abaixo<\/strong><\/em><\/p>\n\n\n\n<div class=\"wp-block-image\"><figure class=\"aligncenter\"><a href=\"https:\/\/www.estrategiaconcursos.com.br\/blog\/noticias-de-concursos-whatsapp-estrategia-concursos\/\" target=\"_blank\" rel=\"noreferrer noopener\"><img loading=\"lazy\" decoding=\"async\" width=\"320\" height=\"180\" src=\"https:\/\/dhg1h5j42swfq.cloudfront.net\/2018\/03\/22113932\/whatsapptelegram-e1548177162795.png\" alt=\"\" class=\"wp-image-112824\"\/><\/a><\/figure><\/div>\n\n\n\n<p style=\"text-align:center\"><a rel=\"noreferrer noopener\" href=\"https:\/\/www.estrategiaconcursos.com.br\/blog\/noticias-de-concursos-whatsapp-estrategia-concursos\/\" target=\"_blank\">Not\u00edcias de concursos no seu WhatsApp e\/ou Telegram<\/a><\/p>\n","protected":false},"excerpt":{"rendered":"<p>As inscri\u00e7\u00f5es para o concurso da C\u00e2mara Municipal de Crix\u00e1s, no estado de Goi\u00e1s se encerraram dia 30 de junho, as provas est\u00e3o previstas para acontecer dia 4 de agosto. O certame oferece vagas para n\u00edveis de forma\u00e7\u00e3o Fundamental e M\u00e9dio. O edital exige que os candidatos possuam n\u00edveis de forma\u00e7\u00e3o Fundamental e M\u00e9dio. Al\u00e9m [&hellip;]<\/p>\n","protected":false},"author":741,"featured_media":146145,"comment_status":"open","ping_status":"closed","sticky":false,"template":"","format":"standard","meta":{"post_tipo":"article","footnotes":""},"categories":[1],"tags":[],"tax_estado":[],"class_list":["post-379119","post","type-post","status-publish","format-standard","has-post-thumbnail","hentry","category-cursos-e-concursos"],"acf":[],"yoast_head":"<!-- This site is optimized with the Yoast SEO Premium plugin v27.2 (Yoast SEO v27.2) - https:\/\/yoast.com\/product\/yoast-seo-premium-wordpress\/ -->\n<title>Concurso C\u00e2mara Municipal de Crix\u00e1s GO: prova acontecer\u00e1 dia 04 de agosto<\/title>\n<meta name=\"description\" content=\"Concurso C\u00e2mara Municipal de Crix\u00e1s GO: prova acontecer\u00e1 dia 04 de agosto. Veja mais not\u00edcia sobre o concurso que acontecer\u00e1 em G\u00f3ias.\" \/>\n<meta name=\"robots\" content=\"index, follow, max-snippet:-1, max-image-preview:large, max-video-preview:-1\" \/>\n<link rel=\"canonical\" href=\"https:\/\/www.estrategiaconcursos.com.br\/blog\/concurso-camara-municipal-de-crixas-go-saiu-edital\/\" \/>\n<meta property=\"og:locale\" content=\"pt_BR\" \/>\n<meta property=\"og:type\" content=\"article\" \/>\n<meta property=\"og:title\" content=\"Concurso C\u00e2mara Municipal de Crix\u00e1s GO: prova acontecer\u00e1 dia 04 de agosto\" \/>\n<meta property=\"og:description\" content=\"Concurso C\u00e2mara Municipal de Crix\u00e1s GO: prova acontecer\u00e1 dia 04 de agosto. Veja mais not\u00edcia sobre o concurso que acontecer\u00e1 em G\u00f3ias.\" \/>\n<meta property=\"og:url\" content=\"https:\/\/www.estrategiaconcursos.com.br\/blog\/concurso-camara-municipal-de-crixas-go-saiu-edital\/\" \/>\n<meta property=\"og:site_name\" content=\"Estrat\u00e9gia Concursos\" \/>\n<meta property=\"article:published_time\" content=\"2019-07-02T05:02:25+00:00\" \/>\n<meta property=\"article:modified_time\" content=\"2019-07-02T20:38:49+00:00\" \/>\n<meta property=\"og:image\" content=\"https:\/\/dhg1h5j42swfq.cloudfront.net\/2018\/10\/08173802\/saiu-edital1.jpg\" \/>\n\t<meta property=\"og:image:width\" content=\"400\" \/>\n\t<meta property=\"og:image:height\" content=\"209\" \/>\n\t<meta property=\"og:image:type\" content=\"image\/jpeg\" \/>\n<meta name=\"author\" content=\"Brunno Lima\" \/>\n<meta name=\"twitter:card\" content=\"summary_large_image\" \/>\n<meta name=\"twitter:creator\" content=\"@EstratConcursos\" \/>\n<meta name=\"twitter:site\" content=\"@EstratConcursos\" \/>\n<meta name=\"twitter:label1\" content=\"Escrito por\" \/>\n\t<meta name=\"twitter:data1\" content=\"Brunno Lima\" \/>\n\t<meta name=\"twitter:label2\" content=\"Est. tempo de leitura\" \/>\n\t<meta name=\"twitter:data2\" content=\"2 minutos\" \/>\n<script type=\"application\/ld+json\" class=\"yoast-schema-graph\">{\"@context\":\"https:\/\/schema.org\",\"@graph\":[{\"@type\":\"NewsArticle\",\"@id\":\"https:\/\/www.estrategiaconcursos.com.br\/blog\/concurso-camara-municipal-de-crixas-go-saiu-edital\/#article\",\"isPartOf\":{\"@id\":\"https:\/\/www.estrategiaconcursos.com.br\/blog\/concurso-camara-municipal-de-crixas-go-saiu-edital\/\"},\"author\":{\"name\":\"Brunno Lima\",\"@id\":\"https:\/\/www.estrategiaconcursos.com.br\/blog\/#\/schema\/person\/2865ec132c3404c9912015dd7a24eb1e\"},\"headline\":\"Concurso C\u00e2mara Municipal de Crix\u00e1s GO: prova acontecer\u00e1 dia 04 de agosto\",\"datePublished\":\"2019-07-02T05:02:25+00:00\",\"dateModified\":\"2019-07-02T20:38:49+00:00\",\"mainEntityOfPage\":{\"@id\":\"https:\/\/www.estrategiaconcursos.com.br\/blog\/concurso-camara-municipal-de-crixas-go-saiu-edital\/\"},\"wordCount\":497,\"commentCount\":0,\"publisher\":{\"@id\":\"https:\/\/www.estrategiaconcursos.com.br\/blog\/#organization\"},\"image\":{\"@id\":\"https:\/\/www.estrategiaconcursos.com.br\/blog\/concurso-camara-municipal-de-crixas-go-saiu-edital\/#primaryimage\"},\"thumbnailUrl\":\"https:\/\/dhg1h5j42swfq.cloudfront.net\/2018\/10\/08173802\/saiu-edital1.jpg\",\"articleSection\":[\"Concursos P\u00fablicos\"],\"inLanguage\":\"pt-BR\",\"potentialAction\":[{\"@type\":\"CommentAction\",\"name\":\"Comment\",\"target\":[\"https:\/\/www.estrategiaconcursos.com.br\/blog\/concurso-camara-municipal-de-crixas-go-saiu-edital\/#respond\"]}],\"copyrightYear\":\"2019\",\"copyrightHolder\":{\"@id\":\"https:\/\/www.estrategiaconcursos.com.br\/blog\/#organization\"}},{\"@type\":\"WebPage\",\"@id\":\"https:\/\/www.estrategiaconcursos.com.br\/blog\/concurso-camara-municipal-de-crixas-go-saiu-edital\/\",\"url\":\"https:\/\/www.estrategiaconcursos.com.br\/blog\/concurso-camara-municipal-de-crixas-go-saiu-edital\/\",\"name\":\"Concurso C\u00e2mara Municipal de Crix\u00e1s GO: prova acontecer\u00e1 dia 04 de agosto\",\"isPartOf\":{\"@id\":\"https:\/\/www.estrategiaconcursos.com.br\/blog\/#website\"},\"primaryImageOfPage\":{\"@id\":\"https:\/\/www.estrategiaconcursos.com.br\/blog\/concurso-camara-municipal-de-crixas-go-saiu-edital\/#primaryimage\"},\"image\":{\"@id\":\"https:\/\/www.estrategiaconcursos.com.br\/blog\/concurso-camara-municipal-de-crixas-go-saiu-edital\/#primaryimage\"},\"thumbnailUrl\":\"https:\/\/dhg1h5j42swfq.cloudfront.net\/2018\/10\/08173802\/saiu-edital1.jpg\",\"datePublished\":\"2019-07-02T05:02:25+00:00\",\"dateModified\":\"2019-07-02T20:38:49+00:00\",\"description\":\"Concurso C\u00e2mara Municipal de Crix\u00e1s GO: prova acontecer\u00e1 dia 04 de agosto. Veja mais not\u00edcia sobre o concurso que acontecer\u00e1 em G\u00f3ias.\",\"breadcrumb\":{\"@id\":\"https:\/\/www.estrategiaconcursos.com.br\/blog\/concurso-camara-municipal-de-crixas-go-saiu-edital\/#breadcrumb\"},\"inLanguage\":\"pt-BR\",\"potentialAction\":[{\"@type\":\"ReadAction\",\"target\":[\"https:\/\/www.estrategiaconcursos.com.br\/blog\/concurso-camara-municipal-de-crixas-go-saiu-edital\/\"]}]},{\"@type\":\"ImageObject\",\"inLanguage\":\"pt-BR\",\"@id\":\"https:\/\/www.estrategiaconcursos.com.br\/blog\/concurso-camara-municipal-de-crixas-go-saiu-edital\/#primaryimage\",\"url\":\"https:\/\/dhg1h5j42swfq.cloudfront.net\/2018\/10\/08173802\/saiu-edital1.jpg\",\"contentUrl\":\"https:\/\/dhg1h5j42swfq.cloudfront.net\/2018\/10\/08173802\/saiu-edital1.jpg\",\"width\":400,\"height\":209,\"caption\":\"concurso bombeiros Tocantins\"},{\"@type\":\"BreadcrumbList\",\"@id\":\"https:\/\/www.estrategiaconcursos.com.br\/blog\/concurso-camara-municipal-de-crixas-go-saiu-edital\/#breadcrumb\",\"itemListElement\":[{\"@type\":\"ListItem\",\"position\":1,\"name\":\"In\u00edcio\",\"item\":\"https:\/\/www.estrategiaconcursos.com.br\/blog\/\"},{\"@type\":\"ListItem\",\"position\":2,\"name\":\"Concurso C\u00e2mara Municipal de Crix\u00e1s GO: prova acontecer\u00e1 dia 04 de agosto\"}]},{\"@type\":\"WebSite\",\"@id\":\"https:\/\/www.estrategiaconcursos.com.br\/blog\/#website\",\"url\":\"https:\/\/www.estrategiaconcursos.com.br\/blog\/\",\"name\":\"Estrat\u00e9gia Concursos\",\"description\":\"O blog da Estrat\u00e9gia Concursos traz not\u00edcias sobre concursos e artigos de professores oferecendo cursos para concursos (pdf + videaulas) no site.\",\"publisher\":{\"@id\":\"https:\/\/www.estrategiaconcursos.com.br\/blog\/#organization\"},\"potentialAction\":[{\"@type\":\"SearchAction\",\"target\":{\"@type\":\"EntryPoint\",\"urlTemplate\":\"https:\/\/www.estrategiaconcursos.com.br\/blog\/?s={search_term_string}\"},\"query-input\":{\"@type\":\"PropertyValueSpecification\",\"valueRequired\":true,\"valueName\":\"search_term_string\"}}],\"inLanguage\":\"pt-BR\"},{\"@type\":\"Organization\",\"@id\":\"https:\/\/www.estrategiaconcursos.com.br\/blog\/#organization\",\"name\":\"Estrat\u00e9gia Concursos\",\"url\":\"https:\/\/www.estrategiaconcursos.com.br\/blog\/\",\"logo\":{\"@type\":\"ImageObject\",\"inLanguage\":\"pt-BR\",\"@id\":\"https:\/\/www.estrategiaconcursos.com.br\/blog\/#\/schema\/logo\/image\/\",\"url\":\"https:\/\/dhg1h5j42swfq.cloudfront.net\/2025\/06\/03203428\/logo_concursos-1.jpg\",\"contentUrl\":\"https:\/\/dhg1h5j42swfq.cloudfront.net\/2025\/06\/03203428\/logo_concursos-1.jpg\",\"width\":230,\"height\":60,\"caption\":\"Estrat\u00e9gia Concursos\"},\"image\":{\"@id\":\"https:\/\/www.estrategiaconcursos.com.br\/blog\/#\/schema\/logo\/image\/\"},\"sameAs\":[\"https:\/\/x.com\/EstratConcursos\"]},{\"@type\":\"Person\",\"@id\":\"https:\/\/www.estrategiaconcursos.com.br\/blog\/#\/schema\/person\/2865ec132c3404c9912015dd7a24eb1e\",\"name\":\"Brunno Lima\",\"image\":{\"@type\":\"ImageObject\",\"inLanguage\":\"pt-BR\",\"@id\":\"https:\/\/secure.gravatar.com\/avatar\/d40b472e5e2856222d4a4a1c3ee2189ed7d7a9f67dc3343b880cc1889a7bd6af?s=96&d=mm&r=g\",\"url\":\"https:\/\/secure.gravatar.com\/avatar\/d40b472e5e2856222d4a4a1c3ee2189ed7d7a9f67dc3343b880cc1889a7bd6af?s=96&d=mm&r=g\",\"contentUrl\":\"https:\/\/secure.gravatar.com\/avatar\/d40b472e5e2856222d4a4a1c3ee2189ed7d7a9f67dc3343b880cc1889a7bd6af?s=96&d=mm&r=g\",\"caption\":\"Brunno Lima\"},\"url\":\"https:\/\/www.estrategiaconcursos.com.br\/blog\/author\/brunnoestrategiaconcursos-com-br\/\"}]}<\/script>\n<!-- \/ Yoast SEO Premium plugin. -->","yoast_head_json":{"title":"Concurso C\u00e2mara Municipal de Crix\u00e1s GO: prova acontecer\u00e1 dia 04 de agosto","description":"Concurso C\u00e2mara Municipal de Crix\u00e1s GO: prova acontecer\u00e1 dia 04 de agosto. Veja mais not\u00edcia sobre o concurso que acontecer\u00e1 em G\u00f3ias.","robots":{"index":"index","follow":"follow","max-snippet":"max-snippet:-1","max-image-preview":"max-image-preview:large","max-video-preview":"max-video-preview:-1"},"canonical":"https:\/\/www.estrategiaconcursos.com.br\/blog\/concurso-camara-municipal-de-crixas-go-saiu-edital\/","og_locale":"pt_BR","og_type":"article","og_title":"Concurso C\u00e2mara Municipal de Crix\u00e1s GO: prova acontecer\u00e1 dia 04 de agosto","og_description":"Concurso C\u00e2mara Municipal de Crix\u00e1s GO: prova acontecer\u00e1 dia 04 de agosto. Veja mais not\u00edcia sobre o concurso que acontecer\u00e1 em G\u00f3ias.","og_url":"https:\/\/www.estrategiaconcursos.com.br\/blog\/concurso-camara-municipal-de-crixas-go-saiu-edital\/","og_site_name":"Estrat\u00e9gia Concursos","article_published_time":"2019-07-02T05:02:25+00:00","article_modified_time":"2019-07-02T20:38:49+00:00","og_image":[{"width":400,"height":209,"url":"https:\/\/dhg1h5j42swfq.cloudfront.net\/2018\/10\/08173802\/saiu-edital1.jpg","type":"image\/jpeg"}],"author":"Brunno Lima","twitter_card":"summary_large_image","twitter_creator":"@EstratConcursos","twitter_site":"@EstratConcursos","twitter_misc":{"Escrito por":"Brunno Lima","Est. tempo de leitura":"2 minutos"},"schema":{"@context":"https:\/\/schema.org","@graph":[{"@type":"NewsArticle","@id":"https:\/\/www.estrategiaconcursos.com.br\/blog\/concurso-camara-municipal-de-crixas-go-saiu-edital\/#article","isPartOf":{"@id":"https:\/\/www.estrategiaconcursos.com.br\/blog\/concurso-camara-municipal-de-crixas-go-saiu-edital\/"},"author":{"name":"Brunno Lima","@id":"https:\/\/www.estrategiaconcursos.com.br\/blog\/#\/schema\/person\/2865ec132c3404c9912015dd7a24eb1e"},"headline":"Concurso C\u00e2mara Municipal de Crix\u00e1s GO: prova acontecer\u00e1 dia 04 de agosto","datePublished":"2019-07-02T05:02:25+00:00","dateModified":"2019-07-02T20:38:49+00:00","mainEntityOfPage":{"@id":"https:\/\/www.estrategiaconcursos.com.br\/blog\/concurso-camara-municipal-de-crixas-go-saiu-edital\/"},"wordCount":497,"commentCount":0,"publisher":{"@id":"https:\/\/www.estrategiaconcursos.com.br\/blog\/#organization"},"image":{"@id":"https:\/\/www.estrategiaconcursos.com.br\/blog\/concurso-camara-municipal-de-crixas-go-saiu-edital\/#primaryimage"},"thumbnailUrl":"https:\/\/dhg1h5j42swfq.cloudfront.net\/2018\/10\/08173802\/saiu-edital1.jpg","articleSection":["Concursos P\u00fablicos"],"inLanguage":"pt-BR","potentialAction":[{"@type":"CommentAction","name":"Comment","target":["https:\/\/www.estrategiaconcursos.com.br\/blog\/concurso-camara-municipal-de-crixas-go-saiu-edital\/#respond"]}],"copyrightYear":"2019","copyrightHolder":{"@id":"https:\/\/www.estrategiaconcursos.com.br\/blog\/#organization"}},{"@type":"WebPage","@id":"https:\/\/www.estrategiaconcursos.com.br\/blog\/concurso-camara-municipal-de-crixas-go-saiu-edital\/","url":"https:\/\/www.estrategiaconcursos.com.br\/blog\/concurso-camara-municipal-de-crixas-go-saiu-edital\/","name":"Concurso C\u00e2mara Municipal de Crix\u00e1s GO: prova acontecer\u00e1 dia 04 de agosto","isPartOf":{"@id":"https:\/\/www.estrategiaconcursos.com.br\/blog\/#website"},"primaryImageOfPage":{"@id":"https:\/\/www.estrategiaconcursos.com.br\/blog\/concurso-camara-municipal-de-crixas-go-saiu-edital\/#primaryimage"},"image":{"@id":"https:\/\/www.estrategiaconcursos.com.br\/blog\/concurso-camara-municipal-de-crixas-go-saiu-edital\/#primaryimage"},"thumbnailUrl":"https:\/\/dhg1h5j42swfq.cloudfront.net\/2018\/10\/08173802\/saiu-edital1.jpg","datePublished":"2019-07-02T05:02:25+00:00","dateModified":"2019-07-02T20:38:49+00:00","description":"Concurso C\u00e2mara Municipal de Crix\u00e1s GO: prova acontecer\u00e1 dia 04 de agosto. Veja mais not\u00edcia sobre o concurso que acontecer\u00e1 em G\u00f3ias.","breadcrumb":{"@id":"https:\/\/www.estrategiaconcursos.com.br\/blog\/concurso-camara-municipal-de-crixas-go-saiu-edital\/#breadcrumb"},"inLanguage":"pt-BR","potentialAction":[{"@type":"ReadAction","target":["https:\/\/www.estrategiaconcursos.com.br\/blog\/concurso-camara-municipal-de-crixas-go-saiu-edital\/"]}]},{"@type":"ImageObject","inLanguage":"pt-BR","@id":"https:\/\/www.estrategiaconcursos.com.br\/blog\/concurso-camara-municipal-de-crixas-go-saiu-edital\/#primaryimage","url":"https:\/\/dhg1h5j42swfq.cloudfront.net\/2018\/10\/08173802\/saiu-edital1.jpg","contentUrl":"https:\/\/dhg1h5j42swfq.cloudfront.net\/2018\/10\/08173802\/saiu-edital1.jpg","width":400,"height":209,"caption":"concurso bombeiros Tocantins"},{"@type":"BreadcrumbList","@id":"https:\/\/www.estrategiaconcursos.com.br\/blog\/concurso-camara-municipal-de-crixas-go-saiu-edital\/#breadcrumb","itemListElement":[{"@type":"ListItem","position":1,"name":"In\u00edcio","item":"https:\/\/www.estrategiaconcursos.com.br\/blog\/"},{"@type":"ListItem","position":2,"name":"Concurso C\u00e2mara Municipal de Crix\u00e1s GO: prova acontecer\u00e1 dia 04 de agosto"}]},{"@type":"WebSite","@id":"https:\/\/www.estrategiaconcursos.com.br\/blog\/#website","url":"https:\/\/www.estrategiaconcursos.com.br\/blog\/","name":"Estrat\u00e9gia Concursos","description":"O blog da Estrat\u00e9gia Concursos traz not\u00edcias sobre concursos e artigos de professores oferecendo cursos para concursos (pdf + videaulas) no site.","publisher":{"@id":"https:\/\/www.estrategiaconcursos.com.br\/blog\/#organization"},"potentialAction":[{"@type":"SearchAction","target":{"@type":"EntryPoint","urlTemplate":"https:\/\/www.estrategiaconcursos.com.br\/blog\/?s={search_term_string}"},"query-input":{"@type":"PropertyValueSpecification","valueRequired":true,"valueName":"search_term_string"}}],"inLanguage":"pt-BR"},{"@type":"Organization","@id":"https:\/\/www.estrategiaconcursos.com.br\/blog\/#organization","name":"Estrat\u00e9gia Concursos","url":"https:\/\/www.estrategiaconcursos.com.br\/blog\/","logo":{"@type":"ImageObject","inLanguage":"pt-BR","@id":"https:\/\/www.estrategiaconcursos.com.br\/blog\/#\/schema\/logo\/image\/","url":"https:\/\/dhg1h5j42swfq.cloudfront.net\/2025\/06\/03203428\/logo_concursos-1.jpg","contentUrl":"https:\/\/dhg1h5j42swfq.cloudfront.net\/2025\/06\/03203428\/logo_concursos-1.jpg","width":230,"height":60,"caption":"Estrat\u00e9gia Concursos"},"image":{"@id":"https:\/\/www.estrategiaconcursos.com.br\/blog\/#\/schema\/logo\/image\/"},"sameAs":["https:\/\/x.com\/EstratConcursos"]},{"@type":"Person","@id":"https:\/\/www.estrategiaconcursos.com.br\/blog\/#\/schema\/person\/2865ec132c3404c9912015dd7a24eb1e","name":"Brunno Lima","image":{"@type":"ImageObject","inLanguage":"pt-BR","@id":"https:\/\/secure.gravatar.com\/avatar\/d40b472e5e2856222d4a4a1c3ee2189ed7d7a9f67dc3343b880cc1889a7bd6af?s=96&d=mm&r=g","url":"https:\/\/secure.gravatar.com\/avatar\/d40b472e5e2856222d4a4a1c3ee2189ed7d7a9f67dc3343b880cc1889a7bd6af?s=96&d=mm&r=g","contentUrl":"https:\/\/secure.gravatar.com\/avatar\/d40b472e5e2856222d4a4a1c3ee2189ed7d7a9f67dc3343b880cc1889a7bd6af?s=96&d=mm&r=g","caption":"Brunno Lima"},"url":"https:\/\/www.estrategiaconcursos.com.br\/blog\/author\/brunnoestrategiaconcursos-com-br\/"}]}},"_links":{"self":[{"href":"https:\/\/www.estrategiaconcursos.com.br\/blog\/wp-json\/wp\/v2\/posts\/379119","targetHints":{"allow":["GET"]}}],"collection":[{"href":"https:\/\/www.estrategiaconcursos.com.br\/blog\/wp-json\/wp\/v2\/posts"}],"about":[{"href":"https:\/\/www.estrategiaconcursos.com.br\/blog\/wp-json\/wp\/v2\/types\/post"}],"author":[{"embeddable":true,"href":"https:\/\/www.estrategiaconcursos.com.br\/blog\/wp-json\/wp\/v2\/users\/741"}],"replies":[{"embeddable":true,"href":"https:\/\/www.estrategiaconcursos.com.br\/blog\/wp-json\/wp\/v2\/comments?post=379119"}],"version-history":[{"count":7,"href":"https:\/\/www.estrategiaconcursos.com.br\/blog\/wp-json\/wp\/v2\/posts\/379119\/revisions"}],"predecessor-version":[{"id":394419,"href":"https:\/\/www.estrategiaconcursos.com.br\/blog\/wp-json\/wp\/v2\/posts\/379119\/revisions\/394419"}],"wp:featuredmedia":[{"embeddable":true,"href":"https:\/\/www.estrategiaconcursos.com.br\/blog\/wp-json\/wp\/v2\/media\/146145"}],"wp:attachment":[{"href":"https:\/\/www.estrategiaconcursos.com.br\/blog\/wp-json\/wp\/v2\/media?parent=379119"}],"wp:term":[{"taxonomy":"category","embeddable":true,"href":"https:\/\/www.estrategiaconcursos.com.br\/blog\/wp-json\/wp\/v2\/categories?post=379119"},{"taxonomy":"post_tag","embeddable":true,"href":"https:\/\/www.estrategiaconcursos.com.br\/blog\/wp-json\/wp\/v2\/tags?post=379119"},{"taxonomy":"tax_estado","embeddable":true,"href":"https:\/\/www.estrategiaconcursos.com.br\/blog\/wp-json\/wp\/v2\/tax_estado?post=379119"}],"curies":[{"name":"wp","href":"https:\/\/api.w.org\/{rel}","templated":true}]}}