{"id":378881,"date":"2022-03-21T18:43:13","date_gmt":"2022-03-21T21:43:13","guid":{"rendered":"https:\/\/www.estrategiaconcursos.com.br\/blog\/?p=378881"},"modified":"2022-03-21T18:43:17","modified_gmt":"2022-03-21T21:43:17","slug":"concurso-cau-mt","status":"publish","type":"post","link":"https:\/\/www.estrategiaconcursos.com.br\/blog\/concurso-cau-mt\/","title":{"rendered":"Concurso CAU MT: inscri\u00e7\u00f5es encerradas; veja as vagas"},"content":{"rendered":"\n<p>O Conselho de Arquitetura e Urbanismo de Mato Grosso oficializou que o <strong>concurso CAU MT<\/strong> preencher\u00e1 <strong>77 vagas<\/strong>, sendo<strong> 2 imediatas <\/strong>e <strong>75 para cadastro reserva<\/strong>. Os cargos s\u00e3o para <strong>n\u00edveis superior<\/strong> e <strong>m\u00e9dio<\/strong>.<\/p>\n\n\n\n<p>As inscri\u00e7\u00f5es para cargos de <strong>n\u00edveis superior <\/strong>e <strong>m\u00e9dio<\/strong> foram encerradas. O certame dever\u00e1 ser aplicado no dia <strong>17 de abril<\/strong> de 2022. <\/p>\n\n\n\n<ul class=\"has-very-light-gray-to-cyan-bluish-gray-gradient-background has-background wp-block-list\"><li><strong>Conselho de Arquitetura e Urbanismo &#8211; CAU MT<\/strong><\/li><li><strong>Status: <\/strong>Edital publicado<\/li><li><strong>Banca:<\/strong> IBRASP <\/li><li><strong>Vagas:<\/strong> 77<\/li><li><strong>Sal\u00e1rio inicial: <\/strong>R$ 2.568,57 a R$ 6.702,03<\/li><li><strong>\u00daltimo edital:<\/strong> <a href=\"https:\/\/www.in.gov.br\/en\/web\/dou\/-\/edital-n-1-de-17-de-fevereiro-concurso-publico-n-1\/2022-380883560\" target=\"_blank\" rel=\"noreferrer noopener\">Edital CAU MT<\/a><\/li><\/ul>\n\n\n\n<div class=\"col-sm\">\n      <div class=\"banner-estrategia\" id=\"box-assinatura\">\n        <h3 class=\"titulo-assinatura\">Cursos para CAU-MT<\/h3>\n        <p class=\"subtitulo-assinatura\">Conhe\u00e7a os cursos<\/p>\n        <div class=\"box-botao\">\n          <a class=\"btn-assinatura\" target=\"_blank\" href=\"https:\/\/www.estrategiaconcursos.com.br\/cursos\/concurso\/\" role=\"button\" rel=\"noopener noreferrer\">Conhe\u00e7a mais<\/a>\n        <\/div>\n      <\/div>\n      <p class=\"texto-auxiliar\">Prepare-se com o melhor material e com quem mais aprova em Concursos P\u00fablicos em todo o pa\u00eds.<\/p>\n    <\/div>\n\n\n\n<ul class=\"wp-block-list\" id=\"indice\"><li><strong><a href=\"#atual\">Situa\u00e7\u00e3o atual do concurso<\/a><\/strong><\/li><li><strong><a href=\"#carreira\">Carreira no CAU MT<\/a><\/strong><ul><li><strong><a href=\"#requisitos\">Requisitos<\/a><\/strong><\/li><li><strong><a href=\"#remuneracao\">Remunera\u00e7\u00e3o<\/a><\/strong><\/li><\/ul><\/li><li><strong><a href=\"#ultimo\">\u00daltimo concurso<\/a> <\/strong><ul><li><strong><a href=\"#vagas\">Distribui\u00e7\u00e3o das vagas<\/a><\/strong> <\/li><li><strong><a href=\"#cargos\">Cargos ofertados<\/a> <\/strong><\/li><li><strong><a href=\"#etapas\">Etapas de provas<\/a> <\/strong><ul><li><a href=\"#objetiva\">Prova Objetiva<\/a><\/li><li><a href=\"#discursiva\">Prova Discursiva<\/a><\/li><\/ul><\/li><\/ul><\/li><li><strong><a href=\"#cursos\">Cursos e assinaturas<\/a><\/strong><\/li><li><strong><a href=\"#ficha\">Ficha t\u00e9cnica<\/a><\/strong><\/li><\/ul>\n\n\n\n<h2 class=\"wp-block-heading\" id=\"atual\">Situa\u00e7\u00e3o atual do concurso CAU MT<\/h2>\n\n\n\n<p>O <a href=\"https:\/\/www.in.gov.br\/en\/web\/dou\/-\/edital-n-1-de-17-de-fevereiro-concurso-publico-n-1\/2022-380883560\" target=\"_blank\" rel=\"noreferrer noopener\">edital do <strong>concurso CAU MT<\/strong><\/a> oficializou que a prova ofertar\u00e1 <strong>77 vagas<\/strong>, sendo<strong> 2 imediatas <\/strong>e <strong>75 para cadastro reserva<\/strong>. Os cargos s\u00e3o de agente de fiscaliza\u00e7\u00e3o e assistente administrativo.<\/p>\n\n\n\n<p>As inscri\u00e7\u00f5es que eram feitas atrav\u00e9s do <a href=\"https:\/\/www.ibrasp.org.br\" target=\"_blank\" rel=\"noreferrer noopener\">site<\/a> da banca <strong>IBRASP<\/strong> foram encerradas.<\/p>\n\n\n\n<p>A <strong>taxa de inscri\u00e7\u00e3o<\/strong> era de acordo com o grau de escolaridade:<\/p>\n\n\n\n<ul class=\"wp-block-list\"><li><strong>R$ 127 para n\u00edvel superior; e <\/strong><\/li><li><strong>R$ 48 para n\u00edvel m\u00e9dio.<\/strong><\/li><\/ul>\n\n\n\n<h3 class=\"wp-block-heading\" id=\"h-informacoes-gerais-cau-mt\">Informa\u00e7\u00f5es gerais CAU MT<\/h3>\n\n\n\n<p>O Conselho de Arquitetura e Urbanismo do Brasil \u2013 CAU\/BR e os Conselhos de Arquitetura e Urbanismo dos Estados e do Distrito Federal \u2013 CAU\/UF foram criados com a Lei n\u00ba 12.378 de 31 de dezembro de 2010, que regulamenta o exerc\u00edcio da Arquitetura e Urbanismo no pa\u00eds. Uma conquista hist\u00f3rica para a categoria, que significa maior autonomia e representatividade para a profiss\u00e3o.<\/p>\n\n\n\n<p>Autarquias dotadas de personalidade jur\u00eddica de direito p\u00fablico, o CAU possui a fun\u00e7\u00e3o de \u201corientar, disciplinar e fiscalizar o exerc\u00edcio da profiss\u00e3o de arquitetura e urbanismo, zelar pela fiel observ\u00e2ncia dos princ\u00edpios de \u00e9tica e disciplina da classe em todo o territ\u00f3rio nacional, bem como pugnar pelo aperfei\u00e7oamento do exerc\u00edcio da arquitetura e urbanismo\u201d (\u00a7 1\u00ba do Art. 24\u00ba da Lei 12.378\/2010).<\/p>\n\n\n\n<h2 class=\"wp-block-heading\" id=\"carreira\">Carreira no CAU MT<\/h2>\n\n\n\n<h3 class=\"wp-block-heading\" id=\"requisitos\">Requisitos <\/h3>\n\n\n\n<p>Confira abaixo os requisitos gerais exigidos dos candidatos no \u00faltimo concurso CAU MT: <\/p>\n\n\n\n<p>a) ter nacionalidade brasileira ou portuguesa e, em caso de nacionalidade portuguesa, estar amparado<br \/>pelo estatuto de igualdade entre brasileiros e portugueses, com reconhecimento de gozo de direitos<br \/>pol\u00edticos, nos termos do art. 12, \u00a7 1o<br \/>, da Constitui\u00e7\u00e3o da Rep\u00fablica Federativa do Brasil;<br \/>b) estar em pleno exerc\u00edcio dos direitos civis e pol\u00edticos;<br \/>c) estar em dia com as obriga\u00e7\u00f5es eleitorais;<br \/>d) apresentar certificado de reservista ou de dispensa de incorpora\u00e7\u00e3o ou de alistamento militar, em caso<br \/>de candidato do sexo masculino;<br \/>e) possuir os requisitos indicados no Anexo I para o emprego ao qual se candidatou;<br \/>f) ter idade m\u00ednima de 18 (dezoito) anos completos na data da contrata\u00e7\u00e3o;<br \/>g) n\u00e3o ter sofrido, no exerc\u00edcio de fun\u00e7\u00e3o p\u00fablica, penalidade incompat\u00edvel com a contrata\u00e7\u00e3o em<br \/>emprego ou cargo p\u00fablico;<br \/>h) ser portador de conduta digna para o exerc\u00edcio do emprego, comprovada por meio de certid\u00e3o do<br \/>distribuidor criminal da Justi\u00e7a Federal e da Justi\u00e7a Estadual, das localidades em que tenha residido nos<br \/>\u00faltimos 5 (cinco) anos;<br \/>i) n\u00e3o estar ocupando cargo em administra\u00e7\u00e3o direta ou indireta da Uni\u00e3o, dos Estados, do Distrito Federal<br \/>e dos Munic\u00edpios, nem ser empregado ou servidor de suas subsidi\u00e1rias e controladas, salvo os casos de<br \/>acumula\u00e7\u00e3o expressas em lei; e<br \/>j) cumprir as determina\u00e7\u00f5es deste edital, ter sido aprovado no presente concurso p\u00fablico e ser<br \/>considerado apto ap\u00f3s submeter-se aos exames m\u00e9dicos exigidos para a contrata\u00e7\u00e3o.<\/p>\n\n\n\n<h3 class=\"wp-block-heading\" id=\"remuneracao\">Remunera\u00e7\u00e3o<\/h3>\n\n\n\n<p>Confira a remunera\u00e7\u00e3o dos servidores efetivos atualizada at\u00e9 janeiro de 2021 pelo <a href=\"https:\/\/transparencia.caumt.gov.br\/wp-content\/uploads\/Portaria-Normativa-no-01-de-11-de-janeiro-de-2021-1.pdf\" target=\"_blank\" rel=\"noreferrer noopener\">Portal Transpar\u00eancia do CAU MT<\/a>: <\/p>\n\n\n\n<figure class=\"wp-block-image size-full\"><img loading=\"lazy\" decoding=\"async\" width=\"727\" height=\"554\" src=\"https:\/\/dhg1h5j42swfq.cloudfront.net\/2022\/01\/31180811\/image-620.png\" alt=\"\" class=\"wp-image-958794\" srcset=\"https:\/\/dhg1h5j42swfq.cloudfront.net\/2022\/01\/31180811\/image-620.png 727w, https:\/\/dhg1h5j42swfq.cloudfront.net\/2022\/01\/31180811\/image-620-300x229.png 300w, https:\/\/dhg1h5j42swfq.cloudfront.net\/2022\/01\/31180811\/image-620-610x465.png 610w\" sizes=\"auto, (max-width: 727px) 100vw, 727px\" \/><\/figure>\n\n\n\n<h2 class=\"wp-block-heading\" id=\"ultimo\">\u00daltimo concurso CAU MT<\/h2>\n\n\n\n<p>O \u00faltimo concurso CAU MT abriu teve seu edital publicado em 2019, para os cargos de Agente de Fiscaliza\u00e7\u00e3o e Assistente Administrativo.  A <strong>taxa de inscri\u00e7\u00e3o<\/strong> variou conforme a forma\u00e7\u00e3o do candidato. Confira abaixo: <\/p>\n\n\n\n<p class=\"has-very-light-gray-background-color has-background\"><strong><em>N\u00edvel Superior<\/em><\/strong><em> &#8211; R$ 78,00<br \/><\/em><strong><em>N\u00edvel M\u00e9dio<\/em><\/strong><em> &#8211; R$ 51,00<\/em><\/p>\n\n\n\n<p>O Instituto Americano de  Desenvolvimento, o <strong>Iades<\/strong> ficou com a miss\u00e3o de organizar o certame.<\/p>\n\n\n\n<h3 class=\"wp-block-heading\" id=\"vagas\">Distribui\u00e7\u00e3o de vagas<\/h3>\n\n\n\n<p>O concurso disponibilizou 2 vagas para o cargo de <strong>Agente de Fiscaliza\u00e7\u00e3o <\/strong>e 2 vagas para o cargo de <strong> Assistente administrativo<\/strong>.<\/p>\n\n\n\n<p>O certame  exige que o candidato que escolher o cargo de Agente de Fiscaliza\u00e7\u00e3o possua forma\u00e7\u00e3o <strong>Superior <\/strong>e o candidato que escolher o cargo de Assistente Administrativo forma\u00e7\u00e3o em N\u00edvel<strong> M\u00e9dio<\/strong>.<\/p>\n\n\n\n<h3 class=\"wp-block-heading\" id=\"cargos\">Cargos\/ Remunera\u00e7\u00f5es<\/h3>\n\n\n\n<p>Os candidatos que escolhessem o cargo de <strong>Agente de Fiscaliza\u00e7\u00e3o<\/strong> deveriam receber remunera\u00e7\u00e3o inicial de <strong>R$ 6.083,13<\/strong> por 6 horas de trabalho\/dia. J\u00e1 os candidatos que escolhessem o cargo de <strong>Assistente Administrativo<\/strong> deveriam receber remunera\u00e7\u00e3o inicial de <strong>R$ 2.087,52 <\/strong> por 6 horas de trabalho\/dia.<\/p>\n\n\n\n<h2 class=\"wp-block-heading\" id=\"etapas\">Etapas de provas <\/h2>\n\n\n\n<p>O certame foi composto de uma Prova Objetiva e uma Prova Discursiva, ambas de car\u00e1ter eliminat\u00f3rio e classificat\u00f3rio. <\/p>\n\n\n\n<h3 class=\"wp-block-heading\" id=\"objetiva\">Prova Objetiva <\/h3>\n\n\n\n<p>Os candidatos foram avaliados a partir da aplica\u00e7\u00e3o de uma prova objetiva e discursiva com dura\u00e7\u00e3o m\u00e1xima de 4 horas. A prova objetiva foi composta de 50 quest\u00f5es, de m\u00faltipla escolha, com 5 alternativas em cada quest\u00e3o,  para escolha de 1 \u00fanica resposta correta. Foram considerados aprovados na prova objetiva os candidatos que obtiveram o m\u00ednimo de 50% da pontua\u00e7\u00e3o total m\u00e1xima permitida para a prova.<\/p>\n\n\n\n<p>A prova objetiva do concurso CAU AP aconteceu no turno da tarde e teve dura\u00e7\u00e3o de 3 horas e 30 minutos. O exame possui car\u00e1ter eliminat\u00f3rio e classificat\u00f3rio, foi composto de 120 itens, valeu 120,00 pontos e avaliou as habilidades e os conhecimentos do candidato.<\/p>\n\n\n\n<p>A prova foi composta de quest\u00f5es de m\u00faltipla escolha, com 5 alternativas em cada quest\u00e3o, para escolha de uma \u00fanica resposta correta; de acordo com a pontua\u00e7\u00e3o total, quantidade de quest\u00f5es e os pesos definidos a seguir: <\/p>\n\n\n\n<ul class=\"wp-block-list\"><li><strong><em>Conhecimentos Gerais &#8211; 25 quest\u00f5es (peso 1,0 = 25 pontos<\/em><\/strong>)<ul><li>L\u00edngua Portuguesa &#8211; 10 quest\u00f5es; <\/li><li>Matem\u00e1tica &#8211; 5 quest\u00f5es; <\/li><li>Inform\u00e1tica B\u00e1sica &#8211; 5 quest\u00f5es; <\/li><li>Atualidades &#8211; 5 quest\u00f5es;<\/li><\/ul><\/li><li><strong><em>Conhecimentos Espec\u00edficos &#8211; 25 quest\u00f5es (peso 3,0 = 75 pontos)<\/em><\/strong><\/li><\/ul>\n\n\n\n<p>Foram considerados aprovados na prova objetiva os candidatos que obtiverem o m\u00ednimo de 50% da pontua\u00e7\u00e3o total m\u00e1xima permitida para a prova objetiva.<\/p>\n\n\n\n<h3 class=\"wp-block-heading\" id=\"discursiva\">Prova discursiva<\/h3>\n\n\n\n<p>A prova discursiva foi realizada no mesmo dia e dentro dos prazos de dura\u00e7\u00e3o previstos para a realiza\u00e7\u00e3o da prova objetiva.<\/p>\n\n\n\n<p>Para os empregos de n\u00edvel m\u00e9dio, a prova discursiva versou sobre conhecimentos relacionados a vida e o trabalho nas cidades brasileiras. J\u00e1 para os empregos de n\u00edvel superior, a prova discursiva avaliou os candidatos levando em conta os conhecimentos espec\u00edficos, pertinentes a cada \u00e1rea de forma\u00e7\u00e3o.<\/p>\n\n\n\n<p>A prova discursiva consistiu na elabora\u00e7\u00e3o de texto dissertativo e(ou) descritivo, com extens\u00e3o m\u00ednima de 20 linhas e  m\u00e1xima de 30  linhas, com base em tema formulado pela banca examinadora, primando pela clareza, precis\u00e3o,  consist\u00eancia e concis\u00e3o.<\/p>\n\n\n\n<p>Ela recebeu o valor total de 10,0 pontos. Foi eliminado o candidato que obtivesse pontua\u00e7\u00e3o final na prova discursiva (PPD) inferior a 5,0 pontos.<\/p>\n\n\n\n<p>Respeitados os crit\u00e9rios de desempate, os candidatos aprovados nas etapas do certame foram ordenados de acordo com os valores decrescentes da soma da pontua\u00e7\u00e3o final na prova objetiva e na prova discursiva.<\/p>\n\n\n\n<h3 class=\"wp-block-heading\" id=\"h-concurso-cau-mt-2013\">Concurso CAU MT 2013<\/h3>\n\n\n\n<p>O concurso CAU MT aconteceu em 2013. Foram ofertadas 173 vagas, sendo 13 imediatas e demais para Cadastro de Reserva. Os cargos exigiram forma\u00e7\u00e3o em n\u00edvel m\u00e9dio e superior, entre eles estavam os cargos de Advogado, Contador, Analista de Processos, Analista de Gest\u00e3o de Pessoas, Analista Fiscal, Analista T\u00e9cnico, e outros&#8230; Na ocasi\u00e3o, o IADES tamb\u00e9m foi a banca organizadora do concurso.<\/p>\n\n\n\n<h2 class=\"has-text-align-center wp-block-heading\" id=\"cursos\">Quer saber tudo sobre concursos previstos?<br \/>Confira nossos artigos!<\/h2>\n\n\n\n<ul class=\"wp-block-list\"><li><a href=\"https:\/\/www.estrategiaconcursos.com.br\/blog\/concursos-abertos\/\" target=\"_blank\" rel=\"noreferrer noopener\">Concursos abertos<\/a><\/li><li><a href=\"https:\/\/www.estrategiaconcursos.com.br\/blog\/concursos-2022\/\" target=\"_blank\" rel=\"noreferrer noopener\">Concursos 2022<\/a><\/li><\/ul>\n\n\n\n<p class=\"has-text-align-center\" style=\"font-size:clamp(16.293px, 1.018rem + ((1vw - 3.2px) * 0.854), 25px);px\"><strong><em>Quer estudar para Concurso CAU MT?<\/em><\/strong><\/p>\n\n\n\n<div class=\"col-sm\">\n      <div class=\"banner-estrategia\" id=\"box-assinatura\">\n        <h3 class=\"titulo-assinatura\">Cursos para CAU-MT<\/h3>\n        <p class=\"subtitulo-assinatura\">Conhe\u00e7a os cursos<\/p>\n        <div class=\"box-botao\">\n          <a class=\"btn-assinatura\" target=\"_blank\" href=\"https:\/\/www.estrategiaconcursos.com.br\/cursos\/concurso\/\" role=\"button\" rel=\"noopener noreferrer\">Conhe\u00e7a mais<\/a>\n        <\/div>\n      <\/div>\n      <p class=\"texto-auxiliar\">Prepare-se com o melhor material e com quem mais aprova em Concursos P\u00fablicos em todo o pa\u00eds.<\/p>\n    <\/div>\n\n\n\n<div class=\"container\" id=\"boxes\">\n  <div class=\"row\">\n\n    <div class=\"col-sm\">\n      <div class=\"estrategia\" id=\"box-assinatura\">\n        <h3 class=\"titulo-assinatura\"> Concursos P\u00fablicos\n        <p class=\"subtitulo-assinatura\">Assinatura de 1 ano ou 2 anos<\/p>\n        <div class=\"box-botao\">\n          <a class=\"btn-assinatura\" target=\"_blank\" href=\"https:\/\/www.estrategiaconcursos.com.br\/assinaturas\/\" role=\"button\" rel=\"noopener noreferrer\">ASSINE AGORA<\/a>\n        <\/div>\n      <\/h3><\/div><\/div><\/div><\/div>\n\n\n\n<figure class=\"wp-block-image size-large is-resized\"><img loading=\"lazy\" decoding=\"async\" src=\"https:\/\/dhg1h5j42swfq.cloudfront.net\/2021\/08\/02092425\/ficha-tecnica-1024x632.png\" alt=\"Informa\u00e7\u00f5es sobre o concurso CAU AP\" class=\"wp-image-826813\" width=\"257\" height=\"158\" srcset=\"https:\/\/dhg1h5j42swfq.cloudfront.net\/2021\/08\/02092425\/ficha-tecnica-1024x632.png 1024w, https:\/\/dhg1h5j42swfq.cloudfront.net\/2021\/08\/02092425\/ficha-tecnica-300x185.png 300w, https:\/\/dhg1h5j42swfq.cloudfront.net\/2021\/08\/02092425\/ficha-tecnica-768x474.png 768w, https:\/\/dhg1h5j42swfq.cloudfront.net\/2021\/08\/02092425\/ficha-tecnica-1536x948.png 1536w, https:\/\/dhg1h5j42swfq.cloudfront.net\/2021\/08\/02092425\/ficha-tecnica-610x377.png 610w, https:\/\/dhg1h5j42swfq.cloudfront.net\/2021\/08\/02092425\/ficha-tecnica.png 1571w\" sizes=\"auto, (max-width: 257px) 100vw, 257px\" \/><\/figure>\n\n\n\n<h4 class=\"wp-block-heading\" id=\"ficha\"><strong>Informa\u00e7\u00f5es sobre o \u00faltimo concurso CAU MT<\/strong><\/h4>\n\n\n\n<p>\u25ba<strong>Data prevista<\/strong> <strong>da prova<\/strong>: 2019<br \/>\u25ba<strong>Vagas<\/strong>: 4 vagas<br \/>\u25ba<strong>Cargos<\/strong>: Agente de Fiscaliza\u00e7\u00e3o e Assistente Administrativo <br \/>\u25ba<strong>Lota\u00e7\u00f5es<\/strong>: Mato Grosso<br \/>\u25ba<strong>Escolaridade<\/strong>: N\u00edvel M\u00e9dio e Superior<br \/>\u25ba<strong>Banca<\/strong>: IADES<br \/>\u25ba<strong>Edital:<\/strong> <a rel=\"noreferrer noopener\" href=\"https:\/\/dhg1h5j42swfq.cloudfront.net\/2019\/05\/31114919\/concurso-cau-mt.pdf\" target=\"_blank\">Edital CAU MT<\/a><\/p>\n","protected":false},"excerpt":{"rendered":"<p>O Conselho de Arquitetura e Urbanismo de Mato Grosso oficializou que o concurso CAU MT preencher\u00e1 77 vagas, sendo 2 imediatas e 75 para cadastro reserva. Os cargos s\u00e3o para n\u00edveis superior e m\u00e9dio. As inscri\u00e7\u00f5es para cargos de n\u00edveis superior e m\u00e9dio foram encerradas. O certame dever\u00e1 ser aplicado no dia 17 de abril [&hellip;]<\/p>\n","protected":false},"author":1,"featured_media":378883,"comment_status":"open","ping_status":"closed","sticky":false,"template":"","format":"standard","meta":{"post_tipo":"news_page","footnotes":""},"categories":[214992],"tags":[],"tax_estado":[219976],"class_list":["post-378881","post","type-post","status-publish","format-standard","has-post-thumbnail","hentry","category-concursos-administrativos","tax_estado-mt"],"acf":[],"yoast_head":"<!-- This site is optimized with the Yoast SEO Premium plugin v27.2 (Yoast SEO v27.2) - https:\/\/yoast.com\/product\/yoast-seo-premium-wordpress\/ -->\n<title>Concurso CAU MT: inscri\u00e7\u00f5es encerradas; veja as vagas<\/title>\n<meta name=\"description\" content=\"Concurso CAU MT: banca definida para organizar nova sele\u00e7\u00e3o do Conselho de Arquitetura e Urbanismo do Mato Grosso. Saiba mais!\" \/>\n<meta name=\"robots\" content=\"index, follow, max-snippet:-1, max-image-preview:large, max-video-preview:-1\" \/>\n<link rel=\"canonical\" href=\"https:\/\/www.estrategiaconcursos.com.br\/blog\/concurso-cau-mt\/\" \/>\n<meta property=\"og:locale\" content=\"pt_BR\" \/>\n<meta property=\"og:type\" content=\"article\" \/>\n<meta property=\"og:title\" content=\"Concurso CAU MT: inscri\u00e7\u00f5es encerradas; veja as vagas\" \/>\n<meta property=\"og:description\" content=\"Concurso CAU MT: banca definida para organizar nova sele\u00e7\u00e3o do Conselho de Arquitetura e Urbanismo do Mato Grosso. Saiba mais!\" \/>\n<meta property=\"og:url\" content=\"https:\/\/www.estrategiaconcursos.com.br\/blog\/concurso-cau-mt\/\" \/>\n<meta property=\"og:site_name\" content=\"Estrat\u00e9gia Concursos\" \/>\n<meta property=\"article:author\" content=\"https:\/\/www.facebook.com\/EstrategiaConcursos\" \/>\n<meta property=\"article:published_time\" content=\"2022-03-21T21:43:13+00:00\" \/>\n<meta property=\"article:modified_time\" content=\"2022-03-21T21:43:17+00:00\" \/>\n<meta property=\"og:image\" content=\"https:\/\/dhg1h5j42swfq.cloudfront.net\/2019\/05\/27174316\/concurso-cau-mt.png\" \/>\n\t<meta property=\"og:image:width\" content=\"400\" \/>\n\t<meta property=\"og:image:height\" content=\"209\" \/>\n\t<meta property=\"og:image:type\" content=\"image\/png\" \/>\n<meta name=\"author\" content=\"Coordena\u00e7\u00e3o\" \/>\n<meta name=\"twitter:card\" content=\"summary_large_image\" \/>\n<meta name=\"twitter:creator\" content=\"@EstratConcursos\" \/>\n<meta name=\"twitter:site\" content=\"@EstratConcursos\" \/>\n<meta name=\"twitter:label1\" content=\"Escrito por\" \/>\n\t<meta name=\"twitter:data1\" content=\"Coordena\u00e7\u00e3o\" \/>\n\t<meta name=\"twitter:label2\" content=\"Est. tempo de leitura\" \/>\n\t<meta name=\"twitter:data2\" content=\"8 minutos\" \/>\n<script type=\"application\/ld+json\" class=\"yoast-schema-graph\">{\"@context\":\"https:\/\/schema.org\",\"@graph\":[{\"@type\":\"NewsArticle\",\"@id\":\"https:\/\/www.estrategiaconcursos.com.br\/blog\/concurso-cau-mt\/#article\",\"isPartOf\":{\"@id\":\"https:\/\/www.estrategiaconcursos.com.br\/blog\/concurso-cau-mt\/\"},\"author\":{\"name\":\"Coordena\u00e7\u00e3o\",\"@id\":\"https:\/\/www.estrategiaconcursos.com.br\/blog\/#\/schema\/person\/b4a388c97673c5f483d72185668afa1f\"},\"headline\":\"Concurso CAU MT: inscri\u00e7\u00f5es encerradas; veja as vagas\",\"datePublished\":\"2022-03-21T21:43:13+00:00\",\"dateModified\":\"2022-03-21T21:43:17+00:00\",\"mainEntityOfPage\":{\"@id\":\"https:\/\/www.estrategiaconcursos.com.br\/blog\/concurso-cau-mt\/\"},\"wordCount\":1415,\"commentCount\":0,\"publisher\":{\"@id\":\"https:\/\/www.estrategiaconcursos.com.br\/blog\/#organization\"},\"image\":{\"@id\":\"https:\/\/www.estrategiaconcursos.com.br\/blog\/concurso-cau-mt\/#primaryimage\"},\"thumbnailUrl\":\"https:\/\/dhg1h5j42swfq.cloudfront.net\/2019\/05\/27174316\/concurso-cau-mt.png\",\"articleSection\":[\"Executivo (Administrativa)\"],\"inLanguage\":\"pt-BR\",\"potentialAction\":[{\"@type\":\"CommentAction\",\"name\":\"Comment\",\"target\":[\"https:\/\/www.estrategiaconcursos.com.br\/blog\/concurso-cau-mt\/#respond\"]}],\"copyrightYear\":\"2022\",\"copyrightHolder\":{\"@id\":\"https:\/\/www.estrategiaconcursos.com.br\/blog\/#organization\"}},{\"@type\":\"WebPage\",\"@id\":\"https:\/\/www.estrategiaconcursos.com.br\/blog\/concurso-cau-mt\/\",\"url\":\"https:\/\/www.estrategiaconcursos.com.br\/blog\/concurso-cau-mt\/\",\"name\":\"Concurso CAU MT: inscri\u00e7\u00f5es encerradas; veja as vagas\",\"isPartOf\":{\"@id\":\"https:\/\/www.estrategiaconcursos.com.br\/blog\/#website\"},\"primaryImageOfPage\":{\"@id\":\"https:\/\/www.estrategiaconcursos.com.br\/blog\/concurso-cau-mt\/#primaryimage\"},\"image\":{\"@id\":\"https:\/\/www.estrategiaconcursos.com.br\/blog\/concurso-cau-mt\/#primaryimage\"},\"thumbnailUrl\":\"https:\/\/dhg1h5j42swfq.cloudfront.net\/2019\/05\/27174316\/concurso-cau-mt.png\",\"datePublished\":\"2022-03-21T21:43:13+00:00\",\"dateModified\":\"2022-03-21T21:43:17+00:00\",\"description\":\"Concurso CAU MT: banca definida para organizar nova sele\u00e7\u00e3o do Conselho de Arquitetura e Urbanismo do Mato Grosso. Saiba mais!\",\"breadcrumb\":{\"@id\":\"https:\/\/www.estrategiaconcursos.com.br\/blog\/concurso-cau-mt\/#breadcrumb\"},\"inLanguage\":\"pt-BR\",\"potentialAction\":[{\"@type\":\"ReadAction\",\"target\":[\"https:\/\/www.estrategiaconcursos.com.br\/blog\/concurso-cau-mt\/\"]}]},{\"@type\":\"ImageObject\",\"inLanguage\":\"pt-BR\",\"@id\":\"https:\/\/www.estrategiaconcursos.com.br\/blog\/concurso-cau-mt\/#primaryimage\",\"url\":\"https:\/\/dhg1h5j42swfq.cloudfront.net\/2019\/05\/27174316\/concurso-cau-mt.png\",\"contentUrl\":\"https:\/\/dhg1h5j42swfq.cloudfront.net\/2019\/05\/27174316\/concurso-cau-mt.png\",\"width\":400,\"height\":209,\"caption\":\"concurso cau mt\"},{\"@type\":\"BreadcrumbList\",\"@id\":\"https:\/\/www.estrategiaconcursos.com.br\/blog\/concurso-cau-mt\/#breadcrumb\",\"itemListElement\":[{\"@type\":\"ListItem\",\"position\":1,\"name\":\"In\u00edcio\",\"item\":\"https:\/\/www.estrategiaconcursos.com.br\/blog\/\"},{\"@type\":\"ListItem\",\"position\":2,\"name\":\"Concurso CAU MT: inscri\u00e7\u00f5es encerradas; veja as vagas\"}]},{\"@type\":\"WebSite\",\"@id\":\"https:\/\/www.estrategiaconcursos.com.br\/blog\/#website\",\"url\":\"https:\/\/www.estrategiaconcursos.com.br\/blog\/\",\"name\":\"Estrat\u00e9gia Concursos\",\"description\":\"O blog da Estrat\u00e9gia Concursos traz not\u00edcias sobre concursos e artigos de professores oferecendo cursos para concursos (pdf + videaulas) no site.\",\"publisher\":{\"@id\":\"https:\/\/www.estrategiaconcursos.com.br\/blog\/#organization\"},\"potentialAction\":[{\"@type\":\"SearchAction\",\"target\":{\"@type\":\"EntryPoint\",\"urlTemplate\":\"https:\/\/www.estrategiaconcursos.com.br\/blog\/?s={search_term_string}\"},\"query-input\":{\"@type\":\"PropertyValueSpecification\",\"valueRequired\":true,\"valueName\":\"search_term_string\"}}],\"inLanguage\":\"pt-BR\"},{\"@type\":\"Organization\",\"@id\":\"https:\/\/www.estrategiaconcursos.com.br\/blog\/#organization\",\"name\":\"Estrat\u00e9gia Concursos\",\"url\":\"https:\/\/www.estrategiaconcursos.com.br\/blog\/\",\"logo\":{\"@type\":\"ImageObject\",\"inLanguage\":\"pt-BR\",\"@id\":\"https:\/\/www.estrategiaconcursos.com.br\/blog\/#\/schema\/logo\/image\/\",\"url\":\"https:\/\/dhg1h5j42swfq.cloudfront.net\/2025\/06\/03203428\/logo_concursos-1.jpg\",\"contentUrl\":\"https:\/\/dhg1h5j42swfq.cloudfront.net\/2025\/06\/03203428\/logo_concursos-1.jpg\",\"width\":230,\"height\":60,\"caption\":\"Estrat\u00e9gia Concursos\"},\"image\":{\"@id\":\"https:\/\/www.estrategiaconcursos.com.br\/blog\/#\/schema\/logo\/image\/\"},\"sameAs\":[\"https:\/\/x.com\/EstratConcursos\"]},{\"@type\":\"Person\",\"@id\":\"https:\/\/www.estrategiaconcursos.com.br\/blog\/#\/schema\/person\/b4a388c97673c5f483d72185668afa1f\",\"name\":\"Coordena\u00e7\u00e3o\",\"image\":{\"@type\":\"ImageObject\",\"inLanguage\":\"pt-BR\",\"@id\":\"https:\/\/secure.gravatar.com\/avatar\/b720319e4c9a967eb58678d110f4fe35452fc5d5f97b202bac7b8acceb18c6ad?s=96&d=mm&r=g\",\"url\":\"https:\/\/secure.gravatar.com\/avatar\/b720319e4c9a967eb58678d110f4fe35452fc5d5f97b202bac7b8acceb18c6ad?s=96&d=mm&r=g\",\"contentUrl\":\"https:\/\/secure.gravatar.com\/avatar\/b720319e4c9a967eb58678d110f4fe35452fc5d5f97b202bac7b8acceb18c6ad?s=96&d=mm&r=g\",\"caption\":\"Coordena\u00e7\u00e3o\"},\"sameAs\":[\"https:\/\/www.facebook.com\/EstrategiaConcursos\",\"https:\/\/x.com\/EstratConcursos\"],\"url\":\"https:\/\/www.estrategiaconcursos.com.br\/blog\/author\/estrategia2013\/\"}]}<\/script>\n<!-- \/ Yoast SEO Premium plugin. -->","yoast_head_json":{"title":"Concurso CAU MT: inscri\u00e7\u00f5es encerradas; veja as vagas","description":"Concurso CAU MT: banca definida para organizar nova sele\u00e7\u00e3o do Conselho de Arquitetura e Urbanismo do Mato Grosso. Saiba mais!","robots":{"index":"index","follow":"follow","max-snippet":"max-snippet:-1","max-image-preview":"max-image-preview:large","max-video-preview":"max-video-preview:-1"},"canonical":"https:\/\/www.estrategiaconcursos.com.br\/blog\/concurso-cau-mt\/","og_locale":"pt_BR","og_type":"article","og_title":"Concurso CAU MT: inscri\u00e7\u00f5es encerradas; veja as vagas","og_description":"Concurso CAU MT: banca definida para organizar nova sele\u00e7\u00e3o do Conselho de Arquitetura e Urbanismo do Mato Grosso. Saiba mais!","og_url":"https:\/\/www.estrategiaconcursos.com.br\/blog\/concurso-cau-mt\/","og_site_name":"Estrat\u00e9gia Concursos","article_author":"https:\/\/www.facebook.com\/EstrategiaConcursos","article_published_time":"2022-03-21T21:43:13+00:00","article_modified_time":"2022-03-21T21:43:17+00:00","og_image":[{"width":400,"height":209,"url":"https:\/\/dhg1h5j42swfq.cloudfront.net\/2019\/05\/27174316\/concurso-cau-mt.png","type":"image\/png"}],"author":"Coordena\u00e7\u00e3o","twitter_card":"summary_large_image","twitter_creator":"@EstratConcursos","twitter_site":"@EstratConcursos","twitter_misc":{"Escrito por":"Coordena\u00e7\u00e3o","Est. tempo de leitura":"8 minutos"},"schema":{"@context":"https:\/\/schema.org","@graph":[{"@type":"NewsArticle","@id":"https:\/\/www.estrategiaconcursos.com.br\/blog\/concurso-cau-mt\/#article","isPartOf":{"@id":"https:\/\/www.estrategiaconcursos.com.br\/blog\/concurso-cau-mt\/"},"author":{"name":"Coordena\u00e7\u00e3o","@id":"https:\/\/www.estrategiaconcursos.com.br\/blog\/#\/schema\/person\/b4a388c97673c5f483d72185668afa1f"},"headline":"Concurso CAU MT: inscri\u00e7\u00f5es encerradas; veja as vagas","datePublished":"2022-03-21T21:43:13+00:00","dateModified":"2022-03-21T21:43:17+00:00","mainEntityOfPage":{"@id":"https:\/\/www.estrategiaconcursos.com.br\/blog\/concurso-cau-mt\/"},"wordCount":1415,"commentCount":0,"publisher":{"@id":"https:\/\/www.estrategiaconcursos.com.br\/blog\/#organization"},"image":{"@id":"https:\/\/www.estrategiaconcursos.com.br\/blog\/concurso-cau-mt\/#primaryimage"},"thumbnailUrl":"https:\/\/dhg1h5j42swfq.cloudfront.net\/2019\/05\/27174316\/concurso-cau-mt.png","articleSection":["Executivo (Administrativa)"],"inLanguage":"pt-BR","potentialAction":[{"@type":"CommentAction","name":"Comment","target":["https:\/\/www.estrategiaconcursos.com.br\/blog\/concurso-cau-mt\/#respond"]}],"copyrightYear":"2022","copyrightHolder":{"@id":"https:\/\/www.estrategiaconcursos.com.br\/blog\/#organization"}},{"@type":"WebPage","@id":"https:\/\/www.estrategiaconcursos.com.br\/blog\/concurso-cau-mt\/","url":"https:\/\/www.estrategiaconcursos.com.br\/blog\/concurso-cau-mt\/","name":"Concurso CAU MT: inscri\u00e7\u00f5es encerradas; veja as vagas","isPartOf":{"@id":"https:\/\/www.estrategiaconcursos.com.br\/blog\/#website"},"primaryImageOfPage":{"@id":"https:\/\/www.estrategiaconcursos.com.br\/blog\/concurso-cau-mt\/#primaryimage"},"image":{"@id":"https:\/\/www.estrategiaconcursos.com.br\/blog\/concurso-cau-mt\/#primaryimage"},"thumbnailUrl":"https:\/\/dhg1h5j42swfq.cloudfront.net\/2019\/05\/27174316\/concurso-cau-mt.png","datePublished":"2022-03-21T21:43:13+00:00","dateModified":"2022-03-21T21:43:17+00:00","description":"Concurso CAU MT: banca definida para organizar nova sele\u00e7\u00e3o do Conselho de Arquitetura e Urbanismo do Mato Grosso. Saiba mais!","breadcrumb":{"@id":"https:\/\/www.estrategiaconcursos.com.br\/blog\/concurso-cau-mt\/#breadcrumb"},"inLanguage":"pt-BR","potentialAction":[{"@type":"ReadAction","target":["https:\/\/www.estrategiaconcursos.com.br\/blog\/concurso-cau-mt\/"]}]},{"@type":"ImageObject","inLanguage":"pt-BR","@id":"https:\/\/www.estrategiaconcursos.com.br\/blog\/concurso-cau-mt\/#primaryimage","url":"https:\/\/dhg1h5j42swfq.cloudfront.net\/2019\/05\/27174316\/concurso-cau-mt.png","contentUrl":"https:\/\/dhg1h5j42swfq.cloudfront.net\/2019\/05\/27174316\/concurso-cau-mt.png","width":400,"height":209,"caption":"concurso cau mt"},{"@type":"BreadcrumbList","@id":"https:\/\/www.estrategiaconcursos.com.br\/blog\/concurso-cau-mt\/#breadcrumb","itemListElement":[{"@type":"ListItem","position":1,"name":"In\u00edcio","item":"https:\/\/www.estrategiaconcursos.com.br\/blog\/"},{"@type":"ListItem","position":2,"name":"Concurso CAU MT: inscri\u00e7\u00f5es encerradas; veja as vagas"}]},{"@type":"WebSite","@id":"https:\/\/www.estrategiaconcursos.com.br\/blog\/#website","url":"https:\/\/www.estrategiaconcursos.com.br\/blog\/","name":"Estrat\u00e9gia Concursos","description":"O blog da Estrat\u00e9gia Concursos traz not\u00edcias sobre concursos e artigos de professores oferecendo cursos para concursos (pdf + videaulas) no site.","publisher":{"@id":"https:\/\/www.estrategiaconcursos.com.br\/blog\/#organization"},"potentialAction":[{"@type":"SearchAction","target":{"@type":"EntryPoint","urlTemplate":"https:\/\/www.estrategiaconcursos.com.br\/blog\/?s={search_term_string}"},"query-input":{"@type":"PropertyValueSpecification","valueRequired":true,"valueName":"search_term_string"}}],"inLanguage":"pt-BR"},{"@type":"Organization","@id":"https:\/\/www.estrategiaconcursos.com.br\/blog\/#organization","name":"Estrat\u00e9gia Concursos","url":"https:\/\/www.estrategiaconcursos.com.br\/blog\/","logo":{"@type":"ImageObject","inLanguage":"pt-BR","@id":"https:\/\/www.estrategiaconcursos.com.br\/blog\/#\/schema\/logo\/image\/","url":"https:\/\/dhg1h5j42swfq.cloudfront.net\/2025\/06\/03203428\/logo_concursos-1.jpg","contentUrl":"https:\/\/dhg1h5j42swfq.cloudfront.net\/2025\/06\/03203428\/logo_concursos-1.jpg","width":230,"height":60,"caption":"Estrat\u00e9gia Concursos"},"image":{"@id":"https:\/\/www.estrategiaconcursos.com.br\/blog\/#\/schema\/logo\/image\/"},"sameAs":["https:\/\/x.com\/EstratConcursos"]},{"@type":"Person","@id":"https:\/\/www.estrategiaconcursos.com.br\/blog\/#\/schema\/person\/b4a388c97673c5f483d72185668afa1f","name":"Coordena\u00e7\u00e3o","image":{"@type":"ImageObject","inLanguage":"pt-BR","@id":"https:\/\/secure.gravatar.com\/avatar\/b720319e4c9a967eb58678d110f4fe35452fc5d5f97b202bac7b8acceb18c6ad?s=96&d=mm&r=g","url":"https:\/\/secure.gravatar.com\/avatar\/b720319e4c9a967eb58678d110f4fe35452fc5d5f97b202bac7b8acceb18c6ad?s=96&d=mm&r=g","contentUrl":"https:\/\/secure.gravatar.com\/avatar\/b720319e4c9a967eb58678d110f4fe35452fc5d5f97b202bac7b8acceb18c6ad?s=96&d=mm&r=g","caption":"Coordena\u00e7\u00e3o"},"sameAs":["https:\/\/www.facebook.com\/EstrategiaConcursos","https:\/\/x.com\/EstratConcursos"],"url":"https:\/\/www.estrategiaconcursos.com.br\/blog\/author\/estrategia2013\/"}]}},"_links":{"self":[{"href":"https:\/\/www.estrategiaconcursos.com.br\/blog\/wp-json\/wp\/v2\/posts\/378881","targetHints":{"allow":["GET"]}}],"collection":[{"href":"https:\/\/www.estrategiaconcursos.com.br\/blog\/wp-json\/wp\/v2\/posts"}],"about":[{"href":"https:\/\/www.estrategiaconcursos.com.br\/blog\/wp-json\/wp\/v2\/types\/post"}],"author":[{"embeddable":true,"href":"https:\/\/www.estrategiaconcursos.com.br\/blog\/wp-json\/wp\/v2\/users\/1"}],"replies":[{"embeddable":true,"href":"https:\/\/www.estrategiaconcursos.com.br\/blog\/wp-json\/wp\/v2\/comments?post=378881"}],"version-history":[{"count":46,"href":"https:\/\/www.estrategiaconcursos.com.br\/blog\/wp-json\/wp\/v2\/posts\/378881\/revisions"}],"predecessor-version":[{"id":991772,"href":"https:\/\/www.estrategiaconcursos.com.br\/blog\/wp-json\/wp\/v2\/posts\/378881\/revisions\/991772"}],"wp:featuredmedia":[{"embeddable":true,"href":"https:\/\/www.estrategiaconcursos.com.br\/blog\/wp-json\/wp\/v2\/media\/378883"}],"wp:attachment":[{"href":"https:\/\/www.estrategiaconcursos.com.br\/blog\/wp-json\/wp\/v2\/media?parent=378881"}],"wp:term":[{"taxonomy":"category","embeddable":true,"href":"https:\/\/www.estrategiaconcursos.com.br\/blog\/wp-json\/wp\/v2\/categories?post=378881"},{"taxonomy":"post_tag","embeddable":true,"href":"https:\/\/www.estrategiaconcursos.com.br\/blog\/wp-json\/wp\/v2\/tags?post=378881"},{"taxonomy":"tax_estado","embeddable":true,"href":"https:\/\/www.estrategiaconcursos.com.br\/blog\/wp-json\/wp\/v2\/tax_estado?post=378881"}],"curies":[{"name":"wp","href":"https:\/\/api.w.org\/{rel}","templated":true}]}}