{"id":378622,"date":"2026-06-03T05:58:00","date_gmt":"2026-06-03T08:58:00","guid":{"rendered":"https:\/\/blog-estrategia.mystagingwebsite.com\/blog\/?p=378622"},"modified":"2026-08-04T09:21:57","modified_gmt":"2026-08-04T12:21:57","slug":"concurso-tre-pa","status":"publish","type":"post","link":"https:\/\/www.estrategiaconcursos.com.br\/blog\/concurso-tre-pa\/","title":{"rendered":"Concurso TRE PA: 27 provimentos autorizados!"},"content":{"rendered":"\n<p class=\"wp-block-paragraph\"><\/p>\n\n\n\n<p class=\"wp-block-paragraph\">O <strong><a href=\"https:\/\/www.estrategiaconcursos.com.br\/cursosPorConcurso\/tribunal-regional-eleitoral-do-para-tre-pa\/\" target=\"_blank\" rel=\"noreferrer noopener\"><strong>Tribunal Regional Eleitoral do Par\u00e1<\/strong><\/a>\u00a0(TRE PA<\/strong>), contemplado no concurso TSE Unificado, deve ter novas nomea\u00e7\u00f5es muito em breve!<\/p>\n\n\n\n<p class=\"wp-block-paragraph\">O \u00f3rg\u00e3o deve ter novas nomea\u00e7\u00f5es muito em breve. Isso porque foi autorizado o provimento de 872 cargos na Justi\u00e7a Eleitoral, sendo\u00a0<strong>27 vagas<\/strong>\u00a0no Tribunal Regional do Par\u00e1.<\/p>\n\n\n\n<p class=\"wp-block-paragraph\">Confira mais informa\u00e7\u00f5es no decorrer do artigo!<\/p>\n\n\n\n<ul id=\"block-ee678516-e9d1-48bd-b327-7b9acd55f0fd\" class=\"wp-block-list has-blush-light-purple-gradient-background has-background\">\n<li><strong>Concurso TRE PA<\/strong><\/li>\n\n\n\n<li><strong>Status:<\/strong>&nbsp;nomea\u00e7\u00f5es em andamento<\/li>\n\n\n\n<li><strong>Vagas:&nbsp;<\/strong>4 + CR<\/li>\n\n\n\n<li><strong>Banca:<\/strong>&nbsp;<a href=\"https:\/\/www.cebraspe.org.br\/concursos\/CPNUJE_24\" target=\"_blank\" rel=\"noreferrer noopener\">Cebraspe<\/a><\/li>\n\n\n\n<li><strong>Escolaridade:<\/strong>&nbsp;n\u00edvel superior<\/li>\n\n\n\n<li><strong>Sal\u00e1rio inicial:<\/strong>&nbsp;R$ 8.529,65 a R$ 13.994,78 + benef\u00edcios <\/li>\n\n\n\n<li><strong>Sal\u00e1rios a partir de Jul. de 2026: <\/strong>R$ 9.776,74 (T\u00e9cnico)\/R$ 16.041,21 (Analista)<\/li>\n\n\n\n<li><strong>Edital:<\/strong>&nbsp;<a href=\"https:\/\/dhg1h5j42swfq.cloudfront.net\/2024\/05\/29110324\/edital_1_2024_cpnuje_abertura-2.pdf\">TSE Unificado 2024<\/a><\/li>\n<\/ul>\n\n\n\n<div class=\"container\" id=\"boxes\">\n  <div class=\"row\">\n\n    <div class=\"col-sm\">\n      <div class=\"banner-tribunal\" id=\"box-assinatura\">\n        <h3 class=\"titulo-assinatura\">Curso TRE PA<\/h3>\n        <p class=\"subtitulo-assinatura\">Conhe\u00e7a os cursos<\/p>\n        <div class=\"box-botao\">\n          <a class=\"btn-assinatura\" target=\"_blank\" href=\"https:\/\/www.estrategiaconcursos.com.br\/cursosPorConcurso\/tribunal-regional-eleitoral-do-para-tre-pa\/\" role=\"button\" rel=\"noopener noreferrer\">Conhe\u00e7a mais<\/a>\n        <\/div>\n      <\/div>\n      <p class=\"texto-auxiliar\">Prepare-se com o melhor material e com quem mais aprova em Concursos P\u00fablicos em todo o pa\u00eds.<\/p>\n    <\/div>\n\n  <\/div>\n<\/div>\n\n\n\n<p class=\"wp-block-paragraph\">Acompanhe este artigo para ficar sempre atualizado sobre o concurso TRE-PA. Aqui, voc\u00ea encontrar\u00e1 as principais informa\u00e7\u00f5es, com tudo o que voc\u00ea precisa saber para organizar sua prepara\u00e7\u00e3o. Confira:<\/p>\n\n\n\n<ul class=\"wp-block-list\">\n<li><strong><a href=\"#situa\u00e7\u00e3o\">Situa\u00e7\u00e3o atual do concurso<\/a><\/strong><\/li>\n\n\n\n<li><a href=\"#cargos-vagas\"><strong>Cargos, vagas e sal\u00e1rios<\/strong><\/a><\/li>\n\n\n\n<li><strong><a href=\"#carreira\">Carreira<\/a><\/strong>\n<ul class=\"wp-block-list\">\n<li><strong><a href=\"#requisito\">Requisitos<\/a><\/strong><\/li>\n<\/ul>\n<\/li>\n\n\n\n<li><a href=\"#etapas-2024\"><strong>Provas objetivas<\/strong><\/a>\n<ul class=\"wp-block-list\">\n<li><a href=\"#discursiva\"><strong>Prova discursiva<\/strong><\/a><\/li>\n\n\n\n<li><a href=\"#taf\"><strong>TAF<\/strong><\/a><\/li>\n<\/ul>\n<\/li>\n\n\n\n<li><a href=\"#\u00faltimo-concurso-tre-pa\"><strong>\u00daltimo concurso<\/strong><\/a>\n<ul class=\"wp-block-list\">\n<li><strong><a href=\"#corte\">Nomea\u00e7\u00f5es e nota de corte<\/a><\/strong><\/li>\n<\/ul>\n<\/li>\n\n\n\n<li><a href=\"#edital\"><strong>Edital Estrat\u00e9gico<\/strong><\/a><\/li>\n\n\n\n<li><strong><a href=\"#cursos-assinatura\">Cursos e Assinaturas<\/a><\/strong><\/li>\n\n\n\n<li><strong><a href=\"#ficha\"><span style=\"text-decoration: underline;\">Ficha T\u00e9cnica<\/span><\/a><\/strong><\/li>\n<\/ul>\n\n\n\n<h2 class=\"wp-block-heading\" id=\"situa\u00e7\u00e3o\">Concurso TRE PA: situa\u00e7\u00e3o atual<\/h2>\n\n\n\n<ul class=\"wp-block-list\">\n<li>22 de maio de 2026 &#8211; <a href=\"https:\/\/www.estrategiaconcursos.com.br\/blog\/concurso-tse-unificado-2026-provimentos-autorizados\/\" target=\"_blank\" rel=\"noreferrer noopener\">872 provimentos autorizados<\/a><\/li>\n\n\n\n<li>02 de abril de 2026 &#8211; <a href=\"https:\/\/www.estrategiaconcursos.com.br\/blog\/concurso-tse-2026-cargos-criados\/\" target=\"_blank\" rel=\"noreferrer noopener\">Sancionada a cria\u00e7\u00e3o de 474 cargos de t\u00e9cnico e analista<\/a><\/li>\n\n\n\n<li>25 de mar\u00e7o de 2026 &#8211; <a href=\"https:\/\/www.estrategiaconcursos.com.br\/blog\/criacao-de-cargos-justica-eleitoral-senado\/\" target=\"_blank\" rel=\"noreferrer noopener\">Senado vota projeto que prev\u00ea cria\u00e7\u00e3o de cargos<\/a><\/li>\n\n\n\n<li>12 de fevereiro de 2026 &#8211; <a href=\"https:\/\/www.estrategiaconcursos.com.br\/blog\/concurso-tse-unificado-398-nomeacoes\/\" target=\"_blank\" rel=\"noreferrer noopener\">Justi\u00e7a Eleitoral autoriza 398 provimentos<\/a><\/li>\n\n\n\n<li>14 de janeiro de 2026 &#8211; <a href=\"https:\/\/www.estrategiaconcursos.com.br\/blog\/loa-2026-e-sancionada-163-mil-vagas\/\" target=\"_blank\" rel=\"noreferrer noopener\">Or\u00e7amento prev\u00ea <strong>2.458 vagas<\/strong>, sendo <strong>1.654 para provimento<\/strong><\/a><\/li>\n<\/ul>\n\n\n\n<h3 class=\"wp-block-heading\" id=\"h-resultados-disponiveis\">Resultados dispon\u00edveis<\/h3>\n\n\n\n<ul class=\"wp-block-list\">\n<li><a href=\"https:\/\/dhg1h5j42swfq.cloudfront.net\/2025\/01\/15121800\/edital_6_2024_cpnuje_res_final_obj_prov_disc_convocacoes.pdf\" target=\"_blank\" rel=\"noreferrer noopener\">Resultado final da prova objetiva<\/a>;<\/li>\n\n\n\n<li><a href=\"https:\/\/www.estrategiaconcursos.com.br\/blog\/concurso-tse-unificado-resultados\/\" target=\"_blank\" rel=\"noreferrer noopener\">Resultado retificado<\/a>;<\/li>\n\n\n\n<li><a href=\"https:\/\/cdn.cebraspe.org.br\/concursos\/cpnuje_24\/arquivos\/EDITAL_11_2024_CPNUJE_RES_FINAL_DISC_CONV_BIOP_HETERO_ANALISTA.PDF\">Resultado final discursiva Analista<\/a>;<\/li>\n\n\n\n<li><a href=\"https:\/\/www.estrategiaconcursos.com.br\/blog\/concurso-tse-unificado-resultado-provisorio-taf\/\">Resultado provis\u00f3rio do TAF<\/a>&nbsp;\u2013 apenas Pol\u00edcia Judici\u00e1ria<\/li>\n<\/ul>\n\n\n\n<h3 class=\"wp-block-heading\" id=\"reajuste\">Sal\u00e1rios e adicional de qualifica\u00e7\u00e3o reajustados<\/h3>\n\n\n\n<p class=\"wp-block-paragraph\">A Justi\u00e7a Federal teve o <a href=\"https:\/\/www.estrategiaconcursos.com.br\/blog\/lula-sancionou-reajuste-salarial-aos-servidores-para-2026\/\">reajuste salarial de 8%<\/a> para todas as carreiras sancionado pelo governo federal. Com isso, os sal\u00e1rios iniciais podem <strong>chegar a R$&nbsp;16.041,21<\/strong>, al\u00e9m de benef\u00edcios.<\/p>\n\n\n\n<p class=\"wp-block-paragraph\">O adicional de qualifica\u00e7\u00e3o tamb\u00e9m foi reajustado. Atualmente, um analista em final de carreira pode somar R$ 1.161,52 se tiver doutorado, por exemplo. <\/p>\n\n\n\n<p class=\"wp-block-paragraph\">Com a mudan\u00e7a, o valor vai para <strong>R$ 3.857,75<\/strong> a partir de 2026, considerando-se o reajuste de 8% a partir do pr\u00f3ximo ano, previsto na&nbsp;Lei 15.293, de 19 de dezembro de 2025.<\/p>\n\n\n\n<p class=\"wp-block-paragraph\">Tamb\u00e9m a partir de 2026, o mestrado valer\u00e1 <strong>R$ 2.700,43 (contra os atuais R$ 929,21)<\/strong>. Essas duas qualifica\u00e7\u00f5es n\u00e3o podem ser acumuladas entre si e absorvem outras de valores menores.<\/p>\n\n\n\n<p class=\"wp-block-paragraph\">Com o reajuste, os vencimentos b\u00e1sicos iniciais para os cargos ficam com os seguintes valores a partir de julho de 2026:<\/p>\n\n\n\n<ul class=\"wp-block-list\">\n<li><strong>R$ 9.776,74 (T\u00e9cnico) <br \/><\/strong><\/li>\n\n\n\n<li><strong>R$ 16.041,21 (Analista)<\/strong><\/li>\n<\/ul>\n\n\n\n<p class=\"wp-block-paragraph\">Al\u00e9m do vencimento b\u00e1sico atualizado, os aprovados ter\u00e3o direito a benef\u00edcios como&nbsp;<strong>aux\u00edlio pr\u00e9-escolar<\/strong>&nbsp;no valor de&nbsp;<strong>R$ 1.288,47<\/strong>, e&nbsp;<strong>aux\u00edlio alimenta\u00e7\u00e3o<\/strong>&nbsp;no valor de&nbsp;<strong>R$ 1.860,51<\/strong>.<\/p>\n\n\n\n<h3 class=\"wp-block-heading\" id=\"h-nomeacoes-divulgadas\">Nomea\u00e7\u00f5es divulgadas<\/h3>\n\n\n\n<p class=\"wp-block-paragraph\">As primeiras <strong>nomea\u00e7\u00f5es<\/strong>&nbsp;dos aprovados para os cargos de T\u00e9cnico e Analista Judici\u00e1rio foi publicada no <a href=\"https:\/\/www.in.gov.br\/en\/web\/dou\/-\/portaria-n-24.097-de-16-de-julho-de-2025-643370350\" target=\"_blank\" rel=\"noreferrer noopener\">Di\u00e1rio Oficial da Uni\u00e3o<\/a> e inclui:<\/p>\n\n\n\n<ul class=\"wp-block-list\">\n<li><strong>1 T\u00e9cnico Judici\u00e1rio<\/strong>&nbsp;\u2013 \u00c1rea Apoio Especializado \u2013 Especialidade Programa\u00e7\u00e3o de Sistemas;<\/li>\n\n\n\n<li><strong>3 T\u00e9cnicos Judici\u00e1rios<\/strong>&nbsp;\u2013 \u00c1rea Administrativa \u2013 Especialidade Agente da Pol\u00edcia Judicial; <\/li>\n\n\n\n<li><strong>1 Analista Judici\u00e1rio<\/strong>&nbsp;\u2013 \u00c1rea Administrativa \u2013 Especialidade Contabilidade; e<\/li>\n\n\n\n<li><strong>3 Analistas Judici\u00e1rios<\/strong>&nbsp;\u2013 \u00c1rea Judici\u00e1ria. <\/li>\n<\/ul>\n\n\n\n<p class=\"wp-block-paragraph\">As <a href=\"https:\/\/www.estrategiaconcursos.com.br\/blog\/nomeacao-concurso-tre-pa\/\" target=\"_blank\" rel=\"noreferrer noopener\">nomea\u00e7\u00f5es<\/a> seguem o que est\u00e1 previsto na&nbsp;<a href=\"https:\/\/www.in.gov.br\/en\/web\/dou\/-\/portaria-tse-n-236-de-27-de-maio-de-2025-632517144\" target=\"_blank\" rel=\"noreferrer noopener\">Portaria TSE n\u00ba 236, de 27 de maio de 2025<\/a>. O concurso TSE Unificado contemplou 4 vagas imediatas mais forma\u00e7\u00e3o de cadastro de reserva para o TRE PA.<\/p>\n\n\n\n<h2 class=\"wp-block-heading\" id=\"h-concurso-tre-pa-cargos-vagas-e-salarios\">Concurso TRE PA: cargos, vagas e sal\u00e1rios<\/h2>\n\n\n\n<figure class=\"wp-block-table is-style-stripes\"><table><thead><tr><th>CARGO<\/th><th class=\"has-text-align-center\" data-align=\"center\">VAGAS<\/th><\/tr><\/thead><tbody><tr><td>Analista &#8211; Contabilidade<\/td><td class=\"has-text-align-center\" data-align=\"center\">CR<\/td><\/tr><tr><td>Analista &#8211; \u00c1rea Judici\u00e1ria <\/td><td class=\"has-text-align-center\" data-align=\"center\">2<\/td><\/tr><tr><td>T\u00e9cnico &#8211; Policial Judicial<\/td><td class=\"has-text-align-center\" data-align=\"center\">2<\/td><\/tr><tr><td>T\u00e9cnico &#8211; programa\u00e7\u00e3o de sistemas <\/td><td class=\"has-text-align-center\" data-align=\"center\">CR<\/td><\/tr><tr><td><strong>TOTAL <\/strong><\/td><td class=\"has-text-align-center\" data-align=\"center\"><strong>4 + CR<\/strong><\/td><\/tr><\/tbody><\/table><figcaption class=\"wp-element-caption\">Concurso TSE Unificado: vagas por estado &#8211; TRE PA<\/figcaption><\/figure>\n\n\n\n<h3 class=\"wp-block-heading\" id=\"altera\u00e7\u00e3o-de-escolaridade\">Altera\u00e7\u00e3o de escolaridade<\/h3>\n\n\n\n<p class=\"wp-block-paragraph\">O Projeto de Lei <strong>3662\/21<\/strong>, que altera a escolaridade do cargo de T\u00e9cnico Judici\u00e1rio e estabelece o n\u00edvel superior como requisito aos concursos Tribunais, foi promulgado. <\/p>\n\n\n\n<p class=\"wp-block-paragraph\">Desta forma, para assumir o cargo de T\u00e9cnico Judici\u00e1rio, os candidatos agora devem possuir como requisito n\u00edvel superior de escolaridade.<\/p>\n\n\n\n<h3 class=\"wp-block-heading\">Cargos vagos<\/h3>\n\n\n\n<figure class=\"wp-block-table is-style-stripes\"><table class=\"has-blush-light-purple-gradient-background has-background\"><tbody><tr><td class=\"has-text-align-center\" data-align=\"center\"><strong>Cargo<\/strong><\/td><td class=\"has-text-align-center\" data-align=\"center\"><strong>Vagas<\/strong><\/td><\/tr><tr><td class=\"has-text-align-center\" data-align=\"center\"><strong><a href=\"https:\/\/www.estrategiaconcursos.com.br\/cursosPorConcurso\/tre-ro-200\/\" target=\"_blank\" rel=\"noreferrer noopener\">Analista Judici\u00e1rio<\/a><\/strong><\/td><td class=\"has-text-align-center\" data-align=\"center\">00<\/td><\/tr><tr><td class=\"has-text-align-center\" data-align=\"center\"><strong><a href=\"https:\/\/www.estrategiaconcursos.com.br\/cursosPorConcurso\/tre-ro-200\/\" target=\"_blank\" rel=\"noreferrer noopener\">T\u00e9cnico Judici\u00e1rio<\/a><\/strong><\/td><td class=\"has-text-align-center\" data-align=\"center\">07<\/td><\/tr><\/tbody><\/table><figcaption class=\"wp-element-caption\">Cargos vagos TRE PA &#8211; abril de 2026<\/figcaption><\/figure>\n\n\n\n<h2 class=\"wp-block-heading\" id=\"carreira\">Carreira no TRE PA<\/h2>\n\n\n\n<h4 class=\"wp-block-heading\" id=\"requisitos-tre-pa\"><strong>Requisitos dos cargos<\/strong><\/h4>\n\n\n\n<p class=\"wp-block-paragraph\">Para os cargos de&nbsp;<strong>Analista Judici\u00e1rio<\/strong> do concurso TRE PA, \u00e9 necess\u00e1rio que o interessado possua forma\u00e7\u00e3o completa de&nbsp;<strong>n\u00edvel Superior<\/strong>. Entre as especialidades est\u00e3o os cursos de&nbsp;Direito, Engenharia El\u00e9trica, Medicina e Ci\u00eancia da Computa\u00e7\u00e3o.<\/p>\n\n\n\n<p class=\"wp-block-paragraph\">Para os cargos de&nbsp;<strong>T\u00e9cnico Judici\u00e1rio<\/strong>, \u00e9 cobrado n\u00edvel superior de escolaridade em qualquer \u00e1rea de forma\u00e7\u00e3<strong>o.<\/strong><\/p>\n\n\n\n<h2 class=\"wp-block-heading\" id=\"etapas-2024\">Etapas e provas do concurso TRE PA<\/h2>\n\n\n\n<p class=\"wp-block-paragraph\">Sob organiza\u00e7\u00e3o da banca Cebraspe, os candidatos inscritos no edital do concurso TSE Unificado foram avaliados por meio da aplica\u00e7\u00e3o das seguintes etapas:<\/p>\n\n\n\n<ul class=\"wp-block-list\">\n<li><strong>Prova Objetiva<\/strong>&nbsp;\u2013 eliminat\u00f3rio e classificat\u00f3rio, para todos os cargos;<\/li>\n\n\n\n<li><strong>Prova Discursiva<\/strong>&nbsp;\u2013 eliminat\u00f3rio e classificat\u00f3rio, para os cargos de Analista Judici\u00e1rio, todas as especialidades;<\/li>\n\n\n\n<li><strong>Prova de Capacidade F\u00edsica (Agente da Pol\u00edcia Judicial)<\/strong>&nbsp;\u2013 eliminat\u00f3rio; e<\/li>\n\n\n\n<li><strong>Prova de T\u00edtulos<\/strong>&nbsp;\u2013 classificat\u00f3rio, somente para os cargos de Analista Judici\u00e1rio.<\/li>\n<\/ul>\n\n\n\n<p class=\"wp-block-paragraph\">As provas objetivas e a prova discursiva para os cargos de Analista Judici\u00e1rio tiveram a dura\u00e7\u00e3o de 4 horas e 30 minutos e foram aplicadas no dia&nbsp;<strong>8 de dezembro<\/strong>, no turno da manh\u00e3.<\/p>\n\n\n\n<p class=\"wp-block-paragraph\">J\u00e1 as provas objetivas para os cargos de T\u00e9cnico Judici\u00e1rio tiveram uma dura\u00e7\u00e3o de 3 horas e 30 minutos e foram aplicadas tamb\u00e9m no dia&nbsp;<strong>8 de dezembro,<\/strong>&nbsp;no turno da tarde.<\/p>\n\n\n\n<h3 class=\"wp-block-heading\" id=\"objetiva\">Provas Objetivas<\/h3>\n\n\n\n<p class=\"wp-block-paragraph\">A prova objetiva, de car\u00e1ter eliminat\u00f3rio e classificat\u00f3rio, foi composta de 120 itens e valeu 190,00 pontos.<\/p>\n\n\n\n<p class=\"wp-block-paragraph\">Cada prova objetiva foi constitu\u00edda de itens para julgamento, agrupados por comandos. O julgamento de cada item foi CERTO ou ERRADO, de acordo com o(s) comando(s) a que se refere o item.<\/p>\n\n\n\n<p class=\"wp-block-paragraph\">A etapa versou sobre as seguintes disciplinas:<\/p>\n\n\n\n<ul class=\"wp-block-list\">\n<li><strong>N\u00edvel Superior:<\/strong>\n<ul class=\"wp-block-list\">\n<li>L\u00edngua Portuguesa;<\/li>\n\n\n\n<li>No\u00e7\u00f5es de Direito Eleitoral (para os cargos de Analista Judici\u00e1rio \u2013 \u00c1rea Administrativa, e T\u00e9cnico Judici\u00e1rio \u2013 \u00c1rea Administrativa);<\/li>\n\n\n\n<li>No\u00e7\u00f5es de Direito Administrativo;<\/li>\n\n\n\n<li>No\u00e7\u00f5es de Direito Constitucional;<\/li>\n\n\n\n<li>Conhecimentos Espec\u00edficos.<\/li>\n<\/ul>\n<\/li>\n<\/ul>\n\n\n\n<h3 class=\"wp-block-heading\" id=\"discursiva\">Prova Discursiva<\/h3>\n\n\n\n<p class=\"wp-block-paragraph\">A prova discursiva valeu 50,00 pontos e consistiu na reda\u00e7\u00e3o de texto dissertativo, de at\u00e9 30 linhas, a respeito de temas relacionados a conhecimentos espec\u00edficos do cargo\/\u00e1rea\/especialidade.<\/p>\n\n\n\n<p class=\"wp-block-paragraph\">A prova discursiva avaliou o conte\u00fado (conhecimento do tema), a capacidade de express\u00e3o na modalidade escrita e o uso das normas do registro formal culto da L\u00edngua Portuguesa. O candidato produziu, conforme o comando formulado pela banca examinadora, texto dissertativo, primando pela coer\u00eancia e pela coes\u00e3o.<\/p>\n\n\n\n<h3 class=\"wp-block-heading\" id=\"h-prova-de-capacidade-fisica\">Prova de Capacidade F\u00edsica<\/h3>\n\n\n\n<p class=\"wp-block-paragraph\">A prova de Capacidade F\u00edsica do edital TSE Unificado teve car\u00e1ter eliminat\u00f3rio, e foi aplicada somente aos candidatos par o cargo de T\u00e9cnico Judici\u00e1rio \u2013 \u00c1rea Administrativo \u2013 Especialidade: Agente da Pol\u00edcia Judicial .<\/p>\n\n\n\n<p class=\"wp-block-paragraph\">Segundo o edital, os candidatos foram avaliados por meio dos seguintes testes:<\/p>\n\n\n\n<ul class=\"wp-block-list\">\n<li>flex\u00e3o de bra\u00e7o na barra fixa (para os candidatos do sexo masculino) ou de barra est\u00e1tica (candidatas do sexo feminino);<\/li>\n\n\n\n<li>flex\u00e3o abdominal;<\/li>\n\n\n\n<li>corrida de 12 minutos.<\/li>\n<\/ul>\n\n\n\n<h3 class=\"wp-block-heading\" id=\"titulos\">Avalia\u00e7\u00e3o de T\u00edtulos<\/h3>\n\n\n\n<p class=\"wp-block-paragraph\">De car\u00e1ter apenas classificat\u00f3rio, a Avalia\u00e7\u00e3o de T\u00edtulos foi aplicada aos cargos de Analista Judici\u00e1rio. A etapa valeu at\u00e9 10,00 pontos, ainda que a soma dos valores dos t\u00edtulos enviados seja superior a esse valor.<\/p>\n\n\n\n<p class=\"wp-block-paragraph\">Somente ser\u00e3o aceitos os t\u00edtulos abaixo relacionados, expedidos at\u00e9 a data de envio, observados os limites de pontos do quadro a seguir:<\/p>\n\n\n\n<figure class=\"wp-block-image\"><img loading=\"lazy\" decoding=\"async\" width=\"1024\" height=\"538\" src=\"https:\/\/www.estrategiaconcursos.com.br\/blog\/wp-content\/uploads\/2024\/05\/image-590-1024x538.png\" alt=\"Tabela de atribui\u00e7\u00e3o de pontos na avalia\u00e7\u00e3o de t\u00edtulos\" class=\"wp-image-1406340\" srcset=\"https:\/\/dhg1h5j42swfq.cloudfront.net\/2024\/05\/29063208\/image-590-1024x538.png 1024w, https:\/\/dhg1h5j42swfq.cloudfront.net\/2024\/05\/29063208\/image-590-300x158.png 300w, https:\/\/dhg1h5j42swfq.cloudfront.net\/2024\/05\/29063208\/image-590-768x404.png 768w, https:\/\/dhg1h5j42swfq.cloudfront.net\/2024\/05\/29063208\/image-590-610x321.png 610w, https:\/\/dhg1h5j42swfq.cloudfront.net\/2024\/05\/29063208\/image-590-150x79.png 150w, https:\/\/dhg1h5j42swfq.cloudfront.net\/2024\/05\/29063208\/image-590.png 1429w\" sizes=\"auto, (max-width: 1024px) 100vw, 1024px\" \/><figcaption class=\"wp-element-caption\">Tabela de pontua\u00e7\u00e3o de T\u00edtulos.<\/figcaption><\/figure>\n\n\n\n<hr class=\"wp-block-separator has-alpha-channel-opacity\"\/>\n\n\n\n<h2 class=\"wp-block-heading\" id=\"\u00faltimo-concurso-tre-pa\">\u00daltimo concurso TRE PA<\/h2>\n\n\n\n<p class=\"wp-block-paragraph\">O \u00faltimo concurso TRE PA foi realizado em <strong>2019<\/strong>, com aplica\u00e7\u00e3o das provas objetiva em dois turnos no dia 16 de fevereiro de 2020, sendo manh\u00e3 para Analista e tarde para T\u00e9cnico Judici\u00e1rio. O exame foi composto por 80 quest\u00f5es.<\/p>\n\n\n\n<h3 class=\"wp-block-heading\" id=\"h-cargos-e-vagas\">Cargos e vagas<\/h3>\n\n\n\n<ul class=\"wp-block-list\">\n<li>Analista Judici\u00e1rio da \u00c1rea Judici\u00e1ria<em>: 1 vaga + CR<\/em><\/li>\n\n\n\n<li>T\u00e9cnico Judici\u00e1rio da \u00c1rea Administrativa &#8211; N\u00edvel M\u00e9dio<em>: 2 vagas + CR<\/em><\/li>\n\n\n\n<li>T\u00e9cnico Judici\u00e1rio Apoio Especializado (Opera\u00e7\u00e3o de computadores) &#8211; N\u00edvel M\u00e9dio:<em> CR<\/em><\/li>\n\n\n\n<li>Analista Judici\u00e1rio da \u00c1rea Administrativa:<em> CR<\/em><\/li>\n\n\n\n<li>Analista Judici\u00e1rio Apoio Especializado (Medicina\/Psiquiatria)<em>: CR<\/em><\/li>\n\n\n\n<li>Analista Judici\u00e1rio Apoio Especializado (An\u00e1lise de Sistemas):<em> CR<\/em><\/li>\n<\/ul>\n\n\n\n<h3 class=\"wp-block-heading\" id=\"projeto-basico-tre-pa\">Detalhes gerais do edital <\/h3>\n\n\n\n<p class=\"wp-block-paragraph\">De acordo com o <strong>edital de 2019<\/strong>, as provas objetivas teriam <strong>80 quest\u00f5es<\/strong>, distribu\u00eddas igualmente entre Conhecimentos Gerais e Conhecimentos Espec\u00edficos.<\/p>\n\n\n\n<p class=\"wp-block-paragraph\">Os cargos de N\u00edvel Superior fizeram tamb\u00e9m uma <strong>prova discursiva<\/strong>, que foi constitu\u00edda de uma reda\u00e7\u00e3o sobre tema do programa de conhecimentos espec\u00edficos.<\/p>\n\n\n\n<p class=\"wp-block-paragraph\">Para os cargos de T\u00e9cnico Judici\u00e1rio as provas do concurso TRE PA tiveram dura\u00e7\u00e3o de <strong>3 horas<\/strong>. J\u00e1 para os cargos de Analista Judici\u00e1rio a dura\u00e7\u00e3o prevista foi de <strong>4 horas<\/strong>, uma vez que a aplica\u00e7\u00e3o da prova discursiva foi no mesmo turno e hor\u00e1rio.<\/p>\n\n\n\n<h3 class=\"wp-block-heading\" id=\"atribui\u00e7\u00f5es-tre-pa\">Atribui\u00e7\u00f5es dos cargos <\/h3>\n\n\n\n<p class=\"wp-block-paragraph\"><strong>TRE PA &#8211;<\/strong> <b>Analista Judici\u00e1rio \u2013 \u00c1rea Judici\u00e1ria<\/b><br \/>Executar atividades privativas de bacharel em Direito relacionadas com processamento de feitos e apoio a julgamentos.<\/p>\n\n\n\n<p class=\"wp-block-paragraph\"><strong>TRE PA &#8211;<\/strong> <strong>Analista Judici\u00e1rio \u2013 \u00c1rea Administrativa<\/strong><br \/>Realizar as atividades de n\u00edvel superior relacionadas com as fun\u00e7\u00f5es de administra\u00e7\u00e3o de recursos humanos, materiais e patrimoniais, or\u00e7ament\u00e1rios e financeiros, controle interno, bem como as de desenvolvimento organizacional e de suporte t\u00e9cnico e administrativo \u00e0s unidades organizacionais.<\/p>\n\n\n\n<p class=\"wp-block-paragraph\"><strong>Analista Judici\u00e1rio \u2013 \u00c1rea An\u00e1lise de Sistemas<\/strong><br \/>Realizar atividades de n\u00edvel superior relacionadas com o desenvolvimento, a implanta\u00e7\u00e3o e a manuten\u00e7\u00e3o de sistemas informatizados.<\/p>\n\n\n\n<p class=\"wp-block-paragraph\"><strong>Analista Judici\u00e1rio \u2013 \u00c1rea Medicina<\/strong><br \/>Executar atividades de n\u00edvel superior relacionadas com a assist\u00eancia m\u00e9dica preventiva e curativa, conforme a especialidade m\u00e9dica.<\/p>\n\n\n\n<p class=\"wp-block-paragraph\"><strong>T\u00e9cnico Judici\u00e1rio \u2013 \u00c1rea Administrativa<\/strong><br \/>Executar atividades de n\u00edvel intermedi\u00e1rio relacionadas com as fun\u00e7\u00f5es de administra\u00e7\u00e3o de recursos humanos, materiais e patrimoniais, or\u00e7ament\u00e1rios e financeiros, controle interno, bem como as de desenvolvimento organizacional e suporte t\u00e9cnico e administrativo \u00e0s unidades organizacionais.<\/p>\n\n\n\n<p class=\"wp-block-paragraph\"><strong>T\u00e9cnico Judici\u00e1rio \u2013 \u00c1rea Opera\u00e7\u00e3o de Computadores<\/strong><br \/>Executar atividades de n\u00edvel intermedi\u00e1rio relacionadas com opera\u00e7\u00e3o e manuten\u00e7\u00e3o de equipamentos de inform\u00e1tica.<\/p>\n\n\n\n<h2 class=\"wp-block-heading\" id=\"provas-tre-pa\">Provas&nbsp;do \u00faltimo concurso TRE PA<\/h2>\n\n\n\n<p class=\"wp-block-paragraph\">O concurso TRE PA contou com provas objetivas (de m\u00faltipla escolha), discursivas e pr\u00e1tica (somente para Analista Judici\u00e1rio da \u00e1rea de Taquigrafia).<\/p>\n\n\n\n<h3 class=\"wp-block-heading\" id=\"prova-objetiva\">Prova objetiva <\/h3>\n\n\n\n<p class=\"wp-block-paragraph\">As provas objetivas de conhecimentos gerais do concurso TRE PA foram compostas por 40 quest\u00f5es, com peso 1 e a de conhecimentos espec\u00edficos tiveram 40 quest\u00f5es, com peso 3.<\/p>\n\n\n\n<figure class=\"wp-block-table aligncenter is-style-stripes\"><table class=\"has-background has-fixed-layout\" style=\"background-color:#e7f5fe\"><tbody><tr><td><strong>Tipo de prova&nbsp;&nbsp;<\/strong><\/td><td><strong>Quest\u00f5es&nbsp;<\/strong>&nbsp;<\/td><td><strong>Pontua\u00e7\u00e3o&nbsp;<br \/>por quest\u00e3o&nbsp;<\/strong>&nbsp;<\/td><td><strong>Pontua\u00e7\u00e3o&nbsp;<br \/>m\u00e1xima na&nbsp;<br \/>prova&nbsp;&nbsp;<\/strong><\/td><td><strong>Peso&nbsp;&nbsp;<\/strong><\/td><td><strong>Nota m\u00e1xima&nbsp;<br \/>da prova&nbsp;&nbsp;<\/strong><\/td><td><strong>Quantidade m\u00ednima de&nbsp;<br \/>acertos para aprova\u00e7\u00e3o&nbsp;&nbsp;<\/strong><\/td><\/tr><tr><td>Conhecimentos Gerais&nbsp;&nbsp;<\/td><td>40<\/td><td>0,25&nbsp;<br \/><\/td><td>10<\/td><td>1<\/td><td>10<\/td><td>24 quest\u00f5es&nbsp;&nbsp;<\/td><\/tr><tr><td>Conhecimentos Espec\u00edficos&nbsp;&nbsp;<\/td><td>40<\/td><td>0,25<\/td><td>10<\/td><td>3<\/td><td>30<\/td><td>24 quest\u00f5es&nbsp;&nbsp;<\/td><\/tr><\/tbody><\/table><figcaption class=\"wp-element-caption\">Concurso TRE PA: quadro da prova objetiva.<\/figcaption><\/figure>\n\n\n\n<p class=\"wp-block-paragraph\"><strong>TRE PA &#8211;<\/strong> <strong>Notas m\u00ednimas:<\/strong><\/p>\n\n\n\n<ul class=\"wp-block-list\">\n<li><strong>Conhecimentos gerais<\/strong>: 60%.<\/li>\n\n\n\n<li><strong>Conhecimentos espec\u00edficos<\/strong>: 60%.<\/li>\n<\/ul>\n\n\n\n<h3 class=\"wp-block-heading\" id=\"discursiva\">Prova discursiva (apenas para Analista Judici\u00e1rio)<\/h3>\n\n\n\n<p class=\"wp-block-paragraph\"><strong>TRE PA &#8211;<\/strong> <strong>Estrutura<\/strong>: texto dissertativo de&nbsp;<strong>20<\/strong>&nbsp;a&nbsp;<strong>40 linhas<\/strong>, em torno de proposta elaborada pela banca examinadora.<\/p>\n\n\n\n<p class=\"wp-block-paragraph\"><strong>TRE PA &#8211;<\/strong> <strong>Notas:<\/strong><\/p>\n\n\n\n<ul class=\"wp-block-list\">\n<li><strong>M\u00e1xima<\/strong>: 10 pontos.<\/li>\n\n\n\n<li><strong>M\u00ednima<\/strong>: 6 pontos.<\/li>\n<\/ul>\n\n\n\n<p class=\"wp-block-paragraph\"><strong>TRE PA &#8211; Aplica\u00e7\u00e3o<\/strong>: em conjunto com a prova objetiva.<\/p>\n\n\n\n<p class=\"wp-block-paragraph\"><strong>TRE PA &#8211;<\/strong> <strong>Provas corrigidas<\/strong>:<\/p>\n\n\n\n<ul class=\"wp-block-list\">\n<li>Candidatos \u00e0s vagas PcD: todos os que alcan\u00e7aram a nota m\u00ednima na prova objetiva.<\/li>\n\n\n\n<li>Para os cargos de Analista Judici\u00e1rio \u2013 \u00c1rea Judici\u00e1ria (sem especialidade):&nbsp;<strong>at\u00e9 a 200.\u00aa coloca\u00e7\u00e3o<\/strong>;<\/li>\n\n\n\n<li>Para os demais cargos de Analista Judici\u00e1rio:&nbsp;<strong>at\u00e9 a 50.\u00aa coloca\u00e7\u00e3o<\/strong> <\/li>\n<\/ul>\n\n\n\n<h3 class=\"wp-block-heading\" id=\"criterios-de-aprovacao\">Crit\u00e9rios de aprova\u00e7\u00e3o<\/h3>\n\n\n\n<p class=\"wp-block-paragraph\">Foram eliminados do concurso TRE PA os candidatos que:<\/p>\n\n\n\n<ul class=\"wp-block-list\">\n<li>n\u00e3o tenham acertado, no m\u00ednimo, 60% (sessenta por cento) das quest\u00f5es da prova de conhecimentos gerais;<\/li>\n\n\n\n<li>n\u00e3o tenham acertado, no m\u00ednimo, 60% (sessenta por cento) das quest\u00f5es da prova de conhecimentos espec\u00edficos.<\/li>\n<\/ul>\n\n\n\n<h4 class=\"wp-block-heading\" id=\"calculo-da-nota-prova-objetiva\">C\u00e1lculo da nota (prova objetiva)<\/h4>\n\n\n\n<p class=\"wp-block-paragraph\">A nota das provas objetivas no concurso TRE PA correspondeu \u00e0 m\u00e9dia aritm\u00e9tica ponderada das notas obtidas em cada prova, na escala de 0  a 10, atribuindo-se:<\/p>\n\n\n\n<ul class=\"wp-block-list\">\n<li>peso 1  \u00e0 nota da prova de conhecimentos&nbsp; b\u00e1sicos;<\/li>\n\n\n\n<li>peso 3  \u00e0 nota da prova de conhecimentos espec\u00edficos.<\/li>\n<\/ul>\n\n\n\n<h3 class=\"wp-block-heading\" id=\"prova-discursiva-apenas-para-analista-judiciario\">Prova discursiva (apenas para Analista Judici\u00e1rio)<\/h3>\n\n\n\n<p class=\"wp-block-paragraph\"><strong>TRE PA<\/strong> <strong>Estrutura<\/strong>: texto dissertativo de <strong>20<\/strong> a <strong>40 linhas<\/strong>, em torno de proposta elaborada pela banca examinadora.<\/p>\n\n\n\n<p class=\"wp-block-paragraph\"><strong>Provas corrigidas<\/strong>:<\/p>\n\n\n\n<ul class=\"wp-block-list\">\n<li>Analista Judici\u00e1ria &#8211; \u00c1rea Judici\u00e1ria (Sem especialidade): classificados na prova objetiva at\u00e9 a <strong>200\u00aa posi\u00e7\u00e3o<\/strong> (ampla concorr\u00eancia).<\/li>\n\n\n\n<li>Analista Judici\u00e1rio &#8211; demais \u00e1reas: classificados na prova objetiva at\u00e9 a <strong>50\u00aa posi\u00e7\u00e3o<\/strong> (ampla concorr\u00eancia).<\/li>\n<\/ul>\n\n\n\n<p class=\"wp-block-paragraph\"><strong>Notas:<\/strong><\/p>\n\n\n\n<ul class=\"wp-block-list\">\n<li><strong>M\u00e1xima<\/strong>: 10 pontos.<\/li>\n\n\n\n<li><strong>M\u00ednima<\/strong>: 6 pontos.<\/li>\n<\/ul>\n\n\n\n<p class=\"wp-block-paragraph\"><strong>Aplica\u00e7\u00e3o<\/strong>: em conjunto com a prova objetiva.<\/p>\n\n\n\n<h3 class=\"wp-block-heading\" id=\"corte\">Nomea\u00e7\u00f5es e nota de corte concurso TRE PA (2013)<\/h3>\n\n\n\n<figure class=\"wp-block-table aligncenter is-style-stripes\"><table class=\"has-background has-fixed-layout\" style=\"background-color:#e7f5fe\"><tbody><tr><td>   <strong>Cargo<\/strong><\/td><td>   <strong>Vagas <\/strong><\/td><td><strong>Classifica\u00e7\u00e3o do \u00faltimo convocado<\/strong><\/td><td><strong>Nota final no concurso<\/strong><\/td><\/tr><tr><td>Analista Judici\u00e1rio<br \/>Judici\u00e1ria<\/td><td>\n  1+CR\n  <\/td><td>75\u00ba<\/td><td>44.12<\/td><\/tr><tr><td>Analista Judici\u00e1rio<br \/>Administrativa <\/td><td>\n  CR\n  <\/td><td>7\u00ba<\/td><td>46.70<\/td><\/tr><tr><td>Analista Judici\u00e1rio<br \/>Engenharia El\u00e9trica   <\/td><td>\n  1+CR\n  <\/td><td>1\u00ba<\/td><td>40.19<\/td><\/tr><tr><td>Analista Judici\u00e1rio<br \/>Taquigrafia<\/td><td>\n  1+CR\n  <\/td><td>1\u00ba<\/td><td>45.73<\/td><\/tr><tr><td>Analista Judici\u00e1rio<br \/>An\u00e1lise de Sistemas<\/td><td>\n  CR\n  <\/td><td>6\u00ba<\/td><td>41.60<\/td><\/tr><tr><td> Analista Judici\u00e1rio<br \/>Medicina   <\/td><td>\n  CR\n  <\/td><td>1\u00ba<\/td><td>40.89<\/td><\/tr><tr><td>T\u00e9cnico Judici\u00e1rio<br \/>Administrativa    <\/td><td>\n  4+CR\n  <\/td><td>99\u00ba<\/td><td>29.25<\/td><\/tr><tr><td>Analista Judici\u00e1rio<br \/>Opera\u00e7\u00e3o de Computadores<\/td><td>\n  CR\n  <\/td><td>3\u00ba<\/td><td>28.50<\/td><\/tr><tr><td>Analista Judici\u00e1rio <br \/>Programa\u00e7\u00e3o de   Sistemas   <\/td><td>\n  1+CR\n  <\/td><td>5\u00ba<\/td><td>24.75<\/td><\/tr><\/tbody><\/table><\/figure>\n\n\n\n<h2 class=\"wp-block-heading\" id=\"edital\">Edital Estrat\u00e9gico do concurso TRE PA<\/h2>\n\n\n\n<p class=\"wp-block-paragraph\">Para ajudar a refor\u00e7ar sua prepara\u00e7\u00e3o, a equipe de professores do Estrat\u00e9gia Concursos desenvolveu o&nbsp;<strong>Edital Estrat\u00e9gico<\/strong> do concurso TRE PA. Nada mais \u00e9 do que planilhas personalizadas, focadas no edital do concurso, com recursos para ajud\u00e1-los no registro das diferentes tarefas de estudo: teoria, revis\u00e3o e exerc\u00edcios.<\/p>\n\n\n\n<p class=\"wp-block-paragraph\">O registro de cada tarefa ser\u00e1 feito para cada assunto exigido no conte\u00fado program\u00e1tico do edital. No caso dos Editais Estrat\u00e9gicos de concursos que n\u00e3o est\u00e3o com \u201c<em>edital na pra\u00e7a<\/em>\u201d (ou seja, com inscri\u00e7\u00f5es abertas). A divis\u00e3o dos assuntos ser\u00e1 feita com base no edital.<\/p>\n\n\n\n<p class=\"wp-block-paragraph\">A partir das informa\u00e7\u00f5es preenchidas pelo aluno, uma \u201caba\u201d do Edital Estrat\u00e9gico ir\u00e1 demonstrar a progress\u00e3o em cada tarefa e assunto. A edi\u00e7\u00e3o poder\u00e1 ser realizada apenas na 3\u00aa aba, relativa ao preenchimento do progresso nas disciplinas. Caso voc\u00ea queira fazer outras modifica\u00e7\u00f5es no arquivo, \u00e9 s\u00f3 usar a&nbsp;senha \u201cadmin\u201d&nbsp;na op\u00e7\u00e3o&nbsp;<em><strong>desproteger<\/strong><\/em>&nbsp;planilha do Excel.<\/p>\n\n\n\n<p class=\"wp-block-paragraph\">Dando um espa\u00e7o para o Edital Estrat\u00e9gico entrar em sua rotina de estudos, ser\u00e1 poss\u00edvel acompanhar seu desempenho atrav\u00e9s de gr\u00e1ficos, garantindo uma vis\u00e3o completa das mat\u00e9rias que necessitam de mais revis\u00f5es.<\/p>\n\n\n\n<p class=\"wp-block-paragraph\"><strong>IMPORTANTE<\/strong>: Ao clicar no link abaixo, ser\u00e1 aberta uma janela do Google Drive que tentar\u00e1 carregar a visualiza\u00e7\u00e3o da planilha no seu navegador. N\u00e3o h\u00e1 necessidade de esperar essa visualiza\u00e7\u00e3o (talvez at\u00e9 nem carregue, j\u00e1 que os arquivos s\u00e3o pesados).<\/p>\n\n\n\n<ul class=\"wp-block-list has-very-light-gray-background-color has-background has-medium-font-size\">\n<li><a href=\"https:\/\/dhg1h5j42swfq.cloudfront.net\/2022\/05\/12092635\/edital-estrategico_tre-pa_analista-juridico-area-judiciaria.xlsx\" target=\"_blank\" rel=\"noreferrer noopener\">Analista Judici\u00e1rio &#8211; \u00c1rea Judici\u00e1ria<\/a><\/li>\n\n\n\n<li><a href=\"https:\/\/dhg1h5j42swfq.cloudfront.net\/2022\/05\/12092812\/edital-estrategico_tre-pa_tecnico-judiciario-operacao-de-computadores.xlsx\" target=\"_blank\" rel=\"noreferrer noopener\">T\u00e9cnico Judici\u00e1rio &#8211; Opera\u00e7\u00e3o de computadores<\/a><\/li>\n\n\n\n<li><a href=\"https:\/\/dhg1h5j42swfq.cloudfront.net\/2022\/05\/12092715\/edital-estrategico_tre-pa_tecnico-judiciario-administrativo.xlsx\" target=\"_blank\" rel=\"noreferrer noopener\">T\u00e9cnico Judici\u00e1rio &#8211; \u00c1rea Administrativa<\/a><\/li>\n\n\n\n<li><a href=\"https:\/\/dhg1h5j42swfq.cloudfront.net\/2022\/05\/12092903\/edital-estrategico_tre-pa_analista-juridico-area-administrativa.xlsx\" target=\"_blank\" rel=\"noreferrer noopener\">Analista Judici\u00e1rio &#8211; \u00c1rea Administrativa<\/a><\/li>\n<\/ul>\n\n\n\n<h2 class=\"wp-block-heading\" id=\"provas-anteriores-do-concurso-tre-pa\">Provas anteriores do concurso TRE PA <\/h2>\n\n\n\n<ul class=\"wp-block-list\">\n<li><a aria-label=\"Prova FGV - 2011 - TRE-PA - Analista Judici\u00e1rio (abre numa nova aba)\" href=\"https:\/\/dhg1h5j42swfq.cloudfront.net\/2020\/03\/16125616\/fgv-2011-tre-pa-analista-judiciario-prova.pdf\" target=\"_blank\" rel=\"noreferrer noopener\">Prova FGV &#8211; 2011 &#8211; TRE-PA &#8211; Analista Judici\u00e1rio<\/a> \/ <a aria-label=\"Gabarito (abre numa nova aba)\" href=\"https:\/\/dhg1h5j42swfq.cloudfront.net\/2020\/03\/16125721\/fgv-2011-tre-pa-analista-judiciario-gabarito.pdf\" target=\"_blank\" rel=\"noreferrer noopener\">Gabarito<\/a><\/li>\n\n\n\n<li><a aria-label=\"Prova FGV - 2011 - TRE-PA - T\u00e9cnico Judici\u00e1rio - \u00c1rea Administrativa (abre numa nova aba)\" href=\"https:\/\/dhg1h5j42swfq.cloudfront.net\/2020\/03\/16125935\/fgv-2011-tre-pa-tecnico-judiciario-area-administrativa-prova.pdf\" target=\"_blank\" rel=\"noreferrer noopener\">Prova FGV &#8211; 2011 &#8211; TRE-PA &#8211; T\u00e9cnico Judici\u00e1rio &#8211; \u00c1rea Administrativa<\/a> \/ <a aria-label=\"Gabarito  (abre numa nova aba)\" href=\"https:\/\/dhg1h5j42swfq.cloudfront.net\/2020\/03\/16130039\/fgv-2011-tre-pa-tecnico-judiciario-area-administrativa-gabarito.pdf\" target=\"_blank\" rel=\"noreferrer noopener\">Gabarito <\/a><\/li>\n\n\n\n<li><a aria-label=\"Prova CESPE - 2007 - TRE-PA - Analista Judici\u00e1rio - Psicologia (abre numa nova aba)\" href=\"https:\/\/dhg1h5j42swfq.cloudfront.net\/2020\/03\/16130345\/cespe-2007-tre-pa-analista-judiciario-psicologia-prova.pdf\" target=\"_blank\" rel=\"noreferrer noopener\">Prova CESPE &#8211; 2007 &#8211; TRE-PA &#8211; Analista Judici\u00e1rio &#8211; Psicologia<\/a> \/ <a aria-label=\"Gabarito (abre numa nova aba)\" href=\"https:\/\/dhg1h5j42swfq.cloudfront.net\/2020\/03\/16130445\/cespe-2007-tre-pa-analista-judiciario-psicologia-gabarito.pdf\" target=\"_blank\" rel=\"noreferrer noopener\">Gabarito<\/a><\/li>\n\n\n\n<li><a aria-label=\"Prova CESPE - 2007 - TRE-PA - Analista Judici\u00e1rio - Contabilidade (abre numa nova aba)\" href=\"https:\/\/dhg1h5j42swfq.cloudfront.net\/2020\/03\/16130822\/cespe-2007-tre-pa-analista-judiciario-contabilidade-prova.pdf\" target=\"_blank\" rel=\"noreferrer noopener\">Prova CESPE &#8211; 2007 &#8211; TRE-PA &#8211; Analista Judici\u00e1rio &#8211; Contabilidade<\/a> \/ <a aria-label=\"Gabarito (abre numa nova aba)\" href=\"https:\/\/dhg1h5j42swfq.cloudfront.net\/2020\/03\/16130944\/cespe-2007-tre-pa-analista-judiciario-contabilidade-gabarito.pdf\" target=\"_blank\" rel=\"noreferrer noopener\">Gabarito<\/a><\/li>\n\n\n\n<li><a aria-label=\"\u2028Prova CESPE - 2007 - TRE-PA - Analista Judici\u00e1rio - Engenharia Civil (abre numa nova aba)\" href=\"https:\/\/dhg1h5j42swfq.cloudfront.net\/2020\/03\/16132219\/TRE_AP_003_3.pdf\" target=\"_blank\" rel=\"noreferrer noopener\">Prova CESPE &#8211; 2007 &#8211; TRE-PA &#8211; Analista Judici\u00e1rio &#8211; Engenharia Civil<\/a>\/ <a aria-label=\"Gabarito (abre numa nova aba)\" href=\"https:\/\/dhg1h5j42swfq.cloudfront.net\/2020\/03\/16132255\/TRE_AP_Gab-Preliminar_003_3.pdf\" target=\"_blank\" rel=\"noreferrer noopener\">Gabarito<\/a><\/li>\n\n\n\n<li><a aria-label=\"Prova CESPE - 2007 - TRE-PA - Analista Judici\u00e1rio - An\u00e1lise de Sistemas  (abre numa nova aba)\" href=\"https:\/\/dhg1h5j42swfq.cloudfront.net\/2020\/03\/16132348\/TRE_AP_002_2.pdf\" target=\"_blank\" rel=\"noreferrer noopener\">Prova CESPE &#8211; 2007 &#8211; TRE-PA &#8211; Analista Judici\u00e1rio &#8211; An\u00e1lise de Sistemas <\/a>\/ <a aria-label=\"Gabarito (abre numa nova aba)\" href=\"https:\/\/dhg1h5j42swfq.cloudfront.net\/2020\/03\/16132431\/TRE_AP_Gab-Preliminar_002_2.pdf\" target=\"_blank\" rel=\"noreferrer noopener\">Gabarito<\/a><\/li>\n<\/ul>\n\n\n\n<hr class=\"wp-block-separator has-alpha-channel-opacity\"\/>\n\n\n\n<h2 class=\"wp-block-heading has-text-align-center\" id=\"h-quer-saber-tudo-sobre-concursos-previstos-confira-nossos-artigos\">Quer saber tudo sobre concursos previstos?<br \/>Confira nossos artigos!<\/h2>\n\n\n\n<ul class=\"wp-block-list\">\n<li><a href=\"https:\/\/www.estrategiaconcursos.com.br\/blog\/concursos-abertos\/\" target=\"_blank\" rel=\"noreferrer noopener\">Concursos abertos<\/a><\/li>\n\n\n\n<li><a href=\"https:\/\/www.estrategiaconcursos.com.br\/blog\/concursos-tribunais\/\">Concursos tribunais<\/a><\/li>\n\n\n\n<li><a href=\"https:\/\/www.estrategiaconcursos.com.br\/blog\/concursos-tre\/\">Concursos TRE<\/a><\/li>\n\n\n\n<li><a href=\"https:\/\/www.estrategiaconcursos.com.br\/blog\/concursos-2026\/\">Concursos 2026<\/a><br \/><\/li>\n<\/ul>\n\n\n\n<h2 class=\"wp-block-heading has-text-align-center\" id=\"cursos-assinatura\"><em>Quer estudar para Concurso TRE PA?<\/em><\/h2>\n\n\n\n<div class=\"container\" id=\"boxes\">\n  <div class=\"row\">\n\n    <div class=\"col-sm\">\n      <div class=\"banner-tribunal\" id=\"box-assinatura\">\n        <h3 class=\"titulo-assinatura\">Curso TRE PA<\/h3>\n        <p class=\"subtitulo-assinatura\">Conhe\u00e7a os cursos<\/p>\n        <div class=\"box-botao\">\n          <a class=\"btn-assinatura\" target=\"_blank\" href=\"https:\/\/www.estrategiaconcursos.com.br\/cursosPorConcurso\/tribunal-regional-eleitoral-do-para-tre-pa\/\" role=\"button\" rel=\"noopener noreferrer\">Conhe\u00e7a mais<\/a>\n        <\/div>\n      <\/div>\n      <p class=\"texto-auxiliar\">Prepare-se com o melhor material e com quem mais aprova em Concursos P\u00fablicos em todo o pa\u00eds.<\/p>\n    <\/div>\n\n  <\/div>\n<\/div>\n\n\n\n<div class=\"container\" id=\"boxes\">\n  <div class=\"row\">\n\n    <div class=\"col-sm\">\n      <div class=\"estrategia\" id=\"box-assinatura\">\n        <h3 class=\"titulo-assinatura\">Assinatura Concursos<\/h3>\n        <p class=\"subtitulo-assinatura\">Assinatura de 1 ano ou 2 anos<\/p>\n        <div class=\"box-botao\">\n          <a class=\"btn-assinatura\" target=\"_blank\" href=\"https:\/\/www.estrategiaconcursos.com.br\/blog\/assinaturas\/\" role=\"button\" rel=\"noopener noreferrer\">ASSINE AGORA<\/a>\n        <\/div>\n      <\/div>\n     \n    <\/div><\/div><\/div>\n\n\n\n<figure class=\"wp-block-image size-large is-resized\"><img loading=\"lazy\" decoding=\"async\" width=\"1024\" height=\"632\" src=\"https:\/\/www.estrategiaconcursos.com.br\/blog\/wp-content\/uploads\/2021\/04\/ficha-tecnica-55-1024x632.png\" alt=\"ficha t\u00e9cnica - concurso TSE unificado\" class=\"wp-image-708321\" style=\"aspect-ratio:1.6285714285714286;width:227px;height:auto\" srcset=\"https:\/\/dhg1h5j42swfq.cloudfront.net\/2021\/04\/06112613\/ficha-tecnica-55-1024x632.png 1024w, https:\/\/dhg1h5j42swfq.cloudfront.net\/2021\/04\/06112613\/ficha-tecnica-55-300x185.png 300w, https:\/\/dhg1h5j42swfq.cloudfront.net\/2021\/04\/06112613\/ficha-tecnica-55-768x474.png 768w, https:\/\/dhg1h5j42swfq.cloudfront.net\/2021\/04\/06112613\/ficha-tecnica-55-1536x948.png 1536w, https:\/\/dhg1h5j42swfq.cloudfront.net\/2021\/04\/06112613\/ficha-tecnica-55-610x377.png 610w, https:\/\/dhg1h5j42swfq.cloudfront.net\/2021\/04\/06112613\/ficha-tecnica-55.png 1571w\" sizes=\"auto, (max-width: 1024px) 100vw, 1024px\" \/><\/figure>\n\n\n\n<h3 class=\"wp-block-heading\" id=\"ficha-tecnica\">Informa\u00e7\u00f5es sobre o concurso TRE PA<\/h3>\n\n\n\n<ul class=\"wp-block-list\">\n<li><strong>Data da prova<\/strong>: <s>22\/09\/2024<\/s><\/li>\n\n\n\n<li><strong>Vagas<\/strong>: 4 + CR<\/li>\n\n\n\n<li><strong>Cargos<\/strong>: Analista e T\u00e9cnico Judici\u00e1rio<\/li>\n\n\n\n<li><strong>Banca<\/strong>: Cebraspe<\/li>\n\n\n\n<li><strong>Escolaridade<\/strong>: superior<\/li>\n\n\n\n<li><strong>Edital:<\/strong> <a href=\"https:\/\/dhg1h5j42swfq.cloudfront.net\/2024\/05\/29105838\/edital_1_2024_cpnuje_abertura.pdf\">TSE Unificado 2024<\/a><\/li>\n\n\n\n<li><strong>\u00daltimo Edital<\/strong>: <a href=\"https:\/\/dhg1h5j42swfq.cloudfront.net\/2021\/06\/28103834\/edital-tse-unificado.pdf\" target=\"_blank\" rel=\"noreferrer noopener nofollow\">2006\/2007<\/a> \/ <a href=\"https:\/\/dhg1h5j42swfq.cloudfront.net\/2023\/02\/17145553\/regulamento-do-concurso-tse-unificado-conteudo-programatico.pdf\" target=\"_blank\" rel=\"noreferrer noopener\">Conte\u00fado program\u00e1tico<\/a><\/li>\n<\/ul>\n","protected":false},"excerpt":{"rendered":"<p>O Tribunal Regional Eleitoral do Par\u00e1\u00a0(TRE PA), contemplado no concurso TSE Unificado, deve ter novas nomea\u00e7\u00f5es muito em breve! O \u00f3rg\u00e3o deve ter novas nomea\u00e7\u00f5es muito em breve. Isso porque foi autorizado o provimento de 872 cargos na Justi\u00e7a Eleitoral, sendo\u00a027 vagas\u00a0no Tribunal Regional do Par\u00e1. Confira mais informa\u00e7\u00f5es no decorrer do artigo! Curso TRE [&hellip;]<\/p>\n","protected":false},"author":656,"featured_media":1347088,"comment_status":"open","ping_status":"closed","sticky":false,"template":"","format":"standard","meta":{"_acf_changed":false,"post_tipo":"news_page","footnotes":""},"categories":[1984],"tags":[],"tax_estado":[219977],"class_list":["post-378622","post","type-post","status-publish","format-standard","has-post-thumbnail","hentry","category-tribunais","tax_estado-pa"],"acf":[],"yoast_head":"<!-- This site is optimized with the Yoast SEO Premium plugin v28.1 (Yoast SEO v28.1) - https:\/\/yoast.com\/product\/yoast-seo-premium-wordpress\/ -->\n<title>Concurso TRE PA: 27 provimentos autorizados!<\/title>\n<meta name=\"description\" content=\"Concurso TRE PA: j\u00e1 est\u00e3o dispon\u00edveis os resultados das provas do edital unificado! S\u00e3o 4 vagas + CR para Analista e T\u00e9cnico.\" \/>\n<meta name=\"robots\" content=\"index, follow, max-snippet:-1, max-image-preview:large, max-video-preview:-1\" \/>\n<link rel=\"canonical\" href=\"https:\/\/www.estrategiaconcursos.com.br\/blog\/concurso-tre-pa\/\" \/>\n<meta property=\"og:locale\" content=\"pt_BR\" \/>\n<meta property=\"og:type\" content=\"article\" \/>\n<meta property=\"og:title\" content=\"Concurso TRE PA: 27 provimentos autorizados!\" \/>\n<meta property=\"og:description\" content=\"Concurso TRE PA: j\u00e1 est\u00e3o dispon\u00edveis os resultados das provas do edital unificado! S\u00e3o 4 vagas + CR para Analista e T\u00e9cnico.\" \/>\n<meta property=\"og:url\" content=\"https:\/\/www.estrategiaconcursos.com.br\/blog\/concurso-tre-pa\/\" \/>\n<meta property=\"og:site_name\" content=\"Estrat\u00e9gia Concursos\" \/>\n<meta property=\"article:published_time\" content=\"2026-06-03T08:58:00+00:00\" \/>\n<meta property=\"article:modified_time\" content=\"2026-08-04T12:21:57+00:00\" \/>\n<meta property=\"og:image\" content=\"https:\/\/dhg1h5j42swfq.cloudfront.net\/2024\/02\/05105710\/tre-pa.jpg\" \/>\n\t<meta property=\"og:image:width\" content=\"768\" \/>\n\t<meta property=\"og:image:height\" content=\"432\" \/>\n\t<meta property=\"og:image:type\" content=\"image\/jpeg\" \/>\n<meta name=\"author\" content=\"F\u00e1bio Scaldelai\" \/>\n<meta name=\"twitter:card\" content=\"summary_large_image\" \/>\n<meta name=\"twitter:creator\" content=\"@EstratConcursos\" \/>\n<meta name=\"twitter:site\" content=\"@EstratConcursos\" \/>\n<meta name=\"twitter:label1\" content=\"Escrito por\" \/>\n\t<meta name=\"twitter:data1\" content=\"F\u00e1bio Scaldelai\" \/>\n\t<meta name=\"twitter:label2\" content=\"Est. tempo de leitura\" \/>\n\t<meta name=\"twitter:data2\" content=\"17 minutos\" \/>\n<script type=\"application\/ld+json\" class=\"yoast-schema-graph\">{\"@context\":\"https:\\\/\\\/schema.org\",\"@graph\":[{\"@type\":\"NewsArticle\",\"@id\":\"https:\\\/\\\/www.estrategiaconcursos.com.br\\\/blog\\\/concurso-tre-pa\\\/#article\",\"isPartOf\":{\"@id\":\"https:\\\/\\\/www.estrategiaconcursos.com.br\\\/blog\\\/concurso-tre-pa\\\/\"},\"author\":{\"name\":\"F\u00e1bio Scaldelai\",\"@id\":\"https:\\\/\\\/blog-estrategia.mystagingwebsite.com\\\/#\\\/schema\\\/person\\\/e3b6b7ce0192dd4ad270655969d61750\"},\"headline\":\"Concurso TRE PA: 27 provimentos autorizados!\",\"datePublished\":\"2026-06-03T08:58:00+00:00\",\"dateModified\":\"2026-08-04T12:21:57+00:00\",\"mainEntityOfPage\":{\"@id\":\"https:\\\/\\\/www.estrategiaconcursos.com.br\\\/blog\\\/concurso-tre-pa\\\/\"},\"wordCount\":2667,\"commentCount\":9,\"publisher\":{\"@id\":\"https:\\\/\\\/blog-estrategia.mystagingwebsite.com\\\/#organization\"},\"image\":{\"@id\":\"https:\\\/\\\/www.estrategiaconcursos.com.br\\\/blog\\\/concurso-tre-pa\\\/#primaryimage\"},\"thumbnailUrl\":\"https:\\\/\\\/dhg1h5j42swfq.cloudfront.net\\\/2024\\\/02\\\/05105710\\\/tre-pa.jpg\",\"articleSection\":[\"Tribunais\"],\"inLanguage\":\"pt-BR\",\"potentialAction\":[{\"@type\":\"CommentAction\",\"name\":\"Comment\",\"target\":[\"https:\\\/\\\/www.estrategiaconcursos.com.br\\\/blog\\\/concurso-tre-pa\\\/#respond\"]}],\"copyrightYear\":\"2026\",\"copyrightHolder\":{\"@id\":\"https:\\\/\\\/www.estrategiaconcursos.com.br\\\/blog\\\/#organization\"}},{\"@type\":\"WebPage\",\"@id\":\"https:\\\/\\\/www.estrategiaconcursos.com.br\\\/blog\\\/concurso-tre-pa\\\/\",\"url\":\"https:\\\/\\\/www.estrategiaconcursos.com.br\\\/blog\\\/concurso-tre-pa\\\/\",\"name\":\"Concurso TRE PA: 27 provimentos autorizados!\",\"isPartOf\":{\"@id\":\"https:\\\/\\\/blog-estrategia.mystagingwebsite.com\\\/#website\"},\"primaryImageOfPage\":{\"@id\":\"https:\\\/\\\/www.estrategiaconcursos.com.br\\\/blog\\\/concurso-tre-pa\\\/#primaryimage\"},\"image\":{\"@id\":\"https:\\\/\\\/www.estrategiaconcursos.com.br\\\/blog\\\/concurso-tre-pa\\\/#primaryimage\"},\"thumbnailUrl\":\"https:\\\/\\\/dhg1h5j42swfq.cloudfront.net\\\/2024\\\/02\\\/05105710\\\/tre-pa.jpg\",\"datePublished\":\"2026-06-03T08:58:00+00:00\",\"dateModified\":\"2026-08-04T12:21:57+00:00\",\"description\":\"Concurso TRE PA: j\u00e1 est\u00e3o dispon\u00edveis os resultados das provas do edital unificado! S\u00e3o 4 vagas + CR para Analista e T\u00e9cnico.\",\"breadcrumb\":{\"@id\":\"https:\\\/\\\/www.estrategiaconcursos.com.br\\\/blog\\\/concurso-tre-pa\\\/#breadcrumb\"},\"inLanguage\":\"pt-BR\",\"potentialAction\":[{\"@type\":\"ReadAction\",\"target\":[\"https:\\\/\\\/www.estrategiaconcursos.com.br\\\/blog\\\/concurso-tre-pa\\\/\"]}]},{\"@type\":\"ImageObject\",\"inLanguage\":\"pt-BR\",\"@id\":\"https:\\\/\\\/www.estrategiaconcursos.com.br\\\/blog\\\/concurso-tre-pa\\\/#primaryimage\",\"url\":\"https:\\\/\\\/dhg1h5j42swfq.cloudfront.net\\\/2024\\\/02\\\/05105710\\\/tre-pa.jpg\",\"contentUrl\":\"https:\\\/\\\/dhg1h5j42swfq.cloudfront.net\\\/2024\\\/02\\\/05105710\\\/tre-pa.jpg\",\"width\":768,\"height\":432},{\"@type\":\"BreadcrumbList\",\"@id\":\"https:\\\/\\\/www.estrategiaconcursos.com.br\\\/blog\\\/concurso-tre-pa\\\/#breadcrumb\",\"itemListElement\":[{\"@type\":\"ListItem\",\"position\":1,\"name\":\"In\u00edcio\",\"item\":\"https:\\\/\\\/blog-estrategia.mystagingwebsite.com\\\/\"},{\"@type\":\"ListItem\",\"position\":2,\"name\":\"Concurso TRE PA: 27 provimentos autorizados!\"}]},{\"@type\":\"WebSite\",\"@id\":\"https:\\\/\\\/blog-estrategia.mystagingwebsite.com\\\/#website\",\"url\":\"https:\\\/\\\/blog-estrategia.mystagingwebsite.com\\\/\",\"name\":\"Estrat\u00e9gia Concursos\",\"description\":\"O blog da Estrat\u00e9gia Concursos traz not\u00edcias sobre concursos e artigos de professores oferecendo cursos para concursos (pdf + videaulas) no site.\",\"publisher\":{\"@id\":\"https:\\\/\\\/blog-estrategia.mystagingwebsite.com\\\/#organization\"},\"potentialAction\":[{\"@type\":\"SearchAction\",\"target\":{\"@type\":\"EntryPoint\",\"urlTemplate\":\"https:\\\/\\\/blog-estrategia.mystagingwebsite.com\\\/?s={search_term_string}\"},\"query-input\":{\"@type\":\"PropertyValueSpecification\",\"valueRequired\":true,\"valueName\":\"search_term_string\"}}],\"inLanguage\":\"pt-BR\"},{\"@type\":\"Organization\",\"@id\":\"https:\\\/\\\/blog-estrategia.mystagingwebsite.com\\\/#organization\",\"name\":\"Estrat\u00e9gia Concursos\",\"url\":\"https:\\\/\\\/blog-estrategia.mystagingwebsite.com\\\/\",\"logo\":{\"@type\":\"ImageObject\",\"inLanguage\":\"pt-BR\",\"@id\":\"https:\\\/\\\/blog-estrategia.mystagingwebsite.com\\\/#\\\/schema\\\/logo\\\/image\\\/\",\"url\":\"https:\\\/\\\/dhg1h5j42swfq.cloudfront.net\\\/2025\\\/06\\\/03203428\\\/logo_concursos-1.jpg\",\"contentUrl\":\"https:\\\/\\\/dhg1h5j42swfq.cloudfront.net\\\/2025\\\/06\\\/03203428\\\/logo_concursos-1.jpg\",\"width\":230,\"height\":60,\"caption\":\"Estrat\u00e9gia Concursos\"},\"image\":{\"@id\":\"https:\\\/\\\/blog-estrategia.mystagingwebsite.com\\\/#\\\/schema\\\/logo\\\/image\\\/\"},\"sameAs\":[\"https:\\\/\\\/x.com\\\/EstratConcursos\"]},{\"@type\":\"Person\",\"@id\":\"https:\\\/\\\/blog-estrategia.mystagingwebsite.com\\\/#\\\/schema\\\/person\\\/e3b6b7ce0192dd4ad270655969d61750\",\"name\":\"F\u00e1bio Scaldelai\",\"image\":{\"@type\":\"ImageObject\",\"inLanguage\":\"pt-BR\",\"@id\":\"https:\\\/\\\/secure.gravatar.com\\\/avatar\\\/8ed7492c4d88d8495bc0cb24cda6847b8ae23eec459a919e08e77d0ca0fd79ec?s=96&d=mm&r=g\",\"url\":\"https:\\\/\\\/secure.gravatar.com\\\/avatar\\\/8ed7492c4d88d8495bc0cb24cda6847b8ae23eec459a919e08e77d0ca0fd79ec?s=96&d=mm&r=g\",\"contentUrl\":\"https:\\\/\\\/secure.gravatar.com\\\/avatar\\\/8ed7492c4d88d8495bc0cb24cda6847b8ae23eec459a919e08e77d0ca0fd79ec?s=96&d=mm&r=g\",\"caption\":\"F\u00e1bio Scaldelai\"},\"description\":\"Jornalista no Estrat\u00e9gia Concursos e Produtor de Televis\u00e3o, formado em Jornalismo, R\u00e1dio e TV pela Faculdade Integrada Rio Branco, com especializa\u00e7\u00f5es em Gest\u00e3o Empresarial e Marketing pelo M\u00f3dulo. Atuou como produtor no SBT, TV Bandeirantes e R\u00e1dio Band FM, al\u00e9m de acumular tr\u00eas anos de experi\u00eancia no setor de concursos p\u00fablicos pela LFG (Luiz Fl\u00e1vio Gomes). No Estrat\u00e9gia Concursos, atua na apura\u00e7\u00e3o de not\u00edcias da \u00e1rea fiscal, al\u00e9m de coberturas sobre concursos das \u00e1reas de controle (TCU, TCE, etc), concurso AFT, \u00e1rea de gest\u00e3o e administrativa, bem como dos \u00f3rg\u00e3os participantes do CNU. Tamb\u00e9m possui experi\u00eancia em link building e an\u00e1lise de m\u00eddia, adquirida durante sua atua\u00e7\u00e3o na ag\u00eancia SEO Marketing.\",\"url\":\"https:\\\/\\\/www.estrategiaconcursos.com.br\\\/blog\\\/author\\\/fabio-scaldelaiestrategiaconcursos-com-br\\\/\"}]}<\/script>\n<!-- \/ Yoast SEO Premium plugin. -->","yoast_head_json":{"title":"Concurso TRE PA: 27 provimentos autorizados!","description":"Concurso TRE PA: j\u00e1 est\u00e3o dispon\u00edveis os resultados das provas do edital unificado! S\u00e3o 4 vagas + CR para Analista e T\u00e9cnico.","robots":{"index":"index","follow":"follow","max-snippet":"max-snippet:-1","max-image-preview":"max-image-preview:large","max-video-preview":"max-video-preview:-1"},"canonical":"https:\/\/www.estrategiaconcursos.com.br\/blog\/concurso-tre-pa\/","og_locale":"pt_BR","og_type":"article","og_title":"Concurso TRE PA: 27 provimentos autorizados!","og_description":"Concurso TRE PA: j\u00e1 est\u00e3o dispon\u00edveis os resultados das provas do edital unificado! S\u00e3o 4 vagas + CR para Analista e T\u00e9cnico.","og_url":"https:\/\/www.estrategiaconcursos.com.br\/blog\/concurso-tre-pa\/","og_site_name":"Estrat\u00e9gia Concursos","article_published_time":"2026-06-03T08:58:00+00:00","article_modified_time":"2026-08-04T12:21:57+00:00","og_image":[{"width":768,"height":432,"url":"https:\/\/dhg1h5j42swfq.cloudfront.net\/2024\/02\/05105710\/tre-pa.jpg","type":"image\/jpeg"}],"author":"F\u00e1bio Scaldelai","twitter_card":"summary_large_image","twitter_creator":"@EstratConcursos","twitter_site":"@EstratConcursos","twitter_misc":{"Escrito por":"F\u00e1bio Scaldelai","Est. tempo de leitura":"17 minutos"},"schema":{"@context":"https:\/\/schema.org","@graph":[{"@type":"NewsArticle","@id":"https:\/\/www.estrategiaconcursos.com.br\/blog\/concurso-tre-pa\/#article","isPartOf":{"@id":"https:\/\/www.estrategiaconcursos.com.br\/blog\/concurso-tre-pa\/"},"author":{"name":"F\u00e1bio Scaldelai","@id":"https:\/\/blog-estrategia.mystagingwebsite.com\/#\/schema\/person\/e3b6b7ce0192dd4ad270655969d61750"},"headline":"Concurso TRE PA: 27 provimentos autorizados!","datePublished":"2026-06-03T08:58:00+00:00","dateModified":"2026-08-04T12:21:57+00:00","mainEntityOfPage":{"@id":"https:\/\/www.estrategiaconcursos.com.br\/blog\/concurso-tre-pa\/"},"wordCount":2667,"commentCount":9,"publisher":{"@id":"https:\/\/blog-estrategia.mystagingwebsite.com\/#organization"},"image":{"@id":"https:\/\/www.estrategiaconcursos.com.br\/blog\/concurso-tre-pa\/#primaryimage"},"thumbnailUrl":"https:\/\/dhg1h5j42swfq.cloudfront.net\/2024\/02\/05105710\/tre-pa.jpg","articleSection":["Tribunais"],"inLanguage":"pt-BR","potentialAction":[{"@type":"CommentAction","name":"Comment","target":["https:\/\/www.estrategiaconcursos.com.br\/blog\/concurso-tre-pa\/#respond"]}],"copyrightYear":"2026","copyrightHolder":{"@id":"https:\/\/www.estrategiaconcursos.com.br\/blog\/#organization"}},{"@type":"WebPage","@id":"https:\/\/www.estrategiaconcursos.com.br\/blog\/concurso-tre-pa\/","url":"https:\/\/www.estrategiaconcursos.com.br\/blog\/concurso-tre-pa\/","name":"Concurso TRE PA: 27 provimentos autorizados!","isPartOf":{"@id":"https:\/\/blog-estrategia.mystagingwebsite.com\/#website"},"primaryImageOfPage":{"@id":"https:\/\/www.estrategiaconcursos.com.br\/blog\/concurso-tre-pa\/#primaryimage"},"image":{"@id":"https:\/\/www.estrategiaconcursos.com.br\/blog\/concurso-tre-pa\/#primaryimage"},"thumbnailUrl":"https:\/\/dhg1h5j42swfq.cloudfront.net\/2024\/02\/05105710\/tre-pa.jpg","datePublished":"2026-06-03T08:58:00+00:00","dateModified":"2026-08-04T12:21:57+00:00","description":"Concurso TRE PA: j\u00e1 est\u00e3o dispon\u00edveis os resultados das provas do edital unificado! S\u00e3o 4 vagas + CR para Analista e T\u00e9cnico.","breadcrumb":{"@id":"https:\/\/www.estrategiaconcursos.com.br\/blog\/concurso-tre-pa\/#breadcrumb"},"inLanguage":"pt-BR","potentialAction":[{"@type":"ReadAction","target":["https:\/\/www.estrategiaconcursos.com.br\/blog\/concurso-tre-pa\/"]}]},{"@type":"ImageObject","inLanguage":"pt-BR","@id":"https:\/\/www.estrategiaconcursos.com.br\/blog\/concurso-tre-pa\/#primaryimage","url":"https:\/\/dhg1h5j42swfq.cloudfront.net\/2024\/02\/05105710\/tre-pa.jpg","contentUrl":"https:\/\/dhg1h5j42swfq.cloudfront.net\/2024\/02\/05105710\/tre-pa.jpg","width":768,"height":432},{"@type":"BreadcrumbList","@id":"https:\/\/www.estrategiaconcursos.com.br\/blog\/concurso-tre-pa\/#breadcrumb","itemListElement":[{"@type":"ListItem","position":1,"name":"In\u00edcio","item":"https:\/\/blog-estrategia.mystagingwebsite.com\/"},{"@type":"ListItem","position":2,"name":"Concurso TRE PA: 27 provimentos autorizados!"}]},{"@type":"WebSite","@id":"https:\/\/blog-estrategia.mystagingwebsite.com\/#website","url":"https:\/\/blog-estrategia.mystagingwebsite.com\/","name":"Estrat\u00e9gia Concursos","description":"O blog da Estrat\u00e9gia Concursos traz not\u00edcias sobre concursos e artigos de professores oferecendo cursos para concursos (pdf + videaulas) no site.","publisher":{"@id":"https:\/\/blog-estrategia.mystagingwebsite.com\/#organization"},"potentialAction":[{"@type":"SearchAction","target":{"@type":"EntryPoint","urlTemplate":"https:\/\/blog-estrategia.mystagingwebsite.com\/?s={search_term_string}"},"query-input":{"@type":"PropertyValueSpecification","valueRequired":true,"valueName":"search_term_string"}}],"inLanguage":"pt-BR"},{"@type":"Organization","@id":"https:\/\/blog-estrategia.mystagingwebsite.com\/#organization","name":"Estrat\u00e9gia Concursos","url":"https:\/\/blog-estrategia.mystagingwebsite.com\/","logo":{"@type":"ImageObject","inLanguage":"pt-BR","@id":"https:\/\/blog-estrategia.mystagingwebsite.com\/#\/schema\/logo\/image\/","url":"https:\/\/dhg1h5j42swfq.cloudfront.net\/2025\/06\/03203428\/logo_concursos-1.jpg","contentUrl":"https:\/\/dhg1h5j42swfq.cloudfront.net\/2025\/06\/03203428\/logo_concursos-1.jpg","width":230,"height":60,"caption":"Estrat\u00e9gia Concursos"},"image":{"@id":"https:\/\/blog-estrategia.mystagingwebsite.com\/#\/schema\/logo\/image\/"},"sameAs":["https:\/\/x.com\/EstratConcursos"]},{"@type":"Person","@id":"https:\/\/blog-estrategia.mystagingwebsite.com\/#\/schema\/person\/e3b6b7ce0192dd4ad270655969d61750","name":"F\u00e1bio Scaldelai","image":{"@type":"ImageObject","inLanguage":"pt-BR","@id":"https:\/\/secure.gravatar.com\/avatar\/8ed7492c4d88d8495bc0cb24cda6847b8ae23eec459a919e08e77d0ca0fd79ec?s=96&d=mm&r=g","url":"https:\/\/secure.gravatar.com\/avatar\/8ed7492c4d88d8495bc0cb24cda6847b8ae23eec459a919e08e77d0ca0fd79ec?s=96&d=mm&r=g","contentUrl":"https:\/\/secure.gravatar.com\/avatar\/8ed7492c4d88d8495bc0cb24cda6847b8ae23eec459a919e08e77d0ca0fd79ec?s=96&d=mm&r=g","caption":"F\u00e1bio Scaldelai"},"description":"Jornalista no Estrat\u00e9gia Concursos e Produtor de Televis\u00e3o, formado em Jornalismo, R\u00e1dio e TV pela Faculdade Integrada Rio Branco, com especializa\u00e7\u00f5es em Gest\u00e3o Empresarial e Marketing pelo M\u00f3dulo. Atuou como produtor no SBT, TV Bandeirantes e R\u00e1dio Band FM, al\u00e9m de acumular tr\u00eas anos de experi\u00eancia no setor de concursos p\u00fablicos pela LFG (Luiz Fl\u00e1vio Gomes). No Estrat\u00e9gia Concursos, atua na apura\u00e7\u00e3o de not\u00edcias da \u00e1rea fiscal, al\u00e9m de coberturas sobre concursos das \u00e1reas de controle (TCU, TCE, etc), concurso AFT, \u00e1rea de gest\u00e3o e administrativa, bem como dos \u00f3rg\u00e3os participantes do CNU. Tamb\u00e9m possui experi\u00eancia em link building e an\u00e1lise de m\u00eddia, adquirida durante sua atua\u00e7\u00e3o na ag\u00eancia SEO Marketing.","url":"https:\/\/www.estrategiaconcursos.com.br\/blog\/author\/fabio-scaldelaiestrategiaconcursos-com-br\/"}]}},"_links":{"self":[{"href":"https:\/\/www.estrategiaconcursos.com.br\/blog\/wp-json\/wp\/v2\/posts\/378622","targetHints":{"allow":["GET"]}}],"collection":[{"href":"https:\/\/www.estrategiaconcursos.com.br\/blog\/wp-json\/wp\/v2\/posts"}],"about":[{"href":"https:\/\/www.estrategiaconcursos.com.br\/blog\/wp-json\/wp\/v2\/types\/post"}],"author":[{"embeddable":true,"href":"https:\/\/www.estrategiaconcursos.com.br\/blog\/wp-json\/wp\/v2\/users\/656"}],"replies":[{"embeddable":true,"href":"https:\/\/www.estrategiaconcursos.com.br\/blog\/wp-json\/wp\/v2\/comments?post=378622"}],"version-history":[{"count":2,"href":"https:\/\/www.estrategiaconcursos.com.br\/blog\/wp-json\/wp\/v2\/posts\/378622\/revisions"}],"predecessor-version":[{"id":1786297,"href":"https:\/\/www.estrategiaconcursos.com.br\/blog\/wp-json\/wp\/v2\/posts\/378622\/revisions\/1786297"}],"wp:featuredmedia":[{"embeddable":true,"href":"https:\/\/www.estrategiaconcursos.com.br\/blog\/wp-json\/wp\/v2\/media\/1347088"}],"wp:attachment":[{"href":"https:\/\/www.estrategiaconcursos.com.br\/blog\/wp-json\/wp\/v2\/media?parent=378622"}],"wp:term":[{"taxonomy":"category","embeddable":true,"href":"https:\/\/www.estrategiaconcursos.com.br\/blog\/wp-json\/wp\/v2\/categories?post=378622"},{"taxonomy":"post_tag","embeddable":true,"href":"https:\/\/www.estrategiaconcursos.com.br\/blog\/wp-json\/wp\/v2\/tags?post=378622"},{"taxonomy":"tax_estado","embeddable":true,"href":"https:\/\/www.estrategiaconcursos.com.br\/blog\/wp-json\/wp\/v2\/tax_estado?post=378622"}],"curies":[{"name":"wp","href":"https:\/\/api.w.org\/{rel}","templated":true}]}}