{"id":378024,"date":"2019-05-25T13:38:54","date_gmt":"2019-05-25T16:38:54","guid":{"rendered":"https:\/\/www.estrategiaconcursos.com.br\/blog\/?p=378024"},"modified":"2019-05-25T13:38:56","modified_gmt":"2019-05-25T16:38:56","slug":"concurso-pcdf-saiba-quais-foram-os-temas-de-discursivas-do-cespe-nos-ultimos-10-anos","status":"publish","type":"post","link":"https:\/\/www.estrategiaconcursos.com.br\/blog\/concurso-pcdf-saiba-quais-foram-os-temas-de-discursivas-do-cespe-nos-ultimos-10-anos\/","title":{"rendered":"Concurso PCDF: saiba quais foram os temas de discursivas do CESPE nos \u00faltimos 10 anos!"},"content":{"rendered":"\n<p>Ol\u00e1, Pessoal. Tudo bem?<\/p>\n\n\n\n<p>Meu nome \u00e9 <strong>Marcio\nDamasceno<\/strong>, sou professor dos <strong>Cursos\nde Discursivas<\/strong> do Estrat\u00e9gia Concursos, n\u00facleo coordenado pelo <strong>Prof. Carlos Roberto<\/strong>. Tamb\u00e9m sou\nservidor p\u00fablico federal. Atualmente, ocupo o cargo de Analista da carreira de\nEspecialista do Banco Central do Brasil.<\/p>\n\n\n\n<p>Se voc\u00ea estuda para as <strong>Carreiras Policiais<\/strong> e a banca do seu concurso \u00e9 o <strong>Cespe\/Cebraspe<\/strong>, este artigo \u00e9 para\nvoc\u00ea. Analisamos o comportamento passado dessa banca, e foi poss\u00edvel obter\nimportantes informa\u00e7\u00f5es sobre como ela escolhe os seus temas. \u00c9 o que veremos a\nseguir!<\/p>\n\n\n\n<p>Inicialmente, separamos todas as provas discursivas da banca aplicadas na \u00e1rea policial (ou similares) nos \u00faltimos 10 anos, o que totalizou <strong>36 provas discursivas<\/strong>. Na <strong>TABELA 1<\/strong>, disponibilizamos o resultado dessa pesquisa, ordenado por assunto:<\/p>\n\n\n\n<div class=\"wp-block-image\"><figure class=\"aligncenter\"><img loading=\"lazy\" decoding=\"async\" width=\"684\" height=\"1041\" src=\"https:\/\/dhg1h5j42swfq.cloudfront.net\/2019\/05\/25132215\/image232.png\" alt=\"\" class=\"wp-image-378025\" srcset=\"https:\/\/dhg1h5j42swfq.cloudfront.net\/2019\/05\/25132215\/image232.png 684w, https:\/\/dhg1h5j42swfq.cloudfront.net\/2019\/05\/25132215\/image232.png 197w, https:\/\/dhg1h5j42swfq.cloudfront.net\/2019\/05\/25132215\/image232.png 673w, https:\/\/dhg1h5j42swfq.cloudfront.net\/2019\/05\/25132215\/image232.png 610w\" sizes=\"auto, (max-width: 684px) 100vw, 684px\" \/><figcaption> *Observa\u00e7\u00e3o: Os temas relacionados a <strong>seguran\u00e7a p\u00fablica<\/strong>, <strong>viol\u00eancia<\/strong>, <strong>sistema penitenci\u00e1rio<\/strong>, <strong>crime organizado<\/strong> e <strong>terrorismo<\/strong>, devido ao seu inter-relacionamento, foram agrupados no assunto assunto <strong>Seguran\u00e7a P\u00fablica<\/strong>.   <\/figcaption><\/figure><\/div>\n\n\n\n<p>Por meio da <strong>TABELA\n1<\/strong>, chegamos \u00e0s seguintes conclus\u00f5es gerais quanto \u00e0 frequ\u00eancia dos\nassuntos: <\/p>\n\n\n\n<ol class=\"wp-block-list\"><li><strong>Seguran\u00e7a\nP\u00fablica: 31%;<\/strong><\/li><li><strong>Atualidades:\n19%;<\/strong><\/li><li><strong>Tr\u00e2nsito:\n6%;<\/strong><\/li><li><strong>Demais\n(Direito Constitucional, Administrativo, Penal, Processo Penal e Legisla\u00e7\u00e3o\nEspec\u00edfica): 44%.<\/strong><\/li><\/ol>\n\n\n\n<p><a><strong>1\u00aa conclus\u00e3o parcial<\/strong><\/a>:\nde forma gen\u00e9rica, considerando-se todas as carreiras policiais e afins, \u00e9 alta\na incid\u00eancia de temas ligados a <strong>Seguran\u00e7a\nP\u00fablica e Atualidades<\/strong>, respons\u00e1veis pela metade dos casos apresentados.<\/p>\n\n\n\n<p>Contudo, <strong>focando apenas nas Pol\u00edcias Civis (15 temas)<\/strong>, pode-se observar que o resultado encontrado \u00e9 bem diferente, conforme se depreende da an\u00e1lise da <strong>TABELA 2<\/strong>:<\/p>\n\n\n\n<div class=\"wp-block-image\"><figure class=\"aligncenter\"><img loading=\"lazy\" decoding=\"async\" width=\"690\" height=\"532\" src=\"https:\/\/dhg1h5j42swfq.cloudfront.net\/2019\/05\/25132417\/image233.png\" alt=\"\" class=\"wp-image-378026\" srcset=\"https:\/\/dhg1h5j42swfq.cloudfront.net\/2019\/05\/25132417\/image233.png 690w, https:\/\/dhg1h5j42swfq.cloudfront.net\/2019\/05\/25132417\/image233.png 300w, https:\/\/dhg1h5j42swfq.cloudfront.net\/2019\/05\/25132417\/image233.png 610w\" sizes=\"auto, (max-width: 690px) 100vw, 690px\" \/><\/figure><\/div>\n\n\n\n<p>Mediante an\u00e1lise da <strong>TABELA 2<\/strong>, chegamos \u00e0s seguintes conclus\u00f5es gerais quanto \u00e0\nfrequ\u00eancia dos assuntos: <\/p>\n\n\n\n<ol class=\"wp-block-list\"><li><strong>Seguran\u00e7a\nP\u00fablica: 20%;<\/strong><\/li><li><strong>Atualidades:\n7%;<\/strong><\/li><li><strong>Demais\n(Direito Constitucional, Administrativo, Penal, Processo Penal): 73%.<\/strong><\/li><\/ol>\n\n\n\n<p><strong>2\u00aa\nconclus\u00e3o parcial<\/strong>:\nquando a amostra se refere \u00e0s provas discursivas das Pol\u00edcias Civis, aplicadas\npela Cespe, as disciplinas relacionadas ao Direito t\u00eam incid\u00eancia muito maior\nque as demais. Continuemos&#8230; <\/p>\n\n\n\n<p>Analisemos, agora, as mat\u00e9rias cobradas quando o assunto da prova discursiva foi sobre tema atinente ao Direito. Veja a <strong>TABELA 3<\/strong> abaixo:<\/p>\n\n\n\n<div class=\"wp-block-image\"><figure class=\"aligncenter\"><img loading=\"lazy\" decoding=\"async\" width=\"690\" height=\"529\" src=\"https:\/\/dhg1h5j42swfq.cloudfront.net\/2019\/05\/25132625\/image234.png\" alt=\"\" class=\"wp-image-378027\" srcset=\"https:\/\/dhg1h5j42swfq.cloudfront.net\/2019\/05\/25132625\/image234.png 690w, https:\/\/dhg1h5j42swfq.cloudfront.net\/2019\/05\/25132625\/image234.png 300w, https:\/\/dhg1h5j42swfq.cloudfront.net\/2019\/05\/25132625\/image234.png 610w\" sizes=\"auto, (max-width: 690px) 100vw, 690px\" \/><\/figure><\/div>\n\n\n\n<p>Dessa terceira tabela, chegamos \u00e0s\nconclus\u00f5es finais quanto \u00e0 import\u00e2ncia dos assuntos para a prova discursiva no\nque se refere a: <\/p>\n\n\n\n<ol class=\"wp-block-list\"><li><strong>Direito Processual Penal<\/strong>: disciplina de maior incid\u00eancia,\ndestacando-se os assuntos <strong>Inqu\u00e9rito\nPolicial<\/strong> (caracter\u00edsticas, possibilidade de acesso aos autos pelos\nadvogados, etc.), provas, busca e apreens\u00e3o e flagrante delito;<\/li><li><strong>Direito Constitucional<\/strong>: alta incid\u00eancia. Basicamente,\ncobrou-se o art. 5\u00b0 da Constitui\u00e7\u00e3o Federal, tanto de forma abstrata (explica\u00e7\u00e3o\ndos princ\u00edpios), quanto de forma concreta, (aplica\u00e7\u00e3o dos princ\u00edpios ao caso em\ntela). Importante conhecer o art. 5\u00b0 da Constitui\u00e7\u00e3o, notadamente os incisos\nXI, XII, XXXV, XXXIX, XL, XLV, XLVI, XLVII, XLIX, LIV, LV, LVI, LVIII, LXI,\nLXII, LXIII, LXIV, LXV e LXVI. D\u00ea especial import\u00e2ncia, tamb\u00e9m, ao art. 144\n(saber de cor, pelo menos, o <em>caput<\/em>),\nimportant\u00edssimo quando o tema for \u201cSeguran\u00e7a P\u00fablica\u201d;<\/li><li><strong>Direito Penal<\/strong>: alta incid\u00eancia. Destacam-se os <strong>crimes contra o patrim\u00f4nio<\/strong> e os <strong>crimes contra a Administra\u00e7\u00e3o P\u00fablica. <\/strong>A\nparte principiol\u00f3gica tamb\u00e9m \u00e9 de suma import\u00e2ncia;<\/li><li><strong>Direito Administrativo<\/strong>: baixa incid\u00eancia. As \u00fanicas apari\u00e7\u00f5es\ndessa mat\u00e9ria aconteceram no cargo de papiloscopista. De forma geral, esteja\natento aos assuntos mais importantes: <strong>poder\nde pol\u00edcia<\/strong> e <strong>improbidade\nadministrativa<\/strong>;<\/li><li><strong>Legisla\u00e7\u00e3o Extravagante<\/strong>: baixa incid\u00eancia. Quando caiu, esteve\nrelacionado diretamente ao cargo (exemplos: Lei 10.446\/2002 para Pol\u00edcia\nFederal e Lei 12.037\/2009 para papiloscopista). No mais, n\u00e3o se detectou incid\u00eancia\ndas principais leis associadas \u00e0s carreiras policiais (exemplos: Lei 11.343\/2006\n&#8211; Lei Antidrogas, Lei 10.826\/2003 &#8211; Estatuto do Desarmamento, Lei 8.072\/1990 &#8211; Crimes\nHediondos, etc.).<\/li><\/ol>\n\n\n\n<p>Pessoal, um bom policial deve sempre navegar orientado! Esse\nfoi o objetivo deste artigo.<\/p>\n\n\n\n<p>Caso tenham interesse em conhecer <strong>os temas de discursivas do CESPE nos \u00faltimos 10 anos <\/strong>aplicados na <strong>\u00c1rea Policial<\/strong>, disponibilizamos-lhes um <strong><em>E-BOOK<\/em><\/strong> especial que contribuir\u00e1 com a prepara\u00e7\u00e3o de voc\u00eas. Baixe o eBook <a href=\"https:\/\/www.estrategiaconcursos.com.br\/gratis\/cespe-area-policial\/\">AQUI<\/a>.<\/p>\n\n\n\n<p>Muitos temas foram comentados nos <strong>Cursos de Discursivas<\/strong> do <strong>Estrat\u00e9gia\nConcursos<\/strong>. O resultado alcan\u00e7ado pelos nossos alunos tem sido incr\u00edvel! <\/p>\n\n\n\n<p>Ser\u00e1 um prazer t\u00ea-los como alunos nesta trajet\u00f3ria rumo\nao cargo p\u00fablico.<\/p>\n\n\n\n<p>Esperamos voc\u00eas l\u00e1! Grande abra\u00e7o!<\/p>\n","protected":false},"excerpt":{"rendered":"<p>Ol\u00e1, Pessoal. Tudo bem? Meu nome \u00e9 Marcio Damasceno, sou professor dos Cursos de Discursivas do Estrat\u00e9gia Concursos, n\u00facleo coordenado pelo Prof. Carlos Roberto. Tamb\u00e9m sou servidor p\u00fablico federal. Atualmente, ocupo o cargo de Analista da carreira de Especialista do Banco Central do Brasil. Se voc\u00ea estuda para as Carreiras Policiais e a banca do [&hellip;]<\/p>\n","protected":false},"author":611,"featured_media":0,"comment_status":"open","ping_status":"closed","sticky":false,"template":"","format":"standard","meta":{"post_tipo":"article","footnotes":""},"categories":[1],"tags":[],"tax_estado":[],"class_list":["post-378024","post","type-post","status-publish","format-standard","hentry","category-cursos-e-concursos"],"acf":[],"yoast_head":"<!-- This site is optimized with the Yoast SEO Premium plugin v27.2 (Yoast SEO v27.2) - https:\/\/yoast.com\/product\/yoast-seo-premium-wordpress\/ -->\n<title>Concurso PCDF: saiba quais foram os temas de discursivas do CESPE nos \u00faltimos 10 anos!<\/title>\n<meta name=\"robots\" content=\"index, follow, max-snippet:-1, max-image-preview:large, max-video-preview:-1\" \/>\n<link rel=\"canonical\" href=\"https:\/\/www.estrategiaconcursos.com.br\/blog\/concurso-pcdf-saiba-quais-foram-os-temas-de-discursivas-do-cespe-nos-ultimos-10-anos\/\" \/>\n<meta property=\"og:locale\" content=\"pt_BR\" \/>\n<meta property=\"og:type\" content=\"article\" \/>\n<meta property=\"og:title\" content=\"Concurso PCDF: saiba quais foram os temas de discursivas do CESPE nos \u00faltimos 10 anos!\" \/>\n<meta property=\"og:description\" content=\"Ol\u00e1, Pessoal. Tudo bem? Meu nome \u00e9 Marcio Damasceno, sou professor dos Cursos de Discursivas do Estrat\u00e9gia Concursos, n\u00facleo coordenado pelo Prof. Carlos Roberto. Tamb\u00e9m sou servidor p\u00fablico federal. Atualmente, ocupo o cargo de Analista da carreira de Especialista do Banco Central do Brasil. Se voc\u00ea estuda para as Carreiras Policiais e a banca do [&hellip;]\" \/>\n<meta property=\"og:url\" content=\"https:\/\/www.estrategiaconcursos.com.br\/blog\/concurso-pcdf-saiba-quais-foram-os-temas-de-discursivas-do-cespe-nos-ultimos-10-anos\/\" \/>\n<meta property=\"og:site_name\" content=\"Estrat\u00e9gia Concursos\" \/>\n<meta property=\"article:published_time\" content=\"2019-05-25T16:38:54+00:00\" \/>\n<meta property=\"article:modified_time\" content=\"2019-05-25T16:38:56+00:00\" \/>\n<meta property=\"og:image\" content=\"https:\/\/www.estrategiaconcursos.com.br\/blog\/wp-content\/uploads\/2019\/05\/image232-673x1024.png\" \/>\n<meta name=\"author\" content=\"Marcio Damasceno\" \/>\n<meta name=\"twitter:card\" content=\"summary_large_image\" \/>\n<meta name=\"twitter:creator\" content=\"@EstratConcursos\" \/>\n<meta name=\"twitter:site\" content=\"@EstratConcursos\" \/>\n<meta name=\"twitter:label1\" content=\"Escrito por\" \/>\n\t<meta name=\"twitter:data1\" content=\"Marcio Damasceno\" \/>\n\t<meta name=\"twitter:label2\" content=\"Est. tempo de leitura\" \/>\n\t<meta name=\"twitter:data2\" content=\"3 minutos\" \/>\n<script type=\"application\/ld+json\" class=\"yoast-schema-graph\">{\"@context\":\"https:\/\/schema.org\",\"@graph\":[{\"@type\":\"NewsArticle\",\"@id\":\"https:\/\/www.estrategiaconcursos.com.br\/blog\/concurso-pcdf-saiba-quais-foram-os-temas-de-discursivas-do-cespe-nos-ultimos-10-anos\/#article\",\"isPartOf\":{\"@id\":\"https:\/\/www.estrategiaconcursos.com.br\/blog\/concurso-pcdf-saiba-quais-foram-os-temas-de-discursivas-do-cespe-nos-ultimos-10-anos\/\"},\"author\":{\"name\":\"Marcio Damasceno\",\"@id\":\"https:\/\/www.estrategiaconcursos.com.br\/blog\/#\/schema\/person\/93fb122910b3b72b3ba17b9d67315bef\"},\"headline\":\"Concurso PCDF: saiba quais foram os temas de discursivas do CESPE nos \u00faltimos 10 anos!\",\"datePublished\":\"2019-05-25T16:38:54+00:00\",\"dateModified\":\"2019-05-25T16:38:56+00:00\",\"mainEntityOfPage\":{\"@id\":\"https:\/\/www.estrategiaconcursos.com.br\/blog\/concurso-pcdf-saiba-quais-foram-os-temas-de-discursivas-do-cespe-nos-ultimos-10-anos\/\"},\"wordCount\":702,\"commentCount\":7,\"publisher\":{\"@id\":\"https:\/\/www.estrategiaconcursos.com.br\/blog\/#organization\"},\"image\":{\"@id\":\"https:\/\/www.estrategiaconcursos.com.br\/blog\/concurso-pcdf-saiba-quais-foram-os-temas-de-discursivas-do-cespe-nos-ultimos-10-anos\/#primaryimage\"},\"thumbnailUrl\":\"https:\/\/www.estrategiaconcursos.com.br\/blog\/wp-content\/uploads\/2019\/05\/image232-673x1024.png\",\"articleSection\":[\"Concursos P\u00fablicos\"],\"inLanguage\":\"pt-BR\",\"potentialAction\":[{\"@type\":\"CommentAction\",\"name\":\"Comment\",\"target\":[\"https:\/\/www.estrategiaconcursos.com.br\/blog\/concurso-pcdf-saiba-quais-foram-os-temas-de-discursivas-do-cespe-nos-ultimos-10-anos\/#respond\"]}],\"copyrightYear\":\"2019\",\"copyrightHolder\":{\"@id\":\"https:\/\/www.estrategiaconcursos.com.br\/blog\/#organization\"}},{\"@type\":\"WebPage\",\"@id\":\"https:\/\/www.estrategiaconcursos.com.br\/blog\/concurso-pcdf-saiba-quais-foram-os-temas-de-discursivas-do-cespe-nos-ultimos-10-anos\/\",\"url\":\"https:\/\/www.estrategiaconcursos.com.br\/blog\/concurso-pcdf-saiba-quais-foram-os-temas-de-discursivas-do-cespe-nos-ultimos-10-anos\/\",\"name\":\"Concurso PCDF: saiba quais foram os temas de discursivas do CESPE nos \u00faltimos 10 anos!\",\"isPartOf\":{\"@id\":\"https:\/\/www.estrategiaconcursos.com.br\/blog\/#website\"},\"primaryImageOfPage\":{\"@id\":\"https:\/\/www.estrategiaconcursos.com.br\/blog\/concurso-pcdf-saiba-quais-foram-os-temas-de-discursivas-do-cespe-nos-ultimos-10-anos\/#primaryimage\"},\"image\":{\"@id\":\"https:\/\/www.estrategiaconcursos.com.br\/blog\/concurso-pcdf-saiba-quais-foram-os-temas-de-discursivas-do-cespe-nos-ultimos-10-anos\/#primaryimage\"},\"thumbnailUrl\":\"https:\/\/www.estrategiaconcursos.com.br\/blog\/wp-content\/uploads\/2019\/05\/image232-673x1024.png\",\"datePublished\":\"2019-05-25T16:38:54+00:00\",\"dateModified\":\"2019-05-25T16:38:56+00:00\",\"breadcrumb\":{\"@id\":\"https:\/\/www.estrategiaconcursos.com.br\/blog\/concurso-pcdf-saiba-quais-foram-os-temas-de-discursivas-do-cespe-nos-ultimos-10-anos\/#breadcrumb\"},\"inLanguage\":\"pt-BR\",\"potentialAction\":[{\"@type\":\"ReadAction\",\"target\":[\"https:\/\/www.estrategiaconcursos.com.br\/blog\/concurso-pcdf-saiba-quais-foram-os-temas-de-discursivas-do-cespe-nos-ultimos-10-anos\/\"]}]},{\"@type\":\"ImageObject\",\"inLanguage\":\"pt-BR\",\"@id\":\"https:\/\/www.estrategiaconcursos.com.br\/blog\/concurso-pcdf-saiba-quais-foram-os-temas-de-discursivas-do-cespe-nos-ultimos-10-anos\/#primaryimage\",\"url\":\"https:\/\/dhg1h5j42swfq.cloudfront.net\/2019\/05\/25132215\/image232.png\",\"contentUrl\":\"https:\/\/dhg1h5j42swfq.cloudfront.net\/2019\/05\/25132215\/image232.png\",\"width\":684,\"height\":1041},{\"@type\":\"BreadcrumbList\",\"@id\":\"https:\/\/www.estrategiaconcursos.com.br\/blog\/concurso-pcdf-saiba-quais-foram-os-temas-de-discursivas-do-cespe-nos-ultimos-10-anos\/#breadcrumb\",\"itemListElement\":[{\"@type\":\"ListItem\",\"position\":1,\"name\":\"In\u00edcio\",\"item\":\"https:\/\/www.estrategiaconcursos.com.br\/blog\/\"},{\"@type\":\"ListItem\",\"position\":2,\"name\":\"Concurso PCDF: saiba quais foram os temas de discursivas do CESPE nos \u00faltimos 10 anos!\"}]},{\"@type\":\"WebSite\",\"@id\":\"https:\/\/www.estrategiaconcursos.com.br\/blog\/#website\",\"url\":\"https:\/\/www.estrategiaconcursos.com.br\/blog\/\",\"name\":\"Estrat\u00e9gia Concursos\",\"description\":\"O blog da Estrat\u00e9gia Concursos traz not\u00edcias sobre concursos e artigos de professores oferecendo cursos para concursos (pdf + videaulas) no site.\",\"publisher\":{\"@id\":\"https:\/\/www.estrategiaconcursos.com.br\/blog\/#organization\"},\"potentialAction\":[{\"@type\":\"SearchAction\",\"target\":{\"@type\":\"EntryPoint\",\"urlTemplate\":\"https:\/\/www.estrategiaconcursos.com.br\/blog\/?s={search_term_string}\"},\"query-input\":{\"@type\":\"PropertyValueSpecification\",\"valueRequired\":true,\"valueName\":\"search_term_string\"}}],\"inLanguage\":\"pt-BR\"},{\"@type\":\"Organization\",\"@id\":\"https:\/\/www.estrategiaconcursos.com.br\/blog\/#organization\",\"name\":\"Estrat\u00e9gia Concursos\",\"url\":\"https:\/\/www.estrategiaconcursos.com.br\/blog\/\",\"logo\":{\"@type\":\"ImageObject\",\"inLanguage\":\"pt-BR\",\"@id\":\"https:\/\/www.estrategiaconcursos.com.br\/blog\/#\/schema\/logo\/image\/\",\"url\":\"https:\/\/dhg1h5j42swfq.cloudfront.net\/2025\/06\/03203428\/logo_concursos-1.jpg\",\"contentUrl\":\"https:\/\/dhg1h5j42swfq.cloudfront.net\/2025\/06\/03203428\/logo_concursos-1.jpg\",\"width\":230,\"height\":60,\"caption\":\"Estrat\u00e9gia Concursos\"},\"image\":{\"@id\":\"https:\/\/www.estrategiaconcursos.com.br\/blog\/#\/schema\/logo\/image\/\"},\"sameAs\":[\"https:\/\/x.com\/EstratConcursos\"]},{\"@type\":\"Person\",\"@id\":\"https:\/\/www.estrategiaconcursos.com.br\/blog\/#\/schema\/person\/93fb122910b3b72b3ba17b9d67315bef\",\"name\":\"Marcio Damasceno\",\"image\":{\"@type\":\"ImageObject\",\"inLanguage\":\"pt-BR\",\"@id\":\"https:\/\/secure.gravatar.com\/avatar\/239ef2e5a61ef0a51d0076c851c83d2b59ad4685169911ccb9f9bf306edf074e?s=96&d=mm&r=g\",\"url\":\"https:\/\/secure.gravatar.com\/avatar\/239ef2e5a61ef0a51d0076c851c83d2b59ad4685169911ccb9f9bf306edf074e?s=96&d=mm&r=g\",\"contentUrl\":\"https:\/\/secure.gravatar.com\/avatar\/239ef2e5a61ef0a51d0076c851c83d2b59ad4685169911ccb9f9bf306edf074e?s=96&d=mm&r=g\",\"caption\":\"Marcio Damasceno\"},\"url\":\"https:\/\/www.estrategiaconcursos.com.br\/blog\/author\/marciodamascenoestrategiaconcursos-com-br\/\"}]}<\/script>\n<!-- \/ Yoast SEO Premium plugin. -->","yoast_head_json":{"title":"Concurso PCDF: saiba quais foram os temas de discursivas do CESPE nos \u00faltimos 10 anos!","robots":{"index":"index","follow":"follow","max-snippet":"max-snippet:-1","max-image-preview":"max-image-preview:large","max-video-preview":"max-video-preview:-1"},"canonical":"https:\/\/www.estrategiaconcursos.com.br\/blog\/concurso-pcdf-saiba-quais-foram-os-temas-de-discursivas-do-cespe-nos-ultimos-10-anos\/","og_locale":"pt_BR","og_type":"article","og_title":"Concurso PCDF: saiba quais foram os temas de discursivas do CESPE nos \u00faltimos 10 anos!","og_description":"Ol\u00e1, Pessoal. Tudo bem? Meu nome \u00e9 Marcio Damasceno, sou professor dos Cursos de Discursivas do Estrat\u00e9gia Concursos, n\u00facleo coordenado pelo Prof. Carlos Roberto. Tamb\u00e9m sou servidor p\u00fablico federal. Atualmente, ocupo o cargo de Analista da carreira de Especialista do Banco Central do Brasil. Se voc\u00ea estuda para as Carreiras Policiais e a banca do [&hellip;]","og_url":"https:\/\/www.estrategiaconcursos.com.br\/blog\/concurso-pcdf-saiba-quais-foram-os-temas-de-discursivas-do-cespe-nos-ultimos-10-anos\/","og_site_name":"Estrat\u00e9gia Concursos","article_published_time":"2019-05-25T16:38:54+00:00","article_modified_time":"2019-05-25T16:38:56+00:00","og_image":[{"url":"https:\/\/www.estrategiaconcursos.com.br\/blog\/wp-content\/uploads\/2019\/05\/image232-673x1024.png","type":"","width":"","height":""}],"author":"Marcio Damasceno","twitter_card":"summary_large_image","twitter_creator":"@EstratConcursos","twitter_site":"@EstratConcursos","twitter_misc":{"Escrito por":"Marcio Damasceno","Est. tempo de leitura":"3 minutos"},"schema":{"@context":"https:\/\/schema.org","@graph":[{"@type":"NewsArticle","@id":"https:\/\/www.estrategiaconcursos.com.br\/blog\/concurso-pcdf-saiba-quais-foram-os-temas-de-discursivas-do-cespe-nos-ultimos-10-anos\/#article","isPartOf":{"@id":"https:\/\/www.estrategiaconcursos.com.br\/blog\/concurso-pcdf-saiba-quais-foram-os-temas-de-discursivas-do-cespe-nos-ultimos-10-anos\/"},"author":{"name":"Marcio Damasceno","@id":"https:\/\/www.estrategiaconcursos.com.br\/blog\/#\/schema\/person\/93fb122910b3b72b3ba17b9d67315bef"},"headline":"Concurso PCDF: saiba quais foram os temas de discursivas do CESPE nos \u00faltimos 10 anos!","datePublished":"2019-05-25T16:38:54+00:00","dateModified":"2019-05-25T16:38:56+00:00","mainEntityOfPage":{"@id":"https:\/\/www.estrategiaconcursos.com.br\/blog\/concurso-pcdf-saiba-quais-foram-os-temas-de-discursivas-do-cespe-nos-ultimos-10-anos\/"},"wordCount":702,"commentCount":7,"publisher":{"@id":"https:\/\/www.estrategiaconcursos.com.br\/blog\/#organization"},"image":{"@id":"https:\/\/www.estrategiaconcursos.com.br\/blog\/concurso-pcdf-saiba-quais-foram-os-temas-de-discursivas-do-cespe-nos-ultimos-10-anos\/#primaryimage"},"thumbnailUrl":"https:\/\/www.estrategiaconcursos.com.br\/blog\/wp-content\/uploads\/2019\/05\/image232-673x1024.png","articleSection":["Concursos P\u00fablicos"],"inLanguage":"pt-BR","potentialAction":[{"@type":"CommentAction","name":"Comment","target":["https:\/\/www.estrategiaconcursos.com.br\/blog\/concurso-pcdf-saiba-quais-foram-os-temas-de-discursivas-do-cespe-nos-ultimos-10-anos\/#respond"]}],"copyrightYear":"2019","copyrightHolder":{"@id":"https:\/\/www.estrategiaconcursos.com.br\/blog\/#organization"}},{"@type":"WebPage","@id":"https:\/\/www.estrategiaconcursos.com.br\/blog\/concurso-pcdf-saiba-quais-foram-os-temas-de-discursivas-do-cespe-nos-ultimos-10-anos\/","url":"https:\/\/www.estrategiaconcursos.com.br\/blog\/concurso-pcdf-saiba-quais-foram-os-temas-de-discursivas-do-cespe-nos-ultimos-10-anos\/","name":"Concurso PCDF: saiba quais foram os temas de discursivas do CESPE nos \u00faltimos 10 anos!","isPartOf":{"@id":"https:\/\/www.estrategiaconcursos.com.br\/blog\/#website"},"primaryImageOfPage":{"@id":"https:\/\/www.estrategiaconcursos.com.br\/blog\/concurso-pcdf-saiba-quais-foram-os-temas-de-discursivas-do-cespe-nos-ultimos-10-anos\/#primaryimage"},"image":{"@id":"https:\/\/www.estrategiaconcursos.com.br\/blog\/concurso-pcdf-saiba-quais-foram-os-temas-de-discursivas-do-cespe-nos-ultimos-10-anos\/#primaryimage"},"thumbnailUrl":"https:\/\/www.estrategiaconcursos.com.br\/blog\/wp-content\/uploads\/2019\/05\/image232-673x1024.png","datePublished":"2019-05-25T16:38:54+00:00","dateModified":"2019-05-25T16:38:56+00:00","breadcrumb":{"@id":"https:\/\/www.estrategiaconcursos.com.br\/blog\/concurso-pcdf-saiba-quais-foram-os-temas-de-discursivas-do-cespe-nos-ultimos-10-anos\/#breadcrumb"},"inLanguage":"pt-BR","potentialAction":[{"@type":"ReadAction","target":["https:\/\/www.estrategiaconcursos.com.br\/blog\/concurso-pcdf-saiba-quais-foram-os-temas-de-discursivas-do-cespe-nos-ultimos-10-anos\/"]}]},{"@type":"ImageObject","inLanguage":"pt-BR","@id":"https:\/\/www.estrategiaconcursos.com.br\/blog\/concurso-pcdf-saiba-quais-foram-os-temas-de-discursivas-do-cespe-nos-ultimos-10-anos\/#primaryimage","url":"https:\/\/dhg1h5j42swfq.cloudfront.net\/2019\/05\/25132215\/image232.png","contentUrl":"https:\/\/dhg1h5j42swfq.cloudfront.net\/2019\/05\/25132215\/image232.png","width":684,"height":1041},{"@type":"BreadcrumbList","@id":"https:\/\/www.estrategiaconcursos.com.br\/blog\/concurso-pcdf-saiba-quais-foram-os-temas-de-discursivas-do-cespe-nos-ultimos-10-anos\/#breadcrumb","itemListElement":[{"@type":"ListItem","position":1,"name":"In\u00edcio","item":"https:\/\/www.estrategiaconcursos.com.br\/blog\/"},{"@type":"ListItem","position":2,"name":"Concurso PCDF: saiba quais foram os temas de discursivas do CESPE nos \u00faltimos 10 anos!"}]},{"@type":"WebSite","@id":"https:\/\/www.estrategiaconcursos.com.br\/blog\/#website","url":"https:\/\/www.estrategiaconcursos.com.br\/blog\/","name":"Estrat\u00e9gia Concursos","description":"O blog da Estrat\u00e9gia Concursos traz not\u00edcias sobre concursos e artigos de professores oferecendo cursos para concursos (pdf + videaulas) no site.","publisher":{"@id":"https:\/\/www.estrategiaconcursos.com.br\/blog\/#organization"},"potentialAction":[{"@type":"SearchAction","target":{"@type":"EntryPoint","urlTemplate":"https:\/\/www.estrategiaconcursos.com.br\/blog\/?s={search_term_string}"},"query-input":{"@type":"PropertyValueSpecification","valueRequired":true,"valueName":"search_term_string"}}],"inLanguage":"pt-BR"},{"@type":"Organization","@id":"https:\/\/www.estrategiaconcursos.com.br\/blog\/#organization","name":"Estrat\u00e9gia Concursos","url":"https:\/\/www.estrategiaconcursos.com.br\/blog\/","logo":{"@type":"ImageObject","inLanguage":"pt-BR","@id":"https:\/\/www.estrategiaconcursos.com.br\/blog\/#\/schema\/logo\/image\/","url":"https:\/\/dhg1h5j42swfq.cloudfront.net\/2025\/06\/03203428\/logo_concursos-1.jpg","contentUrl":"https:\/\/dhg1h5j42swfq.cloudfront.net\/2025\/06\/03203428\/logo_concursos-1.jpg","width":230,"height":60,"caption":"Estrat\u00e9gia Concursos"},"image":{"@id":"https:\/\/www.estrategiaconcursos.com.br\/blog\/#\/schema\/logo\/image\/"},"sameAs":["https:\/\/x.com\/EstratConcursos"]},{"@type":"Person","@id":"https:\/\/www.estrategiaconcursos.com.br\/blog\/#\/schema\/person\/93fb122910b3b72b3ba17b9d67315bef","name":"Marcio Damasceno","image":{"@type":"ImageObject","inLanguage":"pt-BR","@id":"https:\/\/secure.gravatar.com\/avatar\/239ef2e5a61ef0a51d0076c851c83d2b59ad4685169911ccb9f9bf306edf074e?s=96&d=mm&r=g","url":"https:\/\/secure.gravatar.com\/avatar\/239ef2e5a61ef0a51d0076c851c83d2b59ad4685169911ccb9f9bf306edf074e?s=96&d=mm&r=g","contentUrl":"https:\/\/secure.gravatar.com\/avatar\/239ef2e5a61ef0a51d0076c851c83d2b59ad4685169911ccb9f9bf306edf074e?s=96&d=mm&r=g","caption":"Marcio Damasceno"},"url":"https:\/\/www.estrategiaconcursos.com.br\/blog\/author\/marciodamascenoestrategiaconcursos-com-br\/"}]}},"_links":{"self":[{"href":"https:\/\/www.estrategiaconcursos.com.br\/blog\/wp-json\/wp\/v2\/posts\/378024","targetHints":{"allow":["GET"]}}],"collection":[{"href":"https:\/\/www.estrategiaconcursos.com.br\/blog\/wp-json\/wp\/v2\/posts"}],"about":[{"href":"https:\/\/www.estrategiaconcursos.com.br\/blog\/wp-json\/wp\/v2\/types\/post"}],"author":[{"embeddable":true,"href":"https:\/\/www.estrategiaconcursos.com.br\/blog\/wp-json\/wp\/v2\/users\/611"}],"replies":[{"embeddable":true,"href":"https:\/\/www.estrategiaconcursos.com.br\/blog\/wp-json\/wp\/v2\/comments?post=378024"}],"version-history":[{"count":4,"href":"https:\/\/www.estrategiaconcursos.com.br\/blog\/wp-json\/wp\/v2\/posts\/378024\/revisions"}],"predecessor-version":[{"id":378032,"href":"https:\/\/www.estrategiaconcursos.com.br\/blog\/wp-json\/wp\/v2\/posts\/378024\/revisions\/378032"}],"wp:attachment":[{"href":"https:\/\/www.estrategiaconcursos.com.br\/blog\/wp-json\/wp\/v2\/media?parent=378024"}],"wp:term":[{"taxonomy":"category","embeddable":true,"href":"https:\/\/www.estrategiaconcursos.com.br\/blog\/wp-json\/wp\/v2\/categories?post=378024"},{"taxonomy":"post_tag","embeddable":true,"href":"https:\/\/www.estrategiaconcursos.com.br\/blog\/wp-json\/wp\/v2\/tags?post=378024"},{"taxonomy":"tax_estado","embeddable":true,"href":"https:\/\/www.estrategiaconcursos.com.br\/blog\/wp-json\/wp\/v2\/tax_estado?post=378024"}],"curies":[{"name":"wp","href":"https:\/\/api.w.org\/{rel}","templated":true}]}}