{"id":377945,"date":"2019-05-25T10:24:11","date_gmt":"2019-05-25T13:24:11","guid":{"rendered":"https:\/\/www.estrategiaconcursos.com.br\/blog\/?p=377945"},"modified":"2019-05-25T10:26:54","modified_gmt":"2019-05-25T13:26:54","slug":"suspensao-nomeacoes-justica-do-trabalho","status":"publish","type":"post","link":"https:\/\/www.estrategiaconcursos.com.br\/blog\/suspensao-nomeacoes-justica-do-trabalho\/","title":{"rendered":"Depois dos TRE&#8217;s, CSJT suspende nomea\u00e7\u00f5es na Justi\u00e7a do Trabalho"},"content":{"rendered":"\n<p style=\"font-size:25px\"><em>Nomea\u00e7\u00f5es que aumentem os gastos no or\u00e7amento est\u00e3o suspensas<\/em><\/p>\n\n\n\n<p>O Conselho Superior de Justi\u00e7a do Trabalho (CSJT) comunicou que as nomea\u00e7\u00f5es em toda a Justi\u00e7a do Trabalho est\u00e3o suspensas por causa da falta de recursos. De acordo com o CSJT, as nomea\u00e7\u00f5es para cargos efetivos no 1\u00ba e 2\u00ba grau est\u00e3o comprometidas por conta da indisponibilidade or\u00e7ament\u00e1ria de recursos.<\/p>\n\n\n\n<p>O comunicado foi feito no portal oficial do Conselho publicado na \u00faltima sexta-feira, 24 de maio. A regra dos provimentos, a partir de agora, est\u00e1 sujeita \u00e0 Emenda Constitucional 95\/2016, que instituiu o Novo Regime Fiscal no pa\u00eds. A Justi\u00e7a do Trabalho n\u00e3o \u00e9 a \u00fanica a suspender provimentos que aumentem a proje\u00e7\u00e3o de gastos no or\u00e7amento dos pr\u00f3ximos anos.<\/p>\n\n\n\n<p>Ainda em 2017, pelo mesmo motivo, o Tribunal Superior Eleitoral (na \u00e9poca presidido pelo ministro Gilmar Mendes) publicou uma portaria suspendendo as nomea\u00e7\u00f5es em todos os Tribunais Regionais Eleitorais. A institui\u00e7\u00e3o do Novo Regime Fiscal no pa\u00eds privou o or\u00e7amento para que o gasto dos \u00f3rg\u00e3os n\u00e3o ultrapassasse o teto constitucional.<\/p>\n\n\n\n<p>Com a decis\u00e3o do CSJT, despesas com gasto pessoal <em>(que t\u00eam car\u00e1ter continuado e repercutem no or\u00e7amento dos exerc\u00edcios futuros)<\/em> estar\u00e3o sujeitas \u00e0 Emenda Constitucional.<\/p>\n\n\n\n<figure class=\"wp-block-image\"><img decoding=\"async\" src=\"https:\/\/dhg1h5j42swfq.cloudfront.net\/2019\/05\/25100711\/Captura-de-Tela-2019-05-25-a%CC%80s-10.06.55.png\" alt=\"\" class=\"wp-image-377954\"\/><\/figure>\n\n\n\n<h2 class=\"wp-block-heading\">Situa\u00e7\u00e3o \u00e9 semelhante \u00e0 Justi\u00e7a Eleitoral<\/h2>\n\n\n\n<p>Em setembro de 2017, o TSE publicou uma portaria em 22 de setembro de 2017, a Portaria de n\u00ba 671, que suspendeu as nomea\u00e7\u00f5es em toda a Justi\u00e7a Eleitoral do pa\u00eds a partir de novembro daquele ano. A suspens\u00e3o veio em cumprimento \u00e0 Emenda Constitucional n\u00ba 95, que instituiu o regime fiscal no pa\u00eds.<\/p>\n\n\n\n<p>A decis\u00e3o afetou TRE&#8217;s como os de Tocantins, Bahia, Rio de Janeiro e Paran\u00e1, que realizaram concurso naquele ano. Mas, em junho de 2018, o TSE voltou atr\u00e1s e publicou a portaria n\u00ba 574 criando exce\u00e7\u00f5es para que os TRE&#8217;s voltasse a nomear. Resultado disso, dias depois, Tribunais Regionais Eleitorais que tinham concurso em vig\u00eancia, voltaram a nomear servidores.<\/p>\n\n\n\n<p>Dessa forma, nos casos em que n\u00e3o h\u00e1 impacto or\u00e7ament\u00e1rio, os TRE\u2019s poder\u00e3o nomear novos servidores normalmente, desde que essas nomea\u00e7\u00f5es atendam aos crit\u00e9rios exigidos pela portaria, que s\u00e3o: <\/p>\n\n\n\n<p><em>I \u2013 vac\u00e2ncias ocorridas a partir de 1\u00ba de abril de 2018;<\/em><\/p>\n\n\n\n<p><em>II \u2013 readapta\u00e7\u00e3o, revers\u00e3o, aproveitamento, reintegra\u00e7\u00e3o e recondu\u00e7\u00e3o;<\/em><\/p>\n\n\n\n<p><em>III \u2013 cumprimento de senten\u00e7a judicial transitada em julgado.<\/em><\/p>\n\n\n\n<p style=\"font-size:25px;text-align:center\" class=\"has-background has-luminous-vivid-amber-background-color\"><span style=\"text-decoration: underline;\"><a href=\"https:\/\/www.estrategiaconcursos.com.br\/blog\/concursos-2019\/\" target=\"_blank\" rel=\"noreferrer noopener\" aria-label=\"CONCURSOS 2019 (abre numa nova aba)\">CONCURSOS 2019<\/a><\/span><\/p>\n","protected":false},"excerpt":{"rendered":"<p>Nomea\u00e7\u00f5es que aumentem os gastos no or\u00e7amento est\u00e3o suspensas O Conselho Superior de Justi\u00e7a do Trabalho (CSJT) comunicou que as nomea\u00e7\u00f5es em toda a Justi\u00e7a do Trabalho est\u00e3o suspensas por causa da falta de recursos. De acordo com o CSJT, as nomea\u00e7\u00f5es para cargos efetivos no 1\u00ba e 2\u00ba grau est\u00e3o comprometidas por conta da [&hellip;]<\/p>\n","protected":false},"author":1,"featured_media":377969,"comment_status":"open","ping_status":"closed","sticky":false,"template":"","format":"standard","meta":{"post_tipo":"news","footnotes":""},"categories":[1],"tags":[],"tax_estado":[],"class_list":["post-377945","post","type-post","status-publish","format-standard","has-post-thumbnail","hentry","category-cursos-e-concursos"],"acf":[],"yoast_head":"<!-- This site is optimized with the Yoast SEO Premium plugin v27.2 (Yoast SEO v27.2) - https:\/\/yoast.com\/product\/yoast-seo-premium-wordpress\/ -->\n<title>Depois dos TRE&#039;s, CSJT suspende nomea\u00e7\u00f5es na Justi\u00e7a do Trabalho<\/title>\n<meta name=\"robots\" content=\"index, follow, max-snippet:-1, max-image-preview:large, max-video-preview:-1\" \/>\n<link rel=\"canonical\" href=\"https:\/\/www.estrategiaconcursos.com.br\/blog\/suspensao-nomeacoes-justica-do-trabalho\/\" \/>\n<meta property=\"og:locale\" content=\"pt_BR\" \/>\n<meta property=\"og:type\" content=\"article\" \/>\n<meta property=\"og:title\" content=\"Depois dos TRE&#039;s, CSJT suspende nomea\u00e7\u00f5es na Justi\u00e7a do Trabalho\" \/>\n<meta property=\"og:description\" content=\"Nomea\u00e7\u00f5es que aumentem os gastos no or\u00e7amento est\u00e3o suspensas O Conselho Superior de Justi\u00e7a do Trabalho (CSJT) comunicou que as nomea\u00e7\u00f5es em toda a Justi\u00e7a do Trabalho est\u00e3o suspensas por causa da falta de recursos. De acordo com o CSJT, as nomea\u00e7\u00f5es para cargos efetivos no 1\u00ba e 2\u00ba grau est\u00e3o comprometidas por conta da [&hellip;]\" \/>\n<meta property=\"og:url\" content=\"https:\/\/www.estrategiaconcursos.com.br\/blog\/suspensao-nomeacoes-justica-do-trabalho\/\" \/>\n<meta property=\"og:site_name\" content=\"Estrat\u00e9gia Concursos\" \/>\n<meta property=\"article:author\" content=\"https:\/\/www.facebook.com\/EstrategiaConcursos\" \/>\n<meta property=\"article:published_time\" content=\"2019-05-25T13:24:11+00:00\" \/>\n<meta property=\"article:modified_time\" content=\"2019-05-25T13:26:54+00:00\" \/>\n<meta property=\"og:image\" content=\"https:\/\/dhg1h5j42swfq.cloudfront.net\/2019\/05\/25102339\/justica-do-trabalho.jpg\" \/>\n\t<meta property=\"og:image:width\" content=\"534\" \/>\n\t<meta property=\"og:image:height\" content=\"300\" \/>\n\t<meta property=\"og:image:type\" content=\"image\/jpeg\" \/>\n<meta name=\"author\" content=\"Coordena\u00e7\u00e3o\" \/>\n<meta name=\"twitter:card\" content=\"summary_large_image\" \/>\n<meta name=\"twitter:creator\" content=\"@EstratConcursos\" \/>\n<meta name=\"twitter:site\" content=\"@EstratConcursos\" \/>\n<meta name=\"twitter:label1\" content=\"Escrito por\" \/>\n\t<meta name=\"twitter:data1\" content=\"Coordena\u00e7\u00e3o\" \/>\n\t<meta name=\"twitter:label2\" content=\"Est. tempo de leitura\" \/>\n\t<meta name=\"twitter:data2\" content=\"2 minutos\" \/>\n<script type=\"application\/ld+json\" class=\"yoast-schema-graph\">{\"@context\":\"https:\/\/schema.org\",\"@graph\":[{\"@type\":\"NewsArticle\",\"@id\":\"https:\/\/www.estrategiaconcursos.com.br\/blog\/suspensao-nomeacoes-justica-do-trabalho\/#article\",\"isPartOf\":{\"@id\":\"https:\/\/www.estrategiaconcursos.com.br\/blog\/suspensao-nomeacoes-justica-do-trabalho\/\"},\"author\":{\"name\":\"Coordena\u00e7\u00e3o\",\"@id\":\"https:\/\/www.estrategiaconcursos.com.br\/blog\/#\/schema\/person\/b4a388c97673c5f483d72185668afa1f\"},\"headline\":\"Depois dos TRE&#8217;s, CSJT suspende nomea\u00e7\u00f5es na Justi\u00e7a do Trabalho\",\"datePublished\":\"2019-05-25T13:24:11+00:00\",\"dateModified\":\"2019-05-25T13:26:54+00:00\",\"mainEntityOfPage\":{\"@id\":\"https:\/\/www.estrategiaconcursos.com.br\/blog\/suspensao-nomeacoes-justica-do-trabalho\/\"},\"wordCount\":419,\"commentCount\":3,\"publisher\":{\"@id\":\"https:\/\/www.estrategiaconcursos.com.br\/blog\/#organization\"},\"image\":{\"@id\":\"https:\/\/www.estrategiaconcursos.com.br\/blog\/suspensao-nomeacoes-justica-do-trabalho\/#primaryimage\"},\"thumbnailUrl\":\"https:\/\/dhg1h5j42swfq.cloudfront.net\/2019\/05\/25102339\/justica-do-trabalho.jpg\",\"articleSection\":[\"Concursos P\u00fablicos\"],\"inLanguage\":\"pt-BR\",\"potentialAction\":[{\"@type\":\"CommentAction\",\"name\":\"Comment\",\"target\":[\"https:\/\/www.estrategiaconcursos.com.br\/blog\/suspensao-nomeacoes-justica-do-trabalho\/#respond\"]}],\"copyrightYear\":\"2019\",\"copyrightHolder\":{\"@id\":\"https:\/\/www.estrategiaconcursos.com.br\/blog\/#organization\"}},{\"@type\":\"WebPage\",\"@id\":\"https:\/\/www.estrategiaconcursos.com.br\/blog\/suspensao-nomeacoes-justica-do-trabalho\/\",\"url\":\"https:\/\/www.estrategiaconcursos.com.br\/blog\/suspensao-nomeacoes-justica-do-trabalho\/\",\"name\":\"Depois dos TRE's, CSJT suspende nomea\u00e7\u00f5es na Justi\u00e7a do Trabalho\",\"isPartOf\":{\"@id\":\"https:\/\/www.estrategiaconcursos.com.br\/blog\/#website\"},\"primaryImageOfPage\":{\"@id\":\"https:\/\/www.estrategiaconcursos.com.br\/blog\/suspensao-nomeacoes-justica-do-trabalho\/#primaryimage\"},\"image\":{\"@id\":\"https:\/\/www.estrategiaconcursos.com.br\/blog\/suspensao-nomeacoes-justica-do-trabalho\/#primaryimage\"},\"thumbnailUrl\":\"https:\/\/dhg1h5j42swfq.cloudfront.net\/2019\/05\/25102339\/justica-do-trabalho.jpg\",\"datePublished\":\"2019-05-25T13:24:11+00:00\",\"dateModified\":\"2019-05-25T13:26:54+00:00\",\"breadcrumb\":{\"@id\":\"https:\/\/www.estrategiaconcursos.com.br\/blog\/suspensao-nomeacoes-justica-do-trabalho\/#breadcrumb\"},\"inLanguage\":\"pt-BR\",\"potentialAction\":[{\"@type\":\"ReadAction\",\"target\":[\"https:\/\/www.estrategiaconcursos.com.br\/blog\/suspensao-nomeacoes-justica-do-trabalho\/\"]}]},{\"@type\":\"ImageObject\",\"inLanguage\":\"pt-BR\",\"@id\":\"https:\/\/www.estrategiaconcursos.com.br\/blog\/suspensao-nomeacoes-justica-do-trabalho\/#primaryimage\",\"url\":\"https:\/\/dhg1h5j42swfq.cloudfront.net\/2019\/05\/25102339\/justica-do-trabalho.jpg\",\"contentUrl\":\"https:\/\/dhg1h5j42swfq.cloudfront.net\/2019\/05\/25102339\/justica-do-trabalho.jpg\",\"width\":534,\"height\":300},{\"@type\":\"BreadcrumbList\",\"@id\":\"https:\/\/www.estrategiaconcursos.com.br\/blog\/suspensao-nomeacoes-justica-do-trabalho\/#breadcrumb\",\"itemListElement\":[{\"@type\":\"ListItem\",\"position\":1,\"name\":\"In\u00edcio\",\"item\":\"https:\/\/www.estrategiaconcursos.com.br\/blog\/\"},{\"@type\":\"ListItem\",\"position\":2,\"name\":\"Depois dos TRE&#8217;s, CSJT suspende nomea\u00e7\u00f5es na Justi\u00e7a do Trabalho\"}]},{\"@type\":\"WebSite\",\"@id\":\"https:\/\/www.estrategiaconcursos.com.br\/blog\/#website\",\"url\":\"https:\/\/www.estrategiaconcursos.com.br\/blog\/\",\"name\":\"Estrat\u00e9gia Concursos\",\"description\":\"O blog da Estrat\u00e9gia Concursos traz not\u00edcias sobre concursos e artigos de professores oferecendo cursos para concursos (pdf + videaulas) no site.\",\"publisher\":{\"@id\":\"https:\/\/www.estrategiaconcursos.com.br\/blog\/#organization\"},\"potentialAction\":[{\"@type\":\"SearchAction\",\"target\":{\"@type\":\"EntryPoint\",\"urlTemplate\":\"https:\/\/www.estrategiaconcursos.com.br\/blog\/?s={search_term_string}\"},\"query-input\":{\"@type\":\"PropertyValueSpecification\",\"valueRequired\":true,\"valueName\":\"search_term_string\"}}],\"inLanguage\":\"pt-BR\"},{\"@type\":\"Organization\",\"@id\":\"https:\/\/www.estrategiaconcursos.com.br\/blog\/#organization\",\"name\":\"Estrat\u00e9gia Concursos\",\"url\":\"https:\/\/www.estrategiaconcursos.com.br\/blog\/\",\"logo\":{\"@type\":\"ImageObject\",\"inLanguage\":\"pt-BR\",\"@id\":\"https:\/\/www.estrategiaconcursos.com.br\/blog\/#\/schema\/logo\/image\/\",\"url\":\"https:\/\/dhg1h5j42swfq.cloudfront.net\/2025\/06\/03203428\/logo_concursos-1.jpg\",\"contentUrl\":\"https:\/\/dhg1h5j42swfq.cloudfront.net\/2025\/06\/03203428\/logo_concursos-1.jpg\",\"width\":230,\"height\":60,\"caption\":\"Estrat\u00e9gia Concursos\"},\"image\":{\"@id\":\"https:\/\/www.estrategiaconcursos.com.br\/blog\/#\/schema\/logo\/image\/\"},\"sameAs\":[\"https:\/\/x.com\/EstratConcursos\"]},{\"@type\":\"Person\",\"@id\":\"https:\/\/www.estrategiaconcursos.com.br\/blog\/#\/schema\/person\/b4a388c97673c5f483d72185668afa1f\",\"name\":\"Coordena\u00e7\u00e3o\",\"image\":{\"@type\":\"ImageObject\",\"inLanguage\":\"pt-BR\",\"@id\":\"https:\/\/secure.gravatar.com\/avatar\/b720319e4c9a967eb58678d110f4fe35452fc5d5f97b202bac7b8acceb18c6ad?s=96&d=mm&r=g\",\"url\":\"https:\/\/secure.gravatar.com\/avatar\/b720319e4c9a967eb58678d110f4fe35452fc5d5f97b202bac7b8acceb18c6ad?s=96&d=mm&r=g\",\"contentUrl\":\"https:\/\/secure.gravatar.com\/avatar\/b720319e4c9a967eb58678d110f4fe35452fc5d5f97b202bac7b8acceb18c6ad?s=96&d=mm&r=g\",\"caption\":\"Coordena\u00e7\u00e3o\"},\"sameAs\":[\"https:\/\/www.facebook.com\/EstrategiaConcursos\",\"https:\/\/x.com\/EstratConcursos\"],\"url\":\"https:\/\/www.estrategiaconcursos.com.br\/blog\/author\/estrategia2013\/\"}]}<\/script>\n<!-- \/ Yoast SEO Premium plugin. -->","yoast_head_json":{"title":"Depois dos TRE's, CSJT suspende nomea\u00e7\u00f5es na Justi\u00e7a do Trabalho","robots":{"index":"index","follow":"follow","max-snippet":"max-snippet:-1","max-image-preview":"max-image-preview:large","max-video-preview":"max-video-preview:-1"},"canonical":"https:\/\/www.estrategiaconcursos.com.br\/blog\/suspensao-nomeacoes-justica-do-trabalho\/","og_locale":"pt_BR","og_type":"article","og_title":"Depois dos TRE's, CSJT suspende nomea\u00e7\u00f5es na Justi\u00e7a do Trabalho","og_description":"Nomea\u00e7\u00f5es que aumentem os gastos no or\u00e7amento est\u00e3o suspensas O Conselho Superior de Justi\u00e7a do Trabalho (CSJT) comunicou que as nomea\u00e7\u00f5es em toda a Justi\u00e7a do Trabalho est\u00e3o suspensas por causa da falta de recursos. De acordo com o CSJT, as nomea\u00e7\u00f5es para cargos efetivos no 1\u00ba e 2\u00ba grau est\u00e3o comprometidas por conta da [&hellip;]","og_url":"https:\/\/www.estrategiaconcursos.com.br\/blog\/suspensao-nomeacoes-justica-do-trabalho\/","og_site_name":"Estrat\u00e9gia Concursos","article_author":"https:\/\/www.facebook.com\/EstrategiaConcursos","article_published_time":"2019-05-25T13:24:11+00:00","article_modified_time":"2019-05-25T13:26:54+00:00","og_image":[{"width":534,"height":300,"url":"https:\/\/dhg1h5j42swfq.cloudfront.net\/2019\/05\/25102339\/justica-do-trabalho.jpg","type":"image\/jpeg"}],"author":"Coordena\u00e7\u00e3o","twitter_card":"summary_large_image","twitter_creator":"@EstratConcursos","twitter_site":"@EstratConcursos","twitter_misc":{"Escrito por":"Coordena\u00e7\u00e3o","Est. tempo de leitura":"2 minutos"},"schema":{"@context":"https:\/\/schema.org","@graph":[{"@type":"NewsArticle","@id":"https:\/\/www.estrategiaconcursos.com.br\/blog\/suspensao-nomeacoes-justica-do-trabalho\/#article","isPartOf":{"@id":"https:\/\/www.estrategiaconcursos.com.br\/blog\/suspensao-nomeacoes-justica-do-trabalho\/"},"author":{"name":"Coordena\u00e7\u00e3o","@id":"https:\/\/www.estrategiaconcursos.com.br\/blog\/#\/schema\/person\/b4a388c97673c5f483d72185668afa1f"},"headline":"Depois dos TRE&#8217;s, CSJT suspende nomea\u00e7\u00f5es na Justi\u00e7a do Trabalho","datePublished":"2019-05-25T13:24:11+00:00","dateModified":"2019-05-25T13:26:54+00:00","mainEntityOfPage":{"@id":"https:\/\/www.estrategiaconcursos.com.br\/blog\/suspensao-nomeacoes-justica-do-trabalho\/"},"wordCount":419,"commentCount":3,"publisher":{"@id":"https:\/\/www.estrategiaconcursos.com.br\/blog\/#organization"},"image":{"@id":"https:\/\/www.estrategiaconcursos.com.br\/blog\/suspensao-nomeacoes-justica-do-trabalho\/#primaryimage"},"thumbnailUrl":"https:\/\/dhg1h5j42swfq.cloudfront.net\/2019\/05\/25102339\/justica-do-trabalho.jpg","articleSection":["Concursos P\u00fablicos"],"inLanguage":"pt-BR","potentialAction":[{"@type":"CommentAction","name":"Comment","target":["https:\/\/www.estrategiaconcursos.com.br\/blog\/suspensao-nomeacoes-justica-do-trabalho\/#respond"]}],"copyrightYear":"2019","copyrightHolder":{"@id":"https:\/\/www.estrategiaconcursos.com.br\/blog\/#organization"}},{"@type":"WebPage","@id":"https:\/\/www.estrategiaconcursos.com.br\/blog\/suspensao-nomeacoes-justica-do-trabalho\/","url":"https:\/\/www.estrategiaconcursos.com.br\/blog\/suspensao-nomeacoes-justica-do-trabalho\/","name":"Depois dos TRE's, CSJT suspende nomea\u00e7\u00f5es na Justi\u00e7a do Trabalho","isPartOf":{"@id":"https:\/\/www.estrategiaconcursos.com.br\/blog\/#website"},"primaryImageOfPage":{"@id":"https:\/\/www.estrategiaconcursos.com.br\/blog\/suspensao-nomeacoes-justica-do-trabalho\/#primaryimage"},"image":{"@id":"https:\/\/www.estrategiaconcursos.com.br\/blog\/suspensao-nomeacoes-justica-do-trabalho\/#primaryimage"},"thumbnailUrl":"https:\/\/dhg1h5j42swfq.cloudfront.net\/2019\/05\/25102339\/justica-do-trabalho.jpg","datePublished":"2019-05-25T13:24:11+00:00","dateModified":"2019-05-25T13:26:54+00:00","breadcrumb":{"@id":"https:\/\/www.estrategiaconcursos.com.br\/blog\/suspensao-nomeacoes-justica-do-trabalho\/#breadcrumb"},"inLanguage":"pt-BR","potentialAction":[{"@type":"ReadAction","target":["https:\/\/www.estrategiaconcursos.com.br\/blog\/suspensao-nomeacoes-justica-do-trabalho\/"]}]},{"@type":"ImageObject","inLanguage":"pt-BR","@id":"https:\/\/www.estrategiaconcursos.com.br\/blog\/suspensao-nomeacoes-justica-do-trabalho\/#primaryimage","url":"https:\/\/dhg1h5j42swfq.cloudfront.net\/2019\/05\/25102339\/justica-do-trabalho.jpg","contentUrl":"https:\/\/dhg1h5j42swfq.cloudfront.net\/2019\/05\/25102339\/justica-do-trabalho.jpg","width":534,"height":300},{"@type":"BreadcrumbList","@id":"https:\/\/www.estrategiaconcursos.com.br\/blog\/suspensao-nomeacoes-justica-do-trabalho\/#breadcrumb","itemListElement":[{"@type":"ListItem","position":1,"name":"In\u00edcio","item":"https:\/\/www.estrategiaconcursos.com.br\/blog\/"},{"@type":"ListItem","position":2,"name":"Depois dos TRE&#8217;s, CSJT suspende nomea\u00e7\u00f5es na Justi\u00e7a do Trabalho"}]},{"@type":"WebSite","@id":"https:\/\/www.estrategiaconcursos.com.br\/blog\/#website","url":"https:\/\/www.estrategiaconcursos.com.br\/blog\/","name":"Estrat\u00e9gia Concursos","description":"O blog da Estrat\u00e9gia Concursos traz not\u00edcias sobre concursos e artigos de professores oferecendo cursos para concursos (pdf + videaulas) no site.","publisher":{"@id":"https:\/\/www.estrategiaconcursos.com.br\/blog\/#organization"},"potentialAction":[{"@type":"SearchAction","target":{"@type":"EntryPoint","urlTemplate":"https:\/\/www.estrategiaconcursos.com.br\/blog\/?s={search_term_string}"},"query-input":{"@type":"PropertyValueSpecification","valueRequired":true,"valueName":"search_term_string"}}],"inLanguage":"pt-BR"},{"@type":"Organization","@id":"https:\/\/www.estrategiaconcursos.com.br\/blog\/#organization","name":"Estrat\u00e9gia Concursos","url":"https:\/\/www.estrategiaconcursos.com.br\/blog\/","logo":{"@type":"ImageObject","inLanguage":"pt-BR","@id":"https:\/\/www.estrategiaconcursos.com.br\/blog\/#\/schema\/logo\/image\/","url":"https:\/\/dhg1h5j42swfq.cloudfront.net\/2025\/06\/03203428\/logo_concursos-1.jpg","contentUrl":"https:\/\/dhg1h5j42swfq.cloudfront.net\/2025\/06\/03203428\/logo_concursos-1.jpg","width":230,"height":60,"caption":"Estrat\u00e9gia Concursos"},"image":{"@id":"https:\/\/www.estrategiaconcursos.com.br\/blog\/#\/schema\/logo\/image\/"},"sameAs":["https:\/\/x.com\/EstratConcursos"]},{"@type":"Person","@id":"https:\/\/www.estrategiaconcursos.com.br\/blog\/#\/schema\/person\/b4a388c97673c5f483d72185668afa1f","name":"Coordena\u00e7\u00e3o","image":{"@type":"ImageObject","inLanguage":"pt-BR","@id":"https:\/\/secure.gravatar.com\/avatar\/b720319e4c9a967eb58678d110f4fe35452fc5d5f97b202bac7b8acceb18c6ad?s=96&d=mm&r=g","url":"https:\/\/secure.gravatar.com\/avatar\/b720319e4c9a967eb58678d110f4fe35452fc5d5f97b202bac7b8acceb18c6ad?s=96&d=mm&r=g","contentUrl":"https:\/\/secure.gravatar.com\/avatar\/b720319e4c9a967eb58678d110f4fe35452fc5d5f97b202bac7b8acceb18c6ad?s=96&d=mm&r=g","caption":"Coordena\u00e7\u00e3o"},"sameAs":["https:\/\/www.facebook.com\/EstrategiaConcursos","https:\/\/x.com\/EstratConcursos"],"url":"https:\/\/www.estrategiaconcursos.com.br\/blog\/author\/estrategia2013\/"}]}},"_links":{"self":[{"href":"https:\/\/www.estrategiaconcursos.com.br\/blog\/wp-json\/wp\/v2\/posts\/377945","targetHints":{"allow":["GET"]}}],"collection":[{"href":"https:\/\/www.estrategiaconcursos.com.br\/blog\/wp-json\/wp\/v2\/posts"}],"about":[{"href":"https:\/\/www.estrategiaconcursos.com.br\/blog\/wp-json\/wp\/v2\/types\/post"}],"author":[{"embeddable":true,"href":"https:\/\/www.estrategiaconcursos.com.br\/blog\/wp-json\/wp\/v2\/users\/1"}],"replies":[{"embeddable":true,"href":"https:\/\/www.estrategiaconcursos.com.br\/blog\/wp-json\/wp\/v2\/comments?post=377945"}],"version-history":[{"count":9,"href":"https:\/\/www.estrategiaconcursos.com.br\/blog\/wp-json\/wp\/v2\/posts\/377945\/revisions"}],"predecessor-version":[{"id":377973,"href":"https:\/\/www.estrategiaconcursos.com.br\/blog\/wp-json\/wp\/v2\/posts\/377945\/revisions\/377973"}],"wp:featuredmedia":[{"embeddable":true,"href":"https:\/\/www.estrategiaconcursos.com.br\/blog\/wp-json\/wp\/v2\/media\/377969"}],"wp:attachment":[{"href":"https:\/\/www.estrategiaconcursos.com.br\/blog\/wp-json\/wp\/v2\/media?parent=377945"}],"wp:term":[{"taxonomy":"category","embeddable":true,"href":"https:\/\/www.estrategiaconcursos.com.br\/blog\/wp-json\/wp\/v2\/categories?post=377945"},{"taxonomy":"post_tag","embeddable":true,"href":"https:\/\/www.estrategiaconcursos.com.br\/blog\/wp-json\/wp\/v2\/tags?post=377945"},{"taxonomy":"tax_estado","embeddable":true,"href":"https:\/\/www.estrategiaconcursos.com.br\/blog\/wp-json\/wp\/v2\/tax_estado?post=377945"}],"curies":[{"name":"wp","href":"https:\/\/api.w.org\/{rel}","templated":true}]}}