{"id":377905,"date":"2019-05-25T09:15:17","date_gmt":"2019-05-25T12:15:17","guid":{"rendered":"https:\/\/www.estrategiaconcursos.com.br\/blog\/?p=377905"},"modified":"2019-05-25T09:25:00","modified_gmt":"2019-05-25T12:25:00","slug":"concurso-prf-moro-novas-nomeacoes","status":"publish","type":"post","link":"https:\/\/www.estrategiaconcursos.com.br\/blog\/concurso-prf-moro-novas-nomeacoes\/","title":{"rendered":"Concurso PRF: S\u00e9rgio Moro fala em aumentar n\u00famero de nomea\u00e7\u00f5es na PRF"},"content":{"rendered":"\n<p>O Ministro da Justi\u00e7a e da Seguran\u00e7a P\u00fablica, S\u00e9rgio Moro, comemorou em sua rede social, no Twitter, a publica\u00e7\u00e3o do decreto presidencial que autoriza a nomea\u00e7\u00e3o de mais 547 aprovados no concurso da Pol\u00edcia Federal, al\u00e9m das 500 vagas previstas no edital do concurso. Moro disse ainda que vai tentar <em>&#8220;algo similar para PRF&#8221;<\/em>.<\/p>\n\n\n\n<p>De acordo com Moro, o refor\u00e7o que a Pol\u00edcia Federal com a publica\u00e7\u00e3o do decreto sugere a preocupa\u00e7\u00e3o que o governo tem demonstrado em busca de um pa\u00eds mais seguro, com menos corrup\u00e7\u00e3o e menos drogas e armas nas ruas.<\/p>\n\n\n\n<p>S\u00e9rgio Moro comemorou no Twitter a publica\u00e7\u00e3o do decreto e exclamou: <em>&#8220;Seremos firmes contra corrup\u00e7\u00e3o e o crime organizado&#8221;<\/em>.<\/p>\n\n\n\n<figure class=\"wp-block-image\"><img decoding=\"async\" src=\"https:\/\/dhg1h5j42swfq.cloudfront.net\/2019\/05\/25090415\/Captura-de-Tela-2019-05-25-a%CC%80s-09.04.06.png\" alt=\"\" class=\"wp-image-377914\"\/><\/figure>\n\n\n\n<p>O decreto que aumenta o n\u00famero de nomea\u00e7\u00f5es na Pol\u00edcia Federal foi assinado pelo presidente Jair Bolsonaro e publicado no Di\u00e1rio Oficial da Uni\u00e3o, edi\u00e7\u00e3o de sexta-feira, 24 de maio. De acordo com o texto, a <em><span style=\"text-decoration: underline;\"><a href=\"https:\/\/www.estrategiaconcursos.com.br\/blog\/policia-federal-nomeacao\/\" target=\"_blank\" rel=\"noreferrer noopener\" aria-label=\"Pol\u00edcia Federal fica autorizada a nomear mais 547 candidatos al\u00e9m das 500 vagas autorizadas (abre numa nova aba)\">Pol\u00edcia Federal fica autorizada a nomear mais 547 candidatos al\u00e9m das 500 vagas autorizadas<\/a><\/span><\/em>.<\/p>\n\n\n\n<p>O documento oficial traz ainda a distribui\u00e7\u00e3o das vagas que devem ser preenchidas. Entre os cargos que ir\u00e3o receber um contingente maior de novos policiais federais s\u00e3o os cargos de Delegado e Agente de pol\u00edcia, conforme quadro disponibilizado abaixo.<\/p>\n\n\n\n<h2 class=\"wp-block-heading\">Distribui\u00e7\u00e3o das novas vagas<\/h2>\n\n\n\n<figure class=\"wp-block-image\"><img loading=\"lazy\" decoding=\"async\" width=\"627\" height=\"602\" src=\"https:\/\/dhg1h5j42swfq.cloudfront.net\/2019\/05\/24141648\/image225.png\" alt=\"\" class=\"wp-image-377608\" srcset=\"https:\/\/dhg1h5j42swfq.cloudfront.net\/2019\/05\/24141648\/image225.png 627w, https:\/\/dhg1h5j42swfq.cloudfront.net\/2019\/05\/24141648\/image225.png 300w, https:\/\/dhg1h5j42swfq.cloudfront.net\/2019\/05\/24141648\/image225.png 610w\" sizes=\"auto, (max-width: 627px) 100vw, 627px\" \/><\/figure>\n\n\n\n<p>A publica\u00e7\u00e3o do decreto tamb\u00e9m foi comemorada pelo presidente Jair Bolsonaro em sua rede social, no Facebook. Em uma postagem, o presidente diz:<\/p>\n\n\n\n<p><em>EXCELENTE NOT\u00cdCIA:<br \/>&#8211; Decreto que autoriza a nomea\u00e7\u00e3o de mais 547 policiais federais al\u00e9m dos 500 j\u00e1 previstos no concurso em andamento foi publicado.<br \/>&#8211; Brevemente teremos mais de 1000 novos policiais federais a servi\u00e7o de nosso pa\u00eds e nossa sociedade, combatendo a corrup\u00e7\u00e3o, tr\u00e1fico e crime organizado.<\/em><\/p>\n\n\n\n<figure class=\"wp-block-image\"><img loading=\"lazy\" decoding=\"async\" width=\"1028\" height=\"554\" src=\"https:\/\/dhg1h5j42swfq.cloudfront.net\/2019\/05\/24141241\/image224.png\" alt=\"\" class=\"wp-image-377603\" srcset=\"https:\/\/dhg1h5j42swfq.cloudfront.net\/2019\/05\/24141241\/image224.png 1028w, https:\/\/dhg1h5j42swfq.cloudfront.net\/2019\/05\/24141241\/image224.png 300w, https:\/\/dhg1h5j42swfq.cloudfront.net\/2019\/05\/24141241\/image224.png 768w, https:\/\/dhg1h5j42swfq.cloudfront.net\/2019\/05\/24141241\/image224.png 1024w, https:\/\/dhg1h5j42swfq.cloudfront.net\/2019\/05\/24141241\/image224.png 610w\" sizes=\"auto, (max-width: 1028px) 100vw, 1028px\" \/><\/figure>\n\n\n\n<p style=\"font-size:25px;text-align:center\" class=\"has-background has-luminous-vivid-amber-background-color\">MAIS INFORMA\u00c7\u00d5ES &#8211; <span style=\"text-decoration: underline;\"><a href=\"https:\/\/www.estrategiaconcursos.com.br\/blog\/concurso-prf-3\/\" target=\"_blank\" rel=\"noreferrer noopener\" aria-label=\" (abre numa nova aba)\">Concurso PRF<\/a><\/span><\/p>\n\n\n\n<p style=\"font-size:25px;text-align:center\"><strong><em>Quer estudar para <a href=\"https:\/\/www.estrategiaconcursos.com.br\/blog\/concurso-prf-3\/\"><span style=\"text-decoration: underline;\">Concurso PRF<\/span><\/a><\/em><\/strong><\/p>\n\n\n\n<p style=\"text-align:center\"><em><strong>Gostou desta oportunidade e deseja come\u00e7ar se preparar agora mesmo? Ent\u00e3o, confira os nossos cursos e comece a estudar para PRF:<\/strong><\/em><\/p>\n\n\n\n<p style=\"font-size:25px;text-align:center\"><span class=\"underline\" style=\"text-decoration: underline\"><a href=\"https:\/\/www.estrategiaconcursos.com.br\/cursosPorConcurso\/prf-policial-rodoviario-federal\/\" target=\"_blank\" rel=\"noreferrer noopener\" aria-label=\"CURSO PRF (abre numa nova aba)\">CURSO PRF<\/a><\/span><\/p>\n\n\n\n<p style=\"font-size:25px;text-align:center\"><em><strong>Assinatura Anual Ilimitada*<\/strong><\/em><\/p>\n\n\n\n<p style=\"text-align:center\"><em>Prepare-se com o melhor material e com quem mais aprova em Concursos P\u00fablicos em todo o pa\u00eds. Assine agora a nossa Assinatura Anual e tenha acesso ilimitado a todos os nossos cursos.<\/em><\/p>\n\n\n\n<p style=\"font-size:25px;text-align:center\" class=\"has-background has-light-green-cyan-background-color\"><strong>ASSINE AGORA<\/strong> &#8211; <span style=\"text-decoration: underline\" class=\"underline\"><a href=\"https:\/\/www.estrategiaconcursos.com.br\/assinaturas\" target=\"_blank\" rel=\"noreferrer noopener\" aria-label=\" (opens in a new tab)\">Assinatura Ilimitada<\/a><\/span><\/p>\n","protected":false},"excerpt":{"rendered":"<p>O Ministro da Justi\u00e7a e da Seguran\u00e7a P\u00fablica, S\u00e9rgio Moro, comemorou em sua rede social, no Twitter, a publica\u00e7\u00e3o do decreto presidencial que autoriza a nomea\u00e7\u00e3o de mais 547 aprovados no concurso da Pol\u00edcia Federal, al\u00e9m das 500 vagas previstas no edital do concurso. Moro disse ainda que vai tentar &#8220;algo similar para PRF&#8221;. De [&hellip;]<\/p>\n","protected":false},"author":1,"featured_media":149910,"comment_status":"open","ping_status":"closed","sticky":false,"template":"","format":"standard","meta":{"post_tipo":"news","footnotes":""},"categories":[1],"tags":[],"tax_estado":[],"class_list":["post-377905","post","type-post","status-publish","format-standard","has-post-thumbnail","hentry","category-cursos-e-concursos"],"acf":[],"yoast_head":"<!-- This site is optimized with the Yoast SEO Premium plugin v27.2 (Yoast SEO v27.2) - https:\/\/yoast.com\/product\/yoast-seo-premium-wordpress\/ -->\n<title>Concurso PRF: S\u00e9rgio Moro fala em aumentar n\u00famero de nomea\u00e7\u00f5es na PRF<\/title>\n<meta name=\"robots\" content=\"index, follow, max-snippet:-1, max-image-preview:large, max-video-preview:-1\" \/>\n<link rel=\"canonical\" href=\"https:\/\/www.estrategiaconcursos.com.br\/blog\/concurso-prf-moro-novas-nomeacoes\/\" \/>\n<meta property=\"og:locale\" content=\"pt_BR\" \/>\n<meta property=\"og:type\" content=\"article\" \/>\n<meta property=\"og:title\" content=\"Concurso PRF: S\u00e9rgio Moro fala em aumentar n\u00famero de nomea\u00e7\u00f5es na PRF\" \/>\n<meta property=\"og:description\" content=\"O Ministro da Justi\u00e7a e da Seguran\u00e7a P\u00fablica, S\u00e9rgio Moro, comemorou em sua rede social, no Twitter, a publica\u00e7\u00e3o do decreto presidencial que autoriza a nomea\u00e7\u00e3o de mais 547 aprovados no concurso da Pol\u00edcia Federal, al\u00e9m das 500 vagas previstas no edital do concurso. Moro disse ainda que vai tentar &#8220;algo similar para PRF&#8221;. De [&hellip;]\" \/>\n<meta property=\"og:url\" content=\"https:\/\/www.estrategiaconcursos.com.br\/blog\/concurso-prf-moro-novas-nomeacoes\/\" \/>\n<meta property=\"og:site_name\" content=\"Estrat\u00e9gia Concursos\" \/>\n<meta property=\"article:author\" content=\"https:\/\/www.facebook.com\/EstrategiaConcursos\" \/>\n<meta property=\"article:published_time\" content=\"2019-05-25T12:15:17+00:00\" \/>\n<meta property=\"article:modified_time\" content=\"2019-05-25T12:25:00+00:00\" \/>\n<meta property=\"og:image\" content=\"https:\/\/dhg1h5j42swfq.cloudfront.net\/2018\/11\/01121015\/STF-envia-inque%CC%81rito-de-Lula-para-Se%CC%81rgio-Moro-diz-boato.jpg\" \/>\n\t<meta property=\"og:image:width\" content=\"500\" \/>\n\t<meta property=\"og:image:height\" content=\"375\" \/>\n\t<meta property=\"og:image:type\" content=\"image\/jpeg\" \/>\n<meta name=\"author\" content=\"Coordena\u00e7\u00e3o\" \/>\n<meta name=\"twitter:card\" content=\"summary_large_image\" \/>\n<meta name=\"twitter:creator\" content=\"@EstratConcursos\" \/>\n<meta name=\"twitter:site\" content=\"@EstratConcursos\" \/>\n<meta name=\"twitter:label1\" content=\"Escrito por\" \/>\n\t<meta name=\"twitter:data1\" content=\"Coordena\u00e7\u00e3o\" \/>\n\t<meta name=\"twitter:label2\" content=\"Est. tempo de leitura\" \/>\n\t<meta name=\"twitter:data2\" content=\"2 minutos\" \/>\n<script type=\"application\/ld+json\" class=\"yoast-schema-graph\">{\"@context\":\"https:\/\/schema.org\",\"@graph\":[{\"@type\":\"NewsArticle\",\"@id\":\"https:\/\/www.estrategiaconcursos.com.br\/blog\/concurso-prf-moro-novas-nomeacoes\/#article\",\"isPartOf\":{\"@id\":\"https:\/\/www.estrategiaconcursos.com.br\/blog\/concurso-prf-moro-novas-nomeacoes\/\"},\"author\":{\"name\":\"Coordena\u00e7\u00e3o\",\"@id\":\"https:\/\/www.estrategiaconcursos.com.br\/blog\/#\/schema\/person\/b4a388c97673c5f483d72185668afa1f\"},\"headline\":\"Concurso PRF: S\u00e9rgio Moro fala em aumentar n\u00famero de nomea\u00e7\u00f5es na PRF\",\"datePublished\":\"2019-05-25T12:15:17+00:00\",\"dateModified\":\"2019-05-25T12:25:00+00:00\",\"mainEntityOfPage\":{\"@id\":\"https:\/\/www.estrategiaconcursos.com.br\/blog\/concurso-prf-moro-novas-nomeacoes\/\"},\"wordCount\":401,\"commentCount\":0,\"publisher\":{\"@id\":\"https:\/\/www.estrategiaconcursos.com.br\/blog\/#organization\"},\"image\":{\"@id\":\"https:\/\/www.estrategiaconcursos.com.br\/blog\/concurso-prf-moro-novas-nomeacoes\/#primaryimage\"},\"thumbnailUrl\":\"https:\/\/dhg1h5j42swfq.cloudfront.net\/2018\/11\/01121015\/STF-envia-inque%CC%81rito-de-Lula-para-Se%CC%81rgio-Moro-diz-boato.jpg\",\"articleSection\":[\"Concursos P\u00fablicos\"],\"inLanguage\":\"pt-BR\",\"potentialAction\":[{\"@type\":\"CommentAction\",\"name\":\"Comment\",\"target\":[\"https:\/\/www.estrategiaconcursos.com.br\/blog\/concurso-prf-moro-novas-nomeacoes\/#respond\"]}],\"copyrightYear\":\"2019\",\"copyrightHolder\":{\"@id\":\"https:\/\/www.estrategiaconcursos.com.br\/blog\/#organization\"}},{\"@type\":\"WebPage\",\"@id\":\"https:\/\/www.estrategiaconcursos.com.br\/blog\/concurso-prf-moro-novas-nomeacoes\/\",\"url\":\"https:\/\/www.estrategiaconcursos.com.br\/blog\/concurso-prf-moro-novas-nomeacoes\/\",\"name\":\"Concurso PRF: S\u00e9rgio Moro fala em aumentar n\u00famero de nomea\u00e7\u00f5es na PRF\",\"isPartOf\":{\"@id\":\"https:\/\/www.estrategiaconcursos.com.br\/blog\/#website\"},\"primaryImageOfPage\":{\"@id\":\"https:\/\/www.estrategiaconcursos.com.br\/blog\/concurso-prf-moro-novas-nomeacoes\/#primaryimage\"},\"image\":{\"@id\":\"https:\/\/www.estrategiaconcursos.com.br\/blog\/concurso-prf-moro-novas-nomeacoes\/#primaryimage\"},\"thumbnailUrl\":\"https:\/\/dhg1h5j42swfq.cloudfront.net\/2018\/11\/01121015\/STF-envia-inque%CC%81rito-de-Lula-para-Se%CC%81rgio-Moro-diz-boato.jpg\",\"datePublished\":\"2019-05-25T12:15:17+00:00\",\"dateModified\":\"2019-05-25T12:25:00+00:00\",\"breadcrumb\":{\"@id\":\"https:\/\/www.estrategiaconcursos.com.br\/blog\/concurso-prf-moro-novas-nomeacoes\/#breadcrumb\"},\"inLanguage\":\"pt-BR\",\"potentialAction\":[{\"@type\":\"ReadAction\",\"target\":[\"https:\/\/www.estrategiaconcursos.com.br\/blog\/concurso-prf-moro-novas-nomeacoes\/\"]}]},{\"@type\":\"ImageObject\",\"inLanguage\":\"pt-BR\",\"@id\":\"https:\/\/www.estrategiaconcursos.com.br\/blog\/concurso-prf-moro-novas-nomeacoes\/#primaryimage\",\"url\":\"https:\/\/dhg1h5j42swfq.cloudfront.net\/2018\/11\/01121015\/STF-envia-inque%CC%81rito-de-Lula-para-Se%CC%81rgio-Moro-diz-boato.jpg\",\"contentUrl\":\"https:\/\/dhg1h5j42swfq.cloudfront.net\/2018\/11\/01121015\/STF-envia-inque%CC%81rito-de-Lula-para-Se%CC%81rgio-Moro-diz-boato.jpg\",\"width\":500,\"height\":375,\"caption\":\"sergio moro\"},{\"@type\":\"BreadcrumbList\",\"@id\":\"https:\/\/www.estrategiaconcursos.com.br\/blog\/concurso-prf-moro-novas-nomeacoes\/#breadcrumb\",\"itemListElement\":[{\"@type\":\"ListItem\",\"position\":1,\"name\":\"In\u00edcio\",\"item\":\"https:\/\/www.estrategiaconcursos.com.br\/blog\/\"},{\"@type\":\"ListItem\",\"position\":2,\"name\":\"Concurso PRF: S\u00e9rgio Moro fala em aumentar n\u00famero de nomea\u00e7\u00f5es na PRF\"}]},{\"@type\":\"WebSite\",\"@id\":\"https:\/\/www.estrategiaconcursos.com.br\/blog\/#website\",\"url\":\"https:\/\/www.estrategiaconcursos.com.br\/blog\/\",\"name\":\"Estrat\u00e9gia Concursos\",\"description\":\"O blog da Estrat\u00e9gia Concursos traz not\u00edcias sobre concursos e artigos de professores oferecendo cursos para concursos (pdf + videaulas) no site.\",\"publisher\":{\"@id\":\"https:\/\/www.estrategiaconcursos.com.br\/blog\/#organization\"},\"potentialAction\":[{\"@type\":\"SearchAction\",\"target\":{\"@type\":\"EntryPoint\",\"urlTemplate\":\"https:\/\/www.estrategiaconcursos.com.br\/blog\/?s={search_term_string}\"},\"query-input\":{\"@type\":\"PropertyValueSpecification\",\"valueRequired\":true,\"valueName\":\"search_term_string\"}}],\"inLanguage\":\"pt-BR\"},{\"@type\":\"Organization\",\"@id\":\"https:\/\/www.estrategiaconcursos.com.br\/blog\/#organization\",\"name\":\"Estrat\u00e9gia Concursos\",\"url\":\"https:\/\/www.estrategiaconcursos.com.br\/blog\/\",\"logo\":{\"@type\":\"ImageObject\",\"inLanguage\":\"pt-BR\",\"@id\":\"https:\/\/www.estrategiaconcursos.com.br\/blog\/#\/schema\/logo\/image\/\",\"url\":\"https:\/\/dhg1h5j42swfq.cloudfront.net\/2025\/06\/03203428\/logo_concursos-1.jpg\",\"contentUrl\":\"https:\/\/dhg1h5j42swfq.cloudfront.net\/2025\/06\/03203428\/logo_concursos-1.jpg\",\"width\":230,\"height\":60,\"caption\":\"Estrat\u00e9gia Concursos\"},\"image\":{\"@id\":\"https:\/\/www.estrategiaconcursos.com.br\/blog\/#\/schema\/logo\/image\/\"},\"sameAs\":[\"https:\/\/x.com\/EstratConcursos\"]},{\"@type\":\"Person\",\"@id\":\"https:\/\/www.estrategiaconcursos.com.br\/blog\/#\/schema\/person\/b4a388c97673c5f483d72185668afa1f\",\"name\":\"Coordena\u00e7\u00e3o\",\"image\":{\"@type\":\"ImageObject\",\"inLanguage\":\"pt-BR\",\"@id\":\"https:\/\/secure.gravatar.com\/avatar\/b720319e4c9a967eb58678d110f4fe35452fc5d5f97b202bac7b8acceb18c6ad?s=96&d=mm&r=g\",\"url\":\"https:\/\/secure.gravatar.com\/avatar\/b720319e4c9a967eb58678d110f4fe35452fc5d5f97b202bac7b8acceb18c6ad?s=96&d=mm&r=g\",\"contentUrl\":\"https:\/\/secure.gravatar.com\/avatar\/b720319e4c9a967eb58678d110f4fe35452fc5d5f97b202bac7b8acceb18c6ad?s=96&d=mm&r=g\",\"caption\":\"Coordena\u00e7\u00e3o\"},\"sameAs\":[\"https:\/\/www.facebook.com\/EstrategiaConcursos\",\"https:\/\/x.com\/EstratConcursos\"],\"url\":\"https:\/\/www.estrategiaconcursos.com.br\/blog\/author\/estrategia2013\/\"}]}<\/script>\n<!-- \/ Yoast SEO Premium plugin. -->","yoast_head_json":{"title":"Concurso PRF: S\u00e9rgio Moro fala em aumentar n\u00famero de nomea\u00e7\u00f5es na PRF","robots":{"index":"index","follow":"follow","max-snippet":"max-snippet:-1","max-image-preview":"max-image-preview:large","max-video-preview":"max-video-preview:-1"},"canonical":"https:\/\/www.estrategiaconcursos.com.br\/blog\/concurso-prf-moro-novas-nomeacoes\/","og_locale":"pt_BR","og_type":"article","og_title":"Concurso PRF: S\u00e9rgio Moro fala em aumentar n\u00famero de nomea\u00e7\u00f5es na PRF","og_description":"O Ministro da Justi\u00e7a e da Seguran\u00e7a P\u00fablica, S\u00e9rgio Moro, comemorou em sua rede social, no Twitter, a publica\u00e7\u00e3o do decreto presidencial que autoriza a nomea\u00e7\u00e3o de mais 547 aprovados no concurso da Pol\u00edcia Federal, al\u00e9m das 500 vagas previstas no edital do concurso. Moro disse ainda que vai tentar &#8220;algo similar para PRF&#8221;. De [&hellip;]","og_url":"https:\/\/www.estrategiaconcursos.com.br\/blog\/concurso-prf-moro-novas-nomeacoes\/","og_site_name":"Estrat\u00e9gia Concursos","article_author":"https:\/\/www.facebook.com\/EstrategiaConcursos","article_published_time":"2019-05-25T12:15:17+00:00","article_modified_time":"2019-05-25T12:25:00+00:00","og_image":[{"width":500,"height":375,"url":"https:\/\/dhg1h5j42swfq.cloudfront.net\/2018\/11\/01121015\/STF-envia-inque%CC%81rito-de-Lula-para-Se%CC%81rgio-Moro-diz-boato.jpg","type":"image\/jpeg"}],"author":"Coordena\u00e7\u00e3o","twitter_card":"summary_large_image","twitter_creator":"@EstratConcursos","twitter_site":"@EstratConcursos","twitter_misc":{"Escrito por":"Coordena\u00e7\u00e3o","Est. tempo de leitura":"2 minutos"},"schema":{"@context":"https:\/\/schema.org","@graph":[{"@type":"NewsArticle","@id":"https:\/\/www.estrategiaconcursos.com.br\/blog\/concurso-prf-moro-novas-nomeacoes\/#article","isPartOf":{"@id":"https:\/\/www.estrategiaconcursos.com.br\/blog\/concurso-prf-moro-novas-nomeacoes\/"},"author":{"name":"Coordena\u00e7\u00e3o","@id":"https:\/\/www.estrategiaconcursos.com.br\/blog\/#\/schema\/person\/b4a388c97673c5f483d72185668afa1f"},"headline":"Concurso PRF: S\u00e9rgio Moro fala em aumentar n\u00famero de nomea\u00e7\u00f5es na PRF","datePublished":"2019-05-25T12:15:17+00:00","dateModified":"2019-05-25T12:25:00+00:00","mainEntityOfPage":{"@id":"https:\/\/www.estrategiaconcursos.com.br\/blog\/concurso-prf-moro-novas-nomeacoes\/"},"wordCount":401,"commentCount":0,"publisher":{"@id":"https:\/\/www.estrategiaconcursos.com.br\/blog\/#organization"},"image":{"@id":"https:\/\/www.estrategiaconcursos.com.br\/blog\/concurso-prf-moro-novas-nomeacoes\/#primaryimage"},"thumbnailUrl":"https:\/\/dhg1h5j42swfq.cloudfront.net\/2018\/11\/01121015\/STF-envia-inque%CC%81rito-de-Lula-para-Se%CC%81rgio-Moro-diz-boato.jpg","articleSection":["Concursos P\u00fablicos"],"inLanguage":"pt-BR","potentialAction":[{"@type":"CommentAction","name":"Comment","target":["https:\/\/www.estrategiaconcursos.com.br\/blog\/concurso-prf-moro-novas-nomeacoes\/#respond"]}],"copyrightYear":"2019","copyrightHolder":{"@id":"https:\/\/www.estrategiaconcursos.com.br\/blog\/#organization"}},{"@type":"WebPage","@id":"https:\/\/www.estrategiaconcursos.com.br\/blog\/concurso-prf-moro-novas-nomeacoes\/","url":"https:\/\/www.estrategiaconcursos.com.br\/blog\/concurso-prf-moro-novas-nomeacoes\/","name":"Concurso PRF: S\u00e9rgio Moro fala em aumentar n\u00famero de nomea\u00e7\u00f5es na PRF","isPartOf":{"@id":"https:\/\/www.estrategiaconcursos.com.br\/blog\/#website"},"primaryImageOfPage":{"@id":"https:\/\/www.estrategiaconcursos.com.br\/blog\/concurso-prf-moro-novas-nomeacoes\/#primaryimage"},"image":{"@id":"https:\/\/www.estrategiaconcursos.com.br\/blog\/concurso-prf-moro-novas-nomeacoes\/#primaryimage"},"thumbnailUrl":"https:\/\/dhg1h5j42swfq.cloudfront.net\/2018\/11\/01121015\/STF-envia-inque%CC%81rito-de-Lula-para-Se%CC%81rgio-Moro-diz-boato.jpg","datePublished":"2019-05-25T12:15:17+00:00","dateModified":"2019-05-25T12:25:00+00:00","breadcrumb":{"@id":"https:\/\/www.estrategiaconcursos.com.br\/blog\/concurso-prf-moro-novas-nomeacoes\/#breadcrumb"},"inLanguage":"pt-BR","potentialAction":[{"@type":"ReadAction","target":["https:\/\/www.estrategiaconcursos.com.br\/blog\/concurso-prf-moro-novas-nomeacoes\/"]}]},{"@type":"ImageObject","inLanguage":"pt-BR","@id":"https:\/\/www.estrategiaconcursos.com.br\/blog\/concurso-prf-moro-novas-nomeacoes\/#primaryimage","url":"https:\/\/dhg1h5j42swfq.cloudfront.net\/2018\/11\/01121015\/STF-envia-inque%CC%81rito-de-Lula-para-Se%CC%81rgio-Moro-diz-boato.jpg","contentUrl":"https:\/\/dhg1h5j42swfq.cloudfront.net\/2018\/11\/01121015\/STF-envia-inque%CC%81rito-de-Lula-para-Se%CC%81rgio-Moro-diz-boato.jpg","width":500,"height":375,"caption":"sergio moro"},{"@type":"BreadcrumbList","@id":"https:\/\/www.estrategiaconcursos.com.br\/blog\/concurso-prf-moro-novas-nomeacoes\/#breadcrumb","itemListElement":[{"@type":"ListItem","position":1,"name":"In\u00edcio","item":"https:\/\/www.estrategiaconcursos.com.br\/blog\/"},{"@type":"ListItem","position":2,"name":"Concurso PRF: S\u00e9rgio Moro fala em aumentar n\u00famero de nomea\u00e7\u00f5es na PRF"}]},{"@type":"WebSite","@id":"https:\/\/www.estrategiaconcursos.com.br\/blog\/#website","url":"https:\/\/www.estrategiaconcursos.com.br\/blog\/","name":"Estrat\u00e9gia Concursos","description":"O blog da Estrat\u00e9gia Concursos traz not\u00edcias sobre concursos e artigos de professores oferecendo cursos para concursos (pdf + videaulas) no site.","publisher":{"@id":"https:\/\/www.estrategiaconcursos.com.br\/blog\/#organization"},"potentialAction":[{"@type":"SearchAction","target":{"@type":"EntryPoint","urlTemplate":"https:\/\/www.estrategiaconcursos.com.br\/blog\/?s={search_term_string}"},"query-input":{"@type":"PropertyValueSpecification","valueRequired":true,"valueName":"search_term_string"}}],"inLanguage":"pt-BR"},{"@type":"Organization","@id":"https:\/\/www.estrategiaconcursos.com.br\/blog\/#organization","name":"Estrat\u00e9gia Concursos","url":"https:\/\/www.estrategiaconcursos.com.br\/blog\/","logo":{"@type":"ImageObject","inLanguage":"pt-BR","@id":"https:\/\/www.estrategiaconcursos.com.br\/blog\/#\/schema\/logo\/image\/","url":"https:\/\/dhg1h5j42swfq.cloudfront.net\/2025\/06\/03203428\/logo_concursos-1.jpg","contentUrl":"https:\/\/dhg1h5j42swfq.cloudfront.net\/2025\/06\/03203428\/logo_concursos-1.jpg","width":230,"height":60,"caption":"Estrat\u00e9gia Concursos"},"image":{"@id":"https:\/\/www.estrategiaconcursos.com.br\/blog\/#\/schema\/logo\/image\/"},"sameAs":["https:\/\/x.com\/EstratConcursos"]},{"@type":"Person","@id":"https:\/\/www.estrategiaconcursos.com.br\/blog\/#\/schema\/person\/b4a388c97673c5f483d72185668afa1f","name":"Coordena\u00e7\u00e3o","image":{"@type":"ImageObject","inLanguage":"pt-BR","@id":"https:\/\/secure.gravatar.com\/avatar\/b720319e4c9a967eb58678d110f4fe35452fc5d5f97b202bac7b8acceb18c6ad?s=96&d=mm&r=g","url":"https:\/\/secure.gravatar.com\/avatar\/b720319e4c9a967eb58678d110f4fe35452fc5d5f97b202bac7b8acceb18c6ad?s=96&d=mm&r=g","contentUrl":"https:\/\/secure.gravatar.com\/avatar\/b720319e4c9a967eb58678d110f4fe35452fc5d5f97b202bac7b8acceb18c6ad?s=96&d=mm&r=g","caption":"Coordena\u00e7\u00e3o"},"sameAs":["https:\/\/www.facebook.com\/EstrategiaConcursos","https:\/\/x.com\/EstratConcursos"],"url":"https:\/\/www.estrategiaconcursos.com.br\/blog\/author\/estrategia2013\/"}]}},"_links":{"self":[{"href":"https:\/\/www.estrategiaconcursos.com.br\/blog\/wp-json\/wp\/v2\/posts\/377905","targetHints":{"allow":["GET"]}}],"collection":[{"href":"https:\/\/www.estrategiaconcursos.com.br\/blog\/wp-json\/wp\/v2\/posts"}],"about":[{"href":"https:\/\/www.estrategiaconcursos.com.br\/blog\/wp-json\/wp\/v2\/types\/post"}],"author":[{"embeddable":true,"href":"https:\/\/www.estrategiaconcursos.com.br\/blog\/wp-json\/wp\/v2\/users\/1"}],"replies":[{"embeddable":true,"href":"https:\/\/www.estrategiaconcursos.com.br\/blog\/wp-json\/wp\/v2\/comments?post=377905"}],"version-history":[{"count":4,"href":"https:\/\/www.estrategiaconcursos.com.br\/blog\/wp-json\/wp\/v2\/posts\/377905\/revisions"}],"predecessor-version":[{"id":377933,"href":"https:\/\/www.estrategiaconcursos.com.br\/blog\/wp-json\/wp\/v2\/posts\/377905\/revisions\/377933"}],"wp:featuredmedia":[{"embeddable":true,"href":"https:\/\/www.estrategiaconcursos.com.br\/blog\/wp-json\/wp\/v2\/media\/149910"}],"wp:attachment":[{"href":"https:\/\/www.estrategiaconcursos.com.br\/blog\/wp-json\/wp\/v2\/media?parent=377905"}],"wp:term":[{"taxonomy":"category","embeddable":true,"href":"https:\/\/www.estrategiaconcursos.com.br\/blog\/wp-json\/wp\/v2\/categories?post=377905"},{"taxonomy":"post_tag","embeddable":true,"href":"https:\/\/www.estrategiaconcursos.com.br\/blog\/wp-json\/wp\/v2\/tags?post=377905"},{"taxonomy":"tax_estado","embeddable":true,"href":"https:\/\/www.estrategiaconcursos.com.br\/blog\/wp-json\/wp\/v2\/tax_estado?post=377905"}],"curies":[{"name":"wp","href":"https:\/\/api.w.org\/{rel}","templated":true}]}}