{"id":377904,"date":"2026-04-03T05:29:00","date_gmt":"2026-04-03T08:29:00","guid":{"rendered":"https:\/\/www.estrategiaconcursos.com.br\/blog\/?p=377904"},"modified":"2026-04-03T05:47:27","modified_gmt":"2026-04-03T08:47:27","slug":"concurso-tre-pi","status":"publish","type":"post","link":"https:\/\/www.estrategiaconcursos.com.br\/blog\/concurso-tre-pi\/","title":{"rendered":"Concurso TRE PI: nomea\u00e7\u00f5es iniciadas; confira!"},"content":{"rendered":"\n<p>O concurso do&nbsp;<strong><a href=\"https:\/\/www.estrategiaconcursos.com.br\/cursosPorConcurso\/tre-pi-tribunal-regional-eleitoral-do-piaui-407\/\" target=\"_blank\" rel=\"noreferrer noopener\">Tribunal Regional Eleitoral do Piau\u00ed<\/a> (TRE PI)<\/strong>, que faz parte do TSE Unificado, j\u00e1 come\u00e7ou a nomear seus aprovados!<\/p>\n\n\n\n<p>Foram ofertadas <strong>10 vagas imediatas mais forma\u00e7\u00e3o de cadastro reserva<\/strong>, para os cargos de <strong>t\u00e9cnico e analista judici\u00e1rio<\/strong>, ambos de n\u00edvel superior. <\/p>\n\n\n\n<p>Confira mais informa\u00e7\u00f5es no decorrer do artigo!<\/p>\n\n\n\n<ul class=\"wp-block-list has-blush-light-purple-gradient-background has-background\">\n<li><strong>TRE PI&nbsp;\u2013&nbsp;T\u00e9cnico e Analista Judici\u00e1rio<\/strong><\/li>\n\n\n\n<li><strong>Status:<\/strong>&nbsp;nomea\u00e7\u00f5es iniciadas<\/li>\n\n\n\n<li><strong>Banca:&nbsp;<\/strong><a href=\"https:\/\/www.cebraspe.org.br\/concursos\/CPNUJE_24\">Cebraspe<\/a><\/li>\n\n\n\n<li><strong>Vagas:&nbsp;<\/strong>10 +  CR<\/li>\n\n\n\n<li><strong>Escolaridade<\/strong>: n\u00edvel superior<\/li>\n\n\n\n<li><strong>Sal\u00e1rios a partir de Jul. de 2026: <\/strong>R$ 9.776,74 (T\u00e9cnico) | R$ 16.041,21 (Analista)<\/li>\n\n\n\n<li><strong>Edital:<\/strong> <strong><a href=\"https:\/\/dhg1h5j42swfq.cloudfront.net\/2024\/05\/29110324\/edital_1_2024_cpnuje_abertura-2.pdf\">TSE Unificado 2024<\/a><\/strong><\/li>\n<\/ul>\n\n\n\n<div class=\"row\">\n\n    <div class=\"col-sm\">\n      <div class=\"banner-tribunal\" id=\"box-assinatura\">\n        <h2 class=\"titulo-assinatura\"><span style=\"color: #ffffff; font-size: 23px; \">Cursos para o concurso TRE PI<\/span><\/h2>\n        <p class=\"subtitulo-assinatura\">Conhe\u00e7a os cursos<\/p>\n        <div class=\"box-botao\">\n          <a class=\"btn-assinatura\" target=\"_blank\" href=\"https:\/\/www.estrategiaconcursos.com.br\/cursosPorConcurso\/tre-pi-tribunal-regional-eleitoral-do-piaui-407\/\" role=\"button\" rel=\"noopener noreferrer\">Conhe\u00e7a mais<\/a>\n        <\/div>\n      <\/div>\n      <p class=\"texto-auxiliar\">Prepare-se com o melhor material e com quem mais aprova em Concursos P\u00fablicos em todo o pa\u00eds.<\/p>\n    <\/div>\n\n  <\/div>\n\n\n\n<p>Neste artigo voc\u00ea fica por dentro de todo esse assunto e encontra informa\u00e7\u00f5es como:<\/p>\n\n\n\n<ul id=\"indice\" class=\"wp-block-list\">\n<li><strong><a href=\"#status-atual\">Situa\u00e7\u00e3o atual<\/a><\/strong><\/li>\n\n\n\n<li><strong><a href=\"#cargos-vagas-2024\">Cargos, vagas e sal\u00e1rios<\/a><\/strong>\n<ul class=\"wp-block-list\">\n<li><strong><a href=\"#h-analista-judiciario\">Analista<\/a><\/strong><\/li>\n\n\n\n<li><strong><a href=\"#h-tecnico-judiciario\">T\u00e9cnico<\/a><\/strong><\/li>\n<\/ul>\n<\/li>\n\n\n\n<li><strong><a href=\"#etapas-2024\">Etapas e provas<\/a><\/strong><\/li>\n\n\n\n<li><strong><a href=\"#cargos-vagos\">Cargos vagos do TRE PI<\/a><\/strong><\/li>\n\n\n\n<li><strong><a href=\"#carreira\">Carreira<\/a><\/strong>\n<ul class=\"wp-block-list\">\n<li><strong><a href=\"#requisitos\">Requisitos<\/a><\/strong><\/li>\n\n\n\n<li><strong><a href=\"#atribuicoes\">Atribui\u00e7\u00f5es dos cargos<\/a><\/strong><\/li>\n<\/ul>\n<\/li>\n\n\n\n<li><strong><a href=\"#ultimo-concurso\">\u00daltimo concurso TRE PI<\/a><\/strong><\/li>\n\n\n\n<li><strong><a href=\"#etapas\">Etapas do \u00faltimo concurso TRE PI<\/a><\/strong>\n<ul class=\"wp-block-list\">\n<li><strong><a href=\"#provas\">Provas do \u00faltimo concurso TRE PI<\/a><\/strong><\/li>\n\n\n\n<li><strong><a href=\"#disciplinas-cobradas\">Disciplinas cobradas no \u00faltimo concurso TRE PI<\/a><\/strong><\/li>\n\n\n\n<li><strong><a href=\"#concorrencia\">Concorr\u00eancia<\/a><\/strong><\/li>\n<\/ul>\n<\/li>\n\n\n\n<li><strong><a href=\"#cursos-assinatura\">Cursos e Assinaturas<\/a><\/strong><\/li>\n\n\n\n<li><strong><a href=\"#ficha-tecnica\">Ficha t\u00e9cnica<\/a><\/strong><\/li>\n<\/ul>\n\n\n\n<div class=\"container\" id=\"boxes\">\n  <div class=\"row\">\n\n    <div class=\"col-sm\">\n      <div class=\"banner-black-friday-ec\" id=\"box-assinatura\">\n        <h3 class=\"titulo-assinatura\" style=\"text-align: left;\">Black Friday 2023<\/h3>\n        <p class=\"subtitulo-assinatura\" style=\"text-align: left;\">Confira as ofertas especiais!<\/p>\n        <div class=\"box-botao\" style=\"text-align: left;\">\n          <a class=\"btn-assinatura\" target=\"_blank\" href=\"https:\/\/estrategiaconcursos.com.br\/promocoes\/blackfriday\/assinaturas?utm_source=blog&#038;utm_medium=banner+&#038;utm_campaign=concursotrepibf\" role=\"button\" rel=\"noopener noreferrer\">CLIQUE AQUI<\/a>\n        <\/div>\n      <\/div><\/div><\/div><\/div>\n\n\n\n<h2 class=\"wp-block-heading\" id=\"status-atual\">Situa\u00e7\u00e3o atual do concurso TRE PI<\/h2>\n\n\n\n<ul class=\"wp-block-list\">\n<li>02 de abril de 2026 &#8211; <a href=\"https:\/\/www.estrategiaconcursos.com.br\/blog\/concurso-tse-2026-cargos-criados\/\" target=\"_blank\" rel=\"noreferrer noopener\">Sancionada a cria\u00e7\u00e3o de 474 cargos de t\u00e9cnico e analista<\/a><\/li>\n\n\n\n<li>25 de mar\u00e7o de 2026 &#8211; <a href=\"https:\/\/www.estrategiaconcursos.com.br\/blog\/criacao-de-cargos-justica-eleitoral-senado\/\" target=\"_blank\" rel=\"noreferrer noopener\">Senado vota projeto que prev\u00ea cria\u00e7\u00e3o de cargos<\/a><\/li>\n\n\n\n<li>12 de fevereiro de 2026 &#8211; <a href=\"https:\/\/www.estrategiaconcursos.com.br\/blog\/concurso-tse-unificado-398-nomeacoes\/\" target=\"_blank\" rel=\"noreferrer noopener\">Justi\u00e7a Eleitoral autoriza 398 provimentos<\/a><\/li>\n\n\n\n<li>14 de janeiro de 2026 &#8211; <a href=\"https:\/\/www.estrategiaconcursos.com.br\/blog\/loa-2026-e-sancionada-163-mil-vagas\/\" target=\"_blank\" rel=\"noreferrer noopener\">Or\u00e7amento prev\u00ea <strong>2.458 vagas<\/strong>, sendo <strong>1.654 para provimento<\/strong><\/a><\/li>\n<\/ul>\n\n\n\n<h3 class=\"wp-block-heading\" id=\"h-resultados-disponiveis\">Resultados dispon\u00edveis<\/h3>\n\n\n\n<ul class=\"wp-block-list\">\n<li><a href=\"https:\/\/dhg1h5j42swfq.cloudfront.net\/2025\/01\/15121800\/edital_6_2024_cpnuje_res_final_obj_prov_disc_convocacoes.pdf\" target=\"_blank\" rel=\"noreferrer noopener\">Resultado final da prova objetiva Analista e T\u00e9cnico<\/a>;<\/li>\n\n\n\n<li><a href=\"https:\/\/cdn.cebraspe.org.br\/concursos\/cpnuje_24\/arquivos\/EDITAL_11_2024_CPNUJE_RES_FINAL_DISC_CONV_BIOP_HETERO_ANALISTA.PDF\">Resultado final discursiva Analista<\/a>;<\/li>\n\n\n\n<li><a href=\"https:\/\/www.estrategiaconcursos.com.br\/blog\/concurso-tse-unificado-resultado-provisorio-taf\/\">Resultado do TAF<\/a>&nbsp;\u2013 apenas Pol\u00edcia Judici\u00e1ria<\/li>\n\n\n\n<li><a href=\"https:\/\/cdn.cebraspe.org.br\/concursos\/cpnuje_24\/arquivos\/Edital_32_2024_CPNUJE_Res_final_concurso_todos%20t%C3%A9cnicos%20-%20ajustado_.pdf\">Resultado final T\u00e9cnico<\/a>;<\/li>\n\n\n\n<li><a href=\"https:\/\/cdn.cebraspe.org.br\/concursos\/CPNUJE_24\/arquivos\/Edital_37_2024_CPNUJE_Res_final_desemp_final_conc_analista.pdf?utm_source=google&amp;utm_medium=cpc&amp;utm_campaign=ec-ge-vd-pmax-semanaconcursos-semesp-300625-semanacional\">Resultado final;<\/a><\/li>\n\n\n\n<li><a href=\"https:\/\/cdn.cebraspe.org.br\/concursos\/CPNUJE_24\/arquivos\/Edital_33_2024_CPNUJE,%20DE%2027%20DE%20MAIO%20DE%202025%20-%20DOU.pdf?utm_source=google&amp;utm_medium=cpc&amp;utm_campaign=ec-ge-vd-pmax-semanaconcursos-semesp-300625-semanacional\">Resultado homologado T\u00e9cnico;<\/a><\/li>\n\n\n\n<li><a href=\"https:\/\/cdn.cebraspe.org.br\/concursos\/CPNUJE_24\/arquivos\/SEI_3280968_Edital_38.pdf?utm_source=google&amp;utm_medium=cpc&amp;utm_campaign=ec-ge-vd-pmax-semanaconcursos-semesp-300625-semanacional\">Resultado homologado Analista.<\/a><\/li>\n<\/ul>\n\n\n\n<h3 class=\"wp-block-heading\" id=\"reajuste\">Sal\u00e1rios e adicional de qualifica\u00e7\u00e3o reajustados <\/h3>\n\n\n\n<p>A Justi\u00e7a Federal teve o <a href=\"https:\/\/www.estrategiaconcursos.com.br\/blog\/lula-sancionou-reajuste-salarial-aos-servidores-para-2026\/\">reajuste salarial de 8%<\/a> para todas as carreiras sancionado pelo governo federal. Com isso, os sal\u00e1rios iniciais podem <strong>chegar a R$&nbsp;16.041,21<\/strong>, al\u00e9m de benef\u00edcios.<\/p>\n\n\n\n<p>O adicional de qualifica\u00e7\u00e3o tamb\u00e9m foi reajustado. Atualmente, um analista em final de carreira pode somar R$ 1.161,52 se tiver doutorado, por exemplo. <\/p>\n\n\n\n<p>Com a mudan\u00e7a, o valor vai para <strong>R$ 3.857,75<\/strong> a partir de 2026, considerando-se o reajuste de 8% a partir do pr\u00f3ximo ano, previsto na&nbsp;Lei 15.293, de 19 de dezembro de 2025.<\/p>\n\n\n\n<p>Tamb\u00e9m a partir de 2026, o mestrado valer\u00e1 <strong>R$ 2.700,43 (contra os atuais R$ 929,21)<\/strong>. Essas duas qualifica\u00e7\u00f5es n\u00e3o podem ser acumuladas entre si e absorvem outras de valores menores.<\/p>\n\n\n\n<p>Com o reajuste, os vencimentos b\u00e1sicos iniciais para os cargos ficam com os seguintes valores a partir de julho de 2026:<\/p>\n\n\n\n<ul class=\"wp-block-list\">\n<li><strong>R$ 9.776,74 (T\u00e9cnico) <br \/><\/strong><\/li>\n\n\n\n<li><strong>R$ 16.041,21 (Analista)<\/strong><\/li>\n<\/ul>\n\n\n\n<p>Al\u00e9m do vencimento b\u00e1sico atualizado, os aprovados ter\u00e3o direito a benef\u00edcios como&nbsp;<strong>aux\u00edlio pr\u00e9-escolar<\/strong>&nbsp;no valor de&nbsp;<strong>R$ 1.288,47<\/strong>, e&nbsp;<strong>aux\u00edlio alimenta\u00e7\u00e3o<\/strong>&nbsp;no valor de&nbsp;<strong>R$ 1.860,51<\/strong>.<\/p>\n\n\n\n<h3 class=\"wp-block-heading\" id=\"h-nomeacoes-de-aprovados\">Nomea\u00e7\u00f5es de aprovados<\/h3>\n\n\n\n<p>Ao todo, foram nomeados 12 candidatos dentre os cargos de analista e t\u00e9cnico judici\u00e1rio, sendo:<\/p>\n\n\n\n<ul class=\"wp-block-list\">\n<li> 1 vaga de t\u00e9cnico judici\u00e1rio &#8211; \u00e1rea apoio especializado &#8211; especialidade programa\u00e7\u00e3o de sistemas;<\/li>\n\n\n\n<li>8 vagas de t\u00e9cnico judici\u00e1rio &#8211; \u00e1rea administrativa;<\/li>\n\n\n\n<li>1 vaga de analista judici\u00e1rio &#8211; \u00e1rea judici\u00e1ria<\/li>\n\n\n\n<li>2 vagas de analista judici\u00e1rio &#8211; \u00e1rea administrativa &#8211; contabilidade.<\/li>\n<\/ul>\n\n\n\n<p>Vale lembrar que o edital prev\u00ea a forma\u00e7\u00e3o de cadastro reserva, e novas listas podem ser divulgadas ao longo da vig\u00eancia do concurso. <a href=\"https:\/\/www.in.gov.br\/consulta\/-\/buscar\/dou?q=%22PORTARIA+TRE%2FPRESI%2FDG%2FSGP%2FCOEDE%22&amp;s=do2&amp;exactDate=all&amp;sortType=0\">Confira aqui as nomea\u00e7\u00f5es divulgadas no Di\u00e1rio da Uni\u00e3o.<\/a><\/p>\n\n\n\n<p>Importante lembrar que foi divulgada <a href=\"https:\/\/www.tse.jus.br\/legislacao\/compilada\/prt\/2026\/portaria-no-69-de-10-de-fevereiro-de-2026\">nova portaria<\/a>, com mais provimentos autorizados para o ano de 2026. Confira!<\/p>\n\n\n\n<h2 class=\"wp-block-heading\" id=\"cargos-vagas-2024\">Cargos, vagas e remunera\u00e7\u00f5es do edital TSE Unificado<\/h2>\n\n\n\n<h3 class=\"wp-block-heading\" id=\"h-analista-judiciario\">Analista Judici\u00e1rio<\/h3>\n\n\n\n<figure class=\"wp-block-table is-style-stripes\"><table class=\"has-blush-light-purple-gradient-background has-background has-fixed-layout\"><thead><tr><th class=\"has-text-align-center\" data-align=\"center\">CARGOS<\/th><th class=\"has-text-align-center\" data-align=\"center\">VAGAS<\/th><th class=\"has-text-align-center\" data-align=\"center\">SAL\u00c1RIO<\/th><\/tr><\/thead><tbody><tr><td class=\"has-text-align-center\" data-align=\"center\">Analista Judici\u00e1rio &#8211; \u00c1rea Administrativa &#8211; Sem especialidade <\/td><td class=\"has-text-align-center\" data-align=\"center\">CR<\/td><td class=\"has-text-align-center\" data-align=\"center\">R$ 13.994,78<\/td><\/tr><tr><td class=\"has-text-align-center\" data-align=\"center\">Analista Judici\u00e1rio &#8211; \u00c1rea Administrativa &#8211; Contabilidade<\/td><td class=\"has-text-align-center\" data-align=\"center\">CR<\/td><td class=\"has-text-align-center\" data-align=\"center\">R$ 13.994,78<\/td><\/tr><tr><td class=\"has-text-align-center\" data-align=\"center\">Analista Judici\u00e1rio &#8211; \u00c1rea Apoio Especializado &#8211; Tecnologia da Informa\u00e7\u00e3o  <\/td><td class=\"has-text-align-center\" data-align=\"center\">1 + CR<\/td><td class=\"has-text-align-center\" data-align=\"center\">R$ 13.994,78<\/td><\/tr><tr><td class=\"has-text-align-center\" data-align=\"center\">Analista Judici\u00e1rio &#8211; \u00c1rea Apoio Especializado &#8211; Arquivologia<\/td><td class=\"has-text-align-center\" data-align=\"center\">CR<\/td><td class=\"has-text-align-center\" data-align=\"center\">R$ 13.994,78<\/td><\/tr><tr><td class=\"has-text-align-center\" data-align=\"center\">Analista Judici\u00e1rio &#8211; \u00c1rea Apoio Especializado &#8211; Biblioteconomia  <\/td><td class=\"has-text-align-center\" data-align=\"center\">CR<\/td><td class=\"has-text-align-center\" data-align=\"center\">R$ 13.994,78<\/td><\/tr><tr><td class=\"has-text-align-center\" data-align=\"center\">Analista Judici\u00e1rio &#8211; \u00c1rea Apoio Especializado &#8211; Engenharia Civil<\/td><td class=\"has-text-align-center\" data-align=\"center\">CR<\/td><td class=\"has-text-align-center\" data-align=\"center\">R$ 13.994,78<\/td><\/tr><tr><td class=\"has-text-align-center\" data-align=\"center\">Analista Judici\u00e1rio &#8211; \u00c1rea Apoio Especializado &#8211; Estat\u00edstica<\/td><td class=\"has-text-align-center\" data-align=\"center\">1 + CR<\/td><td class=\"has-text-align-center\" data-align=\"center\">R$ 13.994,78<\/td><\/tr><tr><td class=\"has-text-align-center\" data-align=\"center\">Analista Judici\u00e1rio &#8211; \u00c1rea Apoio Especializado &#8211; Medicina (Cl\u00ednica M\u00e9dica)<\/td><td class=\"has-text-align-center\" data-align=\"center\">CR<\/td><td class=\"has-text-align-center\" data-align=\"center\">R$ 13.994,78<\/td><\/tr><tr><td class=\"has-text-align-center\" data-align=\"center\">Analista Judici\u00e1rio &#8211; \u00c1rea Apoio Especializado &#8211; Medicina do Trabalho<\/td><td class=\"has-text-align-center\" data-align=\"center\">CR<\/td><td class=\"has-text-align-center\" data-align=\"center\">R$ 13.994,78<\/td><\/tr><tr><td class=\"has-text-align-center\" data-align=\"center\">Analista Judici\u00e1rio &#8211; \u00c1rea Apoio Especializado &#8211; Odontologia<\/td><td class=\"has-text-align-center\" data-align=\"center\">CR<\/td><td class=\"has-text-align-center\" data-align=\"center\">R$ 13.994,78<\/td><\/tr><tr><td class=\"has-text-align-center\" data-align=\"center\">Analista Judici\u00e1rio &#8211; \u00c1rea Apoio Especializado &#8211; Psicologia<\/td><td class=\"has-text-align-center\" data-align=\"center\">CR<\/td><td class=\"has-text-align-center\" data-align=\"center\">R$ 13.994,78<\/td><\/tr><tr><td class=\"has-text-align-center\" data-align=\"center\">Analista Judici\u00e1rio &#8211; \u00c1rea Judici\u00e1ria &#8211; Sem especialidade<\/td><td class=\"has-text-align-center\" data-align=\"center\">CR<\/td><td class=\"has-text-align-center\" data-align=\"center\">R$ 13.994,78<\/td><\/tr><\/tbody><\/table><figcaption class=\"wp-element-caption\">Cargos, vagas e remunera\u00e7\u00f5es do concurso TSE Unificado <\/figcaption><\/figure>\n\n\n\n<h3 class=\"wp-block-heading\" id=\"h-tecnico-judiciario\">T\u00e9cnico judici\u00e1rio<\/h3>\n\n\n\n<figure class=\"wp-block-table is-style-stripes\"><table class=\"has-blush-light-purple-gradient-background has-background has-fixed-layout\"><thead><tr><th class=\"has-text-align-center\" data-align=\"center\">CARGOS<\/th><th class=\"has-text-align-center\" data-align=\"center\">VAGAS<\/th><th class=\"has-text-align-center\" data-align=\"center\">SAL\u00c1RIO<\/th><\/tr><\/thead><tbody><tr><td class=\"has-text-align-center\" data-align=\"center\">T\u00e9cnico Judici\u00e1rio &#8211; \u00c1rea Administrativa &#8211; Sem especialidade <\/td><td class=\"has-text-align-center\" data-align=\"center\">6 + CR<\/td><td class=\"has-text-align-center\" data-align=\"center\">R$ 8.529,65<\/td><\/tr><tr><td class=\"has-text-align-center\" data-align=\"center\">T\u00e9cnico Judici\u00e1rio &#8211; \u00c1rea Administrativa &#8211; Agente da Pol\u00edcia Judicial<\/td><td class=\"has-text-align-center\" data-align=\"center\">CR<\/td><td class=\"has-text-align-center\" data-align=\"center\">R$ 9.773,56<\/td><\/tr><tr><td class=\"has-text-align-center\" data-align=\"center\">T\u00e9cnico Judici\u00e1rio &#8211; \u00c1rea Apoio Especializado &#8211; Programa\u00e7\u00e3o de Sistemas <\/td><td class=\"has-text-align-center\" data-align=\"center\">2 + CR<\/td><td class=\"has-text-align-center\" data-align=\"center\">R$ 8.529,65<\/td><\/tr><\/tbody><\/table><figcaption class=\"wp-element-caption\">Cargos, vagas e remunera\u00e7\u00f5es do concurso TSE Unificado <\/figcaption><\/figure>\n\n\n\n<p><a href=\"https:\/\/www.estrategiaconcursos.com.br\/blog\/concurso-tse-unificado-vaga-por-estado\/\"><strong>Veja aqui a divis\u00e3o das vagas por estado<\/strong><\/a><\/p>\n\n\n\n<h2 class=\"wp-block-heading\" id=\"etapas-2024\">Etapas e provas do edital TSE Unificado<\/h2>\n\n\n\n<p>Sob organiza\u00e7\u00e3o da banca Cebraspe, os candidatos inscritos no edital do concurso TSE Unificado foram avaliados por meio da aplica\u00e7\u00e3o das seguintes etapas:<\/p>\n\n\n\n<ul class=\"wp-block-list\">\n<li><strong>Prova Objetiva<\/strong> \u2013 eliminat\u00f3rio e classificat\u00f3rio, para todos os cargos;<\/li>\n\n\n\n<li><strong>Prova Discursiva<\/strong> \u2013 eliminat\u00f3rio e classificat\u00f3rio, para os cargos de Analista Judici\u00e1rio, todas as especialidades;<\/li>\n\n\n\n<li><strong>Prova de Capacidade F\u00edsica (Agente da Pol\u00edcia Judicial)<\/strong> \u2013 eliminat\u00f3rio; e<\/li>\n\n\n\n<li><strong>Prova de T\u00edtulos<\/strong> \u2013 classificat\u00f3rio, somente para os cargos de Analista Judici\u00e1rio.<\/li>\n<\/ul>\n\n\n\n<p>As provas objetivas e a prova discursiva para os cargos de Analista Judici\u00e1rio tiveram a dura\u00e7\u00e3o de 4 horas e 30 minutos e foram aplicadas no dia&nbsp;<strong>8 de dezembro<\/strong>, no turno da manh\u00e3.<\/p>\n\n\n\n<p>J\u00e1 as provas objetivas para os cargos de T\u00e9cnico Judici\u00e1rio tiveram uma dura\u00e7\u00e3o de 3 horas e 30 minutos e foram aplicadas tamb\u00e9m no dia&nbsp;<strong>8 de dezembro,<\/strong>&nbsp;no turno da tarde.<\/p>\n\n\n\n<h3 class=\"wp-block-heading\" id=\"objetiva\">Provas Objetivas<\/h3>\n\n\n\n<p>A prova objetiva, de car\u00e1ter eliminat\u00f3rio e classificat\u00f3rio, foi composta de 120 itens e valeu 190,00 pontos.<\/p>\n\n\n\n<p>Cada prova objetiva foi constitu\u00edda de itens para julgamento, agrupados por comandos. O julgamento de cada item foi CERTO ou ERRADO, de acordo com o(s) comando(s) a que se refere o item.<\/p>\n\n\n\n<p>A etapa versou sobre as seguintes disciplinas:<\/p>\n\n\n\n<ul class=\"wp-block-list\">\n<li><strong>N\u00edvel Superior:<\/strong>\n<ul class=\"wp-block-list\">\n<li>L\u00edngua Portuguesa;<\/li>\n\n\n\n<li>No\u00e7\u00f5es de Direito Eleitoral (para os cargos de Analista Judici\u00e1rio &#8211; \u00c1rea Administrativa,  e T\u00e9cnico Judici\u00e1rio &#8211; \u00c1rea Administrativa);<\/li>\n\n\n\n<li>No\u00e7\u00f5es de Direito Administrativo;<\/li>\n\n\n\n<li>No\u00e7\u00f5es de Direito Constitucional;<\/li>\n\n\n\n<li>Conhecimentos Espec\u00edficos.<\/li>\n<\/ul>\n<\/li>\n<\/ul>\n\n\n\n<h3 class=\"wp-block-heading\" id=\"discursiva\">Prova Discursiva<\/h3>\n\n\n\n<p>A prova discursiva valeu 50,00 pontos e consistiu na reda\u00e7\u00e3o de texto dissertativo, de at\u00e9 30 linhas, a respeito de temas relacionados a conhecimentos espec\u00edficos do cargo\/\u00e1rea\/especialidade.<\/p>\n\n\n\n<p>A prova discursiva avaliou o conte\u00fado (conhecimento do tema), a capacidade de express\u00e3o na modalidade escrita e o uso das normas do registro formal culto da L\u00edngua Portuguesa. O candidato produziu, conforme o comando formulado pela banca examinadora, texto dissertativo, primando pela coer\u00eancia e pela coes\u00e3o.<\/p>\n\n\n\n<h3 class=\"wp-block-heading\" id=\"h-prova-de-capacidade-fisica\">Prova de Capacidade F\u00edsica<\/h3>\n\n\n\n<p>A prova de Capacidade F\u00edsica do edital TSE Unificado teve car\u00e1ter eliminat\u00f3rio, e foi aplicada somente aos candidatos par o cargo de T\u00e9cnico Judici\u00e1rio \u2013 \u00c1rea Administrativo \u2013 Especialidade: Agente da Pol\u00edcia Judicial .<\/p>\n\n\n\n<p>Segundo o edital, os candidatos foram avaliados por meio dos seguintes testes:<\/p>\n\n\n\n<ul class=\"wp-block-list\">\n<li>flex\u00e3o de bra\u00e7o na barra fixa (para os candidatos do sexo masculino) ou de barra est\u00e1tica (candidatas do sexo feminino);<\/li>\n\n\n\n<li>flex\u00e3o abdominal;<\/li>\n\n\n\n<li>corrida de 12 minutos.<\/li>\n<\/ul>\n\n\n\n<h3 class=\"wp-block-heading\" id=\"titulos\">Avalia\u00e7\u00e3o de T\u00edtulos<\/h3>\n\n\n\n<p>De car\u00e1ter apenas classificat\u00f3rio, a Avalia\u00e7\u00e3o de T\u00edtulos foi aplicada aos cargos de Analista Judici\u00e1rio. A etapa valeu at\u00e9 10,00 pontos, ainda que a soma dos valores dos t\u00edtulos enviados seja superior a esse valor.<\/p>\n\n\n\n<p>Somente ser\u00e3o aceitos os t\u00edtulos abaixo relacionados, expedidos at\u00e9 a data de envio, observados os limites de pontos do quadro a seguir:<\/p>\n\n\n\n<figure class=\"wp-block-image aligncenter size-large\"><img loading=\"lazy\" decoding=\"async\" width=\"1024\" height=\"538\" src=\"https:\/\/dhg1h5j42swfq.cloudfront.net\/2024\/05\/29063208\/image-590-1024x538.png\" alt=\"Tabela de atribui\u00e7\u00e3o de pontos na avalia\u00e7\u00e3o de t\u00edtulos\" class=\"wp-image-1406340\" srcset=\"https:\/\/dhg1h5j42swfq.cloudfront.net\/2024\/05\/29063208\/image-590-1024x538.png 1024w, https:\/\/dhg1h5j42swfq.cloudfront.net\/2024\/05\/29063208\/image-590-300x158.png 300w, https:\/\/dhg1h5j42swfq.cloudfront.net\/2024\/05\/29063208\/image-590-768x404.png 768w, https:\/\/dhg1h5j42swfq.cloudfront.net\/2024\/05\/29063208\/image-590-610x321.png 610w, https:\/\/dhg1h5j42swfq.cloudfront.net\/2024\/05\/29063208\/image-590-150x79.png 150w, https:\/\/dhg1h5j42swfq.cloudfront.net\/2024\/05\/29063208\/image-590.png 1429w\" sizes=\"auto, (max-width: 1024px) 100vw, 1024px\" \/><figcaption class=\"wp-element-caption\">Tabela de pontua\u00e7\u00e3o de T\u00edtulos.<\/figcaption><\/figure>\n\n\n\n<h2 class=\"wp-block-heading\" id=\"altera\u00e7\u00e3o-de-escolaridade\">Altera\u00e7\u00e3o de escolaridade<\/h2>\n\n\n\n<p>Foi promulgado o Projeto de Lei <strong>3662\/21<\/strong>, que altera a escolaridade do cargo de T\u00e9cnico Judici\u00e1rio e estabelece o n\u00edvel superior como requisito aos <strong>concursos Tribunais<\/strong>.<\/p>\n\n\n\n<p>Sendo assim, para assumir o cargo de T\u00e9cnico Judici\u00e1rio, os candidatos agora devem possuir como requisito n\u00edvel superior de escolaridade. <\/p>\n\n\n\n<h2 class=\"wp-block-heading\" id=\"cargos-vagos\">Cargos vagos do TRE PI<\/h2>\n\n\n\n<p>Confira abaixo a distribui\u00e7\u00e3o!<\/p>\n\n\n\n<figure class=\"wp-block-table is-style-stripes\"><table class=\"has-background\" style=\"background:linear-gradient(135deg,rgba(255,207,236,0.66) 0%,rgba(150,149,240,0.74) 100%)\"><tbody><tr><td class=\"has-text-align-center\" data-align=\"center\"><strong>Cargo<\/strong><\/td><td class=\"has-text-align-center\" data-align=\"center\"><strong>Vac\u00e2ncia<\/strong><\/td><\/tr><tr><td class=\"has-text-align-center\" data-align=\"center\">Analista Judici\u00e1rio<\/td><td class=\"has-text-align-center\" data-align=\"center\">06<\/td><\/tr><tr><td class=\"has-text-align-center\" data-align=\"center\">T\u00e9cnico Judici\u00e1rio<\/td><td class=\"has-text-align-center\" data-align=\"center\">05<\/td><\/tr><tr><td class=\"has-text-align-center\" data-align=\"center\"><strong>Total<\/strong><\/td><td class=\"has-text-align-center\" data-align=\"center\">11<\/td><\/tr><\/tbody><\/table><figcaption class=\"wp-element-caption\">Cargos vagos TRE PI &#8211; DEZEMBRO DE 2025<\/figcaption><\/figure>\n\n\n\n<h2 class=\"wp-block-heading\" id=\"carreira\">Carreira no TRE PI<\/h2>\n\n\n\n<h3 class=\"wp-block-heading\" id=\"requisitos\">O que \u00e9 preciso ter para prestar o concurso TRE PI?<\/h3>\n\n\n\n<p>Todos os cargos de <strong>Analista <\/strong>exigem forma\u00e7\u00e3o de n\u00edvel superior com habilita\u00e7\u00e3o na especialidade desejada. Entre as \u00e1reas dispon\u00edveis, est\u00e3o: Administra\u00e7\u00e3o, An\u00e1lise de Sistemas, Taquigrafia, Direito, entre outros.<\/p>\n\n\n\n<p>Para <strong>T\u00e9cnico<\/strong>, os interessados precisam ter n\u00edvel superior em qualquer \u00e1rea de forma\u00e7\u00e3o.<\/p>\n\n\n\n<h3 class=\"wp-block-heading\" id=\"atribuicoes\">Atribui\u00e7\u00f5es dos cargos do concurso TRE PI<\/h3>\n\n\n\n<p><em><strong>Analista Judici\u00e1rio \u2013 \u00c1rea Administrativa<\/strong><\/em><br \/>Executar atividades de n\u00edvel superior relacionadas com as fun\u00e7\u00f5es de administra\u00e7\u00e3o de recursos humanos, materiais e patrimoniais, or\u00e7ament\u00e1rios e financeiros, controle interno, bem como as de desenvolvimento organizacional e de suporte t\u00e9cnico e administrativo \u00e0s unidades organizacionais.  <\/p>\n\n\n\n<p><em><strong>Analista Judici\u00e1rio \u2013 \u00c1rea de An\u00e1lise de Sistemas <\/strong><\/em><br \/>Realizar atividades de n\u00edvel superior relacionadas com desenvolvimento, implanta\u00e7\u00e3o e manuten\u00e7\u00e3o de sistemas informatizados. <\/p>\n\n\n\n<p><em><strong>Analista Judici\u00e1rio \u2013 \u00c1rea de Taquigrafia <\/strong><\/em><br \/>Executar atividades de n\u00edvel superior relacionadas com registro, tradu\u00e7\u00e3o e revis\u00e3o de notas taquigr\u00e1ficas.  <\/p>\n\n\n\n<p><em><strong>Analista Judici\u00e1rio \u2013 \u00c1rea Judici\u00e1ria <\/strong><\/em><br \/>Executar atividades privativas de bacharel em Direito relacionadas com processamento de feitos e apoio a julgamentos.  <\/p>\n\n\n\n<p><strong><em>T\u00e9cnico Judici\u00e1rio \u2013 \u00c1rea Administrativa<\/em><\/strong><br \/>Executar atividades de n\u00edvel intermedi\u00e1rio relacionadas com as fun\u00e7\u00f5es de administra\u00e7\u00e3o de recursos humanos, materiais e patrimoniais, or\u00e7ament\u00e1rios e financeiros, controle interno, bem como as de desenvolvimento organizacional e suporte t\u00e9cnico e administrativo \u00e0s unidades organizacionais.  <\/p>\n\n\n\n<p><strong><em>T\u00e9cnico Judici\u00e1rio \u2013 \u00c1rea de Opera\u00e7\u00e3o de Computadores<\/em><\/strong><br \/>Executar atividades de n\u00edvel intermedi\u00e1rio relacionadas com opera\u00e7\u00e3o e manuten\u00e7\u00e3o de equipamentos de inform\u00e1tica.  <\/p>\n\n\n\n<p><strong><em>T\u00e9cnico Judici\u00e1rio \u2013 \u00c1rea de Programa\u00e7\u00e3o de Sistemas <\/em><\/strong><br \/>Executar atividades de n\u00edvel intermedi\u00e1rio relacionadas com a programa\u00e7\u00e3o de sistemas informatizados.  <\/p>\n\n\n\n<hr class=\"wp-block-separator has-alpha-channel-opacity\"\/>\n\n\n\n<h2 class=\"wp-block-heading\" id=\"ultimo-concurso\">\u00daltimo concurso TRE PI<\/h2>\n\n\n\n<p>Em 2015,&nbsp;o Tribunal Regional Eleitoral do Piau\u00ed realizou um concurso p\u00fablico para o provimento de cargos efetivos e cadastro de reserva. <\/p>\n\n\n\n<p>As provas foram aplicadas em janeiro de 2016 e as taxas ficaram definidas nos valores de R$ 95,00 (Analista Judici\u00e1rio) e R$ 75,00 (T\u00e9cnico Judici\u00e1rio). A responsabilidade do certame ficou com a banca Cespe.<\/p>\n\n\n\n<figure class=\"wp-block-table is-style-stripes\"><table class=\"has-pale-ocean-gradient-background has-background\"><thead><tr><th class=\"has-text-align-center\" data-align=\"center\">Cargos<\/th><th class=\"has-text-align-center\" data-align=\"center\">Vagas<\/th><\/tr><\/thead><tbody><tr><td class=\"has-text-align-center\" data-align=\"center\">Analista Judici\u00e1rio &#8211; Administrativa<\/td><td class=\"has-text-align-center\" data-align=\"center\">1 vaga<\/td><\/tr><tr><td class=\"has-text-align-center\" data-align=\"center\">Analista Judici\u00e1rio &#8211; An\u00e1lise de Sistemas<\/td><td class=\"has-text-align-center\" data-align=\"center\">Cadastro Reserva<\/td><\/tr><tr><td class=\"has-text-align-center\" data-align=\"center\">Analista Judici\u00e1rio &#8211; Taquigrafia<\/td><td class=\"has-text-align-center\" data-align=\"center\">1 vaga<\/td><\/tr><tr><td class=\"has-text-align-center\" data-align=\"center\">Analista Judici\u00e1rio &#8211; Judici\u00e1ria<\/td><td class=\"has-text-align-center\" data-align=\"center\">3 vagas<\/td><\/tr><tr><td class=\"has-text-align-center\" data-align=\"center\">T\u00e9cnico Judici\u00e1rio &#8211; Administrativa<\/td><td class=\"has-text-align-center\" data-align=\"center\"><br \/>6 vagas<\/td><\/tr><tr><td class=\"has-text-align-center\" data-align=\"center\">T\u00e9cnico Judici\u00e1rio &#8211; Opera\u00e7\u00e3o de Computadores<\/td><td class=\"has-text-align-center\" data-align=\"center\">Cadastro Reserva<\/td><\/tr><tr><td class=\"has-text-align-center\" data-align=\"center\">T\u00e9cnico Judici\u00e1rio &#8211; Programa\u00e7\u00e3o de Sistemas<\/td><td class=\"has-text-align-center\" data-align=\"center\">1 vaga<\/td><\/tr><\/tbody><\/table><figcaption class=\"wp-element-caption\">Quadro de cargos e vagas do \u00faltimo concurso TRE PI<\/figcaption><\/figure>\n\n\n\n<h2 class=\"wp-block-heading\" id=\"etapas\">Etapas do \u00faltimo concurso TRE PI<\/h2>\n\n\n\n<p>As provas objetivas e a prova discursiva para todos os cargos de <strong>Analista Judici\u00e1rio<\/strong>, exceto a \u00e1rea de Taquigrafia, tiveram a dura\u00e7\u00e3o de 4 horas e 30 minutos, aplicadas no turno da <strong>manh\u00e3<\/strong>.<\/p>\n\n\n\n<p>As provas objetivas, para o cargo de <strong>Analista Judici\u00e1rio<\/strong> da \u00e1rea de <strong>Taquigrafia<\/strong>, foram aplicadas no turno da <strong>manh\u00e3<\/strong>, com dura\u00e7\u00e3o de 3 horas e 30 minutos.<\/p>\n\n\n\n<p>No per\u00edodo da <strong>tarde<\/strong>, as provas objetivas para todos os cargos de <strong>T\u00e9cnico Judici\u00e1rio<\/strong>, todas as \u00e1reas\/especialidades, foram aplicadas com dura\u00e7\u00e3o de 3 horas e 30 minutos.  <\/p>\n\n\n\n<h3 class=\"wp-block-heading\" id=\"provas\">Provas <\/h3>\n\n\n\n<p>Para todos os cargos foram cobradas provas objetivas:<\/p>\n\n\n\n<ul class=\"wp-block-list\">\n<li>Conhecimentos Gerais: 30 quest\u00f5es, peso 1.<\/li>\n\n\n\n<li>Conhecimentos Espec\u00edficos: 40 quest\u00f5es, peso 3.<\/li>\n<\/ul>\n\n\n\n<p>Al\u00e9m disso, as \u00e1reas do cargo de Analista Judici\u00e1rio, exceto Taquigrafia, contaram com uma prova Discursiva de peso 2. Para \u00e1rea de Taquigrafia, houve cobran\u00e7a de prova Pr\u00e1tica.<\/p>\n\n\n\n<h3 class=\"wp-block-heading\" id=\"disciplinas-cobradas\">Disciplinas cobradas <\/h3>\n\n\n\n<p class=\"has-medium-font-size\"><strong>Conhecimentos gerais para todos os cargos<\/strong><\/p>\n\n\n\n<ul class=\"wp-block-list\">\n<li>L\u00edngua Portuguesa<\/li>\n\n\n\n<li>No\u00e7\u00f5es de Inform\u00e1tica<\/li>\n\n\n\n<li>Normas Aplic\u00e1veis aos Servidores P\u00fablicos Federais<\/li>\n\n\n\n<li>No\u00e7\u00f5es de Administra\u00e7\u00e3o Geral<\/li>\n\n\n\n<li>Regimento Interno do TRE PI<\/li>\n\n\n\n<li>C\u00f3digo de \u00c9tica do TRE PI<\/li>\n<\/ul>\n\n\n\n<p class=\"has-medium-font-size\"><strong>Conhecimentos Espec\u00edficos<\/strong><\/p>\n\n\n\n<p><strong>Analista Judici\u00e1rio na \u00e1rea Administrativa<\/strong><\/p>\n\n\n\n<ul class=\"wp-block-list\">\n<li>No\u00e7\u00f5es de Direito Administrativo<\/li>\n\n\n\n<li>No\u00e7\u00f5es de Direito Constitucional<\/li>\n\n\n\n<li>No\u00e7\u00f5es de Direito Eleitoral<\/li>\n\n\n\n<li>No\u00e7\u00f5es de Administra\u00e7\u00e3o Or\u00e7ament\u00e1ria e Financeira e Or\u00e7amento P\u00fablico<\/li>\n\n\n\n<li>No\u00e7\u00f5es de Administra\u00e7\u00e3o P\u00fablica<\/li>\n<\/ul>\n\n\n\n<p><strong>Analista Judici\u00e1rio na \u00e1rea de An\u00e1lise de Sistemas<\/strong><\/p>\n\n\n\n<ul class=\"wp-block-list\">\n<li>Fundamentos em Ti<\/li>\n\n\n\n<li>Governan\u00e7a e Gest\u00e3o de Ti<\/li>\n\n\n\n<li>Processos de Neg\u00f3cio<\/li>\n\n\n\n<li>Engenharia de Software<\/li>\n\n\n\n<li>Arquitetura de Software<\/li>\n\n\n\n<li>Desenvolvimento de Software<\/li>\n\n\n\n<li>Redes de Computadores<\/li>\n\n\n\n<li>Bancos de Dados<\/li>\n\n\n\n<li>Seguran\u00e7a da Informa\u00e7\u00e3o<\/li>\n<\/ul>\n\n\n\n<p><strong>Analista Judici\u00e1rio \u2013 \u00c1rea de Taquigrafia<\/strong><\/p>\n\n\n\n<ul class=\"wp-block-list\">\n<li>L\u00edngua Portuguesa<\/li>\n<\/ul>\n\n\n\n<p><strong>Analista Judici\u00e1rio \u2013 \u00c1rea Judici\u00e1ria<\/strong><\/p>\n\n\n\n<ul class=\"wp-block-list\">\n<li>Direito Administrativo<\/li>\n\n\n\n<li>Direito Constitucional<\/li>\n\n\n\n<li>Direito Eleitoral<\/li>\n\n\n\n<li>Direito Civil<\/li>\n\n\n\n<li>Direito Processual Civil<\/li>\n\n\n\n<li>Direito Penal<\/li>\n\n\n\n<li>Direito Processual Penal<\/li>\n\n\n\n<li>No\u00e7\u00f5es de Administra\u00e7\u00e3o P\u00fablica<\/li>\n<\/ul>\n\n\n\n<p><strong>T\u00e9cnico Judici\u00e1rio \u2013 \u00c1rea Administrativa<\/strong><\/p>\n\n\n\n<ul class=\"wp-block-list\">\n<li>No\u00e7\u00f5es de Direito Administrativo<\/li>\n\n\n\n<li>No\u00e7\u00f5es de Direito Constitucional<\/li>\n\n\n\n<li>No\u00e7\u00f5es de Direito Eleitoral<\/li>\n\n\n\n<li>No\u00e7\u00f5es de Administra\u00e7\u00e3o P\u00fablica<\/li>\n<\/ul>\n\n\n\n<p><strong>T\u00e9cnico Judici\u00e1rio \u2013 \u00c1rea de Opera\u00e7\u00e3o de Computadores<\/strong><\/p>\n\n\n\n<ul class=\"wp-block-list\">\n<li>Opera\u00e7\u00e3o de Computadores<\/li>\n<\/ul>\n\n\n\n<p><strong>T\u00e9cnico Judici\u00e1rio \u2013 \u00c1rea de Programa\u00e7\u00e3o de Sistemas<\/strong><\/p>\n\n\n\n<ul class=\"wp-block-list\">\n<li>Programa\u00e7\u00e3o de Sistemas<\/li>\n<\/ul>\n\n\n\n<h3 class=\"wp-block-heading\" id=\"concorrencia\">Concorr\u00eancia<\/h3>\n\n\n\n<p>Segundo o site da banca Cespe, 15.490 candidatos se inscreveram para o concurso TRE PI. Somente dois cargos ofertavam mais de uma vaga, s\u00e3o eles:<\/p>\n\n\n\n<ul class=\"wp-block-list\">\n<li>Analista Judici\u00e1rio &#8211; Judici\u00e1ria: foram 2.779 inscritos para 4 vagas, uma m\u00e9dia de 694 candidatos x vaga<\/li>\n\n\n\n<li>T\u00e9cnico Judici\u00e1rio &#8211; Administrativa: foram 10.123 inscritos para 8 vagas, uma m\u00e9dia de 1.265<\/li>\n<\/ul>\n\n\n\n<p>Os demais cargos ofertavam apenas uma vaga ou cadastro de reserva:<\/p>\n\n\n\n<ul class=\"wp-block-list\">\n<li>Analista Judici\u00e1rio &#8211; Administrativa: 1.371 inscritos<\/li>\n\n\n\n<li>Analista Judici\u00e1rio &#8211; Taquigrafia: 52 inscritos<\/li>\n\n\n\n<li>Analista Judici\u00e1rio &#8211; An\u00e1lise de Sistemas: 407 inscritos<\/li>\n\n\n\n<li>Analista Judici\u00e1rio &#8211; Opera\u00e7\u00e3o de Computadores: 541 inscritos<\/li>\n<\/ul>\n\n\n\n<hr class=\"wp-block-separator has-alpha-channel-opacity\"\/>\n\n\n\n<h2 class=\"wp-block-heading has-text-align-center\" id=\"h-quer-saber-tudo-sobre-concursos-previstos-confira-nossos-artigos\">Quer saber tudo sobre concursos previstos?<br \/>Confira nossos artigos!<\/h2>\n\n\n\n<ul class=\"wp-block-list\">\n<li><a href=\"https:\/\/www.estrategiaconcursos.com.br\/blog\/concursos-abertos\/\" target=\"_blank\" rel=\"noreferrer noopener\">Concursos abertos<\/a><\/li>\n\n\n\n<li><a href=\"https:\/\/www.estrategiaconcursos.com.br\/blog\/concursos-tribunais\/\">Concursos tribunais<\/a><\/li>\n\n\n\n<li><a href=\"https:\/\/www.estrategiaconcursos.com.br\/blog\/concursos-tre\/\">Concursos TRE<\/a><\/li>\n\n\n\n<li><a href=\"https:\/\/www.estrategiaconcursos.com.br\/blog\/concursos-2026\/\">Concursos 2026<\/a><br \/><\/li>\n<\/ul>\n\n\n\n<h2 class=\"wp-block-heading has-text-align-center\" id=\"cursos-assinatura\"><em>Quer estudar para o Concurso TRE PI?<\/em><\/h2>\n\n\n\n<p class=\"has-text-align-center\"><em><strong>Gostou desta oportunidade e deseja come\u00e7ar se preparar agora mesmo? Ent\u00e3o, confira os nossos cursos e comece a estudar para&nbsp;o TRE PI:<\/strong><\/em><\/p>\n\n\n\n<div class=\"row\">\n\n    <div class=\"col-sm\">\n      <div class=\"banner-tribunal\" id=\"box-assinatura\">\n        <h3 class=\"titulo-assinatura\"><span style=\"color: #ffffff; font-size: 23px; \">Cursos para o concurso TRE-PI<\/span><\/h3>\n        <p class=\"subtitulo-assinatura\">Conhe\u00e7a os cursos<\/p>\n        <div class=\"box-botao\">\n          <a class=\"btn-assinatura\" target=\"_blank\" href=\"https:\/\/www.estrategiaconcursos.com.br\/cursosPorConcurso\/tre-pi-tribunal-regional-eleitoral-do-piaui-407\/\" role=\"button\" rel=\"noopener noreferrer\">Conhe\u00e7a mais<\/a>\n        <\/div>\n      <\/div>\n      <p class=\"texto-auxiliar\">Prepare-se com o melhor material e com quem mais aprova em Concursos P\u00fablicos em todo o pa\u00eds.<\/p>\n    <\/div>\n\n  <\/div>\n\n\n\n<div class=\"container\" id=\"boxes\">\n  <div class=\"row\">\n\n    <div class=\"col-sm\">\n      <div class=\"estrategia\" id=\"box-assinatura\">\n        <h3 class=\"titulo-assinatura\">Assinatura Concursos<\/h3>\n        <p class=\"subtitulo-assinatura\">Assinatura de 1 ano ou 2 anos<\/p>\n        <div class=\"box-botao\">\n          <a class=\"btn-assinatura\" target=\"_blank\" href=\"https:\/\/www.estrategiaconcursos.com.br\/assinaturas\/\" role=\"button\" rel=\"noopener noreferrer\">ASSINE AGORA<\/a>\n        <\/div>\n      <\/div>\n     \n    <\/div><\/div><\/div>\n\n\n\n<figure class=\"wp-block-image is-resized\"><img decoding=\"async\" src=\"https:\/\/dhg1h5j42swfq.cloudfront.net\/2021\/03\/29210020\/ficha-tecnica-1-300x185-1.png\" alt=\"Ficha do concurso TRE PI\" style=\"width:217px;height:auto\"\/><\/figure>\n\n\n\n<h4 class=\"wp-block-heading\" id=\"ficha-tecnica\"><strong> <\/strong><\/h4>\n\n\n\n<h3 class=\"wp-block-heading\" id=\"block-ba1614b5-988b-41ef-892d-f4c9f7e9dd42\">Informa\u00e7\u00f5es do edital TSE Unificado &#8211; TRE PI<\/h3>\n\n\n\n<ul id=\"block-46dd482c-33cf-409c-8762-75c111403f14\" class=\"wp-block-list\">\n<li><strong>Provas<\/strong>: <s>8\/12\/2024<\/s><\/li>\n\n\n\n<li><strong>Vagas<\/strong>: 10 + CR<\/li>\n\n\n\n<li><strong>Cargos<\/strong>: Analista e T\u00e9cnico <\/li>\n\n\n\n<li><strong>Banca<\/strong>: Cebraspe<\/li>\n\n\n\n<li><strong>Escolaridade<\/strong>: n\u00edvel superior<\/li>\n\n\n\n<li><strong>Edital:<\/strong> <strong><a href=\"https:\/\/dhg1h5j42swfq.cloudfront.net\/2024\/05\/29110324\/edital_1_2024_cpnuje_abertura-2.pdf\">TSE Unificado 2024<\/a><\/strong><\/li>\n\n\n\n<li><\/li>\n<\/ul>\n\n\n\n<p><em><br \/><\/em><\/p>\n","protected":false},"excerpt":{"rendered":"<p>O concurso do&nbsp;Tribunal Regional Eleitoral do Piau\u00ed (TRE PI), que faz parte do TSE Unificado, j\u00e1 come\u00e7ou a nomear seus aprovados! Foram ofertadas 10 vagas imediatas mais forma\u00e7\u00e3o de cadastro reserva, para os cargos de t\u00e9cnico e analista judici\u00e1rio, ambos de n\u00edvel superior. Confira mais informa\u00e7\u00f5es no decorrer do artigo! Cursos para o concurso TRE [&hellip;]<\/p>\n","protected":false},"author":1,"featured_media":852334,"comment_status":"open","ping_status":"closed","sticky":false,"template":"","format":"standard","meta":{"post_tipo":"news_page","footnotes":""},"categories":[1984,220219],"tags":[],"tax_estado":[219980],"class_list":["post-377904","post","type-post","status-publish","format-standard","has-post-thumbnail","hentry","category-tribunais","category-noticias","tax_estado-pi"],"acf":[],"yoast_head":"<!-- This site is optimized with the Yoast SEO Premium plugin v27.2 (Yoast SEO v27.2) - https:\/\/yoast.com\/product\/yoast-seo-premium-wordpress\/ -->\n<title>Concurso TRE PI: nomea\u00e7\u00f5es iniciadas; confira!<\/title>\n<meta name=\"description\" content=\"Concurso TRE PI: j\u00e1 est\u00e3o dispon\u00edveis os resultados das provas do edital unificado! S\u00e3o ofertadas 10 vagas + CR.\" \/>\n<meta name=\"robots\" content=\"index, follow, max-snippet:-1, max-image-preview:large, max-video-preview:-1\" \/>\n<link rel=\"canonical\" href=\"https:\/\/www.estrategiaconcursos.com.br\/blog\/concurso-tre-pi\/\" \/>\n<meta property=\"og:locale\" content=\"pt_BR\" \/>\n<meta property=\"og:type\" content=\"article\" \/>\n<meta property=\"og:title\" content=\"Concurso TRE PI: nomea\u00e7\u00f5es iniciadas; confira!\" \/>\n<meta property=\"og:description\" content=\"Concurso TRE PI: j\u00e1 est\u00e3o dispon\u00edveis os resultados das provas do edital unificado! S\u00e3o ofertadas 10 vagas + CR.\" \/>\n<meta property=\"og:url\" content=\"https:\/\/www.estrategiaconcursos.com.br\/blog\/concurso-tre-pi\/\" \/>\n<meta property=\"og:site_name\" content=\"Estrat\u00e9gia Concursos\" \/>\n<meta property=\"article:author\" content=\"https:\/\/www.facebook.com\/EstrategiaConcursos\" \/>\n<meta property=\"article:published_time\" content=\"2026-04-03T08:29:00+00:00\" \/>\n<meta property=\"article:modified_time\" content=\"2026-04-03T08:47:27+00:00\" \/>\n<meta property=\"og:image\" content=\"https:\/\/dhg1h5j42swfq.cloudfront.net\/2021\/08\/02113229\/tre_pi.jpeg\" \/>\n\t<meta property=\"og:image:width\" content=\"768\" \/>\n\t<meta property=\"og:image:height\" content=\"432\" \/>\n\t<meta property=\"og:image:type\" content=\"image\/jpeg\" \/>\n<meta name=\"author\" content=\"Coordena\u00e7\u00e3o\" \/>\n<meta name=\"twitter:card\" content=\"summary_large_image\" \/>\n<meta name=\"twitter:creator\" content=\"@EstratConcursos\" \/>\n<meta name=\"twitter:site\" content=\"@EstratConcursos\" \/>\n<meta name=\"twitter:label1\" content=\"Escrito por\" \/>\n\t<meta name=\"twitter:data1\" content=\"Coordena\u00e7\u00e3o\" \/>\n\t<meta name=\"twitter:label2\" content=\"Est. tempo de leitura\" \/>\n\t<meta name=\"twitter:data2\" content=\"10 minutos\" \/>\n<script type=\"application\/ld+json\" class=\"yoast-schema-graph\">{\"@context\":\"https:\/\/schema.org\",\"@graph\":[{\"@type\":\"NewsArticle\",\"@id\":\"https:\/\/www.estrategiaconcursos.com.br\/blog\/concurso-tre-pi\/#article\",\"isPartOf\":{\"@id\":\"https:\/\/www.estrategiaconcursos.com.br\/blog\/concurso-tre-pi\/\"},\"author\":{\"name\":\"Coordena\u00e7\u00e3o\",\"@id\":\"https:\/\/www.estrategiaconcursos.com.br\/blog\/#\/schema\/person\/b4a388c97673c5f483d72185668afa1f\"},\"headline\":\"Concurso TRE PI: nomea\u00e7\u00f5es iniciadas; confira!\",\"datePublished\":\"2026-04-03T08:29:00+00:00\",\"dateModified\":\"2026-04-03T08:47:27+00:00\",\"mainEntityOfPage\":{\"@id\":\"https:\/\/www.estrategiaconcursos.com.br\/blog\/concurso-tre-pi\/\"},\"wordCount\":2449,\"commentCount\":0,\"publisher\":{\"@id\":\"https:\/\/www.estrategiaconcursos.com.br\/blog\/#organization\"},\"image\":{\"@id\":\"https:\/\/www.estrategiaconcursos.com.br\/blog\/concurso-tre-pi\/#primaryimage\"},\"thumbnailUrl\":\"https:\/\/dhg1h5j42swfq.cloudfront.net\/2021\/08\/02113229\/tre_pi.jpeg\",\"articleSection\":[\"Tribunais\",\"\u00daltimas not\u00edcias\"],\"inLanguage\":\"pt-BR\",\"potentialAction\":[{\"@type\":\"CommentAction\",\"name\":\"Comment\",\"target\":[\"https:\/\/www.estrategiaconcursos.com.br\/blog\/concurso-tre-pi\/#respond\"]}],\"copyrightYear\":\"2026\",\"copyrightHolder\":{\"@id\":\"https:\/\/www.estrategiaconcursos.com.br\/blog\/#organization\"}},{\"@type\":\"WebPage\",\"@id\":\"https:\/\/www.estrategiaconcursos.com.br\/blog\/concurso-tre-pi\/\",\"url\":\"https:\/\/www.estrategiaconcursos.com.br\/blog\/concurso-tre-pi\/\",\"name\":\"Concurso TRE PI: nomea\u00e7\u00f5es iniciadas; confira!\",\"isPartOf\":{\"@id\":\"https:\/\/www.estrategiaconcursos.com.br\/blog\/#website\"},\"primaryImageOfPage\":{\"@id\":\"https:\/\/www.estrategiaconcursos.com.br\/blog\/concurso-tre-pi\/#primaryimage\"},\"image\":{\"@id\":\"https:\/\/www.estrategiaconcursos.com.br\/blog\/concurso-tre-pi\/#primaryimage\"},\"thumbnailUrl\":\"https:\/\/dhg1h5j42swfq.cloudfront.net\/2021\/08\/02113229\/tre_pi.jpeg\",\"datePublished\":\"2026-04-03T08:29:00+00:00\",\"dateModified\":\"2026-04-03T08:47:27+00:00\",\"description\":\"Concurso TRE PI: j\u00e1 est\u00e3o dispon\u00edveis os resultados das provas do edital unificado! S\u00e3o ofertadas 10 vagas + CR.\",\"breadcrumb\":{\"@id\":\"https:\/\/www.estrategiaconcursos.com.br\/blog\/concurso-tre-pi\/#breadcrumb\"},\"inLanguage\":\"pt-BR\",\"potentialAction\":[{\"@type\":\"ReadAction\",\"target\":[\"https:\/\/www.estrategiaconcursos.com.br\/blog\/concurso-tre-pi\/\"]}]},{\"@type\":\"ImageObject\",\"inLanguage\":\"pt-BR\",\"@id\":\"https:\/\/www.estrategiaconcursos.com.br\/blog\/concurso-tre-pi\/#primaryimage\",\"url\":\"https:\/\/dhg1h5j42swfq.cloudfront.net\/2021\/08\/02113229\/tre_pi.jpeg\",\"contentUrl\":\"https:\/\/dhg1h5j42swfq.cloudfront.net\/2021\/08\/02113229\/tre_pi.jpeg\",\"width\":768,\"height\":432,\"caption\":\"Concurso TRE PI provimentos\"},{\"@type\":\"BreadcrumbList\",\"@id\":\"https:\/\/www.estrategiaconcursos.com.br\/blog\/concurso-tre-pi\/#breadcrumb\",\"itemListElement\":[{\"@type\":\"ListItem\",\"position\":1,\"name\":\"In\u00edcio\",\"item\":\"https:\/\/www.estrategiaconcursos.com.br\/blog\/\"},{\"@type\":\"ListItem\",\"position\":2,\"name\":\"Concurso TRE PI: nomea\u00e7\u00f5es iniciadas; confira!\"}]},{\"@type\":\"WebSite\",\"@id\":\"https:\/\/www.estrategiaconcursos.com.br\/blog\/#website\",\"url\":\"https:\/\/www.estrategiaconcursos.com.br\/blog\/\",\"name\":\"Estrat\u00e9gia Concursos\",\"description\":\"O blog da Estrat\u00e9gia Concursos traz not\u00edcias sobre concursos e artigos de professores oferecendo cursos para concursos (pdf + videaulas) no site.\",\"publisher\":{\"@id\":\"https:\/\/www.estrategiaconcursos.com.br\/blog\/#organization\"},\"potentialAction\":[{\"@type\":\"SearchAction\",\"target\":{\"@type\":\"EntryPoint\",\"urlTemplate\":\"https:\/\/www.estrategiaconcursos.com.br\/blog\/?s={search_term_string}\"},\"query-input\":{\"@type\":\"PropertyValueSpecification\",\"valueRequired\":true,\"valueName\":\"search_term_string\"}}],\"inLanguage\":\"pt-BR\"},{\"@type\":\"Organization\",\"@id\":\"https:\/\/www.estrategiaconcursos.com.br\/blog\/#organization\",\"name\":\"Estrat\u00e9gia Concursos\",\"url\":\"https:\/\/www.estrategiaconcursos.com.br\/blog\/\",\"logo\":{\"@type\":\"ImageObject\",\"inLanguage\":\"pt-BR\",\"@id\":\"https:\/\/www.estrategiaconcursos.com.br\/blog\/#\/schema\/logo\/image\/\",\"url\":\"https:\/\/dhg1h5j42swfq.cloudfront.net\/2025\/06\/03203428\/logo_concursos-1.jpg\",\"contentUrl\":\"https:\/\/dhg1h5j42swfq.cloudfront.net\/2025\/06\/03203428\/logo_concursos-1.jpg\",\"width\":230,\"height\":60,\"caption\":\"Estrat\u00e9gia Concursos\"},\"image\":{\"@id\":\"https:\/\/www.estrategiaconcursos.com.br\/blog\/#\/schema\/logo\/image\/\"},\"sameAs\":[\"https:\/\/x.com\/EstratConcursos\"]},{\"@type\":\"Person\",\"@id\":\"https:\/\/www.estrategiaconcursos.com.br\/blog\/#\/schema\/person\/b4a388c97673c5f483d72185668afa1f\",\"name\":\"Coordena\u00e7\u00e3o\",\"image\":{\"@type\":\"ImageObject\",\"inLanguage\":\"pt-BR\",\"@id\":\"https:\/\/secure.gravatar.com\/avatar\/b720319e4c9a967eb58678d110f4fe35452fc5d5f97b202bac7b8acceb18c6ad?s=96&d=mm&r=g\",\"url\":\"https:\/\/secure.gravatar.com\/avatar\/b720319e4c9a967eb58678d110f4fe35452fc5d5f97b202bac7b8acceb18c6ad?s=96&d=mm&r=g\",\"contentUrl\":\"https:\/\/secure.gravatar.com\/avatar\/b720319e4c9a967eb58678d110f4fe35452fc5d5f97b202bac7b8acceb18c6ad?s=96&d=mm&r=g\",\"caption\":\"Coordena\u00e7\u00e3o\"},\"sameAs\":[\"https:\/\/www.facebook.com\/EstrategiaConcursos\",\"https:\/\/x.com\/EstratConcursos\"],\"url\":\"https:\/\/www.estrategiaconcursos.com.br\/blog\/author\/estrategia2013\/\"}]}<\/script>\n<!-- \/ Yoast SEO Premium plugin. -->","yoast_head_json":{"title":"Concurso TRE PI: nomea\u00e7\u00f5es iniciadas; confira!","description":"Concurso TRE PI: j\u00e1 est\u00e3o dispon\u00edveis os resultados das provas do edital unificado! S\u00e3o ofertadas 10 vagas + CR.","robots":{"index":"index","follow":"follow","max-snippet":"max-snippet:-1","max-image-preview":"max-image-preview:large","max-video-preview":"max-video-preview:-1"},"canonical":"https:\/\/www.estrategiaconcursos.com.br\/blog\/concurso-tre-pi\/","og_locale":"pt_BR","og_type":"article","og_title":"Concurso TRE PI: nomea\u00e7\u00f5es iniciadas; confira!","og_description":"Concurso TRE PI: j\u00e1 est\u00e3o dispon\u00edveis os resultados das provas do edital unificado! S\u00e3o ofertadas 10 vagas + CR.","og_url":"https:\/\/www.estrategiaconcursos.com.br\/blog\/concurso-tre-pi\/","og_site_name":"Estrat\u00e9gia Concursos","article_author":"https:\/\/www.facebook.com\/EstrategiaConcursos","article_published_time":"2026-04-03T08:29:00+00:00","article_modified_time":"2026-04-03T08:47:27+00:00","og_image":[{"width":768,"height":432,"url":"https:\/\/dhg1h5j42swfq.cloudfront.net\/2021\/08\/02113229\/tre_pi.jpeg","type":"image\/jpeg"}],"author":"Coordena\u00e7\u00e3o","twitter_card":"summary_large_image","twitter_creator":"@EstratConcursos","twitter_site":"@EstratConcursos","twitter_misc":{"Escrito por":"Coordena\u00e7\u00e3o","Est. tempo de leitura":"10 minutos"},"schema":{"@context":"https:\/\/schema.org","@graph":[{"@type":"NewsArticle","@id":"https:\/\/www.estrategiaconcursos.com.br\/blog\/concurso-tre-pi\/#article","isPartOf":{"@id":"https:\/\/www.estrategiaconcursos.com.br\/blog\/concurso-tre-pi\/"},"author":{"name":"Coordena\u00e7\u00e3o","@id":"https:\/\/www.estrategiaconcursos.com.br\/blog\/#\/schema\/person\/b4a388c97673c5f483d72185668afa1f"},"headline":"Concurso TRE PI: nomea\u00e7\u00f5es iniciadas; confira!","datePublished":"2026-04-03T08:29:00+00:00","dateModified":"2026-04-03T08:47:27+00:00","mainEntityOfPage":{"@id":"https:\/\/www.estrategiaconcursos.com.br\/blog\/concurso-tre-pi\/"},"wordCount":2449,"commentCount":0,"publisher":{"@id":"https:\/\/www.estrategiaconcursos.com.br\/blog\/#organization"},"image":{"@id":"https:\/\/www.estrategiaconcursos.com.br\/blog\/concurso-tre-pi\/#primaryimage"},"thumbnailUrl":"https:\/\/dhg1h5j42swfq.cloudfront.net\/2021\/08\/02113229\/tre_pi.jpeg","articleSection":["Tribunais","\u00daltimas not\u00edcias"],"inLanguage":"pt-BR","potentialAction":[{"@type":"CommentAction","name":"Comment","target":["https:\/\/www.estrategiaconcursos.com.br\/blog\/concurso-tre-pi\/#respond"]}],"copyrightYear":"2026","copyrightHolder":{"@id":"https:\/\/www.estrategiaconcursos.com.br\/blog\/#organization"}},{"@type":"WebPage","@id":"https:\/\/www.estrategiaconcursos.com.br\/blog\/concurso-tre-pi\/","url":"https:\/\/www.estrategiaconcursos.com.br\/blog\/concurso-tre-pi\/","name":"Concurso TRE PI: nomea\u00e7\u00f5es iniciadas; confira!","isPartOf":{"@id":"https:\/\/www.estrategiaconcursos.com.br\/blog\/#website"},"primaryImageOfPage":{"@id":"https:\/\/www.estrategiaconcursos.com.br\/blog\/concurso-tre-pi\/#primaryimage"},"image":{"@id":"https:\/\/www.estrategiaconcursos.com.br\/blog\/concurso-tre-pi\/#primaryimage"},"thumbnailUrl":"https:\/\/dhg1h5j42swfq.cloudfront.net\/2021\/08\/02113229\/tre_pi.jpeg","datePublished":"2026-04-03T08:29:00+00:00","dateModified":"2026-04-03T08:47:27+00:00","description":"Concurso TRE PI: j\u00e1 est\u00e3o dispon\u00edveis os resultados das provas do edital unificado! S\u00e3o ofertadas 10 vagas + CR.","breadcrumb":{"@id":"https:\/\/www.estrategiaconcursos.com.br\/blog\/concurso-tre-pi\/#breadcrumb"},"inLanguage":"pt-BR","potentialAction":[{"@type":"ReadAction","target":["https:\/\/www.estrategiaconcursos.com.br\/blog\/concurso-tre-pi\/"]}]},{"@type":"ImageObject","inLanguage":"pt-BR","@id":"https:\/\/www.estrategiaconcursos.com.br\/blog\/concurso-tre-pi\/#primaryimage","url":"https:\/\/dhg1h5j42swfq.cloudfront.net\/2021\/08\/02113229\/tre_pi.jpeg","contentUrl":"https:\/\/dhg1h5j42swfq.cloudfront.net\/2021\/08\/02113229\/tre_pi.jpeg","width":768,"height":432,"caption":"Concurso TRE PI provimentos"},{"@type":"BreadcrumbList","@id":"https:\/\/www.estrategiaconcursos.com.br\/blog\/concurso-tre-pi\/#breadcrumb","itemListElement":[{"@type":"ListItem","position":1,"name":"In\u00edcio","item":"https:\/\/www.estrategiaconcursos.com.br\/blog\/"},{"@type":"ListItem","position":2,"name":"Concurso TRE PI: nomea\u00e7\u00f5es iniciadas; confira!"}]},{"@type":"WebSite","@id":"https:\/\/www.estrategiaconcursos.com.br\/blog\/#website","url":"https:\/\/www.estrategiaconcursos.com.br\/blog\/","name":"Estrat\u00e9gia Concursos","description":"O blog da Estrat\u00e9gia Concursos traz not\u00edcias sobre concursos e artigos de professores oferecendo cursos para concursos (pdf + videaulas) no site.","publisher":{"@id":"https:\/\/www.estrategiaconcursos.com.br\/blog\/#organization"},"potentialAction":[{"@type":"SearchAction","target":{"@type":"EntryPoint","urlTemplate":"https:\/\/www.estrategiaconcursos.com.br\/blog\/?s={search_term_string}"},"query-input":{"@type":"PropertyValueSpecification","valueRequired":true,"valueName":"search_term_string"}}],"inLanguage":"pt-BR"},{"@type":"Organization","@id":"https:\/\/www.estrategiaconcursos.com.br\/blog\/#organization","name":"Estrat\u00e9gia Concursos","url":"https:\/\/www.estrategiaconcursos.com.br\/blog\/","logo":{"@type":"ImageObject","inLanguage":"pt-BR","@id":"https:\/\/www.estrategiaconcursos.com.br\/blog\/#\/schema\/logo\/image\/","url":"https:\/\/dhg1h5j42swfq.cloudfront.net\/2025\/06\/03203428\/logo_concursos-1.jpg","contentUrl":"https:\/\/dhg1h5j42swfq.cloudfront.net\/2025\/06\/03203428\/logo_concursos-1.jpg","width":230,"height":60,"caption":"Estrat\u00e9gia Concursos"},"image":{"@id":"https:\/\/www.estrategiaconcursos.com.br\/blog\/#\/schema\/logo\/image\/"},"sameAs":["https:\/\/x.com\/EstratConcursos"]},{"@type":"Person","@id":"https:\/\/www.estrategiaconcursos.com.br\/blog\/#\/schema\/person\/b4a388c97673c5f483d72185668afa1f","name":"Coordena\u00e7\u00e3o","image":{"@type":"ImageObject","inLanguage":"pt-BR","@id":"https:\/\/secure.gravatar.com\/avatar\/b720319e4c9a967eb58678d110f4fe35452fc5d5f97b202bac7b8acceb18c6ad?s=96&d=mm&r=g","url":"https:\/\/secure.gravatar.com\/avatar\/b720319e4c9a967eb58678d110f4fe35452fc5d5f97b202bac7b8acceb18c6ad?s=96&d=mm&r=g","contentUrl":"https:\/\/secure.gravatar.com\/avatar\/b720319e4c9a967eb58678d110f4fe35452fc5d5f97b202bac7b8acceb18c6ad?s=96&d=mm&r=g","caption":"Coordena\u00e7\u00e3o"},"sameAs":["https:\/\/www.facebook.com\/EstrategiaConcursos","https:\/\/x.com\/EstratConcursos"],"url":"https:\/\/www.estrategiaconcursos.com.br\/blog\/author\/estrategia2013\/"}]}},"_links":{"self":[{"href":"https:\/\/www.estrategiaconcursos.com.br\/blog\/wp-json\/wp\/v2\/posts\/377904","targetHints":{"allow":["GET"]}}],"collection":[{"href":"https:\/\/www.estrategiaconcursos.com.br\/blog\/wp-json\/wp\/v2\/posts"}],"about":[{"href":"https:\/\/www.estrategiaconcursos.com.br\/blog\/wp-json\/wp\/v2\/types\/post"}],"author":[{"embeddable":true,"href":"https:\/\/www.estrategiaconcursos.com.br\/blog\/wp-json\/wp\/v2\/users\/1"}],"replies":[{"embeddable":true,"href":"https:\/\/www.estrategiaconcursos.com.br\/blog\/wp-json\/wp\/v2\/comments?post=377904"}],"version-history":[{"count":145,"href":"https:\/\/www.estrategiaconcursos.com.br\/blog\/wp-json\/wp\/v2\/posts\/377904\/revisions"}],"predecessor-version":[{"id":1748095,"href":"https:\/\/www.estrategiaconcursos.com.br\/blog\/wp-json\/wp\/v2\/posts\/377904\/revisions\/1748095"}],"wp:featuredmedia":[{"embeddable":true,"href":"https:\/\/www.estrategiaconcursos.com.br\/blog\/wp-json\/wp\/v2\/media\/852334"}],"wp:attachment":[{"href":"https:\/\/www.estrategiaconcursos.com.br\/blog\/wp-json\/wp\/v2\/media?parent=377904"}],"wp:term":[{"taxonomy":"category","embeddable":true,"href":"https:\/\/www.estrategiaconcursos.com.br\/blog\/wp-json\/wp\/v2\/categories?post=377904"},{"taxonomy":"post_tag","embeddable":true,"href":"https:\/\/www.estrategiaconcursos.com.br\/blog\/wp-json\/wp\/v2\/tags?post=377904"},{"taxonomy":"tax_estado","embeddable":true,"href":"https:\/\/www.estrategiaconcursos.com.br\/blog\/wp-json\/wp\/v2\/tax_estado?post=377904"}],"curies":[{"name":"wp","href":"https:\/\/api.w.org\/{rel}","templated":true}]}}