{"id":377491,"date":"2019-05-25T07:59:23","date_gmt":"2019-05-25T10:59:23","guid":{"rendered":"https:\/\/www.estrategiaconcursos.com.br\/blog\/?p=377491"},"modified":"2020-09-11T16:59:10","modified_gmt":"2020-09-11T19:59:10","slug":"policia-federal-nomeacao","status":"publish","type":"post","link":"https:\/\/www.estrategiaconcursos.com.br\/blog\/policia-federal-nomeacao\/","title":{"rendered":"Bolsonaro autoriza nomea\u00e7\u00e3o de 1.047 policiais federais"},"content":{"rendered":"\n<p><\/p>\n\n\n\n<p style=\"font-size:25px\">A<em>l\u00e9m das 500 vagas, mais 547 foram autorizadas por decreto<\/em><\/p>\n\n\n\n<p>O presidente da Rep\u00fablica Jair Bolsonaro assinou um decreto autorizando <strong><em>a nomea\u00e7\u00e3o de mais 547 policiais federais al\u00e9m dos 500 aprovados no \u00faltimo concurso da Pol\u00edcia Federal<\/em><\/strong>. Ao todo, a PF tem um refor\u00e7o de 1.047 policiais federais. A autoriza\u00e7\u00e3o veio atrav\u00e9s de um decreto publicado na edi\u00e7\u00e3o desta sexta-feira, do Di\u00e1rio Oficial da Uni\u00e3o.<\/p>\n\n\n\n<p>A maior parte das novas nomea\u00e7\u00f5es contempla os cargos de agente, delegado e escriv\u00e3o. As nomea\u00e7\u00f5es desses servidores para Pol\u00edcia Federal, de acordo com o governo, \u00e9 para refor\u00e7ar o combate \u00e0 corrup\u00e7\u00e3o no pa\u00eds e ao crime organizado. As datas de matr\u00edcula e in\u00edcio do curso de forma\u00e7\u00e3o, inclusive, j\u00e1 foram divulgadas.<\/p>\n\n\n\n<p>A novidade foi comemorada pelo presidente em seu perfil no Facebook. <strong><em>A autoriza\u00e7\u00e3o de mais 547 nomea\u00e7\u00f5es acende uma luz para que um novo concurso Pol\u00edcia Federal possa acontecer em 2020 ou 2021. Isso porque, caso a lista de aprovados se esgote, h\u00e1 a possibilidade de que as vagas remanescentes fiquem para um novo concurso<\/em><\/strong>.<\/p>\n\n\n\n<figure class=\"wp-block-image\"><img loading=\"lazy\" decoding=\"async\" width=\"1028\" height=\"554\" src=\"https:\/\/dhg1h5j42swfq.cloudfront.net\/2019\/05\/24141241\/image224.png\" alt=\"\" class=\"wp-image-377603\" srcset=\"https:\/\/dhg1h5j42swfq.cloudfront.net\/2019\/05\/24141241\/image224.png 1028w, https:\/\/dhg1h5j42swfq.cloudfront.net\/2019\/05\/24141241\/image224.png 300w, https:\/\/dhg1h5j42swfq.cloudfront.net\/2019\/05\/24141241\/image224.png 768w, https:\/\/dhg1h5j42swfq.cloudfront.net\/2019\/05\/24141241\/image224.png 1024w, https:\/\/dhg1h5j42swfq.cloudfront.net\/2019\/05\/24141241\/image224.png 610w\" sizes=\"auto, (max-width: 1028px) 100vw, 1028px\" \/><\/figure>\n\n\n\n<h2 class=\"wp-block-heading\">O que diz o decreto?<\/h2>\n\n\n\n<p><strong>DECRETO N\u00ba 9.801, DE 23 DE MAIO DE 2019<\/strong><\/p>\n\n\n\n<p><em>Autoriza a nomea\u00e7\u00e3o de candidatos aprovados no concurso p\u00fablico para os cargos do Quadro de Pessoal da Pol\u00edcia Federal do Minist\u00e9rio da Justi\u00e7a e Seguran\u00e7a P\u00fablica.<\/em><\/p>\n\n\n\n<p><strong>D E C R E T A :<\/strong><\/p>\n\n\n\n<p><em>Art. 1\u00ba Fica autorizada a nomea\u00e7\u00e3o de mil e quarenta e sete candidatos aprovados no concurso p\u00fablico para provimento de cargos do Quadro de Pessoal da Pol\u00edcia Federal do Minist\u00e9rio da Justi\u00e7a e Seguran\u00e7a P\u00fablica, autorizado pela Portaria n\u00ba 8.380, de 19 de abril de 2018, publicada no Di\u00e1rio Oficial da Uni\u00e3o de 20 de abril de 2018, do Diretor-Geral da Pol\u00edcia Federal, sendo:<\/em><\/p>\n\n\n\n<p><em>I &#8211; quinhentos aprovados e classificados dentro do quantitativo de vagas originalmente previsto para pronto provimento; e<\/em><\/p>\n\n\n\n<p><em>II &#8211; quinhentos e quarenta e sete aprovados e n\u00e3o classificados dentro do quantitativo de vagas originalmente previsto para pronto provimento, conforme especificado no Anexo.<\/em><\/p>\n\n\n\n<h2 class=\"wp-block-heading\">Distribui\u00e7\u00e3o das novas vagas<\/h2>\n\n\n\n<figure class=\"wp-block-image is-resized\"><img loading=\"lazy\" decoding=\"async\" src=\"https:\/\/dhg1h5j42swfq.cloudfront.net\/2019\/05\/24141648\/image225.png\" alt=\"\" class=\"wp-image-377608\" width=\"423\" height=\"405\" srcset=\"https:\/\/dhg1h5j42swfq.cloudfront.net\/2019\/05\/24141648\/image225.png 627w, https:\/\/dhg1h5j42swfq.cloudfront.net\/2019\/05\/24141648\/image225.png 300w, https:\/\/dhg1h5j42swfq.cloudfront.net\/2019\/05\/24141648\/image225.png 610w\" sizes=\"auto, (max-width: 423px) 100vw, 423px\" \/><\/figure>\n\n\n\n<h2 class=\"wp-block-heading\">\u00daltimo Concurso Pol\u00edcia Federal<\/h2>\n\n\n\n<p>O \u00faltimo concurso PF foi lan\u00e7ado em Junho de 2018 para 500 vagas: 180 para agente, 150 para delegado, 80 para escriv\u00e3o, 60 para perito criminal e 30 para papiloscopista. E hoje o Presidente divulgou o dobro das nomea\u00e7\u00f5es. Os sal\u00e1rios desses servidores v\u00e1ria de R$ 11.983,26 at\u00e9 R$ 22.672,48 com benef\u00edcios.<\/p>\n\n\n\n<p>A maioria desses nomeados s\u00e3o para v\u00e1rias regi\u00f5es do Pa\u00eds. As vagas contemplaram os estados de Tocantins, Acre, Amap\u00e1, Amazonas, Mato Grosso do Sul e Par\u00e1.<\/p>\n\n\n\n<h3 class=\"wp-block-heading\"><strong>Curso de Forma\u00e7\u00e3o<\/strong><\/h3>\n\n\n\n<p>A Pol\u00edcia Federal, inclusive, j\u00e1 divulgou as datas prov\u00e1veis de in\u00edcio do curso de forma\u00e7\u00e3o. Os candidatos ao cargo de Delegado de Pol\u00edcia Federal devem fazer matr\u00edcula entre 8 e 9 de junho de 2019. O in\u00edcio do curso est\u00e1 previsto para acontecer em 10 de junho de 2019.<\/p>\n\n\n\n<p>Os aprovados aos cargos de Perito Criminal Federal devem fazer matr\u00edcula entre os dias 15 e 16 de junho de 2019. O in\u00edcio do curso est\u00e1 previsto para o dia 17 de junho de 2019.<\/p>\n\n\n\n<p>J\u00e1 as matr\u00edculas para o Curso de Forma\u00e7\u00e3o dos cargos de Agente de Pol\u00edcia Federal, Escriv\u00e3o de Pol\u00edcia Federal e Papiloscopista Policial Federal devem acontecer entre os dias 22 e 23 de junho de 2019 e o in\u00edcio do curso em 24 de junho de 2019.<\/p>\n\n\n\n<p>O encerramento (para todos os cargos) est\u00e1 previsto para 8 de novembro de 2019.<\/p>\n\n\n\n<p style=\"font-size:25px\" class=\"has-background has-text-align-center has-luminous-vivid-amber-background-color\">MAIS INFORMA\u00c7\u00d5ES<br \/><span style=\"text-decoration: underline;\"><a rel=\"noreferrer noopener\" aria-label=\"Concurso Pol\u00edcia Federal (abre numa nova aba)\" href=\"https:\/\/www.estrategiaconcursos.com.br\/blog\/concurso-policia-federal\" target=\"_blank\">Concurso Pol\u00edcia Federal<\/a><\/span><\/p>\n\n\n\n<h2 class=\"wp-block-heading\">Cursos para o Concurso Pol\u00edcia Federal<\/h2>\n\n\n\n<p>A autoriza\u00e7\u00e3o para que a Pol\u00edcia Federal fa\u00e7a mais 547 nomea\u00e7\u00f5es acende uma luz para que um novo concurso. Isso porque, esgotada a lista de aprovados, h\u00e1 a possibilidade de que as vagas remanescentes fiquem para um novo concurso. Por isso, <em>saia na frente dos demais candidatos. O Estrat\u00e9gia Concursos j\u00e1 lan\u00e7ou cursos para os cargos da Pol\u00edcia Federal. Confira os cursos nos links abaixo:<\/em><\/p>\n\n\n\n<p class=\"has-text-align-center\"><a href=\"https:\/\/www.estrategiaconcursos.com.br\/curso\/pacote-completo-p-policia-federal-delegado-2018\/\" target=\"_blank\" rel=\"noreferrer noopener\">CURSOS PARA DELEGADO<\/a><\/p>\n\n\n\n<p class=\"has-text-align-center\"><a href=\"https:\/\/www.estrategiaconcursos.com.br\/cursosPorConcurso\/policia-federal-perito-80\/\" target=\"_blank\" rel=\"noreferrer noopener\">CURSOS PARA PERITO<\/a><\/p>\n\n\n\n<p class=\"has-text-align-center\"><a href=\"https:\/\/www.estrategiaconcursos.com.br\/cursosPorConcurso\/policia-federal-agente-141\/\" target=\"_blank\" rel=\"noreferrer noopener\">CURSOS PARA AGENTE<\/a><\/p>\n\n\n\n<p class=\"has-text-align-center\"><a href=\"https:\/\/www.estrategiaconcursos.com.br\/cursosPorConcurso\/policia-federal-escrivao-27\/\" target=\"_blank\" rel=\"noreferrer noopener\">CURSOS PARA ESCRIV\u00c3O<\/a><\/p>\n\n\n\n<p class=\"has-text-align-center\"><a href=\"https:\/\/www.estrategiaconcursos.com.br\/cursosPorConcurso\/policia-federal-papiloscopista\/\" target=\"_blank\" rel=\"noreferrer noopener\">CURSOS PAPILOSCOPISTA<\/a><\/p>\n\n\n\n<p style=\"font-size:25px\" class=\"has-text-align-center\"><em><strong>Assinatura Anual Ilimitada*<\/strong><\/em><\/p>\n\n\n\n<p class=\"has-text-align-center\"><em>Prepare-se com o melhor material e com quem mais aprova em Concursos P\u00fablicos em todo o pa\u00eds. Assine agora a nossa Assinatura Anual e tenha acesso ilimitado a todos os nossos cursos.<\/em><\/p>\n\n\n\n<p style=\"font-size:25px\" class=\"has-background has-text-align-center has-light-green-cyan-background-color\"><strong>ASSINE AGORA<\/strong>&nbsp;\u2013&nbsp;<a href=\"https:\/\/www.estrategiaconcursos.com.br\/assinaturas\" target=\"_blank\" rel=\"noreferrer noopener\">Assinatura Ilimitada<\/a><\/p>\n\n\n\n<figure class=\"wp-block-image\"><img loading=\"lazy\" decoding=\"async\" width=\"300\" height=\"102\" src=\"https:\/\/dhg1h5j42swfq.cloudfront.net\/2017\/03\/28152500\/coruja-ficha-tecnica-300x102.png\" alt=\"Ficha t\u00e9cnica concurso IBGE Tempor\u00e1rios\" class=\"wp-image-68542\"\/><\/figure>\n\n\n\n<p><strong>Informa\u00e7\u00f5es sobre o concurso PF<\/strong><\/p>\n\n\n\n<p>\u25ba<strong>Data prevista<\/strong>: 2019<br \/>\u25ba<strong>Vagas<\/strong>: 1.047 vagas<br \/>\u25ba<strong>Cargos<\/strong>: Agente, Perito, Escriv\u00e3o, Delegado e Papiloscopista <br \/>\u25ba<strong>Lota\u00e7\u00f5es<\/strong>: Todo Pa\u00eds<br \/>\u25ba<strong>Escolaridade<\/strong>: Superior<br \/>\u25ba<strong>Edital<\/strong>:&nbsp;<a rel=\"noreferrer noopener\" href=\"https:\/\/dhg1h5j42swfq.cloudfront.net\/2019\/05\/24135517\/Edital-Pol%C3%ADcia-Federal.pdf\" target=\"_blank\">\u00daltimo Edital Pol\u00edcia-Federal 2018<\/a><\/p>\n\n\n\n<p><em>Ascom Estrat\u00e9gia<\/em><br \/>ascomestrategia@gmail.com<\/p>\n","protected":false},"excerpt":{"rendered":"<p>Al\u00e9m das 500 vagas, mais 547 foram autorizadas por decreto O presidente da Rep\u00fablica Jair Bolsonaro assinou um decreto autorizando a nomea\u00e7\u00e3o de mais 547 policiais federais al\u00e9m dos 500 aprovados no \u00faltimo concurso da Pol\u00edcia Federal. Ao todo, a PF tem um refor\u00e7o de 1.047 policiais federais. A autoriza\u00e7\u00e3o veio atrav\u00e9s de um decreto [&hellip;]<\/p>\n","protected":false},"author":1,"featured_media":377575,"comment_status":"open","ping_status":"closed","sticky":false,"template":"","format":"standard","meta":{"post_tipo":"news","footnotes":""},"categories":[1],"tags":[],"tax_estado":[],"class_list":["post-377491","post","type-post","status-publish","format-standard","has-post-thumbnail","hentry","category-cursos-e-concursos"],"acf":[],"yoast_head":"<!-- This site is optimized with the Yoast SEO Premium plugin v27.2 (Yoast SEO v27.2) - https:\/\/yoast.com\/product\/yoast-seo-premium-wordpress\/ -->\n<title>Bolsonaro autoriza nomea\u00e7\u00e3o de 1.047 policiais federais<\/title>\n<meta name=\"description\" content=\"Concurso PF: decreto autoriza a nomea\u00e7\u00e3o de mais 547 servidores al\u00e9m das 500 vagas ofertadas no edital do concurso Pol\u00edcia Federal.\" \/>\n<meta name=\"robots\" content=\"index, follow, max-snippet:-1, max-image-preview:large, max-video-preview:-1\" \/>\n<link rel=\"canonical\" href=\"https:\/\/www.estrategiaconcursos.com.br\/blog\/policia-federal-nomeacao\/\" \/>\n<meta property=\"og:locale\" content=\"pt_BR\" \/>\n<meta property=\"og:type\" content=\"article\" \/>\n<meta property=\"og:title\" content=\"Bolsonaro autoriza nomea\u00e7\u00e3o de 1.047 policiais federais\" \/>\n<meta property=\"og:description\" content=\"Concurso PF: decreto autoriza a nomea\u00e7\u00e3o de mais 547 servidores al\u00e9m das 500 vagas ofertadas no edital do concurso Pol\u00edcia Federal.\" \/>\n<meta property=\"og:url\" content=\"https:\/\/www.estrategiaconcursos.com.br\/blog\/policia-federal-nomeacao\/\" \/>\n<meta property=\"og:site_name\" content=\"Estrat\u00e9gia Concursos\" \/>\n<meta property=\"article:author\" content=\"https:\/\/www.facebook.com\/EstrategiaConcursos\" \/>\n<meta property=\"article:published_time\" content=\"2019-05-25T10:59:23+00:00\" \/>\n<meta property=\"article:modified_time\" content=\"2020-09-11T19:59:10+00:00\" \/>\n<meta property=\"og:image\" content=\"https:\/\/dhg1h5j42swfq.cloudfront.net\/2019\/05\/24134705\/Policia-Federal-e1495658573155.jpg\" \/>\n\t<meta property=\"og:image:width\" content=\"400\" \/>\n\t<meta property=\"og:image:height\" content=\"209\" \/>\n\t<meta property=\"og:image:type\" content=\"image\/jpeg\" \/>\n<meta name=\"author\" content=\"Coordena\u00e7\u00e3o\" \/>\n<meta name=\"twitter:card\" content=\"summary_large_image\" \/>\n<meta name=\"twitter:creator\" content=\"@EstratConcursos\" \/>\n<meta name=\"twitter:site\" content=\"@EstratConcursos\" \/>\n<meta name=\"twitter:label1\" content=\"Escrito por\" \/>\n\t<meta name=\"twitter:data1\" content=\"Coordena\u00e7\u00e3o\" \/>\n\t<meta name=\"twitter:label2\" content=\"Est. tempo de leitura\" \/>\n\t<meta name=\"twitter:data2\" content=\"4 minutos\" \/>\n<script type=\"application\/ld+json\" class=\"yoast-schema-graph\">{\"@context\":\"https:\/\/schema.org\",\"@graph\":[{\"@type\":\"NewsArticle\",\"@id\":\"https:\/\/www.estrategiaconcursos.com.br\/blog\/policia-federal-nomeacao\/#article\",\"isPartOf\":{\"@id\":\"https:\/\/www.estrategiaconcursos.com.br\/blog\/policia-federal-nomeacao\/\"},\"author\":{\"name\":\"Coordena\u00e7\u00e3o\",\"@id\":\"https:\/\/www.estrategiaconcursos.com.br\/blog\/#\/schema\/person\/b4a388c97673c5f483d72185668afa1f\"},\"headline\":\"Bolsonaro autoriza nomea\u00e7\u00e3o de 1.047 policiais federais\",\"datePublished\":\"2019-05-25T10:59:23+00:00\",\"dateModified\":\"2020-09-11T19:59:10+00:00\",\"mainEntityOfPage\":{\"@id\":\"https:\/\/www.estrategiaconcursos.com.br\/blog\/policia-federal-nomeacao\/\"},\"wordCount\":771,\"commentCount\":4,\"publisher\":{\"@id\":\"https:\/\/www.estrategiaconcursos.com.br\/blog\/#organization\"},\"image\":{\"@id\":\"https:\/\/www.estrategiaconcursos.com.br\/blog\/policia-federal-nomeacao\/#primaryimage\"},\"thumbnailUrl\":\"https:\/\/dhg1h5j42swfq.cloudfront.net\/2019\/05\/24134705\/Policia-Federal-e1495658573155.jpg\",\"articleSection\":[\"Concursos P\u00fablicos\"],\"inLanguage\":\"pt-BR\",\"potentialAction\":[{\"@type\":\"CommentAction\",\"name\":\"Comment\",\"target\":[\"https:\/\/www.estrategiaconcursos.com.br\/blog\/policia-federal-nomeacao\/#respond\"]}],\"copyrightYear\":\"2019\",\"copyrightHolder\":{\"@id\":\"https:\/\/www.estrategiaconcursos.com.br\/blog\/#organization\"}},{\"@type\":\"WebPage\",\"@id\":\"https:\/\/www.estrategiaconcursos.com.br\/blog\/policia-federal-nomeacao\/\",\"url\":\"https:\/\/www.estrategiaconcursos.com.br\/blog\/policia-federal-nomeacao\/\",\"name\":\"Bolsonaro autoriza nomea\u00e7\u00e3o de 1.047 policiais federais\",\"isPartOf\":{\"@id\":\"https:\/\/www.estrategiaconcursos.com.br\/blog\/#website\"},\"primaryImageOfPage\":{\"@id\":\"https:\/\/www.estrategiaconcursos.com.br\/blog\/policia-federal-nomeacao\/#primaryimage\"},\"image\":{\"@id\":\"https:\/\/www.estrategiaconcursos.com.br\/blog\/policia-federal-nomeacao\/#primaryimage\"},\"thumbnailUrl\":\"https:\/\/dhg1h5j42swfq.cloudfront.net\/2019\/05\/24134705\/Policia-Federal-e1495658573155.jpg\",\"datePublished\":\"2019-05-25T10:59:23+00:00\",\"dateModified\":\"2020-09-11T19:59:10+00:00\",\"description\":\"Concurso PF: decreto autoriza a nomea\u00e7\u00e3o de mais 547 servidores al\u00e9m das 500 vagas ofertadas no edital do concurso Pol\u00edcia Federal.\",\"breadcrumb\":{\"@id\":\"https:\/\/www.estrategiaconcursos.com.br\/blog\/policia-federal-nomeacao\/#breadcrumb\"},\"inLanguage\":\"pt-BR\",\"potentialAction\":[{\"@type\":\"ReadAction\",\"target\":[\"https:\/\/www.estrategiaconcursos.com.br\/blog\/policia-federal-nomeacao\/\"]}]},{\"@type\":\"ImageObject\",\"inLanguage\":\"pt-BR\",\"@id\":\"https:\/\/www.estrategiaconcursos.com.br\/blog\/policia-federal-nomeacao\/#primaryimage\",\"url\":\"https:\/\/dhg1h5j42swfq.cloudfront.net\/2019\/05\/24134705\/Policia-Federal-e1495658573155.jpg\",\"contentUrl\":\"https:\/\/dhg1h5j42swfq.cloudfront.net\/2019\/05\/24134705\/Policia-Federal-e1495658573155.jpg\",\"width\":400,\"height\":209,\"caption\":\"Reta Final PF\"},{\"@type\":\"BreadcrumbList\",\"@id\":\"https:\/\/www.estrategiaconcursos.com.br\/blog\/policia-federal-nomeacao\/#breadcrumb\",\"itemListElement\":[{\"@type\":\"ListItem\",\"position\":1,\"name\":\"In\u00edcio\",\"item\":\"https:\/\/www.estrategiaconcursos.com.br\/blog\/\"},{\"@type\":\"ListItem\",\"position\":2,\"name\":\"Bolsonaro autoriza nomea\u00e7\u00e3o de 1.047 policiais federais\"}]},{\"@type\":\"WebSite\",\"@id\":\"https:\/\/www.estrategiaconcursos.com.br\/blog\/#website\",\"url\":\"https:\/\/www.estrategiaconcursos.com.br\/blog\/\",\"name\":\"Estrat\u00e9gia Concursos\",\"description\":\"O blog da Estrat\u00e9gia Concursos traz not\u00edcias sobre concursos e artigos de professores oferecendo cursos para concursos (pdf + videaulas) no site.\",\"publisher\":{\"@id\":\"https:\/\/www.estrategiaconcursos.com.br\/blog\/#organization\"},\"potentialAction\":[{\"@type\":\"SearchAction\",\"target\":{\"@type\":\"EntryPoint\",\"urlTemplate\":\"https:\/\/www.estrategiaconcursos.com.br\/blog\/?s={search_term_string}\"},\"query-input\":{\"@type\":\"PropertyValueSpecification\",\"valueRequired\":true,\"valueName\":\"search_term_string\"}}],\"inLanguage\":\"pt-BR\"},{\"@type\":\"Organization\",\"@id\":\"https:\/\/www.estrategiaconcursos.com.br\/blog\/#organization\",\"name\":\"Estrat\u00e9gia Concursos\",\"url\":\"https:\/\/www.estrategiaconcursos.com.br\/blog\/\",\"logo\":{\"@type\":\"ImageObject\",\"inLanguage\":\"pt-BR\",\"@id\":\"https:\/\/www.estrategiaconcursos.com.br\/blog\/#\/schema\/logo\/image\/\",\"url\":\"https:\/\/dhg1h5j42swfq.cloudfront.net\/2025\/06\/03203428\/logo_concursos-1.jpg\",\"contentUrl\":\"https:\/\/dhg1h5j42swfq.cloudfront.net\/2025\/06\/03203428\/logo_concursos-1.jpg\",\"width\":230,\"height\":60,\"caption\":\"Estrat\u00e9gia Concursos\"},\"image\":{\"@id\":\"https:\/\/www.estrategiaconcursos.com.br\/blog\/#\/schema\/logo\/image\/\"},\"sameAs\":[\"https:\/\/x.com\/EstratConcursos\"]},{\"@type\":\"Person\",\"@id\":\"https:\/\/www.estrategiaconcursos.com.br\/blog\/#\/schema\/person\/b4a388c97673c5f483d72185668afa1f\",\"name\":\"Coordena\u00e7\u00e3o\",\"image\":{\"@type\":\"ImageObject\",\"inLanguage\":\"pt-BR\",\"@id\":\"https:\/\/secure.gravatar.com\/avatar\/b720319e4c9a967eb58678d110f4fe35452fc5d5f97b202bac7b8acceb18c6ad?s=96&d=mm&r=g\",\"url\":\"https:\/\/secure.gravatar.com\/avatar\/b720319e4c9a967eb58678d110f4fe35452fc5d5f97b202bac7b8acceb18c6ad?s=96&d=mm&r=g\",\"contentUrl\":\"https:\/\/secure.gravatar.com\/avatar\/b720319e4c9a967eb58678d110f4fe35452fc5d5f97b202bac7b8acceb18c6ad?s=96&d=mm&r=g\",\"caption\":\"Coordena\u00e7\u00e3o\"},\"sameAs\":[\"https:\/\/www.facebook.com\/EstrategiaConcursos\",\"https:\/\/x.com\/EstratConcursos\"],\"url\":\"https:\/\/www.estrategiaconcursos.com.br\/blog\/author\/estrategia2013\/\"}]}<\/script>\n<!-- \/ Yoast SEO Premium plugin. -->","yoast_head_json":{"title":"Bolsonaro autoriza nomea\u00e7\u00e3o de 1.047 policiais federais","description":"Concurso PF: decreto autoriza a nomea\u00e7\u00e3o de mais 547 servidores al\u00e9m das 500 vagas ofertadas no edital do concurso Pol\u00edcia Federal.","robots":{"index":"index","follow":"follow","max-snippet":"max-snippet:-1","max-image-preview":"max-image-preview:large","max-video-preview":"max-video-preview:-1"},"canonical":"https:\/\/www.estrategiaconcursos.com.br\/blog\/policia-federal-nomeacao\/","og_locale":"pt_BR","og_type":"article","og_title":"Bolsonaro autoriza nomea\u00e7\u00e3o de 1.047 policiais federais","og_description":"Concurso PF: decreto autoriza a nomea\u00e7\u00e3o de mais 547 servidores al\u00e9m das 500 vagas ofertadas no edital do concurso Pol\u00edcia Federal.","og_url":"https:\/\/www.estrategiaconcursos.com.br\/blog\/policia-federal-nomeacao\/","og_site_name":"Estrat\u00e9gia Concursos","article_author":"https:\/\/www.facebook.com\/EstrategiaConcursos","article_published_time":"2019-05-25T10:59:23+00:00","article_modified_time":"2020-09-11T19:59:10+00:00","og_image":[{"width":400,"height":209,"url":"https:\/\/dhg1h5j42swfq.cloudfront.net\/2019\/05\/24134705\/Policia-Federal-e1495658573155.jpg","type":"image\/jpeg"}],"author":"Coordena\u00e7\u00e3o","twitter_card":"summary_large_image","twitter_creator":"@EstratConcursos","twitter_site":"@EstratConcursos","twitter_misc":{"Escrito por":"Coordena\u00e7\u00e3o","Est. tempo de leitura":"4 minutos"},"schema":{"@context":"https:\/\/schema.org","@graph":[{"@type":"NewsArticle","@id":"https:\/\/www.estrategiaconcursos.com.br\/blog\/policia-federal-nomeacao\/#article","isPartOf":{"@id":"https:\/\/www.estrategiaconcursos.com.br\/blog\/policia-federal-nomeacao\/"},"author":{"name":"Coordena\u00e7\u00e3o","@id":"https:\/\/www.estrategiaconcursos.com.br\/blog\/#\/schema\/person\/b4a388c97673c5f483d72185668afa1f"},"headline":"Bolsonaro autoriza nomea\u00e7\u00e3o de 1.047 policiais federais","datePublished":"2019-05-25T10:59:23+00:00","dateModified":"2020-09-11T19:59:10+00:00","mainEntityOfPage":{"@id":"https:\/\/www.estrategiaconcursos.com.br\/blog\/policia-federal-nomeacao\/"},"wordCount":771,"commentCount":4,"publisher":{"@id":"https:\/\/www.estrategiaconcursos.com.br\/blog\/#organization"},"image":{"@id":"https:\/\/www.estrategiaconcursos.com.br\/blog\/policia-federal-nomeacao\/#primaryimage"},"thumbnailUrl":"https:\/\/dhg1h5j42swfq.cloudfront.net\/2019\/05\/24134705\/Policia-Federal-e1495658573155.jpg","articleSection":["Concursos P\u00fablicos"],"inLanguage":"pt-BR","potentialAction":[{"@type":"CommentAction","name":"Comment","target":["https:\/\/www.estrategiaconcursos.com.br\/blog\/policia-federal-nomeacao\/#respond"]}],"copyrightYear":"2019","copyrightHolder":{"@id":"https:\/\/www.estrategiaconcursos.com.br\/blog\/#organization"}},{"@type":"WebPage","@id":"https:\/\/www.estrategiaconcursos.com.br\/blog\/policia-federal-nomeacao\/","url":"https:\/\/www.estrategiaconcursos.com.br\/blog\/policia-federal-nomeacao\/","name":"Bolsonaro autoriza nomea\u00e7\u00e3o de 1.047 policiais federais","isPartOf":{"@id":"https:\/\/www.estrategiaconcursos.com.br\/blog\/#website"},"primaryImageOfPage":{"@id":"https:\/\/www.estrategiaconcursos.com.br\/blog\/policia-federal-nomeacao\/#primaryimage"},"image":{"@id":"https:\/\/www.estrategiaconcursos.com.br\/blog\/policia-federal-nomeacao\/#primaryimage"},"thumbnailUrl":"https:\/\/dhg1h5j42swfq.cloudfront.net\/2019\/05\/24134705\/Policia-Federal-e1495658573155.jpg","datePublished":"2019-05-25T10:59:23+00:00","dateModified":"2020-09-11T19:59:10+00:00","description":"Concurso PF: decreto autoriza a nomea\u00e7\u00e3o de mais 547 servidores al\u00e9m das 500 vagas ofertadas no edital do concurso Pol\u00edcia Federal.","breadcrumb":{"@id":"https:\/\/www.estrategiaconcursos.com.br\/blog\/policia-federal-nomeacao\/#breadcrumb"},"inLanguage":"pt-BR","potentialAction":[{"@type":"ReadAction","target":["https:\/\/www.estrategiaconcursos.com.br\/blog\/policia-federal-nomeacao\/"]}]},{"@type":"ImageObject","inLanguage":"pt-BR","@id":"https:\/\/www.estrategiaconcursos.com.br\/blog\/policia-federal-nomeacao\/#primaryimage","url":"https:\/\/dhg1h5j42swfq.cloudfront.net\/2019\/05\/24134705\/Policia-Federal-e1495658573155.jpg","contentUrl":"https:\/\/dhg1h5j42swfq.cloudfront.net\/2019\/05\/24134705\/Policia-Federal-e1495658573155.jpg","width":400,"height":209,"caption":"Reta Final PF"},{"@type":"BreadcrumbList","@id":"https:\/\/www.estrategiaconcursos.com.br\/blog\/policia-federal-nomeacao\/#breadcrumb","itemListElement":[{"@type":"ListItem","position":1,"name":"In\u00edcio","item":"https:\/\/www.estrategiaconcursos.com.br\/blog\/"},{"@type":"ListItem","position":2,"name":"Bolsonaro autoriza nomea\u00e7\u00e3o de 1.047 policiais federais"}]},{"@type":"WebSite","@id":"https:\/\/www.estrategiaconcursos.com.br\/blog\/#website","url":"https:\/\/www.estrategiaconcursos.com.br\/blog\/","name":"Estrat\u00e9gia Concursos","description":"O blog da Estrat\u00e9gia Concursos traz not\u00edcias sobre concursos e artigos de professores oferecendo cursos para concursos (pdf + videaulas) no site.","publisher":{"@id":"https:\/\/www.estrategiaconcursos.com.br\/blog\/#organization"},"potentialAction":[{"@type":"SearchAction","target":{"@type":"EntryPoint","urlTemplate":"https:\/\/www.estrategiaconcursos.com.br\/blog\/?s={search_term_string}"},"query-input":{"@type":"PropertyValueSpecification","valueRequired":true,"valueName":"search_term_string"}}],"inLanguage":"pt-BR"},{"@type":"Organization","@id":"https:\/\/www.estrategiaconcursos.com.br\/blog\/#organization","name":"Estrat\u00e9gia Concursos","url":"https:\/\/www.estrategiaconcursos.com.br\/blog\/","logo":{"@type":"ImageObject","inLanguage":"pt-BR","@id":"https:\/\/www.estrategiaconcursos.com.br\/blog\/#\/schema\/logo\/image\/","url":"https:\/\/dhg1h5j42swfq.cloudfront.net\/2025\/06\/03203428\/logo_concursos-1.jpg","contentUrl":"https:\/\/dhg1h5j42swfq.cloudfront.net\/2025\/06\/03203428\/logo_concursos-1.jpg","width":230,"height":60,"caption":"Estrat\u00e9gia Concursos"},"image":{"@id":"https:\/\/www.estrategiaconcursos.com.br\/blog\/#\/schema\/logo\/image\/"},"sameAs":["https:\/\/x.com\/EstratConcursos"]},{"@type":"Person","@id":"https:\/\/www.estrategiaconcursos.com.br\/blog\/#\/schema\/person\/b4a388c97673c5f483d72185668afa1f","name":"Coordena\u00e7\u00e3o","image":{"@type":"ImageObject","inLanguage":"pt-BR","@id":"https:\/\/secure.gravatar.com\/avatar\/b720319e4c9a967eb58678d110f4fe35452fc5d5f97b202bac7b8acceb18c6ad?s=96&d=mm&r=g","url":"https:\/\/secure.gravatar.com\/avatar\/b720319e4c9a967eb58678d110f4fe35452fc5d5f97b202bac7b8acceb18c6ad?s=96&d=mm&r=g","contentUrl":"https:\/\/secure.gravatar.com\/avatar\/b720319e4c9a967eb58678d110f4fe35452fc5d5f97b202bac7b8acceb18c6ad?s=96&d=mm&r=g","caption":"Coordena\u00e7\u00e3o"},"sameAs":["https:\/\/www.facebook.com\/EstrategiaConcursos","https:\/\/x.com\/EstratConcursos"],"url":"https:\/\/www.estrategiaconcursos.com.br\/blog\/author\/estrategia2013\/"}]}},"_links":{"self":[{"href":"https:\/\/www.estrategiaconcursos.com.br\/blog\/wp-json\/wp\/v2\/posts\/377491","targetHints":{"allow":["GET"]}}],"collection":[{"href":"https:\/\/www.estrategiaconcursos.com.br\/blog\/wp-json\/wp\/v2\/posts"}],"about":[{"href":"https:\/\/www.estrategiaconcursos.com.br\/blog\/wp-json\/wp\/v2\/types\/post"}],"author":[{"embeddable":true,"href":"https:\/\/www.estrategiaconcursos.com.br\/blog\/wp-json\/wp\/v2\/users\/1"}],"replies":[{"embeddable":true,"href":"https:\/\/www.estrategiaconcursos.com.br\/blog\/wp-json\/wp\/v2\/comments?post=377491"}],"version-history":[{"count":51,"href":"https:\/\/www.estrategiaconcursos.com.br\/blog\/wp-json\/wp\/v2\/posts\/377491\/revisions"}],"predecessor-version":[{"id":570888,"href":"https:\/\/www.estrategiaconcursos.com.br\/blog\/wp-json\/wp\/v2\/posts\/377491\/revisions\/570888"}],"wp:featuredmedia":[{"embeddable":true,"href":"https:\/\/www.estrategiaconcursos.com.br\/blog\/wp-json\/wp\/v2\/media\/377575"}],"wp:attachment":[{"href":"https:\/\/www.estrategiaconcursos.com.br\/blog\/wp-json\/wp\/v2\/media?parent=377491"}],"wp:term":[{"taxonomy":"category","embeddable":true,"href":"https:\/\/www.estrategiaconcursos.com.br\/blog\/wp-json\/wp\/v2\/categories?post=377491"},{"taxonomy":"post_tag","embeddable":true,"href":"https:\/\/www.estrategiaconcursos.com.br\/blog\/wp-json\/wp\/v2\/tags?post=377491"},{"taxonomy":"tax_estado","embeddable":true,"href":"https:\/\/www.estrategiaconcursos.com.br\/blog\/wp-json\/wp\/v2\/tax_estado?post=377491"}],"curies":[{"name":"wp","href":"https:\/\/api.w.org\/{rel}","templated":true}]}}