{"id":376401,"date":"2019-07-15T04:00:54","date_gmt":"2019-07-15T07:00:54","guid":{"rendered":"https:\/\/www.estrategiaconcursos.com.br\/blog\/?p=376401"},"modified":"2022-12-28T16:14:04","modified_gmt":"2022-12-28T19:14:04","slug":"concurso-ifpr-2019","status":"publish","type":"post","link":"https:\/\/www.estrategiaconcursos.com.br\/blog\/concurso-ifpr-2019\/","title":{"rendered":"Concurso IFPR 2019: certame  encerra nesta segunda (15) as inscri\u00e7\u00f5es"},"content":{"rendered":"\n<p>As inscri\u00e7\u00f5es para o concurso IFPR 2019 se encerram nesta segunda-feira, 15 de julho. Os candidatos devem se inscrever at\u00e9 o final do dia para uma das 39 vagas para cargos de n\u00edvel m\u00e9dio e superior distribu\u00eddas em 20 cidades do Paran\u00e1. <\/p>\n\n\n\n<p>Vale lembrar que todo o processo de inscri\u00e7\u00e3o deve ser feito no site da banca organizadora, a Funda\u00e7\u00e3o de Apoio ao Desenvolvimento da UNICENTRO &#8211; FAU. O candidato deve ainda pagar uma taxa fixada no valor de R$ 80,00 para os cargos de n\u00edvel m\u00e9dio e R$ 120,00 para cargos de n\u00edvel superior.<\/p>\n\n\n\n<ul class=\"wp-block-list\"><li><strong>at\u00e9 15\/07: <\/strong>Per\u00edodo de Inscri\u00e7\u00e3o <\/li><li><strong>27\/06:<\/strong> (Sorteio Vagas Cotista &#8211; 08:30h)<\/li><li><strong>01 a 04\/07:<\/strong> Reabertura do per\u00edodo para solicita\u00e7\u00e3o de isen\u00e7\u00e3o da taxa de inscri\u00e7\u00e3o <\/li><li><strong>at\u00e9 16\/07: <\/strong>Pagamento da taxa de inscri\u00e7\u00e3o<\/li><li><strong>14\/08:<\/strong> Divulga\u00e7\u00e3o da rela\u00e7\u00e3o candidato\/vaga\/ensalamento <\/li><li><strong>18\/08:<\/strong> Realiza\u00e7\u00e3o das provas objetivas <\/li><li><strong>19\/08: <\/strong>Gabaritos oficiais<\/li><li><strong>13 a 16\/09: <\/strong>Aplica\u00e7\u00e3o da prova pr\u00e1tica<\/li><\/ul>\n\n\n\n<p><\/p>\n\n\n\n<p>Ao longo deste artigo voc\u00ea confere todas as altera\u00e7\u00f5es e os principais pontos do edital, al\u00e9m de informa\u00e7\u00f5es sobre os cargos e como se preparar para o concurso IFPR.<\/p>\n\n\n\n<ul class=\"wp-block-list\"><li><strong><em><a href=\"#cronograma\">Retifica\u00e7\u00f5es do concurso<\/a><\/em><\/strong><\/li><li><strong><em><a href=\"#cargos-ofertados\">Cargos ofertados no edital<\/a><\/em><\/strong><\/li><li><strong><em><a href=\"#etapas-do-concurso\">Etapas do concurso<\/a><\/em><\/strong><\/li><li><strong><em><a href=\"#estrutura-remuneratoria\">Estrutura remunerat\u00f3ria<\/a><\/em><\/strong><\/li><li><strong><em><a href=\"#atribuicoes\">Atribui\u00e7\u00f5es dos principais cargos<\/a><\/em><\/strong><\/li><li><strong><em><a href=\"#ultimo-concurso\">\u00daltimo concurso<\/a><\/em><\/strong><\/li><\/ul>\n\n\n\n<h2 class=\"wp-block-heading\" id=\"cronograma\">Retifica\u00e7\u00f5es do concurso IFPR<\/h2>\n\n\n\n<p>Foi publicado no Di\u00e1rio Oficial da Uni\u00e3o uma retifica\u00e7\u00e3o que altera a distribui\u00e7\u00e3o de vagas do concurso IFPR. A altera\u00e7\u00e3o se deu ap\u00f3s o sorteio das vagas para cotistas. Al\u00e9m disso, foi alterada uma cidade na distribui\u00e7\u00e3o das vagas para o cargo de T\u00e9cnico em Laborat\u00f3rio &#8211; Inform\u00e1tica. Onde se l\u00ea: &#8220;Paranava\u00ed&#8221;, leia-se agora &#8220;Astorga&#8221;. <\/p>\n\n\n\n<p>A mudan\u00e7a no cronograma alterou v\u00e1rias datas previstas no edital. Entre as principais, est\u00e3o a data de inscri\u00e7\u00e3o, que foi estendida e a aplica\u00e7\u00e3o da prova objetiva, que foi adiada em duas semanas.<\/p>\n\n\n\n<p>Em virtude das altera\u00e7\u00f5es ocorridas, os candidatos inscritos que realizaram o pagamento da taxa de inscri\u00e7\u00e3o at\u00e9 a data da publica\u00e7\u00e3o do edital poder\u00e3o solicitar sua devolu\u00e7\u00e3o preenchendo o formul\u00e1rio de devolu\u00e7\u00e3o no site da banca, a FAU. O formul\u00e1rio dever\u00e1 ser encaminhado para o e-mail devolucaoifpr@concursosfau.com.br at\u00e9 o dia 15 de julho. <\/p>\n\n\n\n<h2 class=\"wp-block-heading\" id=\"cargos-ofertados\">Cargos ofertados no concurso IFPR<\/h2>\n\n\n\n<p>Confira abaixo a rela\u00e7\u00e3o de cargos e a distribui\u00e7\u00e3o das vagas ofertados no concurso:<\/p>\n\n\n\n<p><strong>Cargos de n\u00edvel m\u00e9dio &#8211; Classe D<\/strong><\/p>\n\n\n\n<ul class=\"wp-block-list\"><li>Assistente em Administra\u00e7\u00e3o &#8211; 7 vagas<\/li><li>T\u00e9cnico em Contabilidade &#8211; 2 vagas<\/li><li>T\u00e9cnico em Laborat\u00f3rio (v\u00e1rias especialidades) &#8211; 23 vagas<\/li><li>Tradutor e Int\u00e9rprete de Linguagem de Sinais &#8211; 1 vaga<\/li><\/ul>\n\n\n\n<figure class=\"wp-block-table is-style-stripes\"><table class=\"has-subtle-pale-blue-background-color has-background has-fixed-layout\"><tbody><tr><td><strong>Cargo<\/strong><\/td><td><strong>AC<\/strong><\/td><td><strong>PP<\/strong><\/td><td><strong>PcD<\/strong><\/td><td><strong>Total por cargo<\/strong><\/td><\/tr><tr><td>Assistente em Administra\u00e7\u00e3o <\/td><td>4<\/td><td>2<\/td><td>1<\/td><td>7<\/td><\/tr><tr><td>T\u00e9cnico Contabilidade <\/td><td>2<\/td><td>&#8211;<\/td><td>&#8211;<\/td><td>2<\/td><\/tr><tr><td>T\u00e9c. Lab.- Agricultura\/Agropecu\u00e1ria <\/td><td>&#8211;<\/td><td>&#8211;<\/td><td>1<\/td><td>1<\/td><\/tr><tr><td>T\u00e9c. Lab. &#8211; Agroecologia <\/td><td>2<\/td><td>&#8211;<\/td><td>&#8211;<\/td><td>2<\/td><\/tr><tr><td>T\u00e9c. Lab. &#8211; Alimentos <\/td><td>1<\/td><td>&#8211;<\/td><td>&#8211;<\/td><td>1<\/td><\/tr><tr><td>T\u00e9c. Lab. &#8211; Aquicultura <\/td><td>1<\/td><td>&#8211;<\/td><td>&#8211;<\/td><td>1<\/td><\/tr><tr><td>T\u00e9c. Lab. &#8211; \u00c1udio e V\u00eddeo <\/td><td>3<\/td><td>1<\/td><td>&#8211;<\/td><td>4<\/td><\/tr><tr><td>T\u00e9c. Lab. &#8211; Biologia <\/td><td>1<\/td><td>&#8211;<\/td><td>&#8211;<\/td><td>1<\/td><\/tr><tr><td>T\u00e9c. Lab. &#8211; Edifica\u00e7\u00f5es <\/td><td>1<\/td><td>&#8211;<\/td><td>&#8211;<\/td><td>1<\/td><\/tr><tr><td>T\u00e9c. Lab. &#8211; F\u00edsica <\/td><td>2<\/td><td>1<\/td><td>&#8211;<\/td><td>3<\/td><\/tr><tr><td>T\u00e9c. Lab. &#8211; Inform\u00e1tica <\/td><td>2<\/td><td>1<\/td><td>&#8211;<\/td><td>3<\/td><\/tr><tr><td>T\u00e9c. Lab. &#8211; Massoterapia <\/td><td>1<\/td><td>&#8211;<\/td><td>&#8211;<\/td><td>1<\/td><\/tr><tr><td>T\u00e9c. Lab. &#8211; Pr\u00f3tese Dent\u00e1ria <\/td><td>1<\/td><td>&#8211;<\/td><td>&#8211;<\/td><td>1<\/td><\/tr><tr><td>T\u00e9c. Lab. &#8211; Qu\u00edmica <\/td><td>2<\/td><td>1<\/td><td>&#8211;<\/td><td>3<\/td><\/tr><tr><td>T\u00e9c. Lab. &#8211; Sa\u00fade Bucal <\/td><td>1<\/td><td>&#8211;<\/td><td>&#8211;<\/td><td>1<\/td><\/tr><tr><td>Tradutor e Int\u00e9rprete de Linguagem de Sinais <\/td><td>1<\/td><td>&#8211;<\/td><td>&#8211;<\/td><td>1<\/td><\/tr><\/tbody><\/table><\/figure>\n\n\n\n<p><strong>Cargos de n\u00edvel superior &#8211; Classe E<\/strong><\/p>\n\n\n\n<ul class=\"wp-block-list\"><li>Administrador  &#8211; 1 vaga<\/li><li>Assistente Social &#8211; 1 vaga<\/li><li>Psic\u00f3logo &#8211; 3 vagas<\/li><li>T\u00e9cnico em Assuntos Educacionais  &#8211; 1 vaga<\/li><\/ul>\n\n\n\n<figure class=\"wp-block-table is-style-stripes\"><table class=\"has-subtle-pale-blue-background-color has-background has-fixed-layout\"><tbody><tr><td><strong>Cargo<\/strong> <\/td><td><strong>AC<\/strong><\/td><td><strong>PP<\/strong><\/td><td><strong>PcD<\/strong><\/td><td><strong>Total por cargo<\/strong> <\/td><\/tr><tr><td>Administrador   <\/td><td>&#8211;<\/td><td>&#8211;<\/td><td>1<\/td><td>1<\/td><\/tr><tr><td>Assistente Social <\/td><td>1<\/td><td>&#8211;<\/td><td>&#8211;<\/td><td>1<\/td><\/tr><tr><td>Psic\u00f3logo  <\/td><td>1<\/td><td>1<\/td><td>1<\/td><td>3<\/td><\/tr><tr><td>T\u00e9c. em Assuntos Educacionais <\/td><td>1<\/td><td>&#8211;<\/td><td>&#8211;<\/td><td>1<\/td><\/tr><\/tbody><\/table><\/figure>\n\n\n\n<h2 class=\"wp-block-heading\" id=\"v\">Etapas do concurso IFPR<\/h2>\n\n\n\n<p>As provas do concurso do Instituto Federal do Paran\u00e1 est\u00e3o previstas para acontecer no dia 18 de agosto com dura\u00e7\u00e3o de 4 horas para sua realiza\u00e7\u00e3o, nas cidades de Cascavel, Curitiba (Regi\u00e3o Metropolitana), Ivaipor\u00e3, Londrina, Palmas e Paranava\u00ed\/PR.<\/p>\n\n\n\n<p>Vale ressaltar que a prova objetiva ser\u00e1 de car\u00e1ter eliminat\u00f3rio e classificat\u00f3rio e constar\u00e1 de 40 quest\u00f5es com pesos diferenciados conforme descrito abaixo:<\/p>\n\n\n\n<h3 class=\"wp-block-heading\">Prova Objetiva <\/h3>\n\n\n\n<ul class=\"wp-block-list\"><li>L\u00edngua Portuguesa &#8211; 05 quest\u00f5es (peso 2)<\/li><li>Racioc\u00ednio L\u00f3gico &#8211; 05 quest\u00f5es (peso 1) <\/li><li>Inform\u00e1tica B\u00e1sica &#8211; 05 quest\u00f5es (peso 1)  <\/li><li>Legisla\u00e7\u00e3o Aplicada ao IFPR &#8211; 10 quest\u00f5es (peso 2)  <\/li><li>Conhecimentos Espec\u00edficos &#8211; 15 quest\u00f5es (peso 4)    <\/li><\/ul>\n\n\n\n<h3 class=\"wp-block-heading\">Prova pr\u00e1tica <\/h3>\n\n\n\n<p>Ser\u00e3o convocados para realiza\u00e7\u00e3o da Prova Pr\u00e1tica os candidatos aos cargos de T\u00e9cnico de Laborat\u00f3rio e Tradutor e Int\u00e9rprete de Linguagem de Sinais classificados com a pontua\u00e7\u00e3o m\u00ednima de 60,00 pontos na Prova Objetiva. <em>Confira no quadro abaixo:<\/em><\/p>\n\n\n\n<p><\/p>\n\n\n\n<figure class=\"wp-block-table is-style-stripes\"><table class=\"has-subtle-pale-blue-background-color has-background has-fixed-layout\"><tbody><tr><td><strong>Total de vagas por cargo<\/strong><\/td><td><strong>Ampla concorr\u00eancia<\/strong><\/td><td><strong>PcD<\/strong><\/td><td><strong>Negros<\/strong><\/td><\/tr><tr><td>At\u00e9 2<\/td><td>at\u00e9 a 8\u00aa posi\u00e7\u00e3o, mais empates<\/td><td>at\u00e9 a 2\u00aa posi\u00e7\u00e3o, mais empates <\/td><td>at\u00e9 a 2\u00aa posi\u00e7\u00e3o, mais empates<\/td><\/tr><tr><td>3<\/td><td>at\u00e9 a 12\u00aa posi\u00e7\u00e3o, mais empates <\/td><td>at\u00e9 a 3\u00aa posi\u00e7\u00e3o, mais empates <\/td><td>at\u00e9 a 3\u00aa posi\u00e7\u00e3o, mais empates <\/td><\/tr><tr><td>4<\/td><td>at\u00e9 a 14\u00aa posi\u00e7\u00e3o, mais empates <\/td><td>at\u00e9 a 4\u00aa posi\u00e7\u00e3o, mais empates <\/td><td>at\u00e9 a 4\u00aa posi\u00e7\u00e3o, mais empates <\/td><\/tr><\/tbody><\/table><\/figure>\n\n\n\n<p>Vale lembrar que o exame ser\u00e1 de car\u00e1ter eliminat\u00f3rio e classificat\u00f3rio e ser\u00e3o realizadas na cidade de Curitiba\/PR e Regi\u00e3o Metropolitana preferencialmente nas depend\u00eancias do Instituto Federal do Paran\u00e1 (IFPR). <\/p>\n\n\n\n<p>A Prova Pr\u00e1tica para o cargo de <strong>T\u00e9cnico de Laborat\u00f3rio <\/strong>consistir\u00e1 na montagem de um experimento que ter\u00e1 a finalidade de verificar os conhecimentos espec\u00edficos de cada cargo considerando suas atribui\u00e7\u00f5es, de acordo com os crit\u00e9rios definidos abaixo:<\/p>\n\n\n\n<ul class=\"wp-block-list\"><li><strong>de 00,00 a 10,00:<\/strong> Aplica\u00e7\u00e3o das normas de seguran\u00e7a (EPIs) para o desenvolvimento da pr\u00e1tica proposta: jaleco, sapato fechado e outros. <\/li><li><strong>de 00,00 a 10,00:<\/strong> Manuseio e familiariza\u00e7\u00e3o com os equipamentos, materiais e utens\u00edlios para a t\u00e9cnica proposta.<\/li><li><strong>de 00,00 a 10,00:<\/strong> Postura de cuidado e zelo pelos materiais e instrumentos utilizados.  <\/li><li><strong>de 00,00 a 20,00:<\/strong> Organiza\u00e7\u00e3o e utiliza\u00e7\u00e3o adequadas \u00e0s t\u00e9cnicas de laborat\u00f3rio empregadas nos procedimentos, manuseios e desenvolvimento da pr\u00e1tica.  <\/li><li><strong>de 00,00 a 10,00: <\/strong>Dom\u00ednio dos procedimentos realizados.   <\/li><li><strong>de 00,00 a 10,00: <\/strong>Realiza\u00e7\u00e3o da pr\u00e1tica no tempo previsto.  <\/li><li><strong>de 00,00 a 30,00: <\/strong>Resultados obtidos conforme o previsto na pr\u00e1tica.   <\/li><\/ul>\n\n\n\n<p>J\u00e1 para o cargo de <strong>Tradutor e Int\u00e9rprete de Linguagem de Sinais<\/strong> consistir\u00e1 na interpreta\u00e7\u00e3o, tradu\u00e7\u00e3o e postura apresentada pelo candidato, ter\u00e1 como finalidade verificar conhecimentos espec\u00edficos de cada de cada cargo considerando suas atribui\u00e7\u00f5es, de acordo com os crit\u00e9rios definidos no edital.<\/p>\n\n\n\n<h2 class=\"wp-block-heading\" id=\"estrutura-remuneratoria\">Estrutura remunerat\u00f3ria do concurso IFPR<\/h2>\n\n\n\n<p>A remunera\u00e7\u00e3o para os cargos de n\u00edvel superior \u00e9 de R$ 4.180,66 e para os cargos de n\u00edvel m\u00e9dio fica em R$ 2.446,96. Al\u00e9m do sal\u00e1rio base, os cargos tamb\u00e9m podem receber um Aux\u00edlio pr\u00e9-escolar no valor de R$ 321,00 para dependentes com idade inferior a 06 anos; e Aux\u00edlio-alimenta\u00e7\u00e3o, estipulado em R$ 458,00.<\/p>\n\n\n\n<figure class=\"wp-block-image aligncenter\"><img decoding=\"async\" src=\"https:\/\/dhg1h5j42swfq.cloudfront.net\/2019\/05\/22165611\/Sem-t%C3%ADtulo2.jpg\" alt=\"Concurso IFPR: Estrutura remunerat\u00f3ria\" class=\"wp-image-376692\"\/><figcaption>Concurso IFPR: Estrutura remunerat\u00f3ria<\/figcaption><\/figure>\n\n\n\n<h2 class=\"wp-block-heading\" id=\"atribuicoes\">Atribui\u00e7\u00f5es dos principais cargos do concurso IFPR<\/h2>\n\n\n\n<p><strong>Assistente em Administra\u00e7\u00e3o<\/strong><\/p>\n\n\n\n<ul class=\"wp-block-list\"><li>Dar suporte administrativo e t\u00e9cnico nas \u00e1reas de recursos humanos, administra\u00e7\u00e3o, finan\u00e7as e log\u00edstica; <\/li><li>atender usu\u00e1rios, fornecendo e recebendo informa\u00e7\u00f5es; <\/li><li>tratar de documentos variados, cumprindo todo o procedimento necess\u00e1rio referente aos mesmos; <\/li><li>preparar relat\u00f3rios e planilhas; executar servi\u00e7os \u00e1reas de escrit\u00f3rio. <\/li><\/ul>\n\n\n\n<p><strong>T\u00e9cnico em Contabilidade<br \/><\/strong>Identificar documentos e informa\u00e7\u00f5es, atender \u00e0 fiscaliza\u00e7\u00e3o; executar a contabilidade geral, operacionalizar a contabilidade de custos e efetuar contabilidade gerencial; realizar controle patrimonial. <\/p>\n\n\n\n<p><strong>T\u00e9cnico de Laborat\u00f3rio (todas as \u00e1reas)<br \/><\/strong>Executar trabalhos t\u00e9cnico de laborat\u00f3rio relacionados com a \u00e1rea de atua\u00e7\u00e3o, realizando ou orientando coleta, an\u00e1lise e registros de material e subst\u00e2ncias atrav\u00e9s de m\u00e9todos espec\u00edficos. <\/p>\n\n\n\n<p><strong>T\u00e9cnico em Assuntos Educacionais<br \/><\/strong>Coordenar as atividades de ensino, planejamento e orienta\u00e7\u00e3o, supervisionando e avaliando estas atividades, para assegurar a regularidade do desenvolvimento do processo educativo. <\/p>\n\n\n\n<p><strong>Administrador<\/strong><\/p>\n\n\n\n<ul class=\"wp-block-list\"><li>Planejar, organizar, controlar e assessorar as organiza\u00e7\u00f5es nas \u00e1reas de recursos humanos, patrim\u00f4nio, materiais, informa\u00e7\u00f5es, financeira, tecnol\u00f3gica, entre outras; <\/li><li>implementar programas e projetos; <\/li><li>elaborar planejamento organizacional; <\/li><li>promover estudos de racionaliza\u00e7\u00e3o e controlar o desempenho organizacional; <\/li><li>prestar consultoria administrativa.<\/li><\/ul>\n\n\n\n<h2 class=\"wp-block-heading\" id=\"ultimo-concurso\">\u00daltimo Concurso IFPR<\/h2>\n\n\n\n<p>O \u00faltimo concurso IFPR para o cargo de T\u00e9cnico-Administrativo em Educa\u00e7\u00e3o foi realizado em 2016 sob organiza\u00e7\u00e3o da CETRO Concursos. Na ocasi\u00e3o, foram ofertadas 112 vagas o cargo de TAE.<\/p>\n\n\n\n<p class=\"has-text-align-center\"><br \/><strong><em>Quer estudar para Concurso IFPR?<\/em><\/strong><\/p>\n\n\n\n<p class=\"has-text-align-center\"><em><strong>Gostou desta oportunidade e deseja come\u00e7ar se preparar agora mesmo? Ent\u00e3o, confira os nossos cursos e comece a estudar para IFPR:<\/strong><\/em><\/p>\n\n\n\n<p class=\"has-text-align-center\" style=\"font-size:clamp(16.293px, 1.018rem + ((1vw - 3.2px) * 0.854), 25px);px\"><em><a href=\"https:\/\/www.estrategiaconcursos.com.br\/cursosPorConcurso\/instituto-federal-do-parana-ifpr\/\" target=\"_blank\" rel=\"noreferrer noopener\" aria-label=\"CURSO IFPR (abre numa nova aba)\">CURSO IFPR<\/a><\/em><\/p>\n\n\n\n<p class=\"has-text-align-center\"><em><strong>Assinatura Anual Ilimitada*<\/strong><\/em><\/p>\n\n\n\n<p class=\"has-text-align-center\"><em>Prepare-se com o melhor material e com quem mais aprova em Concursos P\u00fablicos em todo o pa\u00eds. Assine agora a nossa Assinatura Anual e tenha acesso ilimitado* a todos os nossos cursos.<\/em><\/p>\n\n\n\n<p class=\"has-text-align-center has-light-green-cyan-background-color has-background\"><strong>ASSINE AGORA<\/strong>&nbsp;\u2013&nbsp;<a rel=\"noreferrer noopener\" href=\"https:\/\/www.estrategiaconcursos.com.br\/assinaturas\" target=\"_blank\"><strong>Assinatura Ilimitada<\/strong><\/a><\/p>\n\n\n\n<figure class=\"wp-block-image\"><img loading=\"lazy\" decoding=\"async\" width=\"300\" height=\"102\" src=\"https:\/\/dhg1h5j42swfq.cloudfront.net\/2017\/03\/28152500\/coruja-ficha-tecnica-300x102.png\" alt=\"Ficha t\u00e9cnica CONCURSO IFPR\" class=\"wp-image-68542\"\/><\/figure>\n\n\n\n<p><strong>Informa\u00e7\u00f5es do concurso IFPR<\/strong><\/p>\n\n\n\n<p>\u25ba<strong>Data prevista da prova: <\/strong>18 de agosto<strong><br \/>\u25baVagas: <\/strong>39<strong><br \/>\u25baCargos: <\/strong>V\u00e1rios<strong><br \/>\u25baBanca: <\/strong>FAU<br \/><strong>\u25baEscolaridade:<\/strong> N\u00edvel m\u00e9dio e superior<br \/>\u25ba<a rel=\"noreferrer noopener\" aria-label=\"Edital UFPR (abre numa nova aba)\" href=\"https:\/\/dhg1h5j42swfq.cloudfront.net\/2019\/05\/22164314\/Edital_6_-_TECNICO_ADMINISTRATIVO_IFPR.pdf\" target=\"_blank\">Edital IFPR<\/a><br \/>\u25ba<a rel=\"noreferrer noopener\" aria-label=\"Conte\u00fado Program\u00e1tico (abre numa nova aba)\" href=\"https:\/\/dhg1h5j42swfq.cloudfront.net\/2019\/05\/22152013\/cnteudo.pdf\" target=\"_blank\">Conte\u00fado program\u00e1tico<\/a><br \/>\u25ba<a rel=\"noreferrer noopener\" aria-label=\"Cronograma retificado (abre numa nova aba)\" href=\"https:\/\/dhg1h5j42swfq.cloudfront.net\/2019\/06\/25091842\/Capturar-min.jpg16.jpg\" target=\"_blank\">Cronograma retificado<\/a> <br \/>\u25ba<a rel=\"noreferrer noopener\" aria-label=\"Retifica\u00e7\u00e3o distribui\u00e7\u00e3o das vagas (abre numa nova aba)\" href=\"https:\/\/dhg1h5j42swfq.cloudfront.net\/2019\/07\/02094339\/Retifica%C3%A7%C3%A3o_IFPR_-_Sorteio_de_vagas_para_cotas.pdf\" target=\"_blank\">Retifica\u00e7\u00e3o distribui\u00e7\u00e3o das vagas<\/a><\/p>\n\n\n\n<p class=\"has-text-align-center\"><em><strong>Receba not\u00edcias de Concursos no seu WhatsApp e\/ou Telegram!<\/strong><\/em><\/p>\n\n\n\n<p class=\"has-text-align-center\"><em><strong>Cadastre-se clicando no link abaixo<\/strong><\/em>:<\/p>\n\n\n\n<p class=\"has-text-align-center has-very-light-gray-background-color has-background has-medium-font-size\"><a rel=\"noreferrer noopener\" href=\"https:\/\/www.estrategiaconcursos.com.br\/blog\/noticias-de-concursos-whatsapp-estrategia-concursos\/\" target=\"_blank\"><strong>Not\u00edcias de concursos no seu WhatsApp e\/ou Telegram<\/strong><\/a><\/p>\n","protected":false},"excerpt":{"rendered":"<p>As inscri\u00e7\u00f5es para o concurso IFPR 2019 se encerram nesta segunda-feira, 15 de julho. Os candidatos devem se inscrever at\u00e9 o final do dia para uma das 39 vagas para cargos de n\u00edvel m\u00e9dio e superior distribu\u00eddas em 20 cidades do Paran\u00e1. Vale lembrar que todo o processo de inscri\u00e7\u00e3o deve ser feito no site [&hellip;]<\/p>\n","protected":false},"author":1,"featured_media":379106,"comment_status":"open","ping_status":"closed","sticky":false,"template":"","format":"standard","meta":{"post_tipo":"news","footnotes":""},"categories":[1],"tags":[],"tax_estado":[219981],"class_list":["post-376401","post","type-post","status-publish","format-standard","has-post-thumbnail","hentry","category-cursos-e-concursos","tax_estado-pr"],"acf":[],"yoast_head":"<!-- This site is optimized with the Yoast SEO Premium plugin v27.2 (Yoast SEO v27.2) - https:\/\/yoast.com\/product\/yoast-seo-premium-wordpress\/ -->\n<title>Concurso IFPR 2019: certame encerra nesta segunda (15) as inscri\u00e7\u00f5es<\/title>\n<meta name=\"description\" content=\"Concurso IFPR 2019: foi publicado edital com vagas para n\u00edvel m\u00e9dio e superior para diversos cargos; SAIBA MAIS NESTE ARTIGO!\" \/>\n<meta name=\"robots\" content=\"index, follow, max-snippet:-1, max-image-preview:large, max-video-preview:-1\" \/>\n<link rel=\"canonical\" href=\"https:\/\/www.estrategiaconcursos.com.br\/blog\/concurso-ifpr-2019\/\" \/>\n<meta property=\"og:locale\" content=\"pt_BR\" \/>\n<meta property=\"og:type\" content=\"article\" \/>\n<meta property=\"og:title\" content=\"Concurso IFPR 2019: certame encerra nesta segunda (15) as inscri\u00e7\u00f5es\" \/>\n<meta property=\"og:description\" content=\"Concurso IFPR 2019: foi publicado edital com vagas para n\u00edvel m\u00e9dio e superior para diversos cargos; SAIBA MAIS NESTE ARTIGO!\" \/>\n<meta property=\"og:url\" content=\"https:\/\/www.estrategiaconcursos.com.br\/blog\/concurso-ifpr-2019\/\" \/>\n<meta property=\"og:site_name\" content=\"Estrat\u00e9gia Concursos\" \/>\n<meta property=\"article:author\" content=\"https:\/\/www.facebook.com\/EstrategiaConcursos\" \/>\n<meta property=\"article:published_time\" content=\"2019-07-15T07:00:54+00:00\" \/>\n<meta property=\"article:modified_time\" content=\"2022-12-28T19:14:04+00:00\" \/>\n<meta property=\"og:image\" content=\"https:\/\/dhg1h5j42swfq.cloudfront.net\/2019\/05\/28092641\/PGM_IRPR-e1559046414421.jpg\" \/>\n\t<meta property=\"og:image:width\" content=\"400\" \/>\n\t<meta property=\"og:image:height\" content=\"209\" \/>\n\t<meta property=\"og:image:type\" content=\"image\/jpeg\" \/>\n<meta name=\"author\" content=\"Coordena\u00e7\u00e3o\" \/>\n<meta name=\"twitter:card\" content=\"summary_large_image\" \/>\n<meta name=\"twitter:creator\" content=\"@EstratConcursos\" \/>\n<meta name=\"twitter:site\" content=\"@EstratConcursos\" \/>\n<meta name=\"twitter:label1\" content=\"Escrito por\" \/>\n\t<meta name=\"twitter:data1\" content=\"Coordena\u00e7\u00e3o\" \/>\n\t<meta name=\"twitter:label2\" content=\"Est. tempo de leitura\" \/>\n\t<meta name=\"twitter:data2\" content=\"7 minutos\" \/>\n<script type=\"application\/ld+json\" class=\"yoast-schema-graph\">{\"@context\":\"https:\/\/schema.org\",\"@graph\":[{\"@type\":\"NewsArticle\",\"@id\":\"https:\/\/www.estrategiaconcursos.com.br\/blog\/concurso-ifpr-2019\/#article\",\"isPartOf\":{\"@id\":\"https:\/\/www.estrategiaconcursos.com.br\/blog\/concurso-ifpr-2019\/\"},\"author\":{\"name\":\"Coordena\u00e7\u00e3o\",\"@id\":\"https:\/\/www.estrategiaconcursos.com.br\/blog\/#\/schema\/person\/b4a388c97673c5f483d72185668afa1f\"},\"headline\":\"Concurso IFPR 2019: certame encerra nesta segunda (15) as inscri\u00e7\u00f5es\",\"datePublished\":\"2019-07-15T07:00:54+00:00\",\"dateModified\":\"2022-12-28T19:14:04+00:00\",\"mainEntityOfPage\":{\"@id\":\"https:\/\/www.estrategiaconcursos.com.br\/blog\/concurso-ifpr-2019\/\"},\"wordCount\":1530,\"commentCount\":6,\"publisher\":{\"@id\":\"https:\/\/www.estrategiaconcursos.com.br\/blog\/#organization\"},\"image\":{\"@id\":\"https:\/\/www.estrategiaconcursos.com.br\/blog\/concurso-ifpr-2019\/#primaryimage\"},\"thumbnailUrl\":\"https:\/\/dhg1h5j42swfq.cloudfront.net\/2019\/05\/28092641\/PGM_IRPR-e1559046414421.jpg\",\"articleSection\":[\"Concursos P\u00fablicos\"],\"inLanguage\":\"pt-BR\",\"potentialAction\":[{\"@type\":\"CommentAction\",\"name\":\"Comment\",\"target\":[\"https:\/\/www.estrategiaconcursos.com.br\/blog\/concurso-ifpr-2019\/#respond\"]}],\"copyrightYear\":\"2019\",\"copyrightHolder\":{\"@id\":\"https:\/\/www.estrategiaconcursos.com.br\/blog\/#organization\"}},{\"@type\":\"WebPage\",\"@id\":\"https:\/\/www.estrategiaconcursos.com.br\/blog\/concurso-ifpr-2019\/\",\"url\":\"https:\/\/www.estrategiaconcursos.com.br\/blog\/concurso-ifpr-2019\/\",\"name\":\"Concurso IFPR 2019: certame encerra nesta segunda (15) as inscri\u00e7\u00f5es\",\"isPartOf\":{\"@id\":\"https:\/\/www.estrategiaconcursos.com.br\/blog\/#website\"},\"primaryImageOfPage\":{\"@id\":\"https:\/\/www.estrategiaconcursos.com.br\/blog\/concurso-ifpr-2019\/#primaryimage\"},\"image\":{\"@id\":\"https:\/\/www.estrategiaconcursos.com.br\/blog\/concurso-ifpr-2019\/#primaryimage\"},\"thumbnailUrl\":\"https:\/\/dhg1h5j42swfq.cloudfront.net\/2019\/05\/28092641\/PGM_IRPR-e1559046414421.jpg\",\"datePublished\":\"2019-07-15T07:00:54+00:00\",\"dateModified\":\"2022-12-28T19:14:04+00:00\",\"description\":\"Concurso IFPR 2019: foi publicado edital com vagas para n\u00edvel m\u00e9dio e superior para diversos cargos; SAIBA MAIS NESTE ARTIGO!\",\"breadcrumb\":{\"@id\":\"https:\/\/www.estrategiaconcursos.com.br\/blog\/concurso-ifpr-2019\/#breadcrumb\"},\"inLanguage\":\"pt-BR\",\"potentialAction\":[{\"@type\":\"ReadAction\",\"target\":[\"https:\/\/www.estrategiaconcursos.com.br\/blog\/concurso-ifpr-2019\/\"]}]},{\"@type\":\"ImageObject\",\"inLanguage\":\"pt-BR\",\"@id\":\"https:\/\/www.estrategiaconcursos.com.br\/blog\/concurso-ifpr-2019\/#primaryimage\",\"url\":\"https:\/\/dhg1h5j42swfq.cloudfront.net\/2019\/05\/28092641\/PGM_IRPR-e1559046414421.jpg\",\"contentUrl\":\"https:\/\/dhg1h5j42swfq.cloudfront.net\/2019\/05\/28092641\/PGM_IRPR-e1559046414421.jpg\",\"width\":400,\"height\":209,\"caption\":\"concurso ifpr\"},{\"@type\":\"BreadcrumbList\",\"@id\":\"https:\/\/www.estrategiaconcursos.com.br\/blog\/concurso-ifpr-2019\/#breadcrumb\",\"itemListElement\":[{\"@type\":\"ListItem\",\"position\":1,\"name\":\"In\u00edcio\",\"item\":\"https:\/\/www.estrategiaconcursos.com.br\/blog\/\"},{\"@type\":\"ListItem\",\"position\":2,\"name\":\"Concurso IFPR 2019: certame encerra nesta segunda (15) as inscri\u00e7\u00f5es\"}]},{\"@type\":\"WebSite\",\"@id\":\"https:\/\/www.estrategiaconcursos.com.br\/blog\/#website\",\"url\":\"https:\/\/www.estrategiaconcursos.com.br\/blog\/\",\"name\":\"Estrat\u00e9gia Concursos\",\"description\":\"O blog da Estrat\u00e9gia Concursos traz not\u00edcias sobre concursos e artigos de professores oferecendo cursos para concursos (pdf + videaulas) no site.\",\"publisher\":{\"@id\":\"https:\/\/www.estrategiaconcursos.com.br\/blog\/#organization\"},\"potentialAction\":[{\"@type\":\"SearchAction\",\"target\":{\"@type\":\"EntryPoint\",\"urlTemplate\":\"https:\/\/www.estrategiaconcursos.com.br\/blog\/?s={search_term_string}\"},\"query-input\":{\"@type\":\"PropertyValueSpecification\",\"valueRequired\":true,\"valueName\":\"search_term_string\"}}],\"inLanguage\":\"pt-BR\"},{\"@type\":\"Organization\",\"@id\":\"https:\/\/www.estrategiaconcursos.com.br\/blog\/#organization\",\"name\":\"Estrat\u00e9gia Concursos\",\"url\":\"https:\/\/www.estrategiaconcursos.com.br\/blog\/\",\"logo\":{\"@type\":\"ImageObject\",\"inLanguage\":\"pt-BR\",\"@id\":\"https:\/\/www.estrategiaconcursos.com.br\/blog\/#\/schema\/logo\/image\/\",\"url\":\"https:\/\/dhg1h5j42swfq.cloudfront.net\/2025\/06\/03203428\/logo_concursos-1.jpg\",\"contentUrl\":\"https:\/\/dhg1h5j42swfq.cloudfront.net\/2025\/06\/03203428\/logo_concursos-1.jpg\",\"width\":230,\"height\":60,\"caption\":\"Estrat\u00e9gia Concursos\"},\"image\":{\"@id\":\"https:\/\/www.estrategiaconcursos.com.br\/blog\/#\/schema\/logo\/image\/\"},\"sameAs\":[\"https:\/\/x.com\/EstratConcursos\"]},{\"@type\":\"Person\",\"@id\":\"https:\/\/www.estrategiaconcursos.com.br\/blog\/#\/schema\/person\/b4a388c97673c5f483d72185668afa1f\",\"name\":\"Coordena\u00e7\u00e3o\",\"image\":{\"@type\":\"ImageObject\",\"inLanguage\":\"pt-BR\",\"@id\":\"https:\/\/secure.gravatar.com\/avatar\/b720319e4c9a967eb58678d110f4fe35452fc5d5f97b202bac7b8acceb18c6ad?s=96&d=mm&r=g\",\"url\":\"https:\/\/secure.gravatar.com\/avatar\/b720319e4c9a967eb58678d110f4fe35452fc5d5f97b202bac7b8acceb18c6ad?s=96&d=mm&r=g\",\"contentUrl\":\"https:\/\/secure.gravatar.com\/avatar\/b720319e4c9a967eb58678d110f4fe35452fc5d5f97b202bac7b8acceb18c6ad?s=96&d=mm&r=g\",\"caption\":\"Coordena\u00e7\u00e3o\"},\"sameAs\":[\"https:\/\/www.facebook.com\/EstrategiaConcursos\",\"https:\/\/x.com\/EstratConcursos\"],\"url\":\"https:\/\/www.estrategiaconcursos.com.br\/blog\/author\/estrategia2013\/\"}]}<\/script>\n<!-- \/ Yoast SEO Premium plugin. -->","yoast_head_json":{"title":"Concurso IFPR 2019: certame encerra nesta segunda (15) as inscri\u00e7\u00f5es","description":"Concurso IFPR 2019: foi publicado edital com vagas para n\u00edvel m\u00e9dio e superior para diversos cargos; SAIBA MAIS NESTE ARTIGO!","robots":{"index":"index","follow":"follow","max-snippet":"max-snippet:-1","max-image-preview":"max-image-preview:large","max-video-preview":"max-video-preview:-1"},"canonical":"https:\/\/www.estrategiaconcursos.com.br\/blog\/concurso-ifpr-2019\/","og_locale":"pt_BR","og_type":"article","og_title":"Concurso IFPR 2019: certame encerra nesta segunda (15) as inscri\u00e7\u00f5es","og_description":"Concurso IFPR 2019: foi publicado edital com vagas para n\u00edvel m\u00e9dio e superior para diversos cargos; SAIBA MAIS NESTE ARTIGO!","og_url":"https:\/\/www.estrategiaconcursos.com.br\/blog\/concurso-ifpr-2019\/","og_site_name":"Estrat\u00e9gia Concursos","article_author":"https:\/\/www.facebook.com\/EstrategiaConcursos","article_published_time":"2019-07-15T07:00:54+00:00","article_modified_time":"2022-12-28T19:14:04+00:00","og_image":[{"width":400,"height":209,"url":"https:\/\/dhg1h5j42swfq.cloudfront.net\/2019\/05\/28092641\/PGM_IRPR-e1559046414421.jpg","type":"image\/jpeg"}],"author":"Coordena\u00e7\u00e3o","twitter_card":"summary_large_image","twitter_creator":"@EstratConcursos","twitter_site":"@EstratConcursos","twitter_misc":{"Escrito por":"Coordena\u00e7\u00e3o","Est. tempo de leitura":"7 minutos"},"schema":{"@context":"https:\/\/schema.org","@graph":[{"@type":"NewsArticle","@id":"https:\/\/www.estrategiaconcursos.com.br\/blog\/concurso-ifpr-2019\/#article","isPartOf":{"@id":"https:\/\/www.estrategiaconcursos.com.br\/blog\/concurso-ifpr-2019\/"},"author":{"name":"Coordena\u00e7\u00e3o","@id":"https:\/\/www.estrategiaconcursos.com.br\/blog\/#\/schema\/person\/b4a388c97673c5f483d72185668afa1f"},"headline":"Concurso IFPR 2019: certame encerra nesta segunda (15) as inscri\u00e7\u00f5es","datePublished":"2019-07-15T07:00:54+00:00","dateModified":"2022-12-28T19:14:04+00:00","mainEntityOfPage":{"@id":"https:\/\/www.estrategiaconcursos.com.br\/blog\/concurso-ifpr-2019\/"},"wordCount":1530,"commentCount":6,"publisher":{"@id":"https:\/\/www.estrategiaconcursos.com.br\/blog\/#organization"},"image":{"@id":"https:\/\/www.estrategiaconcursos.com.br\/blog\/concurso-ifpr-2019\/#primaryimage"},"thumbnailUrl":"https:\/\/dhg1h5j42swfq.cloudfront.net\/2019\/05\/28092641\/PGM_IRPR-e1559046414421.jpg","articleSection":["Concursos P\u00fablicos"],"inLanguage":"pt-BR","potentialAction":[{"@type":"CommentAction","name":"Comment","target":["https:\/\/www.estrategiaconcursos.com.br\/blog\/concurso-ifpr-2019\/#respond"]}],"copyrightYear":"2019","copyrightHolder":{"@id":"https:\/\/www.estrategiaconcursos.com.br\/blog\/#organization"}},{"@type":"WebPage","@id":"https:\/\/www.estrategiaconcursos.com.br\/blog\/concurso-ifpr-2019\/","url":"https:\/\/www.estrategiaconcursos.com.br\/blog\/concurso-ifpr-2019\/","name":"Concurso IFPR 2019: certame encerra nesta segunda (15) as inscri\u00e7\u00f5es","isPartOf":{"@id":"https:\/\/www.estrategiaconcursos.com.br\/blog\/#website"},"primaryImageOfPage":{"@id":"https:\/\/www.estrategiaconcursos.com.br\/blog\/concurso-ifpr-2019\/#primaryimage"},"image":{"@id":"https:\/\/www.estrategiaconcursos.com.br\/blog\/concurso-ifpr-2019\/#primaryimage"},"thumbnailUrl":"https:\/\/dhg1h5j42swfq.cloudfront.net\/2019\/05\/28092641\/PGM_IRPR-e1559046414421.jpg","datePublished":"2019-07-15T07:00:54+00:00","dateModified":"2022-12-28T19:14:04+00:00","description":"Concurso IFPR 2019: foi publicado edital com vagas para n\u00edvel m\u00e9dio e superior para diversos cargos; SAIBA MAIS NESTE ARTIGO!","breadcrumb":{"@id":"https:\/\/www.estrategiaconcursos.com.br\/blog\/concurso-ifpr-2019\/#breadcrumb"},"inLanguage":"pt-BR","potentialAction":[{"@type":"ReadAction","target":["https:\/\/www.estrategiaconcursos.com.br\/blog\/concurso-ifpr-2019\/"]}]},{"@type":"ImageObject","inLanguage":"pt-BR","@id":"https:\/\/www.estrategiaconcursos.com.br\/blog\/concurso-ifpr-2019\/#primaryimage","url":"https:\/\/dhg1h5j42swfq.cloudfront.net\/2019\/05\/28092641\/PGM_IRPR-e1559046414421.jpg","contentUrl":"https:\/\/dhg1h5j42swfq.cloudfront.net\/2019\/05\/28092641\/PGM_IRPR-e1559046414421.jpg","width":400,"height":209,"caption":"concurso ifpr"},{"@type":"BreadcrumbList","@id":"https:\/\/www.estrategiaconcursos.com.br\/blog\/concurso-ifpr-2019\/#breadcrumb","itemListElement":[{"@type":"ListItem","position":1,"name":"In\u00edcio","item":"https:\/\/www.estrategiaconcursos.com.br\/blog\/"},{"@type":"ListItem","position":2,"name":"Concurso IFPR 2019: certame encerra nesta segunda (15) as inscri\u00e7\u00f5es"}]},{"@type":"WebSite","@id":"https:\/\/www.estrategiaconcursos.com.br\/blog\/#website","url":"https:\/\/www.estrategiaconcursos.com.br\/blog\/","name":"Estrat\u00e9gia Concursos","description":"O blog da Estrat\u00e9gia Concursos traz not\u00edcias sobre concursos e artigos de professores oferecendo cursos para concursos (pdf + videaulas) no site.","publisher":{"@id":"https:\/\/www.estrategiaconcursos.com.br\/blog\/#organization"},"potentialAction":[{"@type":"SearchAction","target":{"@type":"EntryPoint","urlTemplate":"https:\/\/www.estrategiaconcursos.com.br\/blog\/?s={search_term_string}"},"query-input":{"@type":"PropertyValueSpecification","valueRequired":true,"valueName":"search_term_string"}}],"inLanguage":"pt-BR"},{"@type":"Organization","@id":"https:\/\/www.estrategiaconcursos.com.br\/blog\/#organization","name":"Estrat\u00e9gia Concursos","url":"https:\/\/www.estrategiaconcursos.com.br\/blog\/","logo":{"@type":"ImageObject","inLanguage":"pt-BR","@id":"https:\/\/www.estrategiaconcursos.com.br\/blog\/#\/schema\/logo\/image\/","url":"https:\/\/dhg1h5j42swfq.cloudfront.net\/2025\/06\/03203428\/logo_concursos-1.jpg","contentUrl":"https:\/\/dhg1h5j42swfq.cloudfront.net\/2025\/06\/03203428\/logo_concursos-1.jpg","width":230,"height":60,"caption":"Estrat\u00e9gia Concursos"},"image":{"@id":"https:\/\/www.estrategiaconcursos.com.br\/blog\/#\/schema\/logo\/image\/"},"sameAs":["https:\/\/x.com\/EstratConcursos"]},{"@type":"Person","@id":"https:\/\/www.estrategiaconcursos.com.br\/blog\/#\/schema\/person\/b4a388c97673c5f483d72185668afa1f","name":"Coordena\u00e7\u00e3o","image":{"@type":"ImageObject","inLanguage":"pt-BR","@id":"https:\/\/secure.gravatar.com\/avatar\/b720319e4c9a967eb58678d110f4fe35452fc5d5f97b202bac7b8acceb18c6ad?s=96&d=mm&r=g","url":"https:\/\/secure.gravatar.com\/avatar\/b720319e4c9a967eb58678d110f4fe35452fc5d5f97b202bac7b8acceb18c6ad?s=96&d=mm&r=g","contentUrl":"https:\/\/secure.gravatar.com\/avatar\/b720319e4c9a967eb58678d110f4fe35452fc5d5f97b202bac7b8acceb18c6ad?s=96&d=mm&r=g","caption":"Coordena\u00e7\u00e3o"},"sameAs":["https:\/\/www.facebook.com\/EstrategiaConcursos","https:\/\/x.com\/EstratConcursos"],"url":"https:\/\/www.estrategiaconcursos.com.br\/blog\/author\/estrategia2013\/"}]}},"_links":{"self":[{"href":"https:\/\/www.estrategiaconcursos.com.br\/blog\/wp-json\/wp\/v2\/posts\/376401","targetHints":{"allow":["GET"]}}],"collection":[{"href":"https:\/\/www.estrategiaconcursos.com.br\/blog\/wp-json\/wp\/v2\/posts"}],"about":[{"href":"https:\/\/www.estrategiaconcursos.com.br\/blog\/wp-json\/wp\/v2\/types\/post"}],"author":[{"embeddable":true,"href":"https:\/\/www.estrategiaconcursos.com.br\/blog\/wp-json\/wp\/v2\/users\/1"}],"replies":[{"embeddable":true,"href":"https:\/\/www.estrategiaconcursos.com.br\/blog\/wp-json\/wp\/v2\/comments?post=376401"}],"version-history":[{"count":30,"href":"https:\/\/www.estrategiaconcursos.com.br\/blog\/wp-json\/wp\/v2\/posts\/376401\/revisions"}],"predecessor-version":[{"id":1144428,"href":"https:\/\/www.estrategiaconcursos.com.br\/blog\/wp-json\/wp\/v2\/posts\/376401\/revisions\/1144428"}],"wp:featuredmedia":[{"embeddable":true,"href":"https:\/\/www.estrategiaconcursos.com.br\/blog\/wp-json\/wp\/v2\/media\/379106"}],"wp:attachment":[{"href":"https:\/\/www.estrategiaconcursos.com.br\/blog\/wp-json\/wp\/v2\/media?parent=376401"}],"wp:term":[{"taxonomy":"category","embeddable":true,"href":"https:\/\/www.estrategiaconcursos.com.br\/blog\/wp-json\/wp\/v2\/categories?post=376401"},{"taxonomy":"post_tag","embeddable":true,"href":"https:\/\/www.estrategiaconcursos.com.br\/blog\/wp-json\/wp\/v2\/tags?post=376401"},{"taxonomy":"tax_estado","embeddable":true,"href":"https:\/\/www.estrategiaconcursos.com.br\/blog\/wp-json\/wp\/v2\/tax_estado?post=376401"}],"curies":[{"name":"wp","href":"https:\/\/api.w.org\/{rel}","templated":true}]}}