{"id":375558,"date":"2026-03-17T06:06:00","date_gmt":"2026-03-17T09:06:00","guid":{"rendered":"https:\/\/www.estrategiaconcursos.com.br\/blog\/?p=375558"},"modified":"2026-03-17T09:16:46","modified_gmt":"2026-03-17T12:16:46","slug":"concurso-if-sertao-pe","status":"publish","type":"post","link":"https:\/\/www.estrategiaconcursos.com.br\/blog\/concurso-if-sertao-pe\/","title":{"rendered":"Concurso IF Sert\u00e3o PE: resultado final homologado!"},"content":{"rendered":"<p><center><a id=\"cta-icon\" href=\"https:\/\/sndflw.com\/i\/if-sertao-pe-grupo\" target=\"_blank\" style=\"background:#29a61a; display:inline-flex; align-items:center; padding:10px 15px; border-radius:6px; color:#fff; text-decoration:none; font-weight:500; font-size:15px;\"><img decoding=\"async\" src=\"https:\/\/dhg1h5j42swfq.cloudfront.net\/2023\/12\/07154107\/whatsapp_13851.png\" alt=\"\" style=\"width:20px; height:20px; margin-right:8px;\"><span>Acesse agora o Grupo de Estudos para o Concurso IF Sert\u00e3o PE<\/span><\/a><\/center><\/p>\n\n\n\n<p>A <a href=\"https:\/\/www.in.gov.br\/web\/dou\/-\/edital-de-homologacao-n-1\/2026-de-2-de-janeiro-de-2026-679275816\">homologa\u00e7\u00e3o<\/a> do resultado final do <strong>concurso do <a href=\"https:\/\/www.estrategiaconcursos.com.br\/cursos\/\">IF Sert\u00e3o PE (Instituto Federal do Sert\u00e3o de Pernambuco<\/a><\/strong>) para T\u00e9cnico-Administrativo em Educa\u00e7\u00e3o (TAE) consta em publica\u00e7\u00e3o no Di\u00e1rio Oficial da Uni\u00e3o do dia 05 de janeiro de 2026. <\/p>\n\n\n\n<p>Foram ofertadas <strong>27 vagas, al\u00e9m de oportunidades em cadastro de reserva<\/strong>, de n\u00edveis m\u00e9dio e superior de escolaridade.<\/p>\n\n\n\n<ul style=\"background-color:#abb7c278\" class=\"wp-block-list has-background\">\n<li><strong>Concurso IF Sert\u00e3o PE<\/strong> &#8211; <strong>TAE<\/strong><\/li>\n\n\n\n<li><strong>Status:<\/strong>&nbsp;resultado final homologado <\/li>\n\n\n\n<li><strong>Banca:<\/strong> <a href=\"https:\/\/www.fundatec.org.br\/portal\/concursos\/\">Fundatec<\/a><\/li>\n\n\n\n<li><strong>Vagas:<\/strong>&nbsp;27 + CR<\/li>\n\n\n\n<li><strong>Sal\u00e1rio inicial:<\/strong>&nbsp;de R$ 2.483,52 a R$ 8.692,32<\/li>\n\n\n\n<li><strong>Edital<\/strong>: <a href=\"https:\/\/www.in.gov.br\/en\/web\/dou\/-\/edital-n-68-de-12-de-junho-de-2025-636267863\" target=\"_blank\" rel=\"noreferrer noopener\">IF Sert\u00e3o PE TAE 2025<\/a> | <a href=\"https:\/\/www.in.gov.br\/en\/web\/dou\/-\/edital-n-71\/2025-retificacao-do-edital-de-abertura-n-68\/2025-637335485\" target=\"_blank\" rel=\"noreferrer noopener\">Cronograma<\/a><\/li>\n<\/ul>\n\n\n\n<div class=\"container\" id=\"boxes\">\n  <div class=\"row\">\n\n    <div class=\"col-sm\">\n      <div class=\"banner-estrategia\" id=\"box-assinatura\">\n        <h3 class=\"titulo-assinatura\">Cursos para IF Sert\u00e3o PE<\/h3>\n        <p class=\"subtitulo-assinatura\">Estude conosco<\/p>\n        <div class=\"box-botao\">\n          <a class=\"btn-assinatura\" target=\"_blank\" href=\"https:\/\/www.estrategiaconcursos.com.br\/cursosPorConcurso\/if-sertao-pe\/\" role=\"button\" rel=\"noopener noreferrer\">Conhe\u00e7a os cursos<\/a>\n        <\/div>\n      <\/div>\n     \n    <\/div>\n\n  <\/div>\n<\/div>\n\n\n\n<ul class=\"wp-block-list\">\n<li><a href=\"#situacao-atual\"><strong>Situa\u00e7\u00e3o atual<\/strong><\/a><\/li>\n\n\n\n<li><a href=\"#cargos\"><strong>Cargos e vagas<\/strong><\/a><\/li>\n\n\n\n<li><a href=\"#salarios\"><strong>Sal\u00e1rios <\/strong><\/a><\/li>\n\n\n\n<li><a href=\"#etapas\"><strong>Etapas e provas<\/strong><\/a><\/li>\n\n\n\n<li><a href=\"#ultimo-concurso\"><strong>\u00daltimo concurso IF Sert\u00e3o<\/strong><\/a>\n<ul class=\"wp-block-list\">\n<li><strong><em><a href=\"#cargos-ofertados\">Cargos ofertados<\/a><\/em><\/strong><\/li>\n\n\n\n<li><strong><em><a href=\"#etapas-tae\">Etapas do concurso para TAE<\/a><\/em><\/strong><\/li>\n\n\n\n<li><strong><em><a href=\"#etapas-professor\">Etapas do concurso para Professor<\/a><\/em><\/strong><\/li>\n<\/ul>\n<\/li>\n\n\n\n<li><strong><em><a href=\"#assinatura-e-cursos\">Assinatura ilimitada e cursos<\/a><\/em><\/strong><\/li>\n<\/ul>\n\n\n\n<h2 class=\"wp-block-heading\" id=\"datas\">Concurso IF Sert\u00e3o PE: situa\u00e7\u00e3o atual <\/h2>\n\n\n\n<p>No dia 05 de janeiro de 2026 foi publicado no Di\u00e1rio Oficial da Uni\u00e3o a <a href=\"https:\/\/www.in.gov.br\/web\/dou\/-\/edital-de-homologacao-n-1\/2026-de-2-de-janeiro-de-2026-679275816\">homologa\u00e7\u00e3o do resultado final <\/a>do concurso para TAE. <\/p>\n\n\n\n<h2 class=\"wp-block-heading\" id=\"cargos\">Cargos e vagas do concurso IF Sert\u00e3o PE<\/h2>\n\n\n\n<h3 class=\"wp-block-heading\" id=\"h-tae\">TAE<\/h3>\n\n\n\n<figure class=\"wp-block-table is-style-stripes\"><table class=\"has-fixed-layout\"><thead><tr><th class=\"has-text-align-center\" data-align=\"center\">Cargo<\/th><th class=\"has-text-align-center\" data-align=\"center\">N\u00edvel<\/th><th class=\"has-text-align-center\" data-align=\"center\">Total de Vagas<\/th><\/tr><\/thead><tbody><tr><td class=\"has-text-align-center\" data-align=\"center\">Administrador<\/td><td class=\"has-text-align-center\" data-align=\"center\">E<\/td><td class=\"has-text-align-center\" data-align=\"center\">01 + CR<\/td><\/tr><tr><td class=\"has-text-align-center\" data-align=\"center\">Analista de Tecnologia da Informa\u00e7\u00e3o<\/td><td class=\"has-text-align-center\" data-align=\"center\">E<\/td><td class=\"has-text-align-center\" data-align=\"center\">01 + CR<\/td><\/tr><tr><td class=\"has-text-align-center\" data-align=\"center\">Enfermeiro<\/td><td class=\"has-text-align-center\" data-align=\"center\">E<\/td><td class=\"has-text-align-center\" data-align=\"center\">02 + CR<\/td><\/tr><tr><td class=\"has-text-align-center\" data-align=\"center\">Assistente de Aluno<\/td><td class=\"has-text-align-center\" data-align=\"center\">C<\/td><td class=\"has-text-align-center\" data-align=\"center\">06 + CR<\/td><\/tr><tr><td class=\"has-text-align-center\" data-align=\"center\">Assistente em Administra\u00e7\u00e3o<\/td><td class=\"has-text-align-center\" data-align=\"center\">D<\/td><td class=\"has-text-align-center\" data-align=\"center\">08 + CR<\/td><\/tr><tr><td class=\"has-text-align-center\" data-align=\"center\">T\u00e9cnico em Tecnologia da Informa\u00e7\u00e3o<\/td><td class=\"has-text-align-center\" data-align=\"center\">D<\/td><td class=\"has-text-align-center\" data-align=\"center\">03 + CR<\/td><\/tr><tr><td class=\"has-text-align-center\" data-align=\"center\">T\u00e9cnico de Laborat\u00f3rio &#8211; Agropecu\u00e1ria<\/td><td class=\"has-text-align-center\" data-align=\"center\">D<\/td><td class=\"has-text-align-center\" data-align=\"center\">01 + CR<\/td><\/tr><tr><td class=\"has-text-align-center\" data-align=\"center\">T\u00e9cnico de Laborat\u00f3rio &#8211; F\u00edsica<\/td><td class=\"has-text-align-center\" data-align=\"center\">D<\/td><td class=\"has-text-align-center\" data-align=\"center\">01 + CR<\/td><\/tr><tr><td class=\"has-text-align-center\" data-align=\"center\">T\u00e9cnico de Laborat\u00f3rio &#8211; Inform\u00e1tica<\/td><td class=\"has-text-align-center\" data-align=\"center\">D<\/td><td class=\"has-text-align-center\" data-align=\"center\">01 + CR<\/td><\/tr><tr><td class=\"has-text-align-center\" data-align=\"center\">T\u00e9cnico de Laborat\u00f3rio &#8211; Mec\u00e2nica<\/td><td class=\"has-text-align-center\" data-align=\"center\">D<\/td><td class=\"has-text-align-center\" data-align=\"center\">01 + CR<\/td><\/tr><tr><td class=\"has-text-align-center\" data-align=\"center\">T\u00e9cnico de Laborat\u00f3rio &#8211; Qu\u00edmica<\/td><td class=\"has-text-align-center\" data-align=\"center\">D<\/td><td class=\"has-text-align-center\" data-align=\"center\">02 + CR<\/td><\/tr><\/tbody><\/table><\/figure>\n\n\n\n<h3 class=\"wp-block-heading\" id=\"h-professor\">Professor <\/h3>\n\n\n\n<figure class=\"wp-block-table is-style-stripes\"><table class=\"has-fixed-layout\"><tbody><tr><td class=\"has-text-align-center\" data-align=\"center\"><strong>\u00c1rea\/Sub\u00e1rea<\/strong><\/td><td class=\"has-text-align-center\" data-align=\"center\"><strong>Escolaridade exigida e outros requisitos<\/strong><\/td><td class=\"has-text-align-center\" data-align=\"center\"><strong>Total de Vagas<\/strong><\/td><\/tr><tr><td class=\"has-text-align-center\" data-align=\"center\">Administra\u00e7\u00e3o<\/td><td class=\"has-text-align-center\" data-align=\"center\">Gradua\u00e7\u00e3o em Administra\u00e7\u00e3o.<\/td><td class=\"has-text-align-center\" data-align=\"center\">01+CR<\/td><\/tr><tr><td class=\"has-text-align-center\" data-align=\"center\">Agroind\u00fastria<\/td><td class=\"has-text-align-center\" data-align=\"center\">Gradua\u00e7\u00e3o em Ci\u00eancia dos Alimentos ou Engenharia de Alimentos ou Nutri\u00e7\u00e3o ou Tecnologia em Gastronomia ou Tecnologia em Agroind\u00fastria ou Tecnologia em Alimentos.<\/td><td class=\"has-text-align-center\" data-align=\"center\">01+CR<\/td><\/tr><tr><td class=\"has-text-align-center\" data-align=\"center\">Agronomia<\/td><td class=\"has-text-align-center\" data-align=\"center\">Gradua\u00e7\u00e3o em Agronomia ou Engenharia Agron\u00f4mica ou Engenharia Agr\u00edcola e Ambiental ou Tecnologia em Horticultura ou Ci\u00eancias Agr\u00edcolas ou Ci\u00eancias Agr\u00e1rias.<\/td><td class=\"has-text-align-center\" data-align=\"center\">03+CR<\/td><\/tr><tr><td class=\"has-text-align-center\" data-align=\"center\">Arquitetura<\/td><td class=\"has-text-align-center\" data-align=\"center\">Gradua\u00e7\u00e3o em Arquitetura ou Arquitetura e Urbanismo.<\/td><td class=\"has-text-align-center\" data-align=\"center\">01+CR<\/td><\/tr><tr><td class=\"has-text-align-center\" data-align=\"center\">Biologia<\/td><td class=\"has-text-align-center\" data-align=\"center\">Gradua\u00e7\u00e3o em Ci\u00eancias Biol\u00f3gicas ou Biologia.<\/td><td class=\"has-text-align-center\" data-align=\"center\">01+CR<\/td><\/tr><tr><td class=\"has-text-align-center\" data-align=\"center\">Biotecnologia<\/td><td class=\"has-text-align-center\" data-align=\"center\">Gradua\u00e7\u00e3o em Biotecnologia ou Bioprocessos e Biotecnologia ou Ci\u00eancias Biol\u00f3gicas ou Engenharia de Bioprocessos e Biotecnologia ou Engenharia de Bioprocessos.<\/td><td class=\"has-text-align-center\" data-align=\"center\">01+CR<\/td><\/tr><tr><td class=\"has-text-align-center\" data-align=\"center\">Educa\u00e7\u00e3o F\u00edsica<\/td><td class=\"has-text-align-center\" data-align=\"center\">Gradua\u00e7\u00e3o em Educa\u00e7\u00e3o F\u00edsica.<\/td><td class=\"has-text-align-center\" data-align=\"center\">01+CR<\/td><\/tr><tr><td class=\"has-text-align-center\" data-align=\"center\">Engenharia El\u00e9trica com \u00eanfase em Seguran\u00e7a do Trabalho<\/td><td class=\"has-text-align-center\" data-align=\"center\">Gradua\u00e7\u00e3o em Engenharia El\u00e9trica com especializa\u00e7\u00e3o em Seguran\u00e7a do Trabalho.<\/td><td class=\"has-text-align-center\" data-align=\"center\">01+CR<\/td><\/tr><tr><td class=\"has-text-align-center\" data-align=\"center\">Enologia<\/td><td class=\"has-text-align-center\" data-align=\"center\">Gradua\u00e7\u00e3o em cursos na \u00e1rea de Viticultura e Enologia.<\/td><td class=\"has-text-align-center\" data-align=\"center\">01+CR<\/td><\/tr><tr><td class=\"has-text-align-center\" data-align=\"center\">Filosofia<\/td><td class=\"has-text-align-center\" data-align=\"center\">Gradua\u00e7\u00e3o em Filosofia.<\/td><td class=\"has-text-align-center\" data-align=\"center\">02+CR<\/td><\/tr><tr><td class=\"has-text-align-center\" data-align=\"center\">F\u00edsica<\/td><td class=\"has-text-align-center\" data-align=\"center\">Gradua\u00e7\u00e3o em F\u00edsica.<\/td><td class=\"has-text-align-center\" data-align=\"center\">05+CR<\/td><\/tr><tr><td class=\"has-text-align-center\" data-align=\"center\">Geografia<\/td><td class=\"has-text-align-center\" data-align=\"center\">Gradua\u00e7\u00e3o em Geografia.<\/td><td class=\"has-text-align-center\" data-align=\"center\">01+CR<\/td><\/tr><tr><td class=\"has-text-align-center\" data-align=\"center\">Hist\u00f3ria<\/td><td class=\"has-text-align-center\" data-align=\"center\">Gradua\u00e7\u00e3o em Hist\u00f3ria.<\/td><td class=\"has-text-align-center\" data-align=\"center\">01+CR<\/td><\/tr><tr><td class=\"has-text-align-center\" data-align=\"center\">Inform\u00e1tica<\/td><td class=\"has-text-align-center\" data-align=\"center\">Gradua\u00e7\u00e3o em cursos na \u00e1rea Tecnologia da Informa\u00e7\u00e3o.<\/td><td class=\"has-text-align-center\" data-align=\"center\">04+CR<\/td><\/tr><tr><td class=\"has-text-align-center\" data-align=\"center\">Ingl\u00eas<\/td><td class=\"has-text-align-center\" data-align=\"center\">Gradua\u00e7\u00e3o em L\u00edngua Inglesa ou em Letras com Habilita\u00e7\u00e3o em L\u00edngua Portuguesa e L\u00edngua Inglesa ou em Letras com habilita\u00e7\u00e3o em L\u00edngua Inglesa.<\/td><td class=\"has-text-align-center\" data-align=\"center\">04+CR<\/td><\/tr><tr><td class=\"has-text-align-center\" data-align=\"center\">Libras<\/td><td class=\"has-text-align-center\" data-align=\"center\">Gradua\u00e7\u00e3o em Libras ou Letras-Libras.<\/td><td class=\"has-text-align-center\" data-align=\"center\">01+CR<\/td><\/tr><tr><td class=\"has-text-align-center\" data-align=\"center\">Matem\u00e1tica<\/td><td class=\"has-text-align-center\" data-align=\"center\">Gradua\u00e7\u00e3o em Matem\u00e1tica ou Ci\u00eancias com habilita\u00e7\u00e3o em Matem\u00e1tica.<\/td><td class=\"has-text-align-center\" data-align=\"center\">11+CR<\/td><\/tr><tr><td class=\"has-text-align-center\" data-align=\"center\">M\u00fasica com \u00eanfase em Educa\u00e7\u00e3o Musical e Cordas Friccionadas<\/td><td class=\"has-text-align-center\" data-align=\"center\">Gradua\u00e7\u00e3o em M\u00fasica ou em Educa\u00e7\u00e3o Art\u00edstica com habilita\u00e7\u00e3o em M\u00fasica ou em Educa\u00e7\u00e3o Musical.<\/td><td class=\"has-text-align-center\" data-align=\"center\">01+CR<\/td><\/tr><tr><td class=\"has-text-align-center\" data-align=\"center\">Pedagogia<\/td><td class=\"has-text-align-center\" data-align=\"center\">Gradua\u00e7\u00e3o em Pedagogia.<\/td><td class=\"has-text-align-center\" data-align=\"center\">01+CR<\/td><\/tr><tr><td class=\"has-text-align-center\" data-align=\"center\">Libras com \u00eanfase em Pedagogia<\/td><td class=\"has-text-align-center\" data-align=\"center\">Gradua\u00e7\u00e3o em Libras ou Letras-Libras ou em Pedagogia mais certificado de conclus\u00e3o de curso de Especializa\u00e7\u00e3o em L\u00edngua Brasileira de Sinais (carga hor\u00e1ria m\u00ednima de 360 horas)<\/td><td class=\"has-text-align-center\" data-align=\"center\">01+CR<\/td><\/tr><tr><td class=\"has-text-align-center\" data-align=\"center\">Portugu\u00eas<\/td><td class=\"has-text-align-center\" data-align=\"center\">Gradua\u00e7\u00e3o em Letras com habilita\u00e7\u00e3o em L\u00edngua Portuguesa.<\/td><td class=\"has-text-align-center\" data-align=\"center\">03+CR<\/td><\/tr><tr><td class=\"has-text-align-center\" data-align=\"center\">Qu\u00edmica<\/td><td class=\"has-text-align-center\" data-align=\"center\">Gradua\u00e7\u00e3o em Qu\u00edmica.<\/td><td class=\"has-text-align-center\" data-align=\"center\">01+CR<\/td><\/tr><tr><td class=\"has-text-align-center\" data-align=\"center\">Seguran\u00e7a do Trabalho<\/td><td class=\"has-text-align-center\" data-align=\"center\">Gradua\u00e7\u00e3o na \u00e1rea de Seguran\u00e7a do Trabalho ou qualquer Engenharia com especializa\u00e7\u00e3o em Seguran\u00e7a do Trabalho.<\/td><td class=\"has-text-align-center\" data-align=\"center\">01+CR<\/td><\/tr><\/tbody><\/table><\/figure>\n\n\n\n<hr class=\"wp-block-separator has-alpha-channel-opacity\"\/>\n\n\n\n<h3 class=\"wp-block-heading\" id=\"salarios\">Tabela de Sal\u00e1rios<\/h3>\n\n\n\n<h4 class=\"wp-block-heading\" id=\"h-tae-0\">TAE<\/h4>\n\n\n\n<figure class=\"wp-block-table is-style-stripes\"><table class=\"has-fixed-layout\"><thead><tr><th class=\"has-text-align-center\" data-align=\"center\">N\u00edvel<\/th><th class=\"has-text-align-center\" data-align=\"center\">Qualifica\u00e7\u00e3o<\/th><th class=\"has-text-align-center\" data-align=\"center\">Vencimento B\u00e1sico<\/th><th class=\"has-text-align-center\" data-align=\"center\">Incentivo \u00e0 Qualifica\u00e7\u00e3o (IQ)<\/th><th class=\"has-text-align-center\" data-align=\"center\">Total<\/th><\/tr><\/thead><tbody><tr><td class=\"has-text-align-center\" data-align=\"center\">C<\/td><td class=\"has-text-align-center\" data-align=\"center\">Ensino M\u00e9dio<\/td><td class=\"has-text-align-center\" data-align=\"center\">R$ 2.483,52<\/td><td class=\"has-text-align-center\" data-align=\"center\">\u2014<\/td><td class=\"has-text-align-center\" data-align=\"center\">R$ 2.483,52<\/td><\/tr><tr><td class=\"has-text-align-center\" data-align=\"center\">C<\/td><td class=\"has-text-align-center\" data-align=\"center\">Superior<\/td><td class=\"has-text-align-center\" data-align=\"center\">R$ 2.483,52<\/td><td class=\"has-text-align-center\" data-align=\"center\">R$ 620,88<\/td><td class=\"has-text-align-center\" data-align=\"center\">R$ 3.104,40<\/td><\/tr><tr><td class=\"has-text-align-center\" data-align=\"center\">C<\/td><td class=\"has-text-align-center\" data-align=\"center\">Especializa\u00e7\u00e3o<\/td><td class=\"has-text-align-center\" data-align=\"center\">R$ 2.483,52<\/td><td class=\"has-text-align-center\" data-align=\"center\">R$ 745,06<\/td><td class=\"has-text-align-center\" data-align=\"center\">R$ 3.228,58<\/td><\/tr><tr><td class=\"has-text-align-center\" data-align=\"center\">C<\/td><td class=\"has-text-align-center\" data-align=\"center\">Mestrado<\/td><td class=\"has-text-align-center\" data-align=\"center\">R$ 2.483,52<\/td><td class=\"has-text-align-center\" data-align=\"center\">R$ 1.291,43<\/td><td class=\"has-text-align-center\" data-align=\"center\">R$ 3.774,95<\/td><\/tr><tr><td class=\"has-text-align-center\" data-align=\"center\">C<\/td><td class=\"has-text-align-center\" data-align=\"center\">Doutorado<\/td><td class=\"has-text-align-center\" data-align=\"center\">R$ 2.483,52<\/td><td class=\"has-text-align-center\" data-align=\"center\">R$ 1.862,64<\/td><td class=\"has-text-align-center\" data-align=\"center\">R$ 4.346,16<\/td><\/tr><tr><td class=\"has-text-align-center\" data-align=\"center\">D<\/td><td class=\"has-text-align-center\" data-align=\"center\">Ensino M\u00e9dio<\/td><td class=\"has-text-align-center\" data-align=\"center\">R$ 3.029,89<\/td><td class=\"has-text-align-center\" data-align=\"center\">\u2014<\/td><td class=\"has-text-align-center\" data-align=\"center\">R$ 3.029,89<\/td><\/tr><tr><td class=\"has-text-align-center\" data-align=\"center\">D<\/td><td class=\"has-text-align-center\" data-align=\"center\">Superior<\/td><td class=\"has-text-align-center\" data-align=\"center\">R$ 3.029,89<\/td><td class=\"has-text-align-center\" data-align=\"center\">R$ 757,47<\/td><td class=\"has-text-align-center\" data-align=\"center\">R$ 3.787,37<\/td><\/tr><tr><td class=\"has-text-align-center\" data-align=\"center\">D<\/td><td class=\"has-text-align-center\" data-align=\"center\">Especializa\u00e7\u00e3o<\/td><td class=\"has-text-align-center\" data-align=\"center\">R$ 3.029,89<\/td><td class=\"has-text-align-center\" data-align=\"center\">R$ 908,97<\/td><td class=\"has-text-align-center\" data-align=\"center\">R$ 3.938,86<\/td><\/tr><tr><td class=\"has-text-align-center\" data-align=\"center\">D<\/td><td class=\"has-text-align-center\" data-align=\"center\">Mestrado<\/td><td class=\"has-text-align-center\" data-align=\"center\">R$ 3.029,89<\/td><td class=\"has-text-align-center\" data-align=\"center\">R$ 1.575,55<\/td><td class=\"has-text-align-center\" data-align=\"center\">R$ 4.605,44<\/td><\/tr><tr><td class=\"has-text-align-center\" data-align=\"center\">D<\/td><td class=\"has-text-align-center\" data-align=\"center\">Doutorado<\/td><td class=\"has-text-align-center\" data-align=\"center\">R$ 3.029,89<\/td><td class=\"has-text-align-center\" data-align=\"center\">R$ 2.272,42<\/td><td class=\"has-text-align-center\" data-align=\"center\">R$ 5.302,32<\/td><\/tr><tr><td class=\"has-text-align-center\" data-align=\"center\">E<\/td><td class=\"has-text-align-center\" data-align=\"center\">Superior<\/td><td class=\"has-text-align-center\" data-align=\"center\">R$ 4.967,04<\/td><td class=\"has-text-align-center\" data-align=\"center\">\u2014<\/td><td class=\"has-text-align-center\" data-align=\"center\">R$ 4.967,04<\/td><\/tr><tr><td class=\"has-text-align-center\" data-align=\"center\">E<\/td><td class=\"has-text-align-center\" data-align=\"center\">Especializa\u00e7\u00e3o<\/td><td class=\"has-text-align-center\" data-align=\"center\">R$ 4.967,04<\/td><td class=\"has-text-align-center\" data-align=\"center\">R$ 1.490,11<\/td><td class=\"has-text-align-center\" data-align=\"center\">R$ 6.457,15<\/td><\/tr><tr><td class=\"has-text-align-center\" data-align=\"center\">E<\/td><td class=\"has-text-align-center\" data-align=\"center\">Mestrado<\/td><td class=\"has-text-align-center\" data-align=\"center\">R$ 4.967,04<\/td><td class=\"has-text-align-center\" data-align=\"center\">R$ 2.582,86<\/td><td class=\"has-text-align-center\" data-align=\"center\">R$ 7.549,90<\/td><\/tr><tr><td class=\"has-text-align-center\" data-align=\"center\">E<\/td><td class=\"has-text-align-center\" data-align=\"center\">Doutorado<\/td><td class=\"has-text-align-center\" data-align=\"center\">R$ 4.967,04<\/td><td class=\"has-text-align-center\" data-align=\"center\">R$ 3.725,28<\/td><td class=\"has-text-align-center\" data-align=\"center\">R$ 8.692,32<\/td><\/tr><\/tbody><\/table><\/figure>\n\n\n\n<h4 class=\"wp-block-heading\" id=\"h-professor-0\">Professor <\/h4>\n\n\n\n<p>A remunera\u00e7\u00e3o inicial \u00e9 a equivalente ao Vencimento B\u00e1sico, al\u00e9m da possibilidade de retribui\u00e7\u00e3o por titula\u00e7\u00e3o, de acordo com as informa\u00e7\u00f5es seguintes:<\/p>\n\n\n\n<figure class=\"wp-block-table is-style-stripes\"><table class=\"has-fixed-layout\"><tbody><tr><td colspan=\"5\">Classe A-I, N\u00edvel 1 &#8211; Regime de Trabalho: 40 horas semanais, com Dedica\u00e7\u00e3o Exclusiva (DE)<\/td><\/tr><tr><td>Titula\u00e7\u00e3o<\/td><td>Classe\/N\u00edvel<\/td><td>Vencimento B\u00e1sico<\/td><td>Retribui\u00e7\u00e3o por Titula\u00e7\u00e3o (RT)<\/td><td>Total<\/td><\/tr><tr><td>Gradua\u00e7\u00e3o<\/td><td>A1\/01<\/td><td>R$ 6.180,86<\/td><td>R$ 0,0<\/td><td>R$ 6.180,86<\/td><\/tr><tr><td>Aperfei\u00e7oamento<\/td><td>A1\/01<\/td><td>R$ 6.180,86<\/td><td>R$ 618,08<\/td><td>R$ 6.798,94<\/td><\/tr><tr><td>Especializa\u00e7\u00e3o<\/td><td>A1\/01<\/td><td>R$ 6.180,86<\/td><td>R$ 1.236,17<\/td><td>R$ 7.417,03<\/td><\/tr><tr><td>Mestrado<\/td><td>A1\/01<\/td><td>R$ 6.180,86<\/td><td>R$ 3.090,43<\/td><td>R$ 9.271,29<\/td><\/tr><tr><td>Doutorado<\/td><td>A1\/01<\/td><td>R$ 6.180,86<\/td><td>R$ 7.107,99<\/td><td>R$ 13.288,85<\/td><\/tr><\/tbody><\/table><\/figure>\n\n\n\n<p><strong>Aux\u00edlio-alimenta\u00e7\u00e3o<\/strong> no valor de R$1.000,00 nos termos do art. 22 da Lei n\u00ba 8.460, de 17 de setembro de 1992 e da Portaria MGI n\u00ba 2.797 de 29 de abril de 2024.<\/p>\n\n\n\n<p>Aux\u00edlio Pr\u00e9-escolar no valor de R$ 484,90, nos termos do art. 7\u00ba do Decreto n\u00ba 977, de 10 de setembro de 1993 e da Portaria MGI n\u00ba 2.897, de 30 de abril de 2024, <strong>Aux\u00edlio-Transporte<\/strong>, nos termos da Instru\u00e7\u00e3o Normativa SRT\/MGI n\u00ba 71, de 19 de fevereiro de 2025, e <strong>Ressarcimento \u00e0 Sa\u00fade Suplementa<\/strong>r, nos termos da Portaria MGI n\u00ba 2.829, de 29 de abril de 2024, na forma da legisla\u00e7\u00e3o vigente e demais benef\u00edcios previstos, todos pagos conforme na legisla\u00e7\u00e3o vigente.<\/p>\n\n\n\n<h2 class=\"wp-block-heading\" id=\"etapas\">Etapas e provas do concurso IF Sert\u00e3o PE<\/h2>\n\n\n\n<h3 class=\"wp-block-heading\" id=\"h-tae-1\">TAE<\/h3>\n\n\n\n<p>O concurso foi composto de uma \u00fanica etapa, constitu\u00edda exclusivamente de&nbsp;<strong>Prova Te\u00f3rico-Objetiva<\/strong>&nbsp;para todos os cargos.<\/p>\n\n\n\n<h3 class=\"wp-block-heading\" id=\"h-professor-1\">Professor <\/h3>\n\n\n\n<p>O concurso p\u00fablico foi composto de tr\u00eas etapas sendo a realiza\u00e7\u00e3o de:<\/p>\n\n\n\n<ul class=\"wp-block-list\">\n<li><strong>Prova Te\u00f3rico-objetiva<\/strong>, de car\u00e1ter eliminat\u00f3rio e classificat\u00f3rio, valendo at\u00e9 100 (cem) pontos;<\/li>\n\n\n\n<li><strong>Prova de Desempenho Did\u00e1tico<\/strong>, de car\u00e1ter eliminat\u00f3rio e classificat\u00f3rio, valendo at\u00e9 100 (cem) pontos; e<\/li>\n\n\n\n<li><strong>Prova de T\u00edtulos<\/strong>, de car\u00e1ter classificat\u00f3rio, valendo at\u00e9 50 (cinquenta) pontos.<\/li>\n<\/ul>\n\n\n\n<h2 class=\"wp-block-heading\" id=\"h-ultimo-concurso-if-sertao-pe\">\u00daltimo concurso IF Sert\u00e3o PE<\/h2>\n\n\n\n<p>O \u00faltimo&nbsp;<strong>concurso IF Sert\u00e3o PE<\/strong>&nbsp;ocorreu em 2019, quando foram oferecidas 18 vagas de cargos t\u00e9cnico-administrativos em educa\u00e7\u00e3o e 21 para docentes. <\/p>\n\n\n\n<h3 class=\"wp-block-heading\" id=\"cargos-ofertados\">Cargos ofertados<\/h3>\n\n\n\n<h3 class=\"wp-block-heading\">Professores<\/h3>\n\n\n\n<figure class=\"wp-block-table is-style-stripes\"><table class=\"has-subtle-pale-blue-background-color has-background has-fixed-layout\"><tbody><tr><td class=\"has-text-align-center\" data-align=\"center\"><strong>\u00c1rea<\/strong><\/td><td class=\"has-text-align-center\" data-align=\"center\"><strong>Requisitos<\/strong><\/td><td class=\"has-text-align-center\" data-align=\"center\"><strong>Vagas AC<\/strong><\/td><td class=\"has-text-align-center\" data-align=\"center\"><strong>Vagas PP<\/strong><\/td><td class=\"has-text-align-center\" data-align=\"center\"><strong>TOTAL<\/strong><\/td><\/tr><tr><td class=\"has-text-align-center\" data-align=\"center\">Arquitetura<\/td><td class=\"has-text-align-center\" data-align=\"center\">Bacharelado em Arquitetura; Arquitetura e Urbanismo <\/td><td class=\"has-text-align-center\" data-align=\"center\">1<\/td><td class=\"has-text-align-center\" data-align=\"center\">&#8211;<\/td><td class=\"has-text-align-center\" data-align=\"center\">1<\/td><\/tr><tr><td class=\"has-text-align-center\" data-align=\"center\">Engenharia Civil<\/td><td class=\"has-text-align-center\" data-align=\"center\">Bacharelado em Engenharia Civil ou em Engenharia de Produ\u00e7\u00e3o Civil. <\/td><td class=\"has-text-align-center\" data-align=\"center\">3<\/td><td class=\"has-text-align-center\" data-align=\"center\">1<\/td><td class=\"has-text-align-center\" data-align=\"center\">4<\/td><\/tr><tr><td class=\"has-text-align-center\" data-align=\"center\">Filosofia<\/td><td class=\"has-text-align-center\" data-align=\"center\">Licenciatura ou Bacharelado em Filosofia. <\/td><td class=\"has-text-align-center\" data-align=\"center\">1<\/td><td class=\"has-text-align-center\" data-align=\"center\">&#8211;<\/td><td class=\"has-text-align-center\" data-align=\"center\">1<\/td><\/tr><tr><td class=\"has-text-align-center\" data-align=\"center\">L\u00edngua Portuguesa<\/td><td class=\"has-text-align-center\" data-align=\"center\">Licenciatura ou Bacharelado em Letras com habilita\u00e7\u00e3o em L\u00edngua Portuguesa. <\/td><td class=\"has-text-align-center\" data-align=\"center\">1<\/td><td class=\"has-text-align-center\" data-align=\"center\">&#8211;<\/td><td class=\"has-text-align-center\" data-align=\"center\">1<\/td><\/tr><tr><td class=\"has-text-align-center\" data-align=\"center\">Matem\u00e1tica<\/td><td class=\"has-text-align-center\" data-align=\"center\">Licenciatura ou Bacharelado em Matem\u00e1tica <\/td><td class=\"has-text-align-center\" data-align=\"center\">2<\/td><td class=\"has-text-align-center\" data-align=\"center\">&#8211;<\/td><td class=\"has-text-align-center\" data-align=\"center\">2<\/td><\/tr><tr><td class=\"has-text-align-center\" data-align=\"center\">F\u00edsica<\/td><td class=\"has-text-align-center\" data-align=\"center\">Licenciatura ou Bacharelado em F\u00edsica <\/td><td class=\"has-text-align-center\" data-align=\"center\">2<\/td><td class=\"has-text-align-center\" data-align=\"center\">&#8211;<\/td><td class=\"has-text-align-center\" data-align=\"center\">2<\/td><\/tr><tr><td class=\"has-text-align-center\" data-align=\"center\">Qu\u00edmica<\/td><td class=\"has-text-align-center\" data-align=\"center\">Licenciatura ou Bacharelado em Qu\u00edmica. <\/td><td class=\"has-text-align-center\" data-align=\"center\">3<\/td><td class=\"has-text-align-center\" data-align=\"center\">1<\/td><td class=\"has-text-align-center\" data-align=\"center\">4<\/td><\/tr><tr><td class=\"has-text-align-center\" data-align=\"center\">Sociologia<\/td><td class=\"has-text-align-center\" data-align=\"center\">Licenciatura ou Bacharelado em Sociologia ou Ci\u00eancias Sociais <\/td><td class=\"has-text-align-center\" data-align=\"center\">1<\/td><td class=\"has-text-align-center\" data-align=\"center\">&#8211;<\/td><td class=\"has-text-align-center\" data-align=\"center\">1<\/td><\/tr><tr><td class=\"has-text-align-center\" data-align=\"center\">Inform\u00e1tica<\/td><td class=\"has-text-align-center\" data-align=\"center\">Licenciatura, Bacharelado ou Tecnol\u00f3gico em cursos na \u00e1rea de Computa\u00e7\u00e3o ou Inform\u00e1tica <\/td><td class=\"has-text-align-center\" data-align=\"center\">2<\/td><td class=\"has-text-align-center\" data-align=\"center\">&#8211;<\/td><td class=\"has-text-align-center\" data-align=\"center\">2<\/td><\/tr><tr><td class=\"has-text-align-center\" data-align=\"center\">Pedagogia<\/td><td class=\"has-text-align-center\" data-align=\"center\">Licenciatura em Pedagogia <\/td><td class=\"has-text-align-center\" data-align=\"center\">2<\/td><td class=\"has-text-align-center\" data-align=\"center\">&#8211;<\/td><td class=\"has-text-align-center\" data-align=\"center\">2<\/td><\/tr><tr><td class=\"has-text-align-center\" data-align=\"center\">Agroind\u00fastria<\/td><td class=\"has-text-align-center\" data-align=\"center\">Gradua\u00e7\u00e3o em Ci\u00eancia dos Alimentos ou Engenharia de Alimentos ou Tecnologia de Alimentos ou Tecnologia em Agroind\u00fastria ou Tecnologia em Gastronomia ou Nutri\u00e7\u00e3o ou Agronomia ou Engenharia Agr\u00edcola ou Zootecnia ou Medicina Veterin\u00e1ria. <\/td><td class=\"has-text-align-center\" data-align=\"center\">1<\/td><td class=\"has-text-align-center\" data-align=\"center\">&#8211;<\/td><td class=\"has-text-align-center\" data-align=\"center\">1<\/td><\/tr><tr><td class=\"has-text-align-center\" data-align=\"center\">Fitossanidade<\/td><td class=\"has-text-align-center\" data-align=\"center\">Licenciatura em Ci\u00eancias Agr\u00edcolas ou Bacharelado em Agronomia ou Ci\u00eancias Agr\u00e1rias ou Tecnologia em Gest\u00e3o da Fruticultura Irrigada ou Tecnologia em Horticultura ou Bacharelado em Agroecologia <\/td><td class=\"has-text-align-center\" data-align=\"center\">1<\/td><td class=\"has-text-align-center\" data-align=\"center\">&#8211;<\/td><td class=\"has-text-align-center\" data-align=\"center\">1<\/td><\/tr><\/tbody><\/table><\/figure>\n\n\n\n<h4 class=\"wp-block-heading\" id=\"h-confira-abaixo-mais-detalhes\"><strong>Confira abaixo mais detalhes:<\/strong><\/h4>\n\n\n\n<figure class=\"wp-block-table is-style-stripes\"><table class=\"has-subtle-pale-blue-background-color has-background has-fixed-layout\"><tbody><tr><td class=\"has-text-align-center\" data-align=\"center\"><strong>Cargos<\/strong><\/td><td class=\"has-text-align-center\" data-align=\"center\"><strong>N\u00edvel de classifica\u00e7\u00e3o<\/strong><\/td><td class=\"has-text-align-center\" data-align=\"center\"><strong>Requisitos<\/strong><\/td><td class=\"has-text-align-center\" data-align=\"center\"><strong>Remunera\u00e7\u00e3o<\/strong><\/td><\/tr><tr><td class=\"has-text-align-center\" data-align=\"center\">Contador<\/td><td class=\"has-text-align-center\" data-align=\"center\">E<\/td><td class=\"has-text-align-center\" data-align=\"center\">Curso Superior em Ci\u00eancias Cont\u00e1beis e Registro no Conselho competente <\/td><td class=\"has-text-align-center\" data-align=\"center\">R$ 4.180,66<\/td><\/tr><tr><td class=\"has-text-align-center\" data-align=\"center\">Engenheiro Agr\u00f4nomo<\/td><td class=\"has-text-align-center\" data-align=\"center\">E<\/td><td class=\"has-text-align-center\" data-align=\"center\">Curso Superior em Agronomia ou Engenharia Agron\u00f4mica e Registro no Conselho competente <\/td><td class=\"has-text-align-center\" data-align=\"center\">R$ 4.180,66 <\/td><\/tr><tr><td class=\"has-text-align-center\" data-align=\"center\">Nutricionista<\/td><td class=\"has-text-align-center\" data-align=\"center\">E<\/td><td class=\"has-text-align-center\" data-align=\"center\">Curso Superior em Nutri\u00e7\u00e3o e Registro no Conselho competente <\/td><td class=\"has-text-align-center\" data-align=\"center\">R$ 4.180,66 <\/td><\/tr><tr><td class=\"has-text-align-center\" data-align=\"center\">Psic\u00f3logo<\/td><td class=\"has-text-align-center\" data-align=\"center\">E<\/td><td class=\"has-text-align-center\" data-align=\"center\">Curso Superior em Psicologia e Registro no Conselho competente <\/td><td class=\"has-text-align-center\" data-align=\"center\">R$ 4.180,66 <\/td><\/tr><tr><td class=\"has-text-align-center\" data-align=\"center\">Pedagogo<\/td><td class=\"has-text-align-center\" data-align=\"center\">E<\/td><td class=\"has-text-align-center\" data-align=\"center\">Curso Superior em Pedagogia e Registro no Conselho competente <\/td><td class=\"has-text-align-center\" data-align=\"center\">R$ 4.180,66 <\/td><\/tr><tr><td class=\"has-text-align-center\" data-align=\"center\">Zootecnista<\/td><td class=\"has-text-align-center\" data-align=\"center\">E<\/td><td class=\"has-text-align-center\" data-align=\"center\">Curso Superior em Zootecnia e Registro no Conselho competente <\/td><td class=\"has-text-align-center\" data-align=\"center\">R$ 4.180,66 <\/td><\/tr><tr><td class=\"has-text-align-center\" data-align=\"center\">T\u00e9cnico de Laborat\u00f3rio\/Edifica\u00e7\u00f5es<\/td><td class=\"has-text-align-center\" data-align=\"center\">D<\/td><td class=\"has-text-align-center\" data-align=\"center\">M\u00e9dio Profissionalizante na \u00e1rea ou M\u00e9dio completo + curso T\u00e9cnico na \u00e1rea <\/td><td class=\"has-text-align-center\" data-align=\"center\">R$ 2.446,96<\/td><\/tr><tr><td class=\"has-text-align-center\" data-align=\"center\">T\u00e9cnico de Laborat\u00f3rio\/F\u00edsica<\/td><td class=\"has-text-align-center\" data-align=\"center\">D<\/td><td class=\"has-text-align-center\" data-align=\"center\">M\u00e9dio Profissionalizante na \u00e1rea ou M\u00e9dio completo + curso T\u00e9cnico na \u00e1rea  <\/td><td class=\"has-text-align-center\" data-align=\"center\">R$ 2.446,96 <\/td><\/tr><tr><td class=\"has-text-align-center\" data-align=\"center\">T\u00e9cnico em Audiovisual<\/td><td class=\"has-text-align-center\" data-align=\"center\">D<\/td><td class=\"has-text-align-center\" data-align=\"center\">M\u00e9dio Profissionalizante na \u00e1rea ou M\u00e9dio completo + experi\u00eancia de 12 meses na \u00e1rea <\/td><td class=\"has-text-align-center\" data-align=\"center\">R$ 2.446,96 <\/td><\/tr><tr><td class=\"has-text-align-center\" data-align=\"center\">T\u00e9cnico em Edifica\u00e7\u00f5es<\/td><td class=\"has-text-align-center\" data-align=\"center\">D<\/td><td class=\"has-text-align-center\" data-align=\"center\">M\u00e9dio Profissionalizante na \u00e1rea ou M\u00e9dio completo + curso T\u00e9cnico na \u00e1rea   <\/td><td class=\"has-text-align-center\" data-align=\"center\">R$ 2.446,96 <\/td><\/tr><tr><td class=\"has-text-align-center\" data-align=\"center\">T\u00e9cnico em T.I.<\/td><td class=\"has-text-align-center\" data-align=\"center\">D<\/td><td class=\"has-text-align-center\" data-align=\"center\">M\u00e9dio Profissionalizante na \u00e1rea ou M\u00e9dio completo + curso t\u00e9cnico em eletr\u00f4nica com \u00eanfase em sistemas computacionais <\/td><td class=\"has-text-align-center\" data-align=\"center\">R$ 2.446,96 <\/td><\/tr><tr><td class=\"has-text-align-center\" data-align=\"center\">Tradutor e Int\u00e9rprete de Linguagem de Sinais<\/td><td class=\"has-text-align-center\" data-align=\"center\">D<\/td><td class=\"has-text-align-center\" data-align=\"center\">M\u00e9dio completo + profici\u00eancia em LIBRAS <\/td><td class=\"has-text-align-center\" data-align=\"center\">R$ 2.446,96 <\/td><\/tr><\/tbody><\/table><\/figure>\n\n\n\n<h2 class=\"wp-block-heading\" id=\"etapas-tae\">Etapas do \u00faltimo concurso IF Sert\u00e3o PE para TAE<\/h2>\n\n\n\n<p>A Prova Objetiva de M\u00faltipla Escolha, para todos os cargos\/\u00e1reas e localidades foi realizada nas cidades de Petrolina-PE e\/ou Juazeiro-BA.<\/p>\n\n\n\n<p>O concurso constou de uma Prova Objetiva de M\u00faltipla Escolha, de car\u00e1ter eliminat\u00f3rio e classificat\u00f3rio, composta de 50 quest\u00f5es, distribu\u00eddas na forma abaixo, para todos os cargos de n\u00edvel M\u00e9dio, T\u00e9cnico e Superior:<\/p>\n\n\n\n<ul class=\"wp-block-list\">\n<li>L\u00edngua Portuguesa &#8211; 10 quest\u00f5es (peso 2);<\/li>\n\n\n\n<li>Conhecimentos Espec\u00edficos &#8211; 20 quest\u00f5es (peso 2,5);<\/li>\n\n\n\n<li>Inform\u00e1tica &#8211; 05 quest\u00f5es (peso 1);<\/li>\n\n\n\n<li>Racioc\u00ednio L\u00f3gico &#8211; 05 quest\u00f5es (peso 1);<\/li>\n\n\n\n<li>Legisla\u00e7\u00e3o &#8211; 10 quest\u00f5es (peso 2).<\/li>\n<\/ul>\n\n\n\n<p>J\u00e1 para o cargo de T\u00e9cnico de Tecnologia da Informa\u00e7\u00e3o o Concurso constou de uma Prova Objetiva de M\u00faltipla Escolha, de car\u00e1ter eliminat\u00f3rio e classificat\u00f3rio, composta de 50 quest\u00f5es, distribu\u00eddas na forma abaixo:<\/p>\n\n\n\n<ul class=\"wp-block-list\">\n<li>L\u00edngua Portuguesa &#8211; 10 quest\u00f5es (peso 2);<\/li>\n\n\n\n<li>Conhecimentos Espec\u00edficos &#8211; 25 quest\u00f5es (peso 2,2);<\/li>\n\n\n\n<li>Racioc\u00ednio L\u00f3gico &#8211; 05 quest\u00f5es (peso 1);<\/li>\n\n\n\n<li>Legisla\u00e7\u00e3o &#8211; 10 quest\u00f5es (peso 2).<\/li>\n<\/ul>\n\n\n\n<h3 class=\"wp-block-heading\">Prova Pr\u00e1tica<\/h3>\n\n\n\n<p>O candidato realizou a Prova Pr\u00e1tica na cidade de Petrolina &#8211; PE. Foram convocados para a Prova Pr\u00e1tica os candidatos aprovados na etapa anterior.<\/p>\n\n\n\n<p>O exame pr\u00e1tico somou 100 pontos e teve como objetivo verificar o conhecimento pr\u00e1tico para execu\u00e7\u00e3o das atividades inerentes ao Tradutor e Int\u00e9rprete de L\u00edngua Brasileira de Sinais e selecionar candidatos com compet\u00eancias e habilidades suficientes para ocupar o cargo.<\/p>\n\n\n\n<h2 class=\"wp-block-heading\" id=\"etapas-professor\">Etapas do \u00faltimo concurso IF Sert\u00e3o PE para Professor<\/h2>\n\n\n\n<p>O concurso para Professor do Ensino B\u00e1sico, Cient\u00edfico e Tecnol\u00f3gico contou com <strong>tr\u00eas etapas<\/strong>: prova objetiva e dissertativa, prova did\u00e1tica e avalia\u00e7\u00e3o de t\u00edtulos.<\/p>\n\n\n\n<p>Todas as etapas ocorreram na cidade de Petrolina, em Pernambuco. Abaixo voc\u00ea confere o quadro geral das pontua\u00e7\u00f5es:<\/p>\n\n\n\n<p><strong>1\u00aa fase: Conhecimentos Espec\u00edficos<\/strong><\/p>\n\n\n\n<ul class=\"wp-block-list\">\n<li>Objetiva &#8211; at\u00e9 60 pontos (eliminat\u00f3ria e classificat\u00f3ria)<\/li>\n\n\n\n<li>Dissertativa &#8211; at\u00e9 40 pontos (eliminat\u00f3ria e classificat\u00f3ria) <\/li>\n<\/ul>\n\n\n\n<p><strong>2\u00aa fase: Desempenho Did\u00e1tico<\/strong><\/p>\n\n\n\n<ul class=\"wp-block-list\">\n<li>Desempenho Did\u00e1tico &#8211; at\u00e9 100 pontos (eliminat\u00f3ria e classificat\u00f3ria)  <\/li>\n<\/ul>\n\n\n\n<p><strong>3\u00aa fase: Avalia\u00e7\u00e3o de T\u00edtulos<\/strong><\/p>\n\n\n\n<ul class=\"wp-block-list\">\n<li>T\u00edtulos &#8211; at\u00e9 100 pontos (classificat\u00f3ria)<\/li>\n<\/ul>\n\n\n\n<h3 class=\"wp-block-heading\">Prova objetiva e prova dissertativa<\/h3>\n\n\n\n<p>As provas de conhecimentos espec\u00edficos (objetiva e dissertativa) foram aplicadas em um \u00fanico turno, com dura\u00e7\u00e3o de <strong>5 horas<\/strong>.<\/p>\n\n\n\n<p>A <span style=\"text-decoration: underline;\">prova objetiva<\/span> foi composta por <strong>50 quest\u00f5es<\/strong> distribu\u00eddas entre as seguintes disciplinas:<\/p>\n\n\n\n<ul class=\"wp-block-list\">\n<li>L\u00edngua Portuguesa &#8211; 10 quest\u00f5es (peso 1)<\/li>\n\n\n\n<li>Legisla\u00e7\u00e3o &#8211; 10 quest\u00f5es (peso 1)<\/li>\n\n\n\n<li>Conhecimentos Pedag\u00f3gicos e Educa\u00e7\u00e3o Profissional T\u00e9cnica &#8211; 10 quest\u00f5es (peso 1)<\/li>\n\n\n\n<li>Conhecimentos Espec\u00edficos &#8211; 20 quest\u00f5es (peso 1,5)<\/li>\n<\/ul>\n\n\n\n<p>J\u00e1 a <span style=\"text-decoration: underline;\">prova dissertativa<\/span> consistiu na elabora\u00e7\u00e3o de uma disserta\u00e7\u00e3o de 60 a 120 linhas sobre tema do programa sorteado previamente.<\/p>\n\n\n\n<h3 class=\"wp-block-heading\">Notas m\u00ednimas<\/h3>\n\n\n\n<p>Para ser aprovado, o candidato deveria alcan\u00e7ar a nota m\u00ednima de <strong>30 pontos<\/strong> na prova objetiva e <span style=\"text-decoration: underline;\">n\u00e3o zerar<\/span> nenhuma disciplina. A pontua\u00e7\u00e3o m\u00ednima na prova objetiva foi de <strong>10 pontos<\/strong>.<\/p>\n\n\n\n<h3 class=\"wp-block-heading\">Provas dissertativas corrigidas<\/h3>\n\n\n\n<figure class=\"wp-block-table is-style-stripes\"><table class=\"has-subtle-pale-blue-background-color has-background has-fixed-layout\"><tbody><tr><td><strong>N\u00ba de vagas<\/strong><\/td><td><strong>N\u00ba de candidatos AC<\/strong><\/td><td><strong>N\u00ba de candidatos Negros (PP)<\/strong><\/td><td><strong>N\u00ba de candidatos PcD<\/strong><\/td><\/tr><tr><td>1<\/td><td>20<\/td><td>20<\/td><td>20<\/td><\/tr><tr><td>2<\/td><td>30<\/td><td>30<\/td><td>30<\/td><\/tr><tr><td>3<\/td><td>50<\/td><td>50<\/td><td>50<\/td><\/tr><tr><td>4<\/td><td>60<\/td><td>60<\/td><td>60<\/td><\/tr><\/tbody><\/table><\/figure>\n\n\n\n<h3 class=\"wp-block-heading\">Prova did\u00e1tica<\/h3>\n\n\n\n<p class=\"has-medium-font-size\">Convocados<\/p>\n\n\n\n<figure class=\"wp-block-table is-style-stripes\"><table class=\"has-subtle-pale-blue-background-color has-background has-fixed-layout\"><tbody><tr><td><strong>N\u00ba de vagas<\/strong><\/td><td><strong>N\u00ba de candidatos AC<\/strong><\/td><td><strong>N\u00ba de candidatos Negros (PP)<\/strong><\/td><td><strong>N\u00ba de candidatos PcD<\/strong><\/td><\/tr><tr><td>1<\/td><td>10<\/td><td>10<\/td><td>10<\/td><\/tr><tr><td>2<\/td><td>17<\/td><td>17<\/td><td>17<\/td><\/tr><tr><td>3<\/td><td>25<\/td><td>25<\/td><td>25<\/td><\/tr><tr><td>4<\/td><td>30<\/td><td>30<\/td><td>30<\/td><\/tr><\/tbody><\/table><\/figure>\n\n\n\n<h3 class=\"wp-block-heading has-text-align-center has-medium-font-size\" id=\"h-quer-saber-tudo-sobre-concursos-previstos-confira-nossos-artigos\">Quer saber tudo sobre concursos previstos?<br \/>Confira  nossos artigos!<\/h3>\n\n\n\n<ul class=\"wp-block-list\">\n<li><a href=\"https:\/\/www.estrategiaconcursos.com.br\/blog\/concursos-abertos\/\" target=\"_blank\" rel=\"noreferrer noopener\">Concursos abertos<\/a><\/li>\n\n\n\n<li><a href=\"https:\/\/www.estrategiaconcursos.com.br\/blog\/concursos-educacao\/\">Concursos educa\u00e7\u00e3o<\/a><\/li>\n\n\n\n<li><a href=\"https:\/\/www.estrategiaconcursos.com.br\/blog\/concursos-2026\/\" target=\"_blank\" rel=\"noreferrer noopener\">Concursos 2026<\/a><\/li>\n<\/ul>\n\n\n\n<h2 class=\"wp-block-heading has-text-align-center\" id=\"cursos-assinatura\">Quer estudar para o concurso&nbsp;IF Sert\u00e3o PE?<\/h2>\n\n\n\n<p class=\"has-text-align-center\"><em>Gostou dessa oportunidade e deseja se preparar para este concurso? Confira abaixo nosso curso exclusivo e inicie agora mesmo seus estudos:<\/em><\/p>\n\n\n\n<div class=\"container\" id=\"boxes\">\n  <div class=\"row\">\n\n    <div class=\"col-sm\">\n      <div class=\"banner-estrategia\" id=\"box-assinatura\">\n        <h3 class=\"titulo-assinatura\">Cursos para IF Sert\u00e3o PE<\/h3>\n        <p class=\"subtitulo-assinatura\">Estude conosco<\/p>\n        <div class=\"box-botao\">\n          <a class=\"btn-assinatura\" target=\"_blank\" href=\"https:\/\/www.estrategiaconcursos.com.br\/cursosPorConcurso\/if-sertao-pe\/\" role=\"button\" rel=\"noopener noreferrer\">Conhe\u00e7a os cursos<\/a>\n        <\/div>\n      <\/div>\n     \n    <\/div>\n\n  <\/div>\n<\/div>\n\n\n\n<div class=\"container\" id=\"boxes\">\n  <div class=\"row\">\n\n    <div class=\"col-sm\">\n      <div class=\"estrategia\" id=\"box-assinatura\">\n        <h3 class=\"titulo-assinatura\">Assinatura Concursos<\/h3>\n        <p class=\"subtitulo-assinatura\">Assinatura de 1 ano ou 2 anos<\/p>\n        <div class=\"box-botao\">\n          <a class=\"btn-assinatura\" target=\"_blank\" href=\"https:\/\/www.estrategiaconcursos.com.br\/assinaturas\/\" role=\"button\" rel=\"noopener noreferrer\">ASSINE AGORA<\/a>\n        <\/div>\n      <\/div>\n     \n    <\/div><\/div><\/div>\n\n\n\n<p class=\"has-medium-font-size\"><\/p>\n\n\n\n<figure class=\"wp-block-image size-large is-resized\"><img loading=\"lazy\" decoding=\"async\" width=\"1024\" height=\"632\" src=\"https:\/\/dhg1h5j42swfq.cloudfront.net\/2021\/07\/09123111\/ficha-tecnica-3-1024x632.png\" alt=\"Informa\u00e7\u00f5es\u00a0do concurso IF Sert\u00e3o PE \" class=\"wp-image-791156\" style=\"width:265px;height:auto\" srcset=\"https:\/\/dhg1h5j42swfq.cloudfront.net\/2021\/07\/09123111\/ficha-tecnica-3-1024x632.png 1024w, https:\/\/dhg1h5j42swfq.cloudfront.net\/2021\/07\/09123111\/ficha-tecnica-3-300x185.png 300w, https:\/\/dhg1h5j42swfq.cloudfront.net\/2021\/07\/09123111\/ficha-tecnica-3-768x474.png 768w, https:\/\/dhg1h5j42swfq.cloudfront.net\/2021\/07\/09123111\/ficha-tecnica-3-1536x948.png 1536w, https:\/\/dhg1h5j42swfq.cloudfront.net\/2021\/07\/09123111\/ficha-tecnica-3-610x377.png 610w, https:\/\/dhg1h5j42swfq.cloudfront.net\/2021\/07\/09123111\/ficha-tecnica-3.png 1571w\" sizes=\"auto, (max-width: 1024px) 100vw, 1024px\" \/><\/figure>\n\n\n\n<p><strong>Informa\u00e7\u00f5es&nbsp;do concurso IF Sert\u00e3o PE<\/strong> &#8211; <strong>TAE<\/strong><\/p>\n\n\n\n<ul class=\"wp-block-list\">\n<li><strong>Data da prova<\/strong>: 24\/08\/2025<\/li>\n\n\n\n<li><strong>Vagas:<\/strong>&nbsp;27 + CR<\/li>\n\n\n\n<li><strong>Cargos:<\/strong>&nbsp;diversos<\/li>\n\n\n\n<li><strong>Banca:<\/strong>&nbsp;Fundatec<\/li>\n\n\n\n<li><strong>Escolaridade:<\/strong>&nbsp;n\u00edveis m\u00e9dio e superior<\/li>\n\n\n\n<li><strong>Edital<\/strong>: <a href=\"https:\/\/www.in.gov.br\/en\/web\/dou\/-\/edital-n-68-de-12-de-junho-de-2025-636267863\" target=\"_blank\" rel=\"noreferrer noopener\">IF Sert\u00e3o PE TAE 2025<\/a><\/li>\n<\/ul>\n\n\n\n<p><strong>Informa\u00e7\u00f5es&nbsp;do concurso IF Sert\u00e3o PE<\/strong> &#8211; <strong>Professor<\/strong><\/p>\n\n\n\n<ul class=\"wp-block-list\">\n<li><strong>Data da prova<\/strong>: 24\/08\/2025<\/li>\n\n\n\n<li><strong>Vagas:<\/strong>&nbsp;48 + CR<\/li>\n\n\n\n<li><strong>Cargos:<\/strong>&nbsp;professor<\/li>\n\n\n\n<li><strong>Banca:<\/strong>&nbsp;Fundatec<\/li>\n\n\n\n<li><strong>Escolaridade:<\/strong>&nbsp;superior<\/li>\n\n\n\n<li><strong>Edital<\/strong>: <a href=\"https:\/\/www.in.gov.br\/en\/web\/dou\/-\/edital-n-69\/2025-636555833\" target=\"_blank\" rel=\"noreferrer noopener\">IF Sert\u00e3o PE Professor 2025<\/a><\/li>\n<\/ul>\n","protected":false},"excerpt":{"rendered":"<p>A homologa\u00e7\u00e3o do resultado final do concurso do IF Sert\u00e3o PE (Instituto Federal do Sert\u00e3o de Pernambuco) para T\u00e9cnico-Administrativo em Educa\u00e7\u00e3o (TAE) consta em publica\u00e7\u00e3o no Di\u00e1rio Oficial da Uni\u00e3o do dia 05 de janeiro de 2026. Foram ofertadas 27 vagas, al\u00e9m de oportunidades em cadastro de reserva, de n\u00edveis m\u00e9dio e superior de escolaridade. [&hellip;]<\/p>\n","protected":false},"author":1,"featured_media":1090639,"comment_status":"open","ping_status":"closed","sticky":false,"template":"","format":"standard","meta":{"post_tipo":"news_page","footnotes":""},"categories":[1,3766,220219],"tags":[],"tax_estado":[219963],"class_list":["post-375558","post","type-post","status-publish","format-standard","has-post-thumbnail","hentry","category-cursos-e-concursos","category-educacional","category-noticias","tax_estado-concursos-federais"],"acf":[],"yoast_head":"<!-- This site is optimized with the Yoast SEO Premium plugin v27.2 (Yoast SEO v27.2) - https:\/\/yoast.com\/product\/yoast-seo-premium-wordpress\/ -->\n<title>Concurso IF Sert\u00e3o PE: resultado final homologado!<\/title>\n<meta name=\"description\" content=\"Concurso IF Sert\u00e3o PE: edital para TAE teve o resultado homologado! J\u00e1 o edital para Professor, teve as provas aplicadas.\" \/>\n<meta name=\"robots\" content=\"index, follow, max-snippet:-1, max-image-preview:large, max-video-preview:-1\" \/>\n<link rel=\"canonical\" href=\"https:\/\/www.estrategiaconcursos.com.br\/blog\/concurso-if-sertao-pe\/\" \/>\n<meta property=\"og:locale\" content=\"pt_BR\" \/>\n<meta property=\"og:type\" content=\"article\" \/>\n<meta property=\"og:title\" content=\"Concurso IF Sert\u00e3o PE: resultado final homologado!\" \/>\n<meta property=\"og:description\" content=\"Concurso IF Sert\u00e3o PE: edital para TAE teve o resultado homologado! J\u00e1 o edital para Professor, teve as provas aplicadas.\" \/>\n<meta property=\"og:url\" content=\"https:\/\/www.estrategiaconcursos.com.br\/blog\/concurso-if-sertao-pe\/\" \/>\n<meta property=\"og:site_name\" content=\"Estrat\u00e9gia Concursos\" \/>\n<meta property=\"article:author\" content=\"https:\/\/www.facebook.com\/EstrategiaConcursos\" \/>\n<meta property=\"article:published_time\" content=\"2026-03-17T09:06:00+00:00\" \/>\n<meta property=\"article:modified_time\" content=\"2026-03-17T12:16:46+00:00\" \/>\n<meta property=\"og:image\" content=\"https:\/\/dhg1h5j42swfq.cloudfront.net\/2022\/09\/06185737\/concursos_educacao.jpg\" \/>\n\t<meta property=\"og:image:width\" content=\"768\" \/>\n\t<meta property=\"og:image:height\" content=\"432\" \/>\n\t<meta property=\"og:image:type\" content=\"image\/jpeg\" \/>\n<meta name=\"author\" content=\"Coordena\u00e7\u00e3o\" \/>\n<meta name=\"twitter:card\" content=\"summary_large_image\" \/>\n<meta name=\"twitter:creator\" content=\"@EstratConcursos\" \/>\n<meta name=\"twitter:site\" content=\"@EstratConcursos\" \/>\n<meta name=\"twitter:label1\" content=\"Escrito por\" \/>\n\t<meta name=\"twitter:data1\" content=\"Coordena\u00e7\u00e3o\" \/>\n\t<meta name=\"twitter:label2\" content=\"Est. tempo de leitura\" \/>\n\t<meta name=\"twitter:data2\" content=\"10 minutos\" \/>\n<script type=\"application\/ld+json\" class=\"yoast-schema-graph\">{\"@context\":\"https:\/\/schema.org\",\"@graph\":[{\"@type\":\"NewsArticle\",\"@id\":\"https:\/\/www.estrategiaconcursos.com.br\/blog\/concurso-if-sertao-pe\/#article\",\"isPartOf\":{\"@id\":\"https:\/\/www.estrategiaconcursos.com.br\/blog\/concurso-if-sertao-pe\/\"},\"author\":{\"name\":\"Coordena\u00e7\u00e3o\",\"@id\":\"https:\/\/www.estrategiaconcursos.com.br\/blog\/#\/schema\/person\/b4a388c97673c5f483d72185668afa1f\"},\"headline\":\"Concurso IF Sert\u00e3o PE: resultado final homologado!\",\"datePublished\":\"2026-03-17T09:06:00+00:00\",\"dateModified\":\"2026-03-17T12:16:46+00:00\",\"mainEntityOfPage\":{\"@id\":\"https:\/\/www.estrategiaconcursos.com.br\/blog\/concurso-if-sertao-pe\/\"},\"wordCount\":2199,\"commentCount\":1,\"publisher\":{\"@id\":\"https:\/\/www.estrategiaconcursos.com.br\/blog\/#organization\"},\"image\":{\"@id\":\"https:\/\/www.estrategiaconcursos.com.br\/blog\/concurso-if-sertao-pe\/#primaryimage\"},\"thumbnailUrl\":\"https:\/\/dhg1h5j42swfq.cloudfront.net\/2022\/09\/06185737\/concursos_educacao.jpg\",\"articleSection\":[\"Concursos P\u00fablicos\",\"Educa\u00e7\u00e3o\",\"\u00daltimas not\u00edcias\"],\"inLanguage\":\"pt-BR\",\"potentialAction\":[{\"@type\":\"CommentAction\",\"name\":\"Comment\",\"target\":[\"https:\/\/www.estrategiaconcursos.com.br\/blog\/concurso-if-sertao-pe\/#respond\"]}],\"copyrightYear\":\"2026\",\"copyrightHolder\":{\"@id\":\"https:\/\/www.estrategiaconcursos.com.br\/blog\/#organization\"}},{\"@type\":\"WebPage\",\"@id\":\"https:\/\/www.estrategiaconcursos.com.br\/blog\/concurso-if-sertao-pe\/\",\"url\":\"https:\/\/www.estrategiaconcursos.com.br\/blog\/concurso-if-sertao-pe\/\",\"name\":\"Concurso IF Sert\u00e3o PE: resultado final homologado!\",\"isPartOf\":{\"@id\":\"https:\/\/www.estrategiaconcursos.com.br\/blog\/#website\"},\"primaryImageOfPage\":{\"@id\":\"https:\/\/www.estrategiaconcursos.com.br\/blog\/concurso-if-sertao-pe\/#primaryimage\"},\"image\":{\"@id\":\"https:\/\/www.estrategiaconcursos.com.br\/blog\/concurso-if-sertao-pe\/#primaryimage\"},\"thumbnailUrl\":\"https:\/\/dhg1h5j42swfq.cloudfront.net\/2022\/09\/06185737\/concursos_educacao.jpg\",\"datePublished\":\"2026-03-17T09:06:00+00:00\",\"dateModified\":\"2026-03-17T12:16:46+00:00\",\"description\":\"Concurso IF Sert\u00e3o PE: edital para TAE teve o resultado homologado! J\u00e1 o edital para Professor, teve as provas aplicadas.\",\"breadcrumb\":{\"@id\":\"https:\/\/www.estrategiaconcursos.com.br\/blog\/concurso-if-sertao-pe\/#breadcrumb\"},\"inLanguage\":\"pt-BR\",\"potentialAction\":[{\"@type\":\"ReadAction\",\"target\":[\"https:\/\/www.estrategiaconcursos.com.br\/blog\/concurso-if-sertao-pe\/\"]}]},{\"@type\":\"ImageObject\",\"inLanguage\":\"pt-BR\",\"@id\":\"https:\/\/www.estrategiaconcursos.com.br\/blog\/concurso-if-sertao-pe\/#primaryimage\",\"url\":\"https:\/\/dhg1h5j42swfq.cloudfront.net\/2022\/09\/06185737\/concursos_educacao.jpg\",\"contentUrl\":\"https:\/\/dhg1h5j42swfq.cloudfront.net\/2022\/09\/06185737\/concursos_educacao.jpg\",\"width\":768,\"height\":432,\"caption\":\"Concurso SME Indaial SP\"},{\"@type\":\"BreadcrumbList\",\"@id\":\"https:\/\/www.estrategiaconcursos.com.br\/blog\/concurso-if-sertao-pe\/#breadcrumb\",\"itemListElement\":[{\"@type\":\"ListItem\",\"position\":1,\"name\":\"In\u00edcio\",\"item\":\"https:\/\/www.estrategiaconcursos.com.br\/blog\/\"},{\"@type\":\"ListItem\",\"position\":2,\"name\":\"Concurso IF Sert\u00e3o PE: resultado final homologado!\"}]},{\"@type\":\"WebSite\",\"@id\":\"https:\/\/www.estrategiaconcursos.com.br\/blog\/#website\",\"url\":\"https:\/\/www.estrategiaconcursos.com.br\/blog\/\",\"name\":\"Estrat\u00e9gia Concursos\",\"description\":\"O blog da Estrat\u00e9gia Concursos traz not\u00edcias sobre concursos e artigos de professores oferecendo cursos para concursos (pdf + videaulas) no site.\",\"publisher\":{\"@id\":\"https:\/\/www.estrategiaconcursos.com.br\/blog\/#organization\"},\"potentialAction\":[{\"@type\":\"SearchAction\",\"target\":{\"@type\":\"EntryPoint\",\"urlTemplate\":\"https:\/\/www.estrategiaconcursos.com.br\/blog\/?s={search_term_string}\"},\"query-input\":{\"@type\":\"PropertyValueSpecification\",\"valueRequired\":true,\"valueName\":\"search_term_string\"}}],\"inLanguage\":\"pt-BR\"},{\"@type\":\"Organization\",\"@id\":\"https:\/\/www.estrategiaconcursos.com.br\/blog\/#organization\",\"name\":\"Estrat\u00e9gia Concursos\",\"url\":\"https:\/\/www.estrategiaconcursos.com.br\/blog\/\",\"logo\":{\"@type\":\"ImageObject\",\"inLanguage\":\"pt-BR\",\"@id\":\"https:\/\/www.estrategiaconcursos.com.br\/blog\/#\/schema\/logo\/image\/\",\"url\":\"https:\/\/dhg1h5j42swfq.cloudfront.net\/2025\/06\/03203428\/logo_concursos-1.jpg\",\"contentUrl\":\"https:\/\/dhg1h5j42swfq.cloudfront.net\/2025\/06\/03203428\/logo_concursos-1.jpg\",\"width\":230,\"height\":60,\"caption\":\"Estrat\u00e9gia Concursos\"},\"image\":{\"@id\":\"https:\/\/www.estrategiaconcursos.com.br\/blog\/#\/schema\/logo\/image\/\"},\"sameAs\":[\"https:\/\/x.com\/EstratConcursos\"]},{\"@type\":\"Person\",\"@id\":\"https:\/\/www.estrategiaconcursos.com.br\/blog\/#\/schema\/person\/b4a388c97673c5f483d72185668afa1f\",\"name\":\"Coordena\u00e7\u00e3o\",\"image\":{\"@type\":\"ImageObject\",\"inLanguage\":\"pt-BR\",\"@id\":\"https:\/\/secure.gravatar.com\/avatar\/b720319e4c9a967eb58678d110f4fe35452fc5d5f97b202bac7b8acceb18c6ad?s=96&d=mm&r=g\",\"url\":\"https:\/\/secure.gravatar.com\/avatar\/b720319e4c9a967eb58678d110f4fe35452fc5d5f97b202bac7b8acceb18c6ad?s=96&d=mm&r=g\",\"contentUrl\":\"https:\/\/secure.gravatar.com\/avatar\/b720319e4c9a967eb58678d110f4fe35452fc5d5f97b202bac7b8acceb18c6ad?s=96&d=mm&r=g\",\"caption\":\"Coordena\u00e7\u00e3o\"},\"sameAs\":[\"https:\/\/www.facebook.com\/EstrategiaConcursos\",\"https:\/\/x.com\/EstratConcursos\"],\"url\":\"https:\/\/www.estrategiaconcursos.com.br\/blog\/author\/estrategia2013\/\"}]}<\/script>\n<!-- \/ Yoast SEO Premium plugin. -->","yoast_head_json":{"title":"Concurso IF Sert\u00e3o PE: resultado final homologado!","description":"Concurso IF Sert\u00e3o PE: edital para TAE teve o resultado homologado! J\u00e1 o edital para Professor, teve as provas aplicadas.","robots":{"index":"index","follow":"follow","max-snippet":"max-snippet:-1","max-image-preview":"max-image-preview:large","max-video-preview":"max-video-preview:-1"},"canonical":"https:\/\/www.estrategiaconcursos.com.br\/blog\/concurso-if-sertao-pe\/","og_locale":"pt_BR","og_type":"article","og_title":"Concurso IF Sert\u00e3o PE: resultado final homologado!","og_description":"Concurso IF Sert\u00e3o PE: edital para TAE teve o resultado homologado! J\u00e1 o edital para Professor, teve as provas aplicadas.","og_url":"https:\/\/www.estrategiaconcursos.com.br\/blog\/concurso-if-sertao-pe\/","og_site_name":"Estrat\u00e9gia Concursos","article_author":"https:\/\/www.facebook.com\/EstrategiaConcursos","article_published_time":"2026-03-17T09:06:00+00:00","article_modified_time":"2026-03-17T12:16:46+00:00","og_image":[{"width":768,"height":432,"url":"https:\/\/dhg1h5j42swfq.cloudfront.net\/2022\/09\/06185737\/concursos_educacao.jpg","type":"image\/jpeg"}],"author":"Coordena\u00e7\u00e3o","twitter_card":"summary_large_image","twitter_creator":"@EstratConcursos","twitter_site":"@EstratConcursos","twitter_misc":{"Escrito por":"Coordena\u00e7\u00e3o","Est. tempo de leitura":"10 minutos"},"schema":{"@context":"https:\/\/schema.org","@graph":[{"@type":"NewsArticle","@id":"https:\/\/www.estrategiaconcursos.com.br\/blog\/concurso-if-sertao-pe\/#article","isPartOf":{"@id":"https:\/\/www.estrategiaconcursos.com.br\/blog\/concurso-if-sertao-pe\/"},"author":{"name":"Coordena\u00e7\u00e3o","@id":"https:\/\/www.estrategiaconcursos.com.br\/blog\/#\/schema\/person\/b4a388c97673c5f483d72185668afa1f"},"headline":"Concurso IF Sert\u00e3o PE: resultado final homologado!","datePublished":"2026-03-17T09:06:00+00:00","dateModified":"2026-03-17T12:16:46+00:00","mainEntityOfPage":{"@id":"https:\/\/www.estrategiaconcursos.com.br\/blog\/concurso-if-sertao-pe\/"},"wordCount":2199,"commentCount":1,"publisher":{"@id":"https:\/\/www.estrategiaconcursos.com.br\/blog\/#organization"},"image":{"@id":"https:\/\/www.estrategiaconcursos.com.br\/blog\/concurso-if-sertao-pe\/#primaryimage"},"thumbnailUrl":"https:\/\/dhg1h5j42swfq.cloudfront.net\/2022\/09\/06185737\/concursos_educacao.jpg","articleSection":["Concursos P\u00fablicos","Educa\u00e7\u00e3o","\u00daltimas not\u00edcias"],"inLanguage":"pt-BR","potentialAction":[{"@type":"CommentAction","name":"Comment","target":["https:\/\/www.estrategiaconcursos.com.br\/blog\/concurso-if-sertao-pe\/#respond"]}],"copyrightYear":"2026","copyrightHolder":{"@id":"https:\/\/www.estrategiaconcursos.com.br\/blog\/#organization"}},{"@type":"WebPage","@id":"https:\/\/www.estrategiaconcursos.com.br\/blog\/concurso-if-sertao-pe\/","url":"https:\/\/www.estrategiaconcursos.com.br\/blog\/concurso-if-sertao-pe\/","name":"Concurso IF Sert\u00e3o PE: resultado final homologado!","isPartOf":{"@id":"https:\/\/www.estrategiaconcursos.com.br\/blog\/#website"},"primaryImageOfPage":{"@id":"https:\/\/www.estrategiaconcursos.com.br\/blog\/concurso-if-sertao-pe\/#primaryimage"},"image":{"@id":"https:\/\/www.estrategiaconcursos.com.br\/blog\/concurso-if-sertao-pe\/#primaryimage"},"thumbnailUrl":"https:\/\/dhg1h5j42swfq.cloudfront.net\/2022\/09\/06185737\/concursos_educacao.jpg","datePublished":"2026-03-17T09:06:00+00:00","dateModified":"2026-03-17T12:16:46+00:00","description":"Concurso IF Sert\u00e3o PE: edital para TAE teve o resultado homologado! J\u00e1 o edital para Professor, teve as provas aplicadas.","breadcrumb":{"@id":"https:\/\/www.estrategiaconcursos.com.br\/blog\/concurso-if-sertao-pe\/#breadcrumb"},"inLanguage":"pt-BR","potentialAction":[{"@type":"ReadAction","target":["https:\/\/www.estrategiaconcursos.com.br\/blog\/concurso-if-sertao-pe\/"]}]},{"@type":"ImageObject","inLanguage":"pt-BR","@id":"https:\/\/www.estrategiaconcursos.com.br\/blog\/concurso-if-sertao-pe\/#primaryimage","url":"https:\/\/dhg1h5j42swfq.cloudfront.net\/2022\/09\/06185737\/concursos_educacao.jpg","contentUrl":"https:\/\/dhg1h5j42swfq.cloudfront.net\/2022\/09\/06185737\/concursos_educacao.jpg","width":768,"height":432,"caption":"Concurso SME Indaial SP"},{"@type":"BreadcrumbList","@id":"https:\/\/www.estrategiaconcursos.com.br\/blog\/concurso-if-sertao-pe\/#breadcrumb","itemListElement":[{"@type":"ListItem","position":1,"name":"In\u00edcio","item":"https:\/\/www.estrategiaconcursos.com.br\/blog\/"},{"@type":"ListItem","position":2,"name":"Concurso IF Sert\u00e3o PE: resultado final homologado!"}]},{"@type":"WebSite","@id":"https:\/\/www.estrategiaconcursos.com.br\/blog\/#website","url":"https:\/\/www.estrategiaconcursos.com.br\/blog\/","name":"Estrat\u00e9gia Concursos","description":"O blog da Estrat\u00e9gia Concursos traz not\u00edcias sobre concursos e artigos de professores oferecendo cursos para concursos (pdf + videaulas) no site.","publisher":{"@id":"https:\/\/www.estrategiaconcursos.com.br\/blog\/#organization"},"potentialAction":[{"@type":"SearchAction","target":{"@type":"EntryPoint","urlTemplate":"https:\/\/www.estrategiaconcursos.com.br\/blog\/?s={search_term_string}"},"query-input":{"@type":"PropertyValueSpecification","valueRequired":true,"valueName":"search_term_string"}}],"inLanguage":"pt-BR"},{"@type":"Organization","@id":"https:\/\/www.estrategiaconcursos.com.br\/blog\/#organization","name":"Estrat\u00e9gia Concursos","url":"https:\/\/www.estrategiaconcursos.com.br\/blog\/","logo":{"@type":"ImageObject","inLanguage":"pt-BR","@id":"https:\/\/www.estrategiaconcursos.com.br\/blog\/#\/schema\/logo\/image\/","url":"https:\/\/dhg1h5j42swfq.cloudfront.net\/2025\/06\/03203428\/logo_concursos-1.jpg","contentUrl":"https:\/\/dhg1h5j42swfq.cloudfront.net\/2025\/06\/03203428\/logo_concursos-1.jpg","width":230,"height":60,"caption":"Estrat\u00e9gia Concursos"},"image":{"@id":"https:\/\/www.estrategiaconcursos.com.br\/blog\/#\/schema\/logo\/image\/"},"sameAs":["https:\/\/x.com\/EstratConcursos"]},{"@type":"Person","@id":"https:\/\/www.estrategiaconcursos.com.br\/blog\/#\/schema\/person\/b4a388c97673c5f483d72185668afa1f","name":"Coordena\u00e7\u00e3o","image":{"@type":"ImageObject","inLanguage":"pt-BR","@id":"https:\/\/secure.gravatar.com\/avatar\/b720319e4c9a967eb58678d110f4fe35452fc5d5f97b202bac7b8acceb18c6ad?s=96&d=mm&r=g","url":"https:\/\/secure.gravatar.com\/avatar\/b720319e4c9a967eb58678d110f4fe35452fc5d5f97b202bac7b8acceb18c6ad?s=96&d=mm&r=g","contentUrl":"https:\/\/secure.gravatar.com\/avatar\/b720319e4c9a967eb58678d110f4fe35452fc5d5f97b202bac7b8acceb18c6ad?s=96&d=mm&r=g","caption":"Coordena\u00e7\u00e3o"},"sameAs":["https:\/\/www.facebook.com\/EstrategiaConcursos","https:\/\/x.com\/EstratConcursos"],"url":"https:\/\/www.estrategiaconcursos.com.br\/blog\/author\/estrategia2013\/"}]}},"_links":{"self":[{"href":"https:\/\/www.estrategiaconcursos.com.br\/blog\/wp-json\/wp\/v2\/posts\/375558","targetHints":{"allow":["GET"]}}],"collection":[{"href":"https:\/\/www.estrategiaconcursos.com.br\/blog\/wp-json\/wp\/v2\/posts"}],"about":[{"href":"https:\/\/www.estrategiaconcursos.com.br\/blog\/wp-json\/wp\/v2\/types\/post"}],"author":[{"embeddable":true,"href":"https:\/\/www.estrategiaconcursos.com.br\/blog\/wp-json\/wp\/v2\/users\/1"}],"replies":[{"embeddable":true,"href":"https:\/\/www.estrategiaconcursos.com.br\/blog\/wp-json\/wp\/v2\/comments?post=375558"}],"version-history":[{"count":44,"href":"https:\/\/www.estrategiaconcursos.com.br\/blog\/wp-json\/wp\/v2\/posts\/375558\/revisions"}],"predecessor-version":[{"id":1736672,"href":"https:\/\/www.estrategiaconcursos.com.br\/blog\/wp-json\/wp\/v2\/posts\/375558\/revisions\/1736672"}],"wp:featuredmedia":[{"embeddable":true,"href":"https:\/\/www.estrategiaconcursos.com.br\/blog\/wp-json\/wp\/v2\/media\/1090639"}],"wp:attachment":[{"href":"https:\/\/www.estrategiaconcursos.com.br\/blog\/wp-json\/wp\/v2\/media?parent=375558"}],"wp:term":[{"taxonomy":"category","embeddable":true,"href":"https:\/\/www.estrategiaconcursos.com.br\/blog\/wp-json\/wp\/v2\/categories?post=375558"},{"taxonomy":"post_tag","embeddable":true,"href":"https:\/\/www.estrategiaconcursos.com.br\/blog\/wp-json\/wp\/v2\/tags?post=375558"},{"taxonomy":"tax_estado","embeddable":true,"href":"https:\/\/www.estrategiaconcursos.com.br\/blog\/wp-json\/wp\/v2\/tax_estado?post=375558"}],"curies":[{"name":"wp","href":"https:\/\/api.w.org\/{rel}","templated":true}]}}