{"id":375411,"date":"2019-08-14T02:00:24","date_gmt":"2019-08-14T05:00:24","guid":{"rendered":"https:\/\/www.estrategiaconcursos.com.br\/blog\/?p=375411"},"modified":"2019-11-08T16:38:42","modified_gmt":"2019-11-08T19:38:42","slug":"edital-sme-rj","status":"publish","type":"post","link":"https:\/\/www.estrategiaconcursos.com.br\/blog\/edital-sme-rj\/","title":{"rendered":"Edital SME RJ: gabarito da objetiva para Anos Iniciais deve sair dia 20 de agosto"},"content":{"rendered":"\n<p>O gabarito das provas objetivas do concurso da Secretaria Municipal do Estado do Rio de Janeiro para o cargo de Professor Anos Iniciais deve sair no dia 20 de agosto, segundo cronograma do certame. <\/p>\n\n\n\n<p>Os candidatos puderam prestar a prova no \u00faltimo domingo (11), o exame foi elaborado com <strong>50 quest\u00f5es<\/strong>\u00a0de m\u00faltipla escolha com quatro alternativas (A,B,C e D) valendo <strong>100 pontos<\/strong>. <\/p>\n\n\n\n<p>Vale lembrar que o processo seletivo para as especialidades de Portugu\u00eas, Hist\u00f3ria e Ci\u00eancias j\u00e1 foram encerradas. Ao todo s\u00e3o ofertadas <strong>351 vagas<\/strong> para Professor de Ensino Fundamental. <\/p>\n\n\n\n<p>Todas as oportunidades s\u00e3o de N\u00edvel Superior e est\u00e3o distribu\u00eddas entre as especialidades Hist\u00f3ria, L\u00edngua Portuguesa, Ci\u00eancias e Anos iniciais.<\/p>\n\n\n\n<h2 class=\"wp-block-heading\">Principais datas<\/h2>\n\n\n\n<p class=\"has-medium-font-size\"><em>Hist\u00f3ria, L\u00edngua Portuguesa e Ci\u00eancias<\/em><\/p>\n\n\n\n<p class=\"has-background has-very-light-gray-background-color\"><strong>Inscri\u00e7\u00f5es<\/strong>: 21\/05 a 03\/06<br \/><strong>Isen\u00e7\u00e3o<\/strong>: 21 a 24\/06<br \/><strong>Pagamento da taxa<\/strong>: at\u00e9 04\/06<br \/><strong>Provas<\/strong>: 28\/07<\/p>\n\n\n\n<p class=\"has-medium-font-size\"><em>Anos iniciais<\/em><\/p>\n\n\n\n<p class=\"has-background has-very-light-gray-background-color\"><strong>Inscri\u00e7\u00f5es<\/strong>: 04 a 18\/06<br \/><strong>Isen\u00e7\u00e3o<\/strong>: 04 a 07\/06<br \/><strong>Pagamento da taxa<\/strong>: at\u00e9 19\/06<br \/><strong>Provas<\/strong>: 11\/08<\/p>\n\n\n\n<h2 class=\"wp-block-heading\">Vagas e requisitos<\/h2>\n\n\n\n<p class=\"has-medium-font-size\"><em>Professor de Ensino Fundamental &#8211; L\u00edngua Portuguesa<\/em><\/p>\n\n\n\n<p><strong>Vagas<\/strong>: 67<br \/><strong>Requisitos<\/strong>: Licenciatura Plena com habilita\u00e7\u00e3o em L\u00edngua Portuguesa <\/p>\n\n\n\n<p class=\"has-medium-font-size\"><em>Professor de Ensino Fundamental &#8211; Ci\u00eancias<\/em><\/p>\n\n\n\n<p><strong>Vagas<\/strong>: 37<br \/><strong>Requisitos<\/strong>: Licenciatura Plena com habilita\u00e7\u00e3o em Ci\u00eancias.<\/p>\n\n\n\n<p><strong>Distribui\u00e7\u00e3o<\/strong> <strong>das vagas<\/strong>:<\/p>\n\n\n\n<figure class=\"wp-block-image\"><img loading=\"lazy\" decoding=\"async\" width=\"817\" height=\"594\" src=\"https:\/\/dhg1h5j42swfq.cloudfront.net\/2019\/05\/20102848\/image144.png\" alt=\"\" class=\"wp-image-375509\" srcset=\"https:\/\/dhg1h5j42swfq.cloudfront.net\/2019\/05\/20102848\/image144.png 817w, https:\/\/dhg1h5j42swfq.cloudfront.net\/2019\/05\/20102848\/image144.png 300w, https:\/\/dhg1h5j42swfq.cloudfront.net\/2019\/05\/20102848\/image144.png 768w, https:\/\/dhg1h5j42swfq.cloudfront.net\/2019\/05\/20102848\/image144.png 610w\" sizes=\"auto, (max-width: 817px) 100vw, 817px\" \/><\/figure>\n\n\n\n<p class=\"has-medium-font-size\"><em>Professor de Ensino Fundamental &#8211; Hist\u00f3ria<\/em><\/p>\n\n\n\n<p><strong>Vagas<\/strong>: 37<br \/><strong>Requisitos<\/strong>: Licenciatura Plena com habilita\u00e7\u00e3o em Hist\u00f3ria.<\/p>\n\n\n\n<p><strong>Distribui\u00e7\u00e3o das vagas:<\/strong><\/p>\n\n\n\n<figure class=\"wp-block-image\"><img loading=\"lazy\" decoding=\"async\" width=\"820\" height=\"595\" src=\"https:\/\/dhg1h5j42swfq.cloudfront.net\/2019\/05\/20103227\/image145.png\" alt=\"\" class=\"wp-image-375511\" srcset=\"https:\/\/dhg1h5j42swfq.cloudfront.net\/2019\/05\/20103227\/image145.png 820w, https:\/\/dhg1h5j42swfq.cloudfront.net\/2019\/05\/20103227\/image145.png 300w, https:\/\/dhg1h5j42swfq.cloudfront.net\/2019\/05\/20103227\/image145.png 768w, https:\/\/dhg1h5j42swfq.cloudfront.net\/2019\/05\/20103227\/image145.png 610w\" sizes=\"auto, (max-width: 820px) 100vw, 820px\" \/><\/figure>\n\n\n\n<p class=\"has-medium-font-size\"><em>Professor de Ensino Fundamental &#8211; Anos iniciais<\/em><\/p>\n\n\n\n<p><strong>Vagas<\/strong>: 210<br \/><strong>Requisitos<\/strong>:  <\/p>\n\n\n\n<ul class=\"wp-block-list\"><li>Curso Normal Superior com habilita\u00e7\u00e3o em doc\u00eancia nos anos iniciais do Ensino Fundamental, ou <\/li><li>Licenciatura Plena em Pedagogia com habilita\u00e7\u00e3o em doc\u00eancia nos anos iniciais do Ensino Fundamental, ou <\/li><li>Habilita\u00e7\u00e3o espec\u00edfica em curso superior de gradua\u00e7\u00e3o correspondente \u00e0 Licenciatura Plena (Ensino Fundamental) e habilita\u00e7\u00e3o em doc\u00eancia nos anos iniciais do Ensino Fundamental (Curso de Forma\u00e7\u00e3o de Professores &#8211; N\u00edvel M\u00e9dio). <\/li><\/ul>\n\n\n\n<p><strong>Distribui\u00e7\u00e3o das vagas:<\/strong><\/p>\n\n\n\n<figure class=\"wp-block-image\"><img loading=\"lazy\" decoding=\"async\" width=\"816\" height=\"285\" src=\"https:\/\/dhg1h5j42swfq.cloudfront.net\/2019\/05\/20103819\/edital-sme-rj.jpg\" alt=\"\" class=\"wp-image-375518\" srcset=\"https:\/\/dhg1h5j42swfq.cloudfront.net\/2019\/05\/20103819\/edital-sme-rj.jpg 816w, https:\/\/dhg1h5j42swfq.cloudfront.net\/2019\/05\/20103819\/edital-sme-rj.jpg 300w, https:\/\/dhg1h5j42swfq.cloudfront.net\/2019\/05\/20103819\/edital-sme-rj.jpg 768w, https:\/\/dhg1h5j42swfq.cloudfront.net\/2019\/05\/20103819\/edital-sme-rj.jpg 610w\" sizes=\"auto, (max-width: 816px) 100vw, 816px\" \/><\/figure>\n\n\n\n<h2 class=\"wp-block-heading\">Remunera\u00e7\u00e3o <\/h2>\n\n\n\n<p>A remunera\u00e7\u00e3o inicial para todos os cargos ofertados no edital \u00e9 de R$ 5.712,91 com carga hor\u00e1ria de 40 horas semanais. Os novos professores tamb\u00e9m tem direito a b\u00f4nus cultura no valor de R$ 182,18, al\u00e9m de aux\u00edlio transporte de R$ 178,20.<\/p>\n\n\n\n<p>Abaixo voc\u00ea confere a tabela completa de remunera\u00e7\u00e3o do cargo (Licenciatura Plena &#8211; Classe C):<\/p>\n\n\n\n<figure class=\"wp-block-image\"><img loading=\"lazy\" decoding=\"async\" width=\"1062\" height=\"586\" src=\"https:\/\/dhg1h5j42swfq.cloudfront.net\/2019\/05\/20104518\/image147.png\" alt=\"\" class=\"wp-image-375530\" srcset=\"https:\/\/dhg1h5j42swfq.cloudfront.net\/2019\/05\/20104518\/image147.png 1062w, https:\/\/dhg1h5j42swfq.cloudfront.net\/2019\/05\/20104518\/image147.png 300w, https:\/\/dhg1h5j42swfq.cloudfront.net\/2019\/05\/20104518\/image147.png 768w, https:\/\/dhg1h5j42swfq.cloudfront.net\/2019\/05\/20104518\/image147.png 1024w, https:\/\/dhg1h5j42swfq.cloudfront.net\/2019\/05\/20104518\/image147.png 610w\" sizes=\"auto, (max-width: 1062px) 100vw, 1062px\" \/><\/figure>\n\n\n\n<p><em><a href=\"https:\/\/dhg1h5j42swfq.cloudfront.net\/2019\/05\/20104815\/Tabelas-de-Remunera%C3%A7%C3%A3o-SME-RJ.pdf\" target=\"_blank\" rel=\"noreferrer noopener\" aria-label=\"Para consultar as tabelas de remunera\u00e7\u00e3o com os adicionais para p\u00f3s-gradua\u00e7\u00e3o (lato-sensu, stricto-sensu e p\u00f3s-doutorado), clique aqui. (abre numa nova aba)\">Para consultar as tabelas de remunera\u00e7\u00e3o com os adicionais para p\u00f3s-gradua\u00e7\u00e3o (lato-sensu, stricto-sensu e p\u00f3s-doutorado), clique aqui.<\/a><\/em><\/p>\n\n\n\n<h2 class=\"wp-block-heading\">Etapas do concurso SME RJ<\/h2>\n\n\n\n<ol class=\"wp-block-list\"><li>Prova objetiva (eliminat\u00f3ria e classificat\u00f3ria)<\/li><li>Prova discursiva (eliminat\u00f3ria e classificat\u00f3ria)<\/li><li>Prova de T\u00edtulos (classificat\u00f3ria)<\/li><\/ol>\n\n\n\n<h2 class=\"wp-block-heading\">Provas<\/h2>\n\n\n\n<p>As provas <strong>objetiva<\/strong> e <strong>discursiva<\/strong> do concurso SME RJ ser\u00e3o aplicadas <strong>em conjunto<\/strong>, em um \u00fanico turno com dura\u00e7\u00e3o de <strong>4 horas<\/strong>.<\/p>\n\n\n\n<p>As provas objetivas e discursivas para as especialidades L\u00edngua Portuguesa, Ci\u00eancias e Hist\u00f3ria ser\u00e3o realizadas na data do dia 28 de julho. J\u00e1 para a especialidade Anos iniciais as provas ser\u00e3o aplicadas em 11 de agosto.<\/p>\n\n\n\n<p>A <strong>prova objetiva<\/strong> ser\u00e1 composta por <strong>50 quest\u00f5es<\/strong> de m\u00faltipla escolha com quatro alternativas (A,B,C e D) e ter\u00e1 valor total de <strong>100 pontos<\/strong>. Para ser aprovado \u00e9 necess\u00e1rio acertar 60% das quest\u00f5es.<\/p>\n\n\n\n<p>A <strong>prova discursiva<\/strong> consistir\u00e1 na resolu\u00e7\u00e3o de uma quest\u00e3o dissertativa de 20 a 25 linhas sobre os conhecimentos espec\u00edficos de cada especialidade. Esta prova ter\u00e1 valor total de 40 pontos e para ser aprovado \u00e9 necess\u00e1rio atingir pelo menos 50% de aproveitamento (20 pontos).<\/p>\n\n\n\n<p><em>Ser\u00e3o <\/em><strong><em>corrigidas<\/em><\/strong><em> todas as provas discursivas dos candidatos que alcan\u00e7arem a pontua\u00e7\u00e3o m\u00ednima na prova objetiva.<\/em><\/p>\n\n\n\n<h3 class=\"wp-block-heading\">Professor de Ci\u00eancias<\/h3>\n\n\n\n<div class=\"wp-block-image\"><figure class=\"aligncenter is-resized\"><img loading=\"lazy\" decoding=\"async\" src=\"https:\/\/dhg1h5j42swfq.cloudfront.net\/2019\/05\/20091001\/PROVA-SME-RJ.png.png\" alt=\"\" class=\"wp-image-375425\" width=\"587\" height=\"173\" srcset=\"https:\/\/dhg1h5j42swfq.cloudfront.net\/2019\/05\/20091001\/PROVA-SME-RJ.png.png 827w, https:\/\/dhg1h5j42swfq.cloudfront.net\/2019\/05\/20091001\/PROVA-SME-RJ.png.png 300w, https:\/\/dhg1h5j42swfq.cloudfront.net\/2019\/05\/20091001\/PROVA-SME-RJ.png.png 768w, https:\/\/dhg1h5j42swfq.cloudfront.net\/2019\/05\/20091001\/PROVA-SME-RJ.png.png 610w\" sizes=\"auto, (max-width: 587px) 100vw, 587px\" \/><\/figure><\/div>\n\n\n\n<h3 class=\"wp-block-heading\">Professor de <strong>L\u00edngua Portuguesa<\/strong><\/h3>\n\n\n\n<figure class=\"wp-block-image\"><img loading=\"lazy\" decoding=\"async\" width=\"1162\" height=\"307\" src=\"https:\/\/dhg1h5j42swfq.cloudfront.net\/2019\/05\/20100600\/image141.png\" alt=\"\" class=\"wp-image-375473\" srcset=\"https:\/\/dhg1h5j42swfq.cloudfront.net\/2019\/05\/20100600\/image141.png 1162w, https:\/\/dhg1h5j42swfq.cloudfront.net\/2019\/05\/20100600\/image141.png 300w, https:\/\/dhg1h5j42swfq.cloudfront.net\/2019\/05\/20100600\/image141.png 768w, https:\/\/dhg1h5j42swfq.cloudfront.net\/2019\/05\/20100600\/image141.png 1024w, https:\/\/dhg1h5j42swfq.cloudfront.net\/2019\/05\/20100600\/image141.png 610w\" sizes=\"auto, (max-width: 1162px) 100vw, 1162px\" \/><\/figure>\n\n\n\n<h3 class=\"wp-block-heading\">Professor de <strong>Hist\u00f3ria<\/strong><\/h3>\n\n\n\n<div class=\"wp-block-image\"><figure class=\"aligncenter is-resized\"><img loading=\"lazy\" decoding=\"async\" src=\"https:\/\/dhg1h5j42swfq.cloudfront.net\/2019\/05\/20091410\/HISTORIA.png.png\" alt=\"\" class=\"wp-image-375429\" width=\"587\" height=\"170\" srcset=\"https:\/\/dhg1h5j42swfq.cloudfront.net\/2019\/05\/20091410\/HISTORIA.png.png 589w, https:\/\/dhg1h5j42swfq.cloudfront.net\/2019\/05\/20091410\/HISTORIA.png.png 300w\" sizes=\"auto, (max-width: 587px) 100vw, 587px\" \/><\/figure><\/div>\n\n\n\n<h3 class=\"wp-block-heading\">Professor &#8211; <strong>Anos Iniciais<\/strong><\/h3>\n\n\n\n<div class=\"wp-block-image\"><figure class=\"aligncenter\"><img loading=\"lazy\" decoding=\"async\" width=\"595\" height=\"316\" src=\"https:\/\/dhg1h5j42swfq.cloudfront.net\/2019\/05\/20091636\/anos-iniciais.png.png\" alt=\"\" class=\"wp-image-375430\" srcset=\"https:\/\/dhg1h5j42swfq.cloudfront.net\/2019\/05\/20091636\/anos-iniciais.png.png 595w, https:\/\/dhg1h5j42swfq.cloudfront.net\/2019\/05\/20091636\/anos-iniciais.png.png 300w\" sizes=\"auto, (max-width: 595px) 100vw, 595px\" \/><\/figure><\/div>\n\n\n\n<h2 class=\"wp-block-heading\">Prova de T\u00edtulos <\/h2>\n\n\n\n<p>A aferi\u00e7\u00e3o dos T\u00edtulos ter\u00e1 car\u00e1ter classificat\u00f3rio para todos os cargos, com valora\u00e7\u00e3o m\u00e1xima de 30 pontos, em conformidade com os crit\u00e9rios de valores determinados na tabela a seguir: <\/p>\n\n\n\n<div class=\"wp-block-image\"><figure class=\"aligncenter is-resized\"><img loading=\"lazy\" decoding=\"async\" src=\"https:\/\/dhg1h5j42swfq.cloudfront.net\/2019\/05\/20092017\/T%C3%8DTULO.png.png\" alt=\"\" class=\"wp-image-375432\" width=\"626\" height=\"122\" srcset=\"https:\/\/dhg1h5j42swfq.cloudfront.net\/2019\/05\/20092017\/T%C3%8DTULO.png.png 709w, https:\/\/dhg1h5j42swfq.cloudfront.net\/2019\/05\/20092017\/T%C3%8DTULO.png.png 300w, https:\/\/dhg1h5j42swfq.cloudfront.net\/2019\/05\/20092017\/T%C3%8DTULO.png.png 610w\" sizes=\"auto, (max-width: 626px) 100vw, 626px\" \/><\/figure><\/div>\n\n\n\n<p style=\"font-size:25px;text-align:center\" class=\"has-background has-luminous-vivid-amber-background-color\"><a href=\"https:\/\/www.estrategiaconcursos.com.br\/cursosPorConcurso\/secretaria-municipal-de-educacao-do-estado-do-municipio-do-rio-de-janeiro-sme-rj\/\">CURSO SME RJ<\/a><\/p>\n\n\n\n<p style=\"font-size:22px;text-align:center\"><em><strong>Assinatura Anual Ilimitada*<\/strong><\/em><\/p>\n\n\n\n<p style=\"text-align:center\"><em>Prepare-se com o melhor material e com quem mais aprova em Concursos P\u00fablicos em todo o pa\u00eds. Assine agora a nossa Assinatura Anual e tenha acesso ilimitado* a todos os nossos cursos.<\/em><\/p>\n\n\n\n<p style=\"font-size:22px;text-align:center\" class=\"has-background has-light-green-cyan-background-color\"><strong>ASSINE AGORA<\/strong>&nbsp;\u2013&nbsp;<a rel=\"noreferrer noopener\" href=\"https:\/\/www.estrategiaconcursos.com.br\/assinaturas\" target=\"_blank\">Assinatura Ilimitada<\/a><\/p>\n\n\n\n<figure class=\"wp-block-image\"><img loading=\"lazy\" decoding=\"async\" width=\"300\" height=\"102\" src=\"https:\/\/dhg1h5j42swfq.cloudfront.net\/2017\/03\/28152500\/coruja-ficha-tecnica-300x102.png\" alt=\"Ficha t\u00e9cnica concurso Caixa\" class=\"wp-image-68542\"\/><\/figure>\n\n\n\n<p><strong>Informa\u00e7\u00f5es&nbsp;Concurso SME RJ&nbsp;<\/strong><\/p>\n\n\n\n<p>\u25ba<strong>Data:&nbsp;<\/strong>28\/07 e 11\/08\/2019<br \/>\u25ba<strong>Vagas<\/strong>: 351<br \/>\u25ba<strong>Cargos<\/strong>: Professor de Ensino Fundamental (L\u00edngua Portuguesa, Hist\u00f3ria, Ci\u00eancias e Anos iniciais)<br \/>\u25ba<strong>Banca<\/strong>: Prefeitura do Rio de Janeiro<br \/>\u25ba<strong>Escolaridade: <\/strong>N\u00edvel Superior<\/p>\n\n\n\n<div class=\"wp-block-file\"><a href=\"https:\/\/dhg1h5j42swfq.cloudfront.net\/2019\/05\/20102111\/Edital-SME-RJ-Professor-Anos-iniciais.pdf\" target=\"_blank\" rel=\"noreferrer noopener\">Edital SME RJ: Professor-Anos-iniciais<\/a><a href=\"https:\/\/dhg1h5j42swfq.cloudfront.net\/2019\/05\/20102111\/Edital-SME-RJ-Professor-Anos-iniciais.pdf\" class=\"wp-block-file__button\" download>Baixar<\/a><\/div>\n\n\n\n<div class=\"wp-block-file\"><a href=\"https:\/\/dhg1h5j42swfq.cloudfront.net\/2019\/05\/20102118\/Edital-SME-RJ-Professor-de-Ci%C3%AAncias.pdf\" target=\"_blank\" rel=\"noreferrer noopener\">Edital SME RJ: Professor-Ci\u00eancias<\/a><a href=\"https:\/\/dhg1h5j42swfq.cloudfront.net\/2019\/05\/20102118\/Edital-SME-RJ-Professor-de-Ci%C3%AAncias.pdf\" class=\"wp-block-file__button\" download>Baixar<\/a><\/div>\n\n\n\n<div class=\"wp-block-file\"><a href=\"https:\/\/dhg1h5j42swfq.cloudfront.net\/2019\/05\/20102125\/Edital-SME-RJ-Professor-de-Hist%C3%B3ria.pdf\" target=\"_blank\" rel=\"noreferrer noopener\">Edital SME RJ: Professor-de-Hist\u00f3ria<\/a><a href=\"https:\/\/dhg1h5j42swfq.cloudfront.net\/2019\/05\/20102125\/Edital-SME-RJ-Professor-de-Hist%C3%B3ria.pdf\" class=\"wp-block-file__button\" download>Baixar<\/a><\/div>\n\n\n\n<div class=\"wp-block-file\"><a href=\"https:\/\/dhg1h5j42swfq.cloudfront.net\/2019\/05\/20102132\/Edital-SME-RJ-Professor-de-L%C3%ADngua-Portuguesa.pdf\" target=\"_blank\" rel=\"noreferrer noopener\">Edital SME RJ: Professor-L\u00edngua-Portuguesa<\/a><a href=\"https:\/\/dhg1h5j42swfq.cloudfront.net\/2019\/05\/20102132\/Edital-SME-RJ-Professor-de-L%C3%ADngua-Portuguesa.pdf\" class=\"wp-block-file__button\" download>Baixar<\/a><\/div>\n\n\n\n<p><em>Ascom Estrat\u00e9gia<\/em><br \/>ascomestrategia@gmail.com<\/p>\n\n\n\n<p style=\"text-align:center\"><em><strong>Receba not\u00edcias de Concursos no seu WhatsApp e\/ou Telegram!<\/strong><\/em><\/p>\n\n\n\n<p style=\"text-align:center\"><em><strong>Cadastre-se clicando no link abaixo<\/strong><\/em><\/p>\n\n\n\n<p style=\"font-size:25px;text-align:center\" class=\"has-background has-very-light-gray-background-color\"><a rel=\"noreferrer noopener\" href=\"https:\/\/www.estrategiaconcursos.com.br\/blog\/noticias-de-concursos-whatsapp-estrategia-concursos\/\" target=\"_blank\">Not\u00edcias de concursos no seu WhatsApp e\/ou Telegram<\/a><\/p>\n","protected":false},"excerpt":{"rendered":"<p>O gabarito das provas objetivas do concurso da Secretaria Municipal do Estado do Rio de Janeiro para o cargo de Professor Anos Iniciais deve sair no dia 20 de agosto, segundo cronograma do certame. Os candidatos puderam prestar a prova no \u00faltimo domingo (11), o exame foi elaborado com 50 quest\u00f5es\u00a0de m\u00faltipla escolha com quatro [&hellip;]<\/p>\n","protected":false},"author":1,"featured_media":146145,"comment_status":"open","ping_status":"closed","sticky":false,"template":"","format":"standard","meta":{"post_tipo":"news","footnotes":""},"categories":[1],"tags":[],"tax_estado":[],"class_list":["post-375411","post","type-post","status-publish","format-standard","has-post-thumbnail","hentry","category-cursos-e-concursos"],"acf":[],"yoast_head":"<!-- This site is optimized with the Yoast SEO Premium plugin v27.2 (Yoast SEO v27.2) - https:\/\/yoast.com\/product\/yoast-seo-premium-wordpress\/ -->\n<title>Edital SME RJ: gabarito da objetiva para Anos Iniciais deve sair dia 20 de agosto<\/title>\n<meta name=\"description\" content=\"Edital SME RJ: gabarito da prova objetiva para o cargo de Professor Anos Iniciais est\u00e1 previsto para sair dia 20 de agosto. Saiba mais!\" \/>\n<meta name=\"robots\" content=\"index, follow, max-snippet:-1, max-image-preview:large, max-video-preview:-1\" \/>\n<link rel=\"canonical\" href=\"https:\/\/www.estrategiaconcursos.com.br\/blog\/edital-sme-rj\/\" \/>\n<meta property=\"og:locale\" content=\"pt_BR\" \/>\n<meta property=\"og:type\" content=\"article\" \/>\n<meta property=\"og:title\" content=\"Edital SME RJ: gabarito da objetiva para Anos Iniciais deve sair dia 20 de agosto\" \/>\n<meta property=\"og:description\" content=\"Edital SME RJ: gabarito da prova objetiva para o cargo de Professor Anos Iniciais est\u00e1 previsto para sair dia 20 de agosto. Saiba mais!\" \/>\n<meta property=\"og:url\" content=\"https:\/\/www.estrategiaconcursos.com.br\/blog\/edital-sme-rj\/\" \/>\n<meta property=\"og:site_name\" content=\"Estrat\u00e9gia Concursos\" \/>\n<meta property=\"article:author\" content=\"https:\/\/www.facebook.com\/EstrategiaConcursos\" \/>\n<meta property=\"article:published_time\" content=\"2019-08-14T05:00:24+00:00\" \/>\n<meta property=\"article:modified_time\" content=\"2019-11-08T19:38:42+00:00\" \/>\n<meta property=\"og:image\" content=\"https:\/\/dhg1h5j42swfq.cloudfront.net\/2018\/10\/08173802\/saiu-edital1.jpg\" \/>\n\t<meta property=\"og:image:width\" content=\"400\" \/>\n\t<meta property=\"og:image:height\" content=\"209\" \/>\n\t<meta property=\"og:image:type\" content=\"image\/jpeg\" \/>\n<meta name=\"author\" content=\"Coordena\u00e7\u00e3o\" \/>\n<meta name=\"twitter:card\" content=\"summary_large_image\" \/>\n<meta name=\"twitter:creator\" content=\"@EstratConcursos\" \/>\n<meta name=\"twitter:site\" content=\"@EstratConcursos\" \/>\n<meta name=\"twitter:label1\" content=\"Escrito por\" \/>\n\t<meta name=\"twitter:data1\" content=\"Coordena\u00e7\u00e3o\" \/>\n\t<meta name=\"twitter:label2\" content=\"Est. tempo de leitura\" \/>\n\t<meta name=\"twitter:data2\" content=\"4 minutos\" \/>\n<script type=\"application\/ld+json\" class=\"yoast-schema-graph\">{\"@context\":\"https:\/\/schema.org\",\"@graph\":[{\"@type\":\"NewsArticle\",\"@id\":\"https:\/\/www.estrategiaconcursos.com.br\/blog\/edital-sme-rj\/#article\",\"isPartOf\":{\"@id\":\"https:\/\/www.estrategiaconcursos.com.br\/blog\/edital-sme-rj\/\"},\"author\":{\"name\":\"Coordena\u00e7\u00e3o\",\"@id\":\"https:\/\/www.estrategiaconcursos.com.br\/blog\/#\/schema\/person\/b4a388c97673c5f483d72185668afa1f\"},\"headline\":\"Edital SME RJ: gabarito da objetiva para Anos Iniciais deve sair dia 20 de agosto\",\"datePublished\":\"2019-08-14T05:00:24+00:00\",\"dateModified\":\"2019-11-08T19:38:42+00:00\",\"mainEntityOfPage\":{\"@id\":\"https:\/\/www.estrategiaconcursos.com.br\/blog\/edital-sme-rj\/\"},\"wordCount\":777,\"commentCount\":0,\"publisher\":{\"@id\":\"https:\/\/www.estrategiaconcursos.com.br\/blog\/#organization\"},\"image\":{\"@id\":\"https:\/\/www.estrategiaconcursos.com.br\/blog\/edital-sme-rj\/#primaryimage\"},\"thumbnailUrl\":\"https:\/\/dhg1h5j42swfq.cloudfront.net\/2018\/10\/08173802\/saiu-edital1.jpg\",\"articleSection\":[\"Concursos P\u00fablicos\"],\"inLanguage\":\"pt-BR\",\"potentialAction\":[{\"@type\":\"CommentAction\",\"name\":\"Comment\",\"target\":[\"https:\/\/www.estrategiaconcursos.com.br\/blog\/edital-sme-rj\/#respond\"]}],\"copyrightYear\":\"2019\",\"copyrightHolder\":{\"@id\":\"https:\/\/www.estrategiaconcursos.com.br\/blog\/#organization\"}},{\"@type\":\"WebPage\",\"@id\":\"https:\/\/www.estrategiaconcursos.com.br\/blog\/edital-sme-rj\/\",\"url\":\"https:\/\/www.estrategiaconcursos.com.br\/blog\/edital-sme-rj\/\",\"name\":\"Edital SME RJ: gabarito da objetiva para Anos Iniciais deve sair dia 20 de agosto\",\"isPartOf\":{\"@id\":\"https:\/\/www.estrategiaconcursos.com.br\/blog\/#website\"},\"primaryImageOfPage\":{\"@id\":\"https:\/\/www.estrategiaconcursos.com.br\/blog\/edital-sme-rj\/#primaryimage\"},\"image\":{\"@id\":\"https:\/\/www.estrategiaconcursos.com.br\/blog\/edital-sme-rj\/#primaryimage\"},\"thumbnailUrl\":\"https:\/\/dhg1h5j42swfq.cloudfront.net\/2018\/10\/08173802\/saiu-edital1.jpg\",\"datePublished\":\"2019-08-14T05:00:24+00:00\",\"dateModified\":\"2019-11-08T19:38:42+00:00\",\"description\":\"Edital SME RJ: gabarito da prova objetiva para o cargo de Professor Anos Iniciais est\u00e1 previsto para sair dia 20 de agosto. Saiba mais!\",\"breadcrumb\":{\"@id\":\"https:\/\/www.estrategiaconcursos.com.br\/blog\/edital-sme-rj\/#breadcrumb\"},\"inLanguage\":\"pt-BR\",\"potentialAction\":[{\"@type\":\"ReadAction\",\"target\":[\"https:\/\/www.estrategiaconcursos.com.br\/blog\/edital-sme-rj\/\"]}]},{\"@type\":\"ImageObject\",\"inLanguage\":\"pt-BR\",\"@id\":\"https:\/\/www.estrategiaconcursos.com.br\/blog\/edital-sme-rj\/#primaryimage\",\"url\":\"https:\/\/dhg1h5j42swfq.cloudfront.net\/2018\/10\/08173802\/saiu-edital1.jpg\",\"contentUrl\":\"https:\/\/dhg1h5j42swfq.cloudfront.net\/2018\/10\/08173802\/saiu-edital1.jpg\",\"width\":400,\"height\":209,\"caption\":\"concurso bombeiros Tocantins\"},{\"@type\":\"BreadcrumbList\",\"@id\":\"https:\/\/www.estrategiaconcursos.com.br\/blog\/edital-sme-rj\/#breadcrumb\",\"itemListElement\":[{\"@type\":\"ListItem\",\"position\":1,\"name\":\"In\u00edcio\",\"item\":\"https:\/\/www.estrategiaconcursos.com.br\/blog\/\"},{\"@type\":\"ListItem\",\"position\":2,\"name\":\"Edital SME RJ: gabarito da objetiva para Anos Iniciais deve sair dia 20 de agosto\"}]},{\"@type\":\"WebSite\",\"@id\":\"https:\/\/www.estrategiaconcursos.com.br\/blog\/#website\",\"url\":\"https:\/\/www.estrategiaconcursos.com.br\/blog\/\",\"name\":\"Estrat\u00e9gia Concursos\",\"description\":\"O blog da Estrat\u00e9gia Concursos traz not\u00edcias sobre concursos e artigos de professores oferecendo cursos para concursos (pdf + videaulas) no site.\",\"publisher\":{\"@id\":\"https:\/\/www.estrategiaconcursos.com.br\/blog\/#organization\"},\"potentialAction\":[{\"@type\":\"SearchAction\",\"target\":{\"@type\":\"EntryPoint\",\"urlTemplate\":\"https:\/\/www.estrategiaconcursos.com.br\/blog\/?s={search_term_string}\"},\"query-input\":{\"@type\":\"PropertyValueSpecification\",\"valueRequired\":true,\"valueName\":\"search_term_string\"}}],\"inLanguage\":\"pt-BR\"},{\"@type\":\"Organization\",\"@id\":\"https:\/\/www.estrategiaconcursos.com.br\/blog\/#organization\",\"name\":\"Estrat\u00e9gia Concursos\",\"url\":\"https:\/\/www.estrategiaconcursos.com.br\/blog\/\",\"logo\":{\"@type\":\"ImageObject\",\"inLanguage\":\"pt-BR\",\"@id\":\"https:\/\/www.estrategiaconcursos.com.br\/blog\/#\/schema\/logo\/image\/\",\"url\":\"https:\/\/dhg1h5j42swfq.cloudfront.net\/2025\/06\/03203428\/logo_concursos-1.jpg\",\"contentUrl\":\"https:\/\/dhg1h5j42swfq.cloudfront.net\/2025\/06\/03203428\/logo_concursos-1.jpg\",\"width\":230,\"height\":60,\"caption\":\"Estrat\u00e9gia Concursos\"},\"image\":{\"@id\":\"https:\/\/www.estrategiaconcursos.com.br\/blog\/#\/schema\/logo\/image\/\"},\"sameAs\":[\"https:\/\/x.com\/EstratConcursos\"]},{\"@type\":\"Person\",\"@id\":\"https:\/\/www.estrategiaconcursos.com.br\/blog\/#\/schema\/person\/b4a388c97673c5f483d72185668afa1f\",\"name\":\"Coordena\u00e7\u00e3o\",\"image\":{\"@type\":\"ImageObject\",\"inLanguage\":\"pt-BR\",\"@id\":\"https:\/\/secure.gravatar.com\/avatar\/b720319e4c9a967eb58678d110f4fe35452fc5d5f97b202bac7b8acceb18c6ad?s=96&d=mm&r=g\",\"url\":\"https:\/\/secure.gravatar.com\/avatar\/b720319e4c9a967eb58678d110f4fe35452fc5d5f97b202bac7b8acceb18c6ad?s=96&d=mm&r=g\",\"contentUrl\":\"https:\/\/secure.gravatar.com\/avatar\/b720319e4c9a967eb58678d110f4fe35452fc5d5f97b202bac7b8acceb18c6ad?s=96&d=mm&r=g\",\"caption\":\"Coordena\u00e7\u00e3o\"},\"sameAs\":[\"https:\/\/www.facebook.com\/EstrategiaConcursos\",\"https:\/\/x.com\/EstratConcursos\"],\"url\":\"https:\/\/www.estrategiaconcursos.com.br\/blog\/author\/estrategia2013\/\"}]}<\/script>\n<!-- \/ Yoast SEO Premium plugin. -->","yoast_head_json":{"title":"Edital SME RJ: gabarito da objetiva para Anos Iniciais deve sair dia 20 de agosto","description":"Edital SME RJ: gabarito da prova objetiva para o cargo de Professor Anos Iniciais est\u00e1 previsto para sair dia 20 de agosto. Saiba mais!","robots":{"index":"index","follow":"follow","max-snippet":"max-snippet:-1","max-image-preview":"max-image-preview:large","max-video-preview":"max-video-preview:-1"},"canonical":"https:\/\/www.estrategiaconcursos.com.br\/blog\/edital-sme-rj\/","og_locale":"pt_BR","og_type":"article","og_title":"Edital SME RJ: gabarito da objetiva para Anos Iniciais deve sair dia 20 de agosto","og_description":"Edital SME RJ: gabarito da prova objetiva para o cargo de Professor Anos Iniciais est\u00e1 previsto para sair dia 20 de agosto. Saiba mais!","og_url":"https:\/\/www.estrategiaconcursos.com.br\/blog\/edital-sme-rj\/","og_site_name":"Estrat\u00e9gia Concursos","article_author":"https:\/\/www.facebook.com\/EstrategiaConcursos","article_published_time":"2019-08-14T05:00:24+00:00","article_modified_time":"2019-11-08T19:38:42+00:00","og_image":[{"width":400,"height":209,"url":"https:\/\/dhg1h5j42swfq.cloudfront.net\/2018\/10\/08173802\/saiu-edital1.jpg","type":"image\/jpeg"}],"author":"Coordena\u00e7\u00e3o","twitter_card":"summary_large_image","twitter_creator":"@EstratConcursos","twitter_site":"@EstratConcursos","twitter_misc":{"Escrito por":"Coordena\u00e7\u00e3o","Est. tempo de leitura":"4 minutos"},"schema":{"@context":"https:\/\/schema.org","@graph":[{"@type":"NewsArticle","@id":"https:\/\/www.estrategiaconcursos.com.br\/blog\/edital-sme-rj\/#article","isPartOf":{"@id":"https:\/\/www.estrategiaconcursos.com.br\/blog\/edital-sme-rj\/"},"author":{"name":"Coordena\u00e7\u00e3o","@id":"https:\/\/www.estrategiaconcursos.com.br\/blog\/#\/schema\/person\/b4a388c97673c5f483d72185668afa1f"},"headline":"Edital SME RJ: gabarito da objetiva para Anos Iniciais deve sair dia 20 de agosto","datePublished":"2019-08-14T05:00:24+00:00","dateModified":"2019-11-08T19:38:42+00:00","mainEntityOfPage":{"@id":"https:\/\/www.estrategiaconcursos.com.br\/blog\/edital-sme-rj\/"},"wordCount":777,"commentCount":0,"publisher":{"@id":"https:\/\/www.estrategiaconcursos.com.br\/blog\/#organization"},"image":{"@id":"https:\/\/www.estrategiaconcursos.com.br\/blog\/edital-sme-rj\/#primaryimage"},"thumbnailUrl":"https:\/\/dhg1h5j42swfq.cloudfront.net\/2018\/10\/08173802\/saiu-edital1.jpg","articleSection":["Concursos P\u00fablicos"],"inLanguage":"pt-BR","potentialAction":[{"@type":"CommentAction","name":"Comment","target":["https:\/\/www.estrategiaconcursos.com.br\/blog\/edital-sme-rj\/#respond"]}],"copyrightYear":"2019","copyrightHolder":{"@id":"https:\/\/www.estrategiaconcursos.com.br\/blog\/#organization"}},{"@type":"WebPage","@id":"https:\/\/www.estrategiaconcursos.com.br\/blog\/edital-sme-rj\/","url":"https:\/\/www.estrategiaconcursos.com.br\/blog\/edital-sme-rj\/","name":"Edital SME RJ: gabarito da objetiva para Anos Iniciais deve sair dia 20 de agosto","isPartOf":{"@id":"https:\/\/www.estrategiaconcursos.com.br\/blog\/#website"},"primaryImageOfPage":{"@id":"https:\/\/www.estrategiaconcursos.com.br\/blog\/edital-sme-rj\/#primaryimage"},"image":{"@id":"https:\/\/www.estrategiaconcursos.com.br\/blog\/edital-sme-rj\/#primaryimage"},"thumbnailUrl":"https:\/\/dhg1h5j42swfq.cloudfront.net\/2018\/10\/08173802\/saiu-edital1.jpg","datePublished":"2019-08-14T05:00:24+00:00","dateModified":"2019-11-08T19:38:42+00:00","description":"Edital SME RJ: gabarito da prova objetiva para o cargo de Professor Anos Iniciais est\u00e1 previsto para sair dia 20 de agosto. Saiba mais!","breadcrumb":{"@id":"https:\/\/www.estrategiaconcursos.com.br\/blog\/edital-sme-rj\/#breadcrumb"},"inLanguage":"pt-BR","potentialAction":[{"@type":"ReadAction","target":["https:\/\/www.estrategiaconcursos.com.br\/blog\/edital-sme-rj\/"]}]},{"@type":"ImageObject","inLanguage":"pt-BR","@id":"https:\/\/www.estrategiaconcursos.com.br\/blog\/edital-sme-rj\/#primaryimage","url":"https:\/\/dhg1h5j42swfq.cloudfront.net\/2018\/10\/08173802\/saiu-edital1.jpg","contentUrl":"https:\/\/dhg1h5j42swfq.cloudfront.net\/2018\/10\/08173802\/saiu-edital1.jpg","width":400,"height":209,"caption":"concurso bombeiros Tocantins"},{"@type":"BreadcrumbList","@id":"https:\/\/www.estrategiaconcursos.com.br\/blog\/edital-sme-rj\/#breadcrumb","itemListElement":[{"@type":"ListItem","position":1,"name":"In\u00edcio","item":"https:\/\/www.estrategiaconcursos.com.br\/blog\/"},{"@type":"ListItem","position":2,"name":"Edital SME RJ: gabarito da objetiva para Anos Iniciais deve sair dia 20 de agosto"}]},{"@type":"WebSite","@id":"https:\/\/www.estrategiaconcursos.com.br\/blog\/#website","url":"https:\/\/www.estrategiaconcursos.com.br\/blog\/","name":"Estrat\u00e9gia Concursos","description":"O blog da Estrat\u00e9gia Concursos traz not\u00edcias sobre concursos e artigos de professores oferecendo cursos para concursos (pdf + videaulas) no site.","publisher":{"@id":"https:\/\/www.estrategiaconcursos.com.br\/blog\/#organization"},"potentialAction":[{"@type":"SearchAction","target":{"@type":"EntryPoint","urlTemplate":"https:\/\/www.estrategiaconcursos.com.br\/blog\/?s={search_term_string}"},"query-input":{"@type":"PropertyValueSpecification","valueRequired":true,"valueName":"search_term_string"}}],"inLanguage":"pt-BR"},{"@type":"Organization","@id":"https:\/\/www.estrategiaconcursos.com.br\/blog\/#organization","name":"Estrat\u00e9gia Concursos","url":"https:\/\/www.estrategiaconcursos.com.br\/blog\/","logo":{"@type":"ImageObject","inLanguage":"pt-BR","@id":"https:\/\/www.estrategiaconcursos.com.br\/blog\/#\/schema\/logo\/image\/","url":"https:\/\/dhg1h5j42swfq.cloudfront.net\/2025\/06\/03203428\/logo_concursos-1.jpg","contentUrl":"https:\/\/dhg1h5j42swfq.cloudfront.net\/2025\/06\/03203428\/logo_concursos-1.jpg","width":230,"height":60,"caption":"Estrat\u00e9gia Concursos"},"image":{"@id":"https:\/\/www.estrategiaconcursos.com.br\/blog\/#\/schema\/logo\/image\/"},"sameAs":["https:\/\/x.com\/EstratConcursos"]},{"@type":"Person","@id":"https:\/\/www.estrategiaconcursos.com.br\/blog\/#\/schema\/person\/b4a388c97673c5f483d72185668afa1f","name":"Coordena\u00e7\u00e3o","image":{"@type":"ImageObject","inLanguage":"pt-BR","@id":"https:\/\/secure.gravatar.com\/avatar\/b720319e4c9a967eb58678d110f4fe35452fc5d5f97b202bac7b8acceb18c6ad?s=96&d=mm&r=g","url":"https:\/\/secure.gravatar.com\/avatar\/b720319e4c9a967eb58678d110f4fe35452fc5d5f97b202bac7b8acceb18c6ad?s=96&d=mm&r=g","contentUrl":"https:\/\/secure.gravatar.com\/avatar\/b720319e4c9a967eb58678d110f4fe35452fc5d5f97b202bac7b8acceb18c6ad?s=96&d=mm&r=g","caption":"Coordena\u00e7\u00e3o"},"sameAs":["https:\/\/www.facebook.com\/EstrategiaConcursos","https:\/\/x.com\/EstratConcursos"],"url":"https:\/\/www.estrategiaconcursos.com.br\/blog\/author\/estrategia2013\/"}]}},"_links":{"self":[{"href":"https:\/\/www.estrategiaconcursos.com.br\/blog\/wp-json\/wp\/v2\/posts\/375411","targetHints":{"allow":["GET"]}}],"collection":[{"href":"https:\/\/www.estrategiaconcursos.com.br\/blog\/wp-json\/wp\/v2\/posts"}],"about":[{"href":"https:\/\/www.estrategiaconcursos.com.br\/blog\/wp-json\/wp\/v2\/types\/post"}],"author":[{"embeddable":true,"href":"https:\/\/www.estrategiaconcursos.com.br\/blog\/wp-json\/wp\/v2\/users\/1"}],"replies":[{"embeddable":true,"href":"https:\/\/www.estrategiaconcursos.com.br\/blog\/wp-json\/wp\/v2\/comments?post=375411"}],"version-history":[{"count":28,"href":"https:\/\/www.estrategiaconcursos.com.br\/blog\/wp-json\/wp\/v2\/posts\/375411\/revisions"}],"predecessor-version":[{"id":409605,"href":"https:\/\/www.estrategiaconcursos.com.br\/blog\/wp-json\/wp\/v2\/posts\/375411\/revisions\/409605"}],"wp:featuredmedia":[{"embeddable":true,"href":"https:\/\/www.estrategiaconcursos.com.br\/blog\/wp-json\/wp\/v2\/media\/146145"}],"wp:attachment":[{"href":"https:\/\/www.estrategiaconcursos.com.br\/blog\/wp-json\/wp\/v2\/media?parent=375411"}],"wp:term":[{"taxonomy":"category","embeddable":true,"href":"https:\/\/www.estrategiaconcursos.com.br\/blog\/wp-json\/wp\/v2\/categories?post=375411"},{"taxonomy":"post_tag","embeddable":true,"href":"https:\/\/www.estrategiaconcursos.com.br\/blog\/wp-json\/wp\/v2\/tags?post=375411"},{"taxonomy":"tax_estado","embeddable":true,"href":"https:\/\/www.estrategiaconcursos.com.br\/blog\/wp-json\/wp\/v2\/tax_estado?post=375411"}],"curies":[{"name":"wp","href":"https:\/\/api.w.org\/{rel}","templated":true}]}}