{"id":37477,"date":"2016-04-28T19:23:59","date_gmt":"2016-04-28T22:23:59","guid":{"rendered":"http:\/\/www.estrategiaconcursos.com.br\/blog\/?p=37477"},"modified":"2016-04-28T19:23:59","modified_gmt":"2016-04-28T22:23:59","slug":"casa-dos-contos-questao-enem-2015","status":"publish","type":"post","link":"https:\/\/www.estrategiaconcursos.com.br\/blog\/casa-dos-contos-questao-enem-2015\/","title":{"rendered":"Casa dos Contos &#8211; quest\u00e3o ENEM 2015"},"content":{"rendered":"<p style=\"text-align: justify\">Ol\u00e1, amigos e alunos! Tudo bem?<\/p>\n<p style=\"text-align: justify\">O ENEM trouxe uma bela quest\u00e3o em 2015 que monta um di\u00e1logo interessante entre duas \u00e9pocas bem distintas da nossa cultura art\u00edstica. O candidato precisa estar atento para entender a profundidade da an\u00e1lise proposta em quest\u00f5es desse tipo para n\u00e3o errar!<\/p>\n<p style=\"text-align: justify\">Vejam s\u00f3:<\/p>\n<p style=\"text-align: center\">Casa dos Contos<\/p>\n<p style=\"text-align: center\">&amp; em cada conto te cont<br \/>\no &amp; em cada enquanto me enca<br \/>\nnto &amp; em cada arco te a<br \/>\nbarco &amp; em cada porta m<br \/>\ne perco &amp; em cada lan\u00e7o t<br \/>\ne alcan\u00e7o &amp; em cada escad<br \/>\na me escapo &amp; em cada pe<br \/>\ndra te prendo &amp; em cada g<br \/>\nrade me escravo &amp; em ca<br \/>\nda s\u00f3t\u00e3o te sonho &amp; em cada<br \/>\nesconso me affonso &amp; em<br \/>\ncada cla\u00fadio te canto &amp; e<br \/>\nm cada fosso me enforco &amp;<\/p>\n<p style=\"text-align: right\">\u00c1VILA, A. Discurso da difama\u00e7\u00e3o do poeta. S\u00e3o Paulo: Summus, 1978.<\/p>\n<p style=\"text-align: justify\">O contexto hist\u00f3rico e liter\u00e1rio do per\u00edodo barroco-\u00e1rcade fundamenta o poema Casa dos Contos, de 1975. A restaura\u00e7\u00e3o de elementos daquele contexto por uma po\u00e9tica contempor\u00e2nea revela que:<br \/>\nA) a disposi\u00e7\u00e3o visual do poema reflete sua dimens\u00e3o pl\u00e1stica, que prevalece sobre a observa\u00e7\u00e3o da realidade social.<br \/>\nB) a reflex\u00e3o do eu l\u00edrico privilegia a mem\u00f3ria e resgata, em fragmentos, fatos e personalidades da Inconfid\u00eancia Mineira.<br \/>\nC) a palavra \u201cesconso\u201d (escondido) demonstra o desencanto do poeta com a utopia e sua op\u00e7\u00e3o por uma linguagem erudita.<br \/>\nD) o eu l\u00edrico pretende revitalizar os contrastes barrocos, gerando uma continuidade de procedimentos est\u00e9ticos e liter\u00e1rios.<br \/>\nE) o eu l\u00edrico recria, em seu momento hist\u00f3rico, numa linguagem de ruptura, o ambiente de opress\u00e3o vivido pelos inconfidentes.<\/p>\n<p style=\"text-align: justify\">Coment\u00e1rio: \u00e9 muito importante perceber a ponte que o autor faz entre o <span style=\"text-decoration: underline\"><em><strong>Concretismo<\/strong> <\/em><\/span>do s\u00e9culo XX (est\u00e1tica de ruptura, quebra de palavras nos versos, uso de s\u00edmbolos na poesia, etc) e a <span style=\"text-decoration: underline\"><em><strong>produ\u00e7\u00e3o liter\u00e1ria do s\u00e9culo XVIII (barroco-\u00e1rcade)<\/strong><\/em><\/span>, com refer\u00eancia aos <em><strong>poetas envolvidos na Inconfid\u00eancia Mineira<\/strong><\/em>.<\/p>\n<p style=\"text-align: justify\">O eu-l\u00edrico foi descrevendo em todo o poema a famosa \u201cCasa dos Contos\u201d. A casa &#8211; que d\u00e1 t\u00edtulo ao poema, o que j\u00e1 \u00e9 a primeira dica para o estudante &#8211; \u00e9 hoje um museu em Ouro Preto (antiga Vila Rica), Minas Gerais. No s\u00e9culo XVIII, a constru\u00e7\u00e3o servia para o recolhimento dos impostos, depois foi a Sede da Administra\u00e7\u00e3o e Contabilidade P\u00fablica da Capitania de Minas Gerais (ent\u00e3o chamada de Casa dos Contos), em 1879. O im\u00f3vel hist\u00f3rico serviu tamb\u00e9m de <span style=\"text-decoration: underline\"><em><strong>pris\u00e3o para os Inconfidentes<\/strong><\/em><\/span>, entre eles Cl\u00e1udio Manoel da Costa, citado ao final do poema e que veio a falecer na casa durante a pris\u00e3o. Ele foi encontrado enforcado aparentemente tendo cometido suic\u00eddio.<br \/>\nPodemos confirmar a descri\u00e7\u00e3o da &#8220;Casa dos Contos&#8221; nos seguintes trechos: \u201c\u2026 em cada porta\u2026\u201d, \u201c\u2026 em cada arco\u2026\u201d, \u201c\u2026 em cada porta\u201d\u2026, \u201c\u2026 em cada fosso\u2026\u201d. Confirmamos ainda a presen\u00e7a do inconfidente e de sua morte tr\u00e1gica \u201c\u2026 em cada Claudio\u2026\u201d, &#8220;&#8230;cada fosso me enforco&#8230;&#8221;.<\/p>\n<p style=\"text-align: justify\">Diante disso, a alternativa E est\u00e1 perfeita, o poeta recria a partir de uma nova forma de fazer arte (concretismo) um momento hist\u00f3rico important\u00edssimo para n\u00f3s: a Inconfid\u00eancia Mineira.<\/p>\n<p style=\"text-align: justify\">A bela obra em padr\u00e3o concretista \u00e9 repleta de hist\u00f3ria e cheia de an\u00e1lises que s\u00f3 um estudante bem preparado conseguiria alcan\u00e7ar.<\/p>\n<p style=\"text-align: justify\">Conhe\u00e7a a \u201cCasa dos Contos\u201d, aqui pela foto e pessoalmente se puder!<\/p>\n<p style=\"text-align: justify\"><a href=\"https:\/\/dhg1h5j42swfq.cloudfront.net\/2016\/04\/20230133\/Casa-dos-contos.jpg\" rel=\"attachment wp-att-37591\"><img loading=\"lazy\" decoding=\"async\" class=\"alignnone wp-image-37591\" src=\"https:\/\/dhg1h5j42swfq.cloudfront.net\/2016\/04\/20230133\/Casa-dos-contos-300x200.jpg\" alt=\"Casa dos contos\" width=\"366\" height=\"249\" \/><\/a><\/p>\n<p style=\"text-align: justify\">GABARITO: E<\/p>\n<p style=\"text-align: justify\">Espero ter contribu\u00eddo para o seu estudo!<\/p>\n<p style=\"text-align: justify\">Rumo ao ENEM!! Sucesso!<\/p>\n<p style=\"text-align: justify\">Abra\u00e7o!<\/p>\n<p style=\"text-align: justify\">Rafaela Freitas.<\/p>\n<p style=\"text-align: justify\">Conhe\u00e7a os meus cursos no Estrat\u00e9gia ENEM:<\/p>\n<p style=\"text-align: justify\">Portugu\u00eas e Literatura:<\/p>\n<p style=\"text-align: justify\"><a href=\"https:\/\/www.estrategiaconcursos.com.br\/curso\/pacote-de-ciencias-linguagens-codigos-e-suas-tecnologias-p-enem-2016\/\" target=\"_blank\">https:\/\/www.estrategiaconcursos.com.br\/curso\/pacote-de-ciencias-linguagens-codigos-e-suas-tecnologias-p-enem-2016\/<\/a><\/p>\n<p style=\"text-align: justify\">Reda\u00e7\u00e3o:<\/p>\n<p><a href=\"https:\/\/www.estrategiaconcursos.com.br\/curso\/redacao-p-enem-com-3-correcoes-por-aluno\/\" target=\"_blank\">https:\/\/www.estrategiaconcursos.com.br\/curso\/redacao-p-enem-com-3-correcoes-por-aluno\/<\/a><\/p>\n<p style=\"text-align: justify\"><a href=\"https:\/\/www.estrategiaconcursos.com.br\/curso\/redacao-p-enem-sem-correcao-por-aluno\/\" target=\"_blank\">https:\/\/www.estrategiaconcursos.com.br\/curso\/redacao-p-enem-sem-correcao-por-aluno\/<\/a><\/p>\n<p>Contatos:<\/p>\n<p>E-mail: <strong><a href=\"mailto:professorarafaelafreitas@gmail.com\">professorarafaelafreitas@gmail.com<\/a><\/strong><\/p>\n<p>Periscope: Rafaela Freitas \/ @Rafaela190619<\/p>\n<p>Facebook: Rafaela Freitas<\/p>\n<p>P\u00e1gina do Facebook: Prof. Rafaela Freitas<\/p>\n<p>https:\/\/www.facebook.com\/prof.rafaelafreitas<\/p>\n","protected":false},"excerpt":{"rendered":"<p>Ol\u00e1, amigos e alunos! Tudo bem? O ENEM trouxe uma bela quest\u00e3o em 2015 que monta um di\u00e1logo interessante entre duas \u00e9pocas bem distintas da nossa cultura art\u00edstica. O candidato precisa estar atento para entender a profundidade da an\u00e1lise proposta em quest\u00f5es desse tipo para n\u00e3o errar! Vejam s\u00f3: Casa dos Contos &amp; em cada [&hellip;]<\/p>\n","protected":false},"author":190,"featured_media":0,"comment_status":"open","ping_status":"open","sticky":false,"template":"","format":"standard","meta":{"post_tipo":"article","footnotes":""},"categories":[1],"tags":[1681,1682,1677,1679,1680,1339,786,1678,1691],"tax_estado":[],"class_list":["post-37477","post","type-post","status-publish","format-standard","hentry","category-cursos-e-concursos","tag-arcadismo","tag-barroco","tag-casa-dos-contos","tag-concretismo","tag-concretismo-enem","tag-curso-enem","tag-enem","tag-literatura-enem","tag-questoes-enem-2015-comentradas"],"acf":[],"yoast_head":"<!-- This site is optimized with the Yoast SEO Premium plugin v27.2 (Yoast SEO v27.2) - https:\/\/yoast.com\/product\/yoast-seo-premium-wordpress\/ -->\n<title>Casa dos Contos - quest\u00e3o ENEM 2015<\/title>\n<meta name=\"robots\" content=\"index, follow, max-snippet:-1, max-image-preview:large, max-video-preview:-1\" \/>\n<link rel=\"canonical\" href=\"https:\/\/www.estrategiaconcursos.com.br\/blog\/casa-dos-contos-questao-enem-2015\/\" \/>\n<meta property=\"og:locale\" content=\"pt_BR\" \/>\n<meta property=\"og:type\" content=\"article\" \/>\n<meta property=\"og:title\" content=\"Casa dos Contos - quest\u00e3o ENEM 2015\" \/>\n<meta property=\"og:description\" content=\"Ol\u00e1, amigos e alunos! Tudo bem? O ENEM trouxe uma bela quest\u00e3o em 2015 que monta um di\u00e1logo interessante entre duas \u00e9pocas bem distintas da nossa cultura art\u00edstica. O candidato precisa estar atento para entender a profundidade da an\u00e1lise proposta em quest\u00f5es desse tipo para n\u00e3o errar! Vejam s\u00f3: Casa dos Contos &amp; em cada [&hellip;]\" \/>\n<meta property=\"og:url\" content=\"https:\/\/www.estrategiaconcursos.com.br\/blog\/casa-dos-contos-questao-enem-2015\/\" \/>\n<meta property=\"og:site_name\" content=\"Estrat\u00e9gia Concursos\" \/>\n<meta property=\"article:published_time\" content=\"2016-04-28T22:23:59+00:00\" \/>\n<meta property=\"og:image\" content=\"https:\/\/dhg1h5j42swfq.cloudfront.net\/2016\/04\/20230133\/Casa-dos-contos-300x200.jpg\" \/>\n<meta name=\"author\" content=\"Rafaela Freitas\" \/>\n<meta name=\"twitter:card\" content=\"summary_large_image\" \/>\n<meta name=\"twitter:creator\" content=\"@EstratConcursos\" \/>\n<meta name=\"twitter:site\" content=\"@EstratConcursos\" \/>\n<meta name=\"twitter:label1\" content=\"Escrito por\" \/>\n\t<meta name=\"twitter:data1\" content=\"Rafaela Freitas\" \/>\n\t<meta name=\"twitter:label2\" content=\"Est. tempo de leitura\" \/>\n\t<meta name=\"twitter:data2\" content=\"3 minutos\" \/>\n<script type=\"application\/ld+json\" class=\"yoast-schema-graph\">{\"@context\":\"https:\/\/schema.org\",\"@graph\":[{\"@type\":\"NewsArticle\",\"@id\":\"https:\/\/www.estrategiaconcursos.com.br\/blog\/casa-dos-contos-questao-enem-2015\/#article\",\"isPartOf\":{\"@id\":\"https:\/\/www.estrategiaconcursos.com.br\/blog\/casa-dos-contos-questao-enem-2015\/\"},\"author\":{\"name\":\"Rafaela Freitas\",\"@id\":\"https:\/\/www.estrategiaconcursos.com.br\/blog\/#\/schema\/person\/b91f2c79fa09f992bd34e4182afb626c\"},\"headline\":\"Casa dos Contos &#8211; quest\u00e3o ENEM 2015\",\"datePublished\":\"2016-04-28T22:23:59+00:00\",\"mainEntityOfPage\":{\"@id\":\"https:\/\/www.estrategiaconcursos.com.br\/blog\/casa-dos-contos-questao-enem-2015\/\"},\"wordCount\":685,\"commentCount\":3,\"publisher\":{\"@id\":\"https:\/\/www.estrategiaconcursos.com.br\/blog\/#organization\"},\"image\":{\"@id\":\"https:\/\/www.estrategiaconcursos.com.br\/blog\/casa-dos-contos-questao-enem-2015\/#primaryimage\"},\"thumbnailUrl\":\"https:\/\/dhg1h5j42swfq.cloudfront.net\/2016\/04\/20230133\/Casa-dos-contos-300x200.jpg\",\"keywords\":[\"ARCADISMO\",\"BARROCO\",\"Casa dos contos\",\"CONCRETISMO\",\"CONCRETISMO ENEM\",\"curso enem\",\"ENEM\",\"LITERATURA ENEM\",\"quest\u00f5es enem 2015 comentradas\"],\"articleSection\":[\"Concursos P\u00fablicos\"],\"inLanguage\":\"pt-BR\",\"potentialAction\":[{\"@type\":\"CommentAction\",\"name\":\"Comment\",\"target\":[\"https:\/\/www.estrategiaconcursos.com.br\/blog\/casa-dos-contos-questao-enem-2015\/#respond\"]}],\"copyrightYear\":\"2016\",\"copyrightHolder\":{\"@id\":\"https:\/\/www.estrategiaconcursos.com.br\/blog\/#organization\"}},{\"@type\":\"WebPage\",\"@id\":\"https:\/\/www.estrategiaconcursos.com.br\/blog\/casa-dos-contos-questao-enem-2015\/\",\"url\":\"https:\/\/www.estrategiaconcursos.com.br\/blog\/casa-dos-contos-questao-enem-2015\/\",\"name\":\"Casa dos Contos - quest\u00e3o ENEM 2015\",\"isPartOf\":{\"@id\":\"https:\/\/www.estrategiaconcursos.com.br\/blog\/#website\"},\"primaryImageOfPage\":{\"@id\":\"https:\/\/www.estrategiaconcursos.com.br\/blog\/casa-dos-contos-questao-enem-2015\/#primaryimage\"},\"image\":{\"@id\":\"https:\/\/www.estrategiaconcursos.com.br\/blog\/casa-dos-contos-questao-enem-2015\/#primaryimage\"},\"thumbnailUrl\":\"https:\/\/dhg1h5j42swfq.cloudfront.net\/2016\/04\/20230133\/Casa-dos-contos-300x200.jpg\",\"datePublished\":\"2016-04-28T22:23:59+00:00\",\"breadcrumb\":{\"@id\":\"https:\/\/www.estrategiaconcursos.com.br\/blog\/casa-dos-contos-questao-enem-2015\/#breadcrumb\"},\"inLanguage\":\"pt-BR\",\"potentialAction\":[{\"@type\":\"ReadAction\",\"target\":[\"https:\/\/www.estrategiaconcursos.com.br\/blog\/casa-dos-contos-questao-enem-2015\/\"]}]},{\"@type\":\"ImageObject\",\"inLanguage\":\"pt-BR\",\"@id\":\"https:\/\/www.estrategiaconcursos.com.br\/blog\/casa-dos-contos-questao-enem-2015\/#primaryimage\",\"url\":\"https:\/\/dhg1h5j42swfq.cloudfront.net\/2016\/04\/20230133\/Casa-dos-contos-300x200.jpg\",\"contentUrl\":\"https:\/\/dhg1h5j42swfq.cloudfront.net\/2016\/04\/20230133\/Casa-dos-contos-300x200.jpg\"},{\"@type\":\"BreadcrumbList\",\"@id\":\"https:\/\/www.estrategiaconcursos.com.br\/blog\/casa-dos-contos-questao-enem-2015\/#breadcrumb\",\"itemListElement\":[{\"@type\":\"ListItem\",\"position\":1,\"name\":\"In\u00edcio\",\"item\":\"https:\/\/www.estrategiaconcursos.com.br\/blog\/\"},{\"@type\":\"ListItem\",\"position\":2,\"name\":\"Casa dos Contos &#8211; quest\u00e3o ENEM 2015\"}]},{\"@type\":\"WebSite\",\"@id\":\"https:\/\/www.estrategiaconcursos.com.br\/blog\/#website\",\"url\":\"https:\/\/www.estrategiaconcursos.com.br\/blog\/\",\"name\":\"Estrat\u00e9gia Concursos\",\"description\":\"O blog da Estrat\u00e9gia Concursos traz not\u00edcias sobre concursos e artigos de professores oferecendo cursos para concursos (pdf + videaulas) no site.\",\"publisher\":{\"@id\":\"https:\/\/www.estrategiaconcursos.com.br\/blog\/#organization\"},\"potentialAction\":[{\"@type\":\"SearchAction\",\"target\":{\"@type\":\"EntryPoint\",\"urlTemplate\":\"https:\/\/www.estrategiaconcursos.com.br\/blog\/?s={search_term_string}\"},\"query-input\":{\"@type\":\"PropertyValueSpecification\",\"valueRequired\":true,\"valueName\":\"search_term_string\"}}],\"inLanguage\":\"pt-BR\"},{\"@type\":\"Organization\",\"@id\":\"https:\/\/www.estrategiaconcursos.com.br\/blog\/#organization\",\"name\":\"Estrat\u00e9gia Concursos\",\"url\":\"https:\/\/www.estrategiaconcursos.com.br\/blog\/\",\"logo\":{\"@type\":\"ImageObject\",\"inLanguage\":\"pt-BR\",\"@id\":\"https:\/\/www.estrategiaconcursos.com.br\/blog\/#\/schema\/logo\/image\/\",\"url\":\"https:\/\/dhg1h5j42swfq.cloudfront.net\/2025\/06\/03203428\/logo_concursos-1.jpg\",\"contentUrl\":\"https:\/\/dhg1h5j42swfq.cloudfront.net\/2025\/06\/03203428\/logo_concursos-1.jpg\",\"width\":230,\"height\":60,\"caption\":\"Estrat\u00e9gia Concursos\"},\"image\":{\"@id\":\"https:\/\/www.estrategiaconcursos.com.br\/blog\/#\/schema\/logo\/image\/\"},\"sameAs\":[\"https:\/\/x.com\/EstratConcursos\"]},{\"@type\":\"Person\",\"@id\":\"https:\/\/www.estrategiaconcursos.com.br\/blog\/#\/schema\/person\/b91f2c79fa09f992bd34e4182afb626c\",\"name\":\"Rafaela Freitas\",\"image\":{\"@type\":\"ImageObject\",\"inLanguage\":\"pt-BR\",\"@id\":\"https:\/\/secure.gravatar.com\/avatar\/97ece78bdb320995d343d6c012a26475a2b8b6a591c52fbbd62c62640f68911e?s=96&d=mm&r=g\",\"url\":\"https:\/\/secure.gravatar.com\/avatar\/97ece78bdb320995d343d6c012a26475a2b8b6a591c52fbbd62c62640f68911e?s=96&d=mm&r=g\",\"contentUrl\":\"https:\/\/secure.gravatar.com\/avatar\/97ece78bdb320995d343d6c012a26475a2b8b6a591c52fbbd62c62640f68911e?s=96&d=mm&r=g\",\"caption\":\"Rafaela Freitas\"},\"url\":\"https:\/\/www.estrategiaconcursos.com.br\/blog\/author\/rafaelafreitasestrategiaconcursos-com-br\/\"}]}<\/script>\n<!-- \/ Yoast SEO Premium plugin. -->","yoast_head_json":{"title":"Casa dos Contos - quest\u00e3o ENEM 2015","robots":{"index":"index","follow":"follow","max-snippet":"max-snippet:-1","max-image-preview":"max-image-preview:large","max-video-preview":"max-video-preview:-1"},"canonical":"https:\/\/www.estrategiaconcursos.com.br\/blog\/casa-dos-contos-questao-enem-2015\/","og_locale":"pt_BR","og_type":"article","og_title":"Casa dos Contos - quest\u00e3o ENEM 2015","og_description":"Ol\u00e1, amigos e alunos! Tudo bem? O ENEM trouxe uma bela quest\u00e3o em 2015 que monta um di\u00e1logo interessante entre duas \u00e9pocas bem distintas da nossa cultura art\u00edstica. O candidato precisa estar atento para entender a profundidade da an\u00e1lise proposta em quest\u00f5es desse tipo para n\u00e3o errar! Vejam s\u00f3: Casa dos Contos &amp; em cada [&hellip;]","og_url":"https:\/\/www.estrategiaconcursos.com.br\/blog\/casa-dos-contos-questao-enem-2015\/","og_site_name":"Estrat\u00e9gia Concursos","article_published_time":"2016-04-28T22:23:59+00:00","og_image":[{"url":"https:\/\/dhg1h5j42swfq.cloudfront.net\/2016\/04\/20230133\/Casa-dos-contos-300x200.jpg","type":"","width":"","height":""}],"author":"Rafaela Freitas","twitter_card":"summary_large_image","twitter_creator":"@EstratConcursos","twitter_site":"@EstratConcursos","twitter_misc":{"Escrito por":"Rafaela Freitas","Est. tempo de leitura":"3 minutos"},"schema":{"@context":"https:\/\/schema.org","@graph":[{"@type":"NewsArticle","@id":"https:\/\/www.estrategiaconcursos.com.br\/blog\/casa-dos-contos-questao-enem-2015\/#article","isPartOf":{"@id":"https:\/\/www.estrategiaconcursos.com.br\/blog\/casa-dos-contos-questao-enem-2015\/"},"author":{"name":"Rafaela Freitas","@id":"https:\/\/www.estrategiaconcursos.com.br\/blog\/#\/schema\/person\/b91f2c79fa09f992bd34e4182afb626c"},"headline":"Casa dos Contos &#8211; quest\u00e3o ENEM 2015","datePublished":"2016-04-28T22:23:59+00:00","mainEntityOfPage":{"@id":"https:\/\/www.estrategiaconcursos.com.br\/blog\/casa-dos-contos-questao-enem-2015\/"},"wordCount":685,"commentCount":3,"publisher":{"@id":"https:\/\/www.estrategiaconcursos.com.br\/blog\/#organization"},"image":{"@id":"https:\/\/www.estrategiaconcursos.com.br\/blog\/casa-dos-contos-questao-enem-2015\/#primaryimage"},"thumbnailUrl":"https:\/\/dhg1h5j42swfq.cloudfront.net\/2016\/04\/20230133\/Casa-dos-contos-300x200.jpg","keywords":["ARCADISMO","BARROCO","Casa dos contos","CONCRETISMO","CONCRETISMO ENEM","curso enem","ENEM","LITERATURA ENEM","quest\u00f5es enem 2015 comentradas"],"articleSection":["Concursos P\u00fablicos"],"inLanguage":"pt-BR","potentialAction":[{"@type":"CommentAction","name":"Comment","target":["https:\/\/www.estrategiaconcursos.com.br\/blog\/casa-dos-contos-questao-enem-2015\/#respond"]}],"copyrightYear":"2016","copyrightHolder":{"@id":"https:\/\/www.estrategiaconcursos.com.br\/blog\/#organization"}},{"@type":"WebPage","@id":"https:\/\/www.estrategiaconcursos.com.br\/blog\/casa-dos-contos-questao-enem-2015\/","url":"https:\/\/www.estrategiaconcursos.com.br\/blog\/casa-dos-contos-questao-enem-2015\/","name":"Casa dos Contos - quest\u00e3o ENEM 2015","isPartOf":{"@id":"https:\/\/www.estrategiaconcursos.com.br\/blog\/#website"},"primaryImageOfPage":{"@id":"https:\/\/www.estrategiaconcursos.com.br\/blog\/casa-dos-contos-questao-enem-2015\/#primaryimage"},"image":{"@id":"https:\/\/www.estrategiaconcursos.com.br\/blog\/casa-dos-contos-questao-enem-2015\/#primaryimage"},"thumbnailUrl":"https:\/\/dhg1h5j42swfq.cloudfront.net\/2016\/04\/20230133\/Casa-dos-contos-300x200.jpg","datePublished":"2016-04-28T22:23:59+00:00","breadcrumb":{"@id":"https:\/\/www.estrategiaconcursos.com.br\/blog\/casa-dos-contos-questao-enem-2015\/#breadcrumb"},"inLanguage":"pt-BR","potentialAction":[{"@type":"ReadAction","target":["https:\/\/www.estrategiaconcursos.com.br\/blog\/casa-dos-contos-questao-enem-2015\/"]}]},{"@type":"ImageObject","inLanguage":"pt-BR","@id":"https:\/\/www.estrategiaconcursos.com.br\/blog\/casa-dos-contos-questao-enem-2015\/#primaryimage","url":"https:\/\/dhg1h5j42swfq.cloudfront.net\/2016\/04\/20230133\/Casa-dos-contos-300x200.jpg","contentUrl":"https:\/\/dhg1h5j42swfq.cloudfront.net\/2016\/04\/20230133\/Casa-dos-contos-300x200.jpg"},{"@type":"BreadcrumbList","@id":"https:\/\/www.estrategiaconcursos.com.br\/blog\/casa-dos-contos-questao-enem-2015\/#breadcrumb","itemListElement":[{"@type":"ListItem","position":1,"name":"In\u00edcio","item":"https:\/\/www.estrategiaconcursos.com.br\/blog\/"},{"@type":"ListItem","position":2,"name":"Casa dos Contos &#8211; quest\u00e3o ENEM 2015"}]},{"@type":"WebSite","@id":"https:\/\/www.estrategiaconcursos.com.br\/blog\/#website","url":"https:\/\/www.estrategiaconcursos.com.br\/blog\/","name":"Estrat\u00e9gia Concursos","description":"O blog da Estrat\u00e9gia Concursos traz not\u00edcias sobre concursos e artigos de professores oferecendo cursos para concursos (pdf + videaulas) no site.","publisher":{"@id":"https:\/\/www.estrategiaconcursos.com.br\/blog\/#organization"},"potentialAction":[{"@type":"SearchAction","target":{"@type":"EntryPoint","urlTemplate":"https:\/\/www.estrategiaconcursos.com.br\/blog\/?s={search_term_string}"},"query-input":{"@type":"PropertyValueSpecification","valueRequired":true,"valueName":"search_term_string"}}],"inLanguage":"pt-BR"},{"@type":"Organization","@id":"https:\/\/www.estrategiaconcursos.com.br\/blog\/#organization","name":"Estrat\u00e9gia Concursos","url":"https:\/\/www.estrategiaconcursos.com.br\/blog\/","logo":{"@type":"ImageObject","inLanguage":"pt-BR","@id":"https:\/\/www.estrategiaconcursos.com.br\/blog\/#\/schema\/logo\/image\/","url":"https:\/\/dhg1h5j42swfq.cloudfront.net\/2025\/06\/03203428\/logo_concursos-1.jpg","contentUrl":"https:\/\/dhg1h5j42swfq.cloudfront.net\/2025\/06\/03203428\/logo_concursos-1.jpg","width":230,"height":60,"caption":"Estrat\u00e9gia Concursos"},"image":{"@id":"https:\/\/www.estrategiaconcursos.com.br\/blog\/#\/schema\/logo\/image\/"},"sameAs":["https:\/\/x.com\/EstratConcursos"]},{"@type":"Person","@id":"https:\/\/www.estrategiaconcursos.com.br\/blog\/#\/schema\/person\/b91f2c79fa09f992bd34e4182afb626c","name":"Rafaela Freitas","image":{"@type":"ImageObject","inLanguage":"pt-BR","@id":"https:\/\/secure.gravatar.com\/avatar\/97ece78bdb320995d343d6c012a26475a2b8b6a591c52fbbd62c62640f68911e?s=96&d=mm&r=g","url":"https:\/\/secure.gravatar.com\/avatar\/97ece78bdb320995d343d6c012a26475a2b8b6a591c52fbbd62c62640f68911e?s=96&d=mm&r=g","contentUrl":"https:\/\/secure.gravatar.com\/avatar\/97ece78bdb320995d343d6c012a26475a2b8b6a591c52fbbd62c62640f68911e?s=96&d=mm&r=g","caption":"Rafaela Freitas"},"url":"https:\/\/www.estrategiaconcursos.com.br\/blog\/author\/rafaelafreitasestrategiaconcursos-com-br\/"}]}},"_links":{"self":[{"href":"https:\/\/www.estrategiaconcursos.com.br\/blog\/wp-json\/wp\/v2\/posts\/37477","targetHints":{"allow":["GET"]}}],"collection":[{"href":"https:\/\/www.estrategiaconcursos.com.br\/blog\/wp-json\/wp\/v2\/posts"}],"about":[{"href":"https:\/\/www.estrategiaconcursos.com.br\/blog\/wp-json\/wp\/v2\/types\/post"}],"author":[{"embeddable":true,"href":"https:\/\/www.estrategiaconcursos.com.br\/blog\/wp-json\/wp\/v2\/users\/190"}],"replies":[{"embeddable":true,"href":"https:\/\/www.estrategiaconcursos.com.br\/blog\/wp-json\/wp\/v2\/comments?post=37477"}],"version-history":[{"count":6,"href":"https:\/\/www.estrategiaconcursos.com.br\/blog\/wp-json\/wp\/v2\/posts\/37477\/revisions"}],"predecessor-version":[{"id":37972,"href":"https:\/\/www.estrategiaconcursos.com.br\/blog\/wp-json\/wp\/v2\/posts\/37477\/revisions\/37972"}],"wp:attachment":[{"href":"https:\/\/www.estrategiaconcursos.com.br\/blog\/wp-json\/wp\/v2\/media?parent=37477"}],"wp:term":[{"taxonomy":"category","embeddable":true,"href":"https:\/\/www.estrategiaconcursos.com.br\/blog\/wp-json\/wp\/v2\/categories?post=37477"},{"taxonomy":"post_tag","embeddable":true,"href":"https:\/\/www.estrategiaconcursos.com.br\/blog\/wp-json\/wp\/v2\/tags?post=37477"},{"taxonomy":"tax_estado","embeddable":true,"href":"https:\/\/www.estrategiaconcursos.com.br\/blog\/wp-json\/wp\/v2\/tax_estado?post=37477"}],"curies":[{"name":"wp","href":"https:\/\/api.w.org\/{rel}","templated":true}]}}