{"id":37439,"date":"2016-11-10T07:00:11","date_gmt":"2016-11-10T10:00:11","guid":{"rendered":"http:\/\/www.estrategiaconcursos.com.br\/blog\/?p=37439"},"modified":"2025-07-11T17:36:33","modified_gmt":"2025-07-11T20:36:33","slug":"edital-bombeiro-df-2016","status":"publish","type":"post","link":"https:\/\/www.estrategiaconcursos.com.br\/blog\/edital-bombeiro-df-2016\/","title":{"rendered":"Edital Bombeiro DF: confira a an\u00e1lise do Edital 2016 p\/ Oficial BM Combatente!"},"content":{"rendered":"<p style=\"text-align: justify;\"><span style=\"color: #000000;\"><strong>Edital Bombeiro DF: confira a an\u00e1lise do Edital 2016 para Oficial BM Combatente!<\/strong><\/span><\/p>\n<p style=\"text-align: justify;\"><span style=\"color: #000000;\">Ol\u00e1, queridos alunos e futuros Bombeiros Militares do DF!<\/span><\/p>\n<p style=\"text-align: justify;\"><span style=\"color: #000000;\"><em><strong>Concurso CBMDF 2016! Novo cronograma publicado!<\/strong><\/em><\/span><\/p>\n<p style=\"text-align: justify;\"><span style=\"color: #000000;\">Queridos alunos!!!<\/span><\/p>\n<p style=\"text-align: justify;\"><span style=\"color: #000000;\"><strong>Not\u00edcia explosiva e boa para quem perdeu as inscri\u00e7\u00f5es do CBMDF 2016!! Novo cronograma publicado com REABERTURA\u00a0 DE INSCRI\u00c7\u00d5ES e NOVA DATA DE PROVA!!<br \/>\n<\/strong><\/span><\/p>\n<p style=\"text-align: justify;\"><span style=\"color: #000000;\">Foi publicado no \u00faltimo dia 21\/10, no Di\u00e1rio Oficial do Distrito Federal, o novo cronograma do concurso Bombeiro DF.\u00a0 E aten\u00e7\u00e3o\/, anota a\u00ed:<\/span><\/p>\n<p><strong><span style=\"color: #ff0000;\">NOVO PER\u00cdODO DE INSCRI\u00c7\u00d5ES: 14\/11 a 19\/12\/16<\/span><\/strong><\/p>\n<p><strong><span style=\"color: #ff0000;\">NOVA DATA DAS PROVAS: 12\/02\/2017<\/span><\/strong><\/p>\n<p style=\"text-align: justify;\"><span style=\"color: #000000;\">Portanto, os interessados que ainda quiserem participar ter\u00e3o uma nova chance, para realizarem as inscri\u00e7\u00f5es, no site do<\/span> <a href=\"http:\/\/www.idecan.org.br\/concursos.aspx?tab=2\" target=\"_blank\" rel=\"noopener\">Idecan<\/a>.\u00a0<span style=\"color: #000000;\">A\u00a0taxa \u00e9 de R$90 para Pra\u00e7as e R$ 140 para Oficiais.<strong><br \/>\n<\/strong><\/span><\/p>\n<p style=\"text-align: justify;\"><strong><span style=\"color: #000000;\">Se voc\u00ea n\u00e3o tinha ainda conhecido o<\/span> <a href=\"http:\/\/www.buriti.df.gov.br\/ftp\/diariooficial\/2016\/07_Julho\/DODF%20021%2001-07-2016%20EDICAO%20EXTRA\/2016_07_01_dodf03-EXTRA%20.pdf\" target=\"_blank\" rel=\"noopener\">Edital<\/a> <span style=\"color: #000000;\">do Concurso CBMDF 2016, venho aqui apresentar-lhes!!!<\/span><\/strong><\/p>\n<p style=\"text-align: justify;\"><span style=\"color: #000000;\">Vamos aproveitar e\u00a0 j\u00e1 te adiantar o que voc\u00ea pode esperar desse certame, um dos mais aguardados do Distrito Federal!<\/span><\/p>\n<p style=\"text-align: justify;\"><span style=\"color: #000000;\">Veremos aqui os requisitos para ser um Oficial Bombeiro do DF, qual a remunera\u00e7\u00e3o e como \u00e9 o trabalho desse militar.<\/span><\/p>\n<p style=\"text-align: justify;\"><img loading=\"lazy\" decoding=\"async\" class=\"alignleft wp-image-37442 size-full\" src=\"https:\/\/dhg1h5j42swfq.cloudfront.net\/2016\/04\/19174618\/Bombeiros-DF-1.jpg\" alt=\"Bombeiros-DF-1\" width=\"1854\" height=\"1134\" srcset=\"https:\/\/dhg1h5j42swfq.cloudfront.net\/2016\/04\/19174618\/Bombeiros-DF-1.jpg 1854w, https:\/\/dhg1h5j42swfq.cloudfront.net\/2016\/04\/19174618\/Bombeiros-DF-1.jpg 300w, https:\/\/dhg1h5j42swfq.cloudfront.net\/2016\/04\/19174618\/Bombeiros-DF-1.jpg 768w, https:\/\/dhg1h5j42swfq.cloudfront.net\/2016\/04\/19174618\/Bombeiros-DF-1.jpg 1024w, https:\/\/dhg1h5j42swfq.cloudfront.net\/2016\/04\/19174618\/Bombeiros-DF-1.jpg 490w\" sizes=\"auto, (max-width: 1854px) 100vw, 1854px\" \/><\/p>\n<p style=\"text-align: justify;\"><span style=\"text-decoration: underline;\"><span style=\"color: #000000; text-decoration: underline;\">Qual a Remunera\u00e7\u00e3o do Oficial Combatente?<\/span><\/span><\/p>\n<p style=\"text-align: justify;\"><span style=\"color: #000000;\">A remunera\u00e7\u00e3o inicial de um Oficial, independente da especialidade, \u00e9 de R$ <strong>11.654,95<\/strong>. <strong>Voc\u00ea n\u00e3o leu errado: quase DOZE MIL REAIS por m\u00eas<\/strong>!<\/span><\/p>\n<p style=\"text-align: justify;\"><span style=\"color: #000000;\"><strong>PROFESSOR, MAS EU J\u00c1 RECEBO ISSO QUANDO PASSAR NO CONCURSO?<\/strong><\/span><\/p>\n<p><span style=\"color: #000000;\">Aprovado dentro no n\u00famero de vagas nas cinco etapas do concurso, voc\u00ea participar\u00e1 do Curso de Forma\u00e7\u00e3o de Oficiais, onde ser\u00e1 um Cadete, ou Aluno-Oficial BM. Ap\u00f3s 2 anos de Curso de Forma\u00e7\u00e3o, voc\u00ea \u00e9 nomeado Aspirante-a-Ofical e passar\u00e1 mais 6 meses em est\u00e1gio probat\u00f3rio at\u00e9 se tornar Ofical BM Combatente em definitivo, no posto de 2\u00ba Tenente. E a\u00ed as remunera\u00e7\u00f5es funcionar\u00e3o assim, segundo o que estabelece o Edital CBMDF 2016:<\/span><\/p>\n<ul>\n<li style=\"text-align: justify;\"><span style=\"color: #000000;\"><span style=\"text-decoration: underline;\">Cadete Bombeiro Militar do primeiro ano<\/span>: R$ 5.108,08 (cinco mil, cento e oito reais e oito centavos), j\u00e1 acrescidas as gratifica\u00e7\u00f5es a que far\u00e1 jus.<\/span><\/li>\n<li style=\"text-align: justify;\"><span style=\"color: #000000;\"><span style=\"text-decoration: underline;\">Cadete Bombeiro Militar do segundo ano<\/span>: R$ 6.338,87 (seis mil, trezentos e trinta e oito reais e oitenta e sete centavos), j\u00e1 acrescidas as gratifica\u00e7\u00f5es a que far\u00e1 jus.<\/span><\/li>\n<li style=\"text-align: justify;\"><span style=\"color: #000000;\"><span style=\"text-decoration: underline;\">Aspirante a Oficial:<\/span> R$ 9.945,64 (nove mil, novecentos e quarenta e cinco reais e sessenta e quatro centavos), j\u00e1 acrescidas as gratifica\u00e7\u00f5es a que far\u00e1 jus .<\/span><\/li>\n<li style=\"text-align: justify;\"><span style=\"color: #000000;\"><span style=\"text-decoration: underline;\">2\u00ba Tenente<\/span>: <strong>R$ 11.654,95 <\/strong>(onze mil, seiscentos e cinquenta e quatro reais e noventa e cinco centavos, j\u00e1 acrescidas as gratifica\u00e7\u00f5es a que far\u00e1 jus.<\/span><\/li>\n<\/ul>\n<p><span style=\"color: #000000;\"><strong><span style=\"color: #000000;\">Pois \u00e9, ap\u00f3s a aprova\u00e7\u00e3o nesse est\u00e1gio, ser\u00e1 ent\u00e3o promovido a Segundo-<\/span>Tenente BM, com essa maravilhosa remunera\u00e7\u00e3o!!!<\/strong><\/span><\/p>\n<p><span style=\"color: #000000;\">Vamos ent\u00e3o \u00e0 an\u00e1lise de alguns aspectos do Edital 2016 para o cargo:<\/span><\/p>\n<p style=\"text-align: justify;\"><span style=\"text-decoration: underline;\"><span style=\"color: #000000; text-decoration: underline;\"><strong>Banca Examinadora e Etapas do Concurso:<\/strong><\/span><\/span><\/p>\n<p style=\"text-align: justify;\"><span style=\"color: #000000;\">J\u00e1 sabemos que a banca examinadora \u00e9 o IDECAN, Instituto de Desenvolvimento, Educacional, Cultural e Assistencial Nacional.<\/span><\/p>\n<p style=\"text-align: justify;\"><span style=\"color: #000000;\">O concurso ser\u00e1 realizado em <strong>cinco etapas<\/strong>, na seguinte ordem e respectivo condutor da etapa:<\/span><\/p>\n<ul>\n<li style=\"text-align: justify;\"><span style=\"color: #000000;\">1a Etapa: Prova Objetiva + Discursiva<\/span><\/li>\n<li style=\"text-align: justify;\"><span style=\"color: #000000;\">2a Etapa: Exames de Aptid\u00e3o F\u00edsica<\/span><\/li>\n<li style=\"text-align: justify;\"><span style=\"color: #000000;\">3a Etapa: Inspe\u00e7\u00e3o de Sa\u00fade<\/span><\/li>\n<li style=\"text-align: justify;\"><span style=\"color: #000000;\">4a Etapa: Avalia\u00e7\u00e3o Psicol\u00f3gica<\/span><\/li>\n<li style=\"text-align: justify;\"><span style=\"color: #000000;\">5a Etapa: Investiga\u00e7\u00e3o Social e Funcional<\/span><\/li>\n<\/ul>\n<p><span style=\"text-decoration: underline; color: #000000;\">Requisitos Exigidos para ser Oficial dos Bombeiros:<\/span><\/p>\n<p style=\"text-align: justify;\"><span style=\"color: #000000;\">Os requisitos objetivos exigidos, regulamentados pelo Estatuto dos Bombeiros Militares do DF, Lei n\u00ba 7.479\/86, s\u00e3o os seguintes:<\/span><\/p>\n<ol style=\"text-align: justify;\">\n<li><span style=\"color: #000000;\">Ser brasileiro;<\/span><\/li>\n<li><span style=\"color: #000000;\">Possuir no m\u00ednimo 18 anos e no m\u00e1ximo <strong>28 anos de idade<\/strong> <strong>AT\u00c9 A DATA DE INSCRI\u00c7\u00c3O NO CONCURSO; <\/strong><em>[Obs: para os que concorrer\u00e3o a OFICIAIS dos Quadros\u00a0 Complementar (20 vagas), M\u00e9dico (20 vagas) e Cirurgi\u00e3o-Dentista (4 vagas), a idade m\u00e1xima \u00e9 de <strong><span style=\"text-decoration: underline;\">35 anos<\/span><\/strong>, t<strong>amb\u00e9m comprovados no ato de incri\u00e7\u00e3o no concurso<\/strong>, ok?]\u00a0<\/em> <strong><br \/>\n<\/strong><\/span><\/li>\n<li><span style=\"color: #000000;\">Apresentar diploma de conclus\u00e3o de curso de gradua\u00e7\u00e3o de n\u00edvel superior em qualquer \u00e1rea de forma\u00e7\u00e3o <strong>at\u00e9 o momento do ingresso e matr\u00edcula no CFO\/BM<\/strong>;<\/span><\/li>\n<li><span style=\"color: #000000;\">Ter aptid\u00e3o psicol\u00f3gica, f\u00edsica e idoneidade moral que o recomendem ao ingresso na carreira de Bombeiro Militar do CBM\/DF;<\/span><\/li>\n<li><span style=\"color: #000000;\">Possuir, com os p\u00e9s nus e a cabe\u00e7a descoberta,<strong> no m\u00ednimo, 1,55 m (um metro e cinquenta e cinco cent\u00edmetros) de altura para o sexo feminino e 1,60 m (um metro e sessenta cent\u00edmetros) de altura para o sexo masculino<\/strong> (Lei Federal n\u00ba 12.086\/2009);<\/span><\/li>\n<li><span style=\"color: #000000;\">N\u00e3o possuir qualquer v\u00ednculo empregat\u00edcio no ato de matr\u00edcula no curso;<\/span><\/li>\n<li><span style=\"color: #000000;\">Possuir Carteira Nacional de Habilita\u00e7\u00e3o CNH no m\u00ednimo categoria \u201cB\u201d.<\/span><\/li>\n<\/ol>\n<p><span style=\"color: #000000;\"><span style=\"text-decoration: underline;\">Inscri\u00e7\u00e3o no concurs<\/span>o:<\/span><\/p>\n<p><span style=\"color: #000000;\">A taxa de inscri\u00e7\u00e3o ser\u00e1 de R$ 140,00 (cento e quarenta reais). Para inscrever-se, acesse o site www.idecan.com.br.<\/span><\/p>\n<p><span style=\"color: #000000;\">Prova Objetiva:<\/span><\/p>\n<p style=\"text-align: justify;\"><span style=\"color: #000000;\">As <strong>provas objetivas<\/strong>\u00a0ser\u00e3o realizadas em Bras\u00edlia, na <em><strong>data prov\u00e1vel de 12 de fevereiro de 2017<\/strong><\/em>, e exigir\u00e3o dos candidatos os seguintes conhecimentos:<\/span><\/p>\n<p style=\"text-align: justify;\"><img loading=\"lazy\" decoding=\"async\" class=\"aligncenter wp-image-42750\" src=\"https:\/\/dhg1h5j42swfq.cloudfront.net\/2016\/07\/01221311\/Captura-de-Tela-2016-07-01-a%CC%80s-20.53.16.png\" alt=\"Captura de Tela 2016-07-01 a\u0300s 20.53.16\" width=\"600\" height=\"188\" srcset=\"https:\/\/dhg1h5j42swfq.cloudfront.net\/2016\/07\/01221311\/Captura-de-Tela-2016-07-01-a%CC%80s-20.53.16.png 475w, https:\/\/dhg1h5j42swfq.cloudfront.net\/2016\/07\/01221311\/Captura-de-Tela-2016-07-01-a%CC%80s-20.53.16.png 300w\" sizes=\"auto, (max-width: 600px) 100vw, 600px\" \/><\/p>\n<p style=\"text-align: justify;\"><span style=\"color: #000000;\">Ser\u00e3o 80 (oitenta) <em><strong>quest\u00f5es de m\u00faltipla escolha<\/strong><\/em>, com pontua\u00e7\u00e3o total variando do m\u00ednimo de 0 (zero) ponto ao m\u00e1ximo de 100 (cem) pontos. As quest\u00f5es ter\u00e3o 4 (quatro) alternativas, de A a D.<\/span><\/p>\n<p><span style=\"color: #000000;\">Ser\u00e1 considerado aprovado na prova objetiva o candidato que obtiver, no <em><strong>m\u00ednimo, 50% (cinquenta por cento) do total de pontos da prova<\/strong><\/em> e, pelo menos, 1 (um) ponto em cada uma das disciplinas.<\/span><\/p>\n<p style=\"text-align: justify;\"><span style=\"color: #000000;\">A disciplina de <strong>LEGISLA\u00c7\u00c3O PERTINENTE AO CBMDF<\/strong>\u00a0ser\u00e1\u00a0 cobrada para todos os cargos oferecidos!! S\u00e3o quest\u00f5es que voc\u00ea n\u00e3o pode sonhar em errar!! <strong>O curso est\u00e1 complet\u00edssimo em pdf e com v\u00e1rias aulas com suas respectivas VIDEOAULAS j\u00e1 GRAVADAS! Recome\u00e7aremos as grava\u00e7\u00f5es das videoaulas restantes nos pr\u00f3ximos dias!<\/strong><br \/>\n<\/span><\/p>\n<p style=\"text-align: justify;\"><span style=\"color: #000000;\">Quer saber como ficar nos cascos nessa mat\u00e9ria?<\/span><\/p>\n<p style=\"text-align: justify;\"><span style=\"color: #000000;\"><strong>Conhe\u00e7a o nosso curso =&gt; <a style=\"color: #000000;\" href=\"https:\/\/www.estrategiaconcursos.com.br\/curso\/legislacao-especifica-p-bombeiros-df-soldado\/?pr=3421\" target=\"_blank\" rel=\"noopener\">Legisla\u00e7\u00e3o pertinente ao CBM-DF<\/a><\/strong><\/span><\/p>\n<p style=\"text-align: justify;\"><span style=\"color: #000000;\">Esse curso \u00e9 ministrado pelo brilhante Prof. Paulo Guimar\u00e3es (que produz os pdfs) e eu, Marcos Gir\u00e3o, com as <span style=\"text-decoration: underline;\">videoaulas<\/span>! Confiram <strong>GRATUITAMENTE <\/strong>nossas aula e videoaula demonstrativas! Temos certeza que voc\u00ea vai gostar!<br \/>\n<\/span><\/p>\n<p style=\"text-align: justify;\"><span style=\"text-decoration: underline; color: #000000;\">Da Prova Discursiva:<\/span><\/p>\n<p style=\"text-align: justify;\"><span style=\"color: #000000;\">Ser\u00e1 aplicada prova discursiva de car\u00e1ter eliminat\u00f3rio e classificat\u00f3rio, constitu\u00edda de 1 (um) texto dissertativo abordando tema sobre <em><strong>Atualidades<\/strong><\/em>.<\/span><\/p>\n<p style=\"text-align: justify;\"><span style=\"color: #000000;\">A prova discursiva ter\u00e1 pontua\u00e7\u00e3o total variando do m\u00ednimo de 0 (zero) ponto ao <strong>m\u00e1ximo de 80 (oitenta) pontos.<\/strong><\/span><\/p>\n<p style=\"text-align: justify;\"><span style=\"color: #000000;\">A resposta \u00e0 prova discursiva dever\u00e1 ter a<em><strong> extens\u00e3o m\u00ednima de 20 (vinte) e m\u00e1xima de 30 (trinta) linhas para o texto<\/strong><\/em>.<\/span><\/p>\n<p style=\"text-align: justify;\"><span style=\"color: #000000;\">A avalia\u00e7\u00e3o das Discursivas ser\u00e1 feita segundo os crit\u00e9rios a seguir:<\/span><\/p>\n<p><img loading=\"lazy\" decoding=\"async\" class=\"aligncenter wp-image-42758\" src=\"https:\/\/dhg1h5j42swfq.cloudfront.net\/2016\/07\/01221311\/Captura-de-Tela-2016-07-01-a%CC%80s-21.00.00.png\" alt=\"Captura de Tela 2016-07-01 a\u0300s 21.00.00\" width=\"600\" height=\"138\" srcset=\"https:\/\/dhg1h5j42swfq.cloudfront.net\/2016\/07\/01221311\/Captura-de-Tela-2016-07-01-a%CC%80s-21.00.00.png 482w, https:\/\/dhg1h5j42swfq.cloudfront.net\/2016\/07\/01221311\/Captura-de-Tela-2016-07-01-a%CC%80s-21.00.00.png 300w\" sizes=\"auto, (max-width: 600px) 100vw, 600px\" \/><\/p>\n<p><span style=\"color: #000000;\"><strong>E olha s\u00f3 que fant\u00e1stico: <\/strong><strong>ser\u00e3o corrigidas as provas discursivas dos candidatos aprovados na prova objetiva at\u00e9 a classifica\u00e7\u00e3o em 920\u00ba (noningent\u00e9simo vig\u00e9simo) lugar! Quanta chance, hein!!.<\/strong><\/span><\/p>\n<p><span style=\"text-decoration: underline; color: #000000;\"><em><strong>Nota de Corte\/ Concorr\u00eancia:<\/strong><\/em><\/span><\/p>\n<p><span style=\"color: #000000;\">Bom, a concorr\u00eancia do \u00faltimo concurso n\u00e3o foi das maiores, mas foi relativamente alta, lembrando que naquele certame eram apenas 23 vagas, bem diferente desse de 2016!!. Confira!<\/span><\/p>\n<p><img loading=\"lazy\" decoding=\"async\" class=\"alignnone wp-image-37504\" src=\"https:\/\/dhg1h5j42swfq.cloudfront.net\/2016\/04\/20121023\/demandacbmdf.jpg\" alt=\"demandacbmdf\" width=\"611\" height=\"82\" \/><\/p>\n<p><span style=\"text-decoration: underline; color: #000000;\"><em><strong>Sobre as Demais Etapas do Concurso:<\/strong><\/em><\/span><\/p>\n<p style=\"text-align: justify;\"><span style=\"color: #000000;\">As demais etapas do concurso s\u00e3o apenas eliminat\u00f3rias. Isso significa que quem passa, segue para as demais&#8230; Dentre elas, o\u00a0destaque especial \u00e9 do exame de aptid\u00e3o f\u00edsica, o famoso TAF. Esse exame \u00e9 composto dos seguintes testes e respectivas pontua\u00e7\u00f5es (cargo de Oficial Combatente e Soldado Operacional):<\/span><\/p>\n<p style=\"text-align: justify;\"><img loading=\"lazy\" decoding=\"async\" class=\"alignnone size-full wp-image-42788\" src=\"https:\/\/dhg1h5j42swfq.cloudfront.net\/2016\/07\/02001011\/taf.jpg\" alt=\"taf\" width=\"916\" height=\"249\" srcset=\"https:\/\/dhg1h5j42swfq.cloudfront.net\/2016\/07\/02001011\/taf.jpg 916w, https:\/\/dhg1h5j42swfq.cloudfront.net\/2016\/07\/02001011\/taf.jpg 300w, https:\/\/dhg1h5j42swfq.cloudfront.net\/2016\/07\/02001011\/taf.jpg 768w, https:\/\/dhg1h5j42swfq.cloudfront.net\/2016\/07\/02001011\/taf.jpg 500w\" sizes=\"auto, (max-width: 916px) 100vw, 916px\" \/><\/p>\n<p style=\"text-align: justify;\"><span style=\"color: #000000;\"><strong>Para os demais cargos e especialidades, oo m\u00ednimos e m\u00e1ximos s\u00e3o diferentes e voc\u00ea deve consultar o Edital, ok?<\/strong><\/span><\/p>\n<p style=\"text-align: justify;\"><span style=\"color: #000000;\">N\u00e3o eliminado nas demais etapas, o candidato \u00e9 considerado aprovado!!<\/span><\/p>\n<p style=\"text-align: justify;\"><span style=\"color: #000000;\">A nota final do candidato no concurso \u00e9 igual \u00e0 <em><strong>soma das notas obtidas na prova objetiva e na prova discursiva<\/strong><\/em>. Os candidatos s\u00e3o ordenados de acordo com os valores decrescentes de classifica\u00e7\u00e3o final no concurso.<\/span><\/p>\n<p style=\"text-align: justify;\"><span style=\"color: #000000;\">Os aprovados no concurso e classificados dentro do n\u00famero de vagas estabelecidas t\u00eam ingresso na Corpora\u00e7\u00e3o mediante matr\u00edcula por ato do Comandante-Geral no 1\u00ba Ano do CFO BM, na condi\u00e7\u00e3o de Cadete, do C\u00edrculo Hier\u00e1rquico das Pra\u00e7as\u00a0 Especiais BM.<\/span><\/p>\n<p style=\"text-align: justify;\"><span style=\"color: #000000;\">E agora a pergunta que n\u00e3o quer calar:<\/span><\/p>\n<p style=\"text-align: justify;\"><span style=\"color: #000000;\"><strong>E COMO \u00c9 TRABALHAR NOS BOMBEIROS DO DF?<\/strong><\/span><\/p>\n<p style=\"text-align: justify;\"><img loading=\"lazy\" decoding=\"async\" class=\"wp-image-37444 size-full aligncenter\" src=\"https:\/\/dhg1h5j42swfq.cloudfront.net\/2016\/04\/19174649\/simulacao-de-uso.jpg\" alt=\"simulacao-de-uso\" width=\"600\" height=\"465\" srcset=\"https:\/\/dhg1h5j42swfq.cloudfront.net\/2016\/04\/19174649\/simulacao-de-uso.jpg 600w, https:\/\/dhg1h5j42swfq.cloudfront.net\/2016\/04\/19174649\/simulacao-de-uso.jpg 300w, https:\/\/dhg1h5j42swfq.cloudfront.net\/2016\/04\/19174649\/simulacao-de-uso.jpg 387w\" sizes=\"auto, (max-width: 600px) 100vw, 600px\" \/><\/p>\n<p style=\"text-align: justify;\"><span style=\"color: #000000;\">O cargo de Oficial Combatente \u00e9 a \u00e1rea-fim dos bombeiros,ou seja, \u00e9 quem vai pra rua realizar salvamentos e resgates, coordenando combate a inc\u00eandios, enfim, \u00e9 o bombeiro que vemos no dia a dia.<\/span><\/p>\n<p style=\"text-align: justify;\"><span style=\"color: #000000;\">A carga hor\u00e1ria pode variar, podendo ser jornada de expediente, <strong>que normalmente ocorre \u00e0 tarde, ou plant\u00e3o, que o mais comum \u00e9 de 24 horas de trabalho por 72 horas de descanso.<\/strong> <\/span><\/p>\n<p style=\"text-align: justify;\"><span style=\"color: #000000;\"><strong>Na pr\u00e1tica seria um dia inteiro de trabalho para tr\u00eas dias descansando. Nada mal, n\u00e3o \u00e9?<\/strong><\/span><\/p>\n<p style=\"text-align: justify;\"><span style=\"color: #000000;\">Quem \u00e9 de l\u00e1 simplesmente venera o trabalho, as condi\u00e7\u00f5es de trabalho e, principalmente, a REMUNERA\u00c7\u00c3O!!!<\/span><\/p>\n<p style=\"text-align: justify;\"><span style=\"color: #000000;\">Al\u00e9m disso, voc\u00ea poder\u00e1 ser convocado para atividades extras, como grandes eventos realizados em Bras\u00edlia.<\/span><\/p>\n<p style=\"text-align: justify;\"><img loading=\"lazy\" decoding=\"async\" class=\"size-full wp-image-37441 aligncenter\" src=\"https:\/\/dhg1h5j42swfq.cloudfront.net\/2016\/04\/19174616\/bombeiros.jpg\" alt=\"bombeiros\" width=\"620\" height=\"465\" srcset=\"https:\/\/dhg1h5j42swfq.cloudfront.net\/2016\/04\/19174616\/bombeiros.jpg 620w, https:\/\/dhg1h5j42swfq.cloudfront.net\/2016\/04\/19174616\/bombeiros.jpg 300w, https:\/\/dhg1h5j42swfq.cloudfront.net\/2016\/04\/19174616\/bombeiros.jpg 400w\" sizes=\"auto, (max-width: 620px) 100vw, 620px\" \/><\/p>\n<p style=\"text-align: justify;\"><span style=\"color: #000000;\">Vale lembrar que o cargo, apesar de ser do Distrito Federal, \u00e9 <strong>FEDERAL<\/strong>, custeado pela Uni\u00e3o!!!<\/span><\/p>\n<p style=\"text-align: justify;\"><span style=\"color: #000000;\">Trata-se, portanto, de uma genu\u00edna carreira de servi\u00e7o ao p\u00fablico, atrav\u00e9s da qual voc\u00ea ter\u00e1 oportunidade de ajudar diretamente as pessoas das mais diversas maneiras, com uma carga hor\u00e1ria muito boa e, al\u00e9m de tudo, sendo muito bem remunerado para isso!!<\/span><\/p>\n<p style=\"text-align: justify;\"><span style=\"color: #000000;\">Que tal come\u00e7ar a estudar?<\/span><\/p>\n<p style=\"text-align: justify;\"><span style=\"color: #000000;\">N\u00f3s do Estrat\u00e9gia podemos te ajudar!<\/span><\/p>\n<p style=\"text-align: justify;\"><span style=\"color: #000000;\"><strong>Conhe\u00e7a nossos cursos =&gt; <a style=\"color: #000000;\" href=\"https:\/\/www.estrategiaconcursos.com.br\/curso\/pacote-p-bombeiros-df-oficial-combatente-com-videoaulas\/\" target=\"_blank\" rel=\"noopener\">Pacote P\/ Bombeiros &#8211; DF (Oficial Combatente)<\/a><\/strong><\/span><\/p>\n<p><span style=\"color: #000000;\">Caso voc\u00ea queira saber sobre o cargo de Soldado Condutor e Operador de Viaturas, leia aqui o meu artigo explicando os m\u00ednimos detalhes:<\/span><\/p>\n<p><span style=\"color: #000000;\"><strong>Concurso CBMDF 2016! Confira as \u00faltimas novidades<\/strong><\/span><\/p>\n<p><span style=\"color: #000000;\">Temos tamb\u00e9m outro artigo que traz a Parte I esquematizada da Lei n\u00ba 7.479\/86, o <strong>Estatuto do Bombeiros Militares do Distrito Federal<\/strong>. Essa foi a primeira de v\u00e1rias esquematiza\u00e7\u00f5es de normas referentes \u00e0 parte de\u00a0<strong>LEGISLA\u00c7\u00c3O PERTINENTE AO CBMDF<\/strong> que publicaremos <strong>nas pr\u00f3ximas semanas<\/strong>! Confira:<\/span><\/p>\n<p><span style=\"color: #000000;\">Lei n\u00ba 7.479\/86 Esquematizada (Parte I)<\/span><\/p>\n<p><span style=\"color: #000000;\">Bom, por enquanto \u00e9 isso! J\u00e1 estou te esperando para seguirmos (e comemoramos juntos) nessa caminhada para a sua vit\u00f3ria!<\/span><\/p>\n<p><span style=\"color: #000000;\">E se quiser falar comigo, <strong>tirar d\u00favidas<\/strong> e ter <strong>acesso a dicas e conte\u00fados gratuitos<\/strong>, acesse nossas redes sociais:<\/span><\/p>\n<p><span style=\"color: #000000;\">marcospascho@gmail.com<\/span><\/p>\n<p><span style=\"color: #000000;\"><a style=\"color: #000000;\" href=\"https:\/\/www.facebook.com\/ProfMarcosGirao\" target=\"_blank\" rel=\"noopener\">Fanpage do Prof. Marcos Gir\u00e3o<\/a><\/span><\/p>\n<p><span style=\"color: #000000;\"><a style=\"color: #000000;\" href=\"https:\/\/www.youtube.com\/channel\/UCsjAzxopmLjgmxkeR1Lo6wQ\" target=\"_blank\" rel=\"noopener\">Canal do Youtube &#8211; Prof. Marcos Gir\u00e3o<\/a><\/span><\/p>\n<p><span style=\"color: #000000;\"><a style=\"color: #000000;\" href=\"http:\/\/www.periscope.tv\/profmarcosgirao\" target=\"_blank\" rel=\"noopener\">Periscope &#8211; Prof. Marcos Gir\u00e3o<\/a><\/span><\/p>\n<p><span style=\"color: #000000;\">Instagram &#8211; @profmarcosgirao<\/span><\/p>\n<p><span style=\"color: #000000;\">Grande abra\u00e7o e bons estudos!<\/span><\/p>\n\n\n<p><\/p>\n","protected":false},"excerpt":{"rendered":"<p>Edital Bombeiro DF: confira a an\u00e1lise do Edital 2016 para Oficial BM Combatente! Ol\u00e1, queridos alunos e futuros Bombeiros Militares do DF! Concurso CBMDF 2016! Novo cronograma publicado! Queridos alunos!!! Not\u00edcia explosiva e boa para quem perdeu as inscri\u00e7\u00f5es do CBMDF 2016!! Novo cronograma publicado com REABERTURA\u00a0 DE INSCRI\u00c7\u00d5ES e NOVA DATA DE PROVA!! Foi [&hellip;]<\/p>\n","protected":false},"author":248,"featured_media":0,"comment_status":"open","ping_status":"open","sticky":false,"template":"","format":"standard","meta":{"post_tipo":"article","footnotes":""},"categories":[1],"tags":[1636,1321,1638,1637,1639],"tax_estado":[],"class_list":["post-37439","post","type-post","status-publish","format-standard","hentry","category-cursos-e-concursos","tag-bombeiro-df","tag-concurso-bombeiro-df","tag-concurso-cbmdf","tag-edital-bombeiro-df","tag-edital-cbmdf"],"acf":[],"yoast_head":"<!-- This site is optimized with the Yoast SEO Premium plugin v27.2 (Yoast SEO v27.2) - https:\/\/yoast.com\/product\/yoast-seo-premium-wordpress\/ -->\n<title>Edital Bombeiro DF: confira todas as informa\u00e7\u00f5es<\/title>\n<meta name=\"description\" content=\"Confira todas as informa\u00e7\u00f5es sobre o edital bombeiro DF\" \/>\n<meta name=\"robots\" content=\"index, follow, max-snippet:-1, max-image-preview:large, max-video-preview:-1\" \/>\n<link rel=\"canonical\" href=\"https:\/\/www.estrategiaconcursos.com.br\/blog\/edital-bombeiro-df-2016\/\" \/>\n<meta property=\"og:locale\" content=\"pt_BR\" \/>\n<meta property=\"og:type\" content=\"article\" \/>\n<meta property=\"og:title\" content=\"Edital Bombeiro DF: confira a an\u00e1lise do Edital 2016 p\/ Oficial BM Combatente!\" \/>\n<meta property=\"og:description\" content=\"Confira todas as informa\u00e7\u00f5es sobre o edital bombeiro DF\" \/>\n<meta property=\"og:url\" content=\"https:\/\/www.estrategiaconcursos.com.br\/blog\/edital-bombeiro-df-2016\/\" \/>\n<meta property=\"og:site_name\" content=\"Estrat\u00e9gia Concursos\" \/>\n<meta property=\"article:published_time\" content=\"2016-11-10T10:00:11+00:00\" \/>\n<meta property=\"article:modified_time\" content=\"2025-07-11T20:36:33+00:00\" \/>\n<meta property=\"og:image\" content=\"https:\/\/www.estrategiaconcursos.com.br\/blog\/wp-content\/uploads\/2016\/04\/Bombeiros-DF-1.jpg\" \/>\n<meta name=\"author\" content=\"Marcos Gir\u00e3o\" \/>\n<meta name=\"twitter:card\" content=\"summary_large_image\" \/>\n<meta name=\"twitter:creator\" content=\"@EstratConcursos\" \/>\n<meta name=\"twitter:site\" content=\"@EstratConcursos\" \/>\n<meta name=\"twitter:label1\" content=\"Escrito por\" \/>\n\t<meta name=\"twitter:data1\" content=\"Marcos Gir\u00e3o\" \/>\n\t<meta name=\"twitter:label2\" content=\"Est. tempo de leitura\" \/>\n\t<meta name=\"twitter:data2\" content=\"8 minutos\" \/>\n<script type=\"application\/ld+json\" class=\"yoast-schema-graph\">{\"@context\":\"https:\/\/schema.org\",\"@graph\":[{\"@type\":\"NewsArticle\",\"@id\":\"https:\/\/www.estrategiaconcursos.com.br\/blog\/edital-bombeiro-df-2016\/#article\",\"isPartOf\":{\"@id\":\"https:\/\/www.estrategiaconcursos.com.br\/blog\/edital-bombeiro-df-2016\/\"},\"author\":{\"name\":\"Marcos Gir\u00e3o\",\"@id\":\"https:\/\/www.estrategiaconcursos.com.br\/blog\/#\/schema\/person\/6be195b7a02a8ca214472b848686bb37\"},\"headline\":\"Edital Bombeiro DF: confira a an\u00e1lise do Edital 2016 p\/ Oficial BM Combatente!\",\"datePublished\":\"2016-11-10T10:00:11+00:00\",\"dateModified\":\"2025-07-11T20:36:33+00:00\",\"mainEntityOfPage\":{\"@id\":\"https:\/\/www.estrategiaconcursos.com.br\/blog\/edital-bombeiro-df-2016\/\"},\"wordCount\":1648,\"commentCount\":15,\"publisher\":{\"@id\":\"https:\/\/www.estrategiaconcursos.com.br\/blog\/#organization\"},\"image\":{\"@id\":\"https:\/\/www.estrategiaconcursos.com.br\/blog\/edital-bombeiro-df-2016\/#primaryimage\"},\"thumbnailUrl\":\"https:\/\/www.estrategiaconcursos.com.br\/blog\/wp-content\/uploads\/2016\/04\/Bombeiros-DF-1.jpg\",\"keywords\":[\"bombeiro df\",\"concurso bombeiro DF\",\"concurso CBMDF\",\"edital bombeiro df\",\"edital cbmdf\"],\"articleSection\":[\"Concursos P\u00fablicos\"],\"inLanguage\":\"pt-BR\",\"potentialAction\":[{\"@type\":\"CommentAction\",\"name\":\"Comment\",\"target\":[\"https:\/\/www.estrategiaconcursos.com.br\/blog\/edital-bombeiro-df-2016\/#respond\"]}],\"copyrightYear\":\"2016\",\"copyrightHolder\":{\"@id\":\"https:\/\/www.estrategiaconcursos.com.br\/blog\/#organization\"}},{\"@type\":\"WebPage\",\"@id\":\"https:\/\/www.estrategiaconcursos.com.br\/blog\/edital-bombeiro-df-2016\/\",\"url\":\"https:\/\/www.estrategiaconcursos.com.br\/blog\/edital-bombeiro-df-2016\/\",\"name\":\"Edital Bombeiro DF: confira todas as informa\u00e7\u00f5es\",\"isPartOf\":{\"@id\":\"https:\/\/www.estrategiaconcursos.com.br\/blog\/#website\"},\"primaryImageOfPage\":{\"@id\":\"https:\/\/www.estrategiaconcursos.com.br\/blog\/edital-bombeiro-df-2016\/#primaryimage\"},\"image\":{\"@id\":\"https:\/\/www.estrategiaconcursos.com.br\/blog\/edital-bombeiro-df-2016\/#primaryimage\"},\"thumbnailUrl\":\"https:\/\/www.estrategiaconcursos.com.br\/blog\/wp-content\/uploads\/2016\/04\/Bombeiros-DF-1.jpg\",\"datePublished\":\"2016-11-10T10:00:11+00:00\",\"dateModified\":\"2025-07-11T20:36:33+00:00\",\"description\":\"Confira todas as informa\u00e7\u00f5es sobre o edital bombeiro DF\",\"breadcrumb\":{\"@id\":\"https:\/\/www.estrategiaconcursos.com.br\/blog\/edital-bombeiro-df-2016\/#breadcrumb\"},\"inLanguage\":\"pt-BR\",\"potentialAction\":[{\"@type\":\"ReadAction\",\"target\":[\"https:\/\/www.estrategiaconcursos.com.br\/blog\/edital-bombeiro-df-2016\/\"]}]},{\"@type\":\"ImageObject\",\"inLanguage\":\"pt-BR\",\"@id\":\"https:\/\/www.estrategiaconcursos.com.br\/blog\/edital-bombeiro-df-2016\/#primaryimage\",\"url\":\"https:\/\/dhg1h5j42swfq.cloudfront.net\/2016\/04\/19174618\/Bombeiros-DF-1.jpg\",\"contentUrl\":\"https:\/\/dhg1h5j42swfq.cloudfront.net\/2016\/04\/19174618\/Bombeiros-DF-1.jpg\",\"width\":1854,\"height\":1134,\"caption\":\"concurso bombeiro DF prorrogado por mais 2 anos\"},{\"@type\":\"BreadcrumbList\",\"@id\":\"https:\/\/www.estrategiaconcursos.com.br\/blog\/edital-bombeiro-df-2016\/#breadcrumb\",\"itemListElement\":[{\"@type\":\"ListItem\",\"position\":1,\"name\":\"In\u00edcio\",\"item\":\"https:\/\/www.estrategiaconcursos.com.br\/blog\/\"},{\"@type\":\"ListItem\",\"position\":2,\"name\":\"Edital Bombeiro DF: confira a an\u00e1lise do Edital 2016 p\/ Oficial BM Combatente!\"}]},{\"@type\":\"WebSite\",\"@id\":\"https:\/\/www.estrategiaconcursos.com.br\/blog\/#website\",\"url\":\"https:\/\/www.estrategiaconcursos.com.br\/blog\/\",\"name\":\"Estrat\u00e9gia Concursos\",\"description\":\"O blog da Estrat\u00e9gia Concursos traz not\u00edcias sobre concursos e artigos de professores oferecendo cursos para concursos (pdf + videaulas) no site.\",\"publisher\":{\"@id\":\"https:\/\/www.estrategiaconcursos.com.br\/blog\/#organization\"},\"potentialAction\":[{\"@type\":\"SearchAction\",\"target\":{\"@type\":\"EntryPoint\",\"urlTemplate\":\"https:\/\/www.estrategiaconcursos.com.br\/blog\/?s={search_term_string}\"},\"query-input\":{\"@type\":\"PropertyValueSpecification\",\"valueRequired\":true,\"valueName\":\"search_term_string\"}}],\"inLanguage\":\"pt-BR\"},{\"@type\":\"Organization\",\"@id\":\"https:\/\/www.estrategiaconcursos.com.br\/blog\/#organization\",\"name\":\"Estrat\u00e9gia Concursos\",\"url\":\"https:\/\/www.estrategiaconcursos.com.br\/blog\/\",\"logo\":{\"@type\":\"ImageObject\",\"inLanguage\":\"pt-BR\",\"@id\":\"https:\/\/www.estrategiaconcursos.com.br\/blog\/#\/schema\/logo\/image\/\",\"url\":\"https:\/\/dhg1h5j42swfq.cloudfront.net\/2025\/06\/03203428\/logo_concursos-1.jpg\",\"contentUrl\":\"https:\/\/dhg1h5j42swfq.cloudfront.net\/2025\/06\/03203428\/logo_concursos-1.jpg\",\"width\":230,\"height\":60,\"caption\":\"Estrat\u00e9gia Concursos\"},\"image\":{\"@id\":\"https:\/\/www.estrategiaconcursos.com.br\/blog\/#\/schema\/logo\/image\/\"},\"sameAs\":[\"https:\/\/x.com\/EstratConcursos\"]},{\"@type\":\"Person\",\"@id\":\"https:\/\/www.estrategiaconcursos.com.br\/blog\/#\/schema\/person\/6be195b7a02a8ca214472b848686bb37\",\"name\":\"Marcos Gir\u00e3o\",\"image\":{\"@type\":\"ImageObject\",\"inLanguage\":\"pt-BR\",\"@id\":\"https:\/\/secure.gravatar.com\/avatar\/ac5b9a36e2c99a8280e07b5763e3b764471d5b861c47521bfd2edffdfbb06fbd?s=96&d=mm&r=g\",\"url\":\"https:\/\/secure.gravatar.com\/avatar\/ac5b9a36e2c99a8280e07b5763e3b764471d5b861c47521bfd2edffdfbb06fbd?s=96&d=mm&r=g\",\"contentUrl\":\"https:\/\/secure.gravatar.com\/avatar\/ac5b9a36e2c99a8280e07b5763e3b764471d5b861c47521bfd2edffdfbb06fbd?s=96&d=mm&r=g\",\"caption\":\"Marcos Gir\u00e3o\"},\"url\":\"https:\/\/www.estrategiaconcursos.com.br\/blog\/author\/marcosgiraoestrategiaconcursos-com-br\/\"}]}<\/script>\n<!-- \/ Yoast SEO Premium plugin. -->","yoast_head_json":{"title":"Edital Bombeiro DF: confira todas as informa\u00e7\u00f5es","description":"Confira todas as informa\u00e7\u00f5es sobre o edital bombeiro DF","robots":{"index":"index","follow":"follow","max-snippet":"max-snippet:-1","max-image-preview":"max-image-preview:large","max-video-preview":"max-video-preview:-1"},"canonical":"https:\/\/www.estrategiaconcursos.com.br\/blog\/edital-bombeiro-df-2016\/","og_locale":"pt_BR","og_type":"article","og_title":"Edital Bombeiro DF: confira a an\u00e1lise do Edital 2016 p\/ Oficial BM Combatente!","og_description":"Confira todas as informa\u00e7\u00f5es sobre o edital bombeiro DF","og_url":"https:\/\/www.estrategiaconcursos.com.br\/blog\/edital-bombeiro-df-2016\/","og_site_name":"Estrat\u00e9gia Concursos","article_published_time":"2016-11-10T10:00:11+00:00","article_modified_time":"2025-07-11T20:36:33+00:00","og_image":[{"url":"https:\/\/www.estrategiaconcursos.com.br\/blog\/wp-content\/uploads\/2016\/04\/Bombeiros-DF-1.jpg","type":"","width":"","height":""}],"author":"Marcos Gir\u00e3o","twitter_card":"summary_large_image","twitter_creator":"@EstratConcursos","twitter_site":"@EstratConcursos","twitter_misc":{"Escrito por":"Marcos Gir\u00e3o","Est. tempo de leitura":"8 minutos"},"schema":{"@context":"https:\/\/schema.org","@graph":[{"@type":"NewsArticle","@id":"https:\/\/www.estrategiaconcursos.com.br\/blog\/edital-bombeiro-df-2016\/#article","isPartOf":{"@id":"https:\/\/www.estrategiaconcursos.com.br\/blog\/edital-bombeiro-df-2016\/"},"author":{"name":"Marcos Gir\u00e3o","@id":"https:\/\/www.estrategiaconcursos.com.br\/blog\/#\/schema\/person\/6be195b7a02a8ca214472b848686bb37"},"headline":"Edital Bombeiro DF: confira a an\u00e1lise do Edital 2016 p\/ Oficial BM Combatente!","datePublished":"2016-11-10T10:00:11+00:00","dateModified":"2025-07-11T20:36:33+00:00","mainEntityOfPage":{"@id":"https:\/\/www.estrategiaconcursos.com.br\/blog\/edital-bombeiro-df-2016\/"},"wordCount":1648,"commentCount":15,"publisher":{"@id":"https:\/\/www.estrategiaconcursos.com.br\/blog\/#organization"},"image":{"@id":"https:\/\/www.estrategiaconcursos.com.br\/blog\/edital-bombeiro-df-2016\/#primaryimage"},"thumbnailUrl":"https:\/\/www.estrategiaconcursos.com.br\/blog\/wp-content\/uploads\/2016\/04\/Bombeiros-DF-1.jpg","keywords":["bombeiro df","concurso bombeiro DF","concurso CBMDF","edital bombeiro df","edital cbmdf"],"articleSection":["Concursos P\u00fablicos"],"inLanguage":"pt-BR","potentialAction":[{"@type":"CommentAction","name":"Comment","target":["https:\/\/www.estrategiaconcursos.com.br\/blog\/edital-bombeiro-df-2016\/#respond"]}],"copyrightYear":"2016","copyrightHolder":{"@id":"https:\/\/www.estrategiaconcursos.com.br\/blog\/#organization"}},{"@type":"WebPage","@id":"https:\/\/www.estrategiaconcursos.com.br\/blog\/edital-bombeiro-df-2016\/","url":"https:\/\/www.estrategiaconcursos.com.br\/blog\/edital-bombeiro-df-2016\/","name":"Edital Bombeiro DF: confira todas as informa\u00e7\u00f5es","isPartOf":{"@id":"https:\/\/www.estrategiaconcursos.com.br\/blog\/#website"},"primaryImageOfPage":{"@id":"https:\/\/www.estrategiaconcursos.com.br\/blog\/edital-bombeiro-df-2016\/#primaryimage"},"image":{"@id":"https:\/\/www.estrategiaconcursos.com.br\/blog\/edital-bombeiro-df-2016\/#primaryimage"},"thumbnailUrl":"https:\/\/www.estrategiaconcursos.com.br\/blog\/wp-content\/uploads\/2016\/04\/Bombeiros-DF-1.jpg","datePublished":"2016-11-10T10:00:11+00:00","dateModified":"2025-07-11T20:36:33+00:00","description":"Confira todas as informa\u00e7\u00f5es sobre o edital bombeiro DF","breadcrumb":{"@id":"https:\/\/www.estrategiaconcursos.com.br\/blog\/edital-bombeiro-df-2016\/#breadcrumb"},"inLanguage":"pt-BR","potentialAction":[{"@type":"ReadAction","target":["https:\/\/www.estrategiaconcursos.com.br\/blog\/edital-bombeiro-df-2016\/"]}]},{"@type":"ImageObject","inLanguage":"pt-BR","@id":"https:\/\/www.estrategiaconcursos.com.br\/blog\/edital-bombeiro-df-2016\/#primaryimage","url":"https:\/\/dhg1h5j42swfq.cloudfront.net\/2016\/04\/19174618\/Bombeiros-DF-1.jpg","contentUrl":"https:\/\/dhg1h5j42swfq.cloudfront.net\/2016\/04\/19174618\/Bombeiros-DF-1.jpg","width":1854,"height":1134,"caption":"concurso bombeiro DF prorrogado por mais 2 anos"},{"@type":"BreadcrumbList","@id":"https:\/\/www.estrategiaconcursos.com.br\/blog\/edital-bombeiro-df-2016\/#breadcrumb","itemListElement":[{"@type":"ListItem","position":1,"name":"In\u00edcio","item":"https:\/\/www.estrategiaconcursos.com.br\/blog\/"},{"@type":"ListItem","position":2,"name":"Edital Bombeiro DF: confira a an\u00e1lise do Edital 2016 p\/ Oficial BM Combatente!"}]},{"@type":"WebSite","@id":"https:\/\/www.estrategiaconcursos.com.br\/blog\/#website","url":"https:\/\/www.estrategiaconcursos.com.br\/blog\/","name":"Estrat\u00e9gia Concursos","description":"O blog da Estrat\u00e9gia Concursos traz not\u00edcias sobre concursos e artigos de professores oferecendo cursos para concursos (pdf + videaulas) no site.","publisher":{"@id":"https:\/\/www.estrategiaconcursos.com.br\/blog\/#organization"},"potentialAction":[{"@type":"SearchAction","target":{"@type":"EntryPoint","urlTemplate":"https:\/\/www.estrategiaconcursos.com.br\/blog\/?s={search_term_string}"},"query-input":{"@type":"PropertyValueSpecification","valueRequired":true,"valueName":"search_term_string"}}],"inLanguage":"pt-BR"},{"@type":"Organization","@id":"https:\/\/www.estrategiaconcursos.com.br\/blog\/#organization","name":"Estrat\u00e9gia Concursos","url":"https:\/\/www.estrategiaconcursos.com.br\/blog\/","logo":{"@type":"ImageObject","inLanguage":"pt-BR","@id":"https:\/\/www.estrategiaconcursos.com.br\/blog\/#\/schema\/logo\/image\/","url":"https:\/\/dhg1h5j42swfq.cloudfront.net\/2025\/06\/03203428\/logo_concursos-1.jpg","contentUrl":"https:\/\/dhg1h5j42swfq.cloudfront.net\/2025\/06\/03203428\/logo_concursos-1.jpg","width":230,"height":60,"caption":"Estrat\u00e9gia Concursos"},"image":{"@id":"https:\/\/www.estrategiaconcursos.com.br\/blog\/#\/schema\/logo\/image\/"},"sameAs":["https:\/\/x.com\/EstratConcursos"]},{"@type":"Person","@id":"https:\/\/www.estrategiaconcursos.com.br\/blog\/#\/schema\/person\/6be195b7a02a8ca214472b848686bb37","name":"Marcos Gir\u00e3o","image":{"@type":"ImageObject","inLanguage":"pt-BR","@id":"https:\/\/secure.gravatar.com\/avatar\/ac5b9a36e2c99a8280e07b5763e3b764471d5b861c47521bfd2edffdfbb06fbd?s=96&d=mm&r=g","url":"https:\/\/secure.gravatar.com\/avatar\/ac5b9a36e2c99a8280e07b5763e3b764471d5b861c47521bfd2edffdfbb06fbd?s=96&d=mm&r=g","contentUrl":"https:\/\/secure.gravatar.com\/avatar\/ac5b9a36e2c99a8280e07b5763e3b764471d5b861c47521bfd2edffdfbb06fbd?s=96&d=mm&r=g","caption":"Marcos Gir\u00e3o"},"url":"https:\/\/www.estrategiaconcursos.com.br\/blog\/author\/marcosgiraoestrategiaconcursos-com-br\/"}]}},"_links":{"self":[{"href":"https:\/\/www.estrategiaconcursos.com.br\/blog\/wp-json\/wp\/v2\/posts\/37439","targetHints":{"allow":["GET"]}}],"collection":[{"href":"https:\/\/www.estrategiaconcursos.com.br\/blog\/wp-json\/wp\/v2\/posts"}],"about":[{"href":"https:\/\/www.estrategiaconcursos.com.br\/blog\/wp-json\/wp\/v2\/types\/post"}],"author":[{"embeddable":true,"href":"https:\/\/www.estrategiaconcursos.com.br\/blog\/wp-json\/wp\/v2\/users\/248"}],"replies":[{"embeddable":true,"href":"https:\/\/www.estrategiaconcursos.com.br\/blog\/wp-json\/wp\/v2\/comments?post=37439"}],"version-history":[{"count":77,"href":"https:\/\/www.estrategiaconcursos.com.br\/blog\/wp-json\/wp\/v2\/posts\/37439\/revisions"}],"predecessor-version":[{"id":1606062,"href":"https:\/\/www.estrategiaconcursos.com.br\/blog\/wp-json\/wp\/v2\/posts\/37439\/revisions\/1606062"}],"wp:attachment":[{"href":"https:\/\/www.estrategiaconcursos.com.br\/blog\/wp-json\/wp\/v2\/media?parent=37439"}],"wp:term":[{"taxonomy":"category","embeddable":true,"href":"https:\/\/www.estrategiaconcursos.com.br\/blog\/wp-json\/wp\/v2\/categories?post=37439"},{"taxonomy":"post_tag","embeddable":true,"href":"https:\/\/www.estrategiaconcursos.com.br\/blog\/wp-json\/wp\/v2\/tags?post=37439"},{"taxonomy":"tax_estado","embeddable":true,"href":"https:\/\/www.estrategiaconcursos.com.br\/blog\/wp-json\/wp\/v2\/tax_estado?post=37439"}],"curies":[{"name":"wp","href":"https:\/\/api.w.org\/{rel}","templated":true}]}}