{"id":374077,"date":"2026-03-17T18:23:57","date_gmt":"2026-03-17T21:23:57","guid":{"rendered":"https:\/\/www.estrategiaconcursos.com.br\/blog\/?p=374077"},"modified":"2026-03-17T18:23:59","modified_gmt":"2026-03-17T21:23:59","slug":"concurso-mp-se","status":"publish","type":"post","link":"https:\/\/www.estrategiaconcursos.com.br\/blog\/concurso-mp-se\/","title":{"rendered":"Concurso MP SE: resultados divulgados!"},"content":{"rendered":"\n<p><em><strong>Sal\u00e1rio inicial do concurso MP SE pode chegar a R$ 12.378,00; s\u00e3o vagas para t\u00e9cnico e analista!<\/strong><\/em><\/p>\n\n\n<p><center><a id=\"cta-icon\" href=\"https:\/\/sndflw.com\/i\/mp-se-grupo\" target=\"_blank\" style=\"background:#29a61a; display:inline-flex; align-items:center; padding:10px 15px; border-radius:6px; color:#fff; text-decoration:none; font-weight:500; font-size:15px;\"><img decoding=\"async\" src=\"https:\/\/dhg1h5j42swfq.cloudfront.net\/2023\/12\/07154107\/whatsapp_13851.png\" alt=\"\" style=\"width:20px; height:20px; margin-right:8px;\"><span>Acesse agora o Grupo de Estudos para o Concurso MP SE<\/span><\/a><\/center><\/p>\n\n\n\n<p>O <a href=\"https:\/\/www.estrategiaconcursos.com.br\/cursosPorConcurso\/ministerio-publico-do-estado-de-sergipe-mp-se\/\" target=\"_blank\" rel=\"noreferrer noopener\">Minist\u00e9rio P\u00fablico de Sergipe<\/a> <strong>(MP SE)<\/strong> oferece <strong>28 vagas imediatas, al\u00e9m de forma\u00e7\u00e3o de cadastro reserva<\/strong> para os cargos de <strong>Analista e T\u00e9cnico do Minist\u00e9rio P\u00fablico<\/strong> em diversas especialidades.<\/p>\n\n\n\n<p>De acordo com o edital, sal\u00e1rio inicial \u00e9 de <strong>at\u00e9 R$ 5.474,82<\/strong>, podendo chegar a R$ 12.378,00 mensais, segundo a estrutura remunerat\u00f3ria.<\/p>\n\n\n\n<p>As <strong>provas<\/strong> foram aplicadas no dia <strong>11 de janeiro de 2026<\/strong> e os resultados das provas j\u00e1 podem ser conferidos:<\/p>\n\n\n\n<ul class=\"wp-block-list\">\n<li><a href=\"https:\/\/www.concursosfcc.com.br\/rybena\/web\/index.html?file=https:\/\/www.concursosfcc.com.br\/concursos\/mpese125\/edital__resultado_prova_objetiva_todos_os_cargos_exceto_o_cargo_de_tecnico_adm.pdf\">Todos os cargos, exceto T\u00e9cnico &#8211; \u00e1rea administrativa;<\/a><\/li>\n\n\n\n<li><a href=\"https:\/\/www.concursosfcc.com.br\/rybena\/web\/index.html?file=https:\/\/www.concursosfcc.com.br\/concursos\/mpese125\/edital__resultado_prova_objetiva_discursiva__cargo_de_tecnico_adm_versao_2.pdf\">T\u00e9cnico &#8211; \u00e1rea administrativa.<\/a><\/li>\n<\/ul>\n\n\n\n<p>Veja os detalhes ao longo do artigo!<\/p>\n\n\n\n<ul id=\"block-ee678516-e9d1-48bd-b327-7b9acd55f0fd\" class=\"wp-block-list has-pale-cyan-blue-background-color has-background\">\n<li><strong>Concurso MP SE<\/strong><\/li>\n\n\n\n<li><strong>Status<\/strong>: resultados divulgados<\/li>\n\n\n\n<li><strong style=\"background-color: initial; color: initial;\">Banca<\/strong>: <a href=\"https:\/\/www.concursosfcc.com.br\">FCC<\/a><\/li>\n\n\n\n<li><strong>Vagas:<\/strong> 28 + CR<\/li>\n\n\n\n<li><strong>Cargo<\/strong>: analista e t\u00e9cnico <\/li>\n\n\n\n<li><strong>Sal\u00e1rio inicial:<\/strong> R$ 5.474,82 [de acordo com o edital]<\/li>\n\n\n\n<li><strong>Edital: <\/strong><a href=\"https:\/\/dhg1h5j42swfq.cloudfront.net\/2025\/09\/16095154\/diario-no-2264-de-16-de-setembro-de-2025_assinado-1.pdf\" target=\"_blank\" rel=\"noreferrer noopener\">MP SE 2025<\/a><\/li>\n<\/ul>\n\n\n\n<p>Diante desta nova informa\u00e7\u00e3o, criamos esta p\u00e1gina para voc\u00ea ficar bem informado sobre todos os detalhes e curiosidades sobre o concurso MP SE!<\/p>\n\n\n\n<div class=\"container\" id=\"boxes\">\n  <div class=\"row\">\n\n    <div class=\"col-sm\">\n      <div class=\"banner-tribunal\" id=\"box-assinatura\">\n        <h3 class=\"titulo-assinatura\">Curso MP SE<\/h3>\n        <p class=\"subtitulo-assinatura\">Conhe\u00e7a os cursos<\/p>\n        <div class=\"box-botao\">\n          <a class=\"btn-assinatura\" target=\"_blank\" href=\"https:\/\/www.estrategiaconcursos.com.br\/cursosPorConcurso\/ministerio-publico-do-estado-de-sergipe-mp-se\/\" role=\"button\" rel=\"noopener noreferrer\">Conhe\u00e7a mais<\/a>\n        <\/div>\n      <\/div>\n      <p class=\"texto-auxiliar\">Prepare-se com o melhor material e com quem mais aprova em Concursos P\u00fablicos em todo o pa\u00eds.<\/p>\n    <\/div>\n\n  <\/div>\n<\/div>\n\n\n\n<ul class=\"wp-block-list\">\n<li><strong><a href=\"#atual\">Situa\u00e7\u00e3o atual do concurso<\/a><\/strong>\n<ul class=\"wp-block-list\">\n<li><strong><a href=\"#principais-datas\">Resultados<\/a><\/strong><\/li>\n\n\n\n<li><a href=\"#inscritos\"><strong>Inscritos<\/strong><\/a><\/li>\n\n\n\n<li><strong><a href=\"#LDO\">LDO<\/a><\/strong><\/li>\n<\/ul>\n<\/li>\n\n\n\n<li><a href=\"#cargos-vagas-remuneracoes-e-requisitos\"><strong>Cargos, vagas, remunera\u00e7\u00f5es e requisitos<\/strong><\/a><\/li>\n\n\n\n<li><strong><a href=\"#etapas-e-provas\">Etapas e provas<\/a><\/strong><\/li>\n\n\n\n<li><strong><a href=\"#cargos-vagos\">Cargos vagos<\/a><\/strong><\/li>\n\n\n\n<li><strong><a href=\"#carreira\">Carreira<\/a><\/strong>\n<ul class=\"wp-block-list\">\n<li><strong><a href=\"#requisitos\">Requisitos dos cargos<\/a><\/strong><\/li>\n\n\n\n<li><strong><a href=\"#remuneracoes\">Sal\u00e1rios e Benef\u00edcios<\/a><\/strong><\/li>\n<\/ul>\n<\/li>\n\n\n\n<li><a href=\"#etapas-e-provas\"><strong>Etapas e provas<\/strong><\/a><\/li>\n\n\n\n<li><strong><a href=\"#ultimo\"> \u00daltimo concurso MP SE<\/a><\/strong><\/li>\n\n\n\n<li><strong><a href=\"#guia\">Guia de estudos <\/a><\/strong><\/li>\n\n\n\n<li><strong><a href=\"#curso\">Cursos e Assinaturas<\/a><\/strong><\/li>\n\n\n\n<li><strong><a href=\"#ficha\">Ficha T\u00e9cnica<\/a><\/strong><\/li>\n<\/ul>\n\n\n\n<h2 class=\"wp-block-heading\" id=\"atual\">Concurso MP SE: situa\u00e7\u00e3o atual<\/h2>\n\n\n\n<h3 class=\"wp-block-heading\" id=\"datas\">Resultados<\/h3>\n\n\n\n<ul class=\"wp-block-list\">\n<li><a href=\"https:\/\/www.concursosfcc.com.br\/rybena\/web\/index.html?file=https:\/\/www.concursosfcc.com.br\/concursos\/mpese125\/edital__resultado_prova_objetiva_todos_os_cargos_exceto_o_cargo_de_tecnico_adm.pdf\" target=\"_blank\" rel=\"noreferrer noopener\">Prova objetiva: Todos os cargos, exceto T\u00e9cnico &#8211; \u00e1rea administrativa;<\/a><\/li>\n\n\n\n<li><a href=\"https:\/\/www.concursosfcc.com.br\/rybena\/web\/index.html?file=https:\/\/www.concursosfcc.com.br\/concursos\/mpese125\/edital__resultado_prova_objetiva_discursiva__cargo_de_tecnico_adm_versao_2.pdf\" target=\"_blank\" rel=\"noreferrer noopener\">Prova objetiva e discursiva T\u00e9cnico &#8211; \u00e1rea administrativa<\/a>.<\/li>\n<\/ul>\n\n\n\n<h3 class=\"wp-block-heading\" id=\"inscritos\">Inscritos no MP SE<\/h3>\n\n\n\n<p>O edital do MP SE registrou mais de 16 mil inscritos, conforme o divulgado pela banca FCC. Confira a <a href=\"https:\/\/www.concursosfcc.com.br\/rybena\/web\/index.html?file=https:\/\/www.concursosfcc.com.br\/concursos\/mpese125\/estatistica_geral.pdf\" target=\"_blank\" rel=\"noreferrer noopener\">estat\u00edstica completa<\/a>!<\/p>\n\n\n\n<h3 class=\"wp-block-heading\" id=\"h-ldo-2026\">LDO 2026<\/h3>\n\n\n\n<p>De acordo com a <a href=\"https:\/\/dhg1h5j42swfq.cloudfront.net\/2025\/10\/02201519\/ldo-se-2026-1.pdf\" target=\"_blank\" rel=\"noreferrer noopener\">LDO 2026<\/a> ficam, desde j\u00e1, autorizadas as contrata\u00e7\u00f5es e admiss\u00f5es de pessoal aprovado em concurso p\u00fablico ou em processo seletivo simplificado, notadamente em rela\u00e7\u00e3o ao seguinte cargo, sem preju\u00edzo de outros que se fizerem necess\u00e1rios para T\u00e9cnico e Analista do Minist\u00e9rio P\u00fablico de Sergipe, de acordo com as regras edital\u00edcias.<\/p>\n\n\n\n<h3 class=\"wp-block-heading\" id=\"h-cargos-vagas-requisitos-e-remuneracoes\">Cargos, vagas, requisitos e remunera\u00e7\u00f5es<\/h3>\n\n\n\n<h4 class=\"wp-block-heading\" id=\"h-nivel-medio\">N\u00edvel m\u00e9dio<\/h4>\n\n\n\n<figure class=\"wp-block-table is-style-stripes\"><table class=\"has-fixed-layout\"><thead><tr><th class=\"has-text-align-center\" data-align=\"center\">CARGOS<\/th><th class=\"has-text-align-center\" data-align=\"center\">VAGAS<\/th><th>REQUISITO<\/th><th class=\"has-text-align-center\" data-align=\"center\">SAL\u00c1RIO<\/th><\/tr><\/thead><tbody><tr><td class=\"has-text-align-center\" data-align=\"center\">T\u00e9cnico do<br \/>Minist\u00e9rio P\u00fablico &#8211;<br \/>(\u00c1rea<br \/>Administrativa)<\/td><td class=\"has-text-align-center\" data-align=\"center\">10<\/td><td>Diploma de curso<br \/>m\u00e9dio completo,<br \/>devidamente<br \/>registrado,<br \/>fornecido por<br \/>Institui\u00e7\u00e3o de<br \/>Ensino<br \/>reconhecida pelo<br \/>Minist\u00e9rio da<br \/>Educa\u00e7\u00e3o<\/td><td class=\"has-text-align-center\" data-align=\"center\">R$ 2.832,80<\/td><\/tr><tr><td class=\"has-text-align-center\" data-align=\"center\">T\u00e9cnico do<br \/>Minist\u00e9rio P\u00fablico &#8211;<br \/>Manuten\u00e7\u00e3o e<br \/>Suporte de<br \/>Equipamentos de<br \/>Inform\u00e1tica e<br \/>Softwares<\/td><td class=\"has-text-align-center\" data-align=\"center\">05<\/td><td>Diploma de curso<br \/>m\u00e9dio completo,<br \/>devidamente<br \/>registrado,<br \/>fornecido por<br \/>Institui\u00e7\u00e3o de<br \/>Ensino<br \/>reconhecida pelo<br \/>Minist\u00e9rio da<br \/>Educa\u00e7\u00e3o,<br \/>acrescido de<br \/>cursos nas \u00e1reas<br \/>de Inform\u00e1tica,<br \/>Tecnologia da<br \/>Informa\u00e7\u00e3o,<br \/>Ci\u00eancia da<br \/>Computa\u00e7\u00e3o, ou<br \/>Intelig\u00eancia<br \/>Artificial<br \/>totalizando, no<br \/>m\u00ednimo, 120<br \/>horas\/aulas.<\/td><td class=\"has-text-align-center\" data-align=\"center\">R$ 2.832,80<\/td><\/tr><\/tbody><\/table><\/figure>\n\n\n\n<h4 class=\"wp-block-heading\" id=\"h-nivel-superior\">N\u00edvel superior<\/h4>\n\n\n\n<figure class=\"wp-block-table is-style-stripes\"><table class=\"has-fixed-layout\"><thead><tr><th class=\"has-text-align-center\" data-align=\"center\">CARGOS<\/th><th class=\"has-text-align-center\" data-align=\"center\">VAGAS<\/th><th>REQUISITOS<\/th><th class=\"has-text-align-center\" data-align=\"center\">SAL\u00c1RIO<\/th><\/tr><\/thead><tbody><tr><td class=\"has-text-align-center\" data-align=\"center\">Analista do<br \/>Minist\u00e9rio P\u00fablico &#8211;<br \/>Tecnologia da<br \/>Informa\u00e7\u00e3o: Banco<br \/>de Dados<\/td><td class=\"has-text-align-center\" data-align=\"center\">01<\/td><td>Diploma de curso<br \/>superior, inclusive<br \/>Licenciatura Plena<br \/>e Tecn\u00f3logo,<br \/>devidamente<br \/>registrado e<br \/>fornecido por<br \/>Institui\u00e7\u00e3o de<br \/>Ensino Superior<br \/>reconhecida pelo<br \/>Minist\u00e9rio da<br \/>Educa\u00e7\u00e3o, nas<br \/>\u00e1reas de Ci\u00eancia<br \/>da Computa\u00e7\u00e3o,<br \/>Tecnologia da<br \/>Informa\u00e7\u00e3o ou<br \/>Intelig\u00eancia<br \/>Artificial<\/td><td class=\"has-text-align-center\" data-align=\"center\">R$ 5.474,82<\/td><\/tr><tr><td class=\"has-text-align-center\" data-align=\"center\">Analista do<br \/>Minist\u00e9rio P\u00fablico &#8211;<br \/>Tecnologia da<br \/>Informa\u00e7\u00e3o:<br \/>Desenvolvimento<\/td><td class=\"has-text-align-center\" data-align=\"center\">05<\/td><td>Diploma de curso<br \/>superior, inclusive<br \/>Licenciatura Plena<br \/>e Tecn\u00f3logo,<br \/>devidamente<br \/>registrado e<br \/>fornecido por<br \/>Institui\u00e7\u00e3o de<br \/>Ensino Superior<br \/>reconhecida pelo<br \/>Minist\u00e9rio da<br \/>Educa\u00e7\u00e3o, nas<br \/>\u00e1reas de Ci\u00eancia<br \/>da Computa\u00e7\u00e3o,<br \/>Tecnologia da<br \/>Informa\u00e7\u00e3o ou<br \/>Intelig\u00eancia<br \/>Artificial<\/td><td class=\"has-text-align-center\" data-align=\"center\">R$ 5.474,82<\/td><\/tr><tr><td class=\"has-text-align-center\" data-align=\"center\">Analista do<br \/>Minist\u00e9rio P\u00fablico &#8211;<br \/>Tecnologia da<br \/>Informa\u00e7\u00e3o:<br \/>Infraestrutura<\/td><td class=\"has-text-align-center\" data-align=\"center\">01<\/td><td>Diploma de curso<br \/>superior, inclusive<br \/>Licenciatura Plena<br \/>e Tecn\u00f3logo,<br \/>devidamente<br \/>registrado e<br \/>fornecido por<br \/>Institui\u00e7\u00e3o de<br \/>Ensino Superior<br \/>reconhecida pelo<br \/>Minist\u00e9rio da<br \/>Educa\u00e7\u00e3o, nas<br \/>\u00e1reas de Ci\u00eancia<br \/>da Computa\u00e7\u00e3o,<br \/>Tecnologia da<br \/>Informa\u00e7\u00e3o ou<br \/>Intelig\u00eancia<br \/>Artificial<\/td><td class=\"has-text-align-center\" data-align=\"center\">R$ 5.474,82<\/td><\/tr><tr><td class=\"has-text-align-center\" data-align=\"center\">Analista do<br \/>Minist\u00e9rio P\u00fablico &#8211;<br \/>Tecnologia da<br \/>Informa\u00e7\u00e3o:<br \/>Seguran\u00e7a da<br \/>Informa\u00e7\u00e3o e<br \/>Prote\u00e7\u00e3o de Dados<\/td><td class=\"has-text-align-center\" data-align=\"center\">01<\/td><td>Diploma de curso<br \/>superior, inclusive<br \/>Licenciatura Plena<br \/>e Tecn\u00f3logo,<br \/>devidamente<br \/>registrado e<br \/>fornecido por<br \/>Institui\u00e7\u00e3o de<br \/>Ensino Superior<br \/>reconhecida pelo<br \/>Minist\u00e9rio da<br \/>Educa\u00e7\u00e3o, nas<br \/>\u00e1reas de Ci\u00eancia<br \/>da Computa\u00e7\u00e3o,<br \/>Tecnologia da<br \/>Informa\u00e7\u00e3o ou<br \/>Intelig\u00eancia<br \/>Artificial<\/td><td class=\"has-text-align-center\" data-align=\"center\">R$ 5.474,82<\/td><\/tr><tr><td class=\"has-text-align-center\" data-align=\"center\">Analista do<br \/>Minist\u00e9rio P\u00fablico &#8211;<br \/>Medicina: Cl\u00ednica<br \/>Geral e Per\u00edcia<\/td><td class=\"has-text-align-center\" data-align=\"center\">CR<\/td><td>Diploma de<br \/>Gradua\u00e7\u00e3o em<br \/>Medicina,<br \/>fornecido por<br \/>Institui\u00e7\u00e3o de<br \/>Ensino Superior<br \/>reconhecida pelo<br \/>Minist\u00e9rio da<br \/>Educa\u00e7\u00e3o, t\u00edtulo de<br \/>Especialista ou<br \/>resid\u00eancia em<br \/>Cl\u00ednica M\u00e9dica e<br \/>Registro de<br \/>Qualifica\u00e7\u00e3o de<br \/>Especialista (RQE)<br \/>na \u00e1rea de Cl\u00ednica<br \/>M\u00e9dica.<\/td><td class=\"has-text-align-center\" data-align=\"center\">R$ 5.474,82<\/td><\/tr><tr><td class=\"has-text-align-center\" data-align=\"center\">Analista do<br \/>Minist\u00e9rio P\u00fablico &#8211;<br \/>Medicina:<br \/>Psiquiatria e<br \/>Per\u00edcia<\/td><td class=\"has-text-align-center\" data-align=\"center\">01<\/td><td>Diploma de<br \/>Gradua\u00e7\u00e3o em<br \/>Medicina, fornecido<br \/>por Institui\u00e7\u00e3o de<br \/>Ensino Superior<br \/>reconhecida pelo<br \/>Minist\u00e9rio da<br \/>Educa\u00e7\u00e3o;<br \/>Registro de<br \/>Qualifica\u00e7\u00e3o de<br \/>Especialista (RQE)<br \/>na \u00e1rea de<br \/>Psiquiatria; e<br \/>Registro de<br \/>Qualifica\u00e7\u00e3o de<br \/>Especialista (RQE)<br \/>na \u00e1rea de Per\u00edcia<br \/>M\u00e9dica.<\/td><td class=\"has-text-align-center\" data-align=\"center\">R$ 5.474,82<\/td><\/tr><tr><td class=\"has-text-align-center\" data-align=\"center\">Analista do<br \/>Minist\u00e9rio P\u00fablico &#8211;<br \/>Ci\u00eancias Cont\u00e1beis<\/td><td class=\"has-text-align-center\" data-align=\"center\">01<\/td><td>Diploma de<br \/>Gradua\u00e7\u00e3o em<br \/>Ci\u00eancias<br \/>Cont\u00e1beis,<br \/>devidamente<br \/>registrado,<br \/>fornecido por<br \/>Institui\u00e7\u00e3o de<br \/>Ensino Superior<br \/>reconhecida pelo<br \/>Minist\u00e9rio da<br \/>Educa\u00e7\u00e3o; e<br \/>Registro no<br \/>Conselho de<br \/>Classe.<\/td><td class=\"has-text-align-center\" data-align=\"center\">R$ 5.474,82<\/td><\/tr><tr><td class=\"has-text-align-center\" data-align=\"center\">Analista do<br \/>Minist\u00e9rio P\u00fablico &#8211;<br \/>Estat\u00edstica<\/td><td class=\"has-text-align-center\" data-align=\"center\">01<\/td><td>Diploma de<br \/>Gradua\u00e7\u00e3o em<br \/>Estat\u00edstica,<br \/>devidamente<br \/>registrado,<br \/>fornecido por<br \/>Institui\u00e7\u00e3o de<br \/>Ensino Superior<br \/>reconhecida pelo<br \/>Minist\u00e9rio da<br \/>Educa\u00e7\u00e3o; e<br \/>Registro no<br \/>Conselho de<br \/>Classe.<\/td><td class=\"has-text-align-center\" data-align=\"center\">R$ 5.474,82<\/td><\/tr><tr><td class=\"has-text-align-center\" data-align=\"center\">Analista do<br \/>Minist\u00e9rio P\u00fablico &#8211;<br \/>Pedagogia<\/td><td class=\"has-text-align-center\" data-align=\"center\">01<\/td><td>Diploma de<br \/>Gradua\u00e7\u00e3o em<br \/>Pedagogia,<br \/>fornecido por<br \/>Institui\u00e7\u00e3o de<br \/>Ensino Superior<br \/>reconhecida pelo<br \/>Minist\u00e9rio da<br \/>Educa\u00e7\u00e3o; e<br \/>Registro no<br \/>Conselho de<br \/>Classe.<\/td><td class=\"has-text-align-center\" data-align=\"center\">R$ 5.474,82<\/td><\/tr><tr><td class=\"has-text-align-center\" data-align=\"center\">Analista do<br \/>Minist\u00e9rio P\u00fablico &#8211;<br \/>Psicologia<\/td><td class=\"has-text-align-center\" data-align=\"center\">01<\/td><td>Diploma de<br \/>Gradua\u00e7\u00e3o em<br \/>Psicologia,<br \/>fornecido por<br \/>Institui\u00e7\u00e3o de<br \/>Ensino Superior<br \/>reconhecida pelo<br \/>Minist\u00e9rio da<br \/>Educa\u00e7\u00e3o; e<br \/>Registro no<br \/>Conselho de<br \/>Classe.<\/td><td class=\"has-text-align-center\" data-align=\"center\">R$ 5.474,82<\/td><\/tr><\/tbody><\/table><\/figure>\n\n\n\n<h2 class=\"wp-block-heading\" id=\"etapas\">Etapas e provas do concurso MP SE<\/h2>\n\n\n\n<p>Os candidatos inscritos ser\u00e3o avaliados por meio da aplica\u00e7\u00e3o das seguintes etapas:<\/p>\n\n\n\n<ul class=\"wp-block-list\">\n<li><strong>Prova Objetiva<\/strong> \u2013 eliminat\u00f3rio e classificat\u00f3rio;<\/li>\n\n\n\n<li><strong>Prova Discursiva<\/strong> \u2013 eliminat\u00f3rio e classificat\u00f3rio;<\/li>\n<\/ul>\n\n\n\n<h3 class=\"wp-block-heading\" id=\"objetiva\">Provas Objetivas<\/h3>\n\n\n\n<p>As Provas Objetivas de Conhecimentos Gerais e de Conhecimentos Espec\u00edficos, para todos os Cargos\/\u00c1reas\/Habilita\u00e7\u00f5es, constaram de quest\u00f5es objetivas de m\u00faltipla escolha (com cinco alternativas cada quest\u00e3o), de car\u00e1ter habilitat\u00f3rio e classificat\u00f3rio.<\/p>\n\n\n\n<p>As avalia\u00e7\u00f5es objetivas do concurso MP SE foram compostas por <strong>70 quest\u00f5es<\/strong> de m\u00faltipla escolha, com 5 alternativas em cada quest\u00e3o e apenas uma resposta correta. Foram cobradas quest\u00f5es de:<\/p>\n\n\n\n<figure class=\"wp-block-table is-style-stripes\"><table class=\"has-fixed-layout\"><tbody><tr><td class=\"has-text-align-center\" data-align=\"center\"><strong>Conhecimentos<\/strong><\/td><td class=\"has-text-align-center\" data-align=\"center\"><strong>Total de<br \/>Quest\u00f5es<\/strong><\/td><\/tr><tr><td class=\"has-text-align-center\" data-align=\"center\">Conhecimentos<br \/>Gerais<\/td><td class=\"has-text-align-center\" data-align=\"center\">30<\/td><\/tr><tr><td class=\"has-text-align-center\" data-align=\"center\">Conhecimentos<br \/>Espec\u00edficos<\/td><td class=\"has-text-align-center\" data-align=\"center\">40<\/td><\/tr><tr><td class=\"has-text-align-center\" data-align=\"center\"><strong>Total<\/strong><\/td><td class=\"has-text-align-center\" data-align=\"center\">70<\/td><\/tr><\/tbody><\/table><\/figure>\n\n\n\n<h3 class=\"wp-block-heading\" id=\"discursiva\">Prova Discursiva<\/h3>\n\n\n\n<p>Para o cargo de T\u00e9cnico do Minist\u00e9rio P\u00fablico &#8211; \u00c1rea Administrativa, a Prova Discursiva-Reda\u00e7\u00e3o foi aplicada no mesmo dia e hor\u00e1rio das Provas Objetivas de Conhecimentos Gerais e Conhecimentos Espec\u00edficos.<\/p>\n\n\n\n<h2 class=\"wp-block-heading\" id=\"h-concurso-mp-se-cargos-vagos\">Concurso MP SE: cargos vagos <\/h2>\n\n\n\n<p>De acordo com o <a href=\"https:\/\/www.mpse.mp.br\/index.php\/transparenciampse\/gestao-de-pessoas\/portal-da-transparencia-cargos-vagos-e-ocupados\/portal-da-transparencia-servidor-cargos-vagos-e-ocupados\/\" target=\"_blank\" rel=\"noreferrer noopener\">Portal da Transpar\u00eancia<\/a>, o MP SE conta com 44 cargos vagos (dados de dezembro de 2025), sendo:<\/p>\n\n\n\n<figure class=\"wp-block-image aligncenter size-full\"><img loading=\"lazy\" decoding=\"async\" width=\"886\" height=\"715\" src=\"https:\/\/dhg1h5j42swfq.cloudfront.net\/2026\/01\/14102142\/mp-se-cargos-vagos.png\" alt=\"cargos vagos do MP SE, de acordo com o Portal da Transpar\u00eancia\" class=\"wp-image-1699114\" srcset=\"https:\/\/dhg1h5j42swfq.cloudfront.net\/2026\/01\/14102142\/mp-se-cargos-vagos.png 886w, https:\/\/dhg1h5j42swfq.cloudfront.net\/2026\/01\/14102142\/mp-se-cargos-vagos-300x242.png 300w, https:\/\/dhg1h5j42swfq.cloudfront.net\/2026\/01\/14102142\/mp-se-cargos-vagos-768x620.png 768w, https:\/\/dhg1h5j42swfq.cloudfront.net\/2026\/01\/14102142\/mp-se-cargos-vagos-150x121.png 150w\" sizes=\"auto, (max-width: 886px) 100vw, 886px\" \/><\/figure>\n\n\n\n<p><\/p>\n\n\n\n<h2 class=\"wp-block-heading\" id=\"carreira\">Carreira no MP SE<\/h2>\n\n\n\n<h3 class=\"wp-block-heading\" id=\"requisitos\">Requisitos <\/h3>\n\n\n\n<p>O requisito m\u00ednimo para se tomar posse \u00e9:<\/p>\n\n\n\n<ul class=\"wp-block-list\">\n<li>I \u2013 ser brasileiro, nos termos do art. 12 da Constitui\u00e7\u00e3o Federal;<\/li>\n\n\n\n<li>II \u2013 ter escolaridade exigida para o provimento do cargo ao qual pretende concorrer, nos termos deste Regulamento;<\/li>\n\n\n\n<li>III \u2013 estar quite com o servi\u00e7o militar, para os candidatos do sexo masculino;<\/li>\n\n\n\n<li>IV \u2013 estar quite com as obriga\u00e7\u00f5es eleitorais e em pleno gozo dos direitos pol\u00edticos;<\/li>\n\n\n\n<li>V \u2013 gozar de sa\u00fade f\u00edsica e mental.<\/li>\n<\/ul>\n\n\n\n<p>S\u00e3o requisitos de escolaridade para ingresso nas carreiras dos servi\u00e7os auxiliares do Minist\u00e9rio P\u00fablico:<\/p>\n\n\n\n<ul class=\"wp-block-list\">\n<li>I \u2013 para a carreira de&nbsp;<strong>T\u00e9cnico do Minist\u00e9rio P\u00fablico<\/strong>, diploma de&nbsp;<strong>ensino m\u00e9dio<\/strong>;<\/li>\n\n\n\n<li>II \u2013 para a carreira de&nbsp;<strong>Analista do Minist\u00e9rio P\u00fablico<\/strong>, diploma de<strong>&nbsp;ensino superior<\/strong>.<\/li>\n<\/ul>\n\n\n\n<h3 class=\"wp-block-heading\" id=\"remuneracoes\">Sal\u00e1rios e Benef\u00edcios <\/h3>\n\n\n\n<p>Conforme a normativa acerca do <a href=\"https:\/\/www.mpse.mp.br\/index.php\/transparenciampse\/gestao-de-pessoas\/portal-da-transparencia-cargos-em-comissao-e-funcoes-de-confianca-ocupados-e-vagos-por-membros-e-servidores\/cargos-em-comissao-2\/\" target=\"_blank\" rel=\"noreferrer noopener\">plano de carreira e estrutura remunerat\u00f3ria de servidores<\/a> atualizada em 02 de junho de 2025, os sal\u00e1rios s\u00e3o de:<\/p>\n\n\n\n<h3 class=\"wp-block-heading\" id=\"h-salarios-para-jornada-de-30-horas-semanais\">Sal\u00e1rios para jornada de 30 horas semanais<\/h3>\n\n\n\n<figure class=\"wp-block-table is-style-stripes\"><table class=\"has-fixed-layout\"><thead><tr><th class=\"has-text-align-center\" data-align=\"center\">Refer\u00eancia<\/th><th class=\"has-text-align-center\" data-align=\"center\">T\u00e9cnico do MP (NM-1)<\/th><th class=\"has-text-align-center\" data-align=\"center\">Analista do MP (NS-1)<\/th><\/tr><\/thead><tbody><tr><td class=\"has-text-align-center\" data-align=\"center\">1<\/td><td class=\"has-text-align-center\" data-align=\"center\">R$ 1.419,93<\/td><td class=\"has-text-align-center\" data-align=\"center\">R$ 2.744,28<\/td><\/tr><tr><td class=\"has-text-align-center\" data-align=\"center\">2<\/td><td class=\"has-text-align-center\" data-align=\"center\">R$ 1.505,13<\/td><td class=\"has-text-align-center\" data-align=\"center\">R$ 2.908,94<\/td><\/tr><tr><td class=\"has-text-align-center\" data-align=\"center\">3<\/td><td class=\"has-text-align-center\" data-align=\"center\">R$ 1.595,44<\/td><td class=\"has-text-align-center\" data-align=\"center\">R$ 3.088,48<\/td><\/tr><tr><td class=\"has-text-align-center\" data-align=\"center\">4<\/td><td class=\"has-text-align-center\" data-align=\"center\">R$ 1.691,77<\/td><td class=\"has-text-align-center\" data-align=\"center\">R$ 3.265,49<\/td><\/tr><tr><td class=\"has-text-align-center\" data-align=\"center\">5<\/td><td class=\"has-text-align-center\" data-align=\"center\">R$ 1.792,60<\/td><td class=\"has-text-align-center\" data-align=\"center\">R$ 3.460,46<\/td><\/tr><tr><td class=\"has-text-align-center\" data-align=\"center\">6<\/td><td class=\"has-text-align-center\" data-align=\"center\">R$ 1.900,20<\/td><td class=\"has-text-align-center\" data-align=\"center\">R$ 3.672,82<\/td><\/tr><tr><td class=\"has-text-align-center\" data-align=\"center\">7<\/td><td class=\"has-text-align-center\" data-align=\"center\">R$ 2.014,04<\/td><td class=\"has-text-align-center\" data-align=\"center\">R$ 3.903,00<\/td><\/tr><tr><td class=\"has-text-align-center\" data-align=\"center\">8<\/td><td class=\"has-text-align-center\" data-align=\"center\">R$ 2.135,06<\/td><td class=\"has-text-align-center\" data-align=\"center\">R$ 4.126,48<\/td><\/tr><tr><td class=\"has-text-align-center\" data-align=\"center\">9<\/td><td class=\"has-text-align-center\" data-align=\"center\">R$ 2.238,16<\/td><td class=\"has-text-align-center\" data-align=\"center\">R$ 4.374,96<\/td><\/tr><tr><td class=\"has-text-align-center\" data-align=\"center\">10<\/td><td class=\"has-text-align-center\" data-align=\"center\">R$ 2.349,93<\/td><td class=\"has-text-align-center\" data-align=\"center\">R$ 4.633,46<\/td><\/tr><tr><td class=\"has-text-align-center\" data-align=\"center\">11<\/td><td class=\"has-text-align-center\" data-align=\"center\">R$ 2.542,89<\/td><td class=\"has-text-align-center\" data-align=\"center\">R$ 4.914,69<\/td><\/tr><tr><td class=\"has-text-align-center\" data-align=\"center\">12<\/td><td class=\"has-text-align-center\" data-align=\"center\">R$ 2.699,46<\/td><td class=\"has-text-align-center\" data-align=\"center\">R$ 5.227,55<\/td><\/tr><tr><td class=\"has-text-align-center\" data-align=\"center\">13<\/td><td class=\"has-text-align-center\" data-align=\"center\">R$ 2.875,19<\/td><td class=\"has-text-align-center\" data-align=\"center\">R$ 5.520,65<\/td><\/tr><tr><td class=\"has-text-align-center\" data-align=\"center\">14<\/td><td class=\"has-text-align-center\" data-align=\"center\">R$ 3.026,62<\/td><td class=\"has-text-align-center\" data-align=\"center\">R$ 5.853,38<\/td><\/tr><tr><td class=\"has-text-align-center\" data-align=\"center\">15<\/td><td class=\"has-text-align-center\" data-align=\"center\">R$ 3.210,34<\/td><td class=\"has-text-align-center\" data-align=\"center\">R$ 6.204,58<\/td><\/tr><\/tbody><\/table><\/figure>\n\n\n\n<hr class=\"wp-block-separator has-alpha-channel-opacity\"\/>\n\n\n\n<h3 class=\"wp-block-heading\" id=\"h-salarios-para-jornada-de-40-horas-semanais\">Sal\u00e1rios para jornada de 40 horas semanais<\/h3>\n\n\n\n<figure class=\"wp-block-table is-style-stripes\"><table class=\"has-fixed-layout\"><thead><tr><th class=\"has-text-align-center\" data-align=\"center\">Refer\u00eancia<\/th><th class=\"has-text-align-center\" data-align=\"center\">T\u00e9cnico do MP (NM-1)<\/th><th class=\"has-text-align-center\" data-align=\"center\">Analista do MP (NS-1)<\/th><\/tr><\/thead><tbody><tr><td class=\"has-text-align-center\" data-align=\"center\">1<\/td><td class=\"has-text-align-center\" data-align=\"center\">R$ 2.832,80<\/td><td class=\"has-text-align-center\" data-align=\"center\">R$ 5.474,82<\/td><\/tr><tr><td class=\"has-text-align-center\" data-align=\"center\">2<\/td><td class=\"has-text-align-center\" data-align=\"center\">R$ 3.002,76<\/td><td class=\"has-text-align-center\" data-align=\"center\">R$ 5.803,31<\/td><\/tr><tr><td class=\"has-text-align-center\" data-align=\"center\">3<\/td><td class=\"has-text-align-center\" data-align=\"center\">R$ 3.182,93<\/td><td class=\"has-text-align-center\" data-align=\"center\">R$ 6.151,96<\/td><\/tr><tr><td class=\"has-text-align-center\" data-align=\"center\">4<\/td><td class=\"has-text-align-center\" data-align=\"center\">R$ 3.373,90<\/td><td class=\"has-text-align-center\" data-align=\"center\">R$ 6.510,59<\/td><\/tr><tr><td class=\"has-text-align-center\" data-align=\"center\">5<\/td><td class=\"has-text-align-center\" data-align=\"center\">R$ 3.576,33<\/td><td class=\"has-text-align-center\" data-align=\"center\">R$ 6.891,06<\/td><\/tr><tr><td class=\"has-text-align-center\" data-align=\"center\">6<\/td><td class=\"has-text-align-center\" data-align=\"center\">R$ 3.790,91<\/td><td class=\"has-text-align-center\" data-align=\"center\">R$ 7.326,54<\/td><\/tr><tr><td class=\"has-text-align-center\" data-align=\"center\">7<\/td><td class=\"has-text-align-center\" data-align=\"center\">R$ 4.018,36<\/td><td class=\"has-text-align-center\" data-align=\"center\">R$ 7.774,26<\/td><\/tr><tr><td class=\"has-text-align-center\" data-align=\"center\">8<\/td><td class=\"has-text-align-center\" data-align=\"center\">R$ 4.259,46<\/td><td class=\"has-text-align-center\" data-align=\"center\">R$ 8.232,11<\/td><\/tr><tr><td class=\"has-text-align-center\" data-align=\"center\">9<\/td><td class=\"has-text-align-center\" data-align=\"center\">R$ 4.515,03<\/td><td class=\"has-text-align-center\" data-align=\"center\">R$ 8.720,44<\/td><\/tr><tr><td class=\"has-text-align-center\" data-align=\"center\">10<\/td><td class=\"has-text-align-center\" data-align=\"center\">R$ 4.785,93<\/td><td class=\"has-text-align-center\" data-align=\"center\">R$ 9.249,60<\/td><\/tr><tr><td class=\"has-text-align-center\" data-align=\"center\">11<\/td><td class=\"has-text-align-center\" data-align=\"center\">R$ 5.073,09<\/td><td class=\"has-text-align-center\" data-align=\"center\">R$ 9.804,57<\/td><\/tr><tr><td class=\"has-text-align-center\" data-align=\"center\">12<\/td><td class=\"has-text-align-center\" data-align=\"center\">R$ 5.377,47<\/td><td class=\"has-text-align-center\" data-align=\"center\">R$ 10.392,85<\/td><\/tr><tr><td class=\"has-text-align-center\" data-align=\"center\">13<\/td><td class=\"has-text-align-center\" data-align=\"center\">R$ 5.700,11<\/td><td class=\"has-text-align-center\" data-align=\"center\">R$ 11.016,42<\/td><\/tr><tr><td class=\"has-text-align-center\" data-align=\"center\">14<\/td><td class=\"has-text-align-center\" data-align=\"center\">R$ 6.042,12<\/td><td class=\"has-text-align-center\" data-align=\"center\">R$ 11.677,41<\/td><\/tr><tr><td class=\"has-text-align-center\" data-align=\"center\">15<\/td><td class=\"has-text-align-center\" data-align=\"center\">R$ 6.404,64<\/td><td class=\"has-text-align-center\" data-align=\"center\">R$ 12.378,05<\/td><\/tr><\/tbody><\/table><\/figure>\n\n\n\n<hr class=\"wp-block-separator has-alpha-channel-opacity\"\/>\n\n\n\n<h2 class=\"wp-block-heading\" id=\"ultimo\">\u00daltimo concurso MP SE<\/h2>\n\n\n\n<p>O \u00faltimo concurso MP SE aconteceu em <strong>2013<\/strong> teve a banca Funda\u00e7\u00e3o Carlos Chagas (FCC) como banca organizadora. Foram ofertadas <strong>7 vagas + cadastro de reserva<\/strong> para o cargo de Analista e <strong>3 vagas + cadastro de reserva<\/strong> para o cargo de T\u00e9cnico.<\/p>\n\n\n\n<p>A maioria dos cargos contaram com uma \u00fanica etapa, que foi uma prova objetiva de 70 quest\u00f5es. O \u00fanico cargo que contou com uma etapa a mais foi o cardo de Analista para a especialidade de Direito, onde tamb\u00e9m foi cobrada uma prova discursiva.<\/p>\n\n\n\n<p>Na \u00e9poca que foi publicado, o edital ofertava uma remunera\u00e7\u00e3o inicial de <strong>R$ 1.729,90 para Analista<\/strong> e <strong>R$ 895,09 para T\u00e9cnico.<\/strong><\/p>\n\n\n\n<p>Confira abaixo a estrutura completa das provas para cada cargo e especialidade:<\/p>\n\n\n\n<h4 class=\"wp-block-heading\"><strong>Analista do Minist\u00e9rio P\u00fablico<\/strong> &#8211; <strong>\u00c1rea Direito<\/strong><\/h4>\n\n\n\n<ul class=\"wp-block-list\">\n<li>Provas Objetivas: <\/li>\n\n\n\n<li>Conhecimentos Gerais &#8211; Total de 20 quest\u00f5es com peso 1<\/li>\n\n\n\n<li><em>L\u00edngua Portuguesa <\/em><\/li>\n\n\n\n<li><em>Organiza\u00e7\u00e3o do Minist\u00e9rio P\u00fablico <\/em><\/li>\n\n\n\n<li>Conhecimentos Espec\u00edficos &#8211; Total de 50 com peso 3<\/li>\n\n\n\n<li>Prova Discursiva: uma quest\u00e3o discursiva sobre tema relacionado com a disciplina de Direitos Difusos e Coletivos de Conhecimentos Espec\u00edficos <\/li>\n\n\n\n<li>Dura\u00e7\u00e3o da avalia\u00e7\u00e3o: 5 horas<\/li>\n<\/ul>\n\n\n\n<h4 class=\"wp-block-heading\"><strong>Analista do Minist\u00e9rio P\u00fablico<\/strong> &#8211;<em> <\/em><strong>\u00c1reas Inform\u00e1tica I e Inform\u00e1tica II<\/strong><\/h4>\n\n\n\n<p>Provas Objetivas: <\/p>\n\n\n\n<ul class=\"wp-block-list\">\n<li>Conhecimentos Gerais &#8211; Total de 30 quest\u00f5es com peso 1<\/li>\n\n\n\n<li><em>L\u00edngua Portuguesa  <\/em><\/li>\n\n\n\n<li><em>Organiza\u00e7\u00e3o do Minist\u00e9rio P\u00fablico <\/em><\/li>\n\n\n\n<li>Conhecimentos Espec\u00edficos &#8211; Total de 40 quest\u00f5es com peso 3<\/li>\n\n\n\n<li> Dura\u00e7\u00e3o da avalia\u00e7\u00e3o: 4 horas<\/li>\n<\/ul>\n\n\n\n<h4 class=\"wp-block-heading\">\n\nNota de Corte &#8211; Analista\n\n<\/h4>\n\n\n\n<p><span style=\"text-decoration: underline;\">A nota de corte para todas as \u00e1reas do cargo de Analista foi de <\/span><em><span style=\"text-decoration: underline;\">200 pontos<\/span><\/em><span style=\"text-decoration: underline;\">.<\/span><\/p>\n\n\n\n<h4 class=\"wp-block-heading\"><strong>T\u00e9cnico do Minist\u00e9rio P\u00fablico<\/strong> &#8211; <strong>\u00c1reas Administrativa e Manuten\u00e7\u00e3o e Suporte de Equipamentos de Inform\u00e1tica e Softwares <\/strong><\/h4>\n\n\n\n<ul class=\"wp-block-list\">\n<li> Provas Objetivas: <\/li>\n\n\n\n<li>Conhecimentos Gerais &#8211; Total de 30 quest\u00f5es com peso 1<\/li>\n\n\n\n<li><em>L\u00edngua Portuguesa  <\/em><\/li>\n\n\n\n<li><em>Organiza\u00e7\u00e3o do Minist\u00e9rio P\u00fablico <\/em><\/li>\n\n\n\n<li>Conhecimentos Espec\u00edficos &#8211; Total de 40 quest\u00f5es com peso 2<\/li>\n\n\n\n<li> Dura\u00e7\u00e3o da avalia\u00e7\u00e3o: 4 horas <\/li>\n<\/ul>\n\n\n\n<h4 class=\"wp-block-heading\"> Nota de Corte &#8211; T\u00e9cnico <\/h4>\n\n\n\n<p><span style=\"text-decoration: underline;\">A nota de corte para todas as \u00e1reas do cargo de T\u00e9cnico foi de <\/span><em><span style=\"text-decoration: underline;\">150 pontos<\/span><\/em><span style=\"text-decoration: underline;\">.<\/span><\/p>\n\n\n\n<h2 class=\"wp-block-heading\" id=\"guia\">Guia de estudos MP SE<\/h2>\n\n\n\n<p>Confira nos links abaixo os guias de estudos para o concurso do Minist\u00e9rio P\u00fablico de Sergipe:<\/p>\n\n\n\n<ul class=\"wp-block-list\">\n<li><a href=\"https:\/\/concursos.estrategia.com\/auth\/?path=\/cadernos-e-simulados\/cadernos\/fcbb4d69-f283-44e2-9e22-5c6d27e52b92\/&amp;login=1\" target=\"_blank\" rel=\"noreferrer noopener\">L\u00edngua Portuguesa<\/a><\/li>\n\n\n\n<li><a href=\"https:\/\/concursos.estrategia.com\/cadernos-e-simulados\/cadernos\/f55fd9a0-2732-40bc-a97c-626b8eb80be8\" target=\"_blank\" rel=\"noreferrer noopener\">Matematica e Racioc\u00ednio L\u00f3gico<\/a><\/li>\n\n\n\n<li><a href=\"https:\/\/concursos.estrategia.com\/auth\/?path=\/cadernos-e-simulados\/cadernos\/7535e784-2724-4dbb-a1ba-022cdc0dd3fc\/&amp;login=1\" target=\"_blank\" rel=\"noreferrer noopener\">Direito Administrativo<\/a><\/li>\n\n\n\n<li><a href=\"https:\/\/perfil.estrategia.com\/login?s=1&amp;target=https%3A%2F%2Fconcursos.estrategia.com%2Fauth%2F%3Fpath%3D%252Fcadernos-e-simulados%252Fcadernos%252F72a74579-fbb1-4442-8941-f8185e6cdb59%252F%26login%3D1\" target=\"_blank\" rel=\"noreferrer noopener\">Direito Constitucional<\/a><\/li>\n\n\n\n<li><a href=\"https:\/\/perfil.estrategia.com\/login?s=1&amp;target=https%3A%2F%2Fconcursos.estrategia.com%2Fauth%2F%3Fpath%3D%252Fcadernos-e-simulados%252Fcadernos%252F3e492c60-9cca-476c-9a6f-dc3d38cb7ab9%252F%26login%3D1\" target=\"_blank\" rel=\"noreferrer noopener\">No\u00e7\u00f5es de Administra\u00e7\u00e3o P\u00fablica<\/a><\/li>\n\n\n\n<li><a href=\"https:\/\/perfil.estrategia.com\/login?s=1&amp;target=https%3A%2F%2Fconcursos.estrategia.com%2Fauth%2F%3Fpath%3D%252Fcadernos-e-simulados%252Fcadernos%252F566e6e00-2a01-4d18-8f4b-df8cdf4dde5c%252F%26login%3D1\" target=\"_blank\" rel=\"noreferrer noopener\">No\u00e7\u00f5es de Legisla\u00e7\u00e3o <\/a><\/li>\n<\/ul>\n\n\n\n<h2 class=\"wp-block-heading has-text-align-center\" id=\"h-quer-saber-tudo-sobre-concursos-previstos-confira-nossos-artigos\">Quer saber tudo sobre concursos previstos?<br \/>Confira nossos artigos!<\/h2>\n\n\n\n<ul class=\"wp-block-list\">\n<li><a href=\"https:\/\/www.estrategiaconcursos.com.br\/blog\/concursos-abertos\/\" target=\"_blank\" rel=\"noreferrer noopener\">Concursos abertos<\/a><\/li>\n\n\n\n<li><a href=\"https:\/\/www.estrategiaconcursos.com.br\/blog\/concursos-mp\/\">Concursos MP<\/a><\/li>\n\n\n\n<li><a href=\"https:\/\/www.estrategiaconcursos.com.br\/blog\/concursos-2026\/\" target=\"_blank\" rel=\"noreferrer noopener\">Concursos 2026<\/a><\/li>\n<\/ul>\n\n\n\n<h2 class=\"wp-block-heading has-text-align-center\" id=\"curso\">CURSOS E ASSINATURAS<\/h2>\n\n\n\n<div class=\"container\" id=\"boxes\">\n  <div class=\"row\">\n\n    <div class=\"col-sm\">\n      <div class=\"banner-tribunal\" id=\"box-assinatura\">\n        <h3 class=\"titulo-assinatura\">Curso MP SE<\/h3>\n        <p class=\"subtitulo-assinatura\">Conhe\u00e7a os cursos<\/p>\n        <div class=\"box-botao\">\n          <a class=\"btn-assinatura\" target=\"_blank\" href=\"https:\/\/www.estrategiaconcursos.com.br\/cursosPorConcurso\/ministerio-publico-do-estado-de-sergipe-mp-se\/\" role=\"button\" rel=\"noopener noreferrer\">Conhe\u00e7a mais<\/a>\n        <\/div>\n      <\/div>\n      <p class=\"texto-auxiliar\">Prepare-se com o melhor material e com quem mais aprova em Concursos P\u00fablicos em todo o pa\u00eds.<\/p>\n    <\/div>\n\n  <\/div>\n<\/div>\n\n\n\n<div class=\"container\" id=\"boxes\">\n  <div class=\"row\">\n\n    <div class=\"col-sm\">\n      <div class=\"estrategia\" id=\"box-assinatura\">\n        <h3 class=\"titulo-assinatura\">Assinatura Concursos<\/h3>\n        <p class=\"subtitulo-assinatura\">Assinatura de 1 ano ou 2 anos<\/p>\n        <div class=\"box-botao\">\n          <a class=\"btn-assinatura\" target=\"_blank\" href=\"https:\/\/www.estrategiaconcursos.com.br\/assinaturas\/\" role=\"button\" rel=\"noopener noreferrer\">ASSINE AGORA<\/a>\n        <\/div>\n      <\/div>\n     \n    <\/div><\/div><\/div>\n\n\n\n<figure class=\"wp-block-image size-large is-resized\"><img loading=\"lazy\" decoding=\"async\" width=\"1024\" height=\"632\" src=\"https:\/\/dhg1h5j42swfq.cloudfront.net\/2021\/04\/06114857\/ficha-tecnica-66-1024x632.png\" alt=\"\" class=\"wp-image-708386\" style=\"width:152px;height:93px\" srcset=\"https:\/\/dhg1h5j42swfq.cloudfront.net\/2021\/04\/06114857\/ficha-tecnica-66-1024x632.png 1024w, https:\/\/dhg1h5j42swfq.cloudfront.net\/2021\/04\/06114857\/ficha-tecnica-66-300x185.png 300w, https:\/\/dhg1h5j42swfq.cloudfront.net\/2021\/04\/06114857\/ficha-tecnica-66-768x474.png 768w, https:\/\/dhg1h5j42swfq.cloudfront.net\/2021\/04\/06114857\/ficha-tecnica-66-1536x948.png 1536w, https:\/\/dhg1h5j42swfq.cloudfront.net\/2021\/04\/06114857\/ficha-tecnica-66-610x377.png 610w, https:\/\/dhg1h5j42swfq.cloudfront.net\/2021\/04\/06114857\/ficha-tecnica-66.png 1571w\" sizes=\"auto, (max-width: 1024px) 100vw, 1024px\" \/><\/figure>\n\n\n\n<p id=\"ficha\"><strong>Informa\u00e7\u00f5es sobre o concurso MP SE<\/strong><\/p>\n\n\n\n<ul class=\"wp-block-list\">\n<li><strong>Vagas:<\/strong> 28 + CR<\/li>\n\n\n\n<li><strong>Cargo<\/strong>: analista e t\u00e9cnico <\/li>\n\n\n\n<li><strong>Sal\u00e1rio inicial:<\/strong> R$ 5.474,82<\/li>\n\n\n\n<li><strong>Edital: <\/strong><a href=\"https:\/\/dhg1h5j42swfq.cloudfront.net\/2025\/09\/16095154\/diario-no-2264-de-16-de-setembro-de-2025_assinado-1.pdf\" target=\"_blank\" rel=\"noreferrer noopener\">MP SE 2025<\/a><\/li>\n<\/ul>\n","protected":false},"excerpt":{"rendered":"<p>Sal\u00e1rio inicial do concurso MP SE pode chegar a R$ 12.378,00; s\u00e3o vagas para t\u00e9cnico e analista! O Minist\u00e9rio P\u00fablico de Sergipe (MP SE) oferece 28 vagas imediatas, al\u00e9m de forma\u00e7\u00e3o de cadastro reserva para os cargos de Analista e T\u00e9cnico do Minist\u00e9rio P\u00fablico em diversas especialidades. De acordo com o edital, sal\u00e1rio inicial \u00e9 [&hellip;]<\/p>\n","protected":false},"author":1,"featured_media":1600523,"comment_status":"open","ping_status":"closed","sticky":false,"template":"","format":"standard","meta":{"post_tipo":"news_page","footnotes":""},"categories":[1984],"tags":[],"tax_estado":[219988],"class_list":["post-374077","post","type-post","status-publish","format-standard","has-post-thumbnail","hentry","category-tribunais","tax_estado-se"],"acf":[],"yoast_head":"<!-- This site is optimized with the Yoast SEO Premium plugin v27.2 (Yoast SEO v27.2) - https:\/\/yoast.com\/product\/yoast-seo-premium-wordpress\/ -->\n<title>Concurso MP SE: resultados divulgados!<\/title>\n<meta name=\"description\" content=\"Edital do Concurso MP SE oferta 28 vagas + CR para Analista e T\u00e9cnico e iniciais de R$5,4 mil. Resultados divulgados!\" \/>\n<meta name=\"robots\" content=\"index, follow, max-snippet:-1, max-image-preview:large, max-video-preview:-1\" \/>\n<link rel=\"canonical\" href=\"https:\/\/www.estrategiaconcursos.com.br\/blog\/concurso-mp-se\/\" \/>\n<meta property=\"og:locale\" content=\"pt_BR\" \/>\n<meta property=\"og:type\" content=\"article\" \/>\n<meta property=\"og:title\" content=\"Concurso MP SE: resultados divulgados!\" \/>\n<meta property=\"og:description\" content=\"Edital do Concurso MP SE oferta 28 vagas + CR para Analista e T\u00e9cnico e iniciais de R$5,4 mil. Resultados divulgados!\" \/>\n<meta property=\"og:url\" content=\"https:\/\/www.estrategiaconcursos.com.br\/blog\/concurso-mp-se\/\" \/>\n<meta property=\"og:site_name\" content=\"Estrat\u00e9gia Concursos\" \/>\n<meta property=\"article:author\" content=\"https:\/\/www.facebook.com\/EstrategiaConcursos\" \/>\n<meta property=\"article:published_time\" content=\"2026-03-17T21:23:57+00:00\" \/>\n<meta property=\"article:modified_time\" content=\"2026-03-17T21:23:59+00:00\" \/>\n<meta property=\"og:image\" content=\"https:\/\/dhg1h5j42swfq.cloudfront.net\/2025\/06\/02114658\/mp-se.jpg\" \/>\n\t<meta property=\"og:image:width\" content=\"768\" \/>\n\t<meta property=\"og:image:height\" content=\"432\" \/>\n\t<meta property=\"og:image:type\" content=\"image\/jpeg\" \/>\n<meta name=\"author\" content=\"Coordena\u00e7\u00e3o\" \/>\n<meta name=\"twitter:card\" content=\"summary_large_image\" \/>\n<meta name=\"twitter:creator\" content=\"@EstratConcursos\" \/>\n<meta name=\"twitter:site\" content=\"@EstratConcursos\" \/>\n<meta name=\"twitter:label1\" content=\"Escrito por\" \/>\n\t<meta name=\"twitter:data1\" content=\"Coordena\u00e7\u00e3o\" \/>\n\t<meta name=\"twitter:label2\" content=\"Est. tempo de leitura\" \/>\n\t<meta name=\"twitter:data2\" content=\"6 minutos\" \/>\n<script type=\"application\/ld+json\" class=\"yoast-schema-graph\">{\"@context\":\"https:\/\/schema.org\",\"@graph\":[{\"@type\":\"NewsArticle\",\"@id\":\"https:\/\/www.estrategiaconcursos.com.br\/blog\/concurso-mp-se\/#article\",\"isPartOf\":{\"@id\":\"https:\/\/www.estrategiaconcursos.com.br\/blog\/concurso-mp-se\/\"},\"author\":{\"name\":\"Coordena\u00e7\u00e3o\",\"@id\":\"https:\/\/www.estrategiaconcursos.com.br\/blog\/#\/schema\/person\/b4a388c97673c5f483d72185668afa1f\"},\"headline\":\"Concurso MP SE: resultados divulgados!\",\"datePublished\":\"2026-03-17T21:23:57+00:00\",\"dateModified\":\"2026-03-17T21:23:59+00:00\",\"mainEntityOfPage\":{\"@id\":\"https:\/\/www.estrategiaconcursos.com.br\/blog\/concurso-mp-se\/\"},\"wordCount\":1746,\"commentCount\":0,\"publisher\":{\"@id\":\"https:\/\/www.estrategiaconcursos.com.br\/blog\/#organization\"},\"image\":{\"@id\":\"https:\/\/www.estrategiaconcursos.com.br\/blog\/concurso-mp-se\/#primaryimage\"},\"thumbnailUrl\":\"https:\/\/dhg1h5j42swfq.cloudfront.net\/2025\/06\/02114658\/mp-se.jpg\",\"articleSection\":[\"Tribunais\"],\"inLanguage\":\"pt-BR\",\"potentialAction\":[{\"@type\":\"CommentAction\",\"name\":\"Comment\",\"target\":[\"https:\/\/www.estrategiaconcursos.com.br\/blog\/concurso-mp-se\/#respond\"]}],\"copyrightYear\":\"2026\",\"copyrightHolder\":{\"@id\":\"https:\/\/www.estrategiaconcursos.com.br\/blog\/#organization\"}},{\"@type\":\"WebPage\",\"@id\":\"https:\/\/www.estrategiaconcursos.com.br\/blog\/concurso-mp-se\/\",\"url\":\"https:\/\/www.estrategiaconcursos.com.br\/blog\/concurso-mp-se\/\",\"name\":\"Concurso MP SE: resultados divulgados!\",\"isPartOf\":{\"@id\":\"https:\/\/www.estrategiaconcursos.com.br\/blog\/#website\"},\"primaryImageOfPage\":{\"@id\":\"https:\/\/www.estrategiaconcursos.com.br\/blog\/concurso-mp-se\/#primaryimage\"},\"image\":{\"@id\":\"https:\/\/www.estrategiaconcursos.com.br\/blog\/concurso-mp-se\/#primaryimage\"},\"thumbnailUrl\":\"https:\/\/dhg1h5j42swfq.cloudfront.net\/2025\/06\/02114658\/mp-se.jpg\",\"datePublished\":\"2026-03-17T21:23:57+00:00\",\"dateModified\":\"2026-03-17T21:23:59+00:00\",\"description\":\"Edital do Concurso MP SE oferta 28 vagas + CR para Analista e T\u00e9cnico e iniciais de R$5,4 mil. Resultados divulgados!\",\"breadcrumb\":{\"@id\":\"https:\/\/www.estrategiaconcursos.com.br\/blog\/concurso-mp-se\/#breadcrumb\"},\"inLanguage\":\"pt-BR\",\"potentialAction\":[{\"@type\":\"ReadAction\",\"target\":[\"https:\/\/www.estrategiaconcursos.com.br\/blog\/concurso-mp-se\/\"]}]},{\"@type\":\"ImageObject\",\"inLanguage\":\"pt-BR\",\"@id\":\"https:\/\/www.estrategiaconcursos.com.br\/blog\/concurso-mp-se\/#primaryimage\",\"url\":\"https:\/\/dhg1h5j42swfq.cloudfront.net\/2025\/06\/02114658\/mp-se.jpg\",\"contentUrl\":\"https:\/\/dhg1h5j42swfq.cloudfront.net\/2025\/06\/02114658\/mp-se.jpg\",\"width\":768,\"height\":432,\"caption\":\"concurso mp se resultados\"},{\"@type\":\"BreadcrumbList\",\"@id\":\"https:\/\/www.estrategiaconcursos.com.br\/blog\/concurso-mp-se\/#breadcrumb\",\"itemListElement\":[{\"@type\":\"ListItem\",\"position\":1,\"name\":\"In\u00edcio\",\"item\":\"https:\/\/www.estrategiaconcursos.com.br\/blog\/\"},{\"@type\":\"ListItem\",\"position\":2,\"name\":\"Concurso MP SE: resultados divulgados!\"}]},{\"@type\":\"WebSite\",\"@id\":\"https:\/\/www.estrategiaconcursos.com.br\/blog\/#website\",\"url\":\"https:\/\/www.estrategiaconcursos.com.br\/blog\/\",\"name\":\"Estrat\u00e9gia Concursos\",\"description\":\"O blog da Estrat\u00e9gia Concursos traz not\u00edcias sobre concursos e artigos de professores oferecendo cursos para concursos (pdf + videaulas) no site.\",\"publisher\":{\"@id\":\"https:\/\/www.estrategiaconcursos.com.br\/blog\/#organization\"},\"potentialAction\":[{\"@type\":\"SearchAction\",\"target\":{\"@type\":\"EntryPoint\",\"urlTemplate\":\"https:\/\/www.estrategiaconcursos.com.br\/blog\/?s={search_term_string}\"},\"query-input\":{\"@type\":\"PropertyValueSpecification\",\"valueRequired\":true,\"valueName\":\"search_term_string\"}}],\"inLanguage\":\"pt-BR\"},{\"@type\":\"Organization\",\"@id\":\"https:\/\/www.estrategiaconcursos.com.br\/blog\/#organization\",\"name\":\"Estrat\u00e9gia Concursos\",\"url\":\"https:\/\/www.estrategiaconcursos.com.br\/blog\/\",\"logo\":{\"@type\":\"ImageObject\",\"inLanguage\":\"pt-BR\",\"@id\":\"https:\/\/www.estrategiaconcursos.com.br\/blog\/#\/schema\/logo\/image\/\",\"url\":\"https:\/\/dhg1h5j42swfq.cloudfront.net\/2025\/06\/03203428\/logo_concursos-1.jpg\",\"contentUrl\":\"https:\/\/dhg1h5j42swfq.cloudfront.net\/2025\/06\/03203428\/logo_concursos-1.jpg\",\"width\":230,\"height\":60,\"caption\":\"Estrat\u00e9gia Concursos\"},\"image\":{\"@id\":\"https:\/\/www.estrategiaconcursos.com.br\/blog\/#\/schema\/logo\/image\/\"},\"sameAs\":[\"https:\/\/x.com\/EstratConcursos\"]},{\"@type\":\"Person\",\"@id\":\"https:\/\/www.estrategiaconcursos.com.br\/blog\/#\/schema\/person\/b4a388c97673c5f483d72185668afa1f\",\"name\":\"Coordena\u00e7\u00e3o\",\"image\":{\"@type\":\"ImageObject\",\"inLanguage\":\"pt-BR\",\"@id\":\"https:\/\/secure.gravatar.com\/avatar\/b720319e4c9a967eb58678d110f4fe35452fc5d5f97b202bac7b8acceb18c6ad?s=96&d=mm&r=g\",\"url\":\"https:\/\/secure.gravatar.com\/avatar\/b720319e4c9a967eb58678d110f4fe35452fc5d5f97b202bac7b8acceb18c6ad?s=96&d=mm&r=g\",\"contentUrl\":\"https:\/\/secure.gravatar.com\/avatar\/b720319e4c9a967eb58678d110f4fe35452fc5d5f97b202bac7b8acceb18c6ad?s=96&d=mm&r=g\",\"caption\":\"Coordena\u00e7\u00e3o\"},\"sameAs\":[\"https:\/\/www.facebook.com\/EstrategiaConcursos\",\"https:\/\/x.com\/EstratConcursos\"],\"url\":\"https:\/\/www.estrategiaconcursos.com.br\/blog\/author\/estrategia2013\/\"}]}<\/script>\n<!-- \/ Yoast SEO Premium plugin. -->","yoast_head_json":{"title":"Concurso MP SE: resultados divulgados!","description":"Edital do Concurso MP SE oferta 28 vagas + CR para Analista e T\u00e9cnico e iniciais de R$5,4 mil. Resultados divulgados!","robots":{"index":"index","follow":"follow","max-snippet":"max-snippet:-1","max-image-preview":"max-image-preview:large","max-video-preview":"max-video-preview:-1"},"canonical":"https:\/\/www.estrategiaconcursos.com.br\/blog\/concurso-mp-se\/","og_locale":"pt_BR","og_type":"article","og_title":"Concurso MP SE: resultados divulgados!","og_description":"Edital do Concurso MP SE oferta 28 vagas + CR para Analista e T\u00e9cnico e iniciais de R$5,4 mil. Resultados divulgados!","og_url":"https:\/\/www.estrategiaconcursos.com.br\/blog\/concurso-mp-se\/","og_site_name":"Estrat\u00e9gia Concursos","article_author":"https:\/\/www.facebook.com\/EstrategiaConcursos","article_published_time":"2026-03-17T21:23:57+00:00","article_modified_time":"2026-03-17T21:23:59+00:00","og_image":[{"width":768,"height":432,"url":"https:\/\/dhg1h5j42swfq.cloudfront.net\/2025\/06\/02114658\/mp-se.jpg","type":"image\/jpeg"}],"author":"Coordena\u00e7\u00e3o","twitter_card":"summary_large_image","twitter_creator":"@EstratConcursos","twitter_site":"@EstratConcursos","twitter_misc":{"Escrito por":"Coordena\u00e7\u00e3o","Est. tempo de leitura":"6 minutos"},"schema":{"@context":"https:\/\/schema.org","@graph":[{"@type":"NewsArticle","@id":"https:\/\/www.estrategiaconcursos.com.br\/blog\/concurso-mp-se\/#article","isPartOf":{"@id":"https:\/\/www.estrategiaconcursos.com.br\/blog\/concurso-mp-se\/"},"author":{"name":"Coordena\u00e7\u00e3o","@id":"https:\/\/www.estrategiaconcursos.com.br\/blog\/#\/schema\/person\/b4a388c97673c5f483d72185668afa1f"},"headline":"Concurso MP SE: resultados divulgados!","datePublished":"2026-03-17T21:23:57+00:00","dateModified":"2026-03-17T21:23:59+00:00","mainEntityOfPage":{"@id":"https:\/\/www.estrategiaconcursos.com.br\/blog\/concurso-mp-se\/"},"wordCount":1746,"commentCount":0,"publisher":{"@id":"https:\/\/www.estrategiaconcursos.com.br\/blog\/#organization"},"image":{"@id":"https:\/\/www.estrategiaconcursos.com.br\/blog\/concurso-mp-se\/#primaryimage"},"thumbnailUrl":"https:\/\/dhg1h5j42swfq.cloudfront.net\/2025\/06\/02114658\/mp-se.jpg","articleSection":["Tribunais"],"inLanguage":"pt-BR","potentialAction":[{"@type":"CommentAction","name":"Comment","target":["https:\/\/www.estrategiaconcursos.com.br\/blog\/concurso-mp-se\/#respond"]}],"copyrightYear":"2026","copyrightHolder":{"@id":"https:\/\/www.estrategiaconcursos.com.br\/blog\/#organization"}},{"@type":"WebPage","@id":"https:\/\/www.estrategiaconcursos.com.br\/blog\/concurso-mp-se\/","url":"https:\/\/www.estrategiaconcursos.com.br\/blog\/concurso-mp-se\/","name":"Concurso MP SE: resultados divulgados!","isPartOf":{"@id":"https:\/\/www.estrategiaconcursos.com.br\/blog\/#website"},"primaryImageOfPage":{"@id":"https:\/\/www.estrategiaconcursos.com.br\/blog\/concurso-mp-se\/#primaryimage"},"image":{"@id":"https:\/\/www.estrategiaconcursos.com.br\/blog\/concurso-mp-se\/#primaryimage"},"thumbnailUrl":"https:\/\/dhg1h5j42swfq.cloudfront.net\/2025\/06\/02114658\/mp-se.jpg","datePublished":"2026-03-17T21:23:57+00:00","dateModified":"2026-03-17T21:23:59+00:00","description":"Edital do Concurso MP SE oferta 28 vagas + CR para Analista e T\u00e9cnico e iniciais de R$5,4 mil. Resultados divulgados!","breadcrumb":{"@id":"https:\/\/www.estrategiaconcursos.com.br\/blog\/concurso-mp-se\/#breadcrumb"},"inLanguage":"pt-BR","potentialAction":[{"@type":"ReadAction","target":["https:\/\/www.estrategiaconcursos.com.br\/blog\/concurso-mp-se\/"]}]},{"@type":"ImageObject","inLanguage":"pt-BR","@id":"https:\/\/www.estrategiaconcursos.com.br\/blog\/concurso-mp-se\/#primaryimage","url":"https:\/\/dhg1h5j42swfq.cloudfront.net\/2025\/06\/02114658\/mp-se.jpg","contentUrl":"https:\/\/dhg1h5j42swfq.cloudfront.net\/2025\/06\/02114658\/mp-se.jpg","width":768,"height":432,"caption":"concurso mp se resultados"},{"@type":"BreadcrumbList","@id":"https:\/\/www.estrategiaconcursos.com.br\/blog\/concurso-mp-se\/#breadcrumb","itemListElement":[{"@type":"ListItem","position":1,"name":"In\u00edcio","item":"https:\/\/www.estrategiaconcursos.com.br\/blog\/"},{"@type":"ListItem","position":2,"name":"Concurso MP SE: resultados divulgados!"}]},{"@type":"WebSite","@id":"https:\/\/www.estrategiaconcursos.com.br\/blog\/#website","url":"https:\/\/www.estrategiaconcursos.com.br\/blog\/","name":"Estrat\u00e9gia Concursos","description":"O blog da Estrat\u00e9gia Concursos traz not\u00edcias sobre concursos e artigos de professores oferecendo cursos para concursos (pdf + videaulas) no site.","publisher":{"@id":"https:\/\/www.estrategiaconcursos.com.br\/blog\/#organization"},"potentialAction":[{"@type":"SearchAction","target":{"@type":"EntryPoint","urlTemplate":"https:\/\/www.estrategiaconcursos.com.br\/blog\/?s={search_term_string}"},"query-input":{"@type":"PropertyValueSpecification","valueRequired":true,"valueName":"search_term_string"}}],"inLanguage":"pt-BR"},{"@type":"Organization","@id":"https:\/\/www.estrategiaconcursos.com.br\/blog\/#organization","name":"Estrat\u00e9gia Concursos","url":"https:\/\/www.estrategiaconcursos.com.br\/blog\/","logo":{"@type":"ImageObject","inLanguage":"pt-BR","@id":"https:\/\/www.estrategiaconcursos.com.br\/blog\/#\/schema\/logo\/image\/","url":"https:\/\/dhg1h5j42swfq.cloudfront.net\/2025\/06\/03203428\/logo_concursos-1.jpg","contentUrl":"https:\/\/dhg1h5j42swfq.cloudfront.net\/2025\/06\/03203428\/logo_concursos-1.jpg","width":230,"height":60,"caption":"Estrat\u00e9gia Concursos"},"image":{"@id":"https:\/\/www.estrategiaconcursos.com.br\/blog\/#\/schema\/logo\/image\/"},"sameAs":["https:\/\/x.com\/EstratConcursos"]},{"@type":"Person","@id":"https:\/\/www.estrategiaconcursos.com.br\/blog\/#\/schema\/person\/b4a388c97673c5f483d72185668afa1f","name":"Coordena\u00e7\u00e3o","image":{"@type":"ImageObject","inLanguage":"pt-BR","@id":"https:\/\/secure.gravatar.com\/avatar\/b720319e4c9a967eb58678d110f4fe35452fc5d5f97b202bac7b8acceb18c6ad?s=96&d=mm&r=g","url":"https:\/\/secure.gravatar.com\/avatar\/b720319e4c9a967eb58678d110f4fe35452fc5d5f97b202bac7b8acceb18c6ad?s=96&d=mm&r=g","contentUrl":"https:\/\/secure.gravatar.com\/avatar\/b720319e4c9a967eb58678d110f4fe35452fc5d5f97b202bac7b8acceb18c6ad?s=96&d=mm&r=g","caption":"Coordena\u00e7\u00e3o"},"sameAs":["https:\/\/www.facebook.com\/EstrategiaConcursos","https:\/\/x.com\/EstratConcursos"],"url":"https:\/\/www.estrategiaconcursos.com.br\/blog\/author\/estrategia2013\/"}]}},"_links":{"self":[{"href":"https:\/\/www.estrategiaconcursos.com.br\/blog\/wp-json\/wp\/v2\/posts\/374077","targetHints":{"allow":["GET"]}}],"collection":[{"href":"https:\/\/www.estrategiaconcursos.com.br\/blog\/wp-json\/wp\/v2\/posts"}],"about":[{"href":"https:\/\/www.estrategiaconcursos.com.br\/blog\/wp-json\/wp\/v2\/types\/post"}],"author":[{"embeddable":true,"href":"https:\/\/www.estrategiaconcursos.com.br\/blog\/wp-json\/wp\/v2\/users\/1"}],"replies":[{"embeddable":true,"href":"https:\/\/www.estrategiaconcursos.com.br\/blog\/wp-json\/wp\/v2\/comments?post=374077"}],"version-history":[{"count":88,"href":"https:\/\/www.estrategiaconcursos.com.br\/blog\/wp-json\/wp\/v2\/posts\/374077\/revisions"}],"predecessor-version":[{"id":1738081,"href":"https:\/\/www.estrategiaconcursos.com.br\/blog\/wp-json\/wp\/v2\/posts\/374077\/revisions\/1738081"}],"wp:featuredmedia":[{"embeddable":true,"href":"https:\/\/www.estrategiaconcursos.com.br\/blog\/wp-json\/wp\/v2\/media\/1600523"}],"wp:attachment":[{"href":"https:\/\/www.estrategiaconcursos.com.br\/blog\/wp-json\/wp\/v2\/media?parent=374077"}],"wp:term":[{"taxonomy":"category","embeddable":true,"href":"https:\/\/www.estrategiaconcursos.com.br\/blog\/wp-json\/wp\/v2\/categories?post=374077"},{"taxonomy":"post_tag","embeddable":true,"href":"https:\/\/www.estrategiaconcursos.com.br\/blog\/wp-json\/wp\/v2\/tags?post=374077"},{"taxonomy":"tax_estado","embeddable":true,"href":"https:\/\/www.estrategiaconcursos.com.br\/blog\/wp-json\/wp\/v2\/tax_estado?post=374077"}],"curies":[{"name":"wp","href":"https:\/\/api.w.org\/{rel}","templated":true}]}}