{"id":373949,"date":"2019-05-14T08:45:23","date_gmt":"2019-05-14T11:45:23","guid":{"rendered":"https:\/\/www.estrategiaconcursos.com.br\/blog\/?p=373949"},"modified":"2019-05-14T08:49:24","modified_gmt":"2019-05-14T11:49:24","slug":"processo-para-concurso-pcdf-volta-a-tramitar","status":"publish","type":"post","link":"https:\/\/www.estrategiaconcursos.com.br\/blog\/processo-para-concurso-pcdf-volta-a-tramitar\/","title":{"rendered":"Processo administrativo para o pr\u00f3ximo Concurso PCDF volta a tramitar"},"content":{"rendered":"\n<p>O processo administrativo instaurado para planejar o pr\u00f3ximo concurso PCDF teve novas tramita\u00e7\u00f5es na \u00faltima segunda-feira, 13 de maio. O processo passou por quatro movimenta\u00e7\u00f5es em um mesmo dia e foi recebido na unidade da PCDF\/DGPC\/ESPC\/GAB.<\/p>\n\n\n\n<p>Como o processo possui acesso restrito, n\u00e3o \u00e9 poss\u00edvel saber quais tr\u00e2mites est\u00e3o sendo realizados em cada setor. Vale lembrar que j\u00e1 foi publicada a autoriza\u00e7\u00e3o para o concurso para Escriv\u00e3o com 300 vagas e posteriormente, o Governador Ibaneis Rocha anunciou mais 200 vagas para o cargo.<\/p>\n\n\n\n<p>Tamb\u00e9m foi anunciado concurso para o cargo de Agente, com 1.300 vagas. Segundo o&nbsp;Diretor-Geral da PCDF, Robson C\u00e2ndido, a expectativa \u00e9 que o&nbsp;edital seja publicado em julho. Disse ainda que o novo concurso est\u00e1 sob an\u00e1lise da Procuradoria.<\/p>\n\n\n\n<p>Confira na imagem abaixo as \u00faltimas tramita\u00e7\u00f5es do processo no dia 13 de maio:<\/p>\n\n\n\n<figure class=\"wp-block-image\"><img decoding=\"async\" src=\"https:\/\/trello-attachments.s3.amazonaws.com\/5b58e1496cd37eb9a1dc29a2\/5cdaa54f1a19a582d2ae72a5\/09ded3926bf241081667c581803d9078\/image.png\" alt=\"image.png\"\/><\/figure>\n\n\n\n<p style=\"text-align:center\"><br \/><em><strong>Quer saber mais informa\u00e7\u00f5es do concurso PCDF?<\/strong><\/em><\/p>\n\n\n\n<p style=\"text-align:center\"><em>Fique por dentro dos detalhes e das atualiza\u00e7\u00f5es de uma das melhores institui\u00e7\u00f5es policiais do Brasil no link a seguir:<\/em><\/p>\n\n\n\n<p style=\"font-size:25px;text-align:center\" class=\"has-background has-very-light-gray-background-color\"><a href=\"https:\/\/www.estrategiaconcursos.com.br\/blog\/concurso-pcdf\/\" target=\"_blank\" rel=\"noreferrer noopener\"><em><strong>Concurso PCDF 2019<\/strong><\/em><\/a><\/p>\n\n\n\n<p style=\"font-size:25px;text-align:center\" class=\"has-background has-very-light-gray-background-color\"><strong><em><a aria-label=\"Curso PCDF (abre numa nova aba)\" href=\"https:\/\/www.estrategiaconcursos.com.br\/cursosPorConcurso\/policia-civil-do-distrito-federal-pc-df\/\" target=\"_blank\" rel=\"noreferrer noopener\">Curso PCDF<\/a><\/em><\/strong><\/p>\n\n\n\n<p style=\"font-size:18px;text-align:center\"><br \/><em><strong>Assinatura Anual Ilimitada*<\/strong><\/em><\/p>\n\n\n\n<p style=\"text-align:center\"><em>Prepare-se com o melhor material e com quem mais aprova em Concursos P\u00fablicos em todo o pa\u00eds. Assine agora a nossa Assinatura Anual e tenha acesso ilimitado* a todos os nossos cursos.<\/em><\/p>\n\n\n\n<p style=\"font-size:22px;text-align:center\" class=\"has-background has-light-green-cyan-background-color\"><strong>ASSINE AGORA<\/strong> &#8211; <span class=\"underline\" style=\"text-decoration: underline\"><a aria-label=\" (opens in a new tab)\" href=\"https:\/\/www.estrategiaconcursos.com.br\/assinaturas\" target=\"_blank\" rel=\"noreferrer noopener\">Assinatura Ilimitada<\/a><\/span><\/p>\n\n\n\n<p><br \/><em>Ascom Estrat\u00e9gia<br \/><\/em>ascomestrategia@gmail.com<\/p>\n","protected":false},"excerpt":{"rendered":"<p>O processo administrativo instaurado para planejar o pr\u00f3ximo concurso PCDF teve novas tramita\u00e7\u00f5es na \u00faltima segunda-feira, 13 de maio. O processo passou por quatro movimenta\u00e7\u00f5es em um mesmo dia e foi recebido na unidade da PCDF\/DGPC\/ESPC\/GAB. Como o processo possui acesso restrito, n\u00e3o \u00e9 poss\u00edvel saber quais tr\u00e2mites est\u00e3o sendo realizados em cada setor. Vale [&hellip;]<\/p>\n","protected":false},"author":552,"featured_media":0,"comment_status":"open","ping_status":"closed","sticky":false,"template":"","format":"standard","meta":{"post_tipo":"article","footnotes":""},"categories":[1],"tags":[],"tax_estado":[],"class_list":["post-373949","post","type-post","status-publish","format-standard","hentry","category-cursos-e-concursos"],"acf":[],"yoast_head":"<!-- This site is optimized with the Yoast SEO Premium plugin v27.2 (Yoast SEO v27.2) - https:\/\/yoast.com\/product\/yoast-seo-premium-wordpress\/ -->\n<title>Processo administrativo para o pr\u00f3ximo Concurso PCDF volta a tramitar<\/title>\n<meta name=\"robots\" content=\"index, follow, max-snippet:-1, max-image-preview:large, max-video-preview:-1\" \/>\n<link rel=\"canonical\" href=\"https:\/\/www.estrategiaconcursos.com.br\/blog\/processo-para-concurso-pcdf-volta-a-tramitar\/\" \/>\n<meta property=\"og:locale\" content=\"pt_BR\" \/>\n<meta property=\"og:type\" content=\"article\" \/>\n<meta property=\"og:title\" content=\"Processo administrativo para o pr\u00f3ximo Concurso PCDF volta a tramitar\" \/>\n<meta property=\"og:description\" content=\"O processo administrativo instaurado para planejar o pr\u00f3ximo concurso PCDF teve novas tramita\u00e7\u00f5es na \u00faltima segunda-feira, 13 de maio. O processo passou por quatro movimenta\u00e7\u00f5es em um mesmo dia e foi recebido na unidade da PCDF\/DGPC\/ESPC\/GAB. Como o processo possui acesso restrito, n\u00e3o \u00e9 poss\u00edvel saber quais tr\u00e2mites est\u00e3o sendo realizados em cada setor. Vale [&hellip;]\" \/>\n<meta property=\"og:url\" content=\"https:\/\/www.estrategiaconcursos.com.br\/blog\/processo-para-concurso-pcdf-volta-a-tramitar\/\" \/>\n<meta property=\"og:site_name\" content=\"Estrat\u00e9gia Concursos\" \/>\n<meta property=\"article:published_time\" content=\"2019-05-14T11:45:23+00:00\" \/>\n<meta property=\"article:modified_time\" content=\"2019-05-14T11:49:24+00:00\" \/>\n<meta property=\"og:image\" content=\"https:\/\/trello-attachments.s3.amazonaws.com\/5b58e1496cd37eb9a1dc29a2\/5cdaa54f1a19a582d2ae72a5\/09ded3926bf241081667c581803d9078\/image.png\" \/>\n<meta name=\"author\" content=\"Paulo Bilynskyj\" \/>\n<meta name=\"twitter:card\" content=\"summary_large_image\" \/>\n<meta name=\"twitter:creator\" content=\"@EstratConcursos\" \/>\n<meta name=\"twitter:site\" content=\"@EstratConcursos\" \/>\n<meta name=\"twitter:label1\" content=\"Escrito por\" \/>\n\t<meta name=\"twitter:data1\" content=\"Paulo Bilynskyj\" \/>\n\t<meta name=\"twitter:label2\" content=\"Est. tempo de leitura\" \/>\n\t<meta name=\"twitter:data2\" content=\"1 minuto\" \/>\n<script type=\"application\/ld+json\" class=\"yoast-schema-graph\">{\"@context\":\"https:\/\/schema.org\",\"@graph\":[{\"@type\":\"NewsArticle\",\"@id\":\"https:\/\/www.estrategiaconcursos.com.br\/blog\/processo-para-concurso-pcdf-volta-a-tramitar\/#article\",\"isPartOf\":{\"@id\":\"https:\/\/www.estrategiaconcursos.com.br\/blog\/processo-para-concurso-pcdf-volta-a-tramitar\/\"},\"author\":{\"name\":\"Paulo Bilynskyj\",\"@id\":\"https:\/\/www.estrategiaconcursos.com.br\/blog\/#\/schema\/person\/a630b15e36f45b4c21fed01219843cb5\"},\"headline\":\"Processo administrativo para o pr\u00f3ximo Concurso PCDF volta a tramitar\",\"datePublished\":\"2019-05-14T11:45:23+00:00\",\"dateModified\":\"2019-05-14T11:49:24+00:00\",\"mainEntityOfPage\":{\"@id\":\"https:\/\/www.estrategiaconcursos.com.br\/blog\/processo-para-concurso-pcdf-volta-a-tramitar\/\"},\"wordCount\":241,\"commentCount\":0,\"publisher\":{\"@id\":\"https:\/\/www.estrategiaconcursos.com.br\/blog\/#organization\"},\"image\":{\"@id\":\"https:\/\/www.estrategiaconcursos.com.br\/blog\/processo-para-concurso-pcdf-volta-a-tramitar\/#primaryimage\"},\"thumbnailUrl\":\"https:\/\/trello-attachments.s3.amazonaws.com\/5b58e1496cd37eb9a1dc29a2\/5cdaa54f1a19a582d2ae72a5\/09ded3926bf241081667c581803d9078\/image.png\",\"articleSection\":[\"Concursos P\u00fablicos\"],\"inLanguage\":\"pt-BR\",\"potentialAction\":[{\"@type\":\"CommentAction\",\"name\":\"Comment\",\"target\":[\"https:\/\/www.estrategiaconcursos.com.br\/blog\/processo-para-concurso-pcdf-volta-a-tramitar\/#respond\"]}],\"copyrightYear\":\"2019\",\"copyrightHolder\":{\"@id\":\"https:\/\/www.estrategiaconcursos.com.br\/blog\/#organization\"}},{\"@type\":\"WebPage\",\"@id\":\"https:\/\/www.estrategiaconcursos.com.br\/blog\/processo-para-concurso-pcdf-volta-a-tramitar\/\",\"url\":\"https:\/\/www.estrategiaconcursos.com.br\/blog\/processo-para-concurso-pcdf-volta-a-tramitar\/\",\"name\":\"Processo administrativo para o pr\u00f3ximo Concurso PCDF volta a tramitar\",\"isPartOf\":{\"@id\":\"https:\/\/www.estrategiaconcursos.com.br\/blog\/#website\"},\"primaryImageOfPage\":{\"@id\":\"https:\/\/www.estrategiaconcursos.com.br\/blog\/processo-para-concurso-pcdf-volta-a-tramitar\/#primaryimage\"},\"image\":{\"@id\":\"https:\/\/www.estrategiaconcursos.com.br\/blog\/processo-para-concurso-pcdf-volta-a-tramitar\/#primaryimage\"},\"thumbnailUrl\":\"https:\/\/trello-attachments.s3.amazonaws.com\/5b58e1496cd37eb9a1dc29a2\/5cdaa54f1a19a582d2ae72a5\/09ded3926bf241081667c581803d9078\/image.png\",\"datePublished\":\"2019-05-14T11:45:23+00:00\",\"dateModified\":\"2019-05-14T11:49:24+00:00\",\"breadcrumb\":{\"@id\":\"https:\/\/www.estrategiaconcursos.com.br\/blog\/processo-para-concurso-pcdf-volta-a-tramitar\/#breadcrumb\"},\"inLanguage\":\"pt-BR\",\"potentialAction\":[{\"@type\":\"ReadAction\",\"target\":[\"https:\/\/www.estrategiaconcursos.com.br\/blog\/processo-para-concurso-pcdf-volta-a-tramitar\/\"]}]},{\"@type\":\"ImageObject\",\"inLanguage\":\"pt-BR\",\"@id\":\"https:\/\/www.estrategiaconcursos.com.br\/blog\/processo-para-concurso-pcdf-volta-a-tramitar\/#primaryimage\",\"url\":\"https:\/\/trello-attachments.s3.amazonaws.com\/5b58e1496cd37eb9a1dc29a2\/5cdaa54f1a19a582d2ae72a5\/09ded3926bf241081667c581803d9078\/image.png\",\"contentUrl\":\"https:\/\/trello-attachments.s3.amazonaws.com\/5b58e1496cd37eb9a1dc29a2\/5cdaa54f1a19a582d2ae72a5\/09ded3926bf241081667c581803d9078\/image.png\"},{\"@type\":\"BreadcrumbList\",\"@id\":\"https:\/\/www.estrategiaconcursos.com.br\/blog\/processo-para-concurso-pcdf-volta-a-tramitar\/#breadcrumb\",\"itemListElement\":[{\"@type\":\"ListItem\",\"position\":1,\"name\":\"In\u00edcio\",\"item\":\"https:\/\/www.estrategiaconcursos.com.br\/blog\/\"},{\"@type\":\"ListItem\",\"position\":2,\"name\":\"Processo administrativo para o pr\u00f3ximo Concurso PCDF volta a tramitar\"}]},{\"@type\":\"WebSite\",\"@id\":\"https:\/\/www.estrategiaconcursos.com.br\/blog\/#website\",\"url\":\"https:\/\/www.estrategiaconcursos.com.br\/blog\/\",\"name\":\"Estrat\u00e9gia Concursos\",\"description\":\"O blog da Estrat\u00e9gia Concursos traz not\u00edcias sobre concursos e artigos de professores oferecendo cursos para concursos (pdf + videaulas) no site.\",\"publisher\":{\"@id\":\"https:\/\/www.estrategiaconcursos.com.br\/blog\/#organization\"},\"potentialAction\":[{\"@type\":\"SearchAction\",\"target\":{\"@type\":\"EntryPoint\",\"urlTemplate\":\"https:\/\/www.estrategiaconcursos.com.br\/blog\/?s={search_term_string}\"},\"query-input\":{\"@type\":\"PropertyValueSpecification\",\"valueRequired\":true,\"valueName\":\"search_term_string\"}}],\"inLanguage\":\"pt-BR\"},{\"@type\":\"Organization\",\"@id\":\"https:\/\/www.estrategiaconcursos.com.br\/blog\/#organization\",\"name\":\"Estrat\u00e9gia Concursos\",\"url\":\"https:\/\/www.estrategiaconcursos.com.br\/blog\/\",\"logo\":{\"@type\":\"ImageObject\",\"inLanguage\":\"pt-BR\",\"@id\":\"https:\/\/www.estrategiaconcursos.com.br\/blog\/#\/schema\/logo\/image\/\",\"url\":\"https:\/\/dhg1h5j42swfq.cloudfront.net\/2025\/06\/03203428\/logo_concursos-1.jpg\",\"contentUrl\":\"https:\/\/dhg1h5j42swfq.cloudfront.net\/2025\/06\/03203428\/logo_concursos-1.jpg\",\"width\":230,\"height\":60,\"caption\":\"Estrat\u00e9gia Concursos\"},\"image\":{\"@id\":\"https:\/\/www.estrategiaconcursos.com.br\/blog\/#\/schema\/logo\/image\/\"},\"sameAs\":[\"https:\/\/x.com\/EstratConcursos\"]},{\"@type\":\"Person\",\"@id\":\"https:\/\/www.estrategiaconcursos.com.br\/blog\/#\/schema\/person\/a630b15e36f45b4c21fed01219843cb5\",\"name\":\"Paulo Bilynskyj\",\"image\":{\"@type\":\"ImageObject\",\"inLanguage\":\"pt-BR\",\"@id\":\"https:\/\/secure.gravatar.com\/avatar\/37e21f70c9042e7456beffdc6d31fe051f3f6dcbf252f69343a791b144852057?s=96&d=mm&r=g\",\"url\":\"https:\/\/secure.gravatar.com\/avatar\/37e21f70c9042e7456beffdc6d31fe051f3f6dcbf252f69343a791b144852057?s=96&d=mm&r=g\",\"contentUrl\":\"https:\/\/secure.gravatar.com\/avatar\/37e21f70c9042e7456beffdc6d31fe051f3f6dcbf252f69343a791b144852057?s=96&d=mm&r=g\",\"caption\":\"Paulo Bilynskyj\"},\"url\":\"https:\/\/www.estrategiaconcursos.com.br\/blog\/author\/pbilynskyjgmail-com\/\"}]}<\/script>\n<!-- \/ Yoast SEO Premium plugin. -->","yoast_head_json":{"title":"Processo administrativo para o pr\u00f3ximo Concurso PCDF volta a tramitar","robots":{"index":"index","follow":"follow","max-snippet":"max-snippet:-1","max-image-preview":"max-image-preview:large","max-video-preview":"max-video-preview:-1"},"canonical":"https:\/\/www.estrategiaconcursos.com.br\/blog\/processo-para-concurso-pcdf-volta-a-tramitar\/","og_locale":"pt_BR","og_type":"article","og_title":"Processo administrativo para o pr\u00f3ximo Concurso PCDF volta a tramitar","og_description":"O processo administrativo instaurado para planejar o pr\u00f3ximo concurso PCDF teve novas tramita\u00e7\u00f5es na \u00faltima segunda-feira, 13 de maio. O processo passou por quatro movimenta\u00e7\u00f5es em um mesmo dia e foi recebido na unidade da PCDF\/DGPC\/ESPC\/GAB. Como o processo possui acesso restrito, n\u00e3o \u00e9 poss\u00edvel saber quais tr\u00e2mites est\u00e3o sendo realizados em cada setor. Vale [&hellip;]","og_url":"https:\/\/www.estrategiaconcursos.com.br\/blog\/processo-para-concurso-pcdf-volta-a-tramitar\/","og_site_name":"Estrat\u00e9gia Concursos","article_published_time":"2019-05-14T11:45:23+00:00","article_modified_time":"2019-05-14T11:49:24+00:00","og_image":[{"url":"https:\/\/trello-attachments.s3.amazonaws.com\/5b58e1496cd37eb9a1dc29a2\/5cdaa54f1a19a582d2ae72a5\/09ded3926bf241081667c581803d9078\/image.png","type":"","width":"","height":""}],"author":"Paulo Bilynskyj","twitter_card":"summary_large_image","twitter_creator":"@EstratConcursos","twitter_site":"@EstratConcursos","twitter_misc":{"Escrito por":"Paulo Bilynskyj","Est. tempo de leitura":"1 minuto"},"schema":{"@context":"https:\/\/schema.org","@graph":[{"@type":"NewsArticle","@id":"https:\/\/www.estrategiaconcursos.com.br\/blog\/processo-para-concurso-pcdf-volta-a-tramitar\/#article","isPartOf":{"@id":"https:\/\/www.estrategiaconcursos.com.br\/blog\/processo-para-concurso-pcdf-volta-a-tramitar\/"},"author":{"name":"Paulo Bilynskyj","@id":"https:\/\/www.estrategiaconcursos.com.br\/blog\/#\/schema\/person\/a630b15e36f45b4c21fed01219843cb5"},"headline":"Processo administrativo para o pr\u00f3ximo Concurso PCDF volta a tramitar","datePublished":"2019-05-14T11:45:23+00:00","dateModified":"2019-05-14T11:49:24+00:00","mainEntityOfPage":{"@id":"https:\/\/www.estrategiaconcursos.com.br\/blog\/processo-para-concurso-pcdf-volta-a-tramitar\/"},"wordCount":241,"commentCount":0,"publisher":{"@id":"https:\/\/www.estrategiaconcursos.com.br\/blog\/#organization"},"image":{"@id":"https:\/\/www.estrategiaconcursos.com.br\/blog\/processo-para-concurso-pcdf-volta-a-tramitar\/#primaryimage"},"thumbnailUrl":"https:\/\/trello-attachments.s3.amazonaws.com\/5b58e1496cd37eb9a1dc29a2\/5cdaa54f1a19a582d2ae72a5\/09ded3926bf241081667c581803d9078\/image.png","articleSection":["Concursos P\u00fablicos"],"inLanguage":"pt-BR","potentialAction":[{"@type":"CommentAction","name":"Comment","target":["https:\/\/www.estrategiaconcursos.com.br\/blog\/processo-para-concurso-pcdf-volta-a-tramitar\/#respond"]}],"copyrightYear":"2019","copyrightHolder":{"@id":"https:\/\/www.estrategiaconcursos.com.br\/blog\/#organization"}},{"@type":"WebPage","@id":"https:\/\/www.estrategiaconcursos.com.br\/blog\/processo-para-concurso-pcdf-volta-a-tramitar\/","url":"https:\/\/www.estrategiaconcursos.com.br\/blog\/processo-para-concurso-pcdf-volta-a-tramitar\/","name":"Processo administrativo para o pr\u00f3ximo Concurso PCDF volta a tramitar","isPartOf":{"@id":"https:\/\/www.estrategiaconcursos.com.br\/blog\/#website"},"primaryImageOfPage":{"@id":"https:\/\/www.estrategiaconcursos.com.br\/blog\/processo-para-concurso-pcdf-volta-a-tramitar\/#primaryimage"},"image":{"@id":"https:\/\/www.estrategiaconcursos.com.br\/blog\/processo-para-concurso-pcdf-volta-a-tramitar\/#primaryimage"},"thumbnailUrl":"https:\/\/trello-attachments.s3.amazonaws.com\/5b58e1496cd37eb9a1dc29a2\/5cdaa54f1a19a582d2ae72a5\/09ded3926bf241081667c581803d9078\/image.png","datePublished":"2019-05-14T11:45:23+00:00","dateModified":"2019-05-14T11:49:24+00:00","breadcrumb":{"@id":"https:\/\/www.estrategiaconcursos.com.br\/blog\/processo-para-concurso-pcdf-volta-a-tramitar\/#breadcrumb"},"inLanguage":"pt-BR","potentialAction":[{"@type":"ReadAction","target":["https:\/\/www.estrategiaconcursos.com.br\/blog\/processo-para-concurso-pcdf-volta-a-tramitar\/"]}]},{"@type":"ImageObject","inLanguage":"pt-BR","@id":"https:\/\/www.estrategiaconcursos.com.br\/blog\/processo-para-concurso-pcdf-volta-a-tramitar\/#primaryimage","url":"https:\/\/trello-attachments.s3.amazonaws.com\/5b58e1496cd37eb9a1dc29a2\/5cdaa54f1a19a582d2ae72a5\/09ded3926bf241081667c581803d9078\/image.png","contentUrl":"https:\/\/trello-attachments.s3.amazonaws.com\/5b58e1496cd37eb9a1dc29a2\/5cdaa54f1a19a582d2ae72a5\/09ded3926bf241081667c581803d9078\/image.png"},{"@type":"BreadcrumbList","@id":"https:\/\/www.estrategiaconcursos.com.br\/blog\/processo-para-concurso-pcdf-volta-a-tramitar\/#breadcrumb","itemListElement":[{"@type":"ListItem","position":1,"name":"In\u00edcio","item":"https:\/\/www.estrategiaconcursos.com.br\/blog\/"},{"@type":"ListItem","position":2,"name":"Processo administrativo para o pr\u00f3ximo Concurso PCDF volta a tramitar"}]},{"@type":"WebSite","@id":"https:\/\/www.estrategiaconcursos.com.br\/blog\/#website","url":"https:\/\/www.estrategiaconcursos.com.br\/blog\/","name":"Estrat\u00e9gia Concursos","description":"O blog da Estrat\u00e9gia Concursos traz not\u00edcias sobre concursos e artigos de professores oferecendo cursos para concursos (pdf + videaulas) no site.","publisher":{"@id":"https:\/\/www.estrategiaconcursos.com.br\/blog\/#organization"},"potentialAction":[{"@type":"SearchAction","target":{"@type":"EntryPoint","urlTemplate":"https:\/\/www.estrategiaconcursos.com.br\/blog\/?s={search_term_string}"},"query-input":{"@type":"PropertyValueSpecification","valueRequired":true,"valueName":"search_term_string"}}],"inLanguage":"pt-BR"},{"@type":"Organization","@id":"https:\/\/www.estrategiaconcursos.com.br\/blog\/#organization","name":"Estrat\u00e9gia Concursos","url":"https:\/\/www.estrategiaconcursos.com.br\/blog\/","logo":{"@type":"ImageObject","inLanguage":"pt-BR","@id":"https:\/\/www.estrategiaconcursos.com.br\/blog\/#\/schema\/logo\/image\/","url":"https:\/\/dhg1h5j42swfq.cloudfront.net\/2025\/06\/03203428\/logo_concursos-1.jpg","contentUrl":"https:\/\/dhg1h5j42swfq.cloudfront.net\/2025\/06\/03203428\/logo_concursos-1.jpg","width":230,"height":60,"caption":"Estrat\u00e9gia Concursos"},"image":{"@id":"https:\/\/www.estrategiaconcursos.com.br\/blog\/#\/schema\/logo\/image\/"},"sameAs":["https:\/\/x.com\/EstratConcursos"]},{"@type":"Person","@id":"https:\/\/www.estrategiaconcursos.com.br\/blog\/#\/schema\/person\/a630b15e36f45b4c21fed01219843cb5","name":"Paulo Bilynskyj","image":{"@type":"ImageObject","inLanguage":"pt-BR","@id":"https:\/\/secure.gravatar.com\/avatar\/37e21f70c9042e7456beffdc6d31fe051f3f6dcbf252f69343a791b144852057?s=96&d=mm&r=g","url":"https:\/\/secure.gravatar.com\/avatar\/37e21f70c9042e7456beffdc6d31fe051f3f6dcbf252f69343a791b144852057?s=96&d=mm&r=g","contentUrl":"https:\/\/secure.gravatar.com\/avatar\/37e21f70c9042e7456beffdc6d31fe051f3f6dcbf252f69343a791b144852057?s=96&d=mm&r=g","caption":"Paulo Bilynskyj"},"url":"https:\/\/www.estrategiaconcursos.com.br\/blog\/author\/pbilynskyjgmail-com\/"}]}},"_links":{"self":[{"href":"https:\/\/www.estrategiaconcursos.com.br\/blog\/wp-json\/wp\/v2\/posts\/373949","targetHints":{"allow":["GET"]}}],"collection":[{"href":"https:\/\/www.estrategiaconcursos.com.br\/blog\/wp-json\/wp\/v2\/posts"}],"about":[{"href":"https:\/\/www.estrategiaconcursos.com.br\/blog\/wp-json\/wp\/v2\/types\/post"}],"author":[{"embeddable":true,"href":"https:\/\/www.estrategiaconcursos.com.br\/blog\/wp-json\/wp\/v2\/users\/552"}],"replies":[{"embeddable":true,"href":"https:\/\/www.estrategiaconcursos.com.br\/blog\/wp-json\/wp\/v2\/comments?post=373949"}],"version-history":[{"count":5,"href":"https:\/\/www.estrategiaconcursos.com.br\/blog\/wp-json\/wp\/v2\/posts\/373949\/revisions"}],"predecessor-version":[{"id":373973,"href":"https:\/\/www.estrategiaconcursos.com.br\/blog\/wp-json\/wp\/v2\/posts\/373949\/revisions\/373973"}],"wp:attachment":[{"href":"https:\/\/www.estrategiaconcursos.com.br\/blog\/wp-json\/wp\/v2\/media?parent=373949"}],"wp:term":[{"taxonomy":"category","embeddable":true,"href":"https:\/\/www.estrategiaconcursos.com.br\/blog\/wp-json\/wp\/v2\/categories?post=373949"},{"taxonomy":"post_tag","embeddable":true,"href":"https:\/\/www.estrategiaconcursos.com.br\/blog\/wp-json\/wp\/v2\/tags?post=373949"},{"taxonomy":"tax_estado","embeddable":true,"href":"https:\/\/www.estrategiaconcursos.com.br\/blog\/wp-json\/wp\/v2\/tax_estado?post=373949"}],"curies":[{"name":"wp","href":"https:\/\/api.w.org\/{rel}","templated":true}]}}