{"id":373636,"date":"2019-05-12T13:28:28","date_gmt":"2019-05-12T16:28:28","guid":{"rendered":"https:\/\/www.estrategiaconcursos.com.br\/blog\/?p=373636"},"modified":"2019-05-13T21:43:49","modified_gmt":"2019-05-14T00:43:49","slug":"diploma-importa-para-concurso-publico","status":"publish","type":"post","link":"https:\/\/www.estrategiaconcursos.com.br\/blog\/diploma-importa-para-concurso-publico\/","title":{"rendered":"Diploma importa para concurso p\u00fablico?"},"content":{"rendered":"\n<p>Lembro-me com extrema clareza de uma situa\u00e7\u00e3o que ocorreu ap\u00f3s a minha formatura no curso superior (de curta dura\u00e7\u00e3o) de Tecnologia em Telecomunica\u00e7\u00f5es: uma colega da \u00e9poca do Col\u00e9gio, embrigada, aproximou-se de mim e disse que meu diploma n\u00e3o valia nada (na verdade, utilizando-se de palavras que n\u00e3o posso citar aqui). Aquelas palavras me machucaram e mexeram muito com minha autoestima.<\/p>\n\n\n\n<p>Bom, vitimismo e ressentimentos \u00e0 parte (rs!), o fato \u00e9 que todo conte\u00fado que vi no meu curso tecnol\u00f3gico ajudou-me, e muito, na parte espec\u00edfica do concurso para o cargo de T\u00e9cnico em Regula\u00e7\u00e3o da Ag\u00eancia Nacional de Telecomunica\u00e7\u00f5es (Anatel). Como j\u00e1 tinha visto o conte\u00fado espec\u00edfico na Faculdade, foquei apenas nas mat\u00e9rias que nunca tinha estudado: foi um sufoco ler a Constitui\u00e7\u00e3o para quem s\u00f3 viu n\u00fameros durante a gradua\u00e7\u00e3o. Fui aprovado (em 13\u00ba lugar), nomeado e convocado para posse, n\u00e3o restando d\u00favidas de que meu diploma na \u00e1rea foi fundamental para esse concurso.<\/p>\n\n\n\n<p>Contudo, ap\u00f3s tomar posse na Anatel em janeiro\/2007, eu ainda n\u00e3o sabia o que queria da vida: se fazia outra gradua\u00e7\u00e3o; se me capacitava para o mercado de trabalho; ou se estudava para outro concurso. Estava inquieto, pois a \u00fanica certeza que eu tinha \u00e9 que eu n\u00e3o deveria me acomodar. Comecei um curso de Engenharia El\u00e9trica, mas desisti ap\u00f3s um m\u00eas (odiei); fiz vestibular para o curso de Direito, mas n\u00e3o passei onde queria (desisti);  e, por fim, no in\u00edcio de 2008, decidi ir na onda de uma galera da Anatel que estava estudando para o concurso da Receita Federal.<\/p>\n\n\n\n<p>Resumindo: ap\u00f3s dois anos de intensos estudos, passei nos concursos de Analista-Tribut\u00e1rio da Receita Federal (ATRFB) e de Analista do Banco Central do Brasil (BCB, \u00c1rea 6), sendo que esse \u00faltimo nem estava nos meus planos. Nesses dois concursos, toda amplitude de mat\u00e9rias que estudei n\u00e3o tinha nada a ver com o que eu vi na Faculdade de Tecnologia em Telecomunica\u00e7\u00f5es, ou seja, tive que estudar tudo do zero. No entanto, se eu n\u00e3o tivesse feito um curso tecnol\u00f3gico de curta dura\u00e7\u00e3o, eu n\u00e3o teria tido tempo h\u00e1bil para estudar, e, talvez, nem diploma de n\u00edvel superior para tomar posse nos referidos cargos.<strong> E detalhe: quase totalidade dos meus colegas engenheiros, contadores e advogados que prestaram esses mesmos concursos nem sequer atingiram a pontua\u00e7\u00e3o m\u00ednima exigida nos certames.<\/strong><\/p>\n\n\n\n<p>Hoje, ao encontrar ex-colegas na Receita Federal, Banco Central ou em outros \u00f3rg\u00e3os e entidades, vejo como o diploma n\u00e3o importou: quem fez cursos convencionais de longa dura\u00e7\u00e3o tem o mesmo patamar de renda que eu. E s\u00f3 de curiosidade, hoje estou num patamar melhor do que a colega que citei no in\u00edcio deste artigo. Por isso, seja humilde, nunca menospreze ningu\u00e9m.<\/p>\n\n\n\n<p>Mas, n\u00e3o quero finalizar este artigo com um beijo no ombro para as inimigas. O que eu quero mesmo \u00e9 que voc\u00ea perceba que, se de fato quer prestar concursos p\u00fablicos e seguir uma carreira p\u00fablica, <strong>o diploma n\u00e3o importa<\/strong>, a n\u00e3o ser que voc\u00ea queira seguir uma carreira muito espec\u00edfica e com reserva de mercado (v,g., magistratura, procuradoria, promotoria, especialista em telecomunica\u00e7\u00f5es, carreiras na \u00e1rea da sa\u00fade etc).<strong> Os cursos superiores tecnol\u00f3gicos de curta dura\u00e7\u00e3o, assim como os bacharelados e licenciaturas, s\u00e3o cursos em n\u00edvel de gradua\u00e7\u00e3o e, consequentemente, aceitos para posse em todos os cargos p\u00fablicos que n\u00e3o tenham reserva de mercado estabelecida em lei.<\/strong><\/p>\n\n\n\n<p>E s\u00f3 para terminar o conto: hoje, mais estabelecido e mais maduro (h\u00e1 controv\u00e9rsias), fiz o curso de Direito que queria fazer l\u00e1 atr\u00e1s. Que a hist\u00f3ria de voc\u00eas tenha um final feliz assim tamb\u00e9m, ou, melhor, mais feliz ainda! :)<\/p>\n\n\n\n<p>Siga o instagram: <a href=\"https:\/\/www.instagram.com\/profmorishigue\">@profmorishigue<\/a><\/p>\n\n\n\n<p><\/p>\n","protected":false},"excerpt":{"rendered":"<p>Lembro-me com extrema clareza de uma situa\u00e7\u00e3o que ocorreu ap\u00f3s a minha formatura no curso superior (de curta dura\u00e7\u00e3o) de Tecnologia em Telecomunica\u00e7\u00f5es: uma colega da \u00e9poca do Col\u00e9gio, embrigada, aproximou-se de mim e disse que meu diploma n\u00e3o valia nada (na verdade, utilizando-se de palavras que n\u00e3o posso citar aqui). Aquelas palavras me machucaram [&hellip;]<\/p>\n","protected":false},"author":1178,"featured_media":0,"comment_status":"open","ping_status":"closed","sticky":false,"template":"","format":"standard","meta":{"post_tipo":"article","footnotes":""},"categories":[1],"tags":[563,3,274,24,1445,484,341,74625],"tax_estado":[],"class_list":["post-373636","post","type-post","status-publish","format-standard","hentry","category-cursos-e-concursos","tag-anatel","tag-bacen","tag-banco-central","tag-bcb","tag-diploma","tag-receita-federal","tag-rfb","tag-tecnologia"],"acf":[],"yoast_head":"<!-- This site is optimized with the Yoast SEO Premium plugin v27.2 (Yoast SEO v27.2) - https:\/\/yoast.com\/product\/yoast-seo-premium-wordpress\/ -->\n<title>Diploma importa para concurso p\u00fablico?<\/title>\n<meta name=\"robots\" content=\"index, follow, max-snippet:-1, max-image-preview:large, max-video-preview:-1\" \/>\n<link rel=\"canonical\" href=\"https:\/\/www.estrategiaconcursos.com.br\/blog\/diploma-importa-para-concurso-publico\/\" \/>\n<meta property=\"og:locale\" content=\"pt_BR\" \/>\n<meta property=\"og:type\" content=\"article\" \/>\n<meta property=\"og:title\" content=\"Diploma importa para concurso p\u00fablico?\" \/>\n<meta property=\"og:description\" content=\"Lembro-me com extrema clareza de uma situa\u00e7\u00e3o que ocorreu ap\u00f3s a minha formatura no curso superior (de curta dura\u00e7\u00e3o) de Tecnologia em Telecomunica\u00e7\u00f5es: uma colega da \u00e9poca do Col\u00e9gio, embrigada, aproximou-se de mim e disse que meu diploma n\u00e3o valia nada (na verdade, utilizando-se de palavras que n\u00e3o posso citar aqui). Aquelas palavras me machucaram [&hellip;]\" \/>\n<meta property=\"og:url\" content=\"https:\/\/www.estrategiaconcursos.com.br\/blog\/diploma-importa-para-concurso-publico\/\" \/>\n<meta property=\"og:site_name\" content=\"Estrat\u00e9gia Concursos\" \/>\n<meta property=\"article:published_time\" content=\"2019-05-12T16:28:28+00:00\" \/>\n<meta property=\"article:modified_time\" content=\"2019-05-14T00:43:49+00:00\" \/>\n<meta name=\"author\" content=\"Paulo Morishigue\" \/>\n<meta name=\"twitter:card\" content=\"summary_large_image\" \/>\n<meta name=\"twitter:creator\" content=\"@EstratConcursos\" \/>\n<meta name=\"twitter:site\" content=\"@EstratConcursos\" \/>\n<meta name=\"twitter:label1\" content=\"Escrito por\" \/>\n\t<meta name=\"twitter:data1\" content=\"Paulo Morishigue\" \/>\n\t<meta name=\"twitter:label2\" content=\"Est. tempo de leitura\" \/>\n\t<meta name=\"twitter:data2\" content=\"3 minutos\" \/>\n<script type=\"application\/ld+json\" class=\"yoast-schema-graph\">{\"@context\":\"https:\/\/schema.org\",\"@graph\":[{\"@type\":\"NewsArticle\",\"@id\":\"https:\/\/www.estrategiaconcursos.com.br\/blog\/diploma-importa-para-concurso-publico\/#article\",\"isPartOf\":{\"@id\":\"https:\/\/www.estrategiaconcursos.com.br\/blog\/diploma-importa-para-concurso-publico\/\"},\"author\":{\"name\":\"Paulo Morishigue\",\"@id\":\"https:\/\/www.estrategiaconcursos.com.br\/blog\/#\/schema\/person\/00aa0a7ba28ff4c47421ea7f97adf743\"},\"headline\":\"Diploma importa para concurso p\u00fablico?\",\"datePublished\":\"2019-05-12T16:28:28+00:00\",\"dateModified\":\"2019-05-14T00:43:49+00:00\",\"mainEntityOfPage\":{\"@id\":\"https:\/\/www.estrategiaconcursos.com.br\/blog\/diploma-importa-para-concurso-publico\/\"},\"wordCount\":667,\"commentCount\":0,\"publisher\":{\"@id\":\"https:\/\/www.estrategiaconcursos.com.br\/blog\/#organization\"},\"keywords\":[\"Anatel\",\"Bacen\",\"banco central\",\"BCB\",\"diploma\",\"Receita Federal\",\"RFB\",\"Tecnologia\"],\"articleSection\":[\"Concursos P\u00fablicos\"],\"inLanguage\":\"pt-BR\",\"potentialAction\":[{\"@type\":\"CommentAction\",\"name\":\"Comment\",\"target\":[\"https:\/\/www.estrategiaconcursos.com.br\/blog\/diploma-importa-para-concurso-publico\/#respond\"]}],\"copyrightYear\":\"2019\",\"copyrightHolder\":{\"@id\":\"https:\/\/www.estrategiaconcursos.com.br\/blog\/#organization\"}},{\"@type\":\"WebPage\",\"@id\":\"https:\/\/www.estrategiaconcursos.com.br\/blog\/diploma-importa-para-concurso-publico\/\",\"url\":\"https:\/\/www.estrategiaconcursos.com.br\/blog\/diploma-importa-para-concurso-publico\/\",\"name\":\"Diploma importa para concurso p\u00fablico?\",\"isPartOf\":{\"@id\":\"https:\/\/www.estrategiaconcursos.com.br\/blog\/#website\"},\"datePublished\":\"2019-05-12T16:28:28+00:00\",\"dateModified\":\"2019-05-14T00:43:49+00:00\",\"breadcrumb\":{\"@id\":\"https:\/\/www.estrategiaconcursos.com.br\/blog\/diploma-importa-para-concurso-publico\/#breadcrumb\"},\"inLanguage\":\"pt-BR\",\"potentialAction\":[{\"@type\":\"ReadAction\",\"target\":[\"https:\/\/www.estrategiaconcursos.com.br\/blog\/diploma-importa-para-concurso-publico\/\"]}]},{\"@type\":\"BreadcrumbList\",\"@id\":\"https:\/\/www.estrategiaconcursos.com.br\/blog\/diploma-importa-para-concurso-publico\/#breadcrumb\",\"itemListElement\":[{\"@type\":\"ListItem\",\"position\":1,\"name\":\"In\u00edcio\",\"item\":\"https:\/\/www.estrategiaconcursos.com.br\/blog\/\"},{\"@type\":\"ListItem\",\"position\":2,\"name\":\"Diploma importa para concurso p\u00fablico?\"}]},{\"@type\":\"WebSite\",\"@id\":\"https:\/\/www.estrategiaconcursos.com.br\/blog\/#website\",\"url\":\"https:\/\/www.estrategiaconcursos.com.br\/blog\/\",\"name\":\"Estrat\u00e9gia Concursos\",\"description\":\"O blog da Estrat\u00e9gia Concursos traz not\u00edcias sobre concursos e artigos de professores oferecendo cursos para concursos (pdf + videaulas) no site.\",\"publisher\":{\"@id\":\"https:\/\/www.estrategiaconcursos.com.br\/blog\/#organization\"},\"potentialAction\":[{\"@type\":\"SearchAction\",\"target\":{\"@type\":\"EntryPoint\",\"urlTemplate\":\"https:\/\/www.estrategiaconcursos.com.br\/blog\/?s={search_term_string}\"},\"query-input\":{\"@type\":\"PropertyValueSpecification\",\"valueRequired\":true,\"valueName\":\"search_term_string\"}}],\"inLanguage\":\"pt-BR\"},{\"@type\":\"Organization\",\"@id\":\"https:\/\/www.estrategiaconcursos.com.br\/blog\/#organization\",\"name\":\"Estrat\u00e9gia Concursos\",\"url\":\"https:\/\/www.estrategiaconcursos.com.br\/blog\/\",\"logo\":{\"@type\":\"ImageObject\",\"inLanguage\":\"pt-BR\",\"@id\":\"https:\/\/www.estrategiaconcursos.com.br\/blog\/#\/schema\/logo\/image\/\",\"url\":\"https:\/\/dhg1h5j42swfq.cloudfront.net\/2025\/06\/03203428\/logo_concursos-1.jpg\",\"contentUrl\":\"https:\/\/dhg1h5j42swfq.cloudfront.net\/2025\/06\/03203428\/logo_concursos-1.jpg\",\"width\":230,\"height\":60,\"caption\":\"Estrat\u00e9gia Concursos\"},\"image\":{\"@id\":\"https:\/\/www.estrategiaconcursos.com.br\/blog\/#\/schema\/logo\/image\/\"},\"sameAs\":[\"https:\/\/x.com\/EstratConcursos\"]},{\"@type\":\"Person\",\"@id\":\"https:\/\/www.estrategiaconcursos.com.br\/blog\/#\/schema\/person\/00aa0a7ba28ff4c47421ea7f97adf743\",\"name\":\"Paulo Morishigue\",\"image\":{\"@type\":\"ImageObject\",\"inLanguage\":\"pt-BR\",\"@id\":\"https:\/\/secure.gravatar.com\/avatar\/09ccfe9bcad72f973381f2030f28bbb5d5e4a9b5a399c8744e6a75a047828c91?s=96&d=mm&r=g\",\"url\":\"https:\/\/secure.gravatar.com\/avatar\/09ccfe9bcad72f973381f2030f28bbb5d5e4a9b5a399c8744e6a75a047828c91?s=96&d=mm&r=g\",\"contentUrl\":\"https:\/\/secure.gravatar.com\/avatar\/09ccfe9bcad72f973381f2030f28bbb5d5e4a9b5a399c8744e6a75a047828c91?s=96&d=mm&r=g\",\"caption\":\"Paulo Morishigue\"},\"url\":\"https:\/\/www.estrategiaconcursos.com.br\/blog\/author\/paulo-morishigueoutlook-com\/\"}]}<\/script>\n<!-- \/ Yoast SEO Premium plugin. -->","yoast_head_json":{"title":"Diploma importa para concurso p\u00fablico?","robots":{"index":"index","follow":"follow","max-snippet":"max-snippet:-1","max-image-preview":"max-image-preview:large","max-video-preview":"max-video-preview:-1"},"canonical":"https:\/\/www.estrategiaconcursos.com.br\/blog\/diploma-importa-para-concurso-publico\/","og_locale":"pt_BR","og_type":"article","og_title":"Diploma importa para concurso p\u00fablico?","og_description":"Lembro-me com extrema clareza de uma situa\u00e7\u00e3o que ocorreu ap\u00f3s a minha formatura no curso superior (de curta dura\u00e7\u00e3o) de Tecnologia em Telecomunica\u00e7\u00f5es: uma colega da \u00e9poca do Col\u00e9gio, embrigada, aproximou-se de mim e disse que meu diploma n\u00e3o valia nada (na verdade, utilizando-se de palavras que n\u00e3o posso citar aqui). Aquelas palavras me machucaram [&hellip;]","og_url":"https:\/\/www.estrategiaconcursos.com.br\/blog\/diploma-importa-para-concurso-publico\/","og_site_name":"Estrat\u00e9gia Concursos","article_published_time":"2019-05-12T16:28:28+00:00","article_modified_time":"2019-05-14T00:43:49+00:00","author":"Paulo Morishigue","twitter_card":"summary_large_image","twitter_creator":"@EstratConcursos","twitter_site":"@EstratConcursos","twitter_misc":{"Escrito por":"Paulo Morishigue","Est. tempo de leitura":"3 minutos"},"schema":{"@context":"https:\/\/schema.org","@graph":[{"@type":"NewsArticle","@id":"https:\/\/www.estrategiaconcursos.com.br\/blog\/diploma-importa-para-concurso-publico\/#article","isPartOf":{"@id":"https:\/\/www.estrategiaconcursos.com.br\/blog\/diploma-importa-para-concurso-publico\/"},"author":{"name":"Paulo Morishigue","@id":"https:\/\/www.estrategiaconcursos.com.br\/blog\/#\/schema\/person\/00aa0a7ba28ff4c47421ea7f97adf743"},"headline":"Diploma importa para concurso p\u00fablico?","datePublished":"2019-05-12T16:28:28+00:00","dateModified":"2019-05-14T00:43:49+00:00","mainEntityOfPage":{"@id":"https:\/\/www.estrategiaconcursos.com.br\/blog\/diploma-importa-para-concurso-publico\/"},"wordCount":667,"commentCount":0,"publisher":{"@id":"https:\/\/www.estrategiaconcursos.com.br\/blog\/#organization"},"keywords":["Anatel","Bacen","banco central","BCB","diploma","Receita Federal","RFB","Tecnologia"],"articleSection":["Concursos P\u00fablicos"],"inLanguage":"pt-BR","potentialAction":[{"@type":"CommentAction","name":"Comment","target":["https:\/\/www.estrategiaconcursos.com.br\/blog\/diploma-importa-para-concurso-publico\/#respond"]}],"copyrightYear":"2019","copyrightHolder":{"@id":"https:\/\/www.estrategiaconcursos.com.br\/blog\/#organization"}},{"@type":"WebPage","@id":"https:\/\/www.estrategiaconcursos.com.br\/blog\/diploma-importa-para-concurso-publico\/","url":"https:\/\/www.estrategiaconcursos.com.br\/blog\/diploma-importa-para-concurso-publico\/","name":"Diploma importa para concurso p\u00fablico?","isPartOf":{"@id":"https:\/\/www.estrategiaconcursos.com.br\/blog\/#website"},"datePublished":"2019-05-12T16:28:28+00:00","dateModified":"2019-05-14T00:43:49+00:00","breadcrumb":{"@id":"https:\/\/www.estrategiaconcursos.com.br\/blog\/diploma-importa-para-concurso-publico\/#breadcrumb"},"inLanguage":"pt-BR","potentialAction":[{"@type":"ReadAction","target":["https:\/\/www.estrategiaconcursos.com.br\/blog\/diploma-importa-para-concurso-publico\/"]}]},{"@type":"BreadcrumbList","@id":"https:\/\/www.estrategiaconcursos.com.br\/blog\/diploma-importa-para-concurso-publico\/#breadcrumb","itemListElement":[{"@type":"ListItem","position":1,"name":"In\u00edcio","item":"https:\/\/www.estrategiaconcursos.com.br\/blog\/"},{"@type":"ListItem","position":2,"name":"Diploma importa para concurso p\u00fablico?"}]},{"@type":"WebSite","@id":"https:\/\/www.estrategiaconcursos.com.br\/blog\/#website","url":"https:\/\/www.estrategiaconcursos.com.br\/blog\/","name":"Estrat\u00e9gia Concursos","description":"O blog da Estrat\u00e9gia Concursos traz not\u00edcias sobre concursos e artigos de professores oferecendo cursos para concursos (pdf + videaulas) no site.","publisher":{"@id":"https:\/\/www.estrategiaconcursos.com.br\/blog\/#organization"},"potentialAction":[{"@type":"SearchAction","target":{"@type":"EntryPoint","urlTemplate":"https:\/\/www.estrategiaconcursos.com.br\/blog\/?s={search_term_string}"},"query-input":{"@type":"PropertyValueSpecification","valueRequired":true,"valueName":"search_term_string"}}],"inLanguage":"pt-BR"},{"@type":"Organization","@id":"https:\/\/www.estrategiaconcursos.com.br\/blog\/#organization","name":"Estrat\u00e9gia Concursos","url":"https:\/\/www.estrategiaconcursos.com.br\/blog\/","logo":{"@type":"ImageObject","inLanguage":"pt-BR","@id":"https:\/\/www.estrategiaconcursos.com.br\/blog\/#\/schema\/logo\/image\/","url":"https:\/\/dhg1h5j42swfq.cloudfront.net\/2025\/06\/03203428\/logo_concursos-1.jpg","contentUrl":"https:\/\/dhg1h5j42swfq.cloudfront.net\/2025\/06\/03203428\/logo_concursos-1.jpg","width":230,"height":60,"caption":"Estrat\u00e9gia Concursos"},"image":{"@id":"https:\/\/www.estrategiaconcursos.com.br\/blog\/#\/schema\/logo\/image\/"},"sameAs":["https:\/\/x.com\/EstratConcursos"]},{"@type":"Person","@id":"https:\/\/www.estrategiaconcursos.com.br\/blog\/#\/schema\/person\/00aa0a7ba28ff4c47421ea7f97adf743","name":"Paulo Morishigue","image":{"@type":"ImageObject","inLanguage":"pt-BR","@id":"https:\/\/secure.gravatar.com\/avatar\/09ccfe9bcad72f973381f2030f28bbb5d5e4a9b5a399c8744e6a75a047828c91?s=96&d=mm&r=g","url":"https:\/\/secure.gravatar.com\/avatar\/09ccfe9bcad72f973381f2030f28bbb5d5e4a9b5a399c8744e6a75a047828c91?s=96&d=mm&r=g","contentUrl":"https:\/\/secure.gravatar.com\/avatar\/09ccfe9bcad72f973381f2030f28bbb5d5e4a9b5a399c8744e6a75a047828c91?s=96&d=mm&r=g","caption":"Paulo Morishigue"},"url":"https:\/\/www.estrategiaconcursos.com.br\/blog\/author\/paulo-morishigueoutlook-com\/"}]}},"_links":{"self":[{"href":"https:\/\/www.estrategiaconcursos.com.br\/blog\/wp-json\/wp\/v2\/posts\/373636","targetHints":{"allow":["GET"]}}],"collection":[{"href":"https:\/\/www.estrategiaconcursos.com.br\/blog\/wp-json\/wp\/v2\/posts"}],"about":[{"href":"https:\/\/www.estrategiaconcursos.com.br\/blog\/wp-json\/wp\/v2\/types\/post"}],"author":[{"embeddable":true,"href":"https:\/\/www.estrategiaconcursos.com.br\/blog\/wp-json\/wp\/v2\/users\/1178"}],"replies":[{"embeddable":true,"href":"https:\/\/www.estrategiaconcursos.com.br\/blog\/wp-json\/wp\/v2\/comments?post=373636"}],"version-history":[{"count":25,"href":"https:\/\/www.estrategiaconcursos.com.br\/blog\/wp-json\/wp\/v2\/posts\/373636\/revisions"}],"predecessor-version":[{"id":373907,"href":"https:\/\/www.estrategiaconcursos.com.br\/blog\/wp-json\/wp\/v2\/posts\/373636\/revisions\/373907"}],"wp:attachment":[{"href":"https:\/\/www.estrategiaconcursos.com.br\/blog\/wp-json\/wp\/v2\/media?parent=373636"}],"wp:term":[{"taxonomy":"category","embeddable":true,"href":"https:\/\/www.estrategiaconcursos.com.br\/blog\/wp-json\/wp\/v2\/categories?post=373636"},{"taxonomy":"post_tag","embeddable":true,"href":"https:\/\/www.estrategiaconcursos.com.br\/blog\/wp-json\/wp\/v2\/tags?post=373636"},{"taxonomy":"tax_estado","embeddable":true,"href":"https:\/\/www.estrategiaconcursos.com.br\/blog\/wp-json\/wp\/v2\/tax_estado?post=373636"}],"curies":[{"name":"wp","href":"https:\/\/api.w.org\/{rel}","templated":true}]}}